

{"id":9910,"date":"2023-08-23T10:12:54","date_gmt":"2023-08-23T08:12:54","guid":{"rendered":"https:\/\/starke-meinungen.de\/blog\/?p=9910"},"modified":"2023-09-19T22:22:59","modified_gmt":"2023-09-19T20:22:59","slug":"rainer-eckerts-umkaempfte-vergangenheit-viele-blinde-flecken-teil-2","status":"publish","type":"post","link":"https:\/\/starke-meinungen.de\/blog\/2023\/08\/23\/rainer-eckerts-umkaempfte-vergangenheit-viele-blinde-flecken-teil-2\/","title":{"rendered":"Rainer Eckerts \u201eUmk\u00e4mpfte Vergangenheit\u201c \u2013 viele blinde Flecken -Teil 2"},"content":{"rendered":"<p>Th\u00e4lmann Denkmal (Th\u00e4lmannpark Berlin).<\/p>\n<p><em>Rainer Eckert, lange Jahre Direktor des Zeitgeschichtlichen Forums Leipzig, hat eine Publikation verfasst (\u201eUmk\u00e4mpfte Vergangenheit\u201c), die sich als Analyse und umfassender \u00dcberblick zu geschichtspolitischen Kontroversen der Bundesrepublik in den letzten 30 Jahren versteht. Das Buch gibt einen interessanten Einblick in die DDR-Aufarbeitungsszene, einen guten \u00dcberblick zu Geschichtspolitiken in der Bundesrepublik seit 1989\/90 bietet es nicht. Eckert betreibt mit seinem Buch politisch motivierte Geschichtsdeutung. Bis man ihr bei der Lekt\u00fcre des 296 Druckseiten starken W\u00e4lzers auf die Spur kommt, dauert es. Deswegen ist Martin Janders Rezension auch etwas l\u00e4nger geraten und wird in drei Teilen pr\u00e4sentiert. <\/em><!--more--><\/p>\n<p><em>Die These des Rezensenten soll dennoch schon zu Beginn verraten werden: Rainer Eckert betreibt eine (ost-)deutsch-deutsche Identit\u00e4tspolitik, die gegen\u00fcber sich christlich gebenden rechten Politikern und<\/em> <em>neu-rechten Demokratiegegnern hilflos agiert. Einige der ostdeutschen j\u00fcdischen und christlichen Revolution\u00e4re von 1989\/90 wussten es da schon besser. Ohne die in der DDR nicht bearbeiteten deutschen Verbrechen von 1933 \u2013 45 ist eine Aufarbeitung der DDR-Geschichte nicht m\u00f6glich. Hier folgt der 2. Teil der Rezension. <\/em><\/p>\n<p><strong>Desiderat 2: Die realsozialistische Nachfolgegesellschaft des Nationalsozialismus <\/strong><\/p>\n<p>Eckerts vom Totalitarismus-Paradigma geleitete Deutung der Geschichte der DDR ignoriert, was die Aufarbeitung dieser Geschichte schrittweise zu Tage bringt. Die DDR war keineswegs eine mit dem Nationalsozialismus vergleichbare Diktatur, in der ein repressives Regime eine Demokratie und nationale Einheit anstrebende Gesellschaft niederhielt. Sie war eine diktatorische Nachfolgegesellschaft des Nationalsozialismus, die ganz anders als die alte Bundesrepublik Deutschland und \u00d6sterreich mit dem Nationalsozialismus umging, denn sie definierte die deutschen Verbrechen aus der Verantwortung und Haftung der DDR hinaus.<a href=\"#_ftn1\" name=\"_ftnref1\"><sup>[1]<\/sup><\/a><\/p>\n<p>Gro\u00dfe Teile der Bev\u00f6lkerung stimmten mit dieser Haltung des Regimes \u00fcberein. Proteste dagegen gab es nur von einer sehr kleinen Minderheit linker, christlicher und j\u00fcdischer DDR-Dissidenten.<\/p>\n<p>W\u00e4hrend die Bundesrepublik den Nationalsozialismus und seine Verbrechen langsam internalisierte, \u00d6sterreich sich lange Zeit als erstes Opfer des Nationalsozialismus phantasierte, erkl\u00e4rte die DDR den Nationalsozialismus als Ph\u00e4nomen, das der kapitalistischen Welt zuzurechnen sei, die in der DDR nach dem Gesellschaftsumbau der sp\u00e4ten 40er Jahre aufgeh\u00f6rt habe zu existieren. Nicht wenige linke DDR-Dissidenten stimmten dem zu.<\/p>\n<p>Wesentliche, von Eckert und seinen Mitstreitern nicht ber\u00fccksichtigte DDR-Geschichten sind: die gesellschaftliche Integration vieler \u00fcberlebender Nazit\u00e4ter<a href=\"#_ftn2\" name=\"_ftnref2\"><sup>[2]<\/sup><\/a>, die ausgebliebene Entsch\u00e4digung vieler Opfer des Nationalsozialismus<a href=\"#_ftn3\" name=\"_ftnref3\"><sup>[3]<\/sup><\/a>, die Vertreibung einer gro\u00dfen Zahl der in der DDR lebenden Juden als Staatsfeinde im Winter 1952\/53<a href=\"#_ftn4\" name=\"_ftnref4\"><sup>[4]<\/sup><\/a>, die nie erfolgte diplomatische Anerkennung Israels und die Unterst\u00fctzung von Organisationen und Staaten, die Israel vernichten wollten.<a href=\"#_ftn5\" name=\"_ftnref5\"><sup>[5]<\/sup><\/a> Auch dass sich in der DDR der 70er und 80er Jahre eine neonationalsozialistische Szene entwickelte, taucht bei Eckert nicht auf.<a href=\"#_ftn6\" name=\"_ftnref6\"><sup>[6]<\/sup><\/a> Dass in der DDR auch Nicht-Deutsche lebten, findet sich bei Eckert nicht. Wie all diese DDR-Erfahrungen, in Museen, Geschichtsprojekten u. a. sichtbar gemacht werden k\u00f6nnten, ist noch nicht einmal eine Frage Eckerts; in seiner Darstellung ist \u00fcber diese Themen nichts zu finden.<\/p>\n<p><strong>Eckerts (und Kowalczuks) deutsche Geschichtsteleologie <\/strong><\/p>\n<p>Bereits als der von Eckert in seiner Darstellung vorgestellte \u201eTraditionsbogen\u201c 2004 zum ersten Mal von Ilko-Sascha Kowalczuk, Bernd Eisenfeld und Ehrhart Neubert der \u00d6ffentlichkeit vorgestellt wurde<a href=\"#_ftn7\" name=\"_ftnref7\">[7]<\/a>, war er heftiger Kritik ausgesetzt. So zum Beispiel schrieb Franziska Augstein in der S\u00fcddeutschen Zeitung vom 17. Juni 2004, es handele sich hierbei weniger um Geschichtsdeutung, als vielmehr um eine \u201eErfindung von Geschichte\u201c.<a href=\"#_ftn8\" name=\"_ftnref8\">[8]<\/a><\/p>\n<p>Die Demokratie der vereinigten Bundesrepublik erscheint in dem \u201eTraditionsbogen\u201c als das Resultat von schon lange in den deutschen Gesellschaftsformationen vorhandenen demokratischen Traditionen, die sich mit der friedlichen Revolution 1989\/90 letztlich durchgesetzt haben. Die Niederringung der imperialen deutschen Macht im 1. Weltkrieg, die milit\u00e4rische Zerschlagung des Nationalsozialismus und die sehr langsame, nur schrittweise Anerkennung der Verantwortung und Haftung der beiden deutschen Nachfolgegesellschaften f\u00fcr ihre Verbrechen, die sehr langsame und unvollst\u00e4ndige Entsch\u00e4digung ihrer Opfer, die nur unzureichende aber dennoch voranschreitende Bestrafung der T\u00e4ter und die nur z\u00f6gerliche Bearbeitung ihrer toxisch-deutschen Traditionen, tauchen in dieser Geschichtsdeutung \u00fcberhaupt nicht auf.<\/p>\n<p>Statt die M\u00fchen der Etablierung einer demokratischen, offenen Gesellschaft in Deutschland nach 1945 hervorzuheben, die zun\u00e4chst nur im Westen beginnen konnte und erst seit 1989 in Ostdeutschland m\u00f6glich wurde, wird ein B\u00fcndel demokratischer Traditionen, in Wahrheit eine deutsche Geschichtsteleologie konstruiert, in der dem Volksaufstand vom 17. Juni und den Massenprotesten 1989\/90 eine Schl\u00fcsselrolle zukommen. Sie werden von Eckert und Kowalczuk als Gr\u00fcndungsmythen der vereinigten Bundesrepublik konstruiert. Geschichtsdeutung fungiert hier als nationale Sinnstiftung.<\/p>\n<p><strong>Geschichtsteleologie und AfD<\/strong><\/p>\n<p>Eckerts und Kowalczuks \u201eTraditionsbogen\u201c<a href=\"#_ftn9\" name=\"_ftnref9\">[9]<\/a> unterscheidet sich deutlich von der Geschichtsdeutung der AfD.<a href=\"#_ftn10\" name=\"_ftnref10\">[10]<\/a> Die AfD sucht eine \u201eDeutsche Leitkultur\u201c zu kreieren, die, so hei\u00dft es in ihrem Programm f\u00fcr die Bundestagswahlen 2021, gepr\u00e4gt ist \u201edurch unsere deutsche Sprache, unsere Werte, unsere Geschichte und unsere Kultur\u201c. Letztere sei \u201eeng verbunden mit dem Christentum, der Aufkl\u00e4rung, unseren k\u00fcnstlerischen und wissenschaftlichen Werken.\u201c Deutsche Identit\u00e4t bestimme, so die AfD weiter, \u201edie grundlegenden Werte, die von Generation zu Generation weitergegeben\u201c w\u00fcrden. Die \u201edeutsche Leitkultur\u201c beschreibe \u201eunseren Wertekonsens, der f\u00fcr unser Volk identit\u00e4tsbildend ist und uns von anderen unterscheidet.\u201c Sie sorge \u201ef\u00fcr den Zusammenhalt der Gesellschaft und\u201c sei \u201eVoraussetzung f\u00fcr das Funktionieren unseres Staates. Die gemeinschaftsstiftende Wirkung der deutschen Kultur\u201c sei \u201eFundament unseres Grundgesetzes und\u201c k\u00f6nne \u201enicht durch einen Verfassungspatriotismus ersetzt werden.\u201c<a href=\"#_ftn11\" name=\"_ftnref11\">[11]<\/a> Aus der Sicht der AfD und vieler ihrer Funktion\u00e4re handelt es sich beim Holocaust angesichts der gro\u00dfartigen Traditionen der \u00fcber 1000j\u00e4hrigen deutschen Geschichte bekanntlich um einen \u201eFliegenschiss\u201c.<a href=\"#_ftn12\" name=\"_ftnref12\">[12]<\/a><\/p>\n<p>So sehr sich Eckerts \u201eTraditionsbogen\u201c von solcher v\u00f6lkisch-nationalen Sinnstiftung unterscheidet, so sehr setzt er sich gleichwohl auch selbst ausdr\u00fccklich f\u00fcr eine nationale Sinnstiftung ein. Demokratien, so hei\u00dft es gleich zu Anfang seines Buches, ben\u00f6tigen \u201estets auch historische Ereignisse und Orte sowie nationale Symbole, auf die sie sich beziehen.\u201c<a href=\"#_ftn13\" name=\"_ftnref13\">[13]<\/a><\/p>\n<p>Eckert beschreibt in seinem Buch, wie erstaunt er war, dass die AfD zumindest propagandistisch auf \u00e4hnliche Traditionen zugreift, wie Eckert selbst. \u201eIn der Programmatik der Partei machte ich\u201c, formuliert er, \u201eeinen massiven Geschichtsbezug auf die Traditionen von 1848\/49 und 1989\/90 aus.\u201c<a href=\"#_ftn14\" name=\"_ftnref14\">[14]<\/a> Er beschreibt auch, wie schwer es ihm und anderen aus seiner Freundesgruppe fiel, die freundschaftlichen Gespr\u00e4che mit dem DDR-B\u00fcrgerrechtler Siegmar Faust nach dessen Bemerkungen insbesondere \u00fcber den rechtsradikalen Politiker Horst Mahler<a href=\"#_ftn15\" name=\"_ftnref15\">[15]<\/a>, abzubrechen.<a href=\"#_ftn16\" name=\"_ftnref16\">[16]<\/a> Erst Wolf Biermann, der mit Siegmar Faust lange bekannt war, \u00fcbernahm den Gespr\u00e4chsabbruch.<\/p>\n<p><strong>Geschichtsteleologie und 9. November <\/strong><\/p>\n<p>Die Geschichtsteleologie der eher links sozialisierten DDR-Dissidenten-Historiker Rainer Eckert, Ilko-Sascha Kowalczuk und einiger anderer ist durchaus zu unterscheiden von den Geschichtsdeutungen des eher konservativen DDR-Dissidenten G\u00fcnter Nooke und der den neuen Rechten zugeneigten DDR-Dissidenten wie zum Beispiel Siegmar Faust. Dennoch zielt ihre Geschichtspolitik in eine zumindest \u00e4hnliche Richtung. Der Holocaust erscheint in allen drei Deutungen als zu vernachl\u00e4ssigende Gr\u00f6\u00dfe.<\/p>\n<p>Es ist aus der Sicht des Rezensenten deshalb kein Wunder, dass Eckert sich in dem neuen Buch f\u00fcr eine Umdeutung des 9. November zu einem deutschen Nationalfeiertag stark macht, in dessen Mittelpunkt nicht die j\u00fcdischen Opfer, sondern die bis auf 1989\/90 gescheiterten deutschen Revolutionen stehen sollen. Diese Orientierung Eckerts wird in seiner Kommentierung der Ergebnisse der noch zu Zeiten Angela Merkels eingerichteten Regierungskommission \u201e30 Jahre Friedliche Revolution und deutsche Einheit\u201c deutlich.<\/p>\n<p>Im Abschlussbericht der Kommission wird behauptet, die Mehrheit der Deutschen assoziiere mit dem 9. November den Fall der Mauer und die deutsche Einheit.<a href=\"#_ftn17\" name=\"_ftnref17\">[17]<\/a> Der Tag solle deshalb in einen neuen nationalen Gedenktag verwandelt werden.<a href=\"#_ftn18\" name=\"_ftnref18\">[18]<\/a> In dessen Mittelpunkt aber sollen nicht die Erinnerung an die Reichspogromnacht 1938 und ihre Opfer stehen, sondern die Erinnerung an die friedliche Revolution 1989\/90, die \u00d6ffnung der Mauer am 9. November 1989 und die Ausrufung der Republik am 9. November 1918.<\/p>\n<p>Eckert stimmt diesen Vorschl\u00e4gen zu, erw\u00e4hnt in seiner Darstellung jedoch, dass der Zentralrat der Juden den 9. November ausschlie\u00dflich f\u00fcr die Erinnerung an die Reichspogromnacht am 9. November 1938 in Anspruch nehmen wolle. Eckert, der \u201edie Auseinandersetzung mit den Verbrechen des Nationalsozialismus\u201c als wesentlich f\u00fcr eine \u201edemokratische Geschichtskultur in Deutschland\u201c<a href=\"#_ftn19\" name=\"_ftnref19\">[19]<\/a> erachtet, h\u00e4lt dies immerhin f\u00fcr \u201ebedenkenswert\u201c.<a href=\"#_ftn20\" name=\"_ftnref20\">[20]<\/a><\/p>\n<p>Er schr\u00e4nkt dies aber sofort mit dem Hinweis darauf ein, dass Bundespr\u00e4sident Steinmeier den Tag als Gedenktag nutzen wolle, um, so interpretiert der Historiker, \u201edie Widerspr\u00fcchlichkeit deutscher Geschichte\u201c<a name=\"_ftnref1\"><\/a><a href=\"#_ftn1\">[21]<\/a> deutlich zu machen.<a name=\"_ftnref2\"><\/a><a href=\"#_ftn2\">[22]<\/a><\/p>\n<p>Teil 1: https:\/\/starke-meinungen.de\/blog\/2023\/08\/20\/rainer-eckerts-umkaempfte-vergangenheit-viele-blinde-flecken\/<\/p>\n<p>Teil 3: https:\/\/starke-meinungen.de\/blog\/2023\/08\/27\/rainer-eckerts-umkaempfte-vergangenheit-viele-blinde-flecken-teil-3\/<\/p>\n<p><a href=\"#_ftnref1\" name=\"_ftn1\">[1]<\/a> Siehe: M. Rainer Lepsius: Das Erbe des Nationalsozialismus und die politische Kultur der Nachfolgestaaten des &#8222;Gro\u00dfdeutschen Reiches&#8220;, in: M. Rainer Lepsius (Hrsg.): Demokratie in Deutschland, G\u00f6ttingen 1993, S. 229 \u2013 248. Siehe auch: Werner Bergmann, Rainer Erb, Albert Lichtblau (Hrsg.): Schwieriges Erbe: Der Umgang mit Nationalsozialismus und Antisemitismus in \u00d6sterreich, der DDR und der Bundesrepublik Deutschland, Frankfurt 1995. Amadeu Antonio Stiftung (Hrsg.): \u201eDas hat`s bei uns nicht gegeben\u201c, Berlin 2010.<\/p>\n<p><a href=\"#_ftnref2\" name=\"_ftn2\">[2]<\/a> Einen Anfang einer Darstellung zu diesem Thema findet man bei: Henry Leide: NS-Verbrecher und Staatssicherheit: die geheime Vergangenheitspolitik der DDR, Vandenhoeck und Ruprecht, G\u00f6ttingen 2005.<\/p>\n<p><a href=\"#_ftnref3\" name=\"_ftn3\">[3]<\/a> Ein Kapitel zu diesem Thema findet sich in: Michael Brenner (Hrsg.): Geschichte der Juden in Deutschland von 1945 bis in die Gegenwart, M\u00fcnchen 2012.<\/p>\n<p><a href=\"#_ftnref4\" name=\"_ftn4\">[4]<\/a> Eine gute Darstellung dazu findet sich bei: Karin Hartewig: Zur\u00fcckgekehrt, K\u00f6ln 2000.<\/p>\n<p><a href=\"#_ftnref5\" name=\"_ftn5\">[5]<\/a> Siehe dazu: Jeffrey Herf: Unerkl\u00e4rte Kriege gegen Israel, G\u00f6ttingen 2018.<\/p>\n<p><a href=\"#_ftnref6\" name=\"_ftn6\">[6]<\/a> Eine Dokumentensammlung zu diesem Thema findet sich z. B. bei: Harry Waibel: Der gescheiterte Antifaschismus der SED, Frankfurt 2014. Siehe dazu auch: Thesenpapier von Jan C. Behrends, Dennis Kuck und Patrice G. Poutrus (ZZF Potsdam\/Projektgruppe &#8222;Herrschaft und Eigen-Sinn&#8220;) f\u00fcr das Aktionsb\u00fcndnis gegen Gewalt, Rechtextremismus und Fremdenfeindlichkeit des Landes Brandenburg vom 8. August 2000 (<a href=\"https:\/\/hsozkult.geschichte.hu-berlin.de\/BEITRAG\/essays\/popa0800.htm\">https:\/\/hsozkult.geschichte.hu-berlin.de\/BEITRAG\/essays\/popa0800.htm<\/a>).<\/p>\n<p><a href=\"#_ftnref7\" name=\"_ftn7\">[7]<\/a> Siehe: Bernd Eisenfeld, Ilko-Sascha-Kowalczuk, Ehrhart Neubert, Die verdr\u00e4ngte Revolution, Bremen 2004.<\/p>\n<p><a href=\"#_ftnref8\" name=\"_ftn8\">[8]<\/a> Zitiert nach: Franziska <em>Augstein<\/em>, Noch &#8217;ne Revolution, in: <em>S\u00fcddeutsche Zeitung<\/em><em> vom <\/em><em>17.6.2004.<\/em><\/p>\n<p><a href=\"#_ftnref9\" name=\"_ftn9\">[9]<\/a> Zitiert nach: Eckert: Umk\u00e4mpfte Vergangenheit, a.a.O., S. 131.<\/p>\n<p><a href=\"#_ftnref10\" name=\"_ftn10\">[10]<\/a> Siehe dazu: Abschnitt \u201eKultur\u201c in:\u00a0 AfD (Hrsg.): Deutschland aber normal. Programm der AfD f\u00fcr die Wahl zum 20. Bundestag, Berlin 2021, S. 158 &#8211; 162 (<a href=\"https:\/\/www.afd.de\/wp-content\/uploads\/2021\/06\/20210611_AfD_Programm_2021.pdf\">https:\/\/www.afd.de\/wp-content\/uploads\/2021\/06\/20210611_AfD_Programm_2021.pdf<\/a>)<\/p>\n<p><a href=\"#_ftnref11\" name=\"_ftn11\">[11]<\/a> Alle Zitate des Abschnitts aus: Ebenda., S. 158.<\/p>\n<p><a href=\"#_ftnref12\" name=\"_ftn12\">[12]<\/a> Siehe: \u201eDas kann niemals eine Verh\u00f6hnung der Opfer sein\u201c, in: FAZ vom 3. Juni 2018 (<a href=\"https:\/\/www.faz.net\/aktuell\/politik\/inland\/afd-chef-alexander-gauland-verteidigt-zitat-ueber-ns-zeit-15621317.html\">https:\/\/www.faz.net\/aktuell\/politik\/inland\/afd-chef-alexander-gauland-verteidigt-zitat-ueber-ns-zeit-15621317.html<\/a>).<\/p>\n<p><a href=\"#_ftnref13\" name=\"_ftn13\">[13]<\/a> Zitiert nach: Eckert: Umk\u00e4mpfte Vergangenheit, a.a.O., S. 29.<\/p>\n<p><a href=\"#_ftnref14\" name=\"_ftn14\">[14]<\/a> Zitiert nach: Eckert: Umk\u00e4mpfte Vergangenheit, a.a.O., S. 209.<\/p>\n<p><a href=\"#_ftnref15\" name=\"_ftn15\">[15]<\/a> Die \u00c4u\u00dferungen von Siegmar Faust zu Horst Mahler werden in folgendem Artikel des Spiegel wiedergegeben: Stasiopfer-Gedenkst\u00e4tte trennt sich von fr\u00fcherem B\u00fcrgerrechtler, in: Der Spiegel vom 1. Juni 2018 <strong>(<\/strong><a href=\"https:\/\/www.spiegel.de\/politik\/deutschland\/hohenschoenhausen-stasi-gedenkstaette-trennt-sich-von-siegmar-faust-wegen-afd-naehe-a-1210631.html\">https:\/\/www.spiegel.de\/politik\/deutschland\/hohenschoenhausen-stasi-gedenkstaette-trennt-sich-von-siegmar-faust-wegen-afd-naehe-a-1210631.html<\/a>).<\/p>\n<p><a href=\"#_ftnref16\" name=\"_ftn16\">[16]<\/a> In der Darstellung von Eckert hei\u00dft es w\u00f6rtlich: \u201eIm Zuge der weiteren Auseinandersetzung waren die weit verschickten Offenen Briefe Siegmar Fausts vielleicht am unangenehmsten. Einzelne dieser Texte waren sehr beleidigend, trieften vor Selbstmitleid und rechtfertigten Rechtsradikalismus und -populismus. Das geschah aber immer so, dass es schlecht zu greifen war und ich immer kurz davorstand, jeglichen Kontakt abzubrechen. Das sah jedoch nicht jeder so und so beendete Wolf Biermann das Gespr\u00e4ch mit seinem alten Freund.\u201c Zitiert nach: Eckert: Umk\u00e4mpfte Vergangenheit, a.a.O., S. 211.<\/p>\n<p><a href=\"#_ftnref17\" name=\"_ftn17\">[17]<\/a> Siehe dazu: BMI (Hrsg.): Abschlussbericht der Kommission 30 Jahre Friedliche Revolution und deutsche Einheit, Berlin 2020, S. 24. (<a href=\"https:\/\/www.bmi.bund.de\/SharedDocs\/downloads\/DE\/veroeffentlichungen\/2020\/abschlussbericht-kommission-30-jahre.pdf;jsessionid=43B2B12D697A8EFDCDDF8C4EB5405FCA.1_cid350?__blob=publicationFile&amp;v=6\">https:\/\/www.bmi.bund.de\/SharedDocs\/downloads\/DE\/veroeffentlichungen\/2020\/abschlussbericht-kommission-30-jahre.pdf;jsessionid=43B2B12D697A8EFDCDDF8C4EB5405FCA.1_cid350?__blob=publicationFile&amp;v=6<\/a>).<\/p>\n<p><a href=\"#_ftnref18\" name=\"_ftn18\">[18]<\/a> Siehe dazu: Ebenda.<\/p>\n<p><a href=\"#_ftnref19\" name=\"_ftn19\">[19]<\/a> Zitiert nach: Eckert: Umk\u00e4mpfte Vergangenheit, a.a.O., S. 295.<\/p>\n<p><a href=\"#_ftnref20\" name=\"_ftn20\">[20]<\/a> Zitiert nach: Eckert: Umk\u00e4mpfte Vergangenheit, a.a.O., S. 285.<\/p>\n<p><a href=\"#_ftnref21\" name=\"_ftn21\">[21]<\/a> Zitiert nach: Eckert: Umk\u00e4mpfte Vergangenheit, a.a.O., S. 285. Eckert bezieht sich auf einen Artikel in der FAZ von Eckart Lohse vom 9. November 2021 (<a href=\"https:\/\/www.faz.net\/aktuell\/politik\/inland\/steinmeier-zum-9-november-patriotismus-der-leisen-toene-17625720.html\">https:\/\/www.faz.net\/aktuell\/politik\/inland\/steinmeier-zum-9-november-patriotismus-der-leisen-toene-17625720.html<\/a>).<\/p>\n[22] Ilko-Sascha Kowalczuk hat sich in j\u00fcngster Zeit daf\u00fcr ausgesprochen, den 9. November ausschlie\u00dflich der Reichspogromnacht zu widmen: epd, Historiker Kowalczuk: 9. November sollte allein Schoah-Opfern geh\u00f6ren (<a href=\"https:\/\/www.evangelisch.de\/inhalte\/208023\/09-11-2022\/historiker-kowalczuk-9-november-sollte-allein-schoah-opfern-gehoeren\">https:\/\/www.evangelisch.de\/inhalte\/208023\/09-11-2022\/historiker-kowalczuk-9-november-sollte-allein-schoah-opfern-gehoeren<\/a>). Als er noch an der Regierungskommission \u201e30 Jahre Friedliche Revolution und deutsche Einheit\u201c mitwirkte, war diese Haltung von ihm nicht zu h\u00f6ren.<\/p>\n<p>&nbsp;<\/p>\n<p>&nbsp;<\/p>\n<p>&nbsp;<\/p>\n<p>&nbsp;<\/p>\n<p>&nbsp;<\/p>\n<p>&nbsp;<\/p>\n<p>&nbsp;<\/p>\n<div class=\"shariff shariff-align-left shariff-widget-align-left shariff-buttonstretch\" style=\"display:none\"><ul class=\"shariff-buttons theme-white orientation-horizontal buttonsize-medium\"><li class=\"shariff-button facebook shariff-nocustomcolor\" style=\"background-color:#4273c8\"><a href=\"https:\/\/www.facebook.com\/sharer\/sharer.php?u=https%3A%2F%2Fstarke-meinungen.de%2Fblog%2F2023%2F08%2F23%2Frainer-eckerts-umkaempfte-vergangenheit-viele-blinde-flecken-teil-2%2F\" title=\"Bei Facebook teilen\" aria-label=\"Bei Facebook teilen\" role=\"button\" rel=\"nofollow\" class=\"shariff-link\" style=\"; background-color:#3b5998; color:#3b5998\" target=\"_blank\"><span class=\"shariff-icon\" style=\"fill:#3b5998\"><svg width=\"32px\" height=\"20px\" xmlns=\"http:\/\/www.w3.org\/2000\/svg\" viewBox=\"0 0 18 32\"><path fill=\"#3b5998\" d=\"M17.1 0.2v4.7h-2.8q-1.5 0-2.1 0.6t-0.5 1.9v3.4h5.2l-0.7 5.3h-4.5v13.6h-5.5v-13.6h-4.5v-5.3h4.5v-3.9q0-3.3 1.9-5.2t5-1.8q2.6 0 4.1 0.2z\"\/><\/svg><\/span><span class=\"shariff-text\" style=\"color:#3b5998\">teilen<\/span>&nbsp;<\/a><\/li><li class=\"shariff-button twitter shariff-nocustomcolor\" style=\"background-color:#595959\"><a href=\"https:\/\/twitter.com\/share?url=https%3A%2F%2Fstarke-meinungen.de%2Fblog%2F2023%2F08%2F23%2Frainer-eckerts-umkaempfte-vergangenheit-viele-blinde-flecken-teil-2%2F&text=Rainer%20Eckerts%20%E2%80%9EUmk%C3%A4mpfte%20Vergangenheit%E2%80%9C%20%E2%80%93%20viele%20blinde%20Flecken%20-Teil%202&via=starkemeinungen\" title=\"Bei X teilen\" aria-label=\"Bei X teilen\" role=\"button\" rel=\"noopener nofollow\" class=\"shariff-link\" style=\"; background-color:#000; color:#000\" target=\"_blank\"><span class=\"shariff-icon\" style=\"fill:#000\"><svg width=\"32px\" height=\"20px\" xmlns=\"http:\/\/www.w3.org\/2000\/svg\" viewBox=\"0 0 24 24\"><path fill=\"#000\" d=\"M14.258 10.152L23.176 0h-2.113l-7.747 8.813L7.133 0H0l9.352 13.328L0 23.973h2.113l8.176-9.309 6.531 9.309h7.133zm-2.895 3.293l-.949-1.328L2.875 1.56h3.246l6.086 8.523.945 1.328 7.91 11.078h-3.246zm0 0\"\/><\/svg><\/span><span class=\"shariff-text\" style=\"color:#000\">teilen<\/span>&nbsp;<\/a><\/li><li class=\"shariff-button linkedin shariff-nocustomcolor\" style=\"background-color:#1488bf\"><a href=\"https:\/\/www.linkedin.com\/sharing\/share-offsite\/?url=https%3A%2F%2Fstarke-meinungen.de%2Fblog%2F2023%2F08%2F23%2Frainer-eckerts-umkaempfte-vergangenheit-viele-blinde-flecken-teil-2%2F\" title=\"Bei LinkedIn teilen\" aria-label=\"Bei LinkedIn teilen\" role=\"button\" rel=\"noopener nofollow\" class=\"shariff-link\" style=\"; background-color:#0077b5; color:#0077b5\" target=\"_blank\"><span class=\"shariff-icon\" style=\"fill:#0077b5\"><svg width=\"32px\" height=\"20px\" xmlns=\"http:\/\/www.w3.org\/2000\/svg\" viewBox=\"0 0 27 32\"><path fill=\"#0077b5\" d=\"M6.2 11.2v17.7h-5.9v-17.7h5.9zM6.6 5.7q0 1.3-0.9 2.2t-2.4 0.9h0q-1.5 0-2.4-0.9t-0.9-2.2 0.9-2.2 2.4-0.9 2.4 0.9 0.9 2.2zM27.4 18.7v10.1h-5.9v-9.5q0-1.9-0.7-2.9t-2.3-1.1q-1.1 0-1.9 0.6t-1.2 1.5q-0.2 0.5-0.2 1.4v9.9h-5.9q0-7.1 0-11.6t0-5.3l0-0.9h5.9v2.6h0q0.4-0.6 0.7-1t1-0.9 1.6-0.8 2-0.3q3 0 4.9 2t1.9 6z\"\/><\/svg><\/span><span class=\"shariff-text\" style=\"color:#0077b5\">teilen<\/span>&nbsp;<\/a><\/li><li class=\"shariff-button xing shariff-nocustomcolor\" style=\"background-color:#29888a\"><a href=\"https:\/\/www.xing.com\/spi\/shares\/new?url=https%3A%2F%2Fstarke-meinungen.de%2Fblog%2F2023%2F08%2F23%2Frainer-eckerts-umkaempfte-vergangenheit-viele-blinde-flecken-teil-2%2F\" title=\"Bei XING teilen\" aria-label=\"Bei XING teilen\" role=\"button\" rel=\"noopener nofollow\" class=\"shariff-link\" style=\"; background-color:#126567; color:#126567\" target=\"_blank\"><span class=\"shariff-icon\" style=\"fill:#126567\"><svg width=\"32px\" height=\"20px\" xmlns=\"http:\/\/www.w3.org\/2000\/svg\" viewBox=\"0 0 25 32\"><path fill=\"#126567\" d=\"M10.7 11.9q-0.2 0.3-4.6 8.2-0.5 0.8-1.2 0.8h-4.3q-0.4 0-0.5-0.3t0-0.6l4.5-8q0 0 0 0l-2.9-5q-0.2-0.4 0-0.7 0.2-0.3 0.5-0.3h4.3q0.7 0 1.2 0.8zM25.1 0.4q0.2 0.3 0 0.7l-9.4 16.7 6 11q0.2 0.4 0 0.6-0.2 0.3-0.6 0.3h-4.3q-0.7 0-1.2-0.8l-6-11.1q0.3-0.6 9.5-16.8 0.4-0.8 1.2-0.8h4.3q0.4 0 0.5 0.3z\"\/><\/svg><\/span><span class=\"shariff-text\" style=\"color:#126567\">teilen<\/span>&nbsp;<\/a><\/li><li class=\"shariff-button whatsapp shariff-nocustomcolor\" style=\"background-color:#5cbe4a\"><a href=\"https:\/\/api.whatsapp.com\/send?text=https%3A%2F%2Fstarke-meinungen.de%2Fblog%2F2023%2F08%2F23%2Frainer-eckerts-umkaempfte-vergangenheit-viele-blinde-flecken-teil-2%2F%20Rainer%20Eckerts%20%E2%80%9EUmk%C3%A4mpfte%20Vergangenheit%E2%80%9C%20%E2%80%93%20viele%20blinde%20Flecken%20-Teil%202\" title=\"Bei Whatsapp teilen\" aria-label=\"Bei Whatsapp teilen\" role=\"button\" rel=\"noopener nofollow\" class=\"shariff-link\" style=\"; background-color:#34af23; color:#34af23\" target=\"_blank\"><span class=\"shariff-icon\" style=\"fill:#34af23\"><svg width=\"32px\" height=\"20px\" xmlns=\"http:\/\/www.w3.org\/2000\/svg\" viewBox=\"0 0 32 32\"><path fill=\"#34af23\" d=\"M17.6 17.4q0.2 0 1.7 0.8t1.6 0.9q0 0.1 0 0.3 0 0.6-0.3 1.4-0.3 0.7-1.3 1.2t-1.8 0.5q-1 0-3.4-1.1-1.7-0.8-3-2.1t-2.6-3.3q-1.3-1.9-1.3-3.5v-0.1q0.1-1.6 1.3-2.8 0.4-0.4 0.9-0.4 0.1 0 0.3 0t0.3 0q0.3 0 0.5 0.1t0.3 0.5q0.1 0.4 0.6 1.6t0.4 1.3q0 0.4-0.6 1t-0.6 0.8q0 0.1 0.1 0.3 0.6 1.3 1.8 2.4 1 0.9 2.7 1.8 0.2 0.1 0.4 0.1 0.3 0 1-0.9t0.9-0.9zM14 26.9q2.3 0 4.3-0.9t3.6-2.4 2.4-3.6 0.9-4.3-0.9-4.3-2.4-3.6-3.6-2.4-4.3-0.9-4.3 0.9-3.6 2.4-2.4 3.6-0.9 4.3q0 3.6 2.1 6.6l-1.4 4.2 4.3-1.4q2.8 1.9 6.2 1.9zM14 2.2q2.7 0 5.2 1.1t4.3 2.9 2.9 4.3 1.1 5.2-1.1 5.2-2.9 4.3-4.3 2.9-5.2 1.1q-3.5 0-6.5-1.7l-7.4 2.4 2.4-7.2q-1.9-3.2-1.9-6.9 0-2.7 1.1-5.2t2.9-4.3 4.3-2.9 5.2-1.1z\"\/><\/svg><\/span><span class=\"shariff-text\" style=\"color:#34af23\">teilen<\/span>&nbsp;<\/a><\/li><li class=\"shariff-button info shariff-nocustomcolor\" style=\"background-color:#a8a8a8\"><a href=\"http:\/\/ct.de\/-2467514\" title=\"Weitere Informationen\" aria-label=\"Weitere Informationen\" role=\"button\" rel=\"noopener \" class=\"shariff-link\" style=\"; background-color:#999; color:#999\" target=\"_blank\"><span class=\"shariff-icon\" style=\"fill:#999\"><svg width=\"32px\" height=\"20px\" xmlns=\"http:\/\/www.w3.org\/2000\/svg\" viewBox=\"0 0 11 32\"><path fill=\"#999\" d=\"M11.4 24v2.3q0 0.5-0.3 0.8t-0.8 0.4h-9.1q-0.5 0-0.8-0.4t-0.4-0.8v-2.3q0-0.5 0.4-0.8t0.8-0.4h1.1v-6.8h-1.1q-0.5 0-0.8-0.4t-0.4-0.8v-2.3q0-0.5 0.4-0.8t0.8-0.4h6.8q0.5 0 0.8 0.4t0.4 0.8v10.3h1.1q0.5 0 0.8 0.4t0.3 0.8zM9.2 3.4v3.4q0 0.5-0.4 0.8t-0.8 0.4h-4.6q-0.4 0-0.8-0.4t-0.4-0.8v-3.4q0-0.4 0.4-0.8t0.8-0.4h4.6q0.5 0 0.8 0.4t0.4 0.8z\"\/><\/svg><\/span><\/a><\/li><\/ul><\/div>","protected":false},"excerpt":{"rendered":"<p>Th\u00e4lmann Denkmal (Th\u00e4lmannpark Berlin). Rainer Eckert, lange Jahre Direktor des Zeitgeschichtlichen Forums Leipzig, hat eine Publikation verfasst (\u201eUmk\u00e4mpfte Vergangenheit\u201c), die sich als Analyse und umfassender \u00dcberblick zu geschichtspolitischen Kontroversen der Bundesrepublik in den letzten 30 Jahren versteht. Das Buch gibt einen interessanten Einblick in die DDR-Aufarbeitungsszene, einen guten \u00dcberblick zu Geschichtspolitiken in der Bundesrepublik seit 1989\/90 bietet es nicht. Eckert&#8230; <a href=\"https:\/\/starke-meinungen.de\/blog\/2023\/08\/23\/rainer-eckerts-umkaempfte-vergangenheit-viele-blinde-flecken-teil-2\/\">Weiterlesen &raquo;<\/a><\/p>\n","protected":false},"author":32,"featured_media":0,"comment_status":"open","ping_status":"open","sticky":false,"template":"","format":"standard","meta":{"footnotes":""},"categories":[1],"tags":[],"class_list":["post-9910","post","type-post","status-publish","format-standard","hentry","category-allgemein"],"yoast_head":"<!-- This site is optimized with the Yoast SEO plugin v27.5 - https:\/\/yoast.com\/product\/yoast-seo-wordpress\/ -->\n<title>Rainer Eckerts \u201eUmk\u00e4mpfte Vergangenheit\u201c \u2013 viele blinde Flecken -Teil 2 - starke-meinungen.de<\/title>\n<meta name=\"robots\" content=\"index, follow, max-snippet:-1, max-image-preview:large, max-video-preview:-1\" \/>\n<link rel=\"canonical\" href=\"https:\/\/starke-meinungen.de\/blog\/2023\/08\/23\/rainer-eckerts-umkaempfte-vergangenheit-viele-blinde-flecken-teil-2\/\" \/>\n<meta property=\"og:locale\" content=\"de_DE\" \/>\n<meta property=\"og:type\" content=\"article\" \/>\n<meta property=\"og:title\" content=\"Rainer Eckerts \u201eUmk\u00e4mpfte Vergangenheit\u201c \u2013 viele blinde Flecken -Teil 2 - starke-meinungen.de\" \/>\n<meta property=\"og:description\" content=\"Th\u00e4lmann Denkmal (Th\u00e4lmannpark Berlin). Rainer Eckert, lange Jahre Direktor des Zeitgeschichtlichen Forums Leipzig, hat eine Publikation verfasst (\u201eUmk\u00e4mpfte Vergangenheit\u201c), die sich als Analyse und umfassender \u00dcberblick zu geschichtspolitischen Kontroversen der Bundesrepublik in den letzten 30 Jahren versteht. Das Buch gibt einen interessanten Einblick in die DDR-Aufarbeitungsszene, einen guten \u00dcberblick zu Geschichtspolitiken in der Bundesrepublik seit 1989\/90 bietet es nicht. Eckert... Weiterlesen &raquo;\" \/>\n<meta property=\"og:url\" content=\"https:\/\/starke-meinungen.de\/blog\/2023\/08\/23\/rainer-eckerts-umkaempfte-vergangenheit-viele-blinde-flecken-teil-2\/\" \/>\n<meta property=\"og:site_name\" content=\"starke-meinungen.de\" \/>\n<meta property=\"article:publisher\" content=\"https:\/\/www.facebook.com\/starkemeinungen\/\" \/>\n<meta property=\"article:published_time\" content=\"2023-08-23T08:12:54+00:00\" \/>\n<meta property=\"article:modified_time\" content=\"2023-09-19T20:22:59+00:00\" \/>\n<meta property=\"og:image\" content=\"https:\/\/starke-meinungen.de\/blog\/wp-content\/uploads\/Jander-2.jpg\" \/>\n\t<meta property=\"og:image:width\" content=\"2048\" \/>\n\t<meta property=\"og:image:height\" content=\"1536\" \/>\n\t<meta property=\"og:image:type\" content=\"image\/jpeg\" \/>\n<meta name=\"author\" content=\"Martin Jander\" \/>\n<meta name=\"twitter:card\" content=\"summary_large_image\" \/>\n<meta name=\"twitter:creator\" content=\"@starkemeinungen\" \/>\n<meta name=\"twitter:site\" content=\"@starkemeinungen\" \/>\n<meta name=\"twitter:label1\" content=\"Verfasst von\" \/>\n\t<meta name=\"twitter:data1\" content=\"Martin Jander\" \/>\n\t<meta name=\"twitter:label2\" content=\"Gesch\u00e4tzte Lesezeit\" \/>\n\t<meta name=\"twitter:data2\" content=\"11\u00a0Minuten\" \/>\n<script type=\"application\/ld+json\" class=\"yoast-schema-graph\">{\"@context\":\"https:\\\/\\\/schema.org\",\"@graph\":[{\"@type\":\"Article\",\"@id\":\"https:\\\/\\\/starke-meinungen.de\\\/blog\\\/2023\\\/08\\\/23\\\/rainer-eckerts-umkaempfte-vergangenheit-viele-blinde-flecken-teil-2\\\/#article\",\"isPartOf\":{\"@id\":\"https:\\\/\\\/starke-meinungen.de\\\/blog\\\/2023\\\/08\\\/23\\\/rainer-eckerts-umkaempfte-vergangenheit-viele-blinde-flecken-teil-2\\\/\"},\"author\":{\"name\":\"Martin Jander\",\"@id\":\"https:\\\/\\\/starke-meinungen.de\\\/blog\\\/#\\\/schema\\\/person\\\/0b3ee6fdecd774fb757433ab46907f3b\"},\"headline\":\"Rainer Eckerts \u201eUmk\u00e4mpfte Vergangenheit\u201c \u2013 viele blinde Flecken -Teil 2\",\"datePublished\":\"2023-08-23T08:12:54+00:00\",\"dateModified\":\"2023-09-19T20:22:59+00:00\",\"mainEntityOfPage\":{\"@id\":\"https:\\\/\\\/starke-meinungen.de\\\/blog\\\/2023\\\/08\\\/23\\\/rainer-eckerts-umkaempfte-vergangenheit-viele-blinde-flecken-teil-2\\\/\"},\"wordCount\":1936,\"commentCount\":2,\"publisher\":{\"@id\":\"https:\\\/\\\/starke-meinungen.de\\\/blog\\\/#organization\"},\"inLanguage\":\"de\",\"potentialAction\":[{\"@type\":\"CommentAction\",\"name\":\"Comment\",\"target\":[\"https:\\\/\\\/starke-meinungen.de\\\/blog\\\/2023\\\/08\\\/23\\\/rainer-eckerts-umkaempfte-vergangenheit-viele-blinde-flecken-teil-2\\\/#respond\"]}]},{\"@type\":\"WebPage\",\"@id\":\"https:\\\/\\\/starke-meinungen.de\\\/blog\\\/2023\\\/08\\\/23\\\/rainer-eckerts-umkaempfte-vergangenheit-viele-blinde-flecken-teil-2\\\/\",\"url\":\"https:\\\/\\\/starke-meinungen.de\\\/blog\\\/2023\\\/08\\\/23\\\/rainer-eckerts-umkaempfte-vergangenheit-viele-blinde-flecken-teil-2\\\/\",\"name\":\"Rainer Eckerts \u201eUmk\u00e4mpfte Vergangenheit\u201c \u2013 viele blinde Flecken -Teil 2 - starke-meinungen.de\",\"isPartOf\":{\"@id\":\"https:\\\/\\\/starke-meinungen.de\\\/blog\\\/#website\"},\"datePublished\":\"2023-08-23T08:12:54+00:00\",\"dateModified\":\"2023-09-19T20:22:59+00:00\",\"breadcrumb\":{\"@id\":\"https:\\\/\\\/starke-meinungen.de\\\/blog\\\/2023\\\/08\\\/23\\\/rainer-eckerts-umkaempfte-vergangenheit-viele-blinde-flecken-teil-2\\\/#breadcrumb\"},\"inLanguage\":\"de\",\"potentialAction\":[{\"@type\":\"ReadAction\",\"target\":[\"https:\\\/\\\/starke-meinungen.de\\\/blog\\\/2023\\\/08\\\/23\\\/rainer-eckerts-umkaempfte-vergangenheit-viele-blinde-flecken-teil-2\\\/\"]}]},{\"@type\":\"BreadcrumbList\",\"@id\":\"https:\\\/\\\/starke-meinungen.de\\\/blog\\\/2023\\\/08\\\/23\\\/rainer-eckerts-umkaempfte-vergangenheit-viele-blinde-flecken-teil-2\\\/#breadcrumb\",\"itemListElement\":[{\"@type\":\"ListItem\",\"position\":1,\"name\":\"Startseite\",\"item\":\"https:\\\/\\\/starke-meinungen.de\\\/blog\\\/\"},{\"@type\":\"ListItem\",\"position\":2,\"name\":\"Rainer Eckerts \u201eUmk\u00e4mpfte Vergangenheit\u201c \u2013 viele blinde Flecken -Teil 2\"}]},{\"@type\":\"WebSite\",\"@id\":\"https:\\\/\\\/starke-meinungen.de\\\/blog\\\/#website\",\"url\":\"https:\\\/\\\/starke-meinungen.de\\\/blog\\\/\",\"name\":\"starke-meinungen.de\",\"description\":\"Autoren-Blog\",\"publisher\":{\"@id\":\"https:\\\/\\\/starke-meinungen.de\\\/blog\\\/#organization\"},\"potentialAction\":[{\"@type\":\"SearchAction\",\"target\":{\"@type\":\"EntryPoint\",\"urlTemplate\":\"https:\\\/\\\/starke-meinungen.de\\\/blog\\\/?s={search_term_string}\"},\"query-input\":{\"@type\":\"PropertyValueSpecification\",\"valueRequired\":true,\"valueName\":\"search_term_string\"}}],\"inLanguage\":\"de\"},{\"@type\":\"Organization\",\"@id\":\"https:\\\/\\\/starke-meinungen.de\\\/blog\\\/#organization\",\"name\":\"starke-meinungen.de\",\"url\":\"https:\\\/\\\/starke-meinungen.de\\\/blog\\\/\",\"logo\":{\"@type\":\"ImageObject\",\"inLanguage\":\"de\",\"@id\":\"https:\\\/\\\/starke-meinungen.de\\\/blog\\\/#\\\/schema\\\/logo\\\/image\\\/\",\"url\":\"https:\\\/\\\/starke-meinungen.de\\\/blog\\\/wp-content\\\/uploads\\\/starke-meinungen-fb-header.jpg\",\"contentUrl\":\"https:\\\/\\\/starke-meinungen.de\\\/blog\\\/wp-content\\\/uploads\\\/starke-meinungen-fb-header.jpg\",\"width\":1200,\"height\":630,\"caption\":\"starke-meinungen.de\"},\"image\":{\"@id\":\"https:\\\/\\\/starke-meinungen.de\\\/blog\\\/#\\\/schema\\\/logo\\\/image\\\/\"},\"sameAs\":[\"https:\\\/\\\/www.facebook.com\\\/starkemeinungen\\\/\",\"https:\\\/\\\/x.com\\\/starkemeinungen\"]},{\"@type\":\"Person\",\"@id\":\"https:\\\/\\\/starke-meinungen.de\\\/blog\\\/#\\\/schema\\\/person\\\/0b3ee6fdecd774fb757433ab46907f3b\",\"name\":\"Martin Jander\",\"image\":{\"@type\":\"ImageObject\",\"inLanguage\":\"de\",\"@id\":\"https:\\\/\\\/secure.gravatar.com\\\/avatar\\\/600d8da5133ea6612beb7cafaf2f282d5c33ee395cd5b9bfc3d8e34c7d742328?s=96&d=mm&r=g\",\"url\":\"https:\\\/\\\/secure.gravatar.com\\\/avatar\\\/600d8da5133ea6612beb7cafaf2f282d5c33ee395cd5b9bfc3d8e34c7d742328?s=96&d=mm&r=g\",\"contentUrl\":\"https:\\\/\\\/secure.gravatar.com\\\/avatar\\\/600d8da5133ea6612beb7cafaf2f282d5c33ee395cd5b9bfc3d8e34c7d742328?s=96&d=mm&r=g\",\"caption\":\"Martin Jander\"},\"sameAs\":[\"http:\\\/\\\/www.unwrapping-history.de\"],\"url\":\"https:\\\/\\\/starke-meinungen.de\\\/blog\\\/author\\\/jander\\\/\"}]}<\/script>\n<!-- \/ Yoast SEO plugin. -->","yoast_head_json":{"title":"Rainer Eckerts \u201eUmk\u00e4mpfte Vergangenheit\u201c \u2013 viele blinde Flecken -Teil 2 - starke-meinungen.de","robots":{"index":"index","follow":"follow","max-snippet":"max-snippet:-1","max-image-preview":"max-image-preview:large","max-video-preview":"max-video-preview:-1"},"canonical":"https:\/\/starke-meinungen.de\/blog\/2023\/08\/23\/rainer-eckerts-umkaempfte-vergangenheit-viele-blinde-flecken-teil-2\/","og_locale":"de_DE","og_type":"article","og_title":"Rainer Eckerts \u201eUmk\u00e4mpfte Vergangenheit\u201c \u2013 viele blinde Flecken -Teil 2 - starke-meinungen.de","og_description":"Th\u00e4lmann Denkmal (Th\u00e4lmannpark Berlin). Rainer Eckert, lange Jahre Direktor des Zeitgeschichtlichen Forums Leipzig, hat eine Publikation verfasst (\u201eUmk\u00e4mpfte Vergangenheit\u201c), die sich als Analyse und umfassender \u00dcberblick zu geschichtspolitischen Kontroversen der Bundesrepublik in den letzten 30 Jahren versteht. Das Buch gibt einen interessanten Einblick in die DDR-Aufarbeitungsszene, einen guten \u00dcberblick zu Geschichtspolitiken in der Bundesrepublik seit 1989\/90 bietet es nicht. Eckert... Weiterlesen &raquo;","og_url":"https:\/\/starke-meinungen.de\/blog\/2023\/08\/23\/rainer-eckerts-umkaempfte-vergangenheit-viele-blinde-flecken-teil-2\/","og_site_name":"starke-meinungen.de","article_publisher":"https:\/\/www.facebook.com\/starkemeinungen\/","article_published_time":"2023-08-23T08:12:54+00:00","article_modified_time":"2023-09-19T20:22:59+00:00","og_image":[{"width":2048,"height":1536,"url":"https:\/\/starke-meinungen.de\/blog\/wp-content\/uploads\/Jander-2.jpg","type":"image\/jpeg"}],"author":"Martin Jander","twitter_card":"summary_large_image","twitter_creator":"@starkemeinungen","twitter_site":"@starkemeinungen","twitter_misc":{"Verfasst von":"Martin Jander","Gesch\u00e4tzte Lesezeit":"11\u00a0Minuten"},"schema":{"@context":"https:\/\/schema.org","@graph":[{"@type":"Article","@id":"https:\/\/starke-meinungen.de\/blog\/2023\/08\/23\/rainer-eckerts-umkaempfte-vergangenheit-viele-blinde-flecken-teil-2\/#article","isPartOf":{"@id":"https:\/\/starke-meinungen.de\/blog\/2023\/08\/23\/rainer-eckerts-umkaempfte-vergangenheit-viele-blinde-flecken-teil-2\/"},"author":{"name":"Martin Jander","@id":"https:\/\/starke-meinungen.de\/blog\/#\/schema\/person\/0b3ee6fdecd774fb757433ab46907f3b"},"headline":"Rainer Eckerts \u201eUmk\u00e4mpfte Vergangenheit\u201c \u2013 viele blinde Flecken -Teil 2","datePublished":"2023-08-23T08:12:54+00:00","dateModified":"2023-09-19T20:22:59+00:00","mainEntityOfPage":{"@id":"https:\/\/starke-meinungen.de\/blog\/2023\/08\/23\/rainer-eckerts-umkaempfte-vergangenheit-viele-blinde-flecken-teil-2\/"},"wordCount":1936,"commentCount":2,"publisher":{"@id":"https:\/\/starke-meinungen.de\/blog\/#organization"},"inLanguage":"de","potentialAction":[{"@type":"CommentAction","name":"Comment","target":["https:\/\/starke-meinungen.de\/blog\/2023\/08\/23\/rainer-eckerts-umkaempfte-vergangenheit-viele-blinde-flecken-teil-2\/#respond"]}]},{"@type":"WebPage","@id":"https:\/\/starke-meinungen.de\/blog\/2023\/08\/23\/rainer-eckerts-umkaempfte-vergangenheit-viele-blinde-flecken-teil-2\/","url":"https:\/\/starke-meinungen.de\/blog\/2023\/08\/23\/rainer-eckerts-umkaempfte-vergangenheit-viele-blinde-flecken-teil-2\/","name":"Rainer Eckerts \u201eUmk\u00e4mpfte Vergangenheit\u201c \u2013 viele blinde Flecken -Teil 2 - starke-meinungen.de","isPartOf":{"@id":"https:\/\/starke-meinungen.de\/blog\/#website"},"datePublished":"2023-08-23T08:12:54+00:00","dateModified":"2023-09-19T20:22:59+00:00","breadcrumb":{"@id":"https:\/\/starke-meinungen.de\/blog\/2023\/08\/23\/rainer-eckerts-umkaempfte-vergangenheit-viele-blinde-flecken-teil-2\/#breadcrumb"},"inLanguage":"de","potentialAction":[{"@type":"ReadAction","target":["https:\/\/starke-meinungen.de\/blog\/2023\/08\/23\/rainer-eckerts-umkaempfte-vergangenheit-viele-blinde-flecken-teil-2\/"]}]},{"@type":"BreadcrumbList","@id":"https:\/\/starke-meinungen.de\/blog\/2023\/08\/23\/rainer-eckerts-umkaempfte-vergangenheit-viele-blinde-flecken-teil-2\/#breadcrumb","itemListElement":[{"@type":"ListItem","position":1,"name":"Startseite","item":"https:\/\/starke-meinungen.de\/blog\/"},{"@type":"ListItem","position":2,"name":"Rainer Eckerts \u201eUmk\u00e4mpfte Vergangenheit\u201c \u2013 viele blinde Flecken -Teil 2"}]},{"@type":"WebSite","@id":"https:\/\/starke-meinungen.de\/blog\/#website","url":"https:\/\/starke-meinungen.de\/blog\/","name":"starke-meinungen.de","description":"Autoren-Blog","publisher":{"@id":"https:\/\/starke-meinungen.de\/blog\/#organization"},"potentialAction":[{"@type":"SearchAction","target":{"@type":"EntryPoint","urlTemplate":"https:\/\/starke-meinungen.de\/blog\/?s={search_term_string}"},"query-input":{"@type":"PropertyValueSpecification","valueRequired":true,"valueName":"search_term_string"}}],"inLanguage":"de"},{"@type":"Organization","@id":"https:\/\/starke-meinungen.de\/blog\/#organization","name":"starke-meinungen.de","url":"https:\/\/starke-meinungen.de\/blog\/","logo":{"@type":"ImageObject","inLanguage":"de","@id":"https:\/\/starke-meinungen.de\/blog\/#\/schema\/logo\/image\/","url":"https:\/\/starke-meinungen.de\/blog\/wp-content\/uploads\/starke-meinungen-fb-header.jpg","contentUrl":"https:\/\/starke-meinungen.de\/blog\/wp-content\/uploads\/starke-meinungen-fb-header.jpg","width":1200,"height":630,"caption":"starke-meinungen.de"},"image":{"@id":"https:\/\/starke-meinungen.de\/blog\/#\/schema\/logo\/image\/"},"sameAs":["https:\/\/www.facebook.com\/starkemeinungen\/","https:\/\/x.com\/starkemeinungen"]},{"@type":"Person","@id":"https:\/\/starke-meinungen.de\/blog\/#\/schema\/person\/0b3ee6fdecd774fb757433ab46907f3b","name":"Martin Jander","image":{"@type":"ImageObject","inLanguage":"de","@id":"https:\/\/secure.gravatar.com\/avatar\/600d8da5133ea6612beb7cafaf2f282d5c33ee395cd5b9bfc3d8e34c7d742328?s=96&d=mm&r=g","url":"https:\/\/secure.gravatar.com\/avatar\/600d8da5133ea6612beb7cafaf2f282d5c33ee395cd5b9bfc3d8e34c7d742328?s=96&d=mm&r=g","contentUrl":"https:\/\/secure.gravatar.com\/avatar\/600d8da5133ea6612beb7cafaf2f282d5c33ee395cd5b9bfc3d8e34c7d742328?s=96&d=mm&r=g","caption":"Martin Jander"},"sameAs":["http:\/\/www.unwrapping-history.de"],"url":"https:\/\/starke-meinungen.de\/blog\/author\/jander\/"}]}},"_links":{"self":[{"href":"https:\/\/starke-meinungen.de\/blog\/wp-json\/wp\/v2\/posts\/9910","targetHints":{"allow":["GET"]}}],"collection":[{"href":"https:\/\/starke-meinungen.de\/blog\/wp-json\/wp\/v2\/posts"}],"about":[{"href":"https:\/\/starke-meinungen.de\/blog\/wp-json\/wp\/v2\/types\/post"}],"author":[{"embeddable":true,"href":"https:\/\/starke-meinungen.de\/blog\/wp-json\/wp\/v2\/users\/32"}],"replies":[{"embeddable":true,"href":"https:\/\/starke-meinungen.de\/blog\/wp-json\/wp\/v2\/comments?post=9910"}],"version-history":[{"count":0,"href":"https:\/\/starke-meinungen.de\/blog\/wp-json\/wp\/v2\/posts\/9910\/revisions"}],"wp:attachment":[{"href":"https:\/\/starke-meinungen.de\/blog\/wp-json\/wp\/v2\/media?parent=9910"}],"wp:term":[{"taxonomy":"category","embeddable":true,"href":"https:\/\/starke-meinungen.de\/blog\/wp-json\/wp\/v2\/categories?post=9910"},{"taxonomy":"post_tag","embeddable":true,"href":"https:\/\/starke-meinungen.de\/blog\/wp-json\/wp\/v2\/tags?post=9910"}],"curies":[{"name":"wp","href":"https:\/\/api.w.org\/{rel}","templated":true}]}}