

{"id":9511,"date":"2022-06-11T09:12:08","date_gmt":"2022-06-11T07:12:08","guid":{"rendered":"https:\/\/starke-meinungen.de\/blog\/?p=9511"},"modified":"2022-06-11T09:12:08","modified_gmt":"2022-06-11T07:12:08","slug":"die-waffen-nieder-der-streit-um-das-erbe-der-friedensbewegungen-der-80er-jahre-in-einem-von-putins-angriffskrieg-bedrohten-europa","status":"publish","type":"post","link":"https:\/\/starke-meinungen.de\/blog\/2022\/06\/11\/die-waffen-nieder-der-streit-um-das-erbe-der-friedensbewegungen-der-80er-jahre-in-einem-von-putins-angriffskrieg-bedrohten-europa\/","title":{"rendered":"Die Waffen nieder? &#8211; Der Streit um das Erbe der Friedensbewegungen der 80er Jahre in einem von Putins Angriffskrieg bedrohten Europa"},"content":{"rendered":"<p><strong>Die Waffen nieder? &#8211; Der Streit um das Erbe der Friedensbewegungen der 80er Jahre in einem von Putins Angriffskrieg bedrohten Europa<\/strong><\/p>\n<ul>\n<li>Als Mitgr\u00fcnderin der Gr\u00fcnen und Mitorganisatorin der <strong>gro\u00dfen Bonner und europ\u00e4ischen Friedensdemonstrationen<\/strong> <strong>zwischen 1981-1984<\/strong> m\u00f6chte ich erkl\u00e4ren, warum die meisten <strong>Gr\u00fcnen und SPD-Politikerinnen heute f\u00fcr Waffenlieferungen an die Ukraine<\/strong> sind und die Ostermarsch-Marschierer dagegen.<\/li>\n<\/ul>\n<p><strong>Mit Olaf Scholz und Gerhard Schr\u00f6der habe ich im Koordinierungsausschuss der Friedensbewegung gesessen<\/strong>, gegen den Nato Doppelbeschluss breite B\u00fcndnisse geschlossen mit DGB- und Kirchenvertretern, vielen SPD Frauen und Gr\u00fcnen. An die gro\u00dfen Friedensdemonstrationen im Hofgarten am 10. Juni vor 40 Jahren und die Menschenketten erinnern sich zwei Generationen von Journalisten, Politikerinnen und Aktivistinnen. Heute ist Scholz der Kanzler, der die wichtige Rede zur Zeitenwende gehalten hat ,dem aber Z\u00f6gerlichkeit vorgeworfen wird, die er Besonnenheit nennt. Schr\u00f6der ist <strong>Nordstream-<\/strong>Agent, tritt gerade bei Androhung von Sanktionen von seinem <strong>Rosneft Job<\/strong> zur\u00fcck.<!--more--><\/p>\n<p>Ich habe als Europaabgeordnete schon 1992 im Jugoslawienkrieg f\u00fcr einen milit\u00e4rischen Einsatz pl\u00e4diert <strong>zur Befreiung von Sarajevo<\/strong> und der Folterlager, Vergewaltigung als Kriegsverbrechen anzuerkennen gefordert und in der Frauenlobby f\u00fcr den internationalen Strafgerichtshof mitgewirkt. In der weltweiten Frauenfriedens und Klimabewegung vertreten wir seit der <strong>Uno-Frauendekade feministische Au\u00dfenpolitik, <\/strong>wozu auch die B\u00fcrgerinnenrechte in Russland, dem Iran, Belarus oder Mali geh\u00f6ren.<\/p>\n<p>Die Friedensgruppen, die offiziell das Erbe der Friedensbewegung der 50er und 80er Jahre verwalten, sind die Friedenskooperative ,die IPPNW, Pax Christi, die Ostermarschkoordination, der Friedensbeauftragte der EKD. <strong>Doch sie vertreten nur einen Teil des Erbes der Friedensbewegung der 80ger und 60ger Jahre, aber den Teil nicht, in dem es auch um B\u00fcrgerrechte in Osteuropa ging und die Kritik an der UDSSR. <\/strong>So wenig wie die Erinnerung an den spanischen B\u00fcrgerkrieg und den Hitler-Stalin-Pakt, den Einmarsch der UDSSR in Prag, an die Helsinki-Gruppen in Osteuropa bis Odessa. Auch fehlt bei ihnen die Geschichte der Frauenfriedens und Frauen\u00f6kologiebewegung mit meiner Freundin Petra Kelly, Karin Juncker, May-Britt Theorin, Cora Weiss .Viele sind der Linkspartei oder sogar der alten DKP nah und zumindest st\u00e4rker Kritiker der USA, der Nato und der EU als der Politik Putins und Chinas oder Irans.<\/p>\n<p>Die <strong>Gruppe um die sogenannte neue Entspannungspolitik <\/strong>zwischen linker SPD und Linkspartei tr\u00e4umt von den Zeiten von Willy Brandt und Gorbatschow, die aber seit dem Machtaufstieg Putins seit 2000, sp\u00e4testens seit 2014 vollkommen vorbei ist. Gorbatschow hat im Kreml im Juni 1987 die Weltfrauenkonferenz offen tagen lassen, wo ich frei eine Rede zum Abzug fremder Truppen aus Europa und Abschaffung aller Atomwaffen, vom Staatsfernsehen direkt \u00fcbertragen, halten durfte. Er hat das gr\u00fcne Kreuz gegr\u00fcndet und sich mit dem Dalai Lama die letzten Jahre f\u00fcr Friedenspolitik eingesetzt. Putin ist das Gegenteil von ihm, das beweisen auch die B\u00fccher von Golineh Atai und Masha Gessen.<\/p>\n<ul>\n<li>Schon in den 90ger Jahren gab es Debatten in der SPD und den Gr\u00fcnen sowie den Friedensgruppen, Kirchen, was das <strong>&#8222;nie wieder Krieg&#8220;<\/strong> angesichts der Kriegsgewalt auf dem Balkan durch das Milosevic-Regime seit 1991 bedeuten w\u00fcrde oder beim V\u00f6lkermord in Ruanda. &#8222;Kein \u00d6l ins Feuer gie\u00dfen&#8220;<strong>, &#8222;keine Eskalation&#8220; ,&#8220; keine Gewaltspirale&#8220; <\/strong>waren damals schon die Slogans bei Debatten, denen ich als Europaabgeordnete entgegenhalten musste: \u201e<strong>nie wieder Progrome, nie wieder Lager, nie wieder<\/strong> <strong>Massaker und Genozide in Europa!<\/strong><\/li>\n<\/ul>\n<p><strong>\u00a0<\/strong>Schon damals fand ich es erschreckend, wie hilflos und durch Russland und China blockiert im Sicherheitsrat die UNO und die OSZE waren. Sowohl bei Russland und China wie bei europ\u00e4ischen Atomstaaten und in Deutschland spielten Eigeninteressen und falsche historische Vergleiche eine Rolle, nicht milit\u00e4risch rechtzeitig einzugreifen,<strong> um Srebrenica zu verhindern<\/strong>. Milosevic ,der sich zum chauvinistischen Diktator entwickelt hatte, wurde \u00e4hnlich wie Putin in den letzten Jahren hofiert.<\/p>\n<p>Frauen f\u00fcr Frieden mit Frauen in Schwarz organisierten zwar einen kleinen Friedensmarsch ,zu dem ich Joan Baez einlud, und organisierten Hilfskonvois. Doch hatten sie nicht die Kraft, die Kriegstreiber in Serbien seit 1992 oder die in Kroatien 1995 zu stoppen. Der Spiegel diffamierte mich damals als Kriegstreiberin, weil ich f\u00fcr milit\u00e4risches Eingreifen f\u00fcr die Befreiung Sarajevos, die Befreiung der Frauen und M\u00e4nner aus den Lagern war und dazu G\u00fcnter Anders und Bonhoeffer zitierte, dass die <strong>Zuggleise nach Auschwitz h\u00e4tten bombardiert werden sollen<\/strong>. Die Gr\u00fcnen brauchten mehrere Jahre und Joschka Fischer wartete auch erst Srebenica ab, bis in den Parteien eine Haltung entstand, die 1999 zum Kosovo Einsatz unter Rot Gr\u00fcn f\u00fchrte. Der wird bis heute von einigen als v\u00f6lkerrechtswidrig kritisiert, ohne dabei Russland und China die Verantwortung als Blockierer eines Uno-Einsatzes zu geben.<\/p>\n<ul>\n<li><strong>Der Schock des islamistischen Terroranschlages vom 11. September 2001<\/strong> f\u00fchrte zu der Entscheidung der rot gr\u00fcnen Koalition, am Afghanistaneinsatz der Nato teilzunehmen, was zu gro\u00dfen Spannungen in der SPD und in den Gr\u00fcnen f\u00fchrte. Ich habe den Einsatz nicht als Pazifistin, sondern als pragmatische Realpolitikerin abgelehnt, da ja schon die Sowjets und Briten gegen die afghanischen Kriegsclans nicht angekommen sind. Wie Sacharow habe ich schon 1979 gegen den Einmarsch der UDSSR in Afghanistan beim Breschnew Besuch und bei Olympia protestiert. Obwohl ich den Frauen und M\u00e4dchen in Afghanistan, von denen ich viele im Exil kennen lernte, von Herzen eine milit\u00e4risch erfolgreiche Befreiung gew\u00fcnscht h\u00e4tte.<\/li>\n<\/ul>\n<p><strong>\u00a0<\/strong><strong>Der pl\u00f6tzliche Abzug der Truppen aus Afghanistan und die Verhandlungen von Trump in Dubai mit den Taliban<\/strong> sind kein Erfolg westlicher Diplomatie und milit\u00e4rischer Intervention, trotz der Erfolge, in 20 Jahren eine afghanische Zivilgesellschaft\u00a0 zu st\u00e4rken. Es mag auch der hilflose Abzug der USA aus Afghanistan unter Biden gewesen sein, der Putin ermuntert hat, das Minsker Abkommen und die Nato Russland Akte zu zerst\u00f6ren, seine Man\u00f6ver in wirkliche brutale Kriegf\u00fchrung gegen die Ukraine umzusetzen. So wie auch die <strong>Ablehnung des Nato Beitrittes der Ukraine durch Merkel und Sarkozy <\/strong>nach dem Krieg Putins gegen Georgien und seine Kriege in Tschetschenien seinen Appetit auf imperialen Krieg geweckt haben. So wie Merkels Rede auf der Sicherheitskonferenz 2015 in M\u00fcnchen mit der dreisten Bemerkung, sie habe auch 28 Jahre in der DDR gewartet ,ein Affront gegen die EU-Hoffnungen der Ukraine war.<\/p>\n<ul>\n<li><strong>Zum Gl\u00fcck haben wir eine Parlamentsarmee <\/strong>und haben seit der rot-gr\u00fcnen Regierung von 1998 die Friedensforschung und den zivilen Friedensdienst in Kooperation mit dem AA und dem BMZ gest\u00e4rkt. Wir haben mit vielen Fachkr\u00e4ften und der Bundeswehr Erfahrung in Auslandseins\u00e4tzen gewonnen. Doch die Weltlage mit einer zu rasanten Globalisierung, wozu auch das Darknet, Waffen und Menschenhandel geh\u00f6ren, hat mit Klimawandel und Finanzkrisen Konflikte versch\u00e4rft. Durch den <strong>Irakkrieg 2003<\/strong> , der auch ein Krieg um \u00d6l war, ist der islamistische Terror in der Region angewachsen, statt gestoppt worden. In der <strong>Berliner Erkl\u00e4rung<\/strong> vom Dezember 2002 habe ich mit Erhard Eppler und Prof. Albrecht, Mary Kaldor und Benjamin Ferensz und zehntausenden von Unterschriften <strong>make law not war <\/strong>gefordert vor Beginn des Irakkrieges, den die rot gr\u00fcne Koalition klar abgelehnt hat.<a href=\"https:\/\/eur01.safelinks.protection.outlook.com\/?url=http%3A%2F%2Fwww.berlin-declaration.org%2F&amp;data=05|01|alan.posener.extern%40welt.de|6428e02a69b54afbe6fb08da3e3dd662|a1e7a36c6a4847689d653f679c0f3b12|0|0|637890732552319079|Unknown|TWFpbGZsb3d8eyJWIjoiMC4wLjAwMDAiLCJQIjoiV2luMzIiLCJBTiI6Ik1haWwiLCJXVCI6Mn0%3D|3000|||&amp;sdata=Wj6JCWCisjmXV0CTYbaHZ7czjF97JpmKS6NbLI77U30%3D&amp;reserved=0\"><strong>berlin-declaration.org<\/strong><\/a><\/li>\n<li>Eigentlich h\u00e4tte die Kriegstreiberei von Putin der deutschen Politik schon seit 2011 sp\u00e4testens auffallen m\u00fcssen, n\u00e4mlich in Syrien, wo Obama nicht gewagt hat, milit\u00e4risch einzugreifen, trotz des Einsatzes von <strong>Putins Chemiewaffen<\/strong>, um so Assad und den Iran dahinter zu stoppen. Die Kriegsfl\u00fcchtlinge aus Syrien wurden seit 2015 bei uns deutlich wahrgenommen, doch der Krieg weniger.Auch der Krieg in der Ostukraine wurde von Medien wie Friedensbewegung weitgehend verdr\u00e4ngt. Am 22. Februar 2014 habe ich schon gegen die Milit\u00e4rdiktatur Putins vor dem Ausw\u00e4rtigen Amt mit 500 Ukrainerinnen geredet, so wie mit <strong>Pussy Riot <\/strong>und russischen Dissidenten als kleine Minderheit gegen die <strong>Wahlf\u00e4lschungen in Russland und Belarus <\/strong><\/li>\n<\/ul>\n<p>14000 Menschen sind in der Ostukraine seit dem Mai 2014 gestorben, viele gefoltert worden von russischen Soldaten. St\u00e4dte und Landschaft und die Kultur wurde zerst\u00f6rt, die Krim besetzt und kolonial <strong>russifiziert<\/strong>. Der grausame Angriffskrieg des Putin Regimes gegen die Ukraine zerschl\u00e4gt jetzt f\u00fcr viele erst jetzt pl\u00f6tzlich die <strong>Illusion der Modernisierungspartnerschaft <\/strong>im Ostausschuss der Wirtschaft und in SPD und CDU\/FDP und die<strong> Entspannungsillusionen<\/strong> gro\u00dfer Teile der Friedensorganisationen und die Blindheit vieler Medien.<\/p>\n<p>Seit 2000 h\u00e4tte Putins KGB-Regime mit mafi\u00f6sen Z\u00fcgen erkannt werden k\u00f6nnen mit Hilfe von Memorial und der Nova Gazeta und mit Kasparow und Nemtsov, Lebedev und Navalny und all den kritischen jungen Demonstranten in Russland ,die jetzt vor der totalen Propaganda des Staatsfernsehens und der brutalen Repression eines Neo Stalinismus fliehen. Die <strong>Erinnerungspolitik<\/strong> an den zweiten Weltkrieg, die sich meist auf Russland konzentrierte, wurde zum <strong>8. Mai dieses Jahres endlich auf Belarus und die Ukraine erweitert<\/strong>, die als erste und wesentlich unter dem Nazi\u00fcberfall 1941 gelitten haben und wo Holocaust \u00dcberlebende heute von der Diktatur Lukaschenkos oder den Bomben Putins bedroht werden.<\/p>\n<p>Steinmeier gibt etwas wortkarg Fehler in der Einsch\u00e4tzung von Putin zu. Scholz erkl\u00e4rt klar, Putin darf nicht siegen, es darf keinen Diktatfrieden geben. Doch Nordstream 2 wird trotz aller Warnungen Polens und der baltischen Staaten erst jetzt gestoppt, nachdem die Leichen der Zivilisten in Butscha und Irpin im Internet zu sehen waren, die Kriegsverbrechen Putins von der Uno registriert werden. <strong>Doch warum war die Mehrheit der Friedensgruppen, der Wissenschaft ,der Medien, Wirtschaft und Politik so blind gegen\u00fcber Putins Machtapparat und Entwicklung zum gro\u00dfen Diktator?<\/strong><\/p>\n<ul>\n<li>Mein Blick war wohl deswegen ungetr\u00fcbt wie schon gegen\u00fcber Milosevic und schon gegen\u00fcber dem V\u00f6lkermord in Ruanda, weil ich zusammen mit der globalen Frauenfriedensbewegung einen <strong>feministischen Blick auf die Herrschenden jahrelang an der Basis \u00fcben musste,<\/strong> weil ich Friedenspolitik nie ohne B\u00fcrgerrechtspolitik gemacht habe. So habe ich seit 1991 mit der Heinrich-B\u00f6ll-Stiftung <strong>\u201eMemorial\u201c<\/strong> unterst\u00fctzt, die demokratische Opposition in Belarus mit den Kindern in Tschernobyl wie die in der Ukraine, die ich als Europaabgeordnete schon 1991 besuchte und dort auf dem Maidan eine Rede hielt gegen die Desinformation aus Moskau. Es tut jeder Friedenspolitik gut, mit Menschen und der Zivilgesellschaft in den betroffenen L\u00e4ndern verbunden zu sein und nicht nur mit der Regierungsebene zu verkehren. Das habe ich durch die Zusammenarbeit mit Frauen f\u00fcr Frieden in Ostberlin gelernt in den 80ern mit B\u00e4rbel Bohley, Katja Havemann und Bettina Wegner. Zum Lernen voneinander geh\u00f6rt die pers\u00f6nliche Begegnung vor Ort, die das Internet nicht ersetzen kann. Mein Lernprozess begann mit der Invasion der UdSSR Armee in Prag im August 1968.<\/li>\n<\/ul>\n<p>Die gesamte <strong>Geschichte des Stalinismus, des Holodomor in der Ukraine,<\/strong> der Befreiungsk\u00e4mpfe von Polen, der baltischen Staaten, von Belarus und der Ukraine ist bisher in der deutschen Medien, dem Kulturaustausch und Wissenschaftsdebatte, im Petersburger Dialog , der Fixierung auf das &#8222;Reden mit Putin&#8220; vollkommen vernachl\u00e4ssigt worden. Jetzt wird durch den gesamtgesellschaftlichen Schock des Angriffes des Putin Regimes auf alle UNO Vertr\u00e4ge ,auf die <strong>Charta von Paris, auf das Budapester Abkommen ,<\/strong>auf das Kriegsrecht, das Zivilisten sch\u00fctzt ,vielen pl\u00f6tzlich klar, dass wir unsere engeren Nachbarn in Mittel und Osteuropa endlich besser kennen und verstehen lernen m\u00fcssen.<\/p>\n<ul>\n<li>Der<strong> offene Brief an Kanzler Scholz,<\/strong> der sich gegen Waffenlieferungen an die Ukraine ausspricht, hat dazu keinen guten Beitrag geleistet. So wenig wie die Friedensgruppen, die sogar jetzt bei den Osterm\u00e4rschen, als in Mariupol, Charkiv, Kiew, Lwiw Wohnh\u00e4user, Krankenh\u00e4user, Kinderg\u00e4rten, Theater zerst\u00f6rt wurden und viele starben, immer noch die Nato als wesentlichen Kriegstreiber sehen. Wie der offenen Brief von Schwarzer fordern sie allgemeine Deeskalation, ohne klarzustellen, dass die Eskalation ja wohl von Putins Armee, FSB und Staatspropaganda ausgeht.<\/li>\n<\/ul>\n<p>Nat\u00fcrlich wollen weder Gr\u00fcne, noch SPD ,noch Frauen f\u00fcr Frieden, dass es einen l\u00e4ngeren Krieg in Europa, einen neuen Militarismus in Deutschland gibt. Wir lehnen Angriffskriege und imperiale Kriege weiter ab, so wie Waffenexporte, die Angriffskriege oder Terror f\u00f6rdern (was den Stop des Waffenexportes nach Saudi Arabien, in den Jemen etc. bedeuten sollte). Doch der offene Brief mit Prof. Welzer weigert sich, den Charakter des Verteidigungskrieges der Ukraine anzuerkennen und dass dazu moderne Waffen ausreichend n\u00f6tig sind.<\/p>\n<p>Zu behaupten, die SPD und die Gr\u00fcnen seien fr\u00fcher pazifistische Parteien gewesen und w\u00fcrden <strong>jetzt alle ihre Prinzipien verraten und in Kriegsgeschrei ausbrechen, ist eine demagogische Unterstellung <\/strong>auch von Medien, die so tun, als h\u00e4tten die Gr\u00fcnen von einem Tag auf den anderen ihre Meinung gewechselt. Nein, seit der Belagerung Sarajevos und seit dem<strong> Massaker von Srebrenica <\/strong>gibt es eine intensive Debatte in Gr\u00fcnen und SPD zu Milit\u00e4reins\u00e4tzen der Bundeswehr. Es ist eine furchtbare Situation, in die die Blindheit gegen\u00fcber Putins Mafia Staat, seiner jahrelangen Propaganda \u00fcber \u201eRussia Today\u201c global und die Abh\u00e4ngigkeit von seinem Gas und \u00d6l und die Zerst\u00f6rung der russischen Zivilgesellschaft und gebracht haben, wozu auch die Blindheit gegen\u00fcber Chinas und Indiens N\u00e4he zu Putins Machtspiel geh\u00f6ren. <strong>Es sind keine leichten Entscheidungen f\u00fcr Waffenlieferungen und die Erh\u00f6hung des Wehretats die, die jetzt getroffen werden m\u00fcssen, wenn man Jahre des Lebens in die Friedenspolitik und Abr\u00fcstungskontrolle gesteckt hat, was weiter n\u00f6tig ist.<\/strong><\/p>\n<ul>\n<li>Unser Land, Europa, braucht guten Streit im \u00f6ffentlichen Raum. So sind offene Brief n\u00fctzlich wie die an den Kanzler, auf die der Brief von Ralf F\u00fccks ,den ich unterst\u00fctze, kritisch geantwortet hat. Doch wichtiger als Talk-Shows mit immer denselben Professoren oder Politikern und Journalisten aus Deutschland ist es, <strong>den Stimmen aus der Ukraine und aus Belarus bei uns<\/strong> <strong>zuzuh\u00f6ren, sie endlich mehr zu Wort kommen zu lassen<\/strong>. Eine Friedensbewegung, die das vernachl\u00e4ssigt und Putins Kriegsverbrechen und seine Mafia verharmlost, auf seine Propaganda mit dem dritten Weltkrieg und Atomwaffeneinsatz reinf\u00e4llt ,ist einseitig und nicht wirklich unabh\u00e4ngig. So wie eben Teile der Friedensbewegung in den 80ger Jahren auch der DKP, SED oder dem UDSSR Regime nahe standen, oder von ihr finanziert wurden.<\/li>\n<li>Dieses Erbe ist nur ein Teil des Erbes der Friedensbewegung der 60er und 80er Jahre. <strong>Das andere Erbe,<\/strong> das st\u00e4rker von den Gr\u00fcnen vertreten wird und Teilen der Ampel und CDU, ist das des \u201eEuropean Nuclear Disarmament\u201c END, der <strong>blockunabh\u00e4ngigen Friedensgruppen im Helsinki-Prozess <\/strong>und der Charta von Paris, die wir mit der ersten KSZE der Frauen in Berlin 1990 erg\u00e4nzt haben. Dazu geh\u00f6rt f\u00fcr mich, die Freiheitsbewegung der Studenten in Hongkong , Myanmar, der Frauen in Belarus, der Umweltsch\u00fctzerinnen, K\u00fcnstler gegen \u201ePutinismus\u201c zu unterst\u00fctzen .So wie die Frauen , die sich weltweit f\u00fcr die Umsetzung der <strong>UNO Resolution 1325<\/strong> einsetzten, die wir 2000 nach der Weltfrauenkonferenz in Peking 1995 und der Frauenklimakonferenz in Berlin erk\u00e4mpft haben.<\/li>\n<\/ul>\n<p>Friedensgruppen, die der Linkspartei nahe stehen, haben zu lange wie die AfD nur Misstrauen gegen\u00fcber dem Westen bzw. den USA und der Nato gesch\u00fcrt, teils im B\u00fcndnis mit dem schwarzen Block. <strong>Gewiss sind die Interessen Europas nicht immer mit denen jeder USA Regierung oder R\u00fcstungslobby identisch, erst recht nicht mit denen von Trump<\/strong>. Doch genauso wenig mit denen von Putin, der geholfen hat, dass Trump an die Macht kam, Marine le Pen finanzierte und Trolle im Internet, <strong>die die europ\u00e4ische Demokratie nicht erst seit 2014 zu destabilisieren versuchen. Auch deswegen ist die Aufnahme der Ukraine in die EU schnell zu organisieren.<\/strong><\/p>\n<ul>\n<li>Die<strong> UNO und die OSZE h\u00e4tten seit Jahren reformiert werden m\u00fcssen<\/strong>, der Sicherheitsrat vor allem. Wie schwach die Uno gegen\u00fcber Putin ist, wie schwach bei der humanit\u00e4ren Hilfe zusammen mit dem Roten Kreuz erkennt man an der Verschleppung von zehntausenden Ukrainern, auch Kindern, nach Russland und an der Zerst\u00f6rung von Mariupol, wo humanit\u00e4re Korridore st\u00e4ndig von der russischen Armee tagelang behindert viele \u00e4ltere Menschen grausam gedem\u00fctigt wurden. Dem Zynismus der Putin-Propaganda muss dringend auch medial von der UNO mehr entgegengesetzt werden. Putins L\u00fcgenmaschinerie macht jetzt die Sanktionen der EU f\u00fcr den Hunger in der Welt verantwortlich, obwohl Russland die H\u00e4fen der Ukraine zerst\u00f6rt, besetzt und die Weizenfelder der Ukraine vermint.<\/li>\n<\/ul>\n<p>Die EU muss ihre Energie-Wirtschafts- und Klimapolitik mit Sicherheits- und Verteidigungsfragen verbinden lernen. So wie die Frauenfriedensbewegung sich mit den \u201efridays for future\u201c und \u201e terre des femmes\u201c verbinden lernte und mit den &#8220; 17 sustainable development goals&#8220; der UNO. <strong>Diese Leidenschaft f\u00fcr eine gerechtere Welt wie schon bei Bertha<\/strong> <strong>von Suttner wird hoffentlich durch die Kriege des Putinclans, Terror und Krieg in\u00a0 anderen L\u00e4ndern nicht untergehen, so wie nicht unsere Hoffnung auf Frieden und Freiheit und Solidarit\u00e4t in Europa .M\u00f6gen Vernunft und Mitgef\u00fchl siegen.<\/strong><\/p>\n<p><strong>Eva Quistorp, MdEP a.D.,Mitgr\u00fcnderin der Frauen f\u00fcr Frieden und der Boellstiftung,Theologin, Autorin, zur Zeit Mitglied der Lobbygruppe f\u00fcr die Ukraine im Europaparlament<\/strong><\/p>\n<p>&nbsp;<\/p>\n<p>&nbsp;<\/p>\n<p>&nbsp;<\/p>\n<p>&nbsp;<\/p>\n<p>&nbsp;<\/p>\n<p>&nbsp;<\/p>\n<p>&nbsp;<\/p>\n<div class=\"shariff shariff-align-left shariff-widget-align-left shariff-buttonstretch\" style=\"display:none\"><ul class=\"shariff-buttons theme-white orientation-horizontal buttonsize-medium\"><li class=\"shariff-button facebook shariff-nocustomcolor\" style=\"background-color:#4273c8\"><a href=\"https:\/\/www.facebook.com\/sharer\/sharer.php?u=https%3A%2F%2Fstarke-meinungen.de%2Fblog%2F2022%2F06%2F11%2Fdie-waffen-nieder-der-streit-um-das-erbe-der-friedensbewegungen-der-80er-jahre-in-einem-von-putins-angriffskrieg-bedrohten-europa%2F\" title=\"Bei Facebook teilen\" aria-label=\"Bei Facebook teilen\" role=\"button\" rel=\"nofollow\" class=\"shariff-link\" style=\"; background-color:#3b5998; color:#3b5998\" target=\"_blank\"><span class=\"shariff-icon\" style=\"fill:#3b5998\"><svg width=\"32px\" height=\"20px\" xmlns=\"http:\/\/www.w3.org\/2000\/svg\" viewBox=\"0 0 18 32\"><path fill=\"#3b5998\" d=\"M17.1 0.2v4.7h-2.8q-1.5 0-2.1 0.6t-0.5 1.9v3.4h5.2l-0.7 5.3h-4.5v13.6h-5.5v-13.6h-4.5v-5.3h4.5v-3.9q0-3.3 1.9-5.2t5-1.8q2.6 0 4.1 0.2z\"\/><\/svg><\/span><span class=\"shariff-text\" style=\"color:#3b5998\">teilen<\/span>&nbsp;<\/a><\/li><li class=\"shariff-button twitter shariff-nocustomcolor\" style=\"background-color:#595959\"><a href=\"https:\/\/twitter.com\/share?url=https%3A%2F%2Fstarke-meinungen.de%2Fblog%2F2022%2F06%2F11%2Fdie-waffen-nieder-der-streit-um-das-erbe-der-friedensbewegungen-der-80er-jahre-in-einem-von-putins-angriffskrieg-bedrohten-europa%2F&text=Die%20Waffen%20nieder%3F%20%E2%80%93%20Der%20Streit%20um%20das%20Erbe%20der%20Friedensbewegungen%20der%2080er%20Jahre%20in%20einem%20von%20Putins%20Angriffskrieg%20bedrohten%20Europa&via=starkemeinungen\" title=\"Bei X teilen\" aria-label=\"Bei X teilen\" role=\"button\" rel=\"noopener nofollow\" class=\"shariff-link\" style=\"; background-color:#000; color:#000\" target=\"_blank\"><span class=\"shariff-icon\" style=\"fill:#000\"><svg width=\"32px\" height=\"20px\" xmlns=\"http:\/\/www.w3.org\/2000\/svg\" viewBox=\"0 0 24 24\"><path fill=\"#000\" d=\"M14.258 10.152L23.176 0h-2.113l-7.747 8.813L7.133 0H0l9.352 13.328L0 23.973h2.113l8.176-9.309 6.531 9.309h7.133zm-2.895 3.293l-.949-1.328L2.875 1.56h3.246l6.086 8.523.945 1.328 7.91 11.078h-3.246zm0 0\"\/><\/svg><\/span><span class=\"shariff-text\" style=\"color:#000\">teilen<\/span>&nbsp;<\/a><\/li><li class=\"shariff-button linkedin shariff-nocustomcolor\" style=\"background-color:#1488bf\"><a href=\"https:\/\/www.linkedin.com\/sharing\/share-offsite\/?url=https%3A%2F%2Fstarke-meinungen.de%2Fblog%2F2022%2F06%2F11%2Fdie-waffen-nieder-der-streit-um-das-erbe-der-friedensbewegungen-der-80er-jahre-in-einem-von-putins-angriffskrieg-bedrohten-europa%2F\" title=\"Bei LinkedIn teilen\" aria-label=\"Bei LinkedIn teilen\" role=\"button\" rel=\"noopener nofollow\" class=\"shariff-link\" style=\"; background-color:#0077b5; color:#0077b5\" target=\"_blank\"><span class=\"shariff-icon\" style=\"fill:#0077b5\"><svg width=\"32px\" height=\"20px\" xmlns=\"http:\/\/www.w3.org\/2000\/svg\" viewBox=\"0 0 27 32\"><path fill=\"#0077b5\" d=\"M6.2 11.2v17.7h-5.9v-17.7h5.9zM6.6 5.7q0 1.3-0.9 2.2t-2.4 0.9h0q-1.5 0-2.4-0.9t-0.9-2.2 0.9-2.2 2.4-0.9 2.4 0.9 0.9 2.2zM27.4 18.7v10.1h-5.9v-9.5q0-1.9-0.7-2.9t-2.3-1.1q-1.1 0-1.9 0.6t-1.2 1.5q-0.2 0.5-0.2 1.4v9.9h-5.9q0-7.1 0-11.6t0-5.3l0-0.9h5.9v2.6h0q0.4-0.6 0.7-1t1-0.9 1.6-0.8 2-0.3q3 0 4.9 2t1.9 6z\"\/><\/svg><\/span><span class=\"shariff-text\" style=\"color:#0077b5\">teilen<\/span>&nbsp;<\/a><\/li><li class=\"shariff-button xing shariff-nocustomcolor\" style=\"background-color:#29888a\"><a href=\"https:\/\/www.xing.com\/spi\/shares\/new?url=https%3A%2F%2Fstarke-meinungen.de%2Fblog%2F2022%2F06%2F11%2Fdie-waffen-nieder-der-streit-um-das-erbe-der-friedensbewegungen-der-80er-jahre-in-einem-von-putins-angriffskrieg-bedrohten-europa%2F\" title=\"Bei XING teilen\" aria-label=\"Bei XING teilen\" role=\"button\" rel=\"noopener nofollow\" class=\"shariff-link\" style=\"; background-color:#126567; color:#126567\" target=\"_blank\"><span class=\"shariff-icon\" style=\"fill:#126567\"><svg width=\"32px\" height=\"20px\" xmlns=\"http:\/\/www.w3.org\/2000\/svg\" viewBox=\"0 0 25 32\"><path fill=\"#126567\" d=\"M10.7 11.9q-0.2 0.3-4.6 8.2-0.5 0.8-1.2 0.8h-4.3q-0.4 0-0.5-0.3t0-0.6l4.5-8q0 0 0 0l-2.9-5q-0.2-0.4 0-0.7 0.2-0.3 0.5-0.3h4.3q0.7 0 1.2 0.8zM25.1 0.4q0.2 0.3 0 0.7l-9.4 16.7 6 11q0.2 0.4 0 0.6-0.2 0.3-0.6 0.3h-4.3q-0.7 0-1.2-0.8l-6-11.1q0.3-0.6 9.5-16.8 0.4-0.8 1.2-0.8h4.3q0.4 0 0.5 0.3z\"\/><\/svg><\/span><span class=\"shariff-text\" style=\"color:#126567\">teilen<\/span>&nbsp;<\/a><\/li><li class=\"shariff-button whatsapp shariff-nocustomcolor\" style=\"background-color:#5cbe4a\"><a href=\"https:\/\/api.whatsapp.com\/send?text=https%3A%2F%2Fstarke-meinungen.de%2Fblog%2F2022%2F06%2F11%2Fdie-waffen-nieder-der-streit-um-das-erbe-der-friedensbewegungen-der-80er-jahre-in-einem-von-putins-angriffskrieg-bedrohten-europa%2F%20Die%20Waffen%20nieder%3F%20%E2%80%93%20Der%20Streit%20um%20das%20Erbe%20der%20Friedensbewegungen%20der%2080er%20Jahre%20in%20einem%20von%20Putins%20Angriffskrieg%20bedrohten%20Europa\" title=\"Bei Whatsapp teilen\" aria-label=\"Bei Whatsapp teilen\" role=\"button\" rel=\"noopener nofollow\" class=\"shariff-link\" style=\"; background-color:#34af23; color:#34af23\" target=\"_blank\"><span class=\"shariff-icon\" style=\"fill:#34af23\"><svg width=\"32px\" height=\"20px\" xmlns=\"http:\/\/www.w3.org\/2000\/svg\" viewBox=\"0 0 32 32\"><path fill=\"#34af23\" d=\"M17.6 17.4q0.2 0 1.7 0.8t1.6 0.9q0 0.1 0 0.3 0 0.6-0.3 1.4-0.3 0.7-1.3 1.2t-1.8 0.5q-1 0-3.4-1.1-1.7-0.8-3-2.1t-2.6-3.3q-1.3-1.9-1.3-3.5v-0.1q0.1-1.6 1.3-2.8 0.4-0.4 0.9-0.4 0.1 0 0.3 0t0.3 0q0.3 0 0.5 0.1t0.3 0.5q0.1 0.4 0.6 1.6t0.4 1.3q0 0.4-0.6 1t-0.6 0.8q0 0.1 0.1 0.3 0.6 1.3 1.8 2.4 1 0.9 2.7 1.8 0.2 0.1 0.4 0.1 0.3 0 1-0.9t0.9-0.9zM14 26.9q2.3 0 4.3-0.9t3.6-2.4 2.4-3.6 0.9-4.3-0.9-4.3-2.4-3.6-3.6-2.4-4.3-0.9-4.3 0.9-3.6 2.4-2.4 3.6-0.9 4.3q0 3.6 2.1 6.6l-1.4 4.2 4.3-1.4q2.8 1.9 6.2 1.9zM14 2.2q2.7 0 5.2 1.1t4.3 2.9 2.9 4.3 1.1 5.2-1.1 5.2-2.9 4.3-4.3 2.9-5.2 1.1q-3.5 0-6.5-1.7l-7.4 2.4 2.4-7.2q-1.9-3.2-1.9-6.9 0-2.7 1.1-5.2t2.9-4.3 4.3-2.9 5.2-1.1z\"\/><\/svg><\/span><span class=\"shariff-text\" style=\"color:#34af23\">teilen<\/span>&nbsp;<\/a><\/li><li class=\"shariff-button info shariff-nocustomcolor\" style=\"background-color:#a8a8a8\"><a href=\"http:\/\/ct.de\/-2467514\" title=\"Weitere Informationen\" aria-label=\"Weitere Informationen\" role=\"button\" rel=\"noopener \" class=\"shariff-link\" style=\"; background-color:#999; color:#999\" target=\"_blank\"><span class=\"shariff-icon\" style=\"fill:#999\"><svg width=\"32px\" height=\"20px\" xmlns=\"http:\/\/www.w3.org\/2000\/svg\" viewBox=\"0 0 11 32\"><path fill=\"#999\" d=\"M11.4 24v2.3q0 0.5-0.3 0.8t-0.8 0.4h-9.1q-0.5 0-0.8-0.4t-0.4-0.8v-2.3q0-0.5 0.4-0.8t0.8-0.4h1.1v-6.8h-1.1q-0.5 0-0.8-0.4t-0.4-0.8v-2.3q0-0.5 0.4-0.8t0.8-0.4h6.8q0.5 0 0.8 0.4t0.4 0.8v10.3h1.1q0.5 0 0.8 0.4t0.3 0.8zM9.2 3.4v3.4q0 0.5-0.4 0.8t-0.8 0.4h-4.6q-0.4 0-0.8-0.4t-0.4-0.8v-3.4q0-0.4 0.4-0.8t0.8-0.4h4.6q0.5 0 0.8 0.4t0.4 0.8z\"\/><\/svg><\/span><\/a><\/li><\/ul><\/div>","protected":false},"excerpt":{"rendered":"<p>Die Waffen nieder? &#8211; Der Streit um das Erbe der Friedensbewegungen der 80er Jahre in einem von Putins Angriffskrieg bedrohten Europa Als Mitgr\u00fcnderin der Gr\u00fcnen und Mitorganisatorin der gro\u00dfen Bonner und europ\u00e4ischen Friedensdemonstrationen zwischen 1981-1984 m\u00f6chte ich erkl\u00e4ren, warum die meisten Gr\u00fcnen und SPD-Politikerinnen heute f\u00fcr Waffenlieferungen an die Ukraine sind und die Ostermarsch-Marschierer dagegen. Mit Olaf Scholz und Gerhard&#8230; <a href=\"https:\/\/starke-meinungen.de\/blog\/2022\/06\/11\/die-waffen-nieder-der-streit-um-das-erbe-der-friedensbewegungen-der-80er-jahre-in-einem-von-putins-angriffskrieg-bedrohten-europa\/\">Weiterlesen &raquo;<\/a><\/p>\n","protected":false},"author":22,"featured_media":0,"comment_status":"open","ping_status":"open","sticky":false,"template":"","format":"standard","meta":{"footnotes":""},"categories":[2498],"tags":[],"class_list":["post-9511","post","type-post","status-publish","format-standard","hentry","category-eva-quistorp"],"yoast_head":"<!-- This site is optimized with the Yoast SEO plugin v27.4 - https:\/\/yoast.com\/product\/yoast-seo-wordpress\/ -->\n<title>Die Waffen nieder? - Der Streit um das Erbe der Friedensbewegungen der 80er Jahre in einem von Putins Angriffskrieg bedrohten Europa - starke-meinungen.de<\/title>\n<meta name=\"robots\" content=\"index, follow, max-snippet:-1, max-image-preview:large, max-video-preview:-1\" \/>\n<link rel=\"canonical\" href=\"https:\/\/starke-meinungen.de\/blog\/2022\/06\/11\/die-waffen-nieder-der-streit-um-das-erbe-der-friedensbewegungen-der-80er-jahre-in-einem-von-putins-angriffskrieg-bedrohten-europa\/\" \/>\n<meta property=\"og:locale\" content=\"de_DE\" \/>\n<meta property=\"og:type\" content=\"article\" \/>\n<meta property=\"og:title\" content=\"Die Waffen nieder? - Der Streit um das Erbe der Friedensbewegungen der 80er Jahre in einem von Putins Angriffskrieg bedrohten Europa - starke-meinungen.de\" \/>\n<meta property=\"og:description\" content=\"Die Waffen nieder? &#8211; Der Streit um das Erbe der Friedensbewegungen der 80er Jahre in einem von Putins Angriffskrieg bedrohten Europa Als Mitgr\u00fcnderin der Gr\u00fcnen und Mitorganisatorin der gro\u00dfen Bonner und europ\u00e4ischen Friedensdemonstrationen zwischen 1981-1984 m\u00f6chte ich erkl\u00e4ren, warum die meisten Gr\u00fcnen und SPD-Politikerinnen heute f\u00fcr Waffenlieferungen an die Ukraine sind und die Ostermarsch-Marschierer dagegen. Mit Olaf Scholz und Gerhard... Weiterlesen &raquo;\" \/>\n<meta property=\"og:url\" content=\"https:\/\/starke-meinungen.de\/blog\/2022\/06\/11\/die-waffen-nieder-der-streit-um-das-erbe-der-friedensbewegungen-der-80er-jahre-in-einem-von-putins-angriffskrieg-bedrohten-europa\/\" \/>\n<meta property=\"og:site_name\" content=\"starke-meinungen.de\" \/>\n<meta property=\"article:publisher\" content=\"https:\/\/www.facebook.com\/starkemeinungen\/\" \/>\n<meta property=\"article:published_time\" content=\"2022-06-11T07:12:08+00:00\" \/>\n<meta property=\"og:image\" content=\"https:\/\/starke-meinungen.de\/blog\/wp-content\/uploads\/Eva-Foto_klein.jpg\" \/>\n\t<meta property=\"og:image:width\" content=\"591\" \/>\n\t<meta property=\"og:image:height\" content=\"443\" \/>\n\t<meta property=\"og:image:type\" content=\"image\/jpeg\" \/>\n<meta name=\"author\" content=\"Eva Quistorp\" \/>\n<meta name=\"twitter:card\" content=\"summary_large_image\" \/>\n<meta name=\"twitter:creator\" content=\"@starkemeinungen\" \/>\n<meta name=\"twitter:site\" content=\"@starkemeinungen\" \/>\n<meta name=\"twitter:label1\" content=\"Verfasst von\" \/>\n\t<meta name=\"twitter:data1\" content=\"Eva Quistorp\" \/>\n\t<meta name=\"twitter:label2\" content=\"Gesch\u00e4tzte Lesezeit\" \/>\n\t<meta name=\"twitter:data2\" content=\"14\u00a0Minuten\" \/>\n<script type=\"application\/ld+json\" class=\"yoast-schema-graph\">{\"@context\":\"https:\\\/\\\/schema.org\",\"@graph\":[{\"@type\":\"Article\",\"@id\":\"https:\\\/\\\/starke-meinungen.de\\\/blog\\\/2022\\\/06\\\/11\\\/die-waffen-nieder-der-streit-um-das-erbe-der-friedensbewegungen-der-80er-jahre-in-einem-von-putins-angriffskrieg-bedrohten-europa\\\/#article\",\"isPartOf\":{\"@id\":\"https:\\\/\\\/starke-meinungen.de\\\/blog\\\/2022\\\/06\\\/11\\\/die-waffen-nieder-der-streit-um-das-erbe-der-friedensbewegungen-der-80er-jahre-in-einem-von-putins-angriffskrieg-bedrohten-europa\\\/\"},\"author\":{\"name\":\"Eva Quistorp\",\"@id\":\"https:\\\/\\\/starke-meinungen.de\\\/blog\\\/#\\\/schema\\\/person\\\/3208cf1ae8bc5943d5c8a12107fd55e7\"},\"headline\":\"Die Waffen nieder? &#8211; Der Streit um das Erbe der Friedensbewegungen der 80er Jahre in einem von Putins Angriffskrieg bedrohten Europa\",\"datePublished\":\"2022-06-11T07:12:08+00:00\",\"mainEntityOfPage\":{\"@id\":\"https:\\\/\\\/starke-meinungen.de\\\/blog\\\/2022\\\/06\\\/11\\\/die-waffen-nieder-der-streit-um-das-erbe-der-friedensbewegungen-der-80er-jahre-in-einem-von-putins-angriffskrieg-bedrohten-europa\\\/\"},\"wordCount\":2754,\"commentCount\":6,\"publisher\":{\"@id\":\"https:\\\/\\\/starke-meinungen.de\\\/blog\\\/#organization\"},\"articleSection\":[\"Eva Quistorp\"],\"inLanguage\":\"de\",\"potentialAction\":[{\"@type\":\"CommentAction\",\"name\":\"Comment\",\"target\":[\"https:\\\/\\\/starke-meinungen.de\\\/blog\\\/2022\\\/06\\\/11\\\/die-waffen-nieder-der-streit-um-das-erbe-der-friedensbewegungen-der-80er-jahre-in-einem-von-putins-angriffskrieg-bedrohten-europa\\\/#respond\"]}]},{\"@type\":\"WebPage\",\"@id\":\"https:\\\/\\\/starke-meinungen.de\\\/blog\\\/2022\\\/06\\\/11\\\/die-waffen-nieder-der-streit-um-das-erbe-der-friedensbewegungen-der-80er-jahre-in-einem-von-putins-angriffskrieg-bedrohten-europa\\\/\",\"url\":\"https:\\\/\\\/starke-meinungen.de\\\/blog\\\/2022\\\/06\\\/11\\\/die-waffen-nieder-der-streit-um-das-erbe-der-friedensbewegungen-der-80er-jahre-in-einem-von-putins-angriffskrieg-bedrohten-europa\\\/\",\"name\":\"Die Waffen nieder? - Der Streit um das Erbe der Friedensbewegungen der 80er Jahre in einem von Putins Angriffskrieg bedrohten Europa - starke-meinungen.de\",\"isPartOf\":{\"@id\":\"https:\\\/\\\/starke-meinungen.de\\\/blog\\\/#website\"},\"datePublished\":\"2022-06-11T07:12:08+00:00\",\"breadcrumb\":{\"@id\":\"https:\\\/\\\/starke-meinungen.de\\\/blog\\\/2022\\\/06\\\/11\\\/die-waffen-nieder-der-streit-um-das-erbe-der-friedensbewegungen-der-80er-jahre-in-einem-von-putins-angriffskrieg-bedrohten-europa\\\/#breadcrumb\"},\"inLanguage\":\"de\",\"potentialAction\":[{\"@type\":\"ReadAction\",\"target\":[\"https:\\\/\\\/starke-meinungen.de\\\/blog\\\/2022\\\/06\\\/11\\\/die-waffen-nieder-der-streit-um-das-erbe-der-friedensbewegungen-der-80er-jahre-in-einem-von-putins-angriffskrieg-bedrohten-europa\\\/\"]}]},{\"@type\":\"BreadcrumbList\",\"@id\":\"https:\\\/\\\/starke-meinungen.de\\\/blog\\\/2022\\\/06\\\/11\\\/die-waffen-nieder-der-streit-um-das-erbe-der-friedensbewegungen-der-80er-jahre-in-einem-von-putins-angriffskrieg-bedrohten-europa\\\/#breadcrumb\",\"itemListElement\":[{\"@type\":\"ListItem\",\"position\":1,\"name\":\"Startseite\",\"item\":\"https:\\\/\\\/starke-meinungen.de\\\/blog\\\/\"},{\"@type\":\"ListItem\",\"position\":2,\"name\":\"Die Waffen nieder? &#8211; Der Streit um das Erbe der Friedensbewegungen der 80er Jahre in einem von Putins Angriffskrieg bedrohten Europa\"}]},{\"@type\":\"WebSite\",\"@id\":\"https:\\\/\\\/starke-meinungen.de\\\/blog\\\/#website\",\"url\":\"https:\\\/\\\/starke-meinungen.de\\\/blog\\\/\",\"name\":\"starke-meinungen.de\",\"description\":\"Autoren-Blog\",\"publisher\":{\"@id\":\"https:\\\/\\\/starke-meinungen.de\\\/blog\\\/#organization\"},\"potentialAction\":[{\"@type\":\"SearchAction\",\"target\":{\"@type\":\"EntryPoint\",\"urlTemplate\":\"https:\\\/\\\/starke-meinungen.de\\\/blog\\\/?s={search_term_string}\"},\"query-input\":{\"@type\":\"PropertyValueSpecification\",\"valueRequired\":true,\"valueName\":\"search_term_string\"}}],\"inLanguage\":\"de\"},{\"@type\":\"Organization\",\"@id\":\"https:\\\/\\\/starke-meinungen.de\\\/blog\\\/#organization\",\"name\":\"starke-meinungen.de\",\"url\":\"https:\\\/\\\/starke-meinungen.de\\\/blog\\\/\",\"logo\":{\"@type\":\"ImageObject\",\"inLanguage\":\"de\",\"@id\":\"https:\\\/\\\/starke-meinungen.de\\\/blog\\\/#\\\/schema\\\/logo\\\/image\\\/\",\"url\":\"https:\\\/\\\/starke-meinungen.de\\\/blog\\\/wp-content\\\/uploads\\\/starke-meinungen-fb-header.jpg\",\"contentUrl\":\"https:\\\/\\\/starke-meinungen.de\\\/blog\\\/wp-content\\\/uploads\\\/starke-meinungen-fb-header.jpg\",\"width\":1200,\"height\":630,\"caption\":\"starke-meinungen.de\"},\"image\":{\"@id\":\"https:\\\/\\\/starke-meinungen.de\\\/blog\\\/#\\\/schema\\\/logo\\\/image\\\/\"},\"sameAs\":[\"https:\\\/\\\/www.facebook.com\\\/starkemeinungen\\\/\",\"https:\\\/\\\/x.com\\\/starkemeinungen\"]},{\"@type\":\"Person\",\"@id\":\"https:\\\/\\\/starke-meinungen.de\\\/blog\\\/#\\\/schema\\\/person\\\/3208cf1ae8bc5943d5c8a12107fd55e7\",\"name\":\"Eva Quistorp\",\"image\":{\"@type\":\"ImageObject\",\"inLanguage\":\"de\",\"@id\":\"https:\\\/\\\/secure.gravatar.com\\\/avatar\\\/90c10fde256573af3dbb823635c4b569b9dfc14fdfa48aee8f48c1c3638ac509?s=96&d=mm&r=g\",\"url\":\"https:\\\/\\\/secure.gravatar.com\\\/avatar\\\/90c10fde256573af3dbb823635c4b569b9dfc14fdfa48aee8f48c1c3638ac509?s=96&d=mm&r=g\",\"contentUrl\":\"https:\\\/\\\/secure.gravatar.com\\\/avatar\\\/90c10fde256573af3dbb823635c4b569b9dfc14fdfa48aee8f48c1c3638ac509?s=96&d=mm&r=g\",\"caption\":\"Eva Quistorp\"},\"url\":\"https:\\\/\\\/starke-meinungen.de\\\/blog\\\/author\\\/quistorp\\\/\"}]}<\/script>\n<!-- \/ Yoast SEO plugin. -->","yoast_head_json":{"title":"Die Waffen nieder? - Der Streit um das Erbe der Friedensbewegungen der 80er Jahre in einem von Putins Angriffskrieg bedrohten Europa - starke-meinungen.de","robots":{"index":"index","follow":"follow","max-snippet":"max-snippet:-1","max-image-preview":"max-image-preview:large","max-video-preview":"max-video-preview:-1"},"canonical":"https:\/\/starke-meinungen.de\/blog\/2022\/06\/11\/die-waffen-nieder-der-streit-um-das-erbe-der-friedensbewegungen-der-80er-jahre-in-einem-von-putins-angriffskrieg-bedrohten-europa\/","og_locale":"de_DE","og_type":"article","og_title":"Die Waffen nieder? - Der Streit um das Erbe der Friedensbewegungen der 80er Jahre in einem von Putins Angriffskrieg bedrohten Europa - starke-meinungen.de","og_description":"Die Waffen nieder? &#8211; Der Streit um das Erbe der Friedensbewegungen der 80er Jahre in einem von Putins Angriffskrieg bedrohten Europa Als Mitgr\u00fcnderin der Gr\u00fcnen und Mitorganisatorin der gro\u00dfen Bonner und europ\u00e4ischen Friedensdemonstrationen zwischen 1981-1984 m\u00f6chte ich erkl\u00e4ren, warum die meisten Gr\u00fcnen und SPD-Politikerinnen heute f\u00fcr Waffenlieferungen an die Ukraine sind und die Ostermarsch-Marschierer dagegen. Mit Olaf Scholz und Gerhard... Weiterlesen &raquo;","og_url":"https:\/\/starke-meinungen.de\/blog\/2022\/06\/11\/die-waffen-nieder-der-streit-um-das-erbe-der-friedensbewegungen-der-80er-jahre-in-einem-von-putins-angriffskrieg-bedrohten-europa\/","og_site_name":"starke-meinungen.de","article_publisher":"https:\/\/www.facebook.com\/starkemeinungen\/","article_published_time":"2022-06-11T07:12:08+00:00","og_image":[{"width":591,"height":443,"url":"https:\/\/starke-meinungen.de\/blog\/wp-content\/uploads\/Eva-Foto_klein.jpg","type":"image\/jpeg"}],"author":"Eva Quistorp","twitter_card":"summary_large_image","twitter_creator":"@starkemeinungen","twitter_site":"@starkemeinungen","twitter_misc":{"Verfasst von":"Eva Quistorp","Gesch\u00e4tzte Lesezeit":"14\u00a0Minuten"},"schema":{"@context":"https:\/\/schema.org","@graph":[{"@type":"Article","@id":"https:\/\/starke-meinungen.de\/blog\/2022\/06\/11\/die-waffen-nieder-der-streit-um-das-erbe-der-friedensbewegungen-der-80er-jahre-in-einem-von-putins-angriffskrieg-bedrohten-europa\/#article","isPartOf":{"@id":"https:\/\/starke-meinungen.de\/blog\/2022\/06\/11\/die-waffen-nieder-der-streit-um-das-erbe-der-friedensbewegungen-der-80er-jahre-in-einem-von-putins-angriffskrieg-bedrohten-europa\/"},"author":{"name":"Eva Quistorp","@id":"https:\/\/starke-meinungen.de\/blog\/#\/schema\/person\/3208cf1ae8bc5943d5c8a12107fd55e7"},"headline":"Die Waffen nieder? &#8211; Der Streit um das Erbe der Friedensbewegungen der 80er Jahre in einem von Putins Angriffskrieg bedrohten Europa","datePublished":"2022-06-11T07:12:08+00:00","mainEntityOfPage":{"@id":"https:\/\/starke-meinungen.de\/blog\/2022\/06\/11\/die-waffen-nieder-der-streit-um-das-erbe-der-friedensbewegungen-der-80er-jahre-in-einem-von-putins-angriffskrieg-bedrohten-europa\/"},"wordCount":2754,"commentCount":6,"publisher":{"@id":"https:\/\/starke-meinungen.de\/blog\/#organization"},"articleSection":["Eva Quistorp"],"inLanguage":"de","potentialAction":[{"@type":"CommentAction","name":"Comment","target":["https:\/\/starke-meinungen.de\/blog\/2022\/06\/11\/die-waffen-nieder-der-streit-um-das-erbe-der-friedensbewegungen-der-80er-jahre-in-einem-von-putins-angriffskrieg-bedrohten-europa\/#respond"]}]},{"@type":"WebPage","@id":"https:\/\/starke-meinungen.de\/blog\/2022\/06\/11\/die-waffen-nieder-der-streit-um-das-erbe-der-friedensbewegungen-der-80er-jahre-in-einem-von-putins-angriffskrieg-bedrohten-europa\/","url":"https:\/\/starke-meinungen.de\/blog\/2022\/06\/11\/die-waffen-nieder-der-streit-um-das-erbe-der-friedensbewegungen-der-80er-jahre-in-einem-von-putins-angriffskrieg-bedrohten-europa\/","name":"Die Waffen nieder? - Der Streit um das Erbe der Friedensbewegungen der 80er Jahre in einem von Putins Angriffskrieg bedrohten Europa - starke-meinungen.de","isPartOf":{"@id":"https:\/\/starke-meinungen.de\/blog\/#website"},"datePublished":"2022-06-11T07:12:08+00:00","breadcrumb":{"@id":"https:\/\/starke-meinungen.de\/blog\/2022\/06\/11\/die-waffen-nieder-der-streit-um-das-erbe-der-friedensbewegungen-der-80er-jahre-in-einem-von-putins-angriffskrieg-bedrohten-europa\/#breadcrumb"},"inLanguage":"de","potentialAction":[{"@type":"ReadAction","target":["https:\/\/starke-meinungen.de\/blog\/2022\/06\/11\/die-waffen-nieder-der-streit-um-das-erbe-der-friedensbewegungen-der-80er-jahre-in-einem-von-putins-angriffskrieg-bedrohten-europa\/"]}]},{"@type":"BreadcrumbList","@id":"https:\/\/starke-meinungen.de\/blog\/2022\/06\/11\/die-waffen-nieder-der-streit-um-das-erbe-der-friedensbewegungen-der-80er-jahre-in-einem-von-putins-angriffskrieg-bedrohten-europa\/#breadcrumb","itemListElement":[{"@type":"ListItem","position":1,"name":"Startseite","item":"https:\/\/starke-meinungen.de\/blog\/"},{"@type":"ListItem","position":2,"name":"Die Waffen nieder? &#8211; Der Streit um das Erbe der Friedensbewegungen der 80er Jahre in einem von Putins Angriffskrieg bedrohten Europa"}]},{"@type":"WebSite","@id":"https:\/\/starke-meinungen.de\/blog\/#website","url":"https:\/\/starke-meinungen.de\/blog\/","name":"starke-meinungen.de","description":"Autoren-Blog","publisher":{"@id":"https:\/\/starke-meinungen.de\/blog\/#organization"},"potentialAction":[{"@type":"SearchAction","target":{"@type":"EntryPoint","urlTemplate":"https:\/\/starke-meinungen.de\/blog\/?s={search_term_string}"},"query-input":{"@type":"PropertyValueSpecification","valueRequired":true,"valueName":"search_term_string"}}],"inLanguage":"de"},{"@type":"Organization","@id":"https:\/\/starke-meinungen.de\/blog\/#organization","name":"starke-meinungen.de","url":"https:\/\/starke-meinungen.de\/blog\/","logo":{"@type":"ImageObject","inLanguage":"de","@id":"https:\/\/starke-meinungen.de\/blog\/#\/schema\/logo\/image\/","url":"https:\/\/starke-meinungen.de\/blog\/wp-content\/uploads\/starke-meinungen-fb-header.jpg","contentUrl":"https:\/\/starke-meinungen.de\/blog\/wp-content\/uploads\/starke-meinungen-fb-header.jpg","width":1200,"height":630,"caption":"starke-meinungen.de"},"image":{"@id":"https:\/\/starke-meinungen.de\/blog\/#\/schema\/logo\/image\/"},"sameAs":["https:\/\/www.facebook.com\/starkemeinungen\/","https:\/\/x.com\/starkemeinungen"]},{"@type":"Person","@id":"https:\/\/starke-meinungen.de\/blog\/#\/schema\/person\/3208cf1ae8bc5943d5c8a12107fd55e7","name":"Eva Quistorp","image":{"@type":"ImageObject","inLanguage":"de","@id":"https:\/\/secure.gravatar.com\/avatar\/90c10fde256573af3dbb823635c4b569b9dfc14fdfa48aee8f48c1c3638ac509?s=96&d=mm&r=g","url":"https:\/\/secure.gravatar.com\/avatar\/90c10fde256573af3dbb823635c4b569b9dfc14fdfa48aee8f48c1c3638ac509?s=96&d=mm&r=g","contentUrl":"https:\/\/secure.gravatar.com\/avatar\/90c10fde256573af3dbb823635c4b569b9dfc14fdfa48aee8f48c1c3638ac509?s=96&d=mm&r=g","caption":"Eva Quistorp"},"url":"https:\/\/starke-meinungen.de\/blog\/author\/quistorp\/"}]}},"_links":{"self":[{"href":"https:\/\/starke-meinungen.de\/blog\/wp-json\/wp\/v2\/posts\/9511","targetHints":{"allow":["GET"]}}],"collection":[{"href":"https:\/\/starke-meinungen.de\/blog\/wp-json\/wp\/v2\/posts"}],"about":[{"href":"https:\/\/starke-meinungen.de\/blog\/wp-json\/wp\/v2\/types\/post"}],"author":[{"embeddable":true,"href":"https:\/\/starke-meinungen.de\/blog\/wp-json\/wp\/v2\/users\/22"}],"replies":[{"embeddable":true,"href":"https:\/\/starke-meinungen.de\/blog\/wp-json\/wp\/v2\/comments?post=9511"}],"version-history":[{"count":0,"href":"https:\/\/starke-meinungen.de\/blog\/wp-json\/wp\/v2\/posts\/9511\/revisions"}],"wp:attachment":[{"href":"https:\/\/starke-meinungen.de\/blog\/wp-json\/wp\/v2\/media?parent=9511"}],"wp:term":[{"taxonomy":"category","embeddable":true,"href":"https:\/\/starke-meinungen.de\/blog\/wp-json\/wp\/v2\/categories?post=9511"},{"taxonomy":"post_tag","embeddable":true,"href":"https:\/\/starke-meinungen.de\/blog\/wp-json\/wp\/v2\/tags?post=9511"}],"curies":[{"name":"wp","href":"https:\/\/api.w.org\/{rel}","templated":true}]}}