

{"id":936,"date":"2010-02-03T10:55:45","date_gmt":"2010-02-03T09:55:45","guid":{"rendered":"https:\/\/starke-meinungen.de\/blog\/?p=936"},"modified":"2010-02-04T00:06:11","modified_gmt":"2010-02-03T23:06:11","slug":"teilt-die-schweiz-auf","status":"publish","type":"post","link":"https:\/\/starke-meinungen.de\/blog\/2010\/02\/03\/teilt-die-schweiz-auf\/","title":{"rendered":"Teilt die Schweiz auf!"},"content":{"rendered":"<p>Von: <strong>Alexander G\u00f6rlach<\/strong>, Chefredakteur <a title=\"Webseite von &quot;The European&quot;\" href=\"http:\/\/www.theeuropean.de\">&#8222;The European&#8220; <\/a><\/p>\n<p>Die Schweiz ist am Ende. Sollte es g\u00e4ngige Praxis werden, dass Mitarbeiter der Banken dort ihre kriminelle Energie auf das Sondieren von Kundendaten verlagern, die sie dann den Steuerfahndungsbeh\u00f6rden der umliegenden L\u00e4nder \u00fcbergeben, dann verliert die Schweiz ihr Alleinstellungsmerkmal unter den europ\u00e4ischen Nationen.<\/p>\n<p>Das ist doppelt unfair.<!--more--><\/p>\n<p>Zum einen, weil die Schweiz sich mit ihrem strikten Beharren auf dem Bankgeheimnis einen eigenen Wohlstand erarbeitet hat. Der Sachverstand, den die Schweizer hier an den Tag legen, hat dem ansonsten so zerkl\u00fcfteten und sprachlich und konfessionell geteilten Land ein einheitliches Ethos verschafft. Zum anderen hat die Schweiz es durch die von ihr erkl\u00e4rte Neutralit\u00e4t geschafft, als Spielball europ\u00e4ischer Interessen auszuscheiden. Der Wohlstand des Landes wurde durch einen dauerhaften Frieden erm\u00f6glicht, das Schweizer Lebensmodell hatte Symbolkraft weit \u00fcber die Landesgrenzen hinaus. Beides, Ethos und Neutralit\u00e4t, wird nun durch die Illoyalit\u00e4t einzelner gegen\u00fcber ihrem Vaterland zerst\u00f6rt.<\/p>\n<p>Was haben wir Deutschen davon, wenn wir uns anschicken, durch Schlupfl\u00f6cher gesickerte Steuergelder aus der Schweiz zur\u00fcck zu f\u00fchren? Nichts, denn Steuerparadiese wie die Cayman Island werden anstelle der Alpenrepublik weiter prosperieren. Das veruntreute Steuergeld wird dorthin verlagert: Aus dem Herzen Europas in entfernte Regionen. Wenn die Schweiz dadurch jetzt zum Sozialfall wird, kommen all die Deutschen wieder retour, die dort mittlerweile als gut bezahlte B\u00e4cker und \u00c4rzte angeheuert haben. Hat jemand im Finanzministerium oder im Arbeitsministerium einmal nachgerechnet, was da auf unsere Solidargemeinschaft zukommen wird? Die Reintegrationsleistungen, die Sprachkurse und die Sozialleistungen?<\/p>\n<p>Der Untergang der Schweiz wird kommen. Kein G\u00fcrtel von Armeen umstellt das Land der Eidgenossen, sondern eine Koalition aus Willigen, die nicht mehr bereit sind zu erdulden, dass ihnen Steuergeld entzogen wird und dieser Vorgang von der Schweiz als Staatsr\u00e4son aufgefasst wird. Dass die Schweizer Beh\u00f6rden nun so scharf gegen die Deutschen agitieren, m\u00fcssen wir verstehen. Denn sie h\u00f6ren sch\u00f6n das Totengl\u00f6ckchen l\u00e4uten f\u00fcr ihre B\u00e4nker-Republik (Dasselbe gilt \u00fcbrigens f\u00fcr Liechtenstein).<\/p>\n<p>Halten wir uns nicht mir der Frage auf, ob die L\u00e4nderfinanzminister Daten aus der Schweiz kaufen oder nicht. Schon seit dem Fall Zumwinkel ist klar, dass die D\u00e4mme gebrochen sind. Das Bankgeheimnis ist perd\u00fa. Was wird dann aus der Schweiz? \u201c,Aufteilen\u201d, dieser Vorschlag wurde schon vor der Vollversammlung der Vereinten Nationen gemacht. Der Vorsto\u00df kam von Muammar al-Gaddafi. Soll Libyen etwa die Schweiz als Steuerparadies beerben? Allein der Gedanke daran sollte uns grausen. Wir m\u00fcssen Herrn Sch\u00e4uble bitten, noch einmal ein Auge zu zu dr\u00fccken.<\/p>\n<p>Was wir an der Schweiz haben, das wissen wir. Was wir in Deutschland brauchen, ist ein Steuersystem, das so gerecht ist , dass sich dem kein B\u00fcrger mehr entziehen m\u00f6chte.<\/p>\n<p>zuerst erschienen bei <a title=\"Webseite von &quot;The European&quot;\" href=\"http:\/\/www.theeuropean.de\">www.theeuropean.de<\/a><\/p>\n<div class=\"shariff shariff-align-left shariff-widget-align-left shariff-buttonstretch\" style=\"display:none\"><ul class=\"shariff-buttons theme-white orientation-horizontal buttonsize-medium\"><li class=\"shariff-button facebook shariff-nocustomcolor\" style=\"background-color:#4273c8\"><a href=\"https:\/\/www.facebook.com\/sharer\/sharer.php?u=https%3A%2F%2Fstarke-meinungen.de%2Fblog%2F2010%2F02%2F03%2Fteilt-die-schweiz-auf%2F\" title=\"Bei Facebook teilen\" aria-label=\"Bei Facebook teilen\" role=\"button\" rel=\"nofollow\" class=\"shariff-link\" style=\"; background-color:#3b5998; color:#3b5998\" target=\"_blank\"><span class=\"shariff-icon\" style=\"fill:#3b5998\"><svg width=\"32px\" height=\"20px\" xmlns=\"http:\/\/www.w3.org\/2000\/svg\" viewBox=\"0 0 18 32\"><path fill=\"#3b5998\" d=\"M17.1 0.2v4.7h-2.8q-1.5 0-2.1 0.6t-0.5 1.9v3.4h5.2l-0.7 5.3h-4.5v13.6h-5.5v-13.6h-4.5v-5.3h4.5v-3.9q0-3.3 1.9-5.2t5-1.8q2.6 0 4.1 0.2z\"\/><\/svg><\/span><span class=\"shariff-text\" style=\"color:#3b5998\">teilen<\/span>&nbsp;<\/a><\/li><li class=\"shariff-button twitter shariff-nocustomcolor\" style=\"background-color:#595959\"><a href=\"https:\/\/twitter.com\/share?url=https%3A%2F%2Fstarke-meinungen.de%2Fblog%2F2010%2F02%2F03%2Fteilt-die-schweiz-auf%2F&text=Teilt%20die%20Schweiz%20auf%21&via=starkemeinungen\" title=\"Bei X teilen\" aria-label=\"Bei X teilen\" role=\"button\" rel=\"noopener nofollow\" class=\"shariff-link\" style=\"; background-color:#000; color:#000\" target=\"_blank\"><span class=\"shariff-icon\" style=\"fill:#000\"><svg width=\"32px\" height=\"20px\" xmlns=\"http:\/\/www.w3.org\/2000\/svg\" viewBox=\"0 0 24 24\"><path fill=\"#000\" d=\"M14.258 10.152L23.176 0h-2.113l-7.747 8.813L7.133 0H0l9.352 13.328L0 23.973h2.113l8.176-9.309 6.531 9.309h7.133zm-2.895 3.293l-.949-1.328L2.875 1.56h3.246l6.086 8.523.945 1.328 7.91 11.078h-3.246zm0 0\"\/><\/svg><\/span><span class=\"shariff-text\" style=\"color:#000\">teilen<\/span>&nbsp;<\/a><\/li><li class=\"shariff-button linkedin shariff-nocustomcolor\" style=\"background-color:#1488bf\"><a href=\"https:\/\/www.linkedin.com\/sharing\/share-offsite\/?url=https%3A%2F%2Fstarke-meinungen.de%2Fblog%2F2010%2F02%2F03%2Fteilt-die-schweiz-auf%2F\" title=\"Bei LinkedIn teilen\" aria-label=\"Bei LinkedIn teilen\" role=\"button\" rel=\"noopener nofollow\" class=\"shariff-link\" style=\"; background-color:#0077b5; color:#0077b5\" target=\"_blank\"><span class=\"shariff-icon\" style=\"fill:#0077b5\"><svg width=\"32px\" height=\"20px\" xmlns=\"http:\/\/www.w3.org\/2000\/svg\" viewBox=\"0 0 27 32\"><path fill=\"#0077b5\" d=\"M6.2 11.2v17.7h-5.9v-17.7h5.9zM6.6 5.7q0 1.3-0.9 2.2t-2.4 0.9h0q-1.5 0-2.4-0.9t-0.9-2.2 0.9-2.2 2.4-0.9 2.4 0.9 0.9 2.2zM27.4 18.7v10.1h-5.9v-9.5q0-1.9-0.7-2.9t-2.3-1.1q-1.1 0-1.9 0.6t-1.2 1.5q-0.2 0.5-0.2 1.4v9.9h-5.9q0-7.1 0-11.6t0-5.3l0-0.9h5.9v2.6h0q0.4-0.6 0.7-1t1-0.9 1.6-0.8 2-0.3q3 0 4.9 2t1.9 6z\"\/><\/svg><\/span><span class=\"shariff-text\" style=\"color:#0077b5\">teilen<\/span>&nbsp;<\/a><\/li><li class=\"shariff-button xing shariff-nocustomcolor\" style=\"background-color:#29888a\"><a href=\"https:\/\/www.xing.com\/spi\/shares\/new?url=https%3A%2F%2Fstarke-meinungen.de%2Fblog%2F2010%2F02%2F03%2Fteilt-die-schweiz-auf%2F\" title=\"Bei XING teilen\" aria-label=\"Bei XING teilen\" role=\"button\" rel=\"noopener nofollow\" class=\"shariff-link\" style=\"; background-color:#126567; color:#126567\" target=\"_blank\"><span class=\"shariff-icon\" style=\"fill:#126567\"><svg width=\"32px\" height=\"20px\" xmlns=\"http:\/\/www.w3.org\/2000\/svg\" viewBox=\"0 0 25 32\"><path fill=\"#126567\" d=\"M10.7 11.9q-0.2 0.3-4.6 8.2-0.5 0.8-1.2 0.8h-4.3q-0.4 0-0.5-0.3t0-0.6l4.5-8q0 0 0 0l-2.9-5q-0.2-0.4 0-0.7 0.2-0.3 0.5-0.3h4.3q0.7 0 1.2 0.8zM25.1 0.4q0.2 0.3 0 0.7l-9.4 16.7 6 11q0.2 0.4 0 0.6-0.2 0.3-0.6 0.3h-4.3q-0.7 0-1.2-0.8l-6-11.1q0.3-0.6 9.5-16.8 0.4-0.8 1.2-0.8h4.3q0.4 0 0.5 0.3z\"\/><\/svg><\/span><span class=\"shariff-text\" style=\"color:#126567\">teilen<\/span>&nbsp;<\/a><\/li><li class=\"shariff-button whatsapp shariff-nocustomcolor\" style=\"background-color:#5cbe4a\"><a href=\"https:\/\/api.whatsapp.com\/send?text=https%3A%2F%2Fstarke-meinungen.de%2Fblog%2F2010%2F02%2F03%2Fteilt-die-schweiz-auf%2F%20Teilt%20die%20Schweiz%20auf%21\" title=\"Bei Whatsapp teilen\" aria-label=\"Bei Whatsapp teilen\" role=\"button\" rel=\"noopener nofollow\" class=\"shariff-link\" style=\"; background-color:#34af23; color:#34af23\" target=\"_blank\"><span class=\"shariff-icon\" style=\"fill:#34af23\"><svg width=\"32px\" height=\"20px\" xmlns=\"http:\/\/www.w3.org\/2000\/svg\" viewBox=\"0 0 32 32\"><path fill=\"#34af23\" d=\"M17.6 17.4q0.2 0 1.7 0.8t1.6 0.9q0 0.1 0 0.3 0 0.6-0.3 1.4-0.3 0.7-1.3 1.2t-1.8 0.5q-1 0-3.4-1.1-1.7-0.8-3-2.1t-2.6-3.3q-1.3-1.9-1.3-3.5v-0.1q0.1-1.6 1.3-2.8 0.4-0.4 0.9-0.4 0.1 0 0.3 0t0.3 0q0.3 0 0.5 0.1t0.3 0.5q0.1 0.4 0.6 1.6t0.4 1.3q0 0.4-0.6 1t-0.6 0.8q0 0.1 0.1 0.3 0.6 1.3 1.8 2.4 1 0.9 2.7 1.8 0.2 0.1 0.4 0.1 0.3 0 1-0.9t0.9-0.9zM14 26.9q2.3 0 4.3-0.9t3.6-2.4 2.4-3.6 0.9-4.3-0.9-4.3-2.4-3.6-3.6-2.4-4.3-0.9-4.3 0.9-3.6 2.4-2.4 3.6-0.9 4.3q0 3.6 2.1 6.6l-1.4 4.2 4.3-1.4q2.8 1.9 6.2 1.9zM14 2.2q2.7 0 5.2 1.1t4.3 2.9 2.9 4.3 1.1 5.2-1.1 5.2-2.9 4.3-4.3 2.9-5.2 1.1q-3.5 0-6.5-1.7l-7.4 2.4 2.4-7.2q-1.9-3.2-1.9-6.9 0-2.7 1.1-5.2t2.9-4.3 4.3-2.9 5.2-1.1z\"\/><\/svg><\/span><span class=\"shariff-text\" style=\"color:#34af23\">teilen<\/span>&nbsp;<\/a><\/li><li class=\"shariff-button info shariff-nocustomcolor\" style=\"background-color:#a8a8a8\"><a href=\"http:\/\/ct.de\/-2467514\" title=\"Weitere Informationen\" aria-label=\"Weitere Informationen\" role=\"button\" rel=\"noopener \" class=\"shariff-link\" style=\"; background-color:#999; color:#999\" target=\"_blank\"><span class=\"shariff-icon\" style=\"fill:#999\"><svg width=\"32px\" height=\"20px\" xmlns=\"http:\/\/www.w3.org\/2000\/svg\" viewBox=\"0 0 11 32\"><path fill=\"#999\" d=\"M11.4 24v2.3q0 0.5-0.3 0.8t-0.8 0.4h-9.1q-0.5 0-0.8-0.4t-0.4-0.8v-2.3q0-0.5 0.4-0.8t0.8-0.4h1.1v-6.8h-1.1q-0.5 0-0.8-0.4t-0.4-0.8v-2.3q0-0.5 0.4-0.8t0.8-0.4h6.8q0.5 0 0.8 0.4t0.4 0.8v10.3h1.1q0.5 0 0.8 0.4t0.3 0.8zM9.2 3.4v3.4q0 0.5-0.4 0.8t-0.8 0.4h-4.6q-0.4 0-0.8-0.4t-0.4-0.8v-3.4q0-0.4 0.4-0.8t0.8-0.4h4.6q0.5 0 0.8 0.4t0.4 0.8z\"\/><\/svg><\/span><\/a><\/li><\/ul><\/div>","protected":false},"excerpt":{"rendered":"<p>Von: Alexander G\u00f6rlach, Chefredakteur &#8222;The European&#8220; Die Schweiz ist am Ende. Sollte es g\u00e4ngige Praxis werden, dass Mitarbeiter der Banken dort ihre kriminelle Energie auf das Sondieren von Kundendaten verlagern, die sie dann den Steuerfahndungsbeh\u00f6rden der umliegenden L\u00e4nder \u00fcbergeben, dann verliert die Schweiz ihr Alleinstellungsmerkmal unter den europ\u00e4ischen Nationen. Das ist doppelt unfair.<\/p>\n","protected":false},"author":15,"featured_media":0,"comment_status":"open","ping_status":"open","sticky":false,"template":"","format":"standard","meta":{"footnotes":""},"categories":[1,629],"tags":[634,633,631,357,632,611,463],"class_list":["post-936","post","type-post","status-publish","format-standard","hentry","category-allgemein","category-gastautor","tag-bankgeheimnis","tag-finanzministerium","tag-neutralitat","tag-schweiz","tag-steuerparadies","tag-steuersunder","tag-wohlstand"],"yoast_head":"<!-- This site is optimized with the Yoast SEO plugin v27.4 - https:\/\/yoast.com\/product\/yoast-seo-wordpress\/ -->\n<title>Teilt die Schweiz auf! - starke-meinungen.de<\/title>\n<meta name=\"robots\" content=\"index, follow, max-snippet:-1, max-image-preview:large, max-video-preview:-1\" \/>\n<link rel=\"canonical\" href=\"https:\/\/starke-meinungen.de\/blog\/2010\/02\/03\/teilt-die-schweiz-auf\/\" \/>\n<meta property=\"og:locale\" content=\"de_DE\" \/>\n<meta property=\"og:type\" content=\"article\" \/>\n<meta property=\"og:title\" content=\"Teilt die Schweiz auf! - starke-meinungen.de\" \/>\n<meta property=\"og:description\" content=\"Von: Alexander G\u00f6rlach, Chefredakteur &#8222;The European&#8220; Die Schweiz ist am Ende. Sollte es g\u00e4ngige Praxis werden, dass Mitarbeiter der Banken dort ihre kriminelle Energie auf das Sondieren von Kundendaten verlagern, die sie dann den Steuerfahndungsbeh\u00f6rden der umliegenden L\u00e4nder \u00fcbergeben, dann verliert die Schweiz ihr Alleinstellungsmerkmal unter den europ\u00e4ischen Nationen. Das ist doppelt unfair.\" \/>\n<meta property=\"og:url\" content=\"https:\/\/starke-meinungen.de\/blog\/2010\/02\/03\/teilt-die-schweiz-auf\/\" \/>\n<meta property=\"og:site_name\" content=\"starke-meinungen.de\" \/>\n<meta property=\"article:publisher\" content=\"https:\/\/www.facebook.com\/starkemeinungen\/\" \/>\n<meta property=\"article:published_time\" content=\"2010-02-03T09:55:45+00:00\" \/>\n<meta property=\"article:modified_time\" content=\"2010-02-03T23:06:11+00:00\" \/>\n<meta property=\"og:image\" content=\"https:\/\/starke-meinungen.de\/blog\/wp-content\/uploads\/starke-meinungen-fb-header.jpg\" \/>\n\t<meta property=\"og:image:width\" content=\"1200\" \/>\n\t<meta property=\"og:image:height\" content=\"630\" \/>\n\t<meta property=\"og:image:type\" content=\"image\/jpeg\" \/>\n<meta name=\"author\" content=\"Gastautor\" \/>\n<meta name=\"twitter:card\" content=\"summary_large_image\" \/>\n<meta name=\"twitter:creator\" content=\"@starkemeinungen\" \/>\n<meta name=\"twitter:site\" content=\"@starkemeinungen\" \/>\n<meta name=\"twitter:label1\" content=\"Verfasst von\" \/>\n\t<meta name=\"twitter:data1\" content=\"Gastautor\" \/>\n\t<meta name=\"twitter:label2\" content=\"Gesch\u00e4tzte Lesezeit\" \/>\n\t<meta name=\"twitter:data2\" content=\"2\u00a0Minuten\" \/>\n<script type=\"application\/ld+json\" class=\"yoast-schema-graph\">{\"@context\":\"https:\\\/\\\/schema.org\",\"@graph\":[{\"@type\":\"Article\",\"@id\":\"https:\\\/\\\/starke-meinungen.de\\\/blog\\\/2010\\\/02\\\/03\\\/teilt-die-schweiz-auf\\\/#article\",\"isPartOf\":{\"@id\":\"https:\\\/\\\/starke-meinungen.de\\\/blog\\\/2010\\\/02\\\/03\\\/teilt-die-schweiz-auf\\\/\"},\"author\":{\"name\":\"Gastautor\",\"@id\":\"https:\\\/\\\/starke-meinungen.de\\\/blog\\\/#\\\/schema\\\/person\\\/a03e0a730dd4d63894dcc16cdbaa6b64\"},\"headline\":\"Teilt die Schweiz auf!\",\"datePublished\":\"2010-02-03T09:55:45+00:00\",\"dateModified\":\"2010-02-03T23:06:11+00:00\",\"mainEntityOfPage\":{\"@id\":\"https:\\\/\\\/starke-meinungen.de\\\/blog\\\/2010\\\/02\\\/03\\\/teilt-die-schweiz-auf\\\/\"},\"wordCount\":472,\"commentCount\":13,\"publisher\":{\"@id\":\"https:\\\/\\\/starke-meinungen.de\\\/blog\\\/#organization\"},\"keywords\":[\"Bankgeheimnis\",\"Finanzministerium\",\"Neutralit\u00e4t\",\"Schweiz\",\"Steuerparadies\",\"Steuers\u00fcnder\",\"Wohlstand\"],\"articleSection\":{\"1\":\"Gastautor\"},\"inLanguage\":\"de\",\"potentialAction\":[{\"@type\":\"CommentAction\",\"name\":\"Comment\",\"target\":[\"https:\\\/\\\/starke-meinungen.de\\\/blog\\\/2010\\\/02\\\/03\\\/teilt-die-schweiz-auf\\\/#respond\"]}]},{\"@type\":\"WebPage\",\"@id\":\"https:\\\/\\\/starke-meinungen.de\\\/blog\\\/2010\\\/02\\\/03\\\/teilt-die-schweiz-auf\\\/\",\"url\":\"https:\\\/\\\/starke-meinungen.de\\\/blog\\\/2010\\\/02\\\/03\\\/teilt-die-schweiz-auf\\\/\",\"name\":\"Teilt die Schweiz auf! - starke-meinungen.de\",\"isPartOf\":{\"@id\":\"https:\\\/\\\/starke-meinungen.de\\\/blog\\\/#website\"},\"datePublished\":\"2010-02-03T09:55:45+00:00\",\"dateModified\":\"2010-02-03T23:06:11+00:00\",\"breadcrumb\":{\"@id\":\"https:\\\/\\\/starke-meinungen.de\\\/blog\\\/2010\\\/02\\\/03\\\/teilt-die-schweiz-auf\\\/#breadcrumb\"},\"inLanguage\":\"de\",\"potentialAction\":[{\"@type\":\"ReadAction\",\"target\":[\"https:\\\/\\\/starke-meinungen.de\\\/blog\\\/2010\\\/02\\\/03\\\/teilt-die-schweiz-auf\\\/\"]}]},{\"@type\":\"BreadcrumbList\",\"@id\":\"https:\\\/\\\/starke-meinungen.de\\\/blog\\\/2010\\\/02\\\/03\\\/teilt-die-schweiz-auf\\\/#breadcrumb\",\"itemListElement\":[{\"@type\":\"ListItem\",\"position\":1,\"name\":\"Startseite\",\"item\":\"https:\\\/\\\/starke-meinungen.de\\\/blog\\\/\"},{\"@type\":\"ListItem\",\"position\":2,\"name\":\"Teilt die Schweiz auf!\"}]},{\"@type\":\"WebSite\",\"@id\":\"https:\\\/\\\/starke-meinungen.de\\\/blog\\\/#website\",\"url\":\"https:\\\/\\\/starke-meinungen.de\\\/blog\\\/\",\"name\":\"starke-meinungen.de\",\"description\":\"Autoren-Blog\",\"publisher\":{\"@id\":\"https:\\\/\\\/starke-meinungen.de\\\/blog\\\/#organization\"},\"potentialAction\":[{\"@type\":\"SearchAction\",\"target\":{\"@type\":\"EntryPoint\",\"urlTemplate\":\"https:\\\/\\\/starke-meinungen.de\\\/blog\\\/?s={search_term_string}\"},\"query-input\":{\"@type\":\"PropertyValueSpecification\",\"valueRequired\":true,\"valueName\":\"search_term_string\"}}],\"inLanguage\":\"de\"},{\"@type\":\"Organization\",\"@id\":\"https:\\\/\\\/starke-meinungen.de\\\/blog\\\/#organization\",\"name\":\"starke-meinungen.de\",\"url\":\"https:\\\/\\\/starke-meinungen.de\\\/blog\\\/\",\"logo\":{\"@type\":\"ImageObject\",\"inLanguage\":\"de\",\"@id\":\"https:\\\/\\\/starke-meinungen.de\\\/blog\\\/#\\\/schema\\\/logo\\\/image\\\/\",\"url\":\"https:\\\/\\\/starke-meinungen.de\\\/blog\\\/wp-content\\\/uploads\\\/starke-meinungen-fb-header.jpg\",\"contentUrl\":\"https:\\\/\\\/starke-meinungen.de\\\/blog\\\/wp-content\\\/uploads\\\/starke-meinungen-fb-header.jpg\",\"width\":1200,\"height\":630,\"caption\":\"starke-meinungen.de\"},\"image\":{\"@id\":\"https:\\\/\\\/starke-meinungen.de\\\/blog\\\/#\\\/schema\\\/logo\\\/image\\\/\"},\"sameAs\":[\"https:\\\/\\\/www.facebook.com\\\/starkemeinungen\\\/\",\"https:\\\/\\\/x.com\\\/starkemeinungen\"]},{\"@type\":\"Person\",\"@id\":\"https:\\\/\\\/starke-meinungen.de\\\/blog\\\/#\\\/schema\\\/person\\\/a03e0a730dd4d63894dcc16cdbaa6b64\",\"name\":\"Gastautor\",\"image\":{\"@type\":\"ImageObject\",\"inLanguage\":\"de\",\"@id\":\"https:\\\/\\\/secure.gravatar.com\\\/avatar\\\/8759fb61d9b27c08334d4e02d0a8ea6eb0fc0c3602cd7c3e58c0c89a6adba588?s=96&d=mm&r=g\",\"url\":\"https:\\\/\\\/secure.gravatar.com\\\/avatar\\\/8759fb61d9b27c08334d4e02d0a8ea6eb0fc0c3602cd7c3e58c0c89a6adba588?s=96&d=mm&r=g\",\"contentUrl\":\"https:\\\/\\\/secure.gravatar.com\\\/avatar\\\/8759fb61d9b27c08334d4e02d0a8ea6eb0fc0c3602cd7c3e58c0c89a6adba588?s=96&d=mm&r=g\",\"caption\":\"Gastautor\"},\"url\":\"https:\\\/\\\/starke-meinungen.de\\\/blog\\\/author\\\/gastautor\\\/\"}]}<\/script>\n<!-- \/ Yoast SEO plugin. -->","yoast_head_json":{"title":"Teilt die Schweiz auf! - starke-meinungen.de","robots":{"index":"index","follow":"follow","max-snippet":"max-snippet:-1","max-image-preview":"max-image-preview:large","max-video-preview":"max-video-preview:-1"},"canonical":"https:\/\/starke-meinungen.de\/blog\/2010\/02\/03\/teilt-die-schweiz-auf\/","og_locale":"de_DE","og_type":"article","og_title":"Teilt die Schweiz auf! - starke-meinungen.de","og_description":"Von: Alexander G\u00f6rlach, Chefredakteur &#8222;The European&#8220; Die Schweiz ist am Ende. Sollte es g\u00e4ngige Praxis werden, dass Mitarbeiter der Banken dort ihre kriminelle Energie auf das Sondieren von Kundendaten verlagern, die sie dann den Steuerfahndungsbeh\u00f6rden der umliegenden L\u00e4nder \u00fcbergeben, dann verliert die Schweiz ihr Alleinstellungsmerkmal unter den europ\u00e4ischen Nationen. Das ist doppelt unfair.","og_url":"https:\/\/starke-meinungen.de\/blog\/2010\/02\/03\/teilt-die-schweiz-auf\/","og_site_name":"starke-meinungen.de","article_publisher":"https:\/\/www.facebook.com\/starkemeinungen\/","article_published_time":"2010-02-03T09:55:45+00:00","article_modified_time":"2010-02-03T23:06:11+00:00","og_image":[{"width":1200,"height":630,"url":"https:\/\/starke-meinungen.de\/blog\/wp-content\/uploads\/starke-meinungen-fb-header.jpg","type":"image\/jpeg"}],"author":"Gastautor","twitter_card":"summary_large_image","twitter_creator":"@starkemeinungen","twitter_site":"@starkemeinungen","twitter_misc":{"Verfasst von":"Gastautor","Gesch\u00e4tzte Lesezeit":"2\u00a0Minuten"},"schema":{"@context":"https:\/\/schema.org","@graph":[{"@type":"Article","@id":"https:\/\/starke-meinungen.de\/blog\/2010\/02\/03\/teilt-die-schweiz-auf\/#article","isPartOf":{"@id":"https:\/\/starke-meinungen.de\/blog\/2010\/02\/03\/teilt-die-schweiz-auf\/"},"author":{"name":"Gastautor","@id":"https:\/\/starke-meinungen.de\/blog\/#\/schema\/person\/a03e0a730dd4d63894dcc16cdbaa6b64"},"headline":"Teilt die Schweiz auf!","datePublished":"2010-02-03T09:55:45+00:00","dateModified":"2010-02-03T23:06:11+00:00","mainEntityOfPage":{"@id":"https:\/\/starke-meinungen.de\/blog\/2010\/02\/03\/teilt-die-schweiz-auf\/"},"wordCount":472,"commentCount":13,"publisher":{"@id":"https:\/\/starke-meinungen.de\/blog\/#organization"},"keywords":["Bankgeheimnis","Finanzministerium","Neutralit\u00e4t","Schweiz","Steuerparadies","Steuers\u00fcnder","Wohlstand"],"articleSection":{"1":"Gastautor"},"inLanguage":"de","potentialAction":[{"@type":"CommentAction","name":"Comment","target":["https:\/\/starke-meinungen.de\/blog\/2010\/02\/03\/teilt-die-schweiz-auf\/#respond"]}]},{"@type":"WebPage","@id":"https:\/\/starke-meinungen.de\/blog\/2010\/02\/03\/teilt-die-schweiz-auf\/","url":"https:\/\/starke-meinungen.de\/blog\/2010\/02\/03\/teilt-die-schweiz-auf\/","name":"Teilt die Schweiz auf! - starke-meinungen.de","isPartOf":{"@id":"https:\/\/starke-meinungen.de\/blog\/#website"},"datePublished":"2010-02-03T09:55:45+00:00","dateModified":"2010-02-03T23:06:11+00:00","breadcrumb":{"@id":"https:\/\/starke-meinungen.de\/blog\/2010\/02\/03\/teilt-die-schweiz-auf\/#breadcrumb"},"inLanguage":"de","potentialAction":[{"@type":"ReadAction","target":["https:\/\/starke-meinungen.de\/blog\/2010\/02\/03\/teilt-die-schweiz-auf\/"]}]},{"@type":"BreadcrumbList","@id":"https:\/\/starke-meinungen.de\/blog\/2010\/02\/03\/teilt-die-schweiz-auf\/#breadcrumb","itemListElement":[{"@type":"ListItem","position":1,"name":"Startseite","item":"https:\/\/starke-meinungen.de\/blog\/"},{"@type":"ListItem","position":2,"name":"Teilt die Schweiz auf!"}]},{"@type":"WebSite","@id":"https:\/\/starke-meinungen.de\/blog\/#website","url":"https:\/\/starke-meinungen.de\/blog\/","name":"starke-meinungen.de","description":"Autoren-Blog","publisher":{"@id":"https:\/\/starke-meinungen.de\/blog\/#organization"},"potentialAction":[{"@type":"SearchAction","target":{"@type":"EntryPoint","urlTemplate":"https:\/\/starke-meinungen.de\/blog\/?s={search_term_string}"},"query-input":{"@type":"PropertyValueSpecification","valueRequired":true,"valueName":"search_term_string"}}],"inLanguage":"de"},{"@type":"Organization","@id":"https:\/\/starke-meinungen.de\/blog\/#organization","name":"starke-meinungen.de","url":"https:\/\/starke-meinungen.de\/blog\/","logo":{"@type":"ImageObject","inLanguage":"de","@id":"https:\/\/starke-meinungen.de\/blog\/#\/schema\/logo\/image\/","url":"https:\/\/starke-meinungen.de\/blog\/wp-content\/uploads\/starke-meinungen-fb-header.jpg","contentUrl":"https:\/\/starke-meinungen.de\/blog\/wp-content\/uploads\/starke-meinungen-fb-header.jpg","width":1200,"height":630,"caption":"starke-meinungen.de"},"image":{"@id":"https:\/\/starke-meinungen.de\/blog\/#\/schema\/logo\/image\/"},"sameAs":["https:\/\/www.facebook.com\/starkemeinungen\/","https:\/\/x.com\/starkemeinungen"]},{"@type":"Person","@id":"https:\/\/starke-meinungen.de\/blog\/#\/schema\/person\/a03e0a730dd4d63894dcc16cdbaa6b64","name":"Gastautor","image":{"@type":"ImageObject","inLanguage":"de","@id":"https:\/\/secure.gravatar.com\/avatar\/8759fb61d9b27c08334d4e02d0a8ea6eb0fc0c3602cd7c3e58c0c89a6adba588?s=96&d=mm&r=g","url":"https:\/\/secure.gravatar.com\/avatar\/8759fb61d9b27c08334d4e02d0a8ea6eb0fc0c3602cd7c3e58c0c89a6adba588?s=96&d=mm&r=g","contentUrl":"https:\/\/secure.gravatar.com\/avatar\/8759fb61d9b27c08334d4e02d0a8ea6eb0fc0c3602cd7c3e58c0c89a6adba588?s=96&d=mm&r=g","caption":"Gastautor"},"url":"https:\/\/starke-meinungen.de\/blog\/author\/gastautor\/"}]}},"_links":{"self":[{"href":"https:\/\/starke-meinungen.de\/blog\/wp-json\/wp\/v2\/posts\/936","targetHints":{"allow":["GET"]}}],"collection":[{"href":"https:\/\/starke-meinungen.de\/blog\/wp-json\/wp\/v2\/posts"}],"about":[{"href":"https:\/\/starke-meinungen.de\/blog\/wp-json\/wp\/v2\/types\/post"}],"author":[{"embeddable":true,"href":"https:\/\/starke-meinungen.de\/blog\/wp-json\/wp\/v2\/users\/15"}],"replies":[{"embeddable":true,"href":"https:\/\/starke-meinungen.de\/blog\/wp-json\/wp\/v2\/comments?post=936"}],"version-history":[{"count":5,"href":"https:\/\/starke-meinungen.de\/blog\/wp-json\/wp\/v2\/posts\/936\/revisions"}],"predecessor-version":[{"id":942,"href":"https:\/\/starke-meinungen.de\/blog\/wp-json\/wp\/v2\/posts\/936\/revisions\/942"}],"wp:attachment":[{"href":"https:\/\/starke-meinungen.de\/blog\/wp-json\/wp\/v2\/media?parent=936"}],"wp:term":[{"taxonomy":"category","embeddable":true,"href":"https:\/\/starke-meinungen.de\/blog\/wp-json\/wp\/v2\/categories?post=936"},{"taxonomy":"post_tag","embeddable":true,"href":"https:\/\/starke-meinungen.de\/blog\/wp-json\/wp\/v2\/tags?post=936"}],"curies":[{"name":"wp","href":"https:\/\/api.w.org\/{rel}","templated":true}]}}