

{"id":930,"date":"2010-02-02T00:01:08","date_gmt":"2010-02-01T23:01:08","guid":{"rendered":"https:\/\/starke-meinungen.de\/blog\/?p=930"},"modified":"2010-02-01T12:36:18","modified_gmt":"2010-02-01T11:36:18","slug":"islamophobie-und-sekundarer-antisemitismus","status":"publish","type":"post","link":"https:\/\/starke-meinungen.de\/blog\/2010\/02\/02\/islamophobie-und-sekundarer-antisemitismus\/","title":{"rendered":"Islamophobie und sekund\u00e4rer Antisemitismus"},"content":{"rendered":"<p>So lange in Deutschland des Holocausts gedacht wird, so lange gibt es Leute, die das unangenehm finden. Das bekannteste Beispiel ist Martin Walser, der sich vor Jahren unter dem Beifall der versammelten deutschen Elite ausgerechnet in der Paulskirche dazu bekannte, lieber wegzusehen, wenn im Fernsehen wieder einmal die deutschen Verbrechen dargestellt werden und die Vermutung aussprach, \u201eman\u201c wolle \u201euns\u201c damit\u00a0 verletzen. F\u00fcr diese Art von \u00c4u\u00dferungen und Haltungen, gibt es mittlerweile einen Begriff: Man redet von \u201esekund\u00e4rem Antisemitismus\u201c.<\/p>\n<p>Dieses Jahr k\u00f6nnen sich diejenigen freuen, die wie Walser genug vom Gedenken haben. <!--more-->Im Vorfeld des diesj\u00e4hrigen Holocaust-Gedenktages haben sich j\u00fcdische Autoren \u00e4hnlich ge\u00e4u\u00dfert. Und, wie man wei\u00df, ist das wichtigste Argument des Antisemiten immer: \u201eDas sagen ja die Juden selber!\u201c\u00a0 In der israelischen Zeitung Ha&#8217;aretz schrieb der in Berlin lebende New Yorker Benjamin Weinthal: &#8222;Die Erinnerung an die Shoah \u00e4hnelt in Deutschland inzwischen einer Form von Zwangsneurose&#8220; \u2013 dem Waschzwang n\u00e4mlich.<\/p>\n<p>Und ausgerechnet im &#8222;Tagesspiegel&#8220;, dem Zentralorgan des West-Berliner Juste-Milieus, startete Weinthals F\u00f6rderer Henryk M. Broder (bekannt durch B\u00fccher wie\u00a0 \u201eDie Irren von Zion\u201c und \u201eDeutsche Leidkultur\u201c) einen Angriff auf &#8222;Jammerjuden, die in jeder Talkshow erz\u00e4hlen, wie viele Angeh\u00f6rige sie im Holocaust verloren haben und wie sehr sie sich heute vor der NPD f\u00fcrchten&#8220;.<\/p>\n<p>Nun wollen wir nicht unfair sein. Broder wollte nicht etwa, wie Walser, das deutsche gute Gewissen gegen Zumutungen verteidigen. Im Gegenteil. Broder meint, das Holocaust-Gedenken sei ein leeres Ritual, wenn aus ihm nicht die Entschlossenheit erw\u00e4chst, den heutigen Islamismus zu bek\u00e4mpfen.<\/p>\n<p>Freilich ist es nicht ganz klar, ob und wo Broder die Grenze zwischen Islamismus und Islam zieht; und ob beziehungsweise wo er eine Grenze zieht zu jenen, die unter dem Deckmantel des Kampfs gegen den Islamismus einfach ihrer eigenen Fremdenfeindlichkeit und Islamophobie fr\u00f6nen. So hat Broder nicht nur das Schweizer Minarettverbot begr\u00fc\u00dft, sondern auch den holl\u00e4ndischen Rechtspopulisten Geert Wilders als &#8222;Radikalliberalen&#8220; gelobt. Wilders h\u00e4lt den Koran f\u00fcr ein \u201efaschistisches\u201c Machwerk, fordert eine \u201eKopftuchsteuer\u201c und unterh\u00e4lt freundschaftliche Beziehungen zur FP\u00d6 (Wahlslogan 2009: \u201eUnser Kurs ist klar: Abendland in Christenhand\u201c), die aus ihrem Antisemitismus keinen Hehl macht, mit ungarischen Faschisten turtelt und die jedenfalls zu Zeiten J\u00f6rg Haiders unseligen Angedenkens gute Beziehungen zum Iran unterhielt.<\/p>\n<p>Das Mainstream-Judentum in Deutschland und anderswo hat hingegen immer \u2013 allen Zumutungen zum Trotz \u2013 den muslimischen Gemeinschaften die Hand ausgestreckt, weil es zu Recht sp\u00fcrte, dass Fremdenfeindlichkeit, Rassismus und Islamophobie nat\u00fcrliche Bundesgenossen des Antisemitismus sind, auch wenn einige radikale Moslemhasser wie Geert Wilders sagen, sie liebten Israel &#8211; &#8222;weil es den islamischen Terrorismus bek\u00e4mpft&#8220;. (Was so ziemlich der schlechteste Grund ist, den j\u00fcdischen Staat zu lieben, den man sich denken kann.)<\/p>\n<p>In seinem Tagesspiegel-Artikel stellt Broder die rhetorische Frage,\u00a0 \u201eob der Islam tats\u00e4chlich eine Religion des Friedens ist oder vielleicht eher eine religi\u00f6s verbr\u00e4mte Ideologie der Unterwerfung\u201c. Es liegt auf der Hand, dass es auf diese Schein-Frage keine Antwort geben kann, was sofort einleuchtet, wenn man ein Gedankenexperiment vornimmt und im vorliegenden Zitat\u00a0 \u201eder Islam\u201c durch \u201edas Christentum\u201c ersetzt.<\/p>\n<p>Aus jeder Religion kann man so ziemlich alles herauslesen; auch deshalb ist die Religionskritik so bitter n\u00f6tig, und nirgendwo n\u00f6tiger als im Islam. Aber es besteht ein Unterschied zwischen der Religionskritik und der Diffamierung aller Angeh\u00f6rigen einer Religion als Anh\u00e4nger einer \u201eIdeologie der Unterwerfung\u201c. Im Zusammenhang einer solchen Diffamierung laufen die Positionen Broders und Weinthals auf Folgendes hinaus: Deutschland erwache, h\u00f6r auf damit, dich wegen deiner Vergangenheit zu gei\u00dfeln, h\u00f6r auf, den &#8222;Jammerjuden&#8220; zuzuh\u00f6ren und schlie\u00dfe dich dem Kreuzzug gegen jene Millionen Muslime an, die \u201eUnterwerfung\u201c fordern.<\/p>\n<p>Es ist klar, dass diese Botschaft viele Deutsche anspricht, die begierig sind, sich ihrer Verantwortung daf\u00fcr zu entledigen, das Gedenken an den Holocaust aufrechtzuerhalten \u2013 vor allem, weil sie ihnen erlaubt, in Fremdenfeindlichkeit gegen\u00fcber Muslimen zu schwelgen und sich gleichzeitig gut dabei zu f\u00fchlen. Schlie\u00dflich haben sie jetzt aus berufenem Munde das Koscher-Siegel erhalten. So f\u00f6rdert die Islamophobie den sekund\u00e4ren Antisemitismus.<\/p>\n<p>Was niemanden wundern d\u00fcrfte. Denn wie der \u2013 bezeichnenderweise besonders von Weinthal mit pers\u00f6nlichem Hass verfolgte \u2013 Leiter des Berliner Zentrums f\u00fcr Antisemitismusforschung Wolfgang Benz feststellt, und wie die Vorurteilsforschung seit langem wei\u00df, \u00e4hneln sich die Grundmuster aller Phobien \u2013 gegen Schwule oder Freimaurer, Amerikaner oder Muslime \u2013 und folgen jenem f\u00fcrchterlichen Urmuster, das der christliche Antijudaismus vorgab und das leider nicht in Auschwitz endete.<\/p>\n<div class=\"shariff shariff-align-left shariff-widget-align-left shariff-buttonstretch\" style=\"display:none\"><ul class=\"shariff-buttons theme-white orientation-horizontal buttonsize-medium\"><li class=\"shariff-button facebook shariff-nocustomcolor\" style=\"background-color:#4273c8\"><a href=\"https:\/\/www.facebook.com\/sharer\/sharer.php?u=https%3A%2F%2Fstarke-meinungen.de%2Fblog%2F2010%2F02%2F02%2Fislamophobie-und-sekundarer-antisemitismus%2F\" title=\"Bei Facebook teilen\" aria-label=\"Bei Facebook teilen\" role=\"button\" rel=\"nofollow\" class=\"shariff-link\" style=\"; background-color:#3b5998; color:#3b5998\" target=\"_blank\"><span class=\"shariff-icon\" style=\"fill:#3b5998\"><svg width=\"32px\" height=\"20px\" xmlns=\"http:\/\/www.w3.org\/2000\/svg\" viewBox=\"0 0 18 32\"><path fill=\"#3b5998\" d=\"M17.1 0.2v4.7h-2.8q-1.5 0-2.1 0.6t-0.5 1.9v3.4h5.2l-0.7 5.3h-4.5v13.6h-5.5v-13.6h-4.5v-5.3h4.5v-3.9q0-3.3 1.9-5.2t5-1.8q2.6 0 4.1 0.2z\"\/><\/svg><\/span><span class=\"shariff-text\" style=\"color:#3b5998\">teilen<\/span>&nbsp;<\/a><\/li><li class=\"shariff-button twitter shariff-nocustomcolor\" style=\"background-color:#595959\"><a href=\"https:\/\/twitter.com\/share?url=https%3A%2F%2Fstarke-meinungen.de%2Fblog%2F2010%2F02%2F02%2Fislamophobie-und-sekundarer-antisemitismus%2F&text=Islamophobie%20und%20sekund%C3%A4rer%20Antisemitismus&via=starkemeinungen\" title=\"Bei X teilen\" aria-label=\"Bei X teilen\" role=\"button\" rel=\"noopener nofollow\" class=\"shariff-link\" style=\"; background-color:#000; color:#000\" target=\"_blank\"><span class=\"shariff-icon\" style=\"fill:#000\"><svg width=\"32px\" height=\"20px\" xmlns=\"http:\/\/www.w3.org\/2000\/svg\" viewBox=\"0 0 24 24\"><path fill=\"#000\" d=\"M14.258 10.152L23.176 0h-2.113l-7.747 8.813L7.133 0H0l9.352 13.328L0 23.973h2.113l8.176-9.309 6.531 9.309h7.133zm-2.895 3.293l-.949-1.328L2.875 1.56h3.246l6.086 8.523.945 1.328 7.91 11.078h-3.246zm0 0\"\/><\/svg><\/span><span class=\"shariff-text\" style=\"color:#000\">teilen<\/span>&nbsp;<\/a><\/li><li class=\"shariff-button linkedin shariff-nocustomcolor\" style=\"background-color:#1488bf\"><a href=\"https:\/\/www.linkedin.com\/sharing\/share-offsite\/?url=https%3A%2F%2Fstarke-meinungen.de%2Fblog%2F2010%2F02%2F02%2Fislamophobie-und-sekundarer-antisemitismus%2F\" title=\"Bei LinkedIn teilen\" aria-label=\"Bei LinkedIn teilen\" role=\"button\" rel=\"noopener nofollow\" class=\"shariff-link\" style=\"; background-color:#0077b5; color:#0077b5\" target=\"_blank\"><span class=\"shariff-icon\" style=\"fill:#0077b5\"><svg width=\"32px\" height=\"20px\" xmlns=\"http:\/\/www.w3.org\/2000\/svg\" viewBox=\"0 0 27 32\"><path fill=\"#0077b5\" d=\"M6.2 11.2v17.7h-5.9v-17.7h5.9zM6.6 5.7q0 1.3-0.9 2.2t-2.4 0.9h0q-1.5 0-2.4-0.9t-0.9-2.2 0.9-2.2 2.4-0.9 2.4 0.9 0.9 2.2zM27.4 18.7v10.1h-5.9v-9.5q0-1.9-0.7-2.9t-2.3-1.1q-1.1 0-1.9 0.6t-1.2 1.5q-0.2 0.5-0.2 1.4v9.9h-5.9q0-7.1 0-11.6t0-5.3l0-0.9h5.9v2.6h0q0.4-0.6 0.7-1t1-0.9 1.6-0.8 2-0.3q3 0 4.9 2t1.9 6z\"\/><\/svg><\/span><span class=\"shariff-text\" style=\"color:#0077b5\">teilen<\/span>&nbsp;<\/a><\/li><li class=\"shariff-button xing shariff-nocustomcolor\" style=\"background-color:#29888a\"><a href=\"https:\/\/www.xing.com\/spi\/shares\/new?url=https%3A%2F%2Fstarke-meinungen.de%2Fblog%2F2010%2F02%2F02%2Fislamophobie-und-sekundarer-antisemitismus%2F\" title=\"Bei XING teilen\" aria-label=\"Bei XING teilen\" role=\"button\" rel=\"noopener nofollow\" class=\"shariff-link\" style=\"; background-color:#126567; color:#126567\" target=\"_blank\"><span class=\"shariff-icon\" style=\"fill:#126567\"><svg width=\"32px\" height=\"20px\" xmlns=\"http:\/\/www.w3.org\/2000\/svg\" viewBox=\"0 0 25 32\"><path fill=\"#126567\" d=\"M10.7 11.9q-0.2 0.3-4.6 8.2-0.5 0.8-1.2 0.8h-4.3q-0.4 0-0.5-0.3t0-0.6l4.5-8q0 0 0 0l-2.9-5q-0.2-0.4 0-0.7 0.2-0.3 0.5-0.3h4.3q0.7 0 1.2 0.8zM25.1 0.4q0.2 0.3 0 0.7l-9.4 16.7 6 11q0.2 0.4 0 0.6-0.2 0.3-0.6 0.3h-4.3q-0.7 0-1.2-0.8l-6-11.1q0.3-0.6 9.5-16.8 0.4-0.8 1.2-0.8h4.3q0.4 0 0.5 0.3z\"\/><\/svg><\/span><span class=\"shariff-text\" style=\"color:#126567\">teilen<\/span>&nbsp;<\/a><\/li><li class=\"shariff-button whatsapp shariff-nocustomcolor\" style=\"background-color:#5cbe4a\"><a href=\"https:\/\/api.whatsapp.com\/send?text=https%3A%2F%2Fstarke-meinungen.de%2Fblog%2F2010%2F02%2F02%2Fislamophobie-und-sekundarer-antisemitismus%2F%20Islamophobie%20und%20sekund%C3%A4rer%20Antisemitismus\" title=\"Bei Whatsapp teilen\" aria-label=\"Bei Whatsapp teilen\" role=\"button\" rel=\"noopener nofollow\" class=\"shariff-link\" style=\"; background-color:#34af23; color:#34af23\" target=\"_blank\"><span class=\"shariff-icon\" style=\"fill:#34af23\"><svg width=\"32px\" height=\"20px\" xmlns=\"http:\/\/www.w3.org\/2000\/svg\" viewBox=\"0 0 32 32\"><path fill=\"#34af23\" d=\"M17.6 17.4q0.2 0 1.7 0.8t1.6 0.9q0 0.1 0 0.3 0 0.6-0.3 1.4-0.3 0.7-1.3 1.2t-1.8 0.5q-1 0-3.4-1.1-1.7-0.8-3-2.1t-2.6-3.3q-1.3-1.9-1.3-3.5v-0.1q0.1-1.6 1.3-2.8 0.4-0.4 0.9-0.4 0.1 0 0.3 0t0.3 0q0.3 0 0.5 0.1t0.3 0.5q0.1 0.4 0.6 1.6t0.4 1.3q0 0.4-0.6 1t-0.6 0.8q0 0.1 0.1 0.3 0.6 1.3 1.8 2.4 1 0.9 2.7 1.8 0.2 0.1 0.4 0.1 0.3 0 1-0.9t0.9-0.9zM14 26.9q2.3 0 4.3-0.9t3.6-2.4 2.4-3.6 0.9-4.3-0.9-4.3-2.4-3.6-3.6-2.4-4.3-0.9-4.3 0.9-3.6 2.4-2.4 3.6-0.9 4.3q0 3.6 2.1 6.6l-1.4 4.2 4.3-1.4q2.8 1.9 6.2 1.9zM14 2.2q2.7 0 5.2 1.1t4.3 2.9 2.9 4.3 1.1 5.2-1.1 5.2-2.9 4.3-4.3 2.9-5.2 1.1q-3.5 0-6.5-1.7l-7.4 2.4 2.4-7.2q-1.9-3.2-1.9-6.9 0-2.7 1.1-5.2t2.9-4.3 4.3-2.9 5.2-1.1z\"\/><\/svg><\/span><span class=\"shariff-text\" style=\"color:#34af23\">teilen<\/span>&nbsp;<\/a><\/li><li class=\"shariff-button info shariff-nocustomcolor\" style=\"background-color:#a8a8a8\"><a href=\"http:\/\/ct.de\/-2467514\" title=\"Weitere Informationen\" aria-label=\"Weitere Informationen\" role=\"button\" rel=\"noopener \" class=\"shariff-link\" style=\"; background-color:#999; color:#999\" target=\"_blank\"><span class=\"shariff-icon\" style=\"fill:#999\"><svg width=\"32px\" height=\"20px\" xmlns=\"http:\/\/www.w3.org\/2000\/svg\" viewBox=\"0 0 11 32\"><path fill=\"#999\" d=\"M11.4 24v2.3q0 0.5-0.3 0.8t-0.8 0.4h-9.1q-0.5 0-0.8-0.4t-0.4-0.8v-2.3q0-0.5 0.4-0.8t0.8-0.4h1.1v-6.8h-1.1q-0.5 0-0.8-0.4t-0.4-0.8v-2.3q0-0.5 0.4-0.8t0.8-0.4h6.8q0.5 0 0.8 0.4t0.4 0.8v10.3h1.1q0.5 0 0.8 0.4t0.3 0.8zM9.2 3.4v3.4q0 0.5-0.4 0.8t-0.8 0.4h-4.6q-0.4 0-0.8-0.4t-0.4-0.8v-3.4q0-0.4 0.4-0.8t0.8-0.4h4.6q0.5 0 0.8 0.4t0.4 0.8z\"\/><\/svg><\/span><\/a><\/li><\/ul><\/div>","protected":false},"excerpt":{"rendered":"<p>So lange in Deutschland des Holocausts gedacht wird, so lange gibt es Leute, die das unangenehm finden. Das bekannteste Beispiel ist Martin Walser, der sich vor Jahren unter dem Beifall der versammelten deutschen Elite ausgerechnet in der Paulskirche dazu bekannte, lieber wegzusehen, wenn im Fernsehen wieder einmal die deutschen Verbrechen dargestellt werden und die Vermutung aussprach, \u201eman\u201c wolle \u201euns\u201c damit\u00a0&#8230; <a href=\"https:\/\/starke-meinungen.de\/blog\/2010\/02\/02\/islamophobie-und-sekundarer-antisemitismus\/\">Weiterlesen &raquo;<\/a><\/p>\n","protected":false},"author":13,"featured_media":0,"comment_status":"open","ping_status":"open","sticky":false,"template":"","format":"standard","meta":{"footnotes":""},"categories":[209,1],"tags":[371,625,626,623,622,628,624,627],"class_list":["post-930","post","type-post","status-publish","format-standard","hentry","category-alan-posener","category-allgemein","tag-antisemitismus","tag-benjamin-weinthal","tag-henryk-m-broder","tag-holocaust","tag-islamophobie","tag-judentum","tag-martin-walser","tag-minarettverbot"],"yoast_head":"<!-- This site is optimized with the Yoast SEO plugin v27.5 - https:\/\/yoast.com\/product\/yoast-seo-wordpress\/ -->\n<title>Islamophobie und sekund\u00e4rer Antisemitismus - starke-meinungen.de<\/title>\n<meta name=\"robots\" content=\"index, follow, max-snippet:-1, max-image-preview:large, max-video-preview:-1\" \/>\n<link rel=\"canonical\" href=\"https:\/\/starke-meinungen.de\/blog\/2010\/02\/02\/islamophobie-und-sekundarer-antisemitismus\/\" \/>\n<meta property=\"og:locale\" content=\"de_DE\" \/>\n<meta property=\"og:type\" content=\"article\" \/>\n<meta property=\"og:title\" content=\"Islamophobie und sekund\u00e4rer Antisemitismus - starke-meinungen.de\" \/>\n<meta property=\"og:description\" content=\"So lange in Deutschland des Holocausts gedacht wird, so lange gibt es Leute, die das unangenehm finden. Das bekannteste Beispiel ist Martin Walser, der sich vor Jahren unter dem Beifall der versammelten deutschen Elite ausgerechnet in der Paulskirche dazu bekannte, lieber wegzusehen, wenn im Fernsehen wieder einmal die deutschen Verbrechen dargestellt werden und die Vermutung aussprach, \u201eman\u201c wolle \u201euns\u201c damit\u00a0... Weiterlesen &raquo;\" \/>\n<meta property=\"og:url\" content=\"https:\/\/starke-meinungen.de\/blog\/2010\/02\/02\/islamophobie-und-sekundarer-antisemitismus\/\" \/>\n<meta property=\"og:site_name\" content=\"starke-meinungen.de\" \/>\n<meta property=\"article:publisher\" content=\"https:\/\/www.facebook.com\/starkemeinungen\/\" \/>\n<meta property=\"article:published_time\" content=\"2010-02-01T23:01:08+00:00\" \/>\n<meta property=\"og:image\" content=\"https:\/\/starke-meinungen.de\/blog\/wp-content\/uploads\/starke-meinungen-fb-header.jpg\" \/>\n\t<meta property=\"og:image:width\" content=\"1200\" \/>\n\t<meta property=\"og:image:height\" content=\"630\" \/>\n\t<meta property=\"og:image:type\" content=\"image\/jpeg\" \/>\n<meta name=\"author\" content=\"Alan Posener\" \/>\n<meta name=\"twitter:card\" content=\"summary_large_image\" \/>\n<meta name=\"twitter:creator\" content=\"@starkemeinungen\" \/>\n<meta name=\"twitter:site\" content=\"@starkemeinungen\" \/>\n<meta name=\"twitter:label1\" content=\"Verfasst von\" \/>\n\t<meta name=\"twitter:data1\" content=\"Alan Posener\" \/>\n\t<meta name=\"twitter:label2\" content=\"Gesch\u00e4tzte Lesezeit\" \/>\n\t<meta name=\"twitter:data2\" content=\"4\u00a0Minuten\" \/>\n<script type=\"application\/ld+json\" class=\"yoast-schema-graph\">{\"@context\":\"https:\\\/\\\/schema.org\",\"@graph\":[{\"@type\":\"Article\",\"@id\":\"https:\\\/\\\/starke-meinungen.de\\\/blog\\\/2010\\\/02\\\/02\\\/islamophobie-und-sekundarer-antisemitismus\\\/#article\",\"isPartOf\":{\"@id\":\"https:\\\/\\\/starke-meinungen.de\\\/blog\\\/2010\\\/02\\\/02\\\/islamophobie-und-sekundarer-antisemitismus\\\/\"},\"author\":{\"name\":\"Alan Posener\",\"@id\":\"https:\\\/\\\/starke-meinungen.de\\\/blog\\\/#\\\/schema\\\/person\\\/32d0faef7c31a37c1c89be993d7a6d28\"},\"headline\":\"Islamophobie und sekund\u00e4rer Antisemitismus\",\"datePublished\":\"2010-02-01T23:01:08+00:00\",\"mainEntityOfPage\":{\"@id\":\"https:\\\/\\\/starke-meinungen.de\\\/blog\\\/2010\\\/02\\\/02\\\/islamophobie-und-sekundarer-antisemitismus\\\/\"},\"wordCount\":746,\"commentCount\":43,\"publisher\":{\"@id\":\"https:\\\/\\\/starke-meinungen.de\\\/blog\\\/#organization\"},\"keywords\":[\"Antisemitismus\",\"Benjamin Weinthal\",\"Henryk M. Broder\",\"Holocaust\",\"Islamophobie\",\"Judentum\",\"Martin Walser\",\"Minarettverbot\"],\"articleSection\":[\"Alan Posener\"],\"inLanguage\":\"de\",\"potentialAction\":[{\"@type\":\"CommentAction\",\"name\":\"Comment\",\"target\":[\"https:\\\/\\\/starke-meinungen.de\\\/blog\\\/2010\\\/02\\\/02\\\/islamophobie-und-sekundarer-antisemitismus\\\/#respond\"]}]},{\"@type\":\"WebPage\",\"@id\":\"https:\\\/\\\/starke-meinungen.de\\\/blog\\\/2010\\\/02\\\/02\\\/islamophobie-und-sekundarer-antisemitismus\\\/\",\"url\":\"https:\\\/\\\/starke-meinungen.de\\\/blog\\\/2010\\\/02\\\/02\\\/islamophobie-und-sekundarer-antisemitismus\\\/\",\"name\":\"Islamophobie und sekund\u00e4rer Antisemitismus - starke-meinungen.de\",\"isPartOf\":{\"@id\":\"https:\\\/\\\/starke-meinungen.de\\\/blog\\\/#website\"},\"datePublished\":\"2010-02-01T23:01:08+00:00\",\"breadcrumb\":{\"@id\":\"https:\\\/\\\/starke-meinungen.de\\\/blog\\\/2010\\\/02\\\/02\\\/islamophobie-und-sekundarer-antisemitismus\\\/#breadcrumb\"},\"inLanguage\":\"de\",\"potentialAction\":[{\"@type\":\"ReadAction\",\"target\":[\"https:\\\/\\\/starke-meinungen.de\\\/blog\\\/2010\\\/02\\\/02\\\/islamophobie-und-sekundarer-antisemitismus\\\/\"]}]},{\"@type\":\"BreadcrumbList\",\"@id\":\"https:\\\/\\\/starke-meinungen.de\\\/blog\\\/2010\\\/02\\\/02\\\/islamophobie-und-sekundarer-antisemitismus\\\/#breadcrumb\",\"itemListElement\":[{\"@type\":\"ListItem\",\"position\":1,\"name\":\"Startseite\",\"item\":\"https:\\\/\\\/starke-meinungen.de\\\/blog\\\/\"},{\"@type\":\"ListItem\",\"position\":2,\"name\":\"Islamophobie und sekund\u00e4rer Antisemitismus\"}]},{\"@type\":\"WebSite\",\"@id\":\"https:\\\/\\\/starke-meinungen.de\\\/blog\\\/#website\",\"url\":\"https:\\\/\\\/starke-meinungen.de\\\/blog\\\/\",\"name\":\"starke-meinungen.de\",\"description\":\"Autoren-Blog\",\"publisher\":{\"@id\":\"https:\\\/\\\/starke-meinungen.de\\\/blog\\\/#organization\"},\"potentialAction\":[{\"@type\":\"SearchAction\",\"target\":{\"@type\":\"EntryPoint\",\"urlTemplate\":\"https:\\\/\\\/starke-meinungen.de\\\/blog\\\/?s={search_term_string}\"},\"query-input\":{\"@type\":\"PropertyValueSpecification\",\"valueRequired\":true,\"valueName\":\"search_term_string\"}}],\"inLanguage\":\"de\"},{\"@type\":\"Organization\",\"@id\":\"https:\\\/\\\/starke-meinungen.de\\\/blog\\\/#organization\",\"name\":\"starke-meinungen.de\",\"url\":\"https:\\\/\\\/starke-meinungen.de\\\/blog\\\/\",\"logo\":{\"@type\":\"ImageObject\",\"inLanguage\":\"de\",\"@id\":\"https:\\\/\\\/starke-meinungen.de\\\/blog\\\/#\\\/schema\\\/logo\\\/image\\\/\",\"url\":\"https:\\\/\\\/starke-meinungen.de\\\/blog\\\/wp-content\\\/uploads\\\/starke-meinungen-fb-header.jpg\",\"contentUrl\":\"https:\\\/\\\/starke-meinungen.de\\\/blog\\\/wp-content\\\/uploads\\\/starke-meinungen-fb-header.jpg\",\"width\":1200,\"height\":630,\"caption\":\"starke-meinungen.de\"},\"image\":{\"@id\":\"https:\\\/\\\/starke-meinungen.de\\\/blog\\\/#\\\/schema\\\/logo\\\/image\\\/\"},\"sameAs\":[\"https:\\\/\\\/www.facebook.com\\\/starkemeinungen\\\/\",\"https:\\\/\\\/x.com\\\/starkemeinungen\"]},{\"@type\":\"Person\",\"@id\":\"https:\\\/\\\/starke-meinungen.de\\\/blog\\\/#\\\/schema\\\/person\\\/32d0faef7c31a37c1c89be993d7a6d28\",\"name\":\"Alan Posener\",\"image\":{\"@type\":\"ImageObject\",\"inLanguage\":\"de\",\"@id\":\"https:\\\/\\\/secure.gravatar.com\\\/avatar\\\/c75c8818a9ab78c4faa75048dba7844e2587998cda4d93f84e7d86f7e21a9b90?s=96&d=mm&r=g\",\"url\":\"https:\\\/\\\/secure.gravatar.com\\\/avatar\\\/c75c8818a9ab78c4faa75048dba7844e2587998cda4d93f84e7d86f7e21a9b90?s=96&d=mm&r=g\",\"contentUrl\":\"https:\\\/\\\/secure.gravatar.com\\\/avatar\\\/c75c8818a9ab78c4faa75048dba7844e2587998cda4d93f84e7d86f7e21a9b90?s=96&d=mm&r=g\",\"caption\":\"Alan Posener\"},\"url\":\"https:\\\/\\\/starke-meinungen.de\\\/blog\\\/author\\\/posener\\\/\"}]}<\/script>\n<!-- \/ Yoast SEO plugin. -->","yoast_head_json":{"title":"Islamophobie und sekund\u00e4rer Antisemitismus - starke-meinungen.de","robots":{"index":"index","follow":"follow","max-snippet":"max-snippet:-1","max-image-preview":"max-image-preview:large","max-video-preview":"max-video-preview:-1"},"canonical":"https:\/\/starke-meinungen.de\/blog\/2010\/02\/02\/islamophobie-und-sekundarer-antisemitismus\/","og_locale":"de_DE","og_type":"article","og_title":"Islamophobie und sekund\u00e4rer Antisemitismus - starke-meinungen.de","og_description":"So lange in Deutschland des Holocausts gedacht wird, so lange gibt es Leute, die das unangenehm finden. Das bekannteste Beispiel ist Martin Walser, der sich vor Jahren unter dem Beifall der versammelten deutschen Elite ausgerechnet in der Paulskirche dazu bekannte, lieber wegzusehen, wenn im Fernsehen wieder einmal die deutschen Verbrechen dargestellt werden und die Vermutung aussprach, \u201eman\u201c wolle \u201euns\u201c damit\u00a0... Weiterlesen &raquo;","og_url":"https:\/\/starke-meinungen.de\/blog\/2010\/02\/02\/islamophobie-und-sekundarer-antisemitismus\/","og_site_name":"starke-meinungen.de","article_publisher":"https:\/\/www.facebook.com\/starkemeinungen\/","article_published_time":"2010-02-01T23:01:08+00:00","og_image":[{"width":1200,"height":630,"url":"https:\/\/starke-meinungen.de\/blog\/wp-content\/uploads\/starke-meinungen-fb-header.jpg","type":"image\/jpeg"}],"author":"Alan Posener","twitter_card":"summary_large_image","twitter_creator":"@starkemeinungen","twitter_site":"@starkemeinungen","twitter_misc":{"Verfasst von":"Alan Posener","Gesch\u00e4tzte Lesezeit":"4\u00a0Minuten"},"schema":{"@context":"https:\/\/schema.org","@graph":[{"@type":"Article","@id":"https:\/\/starke-meinungen.de\/blog\/2010\/02\/02\/islamophobie-und-sekundarer-antisemitismus\/#article","isPartOf":{"@id":"https:\/\/starke-meinungen.de\/blog\/2010\/02\/02\/islamophobie-und-sekundarer-antisemitismus\/"},"author":{"name":"Alan Posener","@id":"https:\/\/starke-meinungen.de\/blog\/#\/schema\/person\/32d0faef7c31a37c1c89be993d7a6d28"},"headline":"Islamophobie und sekund\u00e4rer Antisemitismus","datePublished":"2010-02-01T23:01:08+00:00","mainEntityOfPage":{"@id":"https:\/\/starke-meinungen.de\/blog\/2010\/02\/02\/islamophobie-und-sekundarer-antisemitismus\/"},"wordCount":746,"commentCount":43,"publisher":{"@id":"https:\/\/starke-meinungen.de\/blog\/#organization"},"keywords":["Antisemitismus","Benjamin Weinthal","Henryk M. Broder","Holocaust","Islamophobie","Judentum","Martin Walser","Minarettverbot"],"articleSection":["Alan Posener"],"inLanguage":"de","potentialAction":[{"@type":"CommentAction","name":"Comment","target":["https:\/\/starke-meinungen.de\/blog\/2010\/02\/02\/islamophobie-und-sekundarer-antisemitismus\/#respond"]}]},{"@type":"WebPage","@id":"https:\/\/starke-meinungen.de\/blog\/2010\/02\/02\/islamophobie-und-sekundarer-antisemitismus\/","url":"https:\/\/starke-meinungen.de\/blog\/2010\/02\/02\/islamophobie-und-sekundarer-antisemitismus\/","name":"Islamophobie und sekund\u00e4rer Antisemitismus - starke-meinungen.de","isPartOf":{"@id":"https:\/\/starke-meinungen.de\/blog\/#website"},"datePublished":"2010-02-01T23:01:08+00:00","breadcrumb":{"@id":"https:\/\/starke-meinungen.de\/blog\/2010\/02\/02\/islamophobie-und-sekundarer-antisemitismus\/#breadcrumb"},"inLanguage":"de","potentialAction":[{"@type":"ReadAction","target":["https:\/\/starke-meinungen.de\/blog\/2010\/02\/02\/islamophobie-und-sekundarer-antisemitismus\/"]}]},{"@type":"BreadcrumbList","@id":"https:\/\/starke-meinungen.de\/blog\/2010\/02\/02\/islamophobie-und-sekundarer-antisemitismus\/#breadcrumb","itemListElement":[{"@type":"ListItem","position":1,"name":"Startseite","item":"https:\/\/starke-meinungen.de\/blog\/"},{"@type":"ListItem","position":2,"name":"Islamophobie und sekund\u00e4rer Antisemitismus"}]},{"@type":"WebSite","@id":"https:\/\/starke-meinungen.de\/blog\/#website","url":"https:\/\/starke-meinungen.de\/blog\/","name":"starke-meinungen.de","description":"Autoren-Blog","publisher":{"@id":"https:\/\/starke-meinungen.de\/blog\/#organization"},"potentialAction":[{"@type":"SearchAction","target":{"@type":"EntryPoint","urlTemplate":"https:\/\/starke-meinungen.de\/blog\/?s={search_term_string}"},"query-input":{"@type":"PropertyValueSpecification","valueRequired":true,"valueName":"search_term_string"}}],"inLanguage":"de"},{"@type":"Organization","@id":"https:\/\/starke-meinungen.de\/blog\/#organization","name":"starke-meinungen.de","url":"https:\/\/starke-meinungen.de\/blog\/","logo":{"@type":"ImageObject","inLanguage":"de","@id":"https:\/\/starke-meinungen.de\/blog\/#\/schema\/logo\/image\/","url":"https:\/\/starke-meinungen.de\/blog\/wp-content\/uploads\/starke-meinungen-fb-header.jpg","contentUrl":"https:\/\/starke-meinungen.de\/blog\/wp-content\/uploads\/starke-meinungen-fb-header.jpg","width":1200,"height":630,"caption":"starke-meinungen.de"},"image":{"@id":"https:\/\/starke-meinungen.de\/blog\/#\/schema\/logo\/image\/"},"sameAs":["https:\/\/www.facebook.com\/starkemeinungen\/","https:\/\/x.com\/starkemeinungen"]},{"@type":"Person","@id":"https:\/\/starke-meinungen.de\/blog\/#\/schema\/person\/32d0faef7c31a37c1c89be993d7a6d28","name":"Alan Posener","image":{"@type":"ImageObject","inLanguage":"de","@id":"https:\/\/secure.gravatar.com\/avatar\/c75c8818a9ab78c4faa75048dba7844e2587998cda4d93f84e7d86f7e21a9b90?s=96&d=mm&r=g","url":"https:\/\/secure.gravatar.com\/avatar\/c75c8818a9ab78c4faa75048dba7844e2587998cda4d93f84e7d86f7e21a9b90?s=96&d=mm&r=g","contentUrl":"https:\/\/secure.gravatar.com\/avatar\/c75c8818a9ab78c4faa75048dba7844e2587998cda4d93f84e7d86f7e21a9b90?s=96&d=mm&r=g","caption":"Alan Posener"},"url":"https:\/\/starke-meinungen.de\/blog\/author\/posener\/"}]}},"_links":{"self":[{"href":"https:\/\/starke-meinungen.de\/blog\/wp-json\/wp\/v2\/posts\/930","targetHints":{"allow":["GET"]}}],"collection":[{"href":"https:\/\/starke-meinungen.de\/blog\/wp-json\/wp\/v2\/posts"}],"about":[{"href":"https:\/\/starke-meinungen.de\/blog\/wp-json\/wp\/v2\/types\/post"}],"author":[{"embeddable":true,"href":"https:\/\/starke-meinungen.de\/blog\/wp-json\/wp\/v2\/users\/13"}],"replies":[{"embeddable":true,"href":"https:\/\/starke-meinungen.de\/blog\/wp-json\/wp\/v2\/comments?post=930"}],"version-history":[{"count":3,"href":"https:\/\/starke-meinungen.de\/blog\/wp-json\/wp\/v2\/posts\/930\/revisions"}],"predecessor-version":[{"id":932,"href":"https:\/\/starke-meinungen.de\/blog\/wp-json\/wp\/v2\/posts\/930\/revisions\/932"}],"wp:attachment":[{"href":"https:\/\/starke-meinungen.de\/blog\/wp-json\/wp\/v2\/media?parent=930"}],"wp:term":[{"taxonomy":"category","embeddable":true,"href":"https:\/\/starke-meinungen.de\/blog\/wp-json\/wp\/v2\/categories?post=930"},{"taxonomy":"post_tag","embeddable":true,"href":"https:\/\/starke-meinungen.de\/blog\/wp-json\/wp\/v2\/tags?post=930"}],"curies":[{"name":"wp","href":"https:\/\/api.w.org\/{rel}","templated":true}]}}