

{"id":9284,"date":"2021-11-10T11:04:05","date_gmt":"2021-11-10T10:04:05","guid":{"rendered":"https:\/\/starke-meinungen.de\/blog\/?p=9284"},"modified":"2021-11-10T11:06:51","modified_gmt":"2021-11-10T10:06:51","slug":"a-a-a-alles-a-a-a-antisemiten-falsche-lehren-aus-dem-fall-gil-ofarim","status":"publish","type":"post","link":"https:\/\/starke-meinungen.de\/blog\/2021\/11\/10\/a-a-a-alles-a-a-a-antisemiten-falsche-lehren-aus-dem-fall-gil-ofarim\/","title":{"rendered":"A-a-alles A-a-Antisemiten? Falsche Lehren aus dem Fall Gil Ofarim"},"content":{"rendered":"<p>Wurde Gil Ofarim im Leipziger Westin Grand antisemitisch beleidigt? Hat er sich das nur eingebildet? Hat er gar, aus anderem Grund verstimmt, die Antisemitismus-Karte gezogen, um sich an einem Mitarbeiter des Hotels zu r\u00e4chen? Wir wissen es nicht. Allerdings hat man sich in den unsozialen Medien und den Kommentarspalten l\u00e4ngst seine Meinung gebildet. Und die ist \u00fcberwiegend h\u00e4sslich.<\/p>\n<p><!--more--><\/p>\n<p>Sie m\u00fcssen mir nicht glauben, dass die folgenden, mehr oder weniger willk\u00fcrlich herausgesuchten Leserkommentare aus einem respektablen Medium durchaus typisch sind. Wenn Sie mir nicht glauben, pr\u00fcfen Sie es im Medium Ihrer Wahl nach. \u201eGerade wegen solcher j\u00fcdischer (sic) Personen wird es jetzt noch mehr antisemitische \u00dcbergriffe geben!!!\u201c meint etwa ein \u201eMarkus K.\u201c Man merke: \u201ePersonen\u201c, plural. Als ob falsche Anschuldigungen des Antisemitismus \u2013 Herr K. hat sich hier schon entschieden \u2013 immer wieder von \u201ej\u00fcdischen Personen\u201c vorgebracht w\u00fcrden.<\/p>\n<p>\u201eOpticus\u201c meinte: \u201eDer eigentliche Skandal ist, dass der erfundene und mit schauspielerischer Kaltschn\u00e4uzigkeit vorgetragener Vorfall bis in die Tagesthemen geschafft hatte, um Millionen Deutsche an ihrer ewigen Erbs\u00fcnde zu erinnern.\u201c Die falsche Grammatik mal beiseitegelassen: Das Ressentiment wegen der \u2013 von niemandem unterstellten \u2013 \u201eErbs\u00fcnde\u201c durchzieht viele Kommentare. Dabei ging und geht es gar nicht um die Geschichte. Sondern um Antisemitismus heute.<\/p>\n<p><strong>Haben sich die Medien zu fr\u00fch solidarisiert?<\/strong><\/p>\n<p>Viele, vielleicht die meisten, Kommentare nahmen sich \u2013 wie \u201eOpticus\u201c \u2013 die Medien und die Politik vor. Der Tenor war, so hat es auch Yascha Mounk auf \u201eZeitonline\u201c <a href=\"https:\/\/www.zeit.de\/2021\/45\/fall-gil-ofarim-debatte-antisemitismus-vorwurf-faktenlage\" target=\"_blank\" rel=\"noopener\">formuliert<\/a>: \u201eRecherchiert, bevor ihr anklagt!\u201c Freilich ist Mounk kein Journalist. In der Theorie klingt das nachvollziehbar. In der Praxis wird man kaum jeden Bericht eines Opfers von Antisemitismus, Rassismus, Frauenfeindlichkeit, Schwulenhass, Islamhass, Islamismus usw. mit einem Fragezeichen versehen k\u00f6nnen. Tats\u00e4chlich \u00fcbrigens haben die meisten, wenn nicht alle Berichte \u00fcber Gil Ofarim den Hinweis enthalten, dass die Beschuldigten die Angaben Ofarims bestreiten und Anzeige erstattet haben.<\/p>\n<p>Dass man sich zuerst mit dem Opfer solidarisiert, ist aber nicht kritisierenswert; dass dies hier und dort ausgenutzt wird, ist allein jenen anzulasten, die jene Solidarit\u00e4t ausnutzen. Ja, es gab schon mal falsche Vergewaltigungsvorw\u00fcrfe. Ja, es wurden hin und wieder rassistische Angriffe vorget\u00e4uscht. Und in einer Gesellschaft, die ich in einem E-Book als \u201eDie emp\u00f6rte Republik\u201c <a href=\"https:\/\/www.fr.de\/meinung\/entpoert-euch-11177103.html\" target=\"_blank\" rel=\"noopener\">bezeichnet<\/a> habe, f\u00fchren solche F\u00e4lle zu einem Hochschaukeln von Emp\u00f6rung und Gegenemp\u00f6rung. Aber die F\u00e4lle gibt es nur, weil es Vergewaltigung gibt, weil es Rassismus gibt, weil es Antisemitismus gibt.<\/p>\n<p><strong>Kein Platz f\u00fcr Antisemitismus in Deutschland?<\/strong><\/p>\n<p>Als es noch opportun war, sich mit Ofarim zu solidarisieren, beeilten sich Politiker aller Parteien, auf Twitter oder per Presseerkl\u00e4rung zu versichern, dass es in Deutschland \u201ekeinen Platz f\u00fcr Antisemitismus\u201c gebe. Sch\u00f6n w\u00e4r\u2019s.<\/p>\n<p>Ofarim hat vielleicht \u2013 vielleicht aber auch nicht \u2013 den Vorfall in Leipzig erfunden. Aber er ist ein gebranntes Kind, erstens. Vor drei Jahren erz\u00e4hlte er bei Frank Plasberg, wie es ihm als Kind in M\u00fcnchen ging: Oft habe er Hakenkreuze auf der Schulbank gefunden. Jeden Monat sei Hundekot im Briefkasten gewesen. Antisemitismus sei f\u00fcr ihn \u201eAlltag\u201c. Das gibt ihm nat\u00fcrlich nicht das Recht, Antisemitismus dort zu unterstellen, wo er nicht vorhanden ist. \u00dcber die eigene Paranoia witzeln Juden schon lange. Da gibt es den Witz mit Schmul, der sich als Radiosprecher bewirbt. Nach dem Job-Interview fragt ihn sein Freund Jakob, wie es war. Schmul, verbittert. \u201eA-a-a-alles A-a-a-Antisemiten!\u201c Doch auch der Paranoide hat zuweilen wirkliche Feinde.<\/p>\n<p>Denn \u2013 zweitens \u2013 fand kein Jude, der in Deutschland lebt, Ofarims Geschichte per se unglaubhaft. Das liegt zum einen an Sachsen. Sachsen hat eine der kleinsten j\u00fcdischen Gemeinden Deutschlands, gerade einmal 2440 Mitglieder. Dennoch wurden zwischen 2014 und 2019 durchschnittlich drei antisemitische Vorf\u00e4lle pro Woche gez\u00e4hlt, wie die Recherche- und Informationsstelle Antisemitismus (RIAS) im M\u00e4rz dieses Jahres mitteilte. Die Dunkelziffer d\u00fcrfte weit h\u00f6her sein, weil \u201eviele Juden die Erfolgsaussichten einer Anzeige als gering einsch\u00e4tzten\u201c, so RIAS-Bundesgesch\u00e4ftsf\u00fchrer Benjamin Steinitz.<\/p>\n<p>Fans des in der Regionalliga Nordost spielenden Fu\u00dfballclubs Lok Leipzig bezeichnen ihre Erzgegner BSG Chemie Leipzig gern als \u201eJuden Chemie\u201c. Eine von Lok-Fans ins Netz gestellte Fotomontage zeigte das in Bergen-Belsen ermordete M\u00e4dchen Anne Frank im Trikot des BSG, dazu der Spruch: \u201efreut sich schon!\u201c<\/p>\n<p>\u00dcberhaupt ist der Antisemitismus in der Fu\u00dfball-Fankultur \u2013 nicht nur in Sachsen \u2013 offensichtlich unausrottbar. Beim Europapokalspiel des Bundesligisten Union Berlin gegen Maccabi Haifa im Berliner Olympiastadium kam es vor einigen Wochen zu antisemitischen Vorf\u00e4llen: Fans der israelischen Mannschaft wurden \u201evon Union-Fans bedroht, mit Bier beworfen\u201c und unter anderem \u201eals &#8217;schei\u00df Juden&#8216; beleidigt\u201c, hei\u00dft es in einem Tweet des Jungen Forums der Deutsch-Israelischen Gesellschaft Berlin-Potsdam. Ein Union-Fan versuchte, die Israel-Fahne einer Zuschauerin anzuz\u00fcnden, ein anderer rief \u201eSieg Heil!\u201c<\/p>\n<p>Wer als Jude sichtbar ist, weil er einen Davidsstern oder eine Kippa tr\u00e4gt, muss in Deutschland \u2013 eben nicht nur in Sachsen \u2013 damit rechnen, auf der Stra\u00dfe beleidigt, angerempelt oder bespuckt zu werden. Die Erfahrungen des Rabbiners Mendel Gurewitz in Offenbach sind typisch. Seit f\u00fcnf Jahren wird er immer wieder beschimpft, meist von Jugendlichen mit arabischen Wurzeln, zuletzt \u2013 zusammen mit seinen Kindern \u2013 von einem 46-j\u00e4hrigen Deutschen mit alkoholischem Hintergrund.<\/p>\n<p>Aber Juden werden nicht nur beleidigt und diskriminiert, sondern auch k\u00f6rperlich bedroht und angegriffen. Nicht erst seit dem Anschlag eines Rechtsextremisten auf die Synagoge in Halle m\u00fcssen j\u00fcdische Einrichtungen in Deutschland \u2013 Synagogen, Gemeindezentren, Wohlfahrtseinrichtungen, Schulen \u2013 besondere Sicherheitsvorkehrungen treffen. J\u00fcdische Kinder m\u00fcssen buchst\u00e4blich hinter Stacheldraht lernen und spielen.<\/p>\n<p>Mitte September dieses Jahres wurde ein 16-j\u00e4hriger syrischer Sch\u00fcler wegen des Verdachts festgenommen, einen Bombenanschlag auf die Synagoge in Hagen geplant zu haben. Vor genau einem Jahr wurde vor der Synagoge Eimsb\u00fcttel in Hamburg ein Jude von einem Deutschen mit kasachischen Wurzeln mit einem Klappspaten niedergeschlagen. Bei einer Mahnwache gegen Antisemitismus vor dem Hamburger Hauptbahnhof wurde der Jude Michael T. von einem 16-J\u00e4hrigen mit arabischem Migrationshintergrund brutal zusammengeschlagen. Michael T. lag sechs Tage mit einem Joch- und Nasenbeinbruch in der Klinik. Der T\u00e4ter, Aram A., wurde in der Wohnung seiner Familie in Berlin-Wedding festgenommen. \u201eWir sind gegen Israel\u201c, kommentierte die Mutter, die allerdings hinzuf\u00fcgte: \u201eDas, was er machte, war falsch.\u201c Aram A. war bei einer Berliner Schauspielagentur unter Vertrag. Zuletzt spielte er in dem Film \u201eEvolution\u201c einen Jungen, der einen j\u00fcdischen Mitsch\u00fcler mobbt. Dass Aram \u201eso ein Aggressionspotenzial\u201c habe, k\u00f6nne sie sich nicht vorstellen, sagte die Agenturchefin der \u201eBZ\u201c.<\/p>\n<p>Und da liegt ein Problem: das Aggressionspotenzial gegen Juden k\u00f6nnen sich viele gutwillige Deutsche nicht vorstellen. Wie Rabbi Gurewitz twitterte: \u201eEinige Freunde schlugen vor, wir sollten ein Treffen in der Synagoge mit diesen Jugendlichen organisieren, Sie sollten mehr \u00fcber die j\u00fcdische Religion lernen, dann w\u00fcrden sie sich wegen ihrer Taten schlecht f\u00fchlen und sich entschuldigen BLABLABLA. Nun \u2026 sie haben sich entschuldigt, OK??? Das Leben in Deutschland ist toll! Wir k\u00f6nnen friedlich zusammenleben!!!! BLABLABLA\u201c<\/p>\n<p>Denn wenig sp\u00e4ter wurde Gurewitz von den gleichen Jugendlichen wieder angep\u00f6belt.<\/p>\n<p>Hat jemand zu Ofarim gesagt: \u201ePack den Stern weg!\u201c Wir wissen es nicht. Juden h\u00f6ren aber immer wieder gut gemeinte Ratschl\u00e4ge wie: \u201eTrag lieber keine Kippa, wenn du in Neuk\u00f6lln unterwegs bist!\u201c \u201eMeide das Einkaufszentrum in Offenbach, wo sich die arabischen Jugendlichen herumtreiben!\u201c \u201eSchick dein Kind lieber nicht auf eine \u00f6ffentliche Schule!\u201c \u201eMusst du unbedingt die Israelfahne zur Demo mitnehmen?\u201c \u201eGeh blo\u00df nicht zur Polizei \u2013 sie lassen die T\u00e4ter ja doch laufen, und dann kennen sie unsere Namen\u2026\u201c Jude sein bedeutet, sich auf niemanden verlassen zu k\u00f6nnen.<\/p>\n<p><strong>Israel: der Jude unter den Staaten<\/strong><\/p>\n<p>Die h\u00e4ufigste Form des allt\u00e4glichen Antisemitismus ist der \u201eisraelbezogene Antisemitismus\u201c \u2013 der Hass auf den j\u00fcdischen Staat, der sich hier gegen j\u00fcdische Menschen und j\u00fcdische Einrichtungen austobt. Etwa wenn arabischst\u00e4mmige M\u00e4nner immer wieder Steine gegen die Essener Synagoge werfen. Oder wenn auf den von Islamisten in Berlin und Wien organisierten \u201eAl-Quds-Demos\u201c einerseits die Ausl\u00f6schung des j\u00fcdischen Staates gefordert, andererseits Parolen wie \u201eJuden ins Gas!\u201c gebr\u00fcllt werden. Die im antisemitischen Umfeld aufgewachsene WDR-Journalistin Nemi El-Hassan nahm 2014 an der Al-Quds-Demo in Berlin teil. Sp\u00e4ter distanzierte sie sich und meinte, sie hasse Israel nicht. Das hinderte sie nicht, vor wenigen Wochen die Flucht einiger pal\u00e4stinensischer Terroristen aus einem israelischen Gef\u00e4ngnis auf Twitter zu \u201eliken\u201c.<\/p>\n<p>Unter einigen linken und postkolonialen Aktivisten und Theoretikern geh\u00f6rt Antizionismus zum guten Ton. W\u00e4hrend Juden in den Augen der Alten und neuen Rechten keine \u201eechten\u201c Wei\u00dfen sind, sondern \u201eSemiten\u201c aus dem Orient, die als Drahtzieher der \u201eUmvolkung\u201c und Islamisierung Europas fungieren, sehen Anh\u00e4nger der \u201ecritical race theory\u201c den j\u00fcdischen Staat als \u201ewei\u00dfen Siedlerstaat\u201c oder \u201eApartheidstaat\u201c und die Juden als die letzten \u2013 und b\u00f6sesten \u2013 wei\u00dfen Kolonialisten. So kann man mit gutem Gewissen den Staat delegitimieren, der auch f\u00fcr Deutschlands Juden f\u00fcr den Fall der F\u00e4lle eine Zuflucht bietet. El-Hassans Kollege Malcolm Ohanwe twitterte seine L\u00f6sung des Nahostkonflikts: \u201eIsrael soll den Pal\u00e4stinenser*innen einfach israelische (sic) Pass, Staatsb\u00fcrgerschaft, selben Zugang zu Bildung, Wohnung, Mobilit\u00e4t und deren Nachfahren Recht auf R\u00fcckkehr geben.\u201c Israel soll also \u201eeinfach\u201c aufh\u00f6ren, ein j\u00fcdischer Staat zu sein, die israelischen Juden sollen sich \u201eeinfach\u201c damit abfinden, eine Minderheit in einem arabischen Land zu sein.<\/p>\n<p>Linke \u201eIsraelkritiker\u201c sind zwar schnell mit der Solidarit\u00e4t zur Hand, wenn es um rechten Antisemitismus geht, aber noch schneller mit Entschuldigungen zur Stelle, wenn es um den antiisraelisch oder muslimisch motivierten Hass unter Zuwanderern geht.<\/p>\n<p><strong>Alte Rechte &#8211; Neue Rechte: Kubitschek und Hohmann<\/strong><\/p>\n<p>Neben der offen antisemitischen und antiisraelischen \u201ealten Rechten\u201c gibt es eine \u201eneue Rechte\u201c, die betont philosemitisch ist, weil sie Angriffe von Zuwanderern gegen Juden ausschlachten kann, und betont pro-israelisch, weil sie Israel als Vorposten gegen den Islam betrachtet. Diese neue Rechte verurteilt auch den \u201eimportierten\u201c islamisch motivierten Antisemitismus, als g\u00e4be es keinen heimischen; kritisiert die linke \u201eIsraelkritik\u201c, ist aber eher schweigsam, wenn einer ihrer Helden, etwa Viktor Orb\u00e1n, den j\u00fcdischen Finanzier George Soros als Mastermind der Migration diffamiert. Denn es liegt in der Logik der \u201eidentit\u00e4ren\u201c Bewegung, die f\u00fcr eine Trennung der verschiedenen Kulturen eintritt, die Juden mit Argwohn zu betrachten. Juden in Israel: prima. Juden bei uns: allenfalls n\u00fctzlich als Keule gegen islamische Zuwanderer.<\/p>\n<p>Und nat\u00fcrlich gibt es zahlreiche Verflechtungen zwischen neuen und alten Rechten. Ein Beispiel: 2002 publizierte G\u00f6tz Kubitschek, Theoretiker der neuen Rechten, in seinem Antaios-Verlag das Buch \u201eJ\u00fcdischer Bolschewismus\u201c. Das Buch diente dem damals der CDU, heute der AfD angeh\u00f6renden Abgeordneten Martin Hohmann als Vorlage f\u00fcr seine ber\u00fcchtigte \u201eT\u00e4tervolk\u201c Rede.<\/p>\n<p>F\u00fcr die Juden in Deutschland ist die Motivlage ihrer Feinde gleichg\u00fcltig. Die UN-Erkl\u00e4rung der Menschenrechte h\u00e4lt fest: \u201eJeder Mensch hat das Recht auf Leben, Freiheit und Sicherheit der Person.\u201c Viele Juden haben das Gef\u00fchl, in Deutschland dieses Menschenrecht nicht zu genie\u00dfen.<\/p>\n<div class=\"shariff shariff-align-left shariff-widget-align-left shariff-buttonstretch\" style=\"display:none\"><ul class=\"shariff-buttons theme-white orientation-horizontal buttonsize-medium\"><li class=\"shariff-button facebook shariff-nocustomcolor\" style=\"background-color:#4273c8\"><a href=\"https:\/\/www.facebook.com\/sharer\/sharer.php?u=https%3A%2F%2Fstarke-meinungen.de%2Fblog%2F2021%2F11%2F10%2Fa-a-a-alles-a-a-a-antisemiten-falsche-lehren-aus-dem-fall-gil-ofarim%2F\" title=\"Bei Facebook teilen\" aria-label=\"Bei Facebook teilen\" role=\"button\" rel=\"nofollow\" class=\"shariff-link\" style=\"; background-color:#3b5998; color:#3b5998\" target=\"_blank\"><span class=\"shariff-icon\" style=\"fill:#3b5998\"><svg width=\"32px\" height=\"20px\" xmlns=\"http:\/\/www.w3.org\/2000\/svg\" viewBox=\"0 0 18 32\"><path fill=\"#3b5998\" d=\"M17.1 0.2v4.7h-2.8q-1.5 0-2.1 0.6t-0.5 1.9v3.4h5.2l-0.7 5.3h-4.5v13.6h-5.5v-13.6h-4.5v-5.3h4.5v-3.9q0-3.3 1.9-5.2t5-1.8q2.6 0 4.1 0.2z\"\/><\/svg><\/span><span class=\"shariff-text\" style=\"color:#3b5998\">teilen<\/span>&nbsp;<\/a><\/li><li class=\"shariff-button twitter shariff-nocustomcolor\" style=\"background-color:#595959\"><a href=\"https:\/\/twitter.com\/share?url=https%3A%2F%2Fstarke-meinungen.de%2Fblog%2F2021%2F11%2F10%2Fa-a-a-alles-a-a-a-antisemiten-falsche-lehren-aus-dem-fall-gil-ofarim%2F&text=A-a-alles%20A-a-Antisemiten%3F%20Falsche%20Lehren%20aus%20dem%20Fall%20Gil%20Ofarim&via=starkemeinungen\" title=\"Bei X teilen\" aria-label=\"Bei X teilen\" role=\"button\" rel=\"noopener nofollow\" class=\"shariff-link\" style=\"; background-color:#000; color:#000\" target=\"_blank\"><span class=\"shariff-icon\" style=\"fill:#000\"><svg width=\"32px\" height=\"20px\" xmlns=\"http:\/\/www.w3.org\/2000\/svg\" viewBox=\"0 0 24 24\"><path fill=\"#000\" d=\"M14.258 10.152L23.176 0h-2.113l-7.747 8.813L7.133 0H0l9.352 13.328L0 23.973h2.113l8.176-9.309 6.531 9.309h7.133zm-2.895 3.293l-.949-1.328L2.875 1.56h3.246l6.086 8.523.945 1.328 7.91 11.078h-3.246zm0 0\"\/><\/svg><\/span><span class=\"shariff-text\" style=\"color:#000\">teilen<\/span>&nbsp;<\/a><\/li><li class=\"shariff-button linkedin shariff-nocustomcolor\" style=\"background-color:#1488bf\"><a href=\"https:\/\/www.linkedin.com\/sharing\/share-offsite\/?url=https%3A%2F%2Fstarke-meinungen.de%2Fblog%2F2021%2F11%2F10%2Fa-a-a-alles-a-a-a-antisemiten-falsche-lehren-aus-dem-fall-gil-ofarim%2F\" title=\"Bei LinkedIn teilen\" aria-label=\"Bei LinkedIn teilen\" role=\"button\" rel=\"noopener nofollow\" class=\"shariff-link\" style=\"; background-color:#0077b5; color:#0077b5\" target=\"_blank\"><span class=\"shariff-icon\" style=\"fill:#0077b5\"><svg width=\"32px\" height=\"20px\" xmlns=\"http:\/\/www.w3.org\/2000\/svg\" viewBox=\"0 0 27 32\"><path fill=\"#0077b5\" d=\"M6.2 11.2v17.7h-5.9v-17.7h5.9zM6.6 5.7q0 1.3-0.9 2.2t-2.4 0.9h0q-1.5 0-2.4-0.9t-0.9-2.2 0.9-2.2 2.4-0.9 2.4 0.9 0.9 2.2zM27.4 18.7v10.1h-5.9v-9.5q0-1.9-0.7-2.9t-2.3-1.1q-1.1 0-1.9 0.6t-1.2 1.5q-0.2 0.5-0.2 1.4v9.9h-5.9q0-7.1 0-11.6t0-5.3l0-0.9h5.9v2.6h0q0.4-0.6 0.7-1t1-0.9 1.6-0.8 2-0.3q3 0 4.9 2t1.9 6z\"\/><\/svg><\/span><span class=\"shariff-text\" style=\"color:#0077b5\">teilen<\/span>&nbsp;<\/a><\/li><li class=\"shariff-button xing shariff-nocustomcolor\" style=\"background-color:#29888a\"><a href=\"https:\/\/www.xing.com\/spi\/shares\/new?url=https%3A%2F%2Fstarke-meinungen.de%2Fblog%2F2021%2F11%2F10%2Fa-a-a-alles-a-a-a-antisemiten-falsche-lehren-aus-dem-fall-gil-ofarim%2F\" title=\"Bei XING teilen\" aria-label=\"Bei XING teilen\" role=\"button\" rel=\"noopener nofollow\" class=\"shariff-link\" style=\"; background-color:#126567; color:#126567\" target=\"_blank\"><span class=\"shariff-icon\" style=\"fill:#126567\"><svg width=\"32px\" height=\"20px\" xmlns=\"http:\/\/www.w3.org\/2000\/svg\" viewBox=\"0 0 25 32\"><path fill=\"#126567\" d=\"M10.7 11.9q-0.2 0.3-4.6 8.2-0.5 0.8-1.2 0.8h-4.3q-0.4 0-0.5-0.3t0-0.6l4.5-8q0 0 0 0l-2.9-5q-0.2-0.4 0-0.7 0.2-0.3 0.5-0.3h4.3q0.7 0 1.2 0.8zM25.1 0.4q0.2 0.3 0 0.7l-9.4 16.7 6 11q0.2 0.4 0 0.6-0.2 0.3-0.6 0.3h-4.3q-0.7 0-1.2-0.8l-6-11.1q0.3-0.6 9.5-16.8 0.4-0.8 1.2-0.8h4.3q0.4 0 0.5 0.3z\"\/><\/svg><\/span><span class=\"shariff-text\" style=\"color:#126567\">teilen<\/span>&nbsp;<\/a><\/li><li class=\"shariff-button whatsapp shariff-nocustomcolor\" style=\"background-color:#5cbe4a\"><a href=\"https:\/\/api.whatsapp.com\/send?text=https%3A%2F%2Fstarke-meinungen.de%2Fblog%2F2021%2F11%2F10%2Fa-a-a-alles-a-a-a-antisemiten-falsche-lehren-aus-dem-fall-gil-ofarim%2F%20A-a-alles%20A-a-Antisemiten%3F%20Falsche%20Lehren%20aus%20dem%20Fall%20Gil%20Ofarim\" title=\"Bei Whatsapp teilen\" aria-label=\"Bei Whatsapp teilen\" role=\"button\" rel=\"noopener nofollow\" class=\"shariff-link\" style=\"; background-color:#34af23; color:#34af23\" target=\"_blank\"><span class=\"shariff-icon\" style=\"fill:#34af23\"><svg width=\"32px\" height=\"20px\" xmlns=\"http:\/\/www.w3.org\/2000\/svg\" viewBox=\"0 0 32 32\"><path fill=\"#34af23\" d=\"M17.6 17.4q0.2 0 1.7 0.8t1.6 0.9q0 0.1 0 0.3 0 0.6-0.3 1.4-0.3 0.7-1.3 1.2t-1.8 0.5q-1 0-3.4-1.1-1.7-0.8-3-2.1t-2.6-3.3q-1.3-1.9-1.3-3.5v-0.1q0.1-1.6 1.3-2.8 0.4-0.4 0.9-0.4 0.1 0 0.3 0t0.3 0q0.3 0 0.5 0.1t0.3 0.5q0.1 0.4 0.6 1.6t0.4 1.3q0 0.4-0.6 1t-0.6 0.8q0 0.1 0.1 0.3 0.6 1.3 1.8 2.4 1 0.9 2.7 1.8 0.2 0.1 0.4 0.1 0.3 0 1-0.9t0.9-0.9zM14 26.9q2.3 0 4.3-0.9t3.6-2.4 2.4-3.6 0.9-4.3-0.9-4.3-2.4-3.6-3.6-2.4-4.3-0.9-4.3 0.9-3.6 2.4-2.4 3.6-0.9 4.3q0 3.6 2.1 6.6l-1.4 4.2 4.3-1.4q2.8 1.9 6.2 1.9zM14 2.2q2.7 0 5.2 1.1t4.3 2.9 2.9 4.3 1.1 5.2-1.1 5.2-2.9 4.3-4.3 2.9-5.2 1.1q-3.5 0-6.5-1.7l-7.4 2.4 2.4-7.2q-1.9-3.2-1.9-6.9 0-2.7 1.1-5.2t2.9-4.3 4.3-2.9 5.2-1.1z\"\/><\/svg><\/span><span class=\"shariff-text\" style=\"color:#34af23\">teilen<\/span>&nbsp;<\/a><\/li><li class=\"shariff-button info shariff-nocustomcolor\" style=\"background-color:#a8a8a8\"><a href=\"http:\/\/ct.de\/-2467514\" title=\"Weitere Informationen\" aria-label=\"Weitere Informationen\" role=\"button\" rel=\"noopener \" class=\"shariff-link\" style=\"; background-color:#999; color:#999\" target=\"_blank\"><span class=\"shariff-icon\" style=\"fill:#999\"><svg width=\"32px\" height=\"20px\" xmlns=\"http:\/\/www.w3.org\/2000\/svg\" viewBox=\"0 0 11 32\"><path fill=\"#999\" d=\"M11.4 24v2.3q0 0.5-0.3 0.8t-0.8 0.4h-9.1q-0.5 0-0.8-0.4t-0.4-0.8v-2.3q0-0.5 0.4-0.8t0.8-0.4h1.1v-6.8h-1.1q-0.5 0-0.8-0.4t-0.4-0.8v-2.3q0-0.5 0.4-0.8t0.8-0.4h6.8q0.5 0 0.8 0.4t0.4 0.8v10.3h1.1q0.5 0 0.8 0.4t0.3 0.8zM9.2 3.4v3.4q0 0.5-0.4 0.8t-0.8 0.4h-4.6q-0.4 0-0.8-0.4t-0.4-0.8v-3.4q0-0.4 0.4-0.8t0.8-0.4h4.6q0.5 0 0.8 0.4t0.4 0.8z\"\/><\/svg><\/span><\/a><\/li><\/ul><\/div>","protected":false},"excerpt":{"rendered":"<p>Wurde Gil Ofarim im Leipziger Westin Grand antisemitisch beleidigt? Hat er sich das nur eingebildet? Hat er gar, aus anderem Grund verstimmt, die Antisemitismus-Karte gezogen, um sich an einem Mitarbeiter des Hotels zu r\u00e4chen? Wir wissen es nicht. Allerdings hat man sich in den unsozialen Medien und den Kommentarspalten l\u00e4ngst seine Meinung gebildet. Und die ist \u00fcberwiegend h\u00e4sslich.<\/p>\n","protected":false},"author":13,"featured_media":9285,"comment_status":"open","ping_status":"open","sticky":false,"template":"","format":"standard","meta":{"footnotes":""},"categories":[209,1],"tags":[371,249,3495,2450,1007,2363,13],"class_list":["post-9284","post","type-post","status-publish","format-standard","has-post-thumbnail","hentry","category-alan-posener","category-allgemein","tag-antisemitismus","tag-fusball","tag-gil-ofarim","tag-goetz-kubitschek","tag-israel","tag-martin-hohmann","tag-sachsen"],"yoast_head":"<!-- This site is optimized with the Yoast SEO plugin v27.4 - https:\/\/yoast.com\/product\/yoast-seo-wordpress\/ -->\n<title>A-a-alles A-a-Antisemiten? Falsche Lehren aus dem Fall Gil Ofarim - starke-meinungen.de<\/title>\n<meta name=\"robots\" content=\"index, follow, max-snippet:-1, max-image-preview:large, max-video-preview:-1\" \/>\n<link rel=\"canonical\" href=\"https:\/\/starke-meinungen.de\/blog\/2021\/11\/10\/a-a-a-alles-a-a-a-antisemiten-falsche-lehren-aus-dem-fall-gil-ofarim\/\" \/>\n<meta property=\"og:locale\" content=\"de_DE\" \/>\n<meta property=\"og:type\" content=\"article\" \/>\n<meta property=\"og:title\" content=\"A-a-alles A-a-Antisemiten? Falsche Lehren aus dem Fall Gil Ofarim - starke-meinungen.de\" \/>\n<meta property=\"og:description\" content=\"Wurde Gil Ofarim im Leipziger Westin Grand antisemitisch beleidigt? Hat er sich das nur eingebildet? Hat er gar, aus anderem Grund verstimmt, die Antisemitismus-Karte gezogen, um sich an einem Mitarbeiter des Hotels zu r\u00e4chen? Wir wissen es nicht. Allerdings hat man sich in den unsozialen Medien und den Kommentarspalten l\u00e4ngst seine Meinung gebildet. Und die ist \u00fcberwiegend h\u00e4sslich.\" \/>\n<meta property=\"og:url\" content=\"https:\/\/starke-meinungen.de\/blog\/2021\/11\/10\/a-a-a-alles-a-a-a-antisemiten-falsche-lehren-aus-dem-fall-gil-ofarim\/\" \/>\n<meta property=\"og:site_name\" content=\"starke-meinungen.de\" \/>\n<meta property=\"article:publisher\" content=\"https:\/\/www.facebook.com\/starkemeinungen\/\" \/>\n<meta property=\"article:published_time\" content=\"2021-11-10T10:04:05+00:00\" \/>\n<meta property=\"article:modified_time\" content=\"2021-11-10T10:06:51+00:00\" \/>\n<meta property=\"og:image\" content=\"https:\/\/starke-meinungen.de\/blog\/wp-content\/uploads\/Fussball-Antisemitismus.webp\" \/>\n\t<meta property=\"og:image:width\" content=\"1353\" \/>\n\t<meta property=\"og:image:height\" content=\"761\" \/>\n\t<meta property=\"og:image:type\" content=\"image\/webp\" \/>\n<meta name=\"author\" content=\"Alan Posener\" \/>\n<meta name=\"twitter:card\" content=\"summary_large_image\" \/>\n<meta name=\"twitter:creator\" content=\"@starkemeinungen\" \/>\n<meta name=\"twitter:site\" content=\"@starkemeinungen\" \/>\n<meta name=\"twitter:label1\" content=\"Verfasst von\" \/>\n\t<meta name=\"twitter:data1\" content=\"Alan Posener\" \/>\n\t<meta name=\"twitter:label2\" content=\"Gesch\u00e4tzte Lesezeit\" \/>\n\t<meta name=\"twitter:data2\" content=\"8\u00a0Minuten\" \/>\n<script type=\"application\/ld+json\" class=\"yoast-schema-graph\">{\"@context\":\"https:\\\/\\\/schema.org\",\"@graph\":[{\"@type\":\"Article\",\"@id\":\"https:\\\/\\\/starke-meinungen.de\\\/blog\\\/2021\\\/11\\\/10\\\/a-a-a-alles-a-a-a-antisemiten-falsche-lehren-aus-dem-fall-gil-ofarim\\\/#article\",\"isPartOf\":{\"@id\":\"https:\\\/\\\/starke-meinungen.de\\\/blog\\\/2021\\\/11\\\/10\\\/a-a-a-alles-a-a-a-antisemiten-falsche-lehren-aus-dem-fall-gil-ofarim\\\/\"},\"author\":{\"name\":\"Alan Posener\",\"@id\":\"https:\\\/\\\/starke-meinungen.de\\\/blog\\\/#\\\/schema\\\/person\\\/32d0faef7c31a37c1c89be993d7a6d28\"},\"headline\":\"A-a-alles A-a-Antisemiten? Falsche Lehren aus dem Fall Gil Ofarim\",\"datePublished\":\"2021-11-10T10:04:05+00:00\",\"dateModified\":\"2021-11-10T10:06:51+00:00\",\"mainEntityOfPage\":{\"@id\":\"https:\\\/\\\/starke-meinungen.de\\\/blog\\\/2021\\\/11\\\/10\\\/a-a-a-alles-a-a-a-antisemiten-falsche-lehren-aus-dem-fall-gil-ofarim\\\/\"},\"wordCount\":1810,\"commentCount\":52,\"publisher\":{\"@id\":\"https:\\\/\\\/starke-meinungen.de\\\/blog\\\/#organization\"},\"image\":{\"@id\":\"https:\\\/\\\/starke-meinungen.de\\\/blog\\\/2021\\\/11\\\/10\\\/a-a-a-alles-a-a-a-antisemiten-falsche-lehren-aus-dem-fall-gil-ofarim\\\/#primaryimage\"},\"thumbnailUrl\":\"https:\\\/\\\/starke-meinungen.de\\\/blog\\\/wp-content\\\/uploads\\\/Fussball-Antisemitismus.webp\",\"keywords\":[\"Antisemitismus\",\"Fu\u00dfball\",\"Gil Ofarim\",\"G\u00f6tz Kubitschek\",\"Israel\",\"Martin Hohmann\",\"Sachsen\"],\"articleSection\":[\"Alan Posener\"],\"inLanguage\":\"de\",\"potentialAction\":[{\"@type\":\"CommentAction\",\"name\":\"Comment\",\"target\":[\"https:\\\/\\\/starke-meinungen.de\\\/blog\\\/2021\\\/11\\\/10\\\/a-a-a-alles-a-a-a-antisemiten-falsche-lehren-aus-dem-fall-gil-ofarim\\\/#respond\"]}]},{\"@type\":\"WebPage\",\"@id\":\"https:\\\/\\\/starke-meinungen.de\\\/blog\\\/2021\\\/11\\\/10\\\/a-a-a-alles-a-a-a-antisemiten-falsche-lehren-aus-dem-fall-gil-ofarim\\\/\",\"url\":\"https:\\\/\\\/starke-meinungen.de\\\/blog\\\/2021\\\/11\\\/10\\\/a-a-a-alles-a-a-a-antisemiten-falsche-lehren-aus-dem-fall-gil-ofarim\\\/\",\"name\":\"A-a-alles A-a-Antisemiten? Falsche Lehren aus dem Fall Gil Ofarim - starke-meinungen.de\",\"isPartOf\":{\"@id\":\"https:\\\/\\\/starke-meinungen.de\\\/blog\\\/#website\"},\"primaryImageOfPage\":{\"@id\":\"https:\\\/\\\/starke-meinungen.de\\\/blog\\\/2021\\\/11\\\/10\\\/a-a-a-alles-a-a-a-antisemiten-falsche-lehren-aus-dem-fall-gil-ofarim\\\/#primaryimage\"},\"image\":{\"@id\":\"https:\\\/\\\/starke-meinungen.de\\\/blog\\\/2021\\\/11\\\/10\\\/a-a-a-alles-a-a-a-antisemiten-falsche-lehren-aus-dem-fall-gil-ofarim\\\/#primaryimage\"},\"thumbnailUrl\":\"https:\\\/\\\/starke-meinungen.de\\\/blog\\\/wp-content\\\/uploads\\\/Fussball-Antisemitismus.webp\",\"datePublished\":\"2021-11-10T10:04:05+00:00\",\"dateModified\":\"2021-11-10T10:06:51+00:00\",\"breadcrumb\":{\"@id\":\"https:\\\/\\\/starke-meinungen.de\\\/blog\\\/2021\\\/11\\\/10\\\/a-a-a-alles-a-a-a-antisemiten-falsche-lehren-aus-dem-fall-gil-ofarim\\\/#breadcrumb\"},\"inLanguage\":\"de\",\"potentialAction\":[{\"@type\":\"ReadAction\",\"target\":[\"https:\\\/\\\/starke-meinungen.de\\\/blog\\\/2021\\\/11\\\/10\\\/a-a-a-alles-a-a-a-antisemiten-falsche-lehren-aus-dem-fall-gil-ofarim\\\/\"]}]},{\"@type\":\"ImageObject\",\"inLanguage\":\"de\",\"@id\":\"https:\\\/\\\/starke-meinungen.de\\\/blog\\\/2021\\\/11\\\/10\\\/a-a-a-alles-a-a-a-antisemiten-falsche-lehren-aus-dem-fall-gil-ofarim\\\/#primaryimage\",\"url\":\"https:\\\/\\\/starke-meinungen.de\\\/blog\\\/wp-content\\\/uploads\\\/Fussball-Antisemitismus.webp\",\"contentUrl\":\"https:\\\/\\\/starke-meinungen.de\\\/blog\\\/wp-content\\\/uploads\\\/Fussball-Antisemitismus.webp\",\"width\":1353,\"height\":761},{\"@type\":\"BreadcrumbList\",\"@id\":\"https:\\\/\\\/starke-meinungen.de\\\/blog\\\/2021\\\/11\\\/10\\\/a-a-a-alles-a-a-a-antisemiten-falsche-lehren-aus-dem-fall-gil-ofarim\\\/#breadcrumb\",\"itemListElement\":[{\"@type\":\"ListItem\",\"position\":1,\"name\":\"Startseite\",\"item\":\"https:\\\/\\\/starke-meinungen.de\\\/blog\\\/\"},{\"@type\":\"ListItem\",\"position\":2,\"name\":\"A-a-alles A-a-Antisemiten? Falsche Lehren aus dem Fall Gil Ofarim\"}]},{\"@type\":\"WebSite\",\"@id\":\"https:\\\/\\\/starke-meinungen.de\\\/blog\\\/#website\",\"url\":\"https:\\\/\\\/starke-meinungen.de\\\/blog\\\/\",\"name\":\"starke-meinungen.de\",\"description\":\"Autoren-Blog\",\"publisher\":{\"@id\":\"https:\\\/\\\/starke-meinungen.de\\\/blog\\\/#organization\"},\"potentialAction\":[{\"@type\":\"SearchAction\",\"target\":{\"@type\":\"EntryPoint\",\"urlTemplate\":\"https:\\\/\\\/starke-meinungen.de\\\/blog\\\/?s={search_term_string}\"},\"query-input\":{\"@type\":\"PropertyValueSpecification\",\"valueRequired\":true,\"valueName\":\"search_term_string\"}}],\"inLanguage\":\"de\"},{\"@type\":\"Organization\",\"@id\":\"https:\\\/\\\/starke-meinungen.de\\\/blog\\\/#organization\",\"name\":\"starke-meinungen.de\",\"url\":\"https:\\\/\\\/starke-meinungen.de\\\/blog\\\/\",\"logo\":{\"@type\":\"ImageObject\",\"inLanguage\":\"de\",\"@id\":\"https:\\\/\\\/starke-meinungen.de\\\/blog\\\/#\\\/schema\\\/logo\\\/image\\\/\",\"url\":\"https:\\\/\\\/starke-meinungen.de\\\/blog\\\/wp-content\\\/uploads\\\/starke-meinungen-fb-header.jpg\",\"contentUrl\":\"https:\\\/\\\/starke-meinungen.de\\\/blog\\\/wp-content\\\/uploads\\\/starke-meinungen-fb-header.jpg\",\"width\":1200,\"height\":630,\"caption\":\"starke-meinungen.de\"},\"image\":{\"@id\":\"https:\\\/\\\/starke-meinungen.de\\\/blog\\\/#\\\/schema\\\/logo\\\/image\\\/\"},\"sameAs\":[\"https:\\\/\\\/www.facebook.com\\\/starkemeinungen\\\/\",\"https:\\\/\\\/x.com\\\/starkemeinungen\"]},{\"@type\":\"Person\",\"@id\":\"https:\\\/\\\/starke-meinungen.de\\\/blog\\\/#\\\/schema\\\/person\\\/32d0faef7c31a37c1c89be993d7a6d28\",\"name\":\"Alan Posener\",\"image\":{\"@type\":\"ImageObject\",\"inLanguage\":\"de\",\"@id\":\"https:\\\/\\\/secure.gravatar.com\\\/avatar\\\/c75c8818a9ab78c4faa75048dba7844e2587998cda4d93f84e7d86f7e21a9b90?s=96&d=mm&r=g\",\"url\":\"https:\\\/\\\/secure.gravatar.com\\\/avatar\\\/c75c8818a9ab78c4faa75048dba7844e2587998cda4d93f84e7d86f7e21a9b90?s=96&d=mm&r=g\",\"contentUrl\":\"https:\\\/\\\/secure.gravatar.com\\\/avatar\\\/c75c8818a9ab78c4faa75048dba7844e2587998cda4d93f84e7d86f7e21a9b90?s=96&d=mm&r=g\",\"caption\":\"Alan Posener\"},\"url\":\"https:\\\/\\\/starke-meinungen.de\\\/blog\\\/author\\\/posener\\\/\"}]}<\/script>\n<!-- \/ Yoast SEO plugin. -->","yoast_head_json":{"title":"A-a-alles A-a-Antisemiten? Falsche Lehren aus dem Fall Gil Ofarim - starke-meinungen.de","robots":{"index":"index","follow":"follow","max-snippet":"max-snippet:-1","max-image-preview":"max-image-preview:large","max-video-preview":"max-video-preview:-1"},"canonical":"https:\/\/starke-meinungen.de\/blog\/2021\/11\/10\/a-a-a-alles-a-a-a-antisemiten-falsche-lehren-aus-dem-fall-gil-ofarim\/","og_locale":"de_DE","og_type":"article","og_title":"A-a-alles A-a-Antisemiten? Falsche Lehren aus dem Fall Gil Ofarim - starke-meinungen.de","og_description":"Wurde Gil Ofarim im Leipziger Westin Grand antisemitisch beleidigt? Hat er sich das nur eingebildet? Hat er gar, aus anderem Grund verstimmt, die Antisemitismus-Karte gezogen, um sich an einem Mitarbeiter des Hotels zu r\u00e4chen? Wir wissen es nicht. Allerdings hat man sich in den unsozialen Medien und den Kommentarspalten l\u00e4ngst seine Meinung gebildet. Und die ist \u00fcberwiegend h\u00e4sslich.","og_url":"https:\/\/starke-meinungen.de\/blog\/2021\/11\/10\/a-a-a-alles-a-a-a-antisemiten-falsche-lehren-aus-dem-fall-gil-ofarim\/","og_site_name":"starke-meinungen.de","article_publisher":"https:\/\/www.facebook.com\/starkemeinungen\/","article_published_time":"2021-11-10T10:04:05+00:00","article_modified_time":"2021-11-10T10:06:51+00:00","og_image":[{"width":1353,"height":761,"url":"https:\/\/starke-meinungen.de\/blog\/wp-content\/uploads\/Fussball-Antisemitismus.webp","type":"image\/webp"}],"author":"Alan Posener","twitter_card":"summary_large_image","twitter_creator":"@starkemeinungen","twitter_site":"@starkemeinungen","twitter_misc":{"Verfasst von":"Alan Posener","Gesch\u00e4tzte Lesezeit":"8\u00a0Minuten"},"schema":{"@context":"https:\/\/schema.org","@graph":[{"@type":"Article","@id":"https:\/\/starke-meinungen.de\/blog\/2021\/11\/10\/a-a-a-alles-a-a-a-antisemiten-falsche-lehren-aus-dem-fall-gil-ofarim\/#article","isPartOf":{"@id":"https:\/\/starke-meinungen.de\/blog\/2021\/11\/10\/a-a-a-alles-a-a-a-antisemiten-falsche-lehren-aus-dem-fall-gil-ofarim\/"},"author":{"name":"Alan Posener","@id":"https:\/\/starke-meinungen.de\/blog\/#\/schema\/person\/32d0faef7c31a37c1c89be993d7a6d28"},"headline":"A-a-alles A-a-Antisemiten? Falsche Lehren aus dem Fall Gil Ofarim","datePublished":"2021-11-10T10:04:05+00:00","dateModified":"2021-11-10T10:06:51+00:00","mainEntityOfPage":{"@id":"https:\/\/starke-meinungen.de\/blog\/2021\/11\/10\/a-a-a-alles-a-a-a-antisemiten-falsche-lehren-aus-dem-fall-gil-ofarim\/"},"wordCount":1810,"commentCount":52,"publisher":{"@id":"https:\/\/starke-meinungen.de\/blog\/#organization"},"image":{"@id":"https:\/\/starke-meinungen.de\/blog\/2021\/11\/10\/a-a-a-alles-a-a-a-antisemiten-falsche-lehren-aus-dem-fall-gil-ofarim\/#primaryimage"},"thumbnailUrl":"https:\/\/starke-meinungen.de\/blog\/wp-content\/uploads\/Fussball-Antisemitismus.webp","keywords":["Antisemitismus","Fu\u00dfball","Gil Ofarim","G\u00f6tz Kubitschek","Israel","Martin Hohmann","Sachsen"],"articleSection":["Alan Posener"],"inLanguage":"de","potentialAction":[{"@type":"CommentAction","name":"Comment","target":["https:\/\/starke-meinungen.de\/blog\/2021\/11\/10\/a-a-a-alles-a-a-a-antisemiten-falsche-lehren-aus-dem-fall-gil-ofarim\/#respond"]}]},{"@type":"WebPage","@id":"https:\/\/starke-meinungen.de\/blog\/2021\/11\/10\/a-a-a-alles-a-a-a-antisemiten-falsche-lehren-aus-dem-fall-gil-ofarim\/","url":"https:\/\/starke-meinungen.de\/blog\/2021\/11\/10\/a-a-a-alles-a-a-a-antisemiten-falsche-lehren-aus-dem-fall-gil-ofarim\/","name":"A-a-alles A-a-Antisemiten? Falsche Lehren aus dem Fall Gil Ofarim - starke-meinungen.de","isPartOf":{"@id":"https:\/\/starke-meinungen.de\/blog\/#website"},"primaryImageOfPage":{"@id":"https:\/\/starke-meinungen.de\/blog\/2021\/11\/10\/a-a-a-alles-a-a-a-antisemiten-falsche-lehren-aus-dem-fall-gil-ofarim\/#primaryimage"},"image":{"@id":"https:\/\/starke-meinungen.de\/blog\/2021\/11\/10\/a-a-a-alles-a-a-a-antisemiten-falsche-lehren-aus-dem-fall-gil-ofarim\/#primaryimage"},"thumbnailUrl":"https:\/\/starke-meinungen.de\/blog\/wp-content\/uploads\/Fussball-Antisemitismus.webp","datePublished":"2021-11-10T10:04:05+00:00","dateModified":"2021-11-10T10:06:51+00:00","breadcrumb":{"@id":"https:\/\/starke-meinungen.de\/blog\/2021\/11\/10\/a-a-a-alles-a-a-a-antisemiten-falsche-lehren-aus-dem-fall-gil-ofarim\/#breadcrumb"},"inLanguage":"de","potentialAction":[{"@type":"ReadAction","target":["https:\/\/starke-meinungen.de\/blog\/2021\/11\/10\/a-a-a-alles-a-a-a-antisemiten-falsche-lehren-aus-dem-fall-gil-ofarim\/"]}]},{"@type":"ImageObject","inLanguage":"de","@id":"https:\/\/starke-meinungen.de\/blog\/2021\/11\/10\/a-a-a-alles-a-a-a-antisemiten-falsche-lehren-aus-dem-fall-gil-ofarim\/#primaryimage","url":"https:\/\/starke-meinungen.de\/blog\/wp-content\/uploads\/Fussball-Antisemitismus.webp","contentUrl":"https:\/\/starke-meinungen.de\/blog\/wp-content\/uploads\/Fussball-Antisemitismus.webp","width":1353,"height":761},{"@type":"BreadcrumbList","@id":"https:\/\/starke-meinungen.de\/blog\/2021\/11\/10\/a-a-a-alles-a-a-a-antisemiten-falsche-lehren-aus-dem-fall-gil-ofarim\/#breadcrumb","itemListElement":[{"@type":"ListItem","position":1,"name":"Startseite","item":"https:\/\/starke-meinungen.de\/blog\/"},{"@type":"ListItem","position":2,"name":"A-a-alles A-a-Antisemiten? Falsche Lehren aus dem Fall Gil Ofarim"}]},{"@type":"WebSite","@id":"https:\/\/starke-meinungen.de\/blog\/#website","url":"https:\/\/starke-meinungen.de\/blog\/","name":"starke-meinungen.de","description":"Autoren-Blog","publisher":{"@id":"https:\/\/starke-meinungen.de\/blog\/#organization"},"potentialAction":[{"@type":"SearchAction","target":{"@type":"EntryPoint","urlTemplate":"https:\/\/starke-meinungen.de\/blog\/?s={search_term_string}"},"query-input":{"@type":"PropertyValueSpecification","valueRequired":true,"valueName":"search_term_string"}}],"inLanguage":"de"},{"@type":"Organization","@id":"https:\/\/starke-meinungen.de\/blog\/#organization","name":"starke-meinungen.de","url":"https:\/\/starke-meinungen.de\/blog\/","logo":{"@type":"ImageObject","inLanguage":"de","@id":"https:\/\/starke-meinungen.de\/blog\/#\/schema\/logo\/image\/","url":"https:\/\/starke-meinungen.de\/blog\/wp-content\/uploads\/starke-meinungen-fb-header.jpg","contentUrl":"https:\/\/starke-meinungen.de\/blog\/wp-content\/uploads\/starke-meinungen-fb-header.jpg","width":1200,"height":630,"caption":"starke-meinungen.de"},"image":{"@id":"https:\/\/starke-meinungen.de\/blog\/#\/schema\/logo\/image\/"},"sameAs":["https:\/\/www.facebook.com\/starkemeinungen\/","https:\/\/x.com\/starkemeinungen"]},{"@type":"Person","@id":"https:\/\/starke-meinungen.de\/blog\/#\/schema\/person\/32d0faef7c31a37c1c89be993d7a6d28","name":"Alan Posener","image":{"@type":"ImageObject","inLanguage":"de","@id":"https:\/\/secure.gravatar.com\/avatar\/c75c8818a9ab78c4faa75048dba7844e2587998cda4d93f84e7d86f7e21a9b90?s=96&d=mm&r=g","url":"https:\/\/secure.gravatar.com\/avatar\/c75c8818a9ab78c4faa75048dba7844e2587998cda4d93f84e7d86f7e21a9b90?s=96&d=mm&r=g","contentUrl":"https:\/\/secure.gravatar.com\/avatar\/c75c8818a9ab78c4faa75048dba7844e2587998cda4d93f84e7d86f7e21a9b90?s=96&d=mm&r=g","caption":"Alan Posener"},"url":"https:\/\/starke-meinungen.de\/blog\/author\/posener\/"}]}},"_links":{"self":[{"href":"https:\/\/starke-meinungen.de\/blog\/wp-json\/wp\/v2\/posts\/9284","targetHints":{"allow":["GET"]}}],"collection":[{"href":"https:\/\/starke-meinungen.de\/blog\/wp-json\/wp\/v2\/posts"}],"about":[{"href":"https:\/\/starke-meinungen.de\/blog\/wp-json\/wp\/v2\/types\/post"}],"author":[{"embeddable":true,"href":"https:\/\/starke-meinungen.de\/blog\/wp-json\/wp\/v2\/users\/13"}],"replies":[{"embeddable":true,"href":"https:\/\/starke-meinungen.de\/blog\/wp-json\/wp\/v2\/comments?post=9284"}],"version-history":[{"count":3,"href":"https:\/\/starke-meinungen.de\/blog\/wp-json\/wp\/v2\/posts\/9284\/revisions"}],"predecessor-version":[{"id":9288,"href":"https:\/\/starke-meinungen.de\/blog\/wp-json\/wp\/v2\/posts\/9284\/revisions\/9288"}],"wp:featuredmedia":[{"embeddable":true,"href":"https:\/\/starke-meinungen.de\/blog\/wp-json\/wp\/v2\/media\/9285"}],"wp:attachment":[{"href":"https:\/\/starke-meinungen.de\/blog\/wp-json\/wp\/v2\/media?parent=9284"}],"wp:term":[{"taxonomy":"category","embeddable":true,"href":"https:\/\/starke-meinungen.de\/blog\/wp-json\/wp\/v2\/categories?post=9284"},{"taxonomy":"post_tag","embeddable":true,"href":"https:\/\/starke-meinungen.de\/blog\/wp-json\/wp\/v2\/tags?post=9284"}],"curies":[{"name":"wp","href":"https:\/\/api.w.org\/{rel}","templated":true}]}}