

{"id":9145,"date":"2021-04-23T13:50:59","date_gmt":"2021-04-23T11:50:59","guid":{"rendered":"https:\/\/starke-meinungen.de\/blog\/?p=9145"},"modified":"2021-04-23T13:50:59","modified_gmt":"2021-04-23T11:50:59","slug":"reifepruefung-oder-abgang-und-wohin-eigentlich","status":"publish","type":"post","link":"https:\/\/starke-meinungen.de\/blog\/2021\/04\/23\/reifepruefung-oder-abgang-und-wohin-eigentlich\/","title":{"rendered":"Reifepr\u00fcfung oder Abgang &#8230; und wohin eigentlich?"},"content":{"rendered":"<p>Ein\u00a0 Ritual macht wieder von sich reden ist, fraglich, ob es stattfinden kann: Die Abiturpr\u00fcfung. Was soll da eigentlich passieren? Es lohnt sich, die Pressefotos der Pr\u00fcfung einmal genauer unter die Lupe zu nehmen:<\/p>\n<p><strong>Eine Bildinterpretation<\/strong><\/p>\n<p>Wir blicken ausschnitthaft in einen gro\u00dfen Saal, in dem Einzeltische in acht Kolonnen aufgebaut sind. Jeder Tisch ist mit einem jungen Menschen besetzt, der, ausgestattet mit dem immer gleichen Set an Materialien, vor einer Aufgabe sitzt. Beginn und Ende der Tischreihen lassen sich in dem Ausschnitt nicht ausmachen. Es ist kein Zentrum erkennbar, auf das die Veranstaltung ausgerichtet w\u00e4re, kein Administrator oder Referent. Es sind auf jeden Fall sehr viele vereinzelt platzierte Kandidaten und jeder scheint zu wissen, was zu tun ist. Der vorherrschende Eindruck: Jede und jeder sitzt hier als Teil einer Masse, ist aber mit sich und seiner Aufgabe allein. Kollektivit\u00e4t und Vereinzelung gehen Hand in Hand.<!--more--><\/p>\n<p>Diese Aufnahme aus der Vogelperspektive l\u00e4sst kaum einen Hintergrund erkennen, daf\u00fcr aber deutlich den Untergrund, auf dem sich diese Szene abspielt. Es ist der Boden einer Turnhalle. Die Markierungen von Volleyball- und Basketballfeldern zeigen, was hier vor und nach der Pr\u00fcfung passiert:\u00a0 Mannschaftsspiele, in denen es um Teamplay, Energie, blitzschnelle Entscheidungen, Risikobereitschaft und sch\u00e4umende Emotionen geht.<\/p>\n<p><strong>Was f\u00fcr ein Kontrast: Unterk\u00fchlte Vereinzelung auf dem Boden rasanter Mannschaftsspiele!<\/strong><\/p>\n<p>Zum Vergleich werfen wir noch einen Blick auf das chinesische Pendant des Abiturs, die Abschlusspr\u00fcfung GaoKao:<\/p>\n<p><img loading=\"lazy\" decoding=\"async\" class=\"alignnone size-medium wp-image-9147\" src=\"https:\/\/starke-meinungen.de\/blog\/wp-content\/uploads\/IMG_0142-002-200x112.jpeg\" alt=\"\" width=\"200\" height=\"112\" \/><\/p>\n<p>Erkennen Sie die grundlegenden Unterschiede zum deutschen Abitur?<\/p>\n<p>Nicht wirklich?<\/p>\n<p>Eben!<\/p>\n<p>Die Begr\u00fcndung f\u00fcr dieses eigenwillige Setting ist schnell bei der Hand: Jede soll nachweisen, dass sie \u201eihren Stoff beherrscht.\u201c Zum Abschluss meiner Schulzeit am Gymnasium wurde mir vor 50 Jahren ein \u201eZeugnis der Reife\u201c ausgestellt. Reifepr\u00fcfungen m\u00f6gen bei der Herstellung von K\u00e4se oder im Gem\u00fcseanbau ihre Berechtigung haben. Was \u201eReife\u201c in der Entwicklung eines Menschen bedeutet, d\u00fcrfte kaum jemand erkl\u00e4ren k\u00f6nnen. Fest steht dagegen, dass ich mit diesem Zeugnis in der Hand ein Gr\u00fcnschnabel war. Inzwischen haben die Kultusminister sich von der Hybris derma\u00dfen umfassender Menschenurteile verabschiedet und bezeichnen den gleichen Vorgang bescheidener, aber lateinisch(!), als \u201eAbitur\u201c, also als \u201eAbgang\u201c. Allerdings ein Abgang mit Folgen: \u201eMit dem Bestehen der staatlichen Abschlusspr\u00fcfung wird die allgemeine Hochschulreife zuerkannt.\u201c<\/p>\n<p>Die Abiturpr\u00fcfung gilt als Kr\u00f6nung der Schullaufbahn und den jungen Menschen wird eingeredet, nun sei das Schlimmste \u00fcberstanden und das krachende Leben k\u00f6nne beginnen. Abib\u00e4lle, Mottowochen, Abizeitungen und Abigags ern\u00e4hren einen ganzen Industriezweig, der von dieser Illusion lebt.<\/p>\n<p>N\u00fcchtern betrachtet w\u00e4re dagegen Bescheidenheit am Platz. Fast ein Drittel der erwartungsfrohen Abiturientinnen bricht sp\u00e4ter ein Studium wieder ab. Und l\u00e4ngst wird der Anspruch der \u201eallgemeinen Hochschulreife\u201c durch die Praxis der Universit\u00e4ten delegitimiert. Sie entscheiden mit eigenen fachspezifischen Tests \u00fcber den Zugang zum Studium. Das Abitur mag man auch mit dem Durchschnitt von 3,0 bestehen, eine realistische Chance auf einen Studienplatz ergibt sich in vielen F\u00e4chern erst, wenn eine Eins vor dem Komma steht. Auf der internationalen B\u00fchne wird dem Abitur l\u00e4ngst von anderen Pr\u00fcfungen der Rang abgelaufen. In der angloamerikanischen Welt \u00f6ffnet der Internationale Baccalaureat (IB)<a href=\"#_ftn1\" name=\"_ftnref1\"><sup>[1]<\/sup><\/a> die Tore vieler Universit\u00e4ten, die vom \u201eAbitur\u201c noch nichts geh\u00f6rt haben. Eine wachsende Zahl von Gymnasien in Deutschland bietet das IB als zweiten Abschluss neben dem Abitur f\u00fcr besonders ehrgeizige Sch\u00fclerinnen mit internationalen Ambitionen an.<\/p>\n<p>Und es geht auch ganz ohne Abiturpr\u00fcfung: Mit dem \u201eMeisterstudium\u201c ist seit \u00fcber 10 Jahren in Deutschland ein akademischer Bildungsweg ohne gymnasialen Schulabschluss er\u00f6ffnet worden. Grundlage der Anerkennung ist eine hohe berufliche Qualifikation. Na bitte, das geht auch!<\/p>\n<p>Trotz dieser Entwicklungen verteidigen die Bundesl\u00e4nder das Abitur als Ziel und Zweck des Gymnasiums (und der gymnasialen Oberstufe an Gesamtschulen). Und so werden denn pubertierende 7. und 8. Kl\u00e4ssler in der Pandemie \u00fcber Monate hinweg mit einem Platz am K\u00fcchentisch mit dem Laptop im Homeschooling abgefertigt, w\u00e4hrend die Abiturientinnen im Pr\u00e4senzunterricht auf die Pr\u00fcfung vorbereitet werden. Man k\u00f6nnte einwenden, dass 12 Jahre Schule ausreichen m\u00fcssten, um eine abschlie\u00dfende Pr\u00fcfung zu bestehen. Traurige Wahrheit ist aber, dass in den Wochen vor dem Abitur eine Presskur veranstaltet wird, mit der das Wissen und K\u00f6nnen vermittelt werden soll, das nach dieser Pr\u00fcfung nur zu oft schnellstens wieder vergessen werden kann.<\/p>\n<p>Sch\u00fcler, die das Gl\u00fcck einer guten Schule mit guten Lehrkr\u00e4ften hatten, konnten in ihrer Schulzeit phantastische Lernerfahrungen machen: Sie haben mit einem Team zusammen Energiesparmodelle f\u00fcr den Haushalt entwickelt oder eine Sch\u00fclerfirma gegr\u00fcndet, haben Praktika bei einem TV-Sender oder bei Coca Cola gemacht, durften als junge Reporter den Abgeordneten ihres Wahlkreises interviewen, haben auf der Schulb\u00fchne gestanden oder sind mit der ganzen Klasse und dem Mathematiklehrer ein halbes Jahr um die Welt gesegelt. Mit der Abiturpr\u00fcfung wird eine Re-Infantilisierung eingeleitet.<\/p>\n<p>Junge Menschen mit vielf\u00e4ltigen eigenen Erfahrungen und Leistungen, l\u00e4ngst an selbst\u00e4ndiges Arbeiten gew\u00f6hnt, wandern in den letzten Schulwochen trotz der Pandemie wieder in die Klassenr\u00e4ume, um bei den Lehrkr\u00e4ften jeden Kr\u00fcmel eines Hinweises auf die anstehenden Pr\u00fcfungen aufzusammeln. Selbst\u00e4ndigkeit und Risikofreude werden durch Pr\u00fcfungsangst und Subalternit\u00e4t abgel\u00f6st. Alle Lernerfahrungen m\u00fcnden in den Flaschenhals drei bis f\u00fcnfst\u00fcndiger Pr\u00fcfungen, in denen die Kandidaten mit dem Duden, ein paar Bl\u00e4ttern Schreibpapier und einem Aufgabenblatt in der Turmhalle sitzen; ohne Internet, ohne ein Team von Mitsch\u00fclern. Diese Form konzentrierter Einzelarbeit hat in der Ausbildung eines Menschen sicher AUCH seine Berechtigung, ebenso wie Singen im Chor, das Auswendiglernen von Gedichten, die n\u00e4chtelange Arbeit an einem Essay und der Aufbau eines Experiments.\u00a0 Als beherrschende Form der Abschlusspr\u00fcfung zementiert sie leider die schlechtesten Relikte eines Unterrichtsverst\u00e4ndnisses, das l\u00e4ngst \u00fcberholt ist: Stofforientierung, Vereinzelung, Learning for the test. Wenn das Abitur Standards der Ausbildung und der Leistungen sichern soll, so erf\u00fcllt es diese Aufgabe also leider so, dass niedrige p\u00e4dagogische Qualit\u00e4t &#8211; auf Seiten des Unterrichts &#8211; und reproduzierendes Lernen -auf Seiten der Sch\u00fcler &#8211;\u00a0 zur Norm erhoben wird.<\/p>\n<p>Eine Veranstaltung, die zum Selbstzweck geworden ist, k\u00f6nnte leichten Herzens abgeschafft werden. Vorbild hierf\u00fcr k\u00f6nnten die Highschools in Nordamerika sein, die ihren Sch\u00fclern eine erfolgreiche Schullaufbahn ohne gesonderten Test mit dem Abschluss der letzten Klasse bescheinigen. Aber eine abschlie\u00dfende Leistungsschau dient nicht nur der Beurteilung der Sch\u00fclerinnen, sondern in mindestens gleichem Ma\u00df der Selbstbest\u00e4tigung der Institution und ihrer Lehrkr\u00e4fte. Also nichts gegen das Abitur, aber bitte nicht so wie gehabt.<\/p>\n<p>Wer sich an einer Kunstakademie bewirbt, bringt zur Vorstellung die \u201eMappe\u201c ist Proben ihres Lernens und K\u00f6nnens mit. Dies k\u00f6nnte auch das Vorbild f\u00fcr einen zeitgem\u00e4\u00dfen Schulabschluss sein: Arbeitsproben, die den Lernfortschritt in ausgew\u00e4hlten F\u00e4chern dokumentieren, verbunden mit einem Essay, in dem Sch\u00fclerin und Sch\u00fcler ihre Schullaufbahn &#8211; und ihre Erfahrungen mit der Schule &#8211; reflektieren. Das w\u00e4re dann f\u00fcr alle Beteiligten aufschlussreicher als die Noten von 1 bis 6. Die m\u00f6gen vielleicht beim Eiskunstlauf noch ihre Berechtigung haben, aber nicht am Ende der Schulzeit.<\/p>\n<p><a href=\"#_ftnref1\" name=\"_ftn1\"><sup>[1]<\/sup><\/a> <em>Tr\u00e4ger des IB ist eine private Organisation, die sich mit hohen Lernanforderungen, wissenschaftstheoretischen Pr\u00fcfungselementen und sozialen Aufgaben f\u00fcr die Absolventen erfolgreich verkauft.<\/em><\/p>\n<div class=\"shariff shariff-align-left shariff-widget-align-left shariff-buttonstretch\" style=\"display:none\"><ul class=\"shariff-buttons theme-white orientation-horizontal buttonsize-medium\"><li class=\"shariff-button facebook shariff-nocustomcolor\" style=\"background-color:#4273c8\"><a href=\"https:\/\/www.facebook.com\/sharer\/sharer.php?u=https%3A%2F%2Fstarke-meinungen.de%2Fblog%2F2021%2F04%2F23%2Freifepruefung-oder-abgang-und-wohin-eigentlich%2F\" title=\"Bei Facebook teilen\" aria-label=\"Bei Facebook teilen\" role=\"button\" rel=\"nofollow\" class=\"shariff-link\" style=\"; background-color:#3b5998; color:#3b5998\" target=\"_blank\"><span class=\"shariff-icon\" style=\"fill:#3b5998\"><svg width=\"32px\" height=\"20px\" xmlns=\"http:\/\/www.w3.org\/2000\/svg\" viewBox=\"0 0 18 32\"><path fill=\"#3b5998\" d=\"M17.1 0.2v4.7h-2.8q-1.5 0-2.1 0.6t-0.5 1.9v3.4h5.2l-0.7 5.3h-4.5v13.6h-5.5v-13.6h-4.5v-5.3h4.5v-3.9q0-3.3 1.9-5.2t5-1.8q2.6 0 4.1 0.2z\"\/><\/svg><\/span><span class=\"shariff-text\" style=\"color:#3b5998\">teilen<\/span>&nbsp;<\/a><\/li><li class=\"shariff-button twitter shariff-nocustomcolor\" style=\"background-color:#595959\"><a href=\"https:\/\/twitter.com\/share?url=https%3A%2F%2Fstarke-meinungen.de%2Fblog%2F2021%2F04%2F23%2Freifepruefung-oder-abgang-und-wohin-eigentlich%2F&text=Reifepr%C3%BCfung%20oder%20Abgang%20%E2%80%A6%20und%20wohin%20eigentlich%3F&via=starkemeinungen\" title=\"Bei X teilen\" aria-label=\"Bei X teilen\" role=\"button\" rel=\"noopener nofollow\" class=\"shariff-link\" style=\"; background-color:#000; color:#000\" target=\"_blank\"><span class=\"shariff-icon\" style=\"fill:#000\"><svg width=\"32px\" height=\"20px\" xmlns=\"http:\/\/www.w3.org\/2000\/svg\" viewBox=\"0 0 24 24\"><path fill=\"#000\" d=\"M14.258 10.152L23.176 0h-2.113l-7.747 8.813L7.133 0H0l9.352 13.328L0 23.973h2.113l8.176-9.309 6.531 9.309h7.133zm-2.895 3.293l-.949-1.328L2.875 1.56h3.246l6.086 8.523.945 1.328 7.91 11.078h-3.246zm0 0\"\/><\/svg><\/span><span class=\"shariff-text\" style=\"color:#000\">teilen<\/span>&nbsp;<\/a><\/li><li class=\"shariff-button linkedin shariff-nocustomcolor\" style=\"background-color:#1488bf\"><a href=\"https:\/\/www.linkedin.com\/sharing\/share-offsite\/?url=https%3A%2F%2Fstarke-meinungen.de%2Fblog%2F2021%2F04%2F23%2Freifepruefung-oder-abgang-und-wohin-eigentlich%2F\" title=\"Bei LinkedIn teilen\" aria-label=\"Bei LinkedIn teilen\" role=\"button\" rel=\"noopener nofollow\" class=\"shariff-link\" style=\"; background-color:#0077b5; color:#0077b5\" target=\"_blank\"><span class=\"shariff-icon\" style=\"fill:#0077b5\"><svg width=\"32px\" height=\"20px\" xmlns=\"http:\/\/www.w3.org\/2000\/svg\" viewBox=\"0 0 27 32\"><path fill=\"#0077b5\" d=\"M6.2 11.2v17.7h-5.9v-17.7h5.9zM6.6 5.7q0 1.3-0.9 2.2t-2.4 0.9h0q-1.5 0-2.4-0.9t-0.9-2.2 0.9-2.2 2.4-0.9 2.4 0.9 0.9 2.2zM27.4 18.7v10.1h-5.9v-9.5q0-1.9-0.7-2.9t-2.3-1.1q-1.1 0-1.9 0.6t-1.2 1.5q-0.2 0.5-0.2 1.4v9.9h-5.9q0-7.1 0-11.6t0-5.3l0-0.9h5.9v2.6h0q0.4-0.6 0.7-1t1-0.9 1.6-0.8 2-0.3q3 0 4.9 2t1.9 6z\"\/><\/svg><\/span><span class=\"shariff-text\" style=\"color:#0077b5\">teilen<\/span>&nbsp;<\/a><\/li><li class=\"shariff-button xing shariff-nocustomcolor\" style=\"background-color:#29888a\"><a href=\"https:\/\/www.xing.com\/spi\/shares\/new?url=https%3A%2F%2Fstarke-meinungen.de%2Fblog%2F2021%2F04%2F23%2Freifepruefung-oder-abgang-und-wohin-eigentlich%2F\" title=\"Bei XING teilen\" aria-label=\"Bei XING teilen\" role=\"button\" rel=\"noopener nofollow\" class=\"shariff-link\" style=\"; background-color:#126567; color:#126567\" target=\"_blank\"><span class=\"shariff-icon\" style=\"fill:#126567\"><svg width=\"32px\" height=\"20px\" xmlns=\"http:\/\/www.w3.org\/2000\/svg\" viewBox=\"0 0 25 32\"><path fill=\"#126567\" d=\"M10.7 11.9q-0.2 0.3-4.6 8.2-0.5 0.8-1.2 0.8h-4.3q-0.4 0-0.5-0.3t0-0.6l4.5-8q0 0 0 0l-2.9-5q-0.2-0.4 0-0.7 0.2-0.3 0.5-0.3h4.3q0.7 0 1.2 0.8zM25.1 0.4q0.2 0.3 0 0.7l-9.4 16.7 6 11q0.2 0.4 0 0.6-0.2 0.3-0.6 0.3h-4.3q-0.7 0-1.2-0.8l-6-11.1q0.3-0.6 9.5-16.8 0.4-0.8 1.2-0.8h4.3q0.4 0 0.5 0.3z\"\/><\/svg><\/span><span class=\"shariff-text\" style=\"color:#126567\">teilen<\/span>&nbsp;<\/a><\/li><li class=\"shariff-button whatsapp shariff-nocustomcolor\" style=\"background-color:#5cbe4a\"><a href=\"https:\/\/api.whatsapp.com\/send?text=https%3A%2F%2Fstarke-meinungen.de%2Fblog%2F2021%2F04%2F23%2Freifepruefung-oder-abgang-und-wohin-eigentlich%2F%20Reifepr%C3%BCfung%20oder%20Abgang%20%E2%80%A6%20und%20wohin%20eigentlich%3F\" title=\"Bei Whatsapp teilen\" aria-label=\"Bei Whatsapp teilen\" role=\"button\" rel=\"noopener nofollow\" class=\"shariff-link\" style=\"; background-color:#34af23; color:#34af23\" target=\"_blank\"><span class=\"shariff-icon\" style=\"fill:#34af23\"><svg width=\"32px\" height=\"20px\" xmlns=\"http:\/\/www.w3.org\/2000\/svg\" viewBox=\"0 0 32 32\"><path fill=\"#34af23\" d=\"M17.6 17.4q0.2 0 1.7 0.8t1.6 0.9q0 0.1 0 0.3 0 0.6-0.3 1.4-0.3 0.7-1.3 1.2t-1.8 0.5q-1 0-3.4-1.1-1.7-0.8-3-2.1t-2.6-3.3q-1.3-1.9-1.3-3.5v-0.1q0.1-1.6 1.3-2.8 0.4-0.4 0.9-0.4 0.1 0 0.3 0t0.3 0q0.3 0 0.5 0.1t0.3 0.5q0.1 0.4 0.6 1.6t0.4 1.3q0 0.4-0.6 1t-0.6 0.8q0 0.1 0.1 0.3 0.6 1.3 1.8 2.4 1 0.9 2.7 1.8 0.2 0.1 0.4 0.1 0.3 0 1-0.9t0.9-0.9zM14 26.9q2.3 0 4.3-0.9t3.6-2.4 2.4-3.6 0.9-4.3-0.9-4.3-2.4-3.6-3.6-2.4-4.3-0.9-4.3 0.9-3.6 2.4-2.4 3.6-0.9 4.3q0 3.6 2.1 6.6l-1.4 4.2 4.3-1.4q2.8 1.9 6.2 1.9zM14 2.2q2.7 0 5.2 1.1t4.3 2.9 2.9 4.3 1.1 5.2-1.1 5.2-2.9 4.3-4.3 2.9-5.2 1.1q-3.5 0-6.5-1.7l-7.4 2.4 2.4-7.2q-1.9-3.2-1.9-6.9 0-2.7 1.1-5.2t2.9-4.3 4.3-2.9 5.2-1.1z\"\/><\/svg><\/span><span class=\"shariff-text\" style=\"color:#34af23\">teilen<\/span>&nbsp;<\/a><\/li><li class=\"shariff-button info shariff-nocustomcolor\" style=\"background-color:#a8a8a8\"><a href=\"http:\/\/ct.de\/-2467514\" title=\"Weitere Informationen\" aria-label=\"Weitere Informationen\" role=\"button\" rel=\"noopener \" class=\"shariff-link\" style=\"; background-color:#999; color:#999\" target=\"_blank\"><span class=\"shariff-icon\" style=\"fill:#999\"><svg width=\"32px\" height=\"20px\" xmlns=\"http:\/\/www.w3.org\/2000\/svg\" viewBox=\"0 0 11 32\"><path fill=\"#999\" d=\"M11.4 24v2.3q0 0.5-0.3 0.8t-0.8 0.4h-9.1q-0.5 0-0.8-0.4t-0.4-0.8v-2.3q0-0.5 0.4-0.8t0.8-0.4h1.1v-6.8h-1.1q-0.5 0-0.8-0.4t-0.4-0.8v-2.3q0-0.5 0.4-0.8t0.8-0.4h6.8q0.5 0 0.8 0.4t0.4 0.8v10.3h1.1q0.5 0 0.8 0.4t0.3 0.8zM9.2 3.4v3.4q0 0.5-0.4 0.8t-0.8 0.4h-4.6q-0.4 0-0.8-0.4t-0.4-0.8v-3.4q0-0.4 0.4-0.8t0.8-0.4h4.6q0.5 0 0.8 0.4t0.4 0.8z\"\/><\/svg><\/span><\/a><\/li><\/ul><\/div>","protected":false},"excerpt":{"rendered":"<p>Ein\u00a0 Ritual macht wieder von sich reden ist, fraglich, ob es stattfinden kann: Die Abiturpr\u00fcfung. Was soll da eigentlich passieren? Es lohnt sich, die Pressefotos der Pr\u00fcfung einmal genauer unter die Lupe zu nehmen: Eine Bildinterpretation Wir blicken ausschnitthaft in einen gro\u00dfen Saal, in dem Einzeltische in acht Kolonnen aufgebaut sind. Jeder Tisch ist mit einem jungen Menschen besetzt, der,&#8230; <a href=\"https:\/\/starke-meinungen.de\/blog\/2021\/04\/23\/reifepruefung-oder-abgang-und-wohin-eigentlich\/\">Weiterlesen &raquo;<\/a><\/p>\n","protected":false},"author":37,"featured_media":0,"comment_status":"open","ping_status":"open","sticky":false,"template":"","format":"standard","meta":{"footnotes":""},"categories":[1],"tags":[],"class_list":["post-9145","post","type-post","status-publish","format-standard","hentry","category-allgemein"],"yoast_head":"<!-- This site is optimized with the Yoast SEO plugin v27.4 - https:\/\/yoast.com\/product\/yoast-seo-wordpress\/ -->\n<title>Reifepr\u00fcfung oder Abgang ... und wohin eigentlich? - starke-meinungen.de<\/title>\n<meta name=\"robots\" content=\"index, follow, max-snippet:-1, max-image-preview:large, max-video-preview:-1\" \/>\n<link rel=\"canonical\" href=\"https:\/\/starke-meinungen.de\/blog\/2021\/04\/23\/reifepruefung-oder-abgang-und-wohin-eigentlich\/\" \/>\n<meta property=\"og:locale\" content=\"de_DE\" \/>\n<meta property=\"og:type\" content=\"article\" \/>\n<meta property=\"og:title\" content=\"Reifepr\u00fcfung oder Abgang ... und wohin eigentlich? - starke-meinungen.de\" \/>\n<meta property=\"og:description\" content=\"Ein\u00a0 Ritual macht wieder von sich reden ist, fraglich, ob es stattfinden kann: Die Abiturpr\u00fcfung. Was soll da eigentlich passieren? Es lohnt sich, die Pressefotos der Pr\u00fcfung einmal genauer unter die Lupe zu nehmen: Eine Bildinterpretation Wir blicken ausschnitthaft in einen gro\u00dfen Saal, in dem Einzeltische in acht Kolonnen aufgebaut sind. Jeder Tisch ist mit einem jungen Menschen besetzt, der,... Weiterlesen &raquo;\" \/>\n<meta property=\"og:url\" content=\"https:\/\/starke-meinungen.de\/blog\/2021\/04\/23\/reifepruefung-oder-abgang-und-wohin-eigentlich\/\" \/>\n<meta property=\"og:site_name\" content=\"starke-meinungen.de\" \/>\n<meta property=\"article:publisher\" content=\"https:\/\/www.facebook.com\/starkemeinungen\/\" \/>\n<meta property=\"article:published_time\" content=\"2021-04-23T11:50:59+00:00\" \/>\n<meta property=\"og:image\" content=\"https:\/\/starke-meinungen.de\/blog\/wp-content\/uploads\/Unbenannt-002.jpeg\" \/>\n\t<meta property=\"og:image:width\" content=\"1800\" \/>\n\t<meta property=\"og:image:height\" content=\"1350\" \/>\n\t<meta property=\"og:image:type\" content=\"image\/jpeg\" \/>\n<meta name=\"author\" content=\"Friedrich Broeckelmann\" \/>\n<meta name=\"twitter:card\" content=\"summary_large_image\" \/>\n<meta name=\"twitter:creator\" content=\"@starkemeinungen\" \/>\n<meta name=\"twitter:site\" content=\"@starkemeinungen\" \/>\n<meta name=\"twitter:label1\" content=\"Verfasst von\" \/>\n\t<meta name=\"twitter:data1\" content=\"Friedrich Broeckelmann\" \/>\n\t<meta name=\"twitter:label2\" content=\"Gesch\u00e4tzte Lesezeit\" \/>\n\t<meta name=\"twitter:data2\" content=\"6\u00a0Minuten\" \/>\n<script type=\"application\/ld+json\" class=\"yoast-schema-graph\">{\"@context\":\"https:\\\/\\\/schema.org\",\"@graph\":[{\"@type\":\"Article\",\"@id\":\"https:\\\/\\\/starke-meinungen.de\\\/blog\\\/2021\\\/04\\\/23\\\/reifepruefung-oder-abgang-und-wohin-eigentlich\\\/#article\",\"isPartOf\":{\"@id\":\"https:\\\/\\\/starke-meinungen.de\\\/blog\\\/2021\\\/04\\\/23\\\/reifepruefung-oder-abgang-und-wohin-eigentlich\\\/\"},\"author\":{\"name\":\"Friedrich Broeckelmann\",\"@id\":\"https:\\\/\\\/starke-meinungen.de\\\/blog\\\/#\\\/schema\\\/person\\\/b3d3f3d6693abbca0c2c1f3c9167d665\"},\"headline\":\"Reifepr\u00fcfung oder Abgang &#8230; und wohin eigentlich?\",\"datePublished\":\"2021-04-23T11:50:59+00:00\",\"mainEntityOfPage\":{\"@id\":\"https:\\\/\\\/starke-meinungen.de\\\/blog\\\/2021\\\/04\\\/23\\\/reifepruefung-oder-abgang-und-wohin-eigentlich\\\/\"},\"wordCount\":1218,\"commentCount\":1,\"publisher\":{\"@id\":\"https:\\\/\\\/starke-meinungen.de\\\/blog\\\/#organization\"},\"image\":{\"@id\":\"https:\\\/\\\/starke-meinungen.de\\\/blog\\\/2021\\\/04\\\/23\\\/reifepruefung-oder-abgang-und-wohin-eigentlich\\\/#primaryimage\"},\"thumbnailUrl\":\"https:\\\/\\\/starke-meinungen.de\\\/blog\\\/wp-content\\\/uploads\\\/IMG_0142-002-200x112.jpeg\",\"inLanguage\":\"de\",\"potentialAction\":[{\"@type\":\"CommentAction\",\"name\":\"Comment\",\"target\":[\"https:\\\/\\\/starke-meinungen.de\\\/blog\\\/2021\\\/04\\\/23\\\/reifepruefung-oder-abgang-und-wohin-eigentlich\\\/#respond\"]}]},{\"@type\":\"WebPage\",\"@id\":\"https:\\\/\\\/starke-meinungen.de\\\/blog\\\/2021\\\/04\\\/23\\\/reifepruefung-oder-abgang-und-wohin-eigentlich\\\/\",\"url\":\"https:\\\/\\\/starke-meinungen.de\\\/blog\\\/2021\\\/04\\\/23\\\/reifepruefung-oder-abgang-und-wohin-eigentlich\\\/\",\"name\":\"Reifepr\u00fcfung oder Abgang ... und wohin eigentlich? - starke-meinungen.de\",\"isPartOf\":{\"@id\":\"https:\\\/\\\/starke-meinungen.de\\\/blog\\\/#website\"},\"primaryImageOfPage\":{\"@id\":\"https:\\\/\\\/starke-meinungen.de\\\/blog\\\/2021\\\/04\\\/23\\\/reifepruefung-oder-abgang-und-wohin-eigentlich\\\/#primaryimage\"},\"image\":{\"@id\":\"https:\\\/\\\/starke-meinungen.de\\\/blog\\\/2021\\\/04\\\/23\\\/reifepruefung-oder-abgang-und-wohin-eigentlich\\\/#primaryimage\"},\"thumbnailUrl\":\"https:\\\/\\\/starke-meinungen.de\\\/blog\\\/wp-content\\\/uploads\\\/IMG_0142-002-200x112.jpeg\",\"datePublished\":\"2021-04-23T11:50:59+00:00\",\"breadcrumb\":{\"@id\":\"https:\\\/\\\/starke-meinungen.de\\\/blog\\\/2021\\\/04\\\/23\\\/reifepruefung-oder-abgang-und-wohin-eigentlich\\\/#breadcrumb\"},\"inLanguage\":\"de\",\"potentialAction\":[{\"@type\":\"ReadAction\",\"target\":[\"https:\\\/\\\/starke-meinungen.de\\\/blog\\\/2021\\\/04\\\/23\\\/reifepruefung-oder-abgang-und-wohin-eigentlich\\\/\"]}]},{\"@type\":\"ImageObject\",\"inLanguage\":\"de\",\"@id\":\"https:\\\/\\\/starke-meinungen.de\\\/blog\\\/2021\\\/04\\\/23\\\/reifepruefung-oder-abgang-und-wohin-eigentlich\\\/#primaryimage\",\"url\":\"\",\"contentUrl\":\"\"},{\"@type\":\"BreadcrumbList\",\"@id\":\"https:\\\/\\\/starke-meinungen.de\\\/blog\\\/2021\\\/04\\\/23\\\/reifepruefung-oder-abgang-und-wohin-eigentlich\\\/#breadcrumb\",\"itemListElement\":[{\"@type\":\"ListItem\",\"position\":1,\"name\":\"Startseite\",\"item\":\"https:\\\/\\\/starke-meinungen.de\\\/blog\\\/\"},{\"@type\":\"ListItem\",\"position\":2,\"name\":\"Reifepr\u00fcfung oder Abgang &#8230; und wohin eigentlich?\"}]},{\"@type\":\"WebSite\",\"@id\":\"https:\\\/\\\/starke-meinungen.de\\\/blog\\\/#website\",\"url\":\"https:\\\/\\\/starke-meinungen.de\\\/blog\\\/\",\"name\":\"starke-meinungen.de\",\"description\":\"Autoren-Blog\",\"publisher\":{\"@id\":\"https:\\\/\\\/starke-meinungen.de\\\/blog\\\/#organization\"},\"potentialAction\":[{\"@type\":\"SearchAction\",\"target\":{\"@type\":\"EntryPoint\",\"urlTemplate\":\"https:\\\/\\\/starke-meinungen.de\\\/blog\\\/?s={search_term_string}\"},\"query-input\":{\"@type\":\"PropertyValueSpecification\",\"valueRequired\":true,\"valueName\":\"search_term_string\"}}],\"inLanguage\":\"de\"},{\"@type\":\"Organization\",\"@id\":\"https:\\\/\\\/starke-meinungen.de\\\/blog\\\/#organization\",\"name\":\"starke-meinungen.de\",\"url\":\"https:\\\/\\\/starke-meinungen.de\\\/blog\\\/\",\"logo\":{\"@type\":\"ImageObject\",\"inLanguage\":\"de\",\"@id\":\"https:\\\/\\\/starke-meinungen.de\\\/blog\\\/#\\\/schema\\\/logo\\\/image\\\/\",\"url\":\"https:\\\/\\\/starke-meinungen.de\\\/blog\\\/wp-content\\\/uploads\\\/starke-meinungen-fb-header.jpg\",\"contentUrl\":\"https:\\\/\\\/starke-meinungen.de\\\/blog\\\/wp-content\\\/uploads\\\/starke-meinungen-fb-header.jpg\",\"width\":1200,\"height\":630,\"caption\":\"starke-meinungen.de\"},\"image\":{\"@id\":\"https:\\\/\\\/starke-meinungen.de\\\/blog\\\/#\\\/schema\\\/logo\\\/image\\\/\"},\"sameAs\":[\"https:\\\/\\\/www.facebook.com\\\/starkemeinungen\\\/\",\"https:\\\/\\\/x.com\\\/starkemeinungen\"]},{\"@type\":\"Person\",\"@id\":\"https:\\\/\\\/starke-meinungen.de\\\/blog\\\/#\\\/schema\\\/person\\\/b3d3f3d6693abbca0c2c1f3c9167d665\",\"name\":\"Friedrich Broeckelmann\",\"image\":{\"@type\":\"ImageObject\",\"inLanguage\":\"de\",\"@id\":\"https:\\\/\\\/secure.gravatar.com\\\/avatar\\\/a9e1b0a91ef6cd49a61bb9267da32d7f407aa25c3daf2bca9680a70b20a968ff?s=96&d=mm&r=g\",\"url\":\"https:\\\/\\\/secure.gravatar.com\\\/avatar\\\/a9e1b0a91ef6cd49a61bb9267da32d7f407aa25c3daf2bca9680a70b20a968ff?s=96&d=mm&r=g\",\"contentUrl\":\"https:\\\/\\\/secure.gravatar.com\\\/avatar\\\/a9e1b0a91ef6cd49a61bb9267da32d7f407aa25c3daf2bca9680a70b20a968ff?s=96&d=mm&r=g\",\"caption\":\"Friedrich Broeckelmann\"},\"description\":\"Friedrich Broeckelmann, Jg. 1952, war Gymnasiallehrer und Bildungsbeamter bei der Kultusministerkonferenz (KMK). Sein Arbeitsschwerpunkt lag an Deutschen Auslandsschulen und bei der Deutschf\u00f6rderung im Ausland. Bis zu seiner Pensionierung war er als Fachberater f\u00fcr den Osten Kanadas in Toronto ans\u00e4ssig. Heute betreut er als \u201eSenior Experte\u201c in NRW Sprachpr\u00fcfungen f\u00fcr jugendliche Zuwanderer.\",\"url\":\"https:\\\/\\\/starke-meinungen.de\\\/blog\\\/author\\\/broeckelmann\\\/\"}]}<\/script>\n<!-- \/ Yoast SEO plugin. -->","yoast_head_json":{"title":"Reifepr\u00fcfung oder Abgang ... und wohin eigentlich? - starke-meinungen.de","robots":{"index":"index","follow":"follow","max-snippet":"max-snippet:-1","max-image-preview":"max-image-preview:large","max-video-preview":"max-video-preview:-1"},"canonical":"https:\/\/starke-meinungen.de\/blog\/2021\/04\/23\/reifepruefung-oder-abgang-und-wohin-eigentlich\/","og_locale":"de_DE","og_type":"article","og_title":"Reifepr\u00fcfung oder Abgang ... und wohin eigentlich? - starke-meinungen.de","og_description":"Ein\u00a0 Ritual macht wieder von sich reden ist, fraglich, ob es stattfinden kann: Die Abiturpr\u00fcfung. Was soll da eigentlich passieren? Es lohnt sich, die Pressefotos der Pr\u00fcfung einmal genauer unter die Lupe zu nehmen: Eine Bildinterpretation Wir blicken ausschnitthaft in einen gro\u00dfen Saal, in dem Einzeltische in acht Kolonnen aufgebaut sind. Jeder Tisch ist mit einem jungen Menschen besetzt, der,... Weiterlesen &raquo;","og_url":"https:\/\/starke-meinungen.de\/blog\/2021\/04\/23\/reifepruefung-oder-abgang-und-wohin-eigentlich\/","og_site_name":"starke-meinungen.de","article_publisher":"https:\/\/www.facebook.com\/starkemeinungen\/","article_published_time":"2021-04-23T11:50:59+00:00","og_image":[{"width":1800,"height":1350,"url":"https:\/\/starke-meinungen.de\/blog\/wp-content\/uploads\/Unbenannt-002.jpeg","type":"image\/jpeg"}],"author":"Friedrich Broeckelmann","twitter_card":"summary_large_image","twitter_creator":"@starkemeinungen","twitter_site":"@starkemeinungen","twitter_misc":{"Verfasst von":"Friedrich Broeckelmann","Gesch\u00e4tzte Lesezeit":"6\u00a0Minuten"},"schema":{"@context":"https:\/\/schema.org","@graph":[{"@type":"Article","@id":"https:\/\/starke-meinungen.de\/blog\/2021\/04\/23\/reifepruefung-oder-abgang-und-wohin-eigentlich\/#article","isPartOf":{"@id":"https:\/\/starke-meinungen.de\/blog\/2021\/04\/23\/reifepruefung-oder-abgang-und-wohin-eigentlich\/"},"author":{"name":"Friedrich Broeckelmann","@id":"https:\/\/starke-meinungen.de\/blog\/#\/schema\/person\/b3d3f3d6693abbca0c2c1f3c9167d665"},"headline":"Reifepr\u00fcfung oder Abgang &#8230; und wohin eigentlich?","datePublished":"2021-04-23T11:50:59+00:00","mainEntityOfPage":{"@id":"https:\/\/starke-meinungen.de\/blog\/2021\/04\/23\/reifepruefung-oder-abgang-und-wohin-eigentlich\/"},"wordCount":1218,"commentCount":1,"publisher":{"@id":"https:\/\/starke-meinungen.de\/blog\/#organization"},"image":{"@id":"https:\/\/starke-meinungen.de\/blog\/2021\/04\/23\/reifepruefung-oder-abgang-und-wohin-eigentlich\/#primaryimage"},"thumbnailUrl":"https:\/\/starke-meinungen.de\/blog\/wp-content\/uploads\/IMG_0142-002-200x112.jpeg","inLanguage":"de","potentialAction":[{"@type":"CommentAction","name":"Comment","target":["https:\/\/starke-meinungen.de\/blog\/2021\/04\/23\/reifepruefung-oder-abgang-und-wohin-eigentlich\/#respond"]}]},{"@type":"WebPage","@id":"https:\/\/starke-meinungen.de\/blog\/2021\/04\/23\/reifepruefung-oder-abgang-und-wohin-eigentlich\/","url":"https:\/\/starke-meinungen.de\/blog\/2021\/04\/23\/reifepruefung-oder-abgang-und-wohin-eigentlich\/","name":"Reifepr\u00fcfung oder Abgang ... und wohin eigentlich? - starke-meinungen.de","isPartOf":{"@id":"https:\/\/starke-meinungen.de\/blog\/#website"},"primaryImageOfPage":{"@id":"https:\/\/starke-meinungen.de\/blog\/2021\/04\/23\/reifepruefung-oder-abgang-und-wohin-eigentlich\/#primaryimage"},"image":{"@id":"https:\/\/starke-meinungen.de\/blog\/2021\/04\/23\/reifepruefung-oder-abgang-und-wohin-eigentlich\/#primaryimage"},"thumbnailUrl":"https:\/\/starke-meinungen.de\/blog\/wp-content\/uploads\/IMG_0142-002-200x112.jpeg","datePublished":"2021-04-23T11:50:59+00:00","breadcrumb":{"@id":"https:\/\/starke-meinungen.de\/blog\/2021\/04\/23\/reifepruefung-oder-abgang-und-wohin-eigentlich\/#breadcrumb"},"inLanguage":"de","potentialAction":[{"@type":"ReadAction","target":["https:\/\/starke-meinungen.de\/blog\/2021\/04\/23\/reifepruefung-oder-abgang-und-wohin-eigentlich\/"]}]},{"@type":"ImageObject","inLanguage":"de","@id":"https:\/\/starke-meinungen.de\/blog\/2021\/04\/23\/reifepruefung-oder-abgang-und-wohin-eigentlich\/#primaryimage","url":"","contentUrl":""},{"@type":"BreadcrumbList","@id":"https:\/\/starke-meinungen.de\/blog\/2021\/04\/23\/reifepruefung-oder-abgang-und-wohin-eigentlich\/#breadcrumb","itemListElement":[{"@type":"ListItem","position":1,"name":"Startseite","item":"https:\/\/starke-meinungen.de\/blog\/"},{"@type":"ListItem","position":2,"name":"Reifepr\u00fcfung oder Abgang &#8230; und wohin eigentlich?"}]},{"@type":"WebSite","@id":"https:\/\/starke-meinungen.de\/blog\/#website","url":"https:\/\/starke-meinungen.de\/blog\/","name":"starke-meinungen.de","description":"Autoren-Blog","publisher":{"@id":"https:\/\/starke-meinungen.de\/blog\/#organization"},"potentialAction":[{"@type":"SearchAction","target":{"@type":"EntryPoint","urlTemplate":"https:\/\/starke-meinungen.de\/blog\/?s={search_term_string}"},"query-input":{"@type":"PropertyValueSpecification","valueRequired":true,"valueName":"search_term_string"}}],"inLanguage":"de"},{"@type":"Organization","@id":"https:\/\/starke-meinungen.de\/blog\/#organization","name":"starke-meinungen.de","url":"https:\/\/starke-meinungen.de\/blog\/","logo":{"@type":"ImageObject","inLanguage":"de","@id":"https:\/\/starke-meinungen.de\/blog\/#\/schema\/logo\/image\/","url":"https:\/\/starke-meinungen.de\/blog\/wp-content\/uploads\/starke-meinungen-fb-header.jpg","contentUrl":"https:\/\/starke-meinungen.de\/blog\/wp-content\/uploads\/starke-meinungen-fb-header.jpg","width":1200,"height":630,"caption":"starke-meinungen.de"},"image":{"@id":"https:\/\/starke-meinungen.de\/blog\/#\/schema\/logo\/image\/"},"sameAs":["https:\/\/www.facebook.com\/starkemeinungen\/","https:\/\/x.com\/starkemeinungen"]},{"@type":"Person","@id":"https:\/\/starke-meinungen.de\/blog\/#\/schema\/person\/b3d3f3d6693abbca0c2c1f3c9167d665","name":"Friedrich Broeckelmann","image":{"@type":"ImageObject","inLanguage":"de","@id":"https:\/\/secure.gravatar.com\/avatar\/a9e1b0a91ef6cd49a61bb9267da32d7f407aa25c3daf2bca9680a70b20a968ff?s=96&d=mm&r=g","url":"https:\/\/secure.gravatar.com\/avatar\/a9e1b0a91ef6cd49a61bb9267da32d7f407aa25c3daf2bca9680a70b20a968ff?s=96&d=mm&r=g","contentUrl":"https:\/\/secure.gravatar.com\/avatar\/a9e1b0a91ef6cd49a61bb9267da32d7f407aa25c3daf2bca9680a70b20a968ff?s=96&d=mm&r=g","caption":"Friedrich Broeckelmann"},"description":"Friedrich Broeckelmann, Jg. 1952, war Gymnasiallehrer und Bildungsbeamter bei der Kultusministerkonferenz (KMK). Sein Arbeitsschwerpunkt lag an Deutschen Auslandsschulen und bei der Deutschf\u00f6rderung im Ausland. Bis zu seiner Pensionierung war er als Fachberater f\u00fcr den Osten Kanadas in Toronto ans\u00e4ssig. Heute betreut er als \u201eSenior Experte\u201c in NRW Sprachpr\u00fcfungen f\u00fcr jugendliche Zuwanderer.","url":"https:\/\/starke-meinungen.de\/blog\/author\/broeckelmann\/"}]}},"_links":{"self":[{"href":"https:\/\/starke-meinungen.de\/blog\/wp-json\/wp\/v2\/posts\/9145","targetHints":{"allow":["GET"]}}],"collection":[{"href":"https:\/\/starke-meinungen.de\/blog\/wp-json\/wp\/v2\/posts"}],"about":[{"href":"https:\/\/starke-meinungen.de\/blog\/wp-json\/wp\/v2\/types\/post"}],"author":[{"embeddable":true,"href":"https:\/\/starke-meinungen.de\/blog\/wp-json\/wp\/v2\/users\/37"}],"replies":[{"embeddable":true,"href":"https:\/\/starke-meinungen.de\/blog\/wp-json\/wp\/v2\/comments?post=9145"}],"version-history":[{"count":0,"href":"https:\/\/starke-meinungen.de\/blog\/wp-json\/wp\/v2\/posts\/9145\/revisions"}],"wp:attachment":[{"href":"https:\/\/starke-meinungen.de\/blog\/wp-json\/wp\/v2\/media?parent=9145"}],"wp:term":[{"taxonomy":"category","embeddable":true,"href":"https:\/\/starke-meinungen.de\/blog\/wp-json\/wp\/v2\/categories?post=9145"},{"taxonomy":"post_tag","embeddable":true,"href":"https:\/\/starke-meinungen.de\/blog\/wp-json\/wp\/v2\/tags?post=9145"}],"curies":[{"name":"wp","href":"https:\/\/api.w.org\/{rel}","templated":true}]}}