

{"id":9029,"date":"2021-01-02T18:13:13","date_gmt":"2021-01-02T17:13:13","guid":{"rendered":"https:\/\/starke-meinungen.de\/blog\/?p=9029"},"modified":"2021-01-02T18:13:13","modified_gmt":"2021-01-02T17:13:13","slug":"ein-schlechtes-ei-teil-1","status":"publish","type":"post","link":"https:\/\/starke-meinungen.de\/blog\/2021\/01\/02\/ein-schlechtes-ei-teil-1\/","title":{"rendered":"Ein schlechtes Ei? (Teil 1)"},"content":{"rendered":"<p>Eine ber\u00fchmte <a href=\"https:\/\/en.wikipedia.org\/wiki\/Curate%27s_egg\" target=\"_blank\" rel=\"noopener\">Karikatur<\/a> in der satirischen Zeitschrift \u201ePunch\u201c aus dem Jahr 1895 tr\u00e4gt den Titel \u201eWahre Bescheidenheit\u201c. Sie zeigt einen Bischof, der das Fr\u00fchst\u00fccksei eines jungen Pfarrers mustert und sagt: \u201eIch f\u00fcrchte, Sie haben da ein schlechtes Ei bekommen!\u201c Der eingesch\u00fcchterte Gast antwortet: \u201eNein, Mylord, ich versichere Sie: Teile davon sind hervorragend!\u201c So \u00e4hnlich geht es mir mit dem \u201e<a href=\"https:\/\/www.humboldtforum.org\/de\/presse\/mitteilungen\/plaedoyer-der-initiative-gg-5-3-weltoffenheit\/\" target=\"_blank\" rel=\"noopener\">Pl\u00e4doyer<\/a>\u201c der \u201eInitiative GG 5.3 Weltoffenheit\u201c. Teile davon sind hervorragend. Oder zumindest nicht v\u00f6llig ungenie\u00dfbar.<\/p>\n<p><!--more--><\/p>\n<p>Im Folgenden will ich das Pl\u00e4doyer in einer Form wiedergeben, die meines Erachtens dem Anliegen der Unterzeichner*innen gerecht geworden w\u00e4re, ohne Gefahr zu laufen, als Angriff auf die deutsche Erinnerungskultur verstanden zu werden. Es handelt sich um etwa 75 Prozent des Originaltexts, den ich einfach durch Copy &amp; Paste hier zusammenf\u00fcge:<\/p>\n<p><strong>Als Repr\u00e4sentantinnen und Repr\u00e4sentanten \u00f6ffentlicher Kultur- und Wissenschaftseinrichtungen verbindet uns der staatliche Auftrag, Kunst und Kultur, historische Forschung und demokratische Bildung zu f\u00f6rdern und der Allgemeinheit zug\u00e4nglich zu machen. Daf\u00fcr sind wir auf eine \u00d6ffentlichkeit angewiesen, die auf der normativen Basis der grundgesetzlichen Ordnung streitbare und kontroverse Debatten erm\u00f6glicht. Unsere besondere Aufmerksamkeit gilt dabei auch marginalisierten und ausgeblendeten Stimmen, die f\u00fcr kulturelle Vielfalt und kritische Perspektiven stehen. Der gemeinsame Kampf gegen Antisemitismus, Rassismus, Rechtsextremismus und jede Form von gewaltbereitem religi\u00f6sem Fundamentalismus steht im Zentrum unserer Initiative.<\/strong><\/p>\n<p><strong>Eine spezifische Herausforderung besteht f\u00fcr uns heute darin, die Besonderheiten der deutschen Vergangenheit unseren Kooperationspartner:innen in der ganzen Welt verantwortungsvoll zu vermitteln, um eine gemeinsame Gegenwart und Zukunft zu entwerfen. Eine Vergangenheit, die einerseits gepr\u00e4gt ist durch den beispiellosen V\u00f6lkermord an den europ\u00e4ischen Juden und J\u00fcdinnen und andererseits durch eine sp\u00e4te und relativ z\u00f6gerliche Aufarbeitung der deutschen Kolonialgeschichte. Dazu bedarf es eines aktiven Engagements f\u00fcr die Vielfalt j\u00fcdischer Positionen und der \u00d6ffnung f\u00fcr andere, aus der nichteurop\u00e4ischen Welt vorgetragene gesellschaftliche Visionen.<\/strong><\/p>\n<p>Es folgt ein Abschnitt, den ich f\u00fcr so ungenie\u00dfbar halte wie das Ei des Pfarrers:<\/p>\n<p><em>Es ist unproduktiv und f\u00fcr eine demokratische \u00d6ffentlichkeit abtr\u00e4glich, wenn wichtige <\/em><em>lokale und internationale Stimmen aus dem kritischen Dialog ausgegrenzt werden <\/em><em>sollen, wie im Falle der Debatte um Achille Mbembe zu beobachten war. Die historische <\/em><em>Verantwortung Deutschlands darf nicht dazu f\u00fchren, andere historische Erfahrungen <\/em><em>von Gewalt und Unterdr\u00fcckung moralisch oder politisch pauschal zu delegitimieren. Konfrontation und Auseinandersetzung damit m\u00fcssen gerade in \u00f6ffentlich gef\u00f6rderten Kultur- und Diskursr\u00e4umen <\/em><em>m\u00f6glich sein.<\/em><\/p>\n<p>Dazu habe ich <a href=\"https:\/\/starke-meinungen.de\/blog\/2020\/12\/25\/initiative-gg5-3-generalverdacht-gegen-die-erinnerungskultur\/\" target=\"_blank\" rel=\"noopener\">hier<\/a> (und zu Mbembes Positionen ausf\u00fchrlich <a href=\"https:\/\/starke-meinungen.de\/blog\/2020\/07\/13\/mit-carl-schmitt-und-co-gegen-die-spaetmoderne-achille-mbembe\/\" target=\"_blank\" rel=\"noopener\">anderswo<\/a>) einiges geschrieben, ich muss das nicht wiederholen. Der Vorwurf, Mbembe solle \u201eaus dem kritischen Dialog ausgegrenzt werden\u201c, trifft schlicht und einfach nicht zu.<\/p>\n<p>Doch weiter im Text:<\/p>\n<p><strong>Da wir den kulturellen und wissenschaftlichen Austausch f\u00fcr grundlegend halten, lehnen wir den Boykott Israels durch den BDS ab. Gleichzeitig halten wir auch die Logik des Boykotts, die die BDS-Resolution des Bundestages ausgel\u00f6st hat, f\u00fcr gef\u00e4hrlich.<\/strong><\/p>\n<p>Wie gesagt, man muss den Unterzeichner*innen in dieser Einsch\u00e4tzung nicht zustimmen. Aber man kann dar\u00fcber diskutieren. F\u00fcr unangebracht halte ich den n\u00e4chsten Abschnitt:<\/p>\n<p><em>Unter Berufung auf diese Resolution werden durch missbr\u00e4uchliche Verwendungen des Antisemitismusvorwurfs wichtige Stimmen beiseitegedr\u00e4ngt und kritische Positionen verzerrt dargestellt.<\/em><\/p>\n<p>Das ist eine Unterstellung, f\u00fcr die auch in der \u00f6ffentlichen Diskussion \u00fcber das \u201ePl\u00e4doyer\u201c kein einziges Beispiel genannt worden ist. Man sollte bei Passivkonstruktionen immer die Ohren spitzen: Statt Subjekt und Objekt zu nennen \u2013 wer dr\u00e4ngt wen beiseite, wer stellt wessen Positionen verzerrt dar? \u2013 wird durch eine Passivkonstruktion der Eindruck erweckt, das passiere h\u00e4ufig. Sonst eher eine Technik der Rechten: &#8222;Kritiker der Merkel&#8217;schen Einwanderungspolitik werden gesellschaftlich kaltgestellt.&#8220; Wie gesagt, es gibt f\u00fcr das Beiseitedr\u00e4ngen und die Verzerrung kein einziges Beispiel. Jedenfalls ist mir kein Beispiel bekannt geworden.<\/p>\n<p>Doch weiter im Text:<\/p>\n<p><strong>Aus diesem Grund haben wir uns zu der \u201eInitiative GG 5.3 Weltoffenheit\u201c zusammengefunden, in der wir unsere Kompetenzen und Kr\u00e4fte b\u00fcndeln, um uns f\u00fcr die Verteidigung eines Klimas der Vielstimmigkeit, der kritischen Reflexion und der Anerkennung von Differenz einzusetzen. Mit dem Namen verweisen wir auf Artikel 5 Absatz 3 des Grundgesetzes, in dem die Freiheit von Kunst und Wissenschaft garantiert wird. Weltoffenheit, wie wir sie verstehen, setzt eine politische <\/strong><strong>\u00c4sthetik der Differenz voraus, die Anderssein als demokratische Qualit\u00e4t versteht und Kunst und Bildung als R\u00e4ume, in denen es darum geht, Ambivalenzen zu ertragen und abweichende Positionen zuzulassen. Dazu geh\u00f6rt es auch, einer Vielstimmigkeit Freir\u00e4ume zu garantieren, die die eigene privilegierte Position als implizite Norm kritisch zur Disposition stellt.<\/strong><\/p>\n<p><strong>Wir verteidigen die weltoffene Gesellschaft, die f\u00fcr die Gleichwertigkeit aller Menschen <\/strong><strong>mit den Mitteln des Rechtsstaats und \u00f6ffentlichen Diskurses streitet sowie Dissens und vielschichtige Solidarit\u00e4ten zul\u00e4sst. Dies ist die Grundlage, welche es den K\u00fcnsten und Wissenschaften erlaubt, ihre ureigene Funktion weiterhin auszu\u00fcben: die der kritischen Reflexion der gesellschaftlichen Ordnungen und der \u00d6ffnung f\u00fcr alternative Weltentw\u00fcrfe. <\/strong><\/p>\n<p>Ende des Resolutionstextes.<\/p>\n<p>Wie gesagt, h\u00e4tten die Unterzeichner*innen den Text in der k\u00fcrzeren \u2013 hier gefetteten \u2013 Form ver\u00f6ffentlicht, w\u00e4re ich zwar immer noch der Meinung, dass hier \u201eWolf!\u201c gerufen wird. Ich sehe nicht, dass der BDS-Beschluss des Bundestags eine \u201eLogik des Boykotts ausgel\u00f6st hat\u201c, und es werden \u2013 ich wiederhole es \u2013 daf\u00fcr auch keine Beispiele angef\u00fchrt. Aber ich w\u00fcrde akzeptieren, dass es unter den staatlich gef\u00f6rderten Kulturinstitutionen diesbez\u00fcgliche Sorgen gibt; und ich pers\u00f6nlich w\u00e4re der Letzte, der etwa die F\u00f6rderung eines jungen K\u00fcnstlers im Rahmen des Deutschen Akademischen Austauschdienstes (DAAD) anprangern w\u00fcrde nur deshalb, weil er sich f\u00fcr BDS eingesetzt oder dummes Zeug \u00fcber Israel gesagt hat. Es ist leider so, dass eine oft ungerechte und weder moralisch noch intellektuell haltbare \u201eIsraelkritik\u201c in vielen Teilen der Welt sozusagen zum guten Ton geh\u00f6rt. Solche Leute muss man nicht mit Ehren \u00fcberh\u00e4ufen und als Er\u00f6ffnungsredner der Ruhrtriennale einladen, aber es w\u00e4re in der Tat unproduktiv, gar nicht mit ihnen zu reden.<\/p>\n<p>Die klare Haltung der Unterzeichner*innen \u2013 \u201eWir lehnen den Boykott Israels ab\u201c \u2013 ist zu begr\u00fc\u00dfen, und man w\u00e4re froh, wenn diese Haltung \u2013 und die ebenfalls beschworene \u201eVerantwortungsvolle Vermittlung der Besonderheiten der deutschen Vergangenheit\u201c mitsamt ihrer Folgen, zu denen die Verteidigung des Existenzrechts Israels geh\u00f6rt \u2013 tats\u00e4chlich im Zentrum der Arbeit all jener Institutionen geh\u00f6rte, deren Leiter*innen das \u201ePl\u00e4doyer\u201c unterzeichnet haben. Was ich bezweifle, aber das nur nebenbei. W\u00e4re dem aber so, was w\u00e4re dagegen einzuwenden, wenn auch \u2013 ja gerade \u2013 der Dialog mit solchen Leuten gesucht w\u00fcrde, die jene Vergangenheit relativieren oder meinen, daraus m\u00fcsse man andere Folgen ziehen, als es die deutsche Staatsr\u00e4son tut? Nichts.<\/p>\n<p>Die Frage aber, warum die von mir inkriminierten Passagen aufgenommen wurden; warum man es nicht bei einer klarstellenden Eingabe an den Bundestag belie\u00df \u2013 \u201ewir sind gegen BDS, m\u00f6chten aber darauf beharren, dass wir auch k\u00fcnftig trotz \u00f6ffentlicher F\u00f6rderung mit Israelkritikern zusammenarbeiten d\u00fcrfen\u201c \u2013 : Diese Frage bleibt. Warum musste die Mbembe-Diskussion zu der Unterstellung \u00fcberh\u00f6ht werden, \u201eandere historische Erfahrungen von Gewalt und Unterdr\u00fcckung\u201c w\u00fcrden unter Verweis auf den Holocaust \u201emoralisch oder politisch pauschal delegitimiert\u201c?<\/p>\n<p>Bisher hat keine von den Unterzeichner*innen dazu Stellung genommen. Das muss sich \u00e4ndern, wenn man glauben soll, es handele sich beim \u201ePl\u00e4doyer\u201c nicht schlicht und einfach um ein faules Ei, das durchweg und nicht nur in Teilen ungenie\u00dfbar ist, selbst unter Aufbietung gr\u00f6\u00dfter christlicher Bescheidenheit.<\/p>\n<p><em>In einem zweiten Teil will ich mich mit einigen anderen Aspekten der Resolution auseinandersetzen, die ich verst\u00f6rend finde<\/em><\/p>\n<div class=\"shariff shariff-align-left shariff-widget-align-left shariff-buttonstretch\" style=\"display:none\"><ul class=\"shariff-buttons theme-white orientation-horizontal buttonsize-medium\"><li class=\"shariff-button facebook shariff-nocustomcolor\" style=\"background-color:#4273c8\"><a href=\"https:\/\/www.facebook.com\/sharer\/sharer.php?u=https%3A%2F%2Fstarke-meinungen.de%2Fblog%2F2021%2F01%2F02%2Fein-schlechtes-ei-teil-1%2F\" title=\"Bei Facebook teilen\" aria-label=\"Bei Facebook teilen\" role=\"button\" rel=\"nofollow\" class=\"shariff-link\" style=\"; background-color:#3b5998; color:#3b5998\" target=\"_blank\"><span class=\"shariff-icon\" style=\"fill:#3b5998\"><svg width=\"32px\" height=\"20px\" xmlns=\"http:\/\/www.w3.org\/2000\/svg\" viewBox=\"0 0 18 32\"><path fill=\"#3b5998\" d=\"M17.1 0.2v4.7h-2.8q-1.5 0-2.1 0.6t-0.5 1.9v3.4h5.2l-0.7 5.3h-4.5v13.6h-5.5v-13.6h-4.5v-5.3h4.5v-3.9q0-3.3 1.9-5.2t5-1.8q2.6 0 4.1 0.2z\"\/><\/svg><\/span><span class=\"shariff-text\" style=\"color:#3b5998\">teilen<\/span>&nbsp;<\/a><\/li><li class=\"shariff-button twitter shariff-nocustomcolor\" style=\"background-color:#595959\"><a href=\"https:\/\/twitter.com\/share?url=https%3A%2F%2Fstarke-meinungen.de%2Fblog%2F2021%2F01%2F02%2Fein-schlechtes-ei-teil-1%2F&text=Ein%20schlechtes%20Ei%3F%20%28Teil%201%29&via=starkemeinungen\" title=\"Bei X teilen\" aria-label=\"Bei X teilen\" role=\"button\" rel=\"noopener nofollow\" class=\"shariff-link\" style=\"; background-color:#000; color:#000\" target=\"_blank\"><span class=\"shariff-icon\" style=\"fill:#000\"><svg width=\"32px\" height=\"20px\" xmlns=\"http:\/\/www.w3.org\/2000\/svg\" viewBox=\"0 0 24 24\"><path fill=\"#000\" d=\"M14.258 10.152L23.176 0h-2.113l-7.747 8.813L7.133 0H0l9.352 13.328L0 23.973h2.113l8.176-9.309 6.531 9.309h7.133zm-2.895 3.293l-.949-1.328L2.875 1.56h3.246l6.086 8.523.945 1.328 7.91 11.078h-3.246zm0 0\"\/><\/svg><\/span><span class=\"shariff-text\" style=\"color:#000\">teilen<\/span>&nbsp;<\/a><\/li><li class=\"shariff-button linkedin shariff-nocustomcolor\" style=\"background-color:#1488bf\"><a href=\"https:\/\/www.linkedin.com\/sharing\/share-offsite\/?url=https%3A%2F%2Fstarke-meinungen.de%2Fblog%2F2021%2F01%2F02%2Fein-schlechtes-ei-teil-1%2F\" title=\"Bei LinkedIn teilen\" aria-label=\"Bei LinkedIn teilen\" role=\"button\" rel=\"noopener nofollow\" class=\"shariff-link\" style=\"; background-color:#0077b5; color:#0077b5\" target=\"_blank\"><span class=\"shariff-icon\" style=\"fill:#0077b5\"><svg width=\"32px\" height=\"20px\" xmlns=\"http:\/\/www.w3.org\/2000\/svg\" viewBox=\"0 0 27 32\"><path fill=\"#0077b5\" d=\"M6.2 11.2v17.7h-5.9v-17.7h5.9zM6.6 5.7q0 1.3-0.9 2.2t-2.4 0.9h0q-1.5 0-2.4-0.9t-0.9-2.2 0.9-2.2 2.4-0.9 2.4 0.9 0.9 2.2zM27.4 18.7v10.1h-5.9v-9.5q0-1.9-0.7-2.9t-2.3-1.1q-1.1 0-1.9 0.6t-1.2 1.5q-0.2 0.5-0.2 1.4v9.9h-5.9q0-7.1 0-11.6t0-5.3l0-0.9h5.9v2.6h0q0.4-0.6 0.7-1t1-0.9 1.6-0.8 2-0.3q3 0 4.9 2t1.9 6z\"\/><\/svg><\/span><span class=\"shariff-text\" style=\"color:#0077b5\">teilen<\/span>&nbsp;<\/a><\/li><li class=\"shariff-button xing shariff-nocustomcolor\" style=\"background-color:#29888a\"><a href=\"https:\/\/www.xing.com\/spi\/shares\/new?url=https%3A%2F%2Fstarke-meinungen.de%2Fblog%2F2021%2F01%2F02%2Fein-schlechtes-ei-teil-1%2F\" title=\"Bei XING teilen\" aria-label=\"Bei XING teilen\" role=\"button\" rel=\"noopener nofollow\" class=\"shariff-link\" style=\"; background-color:#126567; color:#126567\" target=\"_blank\"><span class=\"shariff-icon\" style=\"fill:#126567\"><svg width=\"32px\" height=\"20px\" xmlns=\"http:\/\/www.w3.org\/2000\/svg\" viewBox=\"0 0 25 32\"><path fill=\"#126567\" d=\"M10.7 11.9q-0.2 0.3-4.6 8.2-0.5 0.8-1.2 0.8h-4.3q-0.4 0-0.5-0.3t0-0.6l4.5-8q0 0 0 0l-2.9-5q-0.2-0.4 0-0.7 0.2-0.3 0.5-0.3h4.3q0.7 0 1.2 0.8zM25.1 0.4q0.2 0.3 0 0.7l-9.4 16.7 6 11q0.2 0.4 0 0.6-0.2 0.3-0.6 0.3h-4.3q-0.7 0-1.2-0.8l-6-11.1q0.3-0.6 9.5-16.8 0.4-0.8 1.2-0.8h4.3q0.4 0 0.5 0.3z\"\/><\/svg><\/span><span class=\"shariff-text\" style=\"color:#126567\">teilen<\/span>&nbsp;<\/a><\/li><li class=\"shariff-button whatsapp shariff-nocustomcolor\" style=\"background-color:#5cbe4a\"><a href=\"https:\/\/api.whatsapp.com\/send?text=https%3A%2F%2Fstarke-meinungen.de%2Fblog%2F2021%2F01%2F02%2Fein-schlechtes-ei-teil-1%2F%20Ein%20schlechtes%20Ei%3F%20%28Teil%201%29\" title=\"Bei Whatsapp teilen\" aria-label=\"Bei Whatsapp teilen\" role=\"button\" rel=\"noopener nofollow\" class=\"shariff-link\" style=\"; background-color:#34af23; color:#34af23\" target=\"_blank\"><span class=\"shariff-icon\" style=\"fill:#34af23\"><svg width=\"32px\" height=\"20px\" xmlns=\"http:\/\/www.w3.org\/2000\/svg\" viewBox=\"0 0 32 32\"><path fill=\"#34af23\" d=\"M17.6 17.4q0.2 0 1.7 0.8t1.6 0.9q0 0.1 0 0.3 0 0.6-0.3 1.4-0.3 0.7-1.3 1.2t-1.8 0.5q-1 0-3.4-1.1-1.7-0.8-3-2.1t-2.6-3.3q-1.3-1.9-1.3-3.5v-0.1q0.1-1.6 1.3-2.8 0.4-0.4 0.9-0.4 0.1 0 0.3 0t0.3 0q0.3 0 0.5 0.1t0.3 0.5q0.1 0.4 0.6 1.6t0.4 1.3q0 0.4-0.6 1t-0.6 0.8q0 0.1 0.1 0.3 0.6 1.3 1.8 2.4 1 0.9 2.7 1.8 0.2 0.1 0.4 0.1 0.3 0 1-0.9t0.9-0.9zM14 26.9q2.3 0 4.3-0.9t3.6-2.4 2.4-3.6 0.9-4.3-0.9-4.3-2.4-3.6-3.6-2.4-4.3-0.9-4.3 0.9-3.6 2.4-2.4 3.6-0.9 4.3q0 3.6 2.1 6.6l-1.4 4.2 4.3-1.4q2.8 1.9 6.2 1.9zM14 2.2q2.7 0 5.2 1.1t4.3 2.9 2.9 4.3 1.1 5.2-1.1 5.2-2.9 4.3-4.3 2.9-5.2 1.1q-3.5 0-6.5-1.7l-7.4 2.4 2.4-7.2q-1.9-3.2-1.9-6.9 0-2.7 1.1-5.2t2.9-4.3 4.3-2.9 5.2-1.1z\"\/><\/svg><\/span><span class=\"shariff-text\" style=\"color:#34af23\">teilen<\/span>&nbsp;<\/a><\/li><li class=\"shariff-button info shariff-nocustomcolor\" style=\"background-color:#a8a8a8\"><a href=\"http:\/\/ct.de\/-2467514\" title=\"Weitere Informationen\" aria-label=\"Weitere Informationen\" role=\"button\" rel=\"noopener \" class=\"shariff-link\" style=\"; background-color:#999; color:#999\" target=\"_blank\"><span class=\"shariff-icon\" style=\"fill:#999\"><svg width=\"32px\" height=\"20px\" xmlns=\"http:\/\/www.w3.org\/2000\/svg\" viewBox=\"0 0 11 32\"><path fill=\"#999\" d=\"M11.4 24v2.3q0 0.5-0.3 0.8t-0.8 0.4h-9.1q-0.5 0-0.8-0.4t-0.4-0.8v-2.3q0-0.5 0.4-0.8t0.8-0.4h1.1v-6.8h-1.1q-0.5 0-0.8-0.4t-0.4-0.8v-2.3q0-0.5 0.4-0.8t0.8-0.4h6.8q0.5 0 0.8 0.4t0.4 0.8v10.3h1.1q0.5 0 0.8 0.4t0.3 0.8zM9.2 3.4v3.4q0 0.5-0.4 0.8t-0.8 0.4h-4.6q-0.4 0-0.8-0.4t-0.4-0.8v-3.4q0-0.4 0.4-0.8t0.8-0.4h4.6q0.5 0 0.8 0.4t0.4 0.8z\"\/><\/svg><\/span><\/a><\/li><\/ul><\/div>","protected":false},"excerpt":{"rendered":"<p>Eine ber\u00fchmte Karikatur in der satirischen Zeitschrift \u201ePunch\u201c aus dem Jahr 1895 tr\u00e4gt den Titel \u201eWahre Bescheidenheit\u201c. Sie zeigt einen Bischof, der das Fr\u00fchst\u00fccksei eines jungen Pfarrers mustert und sagt: \u201eIch f\u00fcrchte, Sie haben da ein schlechtes Ei bekommen!\u201c Der eingesch\u00fcchterte Gast antwortet: \u201eNein, Mylord, ich versichere Sie: Teile davon sind hervorragend!\u201c So \u00e4hnlich geht es mir mit dem \u201ePl\u00e4doyer\u201c&#8230; <a href=\"https:\/\/starke-meinungen.de\/blog\/2021\/01\/02\/ein-schlechtes-ei-teil-1\/\">Weiterlesen &raquo;<\/a><\/p>\n","protected":false},"author":13,"featured_media":9030,"comment_status":"open","ping_status":"open","sticky":false,"template":"","format":"standard","meta":{"footnotes":""},"categories":[209,1],"tags":[3332,3458,3461,3457],"class_list":["post-9029","post","type-post","status-publish","format-standard","has-post-thumbnail","hentry","category-alan-posener","category-allgemein","tag-achille-mbembe","tag-bds","tag-bds-beschluss-des-bundestags","tag-initiative-gg5-3"],"yoast_head":"<!-- This site is optimized with the Yoast SEO plugin v27.4 - https:\/\/yoast.com\/product\/yoast-seo-wordpress\/ -->\n<title>Ein schlechtes Ei? (Teil 1) - starke-meinungen.de<\/title>\n<meta name=\"robots\" content=\"index, follow, max-snippet:-1, max-image-preview:large, max-video-preview:-1\" \/>\n<link rel=\"canonical\" href=\"https:\/\/starke-meinungen.de\/blog\/2021\/01\/02\/ein-schlechtes-ei-teil-1\/\" \/>\n<meta property=\"og:locale\" content=\"de_DE\" \/>\n<meta property=\"og:type\" content=\"article\" \/>\n<meta property=\"og:title\" content=\"Ein schlechtes Ei? (Teil 1) - starke-meinungen.de\" \/>\n<meta property=\"og:description\" content=\"Eine ber\u00fchmte Karikatur in der satirischen Zeitschrift \u201ePunch\u201c aus dem Jahr 1895 tr\u00e4gt den Titel \u201eWahre Bescheidenheit\u201c. Sie zeigt einen Bischof, der das Fr\u00fchst\u00fccksei eines jungen Pfarrers mustert und sagt: \u201eIch f\u00fcrchte, Sie haben da ein schlechtes Ei bekommen!\u201c Der eingesch\u00fcchterte Gast antwortet: \u201eNein, Mylord, ich versichere Sie: Teile davon sind hervorragend!\u201c So \u00e4hnlich geht es mir mit dem \u201ePl\u00e4doyer\u201c... Weiterlesen &raquo;\" \/>\n<meta property=\"og:url\" content=\"https:\/\/starke-meinungen.de\/blog\/2021\/01\/02\/ein-schlechtes-ei-teil-1\/\" \/>\n<meta property=\"og:site_name\" content=\"starke-meinungen.de\" \/>\n<meta property=\"article:publisher\" content=\"https:\/\/www.facebook.com\/starkemeinungen\/\" \/>\n<meta property=\"article:published_time\" content=\"2021-01-02T17:13:13+00:00\" \/>\n<meta property=\"og:image\" content=\"https:\/\/starke-meinungen.de\/blog\/wp-content\/uploads\/True_humility.png\" \/>\n\t<meta property=\"og:image:width\" content=\"483\" \/>\n\t<meta property=\"og:image:height\" content=\"284\" \/>\n\t<meta property=\"og:image:type\" content=\"image\/png\" \/>\n<meta name=\"author\" content=\"Alan Posener\" \/>\n<meta name=\"twitter:card\" content=\"summary_large_image\" \/>\n<meta name=\"twitter:creator\" content=\"@starkemeinungen\" \/>\n<meta name=\"twitter:site\" content=\"@starkemeinungen\" \/>\n<meta name=\"twitter:label1\" content=\"Verfasst von\" \/>\n\t<meta name=\"twitter:data1\" content=\"Alan Posener\" \/>\n\t<meta name=\"twitter:label2\" content=\"Gesch\u00e4tzte Lesezeit\" \/>\n\t<meta name=\"twitter:data2\" content=\"6\u00a0Minuten\" \/>\n<script type=\"application\/ld+json\" class=\"yoast-schema-graph\">{\"@context\":\"https:\\\/\\\/schema.org\",\"@graph\":[{\"@type\":\"Article\",\"@id\":\"https:\\\/\\\/starke-meinungen.de\\\/blog\\\/2021\\\/01\\\/02\\\/ein-schlechtes-ei-teil-1\\\/#article\",\"isPartOf\":{\"@id\":\"https:\\\/\\\/starke-meinungen.de\\\/blog\\\/2021\\\/01\\\/02\\\/ein-schlechtes-ei-teil-1\\\/\"},\"author\":{\"name\":\"Alan Posener\",\"@id\":\"https:\\\/\\\/starke-meinungen.de\\\/blog\\\/#\\\/schema\\\/person\\\/32d0faef7c31a37c1c89be993d7a6d28\"},\"headline\":\"Ein schlechtes Ei? (Teil 1)\",\"datePublished\":\"2021-01-02T17:13:13+00:00\",\"mainEntityOfPage\":{\"@id\":\"https:\\\/\\\/starke-meinungen.de\\\/blog\\\/2021\\\/01\\\/02\\\/ein-schlechtes-ei-teil-1\\\/\"},\"wordCount\":1269,\"commentCount\":3,\"publisher\":{\"@id\":\"https:\\\/\\\/starke-meinungen.de\\\/blog\\\/#organization\"},\"image\":{\"@id\":\"https:\\\/\\\/starke-meinungen.de\\\/blog\\\/2021\\\/01\\\/02\\\/ein-schlechtes-ei-teil-1\\\/#primaryimage\"},\"thumbnailUrl\":\"https:\\\/\\\/starke-meinungen.de\\\/blog\\\/wp-content\\\/uploads\\\/True_humility.png\",\"keywords\":[\"Achille Mbembe\",\"BDS\",\"BDS-Beschluss des Bundestags\",\"Initiative GG5.3\"],\"articleSection\":[\"Alan Posener\"],\"inLanguage\":\"de\",\"potentialAction\":[{\"@type\":\"CommentAction\",\"name\":\"Comment\",\"target\":[\"https:\\\/\\\/starke-meinungen.de\\\/blog\\\/2021\\\/01\\\/02\\\/ein-schlechtes-ei-teil-1\\\/#respond\"]}]},{\"@type\":\"WebPage\",\"@id\":\"https:\\\/\\\/starke-meinungen.de\\\/blog\\\/2021\\\/01\\\/02\\\/ein-schlechtes-ei-teil-1\\\/\",\"url\":\"https:\\\/\\\/starke-meinungen.de\\\/blog\\\/2021\\\/01\\\/02\\\/ein-schlechtes-ei-teil-1\\\/\",\"name\":\"Ein schlechtes Ei? (Teil 1) - starke-meinungen.de\",\"isPartOf\":{\"@id\":\"https:\\\/\\\/starke-meinungen.de\\\/blog\\\/#website\"},\"primaryImageOfPage\":{\"@id\":\"https:\\\/\\\/starke-meinungen.de\\\/blog\\\/2021\\\/01\\\/02\\\/ein-schlechtes-ei-teil-1\\\/#primaryimage\"},\"image\":{\"@id\":\"https:\\\/\\\/starke-meinungen.de\\\/blog\\\/2021\\\/01\\\/02\\\/ein-schlechtes-ei-teil-1\\\/#primaryimage\"},\"thumbnailUrl\":\"https:\\\/\\\/starke-meinungen.de\\\/blog\\\/wp-content\\\/uploads\\\/True_humility.png\",\"datePublished\":\"2021-01-02T17:13:13+00:00\",\"breadcrumb\":{\"@id\":\"https:\\\/\\\/starke-meinungen.de\\\/blog\\\/2021\\\/01\\\/02\\\/ein-schlechtes-ei-teil-1\\\/#breadcrumb\"},\"inLanguage\":\"de\",\"potentialAction\":[{\"@type\":\"ReadAction\",\"target\":[\"https:\\\/\\\/starke-meinungen.de\\\/blog\\\/2021\\\/01\\\/02\\\/ein-schlechtes-ei-teil-1\\\/\"]}]},{\"@type\":\"ImageObject\",\"inLanguage\":\"de\",\"@id\":\"https:\\\/\\\/starke-meinungen.de\\\/blog\\\/2021\\\/01\\\/02\\\/ein-schlechtes-ei-teil-1\\\/#primaryimage\",\"url\":\"https:\\\/\\\/starke-meinungen.de\\\/blog\\\/wp-content\\\/uploads\\\/True_humility.png\",\"contentUrl\":\"https:\\\/\\\/starke-meinungen.de\\\/blog\\\/wp-content\\\/uploads\\\/True_humility.png\",\"width\":483,\"height\":284},{\"@type\":\"BreadcrumbList\",\"@id\":\"https:\\\/\\\/starke-meinungen.de\\\/blog\\\/2021\\\/01\\\/02\\\/ein-schlechtes-ei-teil-1\\\/#breadcrumb\",\"itemListElement\":[{\"@type\":\"ListItem\",\"position\":1,\"name\":\"Startseite\",\"item\":\"https:\\\/\\\/starke-meinungen.de\\\/blog\\\/\"},{\"@type\":\"ListItem\",\"position\":2,\"name\":\"Ein schlechtes Ei? (Teil 1)\"}]},{\"@type\":\"WebSite\",\"@id\":\"https:\\\/\\\/starke-meinungen.de\\\/blog\\\/#website\",\"url\":\"https:\\\/\\\/starke-meinungen.de\\\/blog\\\/\",\"name\":\"starke-meinungen.de\",\"description\":\"Autoren-Blog\",\"publisher\":{\"@id\":\"https:\\\/\\\/starke-meinungen.de\\\/blog\\\/#organization\"},\"potentialAction\":[{\"@type\":\"SearchAction\",\"target\":{\"@type\":\"EntryPoint\",\"urlTemplate\":\"https:\\\/\\\/starke-meinungen.de\\\/blog\\\/?s={search_term_string}\"},\"query-input\":{\"@type\":\"PropertyValueSpecification\",\"valueRequired\":true,\"valueName\":\"search_term_string\"}}],\"inLanguage\":\"de\"},{\"@type\":\"Organization\",\"@id\":\"https:\\\/\\\/starke-meinungen.de\\\/blog\\\/#organization\",\"name\":\"starke-meinungen.de\",\"url\":\"https:\\\/\\\/starke-meinungen.de\\\/blog\\\/\",\"logo\":{\"@type\":\"ImageObject\",\"inLanguage\":\"de\",\"@id\":\"https:\\\/\\\/starke-meinungen.de\\\/blog\\\/#\\\/schema\\\/logo\\\/image\\\/\",\"url\":\"https:\\\/\\\/starke-meinungen.de\\\/blog\\\/wp-content\\\/uploads\\\/starke-meinungen-fb-header.jpg\",\"contentUrl\":\"https:\\\/\\\/starke-meinungen.de\\\/blog\\\/wp-content\\\/uploads\\\/starke-meinungen-fb-header.jpg\",\"width\":1200,\"height\":630,\"caption\":\"starke-meinungen.de\"},\"image\":{\"@id\":\"https:\\\/\\\/starke-meinungen.de\\\/blog\\\/#\\\/schema\\\/logo\\\/image\\\/\"},\"sameAs\":[\"https:\\\/\\\/www.facebook.com\\\/starkemeinungen\\\/\",\"https:\\\/\\\/x.com\\\/starkemeinungen\"]},{\"@type\":\"Person\",\"@id\":\"https:\\\/\\\/starke-meinungen.de\\\/blog\\\/#\\\/schema\\\/person\\\/32d0faef7c31a37c1c89be993d7a6d28\",\"name\":\"Alan Posener\",\"image\":{\"@type\":\"ImageObject\",\"inLanguage\":\"de\",\"@id\":\"https:\\\/\\\/secure.gravatar.com\\\/avatar\\\/c75c8818a9ab78c4faa75048dba7844e2587998cda4d93f84e7d86f7e21a9b90?s=96&d=mm&r=g\",\"url\":\"https:\\\/\\\/secure.gravatar.com\\\/avatar\\\/c75c8818a9ab78c4faa75048dba7844e2587998cda4d93f84e7d86f7e21a9b90?s=96&d=mm&r=g\",\"contentUrl\":\"https:\\\/\\\/secure.gravatar.com\\\/avatar\\\/c75c8818a9ab78c4faa75048dba7844e2587998cda4d93f84e7d86f7e21a9b90?s=96&d=mm&r=g\",\"caption\":\"Alan Posener\"},\"url\":\"https:\\\/\\\/starke-meinungen.de\\\/blog\\\/author\\\/posener\\\/\"}]}<\/script>\n<!-- \/ Yoast SEO plugin. -->","yoast_head_json":{"title":"Ein schlechtes Ei? (Teil 1) - starke-meinungen.de","robots":{"index":"index","follow":"follow","max-snippet":"max-snippet:-1","max-image-preview":"max-image-preview:large","max-video-preview":"max-video-preview:-1"},"canonical":"https:\/\/starke-meinungen.de\/blog\/2021\/01\/02\/ein-schlechtes-ei-teil-1\/","og_locale":"de_DE","og_type":"article","og_title":"Ein schlechtes Ei? (Teil 1) - starke-meinungen.de","og_description":"Eine ber\u00fchmte Karikatur in der satirischen Zeitschrift \u201ePunch\u201c aus dem Jahr 1895 tr\u00e4gt den Titel \u201eWahre Bescheidenheit\u201c. Sie zeigt einen Bischof, der das Fr\u00fchst\u00fccksei eines jungen Pfarrers mustert und sagt: \u201eIch f\u00fcrchte, Sie haben da ein schlechtes Ei bekommen!\u201c Der eingesch\u00fcchterte Gast antwortet: \u201eNein, Mylord, ich versichere Sie: Teile davon sind hervorragend!\u201c So \u00e4hnlich geht es mir mit dem \u201ePl\u00e4doyer\u201c... Weiterlesen &raquo;","og_url":"https:\/\/starke-meinungen.de\/blog\/2021\/01\/02\/ein-schlechtes-ei-teil-1\/","og_site_name":"starke-meinungen.de","article_publisher":"https:\/\/www.facebook.com\/starkemeinungen\/","article_published_time":"2021-01-02T17:13:13+00:00","og_image":[{"width":483,"height":284,"url":"https:\/\/starke-meinungen.de\/blog\/wp-content\/uploads\/True_humility.png","type":"image\/png"}],"author":"Alan Posener","twitter_card":"summary_large_image","twitter_creator":"@starkemeinungen","twitter_site":"@starkemeinungen","twitter_misc":{"Verfasst von":"Alan Posener","Gesch\u00e4tzte Lesezeit":"6\u00a0Minuten"},"schema":{"@context":"https:\/\/schema.org","@graph":[{"@type":"Article","@id":"https:\/\/starke-meinungen.de\/blog\/2021\/01\/02\/ein-schlechtes-ei-teil-1\/#article","isPartOf":{"@id":"https:\/\/starke-meinungen.de\/blog\/2021\/01\/02\/ein-schlechtes-ei-teil-1\/"},"author":{"name":"Alan Posener","@id":"https:\/\/starke-meinungen.de\/blog\/#\/schema\/person\/32d0faef7c31a37c1c89be993d7a6d28"},"headline":"Ein schlechtes Ei? (Teil 1)","datePublished":"2021-01-02T17:13:13+00:00","mainEntityOfPage":{"@id":"https:\/\/starke-meinungen.de\/blog\/2021\/01\/02\/ein-schlechtes-ei-teil-1\/"},"wordCount":1269,"commentCount":3,"publisher":{"@id":"https:\/\/starke-meinungen.de\/blog\/#organization"},"image":{"@id":"https:\/\/starke-meinungen.de\/blog\/2021\/01\/02\/ein-schlechtes-ei-teil-1\/#primaryimage"},"thumbnailUrl":"https:\/\/starke-meinungen.de\/blog\/wp-content\/uploads\/True_humility.png","keywords":["Achille Mbembe","BDS","BDS-Beschluss des Bundestags","Initiative GG5.3"],"articleSection":["Alan Posener"],"inLanguage":"de","potentialAction":[{"@type":"CommentAction","name":"Comment","target":["https:\/\/starke-meinungen.de\/blog\/2021\/01\/02\/ein-schlechtes-ei-teil-1\/#respond"]}]},{"@type":"WebPage","@id":"https:\/\/starke-meinungen.de\/blog\/2021\/01\/02\/ein-schlechtes-ei-teil-1\/","url":"https:\/\/starke-meinungen.de\/blog\/2021\/01\/02\/ein-schlechtes-ei-teil-1\/","name":"Ein schlechtes Ei? (Teil 1) - starke-meinungen.de","isPartOf":{"@id":"https:\/\/starke-meinungen.de\/blog\/#website"},"primaryImageOfPage":{"@id":"https:\/\/starke-meinungen.de\/blog\/2021\/01\/02\/ein-schlechtes-ei-teil-1\/#primaryimage"},"image":{"@id":"https:\/\/starke-meinungen.de\/blog\/2021\/01\/02\/ein-schlechtes-ei-teil-1\/#primaryimage"},"thumbnailUrl":"https:\/\/starke-meinungen.de\/blog\/wp-content\/uploads\/True_humility.png","datePublished":"2021-01-02T17:13:13+00:00","breadcrumb":{"@id":"https:\/\/starke-meinungen.de\/blog\/2021\/01\/02\/ein-schlechtes-ei-teil-1\/#breadcrumb"},"inLanguage":"de","potentialAction":[{"@type":"ReadAction","target":["https:\/\/starke-meinungen.de\/blog\/2021\/01\/02\/ein-schlechtes-ei-teil-1\/"]}]},{"@type":"ImageObject","inLanguage":"de","@id":"https:\/\/starke-meinungen.de\/blog\/2021\/01\/02\/ein-schlechtes-ei-teil-1\/#primaryimage","url":"https:\/\/starke-meinungen.de\/blog\/wp-content\/uploads\/True_humility.png","contentUrl":"https:\/\/starke-meinungen.de\/blog\/wp-content\/uploads\/True_humility.png","width":483,"height":284},{"@type":"BreadcrumbList","@id":"https:\/\/starke-meinungen.de\/blog\/2021\/01\/02\/ein-schlechtes-ei-teil-1\/#breadcrumb","itemListElement":[{"@type":"ListItem","position":1,"name":"Startseite","item":"https:\/\/starke-meinungen.de\/blog\/"},{"@type":"ListItem","position":2,"name":"Ein schlechtes Ei? (Teil 1)"}]},{"@type":"WebSite","@id":"https:\/\/starke-meinungen.de\/blog\/#website","url":"https:\/\/starke-meinungen.de\/blog\/","name":"starke-meinungen.de","description":"Autoren-Blog","publisher":{"@id":"https:\/\/starke-meinungen.de\/blog\/#organization"},"potentialAction":[{"@type":"SearchAction","target":{"@type":"EntryPoint","urlTemplate":"https:\/\/starke-meinungen.de\/blog\/?s={search_term_string}"},"query-input":{"@type":"PropertyValueSpecification","valueRequired":true,"valueName":"search_term_string"}}],"inLanguage":"de"},{"@type":"Organization","@id":"https:\/\/starke-meinungen.de\/blog\/#organization","name":"starke-meinungen.de","url":"https:\/\/starke-meinungen.de\/blog\/","logo":{"@type":"ImageObject","inLanguage":"de","@id":"https:\/\/starke-meinungen.de\/blog\/#\/schema\/logo\/image\/","url":"https:\/\/starke-meinungen.de\/blog\/wp-content\/uploads\/starke-meinungen-fb-header.jpg","contentUrl":"https:\/\/starke-meinungen.de\/blog\/wp-content\/uploads\/starke-meinungen-fb-header.jpg","width":1200,"height":630,"caption":"starke-meinungen.de"},"image":{"@id":"https:\/\/starke-meinungen.de\/blog\/#\/schema\/logo\/image\/"},"sameAs":["https:\/\/www.facebook.com\/starkemeinungen\/","https:\/\/x.com\/starkemeinungen"]},{"@type":"Person","@id":"https:\/\/starke-meinungen.de\/blog\/#\/schema\/person\/32d0faef7c31a37c1c89be993d7a6d28","name":"Alan Posener","image":{"@type":"ImageObject","inLanguage":"de","@id":"https:\/\/secure.gravatar.com\/avatar\/c75c8818a9ab78c4faa75048dba7844e2587998cda4d93f84e7d86f7e21a9b90?s=96&d=mm&r=g","url":"https:\/\/secure.gravatar.com\/avatar\/c75c8818a9ab78c4faa75048dba7844e2587998cda4d93f84e7d86f7e21a9b90?s=96&d=mm&r=g","contentUrl":"https:\/\/secure.gravatar.com\/avatar\/c75c8818a9ab78c4faa75048dba7844e2587998cda4d93f84e7d86f7e21a9b90?s=96&d=mm&r=g","caption":"Alan Posener"},"url":"https:\/\/starke-meinungen.de\/blog\/author\/posener\/"}]}},"_links":{"self":[{"href":"https:\/\/starke-meinungen.de\/blog\/wp-json\/wp\/v2\/posts\/9029","targetHints":{"allow":["GET"]}}],"collection":[{"href":"https:\/\/starke-meinungen.de\/blog\/wp-json\/wp\/v2\/posts"}],"about":[{"href":"https:\/\/starke-meinungen.de\/blog\/wp-json\/wp\/v2\/types\/post"}],"author":[{"embeddable":true,"href":"https:\/\/starke-meinungen.de\/blog\/wp-json\/wp\/v2\/users\/13"}],"replies":[{"embeddable":true,"href":"https:\/\/starke-meinungen.de\/blog\/wp-json\/wp\/v2\/comments?post=9029"}],"version-history":[{"count":2,"href":"https:\/\/starke-meinungen.de\/blog\/wp-json\/wp\/v2\/posts\/9029\/revisions"}],"predecessor-version":[{"id":9032,"href":"https:\/\/starke-meinungen.de\/blog\/wp-json\/wp\/v2\/posts\/9029\/revisions\/9032"}],"wp:featuredmedia":[{"embeddable":true,"href":"https:\/\/starke-meinungen.de\/blog\/wp-json\/wp\/v2\/media\/9030"}],"wp:attachment":[{"href":"https:\/\/starke-meinungen.de\/blog\/wp-json\/wp\/v2\/media?parent=9029"}],"wp:term":[{"taxonomy":"category","embeddable":true,"href":"https:\/\/starke-meinungen.de\/blog\/wp-json\/wp\/v2\/categories?post=9029"},{"taxonomy":"post_tag","embeddable":true,"href":"https:\/\/starke-meinungen.de\/blog\/wp-json\/wp\/v2\/tags?post=9029"}],"curies":[{"name":"wp","href":"https:\/\/api.w.org\/{rel}","templated":true}]}}