

{"id":8998,"date":"2020-12-11T16:07:26","date_gmt":"2020-12-11T15:07:26","guid":{"rendered":"https:\/\/starke-meinungen.de\/blog\/?p=8998"},"modified":"2020-12-11T16:07:26","modified_gmt":"2020-12-11T15:07:26","slug":"fernlernen-die-blaupause-fuer-die-schule-der-zukunft","status":"publish","type":"post","link":"https:\/\/starke-meinungen.de\/blog\/2020\/12\/11\/fernlernen-die-blaupause-fuer-die-schule-der-zukunft\/","title":{"rendered":"Fernlernen \u2013\u00a0die Blaupause f\u00fcr die Schule der Zukunft"},"content":{"rendered":"<p><strong><em>Foto: imago images \/ Independent Photo Agency Int.<\/em><\/p>\n<p>Ein Gastbeitrag von Helen und Marcus Knauf<\/strong><\/p>\n<p><em>Erneut wird \u00fcber Schulschlie\u00dfungen zur Eind\u00e4mmung der Corona-Pandemie diskutiert. Die Politik will sie auf jeden Fall vermeiden. Die schlechten Erfahrungen mit dem Distanzlernen aus dem Fr\u00fchjahr sollen sich nicht wiederholen. Statt zwanghaft an dem Fetisch \u201eRegelbetrieb\u201c festzuhalten, sollten wir endlich dar\u00fcber diskutieren, warum das Lernen auf Distanz im Fr\u00fchjahr vielerorts so schlecht gelang \u2013 und wie es besser werden kann<\/em>.<!--more--><\/p>\n<p>\u00dcber den Grund f\u00fcr das Scheitern des Fernlernens war man sich schnell einig: Schuld sei die mangelnde Digitalisierung von Schulen in Deutschland. Die Stiftungen von Telekom und Vodafone lieferten hierzu entsprechende Studien. Aber stimmt diese Analyse? Waren fehlende Laptops wirklich schuld am schlechten Distanzunterricht? Nein. Solche Begr\u00fcndungen greifen zu kurz. Und sie f\u00fchren zu falschen Ma\u00dfnahmen. Gerade dann, wenn es in den kommenden Wochen und Monaten wieder zu erneuten Schulschlie\u00dfungen kommt. Ob das Lernen auf Distanz gelingt, h\u00e4ngt nur zweitrangig von der digitalen Ausstattung ab. Entscheidend ist vielmehr, wie gut der Unterricht an Schulen grunds\u00e4tzlich ist. Im Fernlernen zeigen sich lediglich die Schw\u00e4chen des Pr\u00e4senzunterrichts, also des ganz normalen Schulalltags.<\/p>\n<p>Der Pr\u00e4senzunterricht an deutschen Schulen ist insbesondere durch drei Elemente gepr\u00e4gt: 1) das fragend-entwickelnde Unterrichtsgespr\u00e4ch, bei dem die Lehrkraft Inhalte im Dialog mit den Sch\u00fclerinnen und Sch\u00fclern erarbeitet, 2) Arbeitshefte der Schulbuchverlage und Arbeitsbl\u00e4tter, die die Sch\u00fclerinnen und Sch\u00fcler in Einzel- oder Partnerarbeit durcharbeiten und 3) Kleingruppenarbeit, in der die Sch\u00fclerinnen und Sch\u00fcler miteinander Themen bearbeiten und f\u00fcr Pr\u00e4sentationen vor der Gesamtgruppe aufbereiten. Um diese Zutaten herum wird viel Zeit f\u00fcr Absprachen und organisatorische Hinweise aufgewendet. Hinzu kommen gemeinschaftsst\u00e4rkende Aktivit\u00e4ten.<\/p>\n<p><strong>Durch Digitalisierung wird aus schlechtem Unterricht kein guter Unterricht, sondern lediglich ein schlechter digitaler Unterricht<\/strong><\/p>\n<p>Mit der Schulschlie\u00dfung versuchten viele Lehrkr\u00e4fte, diese Unterrichtsstrategien eins zu eins auf den digitalen Kanal zu \u00fcbertragen. F\u00fcr das Unterrichtsgespr\u00e4ch wurden deshalb zum Teil Videokonferenzen eingesetzt. Doch schon in der Face-to-face-Situation ist diese Unterrichtsform mit vielen Problemen behaftet: Zur\u00fcckhaltende Sch\u00fclerinnen und Sch\u00fcler, die erst in Ruhe nachdenken, bevor sie etwas sagen, beteiligen sich nicht. Ebenso wenig bringen sich diejenigen ein, die nicht verstehen, worum es geht. Bevorzugt werden selbstbewusste, extrovertierte Sch\u00fclerinnen und Sch\u00fcler. Im Videochat verst\u00e4rken sich diese Effekte: Die Praxis zeigt, dass die Hemmungen, sich zu beteiligen, im digitalen Kanal noch viel gr\u00f6\u00dfer sind als im pr\u00e4sentischen Lernen.<\/p>\n<p>Im Pr\u00e4senzunterricht ist durch die dynamische soziale Interaktion unter den Sch\u00fclerinnen und Sch\u00fclern oftmals nicht sichtbar, wie dysfunktional die Abl\u00e4ufe sind. Durch die Digitalisierung wird die soziale Mayonnaise vom Sandwich gekratzt \u2013 was bleibt ist ein trockenes Pausenbrot vom Vortag: ein ineffizienter und f\u00fcr Lehrende wie Lernende letztlich unbefriedigender Unterricht.<\/p>\n<p>Fallen Unterrichtsgespr\u00e4ch und Kleingruppenarbeit weg, bleibt die dritte Komponente: Arbeitshefte und Arbeitsbl\u00e4tter. Und genau diese dominierten das Lernen vieler Sch\u00fclerinnen und Sch\u00fcler in den Wochen des schulischen Lockdowns im Fr\u00fchjahr. Per Post verschickt oder als Mail-Anhang t\u00fcrmten sich massenhaft L\u00fcckentexte, Zuordnungsfragen und Rechenp\u00e4ckchen. Die Eltern wurden zu Hilfslehrern bei der Bearbeitung dieser Aufgaben.<\/p>\n<p>Ist der Dreiklang aus Unterrichtsgespr\u00e4ch, Arbeitsblatt und Gruppenarbeit schon im Pr\u00e4senzunterricht fragw\u00fcrdig, so wird die Unzul\u00e4nglichkeit durch seine Digitalisierung so richtig sichtbar. Die Schulschlie\u00dfungen im Zuge der Pandemie haben offengelegt, an welchem Punkt die Schulen stehen, die unsere Kinder besuchen. Eltern haben in Quarant\u00e4ne und Home-Office erleben m\u00fcssen, welchen Zumutungen Kinder in der Schule oftmals ausgesetzt sind. Was im Pr\u00e4senzunterricht schon nicht funktioniert, scheitert im Fernunterricht komplett. Diskutieren wir dar\u00fcber, wie wir Schule grunds\u00e4tzlich besser machen! Dann wird auch der Fernunterricht besser. Zugleich helfen uns die L\u00f6sungen aus dem Fernunterricht, Schule grunds\u00e4tzlich zu verbessern.<\/p>\n<p><strong>Struktur, pr\u00e4gnante Inputs, klare Aufgabenstellungen und individuelles Feedback<\/strong><\/p>\n<p>Wenn die einfache Modellierung des herk\u00f6mmlichen Pr\u00e4senzunterrichts im digitalen Format also zu einer Verschlechterung f\u00fchrt \u2013 was ist dann zu tun? Impulse hierf\u00fcr geben die vielen klugen und kreativen Lehrkr\u00e4fte, die im Fr\u00fchjahr kurzerhand einen hochwertigen Distanzunterricht auf die Beine gestellt haben. Sie haben angemessene Aufgabenpakete geschn\u00fcrt, die die Sch\u00fclerinnen und Sch\u00fcler selbstst\u00e4ndig bearbeiten konnten. Denn darin besteht eine, wenn nicht <em>die<\/em> gro\u00dfe Chance digital unterst\u00fctzen Lernens: Der Unterricht kann endlich so individualisiert werden, wie es der Vielfalt der Pers\u00f6nlichkeiten, F\u00e4higkeiten, Vorerfahrungen, M\u00f6glichkeiten und auch Interessen der Sch\u00fclerinnen und Sch\u00fcler angemessen ist. Der durch den gemeinsamen Unterricht erzwungene Gleichschritt ist f\u00fcr die Schnelleren wie auch Langsameren eine Qual. Die L\u00f6sung, dass die Schnelleren am Ende Zusatzaufgaben bekommen, ist unbefriedigend. Differenzierungsans\u00e4tze scheitern oft an ihrem hohen Vorbereitungsaufwand. Die Algorithmen der Lernprogramme k\u00f6nnen passgenau auf den Leistungsstand einzelner Sch\u00fclerinnen und Sch\u00fcler eingehen. Digitale Lernmedien und K\u00fcnstliche Intelligenz werden das Versprechen auf Individualisierung k\u00fcnftig einl\u00f6sen \u2013 in Pr\u00e4senz und auf Distanz.<\/p>\n<p><strong>Einbindung eines vielf\u00e4ltigen Medienangebots als Strategie<\/strong><\/p>\n<p>Eine weitere Strategie, die man im Fr\u00fchjahr beobachten konnte, war die Einbindung eines vielf\u00e4ltigen Medienangebots. Dabei wurde der Reichtum des Internets genutzt, indem Dokumentationen und informative Websites als Wissensquellen einbezogen wurden. Wer es zu nutzen wei\u00df, kann im Internet Archive durchforsten, Gem\u00e4ldedatenbanken und Museen besuchen \u2013 und genau diesen Schatz gilt es zu nutzen. Blogs wurden aufgesetzt, in den h\u00f6heren Klassen Soziale Medien genutzt. Dabei wird \u2013 fast schon nebenbei \u2013 ein wesentlicher Baustein zur gesellschaftlichen Teilhabe geleistet: Die \u201edigitale Kluft\u201c benachteiligt einen Teil der Kinder und Jugendlichen eben nicht nur durch eine unterschiedliche Ger\u00e4teausstattung, sondern auch durch fehlende Erfahrungen und Kompetenzen in einer bildungsorientierten Nutzung des Internets.<\/p>\n<p>Im digitalen Kanal sind eine starke Strukturierung und Steuerung des Lernprozesses durch die Lehrenden besonders wichtig. Die Lehr-Lernforschung hat gezeigt, dass Sch\u00fclerinnen und Sch\u00fcler deutlich mehr lernen, wenn der Lernprozess durch die Lehrenden gesteuert wird. Diese Methode ist jedoch verp\u00f6nt, weil sie mit dem traditionellen Frontalunterricht, der den Sch\u00fclerinnen und Sch\u00fcler eine passive Rolle zuweist, verwechselt wird. Das moderne Instruktionslernen setzt aber gerade an der Lebenswelt und dem Wissen der Sch\u00fclerinnen und Sch\u00fcler an und zeichnet sich durch die Unterst\u00fctzung \u2013 ein Scaffolding \u2013\u00a0durch die Lehrenden aus. Das digital unterst\u00fctzte Distanzlernen kann durch eine Vielfalt von leistungs- und interessendifferenzierten Instruktionen diese Methode nutzbringend einsetzen.<\/p>\n<p>Gezeigt hat die Lehr-Lernforschung der vergangenen Jahre auch, wie wichtig die soziale Einbindung und positive Gef\u00fchle f\u00fcr erfolgreiche Bildungsprozesse sind. Deswegen kann und darf Fernunterricht nicht bei technischen L\u00f6sungen, seien sie noch so vielf\u00e4ltig, anregend und kreativ, stehenbleiben. Interaktion und Verbindlichkeit entstehen im Distanzunterricht allein schon dadurch, dass realistische Abgabedaten festgelegt werden und es dann auch zeitnah eine R\u00fcckmeldung dazu gibt. Das pers\u00f6nliche Feedback ist f\u00fcr den Lernprozess wichtig, damit die Lernenden wissen, wo sie sich noch verbessern m\u00fcssen und eben auch was sie schon gut beherrschen. Es ist aber auch wichtig, damit Sch\u00fclerinnen und Sch\u00fcler sich gesehen f\u00fchlen. W\u00e4hrend der Schulschlie\u00dfungen haben viele Lehrkr\u00e4fte mit den Sch\u00fclerinnen und Sch\u00fclern telefoniert, via E-Mail und Messenger individuell betreut oder \u00fcber das K\u00fcchenfenster Kontakt gesucht. Solche individuellen Kontakte \u2013 und seien sie noch so kurz \u2013 gehen in der Gemengelange des Pr\u00e4senzunterrichts oft unter. Das Fernlernen er\u00f6ffnet eine echte Chance, dieser pers\u00f6nlichen, bilateraler Kommunikationen mehr Gewicht zu geben.<\/p>\n<p>Schlie\u00dflich konnte man beobachten, dass einige Lehrkr\u00e4fte selbst digitale Inhalte produziert haben: die Audio-Datei mit der t\u00e4glichen Vorleseeinheit f\u00fcr die Zweitkl\u00e4ssler, das Geschichtsquiz f\u00fcr die Achtkl\u00e4ssler, das improvisierte Video aus dem Garten mit einem motivierenden Gru\u00df oder das \u2013 zugegeben noch aufw\u00e4ndigere \u2013 Lehrvideo. Zum Gl\u00fcck hat sich die Bedienungsfreundlichkeit von Video- und Schnitttechnik in den vergangenen 20 Jahren deutlich verbessert, so dass eine Audio- oder Videobotschaft und ihr Versand heute kein Hexenwerk mehr ist. Deshalb konnten auch Kinder und Jugendliche im Distanzlernen selbst zu Medienproduzenten werden \u2013 ein weiterer Schritt zur Eroberung des digitalen Raums und ihrer Bildungsinhalte durch junge Menschen jedweder Herkunft. Dies ist zugleich ein Beitrag zu mehr Bildungsbeteiligung und auch gesellschaftlicher Partizipation.<\/p>\n<p>F\u00fcr einen guten Unterricht, so unser Fazit, braucht es vor allem Struktur, pr\u00e4gnante Inputs, klare Aufgabenstellungen und individuelles Feedback. Wenn dann noch Lehrkr\u00e4fte hinzukommen, die ihre Themen mit Begeisterung vertreten, sind beste Voraussetzungen f\u00fcr erfolgreiches Lehren und Lernen gegeben. Diese Voraussetzungen sind zwingend in der digitalen Welt; sie verbessern aber auch das Lernen in der Schule vor Ort.<\/p>\n<p><strong>Kluge Digitalisierung schafft Freir\u00e4ume<\/strong><\/p>\n<p>Und daf\u00fcr \u2013 Hand aufs Herz \u2013 braucht es keine aufw\u00e4ndige digitale Infrastruktur und auch keine sagenhafte Digitalkompetenz. Dazu braucht es lediglich das digitale Equipment, \u00fcber das Lehrer und Sch\u00fcler in der Regel sowieso verf\u00fcgen \u2013 einen Computer oder ein Laptop mit integrierter Kamera, ersatzweise ein Tablet oder sogar Handy, einen Internetanschluss, ein E-Mailprogramm und ein Telefon. Daneben kann auch ein Konferenztool, wie es von gro\u00dfen Anbietern unter den besonderen Bedingungen der Pandemie kostenlos zur Verf\u00fcgung gestellt wurde, n\u00fctzlich sein. Wichtig w\u00e4re es gewesen, am Tag der Schulschlie\u00dfung abzufragen, welche Sch\u00fcler keinen Computer oder Tablet haben und ihnen ein entsprechendes Ger\u00e4t zur Verf\u00fcgung zu stellen \u2013 anstatt die \u201eungleiche Digitalausstattung\u201c der Familien als Alibi daf\u00fcr zu nutzen, um ganz auf die digitale Begleitung des Lernens zu verzichten.<\/p>\n<p>Im Idealfall macht Digitalisierung Ressourcen von Lehrerinnen und Lehrern frei \u2013 etwa indem digitale Inhalte nicht immer neu produziert, sondern \u00fcber einen l\u00e4ngeren Zeitraum genutzt werden. So entstehen Freir\u00e4ume, die in die individuelle F\u00f6rderung von Sch\u00fclerinnen und Sch\u00fcler investiert werden k\u00f6nnen. Die in der Schule normalerweise sehr reglementierten Sch\u00fclerinnen und Sch\u00fcler k\u00f6nnen unterst\u00fctzt werden, die Freiheiten zu nutzen, die das digitale Lernen erm\u00f6glicht. Die Vorteile des Fernlernens sollten wir in den normalen Schullalltag retten. Wenn das Lernen effizienter wird und weniger Zeit durch den ewigen Gleichschritt im Klassenverband vergeudet wird, gewinnen Schulen mehr Zeit f\u00fcr andere Dinge, die heute vielfach auf der Strecke bleiben. F\u00fcr Sport, Musik oder Theater. Auch wenn es zun\u00e4chst paradox klingt: Eine kluge Digitalisierung st\u00e4rkt gerade das analoge Lernen. Dann k\u00f6nnen Schulen zu Orten einer universellen Bildung f\u00fcr das 21. Jahrhundert werden.<\/p>\n<p><img loading=\"lazy\" decoding=\"async\" class=\"alignnone size-medium wp-image-8999\" src=\"https:\/\/starke-meinungen.de\/blog\/wp-content\/uploads\/Knauf-200x133.jpg\" alt=\"\" width=\"200\" height=\"133\" \/><\/p>\n<p><em>Dr. Helen Knauf ist Professorin f\u00fcr Kindheitsp\u00e4dagogik an der Fachhochschule Bielefeld. In ihrer Forschung befasst sie sich mit den Ver\u00e4nderungen von Kindheit und Familie. Ihr Forschungsschwerpunkt ist die\u00a0P\u00e4dagogik der fr\u00fchen Kindheit. Sie war selbst Sch\u00fclerin einer Reformschule; das Thema Bildung ist f\u00fcr\u00a0sie bis heute zentral: zun\u00e4chst im Lehramtsstudium, sp\u00e4ter in der Promotion \u00fcber Schl\u00fcsselqualifikationen und schlie\u00dflich bei der Habilitation zu Bildungsdokumentation in Kindertageseinrichtungen.<\/em><\/p>\n<p><em>Dr.\u00a0Marcus Knauf ist Schreiner.\u00a0Er hat an der Universit\u00e4t Hamburg Holzwirtschaft studiert sowie nebenberuflich promoviert und habilitiert.\u00a0Seit 2002 ber\u00e4t er Unternehmen und Bildungsinstitutionen und f\u00fchrt wissenschaftliche Studien durch. Zur Zeit forscht er \u00fcber Scientific Illitarcy und schreibt mit Helen Knauf ein Buch \u00fcber eine Theorie der Bildung.<\/em><\/p>\n<div class=\"shariff shariff-align-left shariff-widget-align-left shariff-buttonstretch\" style=\"display:none\"><ul class=\"shariff-buttons theme-white orientation-horizontal buttonsize-medium\"><li class=\"shariff-button facebook shariff-nocustomcolor\" style=\"background-color:#4273c8\"><a href=\"https:\/\/www.facebook.com\/sharer\/sharer.php?u=https%3A%2F%2Fstarke-meinungen.de%2Fblog%2F2020%2F12%2F11%2Ffernlernen-die-blaupause-fuer-die-schule-der-zukunft%2F\" title=\"Bei Facebook teilen\" aria-label=\"Bei Facebook teilen\" role=\"button\" rel=\"nofollow\" class=\"shariff-link\" style=\"; background-color:#3b5998; color:#3b5998\" target=\"_blank\"><span class=\"shariff-icon\" style=\"fill:#3b5998\"><svg width=\"32px\" height=\"20px\" xmlns=\"http:\/\/www.w3.org\/2000\/svg\" viewBox=\"0 0 18 32\"><path fill=\"#3b5998\" d=\"M17.1 0.2v4.7h-2.8q-1.5 0-2.1 0.6t-0.5 1.9v3.4h5.2l-0.7 5.3h-4.5v13.6h-5.5v-13.6h-4.5v-5.3h4.5v-3.9q0-3.3 1.9-5.2t5-1.8q2.6 0 4.1 0.2z\"\/><\/svg><\/span><span class=\"shariff-text\" style=\"color:#3b5998\">teilen<\/span>&nbsp;<\/a><\/li><li class=\"shariff-button twitter shariff-nocustomcolor\" style=\"background-color:#595959\"><a href=\"https:\/\/twitter.com\/share?url=https%3A%2F%2Fstarke-meinungen.de%2Fblog%2F2020%2F12%2F11%2Ffernlernen-die-blaupause-fuer-die-schule-der-zukunft%2F&text=Fernlernen%20%E2%80%93%C2%A0die%20Blaupause%20f%C3%BCr%20die%20Schule%20der%20Zukunft&via=starkemeinungen\" title=\"Bei X teilen\" aria-label=\"Bei X teilen\" role=\"button\" rel=\"noopener nofollow\" class=\"shariff-link\" style=\"; background-color:#000; color:#000\" target=\"_blank\"><span class=\"shariff-icon\" style=\"fill:#000\"><svg width=\"32px\" height=\"20px\" xmlns=\"http:\/\/www.w3.org\/2000\/svg\" viewBox=\"0 0 24 24\"><path fill=\"#000\" d=\"M14.258 10.152L23.176 0h-2.113l-7.747 8.813L7.133 0H0l9.352 13.328L0 23.973h2.113l8.176-9.309 6.531 9.309h7.133zm-2.895 3.293l-.949-1.328L2.875 1.56h3.246l6.086 8.523.945 1.328 7.91 11.078h-3.246zm0 0\"\/><\/svg><\/span><span class=\"shariff-text\" style=\"color:#000\">teilen<\/span>&nbsp;<\/a><\/li><li class=\"shariff-button linkedin shariff-nocustomcolor\" style=\"background-color:#1488bf\"><a href=\"https:\/\/www.linkedin.com\/sharing\/share-offsite\/?url=https%3A%2F%2Fstarke-meinungen.de%2Fblog%2F2020%2F12%2F11%2Ffernlernen-die-blaupause-fuer-die-schule-der-zukunft%2F\" title=\"Bei LinkedIn teilen\" aria-label=\"Bei LinkedIn teilen\" role=\"button\" rel=\"noopener nofollow\" class=\"shariff-link\" style=\"; background-color:#0077b5; color:#0077b5\" target=\"_blank\"><span class=\"shariff-icon\" style=\"fill:#0077b5\"><svg width=\"32px\" height=\"20px\" xmlns=\"http:\/\/www.w3.org\/2000\/svg\" viewBox=\"0 0 27 32\"><path fill=\"#0077b5\" d=\"M6.2 11.2v17.7h-5.9v-17.7h5.9zM6.6 5.7q0 1.3-0.9 2.2t-2.4 0.9h0q-1.5 0-2.4-0.9t-0.9-2.2 0.9-2.2 2.4-0.9 2.4 0.9 0.9 2.2zM27.4 18.7v10.1h-5.9v-9.5q0-1.9-0.7-2.9t-2.3-1.1q-1.1 0-1.9 0.6t-1.2 1.5q-0.2 0.5-0.2 1.4v9.9h-5.9q0-7.1 0-11.6t0-5.3l0-0.9h5.9v2.6h0q0.4-0.6 0.7-1t1-0.9 1.6-0.8 2-0.3q3 0 4.9 2t1.9 6z\"\/><\/svg><\/span><span class=\"shariff-text\" style=\"color:#0077b5\">teilen<\/span>&nbsp;<\/a><\/li><li class=\"shariff-button xing shariff-nocustomcolor\" style=\"background-color:#29888a\"><a href=\"https:\/\/www.xing.com\/spi\/shares\/new?url=https%3A%2F%2Fstarke-meinungen.de%2Fblog%2F2020%2F12%2F11%2Ffernlernen-die-blaupause-fuer-die-schule-der-zukunft%2F\" title=\"Bei XING teilen\" aria-label=\"Bei XING teilen\" role=\"button\" rel=\"noopener nofollow\" class=\"shariff-link\" style=\"; background-color:#126567; color:#126567\" target=\"_blank\"><span class=\"shariff-icon\" style=\"fill:#126567\"><svg width=\"32px\" height=\"20px\" xmlns=\"http:\/\/www.w3.org\/2000\/svg\" viewBox=\"0 0 25 32\"><path fill=\"#126567\" d=\"M10.7 11.9q-0.2 0.3-4.6 8.2-0.5 0.8-1.2 0.8h-4.3q-0.4 0-0.5-0.3t0-0.6l4.5-8q0 0 0 0l-2.9-5q-0.2-0.4 0-0.7 0.2-0.3 0.5-0.3h4.3q0.7 0 1.2 0.8zM25.1 0.4q0.2 0.3 0 0.7l-9.4 16.7 6 11q0.2 0.4 0 0.6-0.2 0.3-0.6 0.3h-4.3q-0.7 0-1.2-0.8l-6-11.1q0.3-0.6 9.5-16.8 0.4-0.8 1.2-0.8h4.3q0.4 0 0.5 0.3z\"\/><\/svg><\/span><span class=\"shariff-text\" style=\"color:#126567\">teilen<\/span>&nbsp;<\/a><\/li><li class=\"shariff-button whatsapp shariff-nocustomcolor\" style=\"background-color:#5cbe4a\"><a href=\"https:\/\/api.whatsapp.com\/send?text=https%3A%2F%2Fstarke-meinungen.de%2Fblog%2F2020%2F12%2F11%2Ffernlernen-die-blaupause-fuer-die-schule-der-zukunft%2F%20Fernlernen%20%E2%80%93%C2%A0die%20Blaupause%20f%C3%BCr%20die%20Schule%20der%20Zukunft\" title=\"Bei Whatsapp teilen\" aria-label=\"Bei Whatsapp teilen\" role=\"button\" rel=\"noopener nofollow\" class=\"shariff-link\" style=\"; background-color:#34af23; color:#34af23\" target=\"_blank\"><span class=\"shariff-icon\" style=\"fill:#34af23\"><svg width=\"32px\" height=\"20px\" xmlns=\"http:\/\/www.w3.org\/2000\/svg\" viewBox=\"0 0 32 32\"><path fill=\"#34af23\" d=\"M17.6 17.4q0.2 0 1.7 0.8t1.6 0.9q0 0.1 0 0.3 0 0.6-0.3 1.4-0.3 0.7-1.3 1.2t-1.8 0.5q-1 0-3.4-1.1-1.7-0.8-3-2.1t-2.6-3.3q-1.3-1.9-1.3-3.5v-0.1q0.1-1.6 1.3-2.8 0.4-0.4 0.9-0.4 0.1 0 0.3 0t0.3 0q0.3 0 0.5 0.1t0.3 0.5q0.1 0.4 0.6 1.6t0.4 1.3q0 0.4-0.6 1t-0.6 0.8q0 0.1 0.1 0.3 0.6 1.3 1.8 2.4 1 0.9 2.7 1.8 0.2 0.1 0.4 0.1 0.3 0 1-0.9t0.9-0.9zM14 26.9q2.3 0 4.3-0.9t3.6-2.4 2.4-3.6 0.9-4.3-0.9-4.3-2.4-3.6-3.6-2.4-4.3-0.9-4.3 0.9-3.6 2.4-2.4 3.6-0.9 4.3q0 3.6 2.1 6.6l-1.4 4.2 4.3-1.4q2.8 1.9 6.2 1.9zM14 2.2q2.7 0 5.2 1.1t4.3 2.9 2.9 4.3 1.1 5.2-1.1 5.2-2.9 4.3-4.3 2.9-5.2 1.1q-3.5 0-6.5-1.7l-7.4 2.4 2.4-7.2q-1.9-3.2-1.9-6.9 0-2.7 1.1-5.2t2.9-4.3 4.3-2.9 5.2-1.1z\"\/><\/svg><\/span><span class=\"shariff-text\" style=\"color:#34af23\">teilen<\/span>&nbsp;<\/a><\/li><li class=\"shariff-button info shariff-nocustomcolor\" style=\"background-color:#a8a8a8\"><a href=\"http:\/\/ct.de\/-2467514\" title=\"Weitere Informationen\" aria-label=\"Weitere Informationen\" role=\"button\" rel=\"noopener \" class=\"shariff-link\" style=\"; background-color:#999; color:#999\" target=\"_blank\"><span class=\"shariff-icon\" style=\"fill:#999\"><svg width=\"32px\" height=\"20px\" xmlns=\"http:\/\/www.w3.org\/2000\/svg\" viewBox=\"0 0 11 32\"><path fill=\"#999\" d=\"M11.4 24v2.3q0 0.5-0.3 0.8t-0.8 0.4h-9.1q-0.5 0-0.8-0.4t-0.4-0.8v-2.3q0-0.5 0.4-0.8t0.8-0.4h1.1v-6.8h-1.1q-0.5 0-0.8-0.4t-0.4-0.8v-2.3q0-0.5 0.4-0.8t0.8-0.4h6.8q0.5 0 0.8 0.4t0.4 0.8v10.3h1.1q0.5 0 0.8 0.4t0.3 0.8zM9.2 3.4v3.4q0 0.5-0.4 0.8t-0.8 0.4h-4.6q-0.4 0-0.8-0.4t-0.4-0.8v-3.4q0-0.4 0.4-0.8t0.8-0.4h4.6q0.5 0 0.8 0.4t0.4 0.8z\"\/><\/svg><\/span><\/a><\/li><\/ul><\/div>","protected":false},"excerpt":{"rendered":"<p>Foto: imago images \/ Independent Photo Agency Int. Ein Gastbeitrag von Helen und Marcus Knauf Erneut wird \u00fcber Schulschlie\u00dfungen zur Eind\u00e4mmung der Corona-Pandemie diskutiert. Die Politik will sie auf jeden Fall vermeiden. Die schlechten Erfahrungen mit dem Distanzlernen aus dem Fr\u00fchjahr sollen sich nicht wiederholen. Statt zwanghaft an dem Fetisch \u201eRegelbetrieb\u201c festzuhalten, sollten wir endlich dar\u00fcber diskutieren, warum das Lernen&#8230; <a href=\"https:\/\/starke-meinungen.de\/blog\/2020\/12\/11\/fernlernen-die-blaupause-fuer-die-schule-der-zukunft\/\">Weiterlesen &raquo;<\/a><\/p>\n","protected":false},"author":34,"featured_media":0,"comment_status":"open","ping_status":"open","sticky":false,"template":"","format":"standard","meta":{"footnotes":""},"categories":[1],"tags":[],"class_list":["post-8998","post","type-post","status-publish","format-standard","hentry","category-allgemein"],"yoast_head":"<!-- This site is optimized with the Yoast SEO plugin v27.4 - https:\/\/yoast.com\/product\/yoast-seo-wordpress\/ -->\n<title>Fernlernen \u2013\u00a0die Blaupause f\u00fcr die Schule der Zukunft - starke-meinungen.de<\/title>\n<meta name=\"robots\" content=\"index, follow, max-snippet:-1, max-image-preview:large, max-video-preview:-1\" \/>\n<link rel=\"canonical\" href=\"https:\/\/starke-meinungen.de\/blog\/2020\/12\/11\/fernlernen-die-blaupause-fuer-die-schule-der-zukunft\/\" \/>\n<meta property=\"og:locale\" content=\"de_DE\" \/>\n<meta property=\"og:type\" content=\"article\" \/>\n<meta property=\"og:title\" content=\"Fernlernen \u2013\u00a0die Blaupause f\u00fcr die Schule der Zukunft - starke-meinungen.de\" \/>\n<meta property=\"og:description\" content=\"Foto: imago images \/ Independent Photo Agency Int. Ein Gastbeitrag von Helen und Marcus Knauf Erneut wird \u00fcber Schulschlie\u00dfungen zur Eind\u00e4mmung der Corona-Pandemie diskutiert. Die Politik will sie auf jeden Fall vermeiden. Die schlechten Erfahrungen mit dem Distanzlernen aus dem Fr\u00fchjahr sollen sich nicht wiederholen. Statt zwanghaft an dem Fetisch \u201eRegelbetrieb\u201c festzuhalten, sollten wir endlich dar\u00fcber diskutieren, warum das Lernen... Weiterlesen &raquo;\" \/>\n<meta property=\"og:url\" content=\"https:\/\/starke-meinungen.de\/blog\/2020\/12\/11\/fernlernen-die-blaupause-fuer-die-schule-der-zukunft\/\" \/>\n<meta property=\"og:site_name\" content=\"starke-meinungen.de\" \/>\n<meta property=\"article:publisher\" content=\"https:\/\/www.facebook.com\/starkemeinungen\/\" \/>\n<meta property=\"article:published_time\" content=\"2020-12-11T15:07:26+00:00\" \/>\n<meta property=\"og:image\" content=\"https:\/\/starke-meinungen.de\/blog\/wp-content\/uploads\/imago0107984395h.jpg\" \/>\n\t<meta property=\"og:image:width\" content=\"612\" \/>\n\t<meta property=\"og:image:height\" content=\"408\" \/>\n\t<meta property=\"og:image:type\" content=\"image\/jpeg\" \/>\n<meta name=\"author\" content=\"Marcus Knauf\" \/>\n<meta name=\"twitter:card\" content=\"summary_large_image\" \/>\n<meta name=\"twitter:creator\" content=\"@starkemeinungen\" \/>\n<meta name=\"twitter:site\" content=\"@starkemeinungen\" \/>\n<meta name=\"twitter:label1\" content=\"Verfasst von\" \/>\n\t<meta name=\"twitter:data1\" content=\"Marcus Knauf\" \/>\n\t<meta name=\"twitter:label2\" content=\"Gesch\u00e4tzte Lesezeit\" \/>\n\t<meta name=\"twitter:data2\" content=\"9\u00a0Minuten\" \/>\n<script type=\"application\/ld+json\" class=\"yoast-schema-graph\">{\"@context\":\"https:\\\/\\\/schema.org\",\"@graph\":[{\"@type\":\"Article\",\"@id\":\"https:\\\/\\\/starke-meinungen.de\\\/blog\\\/2020\\\/12\\\/11\\\/fernlernen-die-blaupause-fuer-die-schule-der-zukunft\\\/#article\",\"isPartOf\":{\"@id\":\"https:\\\/\\\/starke-meinungen.de\\\/blog\\\/2020\\\/12\\\/11\\\/fernlernen-die-blaupause-fuer-die-schule-der-zukunft\\\/\"},\"author\":{\"name\":\"Marcus Knauf\",\"@id\":\"https:\\\/\\\/starke-meinungen.de\\\/blog\\\/#\\\/schema\\\/person\\\/860681b9c0131d605a7aa49184a04b62\"},\"headline\":\"Fernlernen \u2013\u00a0die Blaupause f\u00fcr die Schule der Zukunft\",\"datePublished\":\"2020-12-11T15:07:26+00:00\",\"mainEntityOfPage\":{\"@id\":\"https:\\\/\\\/starke-meinungen.de\\\/blog\\\/2020\\\/12\\\/11\\\/fernlernen-die-blaupause-fuer-die-schule-der-zukunft\\\/\"},\"wordCount\":1842,\"commentCount\":5,\"publisher\":{\"@id\":\"https:\\\/\\\/starke-meinungen.de\\\/blog\\\/#organization\"},\"image\":{\"@id\":\"https:\\\/\\\/starke-meinungen.de\\\/blog\\\/2020\\\/12\\\/11\\\/fernlernen-die-blaupause-fuer-die-schule-der-zukunft\\\/#primaryimage\"},\"thumbnailUrl\":\"https:\\\/\\\/starke-meinungen.de\\\/blog\\\/wp-content\\\/uploads\\\/Knauf-200x133.jpg\",\"inLanguage\":\"de\",\"potentialAction\":[{\"@type\":\"CommentAction\",\"name\":\"Comment\",\"target\":[\"https:\\\/\\\/starke-meinungen.de\\\/blog\\\/2020\\\/12\\\/11\\\/fernlernen-die-blaupause-fuer-die-schule-der-zukunft\\\/#respond\"]}]},{\"@type\":\"WebPage\",\"@id\":\"https:\\\/\\\/starke-meinungen.de\\\/blog\\\/2020\\\/12\\\/11\\\/fernlernen-die-blaupause-fuer-die-schule-der-zukunft\\\/\",\"url\":\"https:\\\/\\\/starke-meinungen.de\\\/blog\\\/2020\\\/12\\\/11\\\/fernlernen-die-blaupause-fuer-die-schule-der-zukunft\\\/\",\"name\":\"Fernlernen \u2013\u00a0die Blaupause f\u00fcr die Schule der Zukunft - starke-meinungen.de\",\"isPartOf\":{\"@id\":\"https:\\\/\\\/starke-meinungen.de\\\/blog\\\/#website\"},\"primaryImageOfPage\":{\"@id\":\"https:\\\/\\\/starke-meinungen.de\\\/blog\\\/2020\\\/12\\\/11\\\/fernlernen-die-blaupause-fuer-die-schule-der-zukunft\\\/#primaryimage\"},\"image\":{\"@id\":\"https:\\\/\\\/starke-meinungen.de\\\/blog\\\/2020\\\/12\\\/11\\\/fernlernen-die-blaupause-fuer-die-schule-der-zukunft\\\/#primaryimage\"},\"thumbnailUrl\":\"https:\\\/\\\/starke-meinungen.de\\\/blog\\\/wp-content\\\/uploads\\\/Knauf-200x133.jpg\",\"datePublished\":\"2020-12-11T15:07:26+00:00\",\"breadcrumb\":{\"@id\":\"https:\\\/\\\/starke-meinungen.de\\\/blog\\\/2020\\\/12\\\/11\\\/fernlernen-die-blaupause-fuer-die-schule-der-zukunft\\\/#breadcrumb\"},\"inLanguage\":\"de\",\"potentialAction\":[{\"@type\":\"ReadAction\",\"target\":[\"https:\\\/\\\/starke-meinungen.de\\\/blog\\\/2020\\\/12\\\/11\\\/fernlernen-die-blaupause-fuer-die-schule-der-zukunft\\\/\"]}]},{\"@type\":\"ImageObject\",\"inLanguage\":\"de\",\"@id\":\"https:\\\/\\\/starke-meinungen.de\\\/blog\\\/2020\\\/12\\\/11\\\/fernlernen-die-blaupause-fuer-die-schule-der-zukunft\\\/#primaryimage\",\"url\":\"https:\\\/\\\/starke-meinungen.de\\\/blog\\\/wp-content\\\/uploads\\\/Knauf-200x133.jpg\",\"contentUrl\":\"https:\\\/\\\/starke-meinungen.de\\\/blog\\\/wp-content\\\/uploads\\\/Knauf-200x133.jpg\"},{\"@type\":\"BreadcrumbList\",\"@id\":\"https:\\\/\\\/starke-meinungen.de\\\/blog\\\/2020\\\/12\\\/11\\\/fernlernen-die-blaupause-fuer-die-schule-der-zukunft\\\/#breadcrumb\",\"itemListElement\":[{\"@type\":\"ListItem\",\"position\":1,\"name\":\"Startseite\",\"item\":\"https:\\\/\\\/starke-meinungen.de\\\/blog\\\/\"},{\"@type\":\"ListItem\",\"position\":2,\"name\":\"Fernlernen \u2013\u00a0die Blaupause f\u00fcr die Schule der Zukunft\"}]},{\"@type\":\"WebSite\",\"@id\":\"https:\\\/\\\/starke-meinungen.de\\\/blog\\\/#website\",\"url\":\"https:\\\/\\\/starke-meinungen.de\\\/blog\\\/\",\"name\":\"starke-meinungen.de\",\"description\":\"Autoren-Blog\",\"publisher\":{\"@id\":\"https:\\\/\\\/starke-meinungen.de\\\/blog\\\/#organization\"},\"potentialAction\":[{\"@type\":\"SearchAction\",\"target\":{\"@type\":\"EntryPoint\",\"urlTemplate\":\"https:\\\/\\\/starke-meinungen.de\\\/blog\\\/?s={search_term_string}\"},\"query-input\":{\"@type\":\"PropertyValueSpecification\",\"valueRequired\":true,\"valueName\":\"search_term_string\"}}],\"inLanguage\":\"de\"},{\"@type\":\"Organization\",\"@id\":\"https:\\\/\\\/starke-meinungen.de\\\/blog\\\/#organization\",\"name\":\"starke-meinungen.de\",\"url\":\"https:\\\/\\\/starke-meinungen.de\\\/blog\\\/\",\"logo\":{\"@type\":\"ImageObject\",\"inLanguage\":\"de\",\"@id\":\"https:\\\/\\\/starke-meinungen.de\\\/blog\\\/#\\\/schema\\\/logo\\\/image\\\/\",\"url\":\"https:\\\/\\\/starke-meinungen.de\\\/blog\\\/wp-content\\\/uploads\\\/starke-meinungen-fb-header.jpg\",\"contentUrl\":\"https:\\\/\\\/starke-meinungen.de\\\/blog\\\/wp-content\\\/uploads\\\/starke-meinungen-fb-header.jpg\",\"width\":1200,\"height\":630,\"caption\":\"starke-meinungen.de\"},\"image\":{\"@id\":\"https:\\\/\\\/starke-meinungen.de\\\/blog\\\/#\\\/schema\\\/logo\\\/image\\\/\"},\"sameAs\":[\"https:\\\/\\\/www.facebook.com\\\/starkemeinungen\\\/\",\"https:\\\/\\\/x.com\\\/starkemeinungen\"]},{\"@type\":\"Person\",\"@id\":\"https:\\\/\\\/starke-meinungen.de\\\/blog\\\/#\\\/schema\\\/person\\\/860681b9c0131d605a7aa49184a04b62\",\"name\":\"Marcus Knauf\",\"image\":{\"@type\":\"ImageObject\",\"inLanguage\":\"de\",\"@id\":\"https:\\\/\\\/secure.gravatar.com\\\/avatar\\\/20ed54fd3c5f4a9e94ed05078ebd8f7acecec1db38fcfba30da5481bed5ef308?s=96&d=mm&r=g\",\"url\":\"https:\\\/\\\/secure.gravatar.com\\\/avatar\\\/20ed54fd3c5f4a9e94ed05078ebd8f7acecec1db38fcfba30da5481bed5ef308?s=96&d=mm&r=g\",\"contentUrl\":\"https:\\\/\\\/secure.gravatar.com\\\/avatar\\\/20ed54fd3c5f4a9e94ed05078ebd8f7acecec1db38fcfba30da5481bed5ef308?s=96&d=mm&r=g\",\"caption\":\"Marcus Knauf\"},\"description\":\"Marcus Knauf hat an der Universit\u00e4t Hamburg Holzwirtschaft studiert und machte sich anschlie\u00dfend als Berater selbstst\u00e4ndig. An der Universit\u00e4t Hamburg promovierte und habilitierte er nebenberuflich und ist heute als Privatdozent Angeh\u00f6riger der Universit\u00e4t Hamburg. Er forscht zu den Themen Wald, Holz, Klima, Ressourcen- und Kohlenstoffmanagement und zu Scientitic Literacy.\",\"sameAs\":[\"http:\\\/\\\/www.knauf-consulting.de\"],\"url\":\"https:\\\/\\\/starke-meinungen.de\\\/blog\\\/author\\\/knauf\\\/\"}]}<\/script>\n<!-- \/ Yoast SEO plugin. -->","yoast_head_json":{"title":"Fernlernen \u2013\u00a0die Blaupause f\u00fcr die Schule der Zukunft - starke-meinungen.de","robots":{"index":"index","follow":"follow","max-snippet":"max-snippet:-1","max-image-preview":"max-image-preview:large","max-video-preview":"max-video-preview:-1"},"canonical":"https:\/\/starke-meinungen.de\/blog\/2020\/12\/11\/fernlernen-die-blaupause-fuer-die-schule-der-zukunft\/","og_locale":"de_DE","og_type":"article","og_title":"Fernlernen \u2013\u00a0die Blaupause f\u00fcr die Schule der Zukunft - starke-meinungen.de","og_description":"Foto: imago images \/ Independent Photo Agency Int. Ein Gastbeitrag von Helen und Marcus Knauf Erneut wird \u00fcber Schulschlie\u00dfungen zur Eind\u00e4mmung der Corona-Pandemie diskutiert. Die Politik will sie auf jeden Fall vermeiden. Die schlechten Erfahrungen mit dem Distanzlernen aus dem Fr\u00fchjahr sollen sich nicht wiederholen. Statt zwanghaft an dem Fetisch \u201eRegelbetrieb\u201c festzuhalten, sollten wir endlich dar\u00fcber diskutieren, warum das Lernen... Weiterlesen &raquo;","og_url":"https:\/\/starke-meinungen.de\/blog\/2020\/12\/11\/fernlernen-die-blaupause-fuer-die-schule-der-zukunft\/","og_site_name":"starke-meinungen.de","article_publisher":"https:\/\/www.facebook.com\/starkemeinungen\/","article_published_time":"2020-12-11T15:07:26+00:00","og_image":[{"width":612,"height":408,"url":"https:\/\/starke-meinungen.de\/blog\/wp-content\/uploads\/imago0107984395h.jpg","type":"image\/jpeg"}],"author":"Marcus Knauf","twitter_card":"summary_large_image","twitter_creator":"@starkemeinungen","twitter_site":"@starkemeinungen","twitter_misc":{"Verfasst von":"Marcus Knauf","Gesch\u00e4tzte Lesezeit":"9\u00a0Minuten"},"schema":{"@context":"https:\/\/schema.org","@graph":[{"@type":"Article","@id":"https:\/\/starke-meinungen.de\/blog\/2020\/12\/11\/fernlernen-die-blaupause-fuer-die-schule-der-zukunft\/#article","isPartOf":{"@id":"https:\/\/starke-meinungen.de\/blog\/2020\/12\/11\/fernlernen-die-blaupause-fuer-die-schule-der-zukunft\/"},"author":{"name":"Marcus Knauf","@id":"https:\/\/starke-meinungen.de\/blog\/#\/schema\/person\/860681b9c0131d605a7aa49184a04b62"},"headline":"Fernlernen \u2013\u00a0die Blaupause f\u00fcr die Schule der Zukunft","datePublished":"2020-12-11T15:07:26+00:00","mainEntityOfPage":{"@id":"https:\/\/starke-meinungen.de\/blog\/2020\/12\/11\/fernlernen-die-blaupause-fuer-die-schule-der-zukunft\/"},"wordCount":1842,"commentCount":5,"publisher":{"@id":"https:\/\/starke-meinungen.de\/blog\/#organization"},"image":{"@id":"https:\/\/starke-meinungen.de\/blog\/2020\/12\/11\/fernlernen-die-blaupause-fuer-die-schule-der-zukunft\/#primaryimage"},"thumbnailUrl":"https:\/\/starke-meinungen.de\/blog\/wp-content\/uploads\/Knauf-200x133.jpg","inLanguage":"de","potentialAction":[{"@type":"CommentAction","name":"Comment","target":["https:\/\/starke-meinungen.de\/blog\/2020\/12\/11\/fernlernen-die-blaupause-fuer-die-schule-der-zukunft\/#respond"]}]},{"@type":"WebPage","@id":"https:\/\/starke-meinungen.de\/blog\/2020\/12\/11\/fernlernen-die-blaupause-fuer-die-schule-der-zukunft\/","url":"https:\/\/starke-meinungen.de\/blog\/2020\/12\/11\/fernlernen-die-blaupause-fuer-die-schule-der-zukunft\/","name":"Fernlernen \u2013\u00a0die Blaupause f\u00fcr die Schule der Zukunft - starke-meinungen.de","isPartOf":{"@id":"https:\/\/starke-meinungen.de\/blog\/#website"},"primaryImageOfPage":{"@id":"https:\/\/starke-meinungen.de\/blog\/2020\/12\/11\/fernlernen-die-blaupause-fuer-die-schule-der-zukunft\/#primaryimage"},"image":{"@id":"https:\/\/starke-meinungen.de\/blog\/2020\/12\/11\/fernlernen-die-blaupause-fuer-die-schule-der-zukunft\/#primaryimage"},"thumbnailUrl":"https:\/\/starke-meinungen.de\/blog\/wp-content\/uploads\/Knauf-200x133.jpg","datePublished":"2020-12-11T15:07:26+00:00","breadcrumb":{"@id":"https:\/\/starke-meinungen.de\/blog\/2020\/12\/11\/fernlernen-die-blaupause-fuer-die-schule-der-zukunft\/#breadcrumb"},"inLanguage":"de","potentialAction":[{"@type":"ReadAction","target":["https:\/\/starke-meinungen.de\/blog\/2020\/12\/11\/fernlernen-die-blaupause-fuer-die-schule-der-zukunft\/"]}]},{"@type":"ImageObject","inLanguage":"de","@id":"https:\/\/starke-meinungen.de\/blog\/2020\/12\/11\/fernlernen-die-blaupause-fuer-die-schule-der-zukunft\/#primaryimage","url":"https:\/\/starke-meinungen.de\/blog\/wp-content\/uploads\/Knauf-200x133.jpg","contentUrl":"https:\/\/starke-meinungen.de\/blog\/wp-content\/uploads\/Knauf-200x133.jpg"},{"@type":"BreadcrumbList","@id":"https:\/\/starke-meinungen.de\/blog\/2020\/12\/11\/fernlernen-die-blaupause-fuer-die-schule-der-zukunft\/#breadcrumb","itemListElement":[{"@type":"ListItem","position":1,"name":"Startseite","item":"https:\/\/starke-meinungen.de\/blog\/"},{"@type":"ListItem","position":2,"name":"Fernlernen \u2013\u00a0die Blaupause f\u00fcr die Schule der Zukunft"}]},{"@type":"WebSite","@id":"https:\/\/starke-meinungen.de\/blog\/#website","url":"https:\/\/starke-meinungen.de\/blog\/","name":"starke-meinungen.de","description":"Autoren-Blog","publisher":{"@id":"https:\/\/starke-meinungen.de\/blog\/#organization"},"potentialAction":[{"@type":"SearchAction","target":{"@type":"EntryPoint","urlTemplate":"https:\/\/starke-meinungen.de\/blog\/?s={search_term_string}"},"query-input":{"@type":"PropertyValueSpecification","valueRequired":true,"valueName":"search_term_string"}}],"inLanguage":"de"},{"@type":"Organization","@id":"https:\/\/starke-meinungen.de\/blog\/#organization","name":"starke-meinungen.de","url":"https:\/\/starke-meinungen.de\/blog\/","logo":{"@type":"ImageObject","inLanguage":"de","@id":"https:\/\/starke-meinungen.de\/blog\/#\/schema\/logo\/image\/","url":"https:\/\/starke-meinungen.de\/blog\/wp-content\/uploads\/starke-meinungen-fb-header.jpg","contentUrl":"https:\/\/starke-meinungen.de\/blog\/wp-content\/uploads\/starke-meinungen-fb-header.jpg","width":1200,"height":630,"caption":"starke-meinungen.de"},"image":{"@id":"https:\/\/starke-meinungen.de\/blog\/#\/schema\/logo\/image\/"},"sameAs":["https:\/\/www.facebook.com\/starkemeinungen\/","https:\/\/x.com\/starkemeinungen"]},{"@type":"Person","@id":"https:\/\/starke-meinungen.de\/blog\/#\/schema\/person\/860681b9c0131d605a7aa49184a04b62","name":"Marcus Knauf","image":{"@type":"ImageObject","inLanguage":"de","@id":"https:\/\/secure.gravatar.com\/avatar\/20ed54fd3c5f4a9e94ed05078ebd8f7acecec1db38fcfba30da5481bed5ef308?s=96&d=mm&r=g","url":"https:\/\/secure.gravatar.com\/avatar\/20ed54fd3c5f4a9e94ed05078ebd8f7acecec1db38fcfba30da5481bed5ef308?s=96&d=mm&r=g","contentUrl":"https:\/\/secure.gravatar.com\/avatar\/20ed54fd3c5f4a9e94ed05078ebd8f7acecec1db38fcfba30da5481bed5ef308?s=96&d=mm&r=g","caption":"Marcus Knauf"},"description":"Marcus Knauf hat an der Universit\u00e4t Hamburg Holzwirtschaft studiert und machte sich anschlie\u00dfend als Berater selbstst\u00e4ndig. An der Universit\u00e4t Hamburg promovierte und habilitierte er nebenberuflich und ist heute als Privatdozent Angeh\u00f6riger der Universit\u00e4t Hamburg. Er forscht zu den Themen Wald, Holz, Klima, Ressourcen- und Kohlenstoffmanagement und zu Scientitic Literacy.","sameAs":["http:\/\/www.knauf-consulting.de"],"url":"https:\/\/starke-meinungen.de\/blog\/author\/knauf\/"}]}},"_links":{"self":[{"href":"https:\/\/starke-meinungen.de\/blog\/wp-json\/wp\/v2\/posts\/8998","targetHints":{"allow":["GET"]}}],"collection":[{"href":"https:\/\/starke-meinungen.de\/blog\/wp-json\/wp\/v2\/posts"}],"about":[{"href":"https:\/\/starke-meinungen.de\/blog\/wp-json\/wp\/v2\/types\/post"}],"author":[{"embeddable":true,"href":"https:\/\/starke-meinungen.de\/blog\/wp-json\/wp\/v2\/users\/34"}],"replies":[{"embeddable":true,"href":"https:\/\/starke-meinungen.de\/blog\/wp-json\/wp\/v2\/comments?post=8998"}],"version-history":[{"count":0,"href":"https:\/\/starke-meinungen.de\/blog\/wp-json\/wp\/v2\/posts\/8998\/revisions"}],"wp:attachment":[{"href":"https:\/\/starke-meinungen.de\/blog\/wp-json\/wp\/v2\/media?parent=8998"}],"wp:term":[{"taxonomy":"category","embeddable":true,"href":"https:\/\/starke-meinungen.de\/blog\/wp-json\/wp\/v2\/categories?post=8998"},{"taxonomy":"post_tag","embeddable":true,"href":"https:\/\/starke-meinungen.de\/blog\/wp-json\/wp\/v2\/tags?post=8998"}],"curies":[{"name":"wp","href":"https:\/\/api.w.org\/{rel}","templated":true}]}}