

{"id":8591,"date":"2020-06-27T12:49:57","date_gmt":"2020-06-27T12:49:57","guid":{"rendered":"https:\/\/starke-meinungen.de\/blog\/?p=8591"},"modified":"2020-06-27T12:50:05","modified_gmt":"2020-06-27T12:50:05","slug":"covid-19-die-orientierungslose-afd-und-der-starke-rechtsstaat-eine-zwischenbilanz","status":"publish","type":"post","link":"https:\/\/starke-meinungen.de\/blog\/2020\/06\/27\/covid-19-die-orientierungslose-afd-und-der-starke-rechtsstaat-eine-zwischenbilanz\/","title":{"rendered":"Covid-19: die orientierungslose AfD und der starke Rechtsstaat \u2013 eine Zwischenbilanz"},"content":{"rendered":"\n<p><strong>Ein Gastbeitrag von Bruno Heidlberger<\/strong><\/p>\n\n\n\n<p><em>Lange h\u00f6rte man nichts von der AfD. Umso lauter waren die Corona-Rebellen und Verschw\u00f6rungstheoretiker. Hauptsache \u201egegen die da oben\u201c im Namen des Grundgesetzes. Bald sprang die AfD auf diesen Zug, aber ohne nennenswerten Erfolg. W\u00e4hrend sie immer weiter nach rechts r\u00fcckte und sich von innen her zerlegt, hofft sie auf ein \u201eGeschenk\u201c wie 2015. Die Ereignisse um Stuttgart nutzt sie als Reanimation. Jetzt kommt es darauf an <\/em><em>auf der \u201ehellen Seite zu stehen\u201c und den \u201eKurs der b\u00fcrgerlichen Mitte\u201c nicht zu verlieren. <\/em><em>Eine sach- und eine am Recht orientierte Analyse der Ereignisse von Stuttgart kann helfen.<\/em><\/p>\n\n\n\n<p><strong>Der vor\u00fcbergehende Ausnahmezustand der AfD<\/strong><\/p>\n\n\n\n<p>Anfangs wirkte die AfD wie gel\u00e4hmt. Sie tat sich schwer eine einheitliche Linie zu finden. Am 4. M\u00e4rz hie\u00df es noch, es sei ein gef\u00e4hrliches Virus (Alice Weidel).<\/p>\n\n\n\n<!--more-->\n\n\n\n<p>Sechs Wochen sp\u00e4ter am 14. Mai machte sich die AfD-Fraktion \u00fcber das Virus lustig. Sie missachtete demonstrativ das Abstandsgebot im Bundestag und erntete entweder einen Ordnungsruf durch die Bundestagspr\u00e4sidentin Petra Pau oder Kopfsch\u00fctteln. Nichtsdestotrotz stellte sich auch die AfD hinter die beschlossenen Covid-19-Schutzma\u00dfnahmen der Regierung Merkel, die in der Krise ihre demokratische Handlungsf\u00e4higkeit und die Wirksamkeit der Ma\u00dfnahmen klar unter Beweis stellte. \u201eIhre F\u00fchrung in der Coronaviruskrise ist universell herausragend\u201c, so der Kolumnist der \u201eNew York Times\u201c.<\/p>\n\n\n\n<p>Nicht nur die Frage des Umgangs mit Covid-19 f\u00fchrte in der AfD zu heftigen Richtungsk\u00e4mpfen. Manche fanden die Einschr\u00e4nkungen richtig, wie J\u00f6rg Meuthen, anderen gingen sie zu weit; wieder andere hielten das Virus f\u00fcr kaum gef\u00e4hrlicher als eine Grippe. So blieb der oppositionelle Angriff von Rechtsau\u00dfen aus. Der \u201eWutmaschine funktionierte nicht mehr\u201c, schrieb der \u201eTagesspiegel\u201c. Das stereotype fundamental-Narrativ der AfD, die Bundesregierung handele gegen die eigene Bev\u00f6lkerung, funktionierte nicht mehr. Weil die Partei vielen in den rechten Echokammern nicht radikal genug war, setzten Blogger auf Verschw\u00f6rungsideologien. Die Umfragewerte der Rechtsnationalisten fielen in den Keller. Die Aktivierung allbekannter Feindbilder \u2013 Fl\u00fcchtlinge, Fridays-for-future und Angela Merkel \u2013 lief diesmal ins Leere. Andere Mandatstr\u00e4ger der Partei hielten an der Fundamental-Opposition fest. Auch Christian Drosten und das RKI geh\u00f6rten bald zu den Schuldigen.<\/p>\n\n\n\n<p><strong>Das Sch\u00fcren von Ressentiments gegen das Robert-Koch-Institut, Christian Drosten und die Wissenschaft<\/strong><\/p>\n\n\n\n<p>Von der Regierung abweichende Meinungen in der Corona-Diskussion w\u00fcrden unterdr\u00fcckt: ein alt bekanntes AfD-Narrativ, das bereits in der Fl\u00fcchtlings- und Klimadebatte verbreitet wurde. Nachdem die erste Schockwelle vor\u00fcber war ,r\u00fcckte nicht ganz unerwartet das RKI in das Zentrum der Kritik. Dankbar griff die AfD diese Vorlage auf, die Hobby-Experten, wie FDP-Chef Christian Lindner \u2013 der schon einmal meinte, Klimapolitik sollte man den Experten \u00fcberlassen \u2013 an Ostern lieferte.&nbsp;\u201eMundschutz ja, Maulk\u00f6rbe nein\u201c. Markus S\u00f6der verlangte vom RKI verl\u00e4ssliche Zahlen und Lindner meinte, die Informationspolitik des RKI gebe nicht \u201edie wahre Lage wieder.\u201c Christian Linder erwies sich neben Armin Laschet als Eisbrecher f\u00fcr Lockerungen, auch durch die Diskreditierung f\u00fchrender Wissenschaftler und des RKI. \u201eDieses Hin und Her\u201c der Virologen \u00e4rgere ihn doch sehr, erkl\u00e4re Lindner bei Maybrit Illner. Profiteure waren die Plattformen der \u201ealternativen Medien\u201c und die AfD, die das Misstrauen einer kleinen Minderheit befeuerten, die hinter den Ma\u00dfnahmen zur Eind\u00e4mmung von Covid-19 geheime Interessen &#8211; etwa eine anlasslose \u00dcberwachung der B\u00fcrger \u2013 w\u00e4hnte.<\/p>\n\n\n\n<p>Bald wurden selbsternannte Fachleute durch die neurechten alternativen Plattformen durchgereicht, die in k\u00fcrzester Zeit millionenfach geklickt wurden.<\/p>\n\n\n\n<p>Wenn Wissenschaftler es \u201enicht so genau wissen\u201c, wie auch Wolfgang Sch\u00e4uble in einem ARD-Extra am 22. Mai behauptete, ist es auch egal, wie ich mich verhalte.<\/p>\n\n\n\n<p>Wissenschaft ist eine kritische und empirische Methode und kein Orakel. Das offene Problem: Das Virus ist schneller als die Forschung. \u201eDas RKI handelt nicht proaktiv, es l\u00e4uft eigentlich immer hinterher\u201c, sagt Gerd Glaeske, Gesundheitswissenschaftler von der Uni Bremen. Wissenschaft erkl\u00e4ren, deren Erkenntnisstand sich exponentiell steigert \u2013 und dennoch manchmal widerspr\u00fcchlich bleibt.\u201c Nach allem, was wir wissen\u2026\u201c, hie\u00df es oft. Das Institut habe \u201eaus Fehlern gelernt und das ist entscheidend\u201c, sagt Gerd Gigerenzer.<sup> <\/sup>Klar ist: Politik h\u00e4tte gerne Gewissheiten, statt Wahrscheinlichkeiten. Ein Verdacht liegt allerdings nahe: Wer immer wieder unterstellt, wie uneins sich \u201edie Wissenschaftler\u201c sind, will sich eventuell von den wissenschaftlichen Empfehlungen befreien, weil er gegenteilige politische Ma\u00dfnahmen pr\u00e4feriert und Sonderinteressen verfolgt. So werden, willentlich oder nicht, Zweifel gegen\u00fcber der Wissenschaft erzeugt, der Boden auf dem Verschw\u00f6rungsideologien bestens gedeihen.&nbsp; <sup><\/sup><\/p>\n\n\n\n<p><strong>2020 ist nicht 2015 \u2013 der Wind hat sich gedreht<\/strong><\/p>\n\n\n\n<p>W\u00e4hrend die AfD mit ihrer Camouflage ab 2015 relativ erfolgreich war, blieb ihr 2020 der Erfolg bisher versagt; auch weil Politik und viele Medien mit den politischen und m\u00f6rderischen Folgen der verharmlosend als \u201eRechtspopulismus\u201c bezeichneten Politik dieser Partei in den letzten zwei Jahren konfrontiert wurden und dazu gelernt haben, namentlich CDU\/CSU. Vor allem die CSU habe, so der Generalsekret\u00e4r Markus Blume k\u00fcrzlich in einem Beitrag in der Zeit, ihre \u201eLektion aus dem Jahre 2018 gelernt\u201c. Blume: \u201eDu musst auf der hellen Seite stehen, brauchst einen klaren Kurs der b\u00fcrgerlichen Mitte. Und vor allem: \u201eDu kannst ein Stinktier nicht \u00fcberstinken.\u201c Zu lange wurde rechte Gewalt in Deutschland von CDU\/CSU untersch\u00e4tzt. Mit der Entlassung von Hans-Georg Maa\u00dfen, heute Mitglied der rechtskonservativen Werteunion, und der Ermordung von Walter L\u00fcbcke, kam eine weitere politische Z\u00e4sur.<\/p>\n\n\n\n<p>Schaut man sich Maa\u00dfens Kommentare bei Twitter an, wundert man sich. Beispielsweise gehe es bei dem vom rot-rot-gr\u00fcnen Senat beschlossenen Antidiskriminierungsgesetz \u201enicht um Antidiskriminierung\u201c, mutma\u00dft der ehemalige Verfassungssch\u00fctzer. \u201eDie Zerst\u00f6rung oder Lahmlegung \u201ab\u00fcrgerlicher Institutionen\u2018\u201c, orakelt Maa\u00dfen, \u201ediene dem Ziel der \u00dcberwindung der kapitalistischen Gesellschaft.\u201c Heute wirkt diese Kalte-Krieg-Propaganda, \u00fcberholt.<\/p>\n\n\n\n<p>Im rechten Milieu wiederum diskreditiert man vielfach jede soziale, \u00f6kologische und humane Idee als Unheil und konstruiert einen Gegensatz zwischen Freiheit und Menschenrechte+Sozialstaat, der das Grundgesetz nicht vorsieht. Linksradikale werden mit Linken, Sozialdemokraten und Gr\u00fcnen, in einen Topf geworfen und einen blutigen Jokobinismus unterstellt, den diese unter dem Denkmantel des Antifaschismus zelebrierten. Der neue Pr\u00e4sident des Verfassungsschutzes, Thomas Haldenwang nimmt die rechtsextremistische Bedrohung sehr ernst. Zwei Wochen nach dem Mord erkl\u00e4rte der Bundesinnenminister, dass in Deutschland die gr\u00f6\u00dfte Gefahr vom Rechtsextremismus ausgehe. Dem Mord kommt laut Bundesgerichtshof ein \u201egesamtstaatliche Bedeutung\u201c zu.<\/p>\n\n\n\n<p><strong>Die Gefahr eines \u201evagabundierenden Autoritarismus\u201c bleibt virulent<\/strong><\/p>\n\n\n\n<p>Erst die AfD selbst, dann der Wechsel der Spitze des Verfassungsschutzes und nun Corona, haben die AfD vor\u00fcbergehend ins Abseits bef\u00f6rdert. Bis auf die von der Kanzlerin kritisierten \u201e\u00d6ffnungsdiskussionsorgien\u201c um die schnellsten Lockerungen fand die Partei keinen Ankn\u00fcpfungspunkt die allgemeine Stimmung ins Wanken zu bringen. Lange wirkte sie hilflos, aktuell ist sie dabei sich zu zerlegen. Noch wartet man auf ein \u201eGeschenk\u201c wie 2015. Vielleicht entpuppen sich die Ereignisse in Stuttgart und der uns\u00e4gliche Artikel in der taz zu so einem Geschenk? Man meint die Sektkorken bei der AfD knallen zu h\u00f6ren.<\/p>\n\n\n\n<p>In der Corona-Krise kann es vor und mit der zweiten Welle noch zu ganz anderen B\u00fcndnissen und Wahlergebnissen kommen. Vertrauen in Merkels Regierung kann wieder in Mistrauen umschlagen. Wer glaubt, dass das Problem AfD sich mit Corona erledigt hat, der irrt. Die hohe Akzeptanz der staatlichen Corona-Ma\u00dfnahmen tr\u00e4gt ein Janus-Gesicht. Sie ist nicht allein Ausdruck der Vernunft, sondern, so paradox das klingen mag, Ausdruck der Bereitschaft der Unterwerfung des \u201evagabundierenden Autoritarismus\u201c, weil es ums eigene \u00dcberleben ging. Dieser ist nach wie vor gef\u00e4hrlich, \u201eEinstellungen k\u00f6nnen latent sein oder manifest ge\u00e4u\u00dfert werden, aber sie bleiben \u00fcber die Zeit stabil\u201c, hei\u00dft es in der Leipziger \u201aMitte\u2018-Studie 2018\/2019. In den letzten Jahren haben eine deutliche Polarisierung und Radikalisierung stattgefunden. Zudem sei ein gro\u00dfer Teil der jungen Menschen bereit, Gewalt anzuwenden. Gleichwohl steht die \u00fcbergro\u00dfe Mehrheit der Deutschen zur Demokratie.<\/p>\n\n\n\n<p>Gewalt gegen die Polizei ist mit nichts zu rechtfertigen, sie ist immer Gewalt gegen Menschen, gegen Repr\u00e4sentanten des Rechtsstaates und gegen die Demokratie. Gleichwohl darf nicht zu rechtfertigende Gewalt von Polizisten gegen Menschen, egal welcher Hautfarbe, weder verharmlost noch unbestraft bleiben. Empathie und Mitgef\u00fchl gilt es nicht nur gegen\u00fcber Polizisten, sondern auch gegen\u00fcber B\u00fcrger*innen zu zeigen, wenn deren Rechte und W\u00fcrde mit F\u00fc\u00dfen getreten werden. Wir wissen auch: Hass f\u00e4llt nie vom Himmel, sondern hat Ursachen. Diese lassen sich nicht wegsperren, man muss sie erkennen und vern\u00fcnftig bearbeiten.<\/p>\n\n\n\n<p>Ein Schl\u00fcssel f\u00fcr die Antwort scheint der angestaute Frust wegen des Corona-Lockdowns, ein erh\u00f6hter Testosteron- und Alkoholpegel und der sich angesammelte Hass auf die Polizei zu sein, wie verschiedene Jugendliche berichten: Die Stimmung im Schlosspark habe sich in den vergangenen Wochen hochgeschaukelt. Keine Maske, kein Abstand und Alkohol. Einmal sei er an einem Tag dreimal von der Polizei kontrolliert worden, erz\u00e4hlt Erion. Luciano erg\u00e4nzt: \u201eDie schauen genau auf Typen wie uns. Leute, die gern mal einen Joint spliffen. Sie wissen schon, Kanaken halt.\u201c War nicht schon l\u00e4ngst mit solch einem Ausbruch von Aggression nach einem \u00fcber dreimonatigen Lockdown, der besonders jungen Menschen viel abverlangte, zu rechnen? Haben es nicht schon andere auf ihre Art und Weise vorgemacht? Fand nicht erst k\u00fcrzlich auf dem Cannstatter Wasen die gr\u00f6\u00dfte Massendemonstrationen gegen die sogenannte \u201eCorona-Diktatur\u201c statt? Die Grundrechte w\u00fcrden unzul\u00e4ssig verletzt, erkl\u00e4rte der Veranstalter von \u201eQuerdenken\u201c Michael Ballweg. Viele sch\u00e4tzten das Coronavirus als nicht so gef\u00e4hrlich ein. Rief man nicht zum Widerstand gegen Merkels Corona-Politik auf? Sind die Randalierer von Stuttgart nicht eher die wild gewordenen Kinder von Cannstatt \u2013 der Hetzer aus dem rechten- und verschw\u00f6rungsideologischen Milieu sowie Opfer des Lockdown? Die AfD sieht hier naturgem\u00e4\u00df keinen Zusammenhang.<\/p>\n\n\n\n<p><strong>F\u00fchrt Stuttgart und der uns\u00e4gliche Artikel in der taz zur Reanimation der AfD?<\/strong><\/p>\n\n\n\n<p>Wie erwartet, nutzt die AfD die Ausschreitungen in Stuttgart, um sich als Saubermann des Rechtsstaates in Szene zu setzen. Gauland, Brandner, von Storch und Weidel wittern Beute. \u201eDas Gewaltmonopol des Staates ist nicht verhandelbar. Es ist entscheidend f\u00fcr das Funktionieren unseres Rechtsstaates\u201c, erkl\u00e4rte Gauland. Die S\u00fcndenbock-Partei scheint ihre Rolle wiedergefunden zu haben. Noch vor den Ergebnissen der polizeilichen Untersuchungen werden Ursachen und Schuldige benannt: Merkel, Gr\u00fcne, Linke und die Antifa. Wer sonst! Das alt bekannte Programm. Die \u201eKuschelpolitik der Altparteien\u201c seien, twittert Stephan Brandner \u201ef\u00fcr den Stra\u00dfenterror in <a href=\"https:\/\/twitter.com\/hashtag\/Stuttgart?src=hashtag_click\">#Stuttgart<\/a> verantwortlich.\u201c \u201eDas ist das Ergebnis einer ungeregelten, illegalen #Einwanderungspolitik aus gewaltaffinen Gesellschaften, die auf unseren Rechtsstaat pfeifen\u201c, twitterte Weidel am 23. Juni. Noch am gleichen Tag twitterte sie: <a href=\"https:\/\/twitter.com\/hashtag\/Linksextremismus?src=hashtag_click\">#Linksextremismus<\/a> darf nicht l\u00e4nger verharmlost werden! <a href=\"https:\/\/twitter.com\/hashtag\/Stuttgart?src=hashtag_click\">#Stuttgart<\/a> <a href=\"https:\/\/twitter.com\/hashtag\/AfD?src=hashtag_click\">#AfD<\/a> <a href=\"https:\/\/twitter.com\/hashtag\/Migrantifa?src=hashtag_click\">#Migrantifa<\/a> <a href=\"https:\/\/twitter.com\/hashtag\/Antifa?src=hashtag_click\">#Antifa<\/a>. Linksextremisten mit Migrationshintergrund? Der Rundumschlag wird noch besser: F\u00fcr Alice Weidel seien diese \u201eSchl\u00e4ger und Pl\u00fcnderer\u201c keine \u201aPartyleute\u2018\u201c, wie sie in der <em>Jungen Freiheit<\/em> am 22. 06. versichert. Gr\u00fcne, Linke und SPD h\u00e4tten die Polizei \u201edurch haltlose Unterstellungen und Generalverd\u00e4chtigungen de facto zum Freiwild gemacht wird.\u201c Die Wurzeln l\u00e4gen aber tiefer. Der \u201eRassismus\u201c-Generalverdacht gegen die \u201eMitte der Gesellschaft\u201c im allgemeinen und die Polizei im besonderen (Original) sei der rote Faden des Kampfes \u201egegen rechts\u201c, der in Wahrheit ein Kampf um die politische Hegemonie\u201c sei, wobei die \u201ekulturmarxistische Linke dieses perfide Spiel auf die Spitze getrieben\u201c habe.<\/p>\n\n\n\n<p>Es entbehrt nicht einer gewissen Ironie, wenn Profiteure der Verrohung \u201eStrafanzeige wegen Volksverhetzung\u201c stellen, aktuell gegen die taz-Autorin Hengameh Yaghoobifarah. War es nicht von Storch, die 2016 die deutsche Polizei an der Grenze auch auf Frauen und Kinder schie\u00dfen lassen wollte? Wollte nicht Gauland&nbsp; 2017 die fr\u00fchere Integrationsbeauftragte Aydan \u00d6zoguz \u201ein Anatolien entsorgen\u201c? Ist es nicht die v\u00f6lkische AfD, die missliebige Minderheiten auszugrenzen sucht? Verf\u00fcgen nicht Teile der AfD verfassungsschutzgem\u00e4\u00df verbrieft \u00fcber ein \u201eFascho-Mindset\u201c<\/p>\n\n\n\n<p>In der Psychologie nennt man das Projektion. Es ist zeugt von ideologischer Verblendung davon auszugehen, dass die Jugendlichen aus Stuttgart Linksextremisten seien und den Text aus der taz als Blaupause f\u00fcr die Randale genommen h\u00e4tten. Horst Seehofer sieht von einer Anzeige, wohl nach R\u00fccksprache mit Merkel, ab. Er l\u00e4dt die taz ins Innenministerium ein, weil sie \u201ezur Verrohung der Gesellschaft beigetragen\u201c habe. Hauptsache, Seehofer verliert nicht den klaren Kurs der b\u00fcrgerlichen Mitte! Aber warum wurden nicht schon l\u00e4ngst Compact, Sezession, der Kopp-Verlag, Pi-News (Politically Incorrect), usw. eingeladen? W\u00e4hrend weltweit gegen rassistische \u00dcbergriffe und Polizeigewalt demonstriert und \u00fcber neonazistische Strukturen in der Polizei und Bundeswehr diskutiert wurde, ist nach Stuttgart damit zu rechnen, dass jetzt Forderungen nach mehr Polizei, mehr \u00dcberwachung, h\u00e4rteren Strafen und nach dem Verbot der sogenannten Antifa, die es als Organisation gar nicht gibt \u2013 von Ende Gel\u00e4nde, FFF, EX, Greenpeace, Umwelthilfe, \u00fcber die Gr\u00fcne Jugend, bis zu antifaschistischen Initiativen, gar die Linke, die Gr\u00fcnen und die SPD, laut werden. Ob der AfD diese staats- und demokratiezersetzende Politik bei der Bundestagswahl nutzt wird sich zeigen.<\/p>\n\n\n\n<p>.<\/p>\n\n\n\n<p><strong>Bruno Heidlberger<\/strong><\/p>\n\n\n\n<p>*1951,1987 Promotion zum Dr. phil., Studienrat f\u00fcr Politik, Philosophie. Geschichte, Lehrauftr\u00e4ge an der TU Berlin und derzeit an der MHB Brandenburg. Autor. Aktuell: \u201eWohin geht unsere offene Gesellschaft? 1968\u2018 \u2013 Sein Erbe und seine Feinde\u201c, Logos Verlag Berlin 2019, Verfasser von Essays und Rezensionen in philosophischen und politischen Fachzeitschriften. Einen ausf\u00fchrlichen Text mit dem Titel: \u201eFluchten ins Autorit\u00e4re im Lichte aktueller Entwicklungen. Die Verletzlichkeiten der modernen hochtechnologischen Welt und ihre M\u00e4ngel \u2013 Die Natur schl\u00e4gt zur\u00fcck, Teil 1\u201c erscheint demn\u00e4chst in <em>Aufkl\u00e4rung und Kritik<\/em> 4\/2020 (Hg. Gesellschaft f\u00fcr kritische Philosophie N\u00fcrnberg).<\/p>\n<div class=\"shariff shariff-align-left shariff-widget-align-left shariff-buttonstretch\" style=\"display:none\"><ul class=\"shariff-buttons theme-white orientation-horizontal buttonsize-medium\"><li class=\"shariff-button facebook shariff-nocustomcolor\" style=\"background-color:#4273c8\"><a href=\"https:\/\/www.facebook.com\/sharer\/sharer.php?u=https%3A%2F%2Fstarke-meinungen.de%2Fblog%2F2020%2F06%2F27%2Fcovid-19-die-orientierungslose-afd-und-der-starke-rechtsstaat-eine-zwischenbilanz%2F\" title=\"Bei Facebook teilen\" aria-label=\"Bei Facebook teilen\" role=\"button\" rel=\"nofollow\" class=\"shariff-link\" style=\"; background-color:#3b5998; color:#3b5998\" target=\"_blank\"><span class=\"shariff-icon\" style=\"fill:#3b5998\"><svg width=\"32px\" height=\"20px\" xmlns=\"http:\/\/www.w3.org\/2000\/svg\" viewBox=\"0 0 18 32\"><path fill=\"#3b5998\" d=\"M17.1 0.2v4.7h-2.8q-1.5 0-2.1 0.6t-0.5 1.9v3.4h5.2l-0.7 5.3h-4.5v13.6h-5.5v-13.6h-4.5v-5.3h4.5v-3.9q0-3.3 1.9-5.2t5-1.8q2.6 0 4.1 0.2z\"\/><\/svg><\/span><span class=\"shariff-text\" style=\"color:#3b5998\">teilen<\/span>&nbsp;<\/a><\/li><li class=\"shariff-button twitter shariff-nocustomcolor\" style=\"background-color:#595959\"><a href=\"https:\/\/twitter.com\/share?url=https%3A%2F%2Fstarke-meinungen.de%2Fblog%2F2020%2F06%2F27%2Fcovid-19-die-orientierungslose-afd-und-der-starke-rechtsstaat-eine-zwischenbilanz%2F&text=Covid-19%3A%20die%20orientierungslose%20AfD%20und%20der%20starke%20Rechtsstaat%20%E2%80%93%20eine%20Zwischenbilanz&via=starkemeinungen\" title=\"Bei X teilen\" aria-label=\"Bei X teilen\" role=\"button\" rel=\"noopener nofollow\" class=\"shariff-link\" style=\"; background-color:#000; color:#000\" target=\"_blank\"><span class=\"shariff-icon\" style=\"fill:#000\"><svg width=\"32px\" height=\"20px\" xmlns=\"http:\/\/www.w3.org\/2000\/svg\" viewBox=\"0 0 24 24\"><path fill=\"#000\" d=\"M14.258 10.152L23.176 0h-2.113l-7.747 8.813L7.133 0H0l9.352 13.328L0 23.973h2.113l8.176-9.309 6.531 9.309h7.133zm-2.895 3.293l-.949-1.328L2.875 1.56h3.246l6.086 8.523.945 1.328 7.91 11.078h-3.246zm0 0\"\/><\/svg><\/span><span class=\"shariff-text\" style=\"color:#000\">teilen<\/span>&nbsp;<\/a><\/li><li class=\"shariff-button linkedin shariff-nocustomcolor\" style=\"background-color:#1488bf\"><a href=\"https:\/\/www.linkedin.com\/sharing\/share-offsite\/?url=https%3A%2F%2Fstarke-meinungen.de%2Fblog%2F2020%2F06%2F27%2Fcovid-19-die-orientierungslose-afd-und-der-starke-rechtsstaat-eine-zwischenbilanz%2F\" title=\"Bei LinkedIn teilen\" aria-label=\"Bei LinkedIn teilen\" role=\"button\" rel=\"noopener nofollow\" class=\"shariff-link\" style=\"; background-color:#0077b5; color:#0077b5\" target=\"_blank\"><span class=\"shariff-icon\" style=\"fill:#0077b5\"><svg width=\"32px\" height=\"20px\" xmlns=\"http:\/\/www.w3.org\/2000\/svg\" viewBox=\"0 0 27 32\"><path fill=\"#0077b5\" d=\"M6.2 11.2v17.7h-5.9v-17.7h5.9zM6.6 5.7q0 1.3-0.9 2.2t-2.4 0.9h0q-1.5 0-2.4-0.9t-0.9-2.2 0.9-2.2 2.4-0.9 2.4 0.9 0.9 2.2zM27.4 18.7v10.1h-5.9v-9.5q0-1.9-0.7-2.9t-2.3-1.1q-1.1 0-1.9 0.6t-1.2 1.5q-0.2 0.5-0.2 1.4v9.9h-5.9q0-7.1 0-11.6t0-5.3l0-0.9h5.9v2.6h0q0.4-0.6 0.7-1t1-0.9 1.6-0.8 2-0.3q3 0 4.9 2t1.9 6z\"\/><\/svg><\/span><span class=\"shariff-text\" style=\"color:#0077b5\">teilen<\/span>&nbsp;<\/a><\/li><li class=\"shariff-button xing shariff-nocustomcolor\" style=\"background-color:#29888a\"><a href=\"https:\/\/www.xing.com\/spi\/shares\/new?url=https%3A%2F%2Fstarke-meinungen.de%2Fblog%2F2020%2F06%2F27%2Fcovid-19-die-orientierungslose-afd-und-der-starke-rechtsstaat-eine-zwischenbilanz%2F\" title=\"Bei XING teilen\" aria-label=\"Bei XING teilen\" role=\"button\" rel=\"noopener nofollow\" class=\"shariff-link\" style=\"; background-color:#126567; color:#126567\" target=\"_blank\"><span class=\"shariff-icon\" style=\"fill:#126567\"><svg width=\"32px\" height=\"20px\" xmlns=\"http:\/\/www.w3.org\/2000\/svg\" viewBox=\"0 0 25 32\"><path fill=\"#126567\" d=\"M10.7 11.9q-0.2 0.3-4.6 8.2-0.5 0.8-1.2 0.8h-4.3q-0.4 0-0.5-0.3t0-0.6l4.5-8q0 0 0 0l-2.9-5q-0.2-0.4 0-0.7 0.2-0.3 0.5-0.3h4.3q0.7 0 1.2 0.8zM25.1 0.4q0.2 0.3 0 0.7l-9.4 16.7 6 11q0.2 0.4 0 0.6-0.2 0.3-0.6 0.3h-4.3q-0.7 0-1.2-0.8l-6-11.1q0.3-0.6 9.5-16.8 0.4-0.8 1.2-0.8h4.3q0.4 0 0.5 0.3z\"\/><\/svg><\/span><span class=\"shariff-text\" style=\"color:#126567\">teilen<\/span>&nbsp;<\/a><\/li><li class=\"shariff-button whatsapp shariff-nocustomcolor\" style=\"background-color:#5cbe4a\"><a href=\"https:\/\/api.whatsapp.com\/send?text=https%3A%2F%2Fstarke-meinungen.de%2Fblog%2F2020%2F06%2F27%2Fcovid-19-die-orientierungslose-afd-und-der-starke-rechtsstaat-eine-zwischenbilanz%2F%20Covid-19%3A%20die%20orientierungslose%20AfD%20und%20der%20starke%20Rechtsstaat%20%E2%80%93%20eine%20Zwischenbilanz\" title=\"Bei Whatsapp teilen\" aria-label=\"Bei Whatsapp teilen\" role=\"button\" rel=\"noopener nofollow\" class=\"shariff-link\" style=\"; background-color:#34af23; color:#34af23\" target=\"_blank\"><span class=\"shariff-icon\" style=\"fill:#34af23\"><svg width=\"32px\" height=\"20px\" xmlns=\"http:\/\/www.w3.org\/2000\/svg\" viewBox=\"0 0 32 32\"><path fill=\"#34af23\" d=\"M17.6 17.4q0.2 0 1.7 0.8t1.6 0.9q0 0.1 0 0.3 0 0.6-0.3 1.4-0.3 0.7-1.3 1.2t-1.8 0.5q-1 0-3.4-1.1-1.7-0.8-3-2.1t-2.6-3.3q-1.3-1.9-1.3-3.5v-0.1q0.1-1.6 1.3-2.8 0.4-0.4 0.9-0.4 0.1 0 0.3 0t0.3 0q0.3 0 0.5 0.1t0.3 0.5q0.1 0.4 0.6 1.6t0.4 1.3q0 0.4-0.6 1t-0.6 0.8q0 0.1 0.1 0.3 0.6 1.3 1.8 2.4 1 0.9 2.7 1.8 0.2 0.1 0.4 0.1 0.3 0 1-0.9t0.9-0.9zM14 26.9q2.3 0 4.3-0.9t3.6-2.4 2.4-3.6 0.9-4.3-0.9-4.3-2.4-3.6-3.6-2.4-4.3-0.9-4.3 0.9-3.6 2.4-2.4 3.6-0.9 4.3q0 3.6 2.1 6.6l-1.4 4.2 4.3-1.4q2.8 1.9 6.2 1.9zM14 2.2q2.7 0 5.2 1.1t4.3 2.9 2.9 4.3 1.1 5.2-1.1 5.2-2.9 4.3-4.3 2.9-5.2 1.1q-3.5 0-6.5-1.7l-7.4 2.4 2.4-7.2q-1.9-3.2-1.9-6.9 0-2.7 1.1-5.2t2.9-4.3 4.3-2.9 5.2-1.1z\"\/><\/svg><\/span><span class=\"shariff-text\" style=\"color:#34af23\">teilen<\/span>&nbsp;<\/a><\/li><li class=\"shariff-button info shariff-nocustomcolor\" style=\"background-color:#a8a8a8\"><a href=\"http:\/\/ct.de\/-2467514\" title=\"Weitere Informationen\" aria-label=\"Weitere Informationen\" role=\"button\" rel=\"noopener \" class=\"shariff-link\" style=\"; background-color:#999; color:#999\" target=\"_blank\"><span class=\"shariff-icon\" style=\"fill:#999\"><svg width=\"32px\" height=\"20px\" xmlns=\"http:\/\/www.w3.org\/2000\/svg\" viewBox=\"0 0 11 32\"><path fill=\"#999\" d=\"M11.4 24v2.3q0 0.5-0.3 0.8t-0.8 0.4h-9.1q-0.5 0-0.8-0.4t-0.4-0.8v-2.3q0-0.5 0.4-0.8t0.8-0.4h1.1v-6.8h-1.1q-0.5 0-0.8-0.4t-0.4-0.8v-2.3q0-0.5 0.4-0.8t0.8-0.4h6.8q0.5 0 0.8 0.4t0.4 0.8v10.3h1.1q0.5 0 0.8 0.4t0.3 0.8zM9.2 3.4v3.4q0 0.5-0.4 0.8t-0.8 0.4h-4.6q-0.4 0-0.8-0.4t-0.4-0.8v-3.4q0-0.4 0.4-0.8t0.8-0.4h4.6q0.5 0 0.8 0.4t0.4 0.8z\"\/><\/svg><\/span><\/a><\/li><\/ul><\/div>","protected":false},"excerpt":{"rendered":"<p>Ein Gastbeitrag von Bruno Heidlberger Lange h\u00f6rte man nichts von der AfD. Umso lauter waren die Corona-Rebellen und Verschw\u00f6rungstheoretiker. Hauptsache \u201egegen die da oben\u201c im Namen des Grundgesetzes. Bald sprang die AfD auf diesen Zug, aber ohne nennenswerten Erfolg. W\u00e4hrend sie immer weiter nach rechts r\u00fcckte und sich von innen her zerlegt, hofft sie auf ein \u201eGeschenk\u201c wie 2015. Die&#8230; <a href=\"https:\/\/starke-meinungen.de\/blog\/2020\/06\/27\/covid-19-die-orientierungslose-afd-und-der-starke-rechtsstaat-eine-zwischenbilanz\/\">Weiterlesen &raquo;<\/a><\/p>\n","protected":false},"author":15,"featured_media":0,"comment_status":"open","ping_status":"open","sticky":false,"template":"","format":"standard","meta":{"footnotes":""},"categories":[1],"tags":[],"class_list":["post-8591","post","type-post","status-publish","format-standard","hentry","category-allgemein"],"yoast_head":"<!-- This site is optimized with the Yoast SEO plugin v27.5 - https:\/\/yoast.com\/product\/yoast-seo-wordpress\/ -->\n<title>Covid-19: die orientierungslose AfD und der starke Rechtsstaat \u2013 eine Zwischenbilanz - starke-meinungen.de<\/title>\n<meta name=\"robots\" content=\"index, follow, max-snippet:-1, max-image-preview:large, max-video-preview:-1\" \/>\n<link rel=\"canonical\" href=\"https:\/\/starke-meinungen.de\/blog\/2020\/06\/27\/covid-19-die-orientierungslose-afd-und-der-starke-rechtsstaat-eine-zwischenbilanz\/\" \/>\n<meta property=\"og:locale\" content=\"de_DE\" \/>\n<meta property=\"og:type\" content=\"article\" \/>\n<meta property=\"og:title\" content=\"Covid-19: die orientierungslose AfD und der starke Rechtsstaat \u2013 eine Zwischenbilanz - starke-meinungen.de\" \/>\n<meta property=\"og:description\" content=\"Ein Gastbeitrag von Bruno Heidlberger Lange h\u00f6rte man nichts von der AfD. Umso lauter waren die Corona-Rebellen und Verschw\u00f6rungstheoretiker. Hauptsache \u201egegen die da oben\u201c im Namen des Grundgesetzes. Bald sprang die AfD auf diesen Zug, aber ohne nennenswerten Erfolg. W\u00e4hrend sie immer weiter nach rechts r\u00fcckte und sich von innen her zerlegt, hofft sie auf ein \u201eGeschenk\u201c wie 2015. Die... Weiterlesen &raquo;\" \/>\n<meta property=\"og:url\" content=\"https:\/\/starke-meinungen.de\/blog\/2020\/06\/27\/covid-19-die-orientierungslose-afd-und-der-starke-rechtsstaat-eine-zwischenbilanz\/\" \/>\n<meta property=\"og:site_name\" content=\"starke-meinungen.de\" \/>\n<meta property=\"article:publisher\" content=\"https:\/\/www.facebook.com\/starkemeinungen\/\" \/>\n<meta property=\"article:published_time\" content=\"2020-06-27T12:49:57+00:00\" \/>\n<meta property=\"article:modified_time\" content=\"2020-06-27T12:50:05+00:00\" \/>\n<meta property=\"og:image\" content=\"https:\/\/starke-meinungen.de\/blog\/wp-content\/uploads\/starke-meinungen-fb-header.jpg\" \/>\n\t<meta property=\"og:image:width\" content=\"1200\" \/>\n\t<meta property=\"og:image:height\" content=\"630\" \/>\n\t<meta property=\"og:image:type\" content=\"image\/jpeg\" \/>\n<meta name=\"author\" content=\"Gastautor\" \/>\n<meta name=\"twitter:card\" content=\"summary_large_image\" \/>\n<meta name=\"twitter:creator\" content=\"@starkemeinungen\" \/>\n<meta name=\"twitter:site\" content=\"@starkemeinungen\" \/>\n<meta name=\"twitter:label1\" content=\"Verfasst von\" \/>\n\t<meta name=\"twitter:data1\" content=\"Gastautor\" \/>\n\t<meta name=\"twitter:label2\" content=\"Gesch\u00e4tzte Lesezeit\" \/>\n\t<meta name=\"twitter:data2\" content=\"11\u00a0Minuten\" \/>\n<script type=\"application\/ld+json\" class=\"yoast-schema-graph\">{\"@context\":\"https:\\\/\\\/schema.org\",\"@graph\":[{\"@type\":\"Article\",\"@id\":\"https:\\\/\\\/starke-meinungen.de\\\/blog\\\/2020\\\/06\\\/27\\\/covid-19-die-orientierungslose-afd-und-der-starke-rechtsstaat-eine-zwischenbilanz\\\/#article\",\"isPartOf\":{\"@id\":\"https:\\\/\\\/starke-meinungen.de\\\/blog\\\/2020\\\/06\\\/27\\\/covid-19-die-orientierungslose-afd-und-der-starke-rechtsstaat-eine-zwischenbilanz\\\/\"},\"author\":{\"name\":\"Gastautor\",\"@id\":\"https:\\\/\\\/starke-meinungen.de\\\/blog\\\/#\\\/schema\\\/person\\\/a03e0a730dd4d63894dcc16cdbaa6b64\"},\"headline\":\"Covid-19: die orientierungslose AfD und der starke Rechtsstaat \u2013 eine Zwischenbilanz\",\"datePublished\":\"2020-06-27T12:49:57+00:00\",\"dateModified\":\"2020-06-27T12:50:05+00:00\",\"mainEntityOfPage\":{\"@id\":\"https:\\\/\\\/starke-meinungen.de\\\/blog\\\/2020\\\/06\\\/27\\\/covid-19-die-orientierungslose-afd-und-der-starke-rechtsstaat-eine-zwischenbilanz\\\/\"},\"wordCount\":2209,\"commentCount\":5,\"publisher\":{\"@id\":\"https:\\\/\\\/starke-meinungen.de\\\/blog\\\/#organization\"},\"inLanguage\":\"de\",\"potentialAction\":[{\"@type\":\"CommentAction\",\"name\":\"Comment\",\"target\":[\"https:\\\/\\\/starke-meinungen.de\\\/blog\\\/2020\\\/06\\\/27\\\/covid-19-die-orientierungslose-afd-und-der-starke-rechtsstaat-eine-zwischenbilanz\\\/#respond\"]}]},{\"@type\":\"WebPage\",\"@id\":\"https:\\\/\\\/starke-meinungen.de\\\/blog\\\/2020\\\/06\\\/27\\\/covid-19-die-orientierungslose-afd-und-der-starke-rechtsstaat-eine-zwischenbilanz\\\/\",\"url\":\"https:\\\/\\\/starke-meinungen.de\\\/blog\\\/2020\\\/06\\\/27\\\/covid-19-die-orientierungslose-afd-und-der-starke-rechtsstaat-eine-zwischenbilanz\\\/\",\"name\":\"Covid-19: die orientierungslose AfD und der starke Rechtsstaat \u2013 eine Zwischenbilanz - starke-meinungen.de\",\"isPartOf\":{\"@id\":\"https:\\\/\\\/starke-meinungen.de\\\/blog\\\/#website\"},\"datePublished\":\"2020-06-27T12:49:57+00:00\",\"dateModified\":\"2020-06-27T12:50:05+00:00\",\"breadcrumb\":{\"@id\":\"https:\\\/\\\/starke-meinungen.de\\\/blog\\\/2020\\\/06\\\/27\\\/covid-19-die-orientierungslose-afd-und-der-starke-rechtsstaat-eine-zwischenbilanz\\\/#breadcrumb\"},\"inLanguage\":\"de\",\"potentialAction\":[{\"@type\":\"ReadAction\",\"target\":[\"https:\\\/\\\/starke-meinungen.de\\\/blog\\\/2020\\\/06\\\/27\\\/covid-19-die-orientierungslose-afd-und-der-starke-rechtsstaat-eine-zwischenbilanz\\\/\"]}]},{\"@type\":\"BreadcrumbList\",\"@id\":\"https:\\\/\\\/starke-meinungen.de\\\/blog\\\/2020\\\/06\\\/27\\\/covid-19-die-orientierungslose-afd-und-der-starke-rechtsstaat-eine-zwischenbilanz\\\/#breadcrumb\",\"itemListElement\":[{\"@type\":\"ListItem\",\"position\":1,\"name\":\"Startseite\",\"item\":\"https:\\\/\\\/starke-meinungen.de\\\/blog\\\/\"},{\"@type\":\"ListItem\",\"position\":2,\"name\":\"Covid-19: die orientierungslose AfD und der starke Rechtsstaat \u2013 eine Zwischenbilanz\"}]},{\"@type\":\"WebSite\",\"@id\":\"https:\\\/\\\/starke-meinungen.de\\\/blog\\\/#website\",\"url\":\"https:\\\/\\\/starke-meinungen.de\\\/blog\\\/\",\"name\":\"starke-meinungen.de\",\"description\":\"Autoren-Blog\",\"publisher\":{\"@id\":\"https:\\\/\\\/starke-meinungen.de\\\/blog\\\/#organization\"},\"potentialAction\":[{\"@type\":\"SearchAction\",\"target\":{\"@type\":\"EntryPoint\",\"urlTemplate\":\"https:\\\/\\\/starke-meinungen.de\\\/blog\\\/?s={search_term_string}\"},\"query-input\":{\"@type\":\"PropertyValueSpecification\",\"valueRequired\":true,\"valueName\":\"search_term_string\"}}],\"inLanguage\":\"de\"},{\"@type\":\"Organization\",\"@id\":\"https:\\\/\\\/starke-meinungen.de\\\/blog\\\/#organization\",\"name\":\"starke-meinungen.de\",\"url\":\"https:\\\/\\\/starke-meinungen.de\\\/blog\\\/\",\"logo\":{\"@type\":\"ImageObject\",\"inLanguage\":\"de\",\"@id\":\"https:\\\/\\\/starke-meinungen.de\\\/blog\\\/#\\\/schema\\\/logo\\\/image\\\/\",\"url\":\"https:\\\/\\\/starke-meinungen.de\\\/blog\\\/wp-content\\\/uploads\\\/starke-meinungen-fb-header.jpg\",\"contentUrl\":\"https:\\\/\\\/starke-meinungen.de\\\/blog\\\/wp-content\\\/uploads\\\/starke-meinungen-fb-header.jpg\",\"width\":1200,\"height\":630,\"caption\":\"starke-meinungen.de\"},\"image\":{\"@id\":\"https:\\\/\\\/starke-meinungen.de\\\/blog\\\/#\\\/schema\\\/logo\\\/image\\\/\"},\"sameAs\":[\"https:\\\/\\\/www.facebook.com\\\/starkemeinungen\\\/\",\"https:\\\/\\\/x.com\\\/starkemeinungen\"]},{\"@type\":\"Person\",\"@id\":\"https:\\\/\\\/starke-meinungen.de\\\/blog\\\/#\\\/schema\\\/person\\\/a03e0a730dd4d63894dcc16cdbaa6b64\",\"name\":\"Gastautor\",\"image\":{\"@type\":\"ImageObject\",\"inLanguage\":\"de\",\"@id\":\"https:\\\/\\\/secure.gravatar.com\\\/avatar\\\/8759fb61d9b27c08334d4e02d0a8ea6eb0fc0c3602cd7c3e58c0c89a6adba588?s=96&d=mm&r=g\",\"url\":\"https:\\\/\\\/secure.gravatar.com\\\/avatar\\\/8759fb61d9b27c08334d4e02d0a8ea6eb0fc0c3602cd7c3e58c0c89a6adba588?s=96&d=mm&r=g\",\"contentUrl\":\"https:\\\/\\\/secure.gravatar.com\\\/avatar\\\/8759fb61d9b27c08334d4e02d0a8ea6eb0fc0c3602cd7c3e58c0c89a6adba588?s=96&d=mm&r=g\",\"caption\":\"Gastautor\"},\"url\":\"https:\\\/\\\/starke-meinungen.de\\\/blog\\\/author\\\/gastautor\\\/\"}]}<\/script>\n<!-- \/ Yoast SEO plugin. -->","yoast_head_json":{"title":"Covid-19: die orientierungslose AfD und der starke Rechtsstaat \u2013 eine Zwischenbilanz - starke-meinungen.de","robots":{"index":"index","follow":"follow","max-snippet":"max-snippet:-1","max-image-preview":"max-image-preview:large","max-video-preview":"max-video-preview:-1"},"canonical":"https:\/\/starke-meinungen.de\/blog\/2020\/06\/27\/covid-19-die-orientierungslose-afd-und-der-starke-rechtsstaat-eine-zwischenbilanz\/","og_locale":"de_DE","og_type":"article","og_title":"Covid-19: die orientierungslose AfD und der starke Rechtsstaat \u2013 eine Zwischenbilanz - starke-meinungen.de","og_description":"Ein Gastbeitrag von Bruno Heidlberger Lange h\u00f6rte man nichts von der AfD. Umso lauter waren die Corona-Rebellen und Verschw\u00f6rungstheoretiker. Hauptsache \u201egegen die da oben\u201c im Namen des Grundgesetzes. Bald sprang die AfD auf diesen Zug, aber ohne nennenswerten Erfolg. W\u00e4hrend sie immer weiter nach rechts r\u00fcckte und sich von innen her zerlegt, hofft sie auf ein \u201eGeschenk\u201c wie 2015. Die... Weiterlesen &raquo;","og_url":"https:\/\/starke-meinungen.de\/blog\/2020\/06\/27\/covid-19-die-orientierungslose-afd-und-der-starke-rechtsstaat-eine-zwischenbilanz\/","og_site_name":"starke-meinungen.de","article_publisher":"https:\/\/www.facebook.com\/starkemeinungen\/","article_published_time":"2020-06-27T12:49:57+00:00","article_modified_time":"2020-06-27T12:50:05+00:00","og_image":[{"width":1200,"height":630,"url":"https:\/\/starke-meinungen.de\/blog\/wp-content\/uploads\/starke-meinungen-fb-header.jpg","type":"image\/jpeg"}],"author":"Gastautor","twitter_card":"summary_large_image","twitter_creator":"@starkemeinungen","twitter_site":"@starkemeinungen","twitter_misc":{"Verfasst von":"Gastautor","Gesch\u00e4tzte Lesezeit":"11\u00a0Minuten"},"schema":{"@context":"https:\/\/schema.org","@graph":[{"@type":"Article","@id":"https:\/\/starke-meinungen.de\/blog\/2020\/06\/27\/covid-19-die-orientierungslose-afd-und-der-starke-rechtsstaat-eine-zwischenbilanz\/#article","isPartOf":{"@id":"https:\/\/starke-meinungen.de\/blog\/2020\/06\/27\/covid-19-die-orientierungslose-afd-und-der-starke-rechtsstaat-eine-zwischenbilanz\/"},"author":{"name":"Gastautor","@id":"https:\/\/starke-meinungen.de\/blog\/#\/schema\/person\/a03e0a730dd4d63894dcc16cdbaa6b64"},"headline":"Covid-19: die orientierungslose AfD und der starke Rechtsstaat \u2013 eine Zwischenbilanz","datePublished":"2020-06-27T12:49:57+00:00","dateModified":"2020-06-27T12:50:05+00:00","mainEntityOfPage":{"@id":"https:\/\/starke-meinungen.de\/blog\/2020\/06\/27\/covid-19-die-orientierungslose-afd-und-der-starke-rechtsstaat-eine-zwischenbilanz\/"},"wordCount":2209,"commentCount":5,"publisher":{"@id":"https:\/\/starke-meinungen.de\/blog\/#organization"},"inLanguage":"de","potentialAction":[{"@type":"CommentAction","name":"Comment","target":["https:\/\/starke-meinungen.de\/blog\/2020\/06\/27\/covid-19-die-orientierungslose-afd-und-der-starke-rechtsstaat-eine-zwischenbilanz\/#respond"]}]},{"@type":"WebPage","@id":"https:\/\/starke-meinungen.de\/blog\/2020\/06\/27\/covid-19-die-orientierungslose-afd-und-der-starke-rechtsstaat-eine-zwischenbilanz\/","url":"https:\/\/starke-meinungen.de\/blog\/2020\/06\/27\/covid-19-die-orientierungslose-afd-und-der-starke-rechtsstaat-eine-zwischenbilanz\/","name":"Covid-19: die orientierungslose AfD und der starke Rechtsstaat \u2013 eine Zwischenbilanz - starke-meinungen.de","isPartOf":{"@id":"https:\/\/starke-meinungen.de\/blog\/#website"},"datePublished":"2020-06-27T12:49:57+00:00","dateModified":"2020-06-27T12:50:05+00:00","breadcrumb":{"@id":"https:\/\/starke-meinungen.de\/blog\/2020\/06\/27\/covid-19-die-orientierungslose-afd-und-der-starke-rechtsstaat-eine-zwischenbilanz\/#breadcrumb"},"inLanguage":"de","potentialAction":[{"@type":"ReadAction","target":["https:\/\/starke-meinungen.de\/blog\/2020\/06\/27\/covid-19-die-orientierungslose-afd-und-der-starke-rechtsstaat-eine-zwischenbilanz\/"]}]},{"@type":"BreadcrumbList","@id":"https:\/\/starke-meinungen.de\/blog\/2020\/06\/27\/covid-19-die-orientierungslose-afd-und-der-starke-rechtsstaat-eine-zwischenbilanz\/#breadcrumb","itemListElement":[{"@type":"ListItem","position":1,"name":"Startseite","item":"https:\/\/starke-meinungen.de\/blog\/"},{"@type":"ListItem","position":2,"name":"Covid-19: die orientierungslose AfD und der starke Rechtsstaat \u2013 eine Zwischenbilanz"}]},{"@type":"WebSite","@id":"https:\/\/starke-meinungen.de\/blog\/#website","url":"https:\/\/starke-meinungen.de\/blog\/","name":"starke-meinungen.de","description":"Autoren-Blog","publisher":{"@id":"https:\/\/starke-meinungen.de\/blog\/#organization"},"potentialAction":[{"@type":"SearchAction","target":{"@type":"EntryPoint","urlTemplate":"https:\/\/starke-meinungen.de\/blog\/?s={search_term_string}"},"query-input":{"@type":"PropertyValueSpecification","valueRequired":true,"valueName":"search_term_string"}}],"inLanguage":"de"},{"@type":"Organization","@id":"https:\/\/starke-meinungen.de\/blog\/#organization","name":"starke-meinungen.de","url":"https:\/\/starke-meinungen.de\/blog\/","logo":{"@type":"ImageObject","inLanguage":"de","@id":"https:\/\/starke-meinungen.de\/blog\/#\/schema\/logo\/image\/","url":"https:\/\/starke-meinungen.de\/blog\/wp-content\/uploads\/starke-meinungen-fb-header.jpg","contentUrl":"https:\/\/starke-meinungen.de\/blog\/wp-content\/uploads\/starke-meinungen-fb-header.jpg","width":1200,"height":630,"caption":"starke-meinungen.de"},"image":{"@id":"https:\/\/starke-meinungen.de\/blog\/#\/schema\/logo\/image\/"},"sameAs":["https:\/\/www.facebook.com\/starkemeinungen\/","https:\/\/x.com\/starkemeinungen"]},{"@type":"Person","@id":"https:\/\/starke-meinungen.de\/blog\/#\/schema\/person\/a03e0a730dd4d63894dcc16cdbaa6b64","name":"Gastautor","image":{"@type":"ImageObject","inLanguage":"de","@id":"https:\/\/secure.gravatar.com\/avatar\/8759fb61d9b27c08334d4e02d0a8ea6eb0fc0c3602cd7c3e58c0c89a6adba588?s=96&d=mm&r=g","url":"https:\/\/secure.gravatar.com\/avatar\/8759fb61d9b27c08334d4e02d0a8ea6eb0fc0c3602cd7c3e58c0c89a6adba588?s=96&d=mm&r=g","contentUrl":"https:\/\/secure.gravatar.com\/avatar\/8759fb61d9b27c08334d4e02d0a8ea6eb0fc0c3602cd7c3e58c0c89a6adba588?s=96&d=mm&r=g","caption":"Gastautor"},"url":"https:\/\/starke-meinungen.de\/blog\/author\/gastautor\/"}]}},"_links":{"self":[{"href":"https:\/\/starke-meinungen.de\/blog\/wp-json\/wp\/v2\/posts\/8591","targetHints":{"allow":["GET"]}}],"collection":[{"href":"https:\/\/starke-meinungen.de\/blog\/wp-json\/wp\/v2\/posts"}],"about":[{"href":"https:\/\/starke-meinungen.de\/blog\/wp-json\/wp\/v2\/types\/post"}],"author":[{"embeddable":true,"href":"https:\/\/starke-meinungen.de\/blog\/wp-json\/wp\/v2\/users\/15"}],"replies":[{"embeddable":true,"href":"https:\/\/starke-meinungen.de\/blog\/wp-json\/wp\/v2\/comments?post=8591"}],"version-history":[{"count":0,"href":"https:\/\/starke-meinungen.de\/blog\/wp-json\/wp\/v2\/posts\/8591\/revisions"}],"wp:attachment":[{"href":"https:\/\/starke-meinungen.de\/blog\/wp-json\/wp\/v2\/media?parent=8591"}],"wp:term":[{"taxonomy":"category","embeddable":true,"href":"https:\/\/starke-meinungen.de\/blog\/wp-json\/wp\/v2\/categories?post=8591"},{"taxonomy":"post_tag","embeddable":true,"href":"https:\/\/starke-meinungen.de\/blog\/wp-json\/wp\/v2\/tags?post=8591"}],"curies":[{"name":"wp","href":"https:\/\/api.w.org\/{rel}","templated":true}]}}