

{"id":8544,"date":"2020-05-27T13:51:37","date_gmt":"2020-05-27T13:51:37","guid":{"rendered":"https:\/\/starke-meinungen.de\/blog\/?p=8544"},"modified":"2020-05-27T13:51:43","modified_gmt":"2020-05-27T13:51:43","slug":"assmann-brumlik-leggewie-neiman-und-co-beredtes-schweigen","status":"publish","type":"post","link":"https:\/\/starke-meinungen.de\/blog\/2020\/05\/27\/assmann-brumlik-leggewie-neiman-und-co-beredtes-schweigen\/","title":{"rendered":"Assmann, Brumlik, Leggewie, Neiman und Co.: Beredtes Schweigen"},"content":{"rendered":"\n<p>Wie so oft bei deutschen Debatten, gibt es auch bei der Debatte um Achille Mbembe die Neigung, statt \u00fcber die Sache \u2013 die antizionistischen \u00c4u\u00dferungen und Handlungen des Philosophen \u2013 zu diskutieren, sich \u00fcber Begriffe zu echauffieren.<\/p>\n\n\n\n<!--more-->\n\n\n\n<p>Und nicht \u00fcber Begriffe wie \u201eAntisemitismus\u201c, \u201eAntizionismus\u201c, \u201ePostkolonialismus\u201c, sondern \u00fcber das Verb \u201evergleichen\u201c. Weil Mbembe vorgeworfen wird, den Holocaust mit der Apartheid und beide mit der israelischen Politik gegen\u00fcber \u201eden\u201c Pal\u00e4stinensern \u201everglichen\u201c zu haben, f\u00fchlen sich gleich reihenweise Akademiker berufen, uns lang und breit dar\u00fcber zu belehren, dass \u201evergleichen nicht gleichsetzen bedeute\u201c; ja, dass vergleichen die Grundmethode der Wissenschaft sei. Womit insinuiert wird, die Kritiker*innen Mbembes h\u00e4tten von Wissenschaft keine Ahnung oder lehnten, wenn es um den Holocaust gehe, wissenschaftliche Methoden ab.<\/p>\n\n\n\n<p><strong>\u00c4pfel und Birnen<\/strong><\/p>\n\n\n\n<p>Das ist erm\u00fcdend. Die Belehrenden verwechseln schlicht die Sprache der Wissenschaft und die allgemeinverst\u00e4ndliche Sprache des Alltags. Das Sprichwort besagt: \u201eMan kann nicht \u00c4pfel und Birnen vergleichen.\u201c Aber nat\u00fcrlich kann man das: Beide sind Kernobst, wachsen in \u00e4hnlichen Breitengraden, werden f\u00fcr Obstsalat verwendet usw. usf. Aber jeder versteht, was gemeint ist.<\/p>\n\n\n\n<p>Nehmen wir die Popmusik, einfach weil mir das gerade einf\u00e4llt. In \u201eI Saw Her Standing There\u201d singen die Beatles \u00fcber eine 17-j\u00e4hrige Sch\u00f6nheit: \u201eAnd the way she looked \/ Was way beyond compare.\u201d Gemeint ist doch nicht, dass man das M\u00e4dchen mit niemandem vergleichen k\u00f6nne, sondern im Gegenteil, dass sie im Vergleich mit allen anderen M\u00e4dchen \u201eunvergleichlich\u201c besser abschneidet. So auch bei Prince und \u201eNoone compares 2 U\u201c. Und so weiter und so fort. Jeder wei\u00df, was gemeint ist, es sei denn, sie will es nicht verstehen.<\/p>\n\n\n\n<p>So auch beim Vergleich des Holocaust mit der Apartheid. Wenn man sagt, das k\u00f6nne man nicht vergleichen, so meint man in der Alltagssprache, dass da \u201eWelten dazwischen liegen\u201c; dass sowohl von der Motivation der T\u00e4ter her als auch im Hinblick auf die Folgen f\u00fcr die Opfer ein \u201ewesentlicher\u201c Unterschied besteht, gerade wenn man beide Verbrechen vergleicht. Da es sich um Verbrechen handelt, sind sie nat\u00fcrlich \u201evergleichbar\u201c. Die Frage ist allerdings, was ein Vergleich bringen soll.<\/p>\n\n\n\n<p><strong>Holocaust und Apartheid<\/strong><\/p>\n\n\n\n<p>Kommen wir also an dieser Stelle zum inkriminierten Vergleich (\u201enicht Gleichsetzung\u201c, ja, wir wissen das, Kinder), den Mbembe zwischen Holocaust und Apartheid anstellt: In seinem Buch\u00a0<em>Politik der Feindschaft<\/em>\u00a0(2013)hei\u00dft es: \u201eIm kolonialen Kontext war die permanente Trennungs- und damit Differenzierungsarbeit zum Teil die Folge der von den Kolonisten empfundenen Angst vor Vernichtung.<a> <\/a>[\u2026] Das Apartheidregime in S\u00fcdafrika und \u2013 in einer ganz anderen Gr\u00f6\u00dfenordnung und in einem anderen Kontext \u2013 die Vernichtung der europ\u00e4ischen Juden sind zwei emblematische Manifestationen dieses Trennungswahns.\u201c<\/p>\n\n\n\n<p>Halten wir fest: Im Hauptsatz hei\u00dft es, Holocaust und Apartheid seien \u201eemblematische Manifestationen\u201c eines \u201eTrennungswahns\u201c. Der \u201eTrennungswahn\u201c ist also das \u201eTertium Comparationis\u201c, das einen Vergleich erm\u00f6glicht. So wie \u201eKernobst\u201c etwa ein Tertium Comparationis zwischen \u00c4pfeln und Birnen darstellt. Durch diesen Vergleich ergibt sich auch f\u00fcr Mbembe ein Unterschied, jedoch nur in der \u201eGr\u00f6\u00dfenordnung und dem Kontext\u201c.<\/p>\n\n\n\n<p>Man darf also schon fragen, ob dieser Vergleich zul\u00e4ssig ist; ob der Holocaust wirklich Ergebnis eines \u201eTrennungswahns\u201c gewesen ist. Gewiss wurden die Juden \u201eabgesondert\u201c, aber das intendierte Endergebnis war immer die \u201eSonderbehandlung\u201c: der Tod. Dieser Unterschied ist mehr als ein Unterschied in der \u201eGr\u00f6\u00dfenordnung\u201c und im \u201eKontext\u201c.<\/p>\n\n\n\n<p><strong>Die Angst der Deutschen vor den Juden<\/strong><\/p>\n\n\n\n<p>Und da wir von Kontext reden: \u201eIm kolonialen Kontext war die permanente Trennungs- und damit Differenzierungsarbeit zum Teil die Folge der von den Kolonisten empfundenen Angst vor Vernichtung.\u201c Das ist als Analyse nachvollziehbar. Und diese Angst war real begr\u00fcndet. Es gab ja antikoloniale Aufst\u00e4nde, Sklavenaufst\u00e4nde und dergleichen. Will aber Mbembe sagen, dass die Nazis auch \u201eAngst vor der Vernichtung\u201c durch die Juden hatten? Oder gilt das nur im \u201ekolonialen Kontext\u201c? Tats\u00e4chlich hatten die Nazis ja Angst vor der Vernichtung durch die Juden \u2013 durch die \u201eWallstreetjuden\u201c und die in ihrem Dienst agierenden \u201eKremljuden\u201c; und tats\u00e4chlich sahen sie Deutschland als potenzielle Kolonie des \u201einternationalen Judentums\u201c. Sie stellten durchaus einen \u201ekolonialen Kontext\u201c her, aber darin waren sie die Ausgebeuteten, die sich gegen die Herren der Welt erhoben. Und das alles war eine Wahnvorstellung.<\/p>\n\n\n\n<p>Mbembe schreibt so verschwurbelt ungenau, dass es schwer ist, ihn auf irgendeine Aussage festzunageln. Jedenfalls werden auch seine Verteidiger*innen zugeben m\u00fcssen, dass dieser Vergleich zwischen dem Holocaust und der Apartheid \u2013 vielleicht bewusst \u2013 so angelegt ist, dass seine Bedeutung unklar bleibt. Nat\u00fcrlich kann man behaupten, dass der \u201eTrennungswahn\u201c in letzter Instanz bedeutet, eine Trennungslinie zwischen lebenswerten und lebensunwerten Existenzen zu ziehen. Es fragt sich nur, welchen Wert ein Begriff hat, der ungenauer ist als \u201eRassismus\u201c, \u201eAntisemitismus\u201c, \u201eSozialdarwinismus\u201c, \u201eEugenik\u201c und was der Motive und Techniken der Aussonderung mehr sind, und unter dem sie alle subsumiert werden sollen.<\/p>\n\n\n\n<p><strong>Die Juden sind an allem schuld<\/strong><\/p>\n\n\n\n<p>Wenn man aber diesen schwammigen Oberbegriff akzeptiert, dann muss man ihn hinsichtlich seiner Entstehung befragen. Das Postulat des Postkolonialismus besagt, dass dieser \u201eTrennungswahn\u201c von den Europ\u00e4ern in den Kolonien als \u201eLaboratorien der Moderne\u201c entwickelt und dann auf Europa angewendet wurde. Wenn aber der Antisemitismus Ausdruck des Trennungswahns sein soll, dann ist offenkundig, dass er nicht in den Kolonien entstand, sondern im christlichen Europa. Dann aber \u2013 wenn Apartheid und Holocaust letztlich dieselbe Ursache haben, n\u00e4mlich einen europ\u00e4ischen Trennungswahn \u2013 entf\u00e4llt eine wesentliche Grundlage der postkolonialen Theorie.<\/p>\n\n\n\n<p>In manchen \u00c4u\u00dferungen Mbembes allerdings scheint er am Ende weder die Kolonialherrschaft noch das Christentum, sondern \u201eDas Alte Testament\u201c f\u00fcr den Trennungswahn verantwortlich zu machen: also die Juden. In \u201eNecropolitics\u201c schreibt er, dass der \u201eWunsch nach einem Feind, nach Apartheid, die Fantasie der Ausrottung \u2026 unweigerlich zum Wunsch nach Zerst\u00f6rung f\u00fchren, nach Blutvergie\u00dfen, nach Blut als Gesetz, in ausdr\u00fccklicher Kontinuit\u00e4t mit dem lex talionis (dem Gesetz der Rache A.P.) des Alten Testaments\u201c. Hier wird auch verglichen, nicht gleichgesetzt, nicht wahr, aber dass hier nicht nur \u00c4pfel und Birnen, sondern alles M\u00f6gliche mit allem Unm\u00f6glichen vermengt wird: das werden doch auch die Brumlik, Neiman, Assmann, Leggewie und wie sie alle hei\u00dfen zugeben m\u00fcssen, die behaupten, Mbembe wende eine wissenschaftliche Methode des Vergleichens an.<\/p>\n\n\n\n<p>\u00dcbrigens ist diese Denkart keineswegs originell, sondern eine der Grundlagen des moderneren Antisemitismus. So sagt der Tempelherr in Lessings \u201eNathan der Weise\u201c (II,5) zum Juden Nathan: \u201eDoch kennt Ihr auch das Volk, \/\u00a0Das diese\u00a0Menschenm\u00e4kelei\u00a0zuerst \/\u00a0Getrieben? Wisst Ihr, \/ Nathan,\u00a0welches Volk \/ Zuerst das auserw\u00e4hlte Volk sich nannte? \/\u00a0Wie? wenn ich dieses Volk nun, zwar nicht hasste, \/ Doch wegen seines Stolzes zu verachten, \/ Mich\u00a0nicht entbrechen\u00a0k\u00f6nnte? Seines Stolzes; \/ Den es auf Christ und\u00a0Muselmann\u00a0vererbte, \/ Nur sein Gott sei der rechte Gott!\u201c<\/p>\n\n\n\n<p>Den nichtproselytenmachenden Juden vorzuwerfen, sie h\u00e4tten ihren Stolz auf jene Religionen vererbt, die fast die ganze Erde sich untertan gemacht haben, das ist schon ein starkes St\u00fcck; ebenso das bewusste Missverstehen der Rede vom \u201eAuserw\u00e4hlten Volk\u201c: \u00a0auserw\u00e4hlt n\u00e4mlich, um Gottes Willen zu tun, was nicht immer ein leichtes Joch war, und wozu auch jenes \u201elex talionis\u201c geh\u00f6rte, in dem Gott den Juden auferlegte, die Strafe m\u00fcssen angemessen sein: Ein Auge f\u00fcr ein Auge \u2013 nicht, wie im mittelalterlichen christlichen Europa \u00fcblich, ein menschenleben f\u00fcr ein gestohlenes St\u00fcck Brot! Aber lassen wir Mbembes Vorurteile, vermutlich Ergebnis seiner Erziehung bei den Dominikanern.<\/p>\n\n\n\n<p><strong>Die Skala des B\u00f6sen<\/strong> <strong>und die Demagogie des Herrn Mbembe<\/strong><\/p>\n\n\n\n<p>Kehren wir zum Thema \u201eVergleich\u201c zur\u00fcck. Wenn das Tertium Comparationis bei Apartheid und Holocaust der Trennungswahn ist, so ergibt sich beim Vergleich eine Art Skala: An einem Ende der Holocaust, und irgendwo \u2013 nicht n\u00f6tig am ganz anderen Ende, aber \u201ein ganz anderer Gr\u00f6\u00dfenordnung\u201c die Apartheid. Diese Skala k\u00f6nnte man also als eine Messlatte des Schlimmen oder B\u00f6sen oder Verbrecherischen betrachten, von der Unterdr\u00fcckung der schwarzen Bev\u00f6lkerung in S\u00fcdafrika bis hin zur Vernichtung der Juden in Europa. Wo nun ist auf dieser Messlatte des B\u00f6sen die Politik Israels gegen\u00fcber \u201eden Pal\u00e4stinensern\u201c anzusiedeln?<\/p>\n\n\n\n<p>Verteidiger Mbembes sagen immer und immer wieder, Mbembe habe ja nicht die Apartheid mit der israelischen Besatzungspolitik gleichgesetzt; vergleichen werde man aber d\u00fcrfen. Richtig. Er vergleicht. Und kommt unter anderem im Vorwort des 2015 erschienenen Bandes \u201eApartheid Israel\u201c zum Ergebnis, die \u201eBesatzung Pal\u00e4stinas\u201c sei \u201eder gr\u00f6\u00dfte moralische Skandal unserer Zeit\u201c, die israelische \u201eApartheid\u201c sei \u201eschlimmer\u201c und \u201et\u00f6dlicher\u201c als jene des rassistischen S\u00fcdafrikas, denn das israelische Vorgehen ziele auf die \u201eschrittweise Vernichtung\u201c der Pal\u00e4stinenser.<\/p>\n\n\n\n<p>Also, auf der Skala des Trennungswahns liegt die \u201eBesatzung Pal\u00e4stinas\u201c (und auch hier wird in typischer Mbembe-Manier unklar gelassen, was damit gemeint sein soll) mit dem Ziel der \u201eVernichtung\u201c der Pal\u00e4stinenser irgendwo zwischen Apartheid und Holocaust. Und da Mbembe den Afrikaanern nicht vorwirft, die \u201eschrittweise Vernichtung\u201c der Schwarzen geplant zu haben, so muss man annehmen, dass Israels Politik auf der Messlatte des B\u00f6sen n\u00e4her am Holocaust liege als an der Apartheid.<\/p>\n\n\n\n<p>Micha Brumlik, Susan Neiman, Aleida Assmann, Claus Leggewie, Stephan Detjen und wie Sie alle hei\u00dfen, die Sie so eilfertig Herrn Mbembe beigesprungen sind: Ist dieser Vergleich legitim? Ist das noch Wissenschaft, oder ist das schon Demagogie? Warum schweigen Sie so beredt?<\/p>\n\n\n\n<p><em>Das Bild zeigt die pal\u00e4stinensische Terroristin Leila Khaled bei einer BDS-Veranstaltung in S\u00fcdafrika<\/em><\/p>\n<div class=\"shariff shariff-align-left shariff-widget-align-left shariff-buttonstretch\" style=\"display:none\"><ul class=\"shariff-buttons theme-white orientation-horizontal buttonsize-medium\"><li class=\"shariff-button facebook shariff-nocustomcolor\" style=\"background-color:#4273c8\"><a href=\"https:\/\/www.facebook.com\/sharer\/sharer.php?u=https%3A%2F%2Fstarke-meinungen.de%2Fblog%2F2020%2F05%2F27%2Fassmann-brumlik-leggewie-neiman-und-co-beredtes-schweigen%2F\" title=\"Bei Facebook teilen\" aria-label=\"Bei Facebook teilen\" role=\"button\" rel=\"nofollow\" class=\"shariff-link\" style=\"; background-color:#3b5998; color:#3b5998\" target=\"_blank\"><span class=\"shariff-icon\" style=\"fill:#3b5998\"><svg width=\"32px\" height=\"20px\" xmlns=\"http:\/\/www.w3.org\/2000\/svg\" viewBox=\"0 0 18 32\"><path fill=\"#3b5998\" d=\"M17.1 0.2v4.7h-2.8q-1.5 0-2.1 0.6t-0.5 1.9v3.4h5.2l-0.7 5.3h-4.5v13.6h-5.5v-13.6h-4.5v-5.3h4.5v-3.9q0-3.3 1.9-5.2t5-1.8q2.6 0 4.1 0.2z\"\/><\/svg><\/span><span class=\"shariff-text\" style=\"color:#3b5998\">teilen<\/span>&nbsp;<\/a><\/li><li class=\"shariff-button twitter shariff-nocustomcolor\" style=\"background-color:#595959\"><a href=\"https:\/\/twitter.com\/share?url=https%3A%2F%2Fstarke-meinungen.de%2Fblog%2F2020%2F05%2F27%2Fassmann-brumlik-leggewie-neiman-und-co-beredtes-schweigen%2F&text=Assmann%2C%20Brumlik%2C%20Leggewie%2C%20Neiman%20und%20Co.%3A%20Beredtes%20Schweigen&via=starkemeinungen\" title=\"Bei X teilen\" aria-label=\"Bei X teilen\" role=\"button\" rel=\"noopener nofollow\" class=\"shariff-link\" style=\"; background-color:#000; color:#000\" target=\"_blank\"><span class=\"shariff-icon\" style=\"fill:#000\"><svg width=\"32px\" height=\"20px\" xmlns=\"http:\/\/www.w3.org\/2000\/svg\" viewBox=\"0 0 24 24\"><path fill=\"#000\" d=\"M14.258 10.152L23.176 0h-2.113l-7.747 8.813L7.133 0H0l9.352 13.328L0 23.973h2.113l8.176-9.309 6.531 9.309h7.133zm-2.895 3.293l-.949-1.328L2.875 1.56h3.246l6.086 8.523.945 1.328 7.91 11.078h-3.246zm0 0\"\/><\/svg><\/span><span class=\"shariff-text\" style=\"color:#000\">teilen<\/span>&nbsp;<\/a><\/li><li class=\"shariff-button linkedin shariff-nocustomcolor\" style=\"background-color:#1488bf\"><a href=\"https:\/\/www.linkedin.com\/sharing\/share-offsite\/?url=https%3A%2F%2Fstarke-meinungen.de%2Fblog%2F2020%2F05%2F27%2Fassmann-brumlik-leggewie-neiman-und-co-beredtes-schweigen%2F\" title=\"Bei LinkedIn teilen\" aria-label=\"Bei LinkedIn teilen\" role=\"button\" rel=\"noopener nofollow\" class=\"shariff-link\" style=\"; background-color:#0077b5; color:#0077b5\" target=\"_blank\"><span class=\"shariff-icon\" style=\"fill:#0077b5\"><svg width=\"32px\" height=\"20px\" xmlns=\"http:\/\/www.w3.org\/2000\/svg\" viewBox=\"0 0 27 32\"><path fill=\"#0077b5\" d=\"M6.2 11.2v17.7h-5.9v-17.7h5.9zM6.6 5.7q0 1.3-0.9 2.2t-2.4 0.9h0q-1.5 0-2.4-0.9t-0.9-2.2 0.9-2.2 2.4-0.9 2.4 0.9 0.9 2.2zM27.4 18.7v10.1h-5.9v-9.5q0-1.9-0.7-2.9t-2.3-1.1q-1.1 0-1.9 0.6t-1.2 1.5q-0.2 0.5-0.2 1.4v9.9h-5.9q0-7.1 0-11.6t0-5.3l0-0.9h5.9v2.6h0q0.4-0.6 0.7-1t1-0.9 1.6-0.8 2-0.3q3 0 4.9 2t1.9 6z\"\/><\/svg><\/span><span class=\"shariff-text\" style=\"color:#0077b5\">teilen<\/span>&nbsp;<\/a><\/li><li class=\"shariff-button xing shariff-nocustomcolor\" style=\"background-color:#29888a\"><a href=\"https:\/\/www.xing.com\/spi\/shares\/new?url=https%3A%2F%2Fstarke-meinungen.de%2Fblog%2F2020%2F05%2F27%2Fassmann-brumlik-leggewie-neiman-und-co-beredtes-schweigen%2F\" title=\"Bei XING teilen\" aria-label=\"Bei XING teilen\" role=\"button\" rel=\"noopener nofollow\" class=\"shariff-link\" style=\"; background-color:#126567; color:#126567\" target=\"_blank\"><span class=\"shariff-icon\" style=\"fill:#126567\"><svg width=\"32px\" height=\"20px\" xmlns=\"http:\/\/www.w3.org\/2000\/svg\" viewBox=\"0 0 25 32\"><path fill=\"#126567\" d=\"M10.7 11.9q-0.2 0.3-4.6 8.2-0.5 0.8-1.2 0.8h-4.3q-0.4 0-0.5-0.3t0-0.6l4.5-8q0 0 0 0l-2.9-5q-0.2-0.4 0-0.7 0.2-0.3 0.5-0.3h4.3q0.7 0 1.2 0.8zM25.1 0.4q0.2 0.3 0 0.7l-9.4 16.7 6 11q0.2 0.4 0 0.6-0.2 0.3-0.6 0.3h-4.3q-0.7 0-1.2-0.8l-6-11.1q0.3-0.6 9.5-16.8 0.4-0.8 1.2-0.8h4.3q0.4 0 0.5 0.3z\"\/><\/svg><\/span><span class=\"shariff-text\" style=\"color:#126567\">teilen<\/span>&nbsp;<\/a><\/li><li class=\"shariff-button whatsapp shariff-nocustomcolor\" style=\"background-color:#5cbe4a\"><a href=\"https:\/\/api.whatsapp.com\/send?text=https%3A%2F%2Fstarke-meinungen.de%2Fblog%2F2020%2F05%2F27%2Fassmann-brumlik-leggewie-neiman-und-co-beredtes-schweigen%2F%20Assmann%2C%20Brumlik%2C%20Leggewie%2C%20Neiman%20und%20Co.%3A%20Beredtes%20Schweigen\" title=\"Bei Whatsapp teilen\" aria-label=\"Bei Whatsapp teilen\" role=\"button\" rel=\"noopener nofollow\" class=\"shariff-link\" style=\"; background-color:#34af23; color:#34af23\" target=\"_blank\"><span class=\"shariff-icon\" style=\"fill:#34af23\"><svg width=\"32px\" height=\"20px\" xmlns=\"http:\/\/www.w3.org\/2000\/svg\" viewBox=\"0 0 32 32\"><path fill=\"#34af23\" d=\"M17.6 17.4q0.2 0 1.7 0.8t1.6 0.9q0 0.1 0 0.3 0 0.6-0.3 1.4-0.3 0.7-1.3 1.2t-1.8 0.5q-1 0-3.4-1.1-1.7-0.8-3-2.1t-2.6-3.3q-1.3-1.9-1.3-3.5v-0.1q0.1-1.6 1.3-2.8 0.4-0.4 0.9-0.4 0.1 0 0.3 0t0.3 0q0.3 0 0.5 0.1t0.3 0.5q0.1 0.4 0.6 1.6t0.4 1.3q0 0.4-0.6 1t-0.6 0.8q0 0.1 0.1 0.3 0.6 1.3 1.8 2.4 1 0.9 2.7 1.8 0.2 0.1 0.4 0.1 0.3 0 1-0.9t0.9-0.9zM14 26.9q2.3 0 4.3-0.9t3.6-2.4 2.4-3.6 0.9-4.3-0.9-4.3-2.4-3.6-3.6-2.4-4.3-0.9-4.3 0.9-3.6 2.4-2.4 3.6-0.9 4.3q0 3.6 2.1 6.6l-1.4 4.2 4.3-1.4q2.8 1.9 6.2 1.9zM14 2.2q2.7 0 5.2 1.1t4.3 2.9 2.9 4.3 1.1 5.2-1.1 5.2-2.9 4.3-4.3 2.9-5.2 1.1q-3.5 0-6.5-1.7l-7.4 2.4 2.4-7.2q-1.9-3.2-1.9-6.9 0-2.7 1.1-5.2t2.9-4.3 4.3-2.9 5.2-1.1z\"\/><\/svg><\/span><span class=\"shariff-text\" style=\"color:#34af23\">teilen<\/span>&nbsp;<\/a><\/li><li class=\"shariff-button info shariff-nocustomcolor\" style=\"background-color:#a8a8a8\"><a href=\"http:\/\/ct.de\/-2467514\" title=\"Weitere Informationen\" aria-label=\"Weitere Informationen\" role=\"button\" rel=\"noopener \" class=\"shariff-link\" style=\"; background-color:#999; color:#999\" target=\"_blank\"><span class=\"shariff-icon\" style=\"fill:#999\"><svg width=\"32px\" height=\"20px\" xmlns=\"http:\/\/www.w3.org\/2000\/svg\" viewBox=\"0 0 11 32\"><path fill=\"#999\" d=\"M11.4 24v2.3q0 0.5-0.3 0.8t-0.8 0.4h-9.1q-0.5 0-0.8-0.4t-0.4-0.8v-2.3q0-0.5 0.4-0.8t0.8-0.4h1.1v-6.8h-1.1q-0.5 0-0.8-0.4t-0.4-0.8v-2.3q0-0.5 0.4-0.8t0.8-0.4h6.8q0.5 0 0.8 0.4t0.4 0.8v10.3h1.1q0.5 0 0.8 0.4t0.3 0.8zM9.2 3.4v3.4q0 0.5-0.4 0.8t-0.8 0.4h-4.6q-0.4 0-0.8-0.4t-0.4-0.8v-3.4q0-0.4 0.4-0.8t0.8-0.4h4.6q0.5 0 0.8 0.4t0.4 0.8z\"\/><\/svg><\/span><\/a><\/li><\/ul><\/div>","protected":false},"excerpt":{"rendered":"<p>Wie so oft bei deutschen Debatten, gibt es auch bei der Debatte um Achille Mbembe die Neigung, statt \u00fcber die Sache \u2013 die antizionistischen \u00c4u\u00dferungen und Handlungen des Philosophen \u2013 zu diskutieren, sich \u00fcber Begriffe zu echauffieren.<\/p>\n","protected":false},"author":13,"featured_media":8545,"comment_status":"open","ping_status":"open","sticky":false,"template":"","format":"standard","meta":{"footnotes":""},"categories":[209,1],"tags":[3332,3407,371,2031,3408,623,1007,3373,3409],"class_list":["post-8544","post","type-post","status-publish","format-standard","has-post-thumbnail","hentry","category-alan-posener","category-allgemein","tag-achille-mbembe","tag-aleida-assmann","tag-antisemitismus","tag-apartheid","tag-claus-leggewie","tag-holocaust","tag-israel","tag-micha-brumlik","tag-susan-neiman"],"yoast_head":"<!-- This site is optimized with the Yoast SEO plugin v27.4 - https:\/\/yoast.com\/product\/yoast-seo-wordpress\/ -->\n<title>Assmann, Brumlik, Leggewie, Neiman und Co.: Beredtes Schweigen - starke-meinungen.de<\/title>\n<meta name=\"robots\" content=\"index, follow, max-snippet:-1, max-image-preview:large, max-video-preview:-1\" \/>\n<link rel=\"canonical\" href=\"https:\/\/starke-meinungen.de\/blog\/2020\/05\/27\/assmann-brumlik-leggewie-neiman-und-co-beredtes-schweigen\/\" \/>\n<meta property=\"og:locale\" content=\"de_DE\" \/>\n<meta property=\"og:type\" content=\"article\" \/>\n<meta property=\"og:title\" content=\"Assmann, Brumlik, Leggewie, Neiman und Co.: Beredtes Schweigen - starke-meinungen.de\" \/>\n<meta property=\"og:description\" content=\"Wie so oft bei deutschen Debatten, gibt es auch bei der Debatte um Achille Mbembe die Neigung, statt \u00fcber die Sache \u2013 die antizionistischen \u00c4u\u00dferungen und Handlungen des Philosophen \u2013 zu diskutieren, sich \u00fcber Begriffe zu echauffieren.\" \/>\n<meta property=\"og:url\" content=\"https:\/\/starke-meinungen.de\/blog\/2020\/05\/27\/assmann-brumlik-leggewie-neiman-und-co-beredtes-schweigen\/\" \/>\n<meta property=\"og:site_name\" content=\"starke-meinungen.de\" \/>\n<meta property=\"article:publisher\" content=\"https:\/\/www.facebook.com\/starkemeinungen\/\" \/>\n<meta property=\"article:published_time\" content=\"2020-05-27T13:51:37+00:00\" \/>\n<meta property=\"article:modified_time\" content=\"2020-05-27T13:51:43+00:00\" \/>\n<meta property=\"og:image\" content=\"https:\/\/starke-meinungen.de\/blog\/wp-content\/uploads\/Leila-Khaled.jpeg\" \/>\n\t<meta property=\"og:image:width\" content=\"696\" \/>\n\t<meta property=\"og:image:height\" content=\"478\" \/>\n\t<meta property=\"og:image:type\" content=\"image\/jpeg\" \/>\n<meta name=\"author\" content=\"Alan Posener\" \/>\n<meta name=\"twitter:card\" content=\"summary_large_image\" \/>\n<meta name=\"twitter:creator\" content=\"@starkemeinungen\" \/>\n<meta name=\"twitter:site\" content=\"@starkemeinungen\" \/>\n<meta name=\"twitter:label1\" content=\"Verfasst von\" \/>\n\t<meta name=\"twitter:data1\" content=\"Alan Posener\" \/>\n\t<meta name=\"twitter:label2\" content=\"Gesch\u00e4tzte Lesezeit\" \/>\n\t<meta name=\"twitter:data2\" content=\"8\u00a0Minuten\" \/>\n<script type=\"application\/ld+json\" class=\"yoast-schema-graph\">{\"@context\":\"https:\\\/\\\/schema.org\",\"@graph\":[{\"@type\":\"Article\",\"@id\":\"https:\\\/\\\/starke-meinungen.de\\\/blog\\\/2020\\\/05\\\/27\\\/assmann-brumlik-leggewie-neiman-und-co-beredtes-schweigen\\\/#article\",\"isPartOf\":{\"@id\":\"https:\\\/\\\/starke-meinungen.de\\\/blog\\\/2020\\\/05\\\/27\\\/assmann-brumlik-leggewie-neiman-und-co-beredtes-schweigen\\\/\"},\"author\":{\"name\":\"Alan Posener\",\"@id\":\"https:\\\/\\\/starke-meinungen.de\\\/blog\\\/#\\\/schema\\\/person\\\/32d0faef7c31a37c1c89be993d7a6d28\"},\"headline\":\"Assmann, Brumlik, Leggewie, Neiman und Co.: Beredtes Schweigen\",\"datePublished\":\"2020-05-27T13:51:37+00:00\",\"dateModified\":\"2020-05-27T13:51:43+00:00\",\"mainEntityOfPage\":{\"@id\":\"https:\\\/\\\/starke-meinungen.de\\\/blog\\\/2020\\\/05\\\/27\\\/assmann-brumlik-leggewie-neiman-und-co-beredtes-schweigen\\\/\"},\"wordCount\":1540,\"commentCount\":179,\"publisher\":{\"@id\":\"https:\\\/\\\/starke-meinungen.de\\\/blog\\\/#organization\"},\"image\":{\"@id\":\"https:\\\/\\\/starke-meinungen.de\\\/blog\\\/2020\\\/05\\\/27\\\/assmann-brumlik-leggewie-neiman-und-co-beredtes-schweigen\\\/#primaryimage\"},\"thumbnailUrl\":\"https:\\\/\\\/starke-meinungen.de\\\/blog\\\/wp-content\\\/uploads\\\/Leila-Khaled.jpeg\",\"keywords\":[\"Achille Mbembe\",\"Aleida Assmann\",\"Antisemitismus\",\"Apartheid\",\"Claus Leggewie\",\"Holocaust\",\"Israel\",\"Micha Brumlik\",\"Susan Neiman\"],\"articleSection\":[\"Alan Posener\"],\"inLanguage\":\"de\",\"potentialAction\":[{\"@type\":\"CommentAction\",\"name\":\"Comment\",\"target\":[\"https:\\\/\\\/starke-meinungen.de\\\/blog\\\/2020\\\/05\\\/27\\\/assmann-brumlik-leggewie-neiman-und-co-beredtes-schweigen\\\/#respond\"]}]},{\"@type\":\"WebPage\",\"@id\":\"https:\\\/\\\/starke-meinungen.de\\\/blog\\\/2020\\\/05\\\/27\\\/assmann-brumlik-leggewie-neiman-und-co-beredtes-schweigen\\\/\",\"url\":\"https:\\\/\\\/starke-meinungen.de\\\/blog\\\/2020\\\/05\\\/27\\\/assmann-brumlik-leggewie-neiman-und-co-beredtes-schweigen\\\/\",\"name\":\"Assmann, Brumlik, Leggewie, Neiman und Co.: Beredtes Schweigen - starke-meinungen.de\",\"isPartOf\":{\"@id\":\"https:\\\/\\\/starke-meinungen.de\\\/blog\\\/#website\"},\"primaryImageOfPage\":{\"@id\":\"https:\\\/\\\/starke-meinungen.de\\\/blog\\\/2020\\\/05\\\/27\\\/assmann-brumlik-leggewie-neiman-und-co-beredtes-schweigen\\\/#primaryimage\"},\"image\":{\"@id\":\"https:\\\/\\\/starke-meinungen.de\\\/blog\\\/2020\\\/05\\\/27\\\/assmann-brumlik-leggewie-neiman-und-co-beredtes-schweigen\\\/#primaryimage\"},\"thumbnailUrl\":\"https:\\\/\\\/starke-meinungen.de\\\/blog\\\/wp-content\\\/uploads\\\/Leila-Khaled.jpeg\",\"datePublished\":\"2020-05-27T13:51:37+00:00\",\"dateModified\":\"2020-05-27T13:51:43+00:00\",\"breadcrumb\":{\"@id\":\"https:\\\/\\\/starke-meinungen.de\\\/blog\\\/2020\\\/05\\\/27\\\/assmann-brumlik-leggewie-neiman-und-co-beredtes-schweigen\\\/#breadcrumb\"},\"inLanguage\":\"de\",\"potentialAction\":[{\"@type\":\"ReadAction\",\"target\":[\"https:\\\/\\\/starke-meinungen.de\\\/blog\\\/2020\\\/05\\\/27\\\/assmann-brumlik-leggewie-neiman-und-co-beredtes-schweigen\\\/\"]}]},{\"@type\":\"ImageObject\",\"inLanguage\":\"de\",\"@id\":\"https:\\\/\\\/starke-meinungen.de\\\/blog\\\/2020\\\/05\\\/27\\\/assmann-brumlik-leggewie-neiman-und-co-beredtes-schweigen\\\/#primaryimage\",\"url\":\"https:\\\/\\\/starke-meinungen.de\\\/blog\\\/wp-content\\\/uploads\\\/Leila-Khaled.jpeg\",\"contentUrl\":\"https:\\\/\\\/starke-meinungen.de\\\/blog\\\/wp-content\\\/uploads\\\/Leila-Khaled.jpeg\",\"width\":696,\"height\":478},{\"@type\":\"BreadcrumbList\",\"@id\":\"https:\\\/\\\/starke-meinungen.de\\\/blog\\\/2020\\\/05\\\/27\\\/assmann-brumlik-leggewie-neiman-und-co-beredtes-schweigen\\\/#breadcrumb\",\"itemListElement\":[{\"@type\":\"ListItem\",\"position\":1,\"name\":\"Startseite\",\"item\":\"https:\\\/\\\/starke-meinungen.de\\\/blog\\\/\"},{\"@type\":\"ListItem\",\"position\":2,\"name\":\"Assmann, Brumlik, Leggewie, Neiman und Co.: Beredtes Schweigen\"}]},{\"@type\":\"WebSite\",\"@id\":\"https:\\\/\\\/starke-meinungen.de\\\/blog\\\/#website\",\"url\":\"https:\\\/\\\/starke-meinungen.de\\\/blog\\\/\",\"name\":\"starke-meinungen.de\",\"description\":\"Autoren-Blog\",\"publisher\":{\"@id\":\"https:\\\/\\\/starke-meinungen.de\\\/blog\\\/#organization\"},\"potentialAction\":[{\"@type\":\"SearchAction\",\"target\":{\"@type\":\"EntryPoint\",\"urlTemplate\":\"https:\\\/\\\/starke-meinungen.de\\\/blog\\\/?s={search_term_string}\"},\"query-input\":{\"@type\":\"PropertyValueSpecification\",\"valueRequired\":true,\"valueName\":\"search_term_string\"}}],\"inLanguage\":\"de\"},{\"@type\":\"Organization\",\"@id\":\"https:\\\/\\\/starke-meinungen.de\\\/blog\\\/#organization\",\"name\":\"starke-meinungen.de\",\"url\":\"https:\\\/\\\/starke-meinungen.de\\\/blog\\\/\",\"logo\":{\"@type\":\"ImageObject\",\"inLanguage\":\"de\",\"@id\":\"https:\\\/\\\/starke-meinungen.de\\\/blog\\\/#\\\/schema\\\/logo\\\/image\\\/\",\"url\":\"https:\\\/\\\/starke-meinungen.de\\\/blog\\\/wp-content\\\/uploads\\\/starke-meinungen-fb-header.jpg\",\"contentUrl\":\"https:\\\/\\\/starke-meinungen.de\\\/blog\\\/wp-content\\\/uploads\\\/starke-meinungen-fb-header.jpg\",\"width\":1200,\"height\":630,\"caption\":\"starke-meinungen.de\"},\"image\":{\"@id\":\"https:\\\/\\\/starke-meinungen.de\\\/blog\\\/#\\\/schema\\\/logo\\\/image\\\/\"},\"sameAs\":[\"https:\\\/\\\/www.facebook.com\\\/starkemeinungen\\\/\",\"https:\\\/\\\/x.com\\\/starkemeinungen\"]},{\"@type\":\"Person\",\"@id\":\"https:\\\/\\\/starke-meinungen.de\\\/blog\\\/#\\\/schema\\\/person\\\/32d0faef7c31a37c1c89be993d7a6d28\",\"name\":\"Alan Posener\",\"image\":{\"@type\":\"ImageObject\",\"inLanguage\":\"de\",\"@id\":\"https:\\\/\\\/secure.gravatar.com\\\/avatar\\\/c75c8818a9ab78c4faa75048dba7844e2587998cda4d93f84e7d86f7e21a9b90?s=96&d=mm&r=g\",\"url\":\"https:\\\/\\\/secure.gravatar.com\\\/avatar\\\/c75c8818a9ab78c4faa75048dba7844e2587998cda4d93f84e7d86f7e21a9b90?s=96&d=mm&r=g\",\"contentUrl\":\"https:\\\/\\\/secure.gravatar.com\\\/avatar\\\/c75c8818a9ab78c4faa75048dba7844e2587998cda4d93f84e7d86f7e21a9b90?s=96&d=mm&r=g\",\"caption\":\"Alan Posener\"},\"url\":\"https:\\\/\\\/starke-meinungen.de\\\/blog\\\/author\\\/posener\\\/\"}]}<\/script>\n<!-- \/ Yoast SEO plugin. -->","yoast_head_json":{"title":"Assmann, Brumlik, Leggewie, Neiman und Co.: Beredtes Schweigen - starke-meinungen.de","robots":{"index":"index","follow":"follow","max-snippet":"max-snippet:-1","max-image-preview":"max-image-preview:large","max-video-preview":"max-video-preview:-1"},"canonical":"https:\/\/starke-meinungen.de\/blog\/2020\/05\/27\/assmann-brumlik-leggewie-neiman-und-co-beredtes-schweigen\/","og_locale":"de_DE","og_type":"article","og_title":"Assmann, Brumlik, Leggewie, Neiman und Co.: Beredtes Schweigen - starke-meinungen.de","og_description":"Wie so oft bei deutschen Debatten, gibt es auch bei der Debatte um Achille Mbembe die Neigung, statt \u00fcber die Sache \u2013 die antizionistischen \u00c4u\u00dferungen und Handlungen des Philosophen \u2013 zu diskutieren, sich \u00fcber Begriffe zu echauffieren.","og_url":"https:\/\/starke-meinungen.de\/blog\/2020\/05\/27\/assmann-brumlik-leggewie-neiman-und-co-beredtes-schweigen\/","og_site_name":"starke-meinungen.de","article_publisher":"https:\/\/www.facebook.com\/starkemeinungen\/","article_published_time":"2020-05-27T13:51:37+00:00","article_modified_time":"2020-05-27T13:51:43+00:00","og_image":[{"width":696,"height":478,"url":"https:\/\/starke-meinungen.de\/blog\/wp-content\/uploads\/Leila-Khaled.jpeg","type":"image\/jpeg"}],"author":"Alan Posener","twitter_card":"summary_large_image","twitter_creator":"@starkemeinungen","twitter_site":"@starkemeinungen","twitter_misc":{"Verfasst von":"Alan Posener","Gesch\u00e4tzte Lesezeit":"8\u00a0Minuten"},"schema":{"@context":"https:\/\/schema.org","@graph":[{"@type":"Article","@id":"https:\/\/starke-meinungen.de\/blog\/2020\/05\/27\/assmann-brumlik-leggewie-neiman-und-co-beredtes-schweigen\/#article","isPartOf":{"@id":"https:\/\/starke-meinungen.de\/blog\/2020\/05\/27\/assmann-brumlik-leggewie-neiman-und-co-beredtes-schweigen\/"},"author":{"name":"Alan Posener","@id":"https:\/\/starke-meinungen.de\/blog\/#\/schema\/person\/32d0faef7c31a37c1c89be993d7a6d28"},"headline":"Assmann, Brumlik, Leggewie, Neiman und Co.: Beredtes Schweigen","datePublished":"2020-05-27T13:51:37+00:00","dateModified":"2020-05-27T13:51:43+00:00","mainEntityOfPage":{"@id":"https:\/\/starke-meinungen.de\/blog\/2020\/05\/27\/assmann-brumlik-leggewie-neiman-und-co-beredtes-schweigen\/"},"wordCount":1540,"commentCount":179,"publisher":{"@id":"https:\/\/starke-meinungen.de\/blog\/#organization"},"image":{"@id":"https:\/\/starke-meinungen.de\/blog\/2020\/05\/27\/assmann-brumlik-leggewie-neiman-und-co-beredtes-schweigen\/#primaryimage"},"thumbnailUrl":"https:\/\/starke-meinungen.de\/blog\/wp-content\/uploads\/Leila-Khaled.jpeg","keywords":["Achille Mbembe","Aleida Assmann","Antisemitismus","Apartheid","Claus Leggewie","Holocaust","Israel","Micha Brumlik","Susan Neiman"],"articleSection":["Alan Posener"],"inLanguage":"de","potentialAction":[{"@type":"CommentAction","name":"Comment","target":["https:\/\/starke-meinungen.de\/blog\/2020\/05\/27\/assmann-brumlik-leggewie-neiman-und-co-beredtes-schweigen\/#respond"]}]},{"@type":"WebPage","@id":"https:\/\/starke-meinungen.de\/blog\/2020\/05\/27\/assmann-brumlik-leggewie-neiman-und-co-beredtes-schweigen\/","url":"https:\/\/starke-meinungen.de\/blog\/2020\/05\/27\/assmann-brumlik-leggewie-neiman-und-co-beredtes-schweigen\/","name":"Assmann, Brumlik, Leggewie, Neiman und Co.: Beredtes Schweigen - starke-meinungen.de","isPartOf":{"@id":"https:\/\/starke-meinungen.de\/blog\/#website"},"primaryImageOfPage":{"@id":"https:\/\/starke-meinungen.de\/blog\/2020\/05\/27\/assmann-brumlik-leggewie-neiman-und-co-beredtes-schweigen\/#primaryimage"},"image":{"@id":"https:\/\/starke-meinungen.de\/blog\/2020\/05\/27\/assmann-brumlik-leggewie-neiman-und-co-beredtes-schweigen\/#primaryimage"},"thumbnailUrl":"https:\/\/starke-meinungen.de\/blog\/wp-content\/uploads\/Leila-Khaled.jpeg","datePublished":"2020-05-27T13:51:37+00:00","dateModified":"2020-05-27T13:51:43+00:00","breadcrumb":{"@id":"https:\/\/starke-meinungen.de\/blog\/2020\/05\/27\/assmann-brumlik-leggewie-neiman-und-co-beredtes-schweigen\/#breadcrumb"},"inLanguage":"de","potentialAction":[{"@type":"ReadAction","target":["https:\/\/starke-meinungen.de\/blog\/2020\/05\/27\/assmann-brumlik-leggewie-neiman-und-co-beredtes-schweigen\/"]}]},{"@type":"ImageObject","inLanguage":"de","@id":"https:\/\/starke-meinungen.de\/blog\/2020\/05\/27\/assmann-brumlik-leggewie-neiman-und-co-beredtes-schweigen\/#primaryimage","url":"https:\/\/starke-meinungen.de\/blog\/wp-content\/uploads\/Leila-Khaled.jpeg","contentUrl":"https:\/\/starke-meinungen.de\/blog\/wp-content\/uploads\/Leila-Khaled.jpeg","width":696,"height":478},{"@type":"BreadcrumbList","@id":"https:\/\/starke-meinungen.de\/blog\/2020\/05\/27\/assmann-brumlik-leggewie-neiman-und-co-beredtes-schweigen\/#breadcrumb","itemListElement":[{"@type":"ListItem","position":1,"name":"Startseite","item":"https:\/\/starke-meinungen.de\/blog\/"},{"@type":"ListItem","position":2,"name":"Assmann, Brumlik, Leggewie, Neiman und Co.: Beredtes Schweigen"}]},{"@type":"WebSite","@id":"https:\/\/starke-meinungen.de\/blog\/#website","url":"https:\/\/starke-meinungen.de\/blog\/","name":"starke-meinungen.de","description":"Autoren-Blog","publisher":{"@id":"https:\/\/starke-meinungen.de\/blog\/#organization"},"potentialAction":[{"@type":"SearchAction","target":{"@type":"EntryPoint","urlTemplate":"https:\/\/starke-meinungen.de\/blog\/?s={search_term_string}"},"query-input":{"@type":"PropertyValueSpecification","valueRequired":true,"valueName":"search_term_string"}}],"inLanguage":"de"},{"@type":"Organization","@id":"https:\/\/starke-meinungen.de\/blog\/#organization","name":"starke-meinungen.de","url":"https:\/\/starke-meinungen.de\/blog\/","logo":{"@type":"ImageObject","inLanguage":"de","@id":"https:\/\/starke-meinungen.de\/blog\/#\/schema\/logo\/image\/","url":"https:\/\/starke-meinungen.de\/blog\/wp-content\/uploads\/starke-meinungen-fb-header.jpg","contentUrl":"https:\/\/starke-meinungen.de\/blog\/wp-content\/uploads\/starke-meinungen-fb-header.jpg","width":1200,"height":630,"caption":"starke-meinungen.de"},"image":{"@id":"https:\/\/starke-meinungen.de\/blog\/#\/schema\/logo\/image\/"},"sameAs":["https:\/\/www.facebook.com\/starkemeinungen\/","https:\/\/x.com\/starkemeinungen"]},{"@type":"Person","@id":"https:\/\/starke-meinungen.de\/blog\/#\/schema\/person\/32d0faef7c31a37c1c89be993d7a6d28","name":"Alan Posener","image":{"@type":"ImageObject","inLanguage":"de","@id":"https:\/\/secure.gravatar.com\/avatar\/c75c8818a9ab78c4faa75048dba7844e2587998cda4d93f84e7d86f7e21a9b90?s=96&d=mm&r=g","url":"https:\/\/secure.gravatar.com\/avatar\/c75c8818a9ab78c4faa75048dba7844e2587998cda4d93f84e7d86f7e21a9b90?s=96&d=mm&r=g","contentUrl":"https:\/\/secure.gravatar.com\/avatar\/c75c8818a9ab78c4faa75048dba7844e2587998cda4d93f84e7d86f7e21a9b90?s=96&d=mm&r=g","caption":"Alan Posener"},"url":"https:\/\/starke-meinungen.de\/blog\/author\/posener\/"}]}},"_links":{"self":[{"href":"https:\/\/starke-meinungen.de\/blog\/wp-json\/wp\/v2\/posts\/8544","targetHints":{"allow":["GET"]}}],"collection":[{"href":"https:\/\/starke-meinungen.de\/blog\/wp-json\/wp\/v2\/posts"}],"about":[{"href":"https:\/\/starke-meinungen.de\/blog\/wp-json\/wp\/v2\/types\/post"}],"author":[{"embeddable":true,"href":"https:\/\/starke-meinungen.de\/blog\/wp-json\/wp\/v2\/users\/13"}],"replies":[{"embeddable":true,"href":"https:\/\/starke-meinungen.de\/blog\/wp-json\/wp\/v2\/comments?post=8544"}],"version-history":[{"count":1,"href":"https:\/\/starke-meinungen.de\/blog\/wp-json\/wp\/v2\/posts\/8544\/revisions"}],"predecessor-version":[{"id":8546,"href":"https:\/\/starke-meinungen.de\/blog\/wp-json\/wp\/v2\/posts\/8544\/revisions\/8546"}],"wp:featuredmedia":[{"embeddable":true,"href":"https:\/\/starke-meinungen.de\/blog\/wp-json\/wp\/v2\/media\/8545"}],"wp:attachment":[{"href":"https:\/\/starke-meinungen.de\/blog\/wp-json\/wp\/v2\/media?parent=8544"}],"wp:term":[{"taxonomy":"category","embeddable":true,"href":"https:\/\/starke-meinungen.de\/blog\/wp-json\/wp\/v2\/categories?post=8544"},{"taxonomy":"post_tag","embeddable":true,"href":"https:\/\/starke-meinungen.de\/blog\/wp-json\/wp\/v2\/tags?post=8544"}],"curies":[{"name":"wp","href":"https:\/\/api.w.org\/{rel}","templated":true}]}}