

{"id":8506,"date":"2020-04-30T11:52:31","date_gmt":"2020-04-30T11:52:31","guid":{"rendered":"https:\/\/starke-meinungen.de\/blog\/?p=8506"},"modified":"2020-04-30T11:52:39","modified_gmt":"2020-04-30T11:52:39","slug":"andreas-eckert-der-antisemitismus-und-der-hexenwahn","status":"publish","type":"post","link":"https:\/\/starke-meinungen.de\/blog\/2020\/04\/30\/andreas-eckert-der-antisemitismus-und-der-hexenwahn\/","title":{"rendered":"Andreas Eckert, der Antisemitismus und der Hexenwahn"},"content":{"rendered":"\n<p>Die Hexenverfolgung war ein d\u00fcsteres Kapitel der fr\u00fchen Neuzeit. In Europa wurde laut Wikipedia drei Millionen Menschen der Prozess gemacht. 40.000 bis 60.000 Menschen \u2013 s\u00e4mtlich unschuldig \u2013 wurden hingerichtet. Die Dunkelziffer der Ermordeten d\u00fcrfte erheblich h\u00f6her liegen. In anderen Teilen der Welt \u2013 vor allem in Afrika s\u00fcdlich der Sahara und Teilen Asiens \u2013 werden Menschen bis heute als Hexen verd\u00e4chtigt, verfolgt und get\u00f6tet.<\/p>\n\n\n\n<!--more-->\n\n\n\n<p>Das wei\u00df der Historiker und Afrika-Experte Andreas Eckert nat\u00fcrlich ganz genau. Er hat intensiv zu Douala \u2013 einer Stadt in Kamerun \u2013 und deren Bewohnern geforscht. In Douala und Umgebung ist bis heute der Hexenglaube verbreitet. 2014 kam es zu massenhafter Gewalt gegen angebliche Hexen und Hexer in der Stadt Bu\u00e9a, etwa 80 Kilometer von Douala entfernt, als Hunderte von Menschen eine Woche lang tobten und im Stadtviertel Tol\u00e9 L\u00e4den pl\u00fcnderten und Wohnh\u00e4user anz\u00fcndeten. Den Bewohnern Tol\u00e9s wurde vom Mob vorgeworfen, Mitglieder eines Hexenkults zu sein.<\/p>\n\n\n\n<p>Ein Jahr zuvor hatten Ger\u00fcchte \u00fcber den Tod einer Studentin in Bu\u00e9a \u00e4hnliche Szenen ausgel\u00f6st. Die Studentin, hie\u00df es in den sozialen Medien, sei von einem Mann verschluckt worden, der sich anschlie\u00dfend in eine Pythonschlange verwandelt habe. Menschen rotteten sich vor dem Hotel zusammen, wo der Mord stattgefunden haben sollte, und wollten den angeblichen \u201eHexer\u201c lynchen.<\/p>\n\n\n\n<p>Und so weiter und so fort. Eine Google-Suche mit den Begriffen \u201eWitchcraft\u201c und \u201eAfrica\u201c brachte fast 14 Millionen Treffer in weniger als einer Sekunde. Die meisten \u2013 darum habe ich auf Englisch gegoogelt \u2013 aus afrikanischen Medien.<\/p>\n\n\n\n<p>Warum erw\u00e4hne ich das? Weil der Afrika-Experte Professor Doktor Andreas Eckert im Gespr\u00e4ch mit SWR2 <a href=\"https:\/\/www.swr.de\/swr2\/leben-und-gesellschaft\/antisemitismus-vorwuerfe-gegen-achille-mbembe-anzeichen-einer-hexenjagd-104.html\" target=\"_blank\" rel=\"noreferrer noopener\">gesagt <\/a>hat, er erkenne in den Antisemitismus-Vorw\u00fcrfen gegen den Postkolonialismus-Forscher Achille Mbembe \u201egewisse Anzeichen einer Hexenjagd\u201c.<\/p>\n\n\n\n<p><strong>Wer den Hexenwahn kritisiert, wird des Hexenwahns verd\u00e4chtigt<\/strong><\/p>\n\n\n\n<p>Man muss sich das einmal auf der Zunge zergehen lassen. Die Kritik an den antisemitischen Positionen eines Akademikers, vorgetragen von Experten auf dem Gebiet des Antisemitismus, allen voran des Beauftragten der Bundesregierung, belegt mit Stellen aus den Schriften besagten Akademikers und verbunden einzig mit der Forderung, er solle nicht als Ehrengast die steuerfinanzierte, also quasi-offizielle Ruhrtriennale er\u00f6ffnen, wird gleichgesetzt \u2013 nicht \u201everglichen\u201c \u2013 mit einer irrationalen Verfolgung, der Zehntausende, vielleicht Hunderttausende unschuldig zum Opfer gefallen sind. Das ist so logisch, als w\u00fcrde man Kritiker des Hexenwahns des Hexenwahns beschuldigen. Wenn \u00fcberhaupt irgendetwas mit der historischen und gegenw\u00e4rtigen Hexenverfolgung verglichen werden k\u00f6nnte, dann w\u00e4re es der christliche und nachchristliche Antisemitismus, der ja \u00e4hnlich wahnhaft ist und sich oft genug als noch t\u00f6dlicher erwiesen hat.\u00a0<\/p>\n\n\n\n<p>Ich erw\u00e4hne an dieser Stelle nur am Rande, dass der aus Kamerun stammende Mbembe wiederholt gefordert hat, in Bezug auf Afrika solle man auf Begriffe wie Hexerei verzichten, weil solche Worte angeblich dazu beitragen, Afrika in den Augen der Europ\u00e4er \u201eprimitiv\u201c erscheinen zu lassen; dass Mbembe mithin im Interesse einer antikolonialen Agenda Hexenjagden nicht Hexenjagden nennen will. Das mag er mit den Opfern des Hexenwahns ausmachen.<\/p>\n\n\n\n<p>Wenn aber Kritiker des modernen internationalen Hexenwahns, der sich Antisemitismus nennt, ihrerseits von einem renommierten deutschen Akademiker \u2013 der sich allerdings ebenso wenig Expertise in Sachen Israel und Pal\u00e4stina erworben hat wie Achille Mbembe und sich daher umso ungehemmter dazu \u00e4u\u00dfert \u2013 mit Hexenj\u00e4gern verglichen werden, und wenn das von einem \u00f6ffentlich-rechtlichen Medium unkommentiert in die Welt hinausposaunt wird, so haben wir es nicht nur mit einer ahistorischen Dummheit zu tun, sondern mit einer Umwertung der Werte, mit einer Verkehrung von T\u00e4tern und Opfern, mit einer miesen Stimmungsmache, die eines Akademikers ebenso unw\u00fcrdig ist wie es f\u00fcr den S\u00fcdwestdeutschen Rundfunk inakzeptabel sein m\u00fcsste.<\/p>\n\n\n\n<p>Andreas Eckert und der SWR sollten sich bei Felix Klein entschuldigen. Und zwar \u00f6ffentlich.<\/p>\n<div class=\"shariff shariff-align-left shariff-widget-align-left shariff-buttonstretch\" style=\"display:none\"><ul class=\"shariff-buttons theme-white orientation-horizontal buttonsize-medium\"><li class=\"shariff-button facebook shariff-nocustomcolor\" style=\"background-color:#4273c8\"><a href=\"https:\/\/www.facebook.com\/sharer\/sharer.php?u=https%3A%2F%2Fstarke-meinungen.de%2Fblog%2F2020%2F04%2F30%2Fandreas-eckert-der-antisemitismus-und-der-hexenwahn%2F\" title=\"Bei Facebook teilen\" aria-label=\"Bei Facebook teilen\" role=\"button\" rel=\"nofollow\" class=\"shariff-link\" style=\"; background-color:#3b5998; color:#3b5998\" target=\"_blank\"><span class=\"shariff-icon\" style=\"fill:#3b5998\"><svg width=\"32px\" height=\"20px\" xmlns=\"http:\/\/www.w3.org\/2000\/svg\" viewBox=\"0 0 18 32\"><path fill=\"#3b5998\" d=\"M17.1 0.2v4.7h-2.8q-1.5 0-2.1 0.6t-0.5 1.9v3.4h5.2l-0.7 5.3h-4.5v13.6h-5.5v-13.6h-4.5v-5.3h4.5v-3.9q0-3.3 1.9-5.2t5-1.8q2.6 0 4.1 0.2z\"\/><\/svg><\/span><span class=\"shariff-text\" style=\"color:#3b5998\">teilen<\/span>&nbsp;<\/a><\/li><li class=\"shariff-button twitter shariff-nocustomcolor\" style=\"background-color:#595959\"><a href=\"https:\/\/twitter.com\/share?url=https%3A%2F%2Fstarke-meinungen.de%2Fblog%2F2020%2F04%2F30%2Fandreas-eckert-der-antisemitismus-und-der-hexenwahn%2F&text=Andreas%20Eckert%2C%20der%20Antisemitismus%20und%20der%20Hexenwahn&via=starkemeinungen\" title=\"Bei X teilen\" aria-label=\"Bei X teilen\" role=\"button\" rel=\"noopener nofollow\" class=\"shariff-link\" style=\"; background-color:#000; color:#000\" target=\"_blank\"><span class=\"shariff-icon\" style=\"fill:#000\"><svg width=\"32px\" height=\"20px\" xmlns=\"http:\/\/www.w3.org\/2000\/svg\" viewBox=\"0 0 24 24\"><path fill=\"#000\" d=\"M14.258 10.152L23.176 0h-2.113l-7.747 8.813L7.133 0H0l9.352 13.328L0 23.973h2.113l8.176-9.309 6.531 9.309h7.133zm-2.895 3.293l-.949-1.328L2.875 1.56h3.246l6.086 8.523.945 1.328 7.91 11.078h-3.246zm0 0\"\/><\/svg><\/span><span class=\"shariff-text\" style=\"color:#000\">teilen<\/span>&nbsp;<\/a><\/li><li class=\"shariff-button linkedin shariff-nocustomcolor\" style=\"background-color:#1488bf\"><a href=\"https:\/\/www.linkedin.com\/sharing\/share-offsite\/?url=https%3A%2F%2Fstarke-meinungen.de%2Fblog%2F2020%2F04%2F30%2Fandreas-eckert-der-antisemitismus-und-der-hexenwahn%2F\" title=\"Bei LinkedIn teilen\" aria-label=\"Bei LinkedIn teilen\" role=\"button\" rel=\"noopener nofollow\" class=\"shariff-link\" style=\"; background-color:#0077b5; color:#0077b5\" target=\"_blank\"><span class=\"shariff-icon\" style=\"fill:#0077b5\"><svg width=\"32px\" height=\"20px\" xmlns=\"http:\/\/www.w3.org\/2000\/svg\" viewBox=\"0 0 27 32\"><path fill=\"#0077b5\" d=\"M6.2 11.2v17.7h-5.9v-17.7h5.9zM6.6 5.7q0 1.3-0.9 2.2t-2.4 0.9h0q-1.5 0-2.4-0.9t-0.9-2.2 0.9-2.2 2.4-0.9 2.4 0.9 0.9 2.2zM27.4 18.7v10.1h-5.9v-9.5q0-1.9-0.7-2.9t-2.3-1.1q-1.1 0-1.9 0.6t-1.2 1.5q-0.2 0.5-0.2 1.4v9.9h-5.9q0-7.1 0-11.6t0-5.3l0-0.9h5.9v2.6h0q0.4-0.6 0.7-1t1-0.9 1.6-0.8 2-0.3q3 0 4.9 2t1.9 6z\"\/><\/svg><\/span><span class=\"shariff-text\" style=\"color:#0077b5\">teilen<\/span>&nbsp;<\/a><\/li><li class=\"shariff-button xing shariff-nocustomcolor\" style=\"background-color:#29888a\"><a href=\"https:\/\/www.xing.com\/spi\/shares\/new?url=https%3A%2F%2Fstarke-meinungen.de%2Fblog%2F2020%2F04%2F30%2Fandreas-eckert-der-antisemitismus-und-der-hexenwahn%2F\" title=\"Bei XING teilen\" aria-label=\"Bei XING teilen\" role=\"button\" rel=\"noopener nofollow\" class=\"shariff-link\" style=\"; background-color:#126567; color:#126567\" target=\"_blank\"><span class=\"shariff-icon\" style=\"fill:#126567\"><svg width=\"32px\" height=\"20px\" xmlns=\"http:\/\/www.w3.org\/2000\/svg\" viewBox=\"0 0 25 32\"><path fill=\"#126567\" d=\"M10.7 11.9q-0.2 0.3-4.6 8.2-0.5 0.8-1.2 0.8h-4.3q-0.4 0-0.5-0.3t0-0.6l4.5-8q0 0 0 0l-2.9-5q-0.2-0.4 0-0.7 0.2-0.3 0.5-0.3h4.3q0.7 0 1.2 0.8zM25.1 0.4q0.2 0.3 0 0.7l-9.4 16.7 6 11q0.2 0.4 0 0.6-0.2 0.3-0.6 0.3h-4.3q-0.7 0-1.2-0.8l-6-11.1q0.3-0.6 9.5-16.8 0.4-0.8 1.2-0.8h4.3q0.4 0 0.5 0.3z\"\/><\/svg><\/span><span class=\"shariff-text\" style=\"color:#126567\">teilen<\/span>&nbsp;<\/a><\/li><li class=\"shariff-button whatsapp shariff-nocustomcolor\" style=\"background-color:#5cbe4a\"><a href=\"https:\/\/api.whatsapp.com\/send?text=https%3A%2F%2Fstarke-meinungen.de%2Fblog%2F2020%2F04%2F30%2Fandreas-eckert-der-antisemitismus-und-der-hexenwahn%2F%20Andreas%20Eckert%2C%20der%20Antisemitismus%20und%20der%20Hexenwahn\" title=\"Bei Whatsapp teilen\" aria-label=\"Bei Whatsapp teilen\" role=\"button\" rel=\"noopener nofollow\" class=\"shariff-link\" style=\"; background-color:#34af23; color:#34af23\" target=\"_blank\"><span class=\"shariff-icon\" style=\"fill:#34af23\"><svg width=\"32px\" height=\"20px\" xmlns=\"http:\/\/www.w3.org\/2000\/svg\" viewBox=\"0 0 32 32\"><path fill=\"#34af23\" d=\"M17.6 17.4q0.2 0 1.7 0.8t1.6 0.9q0 0.1 0 0.3 0 0.6-0.3 1.4-0.3 0.7-1.3 1.2t-1.8 0.5q-1 0-3.4-1.1-1.7-0.8-3-2.1t-2.6-3.3q-1.3-1.9-1.3-3.5v-0.1q0.1-1.6 1.3-2.8 0.4-0.4 0.9-0.4 0.1 0 0.3 0t0.3 0q0.3 0 0.5 0.1t0.3 0.5q0.1 0.4 0.6 1.6t0.4 1.3q0 0.4-0.6 1t-0.6 0.8q0 0.1 0.1 0.3 0.6 1.3 1.8 2.4 1 0.9 2.7 1.8 0.2 0.1 0.4 0.1 0.3 0 1-0.9t0.9-0.9zM14 26.9q2.3 0 4.3-0.9t3.6-2.4 2.4-3.6 0.9-4.3-0.9-4.3-2.4-3.6-3.6-2.4-4.3-0.9-4.3 0.9-3.6 2.4-2.4 3.6-0.9 4.3q0 3.6 2.1 6.6l-1.4 4.2 4.3-1.4q2.8 1.9 6.2 1.9zM14 2.2q2.7 0 5.2 1.1t4.3 2.9 2.9 4.3 1.1 5.2-1.1 5.2-2.9 4.3-4.3 2.9-5.2 1.1q-3.5 0-6.5-1.7l-7.4 2.4 2.4-7.2q-1.9-3.2-1.9-6.9 0-2.7 1.1-5.2t2.9-4.3 4.3-2.9 5.2-1.1z\"\/><\/svg><\/span><span class=\"shariff-text\" style=\"color:#34af23\">teilen<\/span>&nbsp;<\/a><\/li><li class=\"shariff-button info shariff-nocustomcolor\" style=\"background-color:#a8a8a8\"><a href=\"http:\/\/ct.de\/-2467514\" title=\"Weitere Informationen\" aria-label=\"Weitere Informationen\" role=\"button\" rel=\"noopener \" class=\"shariff-link\" style=\"; background-color:#999; color:#999\" target=\"_blank\"><span class=\"shariff-icon\" style=\"fill:#999\"><svg width=\"32px\" height=\"20px\" xmlns=\"http:\/\/www.w3.org\/2000\/svg\" viewBox=\"0 0 11 32\"><path fill=\"#999\" d=\"M11.4 24v2.3q0 0.5-0.3 0.8t-0.8 0.4h-9.1q-0.5 0-0.8-0.4t-0.4-0.8v-2.3q0-0.5 0.4-0.8t0.8-0.4h1.1v-6.8h-1.1q-0.5 0-0.8-0.4t-0.4-0.8v-2.3q0-0.5 0.4-0.8t0.8-0.4h6.8q0.5 0 0.8 0.4t0.4 0.8v10.3h1.1q0.5 0 0.8 0.4t0.3 0.8zM9.2 3.4v3.4q0 0.5-0.4 0.8t-0.8 0.4h-4.6q-0.4 0-0.8-0.4t-0.4-0.8v-3.4q0-0.4 0.4-0.8t0.8-0.4h4.6q0.5 0 0.8 0.4t0.4 0.8z\"\/><\/svg><\/span><\/a><\/li><\/ul><\/div>","protected":false},"excerpt":{"rendered":"<p>Die Hexenverfolgung war ein d\u00fcsteres Kapitel der fr\u00fchen Neuzeit. In Europa wurde laut Wikipedia drei Millionen Menschen der Prozess gemacht. 40.000 bis 60.000 Menschen \u2013 s\u00e4mtlich unschuldig \u2013 wurden hingerichtet. Die Dunkelziffer der Ermordeten d\u00fcrfte erheblich h\u00f6her liegen. In anderen Teilen der Welt \u2013 vor allem in Afrika s\u00fcdlich der Sahara und Teilen Asiens \u2013 werden Menschen bis heute als&#8230; <a href=\"https:\/\/starke-meinungen.de\/blog\/2020\/04\/30\/andreas-eckert-der-antisemitismus-und-der-hexenwahn\/\">Weiterlesen &raquo;<\/a><\/p>\n","protected":false},"author":13,"featured_media":8508,"comment_status":"open","ping_status":"open","sticky":false,"template":"","format":"standard","meta":{"footnotes":""},"categories":[209,1],"tags":[3332,3399,371,3398,3400],"class_list":["post-8506","post","type-post","status-publish","format-standard","has-post-thumbnail","hentry","category-alan-posener","category-allgemein","tag-achille-mbembe","tag-andreas-eckert","tag-antisemitismus","tag-hexenwahn","tag-kamerun"],"yoast_head":"<!-- This site is optimized with the Yoast SEO plugin v27.4 - https:\/\/yoast.com\/product\/yoast-seo-wordpress\/ -->\n<title>Andreas Eckert, der Antisemitismus und der Hexenwahn - starke-meinungen.de<\/title>\n<meta name=\"robots\" content=\"index, follow, max-snippet:-1, max-image-preview:large, max-video-preview:-1\" \/>\n<link rel=\"canonical\" href=\"https:\/\/starke-meinungen.de\/blog\/2020\/04\/30\/andreas-eckert-der-antisemitismus-und-der-hexenwahn\/\" \/>\n<meta property=\"og:locale\" content=\"de_DE\" \/>\n<meta property=\"og:type\" content=\"article\" \/>\n<meta property=\"og:title\" content=\"Andreas Eckert, der Antisemitismus und der Hexenwahn - starke-meinungen.de\" \/>\n<meta property=\"og:description\" content=\"Die Hexenverfolgung war ein d\u00fcsteres Kapitel der fr\u00fchen Neuzeit. In Europa wurde laut Wikipedia drei Millionen Menschen der Prozess gemacht. 40.000 bis 60.000 Menschen \u2013 s\u00e4mtlich unschuldig \u2013 wurden hingerichtet. Die Dunkelziffer der Ermordeten d\u00fcrfte erheblich h\u00f6her liegen. In anderen Teilen der Welt \u2013 vor allem in Afrika s\u00fcdlich der Sahara und Teilen Asiens \u2013 werden Menschen bis heute als... Weiterlesen &raquo;\" \/>\n<meta property=\"og:url\" content=\"https:\/\/starke-meinungen.de\/blog\/2020\/04\/30\/andreas-eckert-der-antisemitismus-und-der-hexenwahn\/\" \/>\n<meta property=\"og:site_name\" content=\"starke-meinungen.de\" \/>\n<meta property=\"article:publisher\" content=\"https:\/\/www.facebook.com\/starkemeinungen\/\" \/>\n<meta property=\"article:published_time\" content=\"2020-04-30T11:52:31+00:00\" \/>\n<meta property=\"article:modified_time\" content=\"2020-04-30T11:52:39+00:00\" \/>\n<meta property=\"og:image\" content=\"https:\/\/starke-meinungen.de\/blog\/wp-content\/uploads\/witches-1596x900-1.jpg\" \/>\n\t<meta property=\"og:image:width\" content=\"1596\" \/>\n\t<meta property=\"og:image:height\" content=\"900\" \/>\n\t<meta property=\"og:image:type\" content=\"image\/jpeg\" \/>\n<meta name=\"author\" content=\"Alan Posener\" \/>\n<meta name=\"twitter:card\" content=\"summary_large_image\" \/>\n<meta name=\"twitter:creator\" content=\"@starkemeinungen\" \/>\n<meta name=\"twitter:site\" content=\"@starkemeinungen\" \/>\n<meta name=\"twitter:label1\" content=\"Verfasst von\" \/>\n\t<meta name=\"twitter:data1\" content=\"Alan Posener\" \/>\n\t<meta name=\"twitter:label2\" content=\"Gesch\u00e4tzte Lesezeit\" \/>\n\t<meta name=\"twitter:data2\" content=\"3\u00a0Minuten\" \/>\n<script type=\"application\/ld+json\" class=\"yoast-schema-graph\">{\"@context\":\"https:\\\/\\\/schema.org\",\"@graph\":[{\"@type\":\"Article\",\"@id\":\"https:\\\/\\\/starke-meinungen.de\\\/blog\\\/2020\\\/04\\\/30\\\/andreas-eckert-der-antisemitismus-und-der-hexenwahn\\\/#article\",\"isPartOf\":{\"@id\":\"https:\\\/\\\/starke-meinungen.de\\\/blog\\\/2020\\\/04\\\/30\\\/andreas-eckert-der-antisemitismus-und-der-hexenwahn\\\/\"},\"author\":{\"name\":\"Alan Posener\",\"@id\":\"https:\\\/\\\/starke-meinungen.de\\\/blog\\\/#\\\/schema\\\/person\\\/32d0faef7c31a37c1c89be993d7a6d28\"},\"headline\":\"Andreas Eckert, der Antisemitismus und der Hexenwahn\",\"datePublished\":\"2020-04-30T11:52:31+00:00\",\"dateModified\":\"2020-04-30T11:52:39+00:00\",\"mainEntityOfPage\":{\"@id\":\"https:\\\/\\\/starke-meinungen.de\\\/blog\\\/2020\\\/04\\\/30\\\/andreas-eckert-der-antisemitismus-und-der-hexenwahn\\\/\"},\"wordCount\":618,\"commentCount\":46,\"publisher\":{\"@id\":\"https:\\\/\\\/starke-meinungen.de\\\/blog\\\/#organization\"},\"image\":{\"@id\":\"https:\\\/\\\/starke-meinungen.de\\\/blog\\\/2020\\\/04\\\/30\\\/andreas-eckert-der-antisemitismus-und-der-hexenwahn\\\/#primaryimage\"},\"thumbnailUrl\":\"https:\\\/\\\/starke-meinungen.de\\\/blog\\\/wp-content\\\/uploads\\\/witches-1596x900-1.jpg\",\"keywords\":[\"Achille Mbembe\",\"Andreas Eckert\",\"Antisemitismus\",\"Hexenwahn\",\"Kamerun\"],\"articleSection\":[\"Alan Posener\"],\"inLanguage\":\"de\",\"potentialAction\":[{\"@type\":\"CommentAction\",\"name\":\"Comment\",\"target\":[\"https:\\\/\\\/starke-meinungen.de\\\/blog\\\/2020\\\/04\\\/30\\\/andreas-eckert-der-antisemitismus-und-der-hexenwahn\\\/#respond\"]}]},{\"@type\":\"WebPage\",\"@id\":\"https:\\\/\\\/starke-meinungen.de\\\/blog\\\/2020\\\/04\\\/30\\\/andreas-eckert-der-antisemitismus-und-der-hexenwahn\\\/\",\"url\":\"https:\\\/\\\/starke-meinungen.de\\\/blog\\\/2020\\\/04\\\/30\\\/andreas-eckert-der-antisemitismus-und-der-hexenwahn\\\/\",\"name\":\"Andreas Eckert, der Antisemitismus und der Hexenwahn - starke-meinungen.de\",\"isPartOf\":{\"@id\":\"https:\\\/\\\/starke-meinungen.de\\\/blog\\\/#website\"},\"primaryImageOfPage\":{\"@id\":\"https:\\\/\\\/starke-meinungen.de\\\/blog\\\/2020\\\/04\\\/30\\\/andreas-eckert-der-antisemitismus-und-der-hexenwahn\\\/#primaryimage\"},\"image\":{\"@id\":\"https:\\\/\\\/starke-meinungen.de\\\/blog\\\/2020\\\/04\\\/30\\\/andreas-eckert-der-antisemitismus-und-der-hexenwahn\\\/#primaryimage\"},\"thumbnailUrl\":\"https:\\\/\\\/starke-meinungen.de\\\/blog\\\/wp-content\\\/uploads\\\/witches-1596x900-1.jpg\",\"datePublished\":\"2020-04-30T11:52:31+00:00\",\"dateModified\":\"2020-04-30T11:52:39+00:00\",\"breadcrumb\":{\"@id\":\"https:\\\/\\\/starke-meinungen.de\\\/blog\\\/2020\\\/04\\\/30\\\/andreas-eckert-der-antisemitismus-und-der-hexenwahn\\\/#breadcrumb\"},\"inLanguage\":\"de\",\"potentialAction\":[{\"@type\":\"ReadAction\",\"target\":[\"https:\\\/\\\/starke-meinungen.de\\\/blog\\\/2020\\\/04\\\/30\\\/andreas-eckert-der-antisemitismus-und-der-hexenwahn\\\/\"]}]},{\"@type\":\"ImageObject\",\"inLanguage\":\"de\",\"@id\":\"https:\\\/\\\/starke-meinungen.de\\\/blog\\\/2020\\\/04\\\/30\\\/andreas-eckert-der-antisemitismus-und-der-hexenwahn\\\/#primaryimage\",\"url\":\"https:\\\/\\\/starke-meinungen.de\\\/blog\\\/wp-content\\\/uploads\\\/witches-1596x900-1.jpg\",\"contentUrl\":\"https:\\\/\\\/starke-meinungen.de\\\/blog\\\/wp-content\\\/uploads\\\/witches-1596x900-1.jpg\",\"width\":1596,\"height\":900,\"caption\":\"Witch-burning in the county Reinstein (Regenstein, Saxony-Anhalt, Germany) in 1555. Woodcut engraving after an original of a leaflet in the Collections of the Germanisches Nationalmusem in Nuremberg, published in 1881.\"},{\"@type\":\"BreadcrumbList\",\"@id\":\"https:\\\/\\\/starke-meinungen.de\\\/blog\\\/2020\\\/04\\\/30\\\/andreas-eckert-der-antisemitismus-und-der-hexenwahn\\\/#breadcrumb\",\"itemListElement\":[{\"@type\":\"ListItem\",\"position\":1,\"name\":\"Startseite\",\"item\":\"https:\\\/\\\/starke-meinungen.de\\\/blog\\\/\"},{\"@type\":\"ListItem\",\"position\":2,\"name\":\"Andreas Eckert, der Antisemitismus und der Hexenwahn\"}]},{\"@type\":\"WebSite\",\"@id\":\"https:\\\/\\\/starke-meinungen.de\\\/blog\\\/#website\",\"url\":\"https:\\\/\\\/starke-meinungen.de\\\/blog\\\/\",\"name\":\"starke-meinungen.de\",\"description\":\"Autoren-Blog\",\"publisher\":{\"@id\":\"https:\\\/\\\/starke-meinungen.de\\\/blog\\\/#organization\"},\"potentialAction\":[{\"@type\":\"SearchAction\",\"target\":{\"@type\":\"EntryPoint\",\"urlTemplate\":\"https:\\\/\\\/starke-meinungen.de\\\/blog\\\/?s={search_term_string}\"},\"query-input\":{\"@type\":\"PropertyValueSpecification\",\"valueRequired\":true,\"valueName\":\"search_term_string\"}}],\"inLanguage\":\"de\"},{\"@type\":\"Organization\",\"@id\":\"https:\\\/\\\/starke-meinungen.de\\\/blog\\\/#organization\",\"name\":\"starke-meinungen.de\",\"url\":\"https:\\\/\\\/starke-meinungen.de\\\/blog\\\/\",\"logo\":{\"@type\":\"ImageObject\",\"inLanguage\":\"de\",\"@id\":\"https:\\\/\\\/starke-meinungen.de\\\/blog\\\/#\\\/schema\\\/logo\\\/image\\\/\",\"url\":\"https:\\\/\\\/starke-meinungen.de\\\/blog\\\/wp-content\\\/uploads\\\/starke-meinungen-fb-header.jpg\",\"contentUrl\":\"https:\\\/\\\/starke-meinungen.de\\\/blog\\\/wp-content\\\/uploads\\\/starke-meinungen-fb-header.jpg\",\"width\":1200,\"height\":630,\"caption\":\"starke-meinungen.de\"},\"image\":{\"@id\":\"https:\\\/\\\/starke-meinungen.de\\\/blog\\\/#\\\/schema\\\/logo\\\/image\\\/\"},\"sameAs\":[\"https:\\\/\\\/www.facebook.com\\\/starkemeinungen\\\/\",\"https:\\\/\\\/x.com\\\/starkemeinungen\"]},{\"@type\":\"Person\",\"@id\":\"https:\\\/\\\/starke-meinungen.de\\\/blog\\\/#\\\/schema\\\/person\\\/32d0faef7c31a37c1c89be993d7a6d28\",\"name\":\"Alan Posener\",\"image\":{\"@type\":\"ImageObject\",\"inLanguage\":\"de\",\"@id\":\"https:\\\/\\\/secure.gravatar.com\\\/avatar\\\/c75c8818a9ab78c4faa75048dba7844e2587998cda4d93f84e7d86f7e21a9b90?s=96&d=mm&r=g\",\"url\":\"https:\\\/\\\/secure.gravatar.com\\\/avatar\\\/c75c8818a9ab78c4faa75048dba7844e2587998cda4d93f84e7d86f7e21a9b90?s=96&d=mm&r=g\",\"contentUrl\":\"https:\\\/\\\/secure.gravatar.com\\\/avatar\\\/c75c8818a9ab78c4faa75048dba7844e2587998cda4d93f84e7d86f7e21a9b90?s=96&d=mm&r=g\",\"caption\":\"Alan Posener\"},\"url\":\"https:\\\/\\\/starke-meinungen.de\\\/blog\\\/author\\\/posener\\\/\"}]}<\/script>\n<!-- \/ Yoast SEO plugin. -->","yoast_head_json":{"title":"Andreas Eckert, der Antisemitismus und der Hexenwahn - starke-meinungen.de","robots":{"index":"index","follow":"follow","max-snippet":"max-snippet:-1","max-image-preview":"max-image-preview:large","max-video-preview":"max-video-preview:-1"},"canonical":"https:\/\/starke-meinungen.de\/blog\/2020\/04\/30\/andreas-eckert-der-antisemitismus-und-der-hexenwahn\/","og_locale":"de_DE","og_type":"article","og_title":"Andreas Eckert, der Antisemitismus und der Hexenwahn - starke-meinungen.de","og_description":"Die Hexenverfolgung war ein d\u00fcsteres Kapitel der fr\u00fchen Neuzeit. In Europa wurde laut Wikipedia drei Millionen Menschen der Prozess gemacht. 40.000 bis 60.000 Menschen \u2013 s\u00e4mtlich unschuldig \u2013 wurden hingerichtet. Die Dunkelziffer der Ermordeten d\u00fcrfte erheblich h\u00f6her liegen. In anderen Teilen der Welt \u2013 vor allem in Afrika s\u00fcdlich der Sahara und Teilen Asiens \u2013 werden Menschen bis heute als... Weiterlesen &raquo;","og_url":"https:\/\/starke-meinungen.de\/blog\/2020\/04\/30\/andreas-eckert-der-antisemitismus-und-der-hexenwahn\/","og_site_name":"starke-meinungen.de","article_publisher":"https:\/\/www.facebook.com\/starkemeinungen\/","article_published_time":"2020-04-30T11:52:31+00:00","article_modified_time":"2020-04-30T11:52:39+00:00","og_image":[{"width":1596,"height":900,"url":"https:\/\/starke-meinungen.de\/blog\/wp-content\/uploads\/witches-1596x900-1.jpg","type":"image\/jpeg"}],"author":"Alan Posener","twitter_card":"summary_large_image","twitter_creator":"@starkemeinungen","twitter_site":"@starkemeinungen","twitter_misc":{"Verfasst von":"Alan Posener","Gesch\u00e4tzte Lesezeit":"3\u00a0Minuten"},"schema":{"@context":"https:\/\/schema.org","@graph":[{"@type":"Article","@id":"https:\/\/starke-meinungen.de\/blog\/2020\/04\/30\/andreas-eckert-der-antisemitismus-und-der-hexenwahn\/#article","isPartOf":{"@id":"https:\/\/starke-meinungen.de\/blog\/2020\/04\/30\/andreas-eckert-der-antisemitismus-und-der-hexenwahn\/"},"author":{"name":"Alan Posener","@id":"https:\/\/starke-meinungen.de\/blog\/#\/schema\/person\/32d0faef7c31a37c1c89be993d7a6d28"},"headline":"Andreas Eckert, der Antisemitismus und der Hexenwahn","datePublished":"2020-04-30T11:52:31+00:00","dateModified":"2020-04-30T11:52:39+00:00","mainEntityOfPage":{"@id":"https:\/\/starke-meinungen.de\/blog\/2020\/04\/30\/andreas-eckert-der-antisemitismus-und-der-hexenwahn\/"},"wordCount":618,"commentCount":46,"publisher":{"@id":"https:\/\/starke-meinungen.de\/blog\/#organization"},"image":{"@id":"https:\/\/starke-meinungen.de\/blog\/2020\/04\/30\/andreas-eckert-der-antisemitismus-und-der-hexenwahn\/#primaryimage"},"thumbnailUrl":"https:\/\/starke-meinungen.de\/blog\/wp-content\/uploads\/witches-1596x900-1.jpg","keywords":["Achille Mbembe","Andreas Eckert","Antisemitismus","Hexenwahn","Kamerun"],"articleSection":["Alan Posener"],"inLanguage":"de","potentialAction":[{"@type":"CommentAction","name":"Comment","target":["https:\/\/starke-meinungen.de\/blog\/2020\/04\/30\/andreas-eckert-der-antisemitismus-und-der-hexenwahn\/#respond"]}]},{"@type":"WebPage","@id":"https:\/\/starke-meinungen.de\/blog\/2020\/04\/30\/andreas-eckert-der-antisemitismus-und-der-hexenwahn\/","url":"https:\/\/starke-meinungen.de\/blog\/2020\/04\/30\/andreas-eckert-der-antisemitismus-und-der-hexenwahn\/","name":"Andreas Eckert, der Antisemitismus und der Hexenwahn - starke-meinungen.de","isPartOf":{"@id":"https:\/\/starke-meinungen.de\/blog\/#website"},"primaryImageOfPage":{"@id":"https:\/\/starke-meinungen.de\/blog\/2020\/04\/30\/andreas-eckert-der-antisemitismus-und-der-hexenwahn\/#primaryimage"},"image":{"@id":"https:\/\/starke-meinungen.de\/blog\/2020\/04\/30\/andreas-eckert-der-antisemitismus-und-der-hexenwahn\/#primaryimage"},"thumbnailUrl":"https:\/\/starke-meinungen.de\/blog\/wp-content\/uploads\/witches-1596x900-1.jpg","datePublished":"2020-04-30T11:52:31+00:00","dateModified":"2020-04-30T11:52:39+00:00","breadcrumb":{"@id":"https:\/\/starke-meinungen.de\/blog\/2020\/04\/30\/andreas-eckert-der-antisemitismus-und-der-hexenwahn\/#breadcrumb"},"inLanguage":"de","potentialAction":[{"@type":"ReadAction","target":["https:\/\/starke-meinungen.de\/blog\/2020\/04\/30\/andreas-eckert-der-antisemitismus-und-der-hexenwahn\/"]}]},{"@type":"ImageObject","inLanguage":"de","@id":"https:\/\/starke-meinungen.de\/blog\/2020\/04\/30\/andreas-eckert-der-antisemitismus-und-der-hexenwahn\/#primaryimage","url":"https:\/\/starke-meinungen.de\/blog\/wp-content\/uploads\/witches-1596x900-1.jpg","contentUrl":"https:\/\/starke-meinungen.de\/blog\/wp-content\/uploads\/witches-1596x900-1.jpg","width":1596,"height":900,"caption":"Witch-burning in the county Reinstein (Regenstein, Saxony-Anhalt, Germany) in 1555. Woodcut engraving after an original of a leaflet in the Collections of the Germanisches Nationalmusem in Nuremberg, published in 1881."},{"@type":"BreadcrumbList","@id":"https:\/\/starke-meinungen.de\/blog\/2020\/04\/30\/andreas-eckert-der-antisemitismus-und-der-hexenwahn\/#breadcrumb","itemListElement":[{"@type":"ListItem","position":1,"name":"Startseite","item":"https:\/\/starke-meinungen.de\/blog\/"},{"@type":"ListItem","position":2,"name":"Andreas Eckert, der Antisemitismus und der Hexenwahn"}]},{"@type":"WebSite","@id":"https:\/\/starke-meinungen.de\/blog\/#website","url":"https:\/\/starke-meinungen.de\/blog\/","name":"starke-meinungen.de","description":"Autoren-Blog","publisher":{"@id":"https:\/\/starke-meinungen.de\/blog\/#organization"},"potentialAction":[{"@type":"SearchAction","target":{"@type":"EntryPoint","urlTemplate":"https:\/\/starke-meinungen.de\/blog\/?s={search_term_string}"},"query-input":{"@type":"PropertyValueSpecification","valueRequired":true,"valueName":"search_term_string"}}],"inLanguage":"de"},{"@type":"Organization","@id":"https:\/\/starke-meinungen.de\/blog\/#organization","name":"starke-meinungen.de","url":"https:\/\/starke-meinungen.de\/blog\/","logo":{"@type":"ImageObject","inLanguage":"de","@id":"https:\/\/starke-meinungen.de\/blog\/#\/schema\/logo\/image\/","url":"https:\/\/starke-meinungen.de\/blog\/wp-content\/uploads\/starke-meinungen-fb-header.jpg","contentUrl":"https:\/\/starke-meinungen.de\/blog\/wp-content\/uploads\/starke-meinungen-fb-header.jpg","width":1200,"height":630,"caption":"starke-meinungen.de"},"image":{"@id":"https:\/\/starke-meinungen.de\/blog\/#\/schema\/logo\/image\/"},"sameAs":["https:\/\/www.facebook.com\/starkemeinungen\/","https:\/\/x.com\/starkemeinungen"]},{"@type":"Person","@id":"https:\/\/starke-meinungen.de\/blog\/#\/schema\/person\/32d0faef7c31a37c1c89be993d7a6d28","name":"Alan Posener","image":{"@type":"ImageObject","inLanguage":"de","@id":"https:\/\/secure.gravatar.com\/avatar\/c75c8818a9ab78c4faa75048dba7844e2587998cda4d93f84e7d86f7e21a9b90?s=96&d=mm&r=g","url":"https:\/\/secure.gravatar.com\/avatar\/c75c8818a9ab78c4faa75048dba7844e2587998cda4d93f84e7d86f7e21a9b90?s=96&d=mm&r=g","contentUrl":"https:\/\/secure.gravatar.com\/avatar\/c75c8818a9ab78c4faa75048dba7844e2587998cda4d93f84e7d86f7e21a9b90?s=96&d=mm&r=g","caption":"Alan Posener"},"url":"https:\/\/starke-meinungen.de\/blog\/author\/posener\/"}]}},"_links":{"self":[{"href":"https:\/\/starke-meinungen.de\/blog\/wp-json\/wp\/v2\/posts\/8506","targetHints":{"allow":["GET"]}}],"collection":[{"href":"https:\/\/starke-meinungen.de\/blog\/wp-json\/wp\/v2\/posts"}],"about":[{"href":"https:\/\/starke-meinungen.de\/blog\/wp-json\/wp\/v2\/types\/post"}],"author":[{"embeddable":true,"href":"https:\/\/starke-meinungen.de\/blog\/wp-json\/wp\/v2\/users\/13"}],"replies":[{"embeddable":true,"href":"https:\/\/starke-meinungen.de\/blog\/wp-json\/wp\/v2\/comments?post=8506"}],"version-history":[{"count":1,"href":"https:\/\/starke-meinungen.de\/blog\/wp-json\/wp\/v2\/posts\/8506\/revisions"}],"predecessor-version":[{"id":8509,"href":"https:\/\/starke-meinungen.de\/blog\/wp-json\/wp\/v2\/posts\/8506\/revisions\/8509"}],"wp:featuredmedia":[{"embeddable":true,"href":"https:\/\/starke-meinungen.de\/blog\/wp-json\/wp\/v2\/media\/8508"}],"wp:attachment":[{"href":"https:\/\/starke-meinungen.de\/blog\/wp-json\/wp\/v2\/media?parent=8506"}],"wp:term":[{"taxonomy":"category","embeddable":true,"href":"https:\/\/starke-meinungen.de\/blog\/wp-json\/wp\/v2\/categories?post=8506"},{"taxonomy":"post_tag","embeddable":true,"href":"https:\/\/starke-meinungen.de\/blog\/wp-json\/wp\/v2\/tags?post=8506"}],"curies":[{"name":"wp","href":"https:\/\/api.w.org\/{rel}","templated":true}]}}