

{"id":8224,"date":"2020-01-19T11:52:18","date_gmt":"2020-01-19T11:52:18","guid":{"rendered":"https:\/\/starke-meinungen.de\/blog\/?p=8224"},"modified":"2020-03-18T10:53:37","modified_gmt":"2020-03-18T10:53:37","slug":"die-radikale-meinungsfreiheit-zerstoert-die-liberale-universitaet","status":"publish","type":"post","link":"https:\/\/starke-meinungen.de\/blog\/2020\/01\/19\/die-radikale-meinungsfreiheit-zerstoert-die-liberale-universitaet\/","title":{"rendered":"Die radikale Meinungsfreiheit zerst\u00f6rt die liberale Universit\u00e4t"},"content":{"rendered":"\n<p><strong>Ein Gastbeitrag von Marcus Knauf<\/strong><\/p>\n\n\n\n<p><\/p>\n\n\n\n<p><em>Parteipolitische Auseinandersetzungen geh\u00f6ren nicht an die Universit\u00e4t. Diese Ansicht vertritt der Pr\u00e4sident der Universit\u00e4t Hamburg Dieter Lenzen. Er hat im Oktober sieben Thesen zur Wissenschaftsfreiheit<a href=\"s:\/\/www.tagesspiegel.de\/wissen\/wer-darf-an-der-uni-auftreten-sieben-thesen-zur-freiheit-der-wissenschaft\/25163236.html\"> ver\u00f6ffentlicht<\/a>. Dem <a href=\"https:\/\/www.freiheit.org\/meinungsfreiheit-die-meinungsfreiheit-ist-gefahr\">widersprach <\/a>Karl-Heinz Paqu\u00e9, Vorsitzender der Friedrich-Naumann-Stiftung. Seiner Meinung nach m\u00fcssen politische Debatten auch an Hochschulen gef\u00fchrt werden.<a href=\"#_edn2\"><\/a> Er irrt. Um die Freiheit der Universit\u00e4t zu verteidigen, m\u00fcssen wir akzeptieren, dass die Meinungsfreiheit in der von Paqu\u00e9 reklamierten Form, nicht gilt. Mehr noch: Eine radikale Meinungsfreiheit kann die liberale Universit\u00e4t zerst\u00f6ren.<\/em><br><\/p>\n\n\n\n<p><\/p>\n\n\n\n<!--more-->\n\n\n\n<p>Die Universit\u00e4t ist der Ort der Erkenntnis und nicht der Meinung, also kann auch keine Meinungsfreiheit f\u00fcr Politiker in der von ihnen beanspruchten Weise gelten. So arbeitet es Dieter Lenzen in seinem Essay heraus. In der Universit\u00e4t gehe es um den Wettstreit der Erkenntnisse und nicht um den Wettstreit von Meinungen. Der Pr\u00e4sident der Universit\u00e4t Hamburg macht damit deutlich, welches der grundgesetzlich definierte Auftrag der Universit\u00e4t ist und verpflichtet sie zur parteipolitischen Neutralit\u00e4t. Diese Neutralit\u00e4t ist heute mehr denn je wichtig, um die Freiheit von Wissenschaft und Forschung dauerhaft sicherzustellen. Daher muss gelten, was Lenzen folgenderma\u00dfen ausf\u00fchrt: \u201ePolitische, weltanschauliche oder religi\u00f6se Meinungen und Orientierungen haben im Wissenschaftssystem keinen Anspruch darauf artikuliert zu werden.\u201c<\/p>\n\n\n\n<p>Die Universit\u00e4t Hamburg hat deshalb eine klare, eindeutige Regelung getroffen: Sie stellt keine R\u00e4ume f\u00fcr parteipolitische Veranstaltungen zur Verf\u00fcgung. Daher durfte der FDP-Vorsitzende Christian Lindner an der Universit\u00e4t Hamburg nicht sprechen. Statt diese Entscheidung zu akzeptieren,<a href=\"https:\/\/twitter.com\/c_lindner\/status\/1186638343754436608\/photo\/1\"> griff Lindner<\/a> die Hamburger Wissenschaftssenatorin Katharina Fegebank und die Hochschulleitung scharf an; die Entscheidung der Universit\u00e4t schr\u00e4nke die Meinungsfreiheit ein:<\/p>\n\n\n\n<p>\u201e\u2026 <em>die Universit\u00e4t \u2026setzt gew\u00e4hlte\nVolksvertreter vor die T\u00fcr. Dass die Universit\u00e4t Hamburg Debatten ihrer\nStudentinnen und Studenten mit Politikern wie mir ablehnt, halte ich f\u00fcr h\u00f6chst\nbedenklich. Ich fordere Sie daher auf, mit der universit\u00e4ren Selbstverwaltung\ndas Gespr\u00e4ch zu suchen und daf\u00fcr Sorge zu tragen, dass die Universit\u00e4t Hamburg\nwieder zum Ort des lebendigen politischen Meinungsaustauschs werden kann<\/em>.\u201c<\/p>\n\n\n\n<p>Hier werden Forderungen seitens der\nPolitik gestellt, die erheblich in die Freiheit der Universit\u00e4t und ihre\nakademische Selbstverwaltung eingreifen. Wenn selbst ein liberaler Politiker wie\nLindner so fordernd argumentiert, braucht die Universit\u00e4t dringend den Schutz\nvor parteipolitischer Vereinnahmung.<\/p>\n\n\n\n<p>In der ersten eigenen Emp\u00f6rung mag man\nmanchen Brief schreiben, dessen Inhalt man im Nachhinein nicht auf die\nGoldwaage legen sollte. So k\u00f6nnte man auch das Schreiben Lindners an die\nHamburger Wissenschaftssenatorin behandeln. Jedoch zeigen Lindner und seine\nPartei in diesem Punkt eine extreme Hartn\u00e4ckigkeit und Sch\u00e4rfe, die\nvorgebrachte These der fehlenden Meinungsfreiheit zu verteidigen: Sei es in\nPosts auf Twitter, sei es in einer eigens beantragten und Ende Oktober 2019\ndurchgef\u00fchrten aktuellen Stunde im Bundestag zum Thema Meinungsfreiheit. Dem\npolitischen Liberalismus in Deutschland ist es offenbar sehr ernst mit der\nForderung, dass Politiker das Recht haben sollen, in Universit\u00e4ten mit\nStudierenden zu diskutieren. <\/p>\n\n\n\n<p>Der Pr\u00e4sident der Universit\u00e4t Hamburg\nzieht mit seinem Essay eine Brandmauer um die Universit\u00e4t und wendet sich gegen\nalle Anspr\u00fcche, die wissenschaftsfremd sind. W\u00fcrde er dies nicht tun, entst\u00fcnden\nAnspr\u00fcche an die Universit\u00e4t, die sie als freien Ort der Wissenschaft vernichten\nk\u00f6nnten. Die heftigen Proteste der letzten Monate um den ehemaligen\nAFD-Politiker Bernd Lucke machen deutlich, was es bedeutet, wenn die Mitglieder\nder Universit\u00e4t \u2013&nbsp;hier die Studierenden \u2013&nbsp;ihre Universit\u00e4t\npolitisieren und politisch instrumentalisieren. Lucke ist Professor f\u00fcr\nVolkswirtschaftslehre an der Universit\u00e4t Hamburg und nach f\u00fcnfj\u00e4hriger\nMitgliedschaft im Europ\u00e4ischen Parlament an seine Universit\u00e4t zur\u00fcckgekehrt. Er\nkonnte im dritten Anlauf seine Vorlesung nur halten, weil eine Hundertschaft\nder Polizei das Vorlesungsgeb\u00e4ude sicherte und bei den Studierenden Personenkontrollen\ndurchf\u00fchrte. Solche Ma\u00dfnahmen zerst\u00f6ren die Universit\u00e4t als Ort der freien\nWissenschaft. Die Universit\u00e4t wird handlungsunf\u00e4hig. Da die\nSicherheitsma\u00dfnahmen zugleich notwendig sind, um die Universit\u00e4t als Ort der\nfreien Wissenschaft zu erhalten, ergibt sich ein kaum aufl\u00f6sbares Dilemma.<\/p>\n\n\n\n<p>Wenn es bei einer Vorlesung von Lucke\nals einem umstrittenen, aber ehemaligen Politiker zu solchen Protesten kommt, stellt\nsich die Frage was passierte, wenn eine rechte Studentenverbindung Bj\u00f6rn H\u00f6cke\neinladen w\u00fcrde? Auch er k\u00f6nnte das Recht einfordern, als Volksvertreter an der\nUniversit\u00e4t sprechen zu d\u00fcrfen. Ein solcher Auftritt w\u00e4re in Hamburg wahrscheinlich\nnur noch mit Wasserwerfern zu sch\u00fctzen. Verweigerte man ihm jedoch das Recht\naufzutreten, w\u00fcrde dies die Verschw\u00f6rungstheorien der Rechten von einer\nstaatlichen Unterdr\u00fcckung der Meinungsfreiheit befl\u00fcgeln. Alleine diese ganz praktische\nKonsequenz sollte jeden Politiker zum Anwalt f\u00fcr eine Universit\u00e4t werden\nlassen, indem er sich selbst mit Demut zur\u00fccknimmt. Gerade in der heutigen Zeit\nder aufgeheizten Debatten erscheint dies dringend geboten. <\/p>\n\n\n\n<p>Die Handlungsf\u00e4higkeit der Universit\u00e4t\nkann nicht dauerhaft durch Polizeigewalt hergestellt werden. In diesem Sinn\nl\u00e4sst sich das von Ernst-Wolfgang B\u00f6ckenf\u00f6rde benannte Diktum entsprechend auch\nauf Universit\u00e4ten \u00fcbertragen: Die freien Universit\u00e4ten leben von\nVoraussetzungen, die sie selbst nicht garantieren k\u00f6nnen. Diese Voraussetzungen\nsicherzustellen, stellt die Regulierungskr\u00e4fte an der Universit\u00e4t vor gro\u00dfe\nHerausforderungen, auch dann schon, wenn keine Forderungen aus der Politik\ngestellt werden. <\/p>\n\n\n\n<p>Nat\u00fcrlich ist es sinnvoll, dass auch Politiker mit einer wissenschaftlichen Expertise an Universit\u00e4ten sprechen; zahlreiche Politiker waren und sind sogar selbst Universit\u00e4tsangeh\u00f6rige. Diese Grauzone l\u00e4sst sich durch keine Verordnung regeln. Wir sollten den Universit\u00e4ten und ihren Entscheidungen vertrauen und unvermeidliche Fehler nicht zu Skandalen mit Verfassungsrang hochjuxen. <\/p>\n\n\n<p><!--StartFragment--><\/p>\n\n\n<p>Die Tatsache, dass der Juso-Vorsitzende Kevin K\u00fchnert und die Linken-Politikerin Sarah Wagenknecht an der Universit\u00e4t Hamburg sprechen durften und Christian Lindner nicht, kann man politisch deuten und eine Pr\u00e4ferenz rot-gr\u00fcner Politik herauslesen. Man kann im Sinne einer Deeskalation auch sofort die Luft aus dem Ballon der Emp\u00f6rung \u00fcber diese Ungleichbehandlung herauslassen. K\u00fchnert sprach im Januar. Im Mai <a href=\"https:\/\/www.fid.uni-hamburg.de\/bestimmungen-vergabe-raeume.pdf\">gab sich<\/a> die Universit\u00e4t Hamburg die Verordnung, die \u201ef\u00fcr Veranstaltungen mit parteipolitischer Ausrichtung die \u00dcberlassung von R\u00e4umen\u201c ausschlie\u00dft. Gerade deshalb, um durch eine eindeutige Regelung Klarheit zu schaffen. Dass Sarah Wagenknecht \u2013 auch in dem gew\u00e4hlten Setting \u2013 sprechen konnte, ist problematisch. Hier ist die Universit\u00e4t Hamburg gefordert, eindeutig zu agieren. Die erste Erkl\u00e4rung der Universit\u00e4t Hamburg hierzu kann demgem\u00e4\u00df auch kritisiert werden. Dass Wagenknecht sprechen durfte, ist jedoch keine Legitimation f\u00fcr das Rederecht von Lindner; es sollte vielmehr die Forderung stark gemacht werden, dass die Universit\u00e4t ihre selbst erlassenen Verordnungen konsequent anwendet.<\/p>\n\n\n\n<p><em>Marcus Knauf hat an der Universit\u00e4t Hamburg Holzwirtschaft studiert und machte sich anschlie\u00dfend als Berater selbstst\u00e4ndig. An der Universit\u00e4t Hamburg promovierte und habilitierte er nebenberuflich und ist heute als Privatdozent Angeh\u00f6riger der Universit\u00e4t Hamburg. Er forscht zu den Themen Wald, Holz, Klima, Ressourcen- und Kohlenstoffmanagement und zu Scientitic <\/em>.<\/p>\n\n\n\n<p><\/p>\n\n\n\n<p><\/p>\n\n\n<p><!--EndFragment--><\/p>\n\n\n<p><br><\/p>\n\n\n\n<hr class=\"wp-block-separator\"\/>\n\n\n<p><!--EndFragment--><\/p>\n\n\n<hr class=\"wp-block-separator\"\/>\n\n\n<p><\/p>\n<p><!--EndFragment--><\/p>\n\n\n<hr class=\"wp-block-separator\"\/>\n<div class=\"shariff shariff-align-left shariff-widget-align-left shariff-buttonstretch\" style=\"display:none\"><ul class=\"shariff-buttons theme-white orientation-horizontal buttonsize-medium\"><li class=\"shariff-button facebook shariff-nocustomcolor\" style=\"background-color:#4273c8\"><a href=\"https:\/\/www.facebook.com\/sharer\/sharer.php?u=https%3A%2F%2Fstarke-meinungen.de%2Fblog%2F2020%2F01%2F19%2Fdie-radikale-meinungsfreiheit-zerstoert-die-liberale-universitaet%2F\" title=\"Bei Facebook teilen\" aria-label=\"Bei Facebook teilen\" role=\"button\" rel=\"nofollow\" class=\"shariff-link\" style=\"; background-color:#3b5998; color:#3b5998\" target=\"_blank\"><span class=\"shariff-icon\" style=\"fill:#3b5998\"><svg width=\"32px\" height=\"20px\" xmlns=\"http:\/\/www.w3.org\/2000\/svg\" viewBox=\"0 0 18 32\"><path fill=\"#3b5998\" d=\"M17.1 0.2v4.7h-2.8q-1.5 0-2.1 0.6t-0.5 1.9v3.4h5.2l-0.7 5.3h-4.5v13.6h-5.5v-13.6h-4.5v-5.3h4.5v-3.9q0-3.3 1.9-5.2t5-1.8q2.6 0 4.1 0.2z\"\/><\/svg><\/span><span class=\"shariff-text\" style=\"color:#3b5998\">teilen<\/span>&nbsp;<\/a><\/li><li class=\"shariff-button twitter shariff-nocustomcolor\" style=\"background-color:#595959\"><a href=\"https:\/\/twitter.com\/share?url=https%3A%2F%2Fstarke-meinungen.de%2Fblog%2F2020%2F01%2F19%2Fdie-radikale-meinungsfreiheit-zerstoert-die-liberale-universitaet%2F&text=Die%20radikale%20Meinungsfreiheit%20zerst%C3%B6rt%20die%20liberale%20Universit%C3%A4t&via=starkemeinungen\" title=\"Bei X teilen\" aria-label=\"Bei X teilen\" role=\"button\" rel=\"noopener nofollow\" class=\"shariff-link\" style=\"; background-color:#000; color:#000\" target=\"_blank\"><span class=\"shariff-icon\" style=\"fill:#000\"><svg width=\"32px\" height=\"20px\" xmlns=\"http:\/\/www.w3.org\/2000\/svg\" viewBox=\"0 0 24 24\"><path fill=\"#000\" d=\"M14.258 10.152L23.176 0h-2.113l-7.747 8.813L7.133 0H0l9.352 13.328L0 23.973h2.113l8.176-9.309 6.531 9.309h7.133zm-2.895 3.293l-.949-1.328L2.875 1.56h3.246l6.086 8.523.945 1.328 7.91 11.078h-3.246zm0 0\"\/><\/svg><\/span><span class=\"shariff-text\" style=\"color:#000\">teilen<\/span>&nbsp;<\/a><\/li><li class=\"shariff-button linkedin shariff-nocustomcolor\" style=\"background-color:#1488bf\"><a href=\"https:\/\/www.linkedin.com\/sharing\/share-offsite\/?url=https%3A%2F%2Fstarke-meinungen.de%2Fblog%2F2020%2F01%2F19%2Fdie-radikale-meinungsfreiheit-zerstoert-die-liberale-universitaet%2F\" title=\"Bei LinkedIn teilen\" aria-label=\"Bei LinkedIn teilen\" role=\"button\" rel=\"noopener nofollow\" class=\"shariff-link\" style=\"; background-color:#0077b5; color:#0077b5\" target=\"_blank\"><span class=\"shariff-icon\" style=\"fill:#0077b5\"><svg width=\"32px\" height=\"20px\" xmlns=\"http:\/\/www.w3.org\/2000\/svg\" viewBox=\"0 0 27 32\"><path fill=\"#0077b5\" d=\"M6.2 11.2v17.7h-5.9v-17.7h5.9zM6.6 5.7q0 1.3-0.9 2.2t-2.4 0.9h0q-1.5 0-2.4-0.9t-0.9-2.2 0.9-2.2 2.4-0.9 2.4 0.9 0.9 2.2zM27.4 18.7v10.1h-5.9v-9.5q0-1.9-0.7-2.9t-2.3-1.1q-1.1 0-1.9 0.6t-1.2 1.5q-0.2 0.5-0.2 1.4v9.9h-5.9q0-7.1 0-11.6t0-5.3l0-0.9h5.9v2.6h0q0.4-0.6 0.7-1t1-0.9 1.6-0.8 2-0.3q3 0 4.9 2t1.9 6z\"\/><\/svg><\/span><span class=\"shariff-text\" style=\"color:#0077b5\">teilen<\/span>&nbsp;<\/a><\/li><li class=\"shariff-button xing shariff-nocustomcolor\" style=\"background-color:#29888a\"><a href=\"https:\/\/www.xing.com\/spi\/shares\/new?url=https%3A%2F%2Fstarke-meinungen.de%2Fblog%2F2020%2F01%2F19%2Fdie-radikale-meinungsfreiheit-zerstoert-die-liberale-universitaet%2F\" title=\"Bei XING teilen\" aria-label=\"Bei XING teilen\" role=\"button\" rel=\"noopener nofollow\" class=\"shariff-link\" style=\"; background-color:#126567; color:#126567\" target=\"_blank\"><span class=\"shariff-icon\" style=\"fill:#126567\"><svg width=\"32px\" height=\"20px\" xmlns=\"http:\/\/www.w3.org\/2000\/svg\" viewBox=\"0 0 25 32\"><path fill=\"#126567\" d=\"M10.7 11.9q-0.2 0.3-4.6 8.2-0.5 0.8-1.2 0.8h-4.3q-0.4 0-0.5-0.3t0-0.6l4.5-8q0 0 0 0l-2.9-5q-0.2-0.4 0-0.7 0.2-0.3 0.5-0.3h4.3q0.7 0 1.2 0.8zM25.1 0.4q0.2 0.3 0 0.7l-9.4 16.7 6 11q0.2 0.4 0 0.6-0.2 0.3-0.6 0.3h-4.3q-0.7 0-1.2-0.8l-6-11.1q0.3-0.6 9.5-16.8 0.4-0.8 1.2-0.8h4.3q0.4 0 0.5 0.3z\"\/><\/svg><\/span><span class=\"shariff-text\" style=\"color:#126567\">teilen<\/span>&nbsp;<\/a><\/li><li class=\"shariff-button whatsapp shariff-nocustomcolor\" style=\"background-color:#5cbe4a\"><a href=\"https:\/\/api.whatsapp.com\/send?text=https%3A%2F%2Fstarke-meinungen.de%2Fblog%2F2020%2F01%2F19%2Fdie-radikale-meinungsfreiheit-zerstoert-die-liberale-universitaet%2F%20Die%20radikale%20Meinungsfreiheit%20zerst%C3%B6rt%20die%20liberale%20Universit%C3%A4t\" title=\"Bei Whatsapp teilen\" aria-label=\"Bei Whatsapp teilen\" role=\"button\" rel=\"noopener nofollow\" class=\"shariff-link\" style=\"; background-color:#34af23; color:#34af23\" target=\"_blank\"><span class=\"shariff-icon\" style=\"fill:#34af23\"><svg width=\"32px\" height=\"20px\" xmlns=\"http:\/\/www.w3.org\/2000\/svg\" viewBox=\"0 0 32 32\"><path fill=\"#34af23\" d=\"M17.6 17.4q0.2 0 1.7 0.8t1.6 0.9q0 0.1 0 0.3 0 0.6-0.3 1.4-0.3 0.7-1.3 1.2t-1.8 0.5q-1 0-3.4-1.1-1.7-0.8-3-2.1t-2.6-3.3q-1.3-1.9-1.3-3.5v-0.1q0.1-1.6 1.3-2.8 0.4-0.4 0.9-0.4 0.1 0 0.3 0t0.3 0q0.3 0 0.5 0.1t0.3 0.5q0.1 0.4 0.6 1.6t0.4 1.3q0 0.4-0.6 1t-0.6 0.8q0 0.1 0.1 0.3 0.6 1.3 1.8 2.4 1 0.9 2.7 1.8 0.2 0.1 0.4 0.1 0.3 0 1-0.9t0.9-0.9zM14 26.9q2.3 0 4.3-0.9t3.6-2.4 2.4-3.6 0.9-4.3-0.9-4.3-2.4-3.6-3.6-2.4-4.3-0.9-4.3 0.9-3.6 2.4-2.4 3.6-0.9 4.3q0 3.6 2.1 6.6l-1.4 4.2 4.3-1.4q2.8 1.9 6.2 1.9zM14 2.2q2.7 0 5.2 1.1t4.3 2.9 2.9 4.3 1.1 5.2-1.1 5.2-2.9 4.3-4.3 2.9-5.2 1.1q-3.5 0-6.5-1.7l-7.4 2.4 2.4-7.2q-1.9-3.2-1.9-6.9 0-2.7 1.1-5.2t2.9-4.3 4.3-2.9 5.2-1.1z\"\/><\/svg><\/span><span class=\"shariff-text\" style=\"color:#34af23\">teilen<\/span>&nbsp;<\/a><\/li><li class=\"shariff-button info shariff-nocustomcolor\" style=\"background-color:#a8a8a8\"><a href=\"http:\/\/ct.de\/-2467514\" title=\"Weitere Informationen\" aria-label=\"Weitere Informationen\" role=\"button\" rel=\"noopener \" class=\"shariff-link\" style=\"; background-color:#999; color:#999\" target=\"_blank\"><span class=\"shariff-icon\" style=\"fill:#999\"><svg width=\"32px\" height=\"20px\" xmlns=\"http:\/\/www.w3.org\/2000\/svg\" viewBox=\"0 0 11 32\"><path fill=\"#999\" d=\"M11.4 24v2.3q0 0.5-0.3 0.8t-0.8 0.4h-9.1q-0.5 0-0.8-0.4t-0.4-0.8v-2.3q0-0.5 0.4-0.8t0.8-0.4h1.1v-6.8h-1.1q-0.5 0-0.8-0.4t-0.4-0.8v-2.3q0-0.5 0.4-0.8t0.8-0.4h6.8q0.5 0 0.8 0.4t0.4 0.8v10.3h1.1q0.5 0 0.8 0.4t0.3 0.8zM9.2 3.4v3.4q0 0.5-0.4 0.8t-0.8 0.4h-4.6q-0.4 0-0.8-0.4t-0.4-0.8v-3.4q0-0.4 0.4-0.8t0.8-0.4h4.6q0.5 0 0.8 0.4t0.4 0.8z\"\/><\/svg><\/span><\/a><\/li><\/ul><\/div>","protected":false},"excerpt":{"rendered":"<p>Ein Gastbeitrag von Marcus Knauf Parteipolitische Auseinandersetzungen geh\u00f6ren nicht an die Universit\u00e4t. Diese Ansicht vertritt der Pr\u00e4sident der Universit\u00e4t Hamburg Dieter Lenzen. Er hat im Oktober sieben Thesen zur Wissenschaftsfreiheit ver\u00f6ffentlicht. Dem widersprach Karl-Heinz Paqu\u00e9, Vorsitzender der Friedrich-Naumann-Stiftung. Seiner Meinung nach m\u00fcssen politische Debatten auch an Hochschulen gef\u00fchrt werden. Er irrt. Um die Freiheit der Universit\u00e4t zu verteidigen, m\u00fcssen wir&#8230; <a href=\"https:\/\/starke-meinungen.de\/blog\/2020\/01\/19\/die-radikale-meinungsfreiheit-zerstoert-die-liberale-universitaet\/\">Weiterlesen &raquo;<\/a><\/p>\n","protected":false},"author":34,"featured_media":0,"comment_status":"open","ping_status":"open","sticky":false,"template":"","format":"standard","meta":{"footnotes":""},"categories":[629],"tags":[],"class_list":["post-8224","post","type-post","status-publish","format-standard","hentry","category-gastautor"],"yoast_head":"<!-- This site is optimized with the Yoast SEO plugin v27.4 - https:\/\/yoast.com\/product\/yoast-seo-wordpress\/ -->\n<title>Die radikale Meinungsfreiheit zerst\u00f6rt die liberale Universit\u00e4t - starke-meinungen.de<\/title>\n<meta name=\"robots\" content=\"index, follow, max-snippet:-1, max-image-preview:large, max-video-preview:-1\" \/>\n<link rel=\"canonical\" href=\"https:\/\/starke-meinungen.de\/blog\/2020\/01\/19\/die-radikale-meinungsfreiheit-zerstoert-die-liberale-universitaet\/\" \/>\n<meta property=\"og:locale\" content=\"de_DE\" \/>\n<meta property=\"og:type\" content=\"article\" \/>\n<meta property=\"og:title\" content=\"Die radikale Meinungsfreiheit zerst\u00f6rt die liberale Universit\u00e4t - starke-meinungen.de\" \/>\n<meta property=\"og:description\" content=\"Ein Gastbeitrag von Marcus Knauf Parteipolitische Auseinandersetzungen geh\u00f6ren nicht an die Universit\u00e4t. Diese Ansicht vertritt der Pr\u00e4sident der Universit\u00e4t Hamburg Dieter Lenzen. Er hat im Oktober sieben Thesen zur Wissenschaftsfreiheit ver\u00f6ffentlicht. Dem widersprach Karl-Heinz Paqu\u00e9, Vorsitzender der Friedrich-Naumann-Stiftung. Seiner Meinung nach m\u00fcssen politische Debatten auch an Hochschulen gef\u00fchrt werden. Er irrt. Um die Freiheit der Universit\u00e4t zu verteidigen, m\u00fcssen wir... Weiterlesen &raquo;\" \/>\n<meta property=\"og:url\" content=\"https:\/\/starke-meinungen.de\/blog\/2020\/01\/19\/die-radikale-meinungsfreiheit-zerstoert-die-liberale-universitaet\/\" \/>\n<meta property=\"og:site_name\" content=\"starke-meinungen.de\" \/>\n<meta property=\"article:publisher\" content=\"https:\/\/www.facebook.com\/starkemeinungen\/\" \/>\n<meta property=\"article:published_time\" content=\"2020-01-19T11:52:18+00:00\" \/>\n<meta property=\"article:modified_time\" content=\"2020-03-18T10:53:37+00:00\" \/>\n<meta property=\"og:image\" content=\"https:\/\/starke-meinungen.de\/blog\/wp-content\/uploads\/Dahrendorf.jpg\" \/>\n\t<meta property=\"og:image:width\" content=\"2048\" \/>\n\t<meta property=\"og:image:height\" content=\"1365\" \/>\n\t<meta property=\"og:image:type\" content=\"image\/jpeg\" \/>\n<meta name=\"author\" content=\"Marcus Knauf\" \/>\n<meta name=\"twitter:card\" content=\"summary_large_image\" \/>\n<meta name=\"twitter:creator\" content=\"@starkemeinungen\" \/>\n<meta name=\"twitter:site\" content=\"@starkemeinungen\" \/>\n<meta name=\"twitter:label1\" content=\"Verfasst von\" \/>\n\t<meta name=\"twitter:data1\" content=\"Marcus Knauf\" \/>\n\t<meta name=\"twitter:label2\" content=\"Gesch\u00e4tzte Lesezeit\" \/>\n\t<meta name=\"twitter:data2\" content=\"6\u00a0Minuten\" \/>\n<script type=\"application\/ld+json\" class=\"yoast-schema-graph\">{\"@context\":\"https:\\\/\\\/schema.org\",\"@graph\":[{\"@type\":\"Article\",\"@id\":\"https:\\\/\\\/starke-meinungen.de\\\/blog\\\/2020\\\/01\\\/19\\\/die-radikale-meinungsfreiheit-zerstoert-die-liberale-universitaet\\\/#article\",\"isPartOf\":{\"@id\":\"https:\\\/\\\/starke-meinungen.de\\\/blog\\\/2020\\\/01\\\/19\\\/die-radikale-meinungsfreiheit-zerstoert-die-liberale-universitaet\\\/\"},\"author\":{\"name\":\"Marcus Knauf\",\"@id\":\"https:\\\/\\\/starke-meinungen.de\\\/blog\\\/#\\\/schema\\\/person\\\/860681b9c0131d605a7aa49184a04b62\"},\"headline\":\"Die radikale Meinungsfreiheit zerst\u00f6rt die liberale Universit\u00e4t\",\"datePublished\":\"2020-01-19T11:52:18+00:00\",\"dateModified\":\"2020-03-18T10:53:37+00:00\",\"mainEntityOfPage\":{\"@id\":\"https:\\\/\\\/starke-meinungen.de\\\/blog\\\/2020\\\/01\\\/19\\\/die-radikale-meinungsfreiheit-zerstoert-die-liberale-universitaet\\\/\"},\"wordCount\":1159,\"commentCount\":15,\"publisher\":{\"@id\":\"https:\\\/\\\/starke-meinungen.de\\\/blog\\\/#organization\"},\"articleSection\":[\"Gastautor\"],\"inLanguage\":\"de\",\"potentialAction\":[{\"@type\":\"CommentAction\",\"name\":\"Comment\",\"target\":[\"https:\\\/\\\/starke-meinungen.de\\\/blog\\\/2020\\\/01\\\/19\\\/die-radikale-meinungsfreiheit-zerstoert-die-liberale-universitaet\\\/#respond\"]}]},{\"@type\":\"WebPage\",\"@id\":\"https:\\\/\\\/starke-meinungen.de\\\/blog\\\/2020\\\/01\\\/19\\\/die-radikale-meinungsfreiheit-zerstoert-die-liberale-universitaet\\\/\",\"url\":\"https:\\\/\\\/starke-meinungen.de\\\/blog\\\/2020\\\/01\\\/19\\\/die-radikale-meinungsfreiheit-zerstoert-die-liberale-universitaet\\\/\",\"name\":\"Die radikale Meinungsfreiheit zerst\u00f6rt die liberale Universit\u00e4t - starke-meinungen.de\",\"isPartOf\":{\"@id\":\"https:\\\/\\\/starke-meinungen.de\\\/blog\\\/#website\"},\"datePublished\":\"2020-01-19T11:52:18+00:00\",\"dateModified\":\"2020-03-18T10:53:37+00:00\",\"breadcrumb\":{\"@id\":\"https:\\\/\\\/starke-meinungen.de\\\/blog\\\/2020\\\/01\\\/19\\\/die-radikale-meinungsfreiheit-zerstoert-die-liberale-universitaet\\\/#breadcrumb\"},\"inLanguage\":\"de\",\"potentialAction\":[{\"@type\":\"ReadAction\",\"target\":[\"https:\\\/\\\/starke-meinungen.de\\\/blog\\\/2020\\\/01\\\/19\\\/die-radikale-meinungsfreiheit-zerstoert-die-liberale-universitaet\\\/\"]}]},{\"@type\":\"BreadcrumbList\",\"@id\":\"https:\\\/\\\/starke-meinungen.de\\\/blog\\\/2020\\\/01\\\/19\\\/die-radikale-meinungsfreiheit-zerstoert-die-liberale-universitaet\\\/#breadcrumb\",\"itemListElement\":[{\"@type\":\"ListItem\",\"position\":1,\"name\":\"Startseite\",\"item\":\"https:\\\/\\\/starke-meinungen.de\\\/blog\\\/\"},{\"@type\":\"ListItem\",\"position\":2,\"name\":\"Die radikale Meinungsfreiheit zerst\u00f6rt die liberale Universit\u00e4t\"}]},{\"@type\":\"WebSite\",\"@id\":\"https:\\\/\\\/starke-meinungen.de\\\/blog\\\/#website\",\"url\":\"https:\\\/\\\/starke-meinungen.de\\\/blog\\\/\",\"name\":\"starke-meinungen.de\",\"description\":\"Autoren-Blog\",\"publisher\":{\"@id\":\"https:\\\/\\\/starke-meinungen.de\\\/blog\\\/#organization\"},\"potentialAction\":[{\"@type\":\"SearchAction\",\"target\":{\"@type\":\"EntryPoint\",\"urlTemplate\":\"https:\\\/\\\/starke-meinungen.de\\\/blog\\\/?s={search_term_string}\"},\"query-input\":{\"@type\":\"PropertyValueSpecification\",\"valueRequired\":true,\"valueName\":\"search_term_string\"}}],\"inLanguage\":\"de\"},{\"@type\":\"Organization\",\"@id\":\"https:\\\/\\\/starke-meinungen.de\\\/blog\\\/#organization\",\"name\":\"starke-meinungen.de\",\"url\":\"https:\\\/\\\/starke-meinungen.de\\\/blog\\\/\",\"logo\":{\"@type\":\"ImageObject\",\"inLanguage\":\"de\",\"@id\":\"https:\\\/\\\/starke-meinungen.de\\\/blog\\\/#\\\/schema\\\/logo\\\/image\\\/\",\"url\":\"https:\\\/\\\/starke-meinungen.de\\\/blog\\\/wp-content\\\/uploads\\\/starke-meinungen-fb-header.jpg\",\"contentUrl\":\"https:\\\/\\\/starke-meinungen.de\\\/blog\\\/wp-content\\\/uploads\\\/starke-meinungen-fb-header.jpg\",\"width\":1200,\"height\":630,\"caption\":\"starke-meinungen.de\"},\"image\":{\"@id\":\"https:\\\/\\\/starke-meinungen.de\\\/blog\\\/#\\\/schema\\\/logo\\\/image\\\/\"},\"sameAs\":[\"https:\\\/\\\/www.facebook.com\\\/starkemeinungen\\\/\",\"https:\\\/\\\/x.com\\\/starkemeinungen\"]},{\"@type\":\"Person\",\"@id\":\"https:\\\/\\\/starke-meinungen.de\\\/blog\\\/#\\\/schema\\\/person\\\/860681b9c0131d605a7aa49184a04b62\",\"name\":\"Marcus Knauf\",\"image\":{\"@type\":\"ImageObject\",\"inLanguage\":\"de\",\"@id\":\"https:\\\/\\\/secure.gravatar.com\\\/avatar\\\/20ed54fd3c5f4a9e94ed05078ebd8f7acecec1db38fcfba30da5481bed5ef308?s=96&d=mm&r=g\",\"url\":\"https:\\\/\\\/secure.gravatar.com\\\/avatar\\\/20ed54fd3c5f4a9e94ed05078ebd8f7acecec1db38fcfba30da5481bed5ef308?s=96&d=mm&r=g\",\"contentUrl\":\"https:\\\/\\\/secure.gravatar.com\\\/avatar\\\/20ed54fd3c5f4a9e94ed05078ebd8f7acecec1db38fcfba30da5481bed5ef308?s=96&d=mm&r=g\",\"caption\":\"Marcus Knauf\"},\"description\":\"Marcus Knauf hat an der Universit\u00e4t Hamburg Holzwirtschaft studiert und machte sich anschlie\u00dfend als Berater selbstst\u00e4ndig. An der Universit\u00e4t Hamburg promovierte und habilitierte er nebenberuflich und ist heute als Privatdozent Angeh\u00f6riger der Universit\u00e4t Hamburg. Er forscht zu den Themen Wald, Holz, Klima, Ressourcen- und Kohlenstoffmanagement und zu Scientitic Literacy.\",\"sameAs\":[\"http:\\\/\\\/www.knauf-consulting.de\"],\"url\":\"https:\\\/\\\/starke-meinungen.de\\\/blog\\\/author\\\/knauf\\\/\"}]}<\/script>\n<!-- \/ Yoast SEO plugin. -->","yoast_head_json":{"title":"Die radikale Meinungsfreiheit zerst\u00f6rt die liberale Universit\u00e4t - starke-meinungen.de","robots":{"index":"index","follow":"follow","max-snippet":"max-snippet:-1","max-image-preview":"max-image-preview:large","max-video-preview":"max-video-preview:-1"},"canonical":"https:\/\/starke-meinungen.de\/blog\/2020\/01\/19\/die-radikale-meinungsfreiheit-zerstoert-die-liberale-universitaet\/","og_locale":"de_DE","og_type":"article","og_title":"Die radikale Meinungsfreiheit zerst\u00f6rt die liberale Universit\u00e4t - starke-meinungen.de","og_description":"Ein Gastbeitrag von Marcus Knauf Parteipolitische Auseinandersetzungen geh\u00f6ren nicht an die Universit\u00e4t. Diese Ansicht vertritt der Pr\u00e4sident der Universit\u00e4t Hamburg Dieter Lenzen. Er hat im Oktober sieben Thesen zur Wissenschaftsfreiheit ver\u00f6ffentlicht. Dem widersprach Karl-Heinz Paqu\u00e9, Vorsitzender der Friedrich-Naumann-Stiftung. Seiner Meinung nach m\u00fcssen politische Debatten auch an Hochschulen gef\u00fchrt werden. Er irrt. Um die Freiheit der Universit\u00e4t zu verteidigen, m\u00fcssen wir... Weiterlesen &raquo;","og_url":"https:\/\/starke-meinungen.de\/blog\/2020\/01\/19\/die-radikale-meinungsfreiheit-zerstoert-die-liberale-universitaet\/","og_site_name":"starke-meinungen.de","article_publisher":"https:\/\/www.facebook.com\/starkemeinungen\/","article_published_time":"2020-01-19T11:52:18+00:00","article_modified_time":"2020-03-18T10:53:37+00:00","og_image":[{"width":2048,"height":1365,"url":"https:\/\/starke-meinungen.de\/blog\/wp-content\/uploads\/Dahrendorf.jpg","type":"image\/jpeg"}],"author":"Marcus Knauf","twitter_card":"summary_large_image","twitter_creator":"@starkemeinungen","twitter_site":"@starkemeinungen","twitter_misc":{"Verfasst von":"Marcus Knauf","Gesch\u00e4tzte Lesezeit":"6\u00a0Minuten"},"schema":{"@context":"https:\/\/schema.org","@graph":[{"@type":"Article","@id":"https:\/\/starke-meinungen.de\/blog\/2020\/01\/19\/die-radikale-meinungsfreiheit-zerstoert-die-liberale-universitaet\/#article","isPartOf":{"@id":"https:\/\/starke-meinungen.de\/blog\/2020\/01\/19\/die-radikale-meinungsfreiheit-zerstoert-die-liberale-universitaet\/"},"author":{"name":"Marcus Knauf","@id":"https:\/\/starke-meinungen.de\/blog\/#\/schema\/person\/860681b9c0131d605a7aa49184a04b62"},"headline":"Die radikale Meinungsfreiheit zerst\u00f6rt die liberale Universit\u00e4t","datePublished":"2020-01-19T11:52:18+00:00","dateModified":"2020-03-18T10:53:37+00:00","mainEntityOfPage":{"@id":"https:\/\/starke-meinungen.de\/blog\/2020\/01\/19\/die-radikale-meinungsfreiheit-zerstoert-die-liberale-universitaet\/"},"wordCount":1159,"commentCount":15,"publisher":{"@id":"https:\/\/starke-meinungen.de\/blog\/#organization"},"articleSection":["Gastautor"],"inLanguage":"de","potentialAction":[{"@type":"CommentAction","name":"Comment","target":["https:\/\/starke-meinungen.de\/blog\/2020\/01\/19\/die-radikale-meinungsfreiheit-zerstoert-die-liberale-universitaet\/#respond"]}]},{"@type":"WebPage","@id":"https:\/\/starke-meinungen.de\/blog\/2020\/01\/19\/die-radikale-meinungsfreiheit-zerstoert-die-liberale-universitaet\/","url":"https:\/\/starke-meinungen.de\/blog\/2020\/01\/19\/die-radikale-meinungsfreiheit-zerstoert-die-liberale-universitaet\/","name":"Die radikale Meinungsfreiheit zerst\u00f6rt die liberale Universit\u00e4t - starke-meinungen.de","isPartOf":{"@id":"https:\/\/starke-meinungen.de\/blog\/#website"},"datePublished":"2020-01-19T11:52:18+00:00","dateModified":"2020-03-18T10:53:37+00:00","breadcrumb":{"@id":"https:\/\/starke-meinungen.de\/blog\/2020\/01\/19\/die-radikale-meinungsfreiheit-zerstoert-die-liberale-universitaet\/#breadcrumb"},"inLanguage":"de","potentialAction":[{"@type":"ReadAction","target":["https:\/\/starke-meinungen.de\/blog\/2020\/01\/19\/die-radikale-meinungsfreiheit-zerstoert-die-liberale-universitaet\/"]}]},{"@type":"BreadcrumbList","@id":"https:\/\/starke-meinungen.de\/blog\/2020\/01\/19\/die-radikale-meinungsfreiheit-zerstoert-die-liberale-universitaet\/#breadcrumb","itemListElement":[{"@type":"ListItem","position":1,"name":"Startseite","item":"https:\/\/starke-meinungen.de\/blog\/"},{"@type":"ListItem","position":2,"name":"Die radikale Meinungsfreiheit zerst\u00f6rt die liberale Universit\u00e4t"}]},{"@type":"WebSite","@id":"https:\/\/starke-meinungen.de\/blog\/#website","url":"https:\/\/starke-meinungen.de\/blog\/","name":"starke-meinungen.de","description":"Autoren-Blog","publisher":{"@id":"https:\/\/starke-meinungen.de\/blog\/#organization"},"potentialAction":[{"@type":"SearchAction","target":{"@type":"EntryPoint","urlTemplate":"https:\/\/starke-meinungen.de\/blog\/?s={search_term_string}"},"query-input":{"@type":"PropertyValueSpecification","valueRequired":true,"valueName":"search_term_string"}}],"inLanguage":"de"},{"@type":"Organization","@id":"https:\/\/starke-meinungen.de\/blog\/#organization","name":"starke-meinungen.de","url":"https:\/\/starke-meinungen.de\/blog\/","logo":{"@type":"ImageObject","inLanguage":"de","@id":"https:\/\/starke-meinungen.de\/blog\/#\/schema\/logo\/image\/","url":"https:\/\/starke-meinungen.de\/blog\/wp-content\/uploads\/starke-meinungen-fb-header.jpg","contentUrl":"https:\/\/starke-meinungen.de\/blog\/wp-content\/uploads\/starke-meinungen-fb-header.jpg","width":1200,"height":630,"caption":"starke-meinungen.de"},"image":{"@id":"https:\/\/starke-meinungen.de\/blog\/#\/schema\/logo\/image\/"},"sameAs":["https:\/\/www.facebook.com\/starkemeinungen\/","https:\/\/x.com\/starkemeinungen"]},{"@type":"Person","@id":"https:\/\/starke-meinungen.de\/blog\/#\/schema\/person\/860681b9c0131d605a7aa49184a04b62","name":"Marcus Knauf","image":{"@type":"ImageObject","inLanguage":"de","@id":"https:\/\/secure.gravatar.com\/avatar\/20ed54fd3c5f4a9e94ed05078ebd8f7acecec1db38fcfba30da5481bed5ef308?s=96&d=mm&r=g","url":"https:\/\/secure.gravatar.com\/avatar\/20ed54fd3c5f4a9e94ed05078ebd8f7acecec1db38fcfba30da5481bed5ef308?s=96&d=mm&r=g","contentUrl":"https:\/\/secure.gravatar.com\/avatar\/20ed54fd3c5f4a9e94ed05078ebd8f7acecec1db38fcfba30da5481bed5ef308?s=96&d=mm&r=g","caption":"Marcus Knauf"},"description":"Marcus Knauf hat an der Universit\u00e4t Hamburg Holzwirtschaft studiert und machte sich anschlie\u00dfend als Berater selbstst\u00e4ndig. An der Universit\u00e4t Hamburg promovierte und habilitierte er nebenberuflich und ist heute als Privatdozent Angeh\u00f6riger der Universit\u00e4t Hamburg. Er forscht zu den Themen Wald, Holz, Klima, Ressourcen- und Kohlenstoffmanagement und zu Scientitic Literacy.","sameAs":["http:\/\/www.knauf-consulting.de"],"url":"https:\/\/starke-meinungen.de\/blog\/author\/knauf\/"}]}},"_links":{"self":[{"href":"https:\/\/starke-meinungen.de\/blog\/wp-json\/wp\/v2\/posts\/8224","targetHints":{"allow":["GET"]}}],"collection":[{"href":"https:\/\/starke-meinungen.de\/blog\/wp-json\/wp\/v2\/posts"}],"about":[{"href":"https:\/\/starke-meinungen.de\/blog\/wp-json\/wp\/v2\/types\/post"}],"author":[{"embeddable":true,"href":"https:\/\/starke-meinungen.de\/blog\/wp-json\/wp\/v2\/users\/34"}],"replies":[{"embeddable":true,"href":"https:\/\/starke-meinungen.de\/blog\/wp-json\/wp\/v2\/comments?post=8224"}],"version-history":[{"count":0,"href":"https:\/\/starke-meinungen.de\/blog\/wp-json\/wp\/v2\/posts\/8224\/revisions"}],"wp:attachment":[{"href":"https:\/\/starke-meinungen.de\/blog\/wp-json\/wp\/v2\/media?parent=8224"}],"wp:term":[{"taxonomy":"category","embeddable":true,"href":"https:\/\/starke-meinungen.de\/blog\/wp-json\/wp\/v2\/categories?post=8224"},{"taxonomy":"post_tag","embeddable":true,"href":"https:\/\/starke-meinungen.de\/blog\/wp-json\/wp\/v2\/tags?post=8224"}],"curies":[{"name":"wp","href":"https:\/\/api.w.org\/{rel}","templated":true}]}}