

{"id":8186,"date":"2020-01-01T17:35:03","date_gmt":"2020-01-01T17:35:03","guid":{"rendered":"https:\/\/starke-meinungen.de\/blog\/?p=8186"},"modified":"2020-01-01T17:35:07","modified_gmt":"2020-01-01T17:35:07","slug":"fritz-vahrenholt-flunkert","status":"publish","type":"post","link":"https:\/\/starke-meinungen.de\/blog\/2020\/01\/01\/fritz-vahrenholt-flunkert\/","title":{"rendered":"Fritz Vahrenholt flunkert"},"content":{"rendered":"\n<p>Als sich die Deutsche Wildtier Stiftung beschloss, sich von ihrem langj\u00e4hrigen und verdienstvollen Vorsitzenden Fritz Vahrenholt zu trennen, war die Aufregung in bestimmten Kreisen gro\u00df. \u201eKlimarealist kann Jobverlust bringen!\u201c <a rel=\"noreferrer noopener\" aria-label=\"hie\u00df (\u00f6ffnet in neuem Tab)\" href=\"https:\/\/www.eike-klima-energie.eu\/2019\/12\/22\/klimarealist-zu-sein-kann-jobverlust-bringen-prof-vahrenholt-verliert-seinen-job-bei-der-deutschen-wildtierstiftung\/\" target=\"_blank\">hie\u00df<\/a> es etwa auf der Website von EIKE, der wichtigsten Organisation derjenigen, die einen menschengemachtem Klimawandel \u2013 oder dessen Ausma\u00dfe \u2013 bestreiten.<\/p>\n\n\n\n<!--more-->\n\n\n\n<p>\u201eAls Alleinvorstand der Deutschen Wildtier Stiftung wurde (Vahrenholt) jetzt entlassen \u2013 als Abweichler von der herrschenden Klimarettungs-Ideologie\u201c, so EIKE, und so \u00e4hnlich konnte man es bei \u201eTichys Einblick\u201c oder der \u201eAchse des Guten\u201c, wo Vahrenholt Autor ist. Selbst \u201eMainstream-Medien\u201c wie \u201eBild\u201c titelten: \u201e\u00c4rger bei der Wildtier Stiftung: Chef wegen Klima-Thesen gefeuert\u201c.<\/p>\n\n\n\n<p><strong>Warum musste Vahrenholt gehen?<\/strong><\/p>\n\n\n\n<p>Nun, abgesehen davon, dass man den ehrenamtlich ausge\u00fcbten Allein-Vorstand\nbei einer gemeinn\u00fctzigen Stiftung nicht als \u201eJob\u201c bezeichnen kann, stimmt es\nauch nicht, dass der 70-j\u00e4hrige Pension\u00e4r wegen seiner Meinung gehen musste. Er\nmusste wegen seiner Handlungen gehen. Dazu hei\u00dft es bei Wikipedia: \u201e2019 wandte\ner sich als Alleinvorstand der Deutschen Wildtierstiftung in einem Brief an die\nBundestagsabgeordneten und erkl\u00e4rte in Hinblick auf die Klimapolitik, dass\nKlimaschutz nicht dringlich sei. Eine vom ihm \u201edurchgef\u00fchrte Modellrechnung\u201c\nsowie eine von Victor Brovkin durchgef\u00fchrte Studie ergebe, dass die Vegetation\nviel mehr Kohlenstoffdioxid aufnehmen k\u00f6nne als vom Weltklimarat IPCC\nangegeben. Daraufhin warf ihm Brovkin vor, Zitate aus der Studie verzerrt zu\nhaben; zudem seien sowohl seine Annahmen als auch seine Berechnungen falsch.\u201c\nDie Quellen kann jede(r) f\u00fcr sich nachpr\u00fcfen.<\/p>\n\n\n\n<p>Vahrenholts laxer Umgang mit Quellen ist Gegenstand dieses Artikels. Dazu komme ich gleich. Besonders pikant an der Trennung von der Deutschen Wildtier Stiftung ist die Tatsache, dass sie in den Augen einiger Klimasch\u00fctzer (ich verwende den Ausdruck, obwohl er mir nicht gef\u00e4llt) als verl\u00e4ngerter Arm der Kohle- und Atomindustrie betrachtet wird. Kritisiert wird etwa, dass die Stiftung sich zwar unter Hinweis auf den Vogelschutz gegen die Aufstellung von Windr\u00e4dern in Waldgebieten einsetzt (was ich \u00fcbrigens nachvollziehen kann), sich jedoch nicht gegen die Abholzung des Hambacher Forstes engagiert habe. Unterstellt wird eine N\u00e4he der Stiftung zum Energiekonzern RWE. Wie dem auch sei: Dass Vahrenholts \u201ekritische Auseinandersetzung mit Fragen des Klimaschutzes und des Ausbaus neuer Windr\u00e4der ihm zum Verh\u00e4ngnis\u201c wurde, wie es bei \u201eTichys Einblick\u201c <a rel=\"noreferrer noopener\" aria-label=\"hie\u00df (\u00f6ffnet in neuem Tab)\" href=\"https:\/\/www.tichyseinblick.de\/daili-es-sentials\/windkraftlobby-kippt-letzten-kritischen-naturschutzverband\/\" target=\"_blank\">hie\u00df<\/a>, ist eher unwahrscheinlich.<\/p>\n\n\n\n<p><strong>Kalte Sonne- warme Erde<\/strong><\/p>\n\n\n\n<p>Nur noch eines: Vahrenholt ist Autor eines Buchs mit dem Titel \u201eKalte Sonne\u201c. Auch sein Blog hat diesen Namen. Die Kernthese des Buches lautet, dass der Klimawandel haupts\u00e4chlich durch Schwankungen der Sonnenaktivit\u00e4t verursacht wird; dass mithin auf eine Hei\u00dfphase eine Kaltphase folgen m\u00fcsse. Wenn die Sonne wieder k\u00e4lter wird, k\u00f6nnten wir uns nach dem w\u00e4rmenden CO2-Effekt sehnen. Ich lasse den Widerspruch beiseite, dass man nicht einerseits behaupten kann, der CO2 habe keinen entscheidenden Einfluss auf das Klima, ihn andererseits als Schutz vor einer neuen Eiszeit empfehlen kann. Stefan Rahmstorf hat mit eindrucksvollen Diagrammen <a href=\"http:\/\/www.realclimate.org\/index.php\/archives\/2016\/11\/record-heat-despite-a-cold-sun\/\" target=\"_blank\" rel=\"noreferrer noopener\" aria-label=\"gezeigt (\u00f6ffnet in neuem Tab)\">gezeigt<\/a>, dass sich der globale Anstieg der Temperaturen auch bei einer \u201ekalten Sonne\u201c (wie 2008 \u2013 2010) \u00a0fortsetzt.<\/p>\n\n\n\n<p>So, und nun zu einer Kleinigkeit, die ich aber f\u00fcr bezeichnend f\u00fcr Vahrenholts Seriosit\u00e4t halte, und die Sie nur hier lesen k\u00f6nnen. <\/p>\n\n\n\n<p><strong>Die chinesische Studie<\/strong><\/p>\n\n\n\n<p>Auf seiner Website \u201eKalte Sonne\u201c gibt Vahrenholt ein <a href=\"https:\/\/kaltesonne.de\/fritz-vahrenholt-wir-haben-aber-keinen-klimanotstand\/\" target=\"_blank\" rel=\"noreferrer noopener\" aria-label=\"Interview  (\u00f6ffnet in neuem Tab)\">Interview <\/a>wieder, das er kurz vor seinem Rauswurf bei der Deutschen Wildtier Stiftung dem \u201eHamburger Abendblatt\u201c gab.<\/p>\n\n\n\n<p>(\u00dcbrigens und vorweg: ich halte auch nichts vom Ausrufen\neines \u201eKlimanotstands\u201c. Anderes Thema.) Vahrenholt sagt da unter anderem: \u201eNun\nkommt eine chinesische Studie zu der Erkenntnis, dass eine Kaltzeit droht, die\naber durch den Treibhauseffekt ged\u00e4mpft wird. Warum wird das nicht debattiert?\nDer vermeintliche Konsens ist kein Konsens.\u201c <\/p>\n\n\n\n<p>Vahrenholt erweckt den Eindruck, er kenne die Studie und ihre Ergebnisse; die Frage, warum sie nicht debattiert werde, ist eindeutig rhetorisch gemeint. Die Antwort kennt schon jeder Leser der einschl\u00e4gigen Publikationen: Weil die \u201em\u00e4chtige Windkraftlobby\u201c oder die in den \u201erotgr\u00fcn versifften\u201c Medien und Parteien herrschende \u201eKlimahysterie\u201c (dazu mehr <a href=\"https:\/\/www.welt.de\/debatte\/kommentare\/plus204603040\/Chauvinismus-Wer-bitte-ist-hier-hysterisch.html\" target=\"_blank\" rel=\"noreferrer noopener\" aria-label=\"hier (\u00f6ffnet in neuem Tab)\">hier<\/a>) eine Debatte verhindern.<\/p>\n\n\n\n<p>Tats\u00e4chlich aber ergibt eine Google-Suche (\u00fcber 94.000 Ergebnisse in 0,34 Sekunden), dass sich alle Berichte \u00fcber diese Studie \u2013 so auch bei unseren Freunden von EIKE \u2013 auf einen einzigen <a rel=\"noreferrer noopener\" aria-label=\"Artikel (\u00f6ffnet in neuem Tab)\" href=\"https:\/\/www.eike-klima-energie.eu\/2019\/08\/17\/chinessische-wissenschaftler-warnen-vor-globaler-abkuehlung-und-auswirkungen-der-sonnenaktivitaet\/\" target=\"_blank\">Artikel<\/a> beziehen, der in der &#8222;South China Morning News&#8220; erschien.<\/p>\n\n\n\n<p><strong>Der nette Kollege Stephen Chen<\/strong><\/p>\n\n\n\n<p>Autor des Artikels ist Stephen Chen. Da ich die von ihm zitierte Studie nicht gefunden habe, bat ich ihn mehrfach, mir einen Link zur Studie oder eine Quelle zu nennen, wo ich sie finden kann. Chen hat auf mehrfache Anfrage nicht geantwortet. Vielleicht liegt es daran, dass er zurzeit mehr damit besch\u00e4ftigt ist, die Menschen zu diffamieren, die in Hongkong f\u00fcr die Freiheit demonstrieren. Zustimmend zitiert Chen auf seiner Facebook-Seite einen gewissen Daniel Ooi: \u201eThey dearly want others to view them as westerners. No dude, you are Chinese\u2026. look at the fucking mirror, and be proud of your heritage. There is nothing more sad, nor contemptible than a westerner-wannabe with serious self-loathing of his own culture, heritage and race\u201d (Sie wollen so gern, dass andere sie als Westler betrachten. Nein, Mann, du bist Chinese \u2026 schau in den schei\u00df Spiegel und sei stolz auf dein Erbe. Nichts ist trauriger und verachtenswerter als ein M\u00f6chtegern-Westler mit einem ernsten Selbsthass seiner eigenen Kultur, Herkunft und Rasse.\u201c (Ooi lebt \u00fcbrigens in Kanada und wurde in Gro\u00dfbritannien erzogen.) Dazu Chen: \u201cThat&#8217;s how most people in China feel, too. It has nothing to do with politics.\u201d<\/p>\n\n\n\n<p>Nun gut, ein Mann kann chinesischer Rassist sein und trotzdem\nein guter Wissenschaftsjournalist. Da er mir aber nicht antworten wollte,\nschrieb ich an die von Chen angegebene Zeitschrift, die prompt reagierte:<\/p>\n\n\n\n<p>\u201cDear Alan,<\/p>\n\n\n\n<p>The only\narticle we have by that author related to this topic is \u201cShrinkage of East Asia\nWinter Monsoon Associated With Increased ENSO Events Since the Mid\u2010Holocene,\u201d\nwhich can be found at&nbsp;<a href=\"https:\/\/agupubs.onlinelibrary.wiley.com\/doi\/10.1029\/2018JD030148\" target=\"_blank\" rel=\"noreferrer noopener\">https:\/\/agupubs.onlinelibrary.wiley.com\/doi\/10.1029\/2018JD030148<\/a> . However, this article does not make\nthe claim mentioned in your previous email, so we would suggest reaching out to\nthe author of the South China Morning Post article for further clarification on\nthe article being referenced.<\/p>\n\n\n\n<p>Best,<\/p>\n\n\n\n<p>Amanda\nHalprin<\/p>\n\n\n\n<p>Program Specialist, AGU Publications\u201d<\/p>\n\n\n\n<p><strong>Seriosit\u00e4t? Sorgfaltspflicht? Pffff&#8230;<\/strong><\/p>\n\n\n\n<p>Mit anderen Worten: Stephen Chen hat entweder nicht\nverstanden, was Dr. Wu Jing herausgefunden hat, oder er hat es \u2013 aus welchen\nGr\u00fcnden auch immer \u2013 gef\u00e4lscht. &nbsp;So weit,\nso uninteressant. Kommt vor. Aber s\u00e4mtliche deutsche \u201eKlimarealisten\u201c zitieren \u201eeine\nchinesische Studie\u201c, die es allem Anschein nach gar nicht gibt. Das hindert\neinen Herrn Vahrenholt nicht daran, vorwurfsvoll zu fragen, weshalb diese nicht\nexistente Studie bei uns \u201enicht debattiert\u201c werde.<\/p>\n\n\n\n<p>So viel zur wissenschaftlichen Seriosit\u00e4t dieser Kreise und\nder journalistischen Sorgfalt von Publizisten, die ihnen eine Plattform geben.\nZu faul zum Googeln; zu faul, eine E-Mail zu schreiben. Sich aber als \u201eKlimarealisten\u201c\naufspielen. Es w\u00e4re zum Heulen, wenn es nicht auch zum Lachen w\u00e4re.<\/p>\n<div class=\"shariff shariff-align-left shariff-widget-align-left shariff-buttonstretch\" style=\"display:none\"><ul class=\"shariff-buttons theme-white orientation-horizontal buttonsize-medium\"><li class=\"shariff-button facebook shariff-nocustomcolor\" style=\"background-color:#4273c8\"><a href=\"https:\/\/www.facebook.com\/sharer\/sharer.php?u=https%3A%2F%2Fstarke-meinungen.de%2Fblog%2F2020%2F01%2F01%2Ffritz-vahrenholt-flunkert%2F\" title=\"Bei Facebook teilen\" aria-label=\"Bei Facebook teilen\" role=\"button\" rel=\"nofollow\" class=\"shariff-link\" style=\"; background-color:#3b5998; color:#3b5998\" target=\"_blank\"><span class=\"shariff-icon\" style=\"fill:#3b5998\"><svg width=\"32px\" height=\"20px\" xmlns=\"http:\/\/www.w3.org\/2000\/svg\" viewBox=\"0 0 18 32\"><path fill=\"#3b5998\" d=\"M17.1 0.2v4.7h-2.8q-1.5 0-2.1 0.6t-0.5 1.9v3.4h5.2l-0.7 5.3h-4.5v13.6h-5.5v-13.6h-4.5v-5.3h4.5v-3.9q0-3.3 1.9-5.2t5-1.8q2.6 0 4.1 0.2z\"\/><\/svg><\/span><span class=\"shariff-text\" style=\"color:#3b5998\">teilen<\/span>&nbsp;<\/a><\/li><li class=\"shariff-button twitter shariff-nocustomcolor\" style=\"background-color:#595959\"><a href=\"https:\/\/twitter.com\/share?url=https%3A%2F%2Fstarke-meinungen.de%2Fblog%2F2020%2F01%2F01%2Ffritz-vahrenholt-flunkert%2F&text=Fritz%20Vahrenholt%20flunkert&via=starkemeinungen\" title=\"Bei X teilen\" aria-label=\"Bei X teilen\" role=\"button\" rel=\"noopener nofollow\" class=\"shariff-link\" style=\"; background-color:#000; color:#000\" target=\"_blank\"><span class=\"shariff-icon\" style=\"fill:#000\"><svg width=\"32px\" height=\"20px\" xmlns=\"http:\/\/www.w3.org\/2000\/svg\" viewBox=\"0 0 24 24\"><path fill=\"#000\" d=\"M14.258 10.152L23.176 0h-2.113l-7.747 8.813L7.133 0H0l9.352 13.328L0 23.973h2.113l8.176-9.309 6.531 9.309h7.133zm-2.895 3.293l-.949-1.328L2.875 1.56h3.246l6.086 8.523.945 1.328 7.91 11.078h-3.246zm0 0\"\/><\/svg><\/span><span class=\"shariff-text\" style=\"color:#000\">teilen<\/span>&nbsp;<\/a><\/li><li class=\"shariff-button linkedin shariff-nocustomcolor\" style=\"background-color:#1488bf\"><a href=\"https:\/\/www.linkedin.com\/sharing\/share-offsite\/?url=https%3A%2F%2Fstarke-meinungen.de%2Fblog%2F2020%2F01%2F01%2Ffritz-vahrenholt-flunkert%2F\" title=\"Bei LinkedIn teilen\" aria-label=\"Bei LinkedIn teilen\" role=\"button\" rel=\"noopener nofollow\" class=\"shariff-link\" style=\"; background-color:#0077b5; color:#0077b5\" target=\"_blank\"><span class=\"shariff-icon\" style=\"fill:#0077b5\"><svg width=\"32px\" height=\"20px\" xmlns=\"http:\/\/www.w3.org\/2000\/svg\" viewBox=\"0 0 27 32\"><path fill=\"#0077b5\" d=\"M6.2 11.2v17.7h-5.9v-17.7h5.9zM6.6 5.7q0 1.3-0.9 2.2t-2.4 0.9h0q-1.5 0-2.4-0.9t-0.9-2.2 0.9-2.2 2.4-0.9 2.4 0.9 0.9 2.2zM27.4 18.7v10.1h-5.9v-9.5q0-1.9-0.7-2.9t-2.3-1.1q-1.1 0-1.9 0.6t-1.2 1.5q-0.2 0.5-0.2 1.4v9.9h-5.9q0-7.1 0-11.6t0-5.3l0-0.9h5.9v2.6h0q0.4-0.6 0.7-1t1-0.9 1.6-0.8 2-0.3q3 0 4.9 2t1.9 6z\"\/><\/svg><\/span><span class=\"shariff-text\" style=\"color:#0077b5\">teilen<\/span>&nbsp;<\/a><\/li><li class=\"shariff-button xing shariff-nocustomcolor\" style=\"background-color:#29888a\"><a href=\"https:\/\/www.xing.com\/spi\/shares\/new?url=https%3A%2F%2Fstarke-meinungen.de%2Fblog%2F2020%2F01%2F01%2Ffritz-vahrenholt-flunkert%2F\" title=\"Bei XING teilen\" aria-label=\"Bei XING teilen\" role=\"button\" rel=\"noopener nofollow\" class=\"shariff-link\" style=\"; background-color:#126567; color:#126567\" target=\"_blank\"><span class=\"shariff-icon\" style=\"fill:#126567\"><svg width=\"32px\" height=\"20px\" xmlns=\"http:\/\/www.w3.org\/2000\/svg\" viewBox=\"0 0 25 32\"><path fill=\"#126567\" d=\"M10.7 11.9q-0.2 0.3-4.6 8.2-0.5 0.8-1.2 0.8h-4.3q-0.4 0-0.5-0.3t0-0.6l4.5-8q0 0 0 0l-2.9-5q-0.2-0.4 0-0.7 0.2-0.3 0.5-0.3h4.3q0.7 0 1.2 0.8zM25.1 0.4q0.2 0.3 0 0.7l-9.4 16.7 6 11q0.2 0.4 0 0.6-0.2 0.3-0.6 0.3h-4.3q-0.7 0-1.2-0.8l-6-11.1q0.3-0.6 9.5-16.8 0.4-0.8 1.2-0.8h4.3q0.4 0 0.5 0.3z\"\/><\/svg><\/span><span class=\"shariff-text\" style=\"color:#126567\">teilen<\/span>&nbsp;<\/a><\/li><li class=\"shariff-button whatsapp shariff-nocustomcolor\" style=\"background-color:#5cbe4a\"><a href=\"https:\/\/api.whatsapp.com\/send?text=https%3A%2F%2Fstarke-meinungen.de%2Fblog%2F2020%2F01%2F01%2Ffritz-vahrenholt-flunkert%2F%20Fritz%20Vahrenholt%20flunkert\" title=\"Bei Whatsapp teilen\" aria-label=\"Bei Whatsapp teilen\" role=\"button\" rel=\"noopener nofollow\" class=\"shariff-link\" style=\"; background-color:#34af23; color:#34af23\" target=\"_blank\"><span class=\"shariff-icon\" style=\"fill:#34af23\"><svg width=\"32px\" height=\"20px\" xmlns=\"http:\/\/www.w3.org\/2000\/svg\" viewBox=\"0 0 32 32\"><path fill=\"#34af23\" d=\"M17.6 17.4q0.2 0 1.7 0.8t1.6 0.9q0 0.1 0 0.3 0 0.6-0.3 1.4-0.3 0.7-1.3 1.2t-1.8 0.5q-1 0-3.4-1.1-1.7-0.8-3-2.1t-2.6-3.3q-1.3-1.9-1.3-3.5v-0.1q0.1-1.6 1.3-2.8 0.4-0.4 0.9-0.4 0.1 0 0.3 0t0.3 0q0.3 0 0.5 0.1t0.3 0.5q0.1 0.4 0.6 1.6t0.4 1.3q0 0.4-0.6 1t-0.6 0.8q0 0.1 0.1 0.3 0.6 1.3 1.8 2.4 1 0.9 2.7 1.8 0.2 0.1 0.4 0.1 0.3 0 1-0.9t0.9-0.9zM14 26.9q2.3 0 4.3-0.9t3.6-2.4 2.4-3.6 0.9-4.3-0.9-4.3-2.4-3.6-3.6-2.4-4.3-0.9-4.3 0.9-3.6 2.4-2.4 3.6-0.9 4.3q0 3.6 2.1 6.6l-1.4 4.2 4.3-1.4q2.8 1.9 6.2 1.9zM14 2.2q2.7 0 5.2 1.1t4.3 2.9 2.9 4.3 1.1 5.2-1.1 5.2-2.9 4.3-4.3 2.9-5.2 1.1q-3.5 0-6.5-1.7l-7.4 2.4 2.4-7.2q-1.9-3.2-1.9-6.9 0-2.7 1.1-5.2t2.9-4.3 4.3-2.9 5.2-1.1z\"\/><\/svg><\/span><span class=\"shariff-text\" style=\"color:#34af23\">teilen<\/span>&nbsp;<\/a><\/li><li class=\"shariff-button info shariff-nocustomcolor\" style=\"background-color:#a8a8a8\"><a href=\"http:\/\/ct.de\/-2467514\" title=\"Weitere Informationen\" aria-label=\"Weitere Informationen\" role=\"button\" rel=\"noopener \" class=\"shariff-link\" style=\"; background-color:#999; color:#999\" target=\"_blank\"><span class=\"shariff-icon\" style=\"fill:#999\"><svg width=\"32px\" height=\"20px\" xmlns=\"http:\/\/www.w3.org\/2000\/svg\" viewBox=\"0 0 11 32\"><path fill=\"#999\" d=\"M11.4 24v2.3q0 0.5-0.3 0.8t-0.8 0.4h-9.1q-0.5 0-0.8-0.4t-0.4-0.8v-2.3q0-0.5 0.4-0.8t0.8-0.4h1.1v-6.8h-1.1q-0.5 0-0.8-0.4t-0.4-0.8v-2.3q0-0.5 0.4-0.8t0.8-0.4h6.8q0.5 0 0.8 0.4t0.4 0.8v10.3h1.1q0.5 0 0.8 0.4t0.3 0.8zM9.2 3.4v3.4q0 0.5-0.4 0.8t-0.8 0.4h-4.6q-0.4 0-0.8-0.4t-0.4-0.8v-3.4q0-0.4 0.4-0.8t0.8-0.4h4.6q0.5 0 0.8 0.4t0.4 0.8z\"\/><\/svg><\/span><\/a><\/li><\/ul><\/div>","protected":false},"excerpt":{"rendered":"<p>Als sich die Deutsche Wildtier Stiftung beschloss, sich von ihrem langj\u00e4hrigen und verdienstvollen Vorsitzenden Fritz Vahrenholt zu trennen, war die Aufregung in bestimmten Kreisen gro\u00df. \u201eKlimarealist kann Jobverlust bringen!\u201c hie\u00df es etwa auf der Website von EIKE, der wichtigsten Organisation derjenigen, die einen menschengemachtem Klimawandel \u2013 oder dessen Ausma\u00dfe \u2013 bestreiten.<\/p>\n","protected":false},"author":13,"featured_media":8187,"comment_status":"open","ping_status":"open","sticky":false,"template":"","format":"standard","meta":{"footnotes":""},"categories":[209,1],"tags":[3371,3319,3127,3372,148,3369,3370],"class_list":["post-8186","post","type-post","status-publish","format-standard","has-post-thumbnail","hentry","category-alan-posener","category-allgemein","tag-deutsche-wildtier-stiftung","tag-eike","tag-fritz-vahrenholt","tag-kalte-sonne","tag-klimawandel","tag-stephen-chen","tag-wu-jing"],"yoast_head":"<!-- This site is optimized with the Yoast SEO plugin v27.5 - https:\/\/yoast.com\/product\/yoast-seo-wordpress\/ -->\n<title>Fritz Vahrenholt flunkert - starke-meinungen.de<\/title>\n<meta name=\"robots\" content=\"index, follow, max-snippet:-1, max-image-preview:large, max-video-preview:-1\" \/>\n<link rel=\"canonical\" href=\"https:\/\/starke-meinungen.de\/blog\/2020\/01\/01\/fritz-vahrenholt-flunkert\/\" \/>\n<meta property=\"og:locale\" content=\"de_DE\" \/>\n<meta property=\"og:type\" content=\"article\" \/>\n<meta property=\"og:title\" content=\"Fritz Vahrenholt flunkert - starke-meinungen.de\" \/>\n<meta property=\"og:description\" content=\"Als sich die Deutsche Wildtier Stiftung beschloss, sich von ihrem langj\u00e4hrigen und verdienstvollen Vorsitzenden Fritz Vahrenholt zu trennen, war die Aufregung in bestimmten Kreisen gro\u00df. \u201eKlimarealist kann Jobverlust bringen!\u201c hie\u00df es etwa auf der Website von EIKE, der wichtigsten Organisation derjenigen, die einen menschengemachtem Klimawandel \u2013 oder dessen Ausma\u00dfe \u2013 bestreiten.\" \/>\n<meta property=\"og:url\" content=\"https:\/\/starke-meinungen.de\/blog\/2020\/01\/01\/fritz-vahrenholt-flunkert\/\" \/>\n<meta property=\"og:site_name\" content=\"starke-meinungen.de\" \/>\n<meta property=\"article:publisher\" content=\"https:\/\/www.facebook.com\/starkemeinungen\/\" \/>\n<meta property=\"article:published_time\" content=\"2020-01-01T17:35:03+00:00\" \/>\n<meta property=\"article:modified_time\" content=\"2020-01-01T17:35:07+00:00\" \/>\n<meta property=\"og:image\" content=\"https:\/\/starke-meinungen.de\/blog\/wp-content\/uploads\/Temperaturanstieg.png\" \/>\n\t<meta property=\"og:image:width\" content=\"577\" \/>\n\t<meta property=\"og:image:height\" content=\"405\" \/>\n\t<meta property=\"og:image:type\" content=\"image\/png\" \/>\n<meta name=\"author\" content=\"Alan Posener\" \/>\n<meta name=\"twitter:card\" content=\"summary_large_image\" \/>\n<meta name=\"twitter:creator\" content=\"@starkemeinungen\" \/>\n<meta name=\"twitter:site\" content=\"@starkemeinungen\" \/>\n<meta name=\"twitter:label1\" content=\"Verfasst von\" \/>\n\t<meta name=\"twitter:data1\" content=\"Alan Posener\" \/>\n\t<meta name=\"twitter:label2\" content=\"Gesch\u00e4tzte Lesezeit\" \/>\n\t<meta name=\"twitter:data2\" content=\"6\u00a0Minuten\" \/>\n<script type=\"application\/ld+json\" class=\"yoast-schema-graph\">{\"@context\":\"https:\\\/\\\/schema.org\",\"@graph\":[{\"@type\":\"Article\",\"@id\":\"https:\\\/\\\/starke-meinungen.de\\\/blog\\\/2020\\\/01\\\/01\\\/fritz-vahrenholt-flunkert\\\/#article\",\"isPartOf\":{\"@id\":\"https:\\\/\\\/starke-meinungen.de\\\/blog\\\/2020\\\/01\\\/01\\\/fritz-vahrenholt-flunkert\\\/\"},\"author\":{\"name\":\"Alan Posener\",\"@id\":\"https:\\\/\\\/starke-meinungen.de\\\/blog\\\/#\\\/schema\\\/person\\\/32d0faef7c31a37c1c89be993d7a6d28\"},\"headline\":\"Fritz Vahrenholt flunkert\",\"datePublished\":\"2020-01-01T17:35:03+00:00\",\"dateModified\":\"2020-01-01T17:35:07+00:00\",\"mainEntityOfPage\":{\"@id\":\"https:\\\/\\\/starke-meinungen.de\\\/blog\\\/2020\\\/01\\\/01\\\/fritz-vahrenholt-flunkert\\\/\"},\"wordCount\":1132,\"commentCount\":60,\"publisher\":{\"@id\":\"https:\\\/\\\/starke-meinungen.de\\\/blog\\\/#organization\"},\"image\":{\"@id\":\"https:\\\/\\\/starke-meinungen.de\\\/blog\\\/2020\\\/01\\\/01\\\/fritz-vahrenholt-flunkert\\\/#primaryimage\"},\"thumbnailUrl\":\"https:\\\/\\\/starke-meinungen.de\\\/blog\\\/wp-content\\\/uploads\\\/Temperaturanstieg.png\",\"keywords\":[\"Deutsche Wildtier Stiftung\",\"EIKE\",\"Fritz Vahrenholt\",\"Kalte Sonne\",\"Klimawandel\",\"Stephen Chen\",\"Wu Jing\"],\"articleSection\":[\"Alan Posener\"],\"inLanguage\":\"de\",\"potentialAction\":[{\"@type\":\"CommentAction\",\"name\":\"Comment\",\"target\":[\"https:\\\/\\\/starke-meinungen.de\\\/blog\\\/2020\\\/01\\\/01\\\/fritz-vahrenholt-flunkert\\\/#respond\"]}]},{\"@type\":\"WebPage\",\"@id\":\"https:\\\/\\\/starke-meinungen.de\\\/blog\\\/2020\\\/01\\\/01\\\/fritz-vahrenholt-flunkert\\\/\",\"url\":\"https:\\\/\\\/starke-meinungen.de\\\/blog\\\/2020\\\/01\\\/01\\\/fritz-vahrenholt-flunkert\\\/\",\"name\":\"Fritz Vahrenholt flunkert - starke-meinungen.de\",\"isPartOf\":{\"@id\":\"https:\\\/\\\/starke-meinungen.de\\\/blog\\\/#website\"},\"primaryImageOfPage\":{\"@id\":\"https:\\\/\\\/starke-meinungen.de\\\/blog\\\/2020\\\/01\\\/01\\\/fritz-vahrenholt-flunkert\\\/#primaryimage\"},\"image\":{\"@id\":\"https:\\\/\\\/starke-meinungen.de\\\/blog\\\/2020\\\/01\\\/01\\\/fritz-vahrenholt-flunkert\\\/#primaryimage\"},\"thumbnailUrl\":\"https:\\\/\\\/starke-meinungen.de\\\/blog\\\/wp-content\\\/uploads\\\/Temperaturanstieg.png\",\"datePublished\":\"2020-01-01T17:35:03+00:00\",\"dateModified\":\"2020-01-01T17:35:07+00:00\",\"breadcrumb\":{\"@id\":\"https:\\\/\\\/starke-meinungen.de\\\/blog\\\/2020\\\/01\\\/01\\\/fritz-vahrenholt-flunkert\\\/#breadcrumb\"},\"inLanguage\":\"de\",\"potentialAction\":[{\"@type\":\"ReadAction\",\"target\":[\"https:\\\/\\\/starke-meinungen.de\\\/blog\\\/2020\\\/01\\\/01\\\/fritz-vahrenholt-flunkert\\\/\"]}]},{\"@type\":\"ImageObject\",\"inLanguage\":\"de\",\"@id\":\"https:\\\/\\\/starke-meinungen.de\\\/blog\\\/2020\\\/01\\\/01\\\/fritz-vahrenholt-flunkert\\\/#primaryimage\",\"url\":\"https:\\\/\\\/starke-meinungen.de\\\/blog\\\/wp-content\\\/uploads\\\/Temperaturanstieg.png\",\"contentUrl\":\"https:\\\/\\\/starke-meinungen.de\\\/blog\\\/wp-content\\\/uploads\\\/Temperaturanstieg.png\",\"width\":577,\"height\":405},{\"@type\":\"BreadcrumbList\",\"@id\":\"https:\\\/\\\/starke-meinungen.de\\\/blog\\\/2020\\\/01\\\/01\\\/fritz-vahrenholt-flunkert\\\/#breadcrumb\",\"itemListElement\":[{\"@type\":\"ListItem\",\"position\":1,\"name\":\"Startseite\",\"item\":\"https:\\\/\\\/starke-meinungen.de\\\/blog\\\/\"},{\"@type\":\"ListItem\",\"position\":2,\"name\":\"Fritz Vahrenholt flunkert\"}]},{\"@type\":\"WebSite\",\"@id\":\"https:\\\/\\\/starke-meinungen.de\\\/blog\\\/#website\",\"url\":\"https:\\\/\\\/starke-meinungen.de\\\/blog\\\/\",\"name\":\"starke-meinungen.de\",\"description\":\"Autoren-Blog\",\"publisher\":{\"@id\":\"https:\\\/\\\/starke-meinungen.de\\\/blog\\\/#organization\"},\"potentialAction\":[{\"@type\":\"SearchAction\",\"target\":{\"@type\":\"EntryPoint\",\"urlTemplate\":\"https:\\\/\\\/starke-meinungen.de\\\/blog\\\/?s={search_term_string}\"},\"query-input\":{\"@type\":\"PropertyValueSpecification\",\"valueRequired\":true,\"valueName\":\"search_term_string\"}}],\"inLanguage\":\"de\"},{\"@type\":\"Organization\",\"@id\":\"https:\\\/\\\/starke-meinungen.de\\\/blog\\\/#organization\",\"name\":\"starke-meinungen.de\",\"url\":\"https:\\\/\\\/starke-meinungen.de\\\/blog\\\/\",\"logo\":{\"@type\":\"ImageObject\",\"inLanguage\":\"de\",\"@id\":\"https:\\\/\\\/starke-meinungen.de\\\/blog\\\/#\\\/schema\\\/logo\\\/image\\\/\",\"url\":\"https:\\\/\\\/starke-meinungen.de\\\/blog\\\/wp-content\\\/uploads\\\/starke-meinungen-fb-header.jpg\",\"contentUrl\":\"https:\\\/\\\/starke-meinungen.de\\\/blog\\\/wp-content\\\/uploads\\\/starke-meinungen-fb-header.jpg\",\"width\":1200,\"height\":630,\"caption\":\"starke-meinungen.de\"},\"image\":{\"@id\":\"https:\\\/\\\/starke-meinungen.de\\\/blog\\\/#\\\/schema\\\/logo\\\/image\\\/\"},\"sameAs\":[\"https:\\\/\\\/www.facebook.com\\\/starkemeinungen\\\/\",\"https:\\\/\\\/x.com\\\/starkemeinungen\"]},{\"@type\":\"Person\",\"@id\":\"https:\\\/\\\/starke-meinungen.de\\\/blog\\\/#\\\/schema\\\/person\\\/32d0faef7c31a37c1c89be993d7a6d28\",\"name\":\"Alan Posener\",\"image\":{\"@type\":\"ImageObject\",\"inLanguage\":\"de\",\"@id\":\"https:\\\/\\\/secure.gravatar.com\\\/avatar\\\/c75c8818a9ab78c4faa75048dba7844e2587998cda4d93f84e7d86f7e21a9b90?s=96&d=mm&r=g\",\"url\":\"https:\\\/\\\/secure.gravatar.com\\\/avatar\\\/c75c8818a9ab78c4faa75048dba7844e2587998cda4d93f84e7d86f7e21a9b90?s=96&d=mm&r=g\",\"contentUrl\":\"https:\\\/\\\/secure.gravatar.com\\\/avatar\\\/c75c8818a9ab78c4faa75048dba7844e2587998cda4d93f84e7d86f7e21a9b90?s=96&d=mm&r=g\",\"caption\":\"Alan Posener\"},\"url\":\"https:\\\/\\\/starke-meinungen.de\\\/blog\\\/author\\\/posener\\\/\"}]}<\/script>\n<!-- \/ Yoast SEO plugin. -->","yoast_head_json":{"title":"Fritz Vahrenholt flunkert - starke-meinungen.de","robots":{"index":"index","follow":"follow","max-snippet":"max-snippet:-1","max-image-preview":"max-image-preview:large","max-video-preview":"max-video-preview:-1"},"canonical":"https:\/\/starke-meinungen.de\/blog\/2020\/01\/01\/fritz-vahrenholt-flunkert\/","og_locale":"de_DE","og_type":"article","og_title":"Fritz Vahrenholt flunkert - starke-meinungen.de","og_description":"Als sich die Deutsche Wildtier Stiftung beschloss, sich von ihrem langj\u00e4hrigen und verdienstvollen Vorsitzenden Fritz Vahrenholt zu trennen, war die Aufregung in bestimmten Kreisen gro\u00df. \u201eKlimarealist kann Jobverlust bringen!\u201c hie\u00df es etwa auf der Website von EIKE, der wichtigsten Organisation derjenigen, die einen menschengemachtem Klimawandel \u2013 oder dessen Ausma\u00dfe \u2013 bestreiten.","og_url":"https:\/\/starke-meinungen.de\/blog\/2020\/01\/01\/fritz-vahrenholt-flunkert\/","og_site_name":"starke-meinungen.de","article_publisher":"https:\/\/www.facebook.com\/starkemeinungen\/","article_published_time":"2020-01-01T17:35:03+00:00","article_modified_time":"2020-01-01T17:35:07+00:00","og_image":[{"width":577,"height":405,"url":"https:\/\/starke-meinungen.de\/blog\/wp-content\/uploads\/Temperaturanstieg.png","type":"image\/png"}],"author":"Alan Posener","twitter_card":"summary_large_image","twitter_creator":"@starkemeinungen","twitter_site":"@starkemeinungen","twitter_misc":{"Verfasst von":"Alan Posener","Gesch\u00e4tzte Lesezeit":"6\u00a0Minuten"},"schema":{"@context":"https:\/\/schema.org","@graph":[{"@type":"Article","@id":"https:\/\/starke-meinungen.de\/blog\/2020\/01\/01\/fritz-vahrenholt-flunkert\/#article","isPartOf":{"@id":"https:\/\/starke-meinungen.de\/blog\/2020\/01\/01\/fritz-vahrenholt-flunkert\/"},"author":{"name":"Alan Posener","@id":"https:\/\/starke-meinungen.de\/blog\/#\/schema\/person\/32d0faef7c31a37c1c89be993d7a6d28"},"headline":"Fritz Vahrenholt flunkert","datePublished":"2020-01-01T17:35:03+00:00","dateModified":"2020-01-01T17:35:07+00:00","mainEntityOfPage":{"@id":"https:\/\/starke-meinungen.de\/blog\/2020\/01\/01\/fritz-vahrenholt-flunkert\/"},"wordCount":1132,"commentCount":60,"publisher":{"@id":"https:\/\/starke-meinungen.de\/blog\/#organization"},"image":{"@id":"https:\/\/starke-meinungen.de\/blog\/2020\/01\/01\/fritz-vahrenholt-flunkert\/#primaryimage"},"thumbnailUrl":"https:\/\/starke-meinungen.de\/blog\/wp-content\/uploads\/Temperaturanstieg.png","keywords":["Deutsche Wildtier Stiftung","EIKE","Fritz Vahrenholt","Kalte Sonne","Klimawandel","Stephen Chen","Wu Jing"],"articleSection":["Alan Posener"],"inLanguage":"de","potentialAction":[{"@type":"CommentAction","name":"Comment","target":["https:\/\/starke-meinungen.de\/blog\/2020\/01\/01\/fritz-vahrenholt-flunkert\/#respond"]}]},{"@type":"WebPage","@id":"https:\/\/starke-meinungen.de\/blog\/2020\/01\/01\/fritz-vahrenholt-flunkert\/","url":"https:\/\/starke-meinungen.de\/blog\/2020\/01\/01\/fritz-vahrenholt-flunkert\/","name":"Fritz Vahrenholt flunkert - starke-meinungen.de","isPartOf":{"@id":"https:\/\/starke-meinungen.de\/blog\/#website"},"primaryImageOfPage":{"@id":"https:\/\/starke-meinungen.de\/blog\/2020\/01\/01\/fritz-vahrenholt-flunkert\/#primaryimage"},"image":{"@id":"https:\/\/starke-meinungen.de\/blog\/2020\/01\/01\/fritz-vahrenholt-flunkert\/#primaryimage"},"thumbnailUrl":"https:\/\/starke-meinungen.de\/blog\/wp-content\/uploads\/Temperaturanstieg.png","datePublished":"2020-01-01T17:35:03+00:00","dateModified":"2020-01-01T17:35:07+00:00","breadcrumb":{"@id":"https:\/\/starke-meinungen.de\/blog\/2020\/01\/01\/fritz-vahrenholt-flunkert\/#breadcrumb"},"inLanguage":"de","potentialAction":[{"@type":"ReadAction","target":["https:\/\/starke-meinungen.de\/blog\/2020\/01\/01\/fritz-vahrenholt-flunkert\/"]}]},{"@type":"ImageObject","inLanguage":"de","@id":"https:\/\/starke-meinungen.de\/blog\/2020\/01\/01\/fritz-vahrenholt-flunkert\/#primaryimage","url":"https:\/\/starke-meinungen.de\/blog\/wp-content\/uploads\/Temperaturanstieg.png","contentUrl":"https:\/\/starke-meinungen.de\/blog\/wp-content\/uploads\/Temperaturanstieg.png","width":577,"height":405},{"@type":"BreadcrumbList","@id":"https:\/\/starke-meinungen.de\/blog\/2020\/01\/01\/fritz-vahrenholt-flunkert\/#breadcrumb","itemListElement":[{"@type":"ListItem","position":1,"name":"Startseite","item":"https:\/\/starke-meinungen.de\/blog\/"},{"@type":"ListItem","position":2,"name":"Fritz Vahrenholt flunkert"}]},{"@type":"WebSite","@id":"https:\/\/starke-meinungen.de\/blog\/#website","url":"https:\/\/starke-meinungen.de\/blog\/","name":"starke-meinungen.de","description":"Autoren-Blog","publisher":{"@id":"https:\/\/starke-meinungen.de\/blog\/#organization"},"potentialAction":[{"@type":"SearchAction","target":{"@type":"EntryPoint","urlTemplate":"https:\/\/starke-meinungen.de\/blog\/?s={search_term_string}"},"query-input":{"@type":"PropertyValueSpecification","valueRequired":true,"valueName":"search_term_string"}}],"inLanguage":"de"},{"@type":"Organization","@id":"https:\/\/starke-meinungen.de\/blog\/#organization","name":"starke-meinungen.de","url":"https:\/\/starke-meinungen.de\/blog\/","logo":{"@type":"ImageObject","inLanguage":"de","@id":"https:\/\/starke-meinungen.de\/blog\/#\/schema\/logo\/image\/","url":"https:\/\/starke-meinungen.de\/blog\/wp-content\/uploads\/starke-meinungen-fb-header.jpg","contentUrl":"https:\/\/starke-meinungen.de\/blog\/wp-content\/uploads\/starke-meinungen-fb-header.jpg","width":1200,"height":630,"caption":"starke-meinungen.de"},"image":{"@id":"https:\/\/starke-meinungen.de\/blog\/#\/schema\/logo\/image\/"},"sameAs":["https:\/\/www.facebook.com\/starkemeinungen\/","https:\/\/x.com\/starkemeinungen"]},{"@type":"Person","@id":"https:\/\/starke-meinungen.de\/blog\/#\/schema\/person\/32d0faef7c31a37c1c89be993d7a6d28","name":"Alan Posener","image":{"@type":"ImageObject","inLanguage":"de","@id":"https:\/\/secure.gravatar.com\/avatar\/c75c8818a9ab78c4faa75048dba7844e2587998cda4d93f84e7d86f7e21a9b90?s=96&d=mm&r=g","url":"https:\/\/secure.gravatar.com\/avatar\/c75c8818a9ab78c4faa75048dba7844e2587998cda4d93f84e7d86f7e21a9b90?s=96&d=mm&r=g","contentUrl":"https:\/\/secure.gravatar.com\/avatar\/c75c8818a9ab78c4faa75048dba7844e2587998cda4d93f84e7d86f7e21a9b90?s=96&d=mm&r=g","caption":"Alan Posener"},"url":"https:\/\/starke-meinungen.de\/blog\/author\/posener\/"}]}},"_links":{"self":[{"href":"https:\/\/starke-meinungen.de\/blog\/wp-json\/wp\/v2\/posts\/8186","targetHints":{"allow":["GET"]}}],"collection":[{"href":"https:\/\/starke-meinungen.de\/blog\/wp-json\/wp\/v2\/posts"}],"about":[{"href":"https:\/\/starke-meinungen.de\/blog\/wp-json\/wp\/v2\/types\/post"}],"author":[{"embeddable":true,"href":"https:\/\/starke-meinungen.de\/blog\/wp-json\/wp\/v2\/users\/13"}],"replies":[{"embeddable":true,"href":"https:\/\/starke-meinungen.de\/blog\/wp-json\/wp\/v2\/comments?post=8186"}],"version-history":[{"count":1,"href":"https:\/\/starke-meinungen.de\/blog\/wp-json\/wp\/v2\/posts\/8186\/revisions"}],"predecessor-version":[{"id":8194,"href":"https:\/\/starke-meinungen.de\/blog\/wp-json\/wp\/v2\/posts\/8186\/revisions\/8194"}],"wp:featuredmedia":[{"embeddable":true,"href":"https:\/\/starke-meinungen.de\/blog\/wp-json\/wp\/v2\/media\/8187"}],"wp:attachment":[{"href":"https:\/\/starke-meinungen.de\/blog\/wp-json\/wp\/v2\/media?parent=8186"}],"wp:term":[{"taxonomy":"category","embeddable":true,"href":"https:\/\/starke-meinungen.de\/blog\/wp-json\/wp\/v2\/categories?post=8186"},{"taxonomy":"post_tag","embeddable":true,"href":"https:\/\/starke-meinungen.de\/blog\/wp-json\/wp\/v2\/tags?post=8186"}],"curies":[{"name":"wp","href":"https:\/\/api.w.org\/{rel}","templated":true}]}}