

{"id":8126,"date":"2019-12-09T14:48:52","date_gmt":"2019-12-09T14:48:52","guid":{"rendered":"https:\/\/starke-meinungen.de\/blog\/?p=8126"},"modified":"2019-12-09T14:48:56","modified_gmt":"2019-12-09T14:48:56","slug":"dem-volke-dienen","status":"publish","type":"post","link":"https:\/\/starke-meinungen.de\/blog\/2019\/12\/09\/dem-volke-dienen\/","title":{"rendered":"Dem Volke dienen"},"content":{"rendered":"\n<p>Die intellektuellen Anf\u00fchrer der Rechtspopulisten halten\nsich f\u00fcr Individualisten, die sich tapfer dem Mainstream widersetzen. Wie 68,\nnur eben rechts. In Wirklichkeit ist der Wunsch, endlich ihren Individualismus\nund Intellektualismus loszuwerden und im breiten Strom der Masse mit zu schwimmen,\nein viel st\u00e4rkerer Antrieb. Wie das ja auch bei den Nachfolgern der 68er, den K-Gruppen\nder Fall war. Und nicht nur bei ihnen.<\/p>\n\n\n\n<!--more-->\n\n\n\n<p>Chaim Weizmann war besorgt. Wie er 1903 an Theodor Herzl schrieb, \u201eglaubt man in Westeuropa gemeinhin, dass sich die \u00fcberwiegende Mehrheit der j\u00fcdischen Jugend Russlands im zionistischen Lager befindet. Leider ist das Gegenteil der Fall. Der gr\u00f6\u00dfere Teil der Jugend heute ist antizionistisch, nicht aus dem Wunsch nach Assimilation, wie in Westeuropa, sondern aus revolution\u00e4rer \u00dcberzeugung. (\u2026) Es handelt sich nicht unbedingt um Jugendliche proletarischer Herkunft; si kommen auch aus gutsituierten und \u00fcbrigens nicht selten zionistischen Familien. Fast alle Studenten geh\u00f6ren zum revolution\u00e4ren Lager; kaum einer von ihnen entgeht am Ende ihrem Schicksal. (\u2026) Es ist ein f\u00fcrchterlicher Anblick (\u2026) zuzusehen, wie der Gro\u00dfteil unserer Jugend \u2013 und niemand w\u00fcrde sie als den schlechtesten Teil bezeichnen \u2013 sich zum Opfer darbringt, wie von einem Fieber erfasst.\u201c (Zitiert in Yuri Slezkine, \u201eThe Jewish Century\u201c, meine \u00dcbersetzung A.P.) <\/p>\n\n\n\n<p><strong>Die Versuchung der Narodniki<\/strong>\u00a0<\/p>\n\n\n\n<p>Wie Slezkine zeigt, f\u00fchlten sich gerade Kinder aus b\u00fcrgerlichen Familien \u2013 nicht nur Juden; aber die Juden waren ja auch die Pioniere der b\u00fcrgerlichen Entwicklung in Russland gewesen \u2013 hingezogen zu Organisationen und Bewegungen, die antib\u00fcrgerlich waren: zun\u00e4chst vor allem den \u201eNarodniki\u201c. Diese Bewegung lernte ich in der Schule als \u201eIns-Volk-Gehen\u201c-Bewegung kennen (einem entfernten deutschen Ausleger davon geh\u00f6rte mein Gro\u00dfvater Moritz Posener an, der an der Gr\u00fcndung einer K\u00fcnstlerkolonie im Dorf Prenden bei Berlin beteiligt war); Slezkine \u00fcbersetzt das Wort einfach als \u201ePopulisten\u201c. <\/p>\n\n\n\n<p>Als die antiautorit\u00e4re 68er Bewegung in Gewalt, Esoterik und Drogen ausfranste, suchten viele nach einem Ausweg. (\u00dcber meine eigenen Irrwege in dieser Zeit habe ich <a rel=\"noreferrer noopener\" aria-label=\"hier (\u00f6ffnet in neuem Tab)\" href=\"https:\/\/starke-meinungen.de\/blog\/2013\/06\/25\/was-ich-der-kpd-verdanke-1\/\" target=\"_blank\">hier<\/a> geschrieben.) Einen m\u00f6glichen Ausweg bot der Kommunistische Studentenverband an mit seiner Losung \u201eDem Volke dienen\u201c. \u00a0(Ja, dem Volke mit \u201ee\u201c. Wir waren in vielerlei Hinsicht r\u00fcckw\u00e4rtsgewandt.) Streng genommen war die von Mao Zedongs Roten Garden \u00fcbernommene Losung Bl\u00f6dsinn. Denn nach unserer eigenen Theorie waren \u00c4rzte und Ingenieure, Lehrerinnen und Juristinnen unentrinnbar in den \u201eVerwertungs- und Ausbeutungszusammenhang\u201c eingebunden, so lange der Staat ein \u201eb\u00fcrgerlicher\u201c war. Etwas anderes zu glauben, war \u201eRevisionismus\u201c. Erst wenn der b\u00fcrgerliche Staat zerschlagen w\u00e4re, konnte man \u201eals Fachmann und Propagandist dem Volke dienen\u201c, wie es in unseren theoretischen Dokumenten hie\u00df, Aber bis dahin sollte man sich \u201en\u00fctzliches Wissen\u201c f\u00fcr die Zeit nach der Revolution aneignen und sich ansonsten mit Agitation vor den Fabriktoren und dergleichen n\u00fctzlich machen. <\/p>\n\n\n\n<p>Wie die j\u00fcdischen Jugendlichen, die Weizmann 65 Jahre zuvor in Russland erlebt hatte, waren wir von \u201eeinem Fieber erfasst\u201c. Und wie die Narodniki wollten wir unsere elit\u00e4re, bourgeoise Lebensweise aufgehen und f\u00fcr \u201edie Massen\u201c n\u00fctzlich sein. Wir passten uns auch \u00e4u\u00dferlich an: schnitten uns die Haare kurz, trugen keine Jeans, h\u00f6rten keine Rockmusik, sondern Lieder der Arbeiterklasse, lebten nicht mehr in Kommunen, heirateten. Das war nicht Camouflage, wie bei der RAF oder der Bewegung 2. Juni. \u00a0Es war die \u00dcberzeugung, dass \u201edie Arbeiter\u201c den \u201eb\u00fcrgerlichen Individualismus\u201c zu Recht verabscheuten, und dass wir ihn, so gut es ging, ablegen m\u00fcssten. Das gr\u00f6\u00dfte Gl\u00fcck war das Aufgehen in der Masse \u2013 in meinem Fall war das w\u00e4hrend der Streiks in der Automobilindustrie 1973, als mich einige Arbeiter am Tor von Opel Bochum abholten, wo ich die \u201eRote Fahne\u201c verkaufte, und in die besetzte Fabrik mitnahmen. <\/p>\n\n\n\n<p><strong>Damals Rebell, heute Rebell?<\/strong><\/p>\n\n\n\n<p>Auch mein Ex-Kollege Matthias Matussek war Anfang der 1970er Jahre Sympathisant einer maoistischen Gruppe, dem \u201eKommunistischen Arbeiterbund \u201c (KAB\/ML), einer Stuttgarter Truppe. Heute ist er Sympathisant der AfD und der Identit\u00e4ren Bewegung und geh\u00f6rt zu jenen prominenten rechten Katholiken, die unter Benedikt XVI von einer \u201ebenedettinischen Wende\u201c tr\u00e4umten und mit der \u2013 \u00fcbrigens rein populistischen \u2013 Politik des gegenw\u00e4rtigen Papstes hadern. <\/p>\n\n\n\n<p>In einem &#8211; \u00fcbrigens sehr sch\u00f6nen &#8211; autobiographischen <a href=\"https:\/\/www.zeit.de\/kultur\/2017-07\/68er-matthias-matussek-rechtspopulismus-identitaere\" target=\"_blank\" rel=\"noreferrer noopener\" aria-label=\"Text (\u00f6ffnet in neuem Tab)\">Text<\/a> f\u00fcr die \u201eZeit\u201c schilderte Matussek vor einigen Jahren diesen Werdegang von links nach rechts. Er sei, so Matussek, damit zu erkl\u00e4ren \u201edass ich meinem Widerspruchsgeist treu geblieben (bin)\u201c.\u00a0 Damals Rebell, heute Rebell. <\/p>\n\n\n\n<p>Abgesehen davon, dass es etwas peinlich anmutet, wenn \u00e4ltere Herren die Attit\u00fcde des Rebellen f\u00fcr sich reklamieren (davon kann ich als Hobby-Rocks\u00e4nger ein Lied <a rel=\"noreferrer noopener\" aria-label=\"singen (\u00f6ffnet in neuem Tab)\" href=\"https:\/\/www.youtube.com\/watch?v=WjKE0oNmKfA\" target=\"_blank\">singen<\/a>: buchst\u00e4blich), verkennt Matussek das, was ihn wirklich antreibt und auch damals als Sohn eines CDU-B\u00fcrgermeisters in den KAB\/ML trieb. Matussek schreibt zwar wenig \u00fcber seine maoistische Episode, die f\u00fcr ihn wohl auch eher Episode blieb als f\u00fcr mich die \u00fcber sechsj\u00e4hrige Kadert\u00e4tigkeit f\u00fcr die KPD\/AO. \u00a0Allerdings kommt er in seiner Beschreibung seiner Zeit als Lateinamerika-Korrespondent des \u201eSpiegel\u201c zu einer interessanten Einsicht. Er schreibt: \u201eDas\u00a0<em>Movimento Sem Terra<\/em>, die Bewegung der Landlosen, begleitete ich ebenso sympathisierend, wie ich den Wahlsieg des einfachen Metallers Lula in der Pr\u00e4sidentschaftswahl bejubelte, obwohl ich mit seinem Vorg\u00e4nger Henrique Cardoso hervorragend klarkam. Wenn ich verf\u00fchrbar bin, dann durch Unterlegene. Instinktiv halte ich zu Au\u00dfenseitern, zu Chancenlosen und Ge\u00e4chteten. Lula und seine linke Bagage sind mittlerweile wegen Korruption angeklagt, wor\u00fcber ich letzthin (jetzt f\u00fcr die\u00a0<em>Weltwoche<\/em>) ebenso berichtete. Kurz: Ich bin derselbe geblieben, nur meine Meinung \u00fcber die Protagonisten hat sich ge\u00e4ndert, was daran liegt, dass sie sich ge\u00e4ndert haben. So ist das im Meinungsgesch\u00e4ft, das eben ein Tagesgesch\u00e4ft ist.\u201c<\/p>\n\n\n\n<p>\u201eWenn ich verf\u00fchrbar bin, dann durch Unterlegene. Instinktiv halte ich zu Au\u00dfenseitern, zu Chancenlosen und Ge\u00e4chteten.\u201c Da spricht der Narodnik. Der Maoist. Der Sympathisant des Linkspopulisten Lula. Der Populist eben. <\/p>\n\n\n\n<p><strong>Endlich Nichtdenker<\/strong><\/p>\n\n\n\n<p>So wie wir in der KPD\/AO als M\u00f6chtegern-Linkspopulisten gerade mit einem Programm Erfolg hatten, das die Studenten aufforderte, ihr Elitendasein aufzugeben und \u201edem Volke zu dienen\u201c, die kleinb\u00fcrgerlichen Vorurteile der Arbeiter gegen Intellektuelle, Langhaarige und Unverheiratete als berechtigte Kritik akzeptierten und individuelle Emanzipationsversuche ebenso ablehnten wie \u201eabstrakte Theorien\u201c (unsere Losungen lie\u00dfen an Schlichtheit nichts zu w\u00fcnschen \u00fcbrig, etwa: \u201eNieder mit Honecker, nieder mit Schmidt \u2013 schlag zu, Prolet, und weg damit!\u201c) \u2013 so besteht die Anziehungskraft des Rechtspopulismus vor allem im Aufgehen in der Masse, in der Aufgabe des Individuums. Es ist anstrengend, Elite zu sein. Selbst zu denken. Es ist immens erleichternd, endlich dem Volk zu dienen, seine Vorurteile zu teilen, ja ihnen Ausdruck zu geben, die Intellektuellen zu bashen, das Rebellische auszuleben mit der masse, nicht gegen sie &#8211; als Volksrebellion. <\/p>\n\n\n\n<p><strong>Der Geist, der stets verneint<\/strong><\/p>\n\n\n\n<p>\u201eAlso war ich mittlerweile ein Frauenfeind, Nationalist, Dunkelkatholik, mit einem Wort uncool \u2013 und alles, weil ich mir in meinem Widerspruchsgeist treu geblieben war.\u201c So Matussek. Nein. Weil er der \u201eVerf\u00fchrung durch Unterlegene\u201c erlegen ist. Oder: Jein. Der Geist der stets verneint, ist ja in Deutschlands Ur-Drama der Mephisto. Als Faust wirklich &#8222;dem Volke dienen&#8220; will durch sein Landgewinnungsprojekt, l\u00e4sst ihn Mephisto t\u00f6ten. <\/p>\n\n\n\n<p><\/p>\n<div class=\"shariff shariff-align-left shariff-widget-align-left shariff-buttonstretch\" style=\"display:none\"><ul class=\"shariff-buttons theme-white orientation-horizontal buttonsize-medium\"><li class=\"shariff-button facebook shariff-nocustomcolor\" style=\"background-color:#4273c8\"><a href=\"https:\/\/www.facebook.com\/sharer\/sharer.php?u=https%3A%2F%2Fstarke-meinungen.de%2Fblog%2F2019%2F12%2F09%2Fdem-volke-dienen%2F\" title=\"Bei Facebook teilen\" aria-label=\"Bei Facebook teilen\" role=\"button\" rel=\"nofollow\" class=\"shariff-link\" style=\"; background-color:#3b5998; color:#3b5998\" target=\"_blank\"><span class=\"shariff-icon\" style=\"fill:#3b5998\"><svg width=\"32px\" height=\"20px\" xmlns=\"http:\/\/www.w3.org\/2000\/svg\" viewBox=\"0 0 18 32\"><path fill=\"#3b5998\" d=\"M17.1 0.2v4.7h-2.8q-1.5 0-2.1 0.6t-0.5 1.9v3.4h5.2l-0.7 5.3h-4.5v13.6h-5.5v-13.6h-4.5v-5.3h4.5v-3.9q0-3.3 1.9-5.2t5-1.8q2.6 0 4.1 0.2z\"\/><\/svg><\/span><span class=\"shariff-text\" style=\"color:#3b5998\">teilen<\/span>&nbsp;<\/a><\/li><li class=\"shariff-button twitter shariff-nocustomcolor\" style=\"background-color:#595959\"><a href=\"https:\/\/twitter.com\/share?url=https%3A%2F%2Fstarke-meinungen.de%2Fblog%2F2019%2F12%2F09%2Fdem-volke-dienen%2F&text=Dem%20Volke%20dienen&via=starkemeinungen\" title=\"Bei X teilen\" aria-label=\"Bei X teilen\" role=\"button\" rel=\"noopener nofollow\" class=\"shariff-link\" style=\"; background-color:#000; color:#000\" target=\"_blank\"><span class=\"shariff-icon\" style=\"fill:#000\"><svg width=\"32px\" height=\"20px\" xmlns=\"http:\/\/www.w3.org\/2000\/svg\" viewBox=\"0 0 24 24\"><path fill=\"#000\" d=\"M14.258 10.152L23.176 0h-2.113l-7.747 8.813L7.133 0H0l9.352 13.328L0 23.973h2.113l8.176-9.309 6.531 9.309h7.133zm-2.895 3.293l-.949-1.328L2.875 1.56h3.246l6.086 8.523.945 1.328 7.91 11.078h-3.246zm0 0\"\/><\/svg><\/span><span class=\"shariff-text\" style=\"color:#000\">teilen<\/span>&nbsp;<\/a><\/li><li class=\"shariff-button linkedin shariff-nocustomcolor\" style=\"background-color:#1488bf\"><a href=\"https:\/\/www.linkedin.com\/sharing\/share-offsite\/?url=https%3A%2F%2Fstarke-meinungen.de%2Fblog%2F2019%2F12%2F09%2Fdem-volke-dienen%2F\" title=\"Bei LinkedIn teilen\" aria-label=\"Bei LinkedIn teilen\" role=\"button\" rel=\"noopener nofollow\" class=\"shariff-link\" style=\"; background-color:#0077b5; color:#0077b5\" target=\"_blank\"><span class=\"shariff-icon\" style=\"fill:#0077b5\"><svg width=\"32px\" height=\"20px\" xmlns=\"http:\/\/www.w3.org\/2000\/svg\" viewBox=\"0 0 27 32\"><path fill=\"#0077b5\" d=\"M6.2 11.2v17.7h-5.9v-17.7h5.9zM6.6 5.7q0 1.3-0.9 2.2t-2.4 0.9h0q-1.5 0-2.4-0.9t-0.9-2.2 0.9-2.2 2.4-0.9 2.4 0.9 0.9 2.2zM27.4 18.7v10.1h-5.9v-9.5q0-1.9-0.7-2.9t-2.3-1.1q-1.1 0-1.9 0.6t-1.2 1.5q-0.2 0.5-0.2 1.4v9.9h-5.9q0-7.1 0-11.6t0-5.3l0-0.9h5.9v2.6h0q0.4-0.6 0.7-1t1-0.9 1.6-0.8 2-0.3q3 0 4.9 2t1.9 6z\"\/><\/svg><\/span><span class=\"shariff-text\" style=\"color:#0077b5\">teilen<\/span>&nbsp;<\/a><\/li><li class=\"shariff-button xing shariff-nocustomcolor\" style=\"background-color:#29888a\"><a href=\"https:\/\/www.xing.com\/spi\/shares\/new?url=https%3A%2F%2Fstarke-meinungen.de%2Fblog%2F2019%2F12%2F09%2Fdem-volke-dienen%2F\" title=\"Bei XING teilen\" aria-label=\"Bei XING teilen\" role=\"button\" rel=\"noopener nofollow\" class=\"shariff-link\" style=\"; background-color:#126567; color:#126567\" target=\"_blank\"><span class=\"shariff-icon\" style=\"fill:#126567\"><svg width=\"32px\" height=\"20px\" xmlns=\"http:\/\/www.w3.org\/2000\/svg\" viewBox=\"0 0 25 32\"><path fill=\"#126567\" d=\"M10.7 11.9q-0.2 0.3-4.6 8.2-0.5 0.8-1.2 0.8h-4.3q-0.4 0-0.5-0.3t0-0.6l4.5-8q0 0 0 0l-2.9-5q-0.2-0.4 0-0.7 0.2-0.3 0.5-0.3h4.3q0.7 0 1.2 0.8zM25.1 0.4q0.2 0.3 0 0.7l-9.4 16.7 6 11q0.2 0.4 0 0.6-0.2 0.3-0.6 0.3h-4.3q-0.7 0-1.2-0.8l-6-11.1q0.3-0.6 9.5-16.8 0.4-0.8 1.2-0.8h4.3q0.4 0 0.5 0.3z\"\/><\/svg><\/span><span class=\"shariff-text\" style=\"color:#126567\">teilen<\/span>&nbsp;<\/a><\/li><li class=\"shariff-button whatsapp shariff-nocustomcolor\" style=\"background-color:#5cbe4a\"><a href=\"https:\/\/api.whatsapp.com\/send?text=https%3A%2F%2Fstarke-meinungen.de%2Fblog%2F2019%2F12%2F09%2Fdem-volke-dienen%2F%20Dem%20Volke%20dienen\" title=\"Bei Whatsapp teilen\" aria-label=\"Bei Whatsapp teilen\" role=\"button\" rel=\"noopener nofollow\" class=\"shariff-link\" style=\"; background-color:#34af23; color:#34af23\" target=\"_blank\"><span class=\"shariff-icon\" style=\"fill:#34af23\"><svg width=\"32px\" height=\"20px\" xmlns=\"http:\/\/www.w3.org\/2000\/svg\" viewBox=\"0 0 32 32\"><path fill=\"#34af23\" d=\"M17.6 17.4q0.2 0 1.7 0.8t1.6 0.9q0 0.1 0 0.3 0 0.6-0.3 1.4-0.3 0.7-1.3 1.2t-1.8 0.5q-1 0-3.4-1.1-1.7-0.8-3-2.1t-2.6-3.3q-1.3-1.9-1.3-3.5v-0.1q0.1-1.6 1.3-2.8 0.4-0.4 0.9-0.4 0.1 0 0.3 0t0.3 0q0.3 0 0.5 0.1t0.3 0.5q0.1 0.4 0.6 1.6t0.4 1.3q0 0.4-0.6 1t-0.6 0.8q0 0.1 0.1 0.3 0.6 1.3 1.8 2.4 1 0.9 2.7 1.8 0.2 0.1 0.4 0.1 0.3 0 1-0.9t0.9-0.9zM14 26.9q2.3 0 4.3-0.9t3.6-2.4 2.4-3.6 0.9-4.3-0.9-4.3-2.4-3.6-3.6-2.4-4.3-0.9-4.3 0.9-3.6 2.4-2.4 3.6-0.9 4.3q0 3.6 2.1 6.6l-1.4 4.2 4.3-1.4q2.8 1.9 6.2 1.9zM14 2.2q2.7 0 5.2 1.1t4.3 2.9 2.9 4.3 1.1 5.2-1.1 5.2-2.9 4.3-4.3 2.9-5.2 1.1q-3.5 0-6.5-1.7l-7.4 2.4 2.4-7.2q-1.9-3.2-1.9-6.9 0-2.7 1.1-5.2t2.9-4.3 4.3-2.9 5.2-1.1z\"\/><\/svg><\/span><span class=\"shariff-text\" style=\"color:#34af23\">teilen<\/span>&nbsp;<\/a><\/li><li class=\"shariff-button info shariff-nocustomcolor\" style=\"background-color:#a8a8a8\"><a href=\"http:\/\/ct.de\/-2467514\" title=\"Weitere Informationen\" aria-label=\"Weitere Informationen\" role=\"button\" rel=\"noopener \" class=\"shariff-link\" style=\"; background-color:#999; color:#999\" target=\"_blank\"><span class=\"shariff-icon\" style=\"fill:#999\"><svg width=\"32px\" height=\"20px\" xmlns=\"http:\/\/www.w3.org\/2000\/svg\" viewBox=\"0 0 11 32\"><path fill=\"#999\" d=\"M11.4 24v2.3q0 0.5-0.3 0.8t-0.8 0.4h-9.1q-0.5 0-0.8-0.4t-0.4-0.8v-2.3q0-0.5 0.4-0.8t0.8-0.4h1.1v-6.8h-1.1q-0.5 0-0.8-0.4t-0.4-0.8v-2.3q0-0.5 0.4-0.8t0.8-0.4h6.8q0.5 0 0.8 0.4t0.4 0.8v10.3h1.1q0.5 0 0.8 0.4t0.3 0.8zM9.2 3.4v3.4q0 0.5-0.4 0.8t-0.8 0.4h-4.6q-0.4 0-0.8-0.4t-0.4-0.8v-3.4q0-0.4 0.4-0.8t0.8-0.4h4.6q0.5 0 0.8 0.4t0.4 0.8z\"\/><\/svg><\/span><\/a><\/li><\/ul><\/div>","protected":false},"excerpt":{"rendered":"<p>Die intellektuellen Anf\u00fchrer der Rechtspopulisten halten sich f\u00fcr Individualisten, die sich tapfer dem Mainstream widersetzen. Wie 68, nur eben rechts. In Wirklichkeit ist der Wunsch, endlich ihren Individualismus und Intellektualismus loszuwerden und im breiten Strom der Masse mit zu schwimmen, ein viel st\u00e4rkerer Antrieb. Wie das ja auch bei den Nachfolgern der 68er, den K-Gruppen der Fall war. Und nicht&#8230; <a href=\"https:\/\/starke-meinungen.de\/blog\/2019\/12\/09\/dem-volke-dienen\/\">Weiterlesen &raquo;<\/a><\/p>\n","protected":false},"author":13,"featured_media":8127,"comment_status":"open","ping_status":"open","sticky":false,"template":"","format":"standard","meta":{"footnotes":""},"categories":[209,1],"tags":[],"class_list":["post-8126","post","type-post","status-publish","format-standard","has-post-thumbnail","hentry","category-alan-posener","category-allgemein"],"yoast_head":"<!-- This site is optimized with the Yoast SEO plugin v27.5 - https:\/\/yoast.com\/product\/yoast-seo-wordpress\/ -->\n<title>Dem Volke dienen - starke-meinungen.de<\/title>\n<meta name=\"robots\" content=\"index, follow, max-snippet:-1, max-image-preview:large, max-video-preview:-1\" \/>\n<link rel=\"canonical\" href=\"https:\/\/starke-meinungen.de\/blog\/2019\/12\/09\/dem-volke-dienen\/\" \/>\n<meta property=\"og:locale\" content=\"de_DE\" \/>\n<meta property=\"og:type\" content=\"article\" \/>\n<meta property=\"og:title\" content=\"Dem Volke dienen - starke-meinungen.de\" \/>\n<meta property=\"og:description\" content=\"Die intellektuellen Anf\u00fchrer der Rechtspopulisten halten sich f\u00fcr Individualisten, die sich tapfer dem Mainstream widersetzen. Wie 68, nur eben rechts. In Wirklichkeit ist der Wunsch, endlich ihren Individualismus und Intellektualismus loszuwerden und im breiten Strom der Masse mit zu schwimmen, ein viel st\u00e4rkerer Antrieb. Wie das ja auch bei den Nachfolgern der 68er, den K-Gruppen der Fall war. Und nicht... Weiterlesen &raquo;\" \/>\n<meta property=\"og:url\" content=\"https:\/\/starke-meinungen.de\/blog\/2019\/12\/09\/dem-volke-dienen\/\" \/>\n<meta property=\"og:site_name\" content=\"starke-meinungen.de\" \/>\n<meta property=\"article:publisher\" content=\"https:\/\/www.facebook.com\/starkemeinungen\/\" \/>\n<meta property=\"article:published_time\" content=\"2019-12-09T14:48:52+00:00\" \/>\n<meta property=\"article:modified_time\" content=\"2019-12-09T14:48:56+00:00\" \/>\n<meta property=\"og:image\" content=\"https:\/\/starke-meinungen.de\/blog\/wp-content\/uploads\/Pegida.png\" \/>\n\t<meta property=\"og:image:width\" content=\"458\" \/>\n\t<meta property=\"og:image:height\" content=\"429\" \/>\n\t<meta property=\"og:image:type\" content=\"image\/png\" \/>\n<meta name=\"author\" content=\"Alan Posener\" \/>\n<meta name=\"twitter:card\" content=\"summary_large_image\" \/>\n<meta name=\"twitter:creator\" content=\"@starkemeinungen\" \/>\n<meta name=\"twitter:site\" content=\"@starkemeinungen\" \/>\n<meta name=\"twitter:label1\" content=\"Verfasst von\" \/>\n\t<meta name=\"twitter:data1\" content=\"Alan Posener\" \/>\n\t<meta name=\"twitter:label2\" content=\"Gesch\u00e4tzte Lesezeit\" \/>\n\t<meta name=\"twitter:data2\" content=\"6\u00a0Minuten\" \/>\n<script type=\"application\/ld+json\" class=\"yoast-schema-graph\">{\"@context\":\"https:\\\/\\\/schema.org\",\"@graph\":[{\"@type\":\"Article\",\"@id\":\"https:\\\/\\\/starke-meinungen.de\\\/blog\\\/2019\\\/12\\\/09\\\/dem-volke-dienen\\\/#article\",\"isPartOf\":{\"@id\":\"https:\\\/\\\/starke-meinungen.de\\\/blog\\\/2019\\\/12\\\/09\\\/dem-volke-dienen\\\/\"},\"author\":{\"name\":\"Alan Posener\",\"@id\":\"https:\\\/\\\/starke-meinungen.de\\\/blog\\\/#\\\/schema\\\/person\\\/32d0faef7c31a37c1c89be993d7a6d28\"},\"headline\":\"Dem Volke dienen\",\"datePublished\":\"2019-12-09T14:48:52+00:00\",\"dateModified\":\"2019-12-09T14:48:56+00:00\",\"mainEntityOfPage\":{\"@id\":\"https:\\\/\\\/starke-meinungen.de\\\/blog\\\/2019\\\/12\\\/09\\\/dem-volke-dienen\\\/\"},\"wordCount\":1172,\"commentCount\":135,\"publisher\":{\"@id\":\"https:\\\/\\\/starke-meinungen.de\\\/blog\\\/#organization\"},\"image\":{\"@id\":\"https:\\\/\\\/starke-meinungen.de\\\/blog\\\/2019\\\/12\\\/09\\\/dem-volke-dienen\\\/#primaryimage\"},\"thumbnailUrl\":\"https:\\\/\\\/starke-meinungen.de\\\/blog\\\/wp-content\\\/uploads\\\/Pegida.png\",\"articleSection\":[\"Alan Posener\"],\"inLanguage\":\"de\",\"potentialAction\":[{\"@type\":\"CommentAction\",\"name\":\"Comment\",\"target\":[\"https:\\\/\\\/starke-meinungen.de\\\/blog\\\/2019\\\/12\\\/09\\\/dem-volke-dienen\\\/#respond\"]}]},{\"@type\":\"WebPage\",\"@id\":\"https:\\\/\\\/starke-meinungen.de\\\/blog\\\/2019\\\/12\\\/09\\\/dem-volke-dienen\\\/\",\"url\":\"https:\\\/\\\/starke-meinungen.de\\\/blog\\\/2019\\\/12\\\/09\\\/dem-volke-dienen\\\/\",\"name\":\"Dem Volke dienen - starke-meinungen.de\",\"isPartOf\":{\"@id\":\"https:\\\/\\\/starke-meinungen.de\\\/blog\\\/#website\"},\"primaryImageOfPage\":{\"@id\":\"https:\\\/\\\/starke-meinungen.de\\\/blog\\\/2019\\\/12\\\/09\\\/dem-volke-dienen\\\/#primaryimage\"},\"image\":{\"@id\":\"https:\\\/\\\/starke-meinungen.de\\\/blog\\\/2019\\\/12\\\/09\\\/dem-volke-dienen\\\/#primaryimage\"},\"thumbnailUrl\":\"https:\\\/\\\/starke-meinungen.de\\\/blog\\\/wp-content\\\/uploads\\\/Pegida.png\",\"datePublished\":\"2019-12-09T14:48:52+00:00\",\"dateModified\":\"2019-12-09T14:48:56+00:00\",\"breadcrumb\":{\"@id\":\"https:\\\/\\\/starke-meinungen.de\\\/blog\\\/2019\\\/12\\\/09\\\/dem-volke-dienen\\\/#breadcrumb\"},\"inLanguage\":\"de\",\"potentialAction\":[{\"@type\":\"ReadAction\",\"target\":[\"https:\\\/\\\/starke-meinungen.de\\\/blog\\\/2019\\\/12\\\/09\\\/dem-volke-dienen\\\/\"]}]},{\"@type\":\"ImageObject\",\"inLanguage\":\"de\",\"@id\":\"https:\\\/\\\/starke-meinungen.de\\\/blog\\\/2019\\\/12\\\/09\\\/dem-volke-dienen\\\/#primaryimage\",\"url\":\"https:\\\/\\\/starke-meinungen.de\\\/blog\\\/wp-content\\\/uploads\\\/Pegida.png\",\"contentUrl\":\"https:\\\/\\\/starke-meinungen.de\\\/blog\\\/wp-content\\\/uploads\\\/Pegida.png\",\"width\":458,\"height\":429},{\"@type\":\"BreadcrumbList\",\"@id\":\"https:\\\/\\\/starke-meinungen.de\\\/blog\\\/2019\\\/12\\\/09\\\/dem-volke-dienen\\\/#breadcrumb\",\"itemListElement\":[{\"@type\":\"ListItem\",\"position\":1,\"name\":\"Startseite\",\"item\":\"https:\\\/\\\/starke-meinungen.de\\\/blog\\\/\"},{\"@type\":\"ListItem\",\"position\":2,\"name\":\"Dem Volke dienen\"}]},{\"@type\":\"WebSite\",\"@id\":\"https:\\\/\\\/starke-meinungen.de\\\/blog\\\/#website\",\"url\":\"https:\\\/\\\/starke-meinungen.de\\\/blog\\\/\",\"name\":\"starke-meinungen.de\",\"description\":\"Autoren-Blog\",\"publisher\":{\"@id\":\"https:\\\/\\\/starke-meinungen.de\\\/blog\\\/#organization\"},\"potentialAction\":[{\"@type\":\"SearchAction\",\"target\":{\"@type\":\"EntryPoint\",\"urlTemplate\":\"https:\\\/\\\/starke-meinungen.de\\\/blog\\\/?s={search_term_string}\"},\"query-input\":{\"@type\":\"PropertyValueSpecification\",\"valueRequired\":true,\"valueName\":\"search_term_string\"}}],\"inLanguage\":\"de\"},{\"@type\":\"Organization\",\"@id\":\"https:\\\/\\\/starke-meinungen.de\\\/blog\\\/#organization\",\"name\":\"starke-meinungen.de\",\"url\":\"https:\\\/\\\/starke-meinungen.de\\\/blog\\\/\",\"logo\":{\"@type\":\"ImageObject\",\"inLanguage\":\"de\",\"@id\":\"https:\\\/\\\/starke-meinungen.de\\\/blog\\\/#\\\/schema\\\/logo\\\/image\\\/\",\"url\":\"https:\\\/\\\/starke-meinungen.de\\\/blog\\\/wp-content\\\/uploads\\\/starke-meinungen-fb-header.jpg\",\"contentUrl\":\"https:\\\/\\\/starke-meinungen.de\\\/blog\\\/wp-content\\\/uploads\\\/starke-meinungen-fb-header.jpg\",\"width\":1200,\"height\":630,\"caption\":\"starke-meinungen.de\"},\"image\":{\"@id\":\"https:\\\/\\\/starke-meinungen.de\\\/blog\\\/#\\\/schema\\\/logo\\\/image\\\/\"},\"sameAs\":[\"https:\\\/\\\/www.facebook.com\\\/starkemeinungen\\\/\",\"https:\\\/\\\/x.com\\\/starkemeinungen\"]},{\"@type\":\"Person\",\"@id\":\"https:\\\/\\\/starke-meinungen.de\\\/blog\\\/#\\\/schema\\\/person\\\/32d0faef7c31a37c1c89be993d7a6d28\",\"name\":\"Alan Posener\",\"image\":{\"@type\":\"ImageObject\",\"inLanguage\":\"de\",\"@id\":\"https:\\\/\\\/secure.gravatar.com\\\/avatar\\\/c75c8818a9ab78c4faa75048dba7844e2587998cda4d93f84e7d86f7e21a9b90?s=96&d=mm&r=g\",\"url\":\"https:\\\/\\\/secure.gravatar.com\\\/avatar\\\/c75c8818a9ab78c4faa75048dba7844e2587998cda4d93f84e7d86f7e21a9b90?s=96&d=mm&r=g\",\"contentUrl\":\"https:\\\/\\\/secure.gravatar.com\\\/avatar\\\/c75c8818a9ab78c4faa75048dba7844e2587998cda4d93f84e7d86f7e21a9b90?s=96&d=mm&r=g\",\"caption\":\"Alan Posener\"},\"url\":\"https:\\\/\\\/starke-meinungen.de\\\/blog\\\/author\\\/posener\\\/\"}]}<\/script>\n<!-- \/ Yoast SEO plugin. -->","yoast_head_json":{"title":"Dem Volke dienen - starke-meinungen.de","robots":{"index":"index","follow":"follow","max-snippet":"max-snippet:-1","max-image-preview":"max-image-preview:large","max-video-preview":"max-video-preview:-1"},"canonical":"https:\/\/starke-meinungen.de\/blog\/2019\/12\/09\/dem-volke-dienen\/","og_locale":"de_DE","og_type":"article","og_title":"Dem Volke dienen - starke-meinungen.de","og_description":"Die intellektuellen Anf\u00fchrer der Rechtspopulisten halten sich f\u00fcr Individualisten, die sich tapfer dem Mainstream widersetzen. Wie 68, nur eben rechts. In Wirklichkeit ist der Wunsch, endlich ihren Individualismus und Intellektualismus loszuwerden und im breiten Strom der Masse mit zu schwimmen, ein viel st\u00e4rkerer Antrieb. Wie das ja auch bei den Nachfolgern der 68er, den K-Gruppen der Fall war. Und nicht... Weiterlesen &raquo;","og_url":"https:\/\/starke-meinungen.de\/blog\/2019\/12\/09\/dem-volke-dienen\/","og_site_name":"starke-meinungen.de","article_publisher":"https:\/\/www.facebook.com\/starkemeinungen\/","article_published_time":"2019-12-09T14:48:52+00:00","article_modified_time":"2019-12-09T14:48:56+00:00","og_image":[{"width":458,"height":429,"url":"https:\/\/starke-meinungen.de\/blog\/wp-content\/uploads\/Pegida.png","type":"image\/png"}],"author":"Alan Posener","twitter_card":"summary_large_image","twitter_creator":"@starkemeinungen","twitter_site":"@starkemeinungen","twitter_misc":{"Verfasst von":"Alan Posener","Gesch\u00e4tzte Lesezeit":"6\u00a0Minuten"},"schema":{"@context":"https:\/\/schema.org","@graph":[{"@type":"Article","@id":"https:\/\/starke-meinungen.de\/blog\/2019\/12\/09\/dem-volke-dienen\/#article","isPartOf":{"@id":"https:\/\/starke-meinungen.de\/blog\/2019\/12\/09\/dem-volke-dienen\/"},"author":{"name":"Alan Posener","@id":"https:\/\/starke-meinungen.de\/blog\/#\/schema\/person\/32d0faef7c31a37c1c89be993d7a6d28"},"headline":"Dem Volke dienen","datePublished":"2019-12-09T14:48:52+00:00","dateModified":"2019-12-09T14:48:56+00:00","mainEntityOfPage":{"@id":"https:\/\/starke-meinungen.de\/blog\/2019\/12\/09\/dem-volke-dienen\/"},"wordCount":1172,"commentCount":135,"publisher":{"@id":"https:\/\/starke-meinungen.de\/blog\/#organization"},"image":{"@id":"https:\/\/starke-meinungen.de\/blog\/2019\/12\/09\/dem-volke-dienen\/#primaryimage"},"thumbnailUrl":"https:\/\/starke-meinungen.de\/blog\/wp-content\/uploads\/Pegida.png","articleSection":["Alan Posener"],"inLanguage":"de","potentialAction":[{"@type":"CommentAction","name":"Comment","target":["https:\/\/starke-meinungen.de\/blog\/2019\/12\/09\/dem-volke-dienen\/#respond"]}]},{"@type":"WebPage","@id":"https:\/\/starke-meinungen.de\/blog\/2019\/12\/09\/dem-volke-dienen\/","url":"https:\/\/starke-meinungen.de\/blog\/2019\/12\/09\/dem-volke-dienen\/","name":"Dem Volke dienen - starke-meinungen.de","isPartOf":{"@id":"https:\/\/starke-meinungen.de\/blog\/#website"},"primaryImageOfPage":{"@id":"https:\/\/starke-meinungen.de\/blog\/2019\/12\/09\/dem-volke-dienen\/#primaryimage"},"image":{"@id":"https:\/\/starke-meinungen.de\/blog\/2019\/12\/09\/dem-volke-dienen\/#primaryimage"},"thumbnailUrl":"https:\/\/starke-meinungen.de\/blog\/wp-content\/uploads\/Pegida.png","datePublished":"2019-12-09T14:48:52+00:00","dateModified":"2019-12-09T14:48:56+00:00","breadcrumb":{"@id":"https:\/\/starke-meinungen.de\/blog\/2019\/12\/09\/dem-volke-dienen\/#breadcrumb"},"inLanguage":"de","potentialAction":[{"@type":"ReadAction","target":["https:\/\/starke-meinungen.de\/blog\/2019\/12\/09\/dem-volke-dienen\/"]}]},{"@type":"ImageObject","inLanguage":"de","@id":"https:\/\/starke-meinungen.de\/blog\/2019\/12\/09\/dem-volke-dienen\/#primaryimage","url":"https:\/\/starke-meinungen.de\/blog\/wp-content\/uploads\/Pegida.png","contentUrl":"https:\/\/starke-meinungen.de\/blog\/wp-content\/uploads\/Pegida.png","width":458,"height":429},{"@type":"BreadcrumbList","@id":"https:\/\/starke-meinungen.de\/blog\/2019\/12\/09\/dem-volke-dienen\/#breadcrumb","itemListElement":[{"@type":"ListItem","position":1,"name":"Startseite","item":"https:\/\/starke-meinungen.de\/blog\/"},{"@type":"ListItem","position":2,"name":"Dem Volke dienen"}]},{"@type":"WebSite","@id":"https:\/\/starke-meinungen.de\/blog\/#website","url":"https:\/\/starke-meinungen.de\/blog\/","name":"starke-meinungen.de","description":"Autoren-Blog","publisher":{"@id":"https:\/\/starke-meinungen.de\/blog\/#organization"},"potentialAction":[{"@type":"SearchAction","target":{"@type":"EntryPoint","urlTemplate":"https:\/\/starke-meinungen.de\/blog\/?s={search_term_string}"},"query-input":{"@type":"PropertyValueSpecification","valueRequired":true,"valueName":"search_term_string"}}],"inLanguage":"de"},{"@type":"Organization","@id":"https:\/\/starke-meinungen.de\/blog\/#organization","name":"starke-meinungen.de","url":"https:\/\/starke-meinungen.de\/blog\/","logo":{"@type":"ImageObject","inLanguage":"de","@id":"https:\/\/starke-meinungen.de\/blog\/#\/schema\/logo\/image\/","url":"https:\/\/starke-meinungen.de\/blog\/wp-content\/uploads\/starke-meinungen-fb-header.jpg","contentUrl":"https:\/\/starke-meinungen.de\/blog\/wp-content\/uploads\/starke-meinungen-fb-header.jpg","width":1200,"height":630,"caption":"starke-meinungen.de"},"image":{"@id":"https:\/\/starke-meinungen.de\/blog\/#\/schema\/logo\/image\/"},"sameAs":["https:\/\/www.facebook.com\/starkemeinungen\/","https:\/\/x.com\/starkemeinungen"]},{"@type":"Person","@id":"https:\/\/starke-meinungen.de\/blog\/#\/schema\/person\/32d0faef7c31a37c1c89be993d7a6d28","name":"Alan Posener","image":{"@type":"ImageObject","inLanguage":"de","@id":"https:\/\/secure.gravatar.com\/avatar\/c75c8818a9ab78c4faa75048dba7844e2587998cda4d93f84e7d86f7e21a9b90?s=96&d=mm&r=g","url":"https:\/\/secure.gravatar.com\/avatar\/c75c8818a9ab78c4faa75048dba7844e2587998cda4d93f84e7d86f7e21a9b90?s=96&d=mm&r=g","contentUrl":"https:\/\/secure.gravatar.com\/avatar\/c75c8818a9ab78c4faa75048dba7844e2587998cda4d93f84e7d86f7e21a9b90?s=96&d=mm&r=g","caption":"Alan Posener"},"url":"https:\/\/starke-meinungen.de\/blog\/author\/posener\/"}]}},"_links":{"self":[{"href":"https:\/\/starke-meinungen.de\/blog\/wp-json\/wp\/v2\/posts\/8126","targetHints":{"allow":["GET"]}}],"collection":[{"href":"https:\/\/starke-meinungen.de\/blog\/wp-json\/wp\/v2\/posts"}],"about":[{"href":"https:\/\/starke-meinungen.de\/blog\/wp-json\/wp\/v2\/types\/post"}],"author":[{"embeddable":true,"href":"https:\/\/starke-meinungen.de\/blog\/wp-json\/wp\/v2\/users\/13"}],"replies":[{"embeddable":true,"href":"https:\/\/starke-meinungen.de\/blog\/wp-json\/wp\/v2\/comments?post=8126"}],"version-history":[{"count":1,"href":"https:\/\/starke-meinungen.de\/blog\/wp-json\/wp\/v2\/posts\/8126\/revisions"}],"predecessor-version":[{"id":8128,"href":"https:\/\/starke-meinungen.de\/blog\/wp-json\/wp\/v2\/posts\/8126\/revisions\/8128"}],"wp:featuredmedia":[{"embeddable":true,"href":"https:\/\/starke-meinungen.de\/blog\/wp-json\/wp\/v2\/media\/8127"}],"wp:attachment":[{"href":"https:\/\/starke-meinungen.de\/blog\/wp-json\/wp\/v2\/media?parent=8126"}],"wp:term":[{"taxonomy":"category","embeddable":true,"href":"https:\/\/starke-meinungen.de\/blog\/wp-json\/wp\/v2\/categories?post=8126"},{"taxonomy":"post_tag","embeddable":true,"href":"https:\/\/starke-meinungen.de\/blog\/wp-json\/wp\/v2\/tags?post=8126"}],"curies":[{"name":"wp","href":"https:\/\/api.w.org\/{rel}","templated":true}]}}