

{"id":7944,"date":"2019-07-05T07:44:01","date_gmt":"2019-07-05T07:44:01","guid":{"rendered":"https:\/\/starke-meinungen.de\/blog\/?p=7944"},"modified":"2019-07-05T08:59:59","modified_gmt":"2019-07-05T08:59:59","slug":"warum-ursula-von-der-leyen-eine-gute-kommissionspraesidentin-sein-koennte-2","status":"publish","type":"post","link":"https:\/\/starke-meinungen.de\/blog\/2019\/07\/05\/warum-ursula-von-der-leyen-eine-gute-kommissionspraesidentin-sein-koennte-2\/","title":{"rendered":"Warum Ursula von der Leyen eine gute Kommissionspr\u00e4sidentin sein k\u00f6nnte"},"content":{"rendered":"<p><strong>Ein Gastbeitrag von Karl Adam<\/strong><\/p>\n<p><em>Die Kritik an der Nominierung von Ursula von der Leyen als neue Pr\u00e4sidentin der EU-Kommission rei\u00dft nicht ab. Unser Autor Karl Adam hat daf\u00fcr wenig Verst\u00e4ndnis und traut ihr zu, das Amt gut auszu\u00fcben. In seinem Gastbeitrag erl\u00e4utert er, welche Vorz\u00fcge sie aus seiner Sicht gegen\u00fcber den beiden bisherigen Spitzenkandidaten hat.<\/em><\/p>\n<p>Die Kritik an der Nominierung Ursula von der Leyens ist reichlich \u00fcberzogen. Sicher \u2013 aus sozialdemokratischer Sicht w\u00e4re Frans Timmermanns als Kommissionspr\u00e4sident die bessere Wahl gewesen. Und eigentlich war der EVP-Spitzenkandidat Manfred Weber der nat\u00fcrliche Anw\u00e4rter, erwies sich die Europ\u00e4ische Volkspartei doch bei der EU-Parlamentswahl als st\u00e4rkste Kraft. Doch es hat nicht sein sollen. Das kann jeder unter verschiedensten Gesichtspunkten f\u00fcr suboptimal halten; nur, so zu tun, als h\u00e4tte eine L\u00f6sung auf dem Tisch gelegen, mit der alle Beteiligten gut h\u00e4tten leben k\u00f6nnen, das verkennt die Vertracktheit der Lage. Aber der Reihe nach:<\/p>\n<p><!--more--><\/p>\n<p><strong>Das Spitzenkandidatenprinzip<\/strong><\/p>\n<p>Ja, Manfred Weber war Spitzenkandidat. Und dieses Prinzip wurde insbesondere in Deutschland 2014 und 2019 auch sehr in den Vordergrund gestellt. Nur: Das Spitzenkandidatenprinzip ist rechtlich nicht bindend, ist sehr nach dem Vorbild deutscher Bundestagswahlen designt und wird in den meisten europ\u00e4ischen L\u00e4ndern weitaus weniger wahrgenommen als eben in Deutschland; was auch daran liegt, dass 2014 und 2019 mit Martin Schulz und Manfred Weber deutsche Spitzenkandidaten zur Wahl standen und die jeweiligen Mitbewerber, Jean-Claude Juncker und Frans Timmermanns, flie\u00dfend deutsch sprechen, also auch ohne \u00dcbersetzung vor deutschem TV-Publikum auftreten konnten.<\/p>\n<p>Das \u00e4ndert nat\u00fcrlich nichts daran, dass die Durchsetzung des Spitzenkandidatenprinzips im Sinne einer weiteren Demokratisierung der Europ\u00e4ischen Union erstrebenswert w\u00e4re. Dabei gilt es aber mit\u00a0<a href=\"https:\/\/www.faz.net\/aktuell\/politik\/die-gegenwart\/eu-kommissionspraesident-ein-anspruch-auf-toenernen-fuessen-16259295.html\">Heinrich-August Winkler<\/a>\u00a0festzuhalten: Die Wahlen zum EU-Parlament sind frei, geheim, allgemein und unmittelbar; aber sie sind nicht gleich. Aus nahe liegenden Gr\u00fcnden vertreten Abgeordnete aus Malta weniger Personen als Abgeordnete etwa aus Deutschland. Im Sinne demokratischer Legitimation ist das ein Mangel, der aber auszuhalten ist. Vor diesem Hintergrund f\u00fchrt es jedoch in die Irre, dem Parlament grunds\u00e4tzlich h\u00f6here demokratische Weihen zuzubilligen als dem Europ\u00e4ischen Rat. Immerhin haben die Staats- und Regierungschefs ebenfalls ein starkes demokratisches Mandat. So eindeutig ist die Sache also nicht.<\/p>\n<p>Die Sto\u00dfrichtung sollte dennoch auf einer weiteren Parlamentarisierung der EU liegen. Nur eine solche w\u00e4re geeignet, den wachsenden Vorbehalten gegen\u00fcber einem vermeintlich exekutiv-technokratischen Politikmodell entgegenzuwirken. Die momentane Krise k\u00f6nnte und sollte vom Parlament dazu genutzt werden, Regelungen zur weiteren Institutionalisierung des Spitzenkandidatenprinzips einzufordern. Ohne einen entsprechenden Deal wird es die neue EU-Kommission unter der prospektiven F\u00fchrung von Ursula von der Leyen wohl kaum passieren lassen.<\/p>\n<p><strong>Manfred Weber<\/strong><\/p>\n<p>Die Krokodilstr\u00e4nen, die insbesondere in Deutschland angesichts der Zukunft von Manfred Weber jetzt vergossen werden, m\u00f6gen ehrenhaft sein. Inhaltlich aber sind sie schwer verst\u00e4ndlich. Emmanuel Macron, der sich dezidiert gegen Weber ausgesprochen hatte, zum schlechten Europ\u00e4er zu erkl\u00e4ren, wie es insbesondere in der Union jetzt allerorts geschieht, verkennt den Kern der Sache. Macron ist in seinem Heimatland dem Rechtspopulismus weitaus direkter ausgesetzt als andere europ\u00e4ische Staats- und Regierungschefs. Es ist durchaus nicht ausgemacht, dass er wiedergew\u00e4hlt wird. Marine Le Pens\u00a0<em>Rassemblement National<\/em> war bei den EU-Wahlen st\u00e4rkste Kraft in Frankreich. Was ein Sieg der franz\u00f6sischen Rechtspopulisten bei den n\u00e4chsten Pr\u00e4sidentschaftswahlen f\u00fcr die Europ\u00e4ische Union insgesamt bedeuten w\u00fcrde, machen sich insbesondere in Deutschland scheinbar nur wenige bewusst. Anders ist das fahrl\u00e4ssige und skandal\u00f6se Nicht-Eingehen auf die EU-Reform-Vorschl\u00e4ge Macrons seitens der Bundesregierung kaum zu erkl\u00e4ren. Warum also sollte Frankreichs Staatschef ein CSU-Parteimitglied unterst\u00fctzen? Es handelt sich mithin um eine Partei, die bis 2018 wiederholt den autokratischen ungarischen Regierungschef Victor Orban zu ihren Klausurtagungen eingeladen hat; und damit jemanden, der der liberalen Demokratie offen den Kampf ansagt. Au\u00dferdem hat Weber, auch da hat Macron recht, keinerlei exekutive Erfahrung. Er hat in seiner bisherigen politischen Karriere nicht einmal ein Ministeramt innegehabt.<\/p>\n<p><strong>Frans Timmermans<\/strong><\/p>\n<p>Frans Timmermans w\u00e4re da schon ein anderes Kaliber gewesen: Er war in den Niederlanden Europa-Staatssekret\u00e4r und Au\u00dfenminister sowie bereits Erster Vizepr\u00e4sident der Juncker-Kommission. Wenn sich eine Mehrheit f\u00fcr ihn gefunden h\u00e4tte, w\u00e4re er sicher ein guter Kommissionspr\u00e4sident geworden. Doch bekannter Weise war es der Widerstand aus Mittel- und Osteuropa, der die Personalie Timmermans verhindert hat. Gerade weil er treibende Kraft bei den Vertragsverletzungsverfahrungen gegen Polen und Ungarn gewesen ist, waren es nun die Visegrad-Staaten mit Unterst\u00fctzung Italiens, die sich gegen ihn stellten. Dabei h\u00e4tte eine qualifizierte Mehrheit im Europ\u00e4ischen Rat, die es mutma\u00dflich gegeben h\u00e4tte, sogar f\u00fcr ihn gereicht. Doch um welchen Preis? Auf vielen anderen wesentlichen Politikfeldern gilt immer noch das Einstimmigkeitsprinzip. Welche Folgen f\u00fcr den europ\u00e4ischen Zusammenhalt h\u00e4tte eine Br\u00fcskierung der Timmermans-Gegner gehabt? Doch andererseits: War seine Nicht-Nominierung eine Konzession an die Gegner der liberalen Demokratie? Wie man es dreht und wendet: Inmitten der Zentrifugalkr\u00e4fte, welche die EU zusehends heimsuchen, wird es zunehmend schwerer, einen Konsens herzustellen. Das ist in einer Zeit, in der kraftvolle und zukunftsweisende Entscheidungen n\u00f6tig w\u00e4ren, mehr als bedrohlich.<\/p>\n<p><strong>Ursula von der Leyen<\/strong><\/p>\n<p>Man wird die Reaktionen auf die \u00fcberraschende Nominierung der deutschen Verteidigungsministerin nur als verheerend bezeichnen k\u00f6nnen. Ja, sie ist Mitglied der EVP, noch dazu w\u00e4re sie die erste Frau an der Spitze der Kommission. Doch sie war eben nicht Spitzenkandidatin, niemand hatte sie bei der Wahl auf dem Zettel. Das war zwar bis 2009 auch immer so, wird jedoch heute, in Zeiten h\u00f6herer \u00f6ffentlicher Legitimationserfordernisse, nicht mehr akzeptiert. Das b\u00f6se Wort vom \u201eHinterzimmer-Deal\u201c macht die Runde.<\/p>\n<p>Als Vertreterin der liberalen Demokratie macht Ursula von der Leyen dennoch eine bessere Figur als der CSU-Mann Manfred Weber: Als Familienministerin hat sie wesentlich zur gesellschaftlichen Modernisierung beigetragen. Beispiele Elterngeld und V\u00e4termonate: Bei der Einf\u00fchrung 2010 von der CSU noch als \u201eWickelvolontaritat\u201c f\u00fcr M\u00e4nner verspottet, ist die Elternzeit f\u00fcr M\u00e4nner heute kaum mehr wegzudenken. Eine Mitte-Rechts-Vertreterin hat damit progressive Inhalte in den gesellschaftlichen Mainstream \u00fcberf\u00fchrt \u2013 eine dieser konservativen Anpassungsleistungen an den Zeitgeist, die darum besonders nachhaltig sind. Auch beim Thema \u201eFrauenquote\u201c scheute von der Leyen 2013 nicht davor zur\u00fcck, sich mit der gesamten Union und mit der Bundeskanzlerin anzulegen. Seitdem bekommt sie als stellvertretende Bundesvorsitzende der CDU die schlechtesten Ergebnisse auf Wahlparteitagen. Aus progressiver Sicht jedoch war auch dieser Einsatz nur zu begr\u00fc\u00dfen. Auch dass sie sich bei der Bundeswehr f\u00fcr die bessere Vereinbarkeit von Familie und Beruf eingesetzt hat, wurde teilweise mit Spott belegt, hat jedoch die Attraktivit\u00e4t der Bundeswehr als Arbeitgeber gesteigert. Dass im Beschaffungswesen auch mal externe Berater in die verkrusteten Strukturen hineinschauen sollten, war sicher keine schlechte Idee. Ob es hierbei im Zuge der \u201eBerateraff\u00e4re\u201c zu Rechtsverst\u00f6\u00dfen gekommen ist, muss der zust\u00e4ndige Untersuchungsausschuss kl\u00e4ren.<\/p>\n<p>Es gibt jedenfalls keinen Grund, ihr Wirken als Verteidigungsministerin schlichtweg f\u00fcr erfolglos zu erkl\u00e4ren. Jeder wei\u00df, dass das Verteidigungsministerium nur \u00e4u\u00dferst schwer zu f\u00fchren ist, unabh\u00e4ngig von der Person des jeweiligen Ministers, und dass knapp sechs Jahre zwar eine lange Zeit in dieser Position sind, jedoch kaum ausreichen, um althergebrachte Arbeitsabl\u00e4ufe nachhaltig effizienter zu gestalten. Die Personalie wird von den Mittel- und Osteurop\u00e4ern jedenfalls auch deshalb annehmbar gewesen sein, weil von der Leyen sich f\u00fcr eine st\u00e4rkere Pr\u00e4senz der NATO im Osten Europas eingesetzt hat \u2013 ein wichtiges und richtiges Zeichen angesichts der russischen Aggression in der Ukraine und der offenen Unterst\u00fctzung von Demokratiefeinden jeglicher Couleur durch Moskau.<\/p>\n<p>Nach Lage der Dinge ist die Nominierung von der Leyens also trotz aller Verfahrensm\u00e4ngel keine schlechte Nachricht. Ob sie sich letztlich im Parlament durchsetzen wird und welche Konzessionen daf\u00fcr notwendig sind \u2013 das steht auf einem anderen Blatt.<\/p>\n<p>&nbsp;<\/p>\n<p><span id=\"cch_f2d565a844e5092\" class=\"_mh6 _wsc\"><span class=\"_3oh- _58nk\"><em>Dr. Karl Adam, Historiker und Politologe, arbeitet als selbst\u00e4ndiger Projektmanager in G\u00f6ttingen. Zuvor war er als Gesch\u00e4ftsf\u00fchrer der SPD Hamburg-Mitte und als Unternehmensberater in London t\u00e4tig. Er bloggt regelm\u00e4\u00dfig unter imgegenlicht.com<\/em>.<\/span><\/span><\/p>\n<p>*Dieser Beitrag ist zuerst auf dem Blog &#8222;imgegenlicht.com&#8220; erschienen.<\/p>\n<div class=\"shariff shariff-align-left shariff-widget-align-left shariff-buttonstretch\" style=\"display:none\"><ul class=\"shariff-buttons theme-white orientation-horizontal buttonsize-medium\"><li class=\"shariff-button facebook shariff-nocustomcolor\" style=\"background-color:#4273c8\"><a href=\"https:\/\/www.facebook.com\/sharer\/sharer.php?u=https%3A%2F%2Fstarke-meinungen.de%2Fblog%2F2019%2F07%2F05%2Fwarum-ursula-von-der-leyen-eine-gute-kommissionspraesidentin-sein-koennte-2%2F\" title=\"Bei Facebook teilen\" aria-label=\"Bei Facebook teilen\" role=\"button\" rel=\"nofollow\" class=\"shariff-link\" style=\"; background-color:#3b5998; color:#3b5998\" target=\"_blank\"><span class=\"shariff-icon\" style=\"fill:#3b5998\"><svg width=\"32px\" height=\"20px\" xmlns=\"http:\/\/www.w3.org\/2000\/svg\" viewBox=\"0 0 18 32\"><path fill=\"#3b5998\" d=\"M17.1 0.2v4.7h-2.8q-1.5 0-2.1 0.6t-0.5 1.9v3.4h5.2l-0.7 5.3h-4.5v13.6h-5.5v-13.6h-4.5v-5.3h4.5v-3.9q0-3.3 1.9-5.2t5-1.8q2.6 0 4.1 0.2z\"\/><\/svg><\/span><span class=\"shariff-text\" style=\"color:#3b5998\">teilen<\/span>&nbsp;<\/a><\/li><li class=\"shariff-button twitter shariff-nocustomcolor\" style=\"background-color:#595959\"><a href=\"https:\/\/twitter.com\/share?url=https%3A%2F%2Fstarke-meinungen.de%2Fblog%2F2019%2F07%2F05%2Fwarum-ursula-von-der-leyen-eine-gute-kommissionspraesidentin-sein-koennte-2%2F&text=Warum%20Ursula%20von%20der%20Leyen%20eine%20gute%20Kommissionspr%C3%A4sidentin%20sein%20k%C3%B6nnte&via=starkemeinungen\" title=\"Bei X teilen\" aria-label=\"Bei X teilen\" role=\"button\" rel=\"noopener nofollow\" class=\"shariff-link\" style=\"; background-color:#000; color:#000\" target=\"_blank\"><span class=\"shariff-icon\" style=\"fill:#000\"><svg width=\"32px\" height=\"20px\" xmlns=\"http:\/\/www.w3.org\/2000\/svg\" viewBox=\"0 0 24 24\"><path fill=\"#000\" d=\"M14.258 10.152L23.176 0h-2.113l-7.747 8.813L7.133 0H0l9.352 13.328L0 23.973h2.113l8.176-9.309 6.531 9.309h7.133zm-2.895 3.293l-.949-1.328L2.875 1.56h3.246l6.086 8.523.945 1.328 7.91 11.078h-3.246zm0 0\"\/><\/svg><\/span><span class=\"shariff-text\" style=\"color:#000\">teilen<\/span>&nbsp;<\/a><\/li><li class=\"shariff-button linkedin shariff-nocustomcolor\" style=\"background-color:#1488bf\"><a href=\"https:\/\/www.linkedin.com\/sharing\/share-offsite\/?url=https%3A%2F%2Fstarke-meinungen.de%2Fblog%2F2019%2F07%2F05%2Fwarum-ursula-von-der-leyen-eine-gute-kommissionspraesidentin-sein-koennte-2%2F\" title=\"Bei LinkedIn teilen\" aria-label=\"Bei LinkedIn teilen\" role=\"button\" rel=\"noopener nofollow\" class=\"shariff-link\" style=\"; background-color:#0077b5; color:#0077b5\" target=\"_blank\"><span class=\"shariff-icon\" style=\"fill:#0077b5\"><svg width=\"32px\" height=\"20px\" xmlns=\"http:\/\/www.w3.org\/2000\/svg\" viewBox=\"0 0 27 32\"><path fill=\"#0077b5\" d=\"M6.2 11.2v17.7h-5.9v-17.7h5.9zM6.6 5.7q0 1.3-0.9 2.2t-2.4 0.9h0q-1.5 0-2.4-0.9t-0.9-2.2 0.9-2.2 2.4-0.9 2.4 0.9 0.9 2.2zM27.4 18.7v10.1h-5.9v-9.5q0-1.9-0.7-2.9t-2.3-1.1q-1.1 0-1.9 0.6t-1.2 1.5q-0.2 0.5-0.2 1.4v9.9h-5.9q0-7.1 0-11.6t0-5.3l0-0.9h5.9v2.6h0q0.4-0.6 0.7-1t1-0.9 1.6-0.8 2-0.3q3 0 4.9 2t1.9 6z\"\/><\/svg><\/span><span class=\"shariff-text\" style=\"color:#0077b5\">teilen<\/span>&nbsp;<\/a><\/li><li class=\"shariff-button xing shariff-nocustomcolor\" style=\"background-color:#29888a\"><a href=\"https:\/\/www.xing.com\/spi\/shares\/new?url=https%3A%2F%2Fstarke-meinungen.de%2Fblog%2F2019%2F07%2F05%2Fwarum-ursula-von-der-leyen-eine-gute-kommissionspraesidentin-sein-koennte-2%2F\" title=\"Bei XING teilen\" aria-label=\"Bei XING teilen\" role=\"button\" rel=\"noopener nofollow\" class=\"shariff-link\" style=\"; background-color:#126567; color:#126567\" target=\"_blank\"><span class=\"shariff-icon\" style=\"fill:#126567\"><svg width=\"32px\" height=\"20px\" xmlns=\"http:\/\/www.w3.org\/2000\/svg\" viewBox=\"0 0 25 32\"><path fill=\"#126567\" d=\"M10.7 11.9q-0.2 0.3-4.6 8.2-0.5 0.8-1.2 0.8h-4.3q-0.4 0-0.5-0.3t0-0.6l4.5-8q0 0 0 0l-2.9-5q-0.2-0.4 0-0.7 0.2-0.3 0.5-0.3h4.3q0.7 0 1.2 0.8zM25.1 0.4q0.2 0.3 0 0.7l-9.4 16.7 6 11q0.2 0.4 0 0.6-0.2 0.3-0.6 0.3h-4.3q-0.7 0-1.2-0.8l-6-11.1q0.3-0.6 9.5-16.8 0.4-0.8 1.2-0.8h4.3q0.4 0 0.5 0.3z\"\/><\/svg><\/span><span class=\"shariff-text\" style=\"color:#126567\">teilen<\/span>&nbsp;<\/a><\/li><li class=\"shariff-button whatsapp shariff-nocustomcolor\" style=\"background-color:#5cbe4a\"><a href=\"https:\/\/api.whatsapp.com\/send?text=https%3A%2F%2Fstarke-meinungen.de%2Fblog%2F2019%2F07%2F05%2Fwarum-ursula-von-der-leyen-eine-gute-kommissionspraesidentin-sein-koennte-2%2F%20Warum%20Ursula%20von%20der%20Leyen%20eine%20gute%20Kommissionspr%C3%A4sidentin%20sein%20k%C3%B6nnte\" title=\"Bei Whatsapp teilen\" aria-label=\"Bei Whatsapp teilen\" role=\"button\" rel=\"noopener nofollow\" class=\"shariff-link\" style=\"; background-color:#34af23; color:#34af23\" target=\"_blank\"><span class=\"shariff-icon\" style=\"fill:#34af23\"><svg width=\"32px\" height=\"20px\" xmlns=\"http:\/\/www.w3.org\/2000\/svg\" viewBox=\"0 0 32 32\"><path fill=\"#34af23\" d=\"M17.6 17.4q0.2 0 1.7 0.8t1.6 0.9q0 0.1 0 0.3 0 0.6-0.3 1.4-0.3 0.7-1.3 1.2t-1.8 0.5q-1 0-3.4-1.1-1.7-0.8-3-2.1t-2.6-3.3q-1.3-1.9-1.3-3.5v-0.1q0.1-1.6 1.3-2.8 0.4-0.4 0.9-0.4 0.1 0 0.3 0t0.3 0q0.3 0 0.5 0.1t0.3 0.5q0.1 0.4 0.6 1.6t0.4 1.3q0 0.4-0.6 1t-0.6 0.8q0 0.1 0.1 0.3 0.6 1.3 1.8 2.4 1 0.9 2.7 1.8 0.2 0.1 0.4 0.1 0.3 0 1-0.9t0.9-0.9zM14 26.9q2.3 0 4.3-0.9t3.6-2.4 2.4-3.6 0.9-4.3-0.9-4.3-2.4-3.6-3.6-2.4-4.3-0.9-4.3 0.9-3.6 2.4-2.4 3.6-0.9 4.3q0 3.6 2.1 6.6l-1.4 4.2 4.3-1.4q2.8 1.9 6.2 1.9zM14 2.2q2.7 0 5.2 1.1t4.3 2.9 2.9 4.3 1.1 5.2-1.1 5.2-2.9 4.3-4.3 2.9-5.2 1.1q-3.5 0-6.5-1.7l-7.4 2.4 2.4-7.2q-1.9-3.2-1.9-6.9 0-2.7 1.1-5.2t2.9-4.3 4.3-2.9 5.2-1.1z\"\/><\/svg><\/span><span class=\"shariff-text\" style=\"color:#34af23\">teilen<\/span>&nbsp;<\/a><\/li><li class=\"shariff-button info shariff-nocustomcolor\" style=\"background-color:#a8a8a8\"><a href=\"http:\/\/ct.de\/-2467514\" title=\"Weitere Informationen\" aria-label=\"Weitere Informationen\" role=\"button\" rel=\"noopener \" class=\"shariff-link\" style=\"; background-color:#999; color:#999\" target=\"_blank\"><span class=\"shariff-icon\" style=\"fill:#999\"><svg width=\"32px\" height=\"20px\" xmlns=\"http:\/\/www.w3.org\/2000\/svg\" viewBox=\"0 0 11 32\"><path fill=\"#999\" d=\"M11.4 24v2.3q0 0.5-0.3 0.8t-0.8 0.4h-9.1q-0.5 0-0.8-0.4t-0.4-0.8v-2.3q0-0.5 0.4-0.8t0.8-0.4h1.1v-6.8h-1.1q-0.5 0-0.8-0.4t-0.4-0.8v-2.3q0-0.5 0.4-0.8t0.8-0.4h6.8q0.5 0 0.8 0.4t0.4 0.8v10.3h1.1q0.5 0 0.8 0.4t0.3 0.8zM9.2 3.4v3.4q0 0.5-0.4 0.8t-0.8 0.4h-4.6q-0.4 0-0.8-0.4t-0.4-0.8v-3.4q0-0.4 0.4-0.8t0.8-0.4h4.6q0.5 0 0.8 0.4t0.4 0.8z\"\/><\/svg><\/span><\/a><\/li><\/ul><\/div>","protected":false},"excerpt":{"rendered":"<p>Ein Gastbeitrag von Karl Adam Die Kritik an der Nominierung von Ursula von der Leyen als neue Pr\u00e4sidentin der EU-Kommission rei\u00dft nicht ab. Unser Autor Karl Adam hat daf\u00fcr wenig Verst\u00e4ndnis und traut ihr zu, das Amt gut auszu\u00fcben. In seinem Gastbeitrag erl\u00e4utert er, welche Vorz\u00fcge sie aus seiner Sicht gegen\u00fcber den beiden bisherigen Spitzenkandidaten hat. Die Kritik an der&#8230; <a href=\"https:\/\/starke-meinungen.de\/blog\/2019\/07\/05\/warum-ursula-von-der-leyen-eine-gute-kommissionspraesidentin-sein-koennte-2\/\">Weiterlesen &raquo;<\/a><\/p>\n","protected":false},"author":15,"featured_media":0,"comment_status":"open","ping_status":"open","sticky":false,"template":"","format":"standard","meta":{"footnotes":""},"categories":[629],"tags":[],"class_list":["post-7944","post","type-post","status-publish","format-standard","hentry","category-gastautor"],"yoast_head":"<!-- This site is optimized with the Yoast SEO plugin v27.5 - https:\/\/yoast.com\/product\/yoast-seo-wordpress\/ -->\n<title>Warum Ursula von der Leyen eine gute Kommissionspr\u00e4sidentin sein k\u00f6nnte - starke-meinungen.de<\/title>\n<meta name=\"robots\" content=\"index, follow, max-snippet:-1, max-image-preview:large, max-video-preview:-1\" \/>\n<link rel=\"canonical\" href=\"https:\/\/starke-meinungen.de\/blog\/2019\/07\/05\/warum-ursula-von-der-leyen-eine-gute-kommissionspraesidentin-sein-koennte-2\/\" \/>\n<meta property=\"og:locale\" content=\"de_DE\" \/>\n<meta property=\"og:type\" content=\"article\" \/>\n<meta property=\"og:title\" content=\"Warum Ursula von der Leyen eine gute Kommissionspr\u00e4sidentin sein k\u00f6nnte - starke-meinungen.de\" \/>\n<meta property=\"og:description\" content=\"Ein Gastbeitrag von Karl Adam Die Kritik an der Nominierung von Ursula von der Leyen als neue Pr\u00e4sidentin der EU-Kommission rei\u00dft nicht ab. Unser Autor Karl Adam hat daf\u00fcr wenig Verst\u00e4ndnis und traut ihr zu, das Amt gut auszu\u00fcben. In seinem Gastbeitrag erl\u00e4utert er, welche Vorz\u00fcge sie aus seiner Sicht gegen\u00fcber den beiden bisherigen Spitzenkandidaten hat. Die Kritik an der... Weiterlesen &raquo;\" \/>\n<meta property=\"og:url\" content=\"https:\/\/starke-meinungen.de\/blog\/2019\/07\/05\/warum-ursula-von-der-leyen-eine-gute-kommissionspraesidentin-sein-koennte-2\/\" \/>\n<meta property=\"og:site_name\" content=\"starke-meinungen.de\" \/>\n<meta property=\"article:publisher\" content=\"https:\/\/www.facebook.com\/starkemeinungen\/\" \/>\n<meta property=\"article:published_time\" content=\"2019-07-05T07:44:01+00:00\" \/>\n<meta property=\"article:modified_time\" content=\"2019-07-05T08:59:59+00:00\" \/>\n<meta property=\"og:image\" content=\"https:\/\/starke-meinungen.de\/blog\/wp-content\/uploads\/starke-meinungen-fb-header.jpg\" \/>\n\t<meta property=\"og:image:width\" content=\"1200\" \/>\n\t<meta property=\"og:image:height\" content=\"630\" \/>\n\t<meta property=\"og:image:type\" content=\"image\/jpeg\" \/>\n<meta name=\"author\" content=\"Gastautor\" \/>\n<meta name=\"twitter:card\" content=\"summary_large_image\" \/>\n<meta name=\"twitter:creator\" content=\"@starkemeinungen\" \/>\n<meta name=\"twitter:site\" content=\"@starkemeinungen\" \/>\n<meta name=\"twitter:label1\" content=\"Verfasst von\" \/>\n\t<meta name=\"twitter:data1\" content=\"Gastautor\" \/>\n\t<meta name=\"twitter:label2\" content=\"Gesch\u00e4tzte Lesezeit\" \/>\n\t<meta name=\"twitter:data2\" content=\"7\u00a0Minuten\" \/>\n<script type=\"application\/ld+json\" class=\"yoast-schema-graph\">{\"@context\":\"https:\\\/\\\/schema.org\",\"@graph\":[{\"@type\":\"Article\",\"@id\":\"https:\\\/\\\/starke-meinungen.de\\\/blog\\\/2019\\\/07\\\/05\\\/warum-ursula-von-der-leyen-eine-gute-kommissionspraesidentin-sein-koennte-2\\\/#article\",\"isPartOf\":{\"@id\":\"https:\\\/\\\/starke-meinungen.de\\\/blog\\\/2019\\\/07\\\/05\\\/warum-ursula-von-der-leyen-eine-gute-kommissionspraesidentin-sein-koennte-2\\\/\"},\"author\":{\"name\":\"Gastautor\",\"@id\":\"https:\\\/\\\/starke-meinungen.de\\\/blog\\\/#\\\/schema\\\/person\\\/a03e0a730dd4d63894dcc16cdbaa6b64\"},\"headline\":\"Warum Ursula von der Leyen eine gute Kommissionspr\u00e4sidentin sein k\u00f6nnte\",\"datePublished\":\"2019-07-05T07:44:01+00:00\",\"dateModified\":\"2019-07-05T08:59:59+00:00\",\"mainEntityOfPage\":{\"@id\":\"https:\\\/\\\/starke-meinungen.de\\\/blog\\\/2019\\\/07\\\/05\\\/warum-ursula-von-der-leyen-eine-gute-kommissionspraesidentin-sein-koennte-2\\\/\"},\"wordCount\":1362,\"commentCount\":12,\"publisher\":{\"@id\":\"https:\\\/\\\/starke-meinungen.de\\\/blog\\\/#organization\"},\"articleSection\":[\"Gastautor\"],\"inLanguage\":\"de\",\"potentialAction\":[{\"@type\":\"CommentAction\",\"name\":\"Comment\",\"target\":[\"https:\\\/\\\/starke-meinungen.de\\\/blog\\\/2019\\\/07\\\/05\\\/warum-ursula-von-der-leyen-eine-gute-kommissionspraesidentin-sein-koennte-2\\\/#respond\"]}]},{\"@type\":\"WebPage\",\"@id\":\"https:\\\/\\\/starke-meinungen.de\\\/blog\\\/2019\\\/07\\\/05\\\/warum-ursula-von-der-leyen-eine-gute-kommissionspraesidentin-sein-koennte-2\\\/\",\"url\":\"https:\\\/\\\/starke-meinungen.de\\\/blog\\\/2019\\\/07\\\/05\\\/warum-ursula-von-der-leyen-eine-gute-kommissionspraesidentin-sein-koennte-2\\\/\",\"name\":\"Warum Ursula von der Leyen eine gute Kommissionspr\u00e4sidentin sein k\u00f6nnte - starke-meinungen.de\",\"isPartOf\":{\"@id\":\"https:\\\/\\\/starke-meinungen.de\\\/blog\\\/#website\"},\"datePublished\":\"2019-07-05T07:44:01+00:00\",\"dateModified\":\"2019-07-05T08:59:59+00:00\",\"breadcrumb\":{\"@id\":\"https:\\\/\\\/starke-meinungen.de\\\/blog\\\/2019\\\/07\\\/05\\\/warum-ursula-von-der-leyen-eine-gute-kommissionspraesidentin-sein-koennte-2\\\/#breadcrumb\"},\"inLanguage\":\"de\",\"potentialAction\":[{\"@type\":\"ReadAction\",\"target\":[\"https:\\\/\\\/starke-meinungen.de\\\/blog\\\/2019\\\/07\\\/05\\\/warum-ursula-von-der-leyen-eine-gute-kommissionspraesidentin-sein-koennte-2\\\/\"]}]},{\"@type\":\"BreadcrumbList\",\"@id\":\"https:\\\/\\\/starke-meinungen.de\\\/blog\\\/2019\\\/07\\\/05\\\/warum-ursula-von-der-leyen-eine-gute-kommissionspraesidentin-sein-koennte-2\\\/#breadcrumb\",\"itemListElement\":[{\"@type\":\"ListItem\",\"position\":1,\"name\":\"Startseite\",\"item\":\"https:\\\/\\\/starke-meinungen.de\\\/blog\\\/\"},{\"@type\":\"ListItem\",\"position\":2,\"name\":\"Warum Ursula von der Leyen eine gute Kommissionspr\u00e4sidentin sein k\u00f6nnte\"}]},{\"@type\":\"WebSite\",\"@id\":\"https:\\\/\\\/starke-meinungen.de\\\/blog\\\/#website\",\"url\":\"https:\\\/\\\/starke-meinungen.de\\\/blog\\\/\",\"name\":\"starke-meinungen.de\",\"description\":\"Autoren-Blog\",\"publisher\":{\"@id\":\"https:\\\/\\\/starke-meinungen.de\\\/blog\\\/#organization\"},\"potentialAction\":[{\"@type\":\"SearchAction\",\"target\":{\"@type\":\"EntryPoint\",\"urlTemplate\":\"https:\\\/\\\/starke-meinungen.de\\\/blog\\\/?s={search_term_string}\"},\"query-input\":{\"@type\":\"PropertyValueSpecification\",\"valueRequired\":true,\"valueName\":\"search_term_string\"}}],\"inLanguage\":\"de\"},{\"@type\":\"Organization\",\"@id\":\"https:\\\/\\\/starke-meinungen.de\\\/blog\\\/#organization\",\"name\":\"starke-meinungen.de\",\"url\":\"https:\\\/\\\/starke-meinungen.de\\\/blog\\\/\",\"logo\":{\"@type\":\"ImageObject\",\"inLanguage\":\"de\",\"@id\":\"https:\\\/\\\/starke-meinungen.de\\\/blog\\\/#\\\/schema\\\/logo\\\/image\\\/\",\"url\":\"https:\\\/\\\/starke-meinungen.de\\\/blog\\\/wp-content\\\/uploads\\\/starke-meinungen-fb-header.jpg\",\"contentUrl\":\"https:\\\/\\\/starke-meinungen.de\\\/blog\\\/wp-content\\\/uploads\\\/starke-meinungen-fb-header.jpg\",\"width\":1200,\"height\":630,\"caption\":\"starke-meinungen.de\"},\"image\":{\"@id\":\"https:\\\/\\\/starke-meinungen.de\\\/blog\\\/#\\\/schema\\\/logo\\\/image\\\/\"},\"sameAs\":[\"https:\\\/\\\/www.facebook.com\\\/starkemeinungen\\\/\",\"https:\\\/\\\/x.com\\\/starkemeinungen\"]},{\"@type\":\"Person\",\"@id\":\"https:\\\/\\\/starke-meinungen.de\\\/blog\\\/#\\\/schema\\\/person\\\/a03e0a730dd4d63894dcc16cdbaa6b64\",\"name\":\"Gastautor\",\"image\":{\"@type\":\"ImageObject\",\"inLanguage\":\"de\",\"@id\":\"https:\\\/\\\/secure.gravatar.com\\\/avatar\\\/8759fb61d9b27c08334d4e02d0a8ea6eb0fc0c3602cd7c3e58c0c89a6adba588?s=96&d=mm&r=g\",\"url\":\"https:\\\/\\\/secure.gravatar.com\\\/avatar\\\/8759fb61d9b27c08334d4e02d0a8ea6eb0fc0c3602cd7c3e58c0c89a6adba588?s=96&d=mm&r=g\",\"contentUrl\":\"https:\\\/\\\/secure.gravatar.com\\\/avatar\\\/8759fb61d9b27c08334d4e02d0a8ea6eb0fc0c3602cd7c3e58c0c89a6adba588?s=96&d=mm&r=g\",\"caption\":\"Gastautor\"},\"url\":\"https:\\\/\\\/starke-meinungen.de\\\/blog\\\/author\\\/gastautor\\\/\"}]}<\/script>\n<!-- \/ Yoast SEO plugin. -->","yoast_head_json":{"title":"Warum Ursula von der Leyen eine gute Kommissionspr\u00e4sidentin sein k\u00f6nnte - starke-meinungen.de","robots":{"index":"index","follow":"follow","max-snippet":"max-snippet:-1","max-image-preview":"max-image-preview:large","max-video-preview":"max-video-preview:-1"},"canonical":"https:\/\/starke-meinungen.de\/blog\/2019\/07\/05\/warum-ursula-von-der-leyen-eine-gute-kommissionspraesidentin-sein-koennte-2\/","og_locale":"de_DE","og_type":"article","og_title":"Warum Ursula von der Leyen eine gute Kommissionspr\u00e4sidentin sein k\u00f6nnte - starke-meinungen.de","og_description":"Ein Gastbeitrag von Karl Adam Die Kritik an der Nominierung von Ursula von der Leyen als neue Pr\u00e4sidentin der EU-Kommission rei\u00dft nicht ab. Unser Autor Karl Adam hat daf\u00fcr wenig Verst\u00e4ndnis und traut ihr zu, das Amt gut auszu\u00fcben. In seinem Gastbeitrag erl\u00e4utert er, welche Vorz\u00fcge sie aus seiner Sicht gegen\u00fcber den beiden bisherigen Spitzenkandidaten hat. Die Kritik an der... Weiterlesen &raquo;","og_url":"https:\/\/starke-meinungen.de\/blog\/2019\/07\/05\/warum-ursula-von-der-leyen-eine-gute-kommissionspraesidentin-sein-koennte-2\/","og_site_name":"starke-meinungen.de","article_publisher":"https:\/\/www.facebook.com\/starkemeinungen\/","article_published_time":"2019-07-05T07:44:01+00:00","article_modified_time":"2019-07-05T08:59:59+00:00","og_image":[{"width":1200,"height":630,"url":"https:\/\/starke-meinungen.de\/blog\/wp-content\/uploads\/starke-meinungen-fb-header.jpg","type":"image\/jpeg"}],"author":"Gastautor","twitter_card":"summary_large_image","twitter_creator":"@starkemeinungen","twitter_site":"@starkemeinungen","twitter_misc":{"Verfasst von":"Gastautor","Gesch\u00e4tzte Lesezeit":"7\u00a0Minuten"},"schema":{"@context":"https:\/\/schema.org","@graph":[{"@type":"Article","@id":"https:\/\/starke-meinungen.de\/blog\/2019\/07\/05\/warum-ursula-von-der-leyen-eine-gute-kommissionspraesidentin-sein-koennte-2\/#article","isPartOf":{"@id":"https:\/\/starke-meinungen.de\/blog\/2019\/07\/05\/warum-ursula-von-der-leyen-eine-gute-kommissionspraesidentin-sein-koennte-2\/"},"author":{"name":"Gastautor","@id":"https:\/\/starke-meinungen.de\/blog\/#\/schema\/person\/a03e0a730dd4d63894dcc16cdbaa6b64"},"headline":"Warum Ursula von der Leyen eine gute Kommissionspr\u00e4sidentin sein k\u00f6nnte","datePublished":"2019-07-05T07:44:01+00:00","dateModified":"2019-07-05T08:59:59+00:00","mainEntityOfPage":{"@id":"https:\/\/starke-meinungen.de\/blog\/2019\/07\/05\/warum-ursula-von-der-leyen-eine-gute-kommissionspraesidentin-sein-koennte-2\/"},"wordCount":1362,"commentCount":12,"publisher":{"@id":"https:\/\/starke-meinungen.de\/blog\/#organization"},"articleSection":["Gastautor"],"inLanguage":"de","potentialAction":[{"@type":"CommentAction","name":"Comment","target":["https:\/\/starke-meinungen.de\/blog\/2019\/07\/05\/warum-ursula-von-der-leyen-eine-gute-kommissionspraesidentin-sein-koennte-2\/#respond"]}]},{"@type":"WebPage","@id":"https:\/\/starke-meinungen.de\/blog\/2019\/07\/05\/warum-ursula-von-der-leyen-eine-gute-kommissionspraesidentin-sein-koennte-2\/","url":"https:\/\/starke-meinungen.de\/blog\/2019\/07\/05\/warum-ursula-von-der-leyen-eine-gute-kommissionspraesidentin-sein-koennte-2\/","name":"Warum Ursula von der Leyen eine gute Kommissionspr\u00e4sidentin sein k\u00f6nnte - starke-meinungen.de","isPartOf":{"@id":"https:\/\/starke-meinungen.de\/blog\/#website"},"datePublished":"2019-07-05T07:44:01+00:00","dateModified":"2019-07-05T08:59:59+00:00","breadcrumb":{"@id":"https:\/\/starke-meinungen.de\/blog\/2019\/07\/05\/warum-ursula-von-der-leyen-eine-gute-kommissionspraesidentin-sein-koennte-2\/#breadcrumb"},"inLanguage":"de","potentialAction":[{"@type":"ReadAction","target":["https:\/\/starke-meinungen.de\/blog\/2019\/07\/05\/warum-ursula-von-der-leyen-eine-gute-kommissionspraesidentin-sein-koennte-2\/"]}]},{"@type":"BreadcrumbList","@id":"https:\/\/starke-meinungen.de\/blog\/2019\/07\/05\/warum-ursula-von-der-leyen-eine-gute-kommissionspraesidentin-sein-koennte-2\/#breadcrumb","itemListElement":[{"@type":"ListItem","position":1,"name":"Startseite","item":"https:\/\/starke-meinungen.de\/blog\/"},{"@type":"ListItem","position":2,"name":"Warum Ursula von der Leyen eine gute Kommissionspr\u00e4sidentin sein k\u00f6nnte"}]},{"@type":"WebSite","@id":"https:\/\/starke-meinungen.de\/blog\/#website","url":"https:\/\/starke-meinungen.de\/blog\/","name":"starke-meinungen.de","description":"Autoren-Blog","publisher":{"@id":"https:\/\/starke-meinungen.de\/blog\/#organization"},"potentialAction":[{"@type":"SearchAction","target":{"@type":"EntryPoint","urlTemplate":"https:\/\/starke-meinungen.de\/blog\/?s={search_term_string}"},"query-input":{"@type":"PropertyValueSpecification","valueRequired":true,"valueName":"search_term_string"}}],"inLanguage":"de"},{"@type":"Organization","@id":"https:\/\/starke-meinungen.de\/blog\/#organization","name":"starke-meinungen.de","url":"https:\/\/starke-meinungen.de\/blog\/","logo":{"@type":"ImageObject","inLanguage":"de","@id":"https:\/\/starke-meinungen.de\/blog\/#\/schema\/logo\/image\/","url":"https:\/\/starke-meinungen.de\/blog\/wp-content\/uploads\/starke-meinungen-fb-header.jpg","contentUrl":"https:\/\/starke-meinungen.de\/blog\/wp-content\/uploads\/starke-meinungen-fb-header.jpg","width":1200,"height":630,"caption":"starke-meinungen.de"},"image":{"@id":"https:\/\/starke-meinungen.de\/blog\/#\/schema\/logo\/image\/"},"sameAs":["https:\/\/www.facebook.com\/starkemeinungen\/","https:\/\/x.com\/starkemeinungen"]},{"@type":"Person","@id":"https:\/\/starke-meinungen.de\/blog\/#\/schema\/person\/a03e0a730dd4d63894dcc16cdbaa6b64","name":"Gastautor","image":{"@type":"ImageObject","inLanguage":"de","@id":"https:\/\/secure.gravatar.com\/avatar\/8759fb61d9b27c08334d4e02d0a8ea6eb0fc0c3602cd7c3e58c0c89a6adba588?s=96&d=mm&r=g","url":"https:\/\/secure.gravatar.com\/avatar\/8759fb61d9b27c08334d4e02d0a8ea6eb0fc0c3602cd7c3e58c0c89a6adba588?s=96&d=mm&r=g","contentUrl":"https:\/\/secure.gravatar.com\/avatar\/8759fb61d9b27c08334d4e02d0a8ea6eb0fc0c3602cd7c3e58c0c89a6adba588?s=96&d=mm&r=g","caption":"Gastautor"},"url":"https:\/\/starke-meinungen.de\/blog\/author\/gastautor\/"}]}},"_links":{"self":[{"href":"https:\/\/starke-meinungen.de\/blog\/wp-json\/wp\/v2\/posts\/7944","targetHints":{"allow":["GET"]}}],"collection":[{"href":"https:\/\/starke-meinungen.de\/blog\/wp-json\/wp\/v2\/posts"}],"about":[{"href":"https:\/\/starke-meinungen.de\/blog\/wp-json\/wp\/v2\/types\/post"}],"author":[{"embeddable":true,"href":"https:\/\/starke-meinungen.de\/blog\/wp-json\/wp\/v2\/users\/15"}],"replies":[{"embeddable":true,"href":"https:\/\/starke-meinungen.de\/blog\/wp-json\/wp\/v2\/comments?post=7944"}],"version-history":[{"count":1,"href":"https:\/\/starke-meinungen.de\/blog\/wp-json\/wp\/v2\/posts\/7944\/revisions"}],"predecessor-version":[{"id":7947,"href":"https:\/\/starke-meinungen.de\/blog\/wp-json\/wp\/v2\/posts\/7944\/revisions\/7947"}],"wp:attachment":[{"href":"https:\/\/starke-meinungen.de\/blog\/wp-json\/wp\/v2\/media?parent=7944"}],"wp:term":[{"taxonomy":"category","embeddable":true,"href":"https:\/\/starke-meinungen.de\/blog\/wp-json\/wp\/v2\/categories?post=7944"},{"taxonomy":"post_tag","embeddable":true,"href":"https:\/\/starke-meinungen.de\/blog\/wp-json\/wp\/v2\/tags?post=7944"}],"curies":[{"name":"wp","href":"https:\/\/api.w.org\/{rel}","templated":true}]}}