

{"id":7777,"date":"2019-02-01T10:32:09","date_gmt":"2019-02-01T10:32:09","guid":{"rendered":"https:\/\/starke-meinungen.de\/blog\/?p=7777"},"modified":"2019-02-01T10:32:09","modified_gmt":"2019-02-01T10:32:09","slug":"unheimliche-brueder","status":"publish","type":"post","link":"https:\/\/starke-meinungen.de\/blog\/2019\/02\/01\/unheimliche-brueder\/","title":{"rendered":"Unheimliche Br\u00fcder"},"content":{"rendered":"<p>Die Muslimbruderschaft ist wie eine Schattenarmee. Niemand bestreitet ihren Einfluss auf die Vertreter des politischen Islam in ganz <a href=\"https:\/\/de.wikipedia.org\/wiki\/Muslimbr%C3%BCder#Muslimbr%C3%BCder_in_Europa\" target=\"_blank\" rel=\"noopener\">Europa<\/a>. Und doch bekennen sich nur sehr wenige Muslime offen zur Bruderschaft. Das ist angesichts der Tatsache, dass die Organisation in Deutschland wie in den meisten anderen europ\u00e4ischen L\u00e4ndern als antidemokratisch eingestuft wird, die offene Mitgliedschaft also nicht karrieref\u00f6rderlich ist, auch nicht verwunderlich.<\/p>\n<p><!--more--><\/p>\n<p>Zuweilen h\u00f6rt man in antimuslimischen Kreisen die Meinung, die \u2013 sagen wir \u2013 Vorsicht der Muslimbr\u00fcder sei typisch f\u00fcr Muslime \u00fcberhaupt, die angehalten w\u00fcrden, die Ungl\u00e4ubigen zu bel\u00fcgen hinsichtlich ihrer wahren Ziele. Der Islam insgesamt sei keine Religion, sondern eine politische Bewegung. Das ist aber \u2013 zum Leidwesen der Muslimbr\u00fcder \u2013 nicht der Fall.<\/p>\n<p><strong>Muslime, Juden, Katholiken, Kommunisten<\/strong><\/p>\n<p>Ein \u00e4hnlicher Vorwurf wurde \u00fcbrigens fr\u00fcher gegen die Juden erhoben, die angeblich alle Teil einer \u201eWeltverschw\u00f6rung\u201c seien, angezettelt von den \u201eWeisen von Zion\u201c; oder in protestantischen L\u00e4ndern gegen Katholiken, die im 16. Jahrhundert verd\u00e4chtigt wurden, alle Agenten Spaniens zu sein, und im 19. des Vatikans. Noch John F. Kennedy hatte gegen solche Vorurteile zu k\u00e4mpfen, und Katholiken in China stehen heute \u2013 wie Muslime \u2013 unter dem Generalverdacht mangelnder Treue zum Regime.<\/p>\n<p>W\u00e4hrend der Kommunistenhysterie, die Anfang der 1950er Jahre die USA ergriff, galt jeder, der nicht zur Denunziation von Kommunisten bereit war, als Kommunist oder \u201efellow traveller\u201c, also Sympathisant. In den 1970er Jahren glaubte die politische Elite der Bundesrepublik, der lange Marsch der Kommunisten durch die Institutionen sei nur mit den Mitteln des Berufsverbots aufzuhalten. Allein vom 1. Januar 1973 bis zum 30. Juni 1975 kam es laut Wikipedia zu 450.000 Anfragen bei den Nachrichtendiensten, was eine ungeheure \u00dcbersch\u00e4tzung des Einflusses der Kommunisten offenbart (und eine ungeheure Verschwendung von Energie beim Aushorchen der eigenen Bev\u00f6lkerung darstellte).<\/p>\n<p>Was ja alles nicht hei\u00dft, dass es keine radikalen Muslime gebe, dass Katholiken nie Landesverr\u00e4ter gewesen w\u00e4ren, oder dass es keine gef\u00e4hrlichen Kommunisten gegeben habe.<\/p>\n<p>Als ich in der maoistischen KPD\/AO t\u00e4tig war, verfolgten wir eine selbstm\u00f6rderische Strategie. Obwohl unsere einzige Massenbasis in der Studentenschaft lag, und da eher unter Germanisten und anderen Geisteswissenschaftlern, deren Berufsziel in vielen F\u00e4llen Lehrer war, verlangten wir von unseren Mitgliedern und Sympathisanten, die vor die Berufsverbotekommissionen geholt wurden, sich offen zu den politischen Grunds\u00e4tzen der Partei \u2013vor allem zur Diktatur des Proletariats \u2013 zu bekennen. Mit vorhersehbaren Konsequenzen. Immerhin wurden laut Wikipedia \u201e1.250 \u00fcberwiegend als linksextrem bewertete Lehrer und Hochschullehrer nicht eingestellt und rund 260 Personen entlassen.\u201c Ein nicht unwesentlicher Teil dieser Kollateralsch\u00e4den des \u201eroten Jahrzehnts\u201c waren vermutlich Leute, die wir angehalten hatten, ins offene Messer zu laufen.<\/p>\n<p>Geschickter stellten sich die Kader und Sympathisanten der moskautreuen DKP \/ SEW an. Sie durften sowohl \u00fcber ihre Mitgliedschaften l\u00fcgen als auch mit Verweis auf die Programmatik der Partei ihre Treue zum Grundgesetz bekennen. Dabei stellte die DKP, trotz ihrer weniger martialischen Rhetorik, bestimmt eine gr\u00f6\u00dfere Gefahr f\u00fcr die freiheitlich-demokratische Grundordnung dar als die diversen maoistischen Sekten. Immerhin besa\u00df sie, anders als wir, was nicht einmal die meisten DKP-Mitglieder wussten, eine von DDR-Milit\u00e4rs ausgebildete und ausger\u00fcstete Milit\u00e4rorganisation, die im Kriegsfall Sabotage und Morde ausf\u00fchren sollte: eine hauseigene RAF.<\/p>\n<p>Die T\u00e4uschungs-Taktik der DKP war nat\u00fcrlich nicht ihre Erfindung. Sie wurde insbesondere von der Katholischen Kirche entwickelt, um ihren Mitgliedern, die in vielen protestantischen L\u00e4ndern in der Illegalit\u00e4t lebten und \u00e4hnlich wie die DKP als Agenten einer fremden Macht und potenzielle Landesverr\u00e4ter verd\u00e4chtigt wurden, bei Verh\u00f6ren zu helfen. Insbesondere die Taktik der \u00c4quivokation, der geschickten Doppeldeutigkeit und Sophisterei sollte, es dem gl\u00e4ubigen Katholiken erm\u00f6glichen zu t\u00e4uschen, ohne offen zu l\u00fcgen; oder die Wahrheit verdeckt zu sagen, f\u00fcr Eingeweihte eindeutig, f\u00fcr Au\u00dfensteher erkennbar zwar, aber nicht justiziabel.<\/p>\n<p>Und nat\u00fcrlich wird die Taktik auch von den Muslimbr\u00fcdern heute verwendet.<\/p>\n<p><strong>Tarnorganisationen der Muslimbr\u00fcder<\/strong><\/p>\n<p><strong>Lorenzo Vidino<\/strong> von der George Washington University hat in Zusammenarbeit mit der Universit\u00e4t Wien und dem \u00f6sterreichischen Bundesamt f\u00fcr Verfassungsschutz und Terrorismusbek\u00e4mpfung eine <a href=\"https:\/\/extremism.gwu.edu\/sites\/g\/files\/zaxdzs2191\/f\/MB%20in%20Austria-%20Print.pdf\" target=\"_blank\" rel=\"noopener\">Studie<\/a> \u00fcber den Islamismus in \u00d6sterreich erarbeitet, der diese Taktik beleuchtet.<\/p>\n<p>In dieser Studie (S.22) bezeichnet Vidino einen gewissen <strong>Anas Shakfeh<\/strong>\u00a0 als \u201e<strong>arguably the pioneer of the Syrian Brotherhood in Austria<\/strong>\u201c (vermutlich der Pionier der Syrischen Bruderschaft in \u00d6sterreich) (S. 22). Vidino bezeichnet auch (auf S.23f.) die \u00f6sterreichische <strong>IRPA (Islamische Religionsp\u00e4dagogische Akademie)<\/strong>, wo muslimische Religionslehrer ausgebildet werden, als \u201e<strong>Brotherhood spawn<\/strong>\u201c, also Ableger der Muslimbruderschaft.<\/p>\n<p>Geleitet wird die <strong>IRPA <\/strong>von <strong>Amena Shakir<\/strong>, Tochter des Funktion\u00e4rs der \u00c4gyptischen Bruderschaft <strong>Faroul el-Zayat <\/strong>und Schwester des Muslimbruderschaft-Funktion\u00e4rs und &#8211;<a href=\"https:\/\/www.welt.de\/politik\/deutschland\/plus187752670\/Netzwerken-fuer-den-deutschen-Gottesstaat.html\" target=\"_blank\" rel=\"noopener\">Finanziers<\/a> <strong>Ibrahim el-Zayat<\/strong>. Amena Shakir war Leiterin der \u201eDeutsch-Islamischen Schule\u201c in M\u00fcnchen, der 2010 die Unterrichtsgenehmigung entzogen wurde, weil \u201eder Tr\u00e4gerverein nach <a href=\"https:\/\/www.sueddeutsche.de\/muenchen\/freimann-ein-tarnverein-fuer-modernen-islamismus-1.858651\" target=\"_blank\" rel=\"noopener\">Erkenntnissen<\/a> des bayerischen Verfassungsschutzes islamischen Fundamentalisten verbunden sein\u00a0soll.\u201c Es handelt sich beim Tr\u00e4gerverein um das <strong>Deutsch-Islamische Bildungswerk (DIBW<\/strong>). Die Verfassungssch\u00fctzer sehen das DIBW als, so ein Sprecher, &#8222;Tarnverein&#8220; der <strong>Islamischen Gemeinde in Deutschland<\/strong> (IGD), die ihnen wiederum &#8222;als <strong>deutsche Zentrale des \u00e4gyptischen Zweigs der Muslimbruderschaft<\/strong>\u00a0gilt&#8220;.<\/p>\n<p><strong>Und nun zu Farid Hafez &#8230;<\/strong><\/p>\n<p>Warum erz\u00e4hle ich diese arkanen Details? Weil <strong>Farid Hafez<\/strong>, der als Experte f\u00fcr \u201eIslamophobie\u201c gilt und als solcher Dauergast in \u00f6sterreichischen Talkshows und Gastautor in allerlei Medien ist, gerichtlich dagegen vorgeht, dass ich ihm in einem <a href=\"https:\/\/www.welt.de\/debatte\/kommentare\/article181424992\/Islamophobie-Was-ist-am-Juedischen-Museum-Berlin-noch-juedisch.html\" target=\"_blank\" rel=\"noopener\">Artikel<\/a> \u201eVerbindungen zur Muslimbruderschaft\u201c unterstellt habe.<\/p>\n<p>Nun will ich diesen Vorwurf, der ja nicht karrieref\u00f6rderlich ist, hier nicht wiederholen. Ich will nur anmerken, dass Hafez\u2018 Hauptwerk \u201eIslamisch-politische Denker: Eine Einf\u00fchrung in die islamisch-politische Ideengeschichte\u201c (2014) eine Danksagung enth\u00e4lt, in der Hafez schreibt, das Buch gehe auf eine Unterhaltung mit <strong>Anas Shakfeh<\/strong>\u00a0(siehe oben) zur\u00fcck. Er dankt auch der <strong>IRPA <\/strong>von <strong>Amena Shakir\u00a0<\/strong>(siehe oben), wo er am Manuskript gearbeitet habe. Damit gibt Hafez gleich in der \u201eDanksagung\u201c seine Verbindungen zu zwei Menschen zu, deren enge Verbundenheit mit der Bruderschaft als bekannt vorausgesetzt werden kann. Ob solche Verbindungen als \u201eVerbindungen zu den Muslimbr\u00fcdern\u201c gelten, muss ich notgedrungen der gerichtlichen Entscheidung \u00fcberlassen.<\/p>\n<p>Doch stellt das Buch auch inhaltlich faktisch eine Apologie der Muslimbruderschaft und Ihrer Vordenker dar.<\/p>\n<p><strong>Hasan al-Banna: Ein Hitler-Fan gr\u00fcndet die Muslimbruderschaft<\/strong><\/p>\n<p>Kapitel 9 behandelt <strong>Hasan al-Banna<\/strong>, Gr\u00fcnder der Muslimbruderschaft Hafez zitiert eine Schrift al-Bannas, in der dieser fordert, das Mittelmeer m\u00fcsse (wieder) ein \u201eislamisches Meer\u201c, \u201edas Banner des Islams\u201c\u00a0 wieder \u00fcber alle L\u00e4nder aufgerichtet werden, \u201edie sich f\u00fcr eine gewisse Zeit des Islams erfreuten\u201c, womit Spanien, Sizilien und S\u00fcditalien, Griechenland und der Balkan bis Belgrad \u2013 und nat\u00fcrlich auch Israel \u2013 gemeint sind. Hafez schreibt dazu (S. 56): \u201eAus einem antiimperialistischen Anspruch heraus werden die imperialistischen Anspr\u00fcche eines Mussolinis (sic) mit der gleichen Legitimierung konterkariert.\u201c<\/p>\n<p>Nun kann man mit dem Antiimperialismus einiges legitimieren oder zu legitimieren versuchen. Doch dass die Islamisierung oder Re-Islamisierung der Anrainerl\u00e4nder des Mittelmeers, die sich teilweise in einem jahrhundertelangen Befreiungskampf gegen das Osmanische Reich \u2013 man denke an Griechenland \u2013 gegen imperialistische Unterdr\u00fcckung gewehrt haben, als antiimperialistische Tat gelten soll, ist selbst mir neu. als Wenn Hafez die Wiedereroberung der n\u00f6rdlichen K\u00fcste des Mittelmeers als \u201eantiimperialistisch\u201c motiviert rechtfertigt, so zeigt sich hier eine klare ideologische Verbindung zu al-Banna, dem Gr\u00fcnder der Muslimbruderschaft.<\/p>\n<p>(Freilich zeigt sich hier die Taktik der \u00c4quivokation von ihrer sch\u00f6nsten Seite. Denn man k\u00f6nnte auch argumentieren: Da Mussolinis Anspruch auf das Mittelmeer gar nicht legitimiert war, kann es al-Bannas Anspruch auch nicht sein.)<\/p>\n<p>Wenig sp\u00e4ter (S. 158) zitiert Hafez eine weitere Passage aus Bannas Werk, in der sich der Vordenker der Muslimbr\u00fcder auf den dritten Kalifen bezieht: \u201eWahrlich, Allah verhindert mit den Mitteln der Autorit\u00e4t, was nicht mit den Mitteln des Qu\u2019ran verhindert werden kann.\u201c Das ist die Begr\u00fcndung f\u00fcr einen Gottesstatt, in dem der Staatsgewalt die Weisungen des Propheten durchsetzt. Hafez stellt fest: \u201eDieser Ansatz wird seither von vielen AktivistInnen aus dem islamischen Milieu vertreten\u201c. Das ist vermutlich wahr, demonstriert aber nur, dass Leute wie Lorenzo Vidino Recht haben, wenn sie vor dem Einfluss der Muslimbr\u00fcder warnen. Nirgends distanziert sich Hafez von dieser Auffassung des dritten Kalifen und des Muslimbruders al-Banna.<\/p>\n<p>Im Gegenteil. Hafez charakterisiert al-Bannas Staatsauffassung als \u201eRechtsstaat\u201c und \u201eDemokratie\u201c (S.164), obwohl aus den von Hafez selbst zitierten Texten hervorgeht, dass bei al-Banna nur die Gemeinschaft der Gl\u00e4ubigen, also die Muslime, in seinem Islamischen Staat das Recht h\u00e4tte, die Regierung zu bestimmen. Das Parlament soll ja aus (muslimischen) \u201eRechtsgelehrten\u201c, Spezialisten\u201c und \u201eF\u00fchrern unter den Leuten\u201c (so Hafez) zusammengesetzt, also ausdr\u00fccklich nicht gew\u00e4hlt werden. Wenn also Hafez immer wieder betont, dass er f\u00fcr die Demokratie und den Rechtsstaat sei, so sollte man sich klar machen, dass er darunter nicht unbedingt dasselbe versteht wie das Grundgesetz.<\/p>\n<p><strong>Islamisierung der Moderne<\/strong><\/p>\n<p>Hasan al-Banna habe die \u201e<strong>Islamisierung der Modern<\/strong>e\u201c angestrebt \u2013 nicht etwa die Modernisierung des Islam, fasst Hafez die Position des Muslimbruders zusammen. Richtig. Was Hafez dazu meint, bleibt opak. So schreibt er: \u201eBanna entwirft eine globale alternative zum europ\u00e4ischen Imperialismus. Sein islamischer Staat wird zur Grundlage f\u00fcr eine Liga der islamischen Nationen, die sich im Gegensatz zur imperialistischen Erfahrung f\u00fcr Gerechtigkeit und Frieden einsetzen und schlussendlich die religi\u00f6sen Grenzen \u00fcberschreitet, um in einer Weltgemeinschaft aufzugehen.\u201c<\/p>\n<p>Sagen wir es so: f\u00fcr F\u00e4lle, in denen ein Akademiker Ideen referiert, die er sich nicht zu eigen machen will, h\u00e4lt die deutsche Sprache den Konjunktiv bereit. Hier wird aber im Indikativ referiert.<\/p>\n<p>Und was Hafez referiert, ist die Vision der Muslimbruderschaft. Man muss sich also fragen, was Hafez meint, wenn er Begriffe wie \u201eGerechtigkeit\u201c, \u201eFrieden\u201c, \u201eDemokratie\u201c und \u201eRechtsstaat\u201c sowie \u201eAntiimperialismus\u201c und \u201eWeltgemeinschaft\u201c in anderen Kontexten verwendet.<\/p>\n<p>Mindestens so wichtig wie das, was Hafez in seinem Buch schreibt, ist das, was er verschweigt, um den \u201eAntiimperialisten\u201c Hasan al-Banna zu rechtfertigen. Hafez verschweigt etwa, dass der \u201eAntiimperialist\u201c al-Banna Hitler und Mussolini verehrte. 1946 publizierte al-Banna eine Lobrede auf\u00a0den Gro\u00dfmufti von Jerusalem, Mohammed Amin al-Husseini, der 1929 Pogrome gegen die Juden in Pal\u00e4stina organisiert und sich sp\u00e4ter Hitler angeschlossen hatte: \u201eDer Mufti ist so viel wert wie eine ganze Nation. Der Mufti ist Pal\u00e4stina, und Pal\u00e4stina ist der Mufti. O Amin! Was bist Du doch f\u00fcr ein gro\u00dfer, unbeugsamer, gro\u00dfartiger Mann! <strong>Hitlers und Mussolinis Niederlage hat Dich nicht geschreckt. Was f\u00fcr ein Held, was f\u00fcr ein Wunder von Mann.<\/strong> Wir wollen wissen, was die arabische Jugend, Kabinettsminister, reiche Leute und die F\u00fcrsten von Pal\u00e4stina, Syrien, Irak, Tunesien, Marokko und Tripolis tun werden, um dieses Helden w\u00fcrdig zu sein, ja <strong>dieses Helden, der mit der Hilfe Hitlers und Deutschlands ein Empire herausforderte und gegen den Zionismus k\u00e4mpfte. Deutschland und Hitler sind nicht mehr, aber Amin el-Husseini wird den Kampf fortsetzen.\u201c <\/strong>Quelle: Vierteljahrshefte f\u00fcr Zeitgeschichte, \u00a0Oldenbourg, M\u00fcnchen April 2010, H. 2,\u00a0S. 259\u2013286, hier S. 285<\/p>\n<p>Hafez verschweigt auch, dass die Muslimbr\u00fcder nach ihrer Beteiligung an den Pogromen an Juden in Pal\u00e4stina ma\u00dfgeblich von Nazideutschland finanziert wurden: Steven Carol schreibt in \u201eUnderstanding the Volatile and Dangerous Middle East\u201c (2015), S.\u00a0481:\u00a0\u201cAfter ten years, the Ikhwan (al-Bannas Organisation, A.P.)\u00a0 had only 800 members, but the Muslim Brotherhood became a regional force after receiving massive aid from Nazi Germany. [&#8230;] In 1939, they transferred to al-Bannah some 1,000 (Egyptian Pounds) per month, a substantial sum at the time. In comparison, the Muslim Brotherhood fundraising for the cause of Palestine yielded only 500 (Egyptian Pounds) for that entire year. <strong>This Nazi funding enabled the Muslim Brotherhood to expand internationally. By the end of World War II, it had a million members<\/strong>.\u201d<\/p>\n<p>So viel \u00fcbrigens zur Behauptung, wir w\u00fcrden einen \u201emuslimischen Antisemitismus importieren\u201c. Es handelt sich allenfalls um einen Re-Import. Aber das nur nebenbei.<\/p>\n<p><strong>Unheimliche Br\u00fcder, unheimliche Anstalt<\/strong><\/p>\n<p>Wer, wie Hafez, zumal in einer Darstellung f\u00fcr deutschsprachige LeserInnen, al-Bannas Bewunderung f\u00fcr den faschistischen Duce und nationalsozialistischen F\u00fchrer verschweigt; wer verschweigt, dass Nazideutschland die Muslimbr\u00fcder ma\u00dfgeblich finanziert hat; wer verschweigt, dass al-Banna den Kampf Mussolinis und Hitlers gegen die Juden nach 1945 an der Seite des Mufti \u201efortsetzen\u201c wollte; wer verschweigt, dass die Hamas als pal\u00e4stinensischer Arm der Muslimbr\u00fcder genau das tut; der m\u00fcsste sich nicht wundern, wenn man ihn als Apologet der Muslimbr\u00fcder bezeichnen w\u00fcrde.<\/p>\n<p>Was ein solcher Mann auf einem Podium im J\u00fcdischen Museum sucht, das freilich bleibt das Geheimnis dieser <a href=\"https:\/\/starke-meinungen.de\/blog\/tag\/yasemin-shooman\/\" target=\"_blank\" rel=\"noopener\">unheimlichen<\/a> Anstalt.<\/p>\n<p>&nbsp;<\/p>\n<div class=\"shariff shariff-align-left shariff-widget-align-left shariff-buttonstretch\" style=\"display:none\"><ul class=\"shariff-buttons theme-white orientation-horizontal buttonsize-medium\"><li class=\"shariff-button facebook shariff-nocustomcolor\" style=\"background-color:#4273c8\"><a href=\"https:\/\/www.facebook.com\/sharer\/sharer.php?u=https%3A%2F%2Fstarke-meinungen.de%2Fblog%2F2019%2F02%2F01%2Funheimliche-brueder%2F\" title=\"Bei Facebook teilen\" aria-label=\"Bei Facebook teilen\" role=\"button\" rel=\"nofollow\" class=\"shariff-link\" style=\"; background-color:#3b5998; color:#3b5998\" target=\"_blank\"><span class=\"shariff-icon\" style=\"fill:#3b5998\"><svg width=\"32px\" height=\"20px\" xmlns=\"http:\/\/www.w3.org\/2000\/svg\" viewBox=\"0 0 18 32\"><path fill=\"#3b5998\" d=\"M17.1 0.2v4.7h-2.8q-1.5 0-2.1 0.6t-0.5 1.9v3.4h5.2l-0.7 5.3h-4.5v13.6h-5.5v-13.6h-4.5v-5.3h4.5v-3.9q0-3.3 1.9-5.2t5-1.8q2.6 0 4.1 0.2z\"\/><\/svg><\/span><span class=\"shariff-text\" style=\"color:#3b5998\">teilen<\/span>&nbsp;<\/a><\/li><li class=\"shariff-button twitter shariff-nocustomcolor\" style=\"background-color:#595959\"><a href=\"https:\/\/twitter.com\/share?url=https%3A%2F%2Fstarke-meinungen.de%2Fblog%2F2019%2F02%2F01%2Funheimliche-brueder%2F&text=Unheimliche%20Br%C3%BCder&via=starkemeinungen\" title=\"Bei X teilen\" aria-label=\"Bei X teilen\" role=\"button\" rel=\"noopener nofollow\" class=\"shariff-link\" style=\"; background-color:#000; color:#000\" target=\"_blank\"><span class=\"shariff-icon\" style=\"fill:#000\"><svg width=\"32px\" height=\"20px\" xmlns=\"http:\/\/www.w3.org\/2000\/svg\" viewBox=\"0 0 24 24\"><path fill=\"#000\" d=\"M14.258 10.152L23.176 0h-2.113l-7.747 8.813L7.133 0H0l9.352 13.328L0 23.973h2.113l8.176-9.309 6.531 9.309h7.133zm-2.895 3.293l-.949-1.328L2.875 1.56h3.246l6.086 8.523.945 1.328 7.91 11.078h-3.246zm0 0\"\/><\/svg><\/span><span class=\"shariff-text\" style=\"color:#000\">teilen<\/span>&nbsp;<\/a><\/li><li class=\"shariff-button linkedin shariff-nocustomcolor\" style=\"background-color:#1488bf\"><a href=\"https:\/\/www.linkedin.com\/sharing\/share-offsite\/?url=https%3A%2F%2Fstarke-meinungen.de%2Fblog%2F2019%2F02%2F01%2Funheimliche-brueder%2F\" title=\"Bei LinkedIn teilen\" aria-label=\"Bei LinkedIn teilen\" role=\"button\" rel=\"noopener nofollow\" class=\"shariff-link\" style=\"; background-color:#0077b5; color:#0077b5\" target=\"_blank\"><span class=\"shariff-icon\" style=\"fill:#0077b5\"><svg width=\"32px\" height=\"20px\" xmlns=\"http:\/\/www.w3.org\/2000\/svg\" viewBox=\"0 0 27 32\"><path fill=\"#0077b5\" d=\"M6.2 11.2v17.7h-5.9v-17.7h5.9zM6.6 5.7q0 1.3-0.9 2.2t-2.4 0.9h0q-1.5 0-2.4-0.9t-0.9-2.2 0.9-2.2 2.4-0.9 2.4 0.9 0.9 2.2zM27.4 18.7v10.1h-5.9v-9.5q0-1.9-0.7-2.9t-2.3-1.1q-1.1 0-1.9 0.6t-1.2 1.5q-0.2 0.5-0.2 1.4v9.9h-5.9q0-7.1 0-11.6t0-5.3l0-0.9h5.9v2.6h0q0.4-0.6 0.7-1t1-0.9 1.6-0.8 2-0.3q3 0 4.9 2t1.9 6z\"\/><\/svg><\/span><span class=\"shariff-text\" style=\"color:#0077b5\">teilen<\/span>&nbsp;<\/a><\/li><li class=\"shariff-button xing shariff-nocustomcolor\" style=\"background-color:#29888a\"><a href=\"https:\/\/www.xing.com\/spi\/shares\/new?url=https%3A%2F%2Fstarke-meinungen.de%2Fblog%2F2019%2F02%2F01%2Funheimliche-brueder%2F\" title=\"Bei XING teilen\" aria-label=\"Bei XING teilen\" role=\"button\" rel=\"noopener nofollow\" class=\"shariff-link\" style=\"; background-color:#126567; color:#126567\" target=\"_blank\"><span class=\"shariff-icon\" style=\"fill:#126567\"><svg width=\"32px\" height=\"20px\" xmlns=\"http:\/\/www.w3.org\/2000\/svg\" viewBox=\"0 0 25 32\"><path fill=\"#126567\" d=\"M10.7 11.9q-0.2 0.3-4.6 8.2-0.5 0.8-1.2 0.8h-4.3q-0.4 0-0.5-0.3t0-0.6l4.5-8q0 0 0 0l-2.9-5q-0.2-0.4 0-0.7 0.2-0.3 0.5-0.3h4.3q0.7 0 1.2 0.8zM25.1 0.4q0.2 0.3 0 0.7l-9.4 16.7 6 11q0.2 0.4 0 0.6-0.2 0.3-0.6 0.3h-4.3q-0.7 0-1.2-0.8l-6-11.1q0.3-0.6 9.5-16.8 0.4-0.8 1.2-0.8h4.3q0.4 0 0.5 0.3z\"\/><\/svg><\/span><span class=\"shariff-text\" style=\"color:#126567\">teilen<\/span>&nbsp;<\/a><\/li><li class=\"shariff-button whatsapp shariff-nocustomcolor\" style=\"background-color:#5cbe4a\"><a href=\"https:\/\/api.whatsapp.com\/send?text=https%3A%2F%2Fstarke-meinungen.de%2Fblog%2F2019%2F02%2F01%2Funheimliche-brueder%2F%20Unheimliche%20Br%C3%BCder\" title=\"Bei Whatsapp teilen\" aria-label=\"Bei Whatsapp teilen\" role=\"button\" rel=\"noopener nofollow\" class=\"shariff-link\" style=\"; background-color:#34af23; color:#34af23\" target=\"_blank\"><span class=\"shariff-icon\" style=\"fill:#34af23\"><svg width=\"32px\" height=\"20px\" xmlns=\"http:\/\/www.w3.org\/2000\/svg\" viewBox=\"0 0 32 32\"><path fill=\"#34af23\" d=\"M17.6 17.4q0.2 0 1.7 0.8t1.6 0.9q0 0.1 0 0.3 0 0.6-0.3 1.4-0.3 0.7-1.3 1.2t-1.8 0.5q-1 0-3.4-1.1-1.7-0.8-3-2.1t-2.6-3.3q-1.3-1.9-1.3-3.5v-0.1q0.1-1.6 1.3-2.8 0.4-0.4 0.9-0.4 0.1 0 0.3 0t0.3 0q0.3 0 0.5 0.1t0.3 0.5q0.1 0.4 0.6 1.6t0.4 1.3q0 0.4-0.6 1t-0.6 0.8q0 0.1 0.1 0.3 0.6 1.3 1.8 2.4 1 0.9 2.7 1.8 0.2 0.1 0.4 0.1 0.3 0 1-0.9t0.9-0.9zM14 26.9q2.3 0 4.3-0.9t3.6-2.4 2.4-3.6 0.9-4.3-0.9-4.3-2.4-3.6-3.6-2.4-4.3-0.9-4.3 0.9-3.6 2.4-2.4 3.6-0.9 4.3q0 3.6 2.1 6.6l-1.4 4.2 4.3-1.4q2.8 1.9 6.2 1.9zM14 2.2q2.7 0 5.2 1.1t4.3 2.9 2.9 4.3 1.1 5.2-1.1 5.2-2.9 4.3-4.3 2.9-5.2 1.1q-3.5 0-6.5-1.7l-7.4 2.4 2.4-7.2q-1.9-3.2-1.9-6.9 0-2.7 1.1-5.2t2.9-4.3 4.3-2.9 5.2-1.1z\"\/><\/svg><\/span><span class=\"shariff-text\" style=\"color:#34af23\">teilen<\/span>&nbsp;<\/a><\/li><li class=\"shariff-button info shariff-nocustomcolor\" style=\"background-color:#a8a8a8\"><a href=\"http:\/\/ct.de\/-2467514\" title=\"Weitere Informationen\" aria-label=\"Weitere Informationen\" role=\"button\" rel=\"noopener \" class=\"shariff-link\" style=\"; background-color:#999; color:#999\" target=\"_blank\"><span class=\"shariff-icon\" style=\"fill:#999\"><svg width=\"32px\" height=\"20px\" xmlns=\"http:\/\/www.w3.org\/2000\/svg\" viewBox=\"0 0 11 32\"><path fill=\"#999\" d=\"M11.4 24v2.3q0 0.5-0.3 0.8t-0.8 0.4h-9.1q-0.5 0-0.8-0.4t-0.4-0.8v-2.3q0-0.5 0.4-0.8t0.8-0.4h1.1v-6.8h-1.1q-0.5 0-0.8-0.4t-0.4-0.8v-2.3q0-0.5 0.4-0.8t0.8-0.4h6.8q0.5 0 0.8 0.4t0.4 0.8v10.3h1.1q0.5 0 0.8 0.4t0.3 0.8zM9.2 3.4v3.4q0 0.5-0.4 0.8t-0.8 0.4h-4.6q-0.4 0-0.8-0.4t-0.4-0.8v-3.4q0-0.4 0.4-0.8t0.8-0.4h4.6q0.5 0 0.8 0.4t0.4 0.8z\"\/><\/svg><\/span><\/a><\/li><\/ul><\/div>","protected":false},"excerpt":{"rendered":"<p>Die Muslimbruderschaft ist wie eine Schattenarmee. Niemand bestreitet ihren Einfluss auf die Vertreter des politischen Islam in ganz Europa. Und doch bekennen sich nur sehr wenige Muslime offen zur Bruderschaft. Das ist angesichts der Tatsache, dass die Organisation in Deutschland wie in den meisten anderen europ\u00e4ischen L\u00e4ndern als antidemokratisch eingestuft wird, die offene Mitgliedschaft also nicht karrieref\u00f6rderlich ist, auch nicht&#8230; <a href=\"https:\/\/starke-meinungen.de\/blog\/2019\/02\/01\/unheimliche-brueder\/\">Weiterlesen &raquo;<\/a><\/p>\n","protected":false},"author":13,"featured_media":7778,"comment_status":"open","ping_status":"open","sticky":false,"template":"","format":"standard","meta":{"footnotes":""},"categories":[209,1],"tags":[2354,2395,3309,1005,360,2813,3308],"class_list":["post-7777","post","type-post","status-publish","format-standard","has-post-thumbnail","hentry","category-alan-posener","category-allgemein","tag-adolf-hitler","tag-antiimperialismus","tag-farid-hafez","tag-hamas","tag-islamisierung","tag-muslimbruderschaft","tag-yasemin-shooman"],"yoast_head":"<!-- This site is optimized with the Yoast SEO plugin v27.5 - https:\/\/yoast.com\/product\/yoast-seo-wordpress\/ -->\n<title>Unheimliche Br\u00fcder - starke-meinungen.de<\/title>\n<meta name=\"robots\" content=\"index, follow, max-snippet:-1, max-image-preview:large, max-video-preview:-1\" \/>\n<link rel=\"canonical\" href=\"https:\/\/starke-meinungen.de\/blog\/2019\/02\/01\/unheimliche-brueder\/\" \/>\n<meta property=\"og:locale\" content=\"de_DE\" \/>\n<meta property=\"og:type\" content=\"article\" \/>\n<meta property=\"og:title\" content=\"Unheimliche Br\u00fcder - starke-meinungen.de\" \/>\n<meta property=\"og:description\" content=\"Die Muslimbruderschaft ist wie eine Schattenarmee. Niemand bestreitet ihren Einfluss auf die Vertreter des politischen Islam in ganz Europa. Und doch bekennen sich nur sehr wenige Muslime offen zur Bruderschaft. Das ist angesichts der Tatsache, dass die Organisation in Deutschland wie in den meisten anderen europ\u00e4ischen L\u00e4ndern als antidemokratisch eingestuft wird, die offene Mitgliedschaft also nicht karrieref\u00f6rderlich ist, auch nicht... Weiterlesen &raquo;\" \/>\n<meta property=\"og:url\" content=\"https:\/\/starke-meinungen.de\/blog\/2019\/02\/01\/unheimliche-brueder\/\" \/>\n<meta property=\"og:site_name\" content=\"starke-meinungen.de\" \/>\n<meta property=\"article:publisher\" content=\"https:\/\/www.facebook.com\/starkemeinungen\/\" \/>\n<meta property=\"article:published_time\" content=\"2019-02-01T10:32:09+00:00\" \/>\n<meta property=\"og:image\" content=\"https:\/\/starke-meinungen.de\/blog\/wp-content\/uploads\/Hasan-al-Banna.png\" \/>\n\t<meta property=\"og:image:width\" content=\"630\" \/>\n\t<meta property=\"og:image:height\" content=\"743\" \/>\n\t<meta property=\"og:image:type\" content=\"image\/png\" \/>\n<meta name=\"author\" content=\"Alan Posener\" \/>\n<meta name=\"twitter:card\" content=\"summary_large_image\" \/>\n<meta name=\"twitter:creator\" content=\"@starkemeinungen\" \/>\n<meta name=\"twitter:site\" content=\"@starkemeinungen\" \/>\n<meta name=\"twitter:label1\" content=\"Verfasst von\" \/>\n\t<meta name=\"twitter:data1\" content=\"Alan Posener\" \/>\n\t<meta name=\"twitter:label2\" content=\"Gesch\u00e4tzte Lesezeit\" \/>\n\t<meta name=\"twitter:data2\" content=\"10\u00a0Minuten\" \/>\n<script type=\"application\/ld+json\" class=\"yoast-schema-graph\">{\"@context\":\"https:\\\/\\\/schema.org\",\"@graph\":[{\"@type\":\"Article\",\"@id\":\"https:\\\/\\\/starke-meinungen.de\\\/blog\\\/2019\\\/02\\\/01\\\/unheimliche-brueder\\\/#article\",\"isPartOf\":{\"@id\":\"https:\\\/\\\/starke-meinungen.de\\\/blog\\\/2019\\\/02\\\/01\\\/unheimliche-brueder\\\/\"},\"author\":{\"name\":\"Alan Posener\",\"@id\":\"https:\\\/\\\/starke-meinungen.de\\\/blog\\\/#\\\/schema\\\/person\\\/32d0faef7c31a37c1c89be993d7a6d28\"},\"headline\":\"Unheimliche Br\u00fcder\",\"datePublished\":\"2019-02-01T10:32:09+00:00\",\"mainEntityOfPage\":{\"@id\":\"https:\\\/\\\/starke-meinungen.de\\\/blog\\\/2019\\\/02\\\/01\\\/unheimliche-brueder\\\/\"},\"wordCount\":2035,\"commentCount\":16,\"publisher\":{\"@id\":\"https:\\\/\\\/starke-meinungen.de\\\/blog\\\/#organization\"},\"image\":{\"@id\":\"https:\\\/\\\/starke-meinungen.de\\\/blog\\\/2019\\\/02\\\/01\\\/unheimliche-brueder\\\/#primaryimage\"},\"thumbnailUrl\":\"https:\\\/\\\/starke-meinungen.de\\\/blog\\\/wp-content\\\/uploads\\\/Hasan-al-Banna.png\",\"keywords\":[\"Adolf Hitler\",\"Antiimperialismus\",\"Farid Hafez\",\"Hamas\",\"Islamisierung\",\"Muslimbruderschaft\",\"Yasemin Shooman\"],\"articleSection\":[\"Alan Posener\"],\"inLanguage\":\"de\",\"potentialAction\":[{\"@type\":\"CommentAction\",\"name\":\"Comment\",\"target\":[\"https:\\\/\\\/starke-meinungen.de\\\/blog\\\/2019\\\/02\\\/01\\\/unheimliche-brueder\\\/#respond\"]}]},{\"@type\":\"WebPage\",\"@id\":\"https:\\\/\\\/starke-meinungen.de\\\/blog\\\/2019\\\/02\\\/01\\\/unheimliche-brueder\\\/\",\"url\":\"https:\\\/\\\/starke-meinungen.de\\\/blog\\\/2019\\\/02\\\/01\\\/unheimliche-brueder\\\/\",\"name\":\"Unheimliche Br\u00fcder - starke-meinungen.de\",\"isPartOf\":{\"@id\":\"https:\\\/\\\/starke-meinungen.de\\\/blog\\\/#website\"},\"primaryImageOfPage\":{\"@id\":\"https:\\\/\\\/starke-meinungen.de\\\/blog\\\/2019\\\/02\\\/01\\\/unheimliche-brueder\\\/#primaryimage\"},\"image\":{\"@id\":\"https:\\\/\\\/starke-meinungen.de\\\/blog\\\/2019\\\/02\\\/01\\\/unheimliche-brueder\\\/#primaryimage\"},\"thumbnailUrl\":\"https:\\\/\\\/starke-meinungen.de\\\/blog\\\/wp-content\\\/uploads\\\/Hasan-al-Banna.png\",\"datePublished\":\"2019-02-01T10:32:09+00:00\",\"breadcrumb\":{\"@id\":\"https:\\\/\\\/starke-meinungen.de\\\/blog\\\/2019\\\/02\\\/01\\\/unheimliche-brueder\\\/#breadcrumb\"},\"inLanguage\":\"de\",\"potentialAction\":[{\"@type\":\"ReadAction\",\"target\":[\"https:\\\/\\\/starke-meinungen.de\\\/blog\\\/2019\\\/02\\\/01\\\/unheimliche-brueder\\\/\"]}]},{\"@type\":\"ImageObject\",\"inLanguage\":\"de\",\"@id\":\"https:\\\/\\\/starke-meinungen.de\\\/blog\\\/2019\\\/02\\\/01\\\/unheimliche-brueder\\\/#primaryimage\",\"url\":\"https:\\\/\\\/starke-meinungen.de\\\/blog\\\/wp-content\\\/uploads\\\/Hasan-al-Banna.png\",\"contentUrl\":\"https:\\\/\\\/starke-meinungen.de\\\/blog\\\/wp-content\\\/uploads\\\/Hasan-al-Banna.png\",\"width\":630,\"height\":743},{\"@type\":\"BreadcrumbList\",\"@id\":\"https:\\\/\\\/starke-meinungen.de\\\/blog\\\/2019\\\/02\\\/01\\\/unheimliche-brueder\\\/#breadcrumb\",\"itemListElement\":[{\"@type\":\"ListItem\",\"position\":1,\"name\":\"Startseite\",\"item\":\"https:\\\/\\\/starke-meinungen.de\\\/blog\\\/\"},{\"@type\":\"ListItem\",\"position\":2,\"name\":\"Unheimliche Br\u00fcder\"}]},{\"@type\":\"WebSite\",\"@id\":\"https:\\\/\\\/starke-meinungen.de\\\/blog\\\/#website\",\"url\":\"https:\\\/\\\/starke-meinungen.de\\\/blog\\\/\",\"name\":\"starke-meinungen.de\",\"description\":\"Autoren-Blog\",\"publisher\":{\"@id\":\"https:\\\/\\\/starke-meinungen.de\\\/blog\\\/#organization\"},\"potentialAction\":[{\"@type\":\"SearchAction\",\"target\":{\"@type\":\"EntryPoint\",\"urlTemplate\":\"https:\\\/\\\/starke-meinungen.de\\\/blog\\\/?s={search_term_string}\"},\"query-input\":{\"@type\":\"PropertyValueSpecification\",\"valueRequired\":true,\"valueName\":\"search_term_string\"}}],\"inLanguage\":\"de\"},{\"@type\":\"Organization\",\"@id\":\"https:\\\/\\\/starke-meinungen.de\\\/blog\\\/#organization\",\"name\":\"starke-meinungen.de\",\"url\":\"https:\\\/\\\/starke-meinungen.de\\\/blog\\\/\",\"logo\":{\"@type\":\"ImageObject\",\"inLanguage\":\"de\",\"@id\":\"https:\\\/\\\/starke-meinungen.de\\\/blog\\\/#\\\/schema\\\/logo\\\/image\\\/\",\"url\":\"https:\\\/\\\/starke-meinungen.de\\\/blog\\\/wp-content\\\/uploads\\\/starke-meinungen-fb-header.jpg\",\"contentUrl\":\"https:\\\/\\\/starke-meinungen.de\\\/blog\\\/wp-content\\\/uploads\\\/starke-meinungen-fb-header.jpg\",\"width\":1200,\"height\":630,\"caption\":\"starke-meinungen.de\"},\"image\":{\"@id\":\"https:\\\/\\\/starke-meinungen.de\\\/blog\\\/#\\\/schema\\\/logo\\\/image\\\/\"},\"sameAs\":[\"https:\\\/\\\/www.facebook.com\\\/starkemeinungen\\\/\",\"https:\\\/\\\/x.com\\\/starkemeinungen\"]},{\"@type\":\"Person\",\"@id\":\"https:\\\/\\\/starke-meinungen.de\\\/blog\\\/#\\\/schema\\\/person\\\/32d0faef7c31a37c1c89be993d7a6d28\",\"name\":\"Alan Posener\",\"image\":{\"@type\":\"ImageObject\",\"inLanguage\":\"de\",\"@id\":\"https:\\\/\\\/secure.gravatar.com\\\/avatar\\\/c75c8818a9ab78c4faa75048dba7844e2587998cda4d93f84e7d86f7e21a9b90?s=96&d=mm&r=g\",\"url\":\"https:\\\/\\\/secure.gravatar.com\\\/avatar\\\/c75c8818a9ab78c4faa75048dba7844e2587998cda4d93f84e7d86f7e21a9b90?s=96&d=mm&r=g\",\"contentUrl\":\"https:\\\/\\\/secure.gravatar.com\\\/avatar\\\/c75c8818a9ab78c4faa75048dba7844e2587998cda4d93f84e7d86f7e21a9b90?s=96&d=mm&r=g\",\"caption\":\"Alan Posener\"},\"url\":\"https:\\\/\\\/starke-meinungen.de\\\/blog\\\/author\\\/posener\\\/\"}]}<\/script>\n<!-- \/ Yoast SEO plugin. -->","yoast_head_json":{"title":"Unheimliche Br\u00fcder - starke-meinungen.de","robots":{"index":"index","follow":"follow","max-snippet":"max-snippet:-1","max-image-preview":"max-image-preview:large","max-video-preview":"max-video-preview:-1"},"canonical":"https:\/\/starke-meinungen.de\/blog\/2019\/02\/01\/unheimliche-brueder\/","og_locale":"de_DE","og_type":"article","og_title":"Unheimliche Br\u00fcder - starke-meinungen.de","og_description":"Die Muslimbruderschaft ist wie eine Schattenarmee. Niemand bestreitet ihren Einfluss auf die Vertreter des politischen Islam in ganz Europa. Und doch bekennen sich nur sehr wenige Muslime offen zur Bruderschaft. Das ist angesichts der Tatsache, dass die Organisation in Deutschland wie in den meisten anderen europ\u00e4ischen L\u00e4ndern als antidemokratisch eingestuft wird, die offene Mitgliedschaft also nicht karrieref\u00f6rderlich ist, auch nicht... Weiterlesen &raquo;","og_url":"https:\/\/starke-meinungen.de\/blog\/2019\/02\/01\/unheimliche-brueder\/","og_site_name":"starke-meinungen.de","article_publisher":"https:\/\/www.facebook.com\/starkemeinungen\/","article_published_time":"2019-02-01T10:32:09+00:00","og_image":[{"width":630,"height":743,"url":"https:\/\/starke-meinungen.de\/blog\/wp-content\/uploads\/Hasan-al-Banna.png","type":"image\/png"}],"author":"Alan Posener","twitter_card":"summary_large_image","twitter_creator":"@starkemeinungen","twitter_site":"@starkemeinungen","twitter_misc":{"Verfasst von":"Alan Posener","Gesch\u00e4tzte Lesezeit":"10\u00a0Minuten"},"schema":{"@context":"https:\/\/schema.org","@graph":[{"@type":"Article","@id":"https:\/\/starke-meinungen.de\/blog\/2019\/02\/01\/unheimliche-brueder\/#article","isPartOf":{"@id":"https:\/\/starke-meinungen.de\/blog\/2019\/02\/01\/unheimliche-brueder\/"},"author":{"name":"Alan Posener","@id":"https:\/\/starke-meinungen.de\/blog\/#\/schema\/person\/32d0faef7c31a37c1c89be993d7a6d28"},"headline":"Unheimliche Br\u00fcder","datePublished":"2019-02-01T10:32:09+00:00","mainEntityOfPage":{"@id":"https:\/\/starke-meinungen.de\/blog\/2019\/02\/01\/unheimliche-brueder\/"},"wordCount":2035,"commentCount":16,"publisher":{"@id":"https:\/\/starke-meinungen.de\/blog\/#organization"},"image":{"@id":"https:\/\/starke-meinungen.de\/blog\/2019\/02\/01\/unheimliche-brueder\/#primaryimage"},"thumbnailUrl":"https:\/\/starke-meinungen.de\/blog\/wp-content\/uploads\/Hasan-al-Banna.png","keywords":["Adolf Hitler","Antiimperialismus","Farid Hafez","Hamas","Islamisierung","Muslimbruderschaft","Yasemin Shooman"],"articleSection":["Alan Posener"],"inLanguage":"de","potentialAction":[{"@type":"CommentAction","name":"Comment","target":["https:\/\/starke-meinungen.de\/blog\/2019\/02\/01\/unheimliche-brueder\/#respond"]}]},{"@type":"WebPage","@id":"https:\/\/starke-meinungen.de\/blog\/2019\/02\/01\/unheimliche-brueder\/","url":"https:\/\/starke-meinungen.de\/blog\/2019\/02\/01\/unheimliche-brueder\/","name":"Unheimliche Br\u00fcder - starke-meinungen.de","isPartOf":{"@id":"https:\/\/starke-meinungen.de\/blog\/#website"},"primaryImageOfPage":{"@id":"https:\/\/starke-meinungen.de\/blog\/2019\/02\/01\/unheimliche-brueder\/#primaryimage"},"image":{"@id":"https:\/\/starke-meinungen.de\/blog\/2019\/02\/01\/unheimliche-brueder\/#primaryimage"},"thumbnailUrl":"https:\/\/starke-meinungen.de\/blog\/wp-content\/uploads\/Hasan-al-Banna.png","datePublished":"2019-02-01T10:32:09+00:00","breadcrumb":{"@id":"https:\/\/starke-meinungen.de\/blog\/2019\/02\/01\/unheimliche-brueder\/#breadcrumb"},"inLanguage":"de","potentialAction":[{"@type":"ReadAction","target":["https:\/\/starke-meinungen.de\/blog\/2019\/02\/01\/unheimliche-brueder\/"]}]},{"@type":"ImageObject","inLanguage":"de","@id":"https:\/\/starke-meinungen.de\/blog\/2019\/02\/01\/unheimliche-brueder\/#primaryimage","url":"https:\/\/starke-meinungen.de\/blog\/wp-content\/uploads\/Hasan-al-Banna.png","contentUrl":"https:\/\/starke-meinungen.de\/blog\/wp-content\/uploads\/Hasan-al-Banna.png","width":630,"height":743},{"@type":"BreadcrumbList","@id":"https:\/\/starke-meinungen.de\/blog\/2019\/02\/01\/unheimliche-brueder\/#breadcrumb","itemListElement":[{"@type":"ListItem","position":1,"name":"Startseite","item":"https:\/\/starke-meinungen.de\/blog\/"},{"@type":"ListItem","position":2,"name":"Unheimliche Br\u00fcder"}]},{"@type":"WebSite","@id":"https:\/\/starke-meinungen.de\/blog\/#website","url":"https:\/\/starke-meinungen.de\/blog\/","name":"starke-meinungen.de","description":"Autoren-Blog","publisher":{"@id":"https:\/\/starke-meinungen.de\/blog\/#organization"},"potentialAction":[{"@type":"SearchAction","target":{"@type":"EntryPoint","urlTemplate":"https:\/\/starke-meinungen.de\/blog\/?s={search_term_string}"},"query-input":{"@type":"PropertyValueSpecification","valueRequired":true,"valueName":"search_term_string"}}],"inLanguage":"de"},{"@type":"Organization","@id":"https:\/\/starke-meinungen.de\/blog\/#organization","name":"starke-meinungen.de","url":"https:\/\/starke-meinungen.de\/blog\/","logo":{"@type":"ImageObject","inLanguage":"de","@id":"https:\/\/starke-meinungen.de\/blog\/#\/schema\/logo\/image\/","url":"https:\/\/starke-meinungen.de\/blog\/wp-content\/uploads\/starke-meinungen-fb-header.jpg","contentUrl":"https:\/\/starke-meinungen.de\/blog\/wp-content\/uploads\/starke-meinungen-fb-header.jpg","width":1200,"height":630,"caption":"starke-meinungen.de"},"image":{"@id":"https:\/\/starke-meinungen.de\/blog\/#\/schema\/logo\/image\/"},"sameAs":["https:\/\/www.facebook.com\/starkemeinungen\/","https:\/\/x.com\/starkemeinungen"]},{"@type":"Person","@id":"https:\/\/starke-meinungen.de\/blog\/#\/schema\/person\/32d0faef7c31a37c1c89be993d7a6d28","name":"Alan Posener","image":{"@type":"ImageObject","inLanguage":"de","@id":"https:\/\/secure.gravatar.com\/avatar\/c75c8818a9ab78c4faa75048dba7844e2587998cda4d93f84e7d86f7e21a9b90?s=96&d=mm&r=g","url":"https:\/\/secure.gravatar.com\/avatar\/c75c8818a9ab78c4faa75048dba7844e2587998cda4d93f84e7d86f7e21a9b90?s=96&d=mm&r=g","contentUrl":"https:\/\/secure.gravatar.com\/avatar\/c75c8818a9ab78c4faa75048dba7844e2587998cda4d93f84e7d86f7e21a9b90?s=96&d=mm&r=g","caption":"Alan Posener"},"url":"https:\/\/starke-meinungen.de\/blog\/author\/posener\/"}]}},"_links":{"self":[{"href":"https:\/\/starke-meinungen.de\/blog\/wp-json\/wp\/v2\/posts\/7777","targetHints":{"allow":["GET"]}}],"collection":[{"href":"https:\/\/starke-meinungen.de\/blog\/wp-json\/wp\/v2\/posts"}],"about":[{"href":"https:\/\/starke-meinungen.de\/blog\/wp-json\/wp\/v2\/types\/post"}],"author":[{"embeddable":true,"href":"https:\/\/starke-meinungen.de\/blog\/wp-json\/wp\/v2\/users\/13"}],"replies":[{"embeddable":true,"href":"https:\/\/starke-meinungen.de\/blog\/wp-json\/wp\/v2\/comments?post=7777"}],"version-history":[{"count":1,"href":"https:\/\/starke-meinungen.de\/blog\/wp-json\/wp\/v2\/posts\/7777\/revisions"}],"predecessor-version":[{"id":7779,"href":"https:\/\/starke-meinungen.de\/blog\/wp-json\/wp\/v2\/posts\/7777\/revisions\/7779"}],"wp:featuredmedia":[{"embeddable":true,"href":"https:\/\/starke-meinungen.de\/blog\/wp-json\/wp\/v2\/media\/7778"}],"wp:attachment":[{"href":"https:\/\/starke-meinungen.de\/blog\/wp-json\/wp\/v2\/media?parent=7777"}],"wp:term":[{"taxonomy":"category","embeddable":true,"href":"https:\/\/starke-meinungen.de\/blog\/wp-json\/wp\/v2\/categories?post=7777"},{"taxonomy":"post_tag","embeddable":true,"href":"https:\/\/starke-meinungen.de\/blog\/wp-json\/wp\/v2\/tags?post=7777"}],"curies":[{"name":"wp","href":"https:\/\/api.w.org\/{rel}","templated":true}]}}