

{"id":7721,"date":"2018-12-05T11:40:35","date_gmt":"2018-12-05T11:40:35","guid":{"rendered":"https:\/\/starke-meinungen.de\/blog\/?p=7721"},"modified":"2018-12-05T14:36:57","modified_gmt":"2018-12-05T14:36:57","slug":"rainer-bierling-und-die-judenverfolgung","status":"publish","type":"post","link":"https:\/\/starke-meinungen.de\/blog\/2018\/12\/05\/rainer-bierling-und-die-judenverfolgung\/","title":{"rendered":"Rainer Bieling und die Judenverfolgung"},"content":{"rendered":"<p>&nbsp;<\/p>\n<p><img loading=\"lazy\" decoding=\"async\" class=\"alignnone size-medium wp-image-7722\" src=\"https:\/\/starke-meinungen.de\/blog\/wp-content\/uploads\/Hauptstadtbrief-200x133.png\" alt=\"\" width=\"200\" height=\"133\" srcset=\"https:\/\/starke-meinungen.de\/blog\/wp-content\/uploads\/Hauptstadtbrief-200x133.png 200w, https:\/\/starke-meinungen.de\/blog\/wp-content\/uploads\/Hauptstadtbrief-768x511.png 768w, https:\/\/starke-meinungen.de\/blog\/wp-content\/uploads\/Hauptstadtbrief-445x296.png 445w, https:\/\/starke-meinungen.de\/blog\/wp-content\/uploads\/Hauptstadtbrief.png 851w\" sizes=\"auto, (max-width: 200px) 100vw, 200px\" \/><\/p>\n<p>Die neue Ausstellung des J\u00fcdischen Museums, \u201eA wie j\u00fcdisch\u201c, habe ich noch nicht gesehen. Zuf\u00e4llig aber \u2013 nein, nicht zuf\u00e4llig: sie wurde mir zugeschickt \u2013 las ich folgende <a href=\"http:\/\/www.derhauptstadtbrief.de\/cms\/aktuelle-ausgabe\/121-archiv-am-sonntag-einzelbeitraege\/1350-ein-kleines-wunder-in-22-buchstaben\" target=\"_blank\" rel=\"noopener\">Besprechung<\/a> von Rainer Bieling in dem \u201eHauptstadtbrief\u201c der Berliner Morgenpost. Sie ist in mehrfacher Hinsicht skandal\u00f6s.<\/p>\n<p><!--more--><\/p>\n<p>Die Ausstellung behandelt nach eigener <a href=\"https:\/\/www.jmberlin.de\/ausstellung-a-wie-juedisch\" target=\"_blank\" rel=\"noopener\">Auskunft<\/a> \u201eMusik und Jugendkultur, Erinnerung und Traditionen, Sprachen und Heimat: Zweiundzwanzig Impressionen beleuchten deutschen Alltag von s\u00e4kularen oder religi\u00f6sen, alteingesessenen oder gerade in Deutschland angekommenen J\u00fcdinnen*Juden.\u201c<\/p>\n<p>Bieling aber beginnt seine Besprechung mit folgendem Hinweis: \u201eDen meisten Berlinern heute wird nicht bekannt sein, dass etliche B\u00fcrger ihrer Stadt einst gro\u00dfen Mut zeigten. Eine neue Ausstellung ist ein guter Anlass, daran zu erinnern. Sie hei\u00dft \u201eA wie J\u00fcdisch \u2013 In 22 Buchstaben durch die Gegenwart\u201c<\/p>\n<p>Nun hat die Ausstellung erkennbar nichts mit der Vergangenheit zu tun, und das ist gut so. Bierling aber widmet nur 5 Zeilen seiner Besprechung der Ausstellung und der Gegenwart, den ganzen Rest des Artikels jener Vergangenheit, die nicht in der Ausstellung thematisiert wurde. Schr\u00e4g.<\/p>\n<p>Noch schr\u00e4ger aber ist seine Darstellung jener Vergangenheit. Ich sehe dar\u00fcber hinweg, dass Bieling \u2013 zumindest implizit \u2013 so tut, als w\u00e4ren die j\u00fcdischen Berliner von heute vor allem Nachfahren der 1700 Berliner Juden, die Hitler \u00fcberlebten: die traurigen \u00dcberreste von einst \u00fcber 160.000 Juden in der Stadt (und das waren nur die eingetragenen Mitglieder der j\u00fcdischen Gemeinde). Wenn die Zahl der Gemeindemitglieder dank osteurop\u00e4ischer Zuwanderung nach 1945 und vor allem russischer Zuwanderung nach 1990 heute etwa 15.000 betr\u00e4gt, also ein Zehntel der damaligen Mitglieder, so mag man das mit Bieling \u201eein kleines Wunder\u201c nennen, doch w\u00fcrde ich immer noch das Adjektiv betonen.<\/p>\n<p><strong>Waren die Nazis einfach irgendeine Regierung?<\/strong><\/p>\n<p>Ich sehe \u00fcberdies dar\u00fcber hinweg, dass Bieling schreibt: \u201eDass (dem) Vernichtungswillen (der Nazis) etwa 1700 j\u00fcdische B\u00fcrger entgingen, lag an jenen Berlinern, die ihren Mitb\u00fcrgern halfen zu \u00fcberleben.\u201c \u00c4hm, nein. Diese Juden, die seit 1933 st\u00e4ndiger Verfolgung ausgesetzt gewesen waren, gr\u00f6\u00dftenteils unter dem Beifall ihrer Nachbarn und Arbeitskollegen, \u00fcberlebten vor allen aufgrund ihrer Z\u00e4higkeit, ihrer Courage, ihres Willens \u2013 und auch einer Portion Gl\u00fcck. Das schm\u00e4lert nicht die Leistung jener Berliner, die ihnen halfen. Aber die \u00dcberlebenden \u2013 ich wiederhole es \u2013 waren die Helden ihrer Geschichte.<\/p>\n<p>Sehr merkw\u00fcrdig ist, dass Bieling nirgends das Wort Nationalsozialisten verwendet und nie von Diktatur redet. Stattdessen spricht er von \u201e(den) Politikern, die bis 1945 regierten und dann am 8. Mai kapitulierten\u201c, was erstens falsch ist, denn am 8. Mai kapitulierten die Streitkr\u00e4fte, nicht \u201edie Politiker\u201c, und zweitens so tut, als seien Hitler und Konsorten ganz normale \u201ePolitiker\u201c, die normal \u201eregierten\u201c. Warum?<\/p>\n<p>Bieling \u00fcber die Judenverfolgung in Deutschland: \u201e(Sie) beginnt gleich nach dem Regierungswechsel 1933. Eine neue Generation von politischen Entscheidern l\u00f6ste binnen weniger Wochen ihr zentrales Wahlversprechen ein: Arbeitspl\u00e4tze schaffen f\u00fcr deutsche Volksgenossen. Im damaligen Politsprech waren das jene B\u00fcrger, die mit dem Taufschein nachweisen konnten, dass sie christlich waren.\u201c<\/p>\n<p>1933 war aber kein einfacher \u201eRegierungswechsel\u201c, und die Nazis waren keine \u201eneue Generation politischer Entscheider\u201c. Damit die Judenverfolgung richtig in Gang kommen konnte, musste Deutschland in eine Diktatur verwandelt werden durch die Selbstentmachtung der b\u00fcrgerlichen Parteien \u2013 das \u201eErm\u00e4chtigungsgesetz\u201c \u2013 und das Verbot von KPD und SPD, die entsprechenden Gesetze und Notverordnungen, die Rollkommandos von SA und SS und so weiter.<\/p>\n<p><strong>Machte der Taufschein aus einem Juden einen Volksgenossen?<\/strong><\/p>\n<p>Au\u00dferdem waren deutsche Volksgenossen keineswegs \u201ejene B\u00fcrger, die mit dem Taufschein nachweisen konnten, dass sie christlich waren\u201c. Vielmehr mussten auch Bielings Vorfahren einen \u201eAriernachweis\u201c vorlegen, der bewies, dass alle vier Gro\u00dfeltern und beide Elternteile getauft worden waren. Ein Taufschein nutzte einem Juden, also einem Menschen mit drei oder vier j\u00fcdischen Gro\u00dfeltern gar nichts, einem \u201eHalbjuden\u201c wie mir mit zwei j\u00fcdischen Gro\u00dfeltern immerhin etwas \u2013 machte aber aus ihm noch lange keinen \u201eVolksgenossen\u201c.<\/p>\n<p>Es ging doch nicht um die Religion, sondern um die Rasse. Ja, obwohl sie Taufscheine der Gro\u00dfeltern als \u201eAriernachweise\u201c verlangten (die DNA war damals unbekannt), waren die Nazis antireligi\u00f6s und hatten langfristig vor, die christlichen Kirchen zur\u00fcckzudr\u00e4ngen. Viele NSDAP-Mitglieder traten aus ihren jeweiligen Kirchen aus. Wie kann ein Deutscher im Jahr 2018 so wenig \u00fcber die Rassenpolitik des Dritten Reichs wissen?<\/p>\n<p><strong>Wurden die Juden bek\u00e4mpft, um die Arbeitslosigkeit zu bek\u00e4mpfen?<\/strong><\/p>\n<p>Geradezu irre ist Bielings Erkl\u00e4rung f\u00fcr Hitlers Erfolge im Kampf gegen die Arbeitslosigkeit:<\/p>\n<p>\u201eGleich im April 1933 legte das Gesetz zur Wiederherstellung des Berufsbeamtentums fest, dass alle B\u00fcrger j\u00fcdischer Religionszugeh\u00f6rigkeit aus dem \u00f6ffentlichen Dienst zu entfernen seien. Tausende von ihnen mussten ihre Stellen r\u00e4umen. Arbeitslose Juristen und Mediziner profitierten besonders: Die einen kamen in der Verwaltung unter, die anderen in staatlichen Krankenh\u00e4usern. Das akademische Prekariat war damals so gro\u00df, wie es heute wieder ist.\u201c<\/p>\n<p>Nun, erstens ist das akademische Prekariat, was immer das sein soll, heute keineswegs so gro\u00df wie damals. Und zweitens wurde der \u00f6ffentliche Dienst nicht deshalb arisiert, um arbeitslosen Akademikern Stellen zu verschaffen, auch wenn das hier und dort ein Kollateralnutzen der Berufsverbote gegen Juden war. Die Arierparagraphen im \u00d6ffentlichen Dienst waren der erste Schritt der von vorn herein geplanten v\u00f6lligen Entfernung der Juden aus Deutschland \u2013 ein Plan, den der offensichtlich immer noch in vulg\u00e4rmarxistischen Begriffen denkende Bieling nicht erw\u00e4hnt.<\/p>\n<p>Im \u00dcbrigen hatte die Reduzierung der Arbeitslosigkeit von \u00fcber sechs Millionen 1933 auf 2,5 Millionen im Juni 1934 \u2013 und dann auf etwas mehr als eine Million 1935 so gut wie gar nichts zu tun mit der Entfernung der Juden aus dem \u00f6ffentlichen Dienst und dem Gesch\u00e4ftsleben. Da es in ganz Deutschland 1933 nur 563 733 Juden gab, so h\u00e4tte \u2013 selbst wenn man unterstellt, dass jeder von ihnen eine Arbeitsstelle hatte, die einem Volksgenossen gegeben werden konnte, was offensichtlicher Unsinn ist \u2013 die Wegnahme der Arbeit von Juden, um sie Ariern zu geben, kaum etwas an der Arbeitslosenstatistik ge\u00e4ndert.<\/p>\n<p>Bieling aber unterstellt weiterhin die Habgier als Hauptmotiv f\u00fcr die Judenverfolgung: \u201eVon der Dankbarkeit ihrer Gefolgschaft befl\u00fcgelt, machte die neue Regierung bald vor nichts mehr halt, wenn es darum ging, den einen zu nehmen, um den anderen zu geben: Berufsverbote f\u00fcr j\u00fcdische B\u00fcrger zwangen \u00c4rzte ihre Praxen, Anw\u00e4lte ihre Kanzleien, Gesch\u00e4ftsleute ihre L\u00e4den, Gewerbetreibende ihre Unternehmen aufzugeben. Entrechtung und Enteignung gingen Hand in Hand. Am Ende wurden j\u00fcdische B\u00fcrger, die sich dem Zugriff nicht rechtzeitig durch Flucht aus Deutschland entzogen hatten, deportiert und umgebracht.\u201c<\/p>\n<p>Bieling unterstellt, die \u201eneue Regierung\u201c habe also keinen Plan gehabt, Deutschland \u201ejudenrein\u201c zu machen, obwohl es so im Parteiprogramm stand und von allen Parteigenossen als Bekenntnis abverlangt wurde, wie Himmler in seiner \u201ePosener Rede\u201c <a href=\"https:\/\/www.1000dokumente.de\/pdf\/dok_0008_pos_de.pdf\" target=\"_blank\" rel=\"noopener\">feststellte<\/a>, sondern sei \u201edurch die Dankbarkeit ihrer Gefolgschaft befl\u00fcgelt worden\u201c weiter zu gehen. Man fasst sich an den Kopf angesichts solcher Pseudo-Geschichtsschreibung, auch noch im \u201eHauptstadtbrief\u201c einer angesehenen Berliner Zeitung.<\/p>\n<p>Rainer Bieling ist dringend zu raten, wenigstens eine Darstellung der Judenverfolgung im Dritten Reich zu lesen, bevor er sich erneut zum Thema zu Wort meldet. Ich empfehle die <a href=\"https:\/\/www.chbeck.de\/friedlaender-dritte-reich-juden\/product\/22071\" target=\"_blank\" rel=\"noopener\">Arbeiten<\/a> Saul Friedl\u00e4nders.<\/p>\n<p>&nbsp;<\/p>\n<p>&nbsp;<\/p>\n<div class=\"shariff shariff-align-left shariff-widget-align-left shariff-buttonstretch\" style=\"display:none\"><ul class=\"shariff-buttons theme-white orientation-horizontal buttonsize-medium\"><li class=\"shariff-button facebook shariff-nocustomcolor\" style=\"background-color:#4273c8\"><a href=\"https:\/\/www.facebook.com\/sharer\/sharer.php?u=https%3A%2F%2Fstarke-meinungen.de%2Fblog%2F2018%2F12%2F05%2Frainer-bierling-und-die-judenverfolgung%2F\" title=\"Bei Facebook teilen\" aria-label=\"Bei Facebook teilen\" role=\"button\" rel=\"nofollow\" class=\"shariff-link\" style=\"; background-color:#3b5998; color:#3b5998\" target=\"_blank\"><span class=\"shariff-icon\" style=\"fill:#3b5998\"><svg width=\"32px\" height=\"20px\" xmlns=\"http:\/\/www.w3.org\/2000\/svg\" viewBox=\"0 0 18 32\"><path fill=\"#3b5998\" d=\"M17.1 0.2v4.7h-2.8q-1.5 0-2.1 0.6t-0.5 1.9v3.4h5.2l-0.7 5.3h-4.5v13.6h-5.5v-13.6h-4.5v-5.3h4.5v-3.9q0-3.3 1.9-5.2t5-1.8q2.6 0 4.1 0.2z\"\/><\/svg><\/span><span class=\"shariff-text\" style=\"color:#3b5998\">teilen<\/span>&nbsp;<\/a><\/li><li class=\"shariff-button twitter shariff-nocustomcolor\" style=\"background-color:#595959\"><a href=\"https:\/\/twitter.com\/share?url=https%3A%2F%2Fstarke-meinungen.de%2Fblog%2F2018%2F12%2F05%2Frainer-bierling-und-die-judenverfolgung%2F&text=Rainer%20Bieling%20und%20die%20Judenverfolgung&via=starkemeinungen\" title=\"Bei X teilen\" aria-label=\"Bei X teilen\" role=\"button\" rel=\"noopener nofollow\" class=\"shariff-link\" style=\"; background-color:#000; color:#000\" target=\"_blank\"><span class=\"shariff-icon\" style=\"fill:#000\"><svg width=\"32px\" height=\"20px\" xmlns=\"http:\/\/www.w3.org\/2000\/svg\" viewBox=\"0 0 24 24\"><path fill=\"#000\" d=\"M14.258 10.152L23.176 0h-2.113l-7.747 8.813L7.133 0H0l9.352 13.328L0 23.973h2.113l8.176-9.309 6.531 9.309h7.133zm-2.895 3.293l-.949-1.328L2.875 1.56h3.246l6.086 8.523.945 1.328 7.91 11.078h-3.246zm0 0\"\/><\/svg><\/span><span class=\"shariff-text\" style=\"color:#000\">teilen<\/span>&nbsp;<\/a><\/li><li class=\"shariff-button linkedin shariff-nocustomcolor\" style=\"background-color:#1488bf\"><a href=\"https:\/\/www.linkedin.com\/sharing\/share-offsite\/?url=https%3A%2F%2Fstarke-meinungen.de%2Fblog%2F2018%2F12%2F05%2Frainer-bierling-und-die-judenverfolgung%2F\" title=\"Bei LinkedIn teilen\" aria-label=\"Bei LinkedIn teilen\" role=\"button\" rel=\"noopener nofollow\" class=\"shariff-link\" style=\"; background-color:#0077b5; color:#0077b5\" target=\"_blank\"><span class=\"shariff-icon\" style=\"fill:#0077b5\"><svg width=\"32px\" height=\"20px\" xmlns=\"http:\/\/www.w3.org\/2000\/svg\" viewBox=\"0 0 27 32\"><path fill=\"#0077b5\" d=\"M6.2 11.2v17.7h-5.9v-17.7h5.9zM6.6 5.7q0 1.3-0.9 2.2t-2.4 0.9h0q-1.5 0-2.4-0.9t-0.9-2.2 0.9-2.2 2.4-0.9 2.4 0.9 0.9 2.2zM27.4 18.7v10.1h-5.9v-9.5q0-1.9-0.7-2.9t-2.3-1.1q-1.1 0-1.9 0.6t-1.2 1.5q-0.2 0.5-0.2 1.4v9.9h-5.9q0-7.1 0-11.6t0-5.3l0-0.9h5.9v2.6h0q0.4-0.6 0.7-1t1-0.9 1.6-0.8 2-0.3q3 0 4.9 2t1.9 6z\"\/><\/svg><\/span><span class=\"shariff-text\" style=\"color:#0077b5\">teilen<\/span>&nbsp;<\/a><\/li><li class=\"shariff-button xing shariff-nocustomcolor\" style=\"background-color:#29888a\"><a href=\"https:\/\/www.xing.com\/spi\/shares\/new?url=https%3A%2F%2Fstarke-meinungen.de%2Fblog%2F2018%2F12%2F05%2Frainer-bierling-und-die-judenverfolgung%2F\" title=\"Bei XING teilen\" aria-label=\"Bei XING teilen\" role=\"button\" rel=\"noopener nofollow\" class=\"shariff-link\" style=\"; background-color:#126567; color:#126567\" target=\"_blank\"><span class=\"shariff-icon\" style=\"fill:#126567\"><svg width=\"32px\" height=\"20px\" xmlns=\"http:\/\/www.w3.org\/2000\/svg\" viewBox=\"0 0 25 32\"><path fill=\"#126567\" d=\"M10.7 11.9q-0.2 0.3-4.6 8.2-0.5 0.8-1.2 0.8h-4.3q-0.4 0-0.5-0.3t0-0.6l4.5-8q0 0 0 0l-2.9-5q-0.2-0.4 0-0.7 0.2-0.3 0.5-0.3h4.3q0.7 0 1.2 0.8zM25.1 0.4q0.2 0.3 0 0.7l-9.4 16.7 6 11q0.2 0.4 0 0.6-0.2 0.3-0.6 0.3h-4.3q-0.7 0-1.2-0.8l-6-11.1q0.3-0.6 9.5-16.8 0.4-0.8 1.2-0.8h4.3q0.4 0 0.5 0.3z\"\/><\/svg><\/span><span class=\"shariff-text\" style=\"color:#126567\">teilen<\/span>&nbsp;<\/a><\/li><li class=\"shariff-button whatsapp shariff-nocustomcolor\" style=\"background-color:#5cbe4a\"><a href=\"https:\/\/api.whatsapp.com\/send?text=https%3A%2F%2Fstarke-meinungen.de%2Fblog%2F2018%2F12%2F05%2Frainer-bierling-und-die-judenverfolgung%2F%20Rainer%20Bieling%20und%20die%20Judenverfolgung\" title=\"Bei Whatsapp teilen\" aria-label=\"Bei Whatsapp teilen\" role=\"button\" rel=\"noopener nofollow\" class=\"shariff-link\" style=\"; background-color:#34af23; color:#34af23\" target=\"_blank\"><span class=\"shariff-icon\" style=\"fill:#34af23\"><svg width=\"32px\" height=\"20px\" xmlns=\"http:\/\/www.w3.org\/2000\/svg\" viewBox=\"0 0 32 32\"><path fill=\"#34af23\" d=\"M17.6 17.4q0.2 0 1.7 0.8t1.6 0.9q0 0.1 0 0.3 0 0.6-0.3 1.4-0.3 0.7-1.3 1.2t-1.8 0.5q-1 0-3.4-1.1-1.7-0.8-3-2.1t-2.6-3.3q-1.3-1.9-1.3-3.5v-0.1q0.1-1.6 1.3-2.8 0.4-0.4 0.9-0.4 0.1 0 0.3 0t0.3 0q0.3 0 0.5 0.1t0.3 0.5q0.1 0.4 0.6 1.6t0.4 1.3q0 0.4-0.6 1t-0.6 0.8q0 0.1 0.1 0.3 0.6 1.3 1.8 2.4 1 0.9 2.7 1.8 0.2 0.1 0.4 0.1 0.3 0 1-0.9t0.9-0.9zM14 26.9q2.3 0 4.3-0.9t3.6-2.4 2.4-3.6 0.9-4.3-0.9-4.3-2.4-3.6-3.6-2.4-4.3-0.9-4.3 0.9-3.6 2.4-2.4 3.6-0.9 4.3q0 3.6 2.1 6.6l-1.4 4.2 4.3-1.4q2.8 1.9 6.2 1.9zM14 2.2q2.7 0 5.2 1.1t4.3 2.9 2.9 4.3 1.1 5.2-1.1 5.2-2.9 4.3-4.3 2.9-5.2 1.1q-3.5 0-6.5-1.7l-7.4 2.4 2.4-7.2q-1.9-3.2-1.9-6.9 0-2.7 1.1-5.2t2.9-4.3 4.3-2.9 5.2-1.1z\"\/><\/svg><\/span><span class=\"shariff-text\" style=\"color:#34af23\">teilen<\/span>&nbsp;<\/a><\/li><li class=\"shariff-button info shariff-nocustomcolor\" style=\"background-color:#a8a8a8\"><a href=\"http:\/\/ct.de\/-2467514\" title=\"Weitere Informationen\" aria-label=\"Weitere Informationen\" role=\"button\" rel=\"noopener \" class=\"shariff-link\" style=\"; background-color:#999; color:#999\" target=\"_blank\"><span class=\"shariff-icon\" style=\"fill:#999\"><svg width=\"32px\" height=\"20px\" xmlns=\"http:\/\/www.w3.org\/2000\/svg\" viewBox=\"0 0 11 32\"><path fill=\"#999\" d=\"M11.4 24v2.3q0 0.5-0.3 0.8t-0.8 0.4h-9.1q-0.5 0-0.8-0.4t-0.4-0.8v-2.3q0-0.5 0.4-0.8t0.8-0.4h1.1v-6.8h-1.1q-0.5 0-0.8-0.4t-0.4-0.8v-2.3q0-0.5 0.4-0.8t0.8-0.4h6.8q0.5 0 0.8 0.4t0.4 0.8v10.3h1.1q0.5 0 0.8 0.4t0.3 0.8zM9.2 3.4v3.4q0 0.5-0.4 0.8t-0.8 0.4h-4.6q-0.4 0-0.8-0.4t-0.4-0.8v-3.4q0-0.4 0.4-0.8t0.8-0.4h4.6q0.5 0 0.8 0.4t0.4 0.8z\"\/><\/svg><\/span><\/a><\/li><\/ul><\/div>","protected":false},"excerpt":{"rendered":"<p>&nbsp; Die neue Ausstellung des J\u00fcdischen Museums, \u201eA wie j\u00fcdisch\u201c, habe ich noch nicht gesehen. Zuf\u00e4llig aber \u2013 nein, nicht zuf\u00e4llig: sie wurde mir zugeschickt \u2013 las ich folgende Besprechung von Rainer Bieling in dem \u201eHauptstadtbrief\u201c der Berliner Morgenpost. Sie ist in mehrfacher Hinsicht skandal\u00f6s.<\/p>\n","protected":false},"author":13,"featured_media":0,"comment_status":"open","ping_status":"open","sticky":false,"template":"","format":"standard","meta":{"footnotes":""},"categories":[209,1],"tags":[3298,3297,623,3299,3295,3300],"class_list":["post-7721","post","type-post","status-publish","format-standard","hentry","category-alan-posener","category-allgemein","tag-berliner-morgenpost","tag-hauptstadtbrief","tag-holocaust","tag-judenverfolgung-im-dritten-reich","tag-juedisches-museum-berlin","tag-rainer-bieling"],"yoast_head":"<!-- This site is optimized with the Yoast SEO plugin v27.4 - https:\/\/yoast.com\/product\/yoast-seo-wordpress\/ -->\n<title>Rainer Bieling und die Judenverfolgung - starke-meinungen.de<\/title>\n<meta name=\"robots\" content=\"index, follow, max-snippet:-1, max-image-preview:large, max-video-preview:-1\" \/>\n<link rel=\"canonical\" href=\"https:\/\/starke-meinungen.de\/blog\/2018\/12\/05\/rainer-bierling-und-die-judenverfolgung\/\" \/>\n<meta property=\"og:locale\" content=\"de_DE\" \/>\n<meta property=\"og:type\" content=\"article\" \/>\n<meta property=\"og:title\" content=\"Rainer Bieling und die Judenverfolgung - starke-meinungen.de\" \/>\n<meta property=\"og:description\" content=\"&nbsp; Die neue Ausstellung des J\u00fcdischen Museums, \u201eA wie j\u00fcdisch\u201c, habe ich noch nicht gesehen. Zuf\u00e4llig aber \u2013 nein, nicht zuf\u00e4llig: sie wurde mir zugeschickt \u2013 las ich folgende Besprechung von Rainer Bieling in dem \u201eHauptstadtbrief\u201c der Berliner Morgenpost. Sie ist in mehrfacher Hinsicht skandal\u00f6s.\" \/>\n<meta property=\"og:url\" content=\"https:\/\/starke-meinungen.de\/blog\/2018\/12\/05\/rainer-bierling-und-die-judenverfolgung\/\" \/>\n<meta property=\"og:site_name\" content=\"starke-meinungen.de\" \/>\n<meta property=\"article:publisher\" content=\"https:\/\/www.facebook.com\/starkemeinungen\/\" \/>\n<meta property=\"article:published_time\" content=\"2018-12-05T11:40:35+00:00\" \/>\n<meta property=\"article:modified_time\" content=\"2018-12-05T14:36:57+00:00\" \/>\n<meta property=\"og:image\" content=\"https:\/\/starke-meinungen.de\/blog\/wp-content\/uploads\/Hauptstadtbrief-200x133.png\" \/>\n<meta name=\"author\" content=\"Alan Posener\" \/>\n<meta name=\"twitter:card\" content=\"summary_large_image\" \/>\n<meta name=\"twitter:creator\" content=\"@starkemeinungen\" \/>\n<meta name=\"twitter:site\" content=\"@starkemeinungen\" \/>\n<meta name=\"twitter:label1\" content=\"Verfasst von\" \/>\n\t<meta name=\"twitter:data1\" content=\"Alan Posener\" \/>\n\t<meta name=\"twitter:label2\" content=\"Gesch\u00e4tzte Lesezeit\" \/>\n\t<meta name=\"twitter:data2\" content=\"6\u00a0Minuten\" \/>\n<script type=\"application\/ld+json\" class=\"yoast-schema-graph\">{\"@context\":\"https:\\\/\\\/schema.org\",\"@graph\":[{\"@type\":\"Article\",\"@id\":\"https:\\\/\\\/starke-meinungen.de\\\/blog\\\/2018\\\/12\\\/05\\\/rainer-bierling-und-die-judenverfolgung\\\/#article\",\"isPartOf\":{\"@id\":\"https:\\\/\\\/starke-meinungen.de\\\/blog\\\/2018\\\/12\\\/05\\\/rainer-bierling-und-die-judenverfolgung\\\/\"},\"author\":{\"name\":\"Alan Posener\",\"@id\":\"https:\\\/\\\/starke-meinungen.de\\\/blog\\\/#\\\/schema\\\/person\\\/32d0faef7c31a37c1c89be993d7a6d28\"},\"headline\":\"Rainer Bieling und die Judenverfolgung\",\"datePublished\":\"2018-12-05T11:40:35+00:00\",\"dateModified\":\"2018-12-05T14:36:57+00:00\",\"mainEntityOfPage\":{\"@id\":\"https:\\\/\\\/starke-meinungen.de\\\/blog\\\/2018\\\/12\\\/05\\\/rainer-bierling-und-die-judenverfolgung\\\/\"},\"wordCount\":1163,\"commentCount\":16,\"publisher\":{\"@id\":\"https:\\\/\\\/starke-meinungen.de\\\/blog\\\/#organization\"},\"image\":{\"@id\":\"https:\\\/\\\/starke-meinungen.de\\\/blog\\\/2018\\\/12\\\/05\\\/rainer-bierling-und-die-judenverfolgung\\\/#primaryimage\"},\"thumbnailUrl\":\"https:\\\/\\\/starke-meinungen.de\\\/blog\\\/wp-content\\\/uploads\\\/Hauptstadtbrief-200x133.png\",\"keywords\":[\"Berliner Morgenpost\",\"Hauptstadtbrief\",\"Holocaust\",\"Judenverfolgung im Dritten Reich\",\"J\u00fcdisches Museum Berlin\",\"Rainer Bieling\"],\"articleSection\":[\"Alan Posener\"],\"inLanguage\":\"de\",\"potentialAction\":[{\"@type\":\"CommentAction\",\"name\":\"Comment\",\"target\":[\"https:\\\/\\\/starke-meinungen.de\\\/blog\\\/2018\\\/12\\\/05\\\/rainer-bierling-und-die-judenverfolgung\\\/#respond\"]}]},{\"@type\":\"WebPage\",\"@id\":\"https:\\\/\\\/starke-meinungen.de\\\/blog\\\/2018\\\/12\\\/05\\\/rainer-bierling-und-die-judenverfolgung\\\/\",\"url\":\"https:\\\/\\\/starke-meinungen.de\\\/blog\\\/2018\\\/12\\\/05\\\/rainer-bierling-und-die-judenverfolgung\\\/\",\"name\":\"Rainer Bieling und die Judenverfolgung - starke-meinungen.de\",\"isPartOf\":{\"@id\":\"https:\\\/\\\/starke-meinungen.de\\\/blog\\\/#website\"},\"primaryImageOfPage\":{\"@id\":\"https:\\\/\\\/starke-meinungen.de\\\/blog\\\/2018\\\/12\\\/05\\\/rainer-bierling-und-die-judenverfolgung\\\/#primaryimage\"},\"image\":{\"@id\":\"https:\\\/\\\/starke-meinungen.de\\\/blog\\\/2018\\\/12\\\/05\\\/rainer-bierling-und-die-judenverfolgung\\\/#primaryimage\"},\"thumbnailUrl\":\"https:\\\/\\\/starke-meinungen.de\\\/blog\\\/wp-content\\\/uploads\\\/Hauptstadtbrief-200x133.png\",\"datePublished\":\"2018-12-05T11:40:35+00:00\",\"dateModified\":\"2018-12-05T14:36:57+00:00\",\"breadcrumb\":{\"@id\":\"https:\\\/\\\/starke-meinungen.de\\\/blog\\\/2018\\\/12\\\/05\\\/rainer-bierling-und-die-judenverfolgung\\\/#breadcrumb\"},\"inLanguage\":\"de\",\"potentialAction\":[{\"@type\":\"ReadAction\",\"target\":[\"https:\\\/\\\/starke-meinungen.de\\\/blog\\\/2018\\\/12\\\/05\\\/rainer-bierling-und-die-judenverfolgung\\\/\"]}]},{\"@type\":\"ImageObject\",\"inLanguage\":\"de\",\"@id\":\"https:\\\/\\\/starke-meinungen.de\\\/blog\\\/2018\\\/12\\\/05\\\/rainer-bierling-und-die-judenverfolgung\\\/#primaryimage\",\"url\":\"https:\\\/\\\/starke-meinungen.de\\\/blog\\\/wp-content\\\/uploads\\\/Hauptstadtbrief.png\",\"contentUrl\":\"https:\\\/\\\/starke-meinungen.de\\\/blog\\\/wp-content\\\/uploads\\\/Hauptstadtbrief.png\",\"width\":851,\"height\":566},{\"@type\":\"BreadcrumbList\",\"@id\":\"https:\\\/\\\/starke-meinungen.de\\\/blog\\\/2018\\\/12\\\/05\\\/rainer-bierling-und-die-judenverfolgung\\\/#breadcrumb\",\"itemListElement\":[{\"@type\":\"ListItem\",\"position\":1,\"name\":\"Startseite\",\"item\":\"https:\\\/\\\/starke-meinungen.de\\\/blog\\\/\"},{\"@type\":\"ListItem\",\"position\":2,\"name\":\"Rainer Bieling und die Judenverfolgung\"}]},{\"@type\":\"WebSite\",\"@id\":\"https:\\\/\\\/starke-meinungen.de\\\/blog\\\/#website\",\"url\":\"https:\\\/\\\/starke-meinungen.de\\\/blog\\\/\",\"name\":\"starke-meinungen.de\",\"description\":\"Autoren-Blog\",\"publisher\":{\"@id\":\"https:\\\/\\\/starke-meinungen.de\\\/blog\\\/#organization\"},\"potentialAction\":[{\"@type\":\"SearchAction\",\"target\":{\"@type\":\"EntryPoint\",\"urlTemplate\":\"https:\\\/\\\/starke-meinungen.de\\\/blog\\\/?s={search_term_string}\"},\"query-input\":{\"@type\":\"PropertyValueSpecification\",\"valueRequired\":true,\"valueName\":\"search_term_string\"}}],\"inLanguage\":\"de\"},{\"@type\":\"Organization\",\"@id\":\"https:\\\/\\\/starke-meinungen.de\\\/blog\\\/#organization\",\"name\":\"starke-meinungen.de\",\"url\":\"https:\\\/\\\/starke-meinungen.de\\\/blog\\\/\",\"logo\":{\"@type\":\"ImageObject\",\"inLanguage\":\"de\",\"@id\":\"https:\\\/\\\/starke-meinungen.de\\\/blog\\\/#\\\/schema\\\/logo\\\/image\\\/\",\"url\":\"https:\\\/\\\/starke-meinungen.de\\\/blog\\\/wp-content\\\/uploads\\\/starke-meinungen-fb-header.jpg\",\"contentUrl\":\"https:\\\/\\\/starke-meinungen.de\\\/blog\\\/wp-content\\\/uploads\\\/starke-meinungen-fb-header.jpg\",\"width\":1200,\"height\":630,\"caption\":\"starke-meinungen.de\"},\"image\":{\"@id\":\"https:\\\/\\\/starke-meinungen.de\\\/blog\\\/#\\\/schema\\\/logo\\\/image\\\/\"},\"sameAs\":[\"https:\\\/\\\/www.facebook.com\\\/starkemeinungen\\\/\",\"https:\\\/\\\/x.com\\\/starkemeinungen\"]},{\"@type\":\"Person\",\"@id\":\"https:\\\/\\\/starke-meinungen.de\\\/blog\\\/#\\\/schema\\\/person\\\/32d0faef7c31a37c1c89be993d7a6d28\",\"name\":\"Alan Posener\",\"image\":{\"@type\":\"ImageObject\",\"inLanguage\":\"de\",\"@id\":\"https:\\\/\\\/secure.gravatar.com\\\/avatar\\\/c75c8818a9ab78c4faa75048dba7844e2587998cda4d93f84e7d86f7e21a9b90?s=96&d=mm&r=g\",\"url\":\"https:\\\/\\\/secure.gravatar.com\\\/avatar\\\/c75c8818a9ab78c4faa75048dba7844e2587998cda4d93f84e7d86f7e21a9b90?s=96&d=mm&r=g\",\"contentUrl\":\"https:\\\/\\\/secure.gravatar.com\\\/avatar\\\/c75c8818a9ab78c4faa75048dba7844e2587998cda4d93f84e7d86f7e21a9b90?s=96&d=mm&r=g\",\"caption\":\"Alan Posener\"},\"url\":\"https:\\\/\\\/starke-meinungen.de\\\/blog\\\/author\\\/posener\\\/\"}]}<\/script>\n<!-- \/ Yoast SEO plugin. -->","yoast_head_json":{"title":"Rainer Bieling und die Judenverfolgung - starke-meinungen.de","robots":{"index":"index","follow":"follow","max-snippet":"max-snippet:-1","max-image-preview":"max-image-preview:large","max-video-preview":"max-video-preview:-1"},"canonical":"https:\/\/starke-meinungen.de\/blog\/2018\/12\/05\/rainer-bierling-und-die-judenverfolgung\/","og_locale":"de_DE","og_type":"article","og_title":"Rainer Bieling und die Judenverfolgung - starke-meinungen.de","og_description":"&nbsp; Die neue Ausstellung des J\u00fcdischen Museums, \u201eA wie j\u00fcdisch\u201c, habe ich noch nicht gesehen. Zuf\u00e4llig aber \u2013 nein, nicht zuf\u00e4llig: sie wurde mir zugeschickt \u2013 las ich folgende Besprechung von Rainer Bieling in dem \u201eHauptstadtbrief\u201c der Berliner Morgenpost. Sie ist in mehrfacher Hinsicht skandal\u00f6s.","og_url":"https:\/\/starke-meinungen.de\/blog\/2018\/12\/05\/rainer-bierling-und-die-judenverfolgung\/","og_site_name":"starke-meinungen.de","article_publisher":"https:\/\/www.facebook.com\/starkemeinungen\/","article_published_time":"2018-12-05T11:40:35+00:00","article_modified_time":"2018-12-05T14:36:57+00:00","og_image":[{"url":"https:\/\/starke-meinungen.de\/blog\/wp-content\/uploads\/Hauptstadtbrief-200x133.png","type":"","width":"","height":""}],"author":"Alan Posener","twitter_card":"summary_large_image","twitter_creator":"@starkemeinungen","twitter_site":"@starkemeinungen","twitter_misc":{"Verfasst von":"Alan Posener","Gesch\u00e4tzte Lesezeit":"6\u00a0Minuten"},"schema":{"@context":"https:\/\/schema.org","@graph":[{"@type":"Article","@id":"https:\/\/starke-meinungen.de\/blog\/2018\/12\/05\/rainer-bierling-und-die-judenverfolgung\/#article","isPartOf":{"@id":"https:\/\/starke-meinungen.de\/blog\/2018\/12\/05\/rainer-bierling-und-die-judenverfolgung\/"},"author":{"name":"Alan Posener","@id":"https:\/\/starke-meinungen.de\/blog\/#\/schema\/person\/32d0faef7c31a37c1c89be993d7a6d28"},"headline":"Rainer Bieling und die Judenverfolgung","datePublished":"2018-12-05T11:40:35+00:00","dateModified":"2018-12-05T14:36:57+00:00","mainEntityOfPage":{"@id":"https:\/\/starke-meinungen.de\/blog\/2018\/12\/05\/rainer-bierling-und-die-judenverfolgung\/"},"wordCount":1163,"commentCount":16,"publisher":{"@id":"https:\/\/starke-meinungen.de\/blog\/#organization"},"image":{"@id":"https:\/\/starke-meinungen.de\/blog\/2018\/12\/05\/rainer-bierling-und-die-judenverfolgung\/#primaryimage"},"thumbnailUrl":"https:\/\/starke-meinungen.de\/blog\/wp-content\/uploads\/Hauptstadtbrief-200x133.png","keywords":["Berliner Morgenpost","Hauptstadtbrief","Holocaust","Judenverfolgung im Dritten Reich","J\u00fcdisches Museum Berlin","Rainer Bieling"],"articleSection":["Alan Posener"],"inLanguage":"de","potentialAction":[{"@type":"CommentAction","name":"Comment","target":["https:\/\/starke-meinungen.de\/blog\/2018\/12\/05\/rainer-bierling-und-die-judenverfolgung\/#respond"]}]},{"@type":"WebPage","@id":"https:\/\/starke-meinungen.de\/blog\/2018\/12\/05\/rainer-bierling-und-die-judenverfolgung\/","url":"https:\/\/starke-meinungen.de\/blog\/2018\/12\/05\/rainer-bierling-und-die-judenverfolgung\/","name":"Rainer Bieling und die Judenverfolgung - starke-meinungen.de","isPartOf":{"@id":"https:\/\/starke-meinungen.de\/blog\/#website"},"primaryImageOfPage":{"@id":"https:\/\/starke-meinungen.de\/blog\/2018\/12\/05\/rainer-bierling-und-die-judenverfolgung\/#primaryimage"},"image":{"@id":"https:\/\/starke-meinungen.de\/blog\/2018\/12\/05\/rainer-bierling-und-die-judenverfolgung\/#primaryimage"},"thumbnailUrl":"https:\/\/starke-meinungen.de\/blog\/wp-content\/uploads\/Hauptstadtbrief-200x133.png","datePublished":"2018-12-05T11:40:35+00:00","dateModified":"2018-12-05T14:36:57+00:00","breadcrumb":{"@id":"https:\/\/starke-meinungen.de\/blog\/2018\/12\/05\/rainer-bierling-und-die-judenverfolgung\/#breadcrumb"},"inLanguage":"de","potentialAction":[{"@type":"ReadAction","target":["https:\/\/starke-meinungen.de\/blog\/2018\/12\/05\/rainer-bierling-und-die-judenverfolgung\/"]}]},{"@type":"ImageObject","inLanguage":"de","@id":"https:\/\/starke-meinungen.de\/blog\/2018\/12\/05\/rainer-bierling-und-die-judenverfolgung\/#primaryimage","url":"https:\/\/starke-meinungen.de\/blog\/wp-content\/uploads\/Hauptstadtbrief.png","contentUrl":"https:\/\/starke-meinungen.de\/blog\/wp-content\/uploads\/Hauptstadtbrief.png","width":851,"height":566},{"@type":"BreadcrumbList","@id":"https:\/\/starke-meinungen.de\/blog\/2018\/12\/05\/rainer-bierling-und-die-judenverfolgung\/#breadcrumb","itemListElement":[{"@type":"ListItem","position":1,"name":"Startseite","item":"https:\/\/starke-meinungen.de\/blog\/"},{"@type":"ListItem","position":2,"name":"Rainer Bieling und die Judenverfolgung"}]},{"@type":"WebSite","@id":"https:\/\/starke-meinungen.de\/blog\/#website","url":"https:\/\/starke-meinungen.de\/blog\/","name":"starke-meinungen.de","description":"Autoren-Blog","publisher":{"@id":"https:\/\/starke-meinungen.de\/blog\/#organization"},"potentialAction":[{"@type":"SearchAction","target":{"@type":"EntryPoint","urlTemplate":"https:\/\/starke-meinungen.de\/blog\/?s={search_term_string}"},"query-input":{"@type":"PropertyValueSpecification","valueRequired":true,"valueName":"search_term_string"}}],"inLanguage":"de"},{"@type":"Organization","@id":"https:\/\/starke-meinungen.de\/blog\/#organization","name":"starke-meinungen.de","url":"https:\/\/starke-meinungen.de\/blog\/","logo":{"@type":"ImageObject","inLanguage":"de","@id":"https:\/\/starke-meinungen.de\/blog\/#\/schema\/logo\/image\/","url":"https:\/\/starke-meinungen.de\/blog\/wp-content\/uploads\/starke-meinungen-fb-header.jpg","contentUrl":"https:\/\/starke-meinungen.de\/blog\/wp-content\/uploads\/starke-meinungen-fb-header.jpg","width":1200,"height":630,"caption":"starke-meinungen.de"},"image":{"@id":"https:\/\/starke-meinungen.de\/blog\/#\/schema\/logo\/image\/"},"sameAs":["https:\/\/www.facebook.com\/starkemeinungen\/","https:\/\/x.com\/starkemeinungen"]},{"@type":"Person","@id":"https:\/\/starke-meinungen.de\/blog\/#\/schema\/person\/32d0faef7c31a37c1c89be993d7a6d28","name":"Alan Posener","image":{"@type":"ImageObject","inLanguage":"de","@id":"https:\/\/secure.gravatar.com\/avatar\/c75c8818a9ab78c4faa75048dba7844e2587998cda4d93f84e7d86f7e21a9b90?s=96&d=mm&r=g","url":"https:\/\/secure.gravatar.com\/avatar\/c75c8818a9ab78c4faa75048dba7844e2587998cda4d93f84e7d86f7e21a9b90?s=96&d=mm&r=g","contentUrl":"https:\/\/secure.gravatar.com\/avatar\/c75c8818a9ab78c4faa75048dba7844e2587998cda4d93f84e7d86f7e21a9b90?s=96&d=mm&r=g","caption":"Alan Posener"},"url":"https:\/\/starke-meinungen.de\/blog\/author\/posener\/"}]}},"_links":{"self":[{"href":"https:\/\/starke-meinungen.de\/blog\/wp-json\/wp\/v2\/posts\/7721","targetHints":{"allow":["GET"]}}],"collection":[{"href":"https:\/\/starke-meinungen.de\/blog\/wp-json\/wp\/v2\/posts"}],"about":[{"href":"https:\/\/starke-meinungen.de\/blog\/wp-json\/wp\/v2\/types\/post"}],"author":[{"embeddable":true,"href":"https:\/\/starke-meinungen.de\/blog\/wp-json\/wp\/v2\/users\/13"}],"replies":[{"embeddable":true,"href":"https:\/\/starke-meinungen.de\/blog\/wp-json\/wp\/v2\/comments?post=7721"}],"version-history":[{"count":3,"href":"https:\/\/starke-meinungen.de\/blog\/wp-json\/wp\/v2\/posts\/7721\/revisions"}],"predecessor-version":[{"id":7725,"href":"https:\/\/starke-meinungen.de\/blog\/wp-json\/wp\/v2\/posts\/7721\/revisions\/7725"}],"wp:attachment":[{"href":"https:\/\/starke-meinungen.de\/blog\/wp-json\/wp\/v2\/media?parent=7721"}],"wp:term":[{"taxonomy":"category","embeddable":true,"href":"https:\/\/starke-meinungen.de\/blog\/wp-json\/wp\/v2\/categories?post=7721"},{"taxonomy":"post_tag","embeddable":true,"href":"https:\/\/starke-meinungen.de\/blog\/wp-json\/wp\/v2\/tags?post=7721"}],"curies":[{"name":"wp","href":"https:\/\/api.w.org\/{rel}","templated":true}]}}