

{"id":7402,"date":"2018-02-24T14:40:01","date_gmt":"2018-02-24T14:40:01","guid":{"rendered":"https:\/\/starke-meinungen.de\/blog\/?p=7402"},"modified":"2018-02-24T14:40:01","modified_gmt":"2018-02-24T14:40:01","slug":"der-italienische-patient","status":"publish","type":"post","link":"https:\/\/starke-meinungen.de\/blog\/2018\/02\/24\/der-italienische-patient\/","title":{"rendered":"Der italienische Patient"},"content":{"rendered":"<p>Dass Parteien vor einer Parlamentswahl den W\u00e4hlern das Blaue vom Himmel versprechen, gilt in Demokratien inzwischen als normal. In Italien schlagen die Parteien, die fast alle populistisch infiziert sind, \u00a0vor der Wahl am 4. M\u00e4rz 2018 bei ihren Versprechen alle Rekorde. Was haben sie im Angebot? Die in der Krise abgeschaffte Fr\u00fchverrentung soll wieder\u00a0 eingef\u00fchrt, die Mindestrente soll auf 1.000 Euro angehoben werden; das erste Auto soll wie das erste Haus steuerfrei sein; die Einkommens- und Unternehmenssteuern sollen auf einen linearen Tarif von 15 Prozent abgesenkt, \u00a0der Mindestlohn soll auf 10 Euro angehoben werden; die Fernsehgeb\u00fchren sollen abgeschafft werden. Italienische Zeitungen haben die Kosten f\u00fcr diese Orgie an Wohltaten addiert und eine Summe von \u00fcber 100 Milliarden Euro veranschlagt.<!--more--><\/p>\n<p>Diese Versprechen sind makaber, wenn man die gegenw\u00e4rtige Wirtschaftslage Italiens bedenkt. W\u00e4hrend das Wachstum in der Eurozone auf durchschnittlich\u00a0 1,8 Prozent angestiegen ist, verharrt Italien noch hinter Griechenland mit einem Wachstum von nur einem Prozent auf dem letzten Platz. F\u00fcr 2018 werden sogar nur 0,8 Prozent vorhergesagt. Die Arbeitslosigkeit ist mit 11 Prozent unver\u00e4ndert hoch, bei jungen Italienern betr\u00e4gt sie sogar 40 Prozent, was den Exodus junger, gut ausgebildeter Italiener in die wirtschaftlich florierenden L\u00e4nder des Nordens verst\u00e4rkt. 8,4 Millionen Italiener leben in Armut. Die Staatsverschuldung ist mit 2,29 Billionen Euro auf 132 Prozent des Bruttoinlandsprodukts angestiegen, nicht zuletzt deshalb, weil die EU-Kommission bei der Bewertung von Italiens\u00a0 Neuverschuldung in den letzten Jahren\u00a0 immer wieder beide\u00a0 Augen zugedr\u00fcckt hat. Das Zauberwort von der &#8222;Flexibilit\u00e4t&#8220; hat die Maastricht-Kriterien inzwischen weitgehend au\u00dfer Kraft gesetzt.<\/p>\n<p>Ursache f\u00fcr die &#8222;italienische Krankheit&#8220; ist\u00a0 die mangelnde Produktivit\u00e4t der Volkswirtschaft, die dem internationalen Wettbewerb \u00a0seit l\u00e4ngerem nicht mehr \u00a0gewachsen ist. Der Arbeitsmarkt ist trotz einiger kosmetischer Reformen immer noch zu unflexibel, die Lohnsteigerungen liegen\u00a0 best\u00e4ndig \u00fcber der Steigerung der Produktivit\u00e4t. Gerade \u00a0wegen dieser Schw\u00e4chen wurde das Land \u00a0von der Euroschuldenkrise besonders hart gebeutelt. Es verlor seit 2009 neun Prozent des Volkseinkommens und 25 Prozent der Industrieproduktion. Eine Million Arbeitspl\u00e4tze fielen der Krise zum Opfer. Anstatt nun das Land f\u00fcr den internationalen Konkurrenzkampf fit zu machen, \u00fcberbieten sich die Parteien im Vorwahlkampf in Versprechungen sozialer staatlicher Wohltaten, die das \u00dcbel nur noch verschlimmern w\u00fcrden.<\/p>\n<p>Den italienischen Parteien ist eigen, dass sie das Spiel &#8222;Br\u00fcssel ist schuld!&#8220; blendend beherrschen. Sie \u00fcberbieten sich in Schuldzuweisungen an die EU, vornehmlich an den &#8222;Zuchtmeister Deutschland&#8220;, mit dem Vorwurf, \u00a0Italien komme deshalb nicht auf die Beine, weil Deutschland der Eurozone seine &#8222;Austerit\u00e4tsmanie&#8220; aufgezwungen habe. Die &#8222;Lega&#8220; (vormals &#8222;Lega Nord&#8220;) m\u00f6chte bei einem Wahlsieg sofort aus dem Euro aussteigen und zur segensreichen Lira zur\u00fcckkehren, den Euro h\u00e4lt sie f\u00fcr eine W\u00e4hrung, die nur den deutschen Banken n\u00fctze. \u00a0Berlusconi von der &#8222;Forza Italia&#8220; will neben dem Euro die Lira als Zweitw\u00e4hrung f\u00fcr den inneritalienischen Zahlungsverkehr einf\u00fchren. Renzi von den Sozialisten will Europa zwingen, k\u00fcnftig nach s\u00fcdeurop\u00e4ischem Muster zu wirtschaften, also die Regeln f\u00fcr Verschuldung weiter aufzuweichen. Der italienische Pr\u00e4sident der Europ\u00e4ischen Zentralbank Mario \u00a0\u00a0Draghi wird solche Ambitionen, solange er noch im Amt ist, nach Kr\u00e4ften unterst\u00fctzen. Wie man sieht, kann es\u00a0 sich, \u00e4hnlich wie bei Menschen, auch bei einem Staat lohnen, sich \u00a0in der komfortablen Transferzone wohnlich einzurichten. Mit Gro\u00dfbritannien verliert die Europ\u00e4ische Union leider einen wichtigen F\u00fcrsprecher f\u00fcr eine solide Wirtschafts- und Finanzpolitik. Der Verlust der Sperrminorit\u00e4t von 35 Prozent der EU-Bev\u00f6lkerung im Ministerrat wird f\u00fcr die auf \u00f6konomische Stabilit\u00e4t bedachten Nord-L\u00e4nder k\u00fcnftig bedeuten, dass sie\u00a0 von der Majorit\u00e4t der S\u00fcd-L\u00e4nder\u00a0\u00a0 \u00fcberstimmt werden k\u00f6nnen.<\/p>\n<p>Das italienische Problem verdeutlicht wie in einem Brennglas die Probleme der Europ\u00e4ischen Union und der Eurozone insgesamt. Wenn ein Land die &#8222;Kopenhagener Kriterien&#8220; erf\u00fcllt, kann es Mitglied der Europ\u00e4ischen Union werden. \u00a0Dies\u00a0 verb\u00fcrgt jedoch keinesfalls, dass ein Land den eingegangenen Verpflichtungen auch auf Dauer treu bleibt. Ungarn und Polen haben inzwischen\u00a0 die Unabh\u00e4ngigkeit der Justiz aufgehoben und die Gerichtsbarkeit dem Willen der Regierung unterworfen. In Bulgarien und Rum\u00e4nien bl\u00fcht die Korruption bis in h\u00f6chste Regierungs\u00e4mter. Durch Amnestiegesetze verschaffen sich verurteilte Straft\u00e4ter selbst\u00a0 Straffreiheit. Manchmal weigert sich die Parlamentsmehrheit, f\u00fcr angeklagte Mitglieder ihrer Fraktionen die Immunit\u00e4t aufzuheben, weshalb die Strafverfolgung unterbleibt. Die Europ\u00e4ische Kommission hat au\u00dfer hilflosen Ermahnungen keinerlei Handhabe, diese R\u00fcckabwicklung der Demokratie zu unterbinden. Der Entzug des Stimmrechts in den europ\u00e4ischen Gremien w\u00fcrde scheitern, weil sich die S\u00fcnder-L\u00e4nder gegenseitig decken. Die Verpflichtung zur Einstimmigkeit dieser Entscheidung macht es m\u00f6glich. Der Entzug von F\u00f6rdermitteln f\u00fcr die L\u00e4nder, wie es Angela Merkel angedeutet hat, w\u00e4re zwar ein wirksames Disziplinierungsinstrument. Es w\u00fcrde aber den populistischen Parteien in den anst\u00f6\u00dfigen L\u00e4ndern \u00a0\u00a0die M\u00f6glichkeit geben, sich bei ihren V\u00f6lkern als Opfer Br\u00fcsseler Willk\u00fcr \u00a0darzustellen. Das w\u00e4re kontraproduktiv, weil die Zustimmung der V\u00f6lker zur EU, die noch relativ hoch ist, \u00a0ein sch\u00fctzenswertes Gut darstellt.<\/p>\n<p>Auch in der Eurozone ist man L\u00e4ndern, die die Regeln einer soliden Wirtschafts- und Finanzpolitik\u00a0 nicht einhalten wollen, mehr oder weniger hilflos ausgeliefert. Die Eurozone ist ein fragiles Konstrukt. Wenn die Ratingagenturen\u00a0 \u00fcber einem Land den Daumen senken, droht dem W\u00e4hrungsverbund insgesamt der Absturz. Dies bietet den S\u00fcnder-L\u00e4ndern ein hohes Erpressungspotential, das sie auch weidlich nutzen. Solange Angela Merkels Diktum, keines der Euro-L\u00e4nder d\u00fcrfe aus der Euro-Zone ausscheiden, gilt,\u00a0 muss man die Laissez-faire-Wirtschaft der S\u00fcdl\u00e4nder ertragen und notfalls immer neue Rettungsschirme aufspannen.<\/p>\n<p>Es r\u00e4cht sich bitter, dass man weder im Vertrag von Maastricht noch im Lissaboner Vertrag ein Prozedere f\u00fcr den Ausschluss eines Landes aus dem Verbund festgeschrieben hat. Ein erzwungener Austritt eines Landes ist deshalb so gut wie unm\u00f6glich.\u00a0 F\u00fcr mich gibt es nur einen Weg aus dem Dilemma. Wenn man ein Land de facto nicht mehr aus der EU und aus der Euro-Zone ausschlie\u00dfen kann (es sei denn, es ginge freiwillig), muss man es in die zweite Reihe verbannen. Die Bundesregierung sollte deshalb den Vorschlag von Emmanuel Macron aufgreifen, ein Europa der zwei Geschwindigkeiten ins Leben zu rufen. Die L\u00e4nder, die unverbr\u00fcchlich an der Demokratie und an einem stabilen Euro festhalten wollen, sollten eine Art &#8222;Europa Plus&#8220; bilden, sich regelm\u00e4\u00dfig gesondert vom Rest der Staaten treffen und eine eigene Agenda beschlie\u00dfen und abarbeiten. Eine solche &#8222;Champions League&#8220; ist zwar in den europ\u00e4ischen Dokumenten nicht vorgesehen. Warum sollten die Regeltreuen nicht auch einmal das Vertragswerk &#8222;flexibel&#8220; auslegen?\u00a0 Den Aufschrei, den dieses Vorhaben beim Rest der EU-Staaten hervorriefe, m\u00fcsste dieses Kerneuropa ertragen. Das Angebot steht ja ohnehin: Wer zu &#8222;Europa Plus&#8220; geh\u00f6ren will, kann dazusto\u00dfen. Er muss sich der Mitgliedschaft im erlauchten Club nur als w\u00fcrdig erweisen &#8211; und zwar dauerhaft. Es w\u00e4re interessant zu sehen, wie die Regierungen Polens, Ungarns und Rum\u00e4niens \u00a0reagieren w\u00fcrden, wenn sie nur noch in der zweiten Liga spielen.<\/p>\n<p>&nbsp;<\/p>\n<div class=\"shariff shariff-align-left shariff-widget-align-left shariff-buttonstretch\" style=\"display:none\"><ul class=\"shariff-buttons theme-white orientation-horizontal buttonsize-medium\"><li class=\"shariff-button facebook shariff-nocustomcolor\" style=\"background-color:#4273c8\"><a href=\"https:\/\/www.facebook.com\/sharer\/sharer.php?u=https%3A%2F%2Fstarke-meinungen.de%2Fblog%2F2018%2F02%2F24%2Fder-italienische-patient%2F\" title=\"Bei Facebook teilen\" aria-label=\"Bei Facebook teilen\" role=\"button\" rel=\"nofollow\" class=\"shariff-link\" style=\"; background-color:#3b5998; color:#3b5998\" target=\"_blank\"><span class=\"shariff-icon\" style=\"fill:#3b5998\"><svg width=\"32px\" height=\"20px\" xmlns=\"http:\/\/www.w3.org\/2000\/svg\" viewBox=\"0 0 18 32\"><path fill=\"#3b5998\" d=\"M17.1 0.2v4.7h-2.8q-1.5 0-2.1 0.6t-0.5 1.9v3.4h5.2l-0.7 5.3h-4.5v13.6h-5.5v-13.6h-4.5v-5.3h4.5v-3.9q0-3.3 1.9-5.2t5-1.8q2.6 0 4.1 0.2z\"\/><\/svg><\/span><span class=\"shariff-text\" style=\"color:#3b5998\">teilen<\/span>&nbsp;<\/a><\/li><li class=\"shariff-button twitter shariff-nocustomcolor\" style=\"background-color:#595959\"><a href=\"https:\/\/twitter.com\/share?url=https%3A%2F%2Fstarke-meinungen.de%2Fblog%2F2018%2F02%2F24%2Fder-italienische-patient%2F&text=Der%20italienische%20Patient&via=starkemeinungen\" title=\"Bei X teilen\" aria-label=\"Bei X teilen\" role=\"button\" rel=\"noopener nofollow\" class=\"shariff-link\" style=\"; background-color:#000; color:#000\" target=\"_blank\"><span class=\"shariff-icon\" style=\"fill:#000\"><svg width=\"32px\" height=\"20px\" xmlns=\"http:\/\/www.w3.org\/2000\/svg\" viewBox=\"0 0 24 24\"><path fill=\"#000\" d=\"M14.258 10.152L23.176 0h-2.113l-7.747 8.813L7.133 0H0l9.352 13.328L0 23.973h2.113l8.176-9.309 6.531 9.309h7.133zm-2.895 3.293l-.949-1.328L2.875 1.56h3.246l6.086 8.523.945 1.328 7.91 11.078h-3.246zm0 0\"\/><\/svg><\/span><span class=\"shariff-text\" style=\"color:#000\">teilen<\/span>&nbsp;<\/a><\/li><li class=\"shariff-button linkedin shariff-nocustomcolor\" style=\"background-color:#1488bf\"><a href=\"https:\/\/www.linkedin.com\/sharing\/share-offsite\/?url=https%3A%2F%2Fstarke-meinungen.de%2Fblog%2F2018%2F02%2F24%2Fder-italienische-patient%2F\" title=\"Bei LinkedIn teilen\" aria-label=\"Bei LinkedIn teilen\" role=\"button\" rel=\"noopener nofollow\" class=\"shariff-link\" style=\"; background-color:#0077b5; color:#0077b5\" target=\"_blank\"><span class=\"shariff-icon\" style=\"fill:#0077b5\"><svg width=\"32px\" height=\"20px\" xmlns=\"http:\/\/www.w3.org\/2000\/svg\" viewBox=\"0 0 27 32\"><path fill=\"#0077b5\" d=\"M6.2 11.2v17.7h-5.9v-17.7h5.9zM6.6 5.7q0 1.3-0.9 2.2t-2.4 0.9h0q-1.5 0-2.4-0.9t-0.9-2.2 0.9-2.2 2.4-0.9 2.4 0.9 0.9 2.2zM27.4 18.7v10.1h-5.9v-9.5q0-1.9-0.7-2.9t-2.3-1.1q-1.1 0-1.9 0.6t-1.2 1.5q-0.2 0.5-0.2 1.4v9.9h-5.9q0-7.1 0-11.6t0-5.3l0-0.9h5.9v2.6h0q0.4-0.6 0.7-1t1-0.9 1.6-0.8 2-0.3q3 0 4.9 2t1.9 6z\"\/><\/svg><\/span><span class=\"shariff-text\" style=\"color:#0077b5\">teilen<\/span>&nbsp;<\/a><\/li><li class=\"shariff-button xing shariff-nocustomcolor\" style=\"background-color:#29888a\"><a href=\"https:\/\/www.xing.com\/spi\/shares\/new?url=https%3A%2F%2Fstarke-meinungen.de%2Fblog%2F2018%2F02%2F24%2Fder-italienische-patient%2F\" title=\"Bei XING teilen\" aria-label=\"Bei XING teilen\" role=\"button\" rel=\"noopener nofollow\" class=\"shariff-link\" style=\"; background-color:#126567; color:#126567\" target=\"_blank\"><span class=\"shariff-icon\" style=\"fill:#126567\"><svg width=\"32px\" height=\"20px\" xmlns=\"http:\/\/www.w3.org\/2000\/svg\" viewBox=\"0 0 25 32\"><path fill=\"#126567\" d=\"M10.7 11.9q-0.2 0.3-4.6 8.2-0.5 0.8-1.2 0.8h-4.3q-0.4 0-0.5-0.3t0-0.6l4.5-8q0 0 0 0l-2.9-5q-0.2-0.4 0-0.7 0.2-0.3 0.5-0.3h4.3q0.7 0 1.2 0.8zM25.1 0.4q0.2 0.3 0 0.7l-9.4 16.7 6 11q0.2 0.4 0 0.6-0.2 0.3-0.6 0.3h-4.3q-0.7 0-1.2-0.8l-6-11.1q0.3-0.6 9.5-16.8 0.4-0.8 1.2-0.8h4.3q0.4 0 0.5 0.3z\"\/><\/svg><\/span><span class=\"shariff-text\" style=\"color:#126567\">teilen<\/span>&nbsp;<\/a><\/li><li class=\"shariff-button whatsapp shariff-nocustomcolor\" style=\"background-color:#5cbe4a\"><a href=\"https:\/\/api.whatsapp.com\/send?text=https%3A%2F%2Fstarke-meinungen.de%2Fblog%2F2018%2F02%2F24%2Fder-italienische-patient%2F%20Der%20italienische%20Patient\" title=\"Bei Whatsapp teilen\" aria-label=\"Bei Whatsapp teilen\" role=\"button\" rel=\"noopener nofollow\" class=\"shariff-link\" style=\"; background-color:#34af23; color:#34af23\" target=\"_blank\"><span class=\"shariff-icon\" style=\"fill:#34af23\"><svg width=\"32px\" height=\"20px\" xmlns=\"http:\/\/www.w3.org\/2000\/svg\" viewBox=\"0 0 32 32\"><path fill=\"#34af23\" d=\"M17.6 17.4q0.2 0 1.7 0.8t1.6 0.9q0 0.1 0 0.3 0 0.6-0.3 1.4-0.3 0.7-1.3 1.2t-1.8 0.5q-1 0-3.4-1.1-1.7-0.8-3-2.1t-2.6-3.3q-1.3-1.9-1.3-3.5v-0.1q0.1-1.6 1.3-2.8 0.4-0.4 0.9-0.4 0.1 0 0.3 0t0.3 0q0.3 0 0.5 0.1t0.3 0.5q0.1 0.4 0.6 1.6t0.4 1.3q0 0.4-0.6 1t-0.6 0.8q0 0.1 0.1 0.3 0.6 1.3 1.8 2.4 1 0.9 2.7 1.8 0.2 0.1 0.4 0.1 0.3 0 1-0.9t0.9-0.9zM14 26.9q2.3 0 4.3-0.9t3.6-2.4 2.4-3.6 0.9-4.3-0.9-4.3-2.4-3.6-3.6-2.4-4.3-0.9-4.3 0.9-3.6 2.4-2.4 3.6-0.9 4.3q0 3.6 2.1 6.6l-1.4 4.2 4.3-1.4q2.8 1.9 6.2 1.9zM14 2.2q2.7 0 5.2 1.1t4.3 2.9 2.9 4.3 1.1 5.2-1.1 5.2-2.9 4.3-4.3 2.9-5.2 1.1q-3.5 0-6.5-1.7l-7.4 2.4 2.4-7.2q-1.9-3.2-1.9-6.9 0-2.7 1.1-5.2t2.9-4.3 4.3-2.9 5.2-1.1z\"\/><\/svg><\/span><span class=\"shariff-text\" style=\"color:#34af23\">teilen<\/span>&nbsp;<\/a><\/li><li class=\"shariff-button info shariff-nocustomcolor\" style=\"background-color:#a8a8a8\"><a href=\"http:\/\/ct.de\/-2467514\" title=\"Weitere Informationen\" aria-label=\"Weitere Informationen\" role=\"button\" rel=\"noopener \" class=\"shariff-link\" style=\"; background-color:#999; color:#999\" target=\"_blank\"><span class=\"shariff-icon\" style=\"fill:#999\"><svg width=\"32px\" height=\"20px\" xmlns=\"http:\/\/www.w3.org\/2000\/svg\" viewBox=\"0 0 11 32\"><path fill=\"#999\" d=\"M11.4 24v2.3q0 0.5-0.3 0.8t-0.8 0.4h-9.1q-0.5 0-0.8-0.4t-0.4-0.8v-2.3q0-0.5 0.4-0.8t0.8-0.4h1.1v-6.8h-1.1q-0.5 0-0.8-0.4t-0.4-0.8v-2.3q0-0.5 0.4-0.8t0.8-0.4h6.8q0.5 0 0.8 0.4t0.4 0.8v10.3h1.1q0.5 0 0.8 0.4t0.3 0.8zM9.2 3.4v3.4q0 0.5-0.4 0.8t-0.8 0.4h-4.6q-0.4 0-0.8-0.4t-0.4-0.8v-3.4q0-0.4 0.4-0.8t0.8-0.4h4.6q0.5 0 0.8 0.4t0.4 0.8z\"\/><\/svg><\/span><\/a><\/li><\/ul><\/div>","protected":false},"excerpt":{"rendered":"<p>Dass Parteien vor einer Parlamentswahl den W\u00e4hlern das Blaue vom Himmel versprechen, gilt in Demokratien inzwischen als normal. In Italien schlagen die Parteien, die fast alle populistisch infiziert sind, \u00a0vor der Wahl am 4. M\u00e4rz 2018 bei ihren Versprechen alle Rekorde. Was haben sie im Angebot? Die in der Krise abgeschaffte Fr\u00fchverrentung soll wieder\u00a0 eingef\u00fchrt, die Mindestrente soll auf 1.000&#8230; <a href=\"https:\/\/starke-meinungen.de\/blog\/2018\/02\/24\/der-italienische-patient\/\">Weiterlesen &raquo;<\/a><\/p>\n","protected":false},"author":19,"featured_media":0,"comment_status":"open","ping_status":"open","sticky":false,"template":"","format":"standard","meta":{"footnotes":""},"categories":[1,2093],"tags":[976,3193,3194,444,3192],"class_list":["post-7402","post","type-post","status-publish","format-standard","hentry","category-allgemein","category-rainer-werner","tag-euro","tag-lira","tag-maastricht-kriterien","tag-populismus","tag-wahlen-in-italien"],"yoast_head":"<!-- This site is optimized with the Yoast SEO plugin v27.4 - https:\/\/yoast.com\/product\/yoast-seo-wordpress\/ -->\n<title>Der italienische Patient - starke-meinungen.de<\/title>\n<meta name=\"robots\" content=\"index, follow, max-snippet:-1, max-image-preview:large, max-video-preview:-1\" \/>\n<link rel=\"canonical\" href=\"https:\/\/starke-meinungen.de\/blog\/2018\/02\/24\/der-italienische-patient\/\" \/>\n<meta property=\"og:locale\" content=\"de_DE\" \/>\n<meta property=\"og:type\" content=\"article\" \/>\n<meta property=\"og:title\" content=\"Der italienische Patient - starke-meinungen.de\" \/>\n<meta property=\"og:description\" content=\"Dass Parteien vor einer Parlamentswahl den W\u00e4hlern das Blaue vom Himmel versprechen, gilt in Demokratien inzwischen als normal. In Italien schlagen die Parteien, die fast alle populistisch infiziert sind, \u00a0vor der Wahl am 4. M\u00e4rz 2018 bei ihren Versprechen alle Rekorde. Was haben sie im Angebot? Die in der Krise abgeschaffte Fr\u00fchverrentung soll wieder\u00a0 eingef\u00fchrt, die Mindestrente soll auf 1.000... Weiterlesen &raquo;\" \/>\n<meta property=\"og:url\" content=\"https:\/\/starke-meinungen.de\/blog\/2018\/02\/24\/der-italienische-patient\/\" \/>\n<meta property=\"og:site_name\" content=\"starke-meinungen.de\" \/>\n<meta property=\"article:publisher\" content=\"https:\/\/www.facebook.com\/starkemeinungen\/\" \/>\n<meta property=\"article:published_time\" content=\"2018-02-24T14:40:01+00:00\" \/>\n<meta property=\"og:image\" content=\"https:\/\/starke-meinungen.de\/blog\/wp-content\/uploads\/starke-meinungen-fb-header.jpg\" \/>\n\t<meta property=\"og:image:width\" content=\"1200\" \/>\n\t<meta property=\"og:image:height\" content=\"630\" \/>\n\t<meta property=\"og:image:type\" content=\"image\/jpeg\" \/>\n<meta name=\"author\" content=\"Rainer Werner\" \/>\n<meta name=\"twitter:card\" content=\"summary_large_image\" \/>\n<meta name=\"twitter:creator\" content=\"@starkemeinungen\" \/>\n<meta name=\"twitter:site\" content=\"@starkemeinungen\" \/>\n<meta name=\"twitter:label1\" content=\"Verfasst von\" \/>\n\t<meta name=\"twitter:data1\" content=\"Rainer Werner\" \/>\n\t<meta name=\"twitter:label2\" content=\"Gesch\u00e4tzte Lesezeit\" \/>\n\t<meta name=\"twitter:data2\" content=\"6\u00a0Minuten\" \/>\n<script type=\"application\/ld+json\" class=\"yoast-schema-graph\">{\"@context\":\"https:\\\/\\\/schema.org\",\"@graph\":[{\"@type\":\"Article\",\"@id\":\"https:\\\/\\\/starke-meinungen.de\\\/blog\\\/2018\\\/02\\\/24\\\/der-italienische-patient\\\/#article\",\"isPartOf\":{\"@id\":\"https:\\\/\\\/starke-meinungen.de\\\/blog\\\/2018\\\/02\\\/24\\\/der-italienische-patient\\\/\"},\"author\":{\"name\":\"Rainer Werner\",\"@id\":\"https:\\\/\\\/starke-meinungen.de\\\/blog\\\/#\\\/schema\\\/person\\\/6af826c1bb87ec75580869d830616de2\"},\"headline\":\"Der italienische Patient\",\"datePublished\":\"2018-02-24T14:40:01+00:00\",\"mainEntityOfPage\":{\"@id\":\"https:\\\/\\\/starke-meinungen.de\\\/blog\\\/2018\\\/02\\\/24\\\/der-italienische-patient\\\/\"},\"wordCount\":1166,\"commentCount\":2,\"publisher\":{\"@id\":\"https:\\\/\\\/starke-meinungen.de\\\/blog\\\/#organization\"},\"keywords\":[\"Euro\",\"Lira\",\"Maastricht-Kriterien\",\"Populismus\",\"Wahlen in Italien\"],\"articleSection\":{\"1\":\"Rainer Werner\"},\"inLanguage\":\"de\",\"potentialAction\":[{\"@type\":\"CommentAction\",\"name\":\"Comment\",\"target\":[\"https:\\\/\\\/starke-meinungen.de\\\/blog\\\/2018\\\/02\\\/24\\\/der-italienische-patient\\\/#respond\"]}]},{\"@type\":\"WebPage\",\"@id\":\"https:\\\/\\\/starke-meinungen.de\\\/blog\\\/2018\\\/02\\\/24\\\/der-italienische-patient\\\/\",\"url\":\"https:\\\/\\\/starke-meinungen.de\\\/blog\\\/2018\\\/02\\\/24\\\/der-italienische-patient\\\/\",\"name\":\"Der italienische Patient - starke-meinungen.de\",\"isPartOf\":{\"@id\":\"https:\\\/\\\/starke-meinungen.de\\\/blog\\\/#website\"},\"datePublished\":\"2018-02-24T14:40:01+00:00\",\"breadcrumb\":{\"@id\":\"https:\\\/\\\/starke-meinungen.de\\\/blog\\\/2018\\\/02\\\/24\\\/der-italienische-patient\\\/#breadcrumb\"},\"inLanguage\":\"de\",\"potentialAction\":[{\"@type\":\"ReadAction\",\"target\":[\"https:\\\/\\\/starke-meinungen.de\\\/blog\\\/2018\\\/02\\\/24\\\/der-italienische-patient\\\/\"]}]},{\"@type\":\"BreadcrumbList\",\"@id\":\"https:\\\/\\\/starke-meinungen.de\\\/blog\\\/2018\\\/02\\\/24\\\/der-italienische-patient\\\/#breadcrumb\",\"itemListElement\":[{\"@type\":\"ListItem\",\"position\":1,\"name\":\"Startseite\",\"item\":\"https:\\\/\\\/starke-meinungen.de\\\/blog\\\/\"},{\"@type\":\"ListItem\",\"position\":2,\"name\":\"Der italienische Patient\"}]},{\"@type\":\"WebSite\",\"@id\":\"https:\\\/\\\/starke-meinungen.de\\\/blog\\\/#website\",\"url\":\"https:\\\/\\\/starke-meinungen.de\\\/blog\\\/\",\"name\":\"starke-meinungen.de\",\"description\":\"Autoren-Blog\",\"publisher\":{\"@id\":\"https:\\\/\\\/starke-meinungen.de\\\/blog\\\/#organization\"},\"potentialAction\":[{\"@type\":\"SearchAction\",\"target\":{\"@type\":\"EntryPoint\",\"urlTemplate\":\"https:\\\/\\\/starke-meinungen.de\\\/blog\\\/?s={search_term_string}\"},\"query-input\":{\"@type\":\"PropertyValueSpecification\",\"valueRequired\":true,\"valueName\":\"search_term_string\"}}],\"inLanguage\":\"de\"},{\"@type\":\"Organization\",\"@id\":\"https:\\\/\\\/starke-meinungen.de\\\/blog\\\/#organization\",\"name\":\"starke-meinungen.de\",\"url\":\"https:\\\/\\\/starke-meinungen.de\\\/blog\\\/\",\"logo\":{\"@type\":\"ImageObject\",\"inLanguage\":\"de\",\"@id\":\"https:\\\/\\\/starke-meinungen.de\\\/blog\\\/#\\\/schema\\\/logo\\\/image\\\/\",\"url\":\"https:\\\/\\\/starke-meinungen.de\\\/blog\\\/wp-content\\\/uploads\\\/starke-meinungen-fb-header.jpg\",\"contentUrl\":\"https:\\\/\\\/starke-meinungen.de\\\/blog\\\/wp-content\\\/uploads\\\/starke-meinungen-fb-header.jpg\",\"width\":1200,\"height\":630,\"caption\":\"starke-meinungen.de\"},\"image\":{\"@id\":\"https:\\\/\\\/starke-meinungen.de\\\/blog\\\/#\\\/schema\\\/logo\\\/image\\\/\"},\"sameAs\":[\"https:\\\/\\\/www.facebook.com\\\/starkemeinungen\\\/\",\"https:\\\/\\\/x.com\\\/starkemeinungen\"]},{\"@type\":\"Person\",\"@id\":\"https:\\\/\\\/starke-meinungen.de\\\/blog\\\/#\\\/schema\\\/person\\\/6af826c1bb87ec75580869d830616de2\",\"name\":\"Rainer Werner\",\"image\":{\"@type\":\"ImageObject\",\"inLanguage\":\"de\",\"@id\":\"https:\\\/\\\/secure.gravatar.com\\\/avatar\\\/6f37dc4eff27558ec03229bb8dd7133f519865cae374548719ce45fba3788ea8?s=96&d=mm&r=g\",\"url\":\"https:\\\/\\\/secure.gravatar.com\\\/avatar\\\/6f37dc4eff27558ec03229bb8dd7133f519865cae374548719ce45fba3788ea8?s=96&d=mm&r=g\",\"contentUrl\":\"https:\\\/\\\/secure.gravatar.com\\\/avatar\\\/6f37dc4eff27558ec03229bb8dd7133f519865cae374548719ce45fba3788ea8?s=96&d=mm&r=g\",\"caption\":\"Rainer Werner\"},\"url\":\"https:\\\/\\\/starke-meinungen.de\\\/blog\\\/author\\\/werner\\\/\"}]}<\/script>\n<!-- \/ Yoast SEO plugin. -->","yoast_head_json":{"title":"Der italienische Patient - starke-meinungen.de","robots":{"index":"index","follow":"follow","max-snippet":"max-snippet:-1","max-image-preview":"max-image-preview:large","max-video-preview":"max-video-preview:-1"},"canonical":"https:\/\/starke-meinungen.de\/blog\/2018\/02\/24\/der-italienische-patient\/","og_locale":"de_DE","og_type":"article","og_title":"Der italienische Patient - starke-meinungen.de","og_description":"Dass Parteien vor einer Parlamentswahl den W\u00e4hlern das Blaue vom Himmel versprechen, gilt in Demokratien inzwischen als normal. In Italien schlagen die Parteien, die fast alle populistisch infiziert sind, \u00a0vor der Wahl am 4. M\u00e4rz 2018 bei ihren Versprechen alle Rekorde. Was haben sie im Angebot? Die in der Krise abgeschaffte Fr\u00fchverrentung soll wieder\u00a0 eingef\u00fchrt, die Mindestrente soll auf 1.000... Weiterlesen &raquo;","og_url":"https:\/\/starke-meinungen.de\/blog\/2018\/02\/24\/der-italienische-patient\/","og_site_name":"starke-meinungen.de","article_publisher":"https:\/\/www.facebook.com\/starkemeinungen\/","article_published_time":"2018-02-24T14:40:01+00:00","og_image":[{"width":1200,"height":630,"url":"https:\/\/starke-meinungen.de\/blog\/wp-content\/uploads\/starke-meinungen-fb-header.jpg","type":"image\/jpeg"}],"author":"Rainer Werner","twitter_card":"summary_large_image","twitter_creator":"@starkemeinungen","twitter_site":"@starkemeinungen","twitter_misc":{"Verfasst von":"Rainer Werner","Gesch\u00e4tzte Lesezeit":"6\u00a0Minuten"},"schema":{"@context":"https:\/\/schema.org","@graph":[{"@type":"Article","@id":"https:\/\/starke-meinungen.de\/blog\/2018\/02\/24\/der-italienische-patient\/#article","isPartOf":{"@id":"https:\/\/starke-meinungen.de\/blog\/2018\/02\/24\/der-italienische-patient\/"},"author":{"name":"Rainer Werner","@id":"https:\/\/starke-meinungen.de\/blog\/#\/schema\/person\/6af826c1bb87ec75580869d830616de2"},"headline":"Der italienische Patient","datePublished":"2018-02-24T14:40:01+00:00","mainEntityOfPage":{"@id":"https:\/\/starke-meinungen.de\/blog\/2018\/02\/24\/der-italienische-patient\/"},"wordCount":1166,"commentCount":2,"publisher":{"@id":"https:\/\/starke-meinungen.de\/blog\/#organization"},"keywords":["Euro","Lira","Maastricht-Kriterien","Populismus","Wahlen in Italien"],"articleSection":{"1":"Rainer Werner"},"inLanguage":"de","potentialAction":[{"@type":"CommentAction","name":"Comment","target":["https:\/\/starke-meinungen.de\/blog\/2018\/02\/24\/der-italienische-patient\/#respond"]}]},{"@type":"WebPage","@id":"https:\/\/starke-meinungen.de\/blog\/2018\/02\/24\/der-italienische-patient\/","url":"https:\/\/starke-meinungen.de\/blog\/2018\/02\/24\/der-italienische-patient\/","name":"Der italienische Patient - starke-meinungen.de","isPartOf":{"@id":"https:\/\/starke-meinungen.de\/blog\/#website"},"datePublished":"2018-02-24T14:40:01+00:00","breadcrumb":{"@id":"https:\/\/starke-meinungen.de\/blog\/2018\/02\/24\/der-italienische-patient\/#breadcrumb"},"inLanguage":"de","potentialAction":[{"@type":"ReadAction","target":["https:\/\/starke-meinungen.de\/blog\/2018\/02\/24\/der-italienische-patient\/"]}]},{"@type":"BreadcrumbList","@id":"https:\/\/starke-meinungen.de\/blog\/2018\/02\/24\/der-italienische-patient\/#breadcrumb","itemListElement":[{"@type":"ListItem","position":1,"name":"Startseite","item":"https:\/\/starke-meinungen.de\/blog\/"},{"@type":"ListItem","position":2,"name":"Der italienische Patient"}]},{"@type":"WebSite","@id":"https:\/\/starke-meinungen.de\/blog\/#website","url":"https:\/\/starke-meinungen.de\/blog\/","name":"starke-meinungen.de","description":"Autoren-Blog","publisher":{"@id":"https:\/\/starke-meinungen.de\/blog\/#organization"},"potentialAction":[{"@type":"SearchAction","target":{"@type":"EntryPoint","urlTemplate":"https:\/\/starke-meinungen.de\/blog\/?s={search_term_string}"},"query-input":{"@type":"PropertyValueSpecification","valueRequired":true,"valueName":"search_term_string"}}],"inLanguage":"de"},{"@type":"Organization","@id":"https:\/\/starke-meinungen.de\/blog\/#organization","name":"starke-meinungen.de","url":"https:\/\/starke-meinungen.de\/blog\/","logo":{"@type":"ImageObject","inLanguage":"de","@id":"https:\/\/starke-meinungen.de\/blog\/#\/schema\/logo\/image\/","url":"https:\/\/starke-meinungen.de\/blog\/wp-content\/uploads\/starke-meinungen-fb-header.jpg","contentUrl":"https:\/\/starke-meinungen.de\/blog\/wp-content\/uploads\/starke-meinungen-fb-header.jpg","width":1200,"height":630,"caption":"starke-meinungen.de"},"image":{"@id":"https:\/\/starke-meinungen.de\/blog\/#\/schema\/logo\/image\/"},"sameAs":["https:\/\/www.facebook.com\/starkemeinungen\/","https:\/\/x.com\/starkemeinungen"]},{"@type":"Person","@id":"https:\/\/starke-meinungen.de\/blog\/#\/schema\/person\/6af826c1bb87ec75580869d830616de2","name":"Rainer Werner","image":{"@type":"ImageObject","inLanguage":"de","@id":"https:\/\/secure.gravatar.com\/avatar\/6f37dc4eff27558ec03229bb8dd7133f519865cae374548719ce45fba3788ea8?s=96&d=mm&r=g","url":"https:\/\/secure.gravatar.com\/avatar\/6f37dc4eff27558ec03229bb8dd7133f519865cae374548719ce45fba3788ea8?s=96&d=mm&r=g","contentUrl":"https:\/\/secure.gravatar.com\/avatar\/6f37dc4eff27558ec03229bb8dd7133f519865cae374548719ce45fba3788ea8?s=96&d=mm&r=g","caption":"Rainer Werner"},"url":"https:\/\/starke-meinungen.de\/blog\/author\/werner\/"}]}},"_links":{"self":[{"href":"https:\/\/starke-meinungen.de\/blog\/wp-json\/wp\/v2\/posts\/7402","targetHints":{"allow":["GET"]}}],"collection":[{"href":"https:\/\/starke-meinungen.de\/blog\/wp-json\/wp\/v2\/posts"}],"about":[{"href":"https:\/\/starke-meinungen.de\/blog\/wp-json\/wp\/v2\/types\/post"}],"author":[{"embeddable":true,"href":"https:\/\/starke-meinungen.de\/blog\/wp-json\/wp\/v2\/users\/19"}],"replies":[{"embeddable":true,"href":"https:\/\/starke-meinungen.de\/blog\/wp-json\/wp\/v2\/comments?post=7402"}],"version-history":[{"count":1,"href":"https:\/\/starke-meinungen.de\/blog\/wp-json\/wp\/v2\/posts\/7402\/revisions"}],"predecessor-version":[{"id":7403,"href":"https:\/\/starke-meinungen.de\/blog\/wp-json\/wp\/v2\/posts\/7402\/revisions\/7403"}],"wp:attachment":[{"href":"https:\/\/starke-meinungen.de\/blog\/wp-json\/wp\/v2\/media?parent=7402"}],"wp:term":[{"taxonomy":"category","embeddable":true,"href":"https:\/\/starke-meinungen.de\/blog\/wp-json\/wp\/v2\/categories?post=7402"},{"taxonomy":"post_tag","embeddable":true,"href":"https:\/\/starke-meinungen.de\/blog\/wp-json\/wp\/v2\/tags?post=7402"}],"curies":[{"name":"wp","href":"https:\/\/api.w.org\/{rel}","templated":true}]}}