

{"id":7133,"date":"2017-07-30T14:07:40","date_gmt":"2017-07-30T14:07:40","guid":{"rendered":"https:\/\/starke-meinungen.de\/blog\/?p=7133"},"modified":"2017-07-30T14:07:40","modified_gmt":"2017-07-30T14:07:40","slug":"glaubensstark-gegen-die-moderne","status":"publish","type":"post","link":"https:\/\/starke-meinungen.de\/blog\/2017\/07\/30\/glaubensstark-gegen-die-moderne\/","title":{"rendered":"Glaubensstark gegen die Moderne"},"content":{"rendered":"<p>Bl\u00e4ttert man in Zeitschriften aus den 1950er und 1960er Jahren \u00a0und betrachtet die Schwarz-Wei\u00df-Fotos, reibt man sich verdutzt die Augen. Scharen junger Frauen flanieren untergehakt\u00a0 durch die Stra\u00dfen, die R\u00f6cke sind kurz, die Haare flattern im Wind. Im Mundwinkel glimmt kokett die Zigarette. Die Szenen spielten in \u00a0Kairo, Damaskus und Teheran. Von Stra\u00dfenszenen in Berlin, Paris und London waren solche Demonstrationen selbstbewusster Weiblichkeit nicht zu unterscheiden. Heute fahren in Teheran Sittenw\u00e4chter der Religionspolizei durch die Stra\u00dfen und verhaften Frauen und M\u00e4dchen, die das Kopftuch zu sehr gelockert\u00a0 oder die Schminke\u00a0 \u201eunislamisch\u201c aufgetragen haben. Ich kenne kein islamisches Land, in dem die Frauen heute gleichberechtigt w\u00e4ren. Sie sind es weder in der rechtlichen Stellung gegen\u00fcber dem Mann noch im wirklichen Leben in\u00a0 Familie und\u00a0 Gesellschaft. Die Fotos beweisen, dass es einmal Zeiten gegeben haben muss, in denen sich Frauen auch in muslimischen Gesellschaften\u00a0 frei entfalten konnten. Warum sind diese Zeiten sang- und klanglos untergegangen? Ein Blick in die Geschichte gibt \u00a0Auskunft.<!--more--><\/p>\n<p><strong>Beharrung oder Reform<\/strong><\/p>\n<p>Seit dem 18. Jahrhundert, dem Jahrhundert der europ\u00e4ischen Aufkl\u00e4rung, \u00a0ringen in der muslimischen Welt Kr\u00e4fte der Beharrung und der Neuerung heftig miteinander um gesellschaftliche Dominanz. Hellsichtigen Herrschern war nicht verborgen geblieben, dass ihre Reiche gegen\u00fcber den aufstrebenden M\u00e4chten Europas, die sich industrialisierten und \u00a0geistig-wissenschaftlich modernisierten, ins Hintertreffen geraten waren. Im Osmanischen Reich versuchten deshalb in der 2. H\u00e4lfte des\u00a0 19. Jahrhunderts\u00a0 einige Gro\u00dfwesire, durch Modernisierung von Regierung, Verwaltung, Milit\u00e4r, Justiz und Wirtschaft den schleichenden Niedergang ihres Reiches aufzuhalten. Die Reformen trugen den Namen \u201eTanzimat\u201c, was man mit \u201eHeilsame Neuordnung\u201c\u00a0 \u00fcbersetzen kann. Mustafa Kemal Pascha, sp\u00e4ter Atat\u00fcrk genannt, blieb es vorbehalten, diese Reformen weiterzuf\u00fchren und die T\u00fcrkei, den Nachfolgestaat des Osmanischen Reichs, nach dem Vorbild eines modernen republikanischen Staatswesens nach westlichem Muster zu\u00a0 formen.\u00a0 Die Reformen, die Kemal Pascha durchf\u00fchrte, waren\u00a0 nachgerade revolution\u00e4r. Sie sind es auch noch aus heutiger\u00a0 Sicht. Die Geistlichkeit wurde durch die Abschaffung des Kalifats\u00a0 entmachtet, religi\u00f6se Bruderschaften und Orden wurden verboten, den Geistlichen wurde das Tragen ihres Gewands nur in der Moschee\u00a0 und auf dem Friedhof gestattet. Die Frau wurde\u00a0 dem Mann rechtlich gleichgestellt, was sich auch\u00a0 in der Neuordnung des Familien- und Scheidungsrechts niederschlug. M\u00e4dchen wurde gleicher Zugang zur h\u00f6heren Schulbildung und zum Universit\u00e4tsstudium \u00a0garantiert. Als \u00e4u\u00dferes Zeichen der S\u00e4kularisierung wurde der Hut als m\u00e4nnliche Kopfbedeckung propagiert. Er sollte Fes und Turban als nationale Tracht abl\u00f6sen. Auf das Tragen der alten Tracht standen\u00a0 Geld- und Gef\u00e4ngnisstrafen. In Schulen und Universit\u00e4ten galt f\u00fcr Frauen ein strenges Kopftuchverbot. Widerstand gegen die Modernisierung wurde von\u00a0 Kemal Pascha rigoros niedergeschlagen. In Ostanatolien, der Region mit dem heftigsten Widerstand, wurden gegen Aufst\u00e4ndische zahlreiche Todesurteile verh\u00e4ngt.<\/p>\n<p>Viele arabische Staaten folgten diesem Reformkurs, wenn auch unter dem Banner einer Ideologie, die Nationalismus (Panarabismus) mit S\u00e4kularismus und Sozialismus verschmolz (Baath-Bewegung). Im Scho\u00dfe dieser Regime wuchs \u00a0eine Bewegung, die sich aus ganz anderen Quellen speiste als denen der Moderne. Es waren Str\u00f6mungen eines\u00a0 orthodoxen Islam, der sich an den Lehren\u00a0 von Muhammad ibn Abd al-Wahhab orientierte. Dieser Religionsgelehrte hatte im 18. Jahrhundert aus derselben Diagnose &#8211; der R\u00fcckst\u00e4ndigkeit der arabischen Welt gegen\u00fcber dem erfolgreichen Westen &#8211; eine g\u00e4nzlich andere Therapie\u00a0 abgeleitet als die Modernisierer im Osmanischen Reich. Er hielt den Wettlauf mit dem Westen f\u00fcr verloren, zog \u00a0daraus aber den Schluss, die materielle\u00a0 Niederlage \u00a0in einen geistigen Sieg \u00a0verwandeln zu k\u00f6nnen, wenn \u00a0der Islam durch die &#8222;Reinheit&#8220; des Gottesbegriffes zu einer neuen Kraftquelle wird. Aus \u00a0Glaubensst\u00e4rke sollte\u00a0 Kampfst\u00e4rke erwachsen. Al-Wahhab forderte die Gl\u00e4ubigen dazu auf, sich wortgetreu\u00a0 am Koran und der Sunna, den \u00dcberlieferungen des Islam, zu orientieren und alle theologischen Modernisierungsversuche, wie z.B. historisch-kritische Koranauslegungen, zu verwerfen. In dieser Auffassung sind \u00a0so gut wie alle anderen Muslime, auch die Schiiten, Ungl\u00e4ubige, die bek\u00e4mpft werden d\u00fcrfen und m\u00fcssen. Der Steinzeit-Islam des IS geht letztlich auf solch dogmatische Verengungen der Lehre zur\u00fcck.<\/p>\n<p>1774 schloss al-Wahhab einen Vertrag mit dem saudischen K\u00f6nigshaus, der die Vormachtstellung seiner Glaubensauffassung festschrieb. In der Folge wurde die strenge Auslegung des Islam, der Wahhabismus, \u00fcber die &#8222;Islamische Weltliga&#8220; in der ganzen Welt verbreitet. In Europa gibt es bis heute zahlreiche Moscheen, die von dieser \u00a0Liga bezahlt und mit &#8222;passenden&#8220; Imamen versorgt werden.<\/p>\n<p>Eine zweite Schule eines r\u00fcckw\u00e4rtsgewandten Islam wird 1928 in \u00c4gypten von\u00a0 der Muslimbr\u00fcderschaft begr\u00fcndet. Auch die Muslimbr\u00fcder haben sich der\u00a0 R\u00fcckkehr zum urspr\u00fcnglichen Islam und der Errichtung einer islamischen Ordnung, der Scharia, verschworen. Sie wollen den Islam vor sch\u00e4dlichen westlichen Einfl\u00fcssen sch\u00fctzen und erkennen deshalb \u00a0nur diejenigen Regime \u00a0als legitime Herrscher an, die in \u00dcbereinstimmung mit der Scharia herrschen. Wie der Wahlsieg der Muslimbr\u00fcder in \u00c4gypten im Jahre \u00a02013\u00a0 zeigte, ist diese Str\u00f6mung wegen ihrer karitativen T\u00e4tigkeiten im einfachen Volk stark verwurzelt. Einmal an die Macht gekommen, gestalten sie Staat und Gesellschaft radikal nach den Vorgaben der Scharia um. Nur das Verbot der Bruderschaft durch einen Armeeputsch \u00a0konnte einen \u00e4gyptischen Scharia-Staat verhindern.<\/p>\n<p><strong>Politisch und \u00f6konomisch abgeh\u00e4ngt<\/strong><\/p>\n<p>Der &#8222;arabische Fr\u00fchling&#8220; hatte f\u00fcr kurze Zeit im Westen die Hoffnung aufkeimen lassen, es werde den arabischen Staaten im Norden Afrikas\u00a0 und im Nahen Osten\u00a0 gelingen, mittels demokratischer Reformen und einer Liberalisierung der Wirtschaft den Anschluss an\u00a0 westliche Standards zu \u00a0schaffen. Diese Hoffnung ist vollst\u00e4ndig verflogen, sieht doch die Bilanz der kurzen demokratischen Aufwallung verheerend aus. Einige Staaten sind in sich zerfallen (Libyen, Irak, Syrien, Jemen), andere wieder in die Despotie zur\u00fcckgefallen (\u00c4gypten). Nur Tunesien, das Ursprungsland der Rebellion, h\u00e4lt ein fragiles Gleichgewicht zwischen Beharrung und Reform aufrecht. \u00d6konomisch ist nirgendwo ein Aufbruch zu erkennen. Die Universit\u00e4ten, die Motor der Erneuerung sein k\u00f6nnten, verharren in r\u00fcckst\u00e4ndigen Denkans\u00e4tzen. Die Wissenschaft ist zunehmend unter das Kuratel des Glaubensdiktats geraten. Aus dieser\u00a0 d\u00fcsteren Bilanz kann man die Prognose ableiten, dass der glaubensstarke Retro-Islam auf Jahre hinaus ein dankbares Reservoire an Gl\u00e4ubigen finden wird. Verwunderlich ist nur, dass der r\u00fcckst\u00e4ndige Islam auch in L\u00e4ndern mit florierender Wirtschaft und funktionierendem Wohlfahrtstaat, wie z.B. Deutschland, viele Anh\u00e4nger findet. Dies straft eine verbreitete Auffassung L\u00fcgen, der Islam werde sich mit Sicherheit modernisieren, wenn die Gl\u00e4ubigen erst einmal\u00a0 am Wohlstand teilhaben k\u00f6nnten.<\/p>\n<p><strong>Der t\u00fcrkische Sultan<\/strong><\/p>\n<p>Was sich in der T\u00fcrkei in der letzten Dekade ereignet und seit dem gescheiterten Milit\u00e4rputsch von 2016 einen H\u00f6hepunkt erreicht hat, kann man in den Kontext einer r\u00fcckw\u00e4rtsgewandten Islamisierung einordnen. In den westlichen Demokratien und in den F\u00fchrungsetagen der EU wird in erster Linie der Abbau der Demokratie beklagt, die Aufhebung der Gewaltenteilung, die Abschaffung der ehemals freien Presse und das undemokratische Pr\u00e4sidialsystem. Weniger beachtet wird die schleichende Islamisierung, die f\u00fcr die AKP, eine gem\u00e4\u00dfigt islamistische Partei, \u00a0schon immer \u00a0auf der Agenda stand. Der Westen hat sich nur deshalb \u00fcber die wahren Absichten \u00a0Erdogans t\u00e4uschen lassen, weil die AKP lange eine liberale Wirtschaftspolitik verfocht, die das Land modernisierte und eine breite Mittelschicht entstehen lie\u00df. Das eigentliche Ziel, den Kemalismus mit seinem strikten S\u00e4kularismus wieder\u00a0 r\u00fcckg\u00e4ngig zu machen, hatte die AKP nie aufgegeben. Nach dem Putsch sah Erdogan die Stunde gekommen, seine \u00a0Agenda zu forcieren, weil er von der geschw\u00e4chten und eingesch\u00fcchterten Opposition keine Gegenwehr mehr zu bef\u00fcrchten hatte. S\u00e4kulare T\u00fcrken \u00a0sprechen davon, dass Erdogan systematisch die Tanzimat-Reformen der sp\u00e4tosmanischen Zeit wieder r\u00fcckg\u00e4ngig macht. \u00dcberall werden Moscheen gebaut. Die Imame werden \u00fcber die regierungsnahe Religionsbeh\u00f6rde gesteuert &#8211; auch in der europ\u00e4ischen Diaspora. Das Bekleidungsreglement aus der Atat\u00fcrk-Zeit ist l\u00e4ngst gefallen. Die Hauptleidtragenden sind die Frauen, die wieder dem Manne untergeordnet werden. Auf dem Sektor der Bildung sind wichtige \u00a0Errungenschaften der Aufkl\u00e4rung auf dem R\u00fcckzug. Die Evolutionslehre wurde aus den Lehrb\u00fcchern verbannt, weil Sch\u00fcler angeblich mit dieser Lehre \u00fcberfordert seien. Stattdessen wird den Kindern und Sch\u00fclern der Dschihad eingebl\u00e4ut, nicht der kriegerische des IS, sondern der milde, der einen Dienst an der Gemeinschaft der Gl\u00e4ubigen vorsieht. Ein Heer gl\u00e4ubiger und regierungstreuer Muslime soll entstehen.\u00a0 Ahmet Hamdi, der von Erdogans Chauffeur zum &#8222;Bildungsexperten&#8220; aufgestiegen ist, erkl\u00e4rte, es mache <em>&#8222;keinen Sinn, einem Kind, das den Dschihad nicht kennt, Mathematik beizubringen.&#8220; &#8211; <\/em>Die gr\u00f6\u00dfte (noch freie) Lehrergewerkschaft E\u011fitim-Sen sagt \u00a0zu den ideologischen Umgestaltungen des Bildungssystems: &#8222;<em>Diese Reform <\/em><em>zerst\u00f6rt das Prinzip des S\u00e4kularismus und das wissenschaftliche Prinzip der Bildung.\u201c<\/em><\/p>\n<p>Das B\u00fcndnis der T\u00fcrkei mit dem in der arabischen Gemeinschaft unter Druck geratenen Katar hat seine Ursache in der gemeinsamen Unterst\u00fctzung der\u00a0 Muslimbr\u00fcderschaft, deren F\u00fchrer \u00a0nach dem Verbot in \u00c4gypten\u00a0 in Katar eine neue Heimat gefunden haben. Auch die in Gaza herrschende Hamas wird von Katar massiv unterst\u00fctzt. Anscheinend w\u00e4chst hier \u00a0zusammen, was ideologisch \u00a0zusammen geh\u00f6rt.<\/p>\n<p><strong>\u00a0<\/strong>Es entbehrt nicht einer gewissen Ironie, wenn sich\u00a0 SPD-Politiker\u00a0 im Wahlkampf gegenseitig mit dem Vorschlag f\u00fcr Strafma\u00dfnahmen gegen die T\u00fcrkei \u00fcberbieten. Vor Jahren haben sie noch \u00a0Kanzlerin Angela Merkel daf\u00fcr gescholten, dass sie der T\u00fcrkei nur eine &#8222;privilegierte Partnerschaft&#8220; mit der EU, aber keine Vollmitgliedschaft zugestehen wollte. Vielleicht hat sie damals schon gesehen, dass die t\u00fcrkische Gesellschaft als Ganze nicht reif war f\u00fcr die Mitgliedschaft in der demokratischen europ\u00e4ischen Familie. Man darf ja nicht vergessen, dass Erdogan in den letzten zehn Jahren Wahlergebnisse von bis zu 60% eingefahren hat. Auch heute ist\u00a0 seine Machtbasis im Volk beileibe noch nicht geschwunden. \u00a0Auch die in den EU-Staaten lebenden T\u00fcrken w\u00e4hlten in den letzten Jahren\u00a0 mehrheitlich AKP.<\/p>\n<p><strong>Islamisierung im Schutz demokratischer Grundrechte<\/strong><\/p>\n<p>Ein Bekannter erz\u00e4hlte mir neulich\u00a0 von einem verst\u00f6renden Erlebnis, das er \u00a0auf der Berliner Bismarckstra\u00dfe hatte. Ein Taxifahrer sei aus seinem wartenden Taxi ausgestiegen, habe einen Gebetsteppich auf dem B\u00fcrgersteig ausgerollt und angefangen zu beten. Von den vorbeiflanierenden Berlinern und Touristen habe er sich nicht st\u00f6ren lassen. An den langen Warteschlangen der Taxis an den beiden Berliner Flugh\u00e4fen soll dieses Verhalten gang und g\u00e4be sein. In Frankreich haben Imame die Gl\u00e4ubigen dazu aufgerufen, massenhaft auf den Stra\u00dfen zu beten, um ein Zeichen zu setzen: Wir sind hier! In Paris und Br\u00fcssel waren Frauen mit Burka\u00a0 im Stra\u00dfenbild keine Seltenheit, bis die Parlamente ein Verbot dieses Kleidungsst\u00fccks im \u00f6ffentlichen Raum beschlossen haben. In deutschen Schulen wird ein st\u00e4ndiger Kleinkrieg ausgefochten, weil Eltern unter Berufung auf ihre Religion dies und das ihren Kindern &#8211; meistens den \u00a0M\u00e4dchen &#8211; nicht gestatten wollen (Schwimmen, \u00a0Sport, Teilnahme an Schulfesten und Klassenfahrten, Singen in der \u00d6ffentlichkeit). Die Forderung\u00a0 muslimischer\u00a0 Eltern, \u00a0an einer Berliner Gesamtschule f\u00fcr ihren Sohn \u00a0einen Gebetsraum einzurichten, wurde erst vom Bundesverwaltungsgericht gestoppt. Im\u00a0 Wuppertaler Johannes-Rau-Gymnasium f\u00fchlte sich die\u00a0 Schulleitung bem\u00fc\u00dfigt, an die Schulgemeinde zu schreiben, in der Schule sei es \u00a0nicht gestattet, <em>&#8222;<\/em><a href=\"http:\/\/www.rp-online.de\/nrw\/panorama\/schule-in-wuppertal-verbietet-muslimischen-schuelern-sichtbares-beten-aid-1.6648704\"><em>deutlich sichtbar zu beten, etwa mit rituellen Waschungen und dem Ausrollen von Gebetsteppichen&#8220;.<\/em> <\/a>Der Landtag von Niedersachsen wird in K\u00fcrze ein Gesetz beschlie\u00dfen, das vorschreibt, dass Sch\u00fclerinnen nicht im Niqab in den Unterricht kommen d\u00fcrfen. Anlass war eine Sch\u00fclerin, die sich beharrlich weigerte, im Unterricht ihr Gesicht zu zeigen. Das neue Gesetz schreibt vor, dass Sch\u00fcler und Sch\u00fclerinnen <em>&#8222;durch ihr Verhalten und ihre Kleidung die Kommunikation mit den Beteiligten des Schullebens nicht in besonderer Weise erschweren d\u00fcrfen.&#8220;<\/em> Als Lehrer h\u00e4tte ich mir nie tr\u00e4umen lassen, dass\u00a0 es einmal n\u00f6tig sein k\u00f6nnte, dass\u00a0 sich die Schule als weltanschaulich und religi\u00f6s neutraler Ort \u00a0\u00a0gegen die \u00a0Zumutungen einer demonstrativ zur Schau gestellten muslimischen Religiosit\u00e4t \u00a0\u00a0sch\u00fctzt.<\/p>\n<p><strong>Die M\u00e4dchen leiden am meisten<\/strong><\/p>\n<p>Ein kleines Beispiel aus der Schule kann veranschaulichen, wie ein strenger Islam Sch\u00fclerinnen die Rechte verwehrt, die ihnen nach unserem Grundgesetz zustehen. \u00a0Ich habe Fatima, ein M\u00e4dchen aus einer libanesischen Familie, erlebt, das unter dem religi\u00f6sen \u00a0Rollenkonflikt extrem litt. Oft kam sie morgens zur\u00a0 ersten Stunde\u00a0 zu sp\u00e4t. Die Fachlehrer wandten sich deshalb\u00a0 mit der Bitte an mich, als Klassenlehrer auf Fatima einzuwirken. Im Gespr\u00e4ch erfuhr ich\u00a0 den Grund f\u00fcr ihre Versp\u00e4tung. Sie brachte vor der ersten Stunde immer 15 Minuten auf der Toilette zu, wo sie sich ihres Kopftuches und Umhanges entledigte und in enge Jeans und ein gewagtes Top schl\u00fcpfte. Ihre Haare lie\u00df sie frei\u00a0 flattern, die Lippen schminkte sie im typischen Teeny-Style.\u00a0 Sie wollte in der Klasse so aussehen wie ihre Freundinnen\u00a0 Anna, Kathrin und Elsa. Nach der Schule kam die R\u00fcckw\u00e4rts-Verwandlung. Nur im\u00a0 strengen Habitus der Verh\u00fcllung konnte sie ihrem Bruder, der die Schule geschmissen hatte und sich jetzt als moralischer\u00a0 Aufpasser\u00a0 \u00fcber seine intelligente Schwester bet\u00e4tigte, unter die Augen treten. Moral (&#8222;Ehre&#8220;) kompensiert Bildungsdefizit.\u00a0 Der Bruder\u00a0 geleitete die Schwester \u201esicher\u201c ins elterliche Heim, weil sie nur so den Gef\u00e4hrdungen der\u00a0 \u201eunmoralischen\u201c\u00a0 Gro\u00dfstadt widerstehen k\u00f6nne. Man stelle sich die Gef\u00fchle solcher\u00a0 M\u00e4dchen\u00a0 vor, die\u00a0 an der freien Entfaltung ihrer Pers\u00f6nlichkeit gehindert\u00a0 werden und\u00a0\u00a0 dem\u00a0 Dauerverdacht unterliegen, sie k\u00f6nnten\u00a0 zu einer \u201edeutschen Schlampe\u201c\u00a0 werden, wenn sie\u00a0 sich nicht unter die\u00a0 sch\u00fctzende Obhut m\u00e4nnlicher Familienmitglieder begeben. Ich konnte Fatima in diesem Konflikt nicht helfen. Ich ermunterte sie nur, die Schule weiterhin\u00a0 erfolgreich zu meistern, weil sie nur so \u2013 langfristig &#8211; den Banden ihrer patriarchalischen Familie w\u00fcrde entfliehen k\u00f6nnen. Wann hat das\u00a0 Bonmot von Karl\u00a0 Kraus, <em>\u201eDas Wort \u00b4Familienbande` hat einen Beigeschmack\u00a0 von Wahrheit\u201c<\/em>,\u00a0 je\u00a0 mehr Berechtigung gehabt als hier?<\/p>\n<p>Nach Angaben der Frauenrechtsorganisation &#8222;Terre des Femmes&#8220; leben in Deutschland mindestens 24\u00a0000 Frauen, die eine Genitalverst\u00fcmmelung erlitten haben und 6000 M\u00e4dchen, die akut davon bedroht sind. Mit diesem Eingriff in die k\u00f6rperliche Unversehrtheit soll die sexuelle Treue der M\u00e4dchen und Frauen erzwungen werden. Diese grausame Verst\u00fcmmelung von Frauen ist aus muslimischen Gesellschaften in Afrika, dem \u00a0S\u00fcden der arabischen Halbinsel und aus muslimischen Gesellschaften Asiens\u00a0 nach Europa, auch nach Deutschland, &#8222;eingewandert&#8220;. Nach Sch\u00e4tzungen der Weltgesundheitsorganisation sterben gut ein Viertel der betroffenen Frauen im Laufe ihres Lebens an den Folgen einer Beschneidung. Diese Praktiken wird\u00a0 wohl kein vern\u00fcnftiger Mensch als &#8222;kulturelle Bereicherung&#8220; betrachten wollen. Wir sollten alles\u00a0 tun, um\u00a0 die M\u00e4dchen,\u00a0 die von diesem schlimmen Eingriff bedroht sind, \u00a0zu besch\u00fctzen. Die rechtliche G\u00fcterabw\u00e4gung sollte dabei klar\u00a0 sein: <em>\u201eDas im Grundgesetz verankerte Recht auf ungest\u00f6rte Religionsaus\u00fcbung und das Erziehungsrecht der Eltern haben keinen Vorrang gegen\u00fcber dem vom Grundgesetz verbrieften Recht des Kindes auf k\u00f6rperliche Unversehrtheit und Selbstbestimmung\u201c,<\/em> sagt Irmingard Schewe-Gerigk, die Vorsitzende von &#8222;Terre des Femmes&#8220;.<\/p>\n<p><strong>Den S\u00e4kularismus verteidigen<\/strong><\/p>\n<p>In Deutschland streiten sich \u00a0Parteien und \u00a0Zivilgesellschaft schon seit Jahren \u00fcber den richtigen Umgang mit einer Re-Konfessionalisierung, die nicht von Katholiken oder Protestanten, sondern von Muslimen in die \u00d6ffentlichkeit getragen wird. Liberale Parteien und duldsame Geister wollen diesen Tendenzen mit Toleranz begegnen, weil sie sich nicht dem Vorwurf der Ausl\u00e4nderfeindlichkeit aussetzen wollen. Sie verniedlichen sogar die religi\u00f6se Substanz der Islamisierung, indem sie nur von &#8222;kulturellen&#8220; Erscheinungen oder gar von einer &#8222;kulturellen Bereicherung&#8220; sprechen. Andere, zu denen ich mich z\u00e4hle, sehen in der Islamisierung eine Bedrohung aufkl\u00e4rerischer Errungenschaften, zu denen die strikte Trennung von Staat und Religion und die Ma\u00dfgabe, dass Religion Privatsache zu sein hat, geh\u00f6ren.<\/p>\n<p>Wenn man bedenkt, dass es in den islamischen L\u00e4ndern \u00a0schon zu Beginn des 20. Jahrhunderts Freiheitsbestrebungen gab, die sich am\u00a0 aufkl\u00e4rerischen Ideenfundus des Westens orientiert haben, ist es f\u00fcr mich schlechterdings nicht vorstellbar, dass wir im 21. Jahrhundert im \u00a0eigenen Land hinter den Freiheitsgrad zur\u00fcckfallen, den aufgekl\u00e4rte Herrscher wie Kemal Pascha\u00a0 Atat\u00fcrk\u00a0 \u00a0schon 1924\u00a0 ihren \u00a0muslimischen Gesellschaften \u00a0verordnet\u00a0 haben.<\/p>\n<p>Es kann in Deutschland nur einen Islam geben, der sich dem s\u00e4kularen Gesetz unterwirft.<\/p>\n<p>&nbsp;<\/p>\n<p>&nbsp;<\/p>\n<div class=\"shariff shariff-align-left shariff-widget-align-left shariff-buttonstretch\" style=\"display:none\"><ul class=\"shariff-buttons theme-white orientation-horizontal buttonsize-medium\"><li class=\"shariff-button facebook shariff-nocustomcolor\" style=\"background-color:#4273c8\"><a href=\"https:\/\/www.facebook.com\/sharer\/sharer.php?u=https%3A%2F%2Fstarke-meinungen.de%2Fblog%2F2017%2F07%2F30%2Fglaubensstark-gegen-die-moderne%2F\" title=\"Bei Facebook teilen\" aria-label=\"Bei Facebook teilen\" role=\"button\" rel=\"nofollow\" class=\"shariff-link\" style=\"; background-color:#3b5998; color:#3b5998\" target=\"_blank\"><span class=\"shariff-icon\" style=\"fill:#3b5998\"><svg width=\"32px\" height=\"20px\" xmlns=\"http:\/\/www.w3.org\/2000\/svg\" viewBox=\"0 0 18 32\"><path fill=\"#3b5998\" d=\"M17.1 0.2v4.7h-2.8q-1.5 0-2.1 0.6t-0.5 1.9v3.4h5.2l-0.7 5.3h-4.5v13.6h-5.5v-13.6h-4.5v-5.3h4.5v-3.9q0-3.3 1.9-5.2t5-1.8q2.6 0 4.1 0.2z\"\/><\/svg><\/span><span class=\"shariff-text\" style=\"color:#3b5998\">teilen<\/span>&nbsp;<\/a><\/li><li class=\"shariff-button twitter shariff-nocustomcolor\" style=\"background-color:#595959\"><a href=\"https:\/\/twitter.com\/share?url=https%3A%2F%2Fstarke-meinungen.de%2Fblog%2F2017%2F07%2F30%2Fglaubensstark-gegen-die-moderne%2F&text=Glaubensstark%20gegen%20die%20Moderne&via=starkemeinungen\" title=\"Bei X teilen\" aria-label=\"Bei X teilen\" role=\"button\" rel=\"noopener nofollow\" class=\"shariff-link\" style=\"; background-color:#000; color:#000\" target=\"_blank\"><span class=\"shariff-icon\" style=\"fill:#000\"><svg width=\"32px\" height=\"20px\" xmlns=\"http:\/\/www.w3.org\/2000\/svg\" viewBox=\"0 0 24 24\"><path fill=\"#000\" d=\"M14.258 10.152L23.176 0h-2.113l-7.747 8.813L7.133 0H0l9.352 13.328L0 23.973h2.113l8.176-9.309 6.531 9.309h7.133zm-2.895 3.293l-.949-1.328L2.875 1.56h3.246l6.086 8.523.945 1.328 7.91 11.078h-3.246zm0 0\"\/><\/svg><\/span><span class=\"shariff-text\" style=\"color:#000\">teilen<\/span>&nbsp;<\/a><\/li><li class=\"shariff-button linkedin shariff-nocustomcolor\" style=\"background-color:#1488bf\"><a href=\"https:\/\/www.linkedin.com\/sharing\/share-offsite\/?url=https%3A%2F%2Fstarke-meinungen.de%2Fblog%2F2017%2F07%2F30%2Fglaubensstark-gegen-die-moderne%2F\" title=\"Bei LinkedIn teilen\" aria-label=\"Bei LinkedIn teilen\" role=\"button\" rel=\"noopener nofollow\" class=\"shariff-link\" style=\"; background-color:#0077b5; color:#0077b5\" target=\"_blank\"><span class=\"shariff-icon\" style=\"fill:#0077b5\"><svg width=\"32px\" height=\"20px\" xmlns=\"http:\/\/www.w3.org\/2000\/svg\" viewBox=\"0 0 27 32\"><path fill=\"#0077b5\" d=\"M6.2 11.2v17.7h-5.9v-17.7h5.9zM6.6 5.7q0 1.3-0.9 2.2t-2.4 0.9h0q-1.5 0-2.4-0.9t-0.9-2.2 0.9-2.2 2.4-0.9 2.4 0.9 0.9 2.2zM27.4 18.7v10.1h-5.9v-9.5q0-1.9-0.7-2.9t-2.3-1.1q-1.1 0-1.9 0.6t-1.2 1.5q-0.2 0.5-0.2 1.4v9.9h-5.9q0-7.1 0-11.6t0-5.3l0-0.9h5.9v2.6h0q0.4-0.6 0.7-1t1-0.9 1.6-0.8 2-0.3q3 0 4.9 2t1.9 6z\"\/><\/svg><\/span><span class=\"shariff-text\" style=\"color:#0077b5\">teilen<\/span>&nbsp;<\/a><\/li><li class=\"shariff-button xing shariff-nocustomcolor\" style=\"background-color:#29888a\"><a href=\"https:\/\/www.xing.com\/spi\/shares\/new?url=https%3A%2F%2Fstarke-meinungen.de%2Fblog%2F2017%2F07%2F30%2Fglaubensstark-gegen-die-moderne%2F\" title=\"Bei XING teilen\" aria-label=\"Bei XING teilen\" role=\"button\" rel=\"noopener nofollow\" class=\"shariff-link\" style=\"; background-color:#126567; color:#126567\" target=\"_blank\"><span class=\"shariff-icon\" style=\"fill:#126567\"><svg width=\"32px\" height=\"20px\" xmlns=\"http:\/\/www.w3.org\/2000\/svg\" viewBox=\"0 0 25 32\"><path fill=\"#126567\" d=\"M10.7 11.9q-0.2 0.3-4.6 8.2-0.5 0.8-1.2 0.8h-4.3q-0.4 0-0.5-0.3t0-0.6l4.5-8q0 0 0 0l-2.9-5q-0.2-0.4 0-0.7 0.2-0.3 0.5-0.3h4.3q0.7 0 1.2 0.8zM25.1 0.4q0.2 0.3 0 0.7l-9.4 16.7 6 11q0.2 0.4 0 0.6-0.2 0.3-0.6 0.3h-4.3q-0.7 0-1.2-0.8l-6-11.1q0.3-0.6 9.5-16.8 0.4-0.8 1.2-0.8h4.3q0.4 0 0.5 0.3z\"\/><\/svg><\/span><span class=\"shariff-text\" style=\"color:#126567\">teilen<\/span>&nbsp;<\/a><\/li><li class=\"shariff-button whatsapp shariff-nocustomcolor\" style=\"background-color:#5cbe4a\"><a href=\"https:\/\/api.whatsapp.com\/send?text=https%3A%2F%2Fstarke-meinungen.de%2Fblog%2F2017%2F07%2F30%2Fglaubensstark-gegen-die-moderne%2F%20Glaubensstark%20gegen%20die%20Moderne\" title=\"Bei Whatsapp teilen\" aria-label=\"Bei Whatsapp teilen\" role=\"button\" rel=\"noopener nofollow\" class=\"shariff-link\" style=\"; background-color:#34af23; color:#34af23\" target=\"_blank\"><span class=\"shariff-icon\" style=\"fill:#34af23\"><svg width=\"32px\" height=\"20px\" xmlns=\"http:\/\/www.w3.org\/2000\/svg\" viewBox=\"0 0 32 32\"><path fill=\"#34af23\" d=\"M17.6 17.4q0.2 0 1.7 0.8t1.6 0.9q0 0.1 0 0.3 0 0.6-0.3 1.4-0.3 0.7-1.3 1.2t-1.8 0.5q-1 0-3.4-1.1-1.7-0.8-3-2.1t-2.6-3.3q-1.3-1.9-1.3-3.5v-0.1q0.1-1.6 1.3-2.8 0.4-0.4 0.9-0.4 0.1 0 0.3 0t0.3 0q0.3 0 0.5 0.1t0.3 0.5q0.1 0.4 0.6 1.6t0.4 1.3q0 0.4-0.6 1t-0.6 0.8q0 0.1 0.1 0.3 0.6 1.3 1.8 2.4 1 0.9 2.7 1.8 0.2 0.1 0.4 0.1 0.3 0 1-0.9t0.9-0.9zM14 26.9q2.3 0 4.3-0.9t3.6-2.4 2.4-3.6 0.9-4.3-0.9-4.3-2.4-3.6-3.6-2.4-4.3-0.9-4.3 0.9-3.6 2.4-2.4 3.6-0.9 4.3q0 3.6 2.1 6.6l-1.4 4.2 4.3-1.4q2.8 1.9 6.2 1.9zM14 2.2q2.7 0 5.2 1.1t4.3 2.9 2.9 4.3 1.1 5.2-1.1 5.2-2.9 4.3-4.3 2.9-5.2 1.1q-3.5 0-6.5-1.7l-7.4 2.4 2.4-7.2q-1.9-3.2-1.9-6.9 0-2.7 1.1-5.2t2.9-4.3 4.3-2.9 5.2-1.1z\"\/><\/svg><\/span><span class=\"shariff-text\" style=\"color:#34af23\">teilen<\/span>&nbsp;<\/a><\/li><li class=\"shariff-button info shariff-nocustomcolor\" style=\"background-color:#a8a8a8\"><a href=\"http:\/\/ct.de\/-2467514\" title=\"Weitere Informationen\" aria-label=\"Weitere Informationen\" role=\"button\" rel=\"noopener \" class=\"shariff-link\" style=\"; background-color:#999; color:#999\" target=\"_blank\"><span class=\"shariff-icon\" style=\"fill:#999\"><svg width=\"32px\" height=\"20px\" xmlns=\"http:\/\/www.w3.org\/2000\/svg\" viewBox=\"0 0 11 32\"><path fill=\"#999\" d=\"M11.4 24v2.3q0 0.5-0.3 0.8t-0.8 0.4h-9.1q-0.5 0-0.8-0.4t-0.4-0.8v-2.3q0-0.5 0.4-0.8t0.8-0.4h1.1v-6.8h-1.1q-0.5 0-0.8-0.4t-0.4-0.8v-2.3q0-0.5 0.4-0.8t0.8-0.4h6.8q0.5 0 0.8 0.4t0.4 0.8v10.3h1.1q0.5 0 0.8 0.4t0.3 0.8zM9.2 3.4v3.4q0 0.5-0.4 0.8t-0.8 0.4h-4.6q-0.4 0-0.8-0.4t-0.4-0.8v-3.4q0-0.4 0.4-0.8t0.8-0.4h4.6q0.5 0 0.8 0.4t0.4 0.8z\"\/><\/svg><\/span><\/a><\/li><\/ul><\/div>","protected":false},"excerpt":{"rendered":"<p>Bl\u00e4ttert man in Zeitschriften aus den 1950er und 1960er Jahren \u00a0und betrachtet die Schwarz-Wei\u00df-Fotos, reibt man sich verdutzt die Augen. Scharen junger Frauen flanieren untergehakt\u00a0 durch die Stra\u00dfen, die R\u00f6cke sind kurz, die Haare flattern im Wind. Im Mundwinkel glimmt kokett die Zigarette. Die Szenen spielten in \u00a0Kairo, Damaskus und Teheran. Von Stra\u00dfenszenen in Berlin, Paris und London waren solche&#8230; <a href=\"https:\/\/starke-meinungen.de\/blog\/2017\/07\/30\/glaubensstark-gegen-die-moderne\/\">Weiterlesen &raquo;<\/a><\/p>\n","protected":false},"author":19,"featured_media":0,"comment_status":"open","ping_status":"open","sticky":false,"template":"","format":"standard","meta":{"footnotes":""},"categories":[1,2093],"tags":[3096,360,3095,2830,305,873],"class_list":["post-7133","post","type-post","status-publish","format-standard","hentry","category-allgemein","category-rainer-werner","tag-atatuerk","tag-islamisierung","tag-osmanisches-reich","tag-saekularismus","tag-schule","tag-turkei"],"yoast_head":"<!-- This site is optimized with the Yoast SEO plugin v27.5 - https:\/\/yoast.com\/product\/yoast-seo-wordpress\/ -->\n<title>Glaubensstark gegen die Moderne - starke-meinungen.de<\/title>\n<meta name=\"robots\" content=\"index, follow, max-snippet:-1, max-image-preview:large, max-video-preview:-1\" \/>\n<link rel=\"canonical\" href=\"https:\/\/starke-meinungen.de\/blog\/2017\/07\/30\/glaubensstark-gegen-die-moderne\/\" \/>\n<meta property=\"og:locale\" content=\"de_DE\" \/>\n<meta property=\"og:type\" content=\"article\" \/>\n<meta property=\"og:title\" content=\"Glaubensstark gegen die Moderne - starke-meinungen.de\" \/>\n<meta property=\"og:description\" content=\"Bl\u00e4ttert man in Zeitschriften aus den 1950er und 1960er Jahren \u00a0und betrachtet die Schwarz-Wei\u00df-Fotos, reibt man sich verdutzt die Augen. Scharen junger Frauen flanieren untergehakt\u00a0 durch die Stra\u00dfen, die R\u00f6cke sind kurz, die Haare flattern im Wind. Im Mundwinkel glimmt kokett die Zigarette. Die Szenen spielten in \u00a0Kairo, Damaskus und Teheran. Von Stra\u00dfenszenen in Berlin, Paris und London waren solche... Weiterlesen &raquo;\" \/>\n<meta property=\"og:url\" content=\"https:\/\/starke-meinungen.de\/blog\/2017\/07\/30\/glaubensstark-gegen-die-moderne\/\" \/>\n<meta property=\"og:site_name\" content=\"starke-meinungen.de\" \/>\n<meta property=\"article:publisher\" content=\"https:\/\/www.facebook.com\/starkemeinungen\/\" \/>\n<meta property=\"article:published_time\" content=\"2017-07-30T14:07:40+00:00\" \/>\n<meta property=\"og:image\" content=\"https:\/\/starke-meinungen.de\/blog\/wp-content\/uploads\/starke-meinungen-fb-header.jpg\" \/>\n\t<meta property=\"og:image:width\" content=\"1200\" \/>\n\t<meta property=\"og:image:height\" content=\"630\" \/>\n\t<meta property=\"og:image:type\" content=\"image\/jpeg\" \/>\n<meta name=\"author\" content=\"Rainer Werner\" \/>\n<meta name=\"twitter:card\" content=\"summary_large_image\" \/>\n<meta name=\"twitter:creator\" content=\"@starkemeinungen\" \/>\n<meta name=\"twitter:site\" content=\"@starkemeinungen\" \/>\n<meta name=\"twitter:label1\" content=\"Verfasst von\" \/>\n\t<meta name=\"twitter:data1\" content=\"Rainer Werner\" \/>\n\t<meta name=\"twitter:label2\" content=\"Gesch\u00e4tzte Lesezeit\" \/>\n\t<meta name=\"twitter:data2\" content=\"13\u00a0Minuten\" \/>\n<script type=\"application\/ld+json\" class=\"yoast-schema-graph\">{\"@context\":\"https:\\\/\\\/schema.org\",\"@graph\":[{\"@type\":\"Article\",\"@id\":\"https:\\\/\\\/starke-meinungen.de\\\/blog\\\/2017\\\/07\\\/30\\\/glaubensstark-gegen-die-moderne\\\/#article\",\"isPartOf\":{\"@id\":\"https:\\\/\\\/starke-meinungen.de\\\/blog\\\/2017\\\/07\\\/30\\\/glaubensstark-gegen-die-moderne\\\/\"},\"author\":{\"name\":\"Rainer Werner\",\"@id\":\"https:\\\/\\\/starke-meinungen.de\\\/blog\\\/#\\\/schema\\\/person\\\/6af826c1bb87ec75580869d830616de2\"},\"headline\":\"Glaubensstark gegen die Moderne\",\"datePublished\":\"2017-07-30T14:07:40+00:00\",\"mainEntityOfPage\":{\"@id\":\"https:\\\/\\\/starke-meinungen.de\\\/blog\\\/2017\\\/07\\\/30\\\/glaubensstark-gegen-die-moderne\\\/\"},\"wordCount\":2631,\"commentCount\":7,\"publisher\":{\"@id\":\"https:\\\/\\\/starke-meinungen.de\\\/blog\\\/#organization\"},\"keywords\":[\"Atat\u00fcrk\",\"Islamisierung\",\"Osmanisches Reich\",\"S\u00e4kularismus\",\"Schule\",\"T\u00fcrkei\"],\"articleSection\":{\"1\":\"Rainer Werner\"},\"inLanguage\":\"de\",\"potentialAction\":[{\"@type\":\"CommentAction\",\"name\":\"Comment\",\"target\":[\"https:\\\/\\\/starke-meinungen.de\\\/blog\\\/2017\\\/07\\\/30\\\/glaubensstark-gegen-die-moderne\\\/#respond\"]}]},{\"@type\":\"WebPage\",\"@id\":\"https:\\\/\\\/starke-meinungen.de\\\/blog\\\/2017\\\/07\\\/30\\\/glaubensstark-gegen-die-moderne\\\/\",\"url\":\"https:\\\/\\\/starke-meinungen.de\\\/blog\\\/2017\\\/07\\\/30\\\/glaubensstark-gegen-die-moderne\\\/\",\"name\":\"Glaubensstark gegen die Moderne - starke-meinungen.de\",\"isPartOf\":{\"@id\":\"https:\\\/\\\/starke-meinungen.de\\\/blog\\\/#website\"},\"datePublished\":\"2017-07-30T14:07:40+00:00\",\"breadcrumb\":{\"@id\":\"https:\\\/\\\/starke-meinungen.de\\\/blog\\\/2017\\\/07\\\/30\\\/glaubensstark-gegen-die-moderne\\\/#breadcrumb\"},\"inLanguage\":\"de\",\"potentialAction\":[{\"@type\":\"ReadAction\",\"target\":[\"https:\\\/\\\/starke-meinungen.de\\\/blog\\\/2017\\\/07\\\/30\\\/glaubensstark-gegen-die-moderne\\\/\"]}]},{\"@type\":\"BreadcrumbList\",\"@id\":\"https:\\\/\\\/starke-meinungen.de\\\/blog\\\/2017\\\/07\\\/30\\\/glaubensstark-gegen-die-moderne\\\/#breadcrumb\",\"itemListElement\":[{\"@type\":\"ListItem\",\"position\":1,\"name\":\"Startseite\",\"item\":\"https:\\\/\\\/starke-meinungen.de\\\/blog\\\/\"},{\"@type\":\"ListItem\",\"position\":2,\"name\":\"Glaubensstark gegen die Moderne\"}]},{\"@type\":\"WebSite\",\"@id\":\"https:\\\/\\\/starke-meinungen.de\\\/blog\\\/#website\",\"url\":\"https:\\\/\\\/starke-meinungen.de\\\/blog\\\/\",\"name\":\"starke-meinungen.de\",\"description\":\"Autoren-Blog\",\"publisher\":{\"@id\":\"https:\\\/\\\/starke-meinungen.de\\\/blog\\\/#organization\"},\"potentialAction\":[{\"@type\":\"SearchAction\",\"target\":{\"@type\":\"EntryPoint\",\"urlTemplate\":\"https:\\\/\\\/starke-meinungen.de\\\/blog\\\/?s={search_term_string}\"},\"query-input\":{\"@type\":\"PropertyValueSpecification\",\"valueRequired\":true,\"valueName\":\"search_term_string\"}}],\"inLanguage\":\"de\"},{\"@type\":\"Organization\",\"@id\":\"https:\\\/\\\/starke-meinungen.de\\\/blog\\\/#organization\",\"name\":\"starke-meinungen.de\",\"url\":\"https:\\\/\\\/starke-meinungen.de\\\/blog\\\/\",\"logo\":{\"@type\":\"ImageObject\",\"inLanguage\":\"de\",\"@id\":\"https:\\\/\\\/starke-meinungen.de\\\/blog\\\/#\\\/schema\\\/logo\\\/image\\\/\",\"url\":\"https:\\\/\\\/starke-meinungen.de\\\/blog\\\/wp-content\\\/uploads\\\/starke-meinungen-fb-header.jpg\",\"contentUrl\":\"https:\\\/\\\/starke-meinungen.de\\\/blog\\\/wp-content\\\/uploads\\\/starke-meinungen-fb-header.jpg\",\"width\":1200,\"height\":630,\"caption\":\"starke-meinungen.de\"},\"image\":{\"@id\":\"https:\\\/\\\/starke-meinungen.de\\\/blog\\\/#\\\/schema\\\/logo\\\/image\\\/\"},\"sameAs\":[\"https:\\\/\\\/www.facebook.com\\\/starkemeinungen\\\/\",\"https:\\\/\\\/x.com\\\/starkemeinungen\"]},{\"@type\":\"Person\",\"@id\":\"https:\\\/\\\/starke-meinungen.de\\\/blog\\\/#\\\/schema\\\/person\\\/6af826c1bb87ec75580869d830616de2\",\"name\":\"Rainer Werner\",\"image\":{\"@type\":\"ImageObject\",\"inLanguage\":\"de\",\"@id\":\"https:\\\/\\\/secure.gravatar.com\\\/avatar\\\/6f37dc4eff27558ec03229bb8dd7133f519865cae374548719ce45fba3788ea8?s=96&d=mm&r=g\",\"url\":\"https:\\\/\\\/secure.gravatar.com\\\/avatar\\\/6f37dc4eff27558ec03229bb8dd7133f519865cae374548719ce45fba3788ea8?s=96&d=mm&r=g\",\"contentUrl\":\"https:\\\/\\\/secure.gravatar.com\\\/avatar\\\/6f37dc4eff27558ec03229bb8dd7133f519865cae374548719ce45fba3788ea8?s=96&d=mm&r=g\",\"caption\":\"Rainer Werner\"},\"url\":\"https:\\\/\\\/starke-meinungen.de\\\/blog\\\/author\\\/werner\\\/\"}]}<\/script>\n<!-- \/ Yoast SEO plugin. -->","yoast_head_json":{"title":"Glaubensstark gegen die Moderne - starke-meinungen.de","robots":{"index":"index","follow":"follow","max-snippet":"max-snippet:-1","max-image-preview":"max-image-preview:large","max-video-preview":"max-video-preview:-1"},"canonical":"https:\/\/starke-meinungen.de\/blog\/2017\/07\/30\/glaubensstark-gegen-die-moderne\/","og_locale":"de_DE","og_type":"article","og_title":"Glaubensstark gegen die Moderne - starke-meinungen.de","og_description":"Bl\u00e4ttert man in Zeitschriften aus den 1950er und 1960er Jahren \u00a0und betrachtet die Schwarz-Wei\u00df-Fotos, reibt man sich verdutzt die Augen. Scharen junger Frauen flanieren untergehakt\u00a0 durch die Stra\u00dfen, die R\u00f6cke sind kurz, die Haare flattern im Wind. Im Mundwinkel glimmt kokett die Zigarette. Die Szenen spielten in \u00a0Kairo, Damaskus und Teheran. Von Stra\u00dfenszenen in Berlin, Paris und London waren solche... Weiterlesen &raquo;","og_url":"https:\/\/starke-meinungen.de\/blog\/2017\/07\/30\/glaubensstark-gegen-die-moderne\/","og_site_name":"starke-meinungen.de","article_publisher":"https:\/\/www.facebook.com\/starkemeinungen\/","article_published_time":"2017-07-30T14:07:40+00:00","og_image":[{"width":1200,"height":630,"url":"https:\/\/starke-meinungen.de\/blog\/wp-content\/uploads\/starke-meinungen-fb-header.jpg","type":"image\/jpeg"}],"author":"Rainer Werner","twitter_card":"summary_large_image","twitter_creator":"@starkemeinungen","twitter_site":"@starkemeinungen","twitter_misc":{"Verfasst von":"Rainer Werner","Gesch\u00e4tzte Lesezeit":"13\u00a0Minuten"},"schema":{"@context":"https:\/\/schema.org","@graph":[{"@type":"Article","@id":"https:\/\/starke-meinungen.de\/blog\/2017\/07\/30\/glaubensstark-gegen-die-moderne\/#article","isPartOf":{"@id":"https:\/\/starke-meinungen.de\/blog\/2017\/07\/30\/glaubensstark-gegen-die-moderne\/"},"author":{"name":"Rainer Werner","@id":"https:\/\/starke-meinungen.de\/blog\/#\/schema\/person\/6af826c1bb87ec75580869d830616de2"},"headline":"Glaubensstark gegen die Moderne","datePublished":"2017-07-30T14:07:40+00:00","mainEntityOfPage":{"@id":"https:\/\/starke-meinungen.de\/blog\/2017\/07\/30\/glaubensstark-gegen-die-moderne\/"},"wordCount":2631,"commentCount":7,"publisher":{"@id":"https:\/\/starke-meinungen.de\/blog\/#organization"},"keywords":["Atat\u00fcrk","Islamisierung","Osmanisches Reich","S\u00e4kularismus","Schule","T\u00fcrkei"],"articleSection":{"1":"Rainer Werner"},"inLanguage":"de","potentialAction":[{"@type":"CommentAction","name":"Comment","target":["https:\/\/starke-meinungen.de\/blog\/2017\/07\/30\/glaubensstark-gegen-die-moderne\/#respond"]}]},{"@type":"WebPage","@id":"https:\/\/starke-meinungen.de\/blog\/2017\/07\/30\/glaubensstark-gegen-die-moderne\/","url":"https:\/\/starke-meinungen.de\/blog\/2017\/07\/30\/glaubensstark-gegen-die-moderne\/","name":"Glaubensstark gegen die Moderne - starke-meinungen.de","isPartOf":{"@id":"https:\/\/starke-meinungen.de\/blog\/#website"},"datePublished":"2017-07-30T14:07:40+00:00","breadcrumb":{"@id":"https:\/\/starke-meinungen.de\/blog\/2017\/07\/30\/glaubensstark-gegen-die-moderne\/#breadcrumb"},"inLanguage":"de","potentialAction":[{"@type":"ReadAction","target":["https:\/\/starke-meinungen.de\/blog\/2017\/07\/30\/glaubensstark-gegen-die-moderne\/"]}]},{"@type":"BreadcrumbList","@id":"https:\/\/starke-meinungen.de\/blog\/2017\/07\/30\/glaubensstark-gegen-die-moderne\/#breadcrumb","itemListElement":[{"@type":"ListItem","position":1,"name":"Startseite","item":"https:\/\/starke-meinungen.de\/blog\/"},{"@type":"ListItem","position":2,"name":"Glaubensstark gegen die Moderne"}]},{"@type":"WebSite","@id":"https:\/\/starke-meinungen.de\/blog\/#website","url":"https:\/\/starke-meinungen.de\/blog\/","name":"starke-meinungen.de","description":"Autoren-Blog","publisher":{"@id":"https:\/\/starke-meinungen.de\/blog\/#organization"},"potentialAction":[{"@type":"SearchAction","target":{"@type":"EntryPoint","urlTemplate":"https:\/\/starke-meinungen.de\/blog\/?s={search_term_string}"},"query-input":{"@type":"PropertyValueSpecification","valueRequired":true,"valueName":"search_term_string"}}],"inLanguage":"de"},{"@type":"Organization","@id":"https:\/\/starke-meinungen.de\/blog\/#organization","name":"starke-meinungen.de","url":"https:\/\/starke-meinungen.de\/blog\/","logo":{"@type":"ImageObject","inLanguage":"de","@id":"https:\/\/starke-meinungen.de\/blog\/#\/schema\/logo\/image\/","url":"https:\/\/starke-meinungen.de\/blog\/wp-content\/uploads\/starke-meinungen-fb-header.jpg","contentUrl":"https:\/\/starke-meinungen.de\/blog\/wp-content\/uploads\/starke-meinungen-fb-header.jpg","width":1200,"height":630,"caption":"starke-meinungen.de"},"image":{"@id":"https:\/\/starke-meinungen.de\/blog\/#\/schema\/logo\/image\/"},"sameAs":["https:\/\/www.facebook.com\/starkemeinungen\/","https:\/\/x.com\/starkemeinungen"]},{"@type":"Person","@id":"https:\/\/starke-meinungen.de\/blog\/#\/schema\/person\/6af826c1bb87ec75580869d830616de2","name":"Rainer Werner","image":{"@type":"ImageObject","inLanguage":"de","@id":"https:\/\/secure.gravatar.com\/avatar\/6f37dc4eff27558ec03229bb8dd7133f519865cae374548719ce45fba3788ea8?s=96&d=mm&r=g","url":"https:\/\/secure.gravatar.com\/avatar\/6f37dc4eff27558ec03229bb8dd7133f519865cae374548719ce45fba3788ea8?s=96&d=mm&r=g","contentUrl":"https:\/\/secure.gravatar.com\/avatar\/6f37dc4eff27558ec03229bb8dd7133f519865cae374548719ce45fba3788ea8?s=96&d=mm&r=g","caption":"Rainer Werner"},"url":"https:\/\/starke-meinungen.de\/blog\/author\/werner\/"}]}},"_links":{"self":[{"href":"https:\/\/starke-meinungen.de\/blog\/wp-json\/wp\/v2\/posts\/7133","targetHints":{"allow":["GET"]}}],"collection":[{"href":"https:\/\/starke-meinungen.de\/blog\/wp-json\/wp\/v2\/posts"}],"about":[{"href":"https:\/\/starke-meinungen.de\/blog\/wp-json\/wp\/v2\/types\/post"}],"author":[{"embeddable":true,"href":"https:\/\/starke-meinungen.de\/blog\/wp-json\/wp\/v2\/users\/19"}],"replies":[{"embeddable":true,"href":"https:\/\/starke-meinungen.de\/blog\/wp-json\/wp\/v2\/comments?post=7133"}],"version-history":[{"count":1,"href":"https:\/\/starke-meinungen.de\/blog\/wp-json\/wp\/v2\/posts\/7133\/revisions"}],"predecessor-version":[{"id":7134,"href":"https:\/\/starke-meinungen.de\/blog\/wp-json\/wp\/v2\/posts\/7133\/revisions\/7134"}],"wp:attachment":[{"href":"https:\/\/starke-meinungen.de\/blog\/wp-json\/wp\/v2\/media?parent=7133"}],"wp:term":[{"taxonomy":"category","embeddable":true,"href":"https:\/\/starke-meinungen.de\/blog\/wp-json\/wp\/v2\/categories?post=7133"},{"taxonomy":"post_tag","embeddable":true,"href":"https:\/\/starke-meinungen.de\/blog\/wp-json\/wp\/v2\/tags?post=7133"}],"curies":[{"name":"wp","href":"https:\/\/api.w.org\/{rel}","templated":true}]}}