

{"id":7027,"date":"2017-05-25T12:02:52","date_gmt":"2017-05-25T12:02:52","guid":{"rendered":"https:\/\/starke-meinungen.de\/blog\/?p=7027"},"modified":"2017-05-25T12:06:52","modified_gmt":"2017-05-25T12:06:52","slug":"der-antisemitismus-des-goetz-kubitschek","status":"publish","type":"post","link":"https:\/\/starke-meinungen.de\/blog\/2017\/05\/25\/der-antisemitismus-des-goetz-kubitschek\/","title":{"rendered":"G\u00f6tz Kubitschek und die Juden"},"content":{"rendered":"<p><span style=\"color: #000000;font-family: Calibri;font-size: medium\">In einem<a href=\"https:\/\/sezession.de\/54541\/der-fall-wolfgang-gedeon-ein-austausch-zwischen-marc-jongen-und-goetz-kubitschek.html\" target=\"_blank\" rel=\"noopener noreferrer\"> Gespr\u00e4ch <\/a>mit dem AfD-Hausphilosophen Marc Jongen \u00fcber den Fall Wolfgang Gedeon hat G\u00f6tz Kubitschek, Chefideologe der Neuen Rechten in Deutschland, den Antisemitismus rehabilitiert.\u00a0<\/span><span style=\"color: #000000;font-family: Calibri;font-size: medium\">\u00a0<\/span><!--more--><span style=\"color: #000000;font-family: Calibri;font-size: medium\">Um es vorwegzunehmen: Schlimmer als der Antisemitismus Kubitscheks, \u00fcber den gleich zu reden sein wird, ist die\u00a0 Attit\u00fcde dieses Halbgebildeten, der sich als Gro\u00dfintellektuellen inszeniert: \u201eMir bleiben ja nun leider die Ordnungs- und Sortierungsk\u00e4mpfe innerhalb Ihrer Partei nicht verborgen \u2026\u201c \u201eMir und vor allem meiner Frau Ellen Kositza entgeht nichts von Bedeutung.\u201c Das philosophische Namedropping w\u00e4re zum Fremdsch\u00e4men, k\u00f6nnte man sich dazu durchringen, sich f\u00fcr einen Dreigroschenjungen Wladimir Putins zu sch\u00e4men: \u201eIm ehernen Zeitalter (Evola), in verbl\u00fchenden Epochen (Spengler), welthistorischer H\u00e4utungen (Nolte) oder Ausstiegsprozessen ganzer Kulturkreise aus der Geschichte (Sloterdijk) wird man bestimmt durch die nicht hintergehbare Zeit und das daraus bestimmte Sein (Heidegger).\u201c Yo man.<\/span><\/p>\n<p><span style=\"color: #000000;font-family: Calibri;font-size: medium\">Mir f\u00e4llt dabei eine Anekdote ein, die mir mein Vater erz\u00e4hlte. Bevor er 1933 in die Emigration ging, besuchte er seinen verehrten Lehrer Ulrich Haacke, der damals schon gl\u00fchender Nationalsozialist war und sp\u00e4ter Geschichtsb\u00fccher f\u00fcr das Regime verfasste.\u00a0\u201eSie m\u00fcssen verstehen, Marquis\u201c, sagte Haacke, \u201edas deutsche Volk braucht einen F\u00fchrer.\u201c \u201eJa,\u201c erwiderte mein Vater, \u201eund es nimmt ihm ohne Ansehen der Person.\u201c Offenbar nimmt die Neue Rechte auch ihre Philosophen nach dem gleichen Prinzip. <\/span><\/p>\n<p><span style=\"color: #000000;font-family: Calibri;font-size: medium\">In Preu\u00dfen galt die Devise, \u201eMehr sein als scheinen\u201c, in Schnellroda gilt das Gegenteil. Und weil viele Leute auf die Selbsterhebung Kubitscheks zum Gro\u00dfdenker hereinfallen, zuletzt auch mein Freund Tuvia Tenenbom, der sich auf Kubitscheks \u201eRittergut\u201c vom Fotografen des \u201eSpiegel\u201c zum Horst machen lie\u00df, muss man sich wohl oder \u00fcbel mit dem Quatsch befassen, den Kubitschek absondert.<\/span><\/p>\n<p><strong>Wolfgang Gedeon, das Minenopfer<\/strong><\/p>\n<p><span style=\"color: #000000;font-family: Calibri;font-size: medium\">Kubitschek steigt schon verharmlosend in die Diskussion ein, indem er behauptet, es gehe um den \u201eob seiner antizionistischen Schriften in die Kritik geratene Wolfgang Gedeon\u201c. (Da haben wir schon wieder dieses Getue: \u201eob\u201c statt \u201ewegen\u201c. Egal.) Es geht bei Gedeon aber nicht um Antizionismus, und er ist nicht \u201ein die Kritik geraten\u201c. Wenn der Ex-Maoist und Abgeordnete des Baden-W\u00fcrttembergischen Landtags von den Juden als \u201einnerer Feind des christlichen Abendlandes\u201c spricht, dann hat das weder mit Zionismus noch mit Antizionismus zu tun; und dann \u201eger\u00e4t er nicht in die Kritik\u201c, sondern fordert die Kritik heraus. Wie denn Kubitschek sagt: \u201eEs gibt nun einmal Themenfelder voller Minen, und nicht immer ist klar, wer sie gelegt hat und warum jemand hineinspringt, um einen m\u00f6glichst lauten Knall herbeizuf\u00fchren.\u201c<\/span><\/p>\n<p><span style=\"color: #000000;font-family: Calibri;font-size: medium\">Wobei selbst diese Kritik \u2013 sofort \u00fcbrigens abgeschw\u00e4cht durch den Hinweis, Gedeons \u201eAntrieb\u201c sei vermutlich \u201eredlich gewesen\u201c, er \u201edenkt sicherlich gut \u00fcber unser Land\u201c \u2013 eine Unterstellung enth\u00e4lt, n\u00e4mlich die: Irgendjemand habe \u201eMinen\u201c \u2013 diese hinterh\u00e4ltigsten aller Kriegsger\u00e4te \u2013 gelegt, um einen gutdenkenden, redlichen Deutschen wie Gedeon in die Luft zu sprengen. <\/span><\/p>\n<p><strong>Gegen den &#8222;weltanschaulichen Hygienefimmel&#8220; &#8211; f\u00fcr\u00a0den ideologischen\u00a0Schmutz<\/strong><\/p>\n<p><span style=\"color: #000000;font-family: Calibri;font-size: medium\">Wer sind denn diese Minenleger? \u201eWir bewegen uns ja fraglos sofort in tabubewehrten Zonen, wenn wir \u00fcber die weltgeschichtliche Bedeutung des Judentums, des Zionismus oder der Holocaustindustrie nachdenken und unsere Gedanken \u00e4u\u00dfern\u201c, so Kubitschek, entweder f\u00fcr das Kollektiv der Deutschen sprechend oder das Pluralis Majestatis verwendend. \u201eMan kann die Tabus aus wissenschaftlicher Sicht aber auch ablehnen, und zwar ohne jede Pr\u00fcfung der Sachverhalte, n\u00e4mlich schlicht, weil es keine Frage- und Forschungstabus geben sollte.\u201c<\/span><\/p>\n<p><span style=\"color: #000000;font-family: Calibri;font-size: medium\">Gewiss kann man das. Die nicht nur tabu-, sondern auch strafbewehrte Leugnung des Holocausts etwa sollte nach meiner Meinung so straffrei sein wie die Leugnung der Tatsache, dass die Erde eine Kugel ist oder dass die Evolution die Vielfalt der Arten hervorgebracht hat. Nur darf man unterstellen, dass wer \u201edie weltgeschichtliche Bedeutung des Judentums, des Zionismus oder der Holocaustindustrie\u201c in einem Atemzug nennt, es mit den Juden nicht so gut meint wie der gute Wolfgang Gedeon mit den Deutschen. Und dann sollte man das auch laut und deutlich sagen. F\u00fcr Leute, dies es mit den Juden nicht gut meinen, gibt es eine Bezeichnung, und die lautet: Antisemit. Das, um eine beliebte Redewendung aus rechtsextremen Kreisen aufzugreifen, wird man wohl noch sagen d\u00fcrfen.<\/span><\/p>\n<p><span style=\"color: #000000;font-family: Calibri;font-size: medium\">Kuitschek kritisiert den \u201eweltanschaulichen Hygienefimmel\u201c derjenigen, die Gedeon kritisiert haben. Mit anderen Worten: Wer den Antisemitismus kritisiert, ist psychisch krank, wie einer, der einen Waschzwang hat. Man wird das ja noch sagen d\u00fcrfen, nicht wahr. Gedeon aber \u201egeh\u00f6rt zu jenen, die das, was unserem und anderen V\u00f6lkern widerf\u00e4hrt, f\u00fcr den Ausdruck eines Ringens machtvoller Akteure halten. Es steckt dahinter das Bed\u00fcrfnis, den vermeintlich zum straffen, m\u00fcndigen und dienstbereiten Leben f\u00e4higen Menschen als Opfer sehr viel m\u00e4chtigerer Kr\u00e4fte zu beschreiben.\u201c<\/span><\/p>\n<p><span style=\"color: #000000;font-family: Calibri;font-size: medium\">Nun stimmt Kubitschek mit diesen Ausf\u00fchrungen zu, dass \u201eunserem und anderen V\u00f6lkern\u201c (\u00fcber die Grammatik sehe ich hier hinweg) etwas \u201ewiderf\u00e4hrt\u201c. Nur h\u00e4lt er Gedeons Theorie der j\u00fcdisch-freimaurerischen Weltverschw\u00f6rung \u201ef\u00fcr lehrreich, aber nicht hinreichend\u201c. Immerhin aber doch lehrreich. Denn \u201enat\u00fcrlich habe ich mich auch mit der welthistorischen Rolle des Volkes ohne Staat besch\u00e4ftigt: mit dem Judentum, das nicht auf einem Territorium, sondern aufgrund intensivster Identit\u00e4tserz\u00e4hlung, Abstammungsdisziplin und dem Bewusstsein g\u00f6ttlichen Auserw\u00e4hltseins sich als unverwechselbare Gruppe behauptete.\u201c<\/span><\/p>\n<p><strong>Hitler als Vordenker, Glaser als Nachbeter<\/strong><\/p>\n<p><span style=\"color: #000000;font-family: Calibri;font-size: medium\">\u201eNat\u00fcrlich\u201c ist nur eins, n\u00e4mlich dass diese Kennzeichnung der Juden v\u00f6lliger Unsinn ist. Sie leitet sich weniger aus jener intensiven geistigen Besch\u00e4ftigung mit der \u201eWeltgeschichte\u201c und der Rolle der Juden darin als vielmehr der offensichtlich zustimmenden Lekt\u00fcre der Schriften Adolf Hitlers. So findet sich der Hinweis auf die angebliche \u201eAbstammungsdisziplin\u201c der Juden im ersten und bekannten Werk Hitlers \u00fcber die \u201eJudenfrage\u201c, n\u00e4mlich im Brief vom 16. September 1919 an Adolf Gemlich: \u201eDurch tausendj\u00e4hrige Innzucht (sic!), h\u00e4ufig vorgenommen in engstem Kreise, hat der Jude im allgemeinen seine Rasse und ihre Eigenart sch\u00e4rfer bewahrt, als zahlreiche der V\u00f6lker unter denen er lebt.\u201c<\/span><\/p>\n<p><span style=\"color: #000000;font-family: Calibri;font-size: medium\">Gleichzeitig sei der Jude, wie Hitler in \u201eMein Kampf\u201c und in seinem \u201eZweiten Buch\u201c ausf\u00fchrt, \u201ezur Staatenbildung unf\u00e4hig\u201c, weshalb er als \u201eVolk ohne Staat\u201c, als \u201ebodenlose Rasse\u201c \u2013 oder, um mit Kubitschek zu reden, sich \u201enicht auf einem Territorium\u201c behauptendes Volk \u2013 die universellen Gedankengeb\u00e4ude des Liberalismus und den Marxismus zwecks \u201eEntnationalisierung\u201c und Unterwerfung der anderen V\u00f6lker entwickelt habe. (Die Gleichsetzung von Marxismus und Liberalismus als \u201eOne-World-Ideologie\u201c, die den Zweck habe, die Nationen und mit ihnen die \u201eVolksherrschaft\u201c zu zerst\u00f6ren, bildet den ideologischen Kern des neuen Programms der AfD, wie Vorstandmitglied Albrecht Glaser auf dem K\u00f6lner Parteitag mit dankenswerter Klarheit <a href=\"https:\/\/www.youtube.com\/watch?v=cIYuM-O9zpM\" target=\"_blank\" rel=\"noopener noreferrer\">ausf\u00fchrte<\/a>.<\/span><span style=\"color: #000000;font-family: Calibri;font-size: medium\">)<\/span><\/p>\n<p><span style=\"color: #000000;font-family: Calibri;font-size: medium\">Dass man schlie\u00dflich den Juden ihr \u201eBewusstsein g\u00f6ttlicher Auserw\u00e4hltheit\u201c immer noch vorh\u00e4lt, zweitausend Jahre, nachdem nach Ansicht der Christen Gott einen Neuen Bund mit einem neuen Gottesvolk geschlossen hat, und zwar mit den Christen; 1400 Jahre, nachdem Mohammed gesagt hat, dieser Bund sei\u00a0nun mit ihm und seinen Anh\u00e4ngern geschlossen worden, und 70 Jahre, nachdem Hitler die Deutschen zum Auserw\u00e4hlten Volk der Vorsehung erkl\u00e4rt hat, verbuche ich unter b\u00f6swilliger Ignoranz. Denn dass diese Auserw\u00e4hltheit den Juden \u2013 im Gegensatz zu Christen, Muslimen und Ariern \u2013 besondere B\u00fcrden auferlegt, ihnen geradezu das Auftrumpfen, Unterwerfen und Vernichten verbietet, wie man es von jenen Nachfolgern kennt, das wei\u00df jeder, der nur ein Buch \u00fcber das Judentum gelesen hat, das nicht aus der Feder eines ausgemachten Scharlatans und Antisemiten stammt. <\/span><\/p>\n<p><strong>Das Ger\u00fccht \u00fcber die Juden<\/strong><\/p>\n<p><span style=\"color: #000000;font-family: Calibri;font-size: medium\">Kubitschek aber, der eine innige Beziehung zur Scharlatanerie hat, schwadroniert weiter: \u201eDen Juden ihre besondere und zweifelsohne welthistorische Rolle abzusprechen, hie\u00dfe, sie zu verkennen. Das hie\u00dfe es \u00fcbrigens auch beim Blick auf unser oder andere welthistorisch wirkm\u00e4chtig gewordene V\u00f6lker.\u201c Nun, sagen wir es so: ein welthistorisch wirkendes Kollektiv namens \u201edie Juden\u201c gibt es nicht. Das zu unterstellen, so dass, sagen wir, Jesus von Nazareth, Moses Mendelssohn, Mayer Amsel Rothschild, Karl Marx, Theodor Herzl, Sigmund Freud, Leo Trotzki und Sam Goldwyn Ausdruck der Rolle des j\u00fcdischen Volkes sind, das auf diese Weise \u201ewie unser Volk oder andere V\u00f6lker welthistorisch wirkm\u00e4chtig\u201c wurde \u2013 schon das ist eine antisemitische Unterstellung, als w\u00e4ren die Genannten zuallererst Juden und dann erst Deutsche, \u00d6sterreicher, Russen, Amerikaner \u2013 oder Aufkl\u00e4rer, Kommunist, Kapitalist, Filmproduzent \u2013 gewesen. Genau das n\u00e4mlich unterstellte Hitler, unterstellen alle Antisemiten: Dass die Juden als Juden \u201ewelthistorisch wirkm\u00e4chtig\u201c geworden seien, weil sie sich dank Rassendisziplin und \u201eIdentit\u00e4tserz\u00e4hlung\u201c \u00fcber die anderen V\u00f6lker erhoben h\u00e4tten.<\/span><\/p>\n<p><span style=\"color: #000000;font-family: Calibri;font-size: medium\">Zwar f\u00fcgt Kubitschek sozusagen salvatorisch hinzu, die Geschichte \u201eauf den Kampf zwischen judaischem und christlichem Entwurf zu reduzieren und dabei die Attribute gut und b\u00f6se, aufbauend und zersetzend, schaffend und raffend zuzuordnen, ist falsch und gef\u00e4hrlich.\u201c Und das will man gern glauben. Das ist ihm zu simpel. War \u00fcbrigens auch den intellektuell etwas anspruchsvolleren Nazis zu simpel. Es bleibt aber, dass Kubitschek unter der Maske einer Kritik an Gedeons \u201eAntizionismus\u201c die Kernvorstellungen des Antisemitismus wieder salonf\u00e4hig gemacht hat. Jedenfalls f\u00fcr Leute, die einen Kubitschek f\u00fcr salonf\u00e4hig halten. <\/span><\/p>\n<p><strong>Marc Jongen und die V\u00f6lkerpsychologie<\/strong><\/p>\n<p><span style=\"color: #000000;font-family: Calibri;font-size: medium\">Dazu geh\u00f6rt der Sloterdijk-Sch\u00fcler und Hobbyphilosoph mit akademischem Lehrstuhl Marc Jongen: Obwohl er das disziplinarische Vorgehen der AfD-Spitze gegen Gedeon verteidigt, f\u00fcgt er im pathetischen Ton hinzu: Er wolle bittesch\u00f6n die \u201eheuchlerischen politischen Instrumentalisierungen des Holocaust kritisieren k\u00f6nnen\u201c. (Nur zu; Martin Walser hat das ja unter dem Beifall der politischen Klasse freilich schon vor Jahren getan.) Jongen \u201em\u00f6chte nicht schweigen m\u00fcssen, wenn unsere Bundeskanzlerin die Torheit begeht, die Verteidigung des Staates Israel zur Staatsraison Deutschlands zu erkl\u00e4ren.\u201c (Muss er auch nicht: Bundespr\u00e4sident Joachim Gauck nahm die &#8222;Torheit&#8220;\u00a0umgehend zur\u00fcck, <span style=\"font-family: Calibri\">und zwar passenderweise in Yad Vashem<\/span>.) Vor allem aber lobt Jongen \u201edie sehr triftigen v\u00f6lkerpsychologischen \u00dcberlegungen\u201c Kubitscheks. <\/span><\/p>\n<p><span style=\"color: #000000;font-family: Calibri;font-size: medium\">Nun, wenn V\u00f6lker eine Psychologie haben, dann scheint die deutsche Psyche immer und immer wieder Phantasmagorien \u00fcber die Weltmacht der Juden zu geb\u00e4ren. Meines Erachtens &#8211; aber ich bin nat\u00fcrlich als Liberaler des &#8222;j\u00fcdischen Denkens&#8220; verd\u00e4chtig &#8211; \u00a0ist das aber nicht Produkt einer spezifisch deutschen Geistesverirrung, sondern des Schlafs der Vernunft, der bekanntlich Ungeheuer hervorbringt. <\/span><span style=\"color: #000000;font-family: Calibri;font-size: medium\">\u00a0<\/span><\/p>\n<div class=\"shariff shariff-align-left shariff-widget-align-left shariff-buttonstretch\" style=\"display:none\"><ul class=\"shariff-buttons theme-white orientation-horizontal buttonsize-medium\"><li class=\"shariff-button facebook shariff-nocustomcolor\" style=\"background-color:#4273c8\"><a href=\"https:\/\/www.facebook.com\/sharer\/sharer.php?u=https%3A%2F%2Fstarke-meinungen.de%2Fblog%2F2017%2F05%2F25%2Fder-antisemitismus-des-goetz-kubitschek%2F\" title=\"Bei Facebook teilen\" aria-label=\"Bei Facebook teilen\" role=\"button\" rel=\"nofollow\" class=\"shariff-link\" style=\"; background-color:#3b5998; color:#3b5998\" target=\"_blank\"><span class=\"shariff-icon\" style=\"fill:#3b5998\"><svg width=\"32px\" height=\"20px\" xmlns=\"http:\/\/www.w3.org\/2000\/svg\" viewBox=\"0 0 18 32\"><path fill=\"#3b5998\" d=\"M17.1 0.2v4.7h-2.8q-1.5 0-2.1 0.6t-0.5 1.9v3.4h5.2l-0.7 5.3h-4.5v13.6h-5.5v-13.6h-4.5v-5.3h4.5v-3.9q0-3.3 1.9-5.2t5-1.8q2.6 0 4.1 0.2z\"\/><\/svg><\/span><span class=\"shariff-text\" style=\"color:#3b5998\">teilen<\/span>&nbsp;<\/a><\/li><li class=\"shariff-button twitter shariff-nocustomcolor\" style=\"background-color:#595959\"><a href=\"https:\/\/twitter.com\/share?url=https%3A%2F%2Fstarke-meinungen.de%2Fblog%2F2017%2F05%2F25%2Fder-antisemitismus-des-goetz-kubitschek%2F&text=G%C3%B6tz%20Kubitschek%20und%20die%20Juden&via=starkemeinungen\" title=\"Bei X teilen\" aria-label=\"Bei X teilen\" role=\"button\" rel=\"noopener nofollow\" class=\"shariff-link\" style=\"; background-color:#000; color:#000\" target=\"_blank\"><span class=\"shariff-icon\" style=\"fill:#000\"><svg width=\"32px\" height=\"20px\" xmlns=\"http:\/\/www.w3.org\/2000\/svg\" viewBox=\"0 0 24 24\"><path fill=\"#000\" d=\"M14.258 10.152L23.176 0h-2.113l-7.747 8.813L7.133 0H0l9.352 13.328L0 23.973h2.113l8.176-9.309 6.531 9.309h7.133zm-2.895 3.293l-.949-1.328L2.875 1.56h3.246l6.086 8.523.945 1.328 7.91 11.078h-3.246zm0 0\"\/><\/svg><\/span><span class=\"shariff-text\" style=\"color:#000\">teilen<\/span>&nbsp;<\/a><\/li><li class=\"shariff-button linkedin shariff-nocustomcolor\" style=\"background-color:#1488bf\"><a href=\"https:\/\/www.linkedin.com\/sharing\/share-offsite\/?url=https%3A%2F%2Fstarke-meinungen.de%2Fblog%2F2017%2F05%2F25%2Fder-antisemitismus-des-goetz-kubitschek%2F\" title=\"Bei LinkedIn teilen\" aria-label=\"Bei LinkedIn teilen\" role=\"button\" rel=\"noopener nofollow\" class=\"shariff-link\" style=\"; background-color:#0077b5; color:#0077b5\" target=\"_blank\"><span class=\"shariff-icon\" style=\"fill:#0077b5\"><svg width=\"32px\" height=\"20px\" xmlns=\"http:\/\/www.w3.org\/2000\/svg\" viewBox=\"0 0 27 32\"><path fill=\"#0077b5\" d=\"M6.2 11.2v17.7h-5.9v-17.7h5.9zM6.6 5.7q0 1.3-0.9 2.2t-2.4 0.9h0q-1.5 0-2.4-0.9t-0.9-2.2 0.9-2.2 2.4-0.9 2.4 0.9 0.9 2.2zM27.4 18.7v10.1h-5.9v-9.5q0-1.9-0.7-2.9t-2.3-1.1q-1.1 0-1.9 0.6t-1.2 1.5q-0.2 0.5-0.2 1.4v9.9h-5.9q0-7.1 0-11.6t0-5.3l0-0.9h5.9v2.6h0q0.4-0.6 0.7-1t1-0.9 1.6-0.8 2-0.3q3 0 4.9 2t1.9 6z\"\/><\/svg><\/span><span class=\"shariff-text\" style=\"color:#0077b5\">teilen<\/span>&nbsp;<\/a><\/li><li class=\"shariff-button xing shariff-nocustomcolor\" style=\"background-color:#29888a\"><a href=\"https:\/\/www.xing.com\/spi\/shares\/new?url=https%3A%2F%2Fstarke-meinungen.de%2Fblog%2F2017%2F05%2F25%2Fder-antisemitismus-des-goetz-kubitschek%2F\" title=\"Bei XING teilen\" aria-label=\"Bei XING teilen\" role=\"button\" rel=\"noopener nofollow\" class=\"shariff-link\" style=\"; background-color:#126567; color:#126567\" target=\"_blank\"><span class=\"shariff-icon\" style=\"fill:#126567\"><svg width=\"32px\" height=\"20px\" xmlns=\"http:\/\/www.w3.org\/2000\/svg\" viewBox=\"0 0 25 32\"><path fill=\"#126567\" d=\"M10.7 11.9q-0.2 0.3-4.6 8.2-0.5 0.8-1.2 0.8h-4.3q-0.4 0-0.5-0.3t0-0.6l4.5-8q0 0 0 0l-2.9-5q-0.2-0.4 0-0.7 0.2-0.3 0.5-0.3h4.3q0.7 0 1.2 0.8zM25.1 0.4q0.2 0.3 0 0.7l-9.4 16.7 6 11q0.2 0.4 0 0.6-0.2 0.3-0.6 0.3h-4.3q-0.7 0-1.2-0.8l-6-11.1q0.3-0.6 9.5-16.8 0.4-0.8 1.2-0.8h4.3q0.4 0 0.5 0.3z\"\/><\/svg><\/span><span class=\"shariff-text\" style=\"color:#126567\">teilen<\/span>&nbsp;<\/a><\/li><li class=\"shariff-button whatsapp shariff-nocustomcolor\" style=\"background-color:#5cbe4a\"><a href=\"https:\/\/api.whatsapp.com\/send?text=https%3A%2F%2Fstarke-meinungen.de%2Fblog%2F2017%2F05%2F25%2Fder-antisemitismus-des-goetz-kubitschek%2F%20G%C3%B6tz%20Kubitschek%20und%20die%20Juden\" title=\"Bei Whatsapp teilen\" aria-label=\"Bei Whatsapp teilen\" role=\"button\" rel=\"noopener nofollow\" class=\"shariff-link\" style=\"; background-color:#34af23; color:#34af23\" target=\"_blank\"><span class=\"shariff-icon\" style=\"fill:#34af23\"><svg width=\"32px\" height=\"20px\" xmlns=\"http:\/\/www.w3.org\/2000\/svg\" viewBox=\"0 0 32 32\"><path fill=\"#34af23\" d=\"M17.6 17.4q0.2 0 1.7 0.8t1.6 0.9q0 0.1 0 0.3 0 0.6-0.3 1.4-0.3 0.7-1.3 1.2t-1.8 0.5q-1 0-3.4-1.1-1.7-0.8-3-2.1t-2.6-3.3q-1.3-1.9-1.3-3.5v-0.1q0.1-1.6 1.3-2.8 0.4-0.4 0.9-0.4 0.1 0 0.3 0t0.3 0q0.3 0 0.5 0.1t0.3 0.5q0.1 0.4 0.6 1.6t0.4 1.3q0 0.4-0.6 1t-0.6 0.8q0 0.1 0.1 0.3 0.6 1.3 1.8 2.4 1 0.9 2.7 1.8 0.2 0.1 0.4 0.1 0.3 0 1-0.9t0.9-0.9zM14 26.9q2.3 0 4.3-0.9t3.6-2.4 2.4-3.6 0.9-4.3-0.9-4.3-2.4-3.6-3.6-2.4-4.3-0.9-4.3 0.9-3.6 2.4-2.4 3.6-0.9 4.3q0 3.6 2.1 6.6l-1.4 4.2 4.3-1.4q2.8 1.9 6.2 1.9zM14 2.2q2.7 0 5.2 1.1t4.3 2.9 2.9 4.3 1.1 5.2-1.1 5.2-2.9 4.3-4.3 2.9-5.2 1.1q-3.5 0-6.5-1.7l-7.4 2.4 2.4-7.2q-1.9-3.2-1.9-6.9 0-2.7 1.1-5.2t2.9-4.3 4.3-2.9 5.2-1.1z\"\/><\/svg><\/span><span class=\"shariff-text\" style=\"color:#34af23\">teilen<\/span>&nbsp;<\/a><\/li><li class=\"shariff-button info shariff-nocustomcolor\" style=\"background-color:#a8a8a8\"><a href=\"http:\/\/ct.de\/-2467514\" title=\"Weitere Informationen\" aria-label=\"Weitere Informationen\" role=\"button\" rel=\"noopener \" class=\"shariff-link\" style=\"; background-color:#999; color:#999\" target=\"_blank\"><span class=\"shariff-icon\" style=\"fill:#999\"><svg width=\"32px\" height=\"20px\" xmlns=\"http:\/\/www.w3.org\/2000\/svg\" viewBox=\"0 0 11 32\"><path fill=\"#999\" d=\"M11.4 24v2.3q0 0.5-0.3 0.8t-0.8 0.4h-9.1q-0.5 0-0.8-0.4t-0.4-0.8v-2.3q0-0.5 0.4-0.8t0.8-0.4h1.1v-6.8h-1.1q-0.5 0-0.8-0.4t-0.4-0.8v-2.3q0-0.5 0.4-0.8t0.8-0.4h6.8q0.5 0 0.8 0.4t0.4 0.8v10.3h1.1q0.5 0 0.8 0.4t0.3 0.8zM9.2 3.4v3.4q0 0.5-0.4 0.8t-0.8 0.4h-4.6q-0.4 0-0.8-0.4t-0.4-0.8v-3.4q0-0.4 0.4-0.8t0.8-0.4h4.6q0.5 0 0.8 0.4t0.4 0.8z\"\/><\/svg><\/span><\/a><\/li><\/ul><\/div>","protected":false},"excerpt":{"rendered":"<p>In einem Gespr\u00e4ch mit dem AfD-Hausphilosophen Marc Jongen \u00fcber den Fall Wolfgang Gedeon hat G\u00f6tz Kubitschek, Chefideologe der Neuen Rechten in Deutschland, den Antisemitismus rehabilitiert.\u00a0\u00a0<\/p>\n","protected":false},"author":13,"featured_media":0,"comment_status":"open","ping_status":"open","sticky":false,"template":"","format":"standard","meta":{"footnotes":""},"categories":[209,1],"tags":[2354,2293,371,2450,628,2822,2322,2324],"class_list":["post-7027","post","type-post","status-publish","format-standard","hentry","category-alan-posener","category-allgemein","tag-adolf-hitler","tag-afd","tag-antisemitismus","tag-goetz-kubitschek","tag-judentum","tag-marc-jongen","tag-peter-sloterdijk","tag-philosophie"],"yoast_head":"<!-- This site is optimized with the Yoast SEO plugin v27.4 - https:\/\/yoast.com\/product\/yoast-seo-wordpress\/ -->\n<title>G\u00f6tz Kubitschek und die Juden - starke-meinungen.de<\/title>\n<meta name=\"robots\" content=\"index, follow, max-snippet:-1, max-image-preview:large, max-video-preview:-1\" \/>\n<link rel=\"canonical\" href=\"https:\/\/starke-meinungen.de\/blog\/2017\/05\/25\/der-antisemitismus-des-goetz-kubitschek\/\" \/>\n<meta property=\"og:locale\" content=\"de_DE\" \/>\n<meta property=\"og:type\" content=\"article\" \/>\n<meta property=\"og:title\" content=\"G\u00f6tz Kubitschek und die Juden - starke-meinungen.de\" \/>\n<meta property=\"og:description\" content=\"In einem Gespr\u00e4ch mit dem AfD-Hausphilosophen Marc Jongen \u00fcber den Fall Wolfgang Gedeon hat G\u00f6tz Kubitschek, Chefideologe der Neuen Rechten in Deutschland, den Antisemitismus rehabilitiert.\u00a0\u00a0\" \/>\n<meta property=\"og:url\" content=\"https:\/\/starke-meinungen.de\/blog\/2017\/05\/25\/der-antisemitismus-des-goetz-kubitschek\/\" \/>\n<meta property=\"og:site_name\" content=\"starke-meinungen.de\" \/>\n<meta property=\"article:publisher\" content=\"https:\/\/www.facebook.com\/starkemeinungen\/\" \/>\n<meta property=\"article:published_time\" content=\"2017-05-25T12:02:52+00:00\" \/>\n<meta property=\"article:modified_time\" content=\"2017-05-25T12:06:52+00:00\" \/>\n<meta property=\"og:image\" content=\"https:\/\/starke-meinungen.de\/blog\/wp-content\/uploads\/starke-meinungen-fb-header.jpg\" \/>\n\t<meta property=\"og:image:width\" content=\"1200\" \/>\n\t<meta property=\"og:image:height\" content=\"630\" \/>\n\t<meta property=\"og:image:type\" content=\"image\/jpeg\" \/>\n<meta name=\"author\" content=\"Alan Posener\" \/>\n<meta name=\"twitter:card\" content=\"summary_large_image\" \/>\n<meta name=\"twitter:creator\" content=\"@starkemeinungen\" \/>\n<meta name=\"twitter:site\" content=\"@starkemeinungen\" \/>\n<meta name=\"twitter:label1\" content=\"Verfasst von\" \/>\n\t<meta name=\"twitter:data1\" content=\"Alan Posener\" \/>\n\t<meta name=\"twitter:label2\" content=\"Gesch\u00e4tzte Lesezeit\" \/>\n\t<meta name=\"twitter:data2\" content=\"8\u00a0Minuten\" \/>\n<script type=\"application\/ld+json\" class=\"yoast-schema-graph\">{\"@context\":\"https:\\\/\\\/schema.org\",\"@graph\":[{\"@type\":\"Article\",\"@id\":\"https:\\\/\\\/starke-meinungen.de\\\/blog\\\/2017\\\/05\\\/25\\\/der-antisemitismus-des-goetz-kubitschek\\\/#article\",\"isPartOf\":{\"@id\":\"https:\\\/\\\/starke-meinungen.de\\\/blog\\\/2017\\\/05\\\/25\\\/der-antisemitismus-des-goetz-kubitschek\\\/\"},\"author\":{\"name\":\"Alan Posener\",\"@id\":\"https:\\\/\\\/starke-meinungen.de\\\/blog\\\/#\\\/schema\\\/person\\\/32d0faef7c31a37c1c89be993d7a6d28\"},\"headline\":\"G\u00f6tz Kubitschek und die Juden\",\"datePublished\":\"2017-05-25T12:02:52+00:00\",\"dateModified\":\"2017-05-25T12:06:52+00:00\",\"mainEntityOfPage\":{\"@id\":\"https:\\\/\\\/starke-meinungen.de\\\/blog\\\/2017\\\/05\\\/25\\\/der-antisemitismus-des-goetz-kubitschek\\\/\"},\"wordCount\":1667,\"commentCount\":136,\"publisher\":{\"@id\":\"https:\\\/\\\/starke-meinungen.de\\\/blog\\\/#organization\"},\"keywords\":[\"Adolf Hitler\",\"AfD\",\"Antisemitismus\",\"G\u00f6tz Kubitschek\",\"Judentum\",\"Marc Jongen\",\"Peter Sloterdijk\",\"Philosophie\"],\"articleSection\":[\"Alan Posener\"],\"inLanguage\":\"de\",\"potentialAction\":[{\"@type\":\"CommentAction\",\"name\":\"Comment\",\"target\":[\"https:\\\/\\\/starke-meinungen.de\\\/blog\\\/2017\\\/05\\\/25\\\/der-antisemitismus-des-goetz-kubitschek\\\/#respond\"]}]},{\"@type\":\"WebPage\",\"@id\":\"https:\\\/\\\/starke-meinungen.de\\\/blog\\\/2017\\\/05\\\/25\\\/der-antisemitismus-des-goetz-kubitschek\\\/\",\"url\":\"https:\\\/\\\/starke-meinungen.de\\\/blog\\\/2017\\\/05\\\/25\\\/der-antisemitismus-des-goetz-kubitschek\\\/\",\"name\":\"G\u00f6tz Kubitschek und die Juden - starke-meinungen.de\",\"isPartOf\":{\"@id\":\"https:\\\/\\\/starke-meinungen.de\\\/blog\\\/#website\"},\"datePublished\":\"2017-05-25T12:02:52+00:00\",\"dateModified\":\"2017-05-25T12:06:52+00:00\",\"breadcrumb\":{\"@id\":\"https:\\\/\\\/starke-meinungen.de\\\/blog\\\/2017\\\/05\\\/25\\\/der-antisemitismus-des-goetz-kubitschek\\\/#breadcrumb\"},\"inLanguage\":\"de\",\"potentialAction\":[{\"@type\":\"ReadAction\",\"target\":[\"https:\\\/\\\/starke-meinungen.de\\\/blog\\\/2017\\\/05\\\/25\\\/der-antisemitismus-des-goetz-kubitschek\\\/\"]}]},{\"@type\":\"BreadcrumbList\",\"@id\":\"https:\\\/\\\/starke-meinungen.de\\\/blog\\\/2017\\\/05\\\/25\\\/der-antisemitismus-des-goetz-kubitschek\\\/#breadcrumb\",\"itemListElement\":[{\"@type\":\"ListItem\",\"position\":1,\"name\":\"Startseite\",\"item\":\"https:\\\/\\\/starke-meinungen.de\\\/blog\\\/\"},{\"@type\":\"ListItem\",\"position\":2,\"name\":\"G\u00f6tz Kubitschek und die Juden\"}]},{\"@type\":\"WebSite\",\"@id\":\"https:\\\/\\\/starke-meinungen.de\\\/blog\\\/#website\",\"url\":\"https:\\\/\\\/starke-meinungen.de\\\/blog\\\/\",\"name\":\"starke-meinungen.de\",\"description\":\"Autoren-Blog\",\"publisher\":{\"@id\":\"https:\\\/\\\/starke-meinungen.de\\\/blog\\\/#organization\"},\"potentialAction\":[{\"@type\":\"SearchAction\",\"target\":{\"@type\":\"EntryPoint\",\"urlTemplate\":\"https:\\\/\\\/starke-meinungen.de\\\/blog\\\/?s={search_term_string}\"},\"query-input\":{\"@type\":\"PropertyValueSpecification\",\"valueRequired\":true,\"valueName\":\"search_term_string\"}}],\"inLanguage\":\"de\"},{\"@type\":\"Organization\",\"@id\":\"https:\\\/\\\/starke-meinungen.de\\\/blog\\\/#organization\",\"name\":\"starke-meinungen.de\",\"url\":\"https:\\\/\\\/starke-meinungen.de\\\/blog\\\/\",\"logo\":{\"@type\":\"ImageObject\",\"inLanguage\":\"de\",\"@id\":\"https:\\\/\\\/starke-meinungen.de\\\/blog\\\/#\\\/schema\\\/logo\\\/image\\\/\",\"url\":\"https:\\\/\\\/starke-meinungen.de\\\/blog\\\/wp-content\\\/uploads\\\/starke-meinungen-fb-header.jpg\",\"contentUrl\":\"https:\\\/\\\/starke-meinungen.de\\\/blog\\\/wp-content\\\/uploads\\\/starke-meinungen-fb-header.jpg\",\"width\":1200,\"height\":630,\"caption\":\"starke-meinungen.de\"},\"image\":{\"@id\":\"https:\\\/\\\/starke-meinungen.de\\\/blog\\\/#\\\/schema\\\/logo\\\/image\\\/\"},\"sameAs\":[\"https:\\\/\\\/www.facebook.com\\\/starkemeinungen\\\/\",\"https:\\\/\\\/x.com\\\/starkemeinungen\"]},{\"@type\":\"Person\",\"@id\":\"https:\\\/\\\/starke-meinungen.de\\\/blog\\\/#\\\/schema\\\/person\\\/32d0faef7c31a37c1c89be993d7a6d28\",\"name\":\"Alan Posener\",\"image\":{\"@type\":\"ImageObject\",\"inLanguage\":\"de\",\"@id\":\"https:\\\/\\\/secure.gravatar.com\\\/avatar\\\/c75c8818a9ab78c4faa75048dba7844e2587998cda4d93f84e7d86f7e21a9b90?s=96&d=mm&r=g\",\"url\":\"https:\\\/\\\/secure.gravatar.com\\\/avatar\\\/c75c8818a9ab78c4faa75048dba7844e2587998cda4d93f84e7d86f7e21a9b90?s=96&d=mm&r=g\",\"contentUrl\":\"https:\\\/\\\/secure.gravatar.com\\\/avatar\\\/c75c8818a9ab78c4faa75048dba7844e2587998cda4d93f84e7d86f7e21a9b90?s=96&d=mm&r=g\",\"caption\":\"Alan Posener\"},\"url\":\"https:\\\/\\\/starke-meinungen.de\\\/blog\\\/author\\\/posener\\\/\"}]}<\/script>\n<!-- \/ Yoast SEO plugin. -->","yoast_head_json":{"title":"G\u00f6tz Kubitschek und die Juden - starke-meinungen.de","robots":{"index":"index","follow":"follow","max-snippet":"max-snippet:-1","max-image-preview":"max-image-preview:large","max-video-preview":"max-video-preview:-1"},"canonical":"https:\/\/starke-meinungen.de\/blog\/2017\/05\/25\/der-antisemitismus-des-goetz-kubitschek\/","og_locale":"de_DE","og_type":"article","og_title":"G\u00f6tz Kubitschek und die Juden - starke-meinungen.de","og_description":"In einem Gespr\u00e4ch mit dem AfD-Hausphilosophen Marc Jongen \u00fcber den Fall Wolfgang Gedeon hat G\u00f6tz Kubitschek, Chefideologe der Neuen Rechten in Deutschland, den Antisemitismus rehabilitiert.\u00a0\u00a0","og_url":"https:\/\/starke-meinungen.de\/blog\/2017\/05\/25\/der-antisemitismus-des-goetz-kubitschek\/","og_site_name":"starke-meinungen.de","article_publisher":"https:\/\/www.facebook.com\/starkemeinungen\/","article_published_time":"2017-05-25T12:02:52+00:00","article_modified_time":"2017-05-25T12:06:52+00:00","og_image":[{"width":1200,"height":630,"url":"https:\/\/starke-meinungen.de\/blog\/wp-content\/uploads\/starke-meinungen-fb-header.jpg","type":"image\/jpeg"}],"author":"Alan Posener","twitter_card":"summary_large_image","twitter_creator":"@starkemeinungen","twitter_site":"@starkemeinungen","twitter_misc":{"Verfasst von":"Alan Posener","Gesch\u00e4tzte Lesezeit":"8\u00a0Minuten"},"schema":{"@context":"https:\/\/schema.org","@graph":[{"@type":"Article","@id":"https:\/\/starke-meinungen.de\/blog\/2017\/05\/25\/der-antisemitismus-des-goetz-kubitschek\/#article","isPartOf":{"@id":"https:\/\/starke-meinungen.de\/blog\/2017\/05\/25\/der-antisemitismus-des-goetz-kubitschek\/"},"author":{"name":"Alan Posener","@id":"https:\/\/starke-meinungen.de\/blog\/#\/schema\/person\/32d0faef7c31a37c1c89be993d7a6d28"},"headline":"G\u00f6tz Kubitschek und die Juden","datePublished":"2017-05-25T12:02:52+00:00","dateModified":"2017-05-25T12:06:52+00:00","mainEntityOfPage":{"@id":"https:\/\/starke-meinungen.de\/blog\/2017\/05\/25\/der-antisemitismus-des-goetz-kubitschek\/"},"wordCount":1667,"commentCount":136,"publisher":{"@id":"https:\/\/starke-meinungen.de\/blog\/#organization"},"keywords":["Adolf Hitler","AfD","Antisemitismus","G\u00f6tz Kubitschek","Judentum","Marc Jongen","Peter Sloterdijk","Philosophie"],"articleSection":["Alan Posener"],"inLanguage":"de","potentialAction":[{"@type":"CommentAction","name":"Comment","target":["https:\/\/starke-meinungen.de\/blog\/2017\/05\/25\/der-antisemitismus-des-goetz-kubitschek\/#respond"]}]},{"@type":"WebPage","@id":"https:\/\/starke-meinungen.de\/blog\/2017\/05\/25\/der-antisemitismus-des-goetz-kubitschek\/","url":"https:\/\/starke-meinungen.de\/blog\/2017\/05\/25\/der-antisemitismus-des-goetz-kubitschek\/","name":"G\u00f6tz Kubitschek und die Juden - starke-meinungen.de","isPartOf":{"@id":"https:\/\/starke-meinungen.de\/blog\/#website"},"datePublished":"2017-05-25T12:02:52+00:00","dateModified":"2017-05-25T12:06:52+00:00","breadcrumb":{"@id":"https:\/\/starke-meinungen.de\/blog\/2017\/05\/25\/der-antisemitismus-des-goetz-kubitschek\/#breadcrumb"},"inLanguage":"de","potentialAction":[{"@type":"ReadAction","target":["https:\/\/starke-meinungen.de\/blog\/2017\/05\/25\/der-antisemitismus-des-goetz-kubitschek\/"]}]},{"@type":"BreadcrumbList","@id":"https:\/\/starke-meinungen.de\/blog\/2017\/05\/25\/der-antisemitismus-des-goetz-kubitschek\/#breadcrumb","itemListElement":[{"@type":"ListItem","position":1,"name":"Startseite","item":"https:\/\/starke-meinungen.de\/blog\/"},{"@type":"ListItem","position":2,"name":"G\u00f6tz Kubitschek und die Juden"}]},{"@type":"WebSite","@id":"https:\/\/starke-meinungen.de\/blog\/#website","url":"https:\/\/starke-meinungen.de\/blog\/","name":"starke-meinungen.de","description":"Autoren-Blog","publisher":{"@id":"https:\/\/starke-meinungen.de\/blog\/#organization"},"potentialAction":[{"@type":"SearchAction","target":{"@type":"EntryPoint","urlTemplate":"https:\/\/starke-meinungen.de\/blog\/?s={search_term_string}"},"query-input":{"@type":"PropertyValueSpecification","valueRequired":true,"valueName":"search_term_string"}}],"inLanguage":"de"},{"@type":"Organization","@id":"https:\/\/starke-meinungen.de\/blog\/#organization","name":"starke-meinungen.de","url":"https:\/\/starke-meinungen.de\/blog\/","logo":{"@type":"ImageObject","inLanguage":"de","@id":"https:\/\/starke-meinungen.de\/blog\/#\/schema\/logo\/image\/","url":"https:\/\/starke-meinungen.de\/blog\/wp-content\/uploads\/starke-meinungen-fb-header.jpg","contentUrl":"https:\/\/starke-meinungen.de\/blog\/wp-content\/uploads\/starke-meinungen-fb-header.jpg","width":1200,"height":630,"caption":"starke-meinungen.de"},"image":{"@id":"https:\/\/starke-meinungen.de\/blog\/#\/schema\/logo\/image\/"},"sameAs":["https:\/\/www.facebook.com\/starkemeinungen\/","https:\/\/x.com\/starkemeinungen"]},{"@type":"Person","@id":"https:\/\/starke-meinungen.de\/blog\/#\/schema\/person\/32d0faef7c31a37c1c89be993d7a6d28","name":"Alan Posener","image":{"@type":"ImageObject","inLanguage":"de","@id":"https:\/\/secure.gravatar.com\/avatar\/c75c8818a9ab78c4faa75048dba7844e2587998cda4d93f84e7d86f7e21a9b90?s=96&d=mm&r=g","url":"https:\/\/secure.gravatar.com\/avatar\/c75c8818a9ab78c4faa75048dba7844e2587998cda4d93f84e7d86f7e21a9b90?s=96&d=mm&r=g","contentUrl":"https:\/\/secure.gravatar.com\/avatar\/c75c8818a9ab78c4faa75048dba7844e2587998cda4d93f84e7d86f7e21a9b90?s=96&d=mm&r=g","caption":"Alan Posener"},"url":"https:\/\/starke-meinungen.de\/blog\/author\/posener\/"}]}},"_links":{"self":[{"href":"https:\/\/starke-meinungen.de\/blog\/wp-json\/wp\/v2\/posts\/7027","targetHints":{"allow":["GET"]}}],"collection":[{"href":"https:\/\/starke-meinungen.de\/blog\/wp-json\/wp\/v2\/posts"}],"about":[{"href":"https:\/\/starke-meinungen.de\/blog\/wp-json\/wp\/v2\/types\/post"}],"author":[{"embeddable":true,"href":"https:\/\/starke-meinungen.de\/blog\/wp-json\/wp\/v2\/users\/13"}],"replies":[{"embeddable":true,"href":"https:\/\/starke-meinungen.de\/blog\/wp-json\/wp\/v2\/comments?post=7027"}],"version-history":[{"count":4,"href":"https:\/\/starke-meinungen.de\/blog\/wp-json\/wp\/v2\/posts\/7027\/revisions"}],"predecessor-version":[{"id":7031,"href":"https:\/\/starke-meinungen.de\/blog\/wp-json\/wp\/v2\/posts\/7027\/revisions\/7031"}],"wp:attachment":[{"href":"https:\/\/starke-meinungen.de\/blog\/wp-json\/wp\/v2\/media?parent=7027"}],"wp:term":[{"taxonomy":"category","embeddable":true,"href":"https:\/\/starke-meinungen.de\/blog\/wp-json\/wp\/v2\/categories?post=7027"},{"taxonomy":"post_tag","embeddable":true,"href":"https:\/\/starke-meinungen.de\/blog\/wp-json\/wp\/v2\/tags?post=7027"}],"curies":[{"name":"wp","href":"https:\/\/api.w.org\/{rel}","templated":true}]}}