

{"id":6962,"date":"2017-05-05T07:14:12","date_gmt":"2017-05-05T07:14:12","guid":{"rendered":"https:\/\/starke-meinungen.de\/blog\/?p=6962"},"modified":"2017-05-05T07:14:12","modified_gmt":"2017-05-05T07:14:12","slug":"ein-abschied","status":"publish","type":"post","link":"https:\/\/starke-meinungen.de\/blog\/2017\/05\/05\/ein-abschied\/","title":{"rendered":"Ein Abschied"},"content":{"rendered":"<p>Liebe Gr\u00fcne,<\/p>\n<p>leicht fiel es mir nicht, diesen Brief zu schreiben. Fast kam es mir so vor, als w\u00fcrde ich einer alten Freundin die Freundschaft aufk\u00fcndigen. Seit ich w\u00e4hlen darf, habe ich die Gr\u00fcnen gew\u00e4hlt. Bei der n\u00e4chsten Bundestagswahl werde ich es zum ersten Mal nicht mehr tun. Ihr wollt sicher\u00a0 wissen, weshalb.<!--more--><\/p>\n<p>Im Grunde bin ich eine Muster-Gr\u00fcne. Ich ern\u00e4hre mich biologisch, also gesund. Fleisch kommt wie fr\u00fcher bei Muttern nur an Festtagen auf den Tisch und schmeckt dann umso besser. Es stammt au\u00dferdem von gl\u00fccklichen K\u00fchen, wie mir mein \u00a0Bio-Metzger immer wieder\u00a0 versichert. Ich fahre einen Kleinwagen, der die Abgasnorm 6\u00a0 erf\u00fcllt. Im Kiez bewege ich mich nur mit dem Fahrrad. Busse und Bahnen geh\u00f6ren selbstverst\u00e4ndlich auch zu meinen\u00a0 Fortbewegungsmitteln. Als wir \u00a02015 die Fl\u00fcchtlinge, die aus Ungarn zu uns str\u00f6mten, aufnahmen, war ich stolz auf unser Land. Spontan schloss ich mich einer Berliner Fl\u00fcchtlingsinitiative an, um ehrenamtlich zu helfen. F\u00fcr einen unbegleiteten Jungen aus Afghanistan \u00fcbernahm ich eine pers\u00f6nliche Patenschaft. Ich helfe ihm heute noch beim \u00c4mterkram und beim Deutsch-Lernen.<\/p>\n<p>Trotzdem werde ich dieses Mal \u00a0die Gr\u00fcnen nicht mehr \u00a0w\u00e4hlen. Mich st\u00f6rt an ihnen, dass sie immer noch auf Programmpunkten beharren, die nicht mehr zur heutigen Lebensrealit\u00e4t passen.<\/p>\n<p>Ich muss 45% meines Einkommens an den Fiskus und an die Sozialkassen abgeben. Im Grunde arbeite ich im Jahresverlauf \u00a0bis Juni nur f\u00fcr den Staat. Obwohl die Wirtschaft brummt und die Steuereinnahmen sprudeln, verweigern sich die Gr\u00fcnen einer Steuersenkung. Bei ihnen gibt es immer noch die linken Reflexe, die lieber die\u00a0 Steuern erh\u00f6hen als die Menschen entlasten wollen. Dahinter verbirgt sich eine Staatsgl\u00e4ubigkeit, die nicht zum Geist der Gr\u00fcnen passen will, der sonst immer die Zivilgesellschaft und den m\u00fcndigen B\u00fcrger betont. Soll dieser ausgerechnet \u00a0in Geldfragen nicht m\u00fcndig sein? Braucht er da einen staatlichen Vormund, der f\u00fcr ihn das Geld ausgibt?\u00a0 Diese paternalistische Einstellung passt besser zu Sozialdemokraten und Linken. Zu den Gr\u00fcnen passt sie nicht. Wenn man sonst immer die Selbstverantwortung des B\u00fcrgers betont, darf man ihn, wenn es um die Finanzen geht, nicht wie ein M\u00fcndel behandeln.<\/p>\n<p>Gerade weil ich mich in der Fl\u00fcchtlingsfrage engagiere, finde ich manche Festlegungen der Gr\u00fcnen dogmatisch. Dass sie vehement gegen Abschiebungen k\u00e4mpfen, dass sie die Maghreb-Staaten nicht zu\u00a0 sicheren\u00a0 Herkunftsl\u00e4ndern erkl\u00e4ren wollen, \u00a0schadet letzten Endes den Fl\u00fcchtlingen, die in echter Bedr\u00e4ngnis zu uns gekommen sind. Wenn die Gr\u00fcnen das Asylrecht, das f\u00fcr mich eines der &#8222;heiligsten&#8220; Grundrechte darstellt, als Einwanderungstor \u00a0\u00a0missbrauchen, tragen sie dazu bei, dass es \u00a0in der Bev\u00f6lkerung immer mehr an Akzeptanz verliert. Auch die Versch\u00e4rfungen des Artikels 16 des Grundgesetzes, die die Gro\u00dfe Koalition in den letzten Monaten vorgenommen hat, geht auf den Missbrauch des Artikels zur\u00fcck.\u00a0 Solange das Ausw\u00e4rtige Amt f\u00fcr die Maghreb-Staaten keine Reisewarnung\u00a0 ausgibt, solange j\u00e4hrlich Zehntausende deutscher Rentner in diesen Staaten ihren Urlaub verbringen, kann man den jungen Arabern, die aus wirtschaftlichen Gr\u00fcnden zu uns gekommen sind, wohl auch zumuten, dass sie in ihr Heimatland zur\u00fcckkehren.<\/p>\n<p>Ich lebe in Berlin, wo die Gr\u00fcnen seit kurzem an der Regierung beteiligt sind. Sie haben durchgesetzt, dass in der Verkehrspolitik ein radikaler Wandel eingeleitet wird. Das Fahrrad soll im Stra\u00dfenverkehr\u00a0 absoluten Vorrang bekommen. Ich bin aus beruflichen Gr\u00fcnden auf mein Auto angewiesen. Ich arbeite im Speckg\u00fcrtel von Berlin, wo der \u00f6ffentliche\u00a0 Nahverkehr nicht hinreicht. Die Erschwerung des Autoverkehrs k\u00f6nnte f\u00fcr mich schwerwiegende Folgen haben, weil ich dann viel l\u00e4nger brauche, um meine Arbeitsst\u00e4tte zu erreichen. \u00a0Auch viele Firmen und Gesch\u00e4fte sehen mit Bangen in die Zukunft, weil durch die Pl\u00e4ne des rot-rot-gr\u00fcnen Senats der Lieferverkehr stark eingeschr\u00e4nkt w\u00fcrde. Mich st\u00f6rt an der Verkehrsdebatte, dass die Berliner Gr\u00fcnen sehr ver\u00e4chtlich \u00fcber die Autofahrer reden, als seien sie schlechtere Menschen. Warum kann man nicht nach dem demokratischen Motto verfahren: &#8222;Leben und leben lassen&#8220;? Jedes Fahrzeug sollte gleich behandelt werden. Dass die Radfahrer per se die besseren Menschen sind, wird schon \u00a0durch eine polizeiliche Statistik widerlegt, die besagt, dass Radfahrer nach Verkehrsunf\u00e4llen h\u00e4ufiger Fahrerflucht begehen als Autofahrer. Die Gr\u00fcnen sollten ihren missionarischen Eifer und ihren Drang zur Umerziehung der Menschen etwas\u00a0 z\u00fcgeln. Die Menschen sind reif genug, um selbst entscheiden zu k\u00f6nnen, was f\u00fcr sie gut ist und was nicht.<\/p>\n<p>Die Gr\u00fcnen wehren sich vehement gegen die Ausweitung der Video\u00fcberwachung im \u00f6ffentlichen Raum.\u00a0 Sie f\u00fchren dabei das Recht auf\u00a0 informationelle Selbstbestimmung der B\u00fcrger ins Feld. Nur zeigen Meinungsumfragen, dass die \u00fcberwiegende Mehrzahl der B\u00fcrger nichts gegen Videokameras in den Stra\u00dfen und auf den Pl\u00e4tzen einzuwenden h\u00e4tte. Sie sehen die Weigerung der Gr\u00fcnen \u00a0eher als Freibrief f\u00fcr Straft\u00e4ter, ohne das\u00a0 Risiko der \u00dcberf\u00fchrung \u00a0\u00a0Straftaten begehen zu k\u00f6nnen. Auch hier t\u00e4te mehr Realit\u00e4tssinn und mehr R\u00fccksicht auf das Empfinden der B\u00fcrger Not. Die Gr\u00fcnen haben seit ihrer Gr\u00fcndung immer f\u00fcr eine selbstbestimmte Zivilgesellschaft gek\u00e4mpft, die sich selbstbewusst\u00a0 im \u00f6ffentlichen Raum artikuliert. Wie kann sie das aber tun, wenn der \u00f6ffentliche Raum nicht mehr sicher ist und wenn die Politik den B\u00fcrgern\u00a0 diese Sicherheit verweigert?<\/p>\n<p>Meine\u00a0 Tochter verl\u00e4sst im n\u00e4chsten Jahr die Grundschule und wechselt auf die weiterf\u00fchrende Schule. Da sie sehr klug ist, ist das Gymnasium\u00a0 f\u00fcr sie die erste Wahl. In Berlin hat das Gymnasium leider einen schlechten Stand, weil die Parteien, die den Senat tragen, die egalit\u00e4ren Schulformen bevorzugen &#8211; bei der finanziellen und personellen Ausstattung \u00a0und\u00a0 bei der Klassengr\u00f6\u00dfe. Ich habe mir immer eingebildet, dass der Politik alle Kinder gleich wert sein sollten. Ich wei\u00df, dass den Gr\u00fcnen das Gymnasium ein Dorn im Auge ist. M\u00fcssen sie ihre Abneigung gegen diese Schulform aber an den Kindern auslassen, indem sie Gymnasialsch\u00fcler benachteiligen? Im Wahlprogramm der Gr\u00fcnen suche ich \u00fcbrigens ein Bekenntnis zum Gymnasium, der Schulform, um die uns die ganze Welt beneidet, vergeblich. Schade. Auch das Wort &#8222;Leistung&#8220;\u00a0 kommt\u00a0 im Schulprogramm der Gr\u00fcnen nicht vor. Dabei dient Schule doch nicht in erster Linie der Verwirklichung sozialer Gerechtigkeit.<\/p>\n<p>Insgesamt muss ich sagen, dass ich auf vielen Politikfeldern bei den Gr\u00fcnen das vermisse, was man gesunden Menschenverstand nennt. F\u00fcr mich ist bei den Gr\u00fcnen noch zu viel Ideologie im Spiel, zu viel linker Ballast, der noch aus der Zeit stammt, als die Gr\u00fcndungsv\u00e4ter und -m\u00fctter aus den linksradikalen Gruppen in die \u00d6ko-Bewegung str\u00f6mten.\u00a0 Ihr Welt- und Feindbild haben sie leider mitgenommen. Und sie geben es gerne an die gr\u00fcne Jugend weiter.<\/p>\n<p>Vielleicht ver\u00e4ndert ihr euch mal und bekennt euch \u00a0zur\u00a0 b\u00fcrgerlichen, pragmatischen \u00a0Mitte. Der Zustimmung in der Bev\u00f6lkerung k\u00f6nnte das nur gut tun. Die Gr\u00fcnen in Baden-W\u00fcrttemberg haben \u00a0vorgemacht, wie es geht.<\/p>\n<p>Tsch\u00fcs, \u00a0vielleicht bis \u00a0sp\u00e4ter mal\u00a0 wieder!<\/p>\n<p>Stefanie Staller, 38, Architektin, alleinerziehende Mutter einer zw\u00f6lfj\u00e4hrigen Tochter<\/p>\n<div class=\"shariff shariff-align-left shariff-widget-align-left shariff-buttonstretch\" style=\"display:none\"><ul class=\"shariff-buttons theme-white orientation-horizontal buttonsize-medium\"><li class=\"shariff-button facebook shariff-nocustomcolor\" style=\"background-color:#4273c8\"><a href=\"https:\/\/www.facebook.com\/sharer\/sharer.php?u=https%3A%2F%2Fstarke-meinungen.de%2Fblog%2F2017%2F05%2F05%2Fein-abschied%2F\" title=\"Bei Facebook teilen\" aria-label=\"Bei Facebook teilen\" role=\"button\" rel=\"nofollow\" class=\"shariff-link\" style=\"; background-color:#3b5998; color:#3b5998\" target=\"_blank\"><span class=\"shariff-icon\" style=\"fill:#3b5998\"><svg width=\"32px\" height=\"20px\" xmlns=\"http:\/\/www.w3.org\/2000\/svg\" viewBox=\"0 0 18 32\"><path fill=\"#3b5998\" d=\"M17.1 0.2v4.7h-2.8q-1.5 0-2.1 0.6t-0.5 1.9v3.4h5.2l-0.7 5.3h-4.5v13.6h-5.5v-13.6h-4.5v-5.3h4.5v-3.9q0-3.3 1.9-5.2t5-1.8q2.6 0 4.1 0.2z\"\/><\/svg><\/span><span class=\"shariff-text\" style=\"color:#3b5998\">teilen<\/span>&nbsp;<\/a><\/li><li class=\"shariff-button twitter shariff-nocustomcolor\" style=\"background-color:#595959\"><a href=\"https:\/\/twitter.com\/share?url=https%3A%2F%2Fstarke-meinungen.de%2Fblog%2F2017%2F05%2F05%2Fein-abschied%2F&text=Ein%20Abschied&via=starkemeinungen\" title=\"Bei X teilen\" aria-label=\"Bei X teilen\" role=\"button\" rel=\"noopener nofollow\" class=\"shariff-link\" style=\"; background-color:#000; color:#000\" target=\"_blank\"><span class=\"shariff-icon\" style=\"fill:#000\"><svg width=\"32px\" height=\"20px\" xmlns=\"http:\/\/www.w3.org\/2000\/svg\" viewBox=\"0 0 24 24\"><path fill=\"#000\" d=\"M14.258 10.152L23.176 0h-2.113l-7.747 8.813L7.133 0H0l9.352 13.328L0 23.973h2.113l8.176-9.309 6.531 9.309h7.133zm-2.895 3.293l-.949-1.328L2.875 1.56h3.246l6.086 8.523.945 1.328 7.91 11.078h-3.246zm0 0\"\/><\/svg><\/span><span class=\"shariff-text\" style=\"color:#000\">teilen<\/span>&nbsp;<\/a><\/li><li class=\"shariff-button linkedin shariff-nocustomcolor\" style=\"background-color:#1488bf\"><a href=\"https:\/\/www.linkedin.com\/sharing\/share-offsite\/?url=https%3A%2F%2Fstarke-meinungen.de%2Fblog%2F2017%2F05%2F05%2Fein-abschied%2F\" title=\"Bei LinkedIn teilen\" aria-label=\"Bei LinkedIn teilen\" role=\"button\" rel=\"noopener nofollow\" class=\"shariff-link\" style=\"; background-color:#0077b5; color:#0077b5\" target=\"_blank\"><span class=\"shariff-icon\" style=\"fill:#0077b5\"><svg width=\"32px\" height=\"20px\" xmlns=\"http:\/\/www.w3.org\/2000\/svg\" viewBox=\"0 0 27 32\"><path fill=\"#0077b5\" d=\"M6.2 11.2v17.7h-5.9v-17.7h5.9zM6.6 5.7q0 1.3-0.9 2.2t-2.4 0.9h0q-1.5 0-2.4-0.9t-0.9-2.2 0.9-2.2 2.4-0.9 2.4 0.9 0.9 2.2zM27.4 18.7v10.1h-5.9v-9.5q0-1.9-0.7-2.9t-2.3-1.1q-1.1 0-1.9 0.6t-1.2 1.5q-0.2 0.5-0.2 1.4v9.9h-5.9q0-7.1 0-11.6t0-5.3l0-0.9h5.9v2.6h0q0.4-0.6 0.7-1t1-0.9 1.6-0.8 2-0.3q3 0 4.9 2t1.9 6z\"\/><\/svg><\/span><span class=\"shariff-text\" style=\"color:#0077b5\">teilen<\/span>&nbsp;<\/a><\/li><li class=\"shariff-button xing shariff-nocustomcolor\" style=\"background-color:#29888a\"><a href=\"https:\/\/www.xing.com\/spi\/shares\/new?url=https%3A%2F%2Fstarke-meinungen.de%2Fblog%2F2017%2F05%2F05%2Fein-abschied%2F\" title=\"Bei XING teilen\" aria-label=\"Bei XING teilen\" role=\"button\" rel=\"noopener nofollow\" class=\"shariff-link\" style=\"; background-color:#126567; color:#126567\" target=\"_blank\"><span class=\"shariff-icon\" style=\"fill:#126567\"><svg width=\"32px\" height=\"20px\" xmlns=\"http:\/\/www.w3.org\/2000\/svg\" viewBox=\"0 0 25 32\"><path fill=\"#126567\" d=\"M10.7 11.9q-0.2 0.3-4.6 8.2-0.5 0.8-1.2 0.8h-4.3q-0.4 0-0.5-0.3t0-0.6l4.5-8q0 0 0 0l-2.9-5q-0.2-0.4 0-0.7 0.2-0.3 0.5-0.3h4.3q0.7 0 1.2 0.8zM25.1 0.4q0.2 0.3 0 0.7l-9.4 16.7 6 11q0.2 0.4 0 0.6-0.2 0.3-0.6 0.3h-4.3q-0.7 0-1.2-0.8l-6-11.1q0.3-0.6 9.5-16.8 0.4-0.8 1.2-0.8h4.3q0.4 0 0.5 0.3z\"\/><\/svg><\/span><span class=\"shariff-text\" style=\"color:#126567\">teilen<\/span>&nbsp;<\/a><\/li><li class=\"shariff-button whatsapp shariff-nocustomcolor\" style=\"background-color:#5cbe4a\"><a href=\"https:\/\/api.whatsapp.com\/send?text=https%3A%2F%2Fstarke-meinungen.de%2Fblog%2F2017%2F05%2F05%2Fein-abschied%2F%20Ein%20Abschied\" title=\"Bei Whatsapp teilen\" aria-label=\"Bei Whatsapp teilen\" role=\"button\" rel=\"noopener nofollow\" class=\"shariff-link\" style=\"; background-color:#34af23; color:#34af23\" target=\"_blank\"><span class=\"shariff-icon\" style=\"fill:#34af23\"><svg width=\"32px\" height=\"20px\" xmlns=\"http:\/\/www.w3.org\/2000\/svg\" viewBox=\"0 0 32 32\"><path fill=\"#34af23\" d=\"M17.6 17.4q0.2 0 1.7 0.8t1.6 0.9q0 0.1 0 0.3 0 0.6-0.3 1.4-0.3 0.7-1.3 1.2t-1.8 0.5q-1 0-3.4-1.1-1.7-0.8-3-2.1t-2.6-3.3q-1.3-1.9-1.3-3.5v-0.1q0.1-1.6 1.3-2.8 0.4-0.4 0.9-0.4 0.1 0 0.3 0t0.3 0q0.3 0 0.5 0.1t0.3 0.5q0.1 0.4 0.6 1.6t0.4 1.3q0 0.4-0.6 1t-0.6 0.8q0 0.1 0.1 0.3 0.6 1.3 1.8 2.4 1 0.9 2.7 1.8 0.2 0.1 0.4 0.1 0.3 0 1-0.9t0.9-0.9zM14 26.9q2.3 0 4.3-0.9t3.6-2.4 2.4-3.6 0.9-4.3-0.9-4.3-2.4-3.6-3.6-2.4-4.3-0.9-4.3 0.9-3.6 2.4-2.4 3.6-0.9 4.3q0 3.6 2.1 6.6l-1.4 4.2 4.3-1.4q2.8 1.9 6.2 1.9zM14 2.2q2.7 0 5.2 1.1t4.3 2.9 2.9 4.3 1.1 5.2-1.1 5.2-2.9 4.3-4.3 2.9-5.2 1.1q-3.5 0-6.5-1.7l-7.4 2.4 2.4-7.2q-1.9-3.2-1.9-6.9 0-2.7 1.1-5.2t2.9-4.3 4.3-2.9 5.2-1.1z\"\/><\/svg><\/span><span class=\"shariff-text\" style=\"color:#34af23\">teilen<\/span>&nbsp;<\/a><\/li><li class=\"shariff-button info shariff-nocustomcolor\" style=\"background-color:#a8a8a8\"><a href=\"http:\/\/ct.de\/-2467514\" title=\"Weitere Informationen\" aria-label=\"Weitere Informationen\" role=\"button\" rel=\"noopener \" class=\"shariff-link\" style=\"; background-color:#999; color:#999\" target=\"_blank\"><span class=\"shariff-icon\" style=\"fill:#999\"><svg width=\"32px\" height=\"20px\" xmlns=\"http:\/\/www.w3.org\/2000\/svg\" viewBox=\"0 0 11 32\"><path fill=\"#999\" d=\"M11.4 24v2.3q0 0.5-0.3 0.8t-0.8 0.4h-9.1q-0.5 0-0.8-0.4t-0.4-0.8v-2.3q0-0.5 0.4-0.8t0.8-0.4h1.1v-6.8h-1.1q-0.5 0-0.8-0.4t-0.4-0.8v-2.3q0-0.5 0.4-0.8t0.8-0.4h6.8q0.5 0 0.8 0.4t0.4 0.8v10.3h1.1q0.5 0 0.8 0.4t0.3 0.8zM9.2 3.4v3.4q0 0.5-0.4 0.8t-0.8 0.4h-4.6q-0.4 0-0.8-0.4t-0.4-0.8v-3.4q0-0.4 0.4-0.8t0.8-0.4h4.6q0.5 0 0.8 0.4t0.4 0.8z\"\/><\/svg><\/span><\/a><\/li><\/ul><\/div>","protected":false},"excerpt":{"rendered":"<p>Liebe Gr\u00fcne, leicht fiel es mir nicht, diesen Brief zu schreiben. Fast kam es mir so vor, als w\u00fcrde ich einer alten Freundin die Freundschaft aufk\u00fcndigen. Seit ich w\u00e4hlen darf, habe ich die Gr\u00fcnen gew\u00e4hlt. Bei der n\u00e4chsten Bundestagswahl werde ich es zum ersten Mal nicht mehr tun. Ihr wollt sicher\u00a0 wissen, weshalb.<\/p>\n","protected":false},"author":19,"featured_media":0,"comment_status":"open","ping_status":"open","sticky":false,"template":"","format":"standard","meta":{"footnotes":""},"categories":[1,2093],"tags":[3043,1733,99,3046,2756,3045,3044],"class_list":["post-6962","post","type-post","status-publish","format-standard","hentry","category-allgemein","category-rainer-werner","tag-bundestagswahlen","tag-fluchtlinge","tag-grune","tag-schulpolitik","tag-sichere-herkunftslaender","tag-steuern-erhoehen","tag-umfragewerte"],"yoast_head":"<!-- This site is optimized with the Yoast SEO plugin v27.5 - https:\/\/yoast.com\/product\/yoast-seo-wordpress\/ -->\n<title>Ein Abschied - starke-meinungen.de<\/title>\n<meta name=\"robots\" content=\"index, follow, max-snippet:-1, max-image-preview:large, max-video-preview:-1\" \/>\n<link rel=\"canonical\" href=\"https:\/\/starke-meinungen.de\/blog\/2017\/05\/05\/ein-abschied\/\" \/>\n<meta property=\"og:locale\" content=\"de_DE\" \/>\n<meta property=\"og:type\" content=\"article\" \/>\n<meta property=\"og:title\" content=\"Ein Abschied - starke-meinungen.de\" \/>\n<meta property=\"og:description\" content=\"Liebe Gr\u00fcne, leicht fiel es mir nicht, diesen Brief zu schreiben. Fast kam es mir so vor, als w\u00fcrde ich einer alten Freundin die Freundschaft aufk\u00fcndigen. Seit ich w\u00e4hlen darf, habe ich die Gr\u00fcnen gew\u00e4hlt. Bei der n\u00e4chsten Bundestagswahl werde ich es zum ersten Mal nicht mehr tun. Ihr wollt sicher\u00a0 wissen, weshalb.\" \/>\n<meta property=\"og:url\" content=\"https:\/\/starke-meinungen.de\/blog\/2017\/05\/05\/ein-abschied\/\" \/>\n<meta property=\"og:site_name\" content=\"starke-meinungen.de\" \/>\n<meta property=\"article:publisher\" content=\"https:\/\/www.facebook.com\/starkemeinungen\/\" \/>\n<meta property=\"article:published_time\" content=\"2017-05-05T07:14:12+00:00\" \/>\n<meta property=\"og:image\" content=\"https:\/\/starke-meinungen.de\/blog\/wp-content\/uploads\/starke-meinungen-fb-header.jpg\" \/>\n\t<meta property=\"og:image:width\" content=\"1200\" \/>\n\t<meta property=\"og:image:height\" content=\"630\" \/>\n\t<meta property=\"og:image:type\" content=\"image\/jpeg\" \/>\n<meta name=\"author\" content=\"Rainer Werner\" \/>\n<meta name=\"twitter:card\" content=\"summary_large_image\" \/>\n<meta name=\"twitter:creator\" content=\"@starkemeinungen\" \/>\n<meta name=\"twitter:site\" content=\"@starkemeinungen\" \/>\n<meta name=\"twitter:label1\" content=\"Verfasst von\" \/>\n\t<meta name=\"twitter:data1\" content=\"Rainer Werner\" \/>\n\t<meta name=\"twitter:label2\" content=\"Gesch\u00e4tzte Lesezeit\" \/>\n\t<meta name=\"twitter:data2\" content=\"6\u00a0Minuten\" \/>\n<script type=\"application\/ld+json\" class=\"yoast-schema-graph\">{\"@context\":\"https:\\\/\\\/schema.org\",\"@graph\":[{\"@type\":\"Article\",\"@id\":\"https:\\\/\\\/starke-meinungen.de\\\/blog\\\/2017\\\/05\\\/05\\\/ein-abschied\\\/#article\",\"isPartOf\":{\"@id\":\"https:\\\/\\\/starke-meinungen.de\\\/blog\\\/2017\\\/05\\\/05\\\/ein-abschied\\\/\"},\"author\":{\"name\":\"Rainer Werner\",\"@id\":\"https:\\\/\\\/starke-meinungen.de\\\/blog\\\/#\\\/schema\\\/person\\\/6af826c1bb87ec75580869d830616de2\"},\"headline\":\"Ein Abschied\",\"datePublished\":\"2017-05-05T07:14:12+00:00\",\"mainEntityOfPage\":{\"@id\":\"https:\\\/\\\/starke-meinungen.de\\\/blog\\\/2017\\\/05\\\/05\\\/ein-abschied\\\/\"},\"wordCount\":1190,\"commentCount\":11,\"publisher\":{\"@id\":\"https:\\\/\\\/starke-meinungen.de\\\/blog\\\/#organization\"},\"keywords\":[\"Bundestagswahlen\",\"Fl\u00fcchtlinge\",\"Gr\u00fcne\",\"Schulpolitik\",\"Sichere Herkunftsl\u00e4nder\",\"Steuern erh\u00f6hen\",\"Umfragewerte\"],\"articleSection\":{\"1\":\"Rainer Werner\"},\"inLanguage\":\"de\",\"potentialAction\":[{\"@type\":\"CommentAction\",\"name\":\"Comment\",\"target\":[\"https:\\\/\\\/starke-meinungen.de\\\/blog\\\/2017\\\/05\\\/05\\\/ein-abschied\\\/#respond\"]}]},{\"@type\":\"WebPage\",\"@id\":\"https:\\\/\\\/starke-meinungen.de\\\/blog\\\/2017\\\/05\\\/05\\\/ein-abschied\\\/\",\"url\":\"https:\\\/\\\/starke-meinungen.de\\\/blog\\\/2017\\\/05\\\/05\\\/ein-abschied\\\/\",\"name\":\"Ein Abschied - starke-meinungen.de\",\"isPartOf\":{\"@id\":\"https:\\\/\\\/starke-meinungen.de\\\/blog\\\/#website\"},\"datePublished\":\"2017-05-05T07:14:12+00:00\",\"breadcrumb\":{\"@id\":\"https:\\\/\\\/starke-meinungen.de\\\/blog\\\/2017\\\/05\\\/05\\\/ein-abschied\\\/#breadcrumb\"},\"inLanguage\":\"de\",\"potentialAction\":[{\"@type\":\"ReadAction\",\"target\":[\"https:\\\/\\\/starke-meinungen.de\\\/blog\\\/2017\\\/05\\\/05\\\/ein-abschied\\\/\"]}]},{\"@type\":\"BreadcrumbList\",\"@id\":\"https:\\\/\\\/starke-meinungen.de\\\/blog\\\/2017\\\/05\\\/05\\\/ein-abschied\\\/#breadcrumb\",\"itemListElement\":[{\"@type\":\"ListItem\",\"position\":1,\"name\":\"Startseite\",\"item\":\"https:\\\/\\\/starke-meinungen.de\\\/blog\\\/\"},{\"@type\":\"ListItem\",\"position\":2,\"name\":\"Ein Abschied\"}]},{\"@type\":\"WebSite\",\"@id\":\"https:\\\/\\\/starke-meinungen.de\\\/blog\\\/#website\",\"url\":\"https:\\\/\\\/starke-meinungen.de\\\/blog\\\/\",\"name\":\"starke-meinungen.de\",\"description\":\"Autoren-Blog\",\"publisher\":{\"@id\":\"https:\\\/\\\/starke-meinungen.de\\\/blog\\\/#organization\"},\"potentialAction\":[{\"@type\":\"SearchAction\",\"target\":{\"@type\":\"EntryPoint\",\"urlTemplate\":\"https:\\\/\\\/starke-meinungen.de\\\/blog\\\/?s={search_term_string}\"},\"query-input\":{\"@type\":\"PropertyValueSpecification\",\"valueRequired\":true,\"valueName\":\"search_term_string\"}}],\"inLanguage\":\"de\"},{\"@type\":\"Organization\",\"@id\":\"https:\\\/\\\/starke-meinungen.de\\\/blog\\\/#organization\",\"name\":\"starke-meinungen.de\",\"url\":\"https:\\\/\\\/starke-meinungen.de\\\/blog\\\/\",\"logo\":{\"@type\":\"ImageObject\",\"inLanguage\":\"de\",\"@id\":\"https:\\\/\\\/starke-meinungen.de\\\/blog\\\/#\\\/schema\\\/logo\\\/image\\\/\",\"url\":\"https:\\\/\\\/starke-meinungen.de\\\/blog\\\/wp-content\\\/uploads\\\/starke-meinungen-fb-header.jpg\",\"contentUrl\":\"https:\\\/\\\/starke-meinungen.de\\\/blog\\\/wp-content\\\/uploads\\\/starke-meinungen-fb-header.jpg\",\"width\":1200,\"height\":630,\"caption\":\"starke-meinungen.de\"},\"image\":{\"@id\":\"https:\\\/\\\/starke-meinungen.de\\\/blog\\\/#\\\/schema\\\/logo\\\/image\\\/\"},\"sameAs\":[\"https:\\\/\\\/www.facebook.com\\\/starkemeinungen\\\/\",\"https:\\\/\\\/x.com\\\/starkemeinungen\"]},{\"@type\":\"Person\",\"@id\":\"https:\\\/\\\/starke-meinungen.de\\\/blog\\\/#\\\/schema\\\/person\\\/6af826c1bb87ec75580869d830616de2\",\"name\":\"Rainer Werner\",\"image\":{\"@type\":\"ImageObject\",\"inLanguage\":\"de\",\"@id\":\"https:\\\/\\\/secure.gravatar.com\\\/avatar\\\/6f37dc4eff27558ec03229bb8dd7133f519865cae374548719ce45fba3788ea8?s=96&d=mm&r=g\",\"url\":\"https:\\\/\\\/secure.gravatar.com\\\/avatar\\\/6f37dc4eff27558ec03229bb8dd7133f519865cae374548719ce45fba3788ea8?s=96&d=mm&r=g\",\"contentUrl\":\"https:\\\/\\\/secure.gravatar.com\\\/avatar\\\/6f37dc4eff27558ec03229bb8dd7133f519865cae374548719ce45fba3788ea8?s=96&d=mm&r=g\",\"caption\":\"Rainer Werner\"},\"url\":\"https:\\\/\\\/starke-meinungen.de\\\/blog\\\/author\\\/werner\\\/\"}]}<\/script>\n<!-- \/ Yoast SEO plugin. -->","yoast_head_json":{"title":"Ein Abschied - starke-meinungen.de","robots":{"index":"index","follow":"follow","max-snippet":"max-snippet:-1","max-image-preview":"max-image-preview:large","max-video-preview":"max-video-preview:-1"},"canonical":"https:\/\/starke-meinungen.de\/blog\/2017\/05\/05\/ein-abschied\/","og_locale":"de_DE","og_type":"article","og_title":"Ein Abschied - starke-meinungen.de","og_description":"Liebe Gr\u00fcne, leicht fiel es mir nicht, diesen Brief zu schreiben. Fast kam es mir so vor, als w\u00fcrde ich einer alten Freundin die Freundschaft aufk\u00fcndigen. Seit ich w\u00e4hlen darf, habe ich die Gr\u00fcnen gew\u00e4hlt. Bei der n\u00e4chsten Bundestagswahl werde ich es zum ersten Mal nicht mehr tun. Ihr wollt sicher\u00a0 wissen, weshalb.","og_url":"https:\/\/starke-meinungen.de\/blog\/2017\/05\/05\/ein-abschied\/","og_site_name":"starke-meinungen.de","article_publisher":"https:\/\/www.facebook.com\/starkemeinungen\/","article_published_time":"2017-05-05T07:14:12+00:00","og_image":[{"width":1200,"height":630,"url":"https:\/\/starke-meinungen.de\/blog\/wp-content\/uploads\/starke-meinungen-fb-header.jpg","type":"image\/jpeg"}],"author":"Rainer Werner","twitter_card":"summary_large_image","twitter_creator":"@starkemeinungen","twitter_site":"@starkemeinungen","twitter_misc":{"Verfasst von":"Rainer Werner","Gesch\u00e4tzte Lesezeit":"6\u00a0Minuten"},"schema":{"@context":"https:\/\/schema.org","@graph":[{"@type":"Article","@id":"https:\/\/starke-meinungen.de\/blog\/2017\/05\/05\/ein-abschied\/#article","isPartOf":{"@id":"https:\/\/starke-meinungen.de\/blog\/2017\/05\/05\/ein-abschied\/"},"author":{"name":"Rainer Werner","@id":"https:\/\/starke-meinungen.de\/blog\/#\/schema\/person\/6af826c1bb87ec75580869d830616de2"},"headline":"Ein Abschied","datePublished":"2017-05-05T07:14:12+00:00","mainEntityOfPage":{"@id":"https:\/\/starke-meinungen.de\/blog\/2017\/05\/05\/ein-abschied\/"},"wordCount":1190,"commentCount":11,"publisher":{"@id":"https:\/\/starke-meinungen.de\/blog\/#organization"},"keywords":["Bundestagswahlen","Fl\u00fcchtlinge","Gr\u00fcne","Schulpolitik","Sichere Herkunftsl\u00e4nder","Steuern erh\u00f6hen","Umfragewerte"],"articleSection":{"1":"Rainer Werner"},"inLanguage":"de","potentialAction":[{"@type":"CommentAction","name":"Comment","target":["https:\/\/starke-meinungen.de\/blog\/2017\/05\/05\/ein-abschied\/#respond"]}]},{"@type":"WebPage","@id":"https:\/\/starke-meinungen.de\/blog\/2017\/05\/05\/ein-abschied\/","url":"https:\/\/starke-meinungen.de\/blog\/2017\/05\/05\/ein-abschied\/","name":"Ein Abschied - starke-meinungen.de","isPartOf":{"@id":"https:\/\/starke-meinungen.de\/blog\/#website"},"datePublished":"2017-05-05T07:14:12+00:00","breadcrumb":{"@id":"https:\/\/starke-meinungen.de\/blog\/2017\/05\/05\/ein-abschied\/#breadcrumb"},"inLanguage":"de","potentialAction":[{"@type":"ReadAction","target":["https:\/\/starke-meinungen.de\/blog\/2017\/05\/05\/ein-abschied\/"]}]},{"@type":"BreadcrumbList","@id":"https:\/\/starke-meinungen.de\/blog\/2017\/05\/05\/ein-abschied\/#breadcrumb","itemListElement":[{"@type":"ListItem","position":1,"name":"Startseite","item":"https:\/\/starke-meinungen.de\/blog\/"},{"@type":"ListItem","position":2,"name":"Ein Abschied"}]},{"@type":"WebSite","@id":"https:\/\/starke-meinungen.de\/blog\/#website","url":"https:\/\/starke-meinungen.de\/blog\/","name":"starke-meinungen.de","description":"Autoren-Blog","publisher":{"@id":"https:\/\/starke-meinungen.de\/blog\/#organization"},"potentialAction":[{"@type":"SearchAction","target":{"@type":"EntryPoint","urlTemplate":"https:\/\/starke-meinungen.de\/blog\/?s={search_term_string}"},"query-input":{"@type":"PropertyValueSpecification","valueRequired":true,"valueName":"search_term_string"}}],"inLanguage":"de"},{"@type":"Organization","@id":"https:\/\/starke-meinungen.de\/blog\/#organization","name":"starke-meinungen.de","url":"https:\/\/starke-meinungen.de\/blog\/","logo":{"@type":"ImageObject","inLanguage":"de","@id":"https:\/\/starke-meinungen.de\/blog\/#\/schema\/logo\/image\/","url":"https:\/\/starke-meinungen.de\/blog\/wp-content\/uploads\/starke-meinungen-fb-header.jpg","contentUrl":"https:\/\/starke-meinungen.de\/blog\/wp-content\/uploads\/starke-meinungen-fb-header.jpg","width":1200,"height":630,"caption":"starke-meinungen.de"},"image":{"@id":"https:\/\/starke-meinungen.de\/blog\/#\/schema\/logo\/image\/"},"sameAs":["https:\/\/www.facebook.com\/starkemeinungen\/","https:\/\/x.com\/starkemeinungen"]},{"@type":"Person","@id":"https:\/\/starke-meinungen.de\/blog\/#\/schema\/person\/6af826c1bb87ec75580869d830616de2","name":"Rainer Werner","image":{"@type":"ImageObject","inLanguage":"de","@id":"https:\/\/secure.gravatar.com\/avatar\/6f37dc4eff27558ec03229bb8dd7133f519865cae374548719ce45fba3788ea8?s=96&d=mm&r=g","url":"https:\/\/secure.gravatar.com\/avatar\/6f37dc4eff27558ec03229bb8dd7133f519865cae374548719ce45fba3788ea8?s=96&d=mm&r=g","contentUrl":"https:\/\/secure.gravatar.com\/avatar\/6f37dc4eff27558ec03229bb8dd7133f519865cae374548719ce45fba3788ea8?s=96&d=mm&r=g","caption":"Rainer Werner"},"url":"https:\/\/starke-meinungen.de\/blog\/author\/werner\/"}]}},"_links":{"self":[{"href":"https:\/\/starke-meinungen.de\/blog\/wp-json\/wp\/v2\/posts\/6962","targetHints":{"allow":["GET"]}}],"collection":[{"href":"https:\/\/starke-meinungen.de\/blog\/wp-json\/wp\/v2\/posts"}],"about":[{"href":"https:\/\/starke-meinungen.de\/blog\/wp-json\/wp\/v2\/types\/post"}],"author":[{"embeddable":true,"href":"https:\/\/starke-meinungen.de\/blog\/wp-json\/wp\/v2\/users\/19"}],"replies":[{"embeddable":true,"href":"https:\/\/starke-meinungen.de\/blog\/wp-json\/wp\/v2\/comments?post=6962"}],"version-history":[{"count":1,"href":"https:\/\/starke-meinungen.de\/blog\/wp-json\/wp\/v2\/posts\/6962\/revisions"}],"predecessor-version":[{"id":6963,"href":"https:\/\/starke-meinungen.de\/blog\/wp-json\/wp\/v2\/posts\/6962\/revisions\/6963"}],"wp:attachment":[{"href":"https:\/\/starke-meinungen.de\/blog\/wp-json\/wp\/v2\/media?parent=6962"}],"wp:term":[{"taxonomy":"category","embeddable":true,"href":"https:\/\/starke-meinungen.de\/blog\/wp-json\/wp\/v2\/categories?post=6962"},{"taxonomy":"post_tag","embeddable":true,"href":"https:\/\/starke-meinungen.de\/blog\/wp-json\/wp\/v2\/tags?post=6962"}],"curies":[{"name":"wp","href":"https:\/\/api.w.org\/{rel}","templated":true}]}}