

{"id":6700,"date":"2017-01-05T05:39:11","date_gmt":"2017-01-05T05:39:11","guid":{"rendered":"https:\/\/starke-meinungen.de\/blog\/?p=6700"},"modified":"2017-01-05T05:39:11","modified_gmt":"2017-01-05T05:39:11","slug":"video-phobie","status":"publish","type":"post","link":"https:\/\/starke-meinungen.de\/blog\/2017\/01\/05\/video-phobie\/","title":{"rendered":"Video-Phobie"},"content":{"rendered":"<p>Die rot-rot-gr\u00fcne Landesregierung von Berlin ist die einzige Regierung eines Bundeslandes, die die Video-\u00dcberwachung \u00f6ffentlicher Stadtr\u00e4ume ausdr\u00fccklich ablehnt. Selbst der Terroranschlag auf den Weihnachtsmarkt an der Ged\u00e4chtniskirche im Dezember 2016 \u00a0hat den Senat nicht umstimmen k\u00f6nnen. Dass man den T\u00e4ter identifizieren konnte, verdankt sich allein dem Umstand, dass er seine Duldungserkl\u00e4rung als Asylbewerber in der Fahrerkabine des LKW zur\u00fcckgelassen hat. Da der viel frequentierte Breitscheidplatz keine Videotechnik aufweist, h\u00e4tte der Attent\u00e4ter ohne dieses Dokument\u00a0 nicht ermittelt werden k\u00f6nnen. Das war auch der Grund, weshalb die Berliner Polizei Passanten und Besucher des Marktes aufforderte, private Videoaufnahmen an das Polizei-Portal zu senden. Private Videos m\u00fcssen offizielle,\u00a0 staatlich genehmigte ersetzen! Der Manipulation sind T\u00fcr und Tor ge\u00f6ffnet.\u00a0 Irrsinn in rot-rot-gr\u00fcn.<!--more--><\/p>\n<p>Die Berliner SPD, die von einem schwachen Vorsitzenden namens M\u00fcller \u00a0angef\u00fchrt wird,\u00a0 hat sich an diesem f\u00fcr die Innere Sicherheit der Hauptstadt\u00a0 entscheidenden Punkt der Blockadehaltung der Gr\u00fcnen und der Linken gebeugt. Was treibt die beiden linken Parteien um, wenn sie die \u00dcberwachung \u00f6ffentlicher R\u00e4ume durch Video-Technik als Teufelszeug ablehnen?<\/p>\n<p>Bei der Linken ist die Video-Phobie Teil ihrer Vergangenheitsbew\u00e4ltigung. Ihre \u00a0Vorg\u00e4ngerpartei, die SED, hat in der DDR einen hypertrophen \u00dcberwachungsapparat geschaffen, der dem B\u00fcrger bis in\u00a0 intimste Lebensbereiche nachstellte. Stasi-Offiziere bohrten von Nachbarwohnungen aus L\u00f6cher in die Wand, um mittels eines Richtmikrophons die Schlafzimmergespr\u00e4che \u00a0&#8222;feindlich-negativer Personen&#8220; (Stasi-Jargon) zu belauschen. So kann man es z.B.\u00a0 in der Stasi-Akte des Dichters Reiner Kunze nachlesen. Ziel war die &#8222;Zersetzung&#8220; der psychischen Identit\u00e4t der Menschen, die man als Klassenfeinde betrachtete. Der Aufwand f\u00fcr solche &#8222;Operativen Vorg\u00e4nge&#8220; war enorm. Allein im Zeitraum zwischen 1985 und 1988 f\u00fchrte das MfS j\u00e4hrlich 4.500 bis 5.000 Ma\u00dfnahmen dieser Art gegen \u00a0B\u00fcrger der DDR\u00a0 durch.<\/p>\n<p>Auch Monstr\u00f6ses fand man nach dem Zusammenbruch der DDR in den Archiven des MfS. Verh\u00f6rspezialisten hatten von jedem &#8222;Delinquenten&#8220; eine Geruchsprobe von der Sitzfl\u00e4che des Verh\u00f6rstuhls genommen und in Einmachgl\u00e4sern gesammelt. Suchhunde sollten jederzeit in der Lage\u00a0 sein, die Zielpersonen in ihren Verstecken aufzusp\u00fcren. Die Regale mit zig \u00a0Einmachgl\u00e4sern fand man nach der Erst\u00fcrmung der Stasi-Zentrale in den unterirdischen Depots. Das ganze Ausma\u00df des \u00dcberwachungsstaates DDR kam so zutage.<\/p>\n<p>Wie Menschen, die sich einem z\u00fcgellosen Leben hingegeben haben, am Lebensabend \u00a0fromm werden, der S\u00fcnde abschw\u00f6ren und Bu\u00dfe tun, gerieren sich die Linken heute \u00a0als die H\u00fcter eines speziellen B\u00fcrgerrechts, des \u00a0Rechts auf informationelle Selbstbestimmung. Dieses Recht leiten sie aus einem Passus aus Artikel 2 unseres Grundgesetzes ab: <em>Die Freiheit der Person ist unverletzlich. <\/em>Jeder vern\u00fcnftige Mensch w\u00fcrde angesichts der heutigen Gefahrenlage eine G\u00fcterabw\u00e4gung anstellen: Wie viel meiner Freiheit muss ich unter Umst\u00e4nden opfern, um vor Kriminalit\u00e4t und Terror einigerma\u00dfen gesch\u00fctzt zu sein? Nicht so die Linken. Sie fabulieren vom &#8222;Bundes\u00fcberwachungsstaat&#8220; (Ulla Jelpke), was nichts anderes bedeutet, als dass sie ihr schlechtes Gewissen, von einer ehemaligen T\u00e4terpartei\u00a0 abzustammen, auf die\u00a0 noch immer\u00a0 ungeliebte Bundesrepublik Deutschland projizieren.<\/p>\n<p>Auch die Verweigerungshaltung der\u00a0 Gr\u00fcnen hat etwas mit ihrer Vergangenheit zu tun. Die Angst vor dem \u00dcberwachungsstaat \u00a0hat vor allem\u00a0 bei den \u00a0besonders linken Berliner Gr\u00fcnen, die\u00a0 sich fr\u00fcher Alternative Liste nannten, Tradition. Nach dem Mauerfall polemisierten sie gegen die Wiedervereinigung, weil sie die Gefahr eines Vierten Reiches witterten. Der Staat war der Feind, gegen den man sich an den Z\u00e4unen des Kernkraftwerks in Brokdorf (damals eine Dependance von Berlin-Kreuzberg) und bei der Besetzung von H\u00e4usern in den Szene-Kiezen Westberlins blutige K\u00f6pfe geholt hatte.<\/p>\n<p>Ich kann mich noch gut daran erinnern, wie die Alternative Liste \u00a0in den 1990er Jahren vehement dagegen stritt, dass im \u00d6ffentlichen Nahverkehr Videokameras installiert wurden. Vom Orwellschen \u00dcberwachungsstaat und\u00a0 von Gestapo-Methoden\u00a0 war die Rede. Die Gro\u00dfe Koalition aus CDU und SPD \u00a0des Diepgen-Senats \u00a0setzte sich schlie\u00dflich mit ihren Video-Pl\u00e4nen durch und konnte dabei auf die Zustimmung von 90% der Bev\u00f6lkerung setzen, die sich in video-\u00fcberwachten Bahnen sicherer f\u00fchlten. Heute erweist\u00a0 sich die Video-Technik im Bussen, Trams und Bahnen als wahrer Segen, weil dadurch beinahe im Wochentakt schwere Gewalttaten aufgekl\u00e4rt werden k\u00f6nnen.\u00a0 Man fragt sich wirklich, warum f\u00fcr die Gr\u00fcnen\u00a0 Politik\u00a0 funktioniert wie eine Selbsterfahrungsgruppe: zuerst dagegen sein, dann dazulernen und schlie\u00dflich &#8211; na ja, war ja nicht so gemeint, war halt nur so \u00b4ne Idee. Leider werden solche Spielchen immer auf dem R\u00fccken der Menschen ausgetragen, die Opfer von Gewalt werden. Sie haben in unserer Gesellschaft leider \u00a0keine durchschlagskr\u00e4ftige Lobby. Der Wei\u00dfe Ring f\u00fchrt ein Nischendasein, von dem kaum jemand\u00a0 Notiz nimmt.<\/p>\n<p>Zum Gr\u00fcndungs-Gen der Gr\u00fcnen geh\u00f6rt die Vorstellung, die B\u00fcrger m\u00fcssten in erster Linie\u00a0 vor dem Staat gesch\u00fctzt werden. B\u00fcrgerrechte waren f\u00fcr sie immer nur Schutzrechte des Einzelnen \u00a0<u>gegen<\/u> den Staat. Heute stellt sich die Situation ganz anders dar: Die B\u00fcrger verlangen vom Staat, dass er sie wirkungsvoll\u00a0 vor \u00a0Terror und Kriminalit\u00e4t sch\u00fctzt. Daf\u00fcr sind die B\u00fcrger durchaus bereit, sich in die sch\u00fctzende Obhut des Staates &#8211; auch eines starken Staates &#8211; zu begeben. Wenn die Parteivorsitzende Simone Peters nach der gl\u00fccklich verlaufenen Silvesternacht 2016 die K\u00f6lner Polizei kritisiert, weil sie &#8222;die Verh\u00e4ltnis- und Rechtm\u00e4\u00dfigkeit&#8220; verletzt habe, indem sie Personen &#8222;allein aufgrund ihres Aussehens \u00fcberpr\u00fcft&#8220; habe, ist das nicht nur weltfremd (wen sonst h\u00e4tte die Polizei aufhalten sollen als 1.000 nach K\u00f6ln str\u00f6mende Nordafrikaner?), sondern auch reflexartiger Ausdruck der alten Anti-Haltung gegen den Staat und seine Vollzugsbeamten.<\/p>\n<p>Beiden\u00a0 Parteien &#8211; Gr\u00fcnen und Linken &#8211; kann <u>eine<\/u> Sicherheit nicht umfassend genug sein: die soziale. Auf diesem Felde erheben sie immer neue Forderungen. Wenn es aber um die elementare Sicherheit eines Menschen geht, um sein Recht auf Leben und \u00a0k\u00f6rperliche Unversehrtheit, leuchtet bei ihnen die rote Warnleuchte: Vorsicht Staat! Vorsicht Polizei &#8211; dein schlimmster Feind. In unserem\u00a0 Grundgesetz ist die Rangordnung umgekehrt. Dort hei\u00dft es prominent\u00a0 in Artikel 2: <em>Jeder hat das Recht auf Leben und k\u00f6rperliche Unversehrtheit. <\/em>Die soziale Sicherheit wird \u00a0erst sp\u00e4ter\u00a0 durch\u00a0 Artikel 16 GG verb\u00fcrgt: <em>&#8222;Eigentum verpflichtet. Sein Gebrauch soll zugleich dem Wohle der Allgemeinheit dienen.&#8220;<\/em> Lebenspraktisch ist es ja genauso. Wer durch einen kriminellen Akt oder durch eine Terrorattacke sein Leben verliert, kann die verb\u00fcrgte soziale Sicherheit nicht mehr genie\u00dfen. Deshalb sollte der Schutz von Leben und Gesundheit oberste Priorit\u00e4t haben &#8211; gerade in einer Demokratie.<\/p>\n<p>Man kann den Anspruch auf Sicherheit sehr gut auch mit linken Argumenten untermauern. Der fr\u00fchere sozialdemokratische Innensenator von Berlin \u00a0Ehrhart K\u00f6rting sagte einmal in einer Talkshow, Innere Sicherheit sei eigentlich ein genuines Anliegen der Linken. Sie habe diejenigen zu sch\u00fctzen, die auf den staatlichen Schutz und das staatliche Gewaltmonopol angewiesen sind, weil sie sich keine privaten Wachdienste und Bodyguards leisten k\u00f6nnten. Diese weisen Worte sind bei den heutigen Sozialdemokraten v\u00f6llig in Vergessenheit geraten, sonst h\u00e4tten sie sich nicht den Forderungen der Gr\u00fcnen und der Linken nach einem\u00a0 Video-Boykott gebeugt.<\/p>\n<p>Man muss von Gr\u00fcnen und Linken verlangen: Wacht endlich auf! Kommt in der Wirklichkeit an und macht eure Vergangenheitsbew\u00e4ltigung nicht l\u00e4nger auf Kosten der B\u00fcrger!<\/p>\n<p>&nbsp;<\/p>\n<div class=\"shariff shariff-align-left shariff-widget-align-left shariff-buttonstretch\" style=\"display:none\"><ul class=\"shariff-buttons theme-white orientation-horizontal buttonsize-medium\"><li class=\"shariff-button facebook shariff-nocustomcolor\" style=\"background-color:#4273c8\"><a href=\"https:\/\/www.facebook.com\/sharer\/sharer.php?u=https%3A%2F%2Fstarke-meinungen.de%2Fblog%2F2017%2F01%2F05%2Fvideo-phobie%2F\" title=\"Bei Facebook teilen\" aria-label=\"Bei Facebook teilen\" role=\"button\" rel=\"nofollow\" class=\"shariff-link\" style=\"; background-color:#3b5998; color:#3b5998\" target=\"_blank\"><span class=\"shariff-icon\" style=\"fill:#3b5998\"><svg width=\"32px\" height=\"20px\" xmlns=\"http:\/\/www.w3.org\/2000\/svg\" viewBox=\"0 0 18 32\"><path fill=\"#3b5998\" d=\"M17.1 0.2v4.7h-2.8q-1.5 0-2.1 0.6t-0.5 1.9v3.4h5.2l-0.7 5.3h-4.5v13.6h-5.5v-13.6h-4.5v-5.3h4.5v-3.9q0-3.3 1.9-5.2t5-1.8q2.6 0 4.1 0.2z\"\/><\/svg><\/span><span class=\"shariff-text\" style=\"color:#3b5998\">teilen<\/span>&nbsp;<\/a><\/li><li class=\"shariff-button twitter shariff-nocustomcolor\" style=\"background-color:#595959\"><a href=\"https:\/\/twitter.com\/share?url=https%3A%2F%2Fstarke-meinungen.de%2Fblog%2F2017%2F01%2F05%2Fvideo-phobie%2F&text=Video-Phobie&via=starkemeinungen\" title=\"Bei X teilen\" aria-label=\"Bei X teilen\" role=\"button\" rel=\"noopener nofollow\" class=\"shariff-link\" style=\"; background-color:#000; color:#000\" target=\"_blank\"><span class=\"shariff-icon\" style=\"fill:#000\"><svg width=\"32px\" height=\"20px\" xmlns=\"http:\/\/www.w3.org\/2000\/svg\" viewBox=\"0 0 24 24\"><path fill=\"#000\" d=\"M14.258 10.152L23.176 0h-2.113l-7.747 8.813L7.133 0H0l9.352 13.328L0 23.973h2.113l8.176-9.309 6.531 9.309h7.133zm-2.895 3.293l-.949-1.328L2.875 1.56h3.246l6.086 8.523.945 1.328 7.91 11.078h-3.246zm0 0\"\/><\/svg><\/span><span class=\"shariff-text\" style=\"color:#000\">teilen<\/span>&nbsp;<\/a><\/li><li class=\"shariff-button linkedin shariff-nocustomcolor\" style=\"background-color:#1488bf\"><a href=\"https:\/\/www.linkedin.com\/sharing\/share-offsite\/?url=https%3A%2F%2Fstarke-meinungen.de%2Fblog%2F2017%2F01%2F05%2Fvideo-phobie%2F\" title=\"Bei LinkedIn teilen\" aria-label=\"Bei LinkedIn teilen\" role=\"button\" rel=\"noopener nofollow\" class=\"shariff-link\" style=\"; background-color:#0077b5; color:#0077b5\" target=\"_blank\"><span class=\"shariff-icon\" style=\"fill:#0077b5\"><svg width=\"32px\" height=\"20px\" xmlns=\"http:\/\/www.w3.org\/2000\/svg\" viewBox=\"0 0 27 32\"><path fill=\"#0077b5\" d=\"M6.2 11.2v17.7h-5.9v-17.7h5.9zM6.6 5.7q0 1.3-0.9 2.2t-2.4 0.9h0q-1.5 0-2.4-0.9t-0.9-2.2 0.9-2.2 2.4-0.9 2.4 0.9 0.9 2.2zM27.4 18.7v10.1h-5.9v-9.5q0-1.9-0.7-2.9t-2.3-1.1q-1.1 0-1.9 0.6t-1.2 1.5q-0.2 0.5-0.2 1.4v9.9h-5.9q0-7.1 0-11.6t0-5.3l0-0.9h5.9v2.6h0q0.4-0.6 0.7-1t1-0.9 1.6-0.8 2-0.3q3 0 4.9 2t1.9 6z\"\/><\/svg><\/span><span class=\"shariff-text\" style=\"color:#0077b5\">teilen<\/span>&nbsp;<\/a><\/li><li class=\"shariff-button xing shariff-nocustomcolor\" style=\"background-color:#29888a\"><a href=\"https:\/\/www.xing.com\/spi\/shares\/new?url=https%3A%2F%2Fstarke-meinungen.de%2Fblog%2F2017%2F01%2F05%2Fvideo-phobie%2F\" title=\"Bei XING teilen\" aria-label=\"Bei XING teilen\" role=\"button\" rel=\"noopener nofollow\" class=\"shariff-link\" style=\"; background-color:#126567; color:#126567\" target=\"_blank\"><span class=\"shariff-icon\" style=\"fill:#126567\"><svg width=\"32px\" height=\"20px\" xmlns=\"http:\/\/www.w3.org\/2000\/svg\" viewBox=\"0 0 25 32\"><path fill=\"#126567\" d=\"M10.7 11.9q-0.2 0.3-4.6 8.2-0.5 0.8-1.2 0.8h-4.3q-0.4 0-0.5-0.3t0-0.6l4.5-8q0 0 0 0l-2.9-5q-0.2-0.4 0-0.7 0.2-0.3 0.5-0.3h4.3q0.7 0 1.2 0.8zM25.1 0.4q0.2 0.3 0 0.7l-9.4 16.7 6 11q0.2 0.4 0 0.6-0.2 0.3-0.6 0.3h-4.3q-0.7 0-1.2-0.8l-6-11.1q0.3-0.6 9.5-16.8 0.4-0.8 1.2-0.8h4.3q0.4 0 0.5 0.3z\"\/><\/svg><\/span><span class=\"shariff-text\" style=\"color:#126567\">teilen<\/span>&nbsp;<\/a><\/li><li class=\"shariff-button whatsapp shariff-nocustomcolor\" style=\"background-color:#5cbe4a\"><a href=\"https:\/\/api.whatsapp.com\/send?text=https%3A%2F%2Fstarke-meinungen.de%2Fblog%2F2017%2F01%2F05%2Fvideo-phobie%2F%20Video-Phobie\" title=\"Bei Whatsapp teilen\" aria-label=\"Bei Whatsapp teilen\" role=\"button\" rel=\"noopener nofollow\" class=\"shariff-link\" style=\"; background-color:#34af23; color:#34af23\" target=\"_blank\"><span class=\"shariff-icon\" style=\"fill:#34af23\"><svg width=\"32px\" height=\"20px\" xmlns=\"http:\/\/www.w3.org\/2000\/svg\" viewBox=\"0 0 32 32\"><path fill=\"#34af23\" d=\"M17.6 17.4q0.2 0 1.7 0.8t1.6 0.9q0 0.1 0 0.3 0 0.6-0.3 1.4-0.3 0.7-1.3 1.2t-1.8 0.5q-1 0-3.4-1.1-1.7-0.8-3-2.1t-2.6-3.3q-1.3-1.9-1.3-3.5v-0.1q0.1-1.6 1.3-2.8 0.4-0.4 0.9-0.4 0.1 0 0.3 0t0.3 0q0.3 0 0.5 0.1t0.3 0.5q0.1 0.4 0.6 1.6t0.4 1.3q0 0.4-0.6 1t-0.6 0.8q0 0.1 0.1 0.3 0.6 1.3 1.8 2.4 1 0.9 2.7 1.8 0.2 0.1 0.4 0.1 0.3 0 1-0.9t0.9-0.9zM14 26.9q2.3 0 4.3-0.9t3.6-2.4 2.4-3.6 0.9-4.3-0.9-4.3-2.4-3.6-3.6-2.4-4.3-0.9-4.3 0.9-3.6 2.4-2.4 3.6-0.9 4.3q0 3.6 2.1 6.6l-1.4 4.2 4.3-1.4q2.8 1.9 6.2 1.9zM14 2.2q2.7 0 5.2 1.1t4.3 2.9 2.9 4.3 1.1 5.2-1.1 5.2-2.9 4.3-4.3 2.9-5.2 1.1q-3.5 0-6.5-1.7l-7.4 2.4 2.4-7.2q-1.9-3.2-1.9-6.9 0-2.7 1.1-5.2t2.9-4.3 4.3-2.9 5.2-1.1z\"\/><\/svg><\/span><span class=\"shariff-text\" style=\"color:#34af23\">teilen<\/span>&nbsp;<\/a><\/li><li class=\"shariff-button info shariff-nocustomcolor\" style=\"background-color:#a8a8a8\"><a href=\"http:\/\/ct.de\/-2467514\" title=\"Weitere Informationen\" aria-label=\"Weitere Informationen\" role=\"button\" rel=\"noopener \" class=\"shariff-link\" style=\"; background-color:#999; color:#999\" target=\"_blank\"><span class=\"shariff-icon\" style=\"fill:#999\"><svg width=\"32px\" height=\"20px\" xmlns=\"http:\/\/www.w3.org\/2000\/svg\" viewBox=\"0 0 11 32\"><path fill=\"#999\" d=\"M11.4 24v2.3q0 0.5-0.3 0.8t-0.8 0.4h-9.1q-0.5 0-0.8-0.4t-0.4-0.8v-2.3q0-0.5 0.4-0.8t0.8-0.4h1.1v-6.8h-1.1q-0.5 0-0.8-0.4t-0.4-0.8v-2.3q0-0.5 0.4-0.8t0.8-0.4h6.8q0.5 0 0.8 0.4t0.4 0.8v10.3h1.1q0.5 0 0.8 0.4t0.3 0.8zM9.2 3.4v3.4q0 0.5-0.4 0.8t-0.8 0.4h-4.6q-0.4 0-0.8-0.4t-0.4-0.8v-3.4q0-0.4 0.4-0.8t0.8-0.4h4.6q0.5 0 0.8 0.4t0.4 0.8z\"\/><\/svg><\/span><\/a><\/li><\/ul><\/div>","protected":false},"excerpt":{"rendered":"<p>Die rot-rot-gr\u00fcne Landesregierung von Berlin ist die einzige Regierung eines Bundeslandes, die die Video-\u00dcberwachung \u00f6ffentlicher Stadtr\u00e4ume ausdr\u00fccklich ablehnt. Selbst der Terroranschlag auf den Weihnachtsmarkt an der Ged\u00e4chtniskirche im Dezember 2016 \u00a0hat den Senat nicht umstimmen k\u00f6nnen. Dass man den T\u00e4ter identifizieren konnte, verdankt sich allein dem Umstand, dass er seine Duldungserkl\u00e4rung als Asylbewerber in der Fahrerkabine des LKW zur\u00fcckgelassen hat&#8230;. <a href=\"https:\/\/starke-meinungen.de\/blog\/2017\/01\/05\/video-phobie\/\">Weiterlesen &raquo;<\/a><\/p>\n","protected":false},"author":19,"featured_media":0,"comment_status":"open","ping_status":"open","sticky":false,"template":"","format":"standard","meta":{"footnotes":""},"categories":[1,2093],"tags":[2949,2945,2947,2946,2948,2944],"class_list":["post-6700","post","type-post","status-publish","format-standard","hentry","category-allgemein","category-rainer-werner","tag-recht-auf-leben-und-koerperliche-unversehrheit","tag-rot-rot-gruener-senat-von-berlin","tag-stasi","tag-terroranschlaege","tag-ueberwachungsstaat","tag-video-ueberwachung"],"yoast_head":"<!-- This site is optimized with the Yoast SEO plugin v27.5 - https:\/\/yoast.com\/product\/yoast-seo-wordpress\/ -->\n<title>Video-Phobie - starke-meinungen.de<\/title>\n<meta name=\"robots\" content=\"index, follow, max-snippet:-1, max-image-preview:large, max-video-preview:-1\" \/>\n<link rel=\"canonical\" href=\"https:\/\/starke-meinungen.de\/blog\/2017\/01\/05\/video-phobie\/\" \/>\n<meta property=\"og:locale\" content=\"de_DE\" \/>\n<meta property=\"og:type\" content=\"article\" \/>\n<meta property=\"og:title\" content=\"Video-Phobie - starke-meinungen.de\" \/>\n<meta property=\"og:description\" content=\"Die rot-rot-gr\u00fcne Landesregierung von Berlin ist die einzige Regierung eines Bundeslandes, die die Video-\u00dcberwachung \u00f6ffentlicher Stadtr\u00e4ume ausdr\u00fccklich ablehnt. Selbst der Terroranschlag auf den Weihnachtsmarkt an der Ged\u00e4chtniskirche im Dezember 2016 \u00a0hat den Senat nicht umstimmen k\u00f6nnen. Dass man den T\u00e4ter identifizieren konnte, verdankt sich allein dem Umstand, dass er seine Duldungserkl\u00e4rung als Asylbewerber in der Fahrerkabine des LKW zur\u00fcckgelassen hat.... Weiterlesen &raquo;\" \/>\n<meta property=\"og:url\" content=\"https:\/\/starke-meinungen.de\/blog\/2017\/01\/05\/video-phobie\/\" \/>\n<meta property=\"og:site_name\" content=\"starke-meinungen.de\" \/>\n<meta property=\"article:publisher\" content=\"https:\/\/www.facebook.com\/starkemeinungen\/\" \/>\n<meta property=\"article:published_time\" content=\"2017-01-05T05:39:11+00:00\" \/>\n<meta property=\"og:image\" content=\"https:\/\/starke-meinungen.de\/blog\/wp-content\/uploads\/starke-meinungen-fb-header.jpg\" \/>\n\t<meta property=\"og:image:width\" content=\"1200\" \/>\n\t<meta property=\"og:image:height\" content=\"630\" \/>\n\t<meta property=\"og:image:type\" content=\"image\/jpeg\" \/>\n<meta name=\"author\" content=\"Rainer Werner\" \/>\n<meta name=\"twitter:card\" content=\"summary_large_image\" \/>\n<meta name=\"twitter:creator\" content=\"@starkemeinungen\" \/>\n<meta name=\"twitter:site\" content=\"@starkemeinungen\" \/>\n<meta name=\"twitter:label1\" content=\"Verfasst von\" \/>\n\t<meta name=\"twitter:data1\" content=\"Rainer Werner\" \/>\n\t<meta name=\"twitter:label2\" content=\"Gesch\u00e4tzte Lesezeit\" \/>\n\t<meta name=\"twitter:data2\" content=\"6\u00a0Minuten\" \/>\n<script type=\"application\/ld+json\" class=\"yoast-schema-graph\">{\"@context\":\"https:\\\/\\\/schema.org\",\"@graph\":[{\"@type\":\"Article\",\"@id\":\"https:\\\/\\\/starke-meinungen.de\\\/blog\\\/2017\\\/01\\\/05\\\/video-phobie\\\/#article\",\"isPartOf\":{\"@id\":\"https:\\\/\\\/starke-meinungen.de\\\/blog\\\/2017\\\/01\\\/05\\\/video-phobie\\\/\"},\"author\":{\"name\":\"Rainer Werner\",\"@id\":\"https:\\\/\\\/starke-meinungen.de\\\/blog\\\/#\\\/schema\\\/person\\\/6af826c1bb87ec75580869d830616de2\"},\"headline\":\"Video-Phobie\",\"datePublished\":\"2017-01-05T05:39:11+00:00\",\"mainEntityOfPage\":{\"@id\":\"https:\\\/\\\/starke-meinungen.de\\\/blog\\\/2017\\\/01\\\/05\\\/video-phobie\\\/\"},\"wordCount\":1208,\"commentCount\":114,\"publisher\":{\"@id\":\"https:\\\/\\\/starke-meinungen.de\\\/blog\\\/#organization\"},\"keywords\":[\"Recht auf Leben und k\u00f6rperliche Unversehrheit\",\"rot-rot-gr\u00fcner Senat von Berlin\",\"Stasi\",\"Terroranschl\u00e4ge\",\"\u00dcberwachungsstaat\",\"Video-\u00dcberwachung\"],\"articleSection\":{\"1\":\"Rainer Werner\"},\"inLanguage\":\"de\",\"potentialAction\":[{\"@type\":\"CommentAction\",\"name\":\"Comment\",\"target\":[\"https:\\\/\\\/starke-meinungen.de\\\/blog\\\/2017\\\/01\\\/05\\\/video-phobie\\\/#respond\"]}]},{\"@type\":\"WebPage\",\"@id\":\"https:\\\/\\\/starke-meinungen.de\\\/blog\\\/2017\\\/01\\\/05\\\/video-phobie\\\/\",\"url\":\"https:\\\/\\\/starke-meinungen.de\\\/blog\\\/2017\\\/01\\\/05\\\/video-phobie\\\/\",\"name\":\"Video-Phobie - starke-meinungen.de\",\"isPartOf\":{\"@id\":\"https:\\\/\\\/starke-meinungen.de\\\/blog\\\/#website\"},\"datePublished\":\"2017-01-05T05:39:11+00:00\",\"breadcrumb\":{\"@id\":\"https:\\\/\\\/starke-meinungen.de\\\/blog\\\/2017\\\/01\\\/05\\\/video-phobie\\\/#breadcrumb\"},\"inLanguage\":\"de\",\"potentialAction\":[{\"@type\":\"ReadAction\",\"target\":[\"https:\\\/\\\/starke-meinungen.de\\\/blog\\\/2017\\\/01\\\/05\\\/video-phobie\\\/\"]}]},{\"@type\":\"BreadcrumbList\",\"@id\":\"https:\\\/\\\/starke-meinungen.de\\\/blog\\\/2017\\\/01\\\/05\\\/video-phobie\\\/#breadcrumb\",\"itemListElement\":[{\"@type\":\"ListItem\",\"position\":1,\"name\":\"Startseite\",\"item\":\"https:\\\/\\\/starke-meinungen.de\\\/blog\\\/\"},{\"@type\":\"ListItem\",\"position\":2,\"name\":\"Video-Phobie\"}]},{\"@type\":\"WebSite\",\"@id\":\"https:\\\/\\\/starke-meinungen.de\\\/blog\\\/#website\",\"url\":\"https:\\\/\\\/starke-meinungen.de\\\/blog\\\/\",\"name\":\"starke-meinungen.de\",\"description\":\"Autoren-Blog\",\"publisher\":{\"@id\":\"https:\\\/\\\/starke-meinungen.de\\\/blog\\\/#organization\"},\"potentialAction\":[{\"@type\":\"SearchAction\",\"target\":{\"@type\":\"EntryPoint\",\"urlTemplate\":\"https:\\\/\\\/starke-meinungen.de\\\/blog\\\/?s={search_term_string}\"},\"query-input\":{\"@type\":\"PropertyValueSpecification\",\"valueRequired\":true,\"valueName\":\"search_term_string\"}}],\"inLanguage\":\"de\"},{\"@type\":\"Organization\",\"@id\":\"https:\\\/\\\/starke-meinungen.de\\\/blog\\\/#organization\",\"name\":\"starke-meinungen.de\",\"url\":\"https:\\\/\\\/starke-meinungen.de\\\/blog\\\/\",\"logo\":{\"@type\":\"ImageObject\",\"inLanguage\":\"de\",\"@id\":\"https:\\\/\\\/starke-meinungen.de\\\/blog\\\/#\\\/schema\\\/logo\\\/image\\\/\",\"url\":\"https:\\\/\\\/starke-meinungen.de\\\/blog\\\/wp-content\\\/uploads\\\/starke-meinungen-fb-header.jpg\",\"contentUrl\":\"https:\\\/\\\/starke-meinungen.de\\\/blog\\\/wp-content\\\/uploads\\\/starke-meinungen-fb-header.jpg\",\"width\":1200,\"height\":630,\"caption\":\"starke-meinungen.de\"},\"image\":{\"@id\":\"https:\\\/\\\/starke-meinungen.de\\\/blog\\\/#\\\/schema\\\/logo\\\/image\\\/\"},\"sameAs\":[\"https:\\\/\\\/www.facebook.com\\\/starkemeinungen\\\/\",\"https:\\\/\\\/x.com\\\/starkemeinungen\"]},{\"@type\":\"Person\",\"@id\":\"https:\\\/\\\/starke-meinungen.de\\\/blog\\\/#\\\/schema\\\/person\\\/6af826c1bb87ec75580869d830616de2\",\"name\":\"Rainer Werner\",\"image\":{\"@type\":\"ImageObject\",\"inLanguage\":\"de\",\"@id\":\"https:\\\/\\\/secure.gravatar.com\\\/avatar\\\/6f37dc4eff27558ec03229bb8dd7133f519865cae374548719ce45fba3788ea8?s=96&d=mm&r=g\",\"url\":\"https:\\\/\\\/secure.gravatar.com\\\/avatar\\\/6f37dc4eff27558ec03229bb8dd7133f519865cae374548719ce45fba3788ea8?s=96&d=mm&r=g\",\"contentUrl\":\"https:\\\/\\\/secure.gravatar.com\\\/avatar\\\/6f37dc4eff27558ec03229bb8dd7133f519865cae374548719ce45fba3788ea8?s=96&d=mm&r=g\",\"caption\":\"Rainer Werner\"},\"url\":\"https:\\\/\\\/starke-meinungen.de\\\/blog\\\/author\\\/werner\\\/\"}]}<\/script>\n<!-- \/ Yoast SEO plugin. -->","yoast_head_json":{"title":"Video-Phobie - starke-meinungen.de","robots":{"index":"index","follow":"follow","max-snippet":"max-snippet:-1","max-image-preview":"max-image-preview:large","max-video-preview":"max-video-preview:-1"},"canonical":"https:\/\/starke-meinungen.de\/blog\/2017\/01\/05\/video-phobie\/","og_locale":"de_DE","og_type":"article","og_title":"Video-Phobie - starke-meinungen.de","og_description":"Die rot-rot-gr\u00fcne Landesregierung von Berlin ist die einzige Regierung eines Bundeslandes, die die Video-\u00dcberwachung \u00f6ffentlicher Stadtr\u00e4ume ausdr\u00fccklich ablehnt. Selbst der Terroranschlag auf den Weihnachtsmarkt an der Ged\u00e4chtniskirche im Dezember 2016 \u00a0hat den Senat nicht umstimmen k\u00f6nnen. Dass man den T\u00e4ter identifizieren konnte, verdankt sich allein dem Umstand, dass er seine Duldungserkl\u00e4rung als Asylbewerber in der Fahrerkabine des LKW zur\u00fcckgelassen hat.... Weiterlesen &raquo;","og_url":"https:\/\/starke-meinungen.de\/blog\/2017\/01\/05\/video-phobie\/","og_site_name":"starke-meinungen.de","article_publisher":"https:\/\/www.facebook.com\/starkemeinungen\/","article_published_time":"2017-01-05T05:39:11+00:00","og_image":[{"width":1200,"height":630,"url":"https:\/\/starke-meinungen.de\/blog\/wp-content\/uploads\/starke-meinungen-fb-header.jpg","type":"image\/jpeg"}],"author":"Rainer Werner","twitter_card":"summary_large_image","twitter_creator":"@starkemeinungen","twitter_site":"@starkemeinungen","twitter_misc":{"Verfasst von":"Rainer Werner","Gesch\u00e4tzte Lesezeit":"6\u00a0Minuten"},"schema":{"@context":"https:\/\/schema.org","@graph":[{"@type":"Article","@id":"https:\/\/starke-meinungen.de\/blog\/2017\/01\/05\/video-phobie\/#article","isPartOf":{"@id":"https:\/\/starke-meinungen.de\/blog\/2017\/01\/05\/video-phobie\/"},"author":{"name":"Rainer Werner","@id":"https:\/\/starke-meinungen.de\/blog\/#\/schema\/person\/6af826c1bb87ec75580869d830616de2"},"headline":"Video-Phobie","datePublished":"2017-01-05T05:39:11+00:00","mainEntityOfPage":{"@id":"https:\/\/starke-meinungen.de\/blog\/2017\/01\/05\/video-phobie\/"},"wordCount":1208,"commentCount":114,"publisher":{"@id":"https:\/\/starke-meinungen.de\/blog\/#organization"},"keywords":["Recht auf Leben und k\u00f6rperliche Unversehrheit","rot-rot-gr\u00fcner Senat von Berlin","Stasi","Terroranschl\u00e4ge","\u00dcberwachungsstaat","Video-\u00dcberwachung"],"articleSection":{"1":"Rainer Werner"},"inLanguage":"de","potentialAction":[{"@type":"CommentAction","name":"Comment","target":["https:\/\/starke-meinungen.de\/blog\/2017\/01\/05\/video-phobie\/#respond"]}]},{"@type":"WebPage","@id":"https:\/\/starke-meinungen.de\/blog\/2017\/01\/05\/video-phobie\/","url":"https:\/\/starke-meinungen.de\/blog\/2017\/01\/05\/video-phobie\/","name":"Video-Phobie - starke-meinungen.de","isPartOf":{"@id":"https:\/\/starke-meinungen.de\/blog\/#website"},"datePublished":"2017-01-05T05:39:11+00:00","breadcrumb":{"@id":"https:\/\/starke-meinungen.de\/blog\/2017\/01\/05\/video-phobie\/#breadcrumb"},"inLanguage":"de","potentialAction":[{"@type":"ReadAction","target":["https:\/\/starke-meinungen.de\/blog\/2017\/01\/05\/video-phobie\/"]}]},{"@type":"BreadcrumbList","@id":"https:\/\/starke-meinungen.de\/blog\/2017\/01\/05\/video-phobie\/#breadcrumb","itemListElement":[{"@type":"ListItem","position":1,"name":"Startseite","item":"https:\/\/starke-meinungen.de\/blog\/"},{"@type":"ListItem","position":2,"name":"Video-Phobie"}]},{"@type":"WebSite","@id":"https:\/\/starke-meinungen.de\/blog\/#website","url":"https:\/\/starke-meinungen.de\/blog\/","name":"starke-meinungen.de","description":"Autoren-Blog","publisher":{"@id":"https:\/\/starke-meinungen.de\/blog\/#organization"},"potentialAction":[{"@type":"SearchAction","target":{"@type":"EntryPoint","urlTemplate":"https:\/\/starke-meinungen.de\/blog\/?s={search_term_string}"},"query-input":{"@type":"PropertyValueSpecification","valueRequired":true,"valueName":"search_term_string"}}],"inLanguage":"de"},{"@type":"Organization","@id":"https:\/\/starke-meinungen.de\/blog\/#organization","name":"starke-meinungen.de","url":"https:\/\/starke-meinungen.de\/blog\/","logo":{"@type":"ImageObject","inLanguage":"de","@id":"https:\/\/starke-meinungen.de\/blog\/#\/schema\/logo\/image\/","url":"https:\/\/starke-meinungen.de\/blog\/wp-content\/uploads\/starke-meinungen-fb-header.jpg","contentUrl":"https:\/\/starke-meinungen.de\/blog\/wp-content\/uploads\/starke-meinungen-fb-header.jpg","width":1200,"height":630,"caption":"starke-meinungen.de"},"image":{"@id":"https:\/\/starke-meinungen.de\/blog\/#\/schema\/logo\/image\/"},"sameAs":["https:\/\/www.facebook.com\/starkemeinungen\/","https:\/\/x.com\/starkemeinungen"]},{"@type":"Person","@id":"https:\/\/starke-meinungen.de\/blog\/#\/schema\/person\/6af826c1bb87ec75580869d830616de2","name":"Rainer Werner","image":{"@type":"ImageObject","inLanguage":"de","@id":"https:\/\/secure.gravatar.com\/avatar\/6f37dc4eff27558ec03229bb8dd7133f519865cae374548719ce45fba3788ea8?s=96&d=mm&r=g","url":"https:\/\/secure.gravatar.com\/avatar\/6f37dc4eff27558ec03229bb8dd7133f519865cae374548719ce45fba3788ea8?s=96&d=mm&r=g","contentUrl":"https:\/\/secure.gravatar.com\/avatar\/6f37dc4eff27558ec03229bb8dd7133f519865cae374548719ce45fba3788ea8?s=96&d=mm&r=g","caption":"Rainer Werner"},"url":"https:\/\/starke-meinungen.de\/blog\/author\/werner\/"}]}},"_links":{"self":[{"href":"https:\/\/starke-meinungen.de\/blog\/wp-json\/wp\/v2\/posts\/6700","targetHints":{"allow":["GET"]}}],"collection":[{"href":"https:\/\/starke-meinungen.de\/blog\/wp-json\/wp\/v2\/posts"}],"about":[{"href":"https:\/\/starke-meinungen.de\/blog\/wp-json\/wp\/v2\/types\/post"}],"author":[{"embeddable":true,"href":"https:\/\/starke-meinungen.de\/blog\/wp-json\/wp\/v2\/users\/19"}],"replies":[{"embeddable":true,"href":"https:\/\/starke-meinungen.de\/blog\/wp-json\/wp\/v2\/comments?post=6700"}],"version-history":[{"count":1,"href":"https:\/\/starke-meinungen.de\/blog\/wp-json\/wp\/v2\/posts\/6700\/revisions"}],"predecessor-version":[{"id":6701,"href":"https:\/\/starke-meinungen.de\/blog\/wp-json\/wp\/v2\/posts\/6700\/revisions\/6701"}],"wp:attachment":[{"href":"https:\/\/starke-meinungen.de\/blog\/wp-json\/wp\/v2\/media?parent=6700"}],"wp:term":[{"taxonomy":"category","embeddable":true,"href":"https:\/\/starke-meinungen.de\/blog\/wp-json\/wp\/v2\/categories?post=6700"},{"taxonomy":"post_tag","embeddable":true,"href":"https:\/\/starke-meinungen.de\/blog\/wp-json\/wp\/v2\/tags?post=6700"}],"curies":[{"name":"wp","href":"https:\/\/api.w.org\/{rel}","templated":true}]}}