

{"id":6632,"date":"2016-12-10T08:18:28","date_gmt":"2016-12-10T08:18:28","guid":{"rendered":"https:\/\/starke-meinungen.de\/blog\/?p=6632"},"modified":"2016-12-12T09:14:24","modified_gmt":"2016-12-12T09:14:24","slug":"gegen-die-kritik-am-pisa-test","status":"publish","type":"post","link":"https:\/\/starke-meinungen.de\/blog\/2016\/12\/10\/gegen-die-kritik-am-pisa-test\/","title":{"rendered":"Gegen die Kritik am PISA-Test"},"content":{"rendered":"<p>Alle drei Jahre ver\u00f6ffentlicht die OECD die Resultate des weltweit durchgef\u00fchrten Pisa-Tests. Die Schwerpunkte bei den getesteten Wissensgebieten variieren von Test zu Test. Mal m\u00fcssen die Sch\u00fcler ihr Leseverst\u00e4ndnis unter Beweis stellen, mal ihre F\u00e4higkeiten in den Naturwissenschaften\u00a0 oder in Mathematik. Die Politik sieht den Ergebnissen erwartungsvoll entgegen, weil das Ranking des eigenen Landes im Pool der teilnehmenden L\u00e4nder Anerkennung und Prestige verhei\u00dft &#8211; oder Entt\u00e4uschung und Besch\u00e4mung.<!--more--><\/p>\n<p>Bei jeder Ver\u00f6ffentlichung der Pisa-Ergebnisse melden sich Kritiker zu Wort, die das eine oder andere an den Testmethoden auszusetzen haben oder solche l\u00e4nder\u00fcbergreifenden Tests g\u00e4nzlich ablehnen. Die prononcierteste Meinung vertrat beim j\u00fcngsten Pisa-Test Thomas Vitzthum,\u00a0 Autor der\u00a0 WELT <em>(&#8222;Schluss mit diesen d\u00e4mlichen Pisa-Tests&#8220;<\/em>, 06. 12. 2016). Er bem\u00e4ngelt, dass bei der Pisa-Erhebung das Falsche abgefragt werde. Man erfahre nur, dass Sch\u00fcler etwas nicht k\u00f6nnen, nicht aber, warum sie versagen. Diese Aussage ist richtig, entwertet jedoch nicht den Pisa-Test. Man kann von einem standardisierten, weltweit funktionierenden Schultest nicht verlangen, dass er die Unterrichtsmethoden, die in den jeweiligen L\u00e4ndern angewendet werden, vergleicht und\u00a0 ihre Vorz\u00fcge oder M\u00e4ngel \u00a0misst. Das ist Aufgabe der p\u00e4dagogischen Wissenschaft und der Bildungsverwaltungen der einzelnen\u00a0 L\u00e4nder. Nach dem Pisa-Schock im Jahre 2001, als deutsche Sch\u00fcler nur\u00a0 im unteren Mittelfeld landeten, pilgerten \u00a0Experten nach Finnland, um vom Pisa-Siegerland zu lernen. Pisa stellt also \u00a0die Diagnose. F\u00fcr die Therapie sind die Bildungsexperten zust\u00e4ndig.<\/p>\n<p><strong>Pisa misst Kompetenzen, nicht die humanistische Bildung<\/strong><\/p>\n<p>Eine andere Kritik \u00e4u\u00dfert \u00a0der Wissenschaftler\u00a0 Matthias Burchardt im K\u00f6lner Stadtanzeiger <em>(&#8222;Pisa-Studie ist manipulativer Zahlensalat&#8220;,<\/em> 06. 12. 2016). Burchardt kritisiert, dass das Testverfahren <em>&#8222;<\/em><em>nicht dem Bildungsgedanken, der unsere Tradition [&#8230;] ausmacht&#8220;, <\/em>entspreche. Auch diesem Gedanken kann ich beipflichten. Ich habe ihn an <a href=\"https:\/\/guteschuleblog.wordpress.com\/2016\/01\/14\/wann-machen-sie-wieder-einmal-ihren-begnadeten-frontalunterricht\/\">anderer Stelle<\/a> \u00e4hnlich vertreten. Es gibt tats\u00e4chlich Wissensgebiete, die von Pisa \u00a0nicht gemessen werden (k\u00f6nnen), die \u00a0\u00a0aber unsere humanistische Bildung pr\u00e4gen. Dazu geh\u00f6ren \u00a0die musische Bildung, aber auch die hohe Kunst der Interpretation fiktionaler Texte, die weit \u00fcber das Kompetenzmodell der Pisa-Frageb\u00f6gen hinausgeht. Ich finde aber, dass diese Kritik, so richtig sie ist, die Notwendigkeit von Pisa nicht\u00a0 entkr\u00e4ften kann.<\/p>\n<p>In den Pisa-Tests werden drei F\u00e4higkeiten getestet: die Lesekompetenz, die mathematische Kompetenz und\u00a0 die naturwissenschaftliche Grundbildung. Dabei sind die Fragen so angelegt, dass sie in pers\u00f6nliche und kulturell relevante Kontexte eingebettet sind. Nur so kann ein Test in 72 L\u00e4ndern von v\u00f6llig unterschiedlicher kultureller Pr\u00e4gung erfolgreich und gerecht absolviert werden. Deshalb wird auch nicht Wissen abgefragt, sondern es werden Kompetenzen getestet, die bei v\u00f6llig unterschiedlichen (nationalen) Wissensbest\u00e4nden \u00a0gleich funktionieren.<\/p>\n<p>An der Lesekompetenz kann man das Testprinzip gut \u00a0verdeutlichen. Es ist doch unmittelbar einleuchtend, dass die F\u00e4higkeit, den Inhalt eines geschriebenen Textes zu erfassen, eine grundlegende Kulturtechnik darstellt. Auf ihr baut\u00a0 das\u00a0 interpretatorische Verst\u00e4ndnis in nahezu allen F\u00e4chern auf. Man kann es \u00a0zuspitzen: Ohne die F\u00e4higkeit, Texte zu verstehen, ist alles weitere Lernen vergeblich. Deshalb macht es einen Riesenunterschied, ob die Neuntkl\u00e4ssler eines \u00a0Landes unter dem OECD-Durchschnitt\u00a0 abschneiden oder ob sie in der Spitzengruppe rangieren. Jeder Lehrer kann dies aus eigener Anschauung best\u00e4tigen. Viele Sch\u00fcler scheitern bei der Interpretation einer Kurzgeschichte oder einer historischen Quelle, weil sie deren Inhalt nicht verstanden haben. Deshalb wird\u00a0 bei\u00a0 nationalen Testverfahren wie &#8222;Vera 8&#8220; selbstverst\u00e4ndlich \u00a0immer auch das Leseverst\u00e4ndnis \u00a0der Sch\u00fcler abgefragt.<\/p>\n<p><strong>Pisa ist heilsam f\u00fcr eine verantwortungslose Politik<\/strong><\/p>\n<p>Ich habe die Zeit nach der ersten Pisa-Studie 2001 noch als aktiver Lehrer erlebt. Seit dem Pisa-Schock\u00a0 hat sich die Unterrichtskultur an den Schulen grundlegend\u00a0 gewandelt &#8211; zum Besseren. Heute gibt es kaum noch Lehrer, denen es egal ist, wie ihre Sch\u00fcler abschneiden, und keine Schulleiter mehr, die den Mantel der N\u00e4chstenliebe \u00fcber einen\u00a0 mangelhaften Unterricht breiten. Ich kann mich noch gut daran erinnern, dass die Gewerkschaft Erziehung und Wissenschaft (GEW) in den 1990er Jahren \u00a0Schulbeh\u00f6rden verklagt hat, weil sie es gewagt haben, die Effekte des Lernens von Wissenschaftlern untersuchen zu lassen. \u00a0&#8222;Betriebsfremde&#8220;\u00a0 wollte man aus dem Klassenzimmer aussperren. Dieses p\u00e4dagogische Weltbild, das noch dem 19. Jahrhundert verpflichtet ist (Der Lehrer ist eine Autorit\u00e4tsperson und hat immer recht!), ist seit Pisa endg\u00fcltig pass\u00e9. Und dies ist ein Segen. Pisa und alle anderen Testverfahren (Vera, TIMSS) st\u00e4rken das Verantwortungsgef\u00fchl der Lehrkr\u00e4fte gegen\u00fcber ihren Sch\u00fclern. Wer wollte im Ernst etwas dagegen einwenden wollen?<\/p>\n<p>Man\u00a0 darf \u00a0auch\u00a0 nicht vergessen, dass die Pisa-Studie sehr aussagekr\u00e4ftig ist, wenn es darum geht, die\u00a0 Entwicklung eines Landes nach oben oder nach unten zu dokumentieren. Dass Frankreich bei der j\u00fcngsten Pisa-Studie \u00a0unter den OECD-Durchschnitt abgest\u00fcrzt ist, verdankt sich dem Trend zur Egalit\u00e4t, den die sozialistische Regierung unter Hollande mit Macht durchgesetzt hat. Ohne Pisa w\u00e4re dieser Skandal nicht aufgedeckt worden. Der neue Pr\u00e4sident Frankreichs muss \u00a0ab 2017\u00a0 kr\u00e4ftig umsteuern &#8211; zum Nutzen\u00a0 der franz\u00f6sischen Sch\u00fcler.<\/p>\n<p>Thomas Vitzthum st\u00f6rt sich in seinem Beitrag \u00a0am Umfang der Studie (544 Seiten: <em>&#8222;dieser<\/em> <em>Ziegel aus Papier&#8220;<\/em>). F\u00fcr Forscher, die sich wirklich auf das\u00a0 Kleingedruckte einlassen, ist die Studie eine Fundgrube. So haben Wissenschaftler im Auftrag der Konrad-Adenauer-Stiftung herausgefunden, dass man dem innerdeutschen L\u00e4ndervergleich entnehmen kann, dass die egalit\u00e4ren Schulformen, die von Rot-Gr\u00fcn favorisiert werden, deutlich schlechter abschneiden\u00a0 als die gegliederten Schulsysteme. Das war auch der Grund, weshalb die SPD-regierten Bundesl\u00e4nder versuchten, die Publikation der Pisa-Ergebnisse aufgeschl\u00fcsselt nach Bundesl\u00e4ndern und nach Schulformen zu verhindern.<\/p>\n<p>Ich habe an <a href=\"https:\/\/guteschuleblog.wordpress.com\/2016\/09\/10\/gut-gehuetete-tabus\/\">anderer Stelle<\/a> ausgef\u00fchrt, \u00a0wie segensreich solche Studien sind, wenn es darum geht, neue Schulformen wie die Integrierte Sekundarschule oder die Gemeinschaftsschule zu bewerten. Deren Leistungsf\u00e4higkeit bleibt n\u00e4mlich\u00a0 weit hinter den grandiosen Verhei\u00dfungen \u00a0der Initiatoren \u00a0zur\u00fcck. Nur wissenschaftliche Studien &#8211; und Pisa geh\u00f6rt dazu &#8211; k\u00f6nnen diese &#8222;Entzauberung&#8220; leisten. Wir sollten sie deshalb nicht schlecht reden oder \u00a0schreiben.<\/p>\n<p>Wenn es Pisa nicht g\u00e4be, m\u00fcsste man es erfinden.<\/p>\n<p>&nbsp;<\/p>\n<p>&nbsp;<\/p>\n<p><span style=\"border-radius: 2px; text-indent: 20px; width: auto; padding: 0px 4px 0px 0px; text-align: center; font: bold 11px\/20px 'Helvetica Neue',Helvetica,sans-serif; color: #ffffff; background: #bd081c no-repeat scroll 3px 50% \/ 14px 14px; position: absolute; opacity: 1; z-index: 8675309; display: none; cursor: pointer;\">Merken<\/span><\/p>\n<p><span style=\"border-radius: 2px; text-indent: 20px; width: auto; padding: 0px 4px 0px 0px; text-align: center; font: bold 11px\/20px 'Helvetica Neue',Helvetica,sans-serif; color: #ffffff; background: #bd081c  no-repeat scroll 3px 50% \/ 14px 14px; position: absolute; opacity: 1; z-index: 8675309; display: none; cursor: pointer;\">Merken<\/span><\/p>\n<div class=\"shariff shariff-align-left shariff-widget-align-left shariff-buttonstretch\" style=\"display:none\"><ul class=\"shariff-buttons theme-white orientation-horizontal buttonsize-medium\"><li class=\"shariff-button facebook shariff-nocustomcolor\" style=\"background-color:#4273c8\"><a href=\"https:\/\/www.facebook.com\/sharer\/sharer.php?u=https%3A%2F%2Fstarke-meinungen.de%2Fblog%2F2016%2F12%2F10%2Fgegen-die-kritik-am-pisa-test%2F\" title=\"Bei Facebook teilen\" aria-label=\"Bei Facebook teilen\" role=\"button\" rel=\"nofollow\" class=\"shariff-link\" style=\"; background-color:#3b5998; color:#3b5998\" target=\"_blank\"><span class=\"shariff-icon\" style=\"fill:#3b5998\"><svg width=\"32px\" height=\"20px\" xmlns=\"http:\/\/www.w3.org\/2000\/svg\" viewBox=\"0 0 18 32\"><path fill=\"#3b5998\" d=\"M17.1 0.2v4.7h-2.8q-1.5 0-2.1 0.6t-0.5 1.9v3.4h5.2l-0.7 5.3h-4.5v13.6h-5.5v-13.6h-4.5v-5.3h4.5v-3.9q0-3.3 1.9-5.2t5-1.8q2.6 0 4.1 0.2z\"\/><\/svg><\/span><span class=\"shariff-text\" style=\"color:#3b5998\">teilen<\/span>&nbsp;<\/a><\/li><li class=\"shariff-button twitter shariff-nocustomcolor\" style=\"background-color:#595959\"><a href=\"https:\/\/twitter.com\/share?url=https%3A%2F%2Fstarke-meinungen.de%2Fblog%2F2016%2F12%2F10%2Fgegen-die-kritik-am-pisa-test%2F&text=Gegen%20die%20Kritik%20am%20PISA-Test&via=starkemeinungen\" title=\"Bei X teilen\" aria-label=\"Bei X teilen\" role=\"button\" rel=\"noopener nofollow\" class=\"shariff-link\" style=\"; background-color:#000; color:#000\" target=\"_blank\"><span class=\"shariff-icon\" style=\"fill:#000\"><svg width=\"32px\" height=\"20px\" xmlns=\"http:\/\/www.w3.org\/2000\/svg\" viewBox=\"0 0 24 24\"><path fill=\"#000\" d=\"M14.258 10.152L23.176 0h-2.113l-7.747 8.813L7.133 0H0l9.352 13.328L0 23.973h2.113l8.176-9.309 6.531 9.309h7.133zm-2.895 3.293l-.949-1.328L2.875 1.56h3.246l6.086 8.523.945 1.328 7.91 11.078h-3.246zm0 0\"\/><\/svg><\/span><span class=\"shariff-text\" style=\"color:#000\">teilen<\/span>&nbsp;<\/a><\/li><li class=\"shariff-button linkedin shariff-nocustomcolor\" style=\"background-color:#1488bf\"><a href=\"https:\/\/www.linkedin.com\/sharing\/share-offsite\/?url=https%3A%2F%2Fstarke-meinungen.de%2Fblog%2F2016%2F12%2F10%2Fgegen-die-kritik-am-pisa-test%2F\" title=\"Bei LinkedIn teilen\" aria-label=\"Bei LinkedIn teilen\" role=\"button\" rel=\"noopener nofollow\" class=\"shariff-link\" style=\"; background-color:#0077b5; color:#0077b5\" target=\"_blank\"><span class=\"shariff-icon\" style=\"fill:#0077b5\"><svg width=\"32px\" height=\"20px\" xmlns=\"http:\/\/www.w3.org\/2000\/svg\" viewBox=\"0 0 27 32\"><path fill=\"#0077b5\" d=\"M6.2 11.2v17.7h-5.9v-17.7h5.9zM6.6 5.7q0 1.3-0.9 2.2t-2.4 0.9h0q-1.5 0-2.4-0.9t-0.9-2.2 0.9-2.2 2.4-0.9 2.4 0.9 0.9 2.2zM27.4 18.7v10.1h-5.9v-9.5q0-1.9-0.7-2.9t-2.3-1.1q-1.1 0-1.9 0.6t-1.2 1.5q-0.2 0.5-0.2 1.4v9.9h-5.9q0-7.1 0-11.6t0-5.3l0-0.9h5.9v2.6h0q0.4-0.6 0.7-1t1-0.9 1.6-0.8 2-0.3q3 0 4.9 2t1.9 6z\"\/><\/svg><\/span><span class=\"shariff-text\" style=\"color:#0077b5\">teilen<\/span>&nbsp;<\/a><\/li><li class=\"shariff-button xing shariff-nocustomcolor\" style=\"background-color:#29888a\"><a href=\"https:\/\/www.xing.com\/spi\/shares\/new?url=https%3A%2F%2Fstarke-meinungen.de%2Fblog%2F2016%2F12%2F10%2Fgegen-die-kritik-am-pisa-test%2F\" title=\"Bei XING teilen\" aria-label=\"Bei XING teilen\" role=\"button\" rel=\"noopener nofollow\" class=\"shariff-link\" style=\"; background-color:#126567; color:#126567\" target=\"_blank\"><span class=\"shariff-icon\" style=\"fill:#126567\"><svg width=\"32px\" height=\"20px\" xmlns=\"http:\/\/www.w3.org\/2000\/svg\" viewBox=\"0 0 25 32\"><path fill=\"#126567\" d=\"M10.7 11.9q-0.2 0.3-4.6 8.2-0.5 0.8-1.2 0.8h-4.3q-0.4 0-0.5-0.3t0-0.6l4.5-8q0 0 0 0l-2.9-5q-0.2-0.4 0-0.7 0.2-0.3 0.5-0.3h4.3q0.7 0 1.2 0.8zM25.1 0.4q0.2 0.3 0 0.7l-9.4 16.7 6 11q0.2 0.4 0 0.6-0.2 0.3-0.6 0.3h-4.3q-0.7 0-1.2-0.8l-6-11.1q0.3-0.6 9.5-16.8 0.4-0.8 1.2-0.8h4.3q0.4 0 0.5 0.3z\"\/><\/svg><\/span><span class=\"shariff-text\" style=\"color:#126567\">teilen<\/span>&nbsp;<\/a><\/li><li class=\"shariff-button whatsapp shariff-nocustomcolor\" style=\"background-color:#5cbe4a\"><a href=\"https:\/\/api.whatsapp.com\/send?text=https%3A%2F%2Fstarke-meinungen.de%2Fblog%2F2016%2F12%2F10%2Fgegen-die-kritik-am-pisa-test%2F%20Gegen%20die%20Kritik%20am%20PISA-Test\" title=\"Bei Whatsapp teilen\" aria-label=\"Bei Whatsapp teilen\" role=\"button\" rel=\"noopener nofollow\" class=\"shariff-link\" style=\"; background-color:#34af23; color:#34af23\" target=\"_blank\"><span class=\"shariff-icon\" style=\"fill:#34af23\"><svg width=\"32px\" height=\"20px\" xmlns=\"http:\/\/www.w3.org\/2000\/svg\" viewBox=\"0 0 32 32\"><path fill=\"#34af23\" d=\"M17.6 17.4q0.2 0 1.7 0.8t1.6 0.9q0 0.1 0 0.3 0 0.6-0.3 1.4-0.3 0.7-1.3 1.2t-1.8 0.5q-1 0-3.4-1.1-1.7-0.8-3-2.1t-2.6-3.3q-1.3-1.9-1.3-3.5v-0.1q0.1-1.6 1.3-2.8 0.4-0.4 0.9-0.4 0.1 0 0.3 0t0.3 0q0.3 0 0.5 0.1t0.3 0.5q0.1 0.4 0.6 1.6t0.4 1.3q0 0.4-0.6 1t-0.6 0.8q0 0.1 0.1 0.3 0.6 1.3 1.8 2.4 1 0.9 2.7 1.8 0.2 0.1 0.4 0.1 0.3 0 1-0.9t0.9-0.9zM14 26.9q2.3 0 4.3-0.9t3.6-2.4 2.4-3.6 0.9-4.3-0.9-4.3-2.4-3.6-3.6-2.4-4.3-0.9-4.3 0.9-3.6 2.4-2.4 3.6-0.9 4.3q0 3.6 2.1 6.6l-1.4 4.2 4.3-1.4q2.8 1.9 6.2 1.9zM14 2.2q2.7 0 5.2 1.1t4.3 2.9 2.9 4.3 1.1 5.2-1.1 5.2-2.9 4.3-4.3 2.9-5.2 1.1q-3.5 0-6.5-1.7l-7.4 2.4 2.4-7.2q-1.9-3.2-1.9-6.9 0-2.7 1.1-5.2t2.9-4.3 4.3-2.9 5.2-1.1z\"\/><\/svg><\/span><span class=\"shariff-text\" style=\"color:#34af23\">teilen<\/span>&nbsp;<\/a><\/li><li class=\"shariff-button info shariff-nocustomcolor\" style=\"background-color:#a8a8a8\"><a href=\"http:\/\/ct.de\/-2467514\" title=\"Weitere Informationen\" aria-label=\"Weitere Informationen\" role=\"button\" rel=\"noopener \" class=\"shariff-link\" style=\"; background-color:#999; color:#999\" target=\"_blank\"><span class=\"shariff-icon\" style=\"fill:#999\"><svg width=\"32px\" height=\"20px\" xmlns=\"http:\/\/www.w3.org\/2000\/svg\" viewBox=\"0 0 11 32\"><path fill=\"#999\" d=\"M11.4 24v2.3q0 0.5-0.3 0.8t-0.8 0.4h-9.1q-0.5 0-0.8-0.4t-0.4-0.8v-2.3q0-0.5 0.4-0.8t0.8-0.4h1.1v-6.8h-1.1q-0.5 0-0.8-0.4t-0.4-0.8v-2.3q0-0.5 0.4-0.8t0.8-0.4h6.8q0.5 0 0.8 0.4t0.4 0.8v10.3h1.1q0.5 0 0.8 0.4t0.3 0.8zM9.2 3.4v3.4q0 0.5-0.4 0.8t-0.8 0.4h-4.6q-0.4 0-0.8-0.4t-0.4-0.8v-3.4q0-0.4 0.4-0.8t0.8-0.4h4.6q0.5 0 0.8 0.4t0.4 0.8z\"\/><\/svg><\/span><\/a><\/li><\/ul><\/div>","protected":false},"excerpt":{"rendered":"<p>Alle drei Jahre ver\u00f6ffentlicht die OECD die Resultate des weltweit durchgef\u00fchrten Pisa-Tests. Die Schwerpunkte bei den getesteten Wissensgebieten variieren von Test zu Test. Mal m\u00fcssen die Sch\u00fcler ihr Leseverst\u00e4ndnis unter Beweis stellen, mal ihre F\u00e4higkeiten in den Naturwissenschaften\u00a0 oder in Mathematik. Die Politik sieht den Ergebnissen erwartungsvoll entgegen, weil das Ranking des eigenen Landes im Pool der teilnehmenden L\u00e4nder Anerkennung&#8230; <a href=\"https:\/\/starke-meinungen.de\/blog\/2016\/12\/10\/gegen-die-kritik-am-pisa-test\/\">Weiterlesen &raquo;<\/a><\/p>\n","protected":false},"author":19,"featured_media":0,"comment_status":"open","ping_status":"open","sticky":false,"template":"","format":"standard","meta":{"footnotes":""},"categories":[1,2093],"tags":[1411,2926,422,421,2924,10,2923,2925,2922],"class_list":["post-6632","post","type-post","status-publish","format-standard","hentry","category-allgemein","category-rainer-werner","tag-frankreich","tag-gew","tag-oecd","tag-pisa","tag-schulqualitaet","tag-spd","tag-timss","tag-unterrichtsqualitaet","tag-vera-8"],"yoast_head":"<!-- This site is optimized with the Yoast SEO plugin v27.4 - https:\/\/yoast.com\/product\/yoast-seo-wordpress\/ -->\n<title>Gegen die Kritik am PISA-Test - starke-meinungen.de<\/title>\n<meta name=\"robots\" content=\"index, follow, max-snippet:-1, max-image-preview:large, max-video-preview:-1\" \/>\n<link rel=\"canonical\" href=\"https:\/\/starke-meinungen.de\/blog\/2016\/12\/10\/gegen-die-kritik-am-pisa-test\/\" \/>\n<meta property=\"og:locale\" content=\"de_DE\" \/>\n<meta property=\"og:type\" content=\"article\" \/>\n<meta property=\"og:title\" content=\"Gegen die Kritik am PISA-Test - starke-meinungen.de\" \/>\n<meta property=\"og:description\" content=\"Alle drei Jahre ver\u00f6ffentlicht die OECD die Resultate des weltweit durchgef\u00fchrten Pisa-Tests. Die Schwerpunkte bei den getesteten Wissensgebieten variieren von Test zu Test. Mal m\u00fcssen die Sch\u00fcler ihr Leseverst\u00e4ndnis unter Beweis stellen, mal ihre F\u00e4higkeiten in den Naturwissenschaften\u00a0 oder in Mathematik. Die Politik sieht den Ergebnissen erwartungsvoll entgegen, weil das Ranking des eigenen Landes im Pool der teilnehmenden L\u00e4nder Anerkennung... Weiterlesen &raquo;\" \/>\n<meta property=\"og:url\" content=\"https:\/\/starke-meinungen.de\/blog\/2016\/12\/10\/gegen-die-kritik-am-pisa-test\/\" \/>\n<meta property=\"og:site_name\" content=\"starke-meinungen.de\" \/>\n<meta property=\"article:publisher\" content=\"https:\/\/www.facebook.com\/starkemeinungen\/\" \/>\n<meta property=\"article:published_time\" content=\"2016-12-10T08:18:28+00:00\" \/>\n<meta property=\"article:modified_time\" content=\"2016-12-12T09:14:24+00:00\" \/>\n<meta property=\"og:image\" content=\"https:\/\/starke-meinungen.de\/blog\/wp-content\/uploads\/starke-meinungen-fb-header.jpg\" \/>\n\t<meta property=\"og:image:width\" content=\"1200\" \/>\n\t<meta property=\"og:image:height\" content=\"630\" \/>\n\t<meta property=\"og:image:type\" content=\"image\/jpeg\" \/>\n<meta name=\"author\" content=\"Rainer Werner\" \/>\n<meta name=\"twitter:card\" content=\"summary_large_image\" \/>\n<meta name=\"twitter:creator\" content=\"@starkemeinungen\" \/>\n<meta name=\"twitter:site\" content=\"@starkemeinungen\" \/>\n<meta name=\"twitter:label1\" content=\"Verfasst von\" \/>\n\t<meta name=\"twitter:data1\" content=\"Rainer Werner\" \/>\n\t<meta name=\"twitter:label2\" content=\"Gesch\u00e4tzte Lesezeit\" \/>\n\t<meta name=\"twitter:data2\" content=\"5\u00a0Minuten\" \/>\n<script type=\"application\/ld+json\" class=\"yoast-schema-graph\">{\"@context\":\"https:\\\/\\\/schema.org\",\"@graph\":[{\"@type\":\"Article\",\"@id\":\"https:\\\/\\\/starke-meinungen.de\\\/blog\\\/2016\\\/12\\\/10\\\/gegen-die-kritik-am-pisa-test\\\/#article\",\"isPartOf\":{\"@id\":\"https:\\\/\\\/starke-meinungen.de\\\/blog\\\/2016\\\/12\\\/10\\\/gegen-die-kritik-am-pisa-test\\\/\"},\"author\":{\"name\":\"Rainer Werner\",\"@id\":\"https:\\\/\\\/starke-meinungen.de\\\/blog\\\/#\\\/schema\\\/person\\\/6af826c1bb87ec75580869d830616de2\"},\"headline\":\"Gegen die Kritik am PISA-Test\",\"datePublished\":\"2016-12-10T08:18:28+00:00\",\"dateModified\":\"2016-12-12T09:14:24+00:00\",\"mainEntityOfPage\":{\"@id\":\"https:\\\/\\\/starke-meinungen.de\\\/blog\\\/2016\\\/12\\\/10\\\/gegen-die-kritik-am-pisa-test\\\/\"},\"wordCount\":989,\"commentCount\":27,\"publisher\":{\"@id\":\"https:\\\/\\\/starke-meinungen.de\\\/blog\\\/#organization\"},\"keywords\":[\"Frankreich\",\"GEW\",\"OECD\",\"Pisa\",\"Schulqualit\u00e4t\",\"SPD\",\"TIMSS\",\"Unterrichtsqualit\u00e4t\",\"Vera 8\"],\"articleSection\":{\"1\":\"Rainer Werner\"},\"inLanguage\":\"de\",\"potentialAction\":[{\"@type\":\"CommentAction\",\"name\":\"Comment\",\"target\":[\"https:\\\/\\\/starke-meinungen.de\\\/blog\\\/2016\\\/12\\\/10\\\/gegen-die-kritik-am-pisa-test\\\/#respond\"]}]},{\"@type\":\"WebPage\",\"@id\":\"https:\\\/\\\/starke-meinungen.de\\\/blog\\\/2016\\\/12\\\/10\\\/gegen-die-kritik-am-pisa-test\\\/\",\"url\":\"https:\\\/\\\/starke-meinungen.de\\\/blog\\\/2016\\\/12\\\/10\\\/gegen-die-kritik-am-pisa-test\\\/\",\"name\":\"Gegen die Kritik am PISA-Test - starke-meinungen.de\",\"isPartOf\":{\"@id\":\"https:\\\/\\\/starke-meinungen.de\\\/blog\\\/#website\"},\"datePublished\":\"2016-12-10T08:18:28+00:00\",\"dateModified\":\"2016-12-12T09:14:24+00:00\",\"breadcrumb\":{\"@id\":\"https:\\\/\\\/starke-meinungen.de\\\/blog\\\/2016\\\/12\\\/10\\\/gegen-die-kritik-am-pisa-test\\\/#breadcrumb\"},\"inLanguage\":\"de\",\"potentialAction\":[{\"@type\":\"ReadAction\",\"target\":[\"https:\\\/\\\/starke-meinungen.de\\\/blog\\\/2016\\\/12\\\/10\\\/gegen-die-kritik-am-pisa-test\\\/\"]}]},{\"@type\":\"BreadcrumbList\",\"@id\":\"https:\\\/\\\/starke-meinungen.de\\\/blog\\\/2016\\\/12\\\/10\\\/gegen-die-kritik-am-pisa-test\\\/#breadcrumb\",\"itemListElement\":[{\"@type\":\"ListItem\",\"position\":1,\"name\":\"Startseite\",\"item\":\"https:\\\/\\\/starke-meinungen.de\\\/blog\\\/\"},{\"@type\":\"ListItem\",\"position\":2,\"name\":\"Gegen die Kritik am PISA-Test\"}]},{\"@type\":\"WebSite\",\"@id\":\"https:\\\/\\\/starke-meinungen.de\\\/blog\\\/#website\",\"url\":\"https:\\\/\\\/starke-meinungen.de\\\/blog\\\/\",\"name\":\"starke-meinungen.de\",\"description\":\"Autoren-Blog\",\"publisher\":{\"@id\":\"https:\\\/\\\/starke-meinungen.de\\\/blog\\\/#organization\"},\"potentialAction\":[{\"@type\":\"SearchAction\",\"target\":{\"@type\":\"EntryPoint\",\"urlTemplate\":\"https:\\\/\\\/starke-meinungen.de\\\/blog\\\/?s={search_term_string}\"},\"query-input\":{\"@type\":\"PropertyValueSpecification\",\"valueRequired\":true,\"valueName\":\"search_term_string\"}}],\"inLanguage\":\"de\"},{\"@type\":\"Organization\",\"@id\":\"https:\\\/\\\/starke-meinungen.de\\\/blog\\\/#organization\",\"name\":\"starke-meinungen.de\",\"url\":\"https:\\\/\\\/starke-meinungen.de\\\/blog\\\/\",\"logo\":{\"@type\":\"ImageObject\",\"inLanguage\":\"de\",\"@id\":\"https:\\\/\\\/starke-meinungen.de\\\/blog\\\/#\\\/schema\\\/logo\\\/image\\\/\",\"url\":\"https:\\\/\\\/starke-meinungen.de\\\/blog\\\/wp-content\\\/uploads\\\/starke-meinungen-fb-header.jpg\",\"contentUrl\":\"https:\\\/\\\/starke-meinungen.de\\\/blog\\\/wp-content\\\/uploads\\\/starke-meinungen-fb-header.jpg\",\"width\":1200,\"height\":630,\"caption\":\"starke-meinungen.de\"},\"image\":{\"@id\":\"https:\\\/\\\/starke-meinungen.de\\\/blog\\\/#\\\/schema\\\/logo\\\/image\\\/\"},\"sameAs\":[\"https:\\\/\\\/www.facebook.com\\\/starkemeinungen\\\/\",\"https:\\\/\\\/x.com\\\/starkemeinungen\"]},{\"@type\":\"Person\",\"@id\":\"https:\\\/\\\/starke-meinungen.de\\\/blog\\\/#\\\/schema\\\/person\\\/6af826c1bb87ec75580869d830616de2\",\"name\":\"Rainer Werner\",\"image\":{\"@type\":\"ImageObject\",\"inLanguage\":\"de\",\"@id\":\"https:\\\/\\\/secure.gravatar.com\\\/avatar\\\/6f37dc4eff27558ec03229bb8dd7133f519865cae374548719ce45fba3788ea8?s=96&d=mm&r=g\",\"url\":\"https:\\\/\\\/secure.gravatar.com\\\/avatar\\\/6f37dc4eff27558ec03229bb8dd7133f519865cae374548719ce45fba3788ea8?s=96&d=mm&r=g\",\"contentUrl\":\"https:\\\/\\\/secure.gravatar.com\\\/avatar\\\/6f37dc4eff27558ec03229bb8dd7133f519865cae374548719ce45fba3788ea8?s=96&d=mm&r=g\",\"caption\":\"Rainer Werner\"},\"url\":\"https:\\\/\\\/starke-meinungen.de\\\/blog\\\/author\\\/werner\\\/\"}]}<\/script>\n<!-- \/ Yoast SEO plugin. -->","yoast_head_json":{"title":"Gegen die Kritik am PISA-Test - starke-meinungen.de","robots":{"index":"index","follow":"follow","max-snippet":"max-snippet:-1","max-image-preview":"max-image-preview:large","max-video-preview":"max-video-preview:-1"},"canonical":"https:\/\/starke-meinungen.de\/blog\/2016\/12\/10\/gegen-die-kritik-am-pisa-test\/","og_locale":"de_DE","og_type":"article","og_title":"Gegen die Kritik am PISA-Test - starke-meinungen.de","og_description":"Alle drei Jahre ver\u00f6ffentlicht die OECD die Resultate des weltweit durchgef\u00fchrten Pisa-Tests. Die Schwerpunkte bei den getesteten Wissensgebieten variieren von Test zu Test. Mal m\u00fcssen die Sch\u00fcler ihr Leseverst\u00e4ndnis unter Beweis stellen, mal ihre F\u00e4higkeiten in den Naturwissenschaften\u00a0 oder in Mathematik. Die Politik sieht den Ergebnissen erwartungsvoll entgegen, weil das Ranking des eigenen Landes im Pool der teilnehmenden L\u00e4nder Anerkennung... Weiterlesen &raquo;","og_url":"https:\/\/starke-meinungen.de\/blog\/2016\/12\/10\/gegen-die-kritik-am-pisa-test\/","og_site_name":"starke-meinungen.de","article_publisher":"https:\/\/www.facebook.com\/starkemeinungen\/","article_published_time":"2016-12-10T08:18:28+00:00","article_modified_time":"2016-12-12T09:14:24+00:00","og_image":[{"width":1200,"height":630,"url":"https:\/\/starke-meinungen.de\/blog\/wp-content\/uploads\/starke-meinungen-fb-header.jpg","type":"image\/jpeg"}],"author":"Rainer Werner","twitter_card":"summary_large_image","twitter_creator":"@starkemeinungen","twitter_site":"@starkemeinungen","twitter_misc":{"Verfasst von":"Rainer Werner","Gesch\u00e4tzte Lesezeit":"5\u00a0Minuten"},"schema":{"@context":"https:\/\/schema.org","@graph":[{"@type":"Article","@id":"https:\/\/starke-meinungen.de\/blog\/2016\/12\/10\/gegen-die-kritik-am-pisa-test\/#article","isPartOf":{"@id":"https:\/\/starke-meinungen.de\/blog\/2016\/12\/10\/gegen-die-kritik-am-pisa-test\/"},"author":{"name":"Rainer Werner","@id":"https:\/\/starke-meinungen.de\/blog\/#\/schema\/person\/6af826c1bb87ec75580869d830616de2"},"headline":"Gegen die Kritik am PISA-Test","datePublished":"2016-12-10T08:18:28+00:00","dateModified":"2016-12-12T09:14:24+00:00","mainEntityOfPage":{"@id":"https:\/\/starke-meinungen.de\/blog\/2016\/12\/10\/gegen-die-kritik-am-pisa-test\/"},"wordCount":989,"commentCount":27,"publisher":{"@id":"https:\/\/starke-meinungen.de\/blog\/#organization"},"keywords":["Frankreich","GEW","OECD","Pisa","Schulqualit\u00e4t","SPD","TIMSS","Unterrichtsqualit\u00e4t","Vera 8"],"articleSection":{"1":"Rainer Werner"},"inLanguage":"de","potentialAction":[{"@type":"CommentAction","name":"Comment","target":["https:\/\/starke-meinungen.de\/blog\/2016\/12\/10\/gegen-die-kritik-am-pisa-test\/#respond"]}]},{"@type":"WebPage","@id":"https:\/\/starke-meinungen.de\/blog\/2016\/12\/10\/gegen-die-kritik-am-pisa-test\/","url":"https:\/\/starke-meinungen.de\/blog\/2016\/12\/10\/gegen-die-kritik-am-pisa-test\/","name":"Gegen die Kritik am PISA-Test - starke-meinungen.de","isPartOf":{"@id":"https:\/\/starke-meinungen.de\/blog\/#website"},"datePublished":"2016-12-10T08:18:28+00:00","dateModified":"2016-12-12T09:14:24+00:00","breadcrumb":{"@id":"https:\/\/starke-meinungen.de\/blog\/2016\/12\/10\/gegen-die-kritik-am-pisa-test\/#breadcrumb"},"inLanguage":"de","potentialAction":[{"@type":"ReadAction","target":["https:\/\/starke-meinungen.de\/blog\/2016\/12\/10\/gegen-die-kritik-am-pisa-test\/"]}]},{"@type":"BreadcrumbList","@id":"https:\/\/starke-meinungen.de\/blog\/2016\/12\/10\/gegen-die-kritik-am-pisa-test\/#breadcrumb","itemListElement":[{"@type":"ListItem","position":1,"name":"Startseite","item":"https:\/\/starke-meinungen.de\/blog\/"},{"@type":"ListItem","position":2,"name":"Gegen die Kritik am PISA-Test"}]},{"@type":"WebSite","@id":"https:\/\/starke-meinungen.de\/blog\/#website","url":"https:\/\/starke-meinungen.de\/blog\/","name":"starke-meinungen.de","description":"Autoren-Blog","publisher":{"@id":"https:\/\/starke-meinungen.de\/blog\/#organization"},"potentialAction":[{"@type":"SearchAction","target":{"@type":"EntryPoint","urlTemplate":"https:\/\/starke-meinungen.de\/blog\/?s={search_term_string}"},"query-input":{"@type":"PropertyValueSpecification","valueRequired":true,"valueName":"search_term_string"}}],"inLanguage":"de"},{"@type":"Organization","@id":"https:\/\/starke-meinungen.de\/blog\/#organization","name":"starke-meinungen.de","url":"https:\/\/starke-meinungen.de\/blog\/","logo":{"@type":"ImageObject","inLanguage":"de","@id":"https:\/\/starke-meinungen.de\/blog\/#\/schema\/logo\/image\/","url":"https:\/\/starke-meinungen.de\/blog\/wp-content\/uploads\/starke-meinungen-fb-header.jpg","contentUrl":"https:\/\/starke-meinungen.de\/blog\/wp-content\/uploads\/starke-meinungen-fb-header.jpg","width":1200,"height":630,"caption":"starke-meinungen.de"},"image":{"@id":"https:\/\/starke-meinungen.de\/blog\/#\/schema\/logo\/image\/"},"sameAs":["https:\/\/www.facebook.com\/starkemeinungen\/","https:\/\/x.com\/starkemeinungen"]},{"@type":"Person","@id":"https:\/\/starke-meinungen.de\/blog\/#\/schema\/person\/6af826c1bb87ec75580869d830616de2","name":"Rainer Werner","image":{"@type":"ImageObject","inLanguage":"de","@id":"https:\/\/secure.gravatar.com\/avatar\/6f37dc4eff27558ec03229bb8dd7133f519865cae374548719ce45fba3788ea8?s=96&d=mm&r=g","url":"https:\/\/secure.gravatar.com\/avatar\/6f37dc4eff27558ec03229bb8dd7133f519865cae374548719ce45fba3788ea8?s=96&d=mm&r=g","contentUrl":"https:\/\/secure.gravatar.com\/avatar\/6f37dc4eff27558ec03229bb8dd7133f519865cae374548719ce45fba3788ea8?s=96&d=mm&r=g","caption":"Rainer Werner"},"url":"https:\/\/starke-meinungen.de\/blog\/author\/werner\/"}]}},"_links":{"self":[{"href":"https:\/\/starke-meinungen.de\/blog\/wp-json\/wp\/v2\/posts\/6632","targetHints":{"allow":["GET"]}}],"collection":[{"href":"https:\/\/starke-meinungen.de\/blog\/wp-json\/wp\/v2\/posts"}],"about":[{"href":"https:\/\/starke-meinungen.de\/blog\/wp-json\/wp\/v2\/types\/post"}],"author":[{"embeddable":true,"href":"https:\/\/starke-meinungen.de\/blog\/wp-json\/wp\/v2\/users\/19"}],"replies":[{"embeddable":true,"href":"https:\/\/starke-meinungen.de\/blog\/wp-json\/wp\/v2\/comments?post=6632"}],"version-history":[{"count":3,"href":"https:\/\/starke-meinungen.de\/blog\/wp-json\/wp\/v2\/posts\/6632\/revisions"}],"predecessor-version":[{"id":6640,"href":"https:\/\/starke-meinungen.de\/blog\/wp-json\/wp\/v2\/posts\/6632\/revisions\/6640"}],"wp:attachment":[{"href":"https:\/\/starke-meinungen.de\/blog\/wp-json\/wp\/v2\/media?parent=6632"}],"wp:term":[{"taxonomy":"category","embeddable":true,"href":"https:\/\/starke-meinungen.de\/blog\/wp-json\/wp\/v2\/categories?post=6632"},{"taxonomy":"post_tag","embeddable":true,"href":"https:\/\/starke-meinungen.de\/blog\/wp-json\/wp\/v2\/tags?post=6632"}],"curies":[{"name":"wp","href":"https:\/\/api.w.org\/{rel}","templated":true}]}}