

{"id":6611,"date":"2016-11-25T15:00:19","date_gmt":"2016-11-25T15:00:19","guid":{"rendered":"https:\/\/starke-meinungen.de\/blog\/?p=6611"},"modified":"2016-11-27T12:22:52","modified_gmt":"2016-11-27T12:22:52","slug":"denkschablonen-statt-analyse-trumps-wahlsieg-im-zeichen-des-postfaktischen","status":"publish","type":"post","link":"https:\/\/starke-meinungen.de\/blog\/2016\/11\/25\/denkschablonen-statt-analyse-trumps-wahlsieg-im-zeichen-des-postfaktischen\/","title":{"rendered":"Denkschablonen statt Analyse &#8211; Trumps Wahlsieg im Zeichen des Postfaktischen"},"content":{"rendered":"<p><em>Nach dem Trump-\u201eSchock\u201c verrennt sich die deutsche Debatte in Eliten-Bashing. Die Engf\u00fchrung der Wahlanalyse zeigt, wie sehr sich der rechte Wertekanon \u2013 allen Unterdr\u00fcckungsvorw\u00fcrfen zum Trotz \u2013 in der Mitte des \u00f6ffentlichen Diskurses etabliert hat<\/em><\/p>\n<p>Vielleicht ist es typisch deutsch, aus allem sofort \u201eLehren\u201c ziehen zu wollen. Vielleicht liegt es auch an der Medienbeschleunigung im digitalen Zeitalter, die kein Deutungsvakuum mehr aush\u00e4lt, sondern auf der Stelle Sinn liefern muss. Dennoch wirkt es befremdlich, wie schnell sich die deutsche Debatte nach dem Pr\u00e4sidentschaftswahlsieg von Donald Trump auf eine alles dominierende Erz\u00e4hlung eingeschworen hat: Das Versagen einer sowohl in Amerika, aber auch in Merkel-Deutschland tonangebenden \u201eliberalen\u201c Meinungs-\u201eElite\u201c, die \u201edie da unten und ihre Sorgen\u201c seit langem verachte. So schrieb es Elisabeth Raether in der ZEIT, flankiert von zahlreichen \u00e4hnlich lautenden Kommentaren in anderen deutschen Zeitungen. Inzwischen ist die Deutung von der Anti-Establishment-Revolte der \u201eAbgeh\u00e4ngten\u201c offenbar so sehr <em>common sense<\/em>, dass Anne Will sie zum Ausgangspunkt ihres Fernseh-Interviews mit der wieder kandidierenden Kanzlerin Angela Merkel machte. Die \u201eModernisierungsverlierer\u201c m\u00fcssten auch hierzulande schnellstm\u00f6glich adressiert und ernstgenommen werden, so die Forderung. Andernfalls drohe auch in Deutschland ein Sieg der Rechtspopulisten.<\/p>\n<p><!--more--><\/p>\n<p><strong>Mobilisierungsdefizite und \u201eWir\u201c-Schw\u00e4chen<\/strong><\/p>\n<p>Nun ist das \u201eErnst-\u201c und Wieder-Mithineinnehmen der \u201eAbgeh\u00e4ngten\u201c und Sich-Abgeh\u00e4ngt-F\u00fchlenden tats\u00e4chlich eminent wichtig f\u00fcr die demokratische Stabilit\u00e4t: Getreu dem ber\u00fchmten Diktum des Verfassungsrechtlers Ernst-Wolfgang B\u00f6ckenf\u00f6rde ist der \u201efreiheitliche, s\u00e4kularisierte Staat\u201c auf die loyale Gesinnung und die freiwillige Partizipation seiner B\u00fcrger angewiesen. Auf ein liberal-demokratisch affiziertes Wir-Gef\u00fchl, das nicht mithilfe von autorit\u00e4ren Mitteln erzwungen, wohl aber hergestellt werden kann: durch sozial- und bildungspolitische Ma\u00dfnahmen, vor allem aber durch kulturelle Strategien, die bestenfalls einen systemst\u00e4rkenden, pluralismus\u00fcberw\u00f6lbenden \u201esense of belonging\u201c (Ralf Dahrendorf) erzeugen.<\/p>\n<p>Die \u201eTechnokratin\u201c und \u201eWall Street-Kandidatin\u201c Hillary Clinton, so die Wahrnehmung, hat auf dieser Ebene grandios versagt. Ihr akademisch-urbaner, emanzipatorischer Liberalismus hat das \u201eVolk\u201c verfehlt \u2013 ausgerecht im Geburtsland des \u201emelting pot\u201c-Gedankens und selbst im traditionell demokratischen US-Bundesstaat Pennsylvania, wo am 4. Juli 1776 die amerikanische Unabh\u00e4ngigkeitserkl\u00e4rung verk\u00fcndet wurde, einschlie\u00dflich der Pr\u00e4ambel: \u201cWe hold these truths to be self-evident, that all men are created equal, that they are endowed by their Creator with certain unalienable Rights, that among these are Life, Liberty and the pursuit of Happiness.\u201d<\/p>\n<p>Aber auch Merkels dritte Amtszeit steht im Zeichen wachsender Polarisierung und Abwendung vom Staat, mehr noch: Ihr urdemokratisches Machbarkeitscredo \u201eWir schaffen das!\u201c avancierte bei ihren Gegnern zum Feindbild-Fetisch schlechthin \u2013 zur Bankrotterkl\u00e4rung einer Kanzlerin, die sich der Realit\u00e4t vermeintlich entfremdet hat.<\/p>\n<p><strong>Demokratische Selbst-Inventur statt Lamento<\/strong><\/p>\n<p>Grund genug, auch in Deutschland jene Art von kritischer Inventur zu betreiben, ohne die jede Demokratie in alternativloser Selbstgef\u00e4lligkeit erstarrt und zur blo\u00dfen H\u00fclle verkommt. Grund genug, die eigenen, durch Jahre des \u201eMarktkonformit\u00e4ts\u201c-Primats ausged\u00fcnnten Wertefundamente zu hinterfragen, die Sozialpolitik, die Bildungspolitik, und gegebenenfalls dar\u00fcber zu reflektieren, ob der sogenannten \u201eWillkommenskultur\u201c nicht auch so etwas wie eine Verabschiedungskultur gegen\u00fcbersteht: die kulturelle Geringsch\u00e4tzung derer, die in den Augen der \u00d6ffentlichkeit nur mehr als \u201eSystemverlierer\u201c und Dienstleistungs-Plebs firmieren \u2013 ohne den identit\u00e4tsst\u00e4rkenden Kokon der Arbeitermilieus von einst und ohne Parteilobby, die die rationalen und irrationalen Verdr\u00e4ngungs\u00e4ngste jener Menschen in demokratiekonforme Bahnen kanalisiert.<\/p>\n<p>Aus selbstkritischen Fragen dieser Art k\u00f6nnte im besten Fall entstehen, was derzeit so dringend vonn\u00f6ten ist: attraktive Erz\u00e4hlungen \u00fcber die liberale, pluralistische Demokratie, die die Ideen der Freiheit und Gleichheit vor der Kulisse der Globalisierung mit neuem Inhalt f\u00fcllen. Kraftvolle Narrative, die auch denen realistische Andockpunkte bieten, die sich au\u00dferhalb des Spiels w\u00e4hnen und dementsprechend wahrgenommen werden.<\/p>\n<p><strong>Mythisierung der Wahl-Analyse<\/strong><\/p>\n<p>In jedem Fall ist das Wieder-Anh\u00e4ngen von \u201eAbgeh\u00e4ngten\u201c harte Arbeit, wie auch Angela Merkel im Fernsehinterview bekr\u00e4ftigte. Die \u201eLektionen\u201c die dieser Tage so reflexartig zur Befriedung derer \u201eda unten\u201c propagiert werden, bestechen dagegen durch ihren ausgepr\u00e4gten Pragmatismus-Minimalismus \u2013 und entpuppen sich bei n\u00e4herer Analyse selbst als elit\u00e4re Gesch\u00f6pfe: Sie sind Schreibtischprojektionen, in deren Kontext es weniger um die realen N\u00f6te realer Abgeh\u00e4ngter geht, als vielmehr darum, vertikale Konfliktgeschichten mit horizontaler Sto\u00dfrichtung zu instrumentalisieren: im Kampf der einen Elite gegen die andere.<\/p>\n<p>US-Linke, aber auch deutsche Publizisten wie Jakob Augstein, berufen sich auf einen sozialromantisch-mythisierten Chor der Elenden, um auf diesem Wege das Ende des neoliberalen Establishments zu beschw\u00f6ren. Demgegen\u00fcber nutzen Teile eines sich selbst als \u201eliberal\u201c oder \u201ekonservativ\u201c bezeichnenden Establishments die Gunst des Trump-Schocks, um eine vermeintlich \u201emoralisierende\u201c linksliberale Elite mit verst\u00e4rktem Furor anzugreifen. Beide Narrative modellieren sich ihre Protagonisten nach Bedarf und beide liegen in entscheidenden Punkten neben der Realit\u00e4t.<\/p>\n<p><strong>\u201eAbgeh\u00e4ngte\u201c als Schreibtischprojektion <\/strong><\/p>\n<p>Ja, Trump hat in hohem Ma\u00dfe jene W\u00e4hler mobilisiert, die in Hillary Clintons fahrl\u00e4ssiger Diktion als \u201eBeklagenswerte\u201c rangieren. Die Verelendeten des \u201erust belt\u201c, den \u201ewhite trash\u201c, die Hillbillys: Menschen, f\u00fcr die der amerikanische Aufstiegstraum schon lange nicht mehr funktioniert, so er es je tat, und deren Sehns\u00fcchte Trump ungemein treffsicher mit \u201estraight talk\u201c, patriarchalischen Versprechungen und rhetorischen Aufwertungsformeln adressierte.<\/p>\n<p>Sein Sieg verdankt sich jedoch zugleich einer gro\u00dfen Anzahl von wei\u00dfen und wohlhabenden W\u00e4hlern \u2013 \u00e4hnlich wie auch die AfD 33,9 % ihrer Sympathisanten aus dem reichsten F\u00fcnftel der Bev\u00f6lkerung rekrutiert (Quelle: IW K\u00f6ln, Stand: Fr\u00fchjahr 2016). Ganz zu schweigen von jenen US-B\u00fcrgern, deren politische DNA schon immer republikanisch war und die im Falle Clintons umso entschiedener bei ihren Wurzeln blieben. She\u2018s cold and she\u2019s a woman, stupid. Auch das fiel ins Gewicht. Doch es passt nicht recht in die Erz\u00e4hlung von der Revolte der \u201eAbgeh\u00e4ngten\u201c. Es passt ebenso wenig wie die Tatsache, dass Clintons vermeintlich blutleerer Liberalismus an den Urnen \u00fcber eine Million mehr Stimmen holte als Trumps roher Pr\u00e4datoren-Populismus oder das schiere Faktum, dass Obama-Amerika durchaus nicht mit Merkel-Deutschland identisch ist.<\/p>\n<p>Die Wahlsysteme beider L\u00e4nder unterscheiden sich ebenso fundamental wie die Sozialsysteme oder die politische Kultur, die jenseits des Atlantiks traditionell von sehr viel mehr Misstrauen gegen\u00fcber dem Staat gepr\u00e4gt ist. Und so sicher jeder einzelne \u201eAbgeh\u00e4ngte\u201c sowohl in den USA als auch hierzulande eine pers\u00f6nliche Verantwortung daf\u00fcr tr\u00e4gt, ob er minderheitenfeindliche, rassistisch p\u00f6belnde Populisten w\u00e4hlt oder nicht, so vielgestaltig-eigenm\u00fcndig sind auch die Handlungsmotive derer, die in jenen Erz\u00e4hlungen zu \u201eEliten\u201c verallgemeinert werden.<\/p>\n<p>Gleichf\u00f6rmig agierende Kartelle werden daraus erst, wenn sie durch engf\u00fchrende Sprachstrategien als solche pr\u00e4sentiert werden. Dann ist die \u201eliberale\u201c Presse kein heterogener Verbund, der neben Falscheinsch\u00e4tzungen im Angesicht des Neuen auch treffsichere US-Vorwahlanalysen hervorbrachte, sondern ein politisch fehlprogrammierter \u201eelit\u00e4rer\u201c Apparat, der zwangsl\u00e4ufig den immer gleichen <em>system error<\/em> produziert: volksverachtende Botschaften, die sich nun showdownm\u00e4\u00dfig r\u00e4chen. Dann wird das Clinton-Obama-Establishment das Merkel-Roth-Establishment: voller Verachtung f\u00fcr die \u201eZur\u00fcckgebliebenen\u201c, in einer \u201eliberalen Blase\u201c lebend \u2013 und eben deshalb dem Untergang geweiht, wie es linke und rechte Publizisten nun auf beiden Seiten des Atlantiks verk\u00fcnden.<\/p>\n<p><strong>Die unheimliche Macht der Anti-PC-Schablonen<\/strong><\/p>\n<p>Nur, dass die deutschen Nachwahl-Debatte ganz klar vom Eliten-Bashing der Rechtsausleger dominiert wird. Sie steht im Zeichen eines ebenso altbekannten wie hochritualisierten Anti-Political-Correctness-Diskurses, der sich bizarrerweise noch immer auf sein Ausgegrenzt-Sein beruft \u2013 obwohl seine zackigen Imperative seit dem 9. November lauter denn je durch alle Medien und Talkshows dr\u00f6hnen. Die allm\u00e4chtigen Sprach-Schablonen jenes Diskurses st\u00fclpen sich scheinbar m\u00fchelos \u00fcber die die Deutung der Trump-Wahl und instrumentalisieren sie, um die letzten Bastionen einer vermeintlichen link(sliberal)en \u201eMeinungs\u201c-Herrschaft niederzurei\u00dfen. Dabei werden gezielt weiblich konnotierte Negativ-Stereotype beschworen, wie Patrick Bahners in seiner FAZ-Analyse der Anti-Merkel-Rhetorik hervorhob: feststehende Schm\u00e4hbegriffe, die ein ganzes, verhasstes Milieu einschlie\u00dflich seiner Repr\u00e4sentanten und insbesondere Repr\u00e4sentantinnen als ebenso herrisch wie schw\u00e4rmerisch-verblendet delegitimieren \u2013 w\u00e4hrend sich die Gegner als Vork\u00e4mpfer einer maskulin-zupackenden \u201eRealpolitik\u201c inszenieren.<\/p>\n<p>Innerhalb dieser Logik firmieren Hillary Clinton und Angela Merkel, aber auch Carolin Emcke und weitere profilierte \u201eBessermenschen\u201c allesamt als Mitglieder der gleichen Sekte. Sie sind Teil einer \u201eGesinnungselite\u201c, die in einem merkw\u00fcrdigen Spannungsfeld zwischen \u201emoralischer Hybris\u201c und sentimentaler Heuchelei agiert und bei der Beschw\u00f6rung ihrer Ideale vorzugsweise aus dem Arsenal emotionaler Manipulationstechniken sch\u00f6pft. Sie bem\u00fchen humanit\u00e4r-\u201enarzisstisch\u201c verstrahlte \u201eWir schaffen das!\u201c-\u201eMantren\u201c oder aber \u201eKirchentagsmott(i)\u201c, wie Alexander Kissler Clintons Wahlkampf-Slogan \u201eStronger Together\u201c im CICERO nannte. \u00a0Sie lieben Minderheiten und Migranten und berauschen sich an ihrer eigenen \u201eToleranz\u201c. Sie haben eine volksferne \u201eHerrschaft des Richtigen\u201c (Elisabeth Raether, ZEIT) errichtet, die sie gegebenenfalls im Verbund mit \u201eDiskursw\u00e4chter(n)\u201c (Ulf Poschardt, WELT) durchsetzen. Von der hohen Warte, vom Lehrstuhl, oder gleich von Kanzel. So wie Emcke, die vermeintliche \u201eHohepriesterin der politischen Korrektheit\u201c (Oliver Zimski, achgut.com), die sich bei ihrer Friedenspreisrede in der Paulskirche als k\u00e4ssmannartige \u201eBetroffenheits\u201c-Heroine feiern lie\u00df (Jan Fleischhauer via Twitter) und sich dabei desselben Vergehens schuldig machte wie Clinton oder Merkel: Sie predigte einzig zu Ihresgleichen, und grenzte all jene aus, die sich ihren verabsolutierten Werten verweigerten.<\/p>\n<p><strong>Durchbruch eines rechten Wertekanons<\/strong><\/p>\n<p>Vor zwanzig Jahren, als alles noch irgendwie im Lot war, beschr\u00e4nkte sich dieser Anti-PC-Diskurs auf das Milieu der amerikanischen Neo-Cons und Ultrarechten sowie die deutsche neurechte Szene, die den Begriff \u201eMoral\u201c im Anschluss an Carl Schmitt und Arnold Gehlen seit Jahr und Tag als Schm\u00e4hwort wider die Aufkl\u00e4rungsidee universaler Menschenrechte in Stellung bringt. Nach Sarrazins \u201eTugendterror\u201c-Offensive sprangen konservative Linken- und \u201eGutmenschen\u201c-Ver\u00e4chter mit Achtundsechziger-Abwicklungs-Phantasien auf den Anti-PC-Zug auf, w\u00e4hrend Pegida ihn zur Terrormaschine wider die \u201eVolksverr\u00e4ter\u201c und ihr linksgr\u00fcnversifftes Gefolge hochr\u00fcstete.<\/p>\n<p>Seit Trumps Wahlsieg aber \u2013 und das ist das Erschreckende &#8211; scheinen selbst die derart Angegriffenen im Nostra-Culpa-Modus zu adaptieren, was als Establishment-Kritik von rechts an sie herangetragen wird: Die gr\u00fcne Elite habe den Kontakt zu den Massen verloren, sagte Bastian Hermisson, der Chef der Heinrich-B\u00f6ll-Stiftung in den USA, auf dem Gr\u00fcnen-Parteitag in M\u00fcnster. Sie m\u00fcsse den \u201eDuktus der moralischen \u00dcberheblichkeit\u201c ablegen, sonst geh\u00f6re die Zukunft dem Rechtspopulismus.<\/p>\n<p>Das Fatale an solchen Redeweisen liegt darin, dass sie eben jene realit\u00e4tserzeugenden Sprachmuster multiplizieren, die Trump selbst reicht eigentlich zum Erfolg gebracht haben. Sie bekr\u00e4ftigen die Logik einer Kampagne, deren Anti-Establishment-Hatespeech auf der Zielgeraden nicht zuf\u00e4llig durch den Germanizismus \u201eL\u00fcgenpresse\u201c erweitert wurde. Vor allem aber verzerren sie die sachliche Wahlanalyse durch jene Umkehrung des T\u00e4ter-Opfer-Verh\u00e4ltnisses, die den Anti-PC-Diskurs seit seinen Anf\u00e4ngen kennzeichnet.<\/p>\n<p>\u201eVerstanden\u201c werden sollen Menschen, die schlimmstenfalls an j\u00fcdisch-kapitalistische Weltelitenverschw\u00f6rungen glauben, die Fl\u00fcchtlinge f\u00fcr \u201eInvasoren\u201c halten und gew\u00e4hlte Politiker als \u201eVolksverr\u00e4ter\u201c niederschreien. Menschen, die lustvoll-regressiv alles niederm\u00e4hen, was Deutschland nach 1945 als Wertefundament stabilisiert hat, w\u00e4hrend sich der anklagende Zeigefinger auf diejenigen richtet, die- vermeintlich zu laut, zu pathetisch und selbstgef\u00e4llig \u2013 f\u00fcr die freie und offene Gesellschaft das Wort ergreifen.<\/p>\n<p><strong>Rechte Umwertung aller Werte<\/strong><\/p>\n<p>Schuld am Aufstieg von Trump, AfD und Co. sind nach dieser Lesart ausgerechnet jene Politiker und Journalisten, die den wahrnehmungsdeformierenden, aufkl\u00e4rungsfeindlichen \u201eFrames\u201c der Rechtsausleger freiheitlich-pluralistische Konter-Narrative entgegensetzen und somit genau das tun, was der Rechtspopulismus-Forscher Jan-Werner M\u00fcller f\u00fcr die wirkungsvollste Strategie wider die Kulturkampftaktiken der Autorit\u00e4ren h\u00e4lt. Schuld ist Merkel, die selbst in ihrer Gratulationsbotschaft an Trump \u201emoralisch\u201c anma\u00dfend auf die Werte des Westens pochen musste. Schuld sind diejenigen, die \u201edenunziatorisch\u201c auf das Vordringen neurechter Sprachmuster verweisen oder jene, die dem Rechtsstaat den Vorrang vor dem \u201egesunden\u201c Gerechtigkeitssinn des \u201eVolkes\u201c einr\u00e4umen wollen.<\/p>\n<p>Der rassistische, aggressiv-tabubrechende, menschenverachtend-populistische Bulldozer Trump wird dagegen kaum verhohlen als chaosstiftender <em>trickster<\/em> <em>god <\/em>bewundert. Als Political-Correctness-Terminator und Exekutor einer l\u00e4ngst \u00fcberf\u00e4lligen link(sliberal)en Meinungsg\u00f6tterd\u00e4mmerung, die Trumps neurechte Nacheiferer in Deutschland mit noch gr\u00f6\u00dferer Leidenschaft herbeisehen: als erste Stufe ihres Fundamentalangriffs auf den Liberalismus schlechthin.<\/p>\n<p>Der Westen ist noch lange nicht tot, doch er wird gerade mit durchschlagendem Erfolg totgeredet, oder besser: mit ritualisierten Gebetsformeln totgebr\u00fcllt. Es wird Zeit, dagegenzuhalten und den neuen, antifreiheitlichen Gottesdienst mit allem zu st\u00f6ren, was das liberal-pluralistische Selbstbewusstsein an Gegenwehr zu bieten hat. Messdiener hat der rechtspopulistische Kultus wei\u00df Gott genug.<\/p>\n<div class=\"shariff shariff-align-left shariff-widget-align-left shariff-buttonstretch\" style=\"display:none\"><ul class=\"shariff-buttons theme-white orientation-horizontal buttonsize-medium\"><li class=\"shariff-button facebook shariff-nocustomcolor\" style=\"background-color:#4273c8\"><a href=\"https:\/\/www.facebook.com\/sharer\/sharer.php?u=https%3A%2F%2Fstarke-meinungen.de%2Fblog%2F2016%2F11%2F25%2Fdenkschablonen-statt-analyse-trumps-wahlsieg-im-zeichen-des-postfaktischen%2F\" title=\"Bei Facebook teilen\" aria-label=\"Bei Facebook teilen\" role=\"button\" rel=\"nofollow\" class=\"shariff-link\" style=\"; background-color:#3b5998; color:#3b5998\" target=\"_blank\"><span class=\"shariff-icon\" style=\"fill:#3b5998\"><svg width=\"32px\" height=\"20px\" xmlns=\"http:\/\/www.w3.org\/2000\/svg\" viewBox=\"0 0 18 32\"><path fill=\"#3b5998\" d=\"M17.1 0.2v4.7h-2.8q-1.5 0-2.1 0.6t-0.5 1.9v3.4h5.2l-0.7 5.3h-4.5v13.6h-5.5v-13.6h-4.5v-5.3h4.5v-3.9q0-3.3 1.9-5.2t5-1.8q2.6 0 4.1 0.2z\"\/><\/svg><\/span><span class=\"shariff-text\" style=\"color:#3b5998\">teilen<\/span>&nbsp;<\/a><\/li><li class=\"shariff-button twitter shariff-nocustomcolor\" style=\"background-color:#595959\"><a href=\"https:\/\/twitter.com\/share?url=https%3A%2F%2Fstarke-meinungen.de%2Fblog%2F2016%2F11%2F25%2Fdenkschablonen-statt-analyse-trumps-wahlsieg-im-zeichen-des-postfaktischen%2F&text=Denkschablonen%20statt%20Analyse%20%E2%80%93%20Trumps%20Wahlsieg%20im%20Zeichen%20des%20Postfaktischen&via=starkemeinungen\" title=\"Bei X teilen\" aria-label=\"Bei X teilen\" role=\"button\" rel=\"noopener nofollow\" class=\"shariff-link\" style=\"; background-color:#000; color:#000\" target=\"_blank\"><span class=\"shariff-icon\" style=\"fill:#000\"><svg width=\"32px\" height=\"20px\" xmlns=\"http:\/\/www.w3.org\/2000\/svg\" viewBox=\"0 0 24 24\"><path fill=\"#000\" d=\"M14.258 10.152L23.176 0h-2.113l-7.747 8.813L7.133 0H0l9.352 13.328L0 23.973h2.113l8.176-9.309 6.531 9.309h7.133zm-2.895 3.293l-.949-1.328L2.875 1.56h3.246l6.086 8.523.945 1.328 7.91 11.078h-3.246zm0 0\"\/><\/svg><\/span><span class=\"shariff-text\" style=\"color:#000\">teilen<\/span>&nbsp;<\/a><\/li><li class=\"shariff-button linkedin shariff-nocustomcolor\" style=\"background-color:#1488bf\"><a href=\"https:\/\/www.linkedin.com\/sharing\/share-offsite\/?url=https%3A%2F%2Fstarke-meinungen.de%2Fblog%2F2016%2F11%2F25%2Fdenkschablonen-statt-analyse-trumps-wahlsieg-im-zeichen-des-postfaktischen%2F\" title=\"Bei LinkedIn teilen\" aria-label=\"Bei LinkedIn teilen\" role=\"button\" rel=\"noopener nofollow\" class=\"shariff-link\" style=\"; background-color:#0077b5; color:#0077b5\" target=\"_blank\"><span class=\"shariff-icon\" style=\"fill:#0077b5\"><svg width=\"32px\" height=\"20px\" xmlns=\"http:\/\/www.w3.org\/2000\/svg\" viewBox=\"0 0 27 32\"><path fill=\"#0077b5\" d=\"M6.2 11.2v17.7h-5.9v-17.7h5.9zM6.6 5.7q0 1.3-0.9 2.2t-2.4 0.9h0q-1.5 0-2.4-0.9t-0.9-2.2 0.9-2.2 2.4-0.9 2.4 0.9 0.9 2.2zM27.4 18.7v10.1h-5.9v-9.5q0-1.9-0.7-2.9t-2.3-1.1q-1.1 0-1.9 0.6t-1.2 1.5q-0.2 0.5-0.2 1.4v9.9h-5.9q0-7.1 0-11.6t0-5.3l0-0.9h5.9v2.6h0q0.4-0.6 0.7-1t1-0.9 1.6-0.8 2-0.3q3 0 4.9 2t1.9 6z\"\/><\/svg><\/span><span class=\"shariff-text\" style=\"color:#0077b5\">teilen<\/span>&nbsp;<\/a><\/li><li class=\"shariff-button xing shariff-nocustomcolor\" style=\"background-color:#29888a\"><a href=\"https:\/\/www.xing.com\/spi\/shares\/new?url=https%3A%2F%2Fstarke-meinungen.de%2Fblog%2F2016%2F11%2F25%2Fdenkschablonen-statt-analyse-trumps-wahlsieg-im-zeichen-des-postfaktischen%2F\" title=\"Bei XING teilen\" aria-label=\"Bei XING teilen\" role=\"button\" rel=\"noopener nofollow\" class=\"shariff-link\" style=\"; background-color:#126567; color:#126567\" target=\"_blank\"><span class=\"shariff-icon\" style=\"fill:#126567\"><svg width=\"32px\" height=\"20px\" xmlns=\"http:\/\/www.w3.org\/2000\/svg\" viewBox=\"0 0 25 32\"><path fill=\"#126567\" d=\"M10.7 11.9q-0.2 0.3-4.6 8.2-0.5 0.8-1.2 0.8h-4.3q-0.4 0-0.5-0.3t0-0.6l4.5-8q0 0 0 0l-2.9-5q-0.2-0.4 0-0.7 0.2-0.3 0.5-0.3h4.3q0.7 0 1.2 0.8zM25.1 0.4q0.2 0.3 0 0.7l-9.4 16.7 6 11q0.2 0.4 0 0.6-0.2 0.3-0.6 0.3h-4.3q-0.7 0-1.2-0.8l-6-11.1q0.3-0.6 9.5-16.8 0.4-0.8 1.2-0.8h4.3q0.4 0 0.5 0.3z\"\/><\/svg><\/span><span class=\"shariff-text\" style=\"color:#126567\">teilen<\/span>&nbsp;<\/a><\/li><li class=\"shariff-button whatsapp shariff-nocustomcolor\" style=\"background-color:#5cbe4a\"><a href=\"https:\/\/api.whatsapp.com\/send?text=https%3A%2F%2Fstarke-meinungen.de%2Fblog%2F2016%2F11%2F25%2Fdenkschablonen-statt-analyse-trumps-wahlsieg-im-zeichen-des-postfaktischen%2F%20Denkschablonen%20statt%20Analyse%20%E2%80%93%20Trumps%20Wahlsieg%20im%20Zeichen%20des%20Postfaktischen\" title=\"Bei Whatsapp teilen\" aria-label=\"Bei Whatsapp teilen\" role=\"button\" rel=\"noopener nofollow\" class=\"shariff-link\" style=\"; background-color:#34af23; color:#34af23\" target=\"_blank\"><span class=\"shariff-icon\" style=\"fill:#34af23\"><svg width=\"32px\" height=\"20px\" xmlns=\"http:\/\/www.w3.org\/2000\/svg\" viewBox=\"0 0 32 32\"><path fill=\"#34af23\" d=\"M17.6 17.4q0.2 0 1.7 0.8t1.6 0.9q0 0.1 0 0.3 0 0.6-0.3 1.4-0.3 0.7-1.3 1.2t-1.8 0.5q-1 0-3.4-1.1-1.7-0.8-3-2.1t-2.6-3.3q-1.3-1.9-1.3-3.5v-0.1q0.1-1.6 1.3-2.8 0.4-0.4 0.9-0.4 0.1 0 0.3 0t0.3 0q0.3 0 0.5 0.1t0.3 0.5q0.1 0.4 0.6 1.6t0.4 1.3q0 0.4-0.6 1t-0.6 0.8q0 0.1 0.1 0.3 0.6 1.3 1.8 2.4 1 0.9 2.7 1.8 0.2 0.1 0.4 0.1 0.3 0 1-0.9t0.9-0.9zM14 26.9q2.3 0 4.3-0.9t3.6-2.4 2.4-3.6 0.9-4.3-0.9-4.3-2.4-3.6-3.6-2.4-4.3-0.9-4.3 0.9-3.6 2.4-2.4 3.6-0.9 4.3q0 3.6 2.1 6.6l-1.4 4.2 4.3-1.4q2.8 1.9 6.2 1.9zM14 2.2q2.7 0 5.2 1.1t4.3 2.9 2.9 4.3 1.1 5.2-1.1 5.2-2.9 4.3-4.3 2.9-5.2 1.1q-3.5 0-6.5-1.7l-7.4 2.4 2.4-7.2q-1.9-3.2-1.9-6.9 0-2.7 1.1-5.2t2.9-4.3 4.3-2.9 5.2-1.1z\"\/><\/svg><\/span><span class=\"shariff-text\" style=\"color:#34af23\">teilen<\/span>&nbsp;<\/a><\/li><li class=\"shariff-button info shariff-nocustomcolor\" style=\"background-color:#a8a8a8\"><a href=\"http:\/\/ct.de\/-2467514\" title=\"Weitere Informationen\" aria-label=\"Weitere Informationen\" role=\"button\" rel=\"noopener \" class=\"shariff-link\" style=\"; background-color:#999; color:#999\" target=\"_blank\"><span class=\"shariff-icon\" style=\"fill:#999\"><svg width=\"32px\" height=\"20px\" xmlns=\"http:\/\/www.w3.org\/2000\/svg\" viewBox=\"0 0 11 32\"><path fill=\"#999\" d=\"M11.4 24v2.3q0 0.5-0.3 0.8t-0.8 0.4h-9.1q-0.5 0-0.8-0.4t-0.4-0.8v-2.3q0-0.5 0.4-0.8t0.8-0.4h1.1v-6.8h-1.1q-0.5 0-0.8-0.4t-0.4-0.8v-2.3q0-0.5 0.4-0.8t0.8-0.4h6.8q0.5 0 0.8 0.4t0.4 0.8v10.3h1.1q0.5 0 0.8 0.4t0.3 0.8zM9.2 3.4v3.4q0 0.5-0.4 0.8t-0.8 0.4h-4.6q-0.4 0-0.8-0.4t-0.4-0.8v-3.4q0-0.4 0.4-0.8t0.8-0.4h4.6q0.5 0 0.8 0.4t0.4 0.8z\"\/><\/svg><\/span><\/a><\/li><\/ul><\/div>","protected":false},"excerpt":{"rendered":"<p>Nach dem Trump-\u201eSchock\u201c verrennt sich die deutsche Debatte in Eliten-Bashing. Die Engf\u00fchrung der Wahlanalyse zeigt, wie sehr sich der rechte Wertekanon \u2013 allen Unterdr\u00fcckungsvorw\u00fcrfen zum Trotz \u2013 in der Mitte des \u00f6ffentlichen Diskurses etabliert hat Vielleicht ist es typisch deutsch, aus allem sofort \u201eLehren\u201c ziehen zu wollen. Vielleicht liegt es auch an der Medienbeschleunigung im digitalen Zeitalter, die kein Deutungsvakuum&#8230; <a href=\"https:\/\/starke-meinungen.de\/blog\/2016\/11\/25\/denkschablonen-statt-analyse-trumps-wahlsieg-im-zeichen-des-postfaktischen\/\">Weiterlesen &raquo;<\/a><\/p>\n","protected":false},"author":29,"featured_media":0,"comment_status":"open","ping_status":"open","sticky":false,"template":"","format":"standard","meta":{"footnotes":""},"categories":[1],"tags":[101,2639,2909,754,31,2446,2469],"class_list":["post-6611","post","type-post","status-publish","format-standard","hentry","category-allgemein","tag-angela-merkel","tag-donald-trump","tag-elisabeth-raether","tag-eliten","tag-hillary-clinton","tag-patrick-bahners","tag-ulf-poschardt"],"yoast_head":"<!-- This site is optimized with the Yoast SEO plugin v27.4 - https:\/\/yoast.com\/product\/yoast-seo-wordpress\/ -->\n<title>Denkschablonen statt Analyse - Trumps Wahlsieg im Zeichen des Postfaktischen - starke-meinungen.de<\/title>\n<meta name=\"robots\" content=\"index, follow, max-snippet:-1, max-image-preview:large, max-video-preview:-1\" \/>\n<link rel=\"canonical\" href=\"https:\/\/starke-meinungen.de\/blog\/2016\/11\/25\/denkschablonen-statt-analyse-trumps-wahlsieg-im-zeichen-des-postfaktischen\/\" \/>\n<meta property=\"og:locale\" content=\"de_DE\" \/>\n<meta property=\"og:type\" content=\"article\" \/>\n<meta property=\"og:title\" content=\"Denkschablonen statt Analyse - Trumps Wahlsieg im Zeichen des Postfaktischen - starke-meinungen.de\" \/>\n<meta property=\"og:description\" content=\"Nach dem Trump-\u201eSchock\u201c verrennt sich die deutsche Debatte in Eliten-Bashing. Die Engf\u00fchrung der Wahlanalyse zeigt, wie sehr sich der rechte Wertekanon \u2013 allen Unterdr\u00fcckungsvorw\u00fcrfen zum Trotz \u2013 in der Mitte des \u00f6ffentlichen Diskurses etabliert hat Vielleicht ist es typisch deutsch, aus allem sofort \u201eLehren\u201c ziehen zu wollen. Vielleicht liegt es auch an der Medienbeschleunigung im digitalen Zeitalter, die kein Deutungsvakuum... Weiterlesen &raquo;\" \/>\n<meta property=\"og:url\" content=\"https:\/\/starke-meinungen.de\/blog\/2016\/11\/25\/denkschablonen-statt-analyse-trumps-wahlsieg-im-zeichen-des-postfaktischen\/\" \/>\n<meta property=\"og:site_name\" content=\"starke-meinungen.de\" \/>\n<meta property=\"article:publisher\" content=\"https:\/\/www.facebook.com\/starkemeinungen\/\" \/>\n<meta property=\"article:published_time\" content=\"2016-11-25T15:00:19+00:00\" \/>\n<meta property=\"article:modified_time\" content=\"2016-11-27T12:22:52+00:00\" \/>\n<meta property=\"og:image\" content=\"https:\/\/starke-meinungen.de\/blog\/wp-content\/uploads\/starke-meinungen-fb-header.jpg\" \/>\n\t<meta property=\"og:image:width\" content=\"1200\" \/>\n\t<meta property=\"og:image:height\" content=\"630\" \/>\n\t<meta property=\"og:image:type\" content=\"image\/jpeg\" \/>\n<meta name=\"author\" content=\"Verena Weidenbach\" \/>\n<meta name=\"twitter:card\" content=\"summary_large_image\" \/>\n<meta name=\"twitter:creator\" content=\"@starkemeinungen\" \/>\n<meta name=\"twitter:site\" content=\"@starkemeinungen\" \/>\n<meta name=\"twitter:label1\" content=\"Verfasst von\" \/>\n\t<meta name=\"twitter:data1\" content=\"Verena Weidenbach\" \/>\n\t<meta name=\"twitter:label2\" content=\"Gesch\u00e4tzte Lesezeit\" \/>\n\t<meta name=\"twitter:data2\" content=\"10\u00a0Minuten\" \/>\n<script type=\"application\/ld+json\" class=\"yoast-schema-graph\">{\"@context\":\"https:\\\/\\\/schema.org\",\"@graph\":[{\"@type\":\"Article\",\"@id\":\"https:\\\/\\\/starke-meinungen.de\\\/blog\\\/2016\\\/11\\\/25\\\/denkschablonen-statt-analyse-trumps-wahlsieg-im-zeichen-des-postfaktischen\\\/#article\",\"isPartOf\":{\"@id\":\"https:\\\/\\\/starke-meinungen.de\\\/blog\\\/2016\\\/11\\\/25\\\/denkschablonen-statt-analyse-trumps-wahlsieg-im-zeichen-des-postfaktischen\\\/\"},\"author\":{\"name\":\"Verena Weidenbach\",\"@id\":\"https:\\\/\\\/starke-meinungen.de\\\/blog\\\/#\\\/schema\\\/person\\\/02fdda1b77518ed06d1e7aeab442b74b\"},\"headline\":\"Denkschablonen statt Analyse &#8211; Trumps Wahlsieg im Zeichen des Postfaktischen\",\"datePublished\":\"2016-11-25T15:00:19+00:00\",\"dateModified\":\"2016-11-27T12:22:52+00:00\",\"mainEntityOfPage\":{\"@id\":\"https:\\\/\\\/starke-meinungen.de\\\/blog\\\/2016\\\/11\\\/25\\\/denkschablonen-statt-analyse-trumps-wahlsieg-im-zeichen-des-postfaktischen\\\/\"},\"wordCount\":2004,\"commentCount\":22,\"publisher\":{\"@id\":\"https:\\\/\\\/starke-meinungen.de\\\/blog\\\/#organization\"},\"keywords\":[\"Angela Merkel\",\"Donald Trump\",\"Elisabeth Raether\",\"Eliten\",\"Hillary Clinton\",\"Patrick Bahners\",\"Ulf Poschardt\"],\"inLanguage\":\"de\",\"potentialAction\":[{\"@type\":\"CommentAction\",\"name\":\"Comment\",\"target\":[\"https:\\\/\\\/starke-meinungen.de\\\/blog\\\/2016\\\/11\\\/25\\\/denkschablonen-statt-analyse-trumps-wahlsieg-im-zeichen-des-postfaktischen\\\/#respond\"]}]},{\"@type\":\"WebPage\",\"@id\":\"https:\\\/\\\/starke-meinungen.de\\\/blog\\\/2016\\\/11\\\/25\\\/denkschablonen-statt-analyse-trumps-wahlsieg-im-zeichen-des-postfaktischen\\\/\",\"url\":\"https:\\\/\\\/starke-meinungen.de\\\/blog\\\/2016\\\/11\\\/25\\\/denkschablonen-statt-analyse-trumps-wahlsieg-im-zeichen-des-postfaktischen\\\/\",\"name\":\"Denkschablonen statt Analyse - Trumps Wahlsieg im Zeichen des Postfaktischen - starke-meinungen.de\",\"isPartOf\":{\"@id\":\"https:\\\/\\\/starke-meinungen.de\\\/blog\\\/#website\"},\"datePublished\":\"2016-11-25T15:00:19+00:00\",\"dateModified\":\"2016-11-27T12:22:52+00:00\",\"breadcrumb\":{\"@id\":\"https:\\\/\\\/starke-meinungen.de\\\/blog\\\/2016\\\/11\\\/25\\\/denkschablonen-statt-analyse-trumps-wahlsieg-im-zeichen-des-postfaktischen\\\/#breadcrumb\"},\"inLanguage\":\"de\",\"potentialAction\":[{\"@type\":\"ReadAction\",\"target\":[\"https:\\\/\\\/starke-meinungen.de\\\/blog\\\/2016\\\/11\\\/25\\\/denkschablonen-statt-analyse-trumps-wahlsieg-im-zeichen-des-postfaktischen\\\/\"]}]},{\"@type\":\"BreadcrumbList\",\"@id\":\"https:\\\/\\\/starke-meinungen.de\\\/blog\\\/2016\\\/11\\\/25\\\/denkschablonen-statt-analyse-trumps-wahlsieg-im-zeichen-des-postfaktischen\\\/#breadcrumb\",\"itemListElement\":[{\"@type\":\"ListItem\",\"position\":1,\"name\":\"Startseite\",\"item\":\"https:\\\/\\\/starke-meinungen.de\\\/blog\\\/\"},{\"@type\":\"ListItem\",\"position\":2,\"name\":\"Denkschablonen statt Analyse &#8211; Trumps Wahlsieg im Zeichen des Postfaktischen\"}]},{\"@type\":\"WebSite\",\"@id\":\"https:\\\/\\\/starke-meinungen.de\\\/blog\\\/#website\",\"url\":\"https:\\\/\\\/starke-meinungen.de\\\/blog\\\/\",\"name\":\"starke-meinungen.de\",\"description\":\"Autoren-Blog\",\"publisher\":{\"@id\":\"https:\\\/\\\/starke-meinungen.de\\\/blog\\\/#organization\"},\"potentialAction\":[{\"@type\":\"SearchAction\",\"target\":{\"@type\":\"EntryPoint\",\"urlTemplate\":\"https:\\\/\\\/starke-meinungen.de\\\/blog\\\/?s={search_term_string}\"},\"query-input\":{\"@type\":\"PropertyValueSpecification\",\"valueRequired\":true,\"valueName\":\"search_term_string\"}}],\"inLanguage\":\"de\"},{\"@type\":\"Organization\",\"@id\":\"https:\\\/\\\/starke-meinungen.de\\\/blog\\\/#organization\",\"name\":\"starke-meinungen.de\",\"url\":\"https:\\\/\\\/starke-meinungen.de\\\/blog\\\/\",\"logo\":{\"@type\":\"ImageObject\",\"inLanguage\":\"de\",\"@id\":\"https:\\\/\\\/starke-meinungen.de\\\/blog\\\/#\\\/schema\\\/logo\\\/image\\\/\",\"url\":\"https:\\\/\\\/starke-meinungen.de\\\/blog\\\/wp-content\\\/uploads\\\/starke-meinungen-fb-header.jpg\",\"contentUrl\":\"https:\\\/\\\/starke-meinungen.de\\\/blog\\\/wp-content\\\/uploads\\\/starke-meinungen-fb-header.jpg\",\"width\":1200,\"height\":630,\"caption\":\"starke-meinungen.de\"},\"image\":{\"@id\":\"https:\\\/\\\/starke-meinungen.de\\\/blog\\\/#\\\/schema\\\/logo\\\/image\\\/\"},\"sameAs\":[\"https:\\\/\\\/www.facebook.com\\\/starkemeinungen\\\/\",\"https:\\\/\\\/x.com\\\/starkemeinungen\"]},{\"@type\":\"Person\",\"@id\":\"https:\\\/\\\/starke-meinungen.de\\\/blog\\\/#\\\/schema\\\/person\\\/02fdda1b77518ed06d1e7aeab442b74b\",\"name\":\"Verena Weidenbach\",\"image\":{\"@type\":\"ImageObject\",\"inLanguage\":\"de\",\"@id\":\"https:\\\/\\\/secure.gravatar.com\\\/avatar\\\/fcdfa063faaedf94741eca549ad544b7090f55b05f4797c274eabf50aaf7fc9d?s=96&d=mm&r=g\",\"url\":\"https:\\\/\\\/secure.gravatar.com\\\/avatar\\\/fcdfa063faaedf94741eca549ad544b7090f55b05f4797c274eabf50aaf7fc9d?s=96&d=mm&r=g\",\"contentUrl\":\"https:\\\/\\\/secure.gravatar.com\\\/avatar\\\/fcdfa063faaedf94741eca549ad544b7090f55b05f4797c274eabf50aaf7fc9d?s=96&d=mm&r=g\",\"caption\":\"Verena Weidenbach\"},\"sameAs\":[\"http:\\\/\\\/starke-meinungen.de\\\/blog\\\/verena-weidenbach\\\/\"],\"url\":\"https:\\\/\\\/starke-meinungen.de\\\/blog\\\/author\\\/weidenbach\\\/\"}]}<\/script>\n<!-- \/ Yoast SEO plugin. -->","yoast_head_json":{"title":"Denkschablonen statt Analyse - Trumps Wahlsieg im Zeichen des Postfaktischen - starke-meinungen.de","robots":{"index":"index","follow":"follow","max-snippet":"max-snippet:-1","max-image-preview":"max-image-preview:large","max-video-preview":"max-video-preview:-1"},"canonical":"https:\/\/starke-meinungen.de\/blog\/2016\/11\/25\/denkschablonen-statt-analyse-trumps-wahlsieg-im-zeichen-des-postfaktischen\/","og_locale":"de_DE","og_type":"article","og_title":"Denkschablonen statt Analyse - Trumps Wahlsieg im Zeichen des Postfaktischen - starke-meinungen.de","og_description":"Nach dem Trump-\u201eSchock\u201c verrennt sich die deutsche Debatte in Eliten-Bashing. Die Engf\u00fchrung der Wahlanalyse zeigt, wie sehr sich der rechte Wertekanon \u2013 allen Unterdr\u00fcckungsvorw\u00fcrfen zum Trotz \u2013 in der Mitte des \u00f6ffentlichen Diskurses etabliert hat Vielleicht ist es typisch deutsch, aus allem sofort \u201eLehren\u201c ziehen zu wollen. Vielleicht liegt es auch an der Medienbeschleunigung im digitalen Zeitalter, die kein Deutungsvakuum... Weiterlesen &raquo;","og_url":"https:\/\/starke-meinungen.de\/blog\/2016\/11\/25\/denkschablonen-statt-analyse-trumps-wahlsieg-im-zeichen-des-postfaktischen\/","og_site_name":"starke-meinungen.de","article_publisher":"https:\/\/www.facebook.com\/starkemeinungen\/","article_published_time":"2016-11-25T15:00:19+00:00","article_modified_time":"2016-11-27T12:22:52+00:00","og_image":[{"width":1200,"height":630,"url":"https:\/\/starke-meinungen.de\/blog\/wp-content\/uploads\/starke-meinungen-fb-header.jpg","type":"image\/jpeg"}],"author":"Verena Weidenbach","twitter_card":"summary_large_image","twitter_creator":"@starkemeinungen","twitter_site":"@starkemeinungen","twitter_misc":{"Verfasst von":"Verena Weidenbach","Gesch\u00e4tzte Lesezeit":"10\u00a0Minuten"},"schema":{"@context":"https:\/\/schema.org","@graph":[{"@type":"Article","@id":"https:\/\/starke-meinungen.de\/blog\/2016\/11\/25\/denkschablonen-statt-analyse-trumps-wahlsieg-im-zeichen-des-postfaktischen\/#article","isPartOf":{"@id":"https:\/\/starke-meinungen.de\/blog\/2016\/11\/25\/denkschablonen-statt-analyse-trumps-wahlsieg-im-zeichen-des-postfaktischen\/"},"author":{"name":"Verena Weidenbach","@id":"https:\/\/starke-meinungen.de\/blog\/#\/schema\/person\/02fdda1b77518ed06d1e7aeab442b74b"},"headline":"Denkschablonen statt Analyse &#8211; Trumps Wahlsieg im Zeichen des Postfaktischen","datePublished":"2016-11-25T15:00:19+00:00","dateModified":"2016-11-27T12:22:52+00:00","mainEntityOfPage":{"@id":"https:\/\/starke-meinungen.de\/blog\/2016\/11\/25\/denkschablonen-statt-analyse-trumps-wahlsieg-im-zeichen-des-postfaktischen\/"},"wordCount":2004,"commentCount":22,"publisher":{"@id":"https:\/\/starke-meinungen.de\/blog\/#organization"},"keywords":["Angela Merkel","Donald Trump","Elisabeth Raether","Eliten","Hillary Clinton","Patrick Bahners","Ulf Poschardt"],"inLanguage":"de","potentialAction":[{"@type":"CommentAction","name":"Comment","target":["https:\/\/starke-meinungen.de\/blog\/2016\/11\/25\/denkschablonen-statt-analyse-trumps-wahlsieg-im-zeichen-des-postfaktischen\/#respond"]}]},{"@type":"WebPage","@id":"https:\/\/starke-meinungen.de\/blog\/2016\/11\/25\/denkschablonen-statt-analyse-trumps-wahlsieg-im-zeichen-des-postfaktischen\/","url":"https:\/\/starke-meinungen.de\/blog\/2016\/11\/25\/denkschablonen-statt-analyse-trumps-wahlsieg-im-zeichen-des-postfaktischen\/","name":"Denkschablonen statt Analyse - Trumps Wahlsieg im Zeichen des Postfaktischen - starke-meinungen.de","isPartOf":{"@id":"https:\/\/starke-meinungen.de\/blog\/#website"},"datePublished":"2016-11-25T15:00:19+00:00","dateModified":"2016-11-27T12:22:52+00:00","breadcrumb":{"@id":"https:\/\/starke-meinungen.de\/blog\/2016\/11\/25\/denkschablonen-statt-analyse-trumps-wahlsieg-im-zeichen-des-postfaktischen\/#breadcrumb"},"inLanguage":"de","potentialAction":[{"@type":"ReadAction","target":["https:\/\/starke-meinungen.de\/blog\/2016\/11\/25\/denkschablonen-statt-analyse-trumps-wahlsieg-im-zeichen-des-postfaktischen\/"]}]},{"@type":"BreadcrumbList","@id":"https:\/\/starke-meinungen.de\/blog\/2016\/11\/25\/denkschablonen-statt-analyse-trumps-wahlsieg-im-zeichen-des-postfaktischen\/#breadcrumb","itemListElement":[{"@type":"ListItem","position":1,"name":"Startseite","item":"https:\/\/starke-meinungen.de\/blog\/"},{"@type":"ListItem","position":2,"name":"Denkschablonen statt Analyse &#8211; Trumps Wahlsieg im Zeichen des Postfaktischen"}]},{"@type":"WebSite","@id":"https:\/\/starke-meinungen.de\/blog\/#website","url":"https:\/\/starke-meinungen.de\/blog\/","name":"starke-meinungen.de","description":"Autoren-Blog","publisher":{"@id":"https:\/\/starke-meinungen.de\/blog\/#organization"},"potentialAction":[{"@type":"SearchAction","target":{"@type":"EntryPoint","urlTemplate":"https:\/\/starke-meinungen.de\/blog\/?s={search_term_string}"},"query-input":{"@type":"PropertyValueSpecification","valueRequired":true,"valueName":"search_term_string"}}],"inLanguage":"de"},{"@type":"Organization","@id":"https:\/\/starke-meinungen.de\/blog\/#organization","name":"starke-meinungen.de","url":"https:\/\/starke-meinungen.de\/blog\/","logo":{"@type":"ImageObject","inLanguage":"de","@id":"https:\/\/starke-meinungen.de\/blog\/#\/schema\/logo\/image\/","url":"https:\/\/starke-meinungen.de\/blog\/wp-content\/uploads\/starke-meinungen-fb-header.jpg","contentUrl":"https:\/\/starke-meinungen.de\/blog\/wp-content\/uploads\/starke-meinungen-fb-header.jpg","width":1200,"height":630,"caption":"starke-meinungen.de"},"image":{"@id":"https:\/\/starke-meinungen.de\/blog\/#\/schema\/logo\/image\/"},"sameAs":["https:\/\/www.facebook.com\/starkemeinungen\/","https:\/\/x.com\/starkemeinungen"]},{"@type":"Person","@id":"https:\/\/starke-meinungen.de\/blog\/#\/schema\/person\/02fdda1b77518ed06d1e7aeab442b74b","name":"Verena Weidenbach","image":{"@type":"ImageObject","inLanguage":"de","@id":"https:\/\/secure.gravatar.com\/avatar\/fcdfa063faaedf94741eca549ad544b7090f55b05f4797c274eabf50aaf7fc9d?s=96&d=mm&r=g","url":"https:\/\/secure.gravatar.com\/avatar\/fcdfa063faaedf94741eca549ad544b7090f55b05f4797c274eabf50aaf7fc9d?s=96&d=mm&r=g","contentUrl":"https:\/\/secure.gravatar.com\/avatar\/fcdfa063faaedf94741eca549ad544b7090f55b05f4797c274eabf50aaf7fc9d?s=96&d=mm&r=g","caption":"Verena Weidenbach"},"sameAs":["https:\/\/starke-meinungen.de\/blog\/verena-weidenbach\/"],"url":"https:\/\/starke-meinungen.de\/blog\/author\/weidenbach\/"}]}},"_links":{"self":[{"href":"https:\/\/starke-meinungen.de\/blog\/wp-json\/wp\/v2\/posts\/6611","targetHints":{"allow":["GET"]}}],"collection":[{"href":"https:\/\/starke-meinungen.de\/blog\/wp-json\/wp\/v2\/posts"}],"about":[{"href":"https:\/\/starke-meinungen.de\/blog\/wp-json\/wp\/v2\/types\/post"}],"author":[{"embeddable":true,"href":"https:\/\/starke-meinungen.de\/blog\/wp-json\/wp\/v2\/users\/29"}],"replies":[{"embeddable":true,"href":"https:\/\/starke-meinungen.de\/blog\/wp-json\/wp\/v2\/comments?post=6611"}],"version-history":[{"count":4,"href":"https:\/\/starke-meinungen.de\/blog\/wp-json\/wp\/v2\/posts\/6611\/revisions"}],"predecessor-version":[{"id":6615,"href":"https:\/\/starke-meinungen.de\/blog\/wp-json\/wp\/v2\/posts\/6611\/revisions\/6615"}],"wp:attachment":[{"href":"https:\/\/starke-meinungen.de\/blog\/wp-json\/wp\/v2\/media?parent=6611"}],"wp:term":[{"taxonomy":"category","embeddable":true,"href":"https:\/\/starke-meinungen.de\/blog\/wp-json\/wp\/v2\/categories?post=6611"},{"taxonomy":"post_tag","embeddable":true,"href":"https:\/\/starke-meinungen.de\/blog\/wp-json\/wp\/v2\/tags?post=6611"}],"curies":[{"name":"wp","href":"https:\/\/api.w.org\/{rel}","templated":true}]}}