

{"id":6599,"date":"2016-11-25T06:37:21","date_gmt":"2016-11-25T06:37:21","guid":{"rendered":"https:\/\/starke-meinungen.de\/blog\/?p=6599"},"modified":"2016-11-25T06:37:21","modified_gmt":"2016-11-25T06:37:21","slug":"neidkomplexe","status":"publish","type":"post","link":"https:\/\/starke-meinungen.de\/blog\/2016\/11\/25\/neidkomplexe\/","title":{"rendered":"Neidkomplexe"},"content":{"rendered":"<p>In der Ballade &#8222;Der Ring des Polykrates&#8220; von Friedrich Schiller warnt ein Freund den griechischen Tyrannen \u00a0mit den Worten: <em>&#8222;Mir grauet vor der G\u00f6tter Neide&#8220;.<\/em> Der Potentat wirft darauf seinen kostbarsten Ring ins Meer, um die neidischen G\u00f6tter durch Verzicht zu bes\u00e4nftigen. Im modernen Sozialstaat k\u00f6nnte die Warnung lauten: Mir grauet vor der Linken Neide. Diese urmenschliche Neigung, die im christlichen Mittelalter zu den sieben Tods\u00fcnden z\u00e4hlte, ist n\u00e4mlich besonders den Parteien eigen, die die Umverteilung durch Steuern zu ihrem Markenkern erkoren haben. Soziologen vertreten die Ansicht, dass der Neid der Armen und ihrer politischen F\u00fcrsprecher ein wichtiges Motiv sei, um die Besitzenden aus Angst, bei\u00a0 anderen Neid zu erregen und daf\u00fcr ge\u00e4chtet zu werden, zur sozialen Konformit\u00e4t zwinge. Die linken Neidapostel wissen um die scharfe Waffe, die ihnen durch die Weckung von Neid in die Hand gegeben ist. Und sie z\u00fccken sie besonders gerne in Wahlkampfzeiten.<!--more--><\/p>\n<p>Deshalb geistert auch jetzt wieder \u00a0ein altbekannter Begriff \u00a0durch die politische Debatte: &#8222;Reichensteuer&#8220;. Die Linke versieht ihn mit einer kleinen Abwandlung: &#8222;Million\u00e4rssteuer&#8220;. Den Vertretern des linken SPD-Fl\u00fcgels \u00a0geht der Begriff ohnehin leicht von den Lippen. Etwas schwerer \u00a0tun sich damit die Gr\u00fcnen. Sie sind gebrannte Kinder, weil der Wahlkampf von 2013, in dem sie\u00a0 zahlreiche \u00a0Steuererh\u00f6hungen gefordert hatten, gr\u00fcndlich in die Hosen ging. Aus \u00a0\u00a0Umfrageh\u00f6hen von bis zu 15% st\u00fcrzten sie unsanft ab auf den Boden der Realit\u00e4t \u00a0und landeten bei 8,4%. Diese krachende Niederlage hindert sie \u00a0indes nicht daran, schon wieder mit dem Vorschlag,\u00a0 die Steuern zu erh\u00f6hen, in den Wahlkampf zu ziehen. Da eine\u00a0 &#8222;Reichensteuer&#8220; auch ihre eigene gutbetuchte Klientel treffen k\u00f6nnte, soll es jetzt die &#8222;Super-Reichensteuer&#8220; (Katrin G\u00f6ring-Eckhardt) sein.<\/p>\n<p>Alle linken Steuerfanatiker lassen au\u00dfer Acht, dass im geltenden Steuersystem 10% der B\u00fcrger, also die &#8222;Reichen&#8220;, \u00a0mittels der Progression in der\u00a0 Einkommensteuer f\u00fcr \u00fcber 50% des gesamten Steueraufkommens sorgen. Wer die Progression noch weiter nach oben schraubt, w\u00fcrgt unweigerlich unternehmerische und private Initiative und damit den wirtschaftlichen Fortschritt ab. Der franz\u00f6sische Pr\u00e4sident Hollande erh\u00f6hte 2012\u00a0 in der Euphorie der gewonnenen Wahl den Spitzensteuersatz\u00a0 auf\u00a0 konfiskatorische \u00a075%, was zu einem Exodus von Unternehmen nach London f\u00fchrte. Dort sorgten sie dann f\u00fcr das Wachstum, das in Frankreich so schmerzlich vermisst wird. Im Grunde\u00a0 sind die vier Hollande-Jahre \u00a0f\u00fcr Frankreich verlorene Jahre, weil sich in dieser Zeit nichts zum Guten gewendet hat: Das Wachstum bewegt sich nur geringf\u00fcgig \u00fcber der Marke der Stagnation; die Staatsverschuldung steigt weiter an; die Arbeitslosigkeit verharrt bei hohen 10%. Deutschland steht\u00a0 mit seinen moderaten Steuers\u00e4tzen weit besser da als die Grande Nation.<\/p>\n<p>Wenn \u00fcber eine &#8222;Reichensteuer&#8220; nachgedacht wird, darf\u00a0 ein Mantra nicht fehlen: &#8222;Die Schere zwischen Arm und Reich geht immer weiter auseinander&#8220;. Verk\u00fcnder des Unheils sind die Gewerkschaften, ihnen nahestehende wissenschaftliche Institute, die Sozialverb\u00e4nde &#8211; also\u00a0 all diejenigen, die von der Umverteilung \u00fcber Steuern profitieren. Sie ficht auch nicht an, dass die Fakten eine andere Sprache sprechen. Die OECD misst die gesellschaftliche Ungleichheit mit dem sog. GINI-Koeffizienten. Betr\u00e4gt er 1, geh\u00f6rt einem Bewohner der ganze Reichtum. Liegt \u00a0er bei 0, ist der Wohlstand gerecht unter allen B\u00fcrgern verteilt. Die OECD-Staaten rangieren zwischen dem egalit\u00e4ren Island (0,25) und dem relativ ungleichen Chile (0,50). \u00dcber Deutschland schreibt die\u00a0 &#8222;Wirtschaftswoche&#8220;:<\/p>\n<p><em>&#8222;Deutschland <\/em>[rangiert]<em> schon immer im unteren (also relativ egalit\u00e4ren) Mittelfeld mit 0,31. Wichtiger: In Deutschland hat sich in den Krisenjahren der Gini-Koeffizient praktisch nicht ver\u00e4ndert, w\u00e4hrend in allen anderen gro\u00dfen Industriestaaten der Anteil der Reichen am in der Regel schrumpfenden Kuchen wuchs. Erneut Platz vier f\u00fcr Deutschland im Feld der 33 OECD-Staaten.&#8220;<\/em><\/p>\n<p>Die Gleichheitsapostel ignorieren diese Fakten, weil sie nicht zum Lamento von der sich immer weiter \u00f6ffnenden Schere passen. Wie man sieht, gibt es postfaktisches Leugnen auch im linken Lager.<\/p>\n<p>Seit f\u00fcnf Jahren sprudeln in Deutschland die Steuerquellen reichlich, weil die Wirtschaft brummt und die Arbeitslosigkeit auf\u00a0 einen historisch niedrigen Wert gesunken ist. Bis 2021 rechnet das Finanzministerium mit Steuermehreinnahmen in H\u00f6he von 162 Milliarden Euro, davon entfallen allein \u00a0auf den Bund 68 Milliarden. Diese \u00a0Steuer<u>mehr<\/u>einnahmen entsprechen dem gesamten\u00a0 Brutto-Inlandsprodukt von Ecuador. Finanzexperten gehen davon aus, dass man mit diesen Mitteln so gut wie alle gesellschaftlichen Vorhaben finanzieren kann, die die Parteien auf die Agenda gesetzt \u00a0haben. Wer dennoch eine Reichensteuer fordert, gibt damit zu, dass es ihm nicht prim\u00e4r darum geht, mehr Geld in die Staatskasse zu bekommen, sondern darum, die Reichen daf\u00fcr zu bestrafen, dass sie reich sind. Diese Strafphantasien\u00a0 sind schon sehr\u00a0 alt. Im 19. Jahrhundert gab der franz\u00f6sische Anarchist\u00a0 Pierre-Joseph Proudhon (1809-1865) die Losung aus: &#8222;Eigentum ist Diebstahl&#8220;. In der Folge haben sich die Enteigner jeglicher Couleur \u00a0an diesem Verdikt \u00a0orientiert.<\/p>\n<p>Viele Neid-Politiker bewegen \u00a0sich nahe an einer Denkfigur, die in der deutschen Geschichte viel Unheil angerichtet hat. Der Historiker <a href=\"https:\/\/de.wikipedia.org\/wiki\/G%C3%B6tz_Aly\">G\u00f6tz Aly<\/a> sieht im Neid eine wesentliche Ursache f\u00fcr das besondere Erstarken des <a href=\"https:\/\/de.wikipedia.org\/wiki\/Judenfeindlichkeit\">Antisemitismus<\/a> in Deutschland:<\/p>\n<p>\u201e<em>Die in ihrer Entwicklung sehr viel langsameren christlichen Deutschen beneideten die Juden um ihre Weltl\u00e4ufigkeit, Urbanit\u00e4t und Auffassungsgabe, um ihr kaufm\u00e4nnisches Geschick und ihre Bildung. 1848 hie\u00df es in einem \u00dcberblick zur Lage der israelitischen Minderheit:\u00a0\u00bbDie teilweise Wohlhabenheit und besondere Erwerbsgesch\u00e4ft\u00adigkeit der Juden ist es, die ihnen die Angriffe dieser St\u00e4nde auf den Hals zieht, welche sich durch solche Gesch\u00e4ftigkeit benachteiligt f\u00fchlen.\u00ab<\/em>\u201c(G\u00f6tz Aly:<sup> &#8222;<\/sup>Auf dem Boden des Neids&#8220;, 2011)<\/p>\n<p>Im Netz finden sich Eintr\u00e4ge von AfD-Mitgliedern, die von gef\u00e4hrlichen \u00a0&#8222;Machteliten wie \u00a0George Soros oder Rothschild&#8220; fabulieren, von im Geheimem agierenden &#8222;Superreichen&#8220;, die unter dem Deckmantel der F\u00f6rderung der Demokratie nur dem deutschen Volk schaden wollten. Die &#8222;Internationale Geld-Mafia&#8220; habe auch die Fl\u00fcchtlingsstr\u00f6me nach Deutschland gelenkt, um das Land von seiner nationalen Tradition zu entfremden.\u00a0 Linke und Gr\u00fcne sollten bedenken, welchem Denken sie mit Vokabeln wie &#8222;Super-Reichensteuer&#8220; und &#8222;Million\u00e4rssteuer&#8220; Vorschub leisten.<\/p>\n<p>Die deutsche Linke k\u00f6nnte in Sachen Steuerkreativit\u00e4t noch einiges von den portugiesischen Sozialisten lernen. Diese haben vor kurzem eine &#8222;Sonnensteuer&#8220; eingef\u00fchrt. Da die Penthouse-Wohnungen und Lofts\u00a0 der Reichen immer in den oberen Etagen der H\u00e4user, also sonnennah, liegen, haben sie die Immobiliensteuer nach der Intensit\u00e4t der Sonneneinstrahlung gestaffelt. Viel Sonne im Zimmer: hohe Steuer; wenig Sonne in der\u00a0 Hinterhof-Wohnung: geringe Steuer. Ungekl\u00e4rt ist die Frage, was geschieht, wenn ein Baum in die vierte Etage w\u00e4chst und die Sonne verdeckt. In Portugal fragen sich die Menschen in den sozialen Netzwerken, wann die Sozialisten auf die Idee kommen, auch die Luft, die man atmet, zu besteuern.<\/p>\n<p>Herr Trittin &#8211; \u00fcbernehmen Sie!<\/p>\n<p>&nbsp;<\/p>\n<div class=\"shariff shariff-align-left shariff-widget-align-left shariff-buttonstretch\" style=\"display:none\"><ul class=\"shariff-buttons theme-white orientation-horizontal buttonsize-medium\"><li class=\"shariff-button facebook shariff-nocustomcolor\" style=\"background-color:#4273c8\"><a href=\"https:\/\/www.facebook.com\/sharer\/sharer.php?u=https%3A%2F%2Fstarke-meinungen.de%2Fblog%2F2016%2F11%2F25%2Fneidkomplexe%2F\" title=\"Bei Facebook teilen\" aria-label=\"Bei Facebook teilen\" role=\"button\" rel=\"nofollow\" class=\"shariff-link\" style=\"; background-color:#3b5998; color:#3b5998\" target=\"_blank\"><span class=\"shariff-icon\" style=\"fill:#3b5998\"><svg width=\"32px\" height=\"20px\" xmlns=\"http:\/\/www.w3.org\/2000\/svg\" viewBox=\"0 0 18 32\"><path fill=\"#3b5998\" d=\"M17.1 0.2v4.7h-2.8q-1.5 0-2.1 0.6t-0.5 1.9v3.4h5.2l-0.7 5.3h-4.5v13.6h-5.5v-13.6h-4.5v-5.3h4.5v-3.9q0-3.3 1.9-5.2t5-1.8q2.6 0 4.1 0.2z\"\/><\/svg><\/span><span class=\"shariff-text\" style=\"color:#3b5998\">teilen<\/span>&nbsp;<\/a><\/li><li class=\"shariff-button twitter shariff-nocustomcolor\" style=\"background-color:#595959\"><a href=\"https:\/\/twitter.com\/share?url=https%3A%2F%2Fstarke-meinungen.de%2Fblog%2F2016%2F11%2F25%2Fneidkomplexe%2F&text=Neidkomplexe&via=starkemeinungen\" title=\"Bei X teilen\" aria-label=\"Bei X teilen\" role=\"button\" rel=\"noopener nofollow\" class=\"shariff-link\" style=\"; background-color:#000; color:#000\" target=\"_blank\"><span class=\"shariff-icon\" style=\"fill:#000\"><svg width=\"32px\" height=\"20px\" xmlns=\"http:\/\/www.w3.org\/2000\/svg\" viewBox=\"0 0 24 24\"><path fill=\"#000\" d=\"M14.258 10.152L23.176 0h-2.113l-7.747 8.813L7.133 0H0l9.352 13.328L0 23.973h2.113l8.176-9.309 6.531 9.309h7.133zm-2.895 3.293l-.949-1.328L2.875 1.56h3.246l6.086 8.523.945 1.328 7.91 11.078h-3.246zm0 0\"\/><\/svg><\/span><span class=\"shariff-text\" style=\"color:#000\">teilen<\/span>&nbsp;<\/a><\/li><li class=\"shariff-button linkedin shariff-nocustomcolor\" style=\"background-color:#1488bf\"><a href=\"https:\/\/www.linkedin.com\/sharing\/share-offsite\/?url=https%3A%2F%2Fstarke-meinungen.de%2Fblog%2F2016%2F11%2F25%2Fneidkomplexe%2F\" title=\"Bei LinkedIn teilen\" aria-label=\"Bei LinkedIn teilen\" role=\"button\" rel=\"noopener nofollow\" class=\"shariff-link\" style=\"; background-color:#0077b5; color:#0077b5\" target=\"_blank\"><span class=\"shariff-icon\" style=\"fill:#0077b5\"><svg width=\"32px\" height=\"20px\" xmlns=\"http:\/\/www.w3.org\/2000\/svg\" viewBox=\"0 0 27 32\"><path fill=\"#0077b5\" d=\"M6.2 11.2v17.7h-5.9v-17.7h5.9zM6.6 5.7q0 1.3-0.9 2.2t-2.4 0.9h0q-1.5 0-2.4-0.9t-0.9-2.2 0.9-2.2 2.4-0.9 2.4 0.9 0.9 2.2zM27.4 18.7v10.1h-5.9v-9.5q0-1.9-0.7-2.9t-2.3-1.1q-1.1 0-1.9 0.6t-1.2 1.5q-0.2 0.5-0.2 1.4v9.9h-5.9q0-7.1 0-11.6t0-5.3l0-0.9h5.9v2.6h0q0.4-0.6 0.7-1t1-0.9 1.6-0.8 2-0.3q3 0 4.9 2t1.9 6z\"\/><\/svg><\/span><span class=\"shariff-text\" style=\"color:#0077b5\">teilen<\/span>&nbsp;<\/a><\/li><li class=\"shariff-button xing shariff-nocustomcolor\" style=\"background-color:#29888a\"><a href=\"https:\/\/www.xing.com\/spi\/shares\/new?url=https%3A%2F%2Fstarke-meinungen.de%2Fblog%2F2016%2F11%2F25%2Fneidkomplexe%2F\" title=\"Bei XING teilen\" aria-label=\"Bei XING teilen\" role=\"button\" rel=\"noopener nofollow\" class=\"shariff-link\" style=\"; background-color:#126567; color:#126567\" target=\"_blank\"><span class=\"shariff-icon\" style=\"fill:#126567\"><svg width=\"32px\" height=\"20px\" xmlns=\"http:\/\/www.w3.org\/2000\/svg\" viewBox=\"0 0 25 32\"><path fill=\"#126567\" d=\"M10.7 11.9q-0.2 0.3-4.6 8.2-0.5 0.8-1.2 0.8h-4.3q-0.4 0-0.5-0.3t0-0.6l4.5-8q0 0 0 0l-2.9-5q-0.2-0.4 0-0.7 0.2-0.3 0.5-0.3h4.3q0.7 0 1.2 0.8zM25.1 0.4q0.2 0.3 0 0.7l-9.4 16.7 6 11q0.2 0.4 0 0.6-0.2 0.3-0.6 0.3h-4.3q-0.7 0-1.2-0.8l-6-11.1q0.3-0.6 9.5-16.8 0.4-0.8 1.2-0.8h4.3q0.4 0 0.5 0.3z\"\/><\/svg><\/span><span class=\"shariff-text\" style=\"color:#126567\">teilen<\/span>&nbsp;<\/a><\/li><li class=\"shariff-button whatsapp shariff-nocustomcolor\" style=\"background-color:#5cbe4a\"><a href=\"https:\/\/api.whatsapp.com\/send?text=https%3A%2F%2Fstarke-meinungen.de%2Fblog%2F2016%2F11%2F25%2Fneidkomplexe%2F%20Neidkomplexe\" title=\"Bei Whatsapp teilen\" aria-label=\"Bei Whatsapp teilen\" role=\"button\" rel=\"noopener nofollow\" class=\"shariff-link\" style=\"; background-color:#34af23; color:#34af23\" target=\"_blank\"><span class=\"shariff-icon\" style=\"fill:#34af23\"><svg width=\"32px\" height=\"20px\" xmlns=\"http:\/\/www.w3.org\/2000\/svg\" viewBox=\"0 0 32 32\"><path fill=\"#34af23\" d=\"M17.6 17.4q0.2 0 1.7 0.8t1.6 0.9q0 0.1 0 0.3 0 0.6-0.3 1.4-0.3 0.7-1.3 1.2t-1.8 0.5q-1 0-3.4-1.1-1.7-0.8-3-2.1t-2.6-3.3q-1.3-1.9-1.3-3.5v-0.1q0.1-1.6 1.3-2.8 0.4-0.4 0.9-0.4 0.1 0 0.3 0t0.3 0q0.3 0 0.5 0.1t0.3 0.5q0.1 0.4 0.6 1.6t0.4 1.3q0 0.4-0.6 1t-0.6 0.8q0 0.1 0.1 0.3 0.6 1.3 1.8 2.4 1 0.9 2.7 1.8 0.2 0.1 0.4 0.1 0.3 0 1-0.9t0.9-0.9zM14 26.9q2.3 0 4.3-0.9t3.6-2.4 2.4-3.6 0.9-4.3-0.9-4.3-2.4-3.6-3.6-2.4-4.3-0.9-4.3 0.9-3.6 2.4-2.4 3.6-0.9 4.3q0 3.6 2.1 6.6l-1.4 4.2 4.3-1.4q2.8 1.9 6.2 1.9zM14 2.2q2.7 0 5.2 1.1t4.3 2.9 2.9 4.3 1.1 5.2-1.1 5.2-2.9 4.3-4.3 2.9-5.2 1.1q-3.5 0-6.5-1.7l-7.4 2.4 2.4-7.2q-1.9-3.2-1.9-6.9 0-2.7 1.1-5.2t2.9-4.3 4.3-2.9 5.2-1.1z\"\/><\/svg><\/span><span class=\"shariff-text\" style=\"color:#34af23\">teilen<\/span>&nbsp;<\/a><\/li><li class=\"shariff-button info shariff-nocustomcolor\" style=\"background-color:#a8a8a8\"><a href=\"http:\/\/ct.de\/-2467514\" title=\"Weitere Informationen\" aria-label=\"Weitere Informationen\" role=\"button\" rel=\"noopener \" class=\"shariff-link\" style=\"; background-color:#999; color:#999\" target=\"_blank\"><span class=\"shariff-icon\" style=\"fill:#999\"><svg width=\"32px\" height=\"20px\" xmlns=\"http:\/\/www.w3.org\/2000\/svg\" viewBox=\"0 0 11 32\"><path fill=\"#999\" d=\"M11.4 24v2.3q0 0.5-0.3 0.8t-0.8 0.4h-9.1q-0.5 0-0.8-0.4t-0.4-0.8v-2.3q0-0.5 0.4-0.8t0.8-0.4h1.1v-6.8h-1.1q-0.5 0-0.8-0.4t-0.4-0.8v-2.3q0-0.5 0.4-0.8t0.8-0.4h6.8q0.5 0 0.8 0.4t0.4 0.8v10.3h1.1q0.5 0 0.8 0.4t0.3 0.8zM9.2 3.4v3.4q0 0.5-0.4 0.8t-0.8 0.4h-4.6q-0.4 0-0.8-0.4t-0.4-0.8v-3.4q0-0.4 0.4-0.8t0.8-0.4h4.6q0.5 0 0.8 0.4t0.4 0.8z\"\/><\/svg><\/span><\/a><\/li><\/ul><\/div>","protected":false},"excerpt":{"rendered":"<p>In der Ballade &#8222;Der Ring des Polykrates&#8220; von Friedrich Schiller warnt ein Freund den griechischen Tyrannen \u00a0mit den Worten: &#8222;Mir grauet vor der G\u00f6tter Neide&#8220;. Der Potentat wirft darauf seinen kostbarsten Ring ins Meer, um die neidischen G\u00f6tter durch Verzicht zu bes\u00e4nftigen. Im modernen Sozialstaat k\u00f6nnte die Warnung lauten: Mir grauet vor der Linken Neide. Diese urmenschliche Neigung, die im&#8230; <a href=\"https:\/\/starke-meinungen.de\/blog\/2016\/11\/25\/neidkomplexe\/\">Weiterlesen &raquo;<\/a><\/p>\n","protected":false},"author":19,"featured_media":0,"comment_status":"open","ping_status":"open","sticky":false,"template":"","format":"standard","meta":{"footnotes":""},"categories":[1,2093],"tags":[371,2905,145,2904,1897,2906,406],"class_list":["post-6599","post","type-post","status-publish","format-standard","hentry","category-allgemein","category-rainer-werner","tag-antisemitismus","tag-gini-koeffizient","tag-linke","tag-neid","tag-reichensteuer","tag-steuerprogression","tag-umverteilung"],"yoast_head":"<!-- This site is optimized with the Yoast SEO plugin v27.4 - https:\/\/yoast.com\/product\/yoast-seo-wordpress\/ -->\n<title>Neidkomplexe - starke-meinungen.de<\/title>\n<meta name=\"robots\" content=\"index, follow, max-snippet:-1, max-image-preview:large, max-video-preview:-1\" \/>\n<link rel=\"canonical\" href=\"https:\/\/starke-meinungen.de\/blog\/2016\/11\/25\/neidkomplexe\/\" \/>\n<meta property=\"og:locale\" content=\"de_DE\" \/>\n<meta property=\"og:type\" content=\"article\" \/>\n<meta property=\"og:title\" content=\"Neidkomplexe - starke-meinungen.de\" \/>\n<meta property=\"og:description\" content=\"In der Ballade &#8222;Der Ring des Polykrates&#8220; von Friedrich Schiller warnt ein Freund den griechischen Tyrannen \u00a0mit den Worten: &#8222;Mir grauet vor der G\u00f6tter Neide&#8220;. Der Potentat wirft darauf seinen kostbarsten Ring ins Meer, um die neidischen G\u00f6tter durch Verzicht zu bes\u00e4nftigen. Im modernen Sozialstaat k\u00f6nnte die Warnung lauten: Mir grauet vor der Linken Neide. Diese urmenschliche Neigung, die im... Weiterlesen &raquo;\" \/>\n<meta property=\"og:url\" content=\"https:\/\/starke-meinungen.de\/blog\/2016\/11\/25\/neidkomplexe\/\" \/>\n<meta property=\"og:site_name\" content=\"starke-meinungen.de\" \/>\n<meta property=\"article:publisher\" content=\"https:\/\/www.facebook.com\/starkemeinungen\/\" \/>\n<meta property=\"article:published_time\" content=\"2016-11-25T06:37:21+00:00\" \/>\n<meta property=\"og:image\" content=\"https:\/\/starke-meinungen.de\/blog\/wp-content\/uploads\/starke-meinungen-fb-header.jpg\" \/>\n\t<meta property=\"og:image:width\" content=\"1200\" \/>\n\t<meta property=\"og:image:height\" content=\"630\" \/>\n\t<meta property=\"og:image:type\" content=\"image\/jpeg\" \/>\n<meta name=\"author\" content=\"Rainer Werner\" \/>\n<meta name=\"twitter:card\" content=\"summary_large_image\" \/>\n<meta name=\"twitter:creator\" content=\"@starkemeinungen\" \/>\n<meta name=\"twitter:site\" content=\"@starkemeinungen\" \/>\n<meta name=\"twitter:label1\" content=\"Verfasst von\" \/>\n\t<meta name=\"twitter:data1\" content=\"Rainer Werner\" \/>\n\t<meta name=\"twitter:label2\" content=\"Gesch\u00e4tzte Lesezeit\" \/>\n\t<meta name=\"twitter:data2\" content=\"5\u00a0Minuten\" \/>\n<script type=\"application\/ld+json\" class=\"yoast-schema-graph\">{\"@context\":\"https:\\\/\\\/schema.org\",\"@graph\":[{\"@type\":\"Article\",\"@id\":\"https:\\\/\\\/starke-meinungen.de\\\/blog\\\/2016\\\/11\\\/25\\\/neidkomplexe\\\/#article\",\"isPartOf\":{\"@id\":\"https:\\\/\\\/starke-meinungen.de\\\/blog\\\/2016\\\/11\\\/25\\\/neidkomplexe\\\/\"},\"author\":{\"name\":\"Rainer Werner\",\"@id\":\"https:\\\/\\\/starke-meinungen.de\\\/blog\\\/#\\\/schema\\\/person\\\/6af826c1bb87ec75580869d830616de2\"},\"headline\":\"Neidkomplexe\",\"datePublished\":\"2016-11-25T06:37:21+00:00\",\"mainEntityOfPage\":{\"@id\":\"https:\\\/\\\/starke-meinungen.de\\\/blog\\\/2016\\\/11\\\/25\\\/neidkomplexe\\\/\"},\"wordCount\":1089,\"commentCount\":34,\"publisher\":{\"@id\":\"https:\\\/\\\/starke-meinungen.de\\\/blog\\\/#organization\"},\"keywords\":[\"Antisemitismus\",\"Gini-Koeffizient\",\"Linke\",\"Neid\",\"Reichensteuer\",\"Steuerprogression\",\"Umverteilung\"],\"articleSection\":{\"1\":\"Rainer Werner\"},\"inLanguage\":\"de\",\"potentialAction\":[{\"@type\":\"CommentAction\",\"name\":\"Comment\",\"target\":[\"https:\\\/\\\/starke-meinungen.de\\\/blog\\\/2016\\\/11\\\/25\\\/neidkomplexe\\\/#respond\"]}]},{\"@type\":\"WebPage\",\"@id\":\"https:\\\/\\\/starke-meinungen.de\\\/blog\\\/2016\\\/11\\\/25\\\/neidkomplexe\\\/\",\"url\":\"https:\\\/\\\/starke-meinungen.de\\\/blog\\\/2016\\\/11\\\/25\\\/neidkomplexe\\\/\",\"name\":\"Neidkomplexe - starke-meinungen.de\",\"isPartOf\":{\"@id\":\"https:\\\/\\\/starke-meinungen.de\\\/blog\\\/#website\"},\"datePublished\":\"2016-11-25T06:37:21+00:00\",\"breadcrumb\":{\"@id\":\"https:\\\/\\\/starke-meinungen.de\\\/blog\\\/2016\\\/11\\\/25\\\/neidkomplexe\\\/#breadcrumb\"},\"inLanguage\":\"de\",\"potentialAction\":[{\"@type\":\"ReadAction\",\"target\":[\"https:\\\/\\\/starke-meinungen.de\\\/blog\\\/2016\\\/11\\\/25\\\/neidkomplexe\\\/\"]}]},{\"@type\":\"BreadcrumbList\",\"@id\":\"https:\\\/\\\/starke-meinungen.de\\\/blog\\\/2016\\\/11\\\/25\\\/neidkomplexe\\\/#breadcrumb\",\"itemListElement\":[{\"@type\":\"ListItem\",\"position\":1,\"name\":\"Startseite\",\"item\":\"https:\\\/\\\/starke-meinungen.de\\\/blog\\\/\"},{\"@type\":\"ListItem\",\"position\":2,\"name\":\"Neidkomplexe\"}]},{\"@type\":\"WebSite\",\"@id\":\"https:\\\/\\\/starke-meinungen.de\\\/blog\\\/#website\",\"url\":\"https:\\\/\\\/starke-meinungen.de\\\/blog\\\/\",\"name\":\"starke-meinungen.de\",\"description\":\"Autoren-Blog\",\"publisher\":{\"@id\":\"https:\\\/\\\/starke-meinungen.de\\\/blog\\\/#organization\"},\"potentialAction\":[{\"@type\":\"SearchAction\",\"target\":{\"@type\":\"EntryPoint\",\"urlTemplate\":\"https:\\\/\\\/starke-meinungen.de\\\/blog\\\/?s={search_term_string}\"},\"query-input\":{\"@type\":\"PropertyValueSpecification\",\"valueRequired\":true,\"valueName\":\"search_term_string\"}}],\"inLanguage\":\"de\"},{\"@type\":\"Organization\",\"@id\":\"https:\\\/\\\/starke-meinungen.de\\\/blog\\\/#organization\",\"name\":\"starke-meinungen.de\",\"url\":\"https:\\\/\\\/starke-meinungen.de\\\/blog\\\/\",\"logo\":{\"@type\":\"ImageObject\",\"inLanguage\":\"de\",\"@id\":\"https:\\\/\\\/starke-meinungen.de\\\/blog\\\/#\\\/schema\\\/logo\\\/image\\\/\",\"url\":\"https:\\\/\\\/starke-meinungen.de\\\/blog\\\/wp-content\\\/uploads\\\/starke-meinungen-fb-header.jpg\",\"contentUrl\":\"https:\\\/\\\/starke-meinungen.de\\\/blog\\\/wp-content\\\/uploads\\\/starke-meinungen-fb-header.jpg\",\"width\":1200,\"height\":630,\"caption\":\"starke-meinungen.de\"},\"image\":{\"@id\":\"https:\\\/\\\/starke-meinungen.de\\\/blog\\\/#\\\/schema\\\/logo\\\/image\\\/\"},\"sameAs\":[\"https:\\\/\\\/www.facebook.com\\\/starkemeinungen\\\/\",\"https:\\\/\\\/x.com\\\/starkemeinungen\"]},{\"@type\":\"Person\",\"@id\":\"https:\\\/\\\/starke-meinungen.de\\\/blog\\\/#\\\/schema\\\/person\\\/6af826c1bb87ec75580869d830616de2\",\"name\":\"Rainer Werner\",\"image\":{\"@type\":\"ImageObject\",\"inLanguage\":\"de\",\"@id\":\"https:\\\/\\\/secure.gravatar.com\\\/avatar\\\/6f37dc4eff27558ec03229bb8dd7133f519865cae374548719ce45fba3788ea8?s=96&d=mm&r=g\",\"url\":\"https:\\\/\\\/secure.gravatar.com\\\/avatar\\\/6f37dc4eff27558ec03229bb8dd7133f519865cae374548719ce45fba3788ea8?s=96&d=mm&r=g\",\"contentUrl\":\"https:\\\/\\\/secure.gravatar.com\\\/avatar\\\/6f37dc4eff27558ec03229bb8dd7133f519865cae374548719ce45fba3788ea8?s=96&d=mm&r=g\",\"caption\":\"Rainer Werner\"},\"url\":\"https:\\\/\\\/starke-meinungen.de\\\/blog\\\/author\\\/werner\\\/\"}]}<\/script>\n<!-- \/ Yoast SEO plugin. -->","yoast_head_json":{"title":"Neidkomplexe - starke-meinungen.de","robots":{"index":"index","follow":"follow","max-snippet":"max-snippet:-1","max-image-preview":"max-image-preview:large","max-video-preview":"max-video-preview:-1"},"canonical":"https:\/\/starke-meinungen.de\/blog\/2016\/11\/25\/neidkomplexe\/","og_locale":"de_DE","og_type":"article","og_title":"Neidkomplexe - starke-meinungen.de","og_description":"In der Ballade &#8222;Der Ring des Polykrates&#8220; von Friedrich Schiller warnt ein Freund den griechischen Tyrannen \u00a0mit den Worten: &#8222;Mir grauet vor der G\u00f6tter Neide&#8220;. Der Potentat wirft darauf seinen kostbarsten Ring ins Meer, um die neidischen G\u00f6tter durch Verzicht zu bes\u00e4nftigen. Im modernen Sozialstaat k\u00f6nnte die Warnung lauten: Mir grauet vor der Linken Neide. Diese urmenschliche Neigung, die im... Weiterlesen &raquo;","og_url":"https:\/\/starke-meinungen.de\/blog\/2016\/11\/25\/neidkomplexe\/","og_site_name":"starke-meinungen.de","article_publisher":"https:\/\/www.facebook.com\/starkemeinungen\/","article_published_time":"2016-11-25T06:37:21+00:00","og_image":[{"width":1200,"height":630,"url":"https:\/\/starke-meinungen.de\/blog\/wp-content\/uploads\/starke-meinungen-fb-header.jpg","type":"image\/jpeg"}],"author":"Rainer Werner","twitter_card":"summary_large_image","twitter_creator":"@starkemeinungen","twitter_site":"@starkemeinungen","twitter_misc":{"Verfasst von":"Rainer Werner","Gesch\u00e4tzte Lesezeit":"5\u00a0Minuten"},"schema":{"@context":"https:\/\/schema.org","@graph":[{"@type":"Article","@id":"https:\/\/starke-meinungen.de\/blog\/2016\/11\/25\/neidkomplexe\/#article","isPartOf":{"@id":"https:\/\/starke-meinungen.de\/blog\/2016\/11\/25\/neidkomplexe\/"},"author":{"name":"Rainer Werner","@id":"https:\/\/starke-meinungen.de\/blog\/#\/schema\/person\/6af826c1bb87ec75580869d830616de2"},"headline":"Neidkomplexe","datePublished":"2016-11-25T06:37:21+00:00","mainEntityOfPage":{"@id":"https:\/\/starke-meinungen.de\/blog\/2016\/11\/25\/neidkomplexe\/"},"wordCount":1089,"commentCount":34,"publisher":{"@id":"https:\/\/starke-meinungen.de\/blog\/#organization"},"keywords":["Antisemitismus","Gini-Koeffizient","Linke","Neid","Reichensteuer","Steuerprogression","Umverteilung"],"articleSection":{"1":"Rainer Werner"},"inLanguage":"de","potentialAction":[{"@type":"CommentAction","name":"Comment","target":["https:\/\/starke-meinungen.de\/blog\/2016\/11\/25\/neidkomplexe\/#respond"]}]},{"@type":"WebPage","@id":"https:\/\/starke-meinungen.de\/blog\/2016\/11\/25\/neidkomplexe\/","url":"https:\/\/starke-meinungen.de\/blog\/2016\/11\/25\/neidkomplexe\/","name":"Neidkomplexe - starke-meinungen.de","isPartOf":{"@id":"https:\/\/starke-meinungen.de\/blog\/#website"},"datePublished":"2016-11-25T06:37:21+00:00","breadcrumb":{"@id":"https:\/\/starke-meinungen.de\/blog\/2016\/11\/25\/neidkomplexe\/#breadcrumb"},"inLanguage":"de","potentialAction":[{"@type":"ReadAction","target":["https:\/\/starke-meinungen.de\/blog\/2016\/11\/25\/neidkomplexe\/"]}]},{"@type":"BreadcrumbList","@id":"https:\/\/starke-meinungen.de\/blog\/2016\/11\/25\/neidkomplexe\/#breadcrumb","itemListElement":[{"@type":"ListItem","position":1,"name":"Startseite","item":"https:\/\/starke-meinungen.de\/blog\/"},{"@type":"ListItem","position":2,"name":"Neidkomplexe"}]},{"@type":"WebSite","@id":"https:\/\/starke-meinungen.de\/blog\/#website","url":"https:\/\/starke-meinungen.de\/blog\/","name":"starke-meinungen.de","description":"Autoren-Blog","publisher":{"@id":"https:\/\/starke-meinungen.de\/blog\/#organization"},"potentialAction":[{"@type":"SearchAction","target":{"@type":"EntryPoint","urlTemplate":"https:\/\/starke-meinungen.de\/blog\/?s={search_term_string}"},"query-input":{"@type":"PropertyValueSpecification","valueRequired":true,"valueName":"search_term_string"}}],"inLanguage":"de"},{"@type":"Organization","@id":"https:\/\/starke-meinungen.de\/blog\/#organization","name":"starke-meinungen.de","url":"https:\/\/starke-meinungen.de\/blog\/","logo":{"@type":"ImageObject","inLanguage":"de","@id":"https:\/\/starke-meinungen.de\/blog\/#\/schema\/logo\/image\/","url":"https:\/\/starke-meinungen.de\/blog\/wp-content\/uploads\/starke-meinungen-fb-header.jpg","contentUrl":"https:\/\/starke-meinungen.de\/blog\/wp-content\/uploads\/starke-meinungen-fb-header.jpg","width":1200,"height":630,"caption":"starke-meinungen.de"},"image":{"@id":"https:\/\/starke-meinungen.de\/blog\/#\/schema\/logo\/image\/"},"sameAs":["https:\/\/www.facebook.com\/starkemeinungen\/","https:\/\/x.com\/starkemeinungen"]},{"@type":"Person","@id":"https:\/\/starke-meinungen.de\/blog\/#\/schema\/person\/6af826c1bb87ec75580869d830616de2","name":"Rainer Werner","image":{"@type":"ImageObject","inLanguage":"de","@id":"https:\/\/secure.gravatar.com\/avatar\/6f37dc4eff27558ec03229bb8dd7133f519865cae374548719ce45fba3788ea8?s=96&d=mm&r=g","url":"https:\/\/secure.gravatar.com\/avatar\/6f37dc4eff27558ec03229bb8dd7133f519865cae374548719ce45fba3788ea8?s=96&d=mm&r=g","contentUrl":"https:\/\/secure.gravatar.com\/avatar\/6f37dc4eff27558ec03229bb8dd7133f519865cae374548719ce45fba3788ea8?s=96&d=mm&r=g","caption":"Rainer Werner"},"url":"https:\/\/starke-meinungen.de\/blog\/author\/werner\/"}]}},"_links":{"self":[{"href":"https:\/\/starke-meinungen.de\/blog\/wp-json\/wp\/v2\/posts\/6599","targetHints":{"allow":["GET"]}}],"collection":[{"href":"https:\/\/starke-meinungen.de\/blog\/wp-json\/wp\/v2\/posts"}],"about":[{"href":"https:\/\/starke-meinungen.de\/blog\/wp-json\/wp\/v2\/types\/post"}],"author":[{"embeddable":true,"href":"https:\/\/starke-meinungen.de\/blog\/wp-json\/wp\/v2\/users\/19"}],"replies":[{"embeddable":true,"href":"https:\/\/starke-meinungen.de\/blog\/wp-json\/wp\/v2\/comments?post=6599"}],"version-history":[{"count":1,"href":"https:\/\/starke-meinungen.de\/blog\/wp-json\/wp\/v2\/posts\/6599\/revisions"}],"predecessor-version":[{"id":6600,"href":"https:\/\/starke-meinungen.de\/blog\/wp-json\/wp\/v2\/posts\/6599\/revisions\/6600"}],"wp:attachment":[{"href":"https:\/\/starke-meinungen.de\/blog\/wp-json\/wp\/v2\/media?parent=6599"}],"wp:term":[{"taxonomy":"category","embeddable":true,"href":"https:\/\/starke-meinungen.de\/blog\/wp-json\/wp\/v2\/categories?post=6599"},{"taxonomy":"post_tag","embeddable":true,"href":"https:\/\/starke-meinungen.de\/blog\/wp-json\/wp\/v2\/tags?post=6599"}],"curies":[{"name":"wp","href":"https:\/\/api.w.org\/{rel}","templated":true}]}}