

{"id":6515,"date":"2016-11-04T06:31:10","date_gmt":"2016-11-04T06:31:10","guid":{"rendered":"https:\/\/starke-meinungen.de\/blog\/?p=6515"},"modified":"2016-11-04T06:31:10","modified_gmt":"2016-11-04T06:31:10","slug":"bella-italia","status":"publish","type":"post","link":"https:\/\/starke-meinungen.de\/blog\/2016\/11\/04\/bella-italia\/","title":{"rendered":"Bella Italia"},"content":{"rendered":"<p>Seit der Renaissance gilt Italien als das gelobte Land der Deutschen, deren Sehnsucht ein prominenter Italienreisender einst in ber\u00fchmte Verse gefasst hat: <em>&#8222;Kennst du das Land wo die Zitronen bl\u00fchen? &#8230; Dahin, dahin \/ M\u00f6cht ich mit dir, o mein Geliebter, ziehn!&#8220;<\/em> (Johann Wolfgang von Goethe). Fast alle Kavaliers- und Bildungsreisen f\u00fchrten nach Italien, wo sich Maler, Musiker und Dichter Anregungen aus dem historischen\u00a0 Fundus der Antike und aus dem Flair malerischer Landschaften holten. Unz\u00e4hlige Schlager haben den Weg \u00fcber die Alpen zu uns gefunden oder wurden im italienischen Stil komponiert <em>(&#8222;Wenn in Capri die rote Sonne im Meer versinkt&#8230;&#8220;)<\/em>. In der Politik gab es die Toskana-Fraktion (Fischer, Schily), die das harte Gesch\u00e4ft der Realpolitik mit mediterraner Lebensfreude w\u00fcrzen wollte.<!--more--><\/p>\n<p>Heute blicken viele Deutsche mit Sorge auf das Italien, das sie einst liebten. Zu d\u00fcster steht es um \u00d6konomie und Politik, als dass man sich eine sorglose Zukunft f\u00fcr dieses sch\u00f6ne Land erhoffen k\u00f6nnte. Seit Jahren hat Italien ein Wirtschaftswachstum, das hinter dem ohnehin niedrigen Durchschnitt aller Staaten der Europ\u00e4ischen Union zur\u00fcckbleibt. Die Industrieproduktion ist\u00a0 schon im dritten Quartal hintereinander r\u00fcckl\u00e4ufig. Die Arbeitslosigkeit ist hoch. Von den unter 35-J\u00e4hrigen hat ein Drittel keinen Job. Das Bruttoindustrieprodukt des Landes ist 2015 immer noch auf dem Stand von 2000, so tief war der Wirtschafteinbruch w\u00e4hrend der Staatsschuldenkrise 2009 gewesen. Zum Vergleich die deutsche Entwicklung: Von 2000 bis 2015 ist das deutsche Bruttoinlandsprodukt trotz der Krise um 20% gestiegen, was zu einem breiten Wohlstandsgewinn in der Bev\u00f6lkerung gef\u00fchrt hat. Der Schuldenstand Italiens ist gigantisch. Die Staatsschulden betragen 2,25 Billionen Euro. Das sind 135% des BIP. Mit diesem Schuldenstand ist Italien dabei, Griechenland den Rang abzulaufen. Und es ist keine Besserung in Sicht.<\/p>\n<p>Woran das Land krankt, ist seit langem bekannt. Immer wieder werden die Defizite in Berichten der OECD und der Weltbank, aber auch in renommierten Wirtschaftszeitungen beschrieben. Die Wirtschaft Italiens weist eine notorisch niedrige Produktivit\u00e4t auf, was am geringen technischem Knowhow bei gleichzeitig hohen L\u00f6hnen liegt. Tiefere Ursache daf\u00fcr ist ein mangelhaftes Bildungssystem. Im PISA-Vergleich der Industrienationen der Welt belegte Italien 2012 nur\u00a0 den 28. Rang. In allen drei Disziplinen (Mathematik, Lesekompetenz, Naturwissenschaften) lagen die Leistungen italienischer Sch\u00fcler weit unter dem Durchschnitt aller \u00a0OECD-Staaten.<\/p>\n<p>Die B\u00fcrokratie Italiens gilt als schwerf\u00e4llig und selbstverliebt. Anstatt private Investitionen freudig anzuschieben, werden sie hinausgez\u00f6gert und behindert, weil sie in den Augen der Staatsangestellten die Dominanz des staatlichen Sektors &#8211; also ihre eigenen Pfr\u00fcnde &#8211; schm\u00e4lern. \u00c4hnlich schwerf\u00e4llig und undurchsichtig arbeitet die Justiz. Es kann durchaus passieren, dass Zivilprozesse zwischen Unternehmen zehn Jahre dauern, bis sie ein Urteil zeitigen.\u00a0 Die politische Klasse Italiens gilt als egoistisch und anf\u00e4llig f\u00fcr Korruption, ja sogar f\u00fcr mafiose Verstrickungen.<\/p>\n<p>Das schlimme Erdbeben vom August 2016\u00a0 in den Abruzzen\u00a0 brachte etwas zutage, was an Sch\u00e4ndlichkeit kaum zu \u00fcberbieten ist. Lokale Politiker und Baufirmen hatten Gelder, die f\u00fcr die Erbeben-Sicherung der H\u00e4user bestimmt waren, veruntreut und H\u00e4user minderer Qualit\u00e4t gebaut. Die vor 7 Jahren nahezu vollkommen zerst\u00f6rte Stadt L \u00b4 Aquila wartet\u00a0 heute noch auf den versprochenen Wiederaufbau. Auch hier ist das von der Regierung bewilligte Geld versickert. Das zerst\u00f6rte L \u00b4Aquila steht wie ein Denkmal der Schande in der sch\u00f6nen Landschaft Mittelitaliens.<\/p>\n<p>Der junge Ministerpr\u00e4sident Mateo Renzi hat die Misere, an der sein Land krankt, \u00a0durchaus erkannt, schl\u00e4gt aber zur Gesundung v\u00f6llig falsche, r\u00fcckw\u00e4rtsgewandte Rezepte vor. Anstatt bei den n\u00f6tigen Strukturreformen und bei der Korruptionsbek\u00e4mpfung mutig voranzuschreiten und sich dabei auch mit den Beharrungskr\u00e4ften (Gewerkschaften, \u00d6ffentlicher Dienst) anzulegen, polemisiert er st\u00e4ndig gegen die &#8222;Austerit\u00e4tspolitik&#8220; von Angela Merkel. Er fordert mehr Flexibilit\u00e4t bei der Auslegung der Maastrichtkriterien f\u00fcr die Staatsverschuldung, die er ohnehin l\u00e4ngst nicht mehr einh\u00e4lt. Wenn die Europ\u00e4ische Kommission dem Ansinnen nachg\u00e4be, w\u00fcrde Italien weiter in den Schuldensumpf abrutschen, ohne dass auch nur ein strukturelles Problem gel\u00f6st w\u00e4re. Renzi schreckt nicht davor zur\u00fcck, Angela Merkel dadurch unter Druck zu setzen, dass er bei den Treffen des Europ\u00e4ischen Rats st\u00e4ndig Pro-Putin-Positionen vertritt. Nach den verheerenden Luftangriffen der russischen Luftwaffen auf Krankenh\u00e4user in Aleppo hat Renzi durchgesetzt, dass in der Stellungnahme des Rats das Wort Sanktionen gestrichen wurde.<\/p>\n<p>Experten der Weltbank stellen inzwischen die Frage, ob Italien auf Dauer fit genug f\u00fcr die Eurozone sein wird. Wirtschaftsnobelpreistr\u00e4ger Joseph Stiglitz h\u00e4lt Italien f\u00fcr den ersten Ausstiegskandidaten. Vor der Einf\u00fchrung des Euro konnte Italien seine wirtschaftlichen Defizite, die bis in die Nachkriegszeit zur\u00fcckreichen, zumindest vor\u00fcbergehend\u00a0 dadurch kompensieren, dass es die Lira immer wieder abwertete. Dadurch wurden Exporte billiger, was dem Land eine kurzfristige Ruhepause bescherte. Deutschen Italienreisenden sind diese\u00a0 Abwertungen in guter Erinnerung, weil die Kaufkraft der Deutschen Mark bei jeder Abwertung stieg. Und an den Umgang mit\u00a0 den 10.000 &#8211; Lira-Scheinen hat man sich im Laufe des Urlaubs schnell gew\u00f6hnt. Mit dem Euro ist die \u00e4u\u00dfere Abwertung nicht mehr m\u00f6glich. Da alle Regierungen vor Renzi vor Strukturreformen zur Ert\u00fcchtigung der italienischen Wirtschaft zur\u00fcckschreckten, blieb nur ein Ausweg, um den Lebensstandard der B\u00fcrger zu bewahren: die Staatsverschuldung. Seit der Euro-Krise 2009 hat die Europ\u00e4ische Kommission alle Augen zugedr\u00fcckt, wenn es um die Billigung der Nettokreditaufnahme der italienischen Regierungen ging. Man hoffte, dass das Land schon an den richtigen Stellschrauben drehen w\u00fcrde, wenn erst einmal die Folgen des Wirtschaftseinbruchs beseitigt seien. Diese Hoffnung schlug fehl, weil keine Regierung bisher daran dachte, vom s\u00fc\u00dfen Gift der Neuverschuldung zu lassen. Die wenigen Reformen, die Renzi anschob, z.B.\u00a0 zur Lockerung der Arbeitsm\u00e4rkte, blieben halbherzig und inkonsequent. Die Blockademacht der Gewerkschaften und des linken Fl\u00fcgels in Renzis eigener Partei, des &#8222;Partito Democratico&#8220; (vergleichbar mit unserer SPD), erwies sich als zu stark. Warum die Wirtschaft nicht anspringt, kann man an folgenden \u00a0Regulierungsbeispielen ablesen.<\/p>\n<p><em>&#8222;Der K\u00fcndigungsschutz f\u00fcr Festangestellte ist so ausgepr\u00e4gt und rigide, dass Arbeitgeber schon seit langem vor Neueinstellungen zur\u00fcckschrecken. Unternehmer, die Angestellte vor die T\u00fcr setzen, sei es, weil diese den Arbeitsanforderungen nicht gen\u00fcgen oder weil die Firma finanziell unter Druck geraten ist, laufen Gefahr, vor Gericht gezerrt zu werden. Und die Richter kommen oft zum dem Urteil, dass die Entlassungen nicht gerechtfertigt waren. Arbeitsstreitigkeiten beizulegen, kann nicht selten Jahre in Anspruch nehmen.&#8220; <\/em>(The Wall Street Journal, 10. 10. 2014)<\/p>\n<p>Renzi versucht seit geraumer Zeit, die wichtigsten Verb\u00fcndeten Italiens in der EU &#8211;\u00a0 Deutschland und Frankreich &#8211; zu einem &#8222;Neustart&#8220; in der Europ\u00e4ischen Union zu bewegen. Dabei greift er gerne auch zu Wortgirlanden wie dem <em>&#8222;Europa der Werte und der Kultur&#8220;<\/em> oder\u00a0 <em>&#8222;Europa der Ideale,\u00a0 des Sozialen und der Sch\u00f6nheit&#8220;,<\/em>\u00a0 das es gerade angesichts der Fliehkr\u00e4fte zu verteidigen gelte, die durch die Brexit-Entscheidung der Briten deutlich geworden seien. Vor einem Jahr beschwor er den europ\u00e4ischen Geist im Beisein\u00a0 Angela Merkels symboltr\u00e4chtig vor der David-Statue von Michelangelo in Florenz. Ende August diesen Jahres tat er dasselbe an \u00e4hnlich geschichtstr\u00e4chtiger St\u00e4tte: auf der Insel Ventotene, wo einer der Begr\u00fcnder der europ\u00e4ischen Idee Altiero Spinelli begraben liegt. Schiebt man Renzis Wolkenvorhang der sch\u00f6nen Worte beiseite, kommt das zutage, was er tats\u00e4chlich anstrebt: eine weitere &#8222;Flexibilit\u00e4t&#8220; bei der Einhaltung der Verschuldungsgrenze und einen Schritt in Richtung Vergemeinschaftung der Staatsschulden. Vermutlich hat Renzi erkannt, dass er die Reformblockaden in seinem Land nicht aufbrechen kann, dass Italien nur \u00fcber die Verwirklichung der Transferunion in der Eurozone bleiben kann.<\/p>\n<p>Am 4. Dezember \u00a02016 hat Renzi ein Verfassungsreferendum zu \u00fcberstehen, das die beiden Parlamentskammern nach deutschem Vorbild (Bundestag \/ Bundesrat) ordnen soll. Populisten jeglicher Couleur, aber auch die politische Opposition wittern die Chance, dem forschen Jungpolitiker eine empfindliche Niederlage zu bereiten. Die F\u00fcnf-Sterne-Bewegung des Komikers Beppe Grillo erhofft sich durch eine Ablehnung des Regierungsvorhabens\u00a0 R\u00fcckenwind f\u00fcr die Parlamentswahlen, die 2018 stattfinden sollen. Die Populisten wollen diese Wahlen zur Abstimmung \u00fcber den Verbleib Italiens in der Eurozone, vielleicht sogar in der Europ\u00e4ischen Union machen (Italexit).<\/p>\n<p>Dass es sich bei den Grillo-J\u00fcngern um \u00f6konomische Dilettanten handelt, kann man daran erkennen, dass sie sich \u00fcber die Perspektiven nach dem Euro-Austritt abwegigen Illusionen hingeben. Der Austritt aus dem Euro w\u00fcrde dem Land n\u00e4mlich nur vor\u00fcbergehend Entlastung schaffen, weil dann die l\u00e4stigen Verschuldungskriterien von Maastricht nicht mehr gelten. Auf mittlere \u00a0Sicht w\u00e4ren aber\u00a0 auch au\u00dferhalb des Euros Strukturreformen unumg\u00e4nglich. Wer etwas anderes erz\u00e4hlt, bel\u00fcgt das Volk.\u00a0 Denn\u00a0 wenn Italien darauf angewiesen w\u00e4re, sich die Kredite auf dem Kapitalmarkt zu beschaffen, ohne von der 1-A-Bonit\u00e4t der Eurozone profitieren zu k\u00f6nnen, w\u00fcrden die Zinsen kr\u00e4ftig steigen. Vor dem Beitritt zum Euro lagen die Kreditzinsen bei \u00fcber 10%. Bei solchen Zinsen w\u00e4re eine weitere Verschuldung reiner Irrsinn. Die M\u00e4rkte und die Rating-Agenturen bestrafen Stagnation und Reformverweigerung gnadenlos. Das ist ja auch der Grund, weshalb wirtschaftlich schwache Staaten (Portugal, Griechenland) unbedingt unter dem Dach des Euro bleiben wollen. Er garantiert ihnen Kredite zu Traumzinsen. Und bei einer Schieflage greift immer noch die Europ\u00e4ische Kommission rettend ein, indem sie lukrative Rettungspakete schn\u00fcrt. Komfortabler kann man es nicht haben.<\/p>\n<p>So oder so: Italien muss sich reformieren, \u00f6konomisch und politisch. Die politische Klasse muss sich entscheiden, ob das Land auf ewig zum Kostg\u00e4nger der reichen Eurol\u00e4nder werden soll\u00a0 oder ob es wieder auf eigenen Beinen stehen will. Den Kraftakt, dabei \u00fcber den eigenen egoistischen Schatten zu springen, kann man den italienischen Politikern nicht ersparen. \u00a0F\u00fcr \u00a0Bella Italia w\u00e4re ein solcher Gesundungsprozess w\u00fcnschenswert.<\/p>\n<p>&nbsp;<\/p>\n<div class=\"shariff shariff-align-left shariff-widget-align-left shariff-buttonstretch\" style=\"display:none\"><ul class=\"shariff-buttons theme-white orientation-horizontal buttonsize-medium\"><li class=\"shariff-button facebook shariff-nocustomcolor\" style=\"background-color:#4273c8\"><a href=\"https:\/\/www.facebook.com\/sharer\/sharer.php?u=https%3A%2F%2Fstarke-meinungen.de%2Fblog%2F2016%2F11%2F04%2Fbella-italia%2F\" title=\"Bei Facebook teilen\" aria-label=\"Bei Facebook teilen\" role=\"button\" rel=\"nofollow\" class=\"shariff-link\" style=\"; background-color:#3b5998; color:#3b5998\" target=\"_blank\"><span class=\"shariff-icon\" style=\"fill:#3b5998\"><svg width=\"32px\" height=\"20px\" xmlns=\"http:\/\/www.w3.org\/2000\/svg\" viewBox=\"0 0 18 32\"><path fill=\"#3b5998\" d=\"M17.1 0.2v4.7h-2.8q-1.5 0-2.1 0.6t-0.5 1.9v3.4h5.2l-0.7 5.3h-4.5v13.6h-5.5v-13.6h-4.5v-5.3h4.5v-3.9q0-3.3 1.9-5.2t5-1.8q2.6 0 4.1 0.2z\"\/><\/svg><\/span><span class=\"shariff-text\" style=\"color:#3b5998\">teilen<\/span>&nbsp;<\/a><\/li><li class=\"shariff-button twitter shariff-nocustomcolor\" style=\"background-color:#595959\"><a href=\"https:\/\/twitter.com\/share?url=https%3A%2F%2Fstarke-meinungen.de%2Fblog%2F2016%2F11%2F04%2Fbella-italia%2F&text=Bella%20Italia&via=starkemeinungen\" title=\"Bei X teilen\" aria-label=\"Bei X teilen\" role=\"button\" rel=\"noopener nofollow\" class=\"shariff-link\" style=\"; background-color:#000; color:#000\" target=\"_blank\"><span class=\"shariff-icon\" style=\"fill:#000\"><svg width=\"32px\" height=\"20px\" xmlns=\"http:\/\/www.w3.org\/2000\/svg\" viewBox=\"0 0 24 24\"><path fill=\"#000\" d=\"M14.258 10.152L23.176 0h-2.113l-7.747 8.813L7.133 0H0l9.352 13.328L0 23.973h2.113l8.176-9.309 6.531 9.309h7.133zm-2.895 3.293l-.949-1.328L2.875 1.56h3.246l6.086 8.523.945 1.328 7.91 11.078h-3.246zm0 0\"\/><\/svg><\/span><span class=\"shariff-text\" style=\"color:#000\">teilen<\/span>&nbsp;<\/a><\/li><li class=\"shariff-button linkedin shariff-nocustomcolor\" style=\"background-color:#1488bf\"><a href=\"https:\/\/www.linkedin.com\/sharing\/share-offsite\/?url=https%3A%2F%2Fstarke-meinungen.de%2Fblog%2F2016%2F11%2F04%2Fbella-italia%2F\" title=\"Bei LinkedIn teilen\" aria-label=\"Bei LinkedIn teilen\" role=\"button\" rel=\"noopener nofollow\" class=\"shariff-link\" style=\"; background-color:#0077b5; color:#0077b5\" target=\"_blank\"><span class=\"shariff-icon\" style=\"fill:#0077b5\"><svg width=\"32px\" height=\"20px\" xmlns=\"http:\/\/www.w3.org\/2000\/svg\" viewBox=\"0 0 27 32\"><path fill=\"#0077b5\" d=\"M6.2 11.2v17.7h-5.9v-17.7h5.9zM6.6 5.7q0 1.3-0.9 2.2t-2.4 0.9h0q-1.5 0-2.4-0.9t-0.9-2.2 0.9-2.2 2.4-0.9 2.4 0.9 0.9 2.2zM27.4 18.7v10.1h-5.9v-9.5q0-1.9-0.7-2.9t-2.3-1.1q-1.1 0-1.9 0.6t-1.2 1.5q-0.2 0.5-0.2 1.4v9.9h-5.9q0-7.1 0-11.6t0-5.3l0-0.9h5.9v2.6h0q0.4-0.6 0.7-1t1-0.9 1.6-0.8 2-0.3q3 0 4.9 2t1.9 6z\"\/><\/svg><\/span><span class=\"shariff-text\" style=\"color:#0077b5\">teilen<\/span>&nbsp;<\/a><\/li><li class=\"shariff-button xing shariff-nocustomcolor\" style=\"background-color:#29888a\"><a href=\"https:\/\/www.xing.com\/spi\/shares\/new?url=https%3A%2F%2Fstarke-meinungen.de%2Fblog%2F2016%2F11%2F04%2Fbella-italia%2F\" title=\"Bei XING teilen\" aria-label=\"Bei XING teilen\" role=\"button\" rel=\"noopener nofollow\" class=\"shariff-link\" style=\"; background-color:#126567; color:#126567\" target=\"_blank\"><span class=\"shariff-icon\" style=\"fill:#126567\"><svg width=\"32px\" height=\"20px\" xmlns=\"http:\/\/www.w3.org\/2000\/svg\" viewBox=\"0 0 25 32\"><path fill=\"#126567\" d=\"M10.7 11.9q-0.2 0.3-4.6 8.2-0.5 0.8-1.2 0.8h-4.3q-0.4 0-0.5-0.3t0-0.6l4.5-8q0 0 0 0l-2.9-5q-0.2-0.4 0-0.7 0.2-0.3 0.5-0.3h4.3q0.7 0 1.2 0.8zM25.1 0.4q0.2 0.3 0 0.7l-9.4 16.7 6 11q0.2 0.4 0 0.6-0.2 0.3-0.6 0.3h-4.3q-0.7 0-1.2-0.8l-6-11.1q0.3-0.6 9.5-16.8 0.4-0.8 1.2-0.8h4.3q0.4 0 0.5 0.3z\"\/><\/svg><\/span><span class=\"shariff-text\" style=\"color:#126567\">teilen<\/span>&nbsp;<\/a><\/li><li class=\"shariff-button whatsapp shariff-nocustomcolor\" style=\"background-color:#5cbe4a\"><a href=\"https:\/\/api.whatsapp.com\/send?text=https%3A%2F%2Fstarke-meinungen.de%2Fblog%2F2016%2F11%2F04%2Fbella-italia%2F%20Bella%20Italia\" title=\"Bei Whatsapp teilen\" aria-label=\"Bei Whatsapp teilen\" role=\"button\" rel=\"noopener nofollow\" class=\"shariff-link\" style=\"; background-color:#34af23; color:#34af23\" target=\"_blank\"><span class=\"shariff-icon\" style=\"fill:#34af23\"><svg width=\"32px\" height=\"20px\" xmlns=\"http:\/\/www.w3.org\/2000\/svg\" viewBox=\"0 0 32 32\"><path fill=\"#34af23\" d=\"M17.6 17.4q0.2 0 1.7 0.8t1.6 0.9q0 0.1 0 0.3 0 0.6-0.3 1.4-0.3 0.7-1.3 1.2t-1.8 0.5q-1 0-3.4-1.1-1.7-0.8-3-2.1t-2.6-3.3q-1.3-1.9-1.3-3.5v-0.1q0.1-1.6 1.3-2.8 0.4-0.4 0.9-0.4 0.1 0 0.3 0t0.3 0q0.3 0 0.5 0.1t0.3 0.5q0.1 0.4 0.6 1.6t0.4 1.3q0 0.4-0.6 1t-0.6 0.8q0 0.1 0.1 0.3 0.6 1.3 1.8 2.4 1 0.9 2.7 1.8 0.2 0.1 0.4 0.1 0.3 0 1-0.9t0.9-0.9zM14 26.9q2.3 0 4.3-0.9t3.6-2.4 2.4-3.6 0.9-4.3-0.9-4.3-2.4-3.6-3.6-2.4-4.3-0.9-4.3 0.9-3.6 2.4-2.4 3.6-0.9 4.3q0 3.6 2.1 6.6l-1.4 4.2 4.3-1.4q2.8 1.9 6.2 1.9zM14 2.2q2.7 0 5.2 1.1t4.3 2.9 2.9 4.3 1.1 5.2-1.1 5.2-2.9 4.3-4.3 2.9-5.2 1.1q-3.5 0-6.5-1.7l-7.4 2.4 2.4-7.2q-1.9-3.2-1.9-6.9 0-2.7 1.1-5.2t2.9-4.3 4.3-2.9 5.2-1.1z\"\/><\/svg><\/span><span class=\"shariff-text\" style=\"color:#34af23\">teilen<\/span>&nbsp;<\/a><\/li><li class=\"shariff-button info shariff-nocustomcolor\" style=\"background-color:#a8a8a8\"><a href=\"http:\/\/ct.de\/-2467514\" title=\"Weitere Informationen\" aria-label=\"Weitere Informationen\" role=\"button\" rel=\"noopener \" class=\"shariff-link\" style=\"; background-color:#999; color:#999\" target=\"_blank\"><span class=\"shariff-icon\" style=\"fill:#999\"><svg width=\"32px\" height=\"20px\" xmlns=\"http:\/\/www.w3.org\/2000\/svg\" viewBox=\"0 0 11 32\"><path fill=\"#999\" d=\"M11.4 24v2.3q0 0.5-0.3 0.8t-0.8 0.4h-9.1q-0.5 0-0.8-0.4t-0.4-0.8v-2.3q0-0.5 0.4-0.8t0.8-0.4h1.1v-6.8h-1.1q-0.5 0-0.8-0.4t-0.4-0.8v-2.3q0-0.5 0.4-0.8t0.8-0.4h6.8q0.5 0 0.8 0.4t0.4 0.8v10.3h1.1q0.5 0 0.8 0.4t0.3 0.8zM9.2 3.4v3.4q0 0.5-0.4 0.8t-0.8 0.4h-4.6q-0.4 0-0.8-0.4t-0.4-0.8v-3.4q0-0.4 0.4-0.8t0.8-0.4h4.6q0.5 0 0.8 0.4t0.4 0.8z\"\/><\/svg><\/span><\/a><\/li><\/ul><\/div>","protected":false},"excerpt":{"rendered":"<p>Seit der Renaissance gilt Italien als das gelobte Land der Deutschen, deren Sehnsucht ein prominenter Italienreisender einst in ber\u00fchmte Verse gefasst hat: &#8222;Kennst du das Land wo die Zitronen bl\u00fchen? &#8230; Dahin, dahin \/ M\u00f6cht ich mit dir, o mein Geliebter, ziehn!&#8220; (Johann Wolfgang von Goethe). Fast alle Kavaliers- und Bildungsreisen f\u00fchrten nach Italien, wo sich Maler, Musiker und Dichter&#8230; <a href=\"https:\/\/starke-meinungen.de\/blog\/2016\/11\/04\/bella-italia\/\">Weiterlesen &raquo;<\/a><\/p>\n","protected":false},"author":19,"featured_media":0,"comment_status":"open","ping_status":"open","sticky":false,"template":"","format":"standard","meta":{"footnotes":""},"categories":[1,2093],"tags":[2889,332,2888,2887,2886,2890],"class_list":["post-6515","post","type-post","status-publish","format-standard","hentry","category-allgemein","category-rainer-werner","tag-austeritaet","tag-europa","tag-eurozone","tag-maastrichtkriterien","tag-renzi","tag-staatschulden"],"yoast_head":"<!-- This site is optimized with the Yoast SEO plugin v27.5 - https:\/\/yoast.com\/product\/yoast-seo-wordpress\/ -->\n<title>Bella Italia - starke-meinungen.de<\/title>\n<meta name=\"robots\" content=\"index, follow, max-snippet:-1, max-image-preview:large, max-video-preview:-1\" \/>\n<link rel=\"canonical\" href=\"https:\/\/starke-meinungen.de\/blog\/2016\/11\/04\/bella-italia\/\" \/>\n<meta property=\"og:locale\" content=\"de_DE\" \/>\n<meta property=\"og:type\" content=\"article\" \/>\n<meta property=\"og:title\" content=\"Bella Italia - starke-meinungen.de\" \/>\n<meta property=\"og:description\" content=\"Seit der Renaissance gilt Italien als das gelobte Land der Deutschen, deren Sehnsucht ein prominenter Italienreisender einst in ber\u00fchmte Verse gefasst hat: &#8222;Kennst du das Land wo die Zitronen bl\u00fchen? &#8230; Dahin, dahin \/ M\u00f6cht ich mit dir, o mein Geliebter, ziehn!&#8220; (Johann Wolfgang von Goethe). Fast alle Kavaliers- und Bildungsreisen f\u00fchrten nach Italien, wo sich Maler, Musiker und Dichter... Weiterlesen &raquo;\" \/>\n<meta property=\"og:url\" content=\"https:\/\/starke-meinungen.de\/blog\/2016\/11\/04\/bella-italia\/\" \/>\n<meta property=\"og:site_name\" content=\"starke-meinungen.de\" \/>\n<meta property=\"article:publisher\" content=\"https:\/\/www.facebook.com\/starkemeinungen\/\" \/>\n<meta property=\"article:published_time\" content=\"2016-11-04T06:31:10+00:00\" \/>\n<meta property=\"og:image\" content=\"https:\/\/starke-meinungen.de\/blog\/wp-content\/uploads\/starke-meinungen-fb-header.jpg\" \/>\n\t<meta property=\"og:image:width\" content=\"1200\" \/>\n\t<meta property=\"og:image:height\" content=\"630\" \/>\n\t<meta property=\"og:image:type\" content=\"image\/jpeg\" \/>\n<meta name=\"author\" content=\"Rainer Werner\" \/>\n<meta name=\"twitter:card\" content=\"summary_large_image\" \/>\n<meta name=\"twitter:creator\" content=\"@starkemeinungen\" \/>\n<meta name=\"twitter:site\" content=\"@starkemeinungen\" \/>\n<meta name=\"twitter:label1\" content=\"Verfasst von\" \/>\n\t<meta name=\"twitter:data1\" content=\"Rainer Werner\" \/>\n\t<meta name=\"twitter:label2\" content=\"Gesch\u00e4tzte Lesezeit\" \/>\n\t<meta name=\"twitter:data2\" content=\"8\u00a0Minuten\" \/>\n<script type=\"application\/ld+json\" class=\"yoast-schema-graph\">{\"@context\":\"https:\\\/\\\/schema.org\",\"@graph\":[{\"@type\":\"Article\",\"@id\":\"https:\\\/\\\/starke-meinungen.de\\\/blog\\\/2016\\\/11\\\/04\\\/bella-italia\\\/#article\",\"isPartOf\":{\"@id\":\"https:\\\/\\\/starke-meinungen.de\\\/blog\\\/2016\\\/11\\\/04\\\/bella-italia\\\/\"},\"author\":{\"name\":\"Rainer Werner\",\"@id\":\"https:\\\/\\\/starke-meinungen.de\\\/blog\\\/#\\\/schema\\\/person\\\/6af826c1bb87ec75580869d830616de2\"},\"headline\":\"Bella Italia\",\"datePublished\":\"2016-11-04T06:31:10+00:00\",\"mainEntityOfPage\":{\"@id\":\"https:\\\/\\\/starke-meinungen.de\\\/blog\\\/2016\\\/11\\\/04\\\/bella-italia\\\/\"},\"wordCount\":1590,\"commentCount\":2,\"publisher\":{\"@id\":\"https:\\\/\\\/starke-meinungen.de\\\/blog\\\/#organization\"},\"keywords\":[\"Austerit\u00e4t\",\"Europa\",\"Eurozone\",\"Maastrichtkriterien\",\"Renzi\",\"Staatschulden\"],\"articleSection\":{\"1\":\"Rainer Werner\"},\"inLanguage\":\"de\",\"potentialAction\":[{\"@type\":\"CommentAction\",\"name\":\"Comment\",\"target\":[\"https:\\\/\\\/starke-meinungen.de\\\/blog\\\/2016\\\/11\\\/04\\\/bella-italia\\\/#respond\"]}]},{\"@type\":\"WebPage\",\"@id\":\"https:\\\/\\\/starke-meinungen.de\\\/blog\\\/2016\\\/11\\\/04\\\/bella-italia\\\/\",\"url\":\"https:\\\/\\\/starke-meinungen.de\\\/blog\\\/2016\\\/11\\\/04\\\/bella-italia\\\/\",\"name\":\"Bella Italia - starke-meinungen.de\",\"isPartOf\":{\"@id\":\"https:\\\/\\\/starke-meinungen.de\\\/blog\\\/#website\"},\"datePublished\":\"2016-11-04T06:31:10+00:00\",\"breadcrumb\":{\"@id\":\"https:\\\/\\\/starke-meinungen.de\\\/blog\\\/2016\\\/11\\\/04\\\/bella-italia\\\/#breadcrumb\"},\"inLanguage\":\"de\",\"potentialAction\":[{\"@type\":\"ReadAction\",\"target\":[\"https:\\\/\\\/starke-meinungen.de\\\/blog\\\/2016\\\/11\\\/04\\\/bella-italia\\\/\"]}]},{\"@type\":\"BreadcrumbList\",\"@id\":\"https:\\\/\\\/starke-meinungen.de\\\/blog\\\/2016\\\/11\\\/04\\\/bella-italia\\\/#breadcrumb\",\"itemListElement\":[{\"@type\":\"ListItem\",\"position\":1,\"name\":\"Startseite\",\"item\":\"https:\\\/\\\/starke-meinungen.de\\\/blog\\\/\"},{\"@type\":\"ListItem\",\"position\":2,\"name\":\"Bella Italia\"}]},{\"@type\":\"WebSite\",\"@id\":\"https:\\\/\\\/starke-meinungen.de\\\/blog\\\/#website\",\"url\":\"https:\\\/\\\/starke-meinungen.de\\\/blog\\\/\",\"name\":\"starke-meinungen.de\",\"description\":\"Autoren-Blog\",\"publisher\":{\"@id\":\"https:\\\/\\\/starke-meinungen.de\\\/blog\\\/#organization\"},\"potentialAction\":[{\"@type\":\"SearchAction\",\"target\":{\"@type\":\"EntryPoint\",\"urlTemplate\":\"https:\\\/\\\/starke-meinungen.de\\\/blog\\\/?s={search_term_string}\"},\"query-input\":{\"@type\":\"PropertyValueSpecification\",\"valueRequired\":true,\"valueName\":\"search_term_string\"}}],\"inLanguage\":\"de\"},{\"@type\":\"Organization\",\"@id\":\"https:\\\/\\\/starke-meinungen.de\\\/blog\\\/#organization\",\"name\":\"starke-meinungen.de\",\"url\":\"https:\\\/\\\/starke-meinungen.de\\\/blog\\\/\",\"logo\":{\"@type\":\"ImageObject\",\"inLanguage\":\"de\",\"@id\":\"https:\\\/\\\/starke-meinungen.de\\\/blog\\\/#\\\/schema\\\/logo\\\/image\\\/\",\"url\":\"https:\\\/\\\/starke-meinungen.de\\\/blog\\\/wp-content\\\/uploads\\\/starke-meinungen-fb-header.jpg\",\"contentUrl\":\"https:\\\/\\\/starke-meinungen.de\\\/blog\\\/wp-content\\\/uploads\\\/starke-meinungen-fb-header.jpg\",\"width\":1200,\"height\":630,\"caption\":\"starke-meinungen.de\"},\"image\":{\"@id\":\"https:\\\/\\\/starke-meinungen.de\\\/blog\\\/#\\\/schema\\\/logo\\\/image\\\/\"},\"sameAs\":[\"https:\\\/\\\/www.facebook.com\\\/starkemeinungen\\\/\",\"https:\\\/\\\/x.com\\\/starkemeinungen\"]},{\"@type\":\"Person\",\"@id\":\"https:\\\/\\\/starke-meinungen.de\\\/blog\\\/#\\\/schema\\\/person\\\/6af826c1bb87ec75580869d830616de2\",\"name\":\"Rainer Werner\",\"image\":{\"@type\":\"ImageObject\",\"inLanguage\":\"de\",\"@id\":\"https:\\\/\\\/secure.gravatar.com\\\/avatar\\\/6f37dc4eff27558ec03229bb8dd7133f519865cae374548719ce45fba3788ea8?s=96&d=mm&r=g\",\"url\":\"https:\\\/\\\/secure.gravatar.com\\\/avatar\\\/6f37dc4eff27558ec03229bb8dd7133f519865cae374548719ce45fba3788ea8?s=96&d=mm&r=g\",\"contentUrl\":\"https:\\\/\\\/secure.gravatar.com\\\/avatar\\\/6f37dc4eff27558ec03229bb8dd7133f519865cae374548719ce45fba3788ea8?s=96&d=mm&r=g\",\"caption\":\"Rainer Werner\"},\"url\":\"https:\\\/\\\/starke-meinungen.de\\\/blog\\\/author\\\/werner\\\/\"}]}<\/script>\n<!-- \/ Yoast SEO plugin. -->","yoast_head_json":{"title":"Bella Italia - starke-meinungen.de","robots":{"index":"index","follow":"follow","max-snippet":"max-snippet:-1","max-image-preview":"max-image-preview:large","max-video-preview":"max-video-preview:-1"},"canonical":"https:\/\/starke-meinungen.de\/blog\/2016\/11\/04\/bella-italia\/","og_locale":"de_DE","og_type":"article","og_title":"Bella Italia - starke-meinungen.de","og_description":"Seit der Renaissance gilt Italien als das gelobte Land der Deutschen, deren Sehnsucht ein prominenter Italienreisender einst in ber\u00fchmte Verse gefasst hat: &#8222;Kennst du das Land wo die Zitronen bl\u00fchen? &#8230; Dahin, dahin \/ M\u00f6cht ich mit dir, o mein Geliebter, ziehn!&#8220; (Johann Wolfgang von Goethe). Fast alle Kavaliers- und Bildungsreisen f\u00fchrten nach Italien, wo sich Maler, Musiker und Dichter... Weiterlesen &raquo;","og_url":"https:\/\/starke-meinungen.de\/blog\/2016\/11\/04\/bella-italia\/","og_site_name":"starke-meinungen.de","article_publisher":"https:\/\/www.facebook.com\/starkemeinungen\/","article_published_time":"2016-11-04T06:31:10+00:00","og_image":[{"width":1200,"height":630,"url":"https:\/\/starke-meinungen.de\/blog\/wp-content\/uploads\/starke-meinungen-fb-header.jpg","type":"image\/jpeg"}],"author":"Rainer Werner","twitter_card":"summary_large_image","twitter_creator":"@starkemeinungen","twitter_site":"@starkemeinungen","twitter_misc":{"Verfasst von":"Rainer Werner","Gesch\u00e4tzte Lesezeit":"8\u00a0Minuten"},"schema":{"@context":"https:\/\/schema.org","@graph":[{"@type":"Article","@id":"https:\/\/starke-meinungen.de\/blog\/2016\/11\/04\/bella-italia\/#article","isPartOf":{"@id":"https:\/\/starke-meinungen.de\/blog\/2016\/11\/04\/bella-italia\/"},"author":{"name":"Rainer Werner","@id":"https:\/\/starke-meinungen.de\/blog\/#\/schema\/person\/6af826c1bb87ec75580869d830616de2"},"headline":"Bella Italia","datePublished":"2016-11-04T06:31:10+00:00","mainEntityOfPage":{"@id":"https:\/\/starke-meinungen.de\/blog\/2016\/11\/04\/bella-italia\/"},"wordCount":1590,"commentCount":2,"publisher":{"@id":"https:\/\/starke-meinungen.de\/blog\/#organization"},"keywords":["Austerit\u00e4t","Europa","Eurozone","Maastrichtkriterien","Renzi","Staatschulden"],"articleSection":{"1":"Rainer Werner"},"inLanguage":"de","potentialAction":[{"@type":"CommentAction","name":"Comment","target":["https:\/\/starke-meinungen.de\/blog\/2016\/11\/04\/bella-italia\/#respond"]}]},{"@type":"WebPage","@id":"https:\/\/starke-meinungen.de\/blog\/2016\/11\/04\/bella-italia\/","url":"https:\/\/starke-meinungen.de\/blog\/2016\/11\/04\/bella-italia\/","name":"Bella Italia - starke-meinungen.de","isPartOf":{"@id":"https:\/\/starke-meinungen.de\/blog\/#website"},"datePublished":"2016-11-04T06:31:10+00:00","breadcrumb":{"@id":"https:\/\/starke-meinungen.de\/blog\/2016\/11\/04\/bella-italia\/#breadcrumb"},"inLanguage":"de","potentialAction":[{"@type":"ReadAction","target":["https:\/\/starke-meinungen.de\/blog\/2016\/11\/04\/bella-italia\/"]}]},{"@type":"BreadcrumbList","@id":"https:\/\/starke-meinungen.de\/blog\/2016\/11\/04\/bella-italia\/#breadcrumb","itemListElement":[{"@type":"ListItem","position":1,"name":"Startseite","item":"https:\/\/starke-meinungen.de\/blog\/"},{"@type":"ListItem","position":2,"name":"Bella Italia"}]},{"@type":"WebSite","@id":"https:\/\/starke-meinungen.de\/blog\/#website","url":"https:\/\/starke-meinungen.de\/blog\/","name":"starke-meinungen.de","description":"Autoren-Blog","publisher":{"@id":"https:\/\/starke-meinungen.de\/blog\/#organization"},"potentialAction":[{"@type":"SearchAction","target":{"@type":"EntryPoint","urlTemplate":"https:\/\/starke-meinungen.de\/blog\/?s={search_term_string}"},"query-input":{"@type":"PropertyValueSpecification","valueRequired":true,"valueName":"search_term_string"}}],"inLanguage":"de"},{"@type":"Organization","@id":"https:\/\/starke-meinungen.de\/blog\/#organization","name":"starke-meinungen.de","url":"https:\/\/starke-meinungen.de\/blog\/","logo":{"@type":"ImageObject","inLanguage":"de","@id":"https:\/\/starke-meinungen.de\/blog\/#\/schema\/logo\/image\/","url":"https:\/\/starke-meinungen.de\/blog\/wp-content\/uploads\/starke-meinungen-fb-header.jpg","contentUrl":"https:\/\/starke-meinungen.de\/blog\/wp-content\/uploads\/starke-meinungen-fb-header.jpg","width":1200,"height":630,"caption":"starke-meinungen.de"},"image":{"@id":"https:\/\/starke-meinungen.de\/blog\/#\/schema\/logo\/image\/"},"sameAs":["https:\/\/www.facebook.com\/starkemeinungen\/","https:\/\/x.com\/starkemeinungen"]},{"@type":"Person","@id":"https:\/\/starke-meinungen.de\/blog\/#\/schema\/person\/6af826c1bb87ec75580869d830616de2","name":"Rainer Werner","image":{"@type":"ImageObject","inLanguage":"de","@id":"https:\/\/secure.gravatar.com\/avatar\/6f37dc4eff27558ec03229bb8dd7133f519865cae374548719ce45fba3788ea8?s=96&d=mm&r=g","url":"https:\/\/secure.gravatar.com\/avatar\/6f37dc4eff27558ec03229bb8dd7133f519865cae374548719ce45fba3788ea8?s=96&d=mm&r=g","contentUrl":"https:\/\/secure.gravatar.com\/avatar\/6f37dc4eff27558ec03229bb8dd7133f519865cae374548719ce45fba3788ea8?s=96&d=mm&r=g","caption":"Rainer Werner"},"url":"https:\/\/starke-meinungen.de\/blog\/author\/werner\/"}]}},"_links":{"self":[{"href":"https:\/\/starke-meinungen.de\/blog\/wp-json\/wp\/v2\/posts\/6515","targetHints":{"allow":["GET"]}}],"collection":[{"href":"https:\/\/starke-meinungen.de\/blog\/wp-json\/wp\/v2\/posts"}],"about":[{"href":"https:\/\/starke-meinungen.de\/blog\/wp-json\/wp\/v2\/types\/post"}],"author":[{"embeddable":true,"href":"https:\/\/starke-meinungen.de\/blog\/wp-json\/wp\/v2\/users\/19"}],"replies":[{"embeddable":true,"href":"https:\/\/starke-meinungen.de\/blog\/wp-json\/wp\/v2\/comments?post=6515"}],"version-history":[{"count":1,"href":"https:\/\/starke-meinungen.de\/blog\/wp-json\/wp\/v2\/posts\/6515\/revisions"}],"predecessor-version":[{"id":6516,"href":"https:\/\/starke-meinungen.de\/blog\/wp-json\/wp\/v2\/posts\/6515\/revisions\/6516"}],"wp:attachment":[{"href":"https:\/\/starke-meinungen.de\/blog\/wp-json\/wp\/v2\/media?parent=6515"}],"wp:term":[{"taxonomy":"category","embeddable":true,"href":"https:\/\/starke-meinungen.de\/blog\/wp-json\/wp\/v2\/categories?post=6515"},{"taxonomy":"post_tag","embeddable":true,"href":"https:\/\/starke-meinungen.de\/blog\/wp-json\/wp\/v2\/tags?post=6515"}],"curies":[{"name":"wp","href":"https:\/\/api.w.org\/{rel}","templated":true}]}}