

{"id":6470,"date":"2016-10-12T10:19:20","date_gmt":"2016-10-12T10:19:20","guid":{"rendered":"https:\/\/starke-meinungen.de\/blog\/?p=6470"},"modified":"2016-10-16T13:28:05","modified_gmt":"2016-10-16T13:28:05","slug":"was-merkel-in-afrika-nicht-sagte-und-forderte","status":"publish","type":"post","link":"https:\/\/starke-meinungen.de\/blog\/2016\/10\/12\/was-merkel-in-afrika-nicht-sagte-und-forderte\/","title":{"rendered":"Was Merkel in Afrika nicht sagte und forderte"},"content":{"rendered":"<p>Als Getriebene ihrer Fl\u00fcchtlingspolitik und der allgemeinen Fl\u00fcchtlingskrise sei Merkel jetzt drei\u00a0 Tage in den afrikanischen L\u00e4ndern gewesen, schreiben einige Medien.Sie war auch\u00a0 in Niger, dem \u00e4rmsten Land der Welt , das\u00a0 zu einem Drehpunkt der Schlepperindustrie s\u00fcdlich der Sahara geworden ist , wo Hunderttausende seit Monaten auf ihre Weiterfahrt warten Richtung Deutschland. Ja, es ist Deutschland, auch wenn sie erst in Italien oder Spanien ankommen. Es ist falsch wenn immer wieder in Reden zum Thema gesagt wird, die Fl\u00fcchtlinge wollten nach Europa. Nur wenige wollen nach Osteuropa oder in Griechenland bleiben. Nur wenige k\u00f6nnen nach England, was anscheinend im Unterschied zu all den TV und Expertenreden der letzten Monate, die das Mantra wiederholten, man k\u00f6nne in Zeiten der Globalisierung keine Grenzen mehr abschotten bzw sichern, das doch ganz gut k\u00f6nnen. Die Reise Merkels sei eine zur Bek\u00e4mpfung der Fluchtursachen gewesen, hei\u00dft es. <strong>Doch warum wurde dann das Thema Bev\u00f6lkerungspolitik, M\u00e4dchen und Frauenrechte nicht angesprochen?<\/strong><!--more--><\/p>\n<p>Eines der gr\u00f6ssten Tabus in den Wissenschafts &#8211; Medien und Politikdebatten zu\u00a0 nachhaltiger Entwicklung, Entwicklungspolitik, Bek\u00e4mpfung der Armut und des Terrors und der zu gro\u00dfen Fl\u00fcchltingsstr\u00f6me ist neben dem wichtigen Thema der Dikataturen und korrupten Eliten in \u00d6lgesch\u00e4ft und Rohstoffhandel nebst den ultrakonservativen religi\u00f6sen Eliten in arabischen und afrikanischen L\u00e4ndern, denen Merkel eher jetzt wieder die Hand gesch\u00fcttelt hat, statt ihnen die Leviten zu lesen: <strong>das Bev\u00f6lkerungswachstum in islamischen und\u00a0 afrikanischen L\u00e4ndern.<\/strong><\/p>\n<p>In der UNO gab es seit der Uno Frauendekade von 1975-1995 Bem\u00fchungen aller Frauenorganisationen der Welt, wozu auch die in \u00c4gypten und Mali und Jordanien geh\u00f6rten, die ich dabei kennen lernte, das Recht auf Bildung f\u00fcr alle M\u00e4dchen und Frauen durchzusetzen, auch damit sie ihre Rechte aus\u00fcben k\u00f6nnen und das Recht auf Schwangerschaftsabbruch und Verh\u00fctung f\u00fcr die M\u00e4dchen und Frauen durchzusetzen.Doch sp\u00e4testens 1994 zur Bev\u00f6lkerungspolitikkonferenz in Kairo hatten die gro\u00dfen Lobbygruppen der katholischen Kirche, des Vatikan und der islamischen Staaten mit der Fahne der Familie ,f\u00fcr deren Rechte sie eintreten w\u00fcrden, diese globale Welle der Frauenrechtsbewegung gebremst und bis heute eigentlich faktisch vor allem f\u00fcr die \u00e4rmeren L\u00e4nder gestoppt.Wir nannten das damals&#8220; die unheilige Allianz von Vatikan und islamischen Staaten&#8220; ,die auch die Aktionsplattform der Weltfrauenkonferenz in Peking 1995 bezogen auf M\u00e4dchen und Frauenrechte ,was &#8222;reproductive rights&#8220;\u00a0 angeht-abgeschw\u00e4cht haben, trotz Anwesenheit von Hilary Clinton und Frau Merkel, die damals Frauenministerin war. Die rechten katholischen Gruppen, die gegen die Frauenrechtsbewegung in der UNO und die islamischen Konservativen und Ultrakonservativen gingen in New York teilweise sogar gewaltsam gegen Lesben und Frauenrechtsgruppen, die f\u00fcr das Recht auf Verh\u00fctung und Schwangerschaftsabbruch warben, vor.<\/p>\n<p>Doch der Zeitgeist-Diskurs \u00fcber andere Kulturen, Respekt gegen\u00fcber dem Islam, egal welcher, Multikulti und hybride Identit\u00e4tetn etc, hat in den letzten Jahren von der klaren Forderung nach dem Recht auf Verh\u00fctung und Schwangerschaftsabbruch f\u00fcr alle Frauen in der Welt abgelenkt. Nur in Polen tauchte dieser Kampf jetzt noch einmal klar auf. Doch was haben die Medien hier und die Fl\u00fcchtlingsexperten und Afrikapolitikerinnen in den letzten Jahren zu Themen wie Verh\u00fctung und Schwangershaftsabbruch in islamischen und afrikanischen L\u00e4ndern gesagt und getan? Was soll das Reden dar\u00fcber, dass 60 Millionen auf der Flucht sind von Frau Roth und Frau Kipping, wenn sie als angebliche Frauenpoiltikerinnen sich anscheinend f\u00fcr Frauenrechte\u00a0 in Afrika kaum eingesetzt haben ? Sie setzen sich mehr\u00a0 dagegen ein, dass es keine Abschiebung von 10 000 Jungs aus Nordafrika gibt, von denen einige doch zu recht sexueller Gewalt geneigt waren oder noch sind,deren M\u00fctter wegen zu vieler Kinder und Frauenarmut wohl keine Kraft hatten, sie zu Respekt gegen\u00fcber allen Frauen zu erziehen.<\/p>\n<p>Wieso wird der Papst nicht kritisiert, wegen der Tabuisierung der Verh\u00fctungsmittel in Afrika und dem schlechten Zugang von M\u00e4dchen und Frauen dazu?<\/p>\n<p>Warum wird so getan, als l\u00e4ge die Armut in Afrika nur am Kolonialismus und an der neokolonialen Ausbeutung der Rohstoffe durch die EU und den Westen, gegen die ich jahrelang eingetreten bin ? Der alte und neue Kolonialismus von China in Afrika und der Sowjetunion in Afrika wird aber bei diesem Dauerargument\u00a0 vollkommen ausgeblendet, das meist auch von liberalen Medien und Kirchen bis zu Minister M\u00fcller im Dukturs,&#8220; wir sind alle S\u00fcnder&#8220;, vorgetragen wird.Dabei\u00a0 wird auch von wesentlichen Fakten, wie dem Bev\u00f6lkerungswachstum einfach abgesehen, was ja nicht unbedingt alle Frauen gl\u00fccklich macht.<\/p>\n<p>Das Wasser, meistens von M\u00e4dchen und Frauen getragen, der fruchtbare Boden, meistens von Kleinb\u00e4uerinnen bearbeitet,\u00a0 die Rohstoffe, die Schulen und Infrastruktur und die jobs wachsen doch nicht mit der Zunahme der Bev\u00f6lkerung einfach mit, so wie das Machtbewusstsein der M\u00e4nner, die stolz auf ihre 20 Kinder sind, die sie nicht ern\u00e4hren k\u00f6nnen oder ihnen keine jobs anbieten k\u00f6nnen. Sogar die Erfolge der sinnvollen Entwicklungspolitik , nachhaltiger Projekte der GIZ oder KfW und\u00a0 aller m\u00f6glichen Stiftungen etc werden durch das zu grosse Bev\u00f6lkerungswachstum\u00a0 zunichte gemacht.<\/p>\n<p>Auch ich habe erst vor einem Jahr erfahren, da\u00df in Kenia, die Bev\u00f6lkerungszahl drei\u00a0 Mal gr\u00f6\u00dfer ist als vor 20 Jahren. Was sollen das M\u00e4dchenbildungsprojekte,die aber keine Verh\u00fctungspolitik und sexuelle Aufkl\u00e4rung betreiben, bewirken, da jobs f\u00fcr Frauen nicht einfach verdreifacht werden k\u00f6nnen , auch nicht wenn die deutsche Wirtschaft da jetzt vielleicht mal 500 Arbeitspl\u00e4tze schafft ?<\/p>\n<p>Wie schon Gunnar Heinsohn vor einigen Jahren feststellte, wird der \u00dcberschu\u00df an jungen M\u00e4nnern aus Nordafrika, der arabischen Welt und Afrika Europa \u00fcberfluten k\u00f6nnen, was nichts mit Fremdenhass zu tun hat, es so zu formulieren, sondern mit realistischem Nachdenken \u00fcber Obergrenzen und Gleichgewichte und die Stabliti\u00e4t der europ\u00e4ischen Demokratien.Der Bev\u00f6lkerungs\u00fcberschu\u00df, den wir aufgrund mangelnder Frauen und M\u00e4ddchenrechte zur Verh\u00fctung , zur sp\u00e4ten Heirat und\u00a0 zur 2 -Kinderehe auffangen m\u00fcssen, wurde uns in der letzten Zeit\u00a0 als HIlfe gegen den demographischen Wandel verkauft .Doch da M\u00e4nner immer noch keine Kinder bekommen ist auch das ein gro\u00dfer Mythos,schlie\u00dflich sind 70 Prozent , wenn nicht mehr der Fl\u00fcchtlinge junge M\u00e4nner. Das angeblich gro\u00dfe demographische Problem w\u00fcrde durch Zuwanderung gel\u00f6st, ohne zu pr\u00e4zisieren, durch welche denn. Genausowenig wie jede Art der Zuwanderung den Fachkr\u00e4ftemangel l\u00f6sen kann.Woher sollen denn die jungen M\u00e4nner ihre jobs in der digitalisierten und Roboterwelt der Moderne hier finden? Wo ihre Frauen, die mit ihnen Kinder bekommen wollen?<\/p>\n<p>Sollen da dann etwas Zwangsehen und Kinderehen einspringen, wie mir gestern ein Autor aus Griechenland bei der Allianzkulturstiftung erkl\u00e4rte nach dem Motto, man kann doch die nicht einfach zivilisieren wollen, die haben doch ihre Kultur! Ach die Kultur der M\u00e4dchenehen und Zwangsheiraten, das soll Kultur sein?<\/p>\n<p>Auch das eine bedr\u00fcckende Tatsache, die in Merkels Reden in Afrika und den Medienberichten dazu nicht auftauchte: Gerade in Niger ist die Anzahl der Kinderehen,also der M\u00e4dchen, die in Kinderehen gezwungen werden, die gr\u00f6\u00dfte, angeblich ein Drittel aller Ehen Kinderehen, was ja auch Versklavung von M\u00e4dchen, die dann 7 Kinder im Laufe ihres Lebens oder 11 bekommen m\u00fcssen, genannt werden m\u00fcsste.<\/p>\n<p>Noch Fragen zu Fluchtursachenbek\u00e4mpfung?<\/p>\n<p>&nbsp;<\/p>\n<div class=\"shariff shariff-align-left shariff-widget-align-left shariff-buttonstretch\" style=\"display:none\"><ul class=\"shariff-buttons theme-white orientation-horizontal buttonsize-medium\"><li class=\"shariff-button facebook shariff-nocustomcolor\" style=\"background-color:#4273c8\"><a href=\"https:\/\/www.facebook.com\/sharer\/sharer.php?u=https%3A%2F%2Fstarke-meinungen.de%2Fblog%2F2016%2F10%2F12%2Fwas-merkel-in-afrika-nicht-sagte-und-forderte%2F\" title=\"Bei Facebook teilen\" aria-label=\"Bei Facebook teilen\" role=\"button\" rel=\"nofollow\" class=\"shariff-link\" style=\"; background-color:#3b5998; color:#3b5998\" target=\"_blank\"><span class=\"shariff-icon\" style=\"fill:#3b5998\"><svg width=\"32px\" height=\"20px\" xmlns=\"http:\/\/www.w3.org\/2000\/svg\" viewBox=\"0 0 18 32\"><path fill=\"#3b5998\" d=\"M17.1 0.2v4.7h-2.8q-1.5 0-2.1 0.6t-0.5 1.9v3.4h5.2l-0.7 5.3h-4.5v13.6h-5.5v-13.6h-4.5v-5.3h4.5v-3.9q0-3.3 1.9-5.2t5-1.8q2.6 0 4.1 0.2z\"\/><\/svg><\/span><span class=\"shariff-text\" style=\"color:#3b5998\">teilen<\/span>&nbsp;<\/a><\/li><li class=\"shariff-button twitter shariff-nocustomcolor\" style=\"background-color:#595959\"><a href=\"https:\/\/twitter.com\/share?url=https%3A%2F%2Fstarke-meinungen.de%2Fblog%2F2016%2F10%2F12%2Fwas-merkel-in-afrika-nicht-sagte-und-forderte%2F&text=Was%20Merkel%20in%20Afrika%20nicht%20sagte%20und%20forderte&via=starkemeinungen\" title=\"Bei X teilen\" aria-label=\"Bei X teilen\" role=\"button\" rel=\"noopener nofollow\" class=\"shariff-link\" style=\"; background-color:#000; color:#000\" target=\"_blank\"><span class=\"shariff-icon\" style=\"fill:#000\"><svg width=\"32px\" height=\"20px\" xmlns=\"http:\/\/www.w3.org\/2000\/svg\" viewBox=\"0 0 24 24\"><path fill=\"#000\" d=\"M14.258 10.152L23.176 0h-2.113l-7.747 8.813L7.133 0H0l9.352 13.328L0 23.973h2.113l8.176-9.309 6.531 9.309h7.133zm-2.895 3.293l-.949-1.328L2.875 1.56h3.246l6.086 8.523.945 1.328 7.91 11.078h-3.246zm0 0\"\/><\/svg><\/span><span class=\"shariff-text\" style=\"color:#000\">teilen<\/span>&nbsp;<\/a><\/li><li class=\"shariff-button linkedin shariff-nocustomcolor\" style=\"background-color:#1488bf\"><a href=\"https:\/\/www.linkedin.com\/sharing\/share-offsite\/?url=https%3A%2F%2Fstarke-meinungen.de%2Fblog%2F2016%2F10%2F12%2Fwas-merkel-in-afrika-nicht-sagte-und-forderte%2F\" title=\"Bei LinkedIn teilen\" aria-label=\"Bei LinkedIn teilen\" role=\"button\" rel=\"noopener nofollow\" class=\"shariff-link\" style=\"; background-color:#0077b5; color:#0077b5\" target=\"_blank\"><span class=\"shariff-icon\" style=\"fill:#0077b5\"><svg width=\"32px\" height=\"20px\" xmlns=\"http:\/\/www.w3.org\/2000\/svg\" viewBox=\"0 0 27 32\"><path fill=\"#0077b5\" d=\"M6.2 11.2v17.7h-5.9v-17.7h5.9zM6.6 5.7q0 1.3-0.9 2.2t-2.4 0.9h0q-1.5 0-2.4-0.9t-0.9-2.2 0.9-2.2 2.4-0.9 2.4 0.9 0.9 2.2zM27.4 18.7v10.1h-5.9v-9.5q0-1.9-0.7-2.9t-2.3-1.1q-1.1 0-1.9 0.6t-1.2 1.5q-0.2 0.5-0.2 1.4v9.9h-5.9q0-7.1 0-11.6t0-5.3l0-0.9h5.9v2.6h0q0.4-0.6 0.7-1t1-0.9 1.6-0.8 2-0.3q3 0 4.9 2t1.9 6z\"\/><\/svg><\/span><span class=\"shariff-text\" style=\"color:#0077b5\">teilen<\/span>&nbsp;<\/a><\/li><li class=\"shariff-button xing shariff-nocustomcolor\" style=\"background-color:#29888a\"><a href=\"https:\/\/www.xing.com\/spi\/shares\/new?url=https%3A%2F%2Fstarke-meinungen.de%2Fblog%2F2016%2F10%2F12%2Fwas-merkel-in-afrika-nicht-sagte-und-forderte%2F\" title=\"Bei XING teilen\" aria-label=\"Bei XING teilen\" role=\"button\" rel=\"noopener nofollow\" class=\"shariff-link\" style=\"; background-color:#126567; color:#126567\" target=\"_blank\"><span class=\"shariff-icon\" style=\"fill:#126567\"><svg width=\"32px\" height=\"20px\" xmlns=\"http:\/\/www.w3.org\/2000\/svg\" viewBox=\"0 0 25 32\"><path fill=\"#126567\" d=\"M10.7 11.9q-0.2 0.3-4.6 8.2-0.5 0.8-1.2 0.8h-4.3q-0.4 0-0.5-0.3t0-0.6l4.5-8q0 0 0 0l-2.9-5q-0.2-0.4 0-0.7 0.2-0.3 0.5-0.3h4.3q0.7 0 1.2 0.8zM25.1 0.4q0.2 0.3 0 0.7l-9.4 16.7 6 11q0.2 0.4 0 0.6-0.2 0.3-0.6 0.3h-4.3q-0.7 0-1.2-0.8l-6-11.1q0.3-0.6 9.5-16.8 0.4-0.8 1.2-0.8h4.3q0.4 0 0.5 0.3z\"\/><\/svg><\/span><span class=\"shariff-text\" style=\"color:#126567\">teilen<\/span>&nbsp;<\/a><\/li><li class=\"shariff-button whatsapp shariff-nocustomcolor\" style=\"background-color:#5cbe4a\"><a href=\"https:\/\/api.whatsapp.com\/send?text=https%3A%2F%2Fstarke-meinungen.de%2Fblog%2F2016%2F10%2F12%2Fwas-merkel-in-afrika-nicht-sagte-und-forderte%2F%20Was%20Merkel%20in%20Afrika%20nicht%20sagte%20und%20forderte\" title=\"Bei Whatsapp teilen\" aria-label=\"Bei Whatsapp teilen\" role=\"button\" rel=\"noopener nofollow\" class=\"shariff-link\" style=\"; background-color:#34af23; color:#34af23\" target=\"_blank\"><span class=\"shariff-icon\" style=\"fill:#34af23\"><svg width=\"32px\" height=\"20px\" xmlns=\"http:\/\/www.w3.org\/2000\/svg\" viewBox=\"0 0 32 32\"><path fill=\"#34af23\" d=\"M17.6 17.4q0.2 0 1.7 0.8t1.6 0.9q0 0.1 0 0.3 0 0.6-0.3 1.4-0.3 0.7-1.3 1.2t-1.8 0.5q-1 0-3.4-1.1-1.7-0.8-3-2.1t-2.6-3.3q-1.3-1.9-1.3-3.5v-0.1q0.1-1.6 1.3-2.8 0.4-0.4 0.9-0.4 0.1 0 0.3 0t0.3 0q0.3 0 0.5 0.1t0.3 0.5q0.1 0.4 0.6 1.6t0.4 1.3q0 0.4-0.6 1t-0.6 0.8q0 0.1 0.1 0.3 0.6 1.3 1.8 2.4 1 0.9 2.7 1.8 0.2 0.1 0.4 0.1 0.3 0 1-0.9t0.9-0.9zM14 26.9q2.3 0 4.3-0.9t3.6-2.4 2.4-3.6 0.9-4.3-0.9-4.3-2.4-3.6-3.6-2.4-4.3-0.9-4.3 0.9-3.6 2.4-2.4 3.6-0.9 4.3q0 3.6 2.1 6.6l-1.4 4.2 4.3-1.4q2.8 1.9 6.2 1.9zM14 2.2q2.7 0 5.2 1.1t4.3 2.9 2.9 4.3 1.1 5.2-1.1 5.2-2.9 4.3-4.3 2.9-5.2 1.1q-3.5 0-6.5-1.7l-7.4 2.4 2.4-7.2q-1.9-3.2-1.9-6.9 0-2.7 1.1-5.2t2.9-4.3 4.3-2.9 5.2-1.1z\"\/><\/svg><\/span><span class=\"shariff-text\" style=\"color:#34af23\">teilen<\/span>&nbsp;<\/a><\/li><li class=\"shariff-button info shariff-nocustomcolor\" style=\"background-color:#a8a8a8\"><a href=\"http:\/\/ct.de\/-2467514\" title=\"Weitere Informationen\" aria-label=\"Weitere Informationen\" role=\"button\" rel=\"noopener \" class=\"shariff-link\" style=\"; background-color:#999; color:#999\" target=\"_blank\"><span class=\"shariff-icon\" style=\"fill:#999\"><svg width=\"32px\" height=\"20px\" xmlns=\"http:\/\/www.w3.org\/2000\/svg\" viewBox=\"0 0 11 32\"><path fill=\"#999\" d=\"M11.4 24v2.3q0 0.5-0.3 0.8t-0.8 0.4h-9.1q-0.5 0-0.8-0.4t-0.4-0.8v-2.3q0-0.5 0.4-0.8t0.8-0.4h1.1v-6.8h-1.1q-0.5 0-0.8-0.4t-0.4-0.8v-2.3q0-0.5 0.4-0.8t0.8-0.4h6.8q0.5 0 0.8 0.4t0.4 0.8v10.3h1.1q0.5 0 0.8 0.4t0.3 0.8zM9.2 3.4v3.4q0 0.5-0.4 0.8t-0.8 0.4h-4.6q-0.4 0-0.8-0.4t-0.4-0.8v-3.4q0-0.4 0.4-0.8t0.8-0.4h4.6q0.5 0 0.8 0.4t0.4 0.8z\"\/><\/svg><\/span><\/a><\/li><\/ul><\/div>","protected":false},"excerpt":{"rendered":"<p>Als Getriebene ihrer Fl\u00fcchtlingspolitik und der allgemeinen Fl\u00fcchtlingskrise sei Merkel jetzt drei\u00a0 Tage in den afrikanischen L\u00e4ndern gewesen, schreiben einige Medien.Sie war auch\u00a0 in Niger, dem \u00e4rmsten Land der Welt , das\u00a0 zu einem Drehpunkt der Schlepperindustrie s\u00fcdlich der Sahara geworden ist , wo Hunderttausende seit Monaten auf ihre Weiterfahrt warten Richtung Deutschland. Ja, es ist Deutschland, auch wenn sie&#8230; <a href=\"https:\/\/starke-meinungen.de\/blog\/2016\/10\/12\/was-merkel-in-afrika-nicht-sagte-und-forderte\/\">Weiterlesen &raquo;<\/a><\/p>\n","protected":false},"author":22,"featured_media":0,"comment_status":"open","ping_status":"open","sticky":false,"template":"","format":"standard","meta":{"footnotes":""},"categories":[1,2498],"tags":[510,101,2869,130,1733,2868,2683,358,449],"class_list":["post-6470","post","type-post","status-publish","format-standard","hentry","category-allgemein","category-eva-quistorp","tag-afrika","tag-angela-merkel","tag-bevoelkerungswachstum","tag-bildung","tag-fluchtlinge","tag-fluchtursachen","tag-frauenrechte","tag-islam","tag-papst-benedikt"],"yoast_head":"<!-- This site is optimized with the Yoast SEO plugin v27.4 - https:\/\/yoast.com\/product\/yoast-seo-wordpress\/ -->\n<title>Was Merkel in Afrika nicht sagte und forderte - starke-meinungen.de<\/title>\n<meta name=\"robots\" content=\"index, follow, max-snippet:-1, max-image-preview:large, max-video-preview:-1\" \/>\n<link rel=\"canonical\" href=\"https:\/\/starke-meinungen.de\/blog\/2016\/10\/12\/was-merkel-in-afrika-nicht-sagte-und-forderte\/\" \/>\n<meta property=\"og:locale\" content=\"de_DE\" \/>\n<meta property=\"og:type\" content=\"article\" \/>\n<meta property=\"og:title\" content=\"Was Merkel in Afrika nicht sagte und forderte - starke-meinungen.de\" \/>\n<meta property=\"og:description\" content=\"Als Getriebene ihrer Fl\u00fcchtlingspolitik und der allgemeinen Fl\u00fcchtlingskrise sei Merkel jetzt drei\u00a0 Tage in den afrikanischen L\u00e4ndern gewesen, schreiben einige Medien.Sie war auch\u00a0 in Niger, dem \u00e4rmsten Land der Welt , das\u00a0 zu einem Drehpunkt der Schlepperindustrie s\u00fcdlich der Sahara geworden ist , wo Hunderttausende seit Monaten auf ihre Weiterfahrt warten Richtung Deutschland. Ja, es ist Deutschland, auch wenn sie... Weiterlesen &raquo;\" \/>\n<meta property=\"og:url\" content=\"https:\/\/starke-meinungen.de\/blog\/2016\/10\/12\/was-merkel-in-afrika-nicht-sagte-und-forderte\/\" \/>\n<meta property=\"og:site_name\" content=\"starke-meinungen.de\" \/>\n<meta property=\"article:publisher\" content=\"https:\/\/www.facebook.com\/starkemeinungen\/\" \/>\n<meta property=\"article:published_time\" content=\"2016-10-12T10:19:20+00:00\" \/>\n<meta property=\"article:modified_time\" content=\"2016-10-16T13:28:05+00:00\" \/>\n<meta property=\"og:image\" content=\"https:\/\/starke-meinungen.de\/blog\/wp-content\/uploads\/starke-meinungen-fb-header.jpg\" \/>\n\t<meta property=\"og:image:width\" content=\"1200\" \/>\n\t<meta property=\"og:image:height\" content=\"630\" \/>\n\t<meta property=\"og:image:type\" content=\"image\/jpeg\" \/>\n<meta name=\"author\" content=\"Eva Quistorp\" \/>\n<meta name=\"twitter:card\" content=\"summary_large_image\" \/>\n<meta name=\"twitter:creator\" content=\"@starkemeinungen\" \/>\n<meta name=\"twitter:site\" content=\"@starkemeinungen\" \/>\n<meta name=\"twitter:label1\" content=\"Verfasst von\" \/>\n\t<meta name=\"twitter:data1\" content=\"Eva Quistorp\" \/>\n\t<meta name=\"twitter:label2\" content=\"Gesch\u00e4tzte Lesezeit\" \/>\n\t<meta name=\"twitter:data2\" content=\"6\u00a0Minuten\" \/>\n<script type=\"application\/ld+json\" class=\"yoast-schema-graph\">{\"@context\":\"https:\\\/\\\/schema.org\",\"@graph\":[{\"@type\":\"Article\",\"@id\":\"https:\\\/\\\/starke-meinungen.de\\\/blog\\\/2016\\\/10\\\/12\\\/was-merkel-in-afrika-nicht-sagte-und-forderte\\\/#article\",\"isPartOf\":{\"@id\":\"https:\\\/\\\/starke-meinungen.de\\\/blog\\\/2016\\\/10\\\/12\\\/was-merkel-in-afrika-nicht-sagte-und-forderte\\\/\"},\"author\":{\"name\":\"Eva Quistorp\",\"@id\":\"https:\\\/\\\/starke-meinungen.de\\\/blog\\\/#\\\/schema\\\/person\\\/3208cf1ae8bc5943d5c8a12107fd55e7\"},\"headline\":\"Was Merkel in Afrika nicht sagte und forderte\",\"datePublished\":\"2016-10-12T10:19:20+00:00\",\"dateModified\":\"2016-10-16T13:28:05+00:00\",\"mainEntityOfPage\":{\"@id\":\"https:\\\/\\\/starke-meinungen.de\\\/blog\\\/2016\\\/10\\\/12\\\/was-merkel-in-afrika-nicht-sagte-und-forderte\\\/\"},\"wordCount\":1208,\"commentCount\":3,\"publisher\":{\"@id\":\"https:\\\/\\\/starke-meinungen.de\\\/blog\\\/#organization\"},\"keywords\":[\"Afrika\",\"Angela Merkel\",\"Bev\u00f6lkerungswachstum\",\"Bildung\",\"Fl\u00fcchtlinge\",\"Fluchtursachen\",\"Frauenrechte\",\"Islam\",\"Papst Benedikt\"],\"articleSection\":{\"1\":\"Eva Quistorp\"},\"inLanguage\":\"de\",\"potentialAction\":[{\"@type\":\"CommentAction\",\"name\":\"Comment\",\"target\":[\"https:\\\/\\\/starke-meinungen.de\\\/blog\\\/2016\\\/10\\\/12\\\/was-merkel-in-afrika-nicht-sagte-und-forderte\\\/#respond\"]}]},{\"@type\":\"WebPage\",\"@id\":\"https:\\\/\\\/starke-meinungen.de\\\/blog\\\/2016\\\/10\\\/12\\\/was-merkel-in-afrika-nicht-sagte-und-forderte\\\/\",\"url\":\"https:\\\/\\\/starke-meinungen.de\\\/blog\\\/2016\\\/10\\\/12\\\/was-merkel-in-afrika-nicht-sagte-und-forderte\\\/\",\"name\":\"Was Merkel in Afrika nicht sagte und forderte - starke-meinungen.de\",\"isPartOf\":{\"@id\":\"https:\\\/\\\/starke-meinungen.de\\\/blog\\\/#website\"},\"datePublished\":\"2016-10-12T10:19:20+00:00\",\"dateModified\":\"2016-10-16T13:28:05+00:00\",\"breadcrumb\":{\"@id\":\"https:\\\/\\\/starke-meinungen.de\\\/blog\\\/2016\\\/10\\\/12\\\/was-merkel-in-afrika-nicht-sagte-und-forderte\\\/#breadcrumb\"},\"inLanguage\":\"de\",\"potentialAction\":[{\"@type\":\"ReadAction\",\"target\":[\"https:\\\/\\\/starke-meinungen.de\\\/blog\\\/2016\\\/10\\\/12\\\/was-merkel-in-afrika-nicht-sagte-und-forderte\\\/\"]}]},{\"@type\":\"BreadcrumbList\",\"@id\":\"https:\\\/\\\/starke-meinungen.de\\\/blog\\\/2016\\\/10\\\/12\\\/was-merkel-in-afrika-nicht-sagte-und-forderte\\\/#breadcrumb\",\"itemListElement\":[{\"@type\":\"ListItem\",\"position\":1,\"name\":\"Startseite\",\"item\":\"https:\\\/\\\/starke-meinungen.de\\\/blog\\\/\"},{\"@type\":\"ListItem\",\"position\":2,\"name\":\"Was Merkel in Afrika nicht sagte und forderte\"}]},{\"@type\":\"WebSite\",\"@id\":\"https:\\\/\\\/starke-meinungen.de\\\/blog\\\/#website\",\"url\":\"https:\\\/\\\/starke-meinungen.de\\\/blog\\\/\",\"name\":\"starke-meinungen.de\",\"description\":\"Autoren-Blog\",\"publisher\":{\"@id\":\"https:\\\/\\\/starke-meinungen.de\\\/blog\\\/#organization\"},\"potentialAction\":[{\"@type\":\"SearchAction\",\"target\":{\"@type\":\"EntryPoint\",\"urlTemplate\":\"https:\\\/\\\/starke-meinungen.de\\\/blog\\\/?s={search_term_string}\"},\"query-input\":{\"@type\":\"PropertyValueSpecification\",\"valueRequired\":true,\"valueName\":\"search_term_string\"}}],\"inLanguage\":\"de\"},{\"@type\":\"Organization\",\"@id\":\"https:\\\/\\\/starke-meinungen.de\\\/blog\\\/#organization\",\"name\":\"starke-meinungen.de\",\"url\":\"https:\\\/\\\/starke-meinungen.de\\\/blog\\\/\",\"logo\":{\"@type\":\"ImageObject\",\"inLanguage\":\"de\",\"@id\":\"https:\\\/\\\/starke-meinungen.de\\\/blog\\\/#\\\/schema\\\/logo\\\/image\\\/\",\"url\":\"https:\\\/\\\/starke-meinungen.de\\\/blog\\\/wp-content\\\/uploads\\\/starke-meinungen-fb-header.jpg\",\"contentUrl\":\"https:\\\/\\\/starke-meinungen.de\\\/blog\\\/wp-content\\\/uploads\\\/starke-meinungen-fb-header.jpg\",\"width\":1200,\"height\":630,\"caption\":\"starke-meinungen.de\"},\"image\":{\"@id\":\"https:\\\/\\\/starke-meinungen.de\\\/blog\\\/#\\\/schema\\\/logo\\\/image\\\/\"},\"sameAs\":[\"https:\\\/\\\/www.facebook.com\\\/starkemeinungen\\\/\",\"https:\\\/\\\/x.com\\\/starkemeinungen\"]},{\"@type\":\"Person\",\"@id\":\"https:\\\/\\\/starke-meinungen.de\\\/blog\\\/#\\\/schema\\\/person\\\/3208cf1ae8bc5943d5c8a12107fd55e7\",\"name\":\"Eva Quistorp\",\"image\":{\"@type\":\"ImageObject\",\"inLanguage\":\"de\",\"@id\":\"https:\\\/\\\/secure.gravatar.com\\\/avatar\\\/90c10fde256573af3dbb823635c4b569b9dfc14fdfa48aee8f48c1c3638ac509?s=96&d=mm&r=g\",\"url\":\"https:\\\/\\\/secure.gravatar.com\\\/avatar\\\/90c10fde256573af3dbb823635c4b569b9dfc14fdfa48aee8f48c1c3638ac509?s=96&d=mm&r=g\",\"contentUrl\":\"https:\\\/\\\/secure.gravatar.com\\\/avatar\\\/90c10fde256573af3dbb823635c4b569b9dfc14fdfa48aee8f48c1c3638ac509?s=96&d=mm&r=g\",\"caption\":\"Eva Quistorp\"},\"url\":\"https:\\\/\\\/starke-meinungen.de\\\/blog\\\/author\\\/quistorp\\\/\"}]}<\/script>\n<!-- \/ Yoast SEO plugin. -->","yoast_head_json":{"title":"Was Merkel in Afrika nicht sagte und forderte - starke-meinungen.de","robots":{"index":"index","follow":"follow","max-snippet":"max-snippet:-1","max-image-preview":"max-image-preview:large","max-video-preview":"max-video-preview:-1"},"canonical":"https:\/\/starke-meinungen.de\/blog\/2016\/10\/12\/was-merkel-in-afrika-nicht-sagte-und-forderte\/","og_locale":"de_DE","og_type":"article","og_title":"Was Merkel in Afrika nicht sagte und forderte - starke-meinungen.de","og_description":"Als Getriebene ihrer Fl\u00fcchtlingspolitik und der allgemeinen Fl\u00fcchtlingskrise sei Merkel jetzt drei\u00a0 Tage in den afrikanischen L\u00e4ndern gewesen, schreiben einige Medien.Sie war auch\u00a0 in Niger, dem \u00e4rmsten Land der Welt , das\u00a0 zu einem Drehpunkt der Schlepperindustrie s\u00fcdlich der Sahara geworden ist , wo Hunderttausende seit Monaten auf ihre Weiterfahrt warten Richtung Deutschland. Ja, es ist Deutschland, auch wenn sie... Weiterlesen &raquo;","og_url":"https:\/\/starke-meinungen.de\/blog\/2016\/10\/12\/was-merkel-in-afrika-nicht-sagte-und-forderte\/","og_site_name":"starke-meinungen.de","article_publisher":"https:\/\/www.facebook.com\/starkemeinungen\/","article_published_time":"2016-10-12T10:19:20+00:00","article_modified_time":"2016-10-16T13:28:05+00:00","og_image":[{"width":1200,"height":630,"url":"https:\/\/starke-meinungen.de\/blog\/wp-content\/uploads\/starke-meinungen-fb-header.jpg","type":"image\/jpeg"}],"author":"Eva Quistorp","twitter_card":"summary_large_image","twitter_creator":"@starkemeinungen","twitter_site":"@starkemeinungen","twitter_misc":{"Verfasst von":"Eva Quistorp","Gesch\u00e4tzte Lesezeit":"6\u00a0Minuten"},"schema":{"@context":"https:\/\/schema.org","@graph":[{"@type":"Article","@id":"https:\/\/starke-meinungen.de\/blog\/2016\/10\/12\/was-merkel-in-afrika-nicht-sagte-und-forderte\/#article","isPartOf":{"@id":"https:\/\/starke-meinungen.de\/blog\/2016\/10\/12\/was-merkel-in-afrika-nicht-sagte-und-forderte\/"},"author":{"name":"Eva Quistorp","@id":"https:\/\/starke-meinungen.de\/blog\/#\/schema\/person\/3208cf1ae8bc5943d5c8a12107fd55e7"},"headline":"Was Merkel in Afrika nicht sagte und forderte","datePublished":"2016-10-12T10:19:20+00:00","dateModified":"2016-10-16T13:28:05+00:00","mainEntityOfPage":{"@id":"https:\/\/starke-meinungen.de\/blog\/2016\/10\/12\/was-merkel-in-afrika-nicht-sagte-und-forderte\/"},"wordCount":1208,"commentCount":3,"publisher":{"@id":"https:\/\/starke-meinungen.de\/blog\/#organization"},"keywords":["Afrika","Angela Merkel","Bev\u00f6lkerungswachstum","Bildung","Fl\u00fcchtlinge","Fluchtursachen","Frauenrechte","Islam","Papst Benedikt"],"articleSection":{"1":"Eva Quistorp"},"inLanguage":"de","potentialAction":[{"@type":"CommentAction","name":"Comment","target":["https:\/\/starke-meinungen.de\/blog\/2016\/10\/12\/was-merkel-in-afrika-nicht-sagte-und-forderte\/#respond"]}]},{"@type":"WebPage","@id":"https:\/\/starke-meinungen.de\/blog\/2016\/10\/12\/was-merkel-in-afrika-nicht-sagte-und-forderte\/","url":"https:\/\/starke-meinungen.de\/blog\/2016\/10\/12\/was-merkel-in-afrika-nicht-sagte-und-forderte\/","name":"Was Merkel in Afrika nicht sagte und forderte - starke-meinungen.de","isPartOf":{"@id":"https:\/\/starke-meinungen.de\/blog\/#website"},"datePublished":"2016-10-12T10:19:20+00:00","dateModified":"2016-10-16T13:28:05+00:00","breadcrumb":{"@id":"https:\/\/starke-meinungen.de\/blog\/2016\/10\/12\/was-merkel-in-afrika-nicht-sagte-und-forderte\/#breadcrumb"},"inLanguage":"de","potentialAction":[{"@type":"ReadAction","target":["https:\/\/starke-meinungen.de\/blog\/2016\/10\/12\/was-merkel-in-afrika-nicht-sagte-und-forderte\/"]}]},{"@type":"BreadcrumbList","@id":"https:\/\/starke-meinungen.de\/blog\/2016\/10\/12\/was-merkel-in-afrika-nicht-sagte-und-forderte\/#breadcrumb","itemListElement":[{"@type":"ListItem","position":1,"name":"Startseite","item":"https:\/\/starke-meinungen.de\/blog\/"},{"@type":"ListItem","position":2,"name":"Was Merkel in Afrika nicht sagte und forderte"}]},{"@type":"WebSite","@id":"https:\/\/starke-meinungen.de\/blog\/#website","url":"https:\/\/starke-meinungen.de\/blog\/","name":"starke-meinungen.de","description":"Autoren-Blog","publisher":{"@id":"https:\/\/starke-meinungen.de\/blog\/#organization"},"potentialAction":[{"@type":"SearchAction","target":{"@type":"EntryPoint","urlTemplate":"https:\/\/starke-meinungen.de\/blog\/?s={search_term_string}"},"query-input":{"@type":"PropertyValueSpecification","valueRequired":true,"valueName":"search_term_string"}}],"inLanguage":"de"},{"@type":"Organization","@id":"https:\/\/starke-meinungen.de\/blog\/#organization","name":"starke-meinungen.de","url":"https:\/\/starke-meinungen.de\/blog\/","logo":{"@type":"ImageObject","inLanguage":"de","@id":"https:\/\/starke-meinungen.de\/blog\/#\/schema\/logo\/image\/","url":"https:\/\/starke-meinungen.de\/blog\/wp-content\/uploads\/starke-meinungen-fb-header.jpg","contentUrl":"https:\/\/starke-meinungen.de\/blog\/wp-content\/uploads\/starke-meinungen-fb-header.jpg","width":1200,"height":630,"caption":"starke-meinungen.de"},"image":{"@id":"https:\/\/starke-meinungen.de\/blog\/#\/schema\/logo\/image\/"},"sameAs":["https:\/\/www.facebook.com\/starkemeinungen\/","https:\/\/x.com\/starkemeinungen"]},{"@type":"Person","@id":"https:\/\/starke-meinungen.de\/blog\/#\/schema\/person\/3208cf1ae8bc5943d5c8a12107fd55e7","name":"Eva Quistorp","image":{"@type":"ImageObject","inLanguage":"de","@id":"https:\/\/secure.gravatar.com\/avatar\/90c10fde256573af3dbb823635c4b569b9dfc14fdfa48aee8f48c1c3638ac509?s=96&d=mm&r=g","url":"https:\/\/secure.gravatar.com\/avatar\/90c10fde256573af3dbb823635c4b569b9dfc14fdfa48aee8f48c1c3638ac509?s=96&d=mm&r=g","contentUrl":"https:\/\/secure.gravatar.com\/avatar\/90c10fde256573af3dbb823635c4b569b9dfc14fdfa48aee8f48c1c3638ac509?s=96&d=mm&r=g","caption":"Eva Quistorp"},"url":"https:\/\/starke-meinungen.de\/blog\/author\/quistorp\/"}]}},"_links":{"self":[{"href":"https:\/\/starke-meinungen.de\/blog\/wp-json\/wp\/v2\/posts\/6470","targetHints":{"allow":["GET"]}}],"collection":[{"href":"https:\/\/starke-meinungen.de\/blog\/wp-json\/wp\/v2\/posts"}],"about":[{"href":"https:\/\/starke-meinungen.de\/blog\/wp-json\/wp\/v2\/types\/post"}],"author":[{"embeddable":true,"href":"https:\/\/starke-meinungen.de\/blog\/wp-json\/wp\/v2\/users\/22"}],"replies":[{"embeddable":true,"href":"https:\/\/starke-meinungen.de\/blog\/wp-json\/wp\/v2\/comments?post=6470"}],"version-history":[{"count":5,"href":"https:\/\/starke-meinungen.de\/blog\/wp-json\/wp\/v2\/posts\/6470\/revisions"}],"predecessor-version":[{"id":6481,"href":"https:\/\/starke-meinungen.de\/blog\/wp-json\/wp\/v2\/posts\/6470\/revisions\/6481"}],"wp:attachment":[{"href":"https:\/\/starke-meinungen.de\/blog\/wp-json\/wp\/v2\/media?parent=6470"}],"wp:term":[{"taxonomy":"category","embeddable":true,"href":"https:\/\/starke-meinungen.de\/blog\/wp-json\/wp\/v2\/categories?post=6470"},{"taxonomy":"post_tag","embeddable":true,"href":"https:\/\/starke-meinungen.de\/blog\/wp-json\/wp\/v2\/tags?post=6470"}],"curies":[{"name":"wp","href":"https:\/\/api.w.org\/{rel}","templated":true}]}}