

{"id":6451,"date":"2016-09-28T05:06:22","date_gmt":"2016-09-28T05:06:22","guid":{"rendered":"https:\/\/starke-meinungen.de\/blog\/?p=6451"},"modified":"2016-09-28T05:08:36","modified_gmt":"2016-09-28T05:08:36","slug":"die-irrfahrten-des-sigmar-gabrel","status":"publish","type":"post","link":"https:\/\/starke-meinungen.de\/blog\/2016\/09\/28\/die-irrfahrten-des-sigmar-gabrel\/","title":{"rendered":"Die Irrfahrten des Sigmar Gabriel"},"content":{"rendered":"<p><strong>\u00a0<\/strong>Irgendwie hat Sigmar Gabriel mit seinen Russland-Besuchen kein Gl\u00fcck. Als er vor genau einem Jahr Putin aufsuchte, um mit ihm \u00fcber die Weltlage zu plaudern, hatte dieser sich gerade als Kriegspartei in den Syrienkrieg\u00a0 eingemischt und begonnen, die Stellungen der Freien Syrischen Armee zu bombardieren, was er in der \u00d6ffentlichkeit als &#8222;Krieg gegen den Terror&#8220; ausgab. Gabriel bedankte sich bei Putin, dass er Zeit f\u00fcr ihn gefunden habe, obwohl er <em>&#8222;gerade mit dem Konflikt in Syrien\u00a0 viel zu tun&#8220;<\/em>\u00a0 habe. Es klang so, als habe ein ungebetener Gast einen pflichtbewussten Beamten vom Aktenstudium abgehalten. Ein Jahr sp\u00e4ter &#8211; September 2016 &#8211; die gleiche Situation. Putins Luftwaffe hatte gerade\u00a0 \u00a0einen Hilfskonvoi, der von der T\u00fcrkei aus nach Aleppo gestartet war, bombardiert und weitgehend zerst\u00f6rt. Dabei waren 20 Wei\u00dfhelme (so hei\u00dfen die freiwilligen Helfer in Syrien) get\u00f6tet worden. Gabriel bedankte sich artig, dass er den Angriff auf den humanit\u00e4ren Konvoi mit Putin<em> \u00a0&#8222;er\u00f6rtern&#8220;<\/em> k\u00f6nne. <em>&#8222;Unbedingt&#8220;,<\/em> antwortete Putin, <em>&#8222;man habe viele Freunde in Deutschland.&#8220;<\/em> Gabriel geh\u00f6rt bestimmt zu ihnen, Frank Walter Steinmeier auch. Gerhard Schr\u00f6der sowieso.<!--more--><\/p>\n<p>Steinmeier zeigte am Rande der UN-Vollversammlung in New York ungewohnte Emotionen, als er vor der Presse\u00a0 \u00fcber das Kriegsverbrechen in Aleppo sprach. Er bezeichnete den Angriff auf den Hilfskonvoi \u00a0als <em>&#8222;eine abscheuliche, eine terroristische Tat, die wir auf das Allersch\u00e4rfste verurteilen&#8220;. <\/em>Nur verga\u00df er bei seinem Wutausbruch, Ross und Reiter zu\u00a0 nennen. Die US-Luftaufkl\u00e4rung hatte zu diesem Zeitpunkt schon l\u00e4ngst Daten ver\u00f6ffentlicht, die die russische Luftwaffe als Urheber des Verbrechens ausweisen. Syrische Flugzeuge konnten es nicht gewesen sein, weil sie nicht \u00fcber Nachtflugf\u00e4higkeiten verf\u00fcgen. Wie sagte doch Putin zu Gabriel: <em>&#8222;Unsere Freunde bleiben unsere Freunde, das wissen, sehen, f\u00fchlen wir.&#8220;<\/em><\/p>\n<p>Einen Freundschaftsdienst hat Gabriel Putin auch dadurch erwiesen, dass er das Pipeline-Projekt Northstream 2 gegen den Widerstand aus Polen und aus den baltischen Staaten vorantreibt. W\u00fcrde russisches Gas k\u00fcnftig durch die beiden Pipelines in der Nordsee flie\u00dfen, w\u00fcrde der Transit durch die Ukraine \u00fcberfl\u00fcssig. Das Land w\u00fcrde auf einen Schlag mehrere Milliarden Dollar pro Jahr an Durchleitungsgeb\u00fchren verlieren. Im europ\u00e4ischen Vertragsrecht und im V\u00f6lkerrecht sind Vertr\u00e4ge zu Lasten Dritter eigentlich verboten. Es ist nicht das erste Mal, dass bei der Verfolgung wirtschaftlicher Interessen das Recht unter der R\u00e4der kommt. \u00a0In dem Konsortium von Northstream 2 sitzt \u00fcbrigens Gerhard Schr\u00f6der, ehemals sozialdemokratischer Kanzler, im Aufsichtsrat.<\/p>\n<p>Gabriel hat in den letzten Monaten \u00a0im Verein mit Steinmeier nichts unversucht gelassen, um die Phalanx der Staaten, die Sanktionen gegen Russland als Reaktion auf\u00a0 seine Aggression \u00a0gegen die Ukraine verh\u00e4ngt haben, aufzuweichen. Die Sanktionen sollten nicht erst zur\u00fcckgenommen werden, wenn das Minsker Abkommen vollst\u00e4ndig umgesetzt sei, sondern k\u00f6nnten schon vorher St\u00fcck f\u00fcr St\u00fcck \u00a0zur\u00fcckgefahren werden, wenn sich kleine Fortschritte ergeben. Nur sind solche Fortschritte nirgendwo sichtbar. Sie liegen auch gar nicht im Interesse Russlands. Putins Taktik besteht ja gerade darin, sich milit\u00e4risch das zu nehmen, was er haben will, vertrauend darauf, dass der Westen ihm keine nennenswerte Gegenwehr entgegensetzt, eine milit\u00e4rische schon gar nicht. Er kennt die pazifistische Gesinnung der Europ\u00e4er nur zu gut. Es gibt ja schon gro\u00dfe Widerst\u00e4nde dagegen, dass die NATO ihre Truppenpr\u00e4senz in den baltischen Staaten und in Polen verst\u00e4rkt. Putin wei\u00df auch um den tief verwurzelten Antiamerikanismus in der europ\u00e4ischen Bev\u00f6lkerung. Gegen das CETA-Abkommen gingen Hundertausende auf die Stra\u00dfe. Wenn aber in Aleppo Tausende unschuldiger Zivilisten niedergemetzelt werden, herrscht in der bunten Protestgemeinde \u00a0beredtes Schweigen. Die Pazifisten &#8211; auch die deutschen &#8211; regen sich eben nur auf, wenn es gegen den <u>richtigen<\/u> Feind geht.<\/p>\n<p>In der Diskussion um die beiden Freihandelsabkommen CETA und TTIP hat Sigmar Gabriel sein taktisches Meisterst\u00fcck abgeliefert. Er opferte TTIP, um auf dem Parteikonvent CETA durchzubringen. W\u00e4re ihm das nicht gelungen, w\u00e4re er als Parteichef und potentieller Kanzlerkandidat besch\u00e4digt gewesen. Gabriel wusste: Der linke Fl\u00fcgel in der SPD \u00a0brauchte das TTIP-Opfer, um die Kr\u00f6te CETA schlucken zu k\u00f6nnen. Sollte es in einer Partei, die an der Regierung beteiligt \u00a0ist und den Wirtschaftsminister stellt, nicht prim\u00e4r um sachliche Politik im Interesse des Landes \u00a0gehen und nicht um innerparteiliche R\u00e4nkespiele?<\/p>\n<p>Zeitgleich mit der Tagung des SPD-Parteikonvents hat die NGO Oxfam, die sonst nicht m\u00fcde wird, die schlimmen\u00a0 Folgen der\u00a0 Globalisierung zu gei\u00dfeln, eine Studie ver\u00f6ffentlicht, die zu bemerkenswerten Ergebnissen kommt. Der freie Handel, der mit der Globalisierung einher geht, hat die Zahl der Armen in der Welt \u00a0zwischen 1990 (1,926 Milliarden Menschen) und 2015 (836 Millionen) \u00a0mehr als halbiert. Vor allem die bev\u00f6lkerungsreichsten L\u00e4nder, wie China und Indien, profitierten vom freien Welthandel \u00fcberdurchschnittlich. In S\u00fcdasien ist die Zahl der absolut Armen von 1990 bis heute von 50% auf 18% gesunken. In Lateinamerika\u00a0 ist die absolute Armut bis auf kleine Restbereiche \u00a0vollst\u00e4ndig verschwunden. Oxfam musste\u00a0 zugeben, dass das Problem der Armut auf der Erde vollst\u00e4ndig gel\u00f6st werden k\u00f6nnte, wenn es gel\u00e4nge, alle Staaten &#8211; auch die afrikanischen &#8211; in die internationale Arbeitsteilung und den damit verkn\u00fcpften\u00a0 Welthandel einzubeziehen. Handel macht eben reich, Protektionismus macht (langfristig) \u00a0arm. Wenn die internationale Rechte (Trump, Le Pen, Farage u.a.) und die internationale Linke (Sanders, Corbyn, Hollande, Gabriel u.a.) gegen das Freihandelsabkommen zwischen den USA und der Europ\u00e4ischen Union trommeln, um sich bei den anstehenden Wahlen Vorteile zu verschaffen, schaden sie ihren V\u00f6lkern, weil sie m\u00f6gliche Wohlstandsgewinne verspielen.<\/p>\n<p>Gabriel gilt nicht gerade als \u00a0Politiker, der in seinem Handeln festen Grund\u00fcberzeugungen verpflichtet ist. Mit gro\u00dfer Sicherheit sp\u00fcrt er Stimmungen im Wahlvolk auf, die er dann mit\u00a0 lockeren Spr\u00fcchen und polemischen Attacken \u00a0bedient. Kaum hatte er erkannt, dass die Willkommenskultur des Sommers 2015 br\u00f6ckelt und Angela Merkels Popularit\u00e4t sinkt, redete er von n\u00f6tigen &#8222;Obergrenzen&#8220; und von den deutschen \u00a0Armen, die nicht wegen der Fl\u00fcchtlinge abgeh\u00e4ngt werden d\u00fcrften. Sozialdemokraten, die \u00a0seit\u00a0 2015\u00a0 in der Fl\u00fcchtlingshilfe aktiv sind, rieben sich verdutzt die Augen. Sie hatten noch den Button &#8222;Refugees welcome&#8220; vor Augen, den Gabriel vor einem Jahr am Revers trug.<\/p>\n<p>Alle Welt lobt bis heute \u00a0die Arbeitsmarktreformen, die Gerhard Schr\u00f6der in seiner zweiten Amtszeit ins\u00a0 Werk gesetzt hat, als vorbildlich. Sie h\u00e4tten das Fundament f\u00fcr die wirtschaftlich und finanziell starke Stellung gelegt, die Deutschland zur Zeit in Europa einnimmt. Dass die Arbeitslosigkeit auf einem historisch niedrigen Stand\u00a0 und\u00a0 der Staatshaushalt seit zwei Jahren ausgeglichen ist, verdankten wir den mutigen Reformen des damaligen Kanzlers Schr\u00f6der.\u00a0 Was g\u00e4be es Besseres f\u00fcr einen SPD-Parteivorsitzenden, als sich dieser Einsch\u00e4tzung anzuschlie\u00dfen und sich das Lob als schm\u00fcckende Feder an den Hut zu stecken? Stattdessen sagt Gabriel, die Reformen der Agenda 2010 seien eine <em>&#8222;Anpassung der Sozialdemokratie an den scheinbar alternativlosen globalen Finanzkapitalismus&#8220;<\/em> gewesen. Die SPD hat die beiden Gro\u00dfen Koalitionen mit Angela Merkel auch deshalb so \u00a0&#8222;gerupft&#8220; \u00fcberstanden, weil sie beides gleichzeitig sein wollte: Regierungspartei und Opposition, manchmal auch Opposition gegen die eigene Politik.<\/p>\n<p>Im Streit um die \u00dcbernahme\u00a0 der Supermarktkette Kaiser\u00b4s Tengelmann\u00a0 durch EDEKA leistete Gabriel erneut einen Freundschaftsdienst, dieses Mal f\u00fcr die Dienstleistungsgewerkschaft Verdi. Gegen das Votum \u00a0des Kartellamtes gab Gabriel in einer Ministererlaubnis gr\u00fcnes Licht f\u00fcr die \u00dcbernahme durch EDEKA. Sp\u00e4ter wurde klar, dass Gabriel in mehreren Geheimgespr\u00e4chen mit EDEKA-Vertretern den Deal vorbereitet hatte, was das Oberlandesgericht D\u00fcsseldorf zu dem Urteil brachte, die Ministererlaubnis sei nichtig, weil sie\u00a0 durch einen befangenen Minister erfolgt sei. Hintergrund des Deals ist der Wunsch von Verdi, endlich einen Fu\u00df in das Einzelhandelsgesch\u00e4ft zu bekommen. Gabriel hatte n\u00e4mlich bei EDEKA durchgesetzt, dass Verdi seinen ersten Tarifvertrag in der Supermarktkette abschlie\u00dfen darf.\u00a0 Nach au\u00dfen hat Gabriel die Ministererlaubnis mit der Rettung von 16.000 Arbeitspl\u00e4tzen gerechtfertigt. Das Kartellamt hingegen verwies darauf, dass durch die geplante \u00a0\u00dcbernahme ein Monopol entstehen w\u00fcrde, das f\u00fcr die Verbraucher\u00a0 Preiserh\u00f6hungen zur Folge haben k\u00f6nnte. W\u00e4ren die Kaiser\u00b4s-Filialen an verschiedene Ketten aufgeteilt worden, w\u00e4ren die Arbeitspl\u00e4tze auch erhalten geblieben, ohne dass es zu Preiserh\u00f6hungen\u00a0 gekommen w\u00e4re. Nur h\u00e4tte die Gewerkschaft Verdi das Nachsehen gehabt.<\/p>\n<p><a href=\"https:\/\/www.welt.de\/themen\/sigmar-gabriel\/\">Sigmar Gabriel<\/a> ist bekannt f\u00fcr verbale Schnellsch\u00fcsse, die er gerne auch mal aus der H\u00fcfte abfeuert. Im M\u00e4rz 2012 hat er das Westjordanland besucht und von dort aus \u00a0die <a href=\"https:\/\/www.welt.de\/themen\/israel-politik\/\">israelische Politik<\/a> im Pal\u00e4stinensergebiet \u00a0als <em>&#8222;Apartheid-Regime&#8220;<\/em> bezeichnet. <a href=\"http:\/\/de-de.facebook.com\/sigmar.gabriel\">Auf seiner Facebook-Seite<\/a> schrieb er: <em>&#8222;Ich war gerade in Hebron. Das ist f\u00fcr Pal\u00e4stinenser ein rechtsfreier Raum. Das ist ein Apartheid-Regime, f\u00fcr das es keinerlei Rechtfertigung gibt.&#8220;<\/em> Mit keinem Wort erw\u00e4hnte Gabriel, dass vom Jordanland aus \u00a0st\u00e4ndige Terrorattacken gegen Israel unternommen werden und dass die pal\u00e4stinensische Autonomiebeh\u00f6rde Israel immer noch nicht als Staat anerkennt &#8211; seit 1948!. Die einzige Demokratie im Nahen Osten, Israel, mit einem rassistischen Staat zu vergleichen, der die schwarze Mehrheit von jeder politischen Entscheidung ausgrenzte und sie im t\u00e4glichen Leben krass benachteiligte, grenzt schon an eine b\u00f6swillige Verleumdung.<\/p>\n<p>Man m\u00f6chte sich nicht ausmalen, was gesch\u00e4he, wenn \u00a0Sigmar Gabriel als Kanzler die Geschicke Deutschlands und Europas zu lenken h\u00e4tte.<\/p>\n<p>&nbsp;<\/p>\n<div class=\"shariff shariff-align-left shariff-widget-align-left shariff-buttonstretch\" style=\"display:none\"><ul class=\"shariff-buttons theme-white orientation-horizontal buttonsize-medium\"><li class=\"shariff-button facebook shariff-nocustomcolor\" style=\"background-color:#4273c8\"><a href=\"https:\/\/www.facebook.com\/sharer\/sharer.php?u=https%3A%2F%2Fstarke-meinungen.de%2Fblog%2F2016%2F09%2F28%2Fdie-irrfahrten-des-sigmar-gabrel%2F\" title=\"Bei Facebook teilen\" aria-label=\"Bei Facebook teilen\" role=\"button\" rel=\"nofollow\" class=\"shariff-link\" style=\"; background-color:#3b5998; color:#3b5998\" target=\"_blank\"><span class=\"shariff-icon\" style=\"fill:#3b5998\"><svg width=\"32px\" height=\"20px\" xmlns=\"http:\/\/www.w3.org\/2000\/svg\" viewBox=\"0 0 18 32\"><path fill=\"#3b5998\" d=\"M17.1 0.2v4.7h-2.8q-1.5 0-2.1 0.6t-0.5 1.9v3.4h5.2l-0.7 5.3h-4.5v13.6h-5.5v-13.6h-4.5v-5.3h4.5v-3.9q0-3.3 1.9-5.2t5-1.8q2.6 0 4.1 0.2z\"\/><\/svg><\/span><span class=\"shariff-text\" style=\"color:#3b5998\">teilen<\/span>&nbsp;<\/a><\/li><li class=\"shariff-button twitter shariff-nocustomcolor\" style=\"background-color:#595959\"><a href=\"https:\/\/twitter.com\/share?url=https%3A%2F%2Fstarke-meinungen.de%2Fblog%2F2016%2F09%2F28%2Fdie-irrfahrten-des-sigmar-gabrel%2F&text=Die%20Irrfahrten%20des%20Sigmar%20Gabriel&via=starkemeinungen\" title=\"Bei X teilen\" aria-label=\"Bei X teilen\" role=\"button\" rel=\"noopener nofollow\" class=\"shariff-link\" style=\"; background-color:#000; color:#000\" target=\"_blank\"><span class=\"shariff-icon\" style=\"fill:#000\"><svg width=\"32px\" height=\"20px\" xmlns=\"http:\/\/www.w3.org\/2000\/svg\" viewBox=\"0 0 24 24\"><path fill=\"#000\" d=\"M14.258 10.152L23.176 0h-2.113l-7.747 8.813L7.133 0H0l9.352 13.328L0 23.973h2.113l8.176-9.309 6.531 9.309h7.133zm-2.895 3.293l-.949-1.328L2.875 1.56h3.246l6.086 8.523.945 1.328 7.91 11.078h-3.246zm0 0\"\/><\/svg><\/span><span class=\"shariff-text\" style=\"color:#000\">teilen<\/span>&nbsp;<\/a><\/li><li class=\"shariff-button linkedin shariff-nocustomcolor\" style=\"background-color:#1488bf\"><a href=\"https:\/\/www.linkedin.com\/sharing\/share-offsite\/?url=https%3A%2F%2Fstarke-meinungen.de%2Fblog%2F2016%2F09%2F28%2Fdie-irrfahrten-des-sigmar-gabrel%2F\" title=\"Bei LinkedIn teilen\" aria-label=\"Bei LinkedIn teilen\" role=\"button\" rel=\"noopener nofollow\" class=\"shariff-link\" style=\"; background-color:#0077b5; color:#0077b5\" target=\"_blank\"><span class=\"shariff-icon\" style=\"fill:#0077b5\"><svg width=\"32px\" height=\"20px\" xmlns=\"http:\/\/www.w3.org\/2000\/svg\" viewBox=\"0 0 27 32\"><path fill=\"#0077b5\" d=\"M6.2 11.2v17.7h-5.9v-17.7h5.9zM6.6 5.7q0 1.3-0.9 2.2t-2.4 0.9h0q-1.5 0-2.4-0.9t-0.9-2.2 0.9-2.2 2.4-0.9 2.4 0.9 0.9 2.2zM27.4 18.7v10.1h-5.9v-9.5q0-1.9-0.7-2.9t-2.3-1.1q-1.1 0-1.9 0.6t-1.2 1.5q-0.2 0.5-0.2 1.4v9.9h-5.9q0-7.1 0-11.6t0-5.3l0-0.9h5.9v2.6h0q0.4-0.6 0.7-1t1-0.9 1.6-0.8 2-0.3q3 0 4.9 2t1.9 6z\"\/><\/svg><\/span><span class=\"shariff-text\" style=\"color:#0077b5\">teilen<\/span>&nbsp;<\/a><\/li><li class=\"shariff-button xing shariff-nocustomcolor\" style=\"background-color:#29888a\"><a href=\"https:\/\/www.xing.com\/spi\/shares\/new?url=https%3A%2F%2Fstarke-meinungen.de%2Fblog%2F2016%2F09%2F28%2Fdie-irrfahrten-des-sigmar-gabrel%2F\" title=\"Bei XING teilen\" aria-label=\"Bei XING teilen\" role=\"button\" rel=\"noopener nofollow\" class=\"shariff-link\" style=\"; background-color:#126567; color:#126567\" target=\"_blank\"><span class=\"shariff-icon\" style=\"fill:#126567\"><svg width=\"32px\" height=\"20px\" xmlns=\"http:\/\/www.w3.org\/2000\/svg\" viewBox=\"0 0 25 32\"><path fill=\"#126567\" d=\"M10.7 11.9q-0.2 0.3-4.6 8.2-0.5 0.8-1.2 0.8h-4.3q-0.4 0-0.5-0.3t0-0.6l4.5-8q0 0 0 0l-2.9-5q-0.2-0.4 0-0.7 0.2-0.3 0.5-0.3h4.3q0.7 0 1.2 0.8zM25.1 0.4q0.2 0.3 0 0.7l-9.4 16.7 6 11q0.2 0.4 0 0.6-0.2 0.3-0.6 0.3h-4.3q-0.7 0-1.2-0.8l-6-11.1q0.3-0.6 9.5-16.8 0.4-0.8 1.2-0.8h4.3q0.4 0 0.5 0.3z\"\/><\/svg><\/span><span class=\"shariff-text\" style=\"color:#126567\">teilen<\/span>&nbsp;<\/a><\/li><li class=\"shariff-button whatsapp shariff-nocustomcolor\" style=\"background-color:#5cbe4a\"><a href=\"https:\/\/api.whatsapp.com\/send?text=https%3A%2F%2Fstarke-meinungen.de%2Fblog%2F2016%2F09%2F28%2Fdie-irrfahrten-des-sigmar-gabrel%2F%20Die%20Irrfahrten%20des%20Sigmar%20Gabriel\" title=\"Bei Whatsapp teilen\" aria-label=\"Bei Whatsapp teilen\" role=\"button\" rel=\"noopener nofollow\" class=\"shariff-link\" style=\"; background-color:#34af23; color:#34af23\" target=\"_blank\"><span class=\"shariff-icon\" style=\"fill:#34af23\"><svg width=\"32px\" height=\"20px\" xmlns=\"http:\/\/www.w3.org\/2000\/svg\" viewBox=\"0 0 32 32\"><path fill=\"#34af23\" d=\"M17.6 17.4q0.2 0 1.7 0.8t1.6 0.9q0 0.1 0 0.3 0 0.6-0.3 1.4-0.3 0.7-1.3 1.2t-1.8 0.5q-1 0-3.4-1.1-1.7-0.8-3-2.1t-2.6-3.3q-1.3-1.9-1.3-3.5v-0.1q0.1-1.6 1.3-2.8 0.4-0.4 0.9-0.4 0.1 0 0.3 0t0.3 0q0.3 0 0.5 0.1t0.3 0.5q0.1 0.4 0.6 1.6t0.4 1.3q0 0.4-0.6 1t-0.6 0.8q0 0.1 0.1 0.3 0.6 1.3 1.8 2.4 1 0.9 2.7 1.8 0.2 0.1 0.4 0.1 0.3 0 1-0.9t0.9-0.9zM14 26.9q2.3 0 4.3-0.9t3.6-2.4 2.4-3.6 0.9-4.3-0.9-4.3-2.4-3.6-3.6-2.4-4.3-0.9-4.3 0.9-3.6 2.4-2.4 3.6-0.9 4.3q0 3.6 2.1 6.6l-1.4 4.2 4.3-1.4q2.8 1.9 6.2 1.9zM14 2.2q2.7 0 5.2 1.1t4.3 2.9 2.9 4.3 1.1 5.2-1.1 5.2-2.9 4.3-4.3 2.9-5.2 1.1q-3.5 0-6.5-1.7l-7.4 2.4 2.4-7.2q-1.9-3.2-1.9-6.9 0-2.7 1.1-5.2t2.9-4.3 4.3-2.9 5.2-1.1z\"\/><\/svg><\/span><span class=\"shariff-text\" style=\"color:#34af23\">teilen<\/span>&nbsp;<\/a><\/li><li class=\"shariff-button info shariff-nocustomcolor\" style=\"background-color:#a8a8a8\"><a href=\"http:\/\/ct.de\/-2467514\" title=\"Weitere Informationen\" aria-label=\"Weitere Informationen\" role=\"button\" rel=\"noopener \" class=\"shariff-link\" style=\"; background-color:#999; color:#999\" target=\"_blank\"><span class=\"shariff-icon\" style=\"fill:#999\"><svg width=\"32px\" height=\"20px\" xmlns=\"http:\/\/www.w3.org\/2000\/svg\" viewBox=\"0 0 11 32\"><path fill=\"#999\" d=\"M11.4 24v2.3q0 0.5-0.3 0.8t-0.8 0.4h-9.1q-0.5 0-0.8-0.4t-0.4-0.8v-2.3q0-0.5 0.4-0.8t0.8-0.4h1.1v-6.8h-1.1q-0.5 0-0.8-0.4t-0.4-0.8v-2.3q0-0.5 0.4-0.8t0.8-0.4h6.8q0.5 0 0.8 0.4t0.4 0.8v10.3h1.1q0.5 0 0.8 0.4t0.3 0.8zM9.2 3.4v3.4q0 0.5-0.4 0.8t-0.8 0.4h-4.6q-0.4 0-0.8-0.4t-0.4-0.8v-3.4q0-0.4 0.4-0.8t0.8-0.4h4.6q0.5 0 0.8 0.4t0.4 0.8z\"\/><\/svg><\/span><\/a><\/li><\/ul><\/div>","protected":false},"excerpt":{"rendered":"<p>\u00a0Irgendwie hat Sigmar Gabriel mit seinen Russland-Besuchen kein Gl\u00fcck. Als er vor genau einem Jahr Putin aufsuchte, um mit ihm \u00fcber die Weltlage zu plaudern, hatte dieser sich gerade als Kriegspartei in den Syrienkrieg\u00a0 eingemischt und begonnen, die Stellungen der Freien Syrischen Armee zu bombardieren, was er in der \u00d6ffentlichkeit als &#8222;Krieg gegen den Terror&#8220; ausgab. Gabriel bedankte sich bei&#8230; <a href=\"https:\/\/starke-meinungen.de\/blog\/2016\/09\/28\/die-irrfahrten-des-sigmar-gabrel\/\">Weiterlesen &raquo;<\/a><\/p>\n","protected":false},"author":19,"featured_media":0,"comment_status":"open","ping_status":"open","sticky":false,"template":"","format":"standard","meta":{"footnotes":""},"categories":[1,2093],"tags":[2859,2857,1930,94,10,2009,2858,2740],"class_list":["post-6451","post","type-post","status-publish","format-standard","hentry","category-allgemein","category-rainer-werner","tag-ceta","tag-frank-walter-steinmeier","tag-rusland","tag-sigmar-gabriel","tag-spd","tag-syrien","tag-tengelmann-edeka","tag-ttip"],"yoast_head":"<!-- This site is optimized with the Yoast SEO plugin v27.5 - https:\/\/yoast.com\/product\/yoast-seo-wordpress\/ -->\n<title>Die Irrfahrten des Sigmar Gabriel - starke-meinungen.de<\/title>\n<meta name=\"robots\" content=\"index, follow, max-snippet:-1, max-image-preview:large, max-video-preview:-1\" \/>\n<link rel=\"canonical\" href=\"https:\/\/starke-meinungen.de\/blog\/2016\/09\/28\/die-irrfahrten-des-sigmar-gabrel\/\" \/>\n<meta property=\"og:locale\" content=\"de_DE\" \/>\n<meta property=\"og:type\" content=\"article\" \/>\n<meta property=\"og:title\" content=\"Die Irrfahrten des Sigmar Gabriel - starke-meinungen.de\" \/>\n<meta property=\"og:description\" content=\"\u00a0Irgendwie hat Sigmar Gabriel mit seinen Russland-Besuchen kein Gl\u00fcck. Als er vor genau einem Jahr Putin aufsuchte, um mit ihm \u00fcber die Weltlage zu plaudern, hatte dieser sich gerade als Kriegspartei in den Syrienkrieg\u00a0 eingemischt und begonnen, die Stellungen der Freien Syrischen Armee zu bombardieren, was er in der \u00d6ffentlichkeit als &#8222;Krieg gegen den Terror&#8220; ausgab. Gabriel bedankte sich bei... Weiterlesen &raquo;\" \/>\n<meta property=\"og:url\" content=\"https:\/\/starke-meinungen.de\/blog\/2016\/09\/28\/die-irrfahrten-des-sigmar-gabrel\/\" \/>\n<meta property=\"og:site_name\" content=\"starke-meinungen.de\" \/>\n<meta property=\"article:publisher\" content=\"https:\/\/www.facebook.com\/starkemeinungen\/\" \/>\n<meta property=\"article:published_time\" content=\"2016-09-28T05:06:22+00:00\" \/>\n<meta property=\"article:modified_time\" content=\"2016-09-28T05:08:36+00:00\" \/>\n<meta property=\"og:image\" content=\"https:\/\/starke-meinungen.de\/blog\/wp-content\/uploads\/starke-meinungen-fb-header.jpg\" \/>\n\t<meta property=\"og:image:width\" content=\"1200\" \/>\n\t<meta property=\"og:image:height\" content=\"630\" \/>\n\t<meta property=\"og:image:type\" content=\"image\/jpeg\" \/>\n<meta name=\"author\" content=\"Rainer Werner\" \/>\n<meta name=\"twitter:card\" content=\"summary_large_image\" \/>\n<meta name=\"twitter:creator\" content=\"@starkemeinungen\" \/>\n<meta name=\"twitter:site\" content=\"@starkemeinungen\" \/>\n<meta name=\"twitter:label1\" content=\"Verfasst von\" \/>\n\t<meta name=\"twitter:data1\" content=\"Rainer Werner\" \/>\n\t<meta name=\"twitter:label2\" content=\"Gesch\u00e4tzte Lesezeit\" \/>\n\t<meta name=\"twitter:data2\" content=\"8\u00a0Minuten\" \/>\n<script type=\"application\/ld+json\" class=\"yoast-schema-graph\">{\"@context\":\"https:\\\/\\\/schema.org\",\"@graph\":[{\"@type\":\"Article\",\"@id\":\"https:\\\/\\\/starke-meinungen.de\\\/blog\\\/2016\\\/09\\\/28\\\/die-irrfahrten-des-sigmar-gabrel\\\/#article\",\"isPartOf\":{\"@id\":\"https:\\\/\\\/starke-meinungen.de\\\/blog\\\/2016\\\/09\\\/28\\\/die-irrfahrten-des-sigmar-gabrel\\\/\"},\"author\":{\"name\":\"Rainer Werner\",\"@id\":\"https:\\\/\\\/starke-meinungen.de\\\/blog\\\/#\\\/schema\\\/person\\\/6af826c1bb87ec75580869d830616de2\"},\"headline\":\"Die Irrfahrten des Sigmar Gabriel\",\"datePublished\":\"2016-09-28T05:06:22+00:00\",\"dateModified\":\"2016-09-28T05:08:36+00:00\",\"mainEntityOfPage\":{\"@id\":\"https:\\\/\\\/starke-meinungen.de\\\/blog\\\/2016\\\/09\\\/28\\\/die-irrfahrten-des-sigmar-gabrel\\\/\"},\"wordCount\":1528,\"commentCount\":7,\"publisher\":{\"@id\":\"https:\\\/\\\/starke-meinungen.de\\\/blog\\\/#organization\"},\"keywords\":[\"CETA\",\"Frank Walter Steinmeier\",\"Ru\u00dfland\",\"Sigmar Gabriel\",\"SPD\",\"Syrien\",\"Tengelmann-Edeka\",\"TTIP\"],\"articleSection\":{\"1\":\"Rainer Werner\"},\"inLanguage\":\"de\",\"potentialAction\":[{\"@type\":\"CommentAction\",\"name\":\"Comment\",\"target\":[\"https:\\\/\\\/starke-meinungen.de\\\/blog\\\/2016\\\/09\\\/28\\\/die-irrfahrten-des-sigmar-gabrel\\\/#respond\"]}]},{\"@type\":\"WebPage\",\"@id\":\"https:\\\/\\\/starke-meinungen.de\\\/blog\\\/2016\\\/09\\\/28\\\/die-irrfahrten-des-sigmar-gabrel\\\/\",\"url\":\"https:\\\/\\\/starke-meinungen.de\\\/blog\\\/2016\\\/09\\\/28\\\/die-irrfahrten-des-sigmar-gabrel\\\/\",\"name\":\"Die Irrfahrten des Sigmar Gabriel - starke-meinungen.de\",\"isPartOf\":{\"@id\":\"https:\\\/\\\/starke-meinungen.de\\\/blog\\\/#website\"},\"datePublished\":\"2016-09-28T05:06:22+00:00\",\"dateModified\":\"2016-09-28T05:08:36+00:00\",\"breadcrumb\":{\"@id\":\"https:\\\/\\\/starke-meinungen.de\\\/blog\\\/2016\\\/09\\\/28\\\/die-irrfahrten-des-sigmar-gabrel\\\/#breadcrumb\"},\"inLanguage\":\"de\",\"potentialAction\":[{\"@type\":\"ReadAction\",\"target\":[\"https:\\\/\\\/starke-meinungen.de\\\/blog\\\/2016\\\/09\\\/28\\\/die-irrfahrten-des-sigmar-gabrel\\\/\"]}]},{\"@type\":\"BreadcrumbList\",\"@id\":\"https:\\\/\\\/starke-meinungen.de\\\/blog\\\/2016\\\/09\\\/28\\\/die-irrfahrten-des-sigmar-gabrel\\\/#breadcrumb\",\"itemListElement\":[{\"@type\":\"ListItem\",\"position\":1,\"name\":\"Startseite\",\"item\":\"https:\\\/\\\/starke-meinungen.de\\\/blog\\\/\"},{\"@type\":\"ListItem\",\"position\":2,\"name\":\"Die Irrfahrten des Sigmar Gabriel\"}]},{\"@type\":\"WebSite\",\"@id\":\"https:\\\/\\\/starke-meinungen.de\\\/blog\\\/#website\",\"url\":\"https:\\\/\\\/starke-meinungen.de\\\/blog\\\/\",\"name\":\"starke-meinungen.de\",\"description\":\"Autoren-Blog\",\"publisher\":{\"@id\":\"https:\\\/\\\/starke-meinungen.de\\\/blog\\\/#organization\"},\"potentialAction\":[{\"@type\":\"SearchAction\",\"target\":{\"@type\":\"EntryPoint\",\"urlTemplate\":\"https:\\\/\\\/starke-meinungen.de\\\/blog\\\/?s={search_term_string}\"},\"query-input\":{\"@type\":\"PropertyValueSpecification\",\"valueRequired\":true,\"valueName\":\"search_term_string\"}}],\"inLanguage\":\"de\"},{\"@type\":\"Organization\",\"@id\":\"https:\\\/\\\/starke-meinungen.de\\\/blog\\\/#organization\",\"name\":\"starke-meinungen.de\",\"url\":\"https:\\\/\\\/starke-meinungen.de\\\/blog\\\/\",\"logo\":{\"@type\":\"ImageObject\",\"inLanguage\":\"de\",\"@id\":\"https:\\\/\\\/starke-meinungen.de\\\/blog\\\/#\\\/schema\\\/logo\\\/image\\\/\",\"url\":\"https:\\\/\\\/starke-meinungen.de\\\/blog\\\/wp-content\\\/uploads\\\/starke-meinungen-fb-header.jpg\",\"contentUrl\":\"https:\\\/\\\/starke-meinungen.de\\\/blog\\\/wp-content\\\/uploads\\\/starke-meinungen-fb-header.jpg\",\"width\":1200,\"height\":630,\"caption\":\"starke-meinungen.de\"},\"image\":{\"@id\":\"https:\\\/\\\/starke-meinungen.de\\\/blog\\\/#\\\/schema\\\/logo\\\/image\\\/\"},\"sameAs\":[\"https:\\\/\\\/www.facebook.com\\\/starkemeinungen\\\/\",\"https:\\\/\\\/x.com\\\/starkemeinungen\"]},{\"@type\":\"Person\",\"@id\":\"https:\\\/\\\/starke-meinungen.de\\\/blog\\\/#\\\/schema\\\/person\\\/6af826c1bb87ec75580869d830616de2\",\"name\":\"Rainer Werner\",\"image\":{\"@type\":\"ImageObject\",\"inLanguage\":\"de\",\"@id\":\"https:\\\/\\\/secure.gravatar.com\\\/avatar\\\/6f37dc4eff27558ec03229bb8dd7133f519865cae374548719ce45fba3788ea8?s=96&d=mm&r=g\",\"url\":\"https:\\\/\\\/secure.gravatar.com\\\/avatar\\\/6f37dc4eff27558ec03229bb8dd7133f519865cae374548719ce45fba3788ea8?s=96&d=mm&r=g\",\"contentUrl\":\"https:\\\/\\\/secure.gravatar.com\\\/avatar\\\/6f37dc4eff27558ec03229bb8dd7133f519865cae374548719ce45fba3788ea8?s=96&d=mm&r=g\",\"caption\":\"Rainer Werner\"},\"url\":\"https:\\\/\\\/starke-meinungen.de\\\/blog\\\/author\\\/werner\\\/\"}]}<\/script>\n<!-- \/ Yoast SEO plugin. -->","yoast_head_json":{"title":"Die Irrfahrten des Sigmar Gabriel - starke-meinungen.de","robots":{"index":"index","follow":"follow","max-snippet":"max-snippet:-1","max-image-preview":"max-image-preview:large","max-video-preview":"max-video-preview:-1"},"canonical":"https:\/\/starke-meinungen.de\/blog\/2016\/09\/28\/die-irrfahrten-des-sigmar-gabrel\/","og_locale":"de_DE","og_type":"article","og_title":"Die Irrfahrten des Sigmar Gabriel - starke-meinungen.de","og_description":"\u00a0Irgendwie hat Sigmar Gabriel mit seinen Russland-Besuchen kein Gl\u00fcck. Als er vor genau einem Jahr Putin aufsuchte, um mit ihm \u00fcber die Weltlage zu plaudern, hatte dieser sich gerade als Kriegspartei in den Syrienkrieg\u00a0 eingemischt und begonnen, die Stellungen der Freien Syrischen Armee zu bombardieren, was er in der \u00d6ffentlichkeit als &#8222;Krieg gegen den Terror&#8220; ausgab. Gabriel bedankte sich bei... Weiterlesen &raquo;","og_url":"https:\/\/starke-meinungen.de\/blog\/2016\/09\/28\/die-irrfahrten-des-sigmar-gabrel\/","og_site_name":"starke-meinungen.de","article_publisher":"https:\/\/www.facebook.com\/starkemeinungen\/","article_published_time":"2016-09-28T05:06:22+00:00","article_modified_time":"2016-09-28T05:08:36+00:00","og_image":[{"width":1200,"height":630,"url":"https:\/\/starke-meinungen.de\/blog\/wp-content\/uploads\/starke-meinungen-fb-header.jpg","type":"image\/jpeg"}],"author":"Rainer Werner","twitter_card":"summary_large_image","twitter_creator":"@starkemeinungen","twitter_site":"@starkemeinungen","twitter_misc":{"Verfasst von":"Rainer Werner","Gesch\u00e4tzte Lesezeit":"8\u00a0Minuten"},"schema":{"@context":"https:\/\/schema.org","@graph":[{"@type":"Article","@id":"https:\/\/starke-meinungen.de\/blog\/2016\/09\/28\/die-irrfahrten-des-sigmar-gabrel\/#article","isPartOf":{"@id":"https:\/\/starke-meinungen.de\/blog\/2016\/09\/28\/die-irrfahrten-des-sigmar-gabrel\/"},"author":{"name":"Rainer Werner","@id":"https:\/\/starke-meinungen.de\/blog\/#\/schema\/person\/6af826c1bb87ec75580869d830616de2"},"headline":"Die Irrfahrten des Sigmar Gabriel","datePublished":"2016-09-28T05:06:22+00:00","dateModified":"2016-09-28T05:08:36+00:00","mainEntityOfPage":{"@id":"https:\/\/starke-meinungen.de\/blog\/2016\/09\/28\/die-irrfahrten-des-sigmar-gabrel\/"},"wordCount":1528,"commentCount":7,"publisher":{"@id":"https:\/\/starke-meinungen.de\/blog\/#organization"},"keywords":["CETA","Frank Walter Steinmeier","Ru\u00dfland","Sigmar Gabriel","SPD","Syrien","Tengelmann-Edeka","TTIP"],"articleSection":{"1":"Rainer Werner"},"inLanguage":"de","potentialAction":[{"@type":"CommentAction","name":"Comment","target":["https:\/\/starke-meinungen.de\/blog\/2016\/09\/28\/die-irrfahrten-des-sigmar-gabrel\/#respond"]}]},{"@type":"WebPage","@id":"https:\/\/starke-meinungen.de\/blog\/2016\/09\/28\/die-irrfahrten-des-sigmar-gabrel\/","url":"https:\/\/starke-meinungen.de\/blog\/2016\/09\/28\/die-irrfahrten-des-sigmar-gabrel\/","name":"Die Irrfahrten des Sigmar Gabriel - starke-meinungen.de","isPartOf":{"@id":"https:\/\/starke-meinungen.de\/blog\/#website"},"datePublished":"2016-09-28T05:06:22+00:00","dateModified":"2016-09-28T05:08:36+00:00","breadcrumb":{"@id":"https:\/\/starke-meinungen.de\/blog\/2016\/09\/28\/die-irrfahrten-des-sigmar-gabrel\/#breadcrumb"},"inLanguage":"de","potentialAction":[{"@type":"ReadAction","target":["https:\/\/starke-meinungen.de\/blog\/2016\/09\/28\/die-irrfahrten-des-sigmar-gabrel\/"]}]},{"@type":"BreadcrumbList","@id":"https:\/\/starke-meinungen.de\/blog\/2016\/09\/28\/die-irrfahrten-des-sigmar-gabrel\/#breadcrumb","itemListElement":[{"@type":"ListItem","position":1,"name":"Startseite","item":"https:\/\/starke-meinungen.de\/blog\/"},{"@type":"ListItem","position":2,"name":"Die Irrfahrten des Sigmar Gabriel"}]},{"@type":"WebSite","@id":"https:\/\/starke-meinungen.de\/blog\/#website","url":"https:\/\/starke-meinungen.de\/blog\/","name":"starke-meinungen.de","description":"Autoren-Blog","publisher":{"@id":"https:\/\/starke-meinungen.de\/blog\/#organization"},"potentialAction":[{"@type":"SearchAction","target":{"@type":"EntryPoint","urlTemplate":"https:\/\/starke-meinungen.de\/blog\/?s={search_term_string}"},"query-input":{"@type":"PropertyValueSpecification","valueRequired":true,"valueName":"search_term_string"}}],"inLanguage":"de"},{"@type":"Organization","@id":"https:\/\/starke-meinungen.de\/blog\/#organization","name":"starke-meinungen.de","url":"https:\/\/starke-meinungen.de\/blog\/","logo":{"@type":"ImageObject","inLanguage":"de","@id":"https:\/\/starke-meinungen.de\/blog\/#\/schema\/logo\/image\/","url":"https:\/\/starke-meinungen.de\/blog\/wp-content\/uploads\/starke-meinungen-fb-header.jpg","contentUrl":"https:\/\/starke-meinungen.de\/blog\/wp-content\/uploads\/starke-meinungen-fb-header.jpg","width":1200,"height":630,"caption":"starke-meinungen.de"},"image":{"@id":"https:\/\/starke-meinungen.de\/blog\/#\/schema\/logo\/image\/"},"sameAs":["https:\/\/www.facebook.com\/starkemeinungen\/","https:\/\/x.com\/starkemeinungen"]},{"@type":"Person","@id":"https:\/\/starke-meinungen.de\/blog\/#\/schema\/person\/6af826c1bb87ec75580869d830616de2","name":"Rainer Werner","image":{"@type":"ImageObject","inLanguage":"de","@id":"https:\/\/secure.gravatar.com\/avatar\/6f37dc4eff27558ec03229bb8dd7133f519865cae374548719ce45fba3788ea8?s=96&d=mm&r=g","url":"https:\/\/secure.gravatar.com\/avatar\/6f37dc4eff27558ec03229bb8dd7133f519865cae374548719ce45fba3788ea8?s=96&d=mm&r=g","contentUrl":"https:\/\/secure.gravatar.com\/avatar\/6f37dc4eff27558ec03229bb8dd7133f519865cae374548719ce45fba3788ea8?s=96&d=mm&r=g","caption":"Rainer Werner"},"url":"https:\/\/starke-meinungen.de\/blog\/author\/werner\/"}]}},"_links":{"self":[{"href":"https:\/\/starke-meinungen.de\/blog\/wp-json\/wp\/v2\/posts\/6451","targetHints":{"allow":["GET"]}}],"collection":[{"href":"https:\/\/starke-meinungen.de\/blog\/wp-json\/wp\/v2\/posts"}],"about":[{"href":"https:\/\/starke-meinungen.de\/blog\/wp-json\/wp\/v2\/types\/post"}],"author":[{"embeddable":true,"href":"https:\/\/starke-meinungen.de\/blog\/wp-json\/wp\/v2\/users\/19"}],"replies":[{"embeddable":true,"href":"https:\/\/starke-meinungen.de\/blog\/wp-json\/wp\/v2\/comments?post=6451"}],"version-history":[{"count":4,"href":"https:\/\/starke-meinungen.de\/blog\/wp-json\/wp\/v2\/posts\/6451\/revisions"}],"predecessor-version":[{"id":6455,"href":"https:\/\/starke-meinungen.de\/blog\/wp-json\/wp\/v2\/posts\/6451\/revisions\/6455"}],"wp:attachment":[{"href":"https:\/\/starke-meinungen.de\/blog\/wp-json\/wp\/v2\/media?parent=6451"}],"wp:term":[{"taxonomy":"category","embeddable":true,"href":"https:\/\/starke-meinungen.de\/blog\/wp-json\/wp\/v2\/categories?post=6451"},{"taxonomy":"post_tag","embeddable":true,"href":"https:\/\/starke-meinungen.de\/blog\/wp-json\/wp\/v2\/tags?post=6451"}],"curies":[{"name":"wp","href":"https:\/\/api.w.org\/{rel}","templated":true}]}}