

{"id":645,"date":"2009-12-01T00:19:20","date_gmt":"2009-11-30T23:19:20","guid":{"rendered":"https:\/\/starke-meinungen.de\/blog\/?p=645"},"modified":"2009-11-29T12:27:11","modified_gmt":"2009-11-29T11:27:11","slug":"kulturkampf-ist-blodsinn-lasst-hundert-schulen-miteinander-wetteifern","status":"publish","type":"post","link":"https:\/\/starke-meinungen.de\/blog\/2009\/12\/01\/kulturkampf-ist-blodsinn-lasst-hundert-schulen-miteinander-wetteifern\/","title":{"rendered":"Kulturkampf ist Bl\u00f6dsinn: Lasst hundert Schulen miteinander wetteifern!"},"content":{"rendered":"<p>In Hamburg gibt es \u00c4rger wegen der Schulreform. Schwarz-Gr\u00fcn will erstens das gemeinsame Lernen in der Grundschule von jetzt vier auf sechs Jahre verl\u00e4ngern. Und danach sollen die Eltern nicht allein entscheiden d\u00fcrfen, auf welche Schule sie ihr Kind schicken wollen: auf das Gymnasium oder auf die aus Haupt-, Real- und Gesamtschule zusammengelegter Gemeinschaftsschule.<\/p>\n<p>Um es vorweg zu bekennen: Ich bin aus vielen Gr\u00fcnden, p\u00e4dagogischen wie politischen, f\u00fcr das l\u00e4ngere gemeinsame Lernen. Und: wir haben damals unsere Tochter nach der vierten Klasse aus der (in Berlin sechsj\u00e4hrigen) st\u00e4dtischen Grundschule herausgenommen und in ein Privatgymnasium gesteckt. Die Entscheidung haben wir nie bereut.<\/p>\n<p>Ein Widerspruch? Ja.<!--more--><\/p>\n<p>Ich m\u00f6chte aber auch betonen, dass die Grundschule unserer Tochter nicht etwa in einem \u201eProblembezirk\u201c lag; dass es nicht darum ging, unsere Tochter dem Einfluss von Migranten, Unterschichtkindern und was es sonst an B\u00fcrgerschrecklichem gibt zu entziehen. Die Grundschule lag in einem b\u00fcrgerlichen Bezirk Berlins und wurde von braven B\u00fcrgerkindern besucht; an der Privatschule hingegen kam unsere Tochter mit Schickimickim\u00e4dels einerseits, Kreuzberger Knaben\u00a0 andererseits in Ber\u00fchrung\u00a0 \u2013 also mit einem viel breiteren sozialen Spektrum als in der Grundschule. Doch das war auch nicht der Grund f\u00fcr den Wechsel.<\/p>\n<p>Der Grund war: Die Lehrer an der Grundschule waren faul und haben den Kindern nichts abverlangt, die Lehrer an der Privatschule waren flei\u00dfig und haben was gefordert.<\/p>\n<p>Die Frage also, welche Schule f\u00fcr ein Kind die beste ist, kann nicht ideologisch \u2013 nicht abstrakt \u2013 beantwortet werden. Kinder brauchen vor allem gute Schulen. Gute Schulen sind Schulen mit guten Lehrern. Gute Lehrer sind Lehrer, die Kinder lieben und sich mit dem, was sie tun, identifizieren. Gute Lehrer findet man vor allen dort, wo es eine gute Schulleitung gibt. Es gibt keine gute Schule ohne gute Schulleitung.<\/p>\n<p>Kinder wiederum kommen nicht vorsortiert nach Gymnasium, Realschule und Hauptschule zur Welt. Wer selbst das Gymnasium besucht und es zu etwas gebracht hat, geht zwar selbstverst\u00e4ndlich davon aus, dass sein Kind Gymnasialmaterial ist, aber statistisch gesehen ist das keineswegs wahrscheinlich. Dass es aber dennoch in Deutschland so ist, dass Akademikerkinder aufs Gymnasium gehen, Arbeiterkinder auf die Restschulen \u2013 das ist ein Skandal.<\/p>\n<p>Das Problem in Hamburg ist folgendes: Die Initiative gegen die Schulreform verteidigt haupts\u00e4chlich das b\u00fcrgerliche Privileg, seine Kinder nach vier Jahren auf das Gymnasium zu schicken. Das kann man nicht unterst\u00fctzen. Der Schwarz-Gr\u00fcne Senat wiederum will den Eltern jedes Recht nehmen, dar\u00fcber zu entscheiden, welche Schule f\u00fcr ihre Kinder richtig ist. Das kann man auch nicht unterst\u00fctzen.<\/p>\n<p>In diesem sterilen Gegensatz bewegt sich der Kulturkampf in der Bundesrepublik Deutschland seit den Tagen Willy Brandts und der ersten Gesamtschulen. Die Bildungsreformer wollen die Eltern zu ihrem Gl\u00fcck zwingen. Die Eltern wollen nicht zu ihrem Gl\u00fcck gezwungen werden.<\/p>\n<p>Warum beschr\u00e4nkt sich die Regierung nicht darauf, Bildungsstandards zu benennen und durch Pr\u00fcfungen durchzusetzen? Ansonsten sollte sie den Wettbewerb zwischen den verschiedenen Schulen f\u00f6rdern, am besten durch Bildungsgutscheine f\u00fcr Eltern, die sie bei jeder Schule \u2013 \u00f6ffentlich oder privat, Grundschule, Gemeinschaftsschule oder Gymnasium \u2013 einl\u00f6sen k\u00f6nnen. Wer viele Gutscheine einsammelt, bekommt viel Geld, wer wenige einsammelt, geht ein. Man wird staunen, wie viele Gymnasien auf diese Weise vom hohen Ross herunterkommen; wie viele Gemeinschaftsschulen ihr Niveau zu verbessern versuchen werden.<\/p>\n<p>Die Mehrheit der Kinder wird die Nestw\u00e4rme der sechsj\u00e4hrigen Grundschule suchen; andere werden fr\u00fcher fliegen wollen. Wie auch immer: Sch\u00fcler und Eltern werden schon die f\u00fcr sie richtigen Schulen finden, wenn man sie nur l\u00e4sst. Nicht nur in Hamburg. Kulturkampf ist Bl\u00f6dsinn: Lasst hundert Blumen bl\u00fchen! Lasst hundert Schulen miteinander wetteifern! Das w\u00e4re eine echte Kulturrevolution.<\/p>\n<div class=\"shariff shariff-align-left shariff-widget-align-left shariff-buttonstretch\" style=\"display:none\"><ul class=\"shariff-buttons theme-white orientation-horizontal buttonsize-medium\"><li class=\"shariff-button facebook shariff-nocustomcolor\" style=\"background-color:#4273c8\"><a href=\"https:\/\/www.facebook.com\/sharer\/sharer.php?u=https%3A%2F%2Fstarke-meinungen.de%2Fblog%2F2009%2F12%2F01%2Fkulturkampf-ist-blodsinn-lasst-hundert-schulen-miteinander-wetteifern%2F\" title=\"Bei Facebook teilen\" aria-label=\"Bei Facebook teilen\" role=\"button\" rel=\"nofollow\" class=\"shariff-link\" style=\"; background-color:#3b5998; color:#3b5998\" target=\"_blank\"><span class=\"shariff-icon\" style=\"fill:#3b5998\"><svg width=\"32px\" height=\"20px\" xmlns=\"http:\/\/www.w3.org\/2000\/svg\" viewBox=\"0 0 18 32\"><path fill=\"#3b5998\" d=\"M17.1 0.2v4.7h-2.8q-1.5 0-2.1 0.6t-0.5 1.9v3.4h5.2l-0.7 5.3h-4.5v13.6h-5.5v-13.6h-4.5v-5.3h4.5v-3.9q0-3.3 1.9-5.2t5-1.8q2.6 0 4.1 0.2z\"\/><\/svg><\/span><span class=\"shariff-text\" style=\"color:#3b5998\">teilen<\/span>&nbsp;<\/a><\/li><li class=\"shariff-button twitter shariff-nocustomcolor\" style=\"background-color:#595959\"><a href=\"https:\/\/twitter.com\/share?url=https%3A%2F%2Fstarke-meinungen.de%2Fblog%2F2009%2F12%2F01%2Fkulturkampf-ist-blodsinn-lasst-hundert-schulen-miteinander-wetteifern%2F&text=Kulturkampf%20ist%20Bl%C3%B6dsinn%3A%20Lasst%20hundert%20Schulen%20miteinander%20wetteifern%21&via=starkemeinungen\" title=\"Bei X teilen\" aria-label=\"Bei X teilen\" role=\"button\" rel=\"noopener nofollow\" class=\"shariff-link\" style=\"; background-color:#000; color:#000\" target=\"_blank\"><span class=\"shariff-icon\" style=\"fill:#000\"><svg width=\"32px\" height=\"20px\" xmlns=\"http:\/\/www.w3.org\/2000\/svg\" viewBox=\"0 0 24 24\"><path fill=\"#000\" d=\"M14.258 10.152L23.176 0h-2.113l-7.747 8.813L7.133 0H0l9.352 13.328L0 23.973h2.113l8.176-9.309 6.531 9.309h7.133zm-2.895 3.293l-.949-1.328L2.875 1.56h3.246l6.086 8.523.945 1.328 7.91 11.078h-3.246zm0 0\"\/><\/svg><\/span><span class=\"shariff-text\" style=\"color:#000\">teilen<\/span>&nbsp;<\/a><\/li><li class=\"shariff-button linkedin shariff-nocustomcolor\" style=\"background-color:#1488bf\"><a href=\"https:\/\/www.linkedin.com\/sharing\/share-offsite\/?url=https%3A%2F%2Fstarke-meinungen.de%2Fblog%2F2009%2F12%2F01%2Fkulturkampf-ist-blodsinn-lasst-hundert-schulen-miteinander-wetteifern%2F\" title=\"Bei LinkedIn teilen\" aria-label=\"Bei LinkedIn teilen\" role=\"button\" rel=\"noopener nofollow\" class=\"shariff-link\" style=\"; background-color:#0077b5; color:#0077b5\" target=\"_blank\"><span class=\"shariff-icon\" style=\"fill:#0077b5\"><svg width=\"32px\" height=\"20px\" xmlns=\"http:\/\/www.w3.org\/2000\/svg\" viewBox=\"0 0 27 32\"><path fill=\"#0077b5\" d=\"M6.2 11.2v17.7h-5.9v-17.7h5.9zM6.6 5.7q0 1.3-0.9 2.2t-2.4 0.9h0q-1.5 0-2.4-0.9t-0.9-2.2 0.9-2.2 2.4-0.9 2.4 0.9 0.9 2.2zM27.4 18.7v10.1h-5.9v-9.5q0-1.9-0.7-2.9t-2.3-1.1q-1.1 0-1.9 0.6t-1.2 1.5q-0.2 0.5-0.2 1.4v9.9h-5.9q0-7.1 0-11.6t0-5.3l0-0.9h5.9v2.6h0q0.4-0.6 0.7-1t1-0.9 1.6-0.8 2-0.3q3 0 4.9 2t1.9 6z\"\/><\/svg><\/span><span class=\"shariff-text\" style=\"color:#0077b5\">teilen<\/span>&nbsp;<\/a><\/li><li class=\"shariff-button xing shariff-nocustomcolor\" style=\"background-color:#29888a\"><a href=\"https:\/\/www.xing.com\/spi\/shares\/new?url=https%3A%2F%2Fstarke-meinungen.de%2Fblog%2F2009%2F12%2F01%2Fkulturkampf-ist-blodsinn-lasst-hundert-schulen-miteinander-wetteifern%2F\" title=\"Bei XING teilen\" aria-label=\"Bei XING teilen\" role=\"button\" rel=\"noopener nofollow\" class=\"shariff-link\" style=\"; background-color:#126567; color:#126567\" target=\"_blank\"><span class=\"shariff-icon\" style=\"fill:#126567\"><svg width=\"32px\" height=\"20px\" xmlns=\"http:\/\/www.w3.org\/2000\/svg\" viewBox=\"0 0 25 32\"><path fill=\"#126567\" d=\"M10.7 11.9q-0.2 0.3-4.6 8.2-0.5 0.8-1.2 0.8h-4.3q-0.4 0-0.5-0.3t0-0.6l4.5-8q0 0 0 0l-2.9-5q-0.2-0.4 0-0.7 0.2-0.3 0.5-0.3h4.3q0.7 0 1.2 0.8zM25.1 0.4q0.2 0.3 0 0.7l-9.4 16.7 6 11q0.2 0.4 0 0.6-0.2 0.3-0.6 0.3h-4.3q-0.7 0-1.2-0.8l-6-11.1q0.3-0.6 9.5-16.8 0.4-0.8 1.2-0.8h4.3q0.4 0 0.5 0.3z\"\/><\/svg><\/span><span class=\"shariff-text\" style=\"color:#126567\">teilen<\/span>&nbsp;<\/a><\/li><li class=\"shariff-button whatsapp shariff-nocustomcolor\" style=\"background-color:#5cbe4a\"><a href=\"https:\/\/api.whatsapp.com\/send?text=https%3A%2F%2Fstarke-meinungen.de%2Fblog%2F2009%2F12%2F01%2Fkulturkampf-ist-blodsinn-lasst-hundert-schulen-miteinander-wetteifern%2F%20Kulturkampf%20ist%20Bl%C3%B6dsinn%3A%20Lasst%20hundert%20Schulen%20miteinander%20wetteifern%21\" title=\"Bei Whatsapp teilen\" aria-label=\"Bei Whatsapp teilen\" role=\"button\" rel=\"noopener nofollow\" class=\"shariff-link\" style=\"; background-color:#34af23; color:#34af23\" target=\"_blank\"><span class=\"shariff-icon\" style=\"fill:#34af23\"><svg width=\"32px\" height=\"20px\" xmlns=\"http:\/\/www.w3.org\/2000\/svg\" viewBox=\"0 0 32 32\"><path fill=\"#34af23\" d=\"M17.6 17.4q0.2 0 1.7 0.8t1.6 0.9q0 0.1 0 0.3 0 0.6-0.3 1.4-0.3 0.7-1.3 1.2t-1.8 0.5q-1 0-3.4-1.1-1.7-0.8-3-2.1t-2.6-3.3q-1.3-1.9-1.3-3.5v-0.1q0.1-1.6 1.3-2.8 0.4-0.4 0.9-0.4 0.1 0 0.3 0t0.3 0q0.3 0 0.5 0.1t0.3 0.5q0.1 0.4 0.6 1.6t0.4 1.3q0 0.4-0.6 1t-0.6 0.8q0 0.1 0.1 0.3 0.6 1.3 1.8 2.4 1 0.9 2.7 1.8 0.2 0.1 0.4 0.1 0.3 0 1-0.9t0.9-0.9zM14 26.9q2.3 0 4.3-0.9t3.6-2.4 2.4-3.6 0.9-4.3-0.9-4.3-2.4-3.6-3.6-2.4-4.3-0.9-4.3 0.9-3.6 2.4-2.4 3.6-0.9 4.3q0 3.6 2.1 6.6l-1.4 4.2 4.3-1.4q2.8 1.9 6.2 1.9zM14 2.2q2.7 0 5.2 1.1t4.3 2.9 2.9 4.3 1.1 5.2-1.1 5.2-2.9 4.3-4.3 2.9-5.2 1.1q-3.5 0-6.5-1.7l-7.4 2.4 2.4-7.2q-1.9-3.2-1.9-6.9 0-2.7 1.1-5.2t2.9-4.3 4.3-2.9 5.2-1.1z\"\/><\/svg><\/span><span class=\"shariff-text\" style=\"color:#34af23\">teilen<\/span>&nbsp;<\/a><\/li><li class=\"shariff-button info shariff-nocustomcolor\" style=\"background-color:#a8a8a8\"><a href=\"http:\/\/ct.de\/-2467514\" title=\"Weitere Informationen\" aria-label=\"Weitere Informationen\" role=\"button\" rel=\"noopener \" class=\"shariff-link\" style=\"; background-color:#999; color:#999\" target=\"_blank\"><span class=\"shariff-icon\" style=\"fill:#999\"><svg width=\"32px\" height=\"20px\" xmlns=\"http:\/\/www.w3.org\/2000\/svg\" viewBox=\"0 0 11 32\"><path fill=\"#999\" d=\"M11.4 24v2.3q0 0.5-0.3 0.8t-0.8 0.4h-9.1q-0.5 0-0.8-0.4t-0.4-0.8v-2.3q0-0.5 0.4-0.8t0.8-0.4h1.1v-6.8h-1.1q-0.5 0-0.8-0.4t-0.4-0.8v-2.3q0-0.5 0.4-0.8t0.8-0.4h6.8q0.5 0 0.8 0.4t0.4 0.8v10.3h1.1q0.5 0 0.8 0.4t0.3 0.8zM9.2 3.4v3.4q0 0.5-0.4 0.8t-0.8 0.4h-4.6q-0.4 0-0.8-0.4t-0.4-0.8v-3.4q0-0.4 0.4-0.8t0.8-0.4h4.6q0.5 0 0.8 0.4t0.4 0.8z\"\/><\/svg><\/span><\/a><\/li><\/ul><\/div>","protected":false},"excerpt":{"rendered":"<p>In Hamburg gibt es \u00c4rger wegen der Schulreform. Schwarz-Gr\u00fcn will erstens das gemeinsame Lernen in der Grundschule von jetzt vier auf sechs Jahre verl\u00e4ngern. Und danach sollen die Eltern nicht allein entscheiden d\u00fcrfen, auf welche Schule sie ihr Kind schicken wollen: auf das Gymnasium oder auf die aus Haupt-, Real- und Gesamtschule zusammengelegter Gemeinschaftsschule. Um es vorweg zu bekennen: Ich&#8230; <a href=\"https:\/\/starke-meinungen.de\/blog\/2009\/12\/01\/kulturkampf-ist-blodsinn-lasst-hundert-schulen-miteinander-wetteifern\/\">Weiterlesen &raquo;<\/a><\/p>\n","protected":false},"author":13,"featured_media":0,"comment_status":"open","ping_status":"open","sticky":false,"template":"","format":"standard","meta":{"footnotes":""},"categories":[209,1],"tags":[311,308,306,307,310,309,305,304],"class_list":["post-645","post","type-post","status-publish","format-standard","hentry","category-alan-posener","category-allgemein","tag-bildungsgutscheine","tag-gymnasium","tag-hamburg","tag-lehrer","tag-lernen","tag-privatschulen","tag-schule","tag-schwarz-grun"],"yoast_head":"<!-- This site is optimized with the Yoast SEO plugin v27.5 - https:\/\/yoast.com\/product\/yoast-seo-wordpress\/ -->\n<title>Kulturkampf ist Bl\u00f6dsinn: Lasst hundert Schulen miteinander wetteifern! - starke-meinungen.de<\/title>\n<meta name=\"robots\" content=\"index, follow, max-snippet:-1, max-image-preview:large, max-video-preview:-1\" \/>\n<link rel=\"canonical\" href=\"https:\/\/starke-meinungen.de\/blog\/2009\/12\/01\/kulturkampf-ist-blodsinn-lasst-hundert-schulen-miteinander-wetteifern\/\" \/>\n<meta property=\"og:locale\" content=\"de_DE\" \/>\n<meta property=\"og:type\" content=\"article\" \/>\n<meta property=\"og:title\" content=\"Kulturkampf ist Bl\u00f6dsinn: Lasst hundert Schulen miteinander wetteifern! - starke-meinungen.de\" \/>\n<meta property=\"og:description\" content=\"In Hamburg gibt es \u00c4rger wegen der Schulreform. Schwarz-Gr\u00fcn will erstens das gemeinsame Lernen in der Grundschule von jetzt vier auf sechs Jahre verl\u00e4ngern. Und danach sollen die Eltern nicht allein entscheiden d\u00fcrfen, auf welche Schule sie ihr Kind schicken wollen: auf das Gymnasium oder auf die aus Haupt-, Real- und Gesamtschule zusammengelegter Gemeinschaftsschule. Um es vorweg zu bekennen: Ich... Weiterlesen &raquo;\" \/>\n<meta property=\"og:url\" content=\"https:\/\/starke-meinungen.de\/blog\/2009\/12\/01\/kulturkampf-ist-blodsinn-lasst-hundert-schulen-miteinander-wetteifern\/\" \/>\n<meta property=\"og:site_name\" content=\"starke-meinungen.de\" \/>\n<meta property=\"article:publisher\" content=\"https:\/\/www.facebook.com\/starkemeinungen\/\" \/>\n<meta property=\"article:published_time\" content=\"2009-11-30T23:19:20+00:00\" \/>\n<meta property=\"og:image\" content=\"https:\/\/starke-meinungen.de\/blog\/wp-content\/uploads\/starke-meinungen-fb-header.jpg\" \/>\n\t<meta property=\"og:image:width\" content=\"1200\" \/>\n\t<meta property=\"og:image:height\" content=\"630\" \/>\n\t<meta property=\"og:image:type\" content=\"image\/jpeg\" \/>\n<meta name=\"author\" content=\"Alan Posener\" \/>\n<meta name=\"twitter:card\" content=\"summary_large_image\" \/>\n<meta name=\"twitter:creator\" content=\"@starkemeinungen\" \/>\n<meta name=\"twitter:site\" content=\"@starkemeinungen\" \/>\n<meta name=\"twitter:label1\" content=\"Verfasst von\" \/>\n\t<meta name=\"twitter:data1\" content=\"Alan Posener\" \/>\n\t<meta name=\"twitter:label2\" content=\"Gesch\u00e4tzte Lesezeit\" \/>\n\t<meta name=\"twitter:data2\" content=\"3\u00a0Minuten\" \/>\n<script type=\"application\/ld+json\" class=\"yoast-schema-graph\">{\"@context\":\"https:\\\/\\\/schema.org\",\"@graph\":[{\"@type\":\"Article\",\"@id\":\"https:\\\/\\\/starke-meinungen.de\\\/blog\\\/2009\\\/12\\\/01\\\/kulturkampf-ist-blodsinn-lasst-hundert-schulen-miteinander-wetteifern\\\/#article\",\"isPartOf\":{\"@id\":\"https:\\\/\\\/starke-meinungen.de\\\/blog\\\/2009\\\/12\\\/01\\\/kulturkampf-ist-blodsinn-lasst-hundert-schulen-miteinander-wetteifern\\\/\"},\"author\":{\"name\":\"Alan Posener\",\"@id\":\"https:\\\/\\\/starke-meinungen.de\\\/blog\\\/#\\\/schema\\\/person\\\/32d0faef7c31a37c1c89be993d7a6d28\"},\"headline\":\"Kulturkampf ist Bl\u00f6dsinn: Lasst hundert Schulen miteinander wetteifern!\",\"datePublished\":\"2009-11-30T23:19:20+00:00\",\"mainEntityOfPage\":{\"@id\":\"https:\\\/\\\/starke-meinungen.de\\\/blog\\\/2009\\\/12\\\/01\\\/kulturkampf-ist-blodsinn-lasst-hundert-schulen-miteinander-wetteifern\\\/\"},\"wordCount\":628,\"commentCount\":3,\"publisher\":{\"@id\":\"https:\\\/\\\/starke-meinungen.de\\\/blog\\\/#organization\"},\"keywords\":[\"Bildungsgutscheine\",\"Gymnasium\",\"Hamburg\",\"Lehrer\",\"Lernen\",\"Privatschulen\",\"Schule\",\"Schwarz-Gr\u00fcn\"],\"articleSection\":[\"Alan Posener\"],\"inLanguage\":\"de\",\"potentialAction\":[{\"@type\":\"CommentAction\",\"name\":\"Comment\",\"target\":[\"https:\\\/\\\/starke-meinungen.de\\\/blog\\\/2009\\\/12\\\/01\\\/kulturkampf-ist-blodsinn-lasst-hundert-schulen-miteinander-wetteifern\\\/#respond\"]}]},{\"@type\":\"WebPage\",\"@id\":\"https:\\\/\\\/starke-meinungen.de\\\/blog\\\/2009\\\/12\\\/01\\\/kulturkampf-ist-blodsinn-lasst-hundert-schulen-miteinander-wetteifern\\\/\",\"url\":\"https:\\\/\\\/starke-meinungen.de\\\/blog\\\/2009\\\/12\\\/01\\\/kulturkampf-ist-blodsinn-lasst-hundert-schulen-miteinander-wetteifern\\\/\",\"name\":\"Kulturkampf ist Bl\u00f6dsinn: Lasst hundert Schulen miteinander wetteifern! - starke-meinungen.de\",\"isPartOf\":{\"@id\":\"https:\\\/\\\/starke-meinungen.de\\\/blog\\\/#website\"},\"datePublished\":\"2009-11-30T23:19:20+00:00\",\"breadcrumb\":{\"@id\":\"https:\\\/\\\/starke-meinungen.de\\\/blog\\\/2009\\\/12\\\/01\\\/kulturkampf-ist-blodsinn-lasst-hundert-schulen-miteinander-wetteifern\\\/#breadcrumb\"},\"inLanguage\":\"de\",\"potentialAction\":[{\"@type\":\"ReadAction\",\"target\":[\"https:\\\/\\\/starke-meinungen.de\\\/blog\\\/2009\\\/12\\\/01\\\/kulturkampf-ist-blodsinn-lasst-hundert-schulen-miteinander-wetteifern\\\/\"]}]},{\"@type\":\"BreadcrumbList\",\"@id\":\"https:\\\/\\\/starke-meinungen.de\\\/blog\\\/2009\\\/12\\\/01\\\/kulturkampf-ist-blodsinn-lasst-hundert-schulen-miteinander-wetteifern\\\/#breadcrumb\",\"itemListElement\":[{\"@type\":\"ListItem\",\"position\":1,\"name\":\"Startseite\",\"item\":\"https:\\\/\\\/starke-meinungen.de\\\/blog\\\/\"},{\"@type\":\"ListItem\",\"position\":2,\"name\":\"Kulturkampf ist Bl\u00f6dsinn: Lasst hundert Schulen miteinander wetteifern!\"}]},{\"@type\":\"WebSite\",\"@id\":\"https:\\\/\\\/starke-meinungen.de\\\/blog\\\/#website\",\"url\":\"https:\\\/\\\/starke-meinungen.de\\\/blog\\\/\",\"name\":\"starke-meinungen.de\",\"description\":\"Autoren-Blog\",\"publisher\":{\"@id\":\"https:\\\/\\\/starke-meinungen.de\\\/blog\\\/#organization\"},\"potentialAction\":[{\"@type\":\"SearchAction\",\"target\":{\"@type\":\"EntryPoint\",\"urlTemplate\":\"https:\\\/\\\/starke-meinungen.de\\\/blog\\\/?s={search_term_string}\"},\"query-input\":{\"@type\":\"PropertyValueSpecification\",\"valueRequired\":true,\"valueName\":\"search_term_string\"}}],\"inLanguage\":\"de\"},{\"@type\":\"Organization\",\"@id\":\"https:\\\/\\\/starke-meinungen.de\\\/blog\\\/#organization\",\"name\":\"starke-meinungen.de\",\"url\":\"https:\\\/\\\/starke-meinungen.de\\\/blog\\\/\",\"logo\":{\"@type\":\"ImageObject\",\"inLanguage\":\"de\",\"@id\":\"https:\\\/\\\/starke-meinungen.de\\\/blog\\\/#\\\/schema\\\/logo\\\/image\\\/\",\"url\":\"https:\\\/\\\/starke-meinungen.de\\\/blog\\\/wp-content\\\/uploads\\\/starke-meinungen-fb-header.jpg\",\"contentUrl\":\"https:\\\/\\\/starke-meinungen.de\\\/blog\\\/wp-content\\\/uploads\\\/starke-meinungen-fb-header.jpg\",\"width\":1200,\"height\":630,\"caption\":\"starke-meinungen.de\"},\"image\":{\"@id\":\"https:\\\/\\\/starke-meinungen.de\\\/blog\\\/#\\\/schema\\\/logo\\\/image\\\/\"},\"sameAs\":[\"https:\\\/\\\/www.facebook.com\\\/starkemeinungen\\\/\",\"https:\\\/\\\/x.com\\\/starkemeinungen\"]},{\"@type\":\"Person\",\"@id\":\"https:\\\/\\\/starke-meinungen.de\\\/blog\\\/#\\\/schema\\\/person\\\/32d0faef7c31a37c1c89be993d7a6d28\",\"name\":\"Alan Posener\",\"image\":{\"@type\":\"ImageObject\",\"inLanguage\":\"de\",\"@id\":\"https:\\\/\\\/secure.gravatar.com\\\/avatar\\\/c75c8818a9ab78c4faa75048dba7844e2587998cda4d93f84e7d86f7e21a9b90?s=96&d=mm&r=g\",\"url\":\"https:\\\/\\\/secure.gravatar.com\\\/avatar\\\/c75c8818a9ab78c4faa75048dba7844e2587998cda4d93f84e7d86f7e21a9b90?s=96&d=mm&r=g\",\"contentUrl\":\"https:\\\/\\\/secure.gravatar.com\\\/avatar\\\/c75c8818a9ab78c4faa75048dba7844e2587998cda4d93f84e7d86f7e21a9b90?s=96&d=mm&r=g\",\"caption\":\"Alan Posener\"},\"url\":\"https:\\\/\\\/starke-meinungen.de\\\/blog\\\/author\\\/posener\\\/\"}]}<\/script>\n<!-- \/ Yoast SEO plugin. -->","yoast_head_json":{"title":"Kulturkampf ist Bl\u00f6dsinn: Lasst hundert Schulen miteinander wetteifern! - starke-meinungen.de","robots":{"index":"index","follow":"follow","max-snippet":"max-snippet:-1","max-image-preview":"max-image-preview:large","max-video-preview":"max-video-preview:-1"},"canonical":"https:\/\/starke-meinungen.de\/blog\/2009\/12\/01\/kulturkampf-ist-blodsinn-lasst-hundert-schulen-miteinander-wetteifern\/","og_locale":"de_DE","og_type":"article","og_title":"Kulturkampf ist Bl\u00f6dsinn: Lasst hundert Schulen miteinander wetteifern! - starke-meinungen.de","og_description":"In Hamburg gibt es \u00c4rger wegen der Schulreform. Schwarz-Gr\u00fcn will erstens das gemeinsame Lernen in der Grundschule von jetzt vier auf sechs Jahre verl\u00e4ngern. Und danach sollen die Eltern nicht allein entscheiden d\u00fcrfen, auf welche Schule sie ihr Kind schicken wollen: auf das Gymnasium oder auf die aus Haupt-, Real- und Gesamtschule zusammengelegter Gemeinschaftsschule. Um es vorweg zu bekennen: Ich... Weiterlesen &raquo;","og_url":"https:\/\/starke-meinungen.de\/blog\/2009\/12\/01\/kulturkampf-ist-blodsinn-lasst-hundert-schulen-miteinander-wetteifern\/","og_site_name":"starke-meinungen.de","article_publisher":"https:\/\/www.facebook.com\/starkemeinungen\/","article_published_time":"2009-11-30T23:19:20+00:00","og_image":[{"width":1200,"height":630,"url":"https:\/\/starke-meinungen.de\/blog\/wp-content\/uploads\/starke-meinungen-fb-header.jpg","type":"image\/jpeg"}],"author":"Alan Posener","twitter_card":"summary_large_image","twitter_creator":"@starkemeinungen","twitter_site":"@starkemeinungen","twitter_misc":{"Verfasst von":"Alan Posener","Gesch\u00e4tzte Lesezeit":"3\u00a0Minuten"},"schema":{"@context":"https:\/\/schema.org","@graph":[{"@type":"Article","@id":"https:\/\/starke-meinungen.de\/blog\/2009\/12\/01\/kulturkampf-ist-blodsinn-lasst-hundert-schulen-miteinander-wetteifern\/#article","isPartOf":{"@id":"https:\/\/starke-meinungen.de\/blog\/2009\/12\/01\/kulturkampf-ist-blodsinn-lasst-hundert-schulen-miteinander-wetteifern\/"},"author":{"name":"Alan Posener","@id":"https:\/\/starke-meinungen.de\/blog\/#\/schema\/person\/32d0faef7c31a37c1c89be993d7a6d28"},"headline":"Kulturkampf ist Bl\u00f6dsinn: Lasst hundert Schulen miteinander wetteifern!","datePublished":"2009-11-30T23:19:20+00:00","mainEntityOfPage":{"@id":"https:\/\/starke-meinungen.de\/blog\/2009\/12\/01\/kulturkampf-ist-blodsinn-lasst-hundert-schulen-miteinander-wetteifern\/"},"wordCount":628,"commentCount":3,"publisher":{"@id":"https:\/\/starke-meinungen.de\/blog\/#organization"},"keywords":["Bildungsgutscheine","Gymnasium","Hamburg","Lehrer","Lernen","Privatschulen","Schule","Schwarz-Gr\u00fcn"],"articleSection":["Alan Posener"],"inLanguage":"de","potentialAction":[{"@type":"CommentAction","name":"Comment","target":["https:\/\/starke-meinungen.de\/blog\/2009\/12\/01\/kulturkampf-ist-blodsinn-lasst-hundert-schulen-miteinander-wetteifern\/#respond"]}]},{"@type":"WebPage","@id":"https:\/\/starke-meinungen.de\/blog\/2009\/12\/01\/kulturkampf-ist-blodsinn-lasst-hundert-schulen-miteinander-wetteifern\/","url":"https:\/\/starke-meinungen.de\/blog\/2009\/12\/01\/kulturkampf-ist-blodsinn-lasst-hundert-schulen-miteinander-wetteifern\/","name":"Kulturkampf ist Bl\u00f6dsinn: Lasst hundert Schulen miteinander wetteifern! - starke-meinungen.de","isPartOf":{"@id":"https:\/\/starke-meinungen.de\/blog\/#website"},"datePublished":"2009-11-30T23:19:20+00:00","breadcrumb":{"@id":"https:\/\/starke-meinungen.de\/blog\/2009\/12\/01\/kulturkampf-ist-blodsinn-lasst-hundert-schulen-miteinander-wetteifern\/#breadcrumb"},"inLanguage":"de","potentialAction":[{"@type":"ReadAction","target":["https:\/\/starke-meinungen.de\/blog\/2009\/12\/01\/kulturkampf-ist-blodsinn-lasst-hundert-schulen-miteinander-wetteifern\/"]}]},{"@type":"BreadcrumbList","@id":"https:\/\/starke-meinungen.de\/blog\/2009\/12\/01\/kulturkampf-ist-blodsinn-lasst-hundert-schulen-miteinander-wetteifern\/#breadcrumb","itemListElement":[{"@type":"ListItem","position":1,"name":"Startseite","item":"https:\/\/starke-meinungen.de\/blog\/"},{"@type":"ListItem","position":2,"name":"Kulturkampf ist Bl\u00f6dsinn: Lasst hundert Schulen miteinander wetteifern!"}]},{"@type":"WebSite","@id":"https:\/\/starke-meinungen.de\/blog\/#website","url":"https:\/\/starke-meinungen.de\/blog\/","name":"starke-meinungen.de","description":"Autoren-Blog","publisher":{"@id":"https:\/\/starke-meinungen.de\/blog\/#organization"},"potentialAction":[{"@type":"SearchAction","target":{"@type":"EntryPoint","urlTemplate":"https:\/\/starke-meinungen.de\/blog\/?s={search_term_string}"},"query-input":{"@type":"PropertyValueSpecification","valueRequired":true,"valueName":"search_term_string"}}],"inLanguage":"de"},{"@type":"Organization","@id":"https:\/\/starke-meinungen.de\/blog\/#organization","name":"starke-meinungen.de","url":"https:\/\/starke-meinungen.de\/blog\/","logo":{"@type":"ImageObject","inLanguage":"de","@id":"https:\/\/starke-meinungen.de\/blog\/#\/schema\/logo\/image\/","url":"https:\/\/starke-meinungen.de\/blog\/wp-content\/uploads\/starke-meinungen-fb-header.jpg","contentUrl":"https:\/\/starke-meinungen.de\/blog\/wp-content\/uploads\/starke-meinungen-fb-header.jpg","width":1200,"height":630,"caption":"starke-meinungen.de"},"image":{"@id":"https:\/\/starke-meinungen.de\/blog\/#\/schema\/logo\/image\/"},"sameAs":["https:\/\/www.facebook.com\/starkemeinungen\/","https:\/\/x.com\/starkemeinungen"]},{"@type":"Person","@id":"https:\/\/starke-meinungen.de\/blog\/#\/schema\/person\/32d0faef7c31a37c1c89be993d7a6d28","name":"Alan Posener","image":{"@type":"ImageObject","inLanguage":"de","@id":"https:\/\/secure.gravatar.com\/avatar\/c75c8818a9ab78c4faa75048dba7844e2587998cda4d93f84e7d86f7e21a9b90?s=96&d=mm&r=g","url":"https:\/\/secure.gravatar.com\/avatar\/c75c8818a9ab78c4faa75048dba7844e2587998cda4d93f84e7d86f7e21a9b90?s=96&d=mm&r=g","contentUrl":"https:\/\/secure.gravatar.com\/avatar\/c75c8818a9ab78c4faa75048dba7844e2587998cda4d93f84e7d86f7e21a9b90?s=96&d=mm&r=g","caption":"Alan Posener"},"url":"https:\/\/starke-meinungen.de\/blog\/author\/posener\/"}]}},"_links":{"self":[{"href":"https:\/\/starke-meinungen.de\/blog\/wp-json\/wp\/v2\/posts\/645","targetHints":{"allow":["GET"]}}],"collection":[{"href":"https:\/\/starke-meinungen.de\/blog\/wp-json\/wp\/v2\/posts"}],"about":[{"href":"https:\/\/starke-meinungen.de\/blog\/wp-json\/wp\/v2\/types\/post"}],"author":[{"embeddable":true,"href":"https:\/\/starke-meinungen.de\/blog\/wp-json\/wp\/v2\/users\/13"}],"replies":[{"embeddable":true,"href":"https:\/\/starke-meinungen.de\/blog\/wp-json\/wp\/v2\/comments?post=645"}],"version-history":[{"count":3,"href":"https:\/\/starke-meinungen.de\/blog\/wp-json\/wp\/v2\/posts\/645\/revisions"}],"predecessor-version":[{"id":648,"href":"https:\/\/starke-meinungen.de\/blog\/wp-json\/wp\/v2\/posts\/645\/revisions\/648"}],"wp:attachment":[{"href":"https:\/\/starke-meinungen.de\/blog\/wp-json\/wp\/v2\/media?parent=645"}],"wp:term":[{"taxonomy":"category","embeddable":true,"href":"https:\/\/starke-meinungen.de\/blog\/wp-json\/wp\/v2\/categories?post=645"},{"taxonomy":"post_tag","embeddable":true,"href":"https:\/\/starke-meinungen.de\/blog\/wp-json\/wp\/v2\/tags?post=645"}],"curies":[{"name":"wp","href":"https:\/\/api.w.org\/{rel}","templated":true}]}}