

{"id":6320,"date":"2016-08-17T09:28:29","date_gmt":"2016-08-17T09:28:29","guid":{"rendered":"https:\/\/starke-meinungen.de\/blog\/?p=6320"},"modified":"2016-08-17T09:28:29","modified_gmt":"2016-08-17T09:28:29","slug":"die-zivilgesellschaft-braucht-das-offene-visier","status":"publish","type":"post","link":"https:\/\/starke-meinungen.de\/blog\/2016\/08\/17\/die-zivilgesellschaft-braucht-das-offene-visier\/","title":{"rendered":"Die Zivilgesellschaft braucht das &#8222;offene Visier&#8220;"},"content":{"rendered":"<p>Vor kurzem besuchte ich anl\u00e4sslich eines Aufenthalts in Frankfurt\/M. \u00a0den Zoologischen Garten. Im ber\u00fchmten Affenhaus von Bernhard Grzimek kamen mir drei Frauen mit Burka entgegen. Sie f\u00fchrten ihre Kinder an der Hand und unterhielten sich angeregt miteinander. Mir kam in den Sinn, wie die Kinder die Gesichtsverh\u00fcllung ihrer M\u00fctter wohl erlebten. Ihnen bleibt verwehrt, im Gesicht der Erwachsenen zu lesen, aus der Mimik ihre Empfindungen abzulesen und zu deuten. Sie sind auf die Interpretation der Stimme ihrer Mutter angewiesen. F\u00fcr mich war das eine deprimierende Einschr\u00e4nkung kindlicher Entwicklungsm\u00f6glichkeiten.<!--more--><\/p>\n<p>Wieder einmal wird \u00fcber das F\u00fcr und Wider der Burka gestritten. Altbekannte Argumente werden ausgetauscht. Auch die \u00fcblichen Protagonisten treten wieder\u00a0 auf den Plan. Heinz Buschkowsky (SPD) h\u00e4lt die Burka f\u00fcr ein Gef\u00e4ngnis aus Stoff. F\u00fcr Alice Schwarzer ist die Burka das Symbol f\u00fcr die Unterwerfung der Frau schlechthin. In einem SPIEGEL-Essay beschrieb sie das Frauenbild orthodox-konservativer Muslime: <em>&#8222;Diese verhetzten M\u00e4nner kennen nur noch Heilige und Huren. Die Heilige ist zu Hause eingesperrt und m\u00f6glichst verschleiert &#8211; die Hure bewegt sich im \u00f6ffentlichen Raum.&#8220; <\/em>(SPIEGEL 33\/2016) Auf der anderen Seite stehen Liberale, die der Toleranz das Wort reden. Unsere liberale Gesellschaft m\u00fcsse die Vollverschleierung muslimischer Frauen &#8222;aushalten&#8220;, wie wir \u00fcberhaupt Dinge, die uns nicht passen, um der Toleranz willen ertragen m\u00fcssten. Einige Kommentatoren argumentieren\u00a0 mit der Freiwilligkeit der Burka-Tr\u00e4gerinnen. Wenn sie dieses unpraktische Kleidungsst\u00fcck zur Unterstreichung ihrer pers\u00f6nlichen oder religi\u00f6sen Identit\u00e4t unbedingt tragen wollen &#8211; bitte sehr, dann sollen sie es tun (d\u00fcrfen).<\/p>\n<p>Bei der Freiwilligkeit habe ich so meine Zweifel. Zu oft habe ich als Lehrer erlebt, dass junge M\u00e4dchen das ihnen von den Eltern Aufgezwungene als &#8222;freiwillig&#8220; deklariert haben: Ich will ja gar nicht mit auf die Klassenfahrt! Nein, schwimmen ist f\u00fcr mich nicht so wichtig! \u00a0Was sollten sie angesichts des Machtgef\u00e4lles im Elternhaus und angesichts der schwachen Rolle der Frau (und der heranwachsenden M\u00e4dchen) auch anderes sagen? Ich habe mir abgew\u00f6hnt, von ihnen heroische Bekenntnisse zur Rolle der Frau in der demokratischen Gesellschaft zu erwarten. Stattdessen habe ich genauer hingesehen, wenn mir etwas Merkw\u00fcrdiges aufgefallen ist. Dazu ein kleines Erlebnis.<\/p>\n<p>Fatima, ein M\u00e4dchen aus einer libanesischen Familie,\u00a0 kam \u00a0morgens zur\u00a0 ersten Stunde \u00a0h\u00e4ufig \u00a0zu sp\u00e4t. Die Fachlehrer wandten sich deshalb\u00a0 mit der Bitte an mich, als Klassenlehrer auf Fatima einzuwirken. Im Gespr\u00e4ch erfuhr ich\u00a0 den Grund f\u00fcr ihre Versp\u00e4tung. Sie brachte vor der ersten Stunde immer 15 Minuten auf der Toilette zu, wo sie sich ihres Kopftuches und Umhanges entledigte und in enge Jeans und ein enges Top schl\u00fcpfte. Ihre Haare lie\u00df sie frei\u00a0 flattern, die Lippen schminkte sie im typischen Teeny-Style.\u00a0 Sie wollte in der Klasse so aussehen wie ihre Freundinnen\u00a0 Anna, Kathrin und Elsa. Nach der Schule kam die R\u00fcckw\u00e4rts-Verwandlung. Nur im\u00a0 strengen Habitus der Verh\u00fcllung konnte sie ihrem Bruder, der die Schule geschmissen hatte und sich jetzt als moralischer\u00a0 Aufpasser\u00a0 \u00fcber seine intelligente Schwester bet\u00e4tigte, unter die Augen treten. Moral (&#8222;Ehre&#8220;) kompensiert Bildungsdefizit.\u00a0 Der Bruder\u00a0 geleitete die Schwester \u201esicher\u201c ins elterliche Heim, weil sie nur so den Gef\u00e4hrdungen der\u00a0 \u201eunmoralischen\u201c\u00a0 Gro\u00dfstadt widerstehen k\u00f6nne. Man stelle sich die Gef\u00fchle solcher\u00a0 M\u00e4dchen\u00a0 vor, die\u00a0 an der freien Entfaltung ihrer Pers\u00f6nlichkeit gehindert\u00a0 werden und\u00a0\u00a0 dem\u00a0 Dauerverdacht unterliegen, sie k\u00f6nnten\u00a0 zu einer \u201edeutschen Schlampe\u201c\u00a0 werden, wenn sie\u00a0 sich nicht unter die\u00a0 sch\u00fctzende Obhut m\u00e4nnlicher Familienmitglieder begeben. Ich konnte Fatima in diesem Konflikt nicht helfen. Ich ermunterte sie nur, die Schule weiterhin\u00a0 erfolgreich zu meistern, weil sie nur so \u2013 langfristig &#8211; den Banden ihrer patriarchalischen Familie w\u00fcrde entfliehen k\u00f6nnen. Wann hat das\u00a0 Bonmot von Karl\u00a0 Kraus, <em>\u201eDas Wort \u00b4Familienbande` hat einen Beigeschmack\u00a0 von Wahrheit\u201c<\/em>,\u00a0 je\u00a0 mehr Berechtigung gehabt als hier?<\/p>\n<p>Wir sollten nicht vorschnell von Freiwilligkeit reden, wenn wir die famili\u00e4ren Hintergr\u00fcnde gar nicht kennen. Und auf die Statements\u00a0 medienbewusster\u00a0 Muslimas, die das Recht auf ihre Identit\u00e4t selbst vor Gericht selbstbewusst\u00a0 einklagen und das Hohe Lied der Freiwilligkeit und pers\u00f6nlichen Identit\u00e4t singen, sollten wir nicht hereinfallen. Sie k\u00f6nnen sich allein helfen und sich notfalls auch gegen dominante M\u00e4nner wehren, w\u00e4hrend sich das Heer muslimischer M\u00e4dchen dem Willen der M\u00e4nner in der Familie willig \u00a0f\u00fcgt. Zu ihren F\u00fcrsprechern sollten wir uns machen.<\/p>\n<p>Mich wundert in der Burka-Debatte, dass ein\u00a0 Argument meistens fehlt, das ich f\u00fcr das wichtigste halte: Die Burka widerspricht dem\u00a0 Komment der demokratischen Gesellschaft. Das zivile Leben in unserer Gesellschaft ist auf Transparenz angelegt<strong><em>.<\/em><\/strong> Vielf\u00e4ltige Kennzeichnungspflichten helfen, m\u00f6gliche Gefahrenquellen zu minimieren. Autokennzeichen erlauben es, Verkehrss\u00fcnder zu identifizieren. Kein Deutscher hat etwas gegen Video-\u00dcberwachung im \u00d6ffentlichen Nahverkehr und im \u00f6ffentlichen Raum einzuwenden. Vor einigen Jahren wurde das Vermummungsverbot bei Demonstrationen eingef\u00fchrt, weil aus dem Block der schwarz vermummten \u201eAutonomen\u201c heraus schwere Straftaten ver\u00fcbt worden waren. Im Gegenzug erhielten Polizisten Kenn-Ziffern, um auch gegen sie besser ermitteln zu k\u00f6nnen, wenn sie das Gesetz gebrochen haben. In einigen europ\u00e4ischen Demokratien (Frankreich, Belgien, Schweiz) gibt es ein Verbot der Ganzk\u00f6rperverschleierung von muslimischen Frauen.<\/p>\n<p>Zur Demokratie und zur aufgekl\u00e4rten Zivilgesellschaft geh\u00f6rt das offene Visier, das freie Gesicht. Psychologen wissen, dass der Blickkontakt manchmal mehr \u00fcber Menschen aussagt als deren Worte. Der Blick ist vor allem authentischer. Mit Worten etwas zu sagen, was wir nicht meinen, ist nicht schwierig, aber einen Blick zu verstellen, ist quasi unm\u00f6glich. Das liegt daran, dass der Blick ein archaisches K\u00f6rpersignal darstellt, das im evolution\u00e4ren Konzept der Menschheitsentwicklung zur schnellen Orientierung des Gegen\u00fcbers diente: <em>Ist er mein Freund oder mein Feind?<\/em> Bei n\u00e4chtlichen U-Bahn-Fahrten in Berlin ist es nicht ratsam, jugendlichen Migranten in die Augen zu schauen. Sie reagieren prompt: <em>\u201eWas guckst du so?\u201c<\/em> Wenn man dann nicht deeskalierend reagiert, kann es schnell zu einer handgreiflichen Auseinandersetzung kommen.<\/p>\n<p>Wer sein Gesicht verh\u00fcllt, gibt zu erkennen, dass er sich \u00a0der offenen Kommunikation verweigert, die das &#8222;freie Gesicht&#8220; ben\u00f6tigt.\u00a0 Mit verschleiertem Gesicht \u00a0grenzt man sich letztlich aus der Gesellschaft aus. Man muss nicht betonen, dass dies das Gegenteil von Integration bedeutet. Zivilisierte Standards \u00a0sollte man\u00a0 \u00fcberall verteidigen, wo sie bedroht sind. Deshalb muss die zivile Gesellschaft Wert darauf legen, dass sich die Kommunikationspartner freien Blickes, also unverh\u00fcllt, gegen\u00fcbertreten.<\/p>\n<p>Es geh\u00f6rt inzwischen zum gefl\u00fcgelten Wort, dass wir uns vom islamistischen Terror unsere freie Lebensart nicht nehmen lassen sollten. Zu dieser freien Lebensart geh\u00f6rt aber auch das freie\u00a0 Gesicht.<\/p>\n<p>&nbsp;<\/p>\n<div class=\"shariff shariff-align-left shariff-widget-align-left shariff-buttonstretch\" style=\"display:none\"><ul class=\"shariff-buttons theme-white orientation-horizontal buttonsize-medium\"><li class=\"shariff-button facebook shariff-nocustomcolor\" style=\"background-color:#4273c8\"><a href=\"https:\/\/www.facebook.com\/sharer\/sharer.php?u=https%3A%2F%2Fstarke-meinungen.de%2Fblog%2F2016%2F08%2F17%2Fdie-zivilgesellschaft-braucht-das-offene-visier%2F\" title=\"Bei Facebook teilen\" aria-label=\"Bei Facebook teilen\" role=\"button\" rel=\"nofollow\" class=\"shariff-link\" style=\"; background-color:#3b5998; color:#3b5998\" target=\"_blank\"><span class=\"shariff-icon\" style=\"fill:#3b5998\"><svg width=\"32px\" height=\"20px\" xmlns=\"http:\/\/www.w3.org\/2000\/svg\" viewBox=\"0 0 18 32\"><path fill=\"#3b5998\" d=\"M17.1 0.2v4.7h-2.8q-1.5 0-2.1 0.6t-0.5 1.9v3.4h5.2l-0.7 5.3h-4.5v13.6h-5.5v-13.6h-4.5v-5.3h4.5v-3.9q0-3.3 1.9-5.2t5-1.8q2.6 0 4.1 0.2z\"\/><\/svg><\/span><span class=\"shariff-text\" style=\"color:#3b5998\">teilen<\/span>&nbsp;<\/a><\/li><li class=\"shariff-button twitter shariff-nocustomcolor\" style=\"background-color:#595959\"><a href=\"https:\/\/twitter.com\/share?url=https%3A%2F%2Fstarke-meinungen.de%2Fblog%2F2016%2F08%2F17%2Fdie-zivilgesellschaft-braucht-das-offene-visier%2F&text=Die%20Zivilgesellschaft%20braucht%20das%20%E2%80%9Eoffene%20Visier%E2%80%9C&via=starkemeinungen\" title=\"Bei X teilen\" aria-label=\"Bei X teilen\" role=\"button\" rel=\"noopener nofollow\" class=\"shariff-link\" style=\"; background-color:#000; color:#000\" target=\"_blank\"><span class=\"shariff-icon\" style=\"fill:#000\"><svg width=\"32px\" height=\"20px\" xmlns=\"http:\/\/www.w3.org\/2000\/svg\" viewBox=\"0 0 24 24\"><path fill=\"#000\" d=\"M14.258 10.152L23.176 0h-2.113l-7.747 8.813L7.133 0H0l9.352 13.328L0 23.973h2.113l8.176-9.309 6.531 9.309h7.133zm-2.895 3.293l-.949-1.328L2.875 1.56h3.246l6.086 8.523.945 1.328 7.91 11.078h-3.246zm0 0\"\/><\/svg><\/span><span class=\"shariff-text\" style=\"color:#000\">teilen<\/span>&nbsp;<\/a><\/li><li class=\"shariff-button linkedin shariff-nocustomcolor\" style=\"background-color:#1488bf\"><a href=\"https:\/\/www.linkedin.com\/sharing\/share-offsite\/?url=https%3A%2F%2Fstarke-meinungen.de%2Fblog%2F2016%2F08%2F17%2Fdie-zivilgesellschaft-braucht-das-offene-visier%2F\" title=\"Bei LinkedIn teilen\" aria-label=\"Bei LinkedIn teilen\" role=\"button\" rel=\"noopener nofollow\" class=\"shariff-link\" style=\"; background-color:#0077b5; color:#0077b5\" target=\"_blank\"><span class=\"shariff-icon\" style=\"fill:#0077b5\"><svg width=\"32px\" height=\"20px\" xmlns=\"http:\/\/www.w3.org\/2000\/svg\" viewBox=\"0 0 27 32\"><path fill=\"#0077b5\" d=\"M6.2 11.2v17.7h-5.9v-17.7h5.9zM6.6 5.7q0 1.3-0.9 2.2t-2.4 0.9h0q-1.5 0-2.4-0.9t-0.9-2.2 0.9-2.2 2.4-0.9 2.4 0.9 0.9 2.2zM27.4 18.7v10.1h-5.9v-9.5q0-1.9-0.7-2.9t-2.3-1.1q-1.1 0-1.9 0.6t-1.2 1.5q-0.2 0.5-0.2 1.4v9.9h-5.9q0-7.1 0-11.6t0-5.3l0-0.9h5.9v2.6h0q0.4-0.6 0.7-1t1-0.9 1.6-0.8 2-0.3q3 0 4.9 2t1.9 6z\"\/><\/svg><\/span><span class=\"shariff-text\" style=\"color:#0077b5\">teilen<\/span>&nbsp;<\/a><\/li><li class=\"shariff-button xing shariff-nocustomcolor\" style=\"background-color:#29888a\"><a href=\"https:\/\/www.xing.com\/spi\/shares\/new?url=https%3A%2F%2Fstarke-meinungen.de%2Fblog%2F2016%2F08%2F17%2Fdie-zivilgesellschaft-braucht-das-offene-visier%2F\" title=\"Bei XING teilen\" aria-label=\"Bei XING teilen\" role=\"button\" rel=\"noopener nofollow\" class=\"shariff-link\" style=\"; background-color:#126567; color:#126567\" target=\"_blank\"><span class=\"shariff-icon\" style=\"fill:#126567\"><svg width=\"32px\" height=\"20px\" xmlns=\"http:\/\/www.w3.org\/2000\/svg\" viewBox=\"0 0 25 32\"><path fill=\"#126567\" d=\"M10.7 11.9q-0.2 0.3-4.6 8.2-0.5 0.8-1.2 0.8h-4.3q-0.4 0-0.5-0.3t0-0.6l4.5-8q0 0 0 0l-2.9-5q-0.2-0.4 0-0.7 0.2-0.3 0.5-0.3h4.3q0.7 0 1.2 0.8zM25.1 0.4q0.2 0.3 0 0.7l-9.4 16.7 6 11q0.2 0.4 0 0.6-0.2 0.3-0.6 0.3h-4.3q-0.7 0-1.2-0.8l-6-11.1q0.3-0.6 9.5-16.8 0.4-0.8 1.2-0.8h4.3q0.4 0 0.5 0.3z\"\/><\/svg><\/span><span class=\"shariff-text\" style=\"color:#126567\">teilen<\/span>&nbsp;<\/a><\/li><li class=\"shariff-button whatsapp shariff-nocustomcolor\" style=\"background-color:#5cbe4a\"><a href=\"https:\/\/api.whatsapp.com\/send?text=https%3A%2F%2Fstarke-meinungen.de%2Fblog%2F2016%2F08%2F17%2Fdie-zivilgesellschaft-braucht-das-offene-visier%2F%20Die%20Zivilgesellschaft%20braucht%20das%20%E2%80%9Eoffene%20Visier%E2%80%9C\" title=\"Bei Whatsapp teilen\" aria-label=\"Bei Whatsapp teilen\" role=\"button\" rel=\"noopener nofollow\" class=\"shariff-link\" style=\"; background-color:#34af23; color:#34af23\" target=\"_blank\"><span class=\"shariff-icon\" style=\"fill:#34af23\"><svg width=\"32px\" height=\"20px\" xmlns=\"http:\/\/www.w3.org\/2000\/svg\" viewBox=\"0 0 32 32\"><path fill=\"#34af23\" d=\"M17.6 17.4q0.2 0 1.7 0.8t1.6 0.9q0 0.1 0 0.3 0 0.6-0.3 1.4-0.3 0.7-1.3 1.2t-1.8 0.5q-1 0-3.4-1.1-1.7-0.8-3-2.1t-2.6-3.3q-1.3-1.9-1.3-3.5v-0.1q0.1-1.6 1.3-2.8 0.4-0.4 0.9-0.4 0.1 0 0.3 0t0.3 0q0.3 0 0.5 0.1t0.3 0.5q0.1 0.4 0.6 1.6t0.4 1.3q0 0.4-0.6 1t-0.6 0.8q0 0.1 0.1 0.3 0.6 1.3 1.8 2.4 1 0.9 2.7 1.8 0.2 0.1 0.4 0.1 0.3 0 1-0.9t0.9-0.9zM14 26.9q2.3 0 4.3-0.9t3.6-2.4 2.4-3.6 0.9-4.3-0.9-4.3-2.4-3.6-3.6-2.4-4.3-0.9-4.3 0.9-3.6 2.4-2.4 3.6-0.9 4.3q0 3.6 2.1 6.6l-1.4 4.2 4.3-1.4q2.8 1.9 6.2 1.9zM14 2.2q2.7 0 5.2 1.1t4.3 2.9 2.9 4.3 1.1 5.2-1.1 5.2-2.9 4.3-4.3 2.9-5.2 1.1q-3.5 0-6.5-1.7l-7.4 2.4 2.4-7.2q-1.9-3.2-1.9-6.9 0-2.7 1.1-5.2t2.9-4.3 4.3-2.9 5.2-1.1z\"\/><\/svg><\/span><span class=\"shariff-text\" style=\"color:#34af23\">teilen<\/span>&nbsp;<\/a><\/li><li class=\"shariff-button info shariff-nocustomcolor\" style=\"background-color:#a8a8a8\"><a href=\"http:\/\/ct.de\/-2467514\" title=\"Weitere Informationen\" aria-label=\"Weitere Informationen\" role=\"button\" rel=\"noopener \" class=\"shariff-link\" style=\"; background-color:#999; color:#999\" target=\"_blank\"><span class=\"shariff-icon\" style=\"fill:#999\"><svg width=\"32px\" height=\"20px\" xmlns=\"http:\/\/www.w3.org\/2000\/svg\" viewBox=\"0 0 11 32\"><path fill=\"#999\" d=\"M11.4 24v2.3q0 0.5-0.3 0.8t-0.8 0.4h-9.1q-0.5 0-0.8-0.4t-0.4-0.8v-2.3q0-0.5 0.4-0.8t0.8-0.4h1.1v-6.8h-1.1q-0.5 0-0.8-0.4t-0.4-0.8v-2.3q0-0.5 0.4-0.8t0.8-0.4h6.8q0.5 0 0.8 0.4t0.4 0.8v10.3h1.1q0.5 0 0.8 0.4t0.3 0.8zM9.2 3.4v3.4q0 0.5-0.4 0.8t-0.8 0.4h-4.6q-0.4 0-0.8-0.4t-0.4-0.8v-3.4q0-0.4 0.4-0.8t0.8-0.4h4.6q0.5 0 0.8 0.4t0.4 0.8z\"\/><\/svg><\/span><\/a><\/li><\/ul><\/div>","protected":false},"excerpt":{"rendered":"<p>Vor kurzem besuchte ich anl\u00e4sslich eines Aufenthalts in Frankfurt\/M. \u00a0den Zoologischen Garten. Im ber\u00fchmten Affenhaus von Bernhard Grzimek kamen mir drei Frauen mit Burka entgegen. Sie f\u00fchrten ihre Kinder an der Hand und unterhielten sich angeregt miteinander. Mir kam in den Sinn, wie die Kinder die Gesichtsverh\u00fcllung ihrer M\u00fctter wohl erlebten. Ihnen bleibt verwehrt, im Gesicht der Erwachsenen zu lesen,&#8230; <a href=\"https:\/\/starke-meinungen.de\/blog\/2016\/08\/17\/die-zivilgesellschaft-braucht-das-offene-visier\/\">Weiterlesen &raquo;<\/a><\/p>\n","protected":false},"author":19,"featured_media":0,"comment_status":"open","ping_status":"open","sticky":false,"template":"","format":"standard","meta":{"footnotes":""},"categories":[1,2093],"tags":[937,2818,1479,358,2817,815],"class_list":["post-6320","post","type-post","status-publish","format-standard","hentry","category-allgemein","category-rainer-werner","tag-burka","tag-freiwilligkeit","tag-identitat","tag-islam","tag-rolle-der-frau","tag-zivilgesellschaft"],"yoast_head":"<!-- This site is optimized with the Yoast SEO plugin v27.5 - https:\/\/yoast.com\/product\/yoast-seo-wordpress\/ -->\n<title>Die Zivilgesellschaft braucht das &quot;offene Visier&quot; - starke-meinungen.de<\/title>\n<meta name=\"robots\" content=\"index, follow, max-snippet:-1, max-image-preview:large, max-video-preview:-1\" \/>\n<link rel=\"canonical\" href=\"https:\/\/starke-meinungen.de\/blog\/2016\/08\/17\/die-zivilgesellschaft-braucht-das-offene-visier\/\" \/>\n<meta property=\"og:locale\" content=\"de_DE\" \/>\n<meta property=\"og:type\" content=\"article\" \/>\n<meta property=\"og:title\" content=\"Die Zivilgesellschaft braucht das &quot;offene Visier&quot; - starke-meinungen.de\" \/>\n<meta property=\"og:description\" content=\"Vor kurzem besuchte ich anl\u00e4sslich eines Aufenthalts in Frankfurt\/M. \u00a0den Zoologischen Garten. Im ber\u00fchmten Affenhaus von Bernhard Grzimek kamen mir drei Frauen mit Burka entgegen. Sie f\u00fchrten ihre Kinder an der Hand und unterhielten sich angeregt miteinander. Mir kam in den Sinn, wie die Kinder die Gesichtsverh\u00fcllung ihrer M\u00fctter wohl erlebten. Ihnen bleibt verwehrt, im Gesicht der Erwachsenen zu lesen,... Weiterlesen &raquo;\" \/>\n<meta property=\"og:url\" content=\"https:\/\/starke-meinungen.de\/blog\/2016\/08\/17\/die-zivilgesellschaft-braucht-das-offene-visier\/\" \/>\n<meta property=\"og:site_name\" content=\"starke-meinungen.de\" \/>\n<meta property=\"article:publisher\" content=\"https:\/\/www.facebook.com\/starkemeinungen\/\" \/>\n<meta property=\"article:published_time\" content=\"2016-08-17T09:28:29+00:00\" \/>\n<meta property=\"og:image\" content=\"https:\/\/starke-meinungen.de\/blog\/wp-content\/uploads\/starke-meinungen-fb-header.jpg\" \/>\n\t<meta property=\"og:image:width\" content=\"1200\" \/>\n\t<meta property=\"og:image:height\" content=\"630\" \/>\n\t<meta property=\"og:image:type\" content=\"image\/jpeg\" \/>\n<meta name=\"author\" content=\"Rainer Werner\" \/>\n<meta name=\"twitter:card\" content=\"summary_large_image\" \/>\n<meta name=\"twitter:creator\" content=\"@starkemeinungen\" \/>\n<meta name=\"twitter:site\" content=\"@starkemeinungen\" \/>\n<meta name=\"twitter:label1\" content=\"Verfasst von\" \/>\n\t<meta name=\"twitter:data1\" content=\"Rainer Werner\" \/>\n\t<meta name=\"twitter:label2\" content=\"Gesch\u00e4tzte Lesezeit\" \/>\n\t<meta name=\"twitter:data2\" content=\"5\u00a0Minuten\" \/>\n<script type=\"application\/ld+json\" class=\"yoast-schema-graph\">{\"@context\":\"https:\\\/\\\/schema.org\",\"@graph\":[{\"@type\":\"Article\",\"@id\":\"https:\\\/\\\/starke-meinungen.de\\\/blog\\\/2016\\\/08\\\/17\\\/die-zivilgesellschaft-braucht-das-offene-visier\\\/#article\",\"isPartOf\":{\"@id\":\"https:\\\/\\\/starke-meinungen.de\\\/blog\\\/2016\\\/08\\\/17\\\/die-zivilgesellschaft-braucht-das-offene-visier\\\/\"},\"author\":{\"name\":\"Rainer Werner\",\"@id\":\"https:\\\/\\\/starke-meinungen.de\\\/blog\\\/#\\\/schema\\\/person\\\/6af826c1bb87ec75580869d830616de2\"},\"headline\":\"Die Zivilgesellschaft braucht das &#8222;offene Visier&#8220;\",\"datePublished\":\"2016-08-17T09:28:29+00:00\",\"mainEntityOfPage\":{\"@id\":\"https:\\\/\\\/starke-meinungen.de\\\/blog\\\/2016\\\/08\\\/17\\\/die-zivilgesellschaft-braucht-das-offene-visier\\\/\"},\"wordCount\":1098,\"commentCount\":22,\"publisher\":{\"@id\":\"https:\\\/\\\/starke-meinungen.de\\\/blog\\\/#organization\"},\"keywords\":[\"Burka\",\"Freiwilligkeit\",\"Identit\u00e4t\",\"Islam\",\"Rolle der Frau\",\"Zivilgesellschaft\"],\"articleSection\":{\"1\":\"Rainer Werner\"},\"inLanguage\":\"de\",\"potentialAction\":[{\"@type\":\"CommentAction\",\"name\":\"Comment\",\"target\":[\"https:\\\/\\\/starke-meinungen.de\\\/blog\\\/2016\\\/08\\\/17\\\/die-zivilgesellschaft-braucht-das-offene-visier\\\/#respond\"]}]},{\"@type\":\"WebPage\",\"@id\":\"https:\\\/\\\/starke-meinungen.de\\\/blog\\\/2016\\\/08\\\/17\\\/die-zivilgesellschaft-braucht-das-offene-visier\\\/\",\"url\":\"https:\\\/\\\/starke-meinungen.de\\\/blog\\\/2016\\\/08\\\/17\\\/die-zivilgesellschaft-braucht-das-offene-visier\\\/\",\"name\":\"Die Zivilgesellschaft braucht das \\\"offene Visier\\\" - starke-meinungen.de\",\"isPartOf\":{\"@id\":\"https:\\\/\\\/starke-meinungen.de\\\/blog\\\/#website\"},\"datePublished\":\"2016-08-17T09:28:29+00:00\",\"breadcrumb\":{\"@id\":\"https:\\\/\\\/starke-meinungen.de\\\/blog\\\/2016\\\/08\\\/17\\\/die-zivilgesellschaft-braucht-das-offene-visier\\\/#breadcrumb\"},\"inLanguage\":\"de\",\"potentialAction\":[{\"@type\":\"ReadAction\",\"target\":[\"https:\\\/\\\/starke-meinungen.de\\\/blog\\\/2016\\\/08\\\/17\\\/die-zivilgesellschaft-braucht-das-offene-visier\\\/\"]}]},{\"@type\":\"BreadcrumbList\",\"@id\":\"https:\\\/\\\/starke-meinungen.de\\\/blog\\\/2016\\\/08\\\/17\\\/die-zivilgesellschaft-braucht-das-offene-visier\\\/#breadcrumb\",\"itemListElement\":[{\"@type\":\"ListItem\",\"position\":1,\"name\":\"Startseite\",\"item\":\"https:\\\/\\\/starke-meinungen.de\\\/blog\\\/\"},{\"@type\":\"ListItem\",\"position\":2,\"name\":\"Die Zivilgesellschaft braucht das &#8222;offene Visier&#8220;\"}]},{\"@type\":\"WebSite\",\"@id\":\"https:\\\/\\\/starke-meinungen.de\\\/blog\\\/#website\",\"url\":\"https:\\\/\\\/starke-meinungen.de\\\/blog\\\/\",\"name\":\"starke-meinungen.de\",\"description\":\"Autoren-Blog\",\"publisher\":{\"@id\":\"https:\\\/\\\/starke-meinungen.de\\\/blog\\\/#organization\"},\"potentialAction\":[{\"@type\":\"SearchAction\",\"target\":{\"@type\":\"EntryPoint\",\"urlTemplate\":\"https:\\\/\\\/starke-meinungen.de\\\/blog\\\/?s={search_term_string}\"},\"query-input\":{\"@type\":\"PropertyValueSpecification\",\"valueRequired\":true,\"valueName\":\"search_term_string\"}}],\"inLanguage\":\"de\"},{\"@type\":\"Organization\",\"@id\":\"https:\\\/\\\/starke-meinungen.de\\\/blog\\\/#organization\",\"name\":\"starke-meinungen.de\",\"url\":\"https:\\\/\\\/starke-meinungen.de\\\/blog\\\/\",\"logo\":{\"@type\":\"ImageObject\",\"inLanguage\":\"de\",\"@id\":\"https:\\\/\\\/starke-meinungen.de\\\/blog\\\/#\\\/schema\\\/logo\\\/image\\\/\",\"url\":\"https:\\\/\\\/starke-meinungen.de\\\/blog\\\/wp-content\\\/uploads\\\/starke-meinungen-fb-header.jpg\",\"contentUrl\":\"https:\\\/\\\/starke-meinungen.de\\\/blog\\\/wp-content\\\/uploads\\\/starke-meinungen-fb-header.jpg\",\"width\":1200,\"height\":630,\"caption\":\"starke-meinungen.de\"},\"image\":{\"@id\":\"https:\\\/\\\/starke-meinungen.de\\\/blog\\\/#\\\/schema\\\/logo\\\/image\\\/\"},\"sameAs\":[\"https:\\\/\\\/www.facebook.com\\\/starkemeinungen\\\/\",\"https:\\\/\\\/x.com\\\/starkemeinungen\"]},{\"@type\":\"Person\",\"@id\":\"https:\\\/\\\/starke-meinungen.de\\\/blog\\\/#\\\/schema\\\/person\\\/6af826c1bb87ec75580869d830616de2\",\"name\":\"Rainer Werner\",\"image\":{\"@type\":\"ImageObject\",\"inLanguage\":\"de\",\"@id\":\"https:\\\/\\\/secure.gravatar.com\\\/avatar\\\/6f37dc4eff27558ec03229bb8dd7133f519865cae374548719ce45fba3788ea8?s=96&d=mm&r=g\",\"url\":\"https:\\\/\\\/secure.gravatar.com\\\/avatar\\\/6f37dc4eff27558ec03229bb8dd7133f519865cae374548719ce45fba3788ea8?s=96&d=mm&r=g\",\"contentUrl\":\"https:\\\/\\\/secure.gravatar.com\\\/avatar\\\/6f37dc4eff27558ec03229bb8dd7133f519865cae374548719ce45fba3788ea8?s=96&d=mm&r=g\",\"caption\":\"Rainer Werner\"},\"url\":\"https:\\\/\\\/starke-meinungen.de\\\/blog\\\/author\\\/werner\\\/\"}]}<\/script>\n<!-- \/ Yoast SEO plugin. -->","yoast_head_json":{"title":"Die Zivilgesellschaft braucht das \"offene Visier\" - starke-meinungen.de","robots":{"index":"index","follow":"follow","max-snippet":"max-snippet:-1","max-image-preview":"max-image-preview:large","max-video-preview":"max-video-preview:-1"},"canonical":"https:\/\/starke-meinungen.de\/blog\/2016\/08\/17\/die-zivilgesellschaft-braucht-das-offene-visier\/","og_locale":"de_DE","og_type":"article","og_title":"Die Zivilgesellschaft braucht das \"offene Visier\" - starke-meinungen.de","og_description":"Vor kurzem besuchte ich anl\u00e4sslich eines Aufenthalts in Frankfurt\/M. \u00a0den Zoologischen Garten. Im ber\u00fchmten Affenhaus von Bernhard Grzimek kamen mir drei Frauen mit Burka entgegen. Sie f\u00fchrten ihre Kinder an der Hand und unterhielten sich angeregt miteinander. Mir kam in den Sinn, wie die Kinder die Gesichtsverh\u00fcllung ihrer M\u00fctter wohl erlebten. Ihnen bleibt verwehrt, im Gesicht der Erwachsenen zu lesen,... Weiterlesen &raquo;","og_url":"https:\/\/starke-meinungen.de\/blog\/2016\/08\/17\/die-zivilgesellschaft-braucht-das-offene-visier\/","og_site_name":"starke-meinungen.de","article_publisher":"https:\/\/www.facebook.com\/starkemeinungen\/","article_published_time":"2016-08-17T09:28:29+00:00","og_image":[{"width":1200,"height":630,"url":"https:\/\/starke-meinungen.de\/blog\/wp-content\/uploads\/starke-meinungen-fb-header.jpg","type":"image\/jpeg"}],"author":"Rainer Werner","twitter_card":"summary_large_image","twitter_creator":"@starkemeinungen","twitter_site":"@starkemeinungen","twitter_misc":{"Verfasst von":"Rainer Werner","Gesch\u00e4tzte Lesezeit":"5\u00a0Minuten"},"schema":{"@context":"https:\/\/schema.org","@graph":[{"@type":"Article","@id":"https:\/\/starke-meinungen.de\/blog\/2016\/08\/17\/die-zivilgesellschaft-braucht-das-offene-visier\/#article","isPartOf":{"@id":"https:\/\/starke-meinungen.de\/blog\/2016\/08\/17\/die-zivilgesellschaft-braucht-das-offene-visier\/"},"author":{"name":"Rainer Werner","@id":"https:\/\/starke-meinungen.de\/blog\/#\/schema\/person\/6af826c1bb87ec75580869d830616de2"},"headline":"Die Zivilgesellschaft braucht das &#8222;offene Visier&#8220;","datePublished":"2016-08-17T09:28:29+00:00","mainEntityOfPage":{"@id":"https:\/\/starke-meinungen.de\/blog\/2016\/08\/17\/die-zivilgesellschaft-braucht-das-offene-visier\/"},"wordCount":1098,"commentCount":22,"publisher":{"@id":"https:\/\/starke-meinungen.de\/blog\/#organization"},"keywords":["Burka","Freiwilligkeit","Identit\u00e4t","Islam","Rolle der Frau","Zivilgesellschaft"],"articleSection":{"1":"Rainer Werner"},"inLanguage":"de","potentialAction":[{"@type":"CommentAction","name":"Comment","target":["https:\/\/starke-meinungen.de\/blog\/2016\/08\/17\/die-zivilgesellschaft-braucht-das-offene-visier\/#respond"]}]},{"@type":"WebPage","@id":"https:\/\/starke-meinungen.de\/blog\/2016\/08\/17\/die-zivilgesellschaft-braucht-das-offene-visier\/","url":"https:\/\/starke-meinungen.de\/blog\/2016\/08\/17\/die-zivilgesellschaft-braucht-das-offene-visier\/","name":"Die Zivilgesellschaft braucht das \"offene Visier\" - starke-meinungen.de","isPartOf":{"@id":"https:\/\/starke-meinungen.de\/blog\/#website"},"datePublished":"2016-08-17T09:28:29+00:00","breadcrumb":{"@id":"https:\/\/starke-meinungen.de\/blog\/2016\/08\/17\/die-zivilgesellschaft-braucht-das-offene-visier\/#breadcrumb"},"inLanguage":"de","potentialAction":[{"@type":"ReadAction","target":["https:\/\/starke-meinungen.de\/blog\/2016\/08\/17\/die-zivilgesellschaft-braucht-das-offene-visier\/"]}]},{"@type":"BreadcrumbList","@id":"https:\/\/starke-meinungen.de\/blog\/2016\/08\/17\/die-zivilgesellschaft-braucht-das-offene-visier\/#breadcrumb","itemListElement":[{"@type":"ListItem","position":1,"name":"Startseite","item":"https:\/\/starke-meinungen.de\/blog\/"},{"@type":"ListItem","position":2,"name":"Die Zivilgesellschaft braucht das &#8222;offene Visier&#8220;"}]},{"@type":"WebSite","@id":"https:\/\/starke-meinungen.de\/blog\/#website","url":"https:\/\/starke-meinungen.de\/blog\/","name":"starke-meinungen.de","description":"Autoren-Blog","publisher":{"@id":"https:\/\/starke-meinungen.de\/blog\/#organization"},"potentialAction":[{"@type":"SearchAction","target":{"@type":"EntryPoint","urlTemplate":"https:\/\/starke-meinungen.de\/blog\/?s={search_term_string}"},"query-input":{"@type":"PropertyValueSpecification","valueRequired":true,"valueName":"search_term_string"}}],"inLanguage":"de"},{"@type":"Organization","@id":"https:\/\/starke-meinungen.de\/blog\/#organization","name":"starke-meinungen.de","url":"https:\/\/starke-meinungen.de\/blog\/","logo":{"@type":"ImageObject","inLanguage":"de","@id":"https:\/\/starke-meinungen.de\/blog\/#\/schema\/logo\/image\/","url":"https:\/\/starke-meinungen.de\/blog\/wp-content\/uploads\/starke-meinungen-fb-header.jpg","contentUrl":"https:\/\/starke-meinungen.de\/blog\/wp-content\/uploads\/starke-meinungen-fb-header.jpg","width":1200,"height":630,"caption":"starke-meinungen.de"},"image":{"@id":"https:\/\/starke-meinungen.de\/blog\/#\/schema\/logo\/image\/"},"sameAs":["https:\/\/www.facebook.com\/starkemeinungen\/","https:\/\/x.com\/starkemeinungen"]},{"@type":"Person","@id":"https:\/\/starke-meinungen.de\/blog\/#\/schema\/person\/6af826c1bb87ec75580869d830616de2","name":"Rainer Werner","image":{"@type":"ImageObject","inLanguage":"de","@id":"https:\/\/secure.gravatar.com\/avatar\/6f37dc4eff27558ec03229bb8dd7133f519865cae374548719ce45fba3788ea8?s=96&d=mm&r=g","url":"https:\/\/secure.gravatar.com\/avatar\/6f37dc4eff27558ec03229bb8dd7133f519865cae374548719ce45fba3788ea8?s=96&d=mm&r=g","contentUrl":"https:\/\/secure.gravatar.com\/avatar\/6f37dc4eff27558ec03229bb8dd7133f519865cae374548719ce45fba3788ea8?s=96&d=mm&r=g","caption":"Rainer Werner"},"url":"https:\/\/starke-meinungen.de\/blog\/author\/werner\/"}]}},"_links":{"self":[{"href":"https:\/\/starke-meinungen.de\/blog\/wp-json\/wp\/v2\/posts\/6320","targetHints":{"allow":["GET"]}}],"collection":[{"href":"https:\/\/starke-meinungen.de\/blog\/wp-json\/wp\/v2\/posts"}],"about":[{"href":"https:\/\/starke-meinungen.de\/blog\/wp-json\/wp\/v2\/types\/post"}],"author":[{"embeddable":true,"href":"https:\/\/starke-meinungen.de\/blog\/wp-json\/wp\/v2\/users\/19"}],"replies":[{"embeddable":true,"href":"https:\/\/starke-meinungen.de\/blog\/wp-json\/wp\/v2\/comments?post=6320"}],"version-history":[{"count":1,"href":"https:\/\/starke-meinungen.de\/blog\/wp-json\/wp\/v2\/posts\/6320\/revisions"}],"predecessor-version":[{"id":6321,"href":"https:\/\/starke-meinungen.de\/blog\/wp-json\/wp\/v2\/posts\/6320\/revisions\/6321"}],"wp:attachment":[{"href":"https:\/\/starke-meinungen.de\/blog\/wp-json\/wp\/v2\/media?parent=6320"}],"wp:term":[{"taxonomy":"category","embeddable":true,"href":"https:\/\/starke-meinungen.de\/blog\/wp-json\/wp\/v2\/categories?post=6320"},{"taxonomy":"post_tag","embeddable":true,"href":"https:\/\/starke-meinungen.de\/blog\/wp-json\/wp\/v2\/tags?post=6320"}],"curies":[{"name":"wp","href":"https:\/\/api.w.org\/{rel}","templated":true}]}}