

{"id":6286,"date":"2016-08-08T10:44:06","date_gmt":"2016-08-08T10:44:06","guid":{"rendered":"https:\/\/starke-meinungen.de\/blog\/?p=6286"},"modified":"2016-08-08T14:21:51","modified_gmt":"2016-08-08T14:21:51","slug":"hildesheimer-kuschelecke-von-juden-bedroht","status":"publish","type":"post","link":"https:\/\/starke-meinungen.de\/blog\/2016\/08\/08\/hildesheimer-kuschelecke-von-juden-bedroht\/","title":{"rendered":"Hildesheimer Kuschelecke von Juden bedroht!"},"content":{"rendered":"<p><span style=\"color: #000000;font-family: Calibri;font-size: medium\">An der \u201eHochschule f\u00fcr Angewandte Wissenschaft und Kunst\u201c (HAWK) in Hildesheim wurde jahrelang ein antiisraelisches Seminar <a href=\"http:\/\/www.welt.de\/politik\/deutschland\/article157518886\/Wenn-Israel-Hass-Lernziel-an-einer-Hochschule-wird.html\" target=\"_blank\">angeboten<\/a>, in dessen Rahmen auch antisemitische Materialien verwendet wurden. Nun wird es abgesetzt. So weit, so gut. Aber noch in der Ank\u00fcndigung dieser Ma\u00dfnahme wird deutlich, dass die Hochschule sich als verfolgte Unschuld sieht. Wer heute in Deutschland Antisemitismus anprangert, sieht sich schnell dem Vorwurf ausgesetzt, die Freiheit der Wissenschaft oder \u2013 wie es bei der HAWK hei\u00dft \u2013 das \u201esichere und vertrauensvolle Lernumfeld&#8220; zu gef\u00e4hrden.\u00a0<\/span><\/p>\n<p><!--more--><span style=\"color: #000000;font-family: Calibri;font-size: medium\">Zehn Jahre lang unterrichtete Ibtissam K\u00f6hler \u2013 trotz Protesten einzelner Studenten wegen ihrer Einseitigkeit \u2013 an der HAWK das Seminar \u201eZur sozialen Lage der Jugendlichen in Pal\u00e4stina\u201c. Dem offiziellen Seminarplan zufolge, den Frau K\u00f6hler Semester f\u00fcr Semester einreichte, ohne dass es vonseiten der zust\u00e4ndigen Dekanin oder gar der Hochschulpr\u00e4sidentin zu Fragen kam, sollten die Studenten\u00a0unter Anderem\u00a0lernen, dass die Staatsgr\u00fcndung Israels auf der \u201eethnischen S\u00e4uberung Pal\u00e4stinas&#8220; beruhte; dass nach 1967 \u201edie Pal\u00e4stinenser als Nicht-Menschen \u2026 als Abfall behandelt werden&#8220;; dass\u00a0 &#8222;die israelische Apartheid-Mauer&#8220; ein \u201eInstrument des Terrors&#8220; sei; und dass der j\u00fcdische Staat \u201edie lokale israelische Version einer entmenschlichten Gesellschaft&#8220; darstelle.<\/span><\/p>\n<p><span style=\"color: #000000;font-family: Calibri;font-size: medium\">Um es klar zu machen: Themen wie: \u201eIsrael-Kritik in der pal\u00e4stinensischen Propaganda\u201c oder \u201eJ\u00fcdischer Antizionismus von Karl Marx \u00fcber Hannah Arendt bis Tony Judt\u201c oder \u201eDie Problematik der Besatzung: israelische Reaktionen von links und rechts\u201c w\u00e4ren durchaus angemessene Themen f\u00fcr wissenschaftliche Seminare an einer deutschen Hochschule, wenn auch vielleicht nicht, wie an der HAWK, im Rahmen einer Sozialarbeiterausbildung, die ihre Verbindungen zur lebensweltlichen Praxis der angehenden SozialarbeiterInnen betont. \u00a0<\/span><\/p>\n<p><span style=\"color: #000000;font-family: Calibri;font-size: medium\">Was ein wissenschaftliches Seminar von Schulungs- und Agitationsveranstaltungen unterscheidet, wie ich sie im Rahmen der KPD\/AO und der \u201eLiga gegen den Imperialismus\u201c hundertfach durchgef\u00fchrt habe (weshalb ich den Typus gut erkenne), das ist die Qualifikation der Dozentin, die Qualit\u00e4t des Materials und die Herangehendweise, die auf Herstellung einer Faktenbasis, einer Quellenkenntnis und eines begrifflichen Instrumentariums abzielt, die weiteres selbstst\u00e4ndiges Forschen erm\u00f6glicht. Bei einem Schulungs- und Agitationskurs hingegen geht es genau nicht darum. Wichtig ist nicht die wissenschaftliche Qualifikation der Dozentin, sondern ihre ideologische Festigkeit. Nicht die Bereitstellung vielf\u00e4ltigen Materials und der Hinweis auf weitere Quellen, sondern die Auswahl nur solchen Materials, das dem Lernziel dient; nicht die Selbstst\u00e4ndigkeit der Kursteilnehmer, sondern ihre Abh\u00e4ngigkeit \u2013 ihre Beeinflussung im Sinne der ideologischen Vorgaben. In diesem Sinne f\u00fchrte Ibtissam K\u00f6hler seit zehn Jahren an der HAWK eine Propagandaveranstaltung durch.<\/span><\/p>\n<p><span style=\"color: #000000;font-family: Calibri;font-size: medium\">Als zun\u00e4chst die f\u00fcr die \u00dcbernahme eines Parallelseminars vorgesehene\u00a0 Dozentin Rebecca Seidler gegen diese Agitationsveranstaltung protestierte, dann \u2013 weil sich auf ihren Protest hin nichts \u00e4nderte \u2013 der Zentralrat der Juden beim Ministerium f\u00fcr Wissenschaft und Kultur in Hannover nachfragte, und schlie\u00dflich \u2013 da sich auch dann nichts tat \u2013 an \u00d6ffentlichkeit ging, handelte endlich HAWK-Pr\u00e4sidentin Christiane Dienel: Sie \u201en\u00f6tigte\u201c \u2013 so Dienel zu mir \u2013 die PR-Agentur \u201eRes Public Affairs\u201c in Berlin, sich um das zu k\u00fcmmern, was man \u201eSpin-doctoring\u201c nennt. Das \u201eFraming\u201c sollte sich \u00e4ndern \u2013 weg von dem Skandal, dass eine Hochschule jahrelang eine v\u00f6llig unqualifizierte, daf\u00fcr aber ideologisch verbohrte Dozentin ihre StudentInnen agitieren lie\u00df, hin zu dem, was der Inhaber der PR-Agentur mir gegen\u00fcber folgenderma\u00dfen schilderte: \u201eAlso muss man sich doch fragen: Was geschieht hier? Was bringt die Journalisten und Medien dazu, eine solche Rufmordkampagne in Gang zu setzen, Schlagzeilen wie \u201aHass an der Hochschule\u2018 zu drucken \u2013 in einer Zeit, in der wir wahrlich allen Grund haben zur Deeskalation statt zur Eskalation.\u201c <\/span><\/p>\n<p><span style=\"color: #000000;font-family: Calibri;font-size: medium\">Dass also seit zehn Jahren Israel als \u201eentmenschlichte Gesellschaft\u201c dargestellt werden konnte, ist nicht das Problem. Das Problem ist eine \u201eRufmordkampagne\u201c. Die Frage sollte nicht lauten: \u201eWarum sah die Hochschulleitung keinen Grund einzugreifen? Sie sollte lauten: \u201eWas bringt die Medien dazu, eine Rufmordkampagne in Gang zu setzen?\u201c Genauer: Wer bringt sie dazu? Und die mir in mehreren Gespr\u00e4chen mit Pr\u00e4sidentin und Dekan entsprechend dieser PR-Linie mit verschw\u00f6rerisch gesenkter Stimme vorgebrachte Vermutung lautete: \u201eZiemlich einflussreiche Kreise\u201c \u2013 um es deutlich zu machen: die Juden und ihr Zentralrat. Das passt. Wie das Institut f\u00fcr Interdisziplin\u00e4re Konflikt- und Gewaltforschung (IKG) an der Universit\u00e4t Bielefeld <a href=\"http:\/\/ekvv.uni-bielefeld.de\/blog\/pressemitteilungen\/entry\/antisemitismus_bedroht_j%C3%BCdisches_leben_und\" target=\"_blank\">feststellte<\/a>, glauben 15 Prozent der Deutschen, die Juden h\u00e4tten hier zulande \u00a0\u201ezu viel Einfluss\u201c. Bei den \u00fcber 60-J\u00e4hrigen \u2013 der Generation der 68er \u2013 sind \u00a0es sogar 23 Prozent \u2013 also fast ein Viertel. \u00a0So kann eine PR-Kampagne, die darauf abzielt, solche Ressentiments zu wecken, auf Resonanz hoffen. \u00a0\u00a0<\/span><\/p>\n<p><span style=\"color: #000000;font-family: Calibri;font-size: medium\">Nun, es kam anders. Volker Beck von den Gr\u00fcnen (die in Hildesheim gern Frau K\u00f6hler als Referentin einladen) positionierte sich ebenso deutlich gegen die Veranstaltung wie die Mainstream-Medien, von der taz bis zur WELT. (Was nat\u00fcrlich nur beweist \u2026.) Schlie\u00dflich sah sich die HAWK gezwungen, die Streichung des Seminars <a href=\"http:\/\/www.hawk-hhg.de\/aktuell\/default_214161.php\" target=\"_blank\">anzuk\u00fcndigen<\/a>. Aber sie tat es \u2013 vermutlich auf Anraten der f\u00fcr das Management der Au\u00dfenwirkung engagierte Agentur \u2013 so, \u00a0dass maximaler Schaden f\u00fcr die Juden in Deutschland entstehen sollte: <\/span><\/p>\n<p><span style=\"color: #000000;font-family: Calibri;font-size: medium\">\u201eMit dieser Entscheidung reagiert die Fakult\u00e4t auf die\u00a0in der aktuellen Debatte vorgebrachten Punkte und auch auf die Tatsache, dass f\u00fcr die Lehrenden und Studierenden kein sicheres und vertrauensvolles Lehrumfeld gew\u00e4hrleistet werden kann.\u201c So hei\u00dft es in der Erkl\u00e4rung der Hochschule vom vergangenen Freitag. \u201eHier verweist Studiendekanin Prof. Dr. Anna Friedrich auf Drohungen aus unterschiedlichsten Quellen. \u201aIch distanziere mich von der Schwarz-Wei\u00df-Zeichnung des Konflikts\u2018, sagt Friedrich.&#8220;<\/span><\/p>\n<p><span style=\"color: #000000;font-family: Calibri;font-size: medium\">Man h\u00e4tte schreiben k\u00f6nnen, dass man sich nach Sichtung der Lehrmaterialien, des Gutachtens dazu und der (bislang unterschlagenen) Evaluation durch die Studenten zum Ergebnis gekommen sei, eine solche Veranstaltung sei mit dem wissenschaftlichen Anspruch einer deutschen Hochschule unvereinbar. Dass man sich entschuldige, falls der Eindruck entstanden sein sollte, die HAWK billige einseitige Propaganda gegen Israel (oder sonst jemanden). Dass man dabei bleibe, dass Kritik an der Politik Israels wie eines jeden anderen Staats im Rahmen der akademischen Freiheit erlaubt sein m\u00fcsse, aber dass andererseits die akademische Freiheit nicht Veranstaltungen decke, die akademischen Mindeststandards nicht entsprechen. Das w\u00e4re zwar immer noch nicht ausreichend gewesen, weil es die Frage nicht beantwortet h\u00e4tte, warum diese Erkenntnis erst erwuchs, als sich eine kritische \u00d6ffentlichkeit zu Wort meldete. Aber es w\u00e4re das Mindeste, was man in dieser Situation von einer Hochschule h\u00e4tte erwarten d\u00fcrfen.<\/span><\/p>\n<p><span style=\"color: #000000;font-family: Calibri;font-size: medium\">Stattdessen raunt die Hochschule von der \u201eTatsache\u201c, dass man \u201ef\u00fcr die Lehrenden und Studierenden kein sicheres und vertrauensvolles Lehrumfeld gew\u00e4hrleisten\u201c k\u00f6nne. Vermutlich wegen der \u201eDrohungen aus unterschiedlichsten Quellen\u201c. Nun, dass man in Hildesheim die Sicherheit von Lehrenden und Studierenden nicht gew\u00e4hren k\u00f6nne, ist keine Tatsache, sondern eine Unterstellung. Egal um welche \u201eDrohungen\u201c es sich handeln mag: Noch nie sind diejenigen in Deutschland, die sich gegen den Antisemitismus und den Israelhass wenden, durch Drohungen aufgefallen, ganz anders als \u2026 Aber lassen wir das. Hin und wieder haben die \u00fcbereifrigen \u201eAntideutschen\u201c, die so weit ich wei\u00df in Hildesheim nicht sehr stark vertreten sind, mit der Sprengung von Lesungen Jakob Augsteins gedroht, eine Dummheit, gegen die nicht zuletzt ich <a href=\"http:\/\/www.welt.de\/kultur\/article124078473\/Jakob-Augstein-der-Saboteur-wird-sabotiert.html\" target=\"_blank\">protestiert<\/a> habe. <\/span><\/p>\n<p><span style=\"color: #000000;font-family: Calibri;font-size: medium\">Aber selbst wenn es Go-ins, Proteste oder dergleichen gegeben h\u00e4tte \u2013 das \u201esichere und vertrauensvolle Umfeld\u201c w\u00e4re dadurch nicht gest\u00f6rt worden. \u00dcbrigens sind Dozenten und Studenten keine Kindergartenkinder, die eher einen Anspruch auf ein derart kuschelweiches Umfeld h\u00e4tten. Wer aber zehn Jahre lang zulie\u00df, dass der j\u00fcdische Staat zehn Jahre lang als \u201eentmenschlicht\u201c dargestellt wurde, wem offensichtlich gleichg\u00fcltig war, ob die dagegen protestierende j\u00fcdische Dozentin und die Studenten, die in die Evaluation hineinschrieben, die Dozentin lasse keine gleichberechtigte Diskussion zu \u2013 der sollte jetzt nicht kommen mit der St\u00f6rung des sicheren und vertrauensvollen Umfelds durch die einflussreichen Juden und die durch sie beeinflussten Medien und Menschen. <\/span><\/p>\n<p><span style=\"color: #000000;font-family: Calibri;font-size: medium\">Niemand hierzulande wird durch Juden bedroht. Niemand hierzulande wird durch Kritiker des Antisemitismus bedroht. Niemand, der hierzulande Israel diffamiert, d\u00e4monisiert oder gar mit Aktionen bek\u00e4mpft, von Flugbl\u00e4ttern \u00fcber Boykottma\u00dfnahmen bis zur Unterst\u00fctzung arabischer Terrororganisationen, braucht Polizeischutz. Antisemiten laufen frei herum. Ganz anders sieht es aus bei Synagogen, j\u00fcdischen Gemeindeeinrichtungen, Schulen und so weiter. Sie sind t\u00e4glich und st\u00fcndlich bedroht. Aber da raunt eine Hochschule, die von einer kritischen \u00d6ffentlichkeit gezwungen wird, eine seit zehn Jahren laufende antiisraelische Hass-Veranstaltung abzusagen, von \u201eDrohungen\u201c. Es wird Zeit, dass sich das Ministerium f\u00fcr Wissenschaft und Kultur\u00a0in Hannover die Unverbesserlichen etwas n\u00e4her unter die Lupe nimmt, die in Hildesheim das Regiment f\u00fchren.<\/span><\/p>\n<div class=\"shariff shariff-align-left shariff-widget-align-left shariff-buttonstretch\" style=\"display:none\"><ul class=\"shariff-buttons theme-white orientation-horizontal buttonsize-medium\"><li class=\"shariff-button facebook shariff-nocustomcolor\" style=\"background-color:#4273c8\"><a href=\"https:\/\/www.facebook.com\/sharer\/sharer.php?u=https%3A%2F%2Fstarke-meinungen.de%2Fblog%2F2016%2F08%2F08%2Fhildesheimer-kuschelecke-von-juden-bedroht%2F\" title=\"Bei Facebook teilen\" aria-label=\"Bei Facebook teilen\" role=\"button\" rel=\"nofollow\" class=\"shariff-link\" style=\"; background-color:#3b5998; color:#3b5998\" target=\"_blank\"><span class=\"shariff-icon\" style=\"fill:#3b5998\"><svg width=\"32px\" height=\"20px\" xmlns=\"http:\/\/www.w3.org\/2000\/svg\" viewBox=\"0 0 18 32\"><path fill=\"#3b5998\" d=\"M17.1 0.2v4.7h-2.8q-1.5 0-2.1 0.6t-0.5 1.9v3.4h5.2l-0.7 5.3h-4.5v13.6h-5.5v-13.6h-4.5v-5.3h4.5v-3.9q0-3.3 1.9-5.2t5-1.8q2.6 0 4.1 0.2z\"\/><\/svg><\/span><span class=\"shariff-text\" style=\"color:#3b5998\">teilen<\/span>&nbsp;<\/a><\/li><li class=\"shariff-button twitter shariff-nocustomcolor\" style=\"background-color:#595959\"><a href=\"https:\/\/twitter.com\/share?url=https%3A%2F%2Fstarke-meinungen.de%2Fblog%2F2016%2F08%2F08%2Fhildesheimer-kuschelecke-von-juden-bedroht%2F&text=Hildesheimer%20Kuschelecke%20von%20Juden%20bedroht%21&via=starkemeinungen\" title=\"Bei X teilen\" aria-label=\"Bei X teilen\" role=\"button\" rel=\"noopener nofollow\" class=\"shariff-link\" style=\"; background-color:#000; color:#000\" target=\"_blank\"><span class=\"shariff-icon\" style=\"fill:#000\"><svg width=\"32px\" height=\"20px\" xmlns=\"http:\/\/www.w3.org\/2000\/svg\" viewBox=\"0 0 24 24\"><path fill=\"#000\" d=\"M14.258 10.152L23.176 0h-2.113l-7.747 8.813L7.133 0H0l9.352 13.328L0 23.973h2.113l8.176-9.309 6.531 9.309h7.133zm-2.895 3.293l-.949-1.328L2.875 1.56h3.246l6.086 8.523.945 1.328 7.91 11.078h-3.246zm0 0\"\/><\/svg><\/span><span class=\"shariff-text\" style=\"color:#000\">teilen<\/span>&nbsp;<\/a><\/li><li class=\"shariff-button linkedin shariff-nocustomcolor\" style=\"background-color:#1488bf\"><a href=\"https:\/\/www.linkedin.com\/sharing\/share-offsite\/?url=https%3A%2F%2Fstarke-meinungen.de%2Fblog%2F2016%2F08%2F08%2Fhildesheimer-kuschelecke-von-juden-bedroht%2F\" title=\"Bei LinkedIn teilen\" aria-label=\"Bei LinkedIn teilen\" role=\"button\" rel=\"noopener nofollow\" class=\"shariff-link\" style=\"; background-color:#0077b5; color:#0077b5\" target=\"_blank\"><span class=\"shariff-icon\" style=\"fill:#0077b5\"><svg width=\"32px\" height=\"20px\" xmlns=\"http:\/\/www.w3.org\/2000\/svg\" viewBox=\"0 0 27 32\"><path fill=\"#0077b5\" d=\"M6.2 11.2v17.7h-5.9v-17.7h5.9zM6.6 5.7q0 1.3-0.9 2.2t-2.4 0.9h0q-1.5 0-2.4-0.9t-0.9-2.2 0.9-2.2 2.4-0.9 2.4 0.9 0.9 2.2zM27.4 18.7v10.1h-5.9v-9.5q0-1.9-0.7-2.9t-2.3-1.1q-1.1 0-1.9 0.6t-1.2 1.5q-0.2 0.5-0.2 1.4v9.9h-5.9q0-7.1 0-11.6t0-5.3l0-0.9h5.9v2.6h0q0.4-0.6 0.7-1t1-0.9 1.6-0.8 2-0.3q3 0 4.9 2t1.9 6z\"\/><\/svg><\/span><span class=\"shariff-text\" style=\"color:#0077b5\">teilen<\/span>&nbsp;<\/a><\/li><li class=\"shariff-button xing shariff-nocustomcolor\" style=\"background-color:#29888a\"><a href=\"https:\/\/www.xing.com\/spi\/shares\/new?url=https%3A%2F%2Fstarke-meinungen.de%2Fblog%2F2016%2F08%2F08%2Fhildesheimer-kuschelecke-von-juden-bedroht%2F\" title=\"Bei XING teilen\" aria-label=\"Bei XING teilen\" role=\"button\" rel=\"noopener nofollow\" class=\"shariff-link\" style=\"; background-color:#126567; color:#126567\" target=\"_blank\"><span class=\"shariff-icon\" style=\"fill:#126567\"><svg width=\"32px\" height=\"20px\" xmlns=\"http:\/\/www.w3.org\/2000\/svg\" viewBox=\"0 0 25 32\"><path fill=\"#126567\" d=\"M10.7 11.9q-0.2 0.3-4.6 8.2-0.5 0.8-1.2 0.8h-4.3q-0.4 0-0.5-0.3t0-0.6l4.5-8q0 0 0 0l-2.9-5q-0.2-0.4 0-0.7 0.2-0.3 0.5-0.3h4.3q0.7 0 1.2 0.8zM25.1 0.4q0.2 0.3 0 0.7l-9.4 16.7 6 11q0.2 0.4 0 0.6-0.2 0.3-0.6 0.3h-4.3q-0.7 0-1.2-0.8l-6-11.1q0.3-0.6 9.5-16.8 0.4-0.8 1.2-0.8h4.3q0.4 0 0.5 0.3z\"\/><\/svg><\/span><span class=\"shariff-text\" style=\"color:#126567\">teilen<\/span>&nbsp;<\/a><\/li><li class=\"shariff-button whatsapp shariff-nocustomcolor\" style=\"background-color:#5cbe4a\"><a href=\"https:\/\/api.whatsapp.com\/send?text=https%3A%2F%2Fstarke-meinungen.de%2Fblog%2F2016%2F08%2F08%2Fhildesheimer-kuschelecke-von-juden-bedroht%2F%20Hildesheimer%20Kuschelecke%20von%20Juden%20bedroht%21\" title=\"Bei Whatsapp teilen\" aria-label=\"Bei Whatsapp teilen\" role=\"button\" rel=\"noopener nofollow\" class=\"shariff-link\" style=\"; background-color:#34af23; color:#34af23\" target=\"_blank\"><span class=\"shariff-icon\" style=\"fill:#34af23\"><svg width=\"32px\" height=\"20px\" xmlns=\"http:\/\/www.w3.org\/2000\/svg\" viewBox=\"0 0 32 32\"><path fill=\"#34af23\" d=\"M17.6 17.4q0.2 0 1.7 0.8t1.6 0.9q0 0.1 0 0.3 0 0.6-0.3 1.4-0.3 0.7-1.3 1.2t-1.8 0.5q-1 0-3.4-1.1-1.7-0.8-3-2.1t-2.6-3.3q-1.3-1.9-1.3-3.5v-0.1q0.1-1.6 1.3-2.8 0.4-0.4 0.9-0.4 0.1 0 0.3 0t0.3 0q0.3 0 0.5 0.1t0.3 0.5q0.1 0.4 0.6 1.6t0.4 1.3q0 0.4-0.6 1t-0.6 0.8q0 0.1 0.1 0.3 0.6 1.3 1.8 2.4 1 0.9 2.7 1.8 0.2 0.1 0.4 0.1 0.3 0 1-0.9t0.9-0.9zM14 26.9q2.3 0 4.3-0.9t3.6-2.4 2.4-3.6 0.9-4.3-0.9-4.3-2.4-3.6-3.6-2.4-4.3-0.9-4.3 0.9-3.6 2.4-2.4 3.6-0.9 4.3q0 3.6 2.1 6.6l-1.4 4.2 4.3-1.4q2.8 1.9 6.2 1.9zM14 2.2q2.7 0 5.2 1.1t4.3 2.9 2.9 4.3 1.1 5.2-1.1 5.2-2.9 4.3-4.3 2.9-5.2 1.1q-3.5 0-6.5-1.7l-7.4 2.4 2.4-7.2q-1.9-3.2-1.9-6.9 0-2.7 1.1-5.2t2.9-4.3 4.3-2.9 5.2-1.1z\"\/><\/svg><\/span><span class=\"shariff-text\" style=\"color:#34af23\">teilen<\/span>&nbsp;<\/a><\/li><li class=\"shariff-button info shariff-nocustomcolor\" style=\"background-color:#a8a8a8\"><a href=\"http:\/\/ct.de\/-2467514\" title=\"Weitere Informationen\" aria-label=\"Weitere Informationen\" role=\"button\" rel=\"noopener \" class=\"shariff-link\" style=\"; background-color:#999; color:#999\" target=\"_blank\"><span class=\"shariff-icon\" style=\"fill:#999\"><svg width=\"32px\" height=\"20px\" xmlns=\"http:\/\/www.w3.org\/2000\/svg\" viewBox=\"0 0 11 32\"><path fill=\"#999\" d=\"M11.4 24v2.3q0 0.5-0.3 0.8t-0.8 0.4h-9.1q-0.5 0-0.8-0.4t-0.4-0.8v-2.3q0-0.5 0.4-0.8t0.8-0.4h1.1v-6.8h-1.1q-0.5 0-0.8-0.4t-0.4-0.8v-2.3q0-0.5 0.4-0.8t0.8-0.4h6.8q0.5 0 0.8 0.4t0.4 0.8v10.3h1.1q0.5 0 0.8 0.4t0.3 0.8zM9.2 3.4v3.4q0 0.5-0.4 0.8t-0.8 0.4h-4.6q-0.4 0-0.8-0.4t-0.4-0.8v-3.4q0-0.4 0.4-0.8t0.8-0.4h4.6q0.5 0 0.8 0.4t0.4 0.8z\"\/><\/svg><\/span><\/a><\/li><\/ul><\/div>","protected":false},"excerpt":{"rendered":"<p>An der \u201eHochschule f\u00fcr Angewandte Wissenschaft und Kunst\u201c (HAWK) in Hildesheim wurde jahrelang ein antiisraelisches Seminar angeboten, in dessen Rahmen auch antisemitische Materialien verwendet wurden. Nun wird es abgesetzt. So weit, so gut. Aber noch in der Ank\u00fcndigung dieser Ma\u00dfnahme wird deutlich, dass die Hochschule sich als verfolgte Unschuld sieht. Wer heute in Deutschland Antisemitismus anprangert, sieht sich schnell dem&#8230; <a href=\"https:\/\/starke-meinungen.de\/blog\/2016\/08\/08\/hildesheimer-kuschelecke-von-juden-bedroht\/\">Weiterlesen &raquo;<\/a><\/p>\n","protected":false},"author":13,"featured_media":0,"comment_status":"open","ping_status":"open","sticky":false,"template":"","format":"standard","meta":{"footnotes":""},"categories":[209,1],"tags":[371,2808,2807,1007,2345,2809],"class_list":["post-6286","post","type-post","status-publish","format-standard","hentry","category-alan-posener","category-allgemein","tag-antisemitismus","tag-hawk","tag-hildesheim","tag-israel","tag-israelkritik","tag-zentralrat-der-juden"],"yoast_head":"<!-- This site is optimized with the Yoast SEO plugin v27.5 - https:\/\/yoast.com\/product\/yoast-seo-wordpress\/ -->\n<title>Hildesheimer Kuschelecke von Juden bedroht! - starke-meinungen.de<\/title>\n<meta name=\"robots\" content=\"index, follow, max-snippet:-1, max-image-preview:large, max-video-preview:-1\" \/>\n<link rel=\"canonical\" href=\"https:\/\/starke-meinungen.de\/blog\/2016\/08\/08\/hildesheimer-kuschelecke-von-juden-bedroht\/\" \/>\n<meta property=\"og:locale\" content=\"de_DE\" \/>\n<meta property=\"og:type\" content=\"article\" \/>\n<meta property=\"og:title\" content=\"Hildesheimer Kuschelecke von Juden bedroht! - starke-meinungen.de\" \/>\n<meta property=\"og:description\" content=\"An der \u201eHochschule f\u00fcr Angewandte Wissenschaft und Kunst\u201c (HAWK) in Hildesheim wurde jahrelang ein antiisraelisches Seminar angeboten, in dessen Rahmen auch antisemitische Materialien verwendet wurden. Nun wird es abgesetzt. So weit, so gut. Aber noch in der Ank\u00fcndigung dieser Ma\u00dfnahme wird deutlich, dass die Hochschule sich als verfolgte Unschuld sieht. Wer heute in Deutschland Antisemitismus anprangert, sieht sich schnell dem... Weiterlesen &raquo;\" \/>\n<meta property=\"og:url\" content=\"https:\/\/starke-meinungen.de\/blog\/2016\/08\/08\/hildesheimer-kuschelecke-von-juden-bedroht\/\" \/>\n<meta property=\"og:site_name\" content=\"starke-meinungen.de\" \/>\n<meta property=\"article:publisher\" content=\"https:\/\/www.facebook.com\/starkemeinungen\/\" \/>\n<meta property=\"article:published_time\" content=\"2016-08-08T10:44:06+00:00\" \/>\n<meta property=\"article:modified_time\" content=\"2016-08-08T14:21:51+00:00\" \/>\n<meta property=\"og:image\" content=\"https:\/\/starke-meinungen.de\/blog\/wp-content\/uploads\/starke-meinungen-fb-header.jpg\" \/>\n\t<meta property=\"og:image:width\" content=\"1200\" \/>\n\t<meta property=\"og:image:height\" content=\"630\" \/>\n\t<meta property=\"og:image:type\" content=\"image\/jpeg\" \/>\n<meta name=\"author\" content=\"Alan Posener\" \/>\n<meta name=\"twitter:card\" content=\"summary_large_image\" \/>\n<meta name=\"twitter:creator\" content=\"@starkemeinungen\" \/>\n<meta name=\"twitter:site\" content=\"@starkemeinungen\" \/>\n<meta name=\"twitter:label1\" content=\"Verfasst von\" \/>\n\t<meta name=\"twitter:data1\" content=\"Alan Posener\" \/>\n\t<meta name=\"twitter:label2\" content=\"Gesch\u00e4tzte Lesezeit\" \/>\n\t<meta name=\"twitter:data2\" content=\"7\u00a0Minuten\" \/>\n<script type=\"application\/ld+json\" class=\"yoast-schema-graph\">{\"@context\":\"https:\\\/\\\/schema.org\",\"@graph\":[{\"@type\":\"Article\",\"@id\":\"https:\\\/\\\/starke-meinungen.de\\\/blog\\\/2016\\\/08\\\/08\\\/hildesheimer-kuschelecke-von-juden-bedroht\\\/#article\",\"isPartOf\":{\"@id\":\"https:\\\/\\\/starke-meinungen.de\\\/blog\\\/2016\\\/08\\\/08\\\/hildesheimer-kuschelecke-von-juden-bedroht\\\/\"},\"author\":{\"name\":\"Alan Posener\",\"@id\":\"https:\\\/\\\/starke-meinungen.de\\\/blog\\\/#\\\/schema\\\/person\\\/32d0faef7c31a37c1c89be993d7a6d28\"},\"headline\":\"Hildesheimer Kuschelecke von Juden bedroht!\",\"datePublished\":\"2016-08-08T10:44:06+00:00\",\"dateModified\":\"2016-08-08T14:21:51+00:00\",\"mainEntityOfPage\":{\"@id\":\"https:\\\/\\\/starke-meinungen.de\\\/blog\\\/2016\\\/08\\\/08\\\/hildesheimer-kuschelecke-von-juden-bedroht\\\/\"},\"wordCount\":1392,\"commentCount\":36,\"publisher\":{\"@id\":\"https:\\\/\\\/starke-meinungen.de\\\/blog\\\/#organization\"},\"keywords\":[\"Antisemitismus\",\"HAWK\",\"Hildesheim\",\"Israel\",\"Israelkritik\",\"Zentralrat der Juden\"],\"articleSection\":[\"Alan Posener\"],\"inLanguage\":\"de\",\"potentialAction\":[{\"@type\":\"CommentAction\",\"name\":\"Comment\",\"target\":[\"https:\\\/\\\/starke-meinungen.de\\\/blog\\\/2016\\\/08\\\/08\\\/hildesheimer-kuschelecke-von-juden-bedroht\\\/#respond\"]}]},{\"@type\":\"WebPage\",\"@id\":\"https:\\\/\\\/starke-meinungen.de\\\/blog\\\/2016\\\/08\\\/08\\\/hildesheimer-kuschelecke-von-juden-bedroht\\\/\",\"url\":\"https:\\\/\\\/starke-meinungen.de\\\/blog\\\/2016\\\/08\\\/08\\\/hildesheimer-kuschelecke-von-juden-bedroht\\\/\",\"name\":\"Hildesheimer Kuschelecke von Juden bedroht! - starke-meinungen.de\",\"isPartOf\":{\"@id\":\"https:\\\/\\\/starke-meinungen.de\\\/blog\\\/#website\"},\"datePublished\":\"2016-08-08T10:44:06+00:00\",\"dateModified\":\"2016-08-08T14:21:51+00:00\",\"breadcrumb\":{\"@id\":\"https:\\\/\\\/starke-meinungen.de\\\/blog\\\/2016\\\/08\\\/08\\\/hildesheimer-kuschelecke-von-juden-bedroht\\\/#breadcrumb\"},\"inLanguage\":\"de\",\"potentialAction\":[{\"@type\":\"ReadAction\",\"target\":[\"https:\\\/\\\/starke-meinungen.de\\\/blog\\\/2016\\\/08\\\/08\\\/hildesheimer-kuschelecke-von-juden-bedroht\\\/\"]}]},{\"@type\":\"BreadcrumbList\",\"@id\":\"https:\\\/\\\/starke-meinungen.de\\\/blog\\\/2016\\\/08\\\/08\\\/hildesheimer-kuschelecke-von-juden-bedroht\\\/#breadcrumb\",\"itemListElement\":[{\"@type\":\"ListItem\",\"position\":1,\"name\":\"Startseite\",\"item\":\"https:\\\/\\\/starke-meinungen.de\\\/blog\\\/\"},{\"@type\":\"ListItem\",\"position\":2,\"name\":\"Hildesheimer Kuschelecke von Juden bedroht!\"}]},{\"@type\":\"WebSite\",\"@id\":\"https:\\\/\\\/starke-meinungen.de\\\/blog\\\/#website\",\"url\":\"https:\\\/\\\/starke-meinungen.de\\\/blog\\\/\",\"name\":\"starke-meinungen.de\",\"description\":\"Autoren-Blog\",\"publisher\":{\"@id\":\"https:\\\/\\\/starke-meinungen.de\\\/blog\\\/#organization\"},\"potentialAction\":[{\"@type\":\"SearchAction\",\"target\":{\"@type\":\"EntryPoint\",\"urlTemplate\":\"https:\\\/\\\/starke-meinungen.de\\\/blog\\\/?s={search_term_string}\"},\"query-input\":{\"@type\":\"PropertyValueSpecification\",\"valueRequired\":true,\"valueName\":\"search_term_string\"}}],\"inLanguage\":\"de\"},{\"@type\":\"Organization\",\"@id\":\"https:\\\/\\\/starke-meinungen.de\\\/blog\\\/#organization\",\"name\":\"starke-meinungen.de\",\"url\":\"https:\\\/\\\/starke-meinungen.de\\\/blog\\\/\",\"logo\":{\"@type\":\"ImageObject\",\"inLanguage\":\"de\",\"@id\":\"https:\\\/\\\/starke-meinungen.de\\\/blog\\\/#\\\/schema\\\/logo\\\/image\\\/\",\"url\":\"https:\\\/\\\/starke-meinungen.de\\\/blog\\\/wp-content\\\/uploads\\\/starke-meinungen-fb-header.jpg\",\"contentUrl\":\"https:\\\/\\\/starke-meinungen.de\\\/blog\\\/wp-content\\\/uploads\\\/starke-meinungen-fb-header.jpg\",\"width\":1200,\"height\":630,\"caption\":\"starke-meinungen.de\"},\"image\":{\"@id\":\"https:\\\/\\\/starke-meinungen.de\\\/blog\\\/#\\\/schema\\\/logo\\\/image\\\/\"},\"sameAs\":[\"https:\\\/\\\/www.facebook.com\\\/starkemeinungen\\\/\",\"https:\\\/\\\/x.com\\\/starkemeinungen\"]},{\"@type\":\"Person\",\"@id\":\"https:\\\/\\\/starke-meinungen.de\\\/blog\\\/#\\\/schema\\\/person\\\/32d0faef7c31a37c1c89be993d7a6d28\",\"name\":\"Alan Posener\",\"image\":{\"@type\":\"ImageObject\",\"inLanguage\":\"de\",\"@id\":\"https:\\\/\\\/secure.gravatar.com\\\/avatar\\\/c75c8818a9ab78c4faa75048dba7844e2587998cda4d93f84e7d86f7e21a9b90?s=96&d=mm&r=g\",\"url\":\"https:\\\/\\\/secure.gravatar.com\\\/avatar\\\/c75c8818a9ab78c4faa75048dba7844e2587998cda4d93f84e7d86f7e21a9b90?s=96&d=mm&r=g\",\"contentUrl\":\"https:\\\/\\\/secure.gravatar.com\\\/avatar\\\/c75c8818a9ab78c4faa75048dba7844e2587998cda4d93f84e7d86f7e21a9b90?s=96&d=mm&r=g\",\"caption\":\"Alan Posener\"},\"url\":\"https:\\\/\\\/starke-meinungen.de\\\/blog\\\/author\\\/posener\\\/\"}]}<\/script>\n<!-- \/ Yoast SEO plugin. -->","yoast_head_json":{"title":"Hildesheimer Kuschelecke von Juden bedroht! - starke-meinungen.de","robots":{"index":"index","follow":"follow","max-snippet":"max-snippet:-1","max-image-preview":"max-image-preview:large","max-video-preview":"max-video-preview:-1"},"canonical":"https:\/\/starke-meinungen.de\/blog\/2016\/08\/08\/hildesheimer-kuschelecke-von-juden-bedroht\/","og_locale":"de_DE","og_type":"article","og_title":"Hildesheimer Kuschelecke von Juden bedroht! - starke-meinungen.de","og_description":"An der \u201eHochschule f\u00fcr Angewandte Wissenschaft und Kunst\u201c (HAWK) in Hildesheim wurde jahrelang ein antiisraelisches Seminar angeboten, in dessen Rahmen auch antisemitische Materialien verwendet wurden. Nun wird es abgesetzt. So weit, so gut. Aber noch in der Ank\u00fcndigung dieser Ma\u00dfnahme wird deutlich, dass die Hochschule sich als verfolgte Unschuld sieht. Wer heute in Deutschland Antisemitismus anprangert, sieht sich schnell dem... Weiterlesen &raquo;","og_url":"https:\/\/starke-meinungen.de\/blog\/2016\/08\/08\/hildesheimer-kuschelecke-von-juden-bedroht\/","og_site_name":"starke-meinungen.de","article_publisher":"https:\/\/www.facebook.com\/starkemeinungen\/","article_published_time":"2016-08-08T10:44:06+00:00","article_modified_time":"2016-08-08T14:21:51+00:00","og_image":[{"width":1200,"height":630,"url":"https:\/\/starke-meinungen.de\/blog\/wp-content\/uploads\/starke-meinungen-fb-header.jpg","type":"image\/jpeg"}],"author":"Alan Posener","twitter_card":"summary_large_image","twitter_creator":"@starkemeinungen","twitter_site":"@starkemeinungen","twitter_misc":{"Verfasst von":"Alan Posener","Gesch\u00e4tzte Lesezeit":"7\u00a0Minuten"},"schema":{"@context":"https:\/\/schema.org","@graph":[{"@type":"Article","@id":"https:\/\/starke-meinungen.de\/blog\/2016\/08\/08\/hildesheimer-kuschelecke-von-juden-bedroht\/#article","isPartOf":{"@id":"https:\/\/starke-meinungen.de\/blog\/2016\/08\/08\/hildesheimer-kuschelecke-von-juden-bedroht\/"},"author":{"name":"Alan Posener","@id":"https:\/\/starke-meinungen.de\/blog\/#\/schema\/person\/32d0faef7c31a37c1c89be993d7a6d28"},"headline":"Hildesheimer Kuschelecke von Juden bedroht!","datePublished":"2016-08-08T10:44:06+00:00","dateModified":"2016-08-08T14:21:51+00:00","mainEntityOfPage":{"@id":"https:\/\/starke-meinungen.de\/blog\/2016\/08\/08\/hildesheimer-kuschelecke-von-juden-bedroht\/"},"wordCount":1392,"commentCount":36,"publisher":{"@id":"https:\/\/starke-meinungen.de\/blog\/#organization"},"keywords":["Antisemitismus","HAWK","Hildesheim","Israel","Israelkritik","Zentralrat der Juden"],"articleSection":["Alan Posener"],"inLanguage":"de","potentialAction":[{"@type":"CommentAction","name":"Comment","target":["https:\/\/starke-meinungen.de\/blog\/2016\/08\/08\/hildesheimer-kuschelecke-von-juden-bedroht\/#respond"]}]},{"@type":"WebPage","@id":"https:\/\/starke-meinungen.de\/blog\/2016\/08\/08\/hildesheimer-kuschelecke-von-juden-bedroht\/","url":"https:\/\/starke-meinungen.de\/blog\/2016\/08\/08\/hildesheimer-kuschelecke-von-juden-bedroht\/","name":"Hildesheimer Kuschelecke von Juden bedroht! - starke-meinungen.de","isPartOf":{"@id":"https:\/\/starke-meinungen.de\/blog\/#website"},"datePublished":"2016-08-08T10:44:06+00:00","dateModified":"2016-08-08T14:21:51+00:00","breadcrumb":{"@id":"https:\/\/starke-meinungen.de\/blog\/2016\/08\/08\/hildesheimer-kuschelecke-von-juden-bedroht\/#breadcrumb"},"inLanguage":"de","potentialAction":[{"@type":"ReadAction","target":["https:\/\/starke-meinungen.de\/blog\/2016\/08\/08\/hildesheimer-kuschelecke-von-juden-bedroht\/"]}]},{"@type":"BreadcrumbList","@id":"https:\/\/starke-meinungen.de\/blog\/2016\/08\/08\/hildesheimer-kuschelecke-von-juden-bedroht\/#breadcrumb","itemListElement":[{"@type":"ListItem","position":1,"name":"Startseite","item":"https:\/\/starke-meinungen.de\/blog\/"},{"@type":"ListItem","position":2,"name":"Hildesheimer Kuschelecke von Juden bedroht!"}]},{"@type":"WebSite","@id":"https:\/\/starke-meinungen.de\/blog\/#website","url":"https:\/\/starke-meinungen.de\/blog\/","name":"starke-meinungen.de","description":"Autoren-Blog","publisher":{"@id":"https:\/\/starke-meinungen.de\/blog\/#organization"},"potentialAction":[{"@type":"SearchAction","target":{"@type":"EntryPoint","urlTemplate":"https:\/\/starke-meinungen.de\/blog\/?s={search_term_string}"},"query-input":{"@type":"PropertyValueSpecification","valueRequired":true,"valueName":"search_term_string"}}],"inLanguage":"de"},{"@type":"Organization","@id":"https:\/\/starke-meinungen.de\/blog\/#organization","name":"starke-meinungen.de","url":"https:\/\/starke-meinungen.de\/blog\/","logo":{"@type":"ImageObject","inLanguage":"de","@id":"https:\/\/starke-meinungen.de\/blog\/#\/schema\/logo\/image\/","url":"https:\/\/starke-meinungen.de\/blog\/wp-content\/uploads\/starke-meinungen-fb-header.jpg","contentUrl":"https:\/\/starke-meinungen.de\/blog\/wp-content\/uploads\/starke-meinungen-fb-header.jpg","width":1200,"height":630,"caption":"starke-meinungen.de"},"image":{"@id":"https:\/\/starke-meinungen.de\/blog\/#\/schema\/logo\/image\/"},"sameAs":["https:\/\/www.facebook.com\/starkemeinungen\/","https:\/\/x.com\/starkemeinungen"]},{"@type":"Person","@id":"https:\/\/starke-meinungen.de\/blog\/#\/schema\/person\/32d0faef7c31a37c1c89be993d7a6d28","name":"Alan Posener","image":{"@type":"ImageObject","inLanguage":"de","@id":"https:\/\/secure.gravatar.com\/avatar\/c75c8818a9ab78c4faa75048dba7844e2587998cda4d93f84e7d86f7e21a9b90?s=96&d=mm&r=g","url":"https:\/\/secure.gravatar.com\/avatar\/c75c8818a9ab78c4faa75048dba7844e2587998cda4d93f84e7d86f7e21a9b90?s=96&d=mm&r=g","contentUrl":"https:\/\/secure.gravatar.com\/avatar\/c75c8818a9ab78c4faa75048dba7844e2587998cda4d93f84e7d86f7e21a9b90?s=96&d=mm&r=g","caption":"Alan Posener"},"url":"https:\/\/starke-meinungen.de\/blog\/author\/posener\/"}]}},"_links":{"self":[{"href":"https:\/\/starke-meinungen.de\/blog\/wp-json\/wp\/v2\/posts\/6286","targetHints":{"allow":["GET"]}}],"collection":[{"href":"https:\/\/starke-meinungen.de\/blog\/wp-json\/wp\/v2\/posts"}],"about":[{"href":"https:\/\/starke-meinungen.de\/blog\/wp-json\/wp\/v2\/types\/post"}],"author":[{"embeddable":true,"href":"https:\/\/starke-meinungen.de\/blog\/wp-json\/wp\/v2\/users\/13"}],"replies":[{"embeddable":true,"href":"https:\/\/starke-meinungen.de\/blog\/wp-json\/wp\/v2\/comments?post=6286"}],"version-history":[{"count":4,"href":"https:\/\/starke-meinungen.de\/blog\/wp-json\/wp\/v2\/posts\/6286\/revisions"}],"predecessor-version":[{"id":6291,"href":"https:\/\/starke-meinungen.de\/blog\/wp-json\/wp\/v2\/posts\/6286\/revisions\/6291"}],"wp:attachment":[{"href":"https:\/\/starke-meinungen.de\/blog\/wp-json\/wp\/v2\/media?parent=6286"}],"wp:term":[{"taxonomy":"category","embeddable":true,"href":"https:\/\/starke-meinungen.de\/blog\/wp-json\/wp\/v2\/categories?post=6286"},{"taxonomy":"post_tag","embeddable":true,"href":"https:\/\/starke-meinungen.de\/blog\/wp-json\/wp\/v2\/tags?post=6286"}],"curies":[{"name":"wp","href":"https:\/\/api.w.org\/{rel}","templated":true}]}}