

{"id":6182,"date":"2016-07-07T06:00:03","date_gmt":"2016-07-07T06:00:03","guid":{"rendered":"https:\/\/starke-meinungen.de\/blog\/?p=6182"},"modified":"2016-07-05T08:52:42","modified_gmt":"2016-07-05T08:52:42","slug":"der-fall-broeckers","status":"publish","type":"post","link":"https:\/\/starke-meinungen.de\/blog\/2016\/07\/07\/der-fall-broeckers\/","title":{"rendered":"Der Fall Br\u00f6ckers"},"content":{"rendered":"<p>Man tritt dem Kollegen Mathias Br\u00f6ckers, denke ich, nicht zu nahe, wenn man sagt, er gebe die Paranoia als investigativen Journalismus aus und hebe die Verd\u00e4chtigung und die\u00a0\u00fcble Nachrede in den Rang eines Kunsthandwerks . Daf\u00fcr ist er, wie ich nun erfahren durfte, ziemlich empfindlich, wenn es ums Einstecken geht.<\/p>\n<p><!--more--><br \/>\nIn meinem <a title=\"Buch\" href=\"http:\/\/www.rowohlt.de\/e-book\/alan-posener-die-empoerte-republik-rowohlt-e-book-only.html\" target=\"_blank\">Buch<\/a> \u201eDie emp\u00f6rte Republik\u201c habe ich auch Verschw\u00f6rungstheoretiker von rinks und lechts wie Mathias Br\u00f6ckers und Udo Ulfkotte aufs Korn genommen.<br \/>\n\u00dcber Br\u00f6ckers schrieb ich (und ich muss aus juristischen Gr\u00fcnden, die sogleich offenbar werden, darauf hinweisen, dass ich diese\u00a0Stelle zwar dokumentiere, jedoch nur um zu betonen, dass ich sie nicht als Wahrheitsbehauptung wiederhole):<br \/>\n<em>Es versteht sich beinahe von selbst, dass sich der rechte Panikmacher Ulfkotte und der linke Panikmacher Br\u00f6ckers in Bezug auf einen Schattenfeind einig sind. Es ist der \u00fcbliche Verd\u00e4chtige. Br\u00f6ckers sieht Israel als Drahtzieher der Anschl\u00e4ge vom 9. September 2001: \u201eDie Indizien f\u00fcr eine Beteiligung israelischer Staats- und Doppelb\u00fcrger mit mindestens Mitwisserschaft und Duldung, wenn nicht sogar aktiver Ermutigung durch ihre Regierung, steht als wesentliche Gr\u00f6\u00dfe im Raum\u201c, schreibt er auf seiner Homepage. \u201eEin Bruch mit der bisherigen Handhabung der noch unaufgekl\u00e4rten Wahrheiten zu 9\/11 verlangt auch einen offenen Bruch mit der bisherigen Lehrmeinung \u00fcber das Verh\u00e4ltnis zu Israel.\u201c<\/em><\/p>\n<p>Vor einiger Zeit bekam ich einen Brief von der Anwaltskanzlei Bezzenberger, die mich im Auftrag des Kollegen Br\u00f6ckers zur Abgabe einer Unterlassungserkl\u00e4rung aufforderte. Es hei\u00dft im Schreiben: \u201eZum einen sieht unser Mandant Israel nicht als \u201aDrahtzieher\u2018 und damit als Hauptschuldigen der Anschl\u00e4ge vom 11. September 2001. Zum anderen stammt das zum Beleg f\u00fcr diese falsche Darstellung herangezogene Zitat nicht von unserem Mandanten. So hat sich unser Mandant weder auf seiner Homepage noch woanders entsprechend ge\u00e4u\u00dfert.\u201c Das Zitat stamme vielmehr von einem Leser namens \u201eMarkus Weber\u201c. Es\u00a0sei von Br\u00f6ckers \u201eunmittelbar nach Kenntniserlangung gel\u00f6scht\u201c worden.<\/p>\n<p>Mit anderen Worten: Br\u00f6ckers hat die Spuren verwischt. Da blieb mir nichts Anderes \u00fcbrig als die Unterlassungserkl\u00e4rung abzugeben, da ich es meinerseits unterlassen hatte, Screenshots anzufertigen und nicht beweisen konnte, dass die \u00c4u\u00dferungen von ihm stammten. Das behaupte ich jetzt auch ausdr\u00fccklich nicht, ihr lieben Rechtsanw\u00e4lte, klar?<br \/>\nZum Gl\u00fcck hat Br\u00f6ckers woanders Spuren hinterlassen, die er nicht so leicht verwischen kann. Zum Beispiel <a title=\"hier\" href=\"http:\/\/www.heise.de\/tp\/artikel\/11\/11974\/1.html\" target=\"_blank\">hier<\/a>.<\/p>\n<p>Und so lautet die entsprechende Passage im E-Buch jetzt neu:<br \/>\n<em>Es versteht sich beinahe von selbst, dass sich der rechte Panikmacher Ulfkotte und der linke Panikmacher Br\u00f6ckers in Bezug auf einen Schattenfeind einig sind. Es ist der \u00fcbliche Verd\u00e4chtige. \u00dcber die Anschl\u00e4ge vom 11. September schrieb Br\u00f6ckers unter der \u00dcberschrift \u201eDie Kosher Conspiracy\u201c im Online-Magazin \u201eTelepolis\u201c am 2. M\u00e4rz 2002: &#8222;Cui bono?&#8220; &#8211; bezieht man knapp ein halbes Jahr nach den Anschl\u00e4gen diese Frage auf die L\u00e4nder und Regierungen, denen sie gen\u00fctzt haben, bleiben nur zwei: USA und George Bush sowie Israel und Ariel Sharon.\u201c Zwar w\u00e4re es, so Br\u00f6ckers, \u201ewahrlich ein zu kurzer Schluss , diesen beiden schon deswegen eine Mitt\u00e4terschaft zu unterstellen, weil sie die Hauptprofiteure sind. Bei der Frage nach einem Motiv f\u00fcr die Tat jedoch, die f\u00fcr jeden Kriminalisten bei der Erstellung von T\u00e4terprofilen zentral ist, m\u00fcssten Bush und Sharon auf der Liste der Verd\u00e4chtigen mittlerweile ziemlich oben stehen.\u201c Laut Br\u00f6ckers hatte der israelische Geheimdienst Mossad, \u201em\u00f6glicherweise seit Jahren Zugang zu jedem US-Telefon &#8211; auch zu dem im Oval Office des Wei\u00dfen Hauses\u201c. Diese angebliche Tatsache \u201ek\u00f6nnte allerdings nicht nur das Vorauswissen der Anschl\u00e4ge erkl\u00e4ren &#8211; und h\u00e4ngt m\u00f6glicherweise auch mit den unaufgekl\u00e4rt begrabenen Spekulationsgesch\u00e4ften um den 11.9. zusammen -, er verdeutlicht auch, woher Sharon die Chuzpe f\u00fcr seine Aggressivit\u00e4t nimmt. Er verf\u00fcgt offenbar tats\u00e4chlich \u00fcber geeignete Daumenschrauben, den gro\u00dfen Bruder USA jederzeit beizubiegen.\u201c<\/em><br \/>\n<em>Br\u00f6ckers ist ein Meister der Verwendung des Konjunktivs &#8211; \u201ek\u00f6nnte\u201c, m\u00fcssten\u201c &#8211; und einschr\u00e4nkender Adverbien wie \u201em\u00f6glicherweise\u201c und \u201eoffenbar tats\u00e4chlich\u201c. M\u00f6glicherweise also hat Israel im Voraus von den Anschl\u00e4gen gewusst; k\u00f6nnte sein, dass der israelische Premier dank der Abh\u00f6raktionen des Mossad im Oval Office Dinge wei\u00df, die ihm erlauben, dem Pr\u00e4sidenten der USA \u201eDaumenschrauben\u201c anzulegen; und schlie\u00dflich \u201em\u00fcssten\u201c, ginge es kriminalistisch mit rechten Dingen zu, Bush und Sharon sogar selbst, da sie ja die \u201eHauptprofiteure\u201c seien, zumindest als \u201eVerd\u00e4chtige\u201c gelten.<\/em><\/p>\n<p>Auf Anraten eines juristisch versierten Menschen habe ich einen Halbsatz herausgenommen, den ich hier aber wiederhole, weil er Br\u00f6ckers\u00a0Gesinnung\u00a0zur Geltung bringt: \u201eVielleicht haben Juden dabei \u201aSpekulationsgesch\u00e4fte\u2018 gemacht.\u201c<br \/>\nVielleicht ist Br\u00f6ckers Antisemit. K\u00f6nnte sein, dass es Anw\u00e4lte gibt, die gegen Geld bereit sind, dabei zu helfen, Autoren einen Maulkorb zu verpassen, egal wie die Sachlage ist. Offenbar haben wir es tats\u00e4chlichhier m\u00f6glicherweise mit Leuten zu tun, die es mit der Wahrheit nicht so genau nehmen.<\/p>\n<div class=\"shariff shariff-align-left shariff-widget-align-left shariff-buttonstretch\" style=\"display:none\"><ul class=\"shariff-buttons theme-white orientation-horizontal buttonsize-medium\"><li class=\"shariff-button facebook shariff-nocustomcolor\" style=\"background-color:#4273c8\"><a href=\"https:\/\/www.facebook.com\/sharer\/sharer.php?u=https%3A%2F%2Fstarke-meinungen.de%2Fblog%2F2016%2F07%2F07%2Fder-fall-broeckers%2F\" title=\"Bei Facebook teilen\" aria-label=\"Bei Facebook teilen\" role=\"button\" rel=\"nofollow\" class=\"shariff-link\" style=\"; background-color:#3b5998; color:#3b5998\" target=\"_blank\"><span class=\"shariff-icon\" style=\"fill:#3b5998\"><svg width=\"32px\" height=\"20px\" xmlns=\"http:\/\/www.w3.org\/2000\/svg\" viewBox=\"0 0 18 32\"><path fill=\"#3b5998\" d=\"M17.1 0.2v4.7h-2.8q-1.5 0-2.1 0.6t-0.5 1.9v3.4h5.2l-0.7 5.3h-4.5v13.6h-5.5v-13.6h-4.5v-5.3h4.5v-3.9q0-3.3 1.9-5.2t5-1.8q2.6 0 4.1 0.2z\"\/><\/svg><\/span><span class=\"shariff-text\" style=\"color:#3b5998\">teilen<\/span>&nbsp;<\/a><\/li><li class=\"shariff-button twitter shariff-nocustomcolor\" style=\"background-color:#595959\"><a href=\"https:\/\/twitter.com\/share?url=https%3A%2F%2Fstarke-meinungen.de%2Fblog%2F2016%2F07%2F07%2Fder-fall-broeckers%2F&text=Der%20Fall%20Br%C3%B6ckers&via=starkemeinungen\" title=\"Bei X teilen\" aria-label=\"Bei X teilen\" role=\"button\" rel=\"noopener nofollow\" class=\"shariff-link\" style=\"; background-color:#000; color:#000\" target=\"_blank\"><span class=\"shariff-icon\" style=\"fill:#000\"><svg width=\"32px\" height=\"20px\" xmlns=\"http:\/\/www.w3.org\/2000\/svg\" viewBox=\"0 0 24 24\"><path fill=\"#000\" d=\"M14.258 10.152L23.176 0h-2.113l-7.747 8.813L7.133 0H0l9.352 13.328L0 23.973h2.113l8.176-9.309 6.531 9.309h7.133zm-2.895 3.293l-.949-1.328L2.875 1.56h3.246l6.086 8.523.945 1.328 7.91 11.078h-3.246zm0 0\"\/><\/svg><\/span><span class=\"shariff-text\" style=\"color:#000\">teilen<\/span>&nbsp;<\/a><\/li><li class=\"shariff-button linkedin shariff-nocustomcolor\" style=\"background-color:#1488bf\"><a href=\"https:\/\/www.linkedin.com\/sharing\/share-offsite\/?url=https%3A%2F%2Fstarke-meinungen.de%2Fblog%2F2016%2F07%2F07%2Fder-fall-broeckers%2F\" title=\"Bei LinkedIn teilen\" aria-label=\"Bei LinkedIn teilen\" role=\"button\" rel=\"noopener nofollow\" class=\"shariff-link\" style=\"; background-color:#0077b5; color:#0077b5\" target=\"_blank\"><span class=\"shariff-icon\" style=\"fill:#0077b5\"><svg width=\"32px\" height=\"20px\" xmlns=\"http:\/\/www.w3.org\/2000\/svg\" viewBox=\"0 0 27 32\"><path fill=\"#0077b5\" d=\"M6.2 11.2v17.7h-5.9v-17.7h5.9zM6.6 5.7q0 1.3-0.9 2.2t-2.4 0.9h0q-1.5 0-2.4-0.9t-0.9-2.2 0.9-2.2 2.4-0.9 2.4 0.9 0.9 2.2zM27.4 18.7v10.1h-5.9v-9.5q0-1.9-0.7-2.9t-2.3-1.1q-1.1 0-1.9 0.6t-1.2 1.5q-0.2 0.5-0.2 1.4v9.9h-5.9q0-7.1 0-11.6t0-5.3l0-0.9h5.9v2.6h0q0.4-0.6 0.7-1t1-0.9 1.6-0.8 2-0.3q3 0 4.9 2t1.9 6z\"\/><\/svg><\/span><span class=\"shariff-text\" style=\"color:#0077b5\">teilen<\/span>&nbsp;<\/a><\/li><li class=\"shariff-button xing shariff-nocustomcolor\" style=\"background-color:#29888a\"><a href=\"https:\/\/www.xing.com\/spi\/shares\/new?url=https%3A%2F%2Fstarke-meinungen.de%2Fblog%2F2016%2F07%2F07%2Fder-fall-broeckers%2F\" title=\"Bei XING teilen\" aria-label=\"Bei XING teilen\" role=\"button\" rel=\"noopener nofollow\" class=\"shariff-link\" style=\"; background-color:#126567; color:#126567\" target=\"_blank\"><span class=\"shariff-icon\" style=\"fill:#126567\"><svg width=\"32px\" height=\"20px\" xmlns=\"http:\/\/www.w3.org\/2000\/svg\" viewBox=\"0 0 25 32\"><path fill=\"#126567\" d=\"M10.7 11.9q-0.2 0.3-4.6 8.2-0.5 0.8-1.2 0.8h-4.3q-0.4 0-0.5-0.3t0-0.6l4.5-8q0 0 0 0l-2.9-5q-0.2-0.4 0-0.7 0.2-0.3 0.5-0.3h4.3q0.7 0 1.2 0.8zM25.1 0.4q0.2 0.3 0 0.7l-9.4 16.7 6 11q0.2 0.4 0 0.6-0.2 0.3-0.6 0.3h-4.3q-0.7 0-1.2-0.8l-6-11.1q0.3-0.6 9.5-16.8 0.4-0.8 1.2-0.8h4.3q0.4 0 0.5 0.3z\"\/><\/svg><\/span><span class=\"shariff-text\" style=\"color:#126567\">teilen<\/span>&nbsp;<\/a><\/li><li class=\"shariff-button whatsapp shariff-nocustomcolor\" style=\"background-color:#5cbe4a\"><a href=\"https:\/\/api.whatsapp.com\/send?text=https%3A%2F%2Fstarke-meinungen.de%2Fblog%2F2016%2F07%2F07%2Fder-fall-broeckers%2F%20Der%20Fall%20Br%C3%B6ckers\" title=\"Bei Whatsapp teilen\" aria-label=\"Bei Whatsapp teilen\" role=\"button\" rel=\"noopener nofollow\" class=\"shariff-link\" style=\"; background-color:#34af23; color:#34af23\" target=\"_blank\"><span class=\"shariff-icon\" style=\"fill:#34af23\"><svg width=\"32px\" height=\"20px\" xmlns=\"http:\/\/www.w3.org\/2000\/svg\" viewBox=\"0 0 32 32\"><path fill=\"#34af23\" d=\"M17.6 17.4q0.2 0 1.7 0.8t1.6 0.9q0 0.1 0 0.3 0 0.6-0.3 1.4-0.3 0.7-1.3 1.2t-1.8 0.5q-1 0-3.4-1.1-1.7-0.8-3-2.1t-2.6-3.3q-1.3-1.9-1.3-3.5v-0.1q0.1-1.6 1.3-2.8 0.4-0.4 0.9-0.4 0.1 0 0.3 0t0.3 0q0.3 0 0.5 0.1t0.3 0.5q0.1 0.4 0.6 1.6t0.4 1.3q0 0.4-0.6 1t-0.6 0.8q0 0.1 0.1 0.3 0.6 1.3 1.8 2.4 1 0.9 2.7 1.8 0.2 0.1 0.4 0.1 0.3 0 1-0.9t0.9-0.9zM14 26.9q2.3 0 4.3-0.9t3.6-2.4 2.4-3.6 0.9-4.3-0.9-4.3-2.4-3.6-3.6-2.4-4.3-0.9-4.3 0.9-3.6 2.4-2.4 3.6-0.9 4.3q0 3.6 2.1 6.6l-1.4 4.2 4.3-1.4q2.8 1.9 6.2 1.9zM14 2.2q2.7 0 5.2 1.1t4.3 2.9 2.9 4.3 1.1 5.2-1.1 5.2-2.9 4.3-4.3 2.9-5.2 1.1q-3.5 0-6.5-1.7l-7.4 2.4 2.4-7.2q-1.9-3.2-1.9-6.9 0-2.7 1.1-5.2t2.9-4.3 4.3-2.9 5.2-1.1z\"\/><\/svg><\/span><span class=\"shariff-text\" style=\"color:#34af23\">teilen<\/span>&nbsp;<\/a><\/li><li class=\"shariff-button info shariff-nocustomcolor\" style=\"background-color:#a8a8a8\"><a href=\"http:\/\/ct.de\/-2467514\" title=\"Weitere Informationen\" aria-label=\"Weitere Informationen\" role=\"button\" rel=\"noopener \" class=\"shariff-link\" style=\"; background-color:#999; color:#999\" target=\"_blank\"><span class=\"shariff-icon\" style=\"fill:#999\"><svg width=\"32px\" height=\"20px\" xmlns=\"http:\/\/www.w3.org\/2000\/svg\" viewBox=\"0 0 11 32\"><path fill=\"#999\" d=\"M11.4 24v2.3q0 0.5-0.3 0.8t-0.8 0.4h-9.1q-0.5 0-0.8-0.4t-0.4-0.8v-2.3q0-0.5 0.4-0.8t0.8-0.4h1.1v-6.8h-1.1q-0.5 0-0.8-0.4t-0.4-0.8v-2.3q0-0.5 0.4-0.8t0.8-0.4h6.8q0.5 0 0.8 0.4t0.4 0.8v10.3h1.1q0.5 0 0.8 0.4t0.3 0.8zM9.2 3.4v3.4q0 0.5-0.4 0.8t-0.8 0.4h-4.6q-0.4 0-0.8-0.4t-0.4-0.8v-3.4q0-0.4 0.4-0.8t0.8-0.4h4.6q0.5 0 0.8 0.4t0.4 0.8z\"\/><\/svg><\/span><\/a><\/li><\/ul><\/div>","protected":false},"excerpt":{"rendered":"<p>Man tritt dem Kollegen Mathias Br\u00f6ckers, denke ich, nicht zu nahe, wenn man sagt, er gebe die Paranoia als investigativen Journalismus aus und hebe die Verd\u00e4chtigung und die\u00a0\u00fcble Nachrede in den Rang eines Kunsthandwerks . Daf\u00fcr ist er, wie ich nun erfahren durfte, ziemlich empfindlich, wenn es ums Einstecken geht.<\/p>\n","protected":false},"author":13,"featured_media":0,"comment_status":"open","ping_status":"open","sticky":false,"template":"","format":"standard","meta":{"footnotes":""},"categories":[209,1],"tags":[1915,371,1007,2778,2381],"class_list":["post-6182","post","type-post","status-publish","format-standard","hentry","category-alan-posener","category-allgemein","tag-1915","tag-antisemitismus","tag-israel","tag-matthias-broeckers","tag-verschwoerungstheorien"],"yoast_head":"<!-- This site is optimized with the Yoast SEO plugin v27.5 - https:\/\/yoast.com\/product\/yoast-seo-wordpress\/ -->\n<title>Der Fall Br\u00f6ckers - starke-meinungen.de<\/title>\n<meta name=\"robots\" content=\"index, follow, max-snippet:-1, max-image-preview:large, max-video-preview:-1\" \/>\n<link rel=\"canonical\" href=\"https:\/\/starke-meinungen.de\/blog\/2016\/07\/07\/der-fall-broeckers\/\" \/>\n<meta property=\"og:locale\" content=\"de_DE\" \/>\n<meta property=\"og:type\" content=\"article\" \/>\n<meta property=\"og:title\" content=\"Der Fall Br\u00f6ckers - starke-meinungen.de\" \/>\n<meta property=\"og:description\" content=\"Man tritt dem Kollegen Mathias Br\u00f6ckers, denke ich, nicht zu nahe, wenn man sagt, er gebe die Paranoia als investigativen Journalismus aus und hebe die Verd\u00e4chtigung und die\u00a0\u00fcble Nachrede in den Rang eines Kunsthandwerks . Daf\u00fcr ist er, wie ich nun erfahren durfte, ziemlich empfindlich, wenn es ums Einstecken geht.\" \/>\n<meta property=\"og:url\" content=\"https:\/\/starke-meinungen.de\/blog\/2016\/07\/07\/der-fall-broeckers\/\" \/>\n<meta property=\"og:site_name\" content=\"starke-meinungen.de\" \/>\n<meta property=\"article:publisher\" content=\"https:\/\/www.facebook.com\/starkemeinungen\/\" \/>\n<meta property=\"article:published_time\" content=\"2016-07-07T06:00:03+00:00\" \/>\n<meta property=\"og:image\" content=\"https:\/\/starke-meinungen.de\/blog\/wp-content\/uploads\/starke-meinungen-fb-header.jpg\" \/>\n\t<meta property=\"og:image:width\" content=\"1200\" \/>\n\t<meta property=\"og:image:height\" content=\"630\" \/>\n\t<meta property=\"og:image:type\" content=\"image\/jpeg\" \/>\n<meta name=\"author\" content=\"Alan Posener\" \/>\n<meta name=\"twitter:card\" content=\"summary_large_image\" \/>\n<meta name=\"twitter:creator\" content=\"@starkemeinungen\" \/>\n<meta name=\"twitter:site\" content=\"@starkemeinungen\" \/>\n<meta name=\"twitter:label1\" content=\"Verfasst von\" \/>\n\t<meta name=\"twitter:data1\" content=\"Alan Posener\" \/>\n\t<meta name=\"twitter:label2\" content=\"Gesch\u00e4tzte Lesezeit\" \/>\n\t<meta name=\"twitter:data2\" content=\"4\u00a0Minuten\" \/>\n<script type=\"application\/ld+json\" class=\"yoast-schema-graph\">{\"@context\":\"https:\\\/\\\/schema.org\",\"@graph\":[{\"@type\":\"Article\",\"@id\":\"https:\\\/\\\/starke-meinungen.de\\\/blog\\\/2016\\\/07\\\/07\\\/der-fall-broeckers\\\/#article\",\"isPartOf\":{\"@id\":\"https:\\\/\\\/starke-meinungen.de\\\/blog\\\/2016\\\/07\\\/07\\\/der-fall-broeckers\\\/\"},\"author\":{\"name\":\"Alan Posener\",\"@id\":\"https:\\\/\\\/starke-meinungen.de\\\/blog\\\/#\\\/schema\\\/person\\\/32d0faef7c31a37c1c89be993d7a6d28\"},\"headline\":\"Der Fall Br\u00f6ckers\",\"datePublished\":\"2016-07-07T06:00:03+00:00\",\"mainEntityOfPage\":{\"@id\":\"https:\\\/\\\/starke-meinungen.de\\\/blog\\\/2016\\\/07\\\/07\\\/der-fall-broeckers\\\/\"},\"wordCount\":827,\"commentCount\":28,\"publisher\":{\"@id\":\"https:\\\/\\\/starke-meinungen.de\\\/blog\\\/#organization\"},\"keywords\":[\"9\\\/11\",\"Antisemitismus\",\"Israel\",\"Matthias Br\u00f6ckers\",\"Verschw\u00f6rungstheorien\"],\"articleSection\":[\"Alan Posener\"],\"inLanguage\":\"de\",\"potentialAction\":[{\"@type\":\"CommentAction\",\"name\":\"Comment\",\"target\":[\"https:\\\/\\\/starke-meinungen.de\\\/blog\\\/2016\\\/07\\\/07\\\/der-fall-broeckers\\\/#respond\"]}]},{\"@type\":\"WebPage\",\"@id\":\"https:\\\/\\\/starke-meinungen.de\\\/blog\\\/2016\\\/07\\\/07\\\/der-fall-broeckers\\\/\",\"url\":\"https:\\\/\\\/starke-meinungen.de\\\/blog\\\/2016\\\/07\\\/07\\\/der-fall-broeckers\\\/\",\"name\":\"Der Fall Br\u00f6ckers - starke-meinungen.de\",\"isPartOf\":{\"@id\":\"https:\\\/\\\/starke-meinungen.de\\\/blog\\\/#website\"},\"datePublished\":\"2016-07-07T06:00:03+00:00\",\"breadcrumb\":{\"@id\":\"https:\\\/\\\/starke-meinungen.de\\\/blog\\\/2016\\\/07\\\/07\\\/der-fall-broeckers\\\/#breadcrumb\"},\"inLanguage\":\"de\",\"potentialAction\":[{\"@type\":\"ReadAction\",\"target\":[\"https:\\\/\\\/starke-meinungen.de\\\/blog\\\/2016\\\/07\\\/07\\\/der-fall-broeckers\\\/\"]}]},{\"@type\":\"BreadcrumbList\",\"@id\":\"https:\\\/\\\/starke-meinungen.de\\\/blog\\\/2016\\\/07\\\/07\\\/der-fall-broeckers\\\/#breadcrumb\",\"itemListElement\":[{\"@type\":\"ListItem\",\"position\":1,\"name\":\"Startseite\",\"item\":\"https:\\\/\\\/starke-meinungen.de\\\/blog\\\/\"},{\"@type\":\"ListItem\",\"position\":2,\"name\":\"Der Fall Br\u00f6ckers\"}]},{\"@type\":\"WebSite\",\"@id\":\"https:\\\/\\\/starke-meinungen.de\\\/blog\\\/#website\",\"url\":\"https:\\\/\\\/starke-meinungen.de\\\/blog\\\/\",\"name\":\"starke-meinungen.de\",\"description\":\"Autoren-Blog\",\"publisher\":{\"@id\":\"https:\\\/\\\/starke-meinungen.de\\\/blog\\\/#organization\"},\"potentialAction\":[{\"@type\":\"SearchAction\",\"target\":{\"@type\":\"EntryPoint\",\"urlTemplate\":\"https:\\\/\\\/starke-meinungen.de\\\/blog\\\/?s={search_term_string}\"},\"query-input\":{\"@type\":\"PropertyValueSpecification\",\"valueRequired\":true,\"valueName\":\"search_term_string\"}}],\"inLanguage\":\"de\"},{\"@type\":\"Organization\",\"@id\":\"https:\\\/\\\/starke-meinungen.de\\\/blog\\\/#organization\",\"name\":\"starke-meinungen.de\",\"url\":\"https:\\\/\\\/starke-meinungen.de\\\/blog\\\/\",\"logo\":{\"@type\":\"ImageObject\",\"inLanguage\":\"de\",\"@id\":\"https:\\\/\\\/starke-meinungen.de\\\/blog\\\/#\\\/schema\\\/logo\\\/image\\\/\",\"url\":\"https:\\\/\\\/starke-meinungen.de\\\/blog\\\/wp-content\\\/uploads\\\/starke-meinungen-fb-header.jpg\",\"contentUrl\":\"https:\\\/\\\/starke-meinungen.de\\\/blog\\\/wp-content\\\/uploads\\\/starke-meinungen-fb-header.jpg\",\"width\":1200,\"height\":630,\"caption\":\"starke-meinungen.de\"},\"image\":{\"@id\":\"https:\\\/\\\/starke-meinungen.de\\\/blog\\\/#\\\/schema\\\/logo\\\/image\\\/\"},\"sameAs\":[\"https:\\\/\\\/www.facebook.com\\\/starkemeinungen\\\/\",\"https:\\\/\\\/x.com\\\/starkemeinungen\"]},{\"@type\":\"Person\",\"@id\":\"https:\\\/\\\/starke-meinungen.de\\\/blog\\\/#\\\/schema\\\/person\\\/32d0faef7c31a37c1c89be993d7a6d28\",\"name\":\"Alan Posener\",\"image\":{\"@type\":\"ImageObject\",\"inLanguage\":\"de\",\"@id\":\"https:\\\/\\\/secure.gravatar.com\\\/avatar\\\/c75c8818a9ab78c4faa75048dba7844e2587998cda4d93f84e7d86f7e21a9b90?s=96&d=mm&r=g\",\"url\":\"https:\\\/\\\/secure.gravatar.com\\\/avatar\\\/c75c8818a9ab78c4faa75048dba7844e2587998cda4d93f84e7d86f7e21a9b90?s=96&d=mm&r=g\",\"contentUrl\":\"https:\\\/\\\/secure.gravatar.com\\\/avatar\\\/c75c8818a9ab78c4faa75048dba7844e2587998cda4d93f84e7d86f7e21a9b90?s=96&d=mm&r=g\",\"caption\":\"Alan Posener\"},\"url\":\"https:\\\/\\\/starke-meinungen.de\\\/blog\\\/author\\\/posener\\\/\"}]}<\/script>\n<!-- \/ Yoast SEO plugin. -->","yoast_head_json":{"title":"Der Fall Br\u00f6ckers - starke-meinungen.de","robots":{"index":"index","follow":"follow","max-snippet":"max-snippet:-1","max-image-preview":"max-image-preview:large","max-video-preview":"max-video-preview:-1"},"canonical":"https:\/\/starke-meinungen.de\/blog\/2016\/07\/07\/der-fall-broeckers\/","og_locale":"de_DE","og_type":"article","og_title":"Der Fall Br\u00f6ckers - starke-meinungen.de","og_description":"Man tritt dem Kollegen Mathias Br\u00f6ckers, denke ich, nicht zu nahe, wenn man sagt, er gebe die Paranoia als investigativen Journalismus aus und hebe die Verd\u00e4chtigung und die\u00a0\u00fcble Nachrede in den Rang eines Kunsthandwerks . Daf\u00fcr ist er, wie ich nun erfahren durfte, ziemlich empfindlich, wenn es ums Einstecken geht.","og_url":"https:\/\/starke-meinungen.de\/blog\/2016\/07\/07\/der-fall-broeckers\/","og_site_name":"starke-meinungen.de","article_publisher":"https:\/\/www.facebook.com\/starkemeinungen\/","article_published_time":"2016-07-07T06:00:03+00:00","og_image":[{"width":1200,"height":630,"url":"https:\/\/starke-meinungen.de\/blog\/wp-content\/uploads\/starke-meinungen-fb-header.jpg","type":"image\/jpeg"}],"author":"Alan Posener","twitter_card":"summary_large_image","twitter_creator":"@starkemeinungen","twitter_site":"@starkemeinungen","twitter_misc":{"Verfasst von":"Alan Posener","Gesch\u00e4tzte Lesezeit":"4\u00a0Minuten"},"schema":{"@context":"https:\/\/schema.org","@graph":[{"@type":"Article","@id":"https:\/\/starke-meinungen.de\/blog\/2016\/07\/07\/der-fall-broeckers\/#article","isPartOf":{"@id":"https:\/\/starke-meinungen.de\/blog\/2016\/07\/07\/der-fall-broeckers\/"},"author":{"name":"Alan Posener","@id":"https:\/\/starke-meinungen.de\/blog\/#\/schema\/person\/32d0faef7c31a37c1c89be993d7a6d28"},"headline":"Der Fall Br\u00f6ckers","datePublished":"2016-07-07T06:00:03+00:00","mainEntityOfPage":{"@id":"https:\/\/starke-meinungen.de\/blog\/2016\/07\/07\/der-fall-broeckers\/"},"wordCount":827,"commentCount":28,"publisher":{"@id":"https:\/\/starke-meinungen.de\/blog\/#organization"},"keywords":["9\/11","Antisemitismus","Israel","Matthias Br\u00f6ckers","Verschw\u00f6rungstheorien"],"articleSection":["Alan Posener"],"inLanguage":"de","potentialAction":[{"@type":"CommentAction","name":"Comment","target":["https:\/\/starke-meinungen.de\/blog\/2016\/07\/07\/der-fall-broeckers\/#respond"]}]},{"@type":"WebPage","@id":"https:\/\/starke-meinungen.de\/blog\/2016\/07\/07\/der-fall-broeckers\/","url":"https:\/\/starke-meinungen.de\/blog\/2016\/07\/07\/der-fall-broeckers\/","name":"Der Fall Br\u00f6ckers - starke-meinungen.de","isPartOf":{"@id":"https:\/\/starke-meinungen.de\/blog\/#website"},"datePublished":"2016-07-07T06:00:03+00:00","breadcrumb":{"@id":"https:\/\/starke-meinungen.de\/blog\/2016\/07\/07\/der-fall-broeckers\/#breadcrumb"},"inLanguage":"de","potentialAction":[{"@type":"ReadAction","target":["https:\/\/starke-meinungen.de\/blog\/2016\/07\/07\/der-fall-broeckers\/"]}]},{"@type":"BreadcrumbList","@id":"https:\/\/starke-meinungen.de\/blog\/2016\/07\/07\/der-fall-broeckers\/#breadcrumb","itemListElement":[{"@type":"ListItem","position":1,"name":"Startseite","item":"https:\/\/starke-meinungen.de\/blog\/"},{"@type":"ListItem","position":2,"name":"Der Fall Br\u00f6ckers"}]},{"@type":"WebSite","@id":"https:\/\/starke-meinungen.de\/blog\/#website","url":"https:\/\/starke-meinungen.de\/blog\/","name":"starke-meinungen.de","description":"Autoren-Blog","publisher":{"@id":"https:\/\/starke-meinungen.de\/blog\/#organization"},"potentialAction":[{"@type":"SearchAction","target":{"@type":"EntryPoint","urlTemplate":"https:\/\/starke-meinungen.de\/blog\/?s={search_term_string}"},"query-input":{"@type":"PropertyValueSpecification","valueRequired":true,"valueName":"search_term_string"}}],"inLanguage":"de"},{"@type":"Organization","@id":"https:\/\/starke-meinungen.de\/blog\/#organization","name":"starke-meinungen.de","url":"https:\/\/starke-meinungen.de\/blog\/","logo":{"@type":"ImageObject","inLanguage":"de","@id":"https:\/\/starke-meinungen.de\/blog\/#\/schema\/logo\/image\/","url":"https:\/\/starke-meinungen.de\/blog\/wp-content\/uploads\/starke-meinungen-fb-header.jpg","contentUrl":"https:\/\/starke-meinungen.de\/blog\/wp-content\/uploads\/starke-meinungen-fb-header.jpg","width":1200,"height":630,"caption":"starke-meinungen.de"},"image":{"@id":"https:\/\/starke-meinungen.de\/blog\/#\/schema\/logo\/image\/"},"sameAs":["https:\/\/www.facebook.com\/starkemeinungen\/","https:\/\/x.com\/starkemeinungen"]},{"@type":"Person","@id":"https:\/\/starke-meinungen.de\/blog\/#\/schema\/person\/32d0faef7c31a37c1c89be993d7a6d28","name":"Alan Posener","image":{"@type":"ImageObject","inLanguage":"de","@id":"https:\/\/secure.gravatar.com\/avatar\/c75c8818a9ab78c4faa75048dba7844e2587998cda4d93f84e7d86f7e21a9b90?s=96&d=mm&r=g","url":"https:\/\/secure.gravatar.com\/avatar\/c75c8818a9ab78c4faa75048dba7844e2587998cda4d93f84e7d86f7e21a9b90?s=96&d=mm&r=g","contentUrl":"https:\/\/secure.gravatar.com\/avatar\/c75c8818a9ab78c4faa75048dba7844e2587998cda4d93f84e7d86f7e21a9b90?s=96&d=mm&r=g","caption":"Alan Posener"},"url":"https:\/\/starke-meinungen.de\/blog\/author\/posener\/"}]}},"_links":{"self":[{"href":"https:\/\/starke-meinungen.de\/blog\/wp-json\/wp\/v2\/posts\/6182","targetHints":{"allow":["GET"]}}],"collection":[{"href":"https:\/\/starke-meinungen.de\/blog\/wp-json\/wp\/v2\/posts"}],"about":[{"href":"https:\/\/starke-meinungen.de\/blog\/wp-json\/wp\/v2\/types\/post"}],"author":[{"embeddable":true,"href":"https:\/\/starke-meinungen.de\/blog\/wp-json\/wp\/v2\/users\/13"}],"replies":[{"embeddable":true,"href":"https:\/\/starke-meinungen.de\/blog\/wp-json\/wp\/v2\/comments?post=6182"}],"version-history":[{"count":1,"href":"https:\/\/starke-meinungen.de\/blog\/wp-json\/wp\/v2\/posts\/6182\/revisions"}],"predecessor-version":[{"id":6183,"href":"https:\/\/starke-meinungen.de\/blog\/wp-json\/wp\/v2\/posts\/6182\/revisions\/6183"}],"wp:attachment":[{"href":"https:\/\/starke-meinungen.de\/blog\/wp-json\/wp\/v2\/media?parent=6182"}],"wp:term":[{"taxonomy":"category","embeddable":true,"href":"https:\/\/starke-meinungen.de\/blog\/wp-json\/wp\/v2\/categories?post=6182"},{"taxonomy":"post_tag","embeddable":true,"href":"https:\/\/starke-meinungen.de\/blog\/wp-json\/wp\/v2\/tags?post=6182"}],"curies":[{"name":"wp","href":"https:\/\/api.w.org\/{rel}","templated":true}]}}