

{"id":6143,"date":"2016-06-30T17:07:52","date_gmt":"2016-06-30T17:07:52","guid":{"rendered":"https:\/\/starke-meinungen.de\/blog\/?p=6143"},"modified":"2016-07-01T05:10:45","modified_gmt":"2016-07-01T05:10:45","slug":"6143","status":"publish","type":"post","link":"https:\/\/starke-meinungen.de\/blog\/2016\/06\/30\/6143\/","title":{"rendered":"Ja, die Gr\u00fcnen sollten ein Konzept f\u00fcr EU reformen haben"},"content":{"rendered":"<p><em>Sehr schoen, Herr Werner, dass Sie solche Erwartungen an die Gr\u00fcnen hegen, die ja als Europapartei 1979 begonnen haben. Es\u00a0 h\u00e4tte vieles als alter gr\u00fcner Europapolitikerin von mir sein k\u00f6nnen, was Sie besser als ich schreiben. Auch weil Sie gut erkennen, dass wie in vielen Parteien und auch beim Brexit und auch in der EU vieles innerparteilichen K\u00e4mpfen und dem Abwarten auf den Gewinn oder den Erhalt von Spitzenposten geschuldet ist. Siehe auch die exzentrische, unverantwortliche Spielerrolle von Boris Johnson, dem ehemaligen Journalisten und Dauerkonkurrenten zu Cameron, der mit den boulevardmedien wie sun und daily telegraph den Ausschlag f\u00fcr die drei Pozent mehr f\u00fcr den Brexit gab. Ja, es machen immer noch M\u00e4nner und deren Hahnenk\u00e4mpfe, Abenteurer und Opportunisten mit pokerface, nicht nur Stimmungen und Strukturen oder einige Machtfrauen Geschichte, auch in Europa.<br \/>\n<\/em><!--more--><\/p>\n<p><em>Doch auch\u00a0 in Medien , Wissenschaft und\u00a0 im Kulturbetrieb wird wohl einiges nur \u00f6ffentlich oder erst dann gesagt oder geschrieben oder gedacht, wenn es opportun ist und nicht die eigene Karriere gef\u00e4hrdet oder die Hausmacht im Apparat, in den Macht oder Unterhaltungsinstitutionen\u00a0 oder das image in den\u00a0 wenig sozialen Medien heutzutage ,was ja eben nicht, wie die AFD meint, nur f\u00fcr die Etablierten gilt, sondern f\u00fcr die AFD elite , die gegen ihre eigenen Beschw\u00f6rungen eines angeblich geschlossenen Systems, von dem sie angeblich ausgeschlossen sind, eh zur Elite geh\u00f6rt, so wie\u00a0 die\u00a0 Le Pen- funktion\u00e4rs und Trump szene auch.<\/em><\/p>\n<p><em>Doch es w\u00e4re nicht schlecht,\u00a0 es w\u00fcrden hier\u00a0 immerhin auch die \u00c4usserungen der EP fraktion der verschiedenen Parteien, also so wie die kluge von Manfred Weber von der CSu auch die der Gr\u00fcnen wahrgenommen\u00a0 und deren webseite, wie die Stellungnahmen von Rebecca Harms, der EP fraktions vorsitzenden, die ja immerhin bei Phoenix und dem ZDF wahrzunehmen war, aber immer sehr gem\u00e4\u00dfigt und vorsichtig formuliert. Oder ist Ihnen der europapolitische Sprecher Manuel Sarrazin im Bundestag unbekannt ,der es aber nicht wie Trittin in die talkshows schafft, da deren Moderatorinnen ja immer auf ein wenig Zoff hoffen, um unterhaltsam zu bleiben und nicht zu komplexe Fachfragen ansprechen zu m\u00fcssen, zu denen die meisten Moderatorinnen nicht informiert sind.<\/em><\/p>\n<p><em>Die Gr\u00fcnen m\u00fcssen sich, wie der alte Parteifunktion\u00e4r und als MdEP Vorsitzende der europ\u00e4ischen Gr\u00fcnen Reinhart B\u00fctikofer andeutete vor zwei Wochen von dem &#8220; Mehr Europa&#8220; , das auch die schnellredende und zu Europa vielwissende Beraterin Ulrike Gueriot immer gepredigt hat, verabschieden und dem Konzept einer immer weiteren und intensiveren Integration in der EU.<br \/>\nNur dass Frau Merkel mit ihren blassen Sinnspr\u00fcchen selbst in dieser Mehrfach und Langzeitkrise mal wieder nur zu sagen hatte: Es geht nicht um Mehr oder weniger Europa , sondern um ein effizientes. Ja was sagt sie denn damit dem normalen W\u00e4hler oder Nichtw\u00e4hler und was dem Fachpublikum?<\/em><\/p>\n<p><em>Was soll das denn bezogen auf Schulden,Investionsfonds, Jugendarbeitslosigkeit, EZB und Schengen und Dublin und Zollgrenzen mit dem UK nun bedeuten und auf die Sicherung der Aussengrenze ohne Erdogan und Schlepperbanden und bezogen auf die Integration der mehr als einer Million Fl\u00fcchtinge und eine neue Einwanderungspolitik und das Asylrecht mit Mindeststandards in Europa?<\/em><\/p>\n<p><em>Was will Merkel mit Le Pen und Syriza andererseits weiter anfangen, was mit der Eurozone, der Euro rettung und den weiteren Folgen der Finanzkrise? Dass die Gr\u00fcnen ein sozialeres Europa wollen jenseits ihrer Fl\u00fcgelk\u00e4mpfe, die einen f\u00fcr rot rot gr\u00fcn, die anderen eher f\u00fcr schwarz gr\u00fcn,viele doch mit einem leicht rot gr\u00fcnen Einschlag, ist klar. Doch viele Debatten der Gr\u00fcnen zu Europa haben sich zu sehr im Erasmus und EU- experten milieu bewegt\u00a0 oder sind von den Medien nicht aufgenommen worden. <\/em><\/p>\n<p><em>Die Gr\u00fcnen muss man an mehr Menschenrechtspolitik wohl nicht erinnern, siehe ihre Ukrainepolitik, ihre Position zu sicheren Herkunftsl\u00e4ndern und ihren Einsatz f\u00fcr Schwulenrechte weltweit und die Kritik am R\u00fcstungsexport nach Saudi Arabien. Doch eine neue Verbindung von klarer Menschenrechtspolitik und also auch globaler Frauenrechtspolitik bezogen auf den politischen Islam haben sie leider nicht, so wenig wie die SPD und CDU, die alle vor der n\u00f6tigen Religionskritik und global orientierten Kritik am Salafismus und den geistigen Grundlagen des IS terrors kneifen ,so wie viele Journalisten oder Kulturleute, die auch kaum Ahnung vom liberalen Islam und dem dazu geh\u00f6rigen anderen Islamunterricht oder alternativen internetseiten zur IS propaganda haben.\u00a0<\/em><\/p>\n<p><em> Auch ist der\u00a0 n\u00f6tige Kompromiss wie bei der Frage sicheres Herkunftsland Balkan und das Konzept einer anderen Kooperations und Entwicklungspolitik bezogen auf\u00a0 Nordafrika bei den Gr\u00fcnen noch nicht klar, weil es ausser um die Sache, also Asyl f\u00fcr politisch Verfolgte immer auch um Profilierung der Partei oder Einzelner oder von Fl\u00fcgeln geht. Wer hat die Antworten in Politik und Medien oder Wissenschaft zur Stabilisierung des Irak und Lybiens oder das Ende des Krieges in Syrien und im Jemen, wo\u00a0 die EU wenig, aber\u00a0 Russland und die\u00a0 USA, China und der Iran, sozusagen allen Gro\u00df -und Mittelm\u00e4chte, die Mitspieler oder besser gesagt zumindest Mitschuldige sind, wie Saudi Arabien und der T\u00fcrkei .<\/em><\/p>\n<p><em>Ohne bessere geopolitische und aussenpolitische \u00f6ffentliche und mediale Debatten in Deutschland werden weder Frau Merkel mit der EU, noch die Gr\u00fcnen die n\u00f6tige Mischung von Menschenrechts- und Frauenrechtsansatz und notwendiger moderner Real und Europapolitik, die keinen deutschen Sonderweg geht und im Dialog mit den kleineren und anderen alten europ\u00e4ischen L\u00e4ndern mit ihrem anderen Geschichtserinnerungen besser zu werden,\u00a0 hinbekommen.<\/em><\/p>\n<p><em> Wohl leider auch erst, wenn die Spitzenkandidaturen nach der Urabstimmung im Herbst klar sind und die Wahlen in Berlin wie die Abstimmung im Bundesrat zu sicheren Herkunftsl\u00e4ndern oder leider wie bei der GROKO auch erst nach der Wahl 2017, die ja jetzt schon viel zu vieles bestimmt \u00fcber was klug und weitsichtig ohne parteipolitische Erw\u00e4gungen nachgedacht werden sollte.<br \/>\n<\/em><\/p>\n<p><em>Der Wettbewerb mit Alexander von Lambsdorff im EP und guten franz\u00f6sischen oder britischen Aussenpolitikern w\u00e4re auf jeden Fall angenehmer als dass sich jetzt viele mit der AFD, der Profilierung der Linkspartei als angeblich einziger Friedenspartei, die gegen den Natogipfel in Warschau k\u00e4mpft und den Folgen des Brexit referendums rumschlagen muessen, was irre viel Zeit und Fachpersonal in der EU in Anspruch nehmen wird und \u00fcberall die Kr\u00e4fte des Chaos, wenn auch einige der Vernunft zu st\u00e4rken scheint. Klaus Rebling, der wichtige EU direktor , hat heute\u00a0 im guten Gegensatz zur Kanzlerin, die mal wieder Abwarten als Nachdenken ausgibt, gesagt, der Brexit sei nicht unbedingt notwendig nach diesem Referendum, aber auf jeden Fall ein Konzept f\u00fcr verschiedene Geschwindigkeiten und Integrationsstufen in der EU. Dem stimme ich schon seit zusammen mit dem CDU politiker und- denker Karl Lamers 1992 zu. <\/em><\/p>\n<p><em>Also lesen wir gemeinsam die Stellungnahmen der Gr\u00fcnen und schauen Sie sich deren \u00f6ffentliche Aktionen zur Europadebatte am 9. Juli am Brandenburger Tor an, falls Sie Zeit dazu haben und mal einige j\u00fcngere aus diesem Milieu <\/em>kennen lernen wollen, die volle Europa fans sind wie die Studenten in England, die gegen den Brexit gestimmt haben oder die wegen Semesterferien faul oder auch leichtsinnig nicht zur Wahl gegangen sind.<\/p>\n<p>Nevad Kermani und Nora Bosseng aus der j\u00fcngeren Generation der Intellektuellen haben Recht, ihre Generation hat die politische und kulturelle Verantwortung f\u00fcr die gemeinsamen Probleme und Chancen Europas und der komplizierten EU zu wenig wahrgenommen, Auch zur Verfassungsdebatte und zu den fr\u00fcheren Referenden in der EU haben sie geschwiegen und nichts getan wie fast der gesamte Kulturbetrieb. Jetzt wachen sie hoffentlich auf und schreiben und reden nicht nur oder meckern \u00fcber die Politik, die ja nie eine einfach ist, sondern vernetzen sich EU kompetent klug genug europaweit und arbeiten an einem sozialen und weltoffenen Europa. Die Europaberichterstattung der Massenmedien bleibt hoffentlich auch nach der EM so ausf\u00fchrlich, wie sie endlich seit einem Tag vor dem Brexitreferendum breiter war und macht auch ein Massenpublikum kl\u00fcger und gebildeter zu Europa und globalen Zusammenh\u00e4ngen.<\/p>\n<div class=\"shariff shariff-align-left shariff-widget-align-left shariff-buttonstretch\" style=\"display:none\"><ul class=\"shariff-buttons theme-white orientation-horizontal buttonsize-medium\"><li class=\"shariff-button facebook shariff-nocustomcolor\" style=\"background-color:#4273c8\"><a href=\"https:\/\/www.facebook.com\/sharer\/sharer.php?u=https%3A%2F%2Fstarke-meinungen.de%2Fblog%2F2016%2F06%2F30%2F6143%2F\" title=\"Bei Facebook teilen\" aria-label=\"Bei Facebook teilen\" role=\"button\" rel=\"nofollow\" class=\"shariff-link\" style=\"; background-color:#3b5998; color:#3b5998\" target=\"_blank\"><span class=\"shariff-icon\" style=\"fill:#3b5998\"><svg width=\"32px\" height=\"20px\" xmlns=\"http:\/\/www.w3.org\/2000\/svg\" viewBox=\"0 0 18 32\"><path fill=\"#3b5998\" d=\"M17.1 0.2v4.7h-2.8q-1.5 0-2.1 0.6t-0.5 1.9v3.4h5.2l-0.7 5.3h-4.5v13.6h-5.5v-13.6h-4.5v-5.3h4.5v-3.9q0-3.3 1.9-5.2t5-1.8q2.6 0 4.1 0.2z\"\/><\/svg><\/span><span class=\"shariff-text\" style=\"color:#3b5998\">teilen<\/span>&nbsp;<\/a><\/li><li class=\"shariff-button twitter shariff-nocustomcolor\" style=\"background-color:#595959\"><a href=\"https:\/\/twitter.com\/share?url=https%3A%2F%2Fstarke-meinungen.de%2Fblog%2F2016%2F06%2F30%2F6143%2F&text=Ja%2C%20die%20Gr%C3%BCnen%20sollten%20ein%20Konzept%20f%C3%BCr%20EU%20reformen%20haben&via=starkemeinungen\" title=\"Bei X teilen\" aria-label=\"Bei X teilen\" role=\"button\" rel=\"noopener nofollow\" class=\"shariff-link\" style=\"; background-color:#000; color:#000\" target=\"_blank\"><span class=\"shariff-icon\" style=\"fill:#000\"><svg width=\"32px\" height=\"20px\" xmlns=\"http:\/\/www.w3.org\/2000\/svg\" viewBox=\"0 0 24 24\"><path fill=\"#000\" d=\"M14.258 10.152L23.176 0h-2.113l-7.747 8.813L7.133 0H0l9.352 13.328L0 23.973h2.113l8.176-9.309 6.531 9.309h7.133zm-2.895 3.293l-.949-1.328L2.875 1.56h3.246l6.086 8.523.945 1.328 7.91 11.078h-3.246zm0 0\"\/><\/svg><\/span><span class=\"shariff-text\" style=\"color:#000\">teilen<\/span>&nbsp;<\/a><\/li><li class=\"shariff-button linkedin shariff-nocustomcolor\" style=\"background-color:#1488bf\"><a href=\"https:\/\/www.linkedin.com\/sharing\/share-offsite\/?url=https%3A%2F%2Fstarke-meinungen.de%2Fblog%2F2016%2F06%2F30%2F6143%2F\" title=\"Bei LinkedIn teilen\" aria-label=\"Bei LinkedIn teilen\" role=\"button\" rel=\"noopener nofollow\" class=\"shariff-link\" style=\"; background-color:#0077b5; color:#0077b5\" target=\"_blank\"><span class=\"shariff-icon\" style=\"fill:#0077b5\"><svg width=\"32px\" height=\"20px\" xmlns=\"http:\/\/www.w3.org\/2000\/svg\" viewBox=\"0 0 27 32\"><path fill=\"#0077b5\" d=\"M6.2 11.2v17.7h-5.9v-17.7h5.9zM6.6 5.7q0 1.3-0.9 2.2t-2.4 0.9h0q-1.5 0-2.4-0.9t-0.9-2.2 0.9-2.2 2.4-0.9 2.4 0.9 0.9 2.2zM27.4 18.7v10.1h-5.9v-9.5q0-1.9-0.7-2.9t-2.3-1.1q-1.1 0-1.9 0.6t-1.2 1.5q-0.2 0.5-0.2 1.4v9.9h-5.9q0-7.1 0-11.6t0-5.3l0-0.9h5.9v2.6h0q0.4-0.6 0.7-1t1-0.9 1.6-0.8 2-0.3q3 0 4.9 2t1.9 6z\"\/><\/svg><\/span><span class=\"shariff-text\" style=\"color:#0077b5\">teilen<\/span>&nbsp;<\/a><\/li><li class=\"shariff-button xing shariff-nocustomcolor\" style=\"background-color:#29888a\"><a href=\"https:\/\/www.xing.com\/spi\/shares\/new?url=https%3A%2F%2Fstarke-meinungen.de%2Fblog%2F2016%2F06%2F30%2F6143%2F\" title=\"Bei XING teilen\" aria-label=\"Bei XING teilen\" role=\"button\" rel=\"noopener nofollow\" class=\"shariff-link\" style=\"; background-color:#126567; color:#126567\" target=\"_blank\"><span class=\"shariff-icon\" style=\"fill:#126567\"><svg width=\"32px\" height=\"20px\" xmlns=\"http:\/\/www.w3.org\/2000\/svg\" viewBox=\"0 0 25 32\"><path fill=\"#126567\" d=\"M10.7 11.9q-0.2 0.3-4.6 8.2-0.5 0.8-1.2 0.8h-4.3q-0.4 0-0.5-0.3t0-0.6l4.5-8q0 0 0 0l-2.9-5q-0.2-0.4 0-0.7 0.2-0.3 0.5-0.3h4.3q0.7 0 1.2 0.8zM25.1 0.4q0.2 0.3 0 0.7l-9.4 16.7 6 11q0.2 0.4 0 0.6-0.2 0.3-0.6 0.3h-4.3q-0.7 0-1.2-0.8l-6-11.1q0.3-0.6 9.5-16.8 0.4-0.8 1.2-0.8h4.3q0.4 0 0.5 0.3z\"\/><\/svg><\/span><span class=\"shariff-text\" style=\"color:#126567\">teilen<\/span>&nbsp;<\/a><\/li><li class=\"shariff-button whatsapp shariff-nocustomcolor\" style=\"background-color:#5cbe4a\"><a href=\"https:\/\/api.whatsapp.com\/send?text=https%3A%2F%2Fstarke-meinungen.de%2Fblog%2F2016%2F06%2F30%2F6143%2F%20Ja%2C%20die%20Gr%C3%BCnen%20sollten%20ein%20Konzept%20f%C3%BCr%20EU%20reformen%20haben\" title=\"Bei Whatsapp teilen\" aria-label=\"Bei Whatsapp teilen\" role=\"button\" rel=\"noopener nofollow\" class=\"shariff-link\" style=\"; background-color:#34af23; color:#34af23\" target=\"_blank\"><span class=\"shariff-icon\" style=\"fill:#34af23\"><svg width=\"32px\" height=\"20px\" xmlns=\"http:\/\/www.w3.org\/2000\/svg\" viewBox=\"0 0 32 32\"><path fill=\"#34af23\" d=\"M17.6 17.4q0.2 0 1.7 0.8t1.6 0.9q0 0.1 0 0.3 0 0.6-0.3 1.4-0.3 0.7-1.3 1.2t-1.8 0.5q-1 0-3.4-1.1-1.7-0.8-3-2.1t-2.6-3.3q-1.3-1.9-1.3-3.5v-0.1q0.1-1.6 1.3-2.8 0.4-0.4 0.9-0.4 0.1 0 0.3 0t0.3 0q0.3 0 0.5 0.1t0.3 0.5q0.1 0.4 0.6 1.6t0.4 1.3q0 0.4-0.6 1t-0.6 0.8q0 0.1 0.1 0.3 0.6 1.3 1.8 2.4 1 0.9 2.7 1.8 0.2 0.1 0.4 0.1 0.3 0 1-0.9t0.9-0.9zM14 26.9q2.3 0 4.3-0.9t3.6-2.4 2.4-3.6 0.9-4.3-0.9-4.3-2.4-3.6-3.6-2.4-4.3-0.9-4.3 0.9-3.6 2.4-2.4 3.6-0.9 4.3q0 3.6 2.1 6.6l-1.4 4.2 4.3-1.4q2.8 1.9 6.2 1.9zM14 2.2q2.7 0 5.2 1.1t4.3 2.9 2.9 4.3 1.1 5.2-1.1 5.2-2.9 4.3-4.3 2.9-5.2 1.1q-3.5 0-6.5-1.7l-7.4 2.4 2.4-7.2q-1.9-3.2-1.9-6.9 0-2.7 1.1-5.2t2.9-4.3 4.3-2.9 5.2-1.1z\"\/><\/svg><\/span><span class=\"shariff-text\" style=\"color:#34af23\">teilen<\/span>&nbsp;<\/a><\/li><li class=\"shariff-button info shariff-nocustomcolor\" style=\"background-color:#a8a8a8\"><a href=\"http:\/\/ct.de\/-2467514\" title=\"Weitere Informationen\" aria-label=\"Weitere Informationen\" role=\"button\" rel=\"noopener \" class=\"shariff-link\" style=\"; background-color:#999; color:#999\" target=\"_blank\"><span class=\"shariff-icon\" style=\"fill:#999\"><svg width=\"32px\" height=\"20px\" xmlns=\"http:\/\/www.w3.org\/2000\/svg\" viewBox=\"0 0 11 32\"><path fill=\"#999\" d=\"M11.4 24v2.3q0 0.5-0.3 0.8t-0.8 0.4h-9.1q-0.5 0-0.8-0.4t-0.4-0.8v-2.3q0-0.5 0.4-0.8t0.8-0.4h1.1v-6.8h-1.1q-0.5 0-0.8-0.4t-0.4-0.8v-2.3q0-0.5 0.4-0.8t0.8-0.4h6.8q0.5 0 0.8 0.4t0.4 0.8v10.3h1.1q0.5 0 0.8 0.4t0.3 0.8zM9.2 3.4v3.4q0 0.5-0.4 0.8t-0.8 0.4h-4.6q-0.4 0-0.8-0.4t-0.4-0.8v-3.4q0-0.4 0.4-0.8t0.8-0.4h4.6q0.5 0 0.8 0.4t0.4 0.8z\"\/><\/svg><\/span><\/a><\/li><\/ul><\/div>","protected":false},"excerpt":{"rendered":"<p>Sehr schoen, Herr Werner, dass Sie solche Erwartungen an die Gr\u00fcnen hegen, die ja als Europapartei 1979 begonnen haben. Es\u00a0 h\u00e4tte vieles als alter gr\u00fcner Europapolitikerin von mir sein k\u00f6nnen, was Sie besser als ich schreiben. Auch weil Sie gut erkennen, dass wie in vielen Parteien und auch beim Brexit und auch in der EU vieles innerparteilichen K\u00e4mpfen und dem&#8230; <a href=\"https:\/\/starke-meinungen.de\/blog\/2016\/06\/30\/6143\/\">Weiterlesen &raquo;<\/a><\/p>\n","protected":false},"author":22,"featured_media":0,"comment_status":"open","ping_status":"open","sticky":false,"template":"","format":"standard","meta":{"footnotes":""},"categories":[1,2498],"tags":[2293,101,347,332,99,358,2662,2009],"class_list":["post-6143","post","type-post","status-publish","format-standard","hentry","category-allgemein","category-eva-quistorp","tag-afd","tag-angela-merkel","tag-eu","tag-europa","tag-grune","tag-islam","tag-krieg-in-syrien","tag-syrien"],"yoast_head":"<!-- This site is optimized with the Yoast SEO plugin v27.4 - https:\/\/yoast.com\/product\/yoast-seo-wordpress\/ -->\n<title>Ja, die Gr\u00fcnen sollten ein Konzept f\u00fcr EU reformen haben - starke-meinungen.de<\/title>\n<meta name=\"robots\" content=\"index, follow, max-snippet:-1, max-image-preview:large, max-video-preview:-1\" \/>\n<link rel=\"canonical\" href=\"https:\/\/starke-meinungen.de\/blog\/2016\/06\/30\/6143\/\" \/>\n<meta property=\"og:locale\" content=\"de_DE\" \/>\n<meta property=\"og:type\" content=\"article\" \/>\n<meta property=\"og:title\" content=\"Ja, die Gr\u00fcnen sollten ein Konzept f\u00fcr EU reformen haben - starke-meinungen.de\" \/>\n<meta property=\"og:description\" content=\"Sehr schoen, Herr Werner, dass Sie solche Erwartungen an die Gr\u00fcnen hegen, die ja als Europapartei 1979 begonnen haben. Es\u00a0 h\u00e4tte vieles als alter gr\u00fcner Europapolitikerin von mir sein k\u00f6nnen, was Sie besser als ich schreiben. Auch weil Sie gut erkennen, dass wie in vielen Parteien und auch beim Brexit und auch in der EU vieles innerparteilichen K\u00e4mpfen und dem... Weiterlesen &raquo;\" \/>\n<meta property=\"og:url\" content=\"https:\/\/starke-meinungen.de\/blog\/2016\/06\/30\/6143\/\" \/>\n<meta property=\"og:site_name\" content=\"starke-meinungen.de\" \/>\n<meta property=\"article:publisher\" content=\"https:\/\/www.facebook.com\/starkemeinungen\/\" \/>\n<meta property=\"article:published_time\" content=\"2016-06-30T17:07:52+00:00\" \/>\n<meta property=\"article:modified_time\" content=\"2016-07-01T05:10:45+00:00\" \/>\n<meta property=\"og:image\" content=\"https:\/\/starke-meinungen.de\/blog\/wp-content\/uploads\/starke-meinungen-fb-header.jpg\" \/>\n\t<meta property=\"og:image:width\" content=\"1200\" \/>\n\t<meta property=\"og:image:height\" content=\"630\" \/>\n\t<meta property=\"og:image:type\" content=\"image\/jpeg\" \/>\n<meta name=\"author\" content=\"Eva Quistorp\" \/>\n<meta name=\"twitter:card\" content=\"summary_large_image\" \/>\n<meta name=\"twitter:creator\" content=\"@starkemeinungen\" \/>\n<meta name=\"twitter:site\" content=\"@starkemeinungen\" \/>\n<meta name=\"twitter:label1\" content=\"Verfasst von\" \/>\n\t<meta name=\"twitter:data1\" content=\"Eva Quistorp\" \/>\n\t<meta name=\"twitter:label2\" content=\"Gesch\u00e4tzte Lesezeit\" \/>\n\t<meta name=\"twitter:data2\" content=\"7\u00a0Minuten\" \/>\n<script type=\"application\/ld+json\" class=\"yoast-schema-graph\">{\"@context\":\"https:\\\/\\\/schema.org\",\"@graph\":[{\"@type\":\"Article\",\"@id\":\"https:\\\/\\\/starke-meinungen.de\\\/blog\\\/2016\\\/06\\\/30\\\/6143\\\/#article\",\"isPartOf\":{\"@id\":\"https:\\\/\\\/starke-meinungen.de\\\/blog\\\/2016\\\/06\\\/30\\\/6143\\\/\"},\"author\":{\"name\":\"Eva Quistorp\",\"@id\":\"https:\\\/\\\/starke-meinungen.de\\\/blog\\\/#\\\/schema\\\/person\\\/3208cf1ae8bc5943d5c8a12107fd55e7\"},\"headline\":\"Ja, die Gr\u00fcnen sollten ein Konzept f\u00fcr EU reformen haben\",\"datePublished\":\"2016-06-30T17:07:52+00:00\",\"dateModified\":\"2016-07-01T05:10:45+00:00\",\"mainEntityOfPage\":{\"@id\":\"https:\\\/\\\/starke-meinungen.de\\\/blog\\\/2016\\\/06\\\/30\\\/6143\\\/\"},\"wordCount\":1326,\"commentCount\":2,\"publisher\":{\"@id\":\"https:\\\/\\\/starke-meinungen.de\\\/blog\\\/#organization\"},\"keywords\":[\"AfD\",\"Angela Merkel\",\"EU\",\"Europa\",\"Gr\u00fcne\",\"Islam\",\"Krieg in Syrien\",\"Syrien\"],\"articleSection\":{\"1\":\"Eva Quistorp\"},\"inLanguage\":\"de\",\"potentialAction\":[{\"@type\":\"CommentAction\",\"name\":\"Comment\",\"target\":[\"https:\\\/\\\/starke-meinungen.de\\\/blog\\\/2016\\\/06\\\/30\\\/6143\\\/#respond\"]}]},{\"@type\":\"WebPage\",\"@id\":\"https:\\\/\\\/starke-meinungen.de\\\/blog\\\/2016\\\/06\\\/30\\\/6143\\\/\",\"url\":\"https:\\\/\\\/starke-meinungen.de\\\/blog\\\/2016\\\/06\\\/30\\\/6143\\\/\",\"name\":\"Ja, die Gr\u00fcnen sollten ein Konzept f\u00fcr EU reformen haben - starke-meinungen.de\",\"isPartOf\":{\"@id\":\"https:\\\/\\\/starke-meinungen.de\\\/blog\\\/#website\"},\"datePublished\":\"2016-06-30T17:07:52+00:00\",\"dateModified\":\"2016-07-01T05:10:45+00:00\",\"breadcrumb\":{\"@id\":\"https:\\\/\\\/starke-meinungen.de\\\/blog\\\/2016\\\/06\\\/30\\\/6143\\\/#breadcrumb\"},\"inLanguage\":\"de\",\"potentialAction\":[{\"@type\":\"ReadAction\",\"target\":[\"https:\\\/\\\/starke-meinungen.de\\\/blog\\\/2016\\\/06\\\/30\\\/6143\\\/\"]}]},{\"@type\":\"BreadcrumbList\",\"@id\":\"https:\\\/\\\/starke-meinungen.de\\\/blog\\\/2016\\\/06\\\/30\\\/6143\\\/#breadcrumb\",\"itemListElement\":[{\"@type\":\"ListItem\",\"position\":1,\"name\":\"Startseite\",\"item\":\"https:\\\/\\\/starke-meinungen.de\\\/blog\\\/\"},{\"@type\":\"ListItem\",\"position\":2,\"name\":\"Ja, die Gr\u00fcnen sollten ein Konzept f\u00fcr EU reformen haben\"}]},{\"@type\":\"WebSite\",\"@id\":\"https:\\\/\\\/starke-meinungen.de\\\/blog\\\/#website\",\"url\":\"https:\\\/\\\/starke-meinungen.de\\\/blog\\\/\",\"name\":\"starke-meinungen.de\",\"description\":\"Autoren-Blog\",\"publisher\":{\"@id\":\"https:\\\/\\\/starke-meinungen.de\\\/blog\\\/#organization\"},\"potentialAction\":[{\"@type\":\"SearchAction\",\"target\":{\"@type\":\"EntryPoint\",\"urlTemplate\":\"https:\\\/\\\/starke-meinungen.de\\\/blog\\\/?s={search_term_string}\"},\"query-input\":{\"@type\":\"PropertyValueSpecification\",\"valueRequired\":true,\"valueName\":\"search_term_string\"}}],\"inLanguage\":\"de\"},{\"@type\":\"Organization\",\"@id\":\"https:\\\/\\\/starke-meinungen.de\\\/blog\\\/#organization\",\"name\":\"starke-meinungen.de\",\"url\":\"https:\\\/\\\/starke-meinungen.de\\\/blog\\\/\",\"logo\":{\"@type\":\"ImageObject\",\"inLanguage\":\"de\",\"@id\":\"https:\\\/\\\/starke-meinungen.de\\\/blog\\\/#\\\/schema\\\/logo\\\/image\\\/\",\"url\":\"https:\\\/\\\/starke-meinungen.de\\\/blog\\\/wp-content\\\/uploads\\\/starke-meinungen-fb-header.jpg\",\"contentUrl\":\"https:\\\/\\\/starke-meinungen.de\\\/blog\\\/wp-content\\\/uploads\\\/starke-meinungen-fb-header.jpg\",\"width\":1200,\"height\":630,\"caption\":\"starke-meinungen.de\"},\"image\":{\"@id\":\"https:\\\/\\\/starke-meinungen.de\\\/blog\\\/#\\\/schema\\\/logo\\\/image\\\/\"},\"sameAs\":[\"https:\\\/\\\/www.facebook.com\\\/starkemeinungen\\\/\",\"https:\\\/\\\/x.com\\\/starkemeinungen\"]},{\"@type\":\"Person\",\"@id\":\"https:\\\/\\\/starke-meinungen.de\\\/blog\\\/#\\\/schema\\\/person\\\/3208cf1ae8bc5943d5c8a12107fd55e7\",\"name\":\"Eva Quistorp\",\"image\":{\"@type\":\"ImageObject\",\"inLanguage\":\"de\",\"@id\":\"https:\\\/\\\/secure.gravatar.com\\\/avatar\\\/90c10fde256573af3dbb823635c4b569b9dfc14fdfa48aee8f48c1c3638ac509?s=96&d=mm&r=g\",\"url\":\"https:\\\/\\\/secure.gravatar.com\\\/avatar\\\/90c10fde256573af3dbb823635c4b569b9dfc14fdfa48aee8f48c1c3638ac509?s=96&d=mm&r=g\",\"contentUrl\":\"https:\\\/\\\/secure.gravatar.com\\\/avatar\\\/90c10fde256573af3dbb823635c4b569b9dfc14fdfa48aee8f48c1c3638ac509?s=96&d=mm&r=g\",\"caption\":\"Eva Quistorp\"},\"url\":\"https:\\\/\\\/starke-meinungen.de\\\/blog\\\/author\\\/quistorp\\\/\"}]}<\/script>\n<!-- \/ Yoast SEO plugin. -->","yoast_head_json":{"title":"Ja, die Gr\u00fcnen sollten ein Konzept f\u00fcr EU reformen haben - starke-meinungen.de","robots":{"index":"index","follow":"follow","max-snippet":"max-snippet:-1","max-image-preview":"max-image-preview:large","max-video-preview":"max-video-preview:-1"},"canonical":"https:\/\/starke-meinungen.de\/blog\/2016\/06\/30\/6143\/","og_locale":"de_DE","og_type":"article","og_title":"Ja, die Gr\u00fcnen sollten ein Konzept f\u00fcr EU reformen haben - starke-meinungen.de","og_description":"Sehr schoen, Herr Werner, dass Sie solche Erwartungen an die Gr\u00fcnen hegen, die ja als Europapartei 1979 begonnen haben. Es\u00a0 h\u00e4tte vieles als alter gr\u00fcner Europapolitikerin von mir sein k\u00f6nnen, was Sie besser als ich schreiben. Auch weil Sie gut erkennen, dass wie in vielen Parteien und auch beim Brexit und auch in der EU vieles innerparteilichen K\u00e4mpfen und dem... Weiterlesen &raquo;","og_url":"https:\/\/starke-meinungen.de\/blog\/2016\/06\/30\/6143\/","og_site_name":"starke-meinungen.de","article_publisher":"https:\/\/www.facebook.com\/starkemeinungen\/","article_published_time":"2016-06-30T17:07:52+00:00","article_modified_time":"2016-07-01T05:10:45+00:00","og_image":[{"width":1200,"height":630,"url":"https:\/\/starke-meinungen.de\/blog\/wp-content\/uploads\/starke-meinungen-fb-header.jpg","type":"image\/jpeg"}],"author":"Eva Quistorp","twitter_card":"summary_large_image","twitter_creator":"@starkemeinungen","twitter_site":"@starkemeinungen","twitter_misc":{"Verfasst von":"Eva Quistorp","Gesch\u00e4tzte Lesezeit":"7\u00a0Minuten"},"schema":{"@context":"https:\/\/schema.org","@graph":[{"@type":"Article","@id":"https:\/\/starke-meinungen.de\/blog\/2016\/06\/30\/6143\/#article","isPartOf":{"@id":"https:\/\/starke-meinungen.de\/blog\/2016\/06\/30\/6143\/"},"author":{"name":"Eva Quistorp","@id":"https:\/\/starke-meinungen.de\/blog\/#\/schema\/person\/3208cf1ae8bc5943d5c8a12107fd55e7"},"headline":"Ja, die Gr\u00fcnen sollten ein Konzept f\u00fcr EU reformen haben","datePublished":"2016-06-30T17:07:52+00:00","dateModified":"2016-07-01T05:10:45+00:00","mainEntityOfPage":{"@id":"https:\/\/starke-meinungen.de\/blog\/2016\/06\/30\/6143\/"},"wordCount":1326,"commentCount":2,"publisher":{"@id":"https:\/\/starke-meinungen.de\/blog\/#organization"},"keywords":["AfD","Angela Merkel","EU","Europa","Gr\u00fcne","Islam","Krieg in Syrien","Syrien"],"articleSection":{"1":"Eva Quistorp"},"inLanguage":"de","potentialAction":[{"@type":"CommentAction","name":"Comment","target":["https:\/\/starke-meinungen.de\/blog\/2016\/06\/30\/6143\/#respond"]}]},{"@type":"WebPage","@id":"https:\/\/starke-meinungen.de\/blog\/2016\/06\/30\/6143\/","url":"https:\/\/starke-meinungen.de\/blog\/2016\/06\/30\/6143\/","name":"Ja, die Gr\u00fcnen sollten ein Konzept f\u00fcr EU reformen haben - starke-meinungen.de","isPartOf":{"@id":"https:\/\/starke-meinungen.de\/blog\/#website"},"datePublished":"2016-06-30T17:07:52+00:00","dateModified":"2016-07-01T05:10:45+00:00","breadcrumb":{"@id":"https:\/\/starke-meinungen.de\/blog\/2016\/06\/30\/6143\/#breadcrumb"},"inLanguage":"de","potentialAction":[{"@type":"ReadAction","target":["https:\/\/starke-meinungen.de\/blog\/2016\/06\/30\/6143\/"]}]},{"@type":"BreadcrumbList","@id":"https:\/\/starke-meinungen.de\/blog\/2016\/06\/30\/6143\/#breadcrumb","itemListElement":[{"@type":"ListItem","position":1,"name":"Startseite","item":"https:\/\/starke-meinungen.de\/blog\/"},{"@type":"ListItem","position":2,"name":"Ja, die Gr\u00fcnen sollten ein Konzept f\u00fcr EU reformen haben"}]},{"@type":"WebSite","@id":"https:\/\/starke-meinungen.de\/blog\/#website","url":"https:\/\/starke-meinungen.de\/blog\/","name":"starke-meinungen.de","description":"Autoren-Blog","publisher":{"@id":"https:\/\/starke-meinungen.de\/blog\/#organization"},"potentialAction":[{"@type":"SearchAction","target":{"@type":"EntryPoint","urlTemplate":"https:\/\/starke-meinungen.de\/blog\/?s={search_term_string}"},"query-input":{"@type":"PropertyValueSpecification","valueRequired":true,"valueName":"search_term_string"}}],"inLanguage":"de"},{"@type":"Organization","@id":"https:\/\/starke-meinungen.de\/blog\/#organization","name":"starke-meinungen.de","url":"https:\/\/starke-meinungen.de\/blog\/","logo":{"@type":"ImageObject","inLanguage":"de","@id":"https:\/\/starke-meinungen.de\/blog\/#\/schema\/logo\/image\/","url":"https:\/\/starke-meinungen.de\/blog\/wp-content\/uploads\/starke-meinungen-fb-header.jpg","contentUrl":"https:\/\/starke-meinungen.de\/blog\/wp-content\/uploads\/starke-meinungen-fb-header.jpg","width":1200,"height":630,"caption":"starke-meinungen.de"},"image":{"@id":"https:\/\/starke-meinungen.de\/blog\/#\/schema\/logo\/image\/"},"sameAs":["https:\/\/www.facebook.com\/starkemeinungen\/","https:\/\/x.com\/starkemeinungen"]},{"@type":"Person","@id":"https:\/\/starke-meinungen.de\/blog\/#\/schema\/person\/3208cf1ae8bc5943d5c8a12107fd55e7","name":"Eva Quistorp","image":{"@type":"ImageObject","inLanguage":"de","@id":"https:\/\/secure.gravatar.com\/avatar\/90c10fde256573af3dbb823635c4b569b9dfc14fdfa48aee8f48c1c3638ac509?s=96&d=mm&r=g","url":"https:\/\/secure.gravatar.com\/avatar\/90c10fde256573af3dbb823635c4b569b9dfc14fdfa48aee8f48c1c3638ac509?s=96&d=mm&r=g","contentUrl":"https:\/\/secure.gravatar.com\/avatar\/90c10fde256573af3dbb823635c4b569b9dfc14fdfa48aee8f48c1c3638ac509?s=96&d=mm&r=g","caption":"Eva Quistorp"},"url":"https:\/\/starke-meinungen.de\/blog\/author\/quistorp\/"}]}},"_links":{"self":[{"href":"https:\/\/starke-meinungen.de\/blog\/wp-json\/wp\/v2\/posts\/6143","targetHints":{"allow":["GET"]}}],"collection":[{"href":"https:\/\/starke-meinungen.de\/blog\/wp-json\/wp\/v2\/posts"}],"about":[{"href":"https:\/\/starke-meinungen.de\/blog\/wp-json\/wp\/v2\/types\/post"}],"author":[{"embeddable":true,"href":"https:\/\/starke-meinungen.de\/blog\/wp-json\/wp\/v2\/users\/22"}],"replies":[{"embeddable":true,"href":"https:\/\/starke-meinungen.de\/blog\/wp-json\/wp\/v2\/comments?post=6143"}],"version-history":[{"count":8,"href":"https:\/\/starke-meinungen.de\/blog\/wp-json\/wp\/v2\/posts\/6143\/revisions"}],"predecessor-version":[{"id":6151,"href":"https:\/\/starke-meinungen.de\/blog\/wp-json\/wp\/v2\/posts\/6143\/revisions\/6151"}],"wp:attachment":[{"href":"https:\/\/starke-meinungen.de\/blog\/wp-json\/wp\/v2\/media?parent=6143"}],"wp:term":[{"taxonomy":"category","embeddable":true,"href":"https:\/\/starke-meinungen.de\/blog\/wp-json\/wp\/v2\/categories?post=6143"},{"taxonomy":"post_tag","embeddable":true,"href":"https:\/\/starke-meinungen.de\/blog\/wp-json\/wp\/v2\/tags?post=6143"}],"curies":[{"name":"wp","href":"https:\/\/api.w.org\/{rel}","templated":true}]}}