

{"id":6062,"date":"2016-05-06T07:15:24","date_gmt":"2016-05-06T07:15:24","guid":{"rendered":"https:\/\/starke-meinungen.de\/blog\/?p=6062"},"modified":"2016-05-06T07:15:24","modified_gmt":"2016-05-06T07:15:24","slug":"was-will-berlin-architektonisch","status":"publish","type":"post","link":"https:\/\/starke-meinungen.de\/blog\/2016\/05\/06\/was-will-berlin-architektonisch\/","title":{"rendered":"Was will Berlin architektonisch?"},"content":{"rendered":"<p>\u201eIch denke mir in der Gegend zwischen Potsdamer Platz und Alexanderplatz jede Baubeschr\u00e4nkung aufgehoben. Hier entstehen m\u00e4chtige Bautenreihen aus Glas, Stein und Eisen, so hoch, wie das Bed\u00fcrfnis es verlangt und der Baugrund es zul\u00e4sst\u2026\u201c So tr\u00e4umte sich Walter Rathenau 1902 ein Gesch\u00e4ftszentrum Berlins herbei, das er schon damals mit dem englischen Wort City bezeichnete.<\/p>\n<p><!--more--><br \/>\nStattdessen hat Berlin nach der Wiedervereinigung \u00e4ngstlich auf Traufh\u00f6hen (22 Meter), Blockrandbebauung und Steinfassaden geachtet. Dadurch ist das Stadtbild im Zentrum nicht nur langweilig und austauschbar geworden. Die dadurch bedingte Verknappung der B\u00fcrofl\u00e4chen in bester Lage hat dazu beigetragen, den Baugrund zu verteuern. In den letzten f\u00fcnf Jahren ging der B\u00fcroleerstand in Berlin zur\u00fcck auf heute 3,6 Prozent, die Durchschnittsmiete f\u00fcr Gesch\u00e4ftsr\u00e4ume stieg von 12,10 auf 14,80 Euro. Sch\u00f6n f\u00fcr Vermieter, schlecht f\u00fcrs sonstige Gesch\u00e4ft.<\/p>\n<p><strong>Verzagtheit statt Zukunft<\/strong><br \/>\nNun war die Wiederherstellung jenes Stadtbilds, das schon Rathenau \u00e4rgerte, kein Ausdruck beh\u00f6rdlicher Willk\u00fcr, sondern Ausdruck einer allgemeinen Stimmung, Symptom einer allgemein verzagten Haltung im europ\u00e4ischen St\u00e4dtebau der letzten 20 Jahre, die eher bem\u00fcht war, nichts falsch zu machen als irgendetwas richtig. Man mochte nat\u00fcrliche und soziale Biotope sch\u00fctzen und niemandem etwas zumuten. (Auch die Misere des Flughafens BER hat damit zu tun, dass ein Gro\u00dfflughafen, der den Namen verdient h\u00e4tte, nicht in Sperenberg oder J\u00fcterbog gebaut werden sollte, weil dort Biotope zu erhalten waren.)<br \/>\nNun ist es Zeit, etwas gr\u00f6\u00dfer zu denken. Jetzt gilt es zum Beispiel an den Masterplan Hans Kollhoffs aus dem Jahr 1993 zu erinnern, der zehn 150-Meter-T\u00fcrme am Alexanderplatz vorsieht. Zwei davon werden jetzt immerhin realisiert. Oder an den Plan Christoph Langhofs f\u00fcr einen 209-Meter-Turm am Zoo. Typisch ist in diesem Zusammenhang die Meldung: \u201eDie Bezirksverwaltung reagierte ablehnend.\u201c Der Alex ist trist und billig; noch schlimmer ist die Gegend rund um den Hauptbahnhof. Kollhoff meinte dazu schon 2010: \u201eDort wird eine gigantische Chance vergeben. Der Humboldthafen ist eine gro\u00dfartige st\u00e4dtebauliche Figur, die auf Lenn\u00e9 zur\u00fcckgeht. \u00dcber die wird geistlos hinweggeplant. Das meiste bleibt dem Zufall \u00fcberlassen. Das kann es doch nicht sein. Hier versagt die Verwaltung. (\u2026) Es ist Zeit, dass Berlin Bilanz zieht und sich fragt, ob die Stadt sich diese Piefigkeit leisten kann.\u201c Sechs Jahre sp\u00e4ter steht die Frage immer noch im Raum.<br \/>\nDort, wo Gro\u00dfes nicht sein darf, der Distinktionswunsch der Investoren jedoch \u201eden Architekten zwingt, in das St\u00fcckchen Mauerwall, das ihm als Fassade zu bearbeiten obliegt, seine ganze Seele zu legen\u201c, so Rathenau 1902, ist das Ergebnis eben nicht ein Stadtbild aus einem Guss, sondern ein Konglomerat \u201eEs ist ungef\u00e4hr, wie wenn ein Zahnk\u00fcnstler ein pr\u00e4chtiges Gebiss anfertigt und sich r\u00fchmt, er habe jedem einzelnen Zahn besonderen Charakter, Ausdruck und Farbenton verliehen.\u201c Es ist, als habe Rathenau das heutige Elend des Pariser und Leipziger und Potsdamer Platzes schon vor Augen gehabt.<\/p>\n<p><strong>Wohnungsbau als Gemeinschaftsprojekt<\/strong><br \/>\nDie deutsche Verzagtheit hat schon zur Ablehnung der Olympischen Spiele in Berlin, Hamburg und M\u00fcnchen gef\u00fchrt; zum Protest gegen das gro\u00dfe st\u00e4dtebauliche Projekt \u201eStuttgart 21\u201c; zum Scheitern des Transrapidprojekts in M\u00fcnchen; zum Volksentscheid gegen jegliche Bebauung des Tempelhofer Felds in Berlin. So lange Berlin schrumpfte, mochte der Bestandsschutz und die Abneigung gegen gro\u00dfe Pl\u00e4ne eine gewisse Logik haben, wenn sie auch kurzsichtig war. (Die Planung des Flughafens BER etwa erfolgte ohne Ber\u00fccksichtigung der Fluggastexplosion durch die Billigflieger. Die nachtr\u00e4gliche Umstellung hat viele der Probleme verursacht.) Im Jahr vor dem Mauerfall hatte Berlin weniger als 3,4 Mio. Einwohner. Bis zum Jahr 2000 sank die Bev\u00f6lkerung um 100.000. Mit Beginn der Zehnerjahre aber setzte Wachstum ein: Jedes Jahr wuchs Berlin um 40.000 bis 50.000 Menschen, die Fl\u00fcchtlingswelle der letzten 18 Monate nicht mitgerechnet. Bis Ende 2020 d\u00fcrfte Berlin um 365.000 Menschen wachsen, also um die Gr\u00f6\u00dfe Bochums. Dann hat die Stadt etwa vier Millionen Einwohner \u2013 den Speckg\u00fcrtel nicht eingerechnet. (Zum Vergleich: Brandenburg hat jetzt weniger als 2,5 Mio. Einwohner, Tendenz sinkend.)<br \/>\nDa der Wohnungsbau nicht Schritt hielt, ist der Quadratmeterpreis f\u00fcr eine 60m\u00b2-Wohnung in den letzten f\u00fcnf Jahren von 6,17 Euro auf 8,77 Euro gestiegen. Der Wunsch, Traufh\u00f6hen und Biotope zu erhalten, hat paradoxerweise dazu gef\u00fchrt, dass im Verdr\u00e4ngungswettbewerb ganze Stadtteile ihr Gesicht ver\u00e4ndert haben. \u201eNeuk\u00f6lln ist \u00fcberall\u201c? Von wegen! Neuk\u00f6lln sieht t\u00e4glich mehr aus wie Prenzlauer Berg. Wir haben keine Banlieus? Bald schon. Berlin muss j\u00e4hrlich 15.000 bis 20.000 Wohnungen bauen, Fl\u00fcchtlingsunterk\u00fcnfte nicht eingerechnet. 2015 waren es zwischen 12 und 15.000, also an der unteren Grenze. Allein die sechs landeseigenen Wohnungsbaugesellschaften sollen j\u00e4hrlich 6.000 Wohnungen bauen, der Rest soll privat gebaut werden, wobei das Wohnungsbauf\u00f6rderungsgesetz vorschreibt, einen bestimmten Anteil der Wohnungen als Sozialwohnungen zu konzipieren. Das soll nicht nur f\u00fcr Menge, sondern auch f\u00fcr soziale Durchmischung sorgen.<br \/>\nDas mag gelingen, auch wenn ich aus dem Umkreis befreundeter Architekten andere Stimmen h\u00f6re. Was aber bei alledem fehlt, ist die gro\u00dfe gesellschaftliche Diskussion um das k\u00fcnftige Bild der Stadt. Zehn Gro\u00dfsiedlungen etwa sind geplant, aber die Auseinandersetzung darum bewegt sich auf der lokalen Ebene. Nichts gegen Anwohnerbefragungen und dergleichen; bei fr\u00fcheren Gro\u00dfprojekten wurden sie str\u00e4flich vernachl\u00e4ssigt. Doch muss sich Berlin endlich nicht nur fragen, was es nicht will \u2013 Hochh\u00e4user, Wohnungen auf dem Tempelhofer Feld, Mietsteigerungen und Gentrifizierung, unregulierte Ferienwohnungen und was der \u00c4rgernisse mehr sind; sondern was es will.<\/p>\n<div class=\"shariff shariff-align-left shariff-widget-align-left shariff-buttonstretch\" style=\"display:none\"><ul class=\"shariff-buttons theme-white orientation-horizontal buttonsize-medium\"><li class=\"shariff-button facebook shariff-nocustomcolor\" style=\"background-color:#4273c8\"><a href=\"https:\/\/www.facebook.com\/sharer\/sharer.php?u=https%3A%2F%2Fstarke-meinungen.de%2Fblog%2F2016%2F05%2F06%2Fwas-will-berlin-architektonisch%2F\" title=\"Bei Facebook teilen\" aria-label=\"Bei Facebook teilen\" role=\"button\" rel=\"nofollow\" class=\"shariff-link\" style=\"; background-color:#3b5998; color:#3b5998\" target=\"_blank\"><span class=\"shariff-icon\" style=\"fill:#3b5998\"><svg width=\"32px\" height=\"20px\" xmlns=\"http:\/\/www.w3.org\/2000\/svg\" viewBox=\"0 0 18 32\"><path fill=\"#3b5998\" d=\"M17.1 0.2v4.7h-2.8q-1.5 0-2.1 0.6t-0.5 1.9v3.4h5.2l-0.7 5.3h-4.5v13.6h-5.5v-13.6h-4.5v-5.3h4.5v-3.9q0-3.3 1.9-5.2t5-1.8q2.6 0 4.1 0.2z\"\/><\/svg><\/span><span class=\"shariff-text\" style=\"color:#3b5998\">teilen<\/span>&nbsp;<\/a><\/li><li class=\"shariff-button twitter shariff-nocustomcolor\" style=\"background-color:#595959\"><a href=\"https:\/\/twitter.com\/share?url=https%3A%2F%2Fstarke-meinungen.de%2Fblog%2F2016%2F05%2F06%2Fwas-will-berlin-architektonisch%2F&text=Was%20will%20Berlin%20architektonisch%3F&via=starkemeinungen\" title=\"Bei X teilen\" aria-label=\"Bei X teilen\" role=\"button\" rel=\"noopener nofollow\" class=\"shariff-link\" style=\"; background-color:#000; color:#000\" target=\"_blank\"><span class=\"shariff-icon\" style=\"fill:#000\"><svg width=\"32px\" height=\"20px\" xmlns=\"http:\/\/www.w3.org\/2000\/svg\" viewBox=\"0 0 24 24\"><path fill=\"#000\" d=\"M14.258 10.152L23.176 0h-2.113l-7.747 8.813L7.133 0H0l9.352 13.328L0 23.973h2.113l8.176-9.309 6.531 9.309h7.133zm-2.895 3.293l-.949-1.328L2.875 1.56h3.246l6.086 8.523.945 1.328 7.91 11.078h-3.246zm0 0\"\/><\/svg><\/span><span class=\"shariff-text\" style=\"color:#000\">teilen<\/span>&nbsp;<\/a><\/li><li class=\"shariff-button linkedin shariff-nocustomcolor\" style=\"background-color:#1488bf\"><a href=\"https:\/\/www.linkedin.com\/sharing\/share-offsite\/?url=https%3A%2F%2Fstarke-meinungen.de%2Fblog%2F2016%2F05%2F06%2Fwas-will-berlin-architektonisch%2F\" title=\"Bei LinkedIn teilen\" aria-label=\"Bei LinkedIn teilen\" role=\"button\" rel=\"noopener nofollow\" class=\"shariff-link\" style=\"; background-color:#0077b5; color:#0077b5\" target=\"_blank\"><span class=\"shariff-icon\" style=\"fill:#0077b5\"><svg width=\"32px\" height=\"20px\" xmlns=\"http:\/\/www.w3.org\/2000\/svg\" viewBox=\"0 0 27 32\"><path fill=\"#0077b5\" d=\"M6.2 11.2v17.7h-5.9v-17.7h5.9zM6.6 5.7q0 1.3-0.9 2.2t-2.4 0.9h0q-1.5 0-2.4-0.9t-0.9-2.2 0.9-2.2 2.4-0.9 2.4 0.9 0.9 2.2zM27.4 18.7v10.1h-5.9v-9.5q0-1.9-0.7-2.9t-2.3-1.1q-1.1 0-1.9 0.6t-1.2 1.5q-0.2 0.5-0.2 1.4v9.9h-5.9q0-7.1 0-11.6t0-5.3l0-0.9h5.9v2.6h0q0.4-0.6 0.7-1t1-0.9 1.6-0.8 2-0.3q3 0 4.9 2t1.9 6z\"\/><\/svg><\/span><span class=\"shariff-text\" style=\"color:#0077b5\">teilen<\/span>&nbsp;<\/a><\/li><li class=\"shariff-button xing shariff-nocustomcolor\" style=\"background-color:#29888a\"><a href=\"https:\/\/www.xing.com\/spi\/shares\/new?url=https%3A%2F%2Fstarke-meinungen.de%2Fblog%2F2016%2F05%2F06%2Fwas-will-berlin-architektonisch%2F\" title=\"Bei XING teilen\" aria-label=\"Bei XING teilen\" role=\"button\" rel=\"noopener nofollow\" class=\"shariff-link\" style=\"; background-color:#126567; color:#126567\" target=\"_blank\"><span class=\"shariff-icon\" style=\"fill:#126567\"><svg width=\"32px\" height=\"20px\" xmlns=\"http:\/\/www.w3.org\/2000\/svg\" viewBox=\"0 0 25 32\"><path fill=\"#126567\" d=\"M10.7 11.9q-0.2 0.3-4.6 8.2-0.5 0.8-1.2 0.8h-4.3q-0.4 0-0.5-0.3t0-0.6l4.5-8q0 0 0 0l-2.9-5q-0.2-0.4 0-0.7 0.2-0.3 0.5-0.3h4.3q0.7 0 1.2 0.8zM25.1 0.4q0.2 0.3 0 0.7l-9.4 16.7 6 11q0.2 0.4 0 0.6-0.2 0.3-0.6 0.3h-4.3q-0.7 0-1.2-0.8l-6-11.1q0.3-0.6 9.5-16.8 0.4-0.8 1.2-0.8h4.3q0.4 0 0.5 0.3z\"\/><\/svg><\/span><span class=\"shariff-text\" style=\"color:#126567\">teilen<\/span>&nbsp;<\/a><\/li><li class=\"shariff-button whatsapp shariff-nocustomcolor\" style=\"background-color:#5cbe4a\"><a href=\"https:\/\/api.whatsapp.com\/send?text=https%3A%2F%2Fstarke-meinungen.de%2Fblog%2F2016%2F05%2F06%2Fwas-will-berlin-architektonisch%2F%20Was%20will%20Berlin%20architektonisch%3F\" title=\"Bei Whatsapp teilen\" aria-label=\"Bei Whatsapp teilen\" role=\"button\" rel=\"noopener nofollow\" class=\"shariff-link\" style=\"; background-color:#34af23; color:#34af23\" target=\"_blank\"><span class=\"shariff-icon\" style=\"fill:#34af23\"><svg width=\"32px\" height=\"20px\" xmlns=\"http:\/\/www.w3.org\/2000\/svg\" viewBox=\"0 0 32 32\"><path fill=\"#34af23\" d=\"M17.6 17.4q0.2 0 1.7 0.8t1.6 0.9q0 0.1 0 0.3 0 0.6-0.3 1.4-0.3 0.7-1.3 1.2t-1.8 0.5q-1 0-3.4-1.1-1.7-0.8-3-2.1t-2.6-3.3q-1.3-1.9-1.3-3.5v-0.1q0.1-1.6 1.3-2.8 0.4-0.4 0.9-0.4 0.1 0 0.3 0t0.3 0q0.3 0 0.5 0.1t0.3 0.5q0.1 0.4 0.6 1.6t0.4 1.3q0 0.4-0.6 1t-0.6 0.8q0 0.1 0.1 0.3 0.6 1.3 1.8 2.4 1 0.9 2.7 1.8 0.2 0.1 0.4 0.1 0.3 0 1-0.9t0.9-0.9zM14 26.9q2.3 0 4.3-0.9t3.6-2.4 2.4-3.6 0.9-4.3-0.9-4.3-2.4-3.6-3.6-2.4-4.3-0.9-4.3 0.9-3.6 2.4-2.4 3.6-0.9 4.3q0 3.6 2.1 6.6l-1.4 4.2 4.3-1.4q2.8 1.9 6.2 1.9zM14 2.2q2.7 0 5.2 1.1t4.3 2.9 2.9 4.3 1.1 5.2-1.1 5.2-2.9 4.3-4.3 2.9-5.2 1.1q-3.5 0-6.5-1.7l-7.4 2.4 2.4-7.2q-1.9-3.2-1.9-6.9 0-2.7 1.1-5.2t2.9-4.3 4.3-2.9 5.2-1.1z\"\/><\/svg><\/span><span class=\"shariff-text\" style=\"color:#34af23\">teilen<\/span>&nbsp;<\/a><\/li><li class=\"shariff-button info shariff-nocustomcolor\" style=\"background-color:#a8a8a8\"><a href=\"http:\/\/ct.de\/-2467514\" title=\"Weitere Informationen\" aria-label=\"Weitere Informationen\" role=\"button\" rel=\"noopener \" class=\"shariff-link\" style=\"; background-color:#999; color:#999\" target=\"_blank\"><span class=\"shariff-icon\" style=\"fill:#999\"><svg width=\"32px\" height=\"20px\" xmlns=\"http:\/\/www.w3.org\/2000\/svg\" viewBox=\"0 0 11 32\"><path fill=\"#999\" d=\"M11.4 24v2.3q0 0.5-0.3 0.8t-0.8 0.4h-9.1q-0.5 0-0.8-0.4t-0.4-0.8v-2.3q0-0.5 0.4-0.8t0.8-0.4h1.1v-6.8h-1.1q-0.5 0-0.8-0.4t-0.4-0.8v-2.3q0-0.5 0.4-0.8t0.8-0.4h6.8q0.5 0 0.8 0.4t0.4 0.8v10.3h1.1q0.5 0 0.8 0.4t0.3 0.8zM9.2 3.4v3.4q0 0.5-0.4 0.8t-0.8 0.4h-4.6q-0.4 0-0.8-0.4t-0.4-0.8v-3.4q0-0.4 0.4-0.8t0.8-0.4h4.6q0.5 0 0.8 0.4t0.4 0.8z\"\/><\/svg><\/span><\/a><\/li><\/ul><\/div>","protected":false},"excerpt":{"rendered":"<p>\u201eIch denke mir in der Gegend zwischen Potsdamer Platz und Alexanderplatz jede Baubeschr\u00e4nkung aufgehoben. Hier entstehen m\u00e4chtige Bautenreihen aus Glas, Stein und Eisen, so hoch, wie das Bed\u00fcrfnis es verlangt und der Baugrund es zul\u00e4sst\u2026\u201c So tr\u00e4umte sich Walter Rathenau 1902 ein Gesch\u00e4ftszentrum Berlins herbei, das er schon damals mit dem englischen Wort City bezeichnete.<\/p>\n","protected":false},"author":13,"featured_media":0,"comment_status":"open","ping_status":"open","sticky":false,"template":"","format":"standard","meta":{"footnotes":""},"categories":[209,1],"tags":[459,2118,2729,2728,2629,2730,2427],"class_list":["post-6062","post","type-post","status-publish","format-standard","hentry","category-alan-posener","category-allgemein","tag-berlin","tag-gentrifizierung","tag-mieten","tag-staedtebau","tag-tempelhofer-feld","tag-walter-rathenau","tag-wohnungsbau"],"yoast_head":"<!-- This site is optimized with the Yoast SEO plugin v27.5 - https:\/\/yoast.com\/product\/yoast-seo-wordpress\/ -->\n<title>Was will Berlin architektonisch? - starke-meinungen.de<\/title>\n<meta name=\"robots\" content=\"index, follow, max-snippet:-1, max-image-preview:large, max-video-preview:-1\" \/>\n<link rel=\"canonical\" href=\"https:\/\/starke-meinungen.de\/blog\/2016\/05\/06\/was-will-berlin-architektonisch\/\" \/>\n<meta property=\"og:locale\" content=\"de_DE\" \/>\n<meta property=\"og:type\" content=\"article\" \/>\n<meta property=\"og:title\" content=\"Was will Berlin architektonisch? - starke-meinungen.de\" \/>\n<meta property=\"og:description\" content=\"\u201eIch denke mir in der Gegend zwischen Potsdamer Platz und Alexanderplatz jede Baubeschr\u00e4nkung aufgehoben. Hier entstehen m\u00e4chtige Bautenreihen aus Glas, Stein und Eisen, so hoch, wie das Bed\u00fcrfnis es verlangt und der Baugrund es zul\u00e4sst\u2026\u201c So tr\u00e4umte sich Walter Rathenau 1902 ein Gesch\u00e4ftszentrum Berlins herbei, das er schon damals mit dem englischen Wort City bezeichnete.\" \/>\n<meta property=\"og:url\" content=\"https:\/\/starke-meinungen.de\/blog\/2016\/05\/06\/was-will-berlin-architektonisch\/\" \/>\n<meta property=\"og:site_name\" content=\"starke-meinungen.de\" \/>\n<meta property=\"article:publisher\" content=\"https:\/\/www.facebook.com\/starkemeinungen\/\" \/>\n<meta property=\"article:published_time\" content=\"2016-05-06T07:15:24+00:00\" \/>\n<meta property=\"og:image\" content=\"https:\/\/starke-meinungen.de\/blog\/wp-content\/uploads\/starke-meinungen-fb-header.jpg\" \/>\n\t<meta property=\"og:image:width\" content=\"1200\" \/>\n\t<meta property=\"og:image:height\" content=\"630\" \/>\n\t<meta property=\"og:image:type\" content=\"image\/jpeg\" \/>\n<meta name=\"author\" content=\"Alan Posener\" \/>\n<meta name=\"twitter:card\" content=\"summary_large_image\" \/>\n<meta name=\"twitter:creator\" content=\"@starkemeinungen\" \/>\n<meta name=\"twitter:site\" content=\"@starkemeinungen\" \/>\n<meta name=\"twitter:label1\" content=\"Verfasst von\" \/>\n\t<meta name=\"twitter:data1\" content=\"Alan Posener\" \/>\n\t<meta name=\"twitter:label2\" content=\"Gesch\u00e4tzte Lesezeit\" \/>\n\t<meta name=\"twitter:data2\" content=\"4\u00a0Minuten\" \/>\n<script type=\"application\/ld+json\" class=\"yoast-schema-graph\">{\"@context\":\"https:\\\/\\\/schema.org\",\"@graph\":[{\"@type\":\"Article\",\"@id\":\"https:\\\/\\\/starke-meinungen.de\\\/blog\\\/2016\\\/05\\\/06\\\/was-will-berlin-architektonisch\\\/#article\",\"isPartOf\":{\"@id\":\"https:\\\/\\\/starke-meinungen.de\\\/blog\\\/2016\\\/05\\\/06\\\/was-will-berlin-architektonisch\\\/\"},\"author\":{\"name\":\"Alan Posener\",\"@id\":\"https:\\\/\\\/starke-meinungen.de\\\/blog\\\/#\\\/schema\\\/person\\\/32d0faef7c31a37c1c89be993d7a6d28\"},\"headline\":\"Was will Berlin architektonisch?\",\"datePublished\":\"2016-05-06T07:15:24+00:00\",\"mainEntityOfPage\":{\"@id\":\"https:\\\/\\\/starke-meinungen.de\\\/blog\\\/2016\\\/05\\\/06\\\/was-will-berlin-architektonisch\\\/\"},\"wordCount\":900,\"commentCount\":17,\"publisher\":{\"@id\":\"https:\\\/\\\/starke-meinungen.de\\\/blog\\\/#organization\"},\"keywords\":[\"Berlin\",\"Gentrifizierung\",\"Mieten\",\"St\u00e4dtebau\",\"Tempelhofer Feld\",\"Walter Rathenau\",\"Wohnungsbau\"],\"articleSection\":[\"Alan Posener\"],\"inLanguage\":\"de\",\"potentialAction\":[{\"@type\":\"CommentAction\",\"name\":\"Comment\",\"target\":[\"https:\\\/\\\/starke-meinungen.de\\\/blog\\\/2016\\\/05\\\/06\\\/was-will-berlin-architektonisch\\\/#respond\"]}]},{\"@type\":\"WebPage\",\"@id\":\"https:\\\/\\\/starke-meinungen.de\\\/blog\\\/2016\\\/05\\\/06\\\/was-will-berlin-architektonisch\\\/\",\"url\":\"https:\\\/\\\/starke-meinungen.de\\\/blog\\\/2016\\\/05\\\/06\\\/was-will-berlin-architektonisch\\\/\",\"name\":\"Was will Berlin architektonisch? - starke-meinungen.de\",\"isPartOf\":{\"@id\":\"https:\\\/\\\/starke-meinungen.de\\\/blog\\\/#website\"},\"datePublished\":\"2016-05-06T07:15:24+00:00\",\"breadcrumb\":{\"@id\":\"https:\\\/\\\/starke-meinungen.de\\\/blog\\\/2016\\\/05\\\/06\\\/was-will-berlin-architektonisch\\\/#breadcrumb\"},\"inLanguage\":\"de\",\"potentialAction\":[{\"@type\":\"ReadAction\",\"target\":[\"https:\\\/\\\/starke-meinungen.de\\\/blog\\\/2016\\\/05\\\/06\\\/was-will-berlin-architektonisch\\\/\"]}]},{\"@type\":\"BreadcrumbList\",\"@id\":\"https:\\\/\\\/starke-meinungen.de\\\/blog\\\/2016\\\/05\\\/06\\\/was-will-berlin-architektonisch\\\/#breadcrumb\",\"itemListElement\":[{\"@type\":\"ListItem\",\"position\":1,\"name\":\"Startseite\",\"item\":\"https:\\\/\\\/starke-meinungen.de\\\/blog\\\/\"},{\"@type\":\"ListItem\",\"position\":2,\"name\":\"Was will Berlin architektonisch?\"}]},{\"@type\":\"WebSite\",\"@id\":\"https:\\\/\\\/starke-meinungen.de\\\/blog\\\/#website\",\"url\":\"https:\\\/\\\/starke-meinungen.de\\\/blog\\\/\",\"name\":\"starke-meinungen.de\",\"description\":\"Autoren-Blog\",\"publisher\":{\"@id\":\"https:\\\/\\\/starke-meinungen.de\\\/blog\\\/#organization\"},\"potentialAction\":[{\"@type\":\"SearchAction\",\"target\":{\"@type\":\"EntryPoint\",\"urlTemplate\":\"https:\\\/\\\/starke-meinungen.de\\\/blog\\\/?s={search_term_string}\"},\"query-input\":{\"@type\":\"PropertyValueSpecification\",\"valueRequired\":true,\"valueName\":\"search_term_string\"}}],\"inLanguage\":\"de\"},{\"@type\":\"Organization\",\"@id\":\"https:\\\/\\\/starke-meinungen.de\\\/blog\\\/#organization\",\"name\":\"starke-meinungen.de\",\"url\":\"https:\\\/\\\/starke-meinungen.de\\\/blog\\\/\",\"logo\":{\"@type\":\"ImageObject\",\"inLanguage\":\"de\",\"@id\":\"https:\\\/\\\/starke-meinungen.de\\\/blog\\\/#\\\/schema\\\/logo\\\/image\\\/\",\"url\":\"https:\\\/\\\/starke-meinungen.de\\\/blog\\\/wp-content\\\/uploads\\\/starke-meinungen-fb-header.jpg\",\"contentUrl\":\"https:\\\/\\\/starke-meinungen.de\\\/blog\\\/wp-content\\\/uploads\\\/starke-meinungen-fb-header.jpg\",\"width\":1200,\"height\":630,\"caption\":\"starke-meinungen.de\"},\"image\":{\"@id\":\"https:\\\/\\\/starke-meinungen.de\\\/blog\\\/#\\\/schema\\\/logo\\\/image\\\/\"},\"sameAs\":[\"https:\\\/\\\/www.facebook.com\\\/starkemeinungen\\\/\",\"https:\\\/\\\/x.com\\\/starkemeinungen\"]},{\"@type\":\"Person\",\"@id\":\"https:\\\/\\\/starke-meinungen.de\\\/blog\\\/#\\\/schema\\\/person\\\/32d0faef7c31a37c1c89be993d7a6d28\",\"name\":\"Alan Posener\",\"image\":{\"@type\":\"ImageObject\",\"inLanguage\":\"de\",\"@id\":\"https:\\\/\\\/secure.gravatar.com\\\/avatar\\\/c75c8818a9ab78c4faa75048dba7844e2587998cda4d93f84e7d86f7e21a9b90?s=96&d=mm&r=g\",\"url\":\"https:\\\/\\\/secure.gravatar.com\\\/avatar\\\/c75c8818a9ab78c4faa75048dba7844e2587998cda4d93f84e7d86f7e21a9b90?s=96&d=mm&r=g\",\"contentUrl\":\"https:\\\/\\\/secure.gravatar.com\\\/avatar\\\/c75c8818a9ab78c4faa75048dba7844e2587998cda4d93f84e7d86f7e21a9b90?s=96&d=mm&r=g\",\"caption\":\"Alan Posener\"},\"url\":\"https:\\\/\\\/starke-meinungen.de\\\/blog\\\/author\\\/posener\\\/\"}]}<\/script>\n<!-- \/ Yoast SEO plugin. -->","yoast_head_json":{"title":"Was will Berlin architektonisch? - starke-meinungen.de","robots":{"index":"index","follow":"follow","max-snippet":"max-snippet:-1","max-image-preview":"max-image-preview:large","max-video-preview":"max-video-preview:-1"},"canonical":"https:\/\/starke-meinungen.de\/blog\/2016\/05\/06\/was-will-berlin-architektonisch\/","og_locale":"de_DE","og_type":"article","og_title":"Was will Berlin architektonisch? - starke-meinungen.de","og_description":"\u201eIch denke mir in der Gegend zwischen Potsdamer Platz und Alexanderplatz jede Baubeschr\u00e4nkung aufgehoben. Hier entstehen m\u00e4chtige Bautenreihen aus Glas, Stein und Eisen, so hoch, wie das Bed\u00fcrfnis es verlangt und der Baugrund es zul\u00e4sst\u2026\u201c So tr\u00e4umte sich Walter Rathenau 1902 ein Gesch\u00e4ftszentrum Berlins herbei, das er schon damals mit dem englischen Wort City bezeichnete.","og_url":"https:\/\/starke-meinungen.de\/blog\/2016\/05\/06\/was-will-berlin-architektonisch\/","og_site_name":"starke-meinungen.de","article_publisher":"https:\/\/www.facebook.com\/starkemeinungen\/","article_published_time":"2016-05-06T07:15:24+00:00","og_image":[{"width":1200,"height":630,"url":"https:\/\/starke-meinungen.de\/blog\/wp-content\/uploads\/starke-meinungen-fb-header.jpg","type":"image\/jpeg"}],"author":"Alan Posener","twitter_card":"summary_large_image","twitter_creator":"@starkemeinungen","twitter_site":"@starkemeinungen","twitter_misc":{"Verfasst von":"Alan Posener","Gesch\u00e4tzte Lesezeit":"4\u00a0Minuten"},"schema":{"@context":"https:\/\/schema.org","@graph":[{"@type":"Article","@id":"https:\/\/starke-meinungen.de\/blog\/2016\/05\/06\/was-will-berlin-architektonisch\/#article","isPartOf":{"@id":"https:\/\/starke-meinungen.de\/blog\/2016\/05\/06\/was-will-berlin-architektonisch\/"},"author":{"name":"Alan Posener","@id":"https:\/\/starke-meinungen.de\/blog\/#\/schema\/person\/32d0faef7c31a37c1c89be993d7a6d28"},"headline":"Was will Berlin architektonisch?","datePublished":"2016-05-06T07:15:24+00:00","mainEntityOfPage":{"@id":"https:\/\/starke-meinungen.de\/blog\/2016\/05\/06\/was-will-berlin-architektonisch\/"},"wordCount":900,"commentCount":17,"publisher":{"@id":"https:\/\/starke-meinungen.de\/blog\/#organization"},"keywords":["Berlin","Gentrifizierung","Mieten","St\u00e4dtebau","Tempelhofer Feld","Walter Rathenau","Wohnungsbau"],"articleSection":["Alan Posener"],"inLanguage":"de","potentialAction":[{"@type":"CommentAction","name":"Comment","target":["https:\/\/starke-meinungen.de\/blog\/2016\/05\/06\/was-will-berlin-architektonisch\/#respond"]}]},{"@type":"WebPage","@id":"https:\/\/starke-meinungen.de\/blog\/2016\/05\/06\/was-will-berlin-architektonisch\/","url":"https:\/\/starke-meinungen.de\/blog\/2016\/05\/06\/was-will-berlin-architektonisch\/","name":"Was will Berlin architektonisch? - starke-meinungen.de","isPartOf":{"@id":"https:\/\/starke-meinungen.de\/blog\/#website"},"datePublished":"2016-05-06T07:15:24+00:00","breadcrumb":{"@id":"https:\/\/starke-meinungen.de\/blog\/2016\/05\/06\/was-will-berlin-architektonisch\/#breadcrumb"},"inLanguage":"de","potentialAction":[{"@type":"ReadAction","target":["https:\/\/starke-meinungen.de\/blog\/2016\/05\/06\/was-will-berlin-architektonisch\/"]}]},{"@type":"BreadcrumbList","@id":"https:\/\/starke-meinungen.de\/blog\/2016\/05\/06\/was-will-berlin-architektonisch\/#breadcrumb","itemListElement":[{"@type":"ListItem","position":1,"name":"Startseite","item":"https:\/\/starke-meinungen.de\/blog\/"},{"@type":"ListItem","position":2,"name":"Was will Berlin architektonisch?"}]},{"@type":"WebSite","@id":"https:\/\/starke-meinungen.de\/blog\/#website","url":"https:\/\/starke-meinungen.de\/blog\/","name":"starke-meinungen.de","description":"Autoren-Blog","publisher":{"@id":"https:\/\/starke-meinungen.de\/blog\/#organization"},"potentialAction":[{"@type":"SearchAction","target":{"@type":"EntryPoint","urlTemplate":"https:\/\/starke-meinungen.de\/blog\/?s={search_term_string}"},"query-input":{"@type":"PropertyValueSpecification","valueRequired":true,"valueName":"search_term_string"}}],"inLanguage":"de"},{"@type":"Organization","@id":"https:\/\/starke-meinungen.de\/blog\/#organization","name":"starke-meinungen.de","url":"https:\/\/starke-meinungen.de\/blog\/","logo":{"@type":"ImageObject","inLanguage":"de","@id":"https:\/\/starke-meinungen.de\/blog\/#\/schema\/logo\/image\/","url":"https:\/\/starke-meinungen.de\/blog\/wp-content\/uploads\/starke-meinungen-fb-header.jpg","contentUrl":"https:\/\/starke-meinungen.de\/blog\/wp-content\/uploads\/starke-meinungen-fb-header.jpg","width":1200,"height":630,"caption":"starke-meinungen.de"},"image":{"@id":"https:\/\/starke-meinungen.de\/blog\/#\/schema\/logo\/image\/"},"sameAs":["https:\/\/www.facebook.com\/starkemeinungen\/","https:\/\/x.com\/starkemeinungen"]},{"@type":"Person","@id":"https:\/\/starke-meinungen.de\/blog\/#\/schema\/person\/32d0faef7c31a37c1c89be993d7a6d28","name":"Alan Posener","image":{"@type":"ImageObject","inLanguage":"de","@id":"https:\/\/secure.gravatar.com\/avatar\/c75c8818a9ab78c4faa75048dba7844e2587998cda4d93f84e7d86f7e21a9b90?s=96&d=mm&r=g","url":"https:\/\/secure.gravatar.com\/avatar\/c75c8818a9ab78c4faa75048dba7844e2587998cda4d93f84e7d86f7e21a9b90?s=96&d=mm&r=g","contentUrl":"https:\/\/secure.gravatar.com\/avatar\/c75c8818a9ab78c4faa75048dba7844e2587998cda4d93f84e7d86f7e21a9b90?s=96&d=mm&r=g","caption":"Alan Posener"},"url":"https:\/\/starke-meinungen.de\/blog\/author\/posener\/"}]}},"_links":{"self":[{"href":"https:\/\/starke-meinungen.de\/blog\/wp-json\/wp\/v2\/posts\/6062","targetHints":{"allow":["GET"]}}],"collection":[{"href":"https:\/\/starke-meinungen.de\/blog\/wp-json\/wp\/v2\/posts"}],"about":[{"href":"https:\/\/starke-meinungen.de\/blog\/wp-json\/wp\/v2\/types\/post"}],"author":[{"embeddable":true,"href":"https:\/\/starke-meinungen.de\/blog\/wp-json\/wp\/v2\/users\/13"}],"replies":[{"embeddable":true,"href":"https:\/\/starke-meinungen.de\/blog\/wp-json\/wp\/v2\/comments?post=6062"}],"version-history":[{"count":1,"href":"https:\/\/starke-meinungen.de\/blog\/wp-json\/wp\/v2\/posts\/6062\/revisions"}],"predecessor-version":[{"id":6063,"href":"https:\/\/starke-meinungen.de\/blog\/wp-json\/wp\/v2\/posts\/6062\/revisions\/6063"}],"wp:attachment":[{"href":"https:\/\/starke-meinungen.de\/blog\/wp-json\/wp\/v2\/media?parent=6062"}],"wp:term":[{"taxonomy":"category","embeddable":true,"href":"https:\/\/starke-meinungen.de\/blog\/wp-json\/wp\/v2\/categories?post=6062"},{"taxonomy":"post_tag","embeddable":true,"href":"https:\/\/starke-meinungen.de\/blog\/wp-json\/wp\/v2\/tags?post=6062"}],"curies":[{"name":"wp","href":"https:\/\/api.w.org\/{rel}","templated":true}]}}