

{"id":606,"date":"2009-11-25T09:27:20","date_gmt":"2009-11-25T08:27:20","guid":{"rendered":"https:\/\/starke-meinungen.de\/blog\/?p=606"},"modified":"2009-11-25T09:27:20","modified_gmt":"2009-11-25T08:27:20","slug":"merkels-politikstil-hat-mehr-mit-macht-als-mit-naturwissenschaft-zu-tun","status":"publish","type":"post","link":"https:\/\/starke-meinungen.de\/blog\/2009\/11\/25\/merkels-politikstil-hat-mehr-mit-macht-als-mit-naturwissenschaft-zu-tun\/","title":{"rendered":"Merkels Politikstil hat mehr mit Macht als mit Naturwissenschaft zu tun"},"content":{"rendered":"<p>Wenn ich noch einmal irgendwo lese, dass Angela Merkels Politikstil darauf zur\u00fcckzuf\u00fchren sei, dass sie Naturwissenschaftlerin ist, schreie ich. Ich meine, Klischees sind ja ganz hilfreich bei der Sortierung der Wirklichkeit, und zuweilen stimmen sie auch, aber was haben wir f\u00fcr eine Vorstellung von Naturwissenschaftlern?\u00a0 Galileo Galilei, Charles Darwin, Albert Einstein, Stephen Hawking \u2013 Angela Merkel? Hallo?<\/p>\n<p>Wie die Beispiele zeigen, und sie lie\u00dfen sich erweitern, ist die Vorstellung von der n\u00fcchtern kalkulierenden Naturwissenschaftlerin (im Gegensatz zum intuitiv handelnden Politiker) Bl\u00f6dsinn. <!--more-->Klar, die meisten\u00a0 PhysikerInnen, ChemikerInnen, BiologInnen usw. sind Erbsenz\u00e4hler. Aber das Geheimnis naturwissenschaftlicher Revolutionen ist das Denken au\u00dferhalb der gewohnten Parameter. Ein Denken, das auf der gr\u00f6\u00dften Tugend der Naturwissenschaften beruht: der bedingungslosen Neugierde.<\/p>\n<p>Nun will ich Angela Merkel weder die Neugierde absprechen noch leugnen, dass sie die CDU revolutioniert hat. Aber ihr ging und geht es weder darum, Neues zu entdecken, noch die Gesetzm\u00e4\u00dfigkeiten des Neuen zu erforschen und auszunutzen. Merkel hat im Gegenteil das Alte entdeckt und seine Gesetzm\u00e4\u00dfigkeiten angewendet.<\/p>\n<p>Ihre Vorbilder sind Konrad Adenauer und Helmut Kohl. Adenauer propagierte die Losung \u201eKeine Experimente!\u201c und revolutionierte Westdeutschland durch die Westbindung, ohne dass es den Menschen auffiel. Kohl propagierte eine \u201egeistig-moralische Wende\u201c, und unter seiner \u00c4gide wurde Deutschland so rot-gr\u00fcn, dass der darauf folgenden Regierung Schr\u00f6der-Fischer nichts anderes \u00fcbrig blieb, als ihrerseits eine geistig-moralische Wende im Kohl\u2019schen Sinne einzuleiten, die Agenda 2010.<\/p>\n<p>Merkel wei\u00df, dass die Globalisierung und die Europ\u00e4isierung, die Alterung der Gesellschaft und die Zuwanderung, die explodierende Staatsverschuldung und der industrielle Niedergang \u2013 um nur die wichtigsten Faktoren zu nennen \u2013 Deutschland \u00e4ndern werden. Wie genau, das kann sie ebenso wenig sagen wie irgendeiner der selbsternannten \u201eZukunftsforscher\u201c oder \u201eWirtschaftsweisen\u201c (die allesamt etwa die Finanzkrise in ihren Szenarien nicht vorhersahen und daher allesamt in die Scharlatan-Ecke gestellt geh\u00f6ren). Schon gar nicht kann sie das Kommende, wie eine Naturwissenschaftlerin, im Experiment oder in der Computersimulation vorwegnehmen.<\/p>\n<p>Sie meint einfach, sie sei die Beste, um das Land durch diese unsichere Zeit zu lenken. Was man angesichts der Alternativen nicht wirklich bestreiten kann. Leider, den so dolle werden wir auch nicht regiert. Wer Merkels Macht gef\u00e4hrlich werden k\u00f6nnte, wird kaltgestellt. Wie bei Adenauer. Wie bei Kohl. Und so kann ein Herr Pofalla Kabinettsminister werden. Was am Ende das Fazit der \u00c4ra Merkel sein wird, das wei\u00df sie ebenso wenig wie wir es wissen. Sie will nur \u2013 mit dem hei\u00dfen Machtinstinkt der Politikerin, nicht mit den k\u00fchlen Berechnungen der Naturwissenschaftlerin \u2013 daf\u00fcr sorgen, dass es eine \u00c4ra wird und keine Episode.<\/p>\n<div class=\"shariff shariff-align-left shariff-widget-align-left shariff-buttonstretch\" style=\"display:none\"><ul class=\"shariff-buttons theme-white orientation-horizontal buttonsize-medium\"><li class=\"shariff-button facebook shariff-nocustomcolor\" style=\"background-color:#4273c8\"><a href=\"https:\/\/www.facebook.com\/sharer\/sharer.php?u=https%3A%2F%2Fstarke-meinungen.de%2Fblog%2F2009%2F11%2F25%2Fmerkels-politikstil-hat-mehr-mit-macht-als-mit-naturwissenschaft-zu-tun%2F\" title=\"Bei Facebook teilen\" aria-label=\"Bei Facebook teilen\" role=\"button\" rel=\"nofollow\" class=\"shariff-link\" style=\"; background-color:#3b5998; color:#3b5998\" target=\"_blank\"><span class=\"shariff-icon\" style=\"fill:#3b5998\"><svg width=\"32px\" height=\"20px\" xmlns=\"http:\/\/www.w3.org\/2000\/svg\" viewBox=\"0 0 18 32\"><path fill=\"#3b5998\" d=\"M17.1 0.2v4.7h-2.8q-1.5 0-2.1 0.6t-0.5 1.9v3.4h5.2l-0.7 5.3h-4.5v13.6h-5.5v-13.6h-4.5v-5.3h4.5v-3.9q0-3.3 1.9-5.2t5-1.8q2.6 0 4.1 0.2z\"\/><\/svg><\/span><span class=\"shariff-text\" style=\"color:#3b5998\">teilen<\/span>&nbsp;<\/a><\/li><li class=\"shariff-button twitter shariff-nocustomcolor\" style=\"background-color:#595959\"><a href=\"https:\/\/twitter.com\/share?url=https%3A%2F%2Fstarke-meinungen.de%2Fblog%2F2009%2F11%2F25%2Fmerkels-politikstil-hat-mehr-mit-macht-als-mit-naturwissenschaft-zu-tun%2F&text=Merkels%20Politikstil%20hat%20mehr%20mit%20Macht%20als%20mit%20Naturwissenschaft%20zu%20tun&via=starkemeinungen\" title=\"Bei X teilen\" aria-label=\"Bei X teilen\" role=\"button\" rel=\"noopener nofollow\" class=\"shariff-link\" style=\"; background-color:#000; color:#000\" target=\"_blank\"><span class=\"shariff-icon\" style=\"fill:#000\"><svg width=\"32px\" height=\"20px\" xmlns=\"http:\/\/www.w3.org\/2000\/svg\" viewBox=\"0 0 24 24\"><path fill=\"#000\" d=\"M14.258 10.152L23.176 0h-2.113l-7.747 8.813L7.133 0H0l9.352 13.328L0 23.973h2.113l8.176-9.309 6.531 9.309h7.133zm-2.895 3.293l-.949-1.328L2.875 1.56h3.246l6.086 8.523.945 1.328 7.91 11.078h-3.246zm0 0\"\/><\/svg><\/span><span class=\"shariff-text\" style=\"color:#000\">teilen<\/span>&nbsp;<\/a><\/li><li class=\"shariff-button linkedin shariff-nocustomcolor\" style=\"background-color:#1488bf\"><a href=\"https:\/\/www.linkedin.com\/sharing\/share-offsite\/?url=https%3A%2F%2Fstarke-meinungen.de%2Fblog%2F2009%2F11%2F25%2Fmerkels-politikstil-hat-mehr-mit-macht-als-mit-naturwissenschaft-zu-tun%2F\" title=\"Bei LinkedIn teilen\" aria-label=\"Bei LinkedIn teilen\" role=\"button\" rel=\"noopener nofollow\" class=\"shariff-link\" style=\"; background-color:#0077b5; color:#0077b5\" target=\"_blank\"><span class=\"shariff-icon\" style=\"fill:#0077b5\"><svg width=\"32px\" height=\"20px\" xmlns=\"http:\/\/www.w3.org\/2000\/svg\" viewBox=\"0 0 27 32\"><path fill=\"#0077b5\" d=\"M6.2 11.2v17.7h-5.9v-17.7h5.9zM6.6 5.7q0 1.3-0.9 2.2t-2.4 0.9h0q-1.5 0-2.4-0.9t-0.9-2.2 0.9-2.2 2.4-0.9 2.4 0.9 0.9 2.2zM27.4 18.7v10.1h-5.9v-9.5q0-1.9-0.7-2.9t-2.3-1.1q-1.1 0-1.9 0.6t-1.2 1.5q-0.2 0.5-0.2 1.4v9.9h-5.9q0-7.1 0-11.6t0-5.3l0-0.9h5.9v2.6h0q0.4-0.6 0.7-1t1-0.9 1.6-0.8 2-0.3q3 0 4.9 2t1.9 6z\"\/><\/svg><\/span><span class=\"shariff-text\" style=\"color:#0077b5\">teilen<\/span>&nbsp;<\/a><\/li><li class=\"shariff-button xing shariff-nocustomcolor\" style=\"background-color:#29888a\"><a href=\"https:\/\/www.xing.com\/spi\/shares\/new?url=https%3A%2F%2Fstarke-meinungen.de%2Fblog%2F2009%2F11%2F25%2Fmerkels-politikstil-hat-mehr-mit-macht-als-mit-naturwissenschaft-zu-tun%2F\" title=\"Bei XING teilen\" aria-label=\"Bei XING teilen\" role=\"button\" rel=\"noopener nofollow\" class=\"shariff-link\" style=\"; background-color:#126567; color:#126567\" target=\"_blank\"><span class=\"shariff-icon\" style=\"fill:#126567\"><svg width=\"32px\" height=\"20px\" xmlns=\"http:\/\/www.w3.org\/2000\/svg\" viewBox=\"0 0 25 32\"><path fill=\"#126567\" d=\"M10.7 11.9q-0.2 0.3-4.6 8.2-0.5 0.8-1.2 0.8h-4.3q-0.4 0-0.5-0.3t0-0.6l4.5-8q0 0 0 0l-2.9-5q-0.2-0.4 0-0.7 0.2-0.3 0.5-0.3h4.3q0.7 0 1.2 0.8zM25.1 0.4q0.2 0.3 0 0.7l-9.4 16.7 6 11q0.2 0.4 0 0.6-0.2 0.3-0.6 0.3h-4.3q-0.7 0-1.2-0.8l-6-11.1q0.3-0.6 9.5-16.8 0.4-0.8 1.2-0.8h4.3q0.4 0 0.5 0.3z\"\/><\/svg><\/span><span class=\"shariff-text\" style=\"color:#126567\">teilen<\/span>&nbsp;<\/a><\/li><li class=\"shariff-button whatsapp shariff-nocustomcolor\" style=\"background-color:#5cbe4a\"><a href=\"https:\/\/api.whatsapp.com\/send?text=https%3A%2F%2Fstarke-meinungen.de%2Fblog%2F2009%2F11%2F25%2Fmerkels-politikstil-hat-mehr-mit-macht-als-mit-naturwissenschaft-zu-tun%2F%20Merkels%20Politikstil%20hat%20mehr%20mit%20Macht%20als%20mit%20Naturwissenschaft%20zu%20tun\" title=\"Bei Whatsapp teilen\" aria-label=\"Bei Whatsapp teilen\" role=\"button\" rel=\"noopener nofollow\" class=\"shariff-link\" style=\"; background-color:#34af23; color:#34af23\" target=\"_blank\"><span class=\"shariff-icon\" style=\"fill:#34af23\"><svg width=\"32px\" height=\"20px\" xmlns=\"http:\/\/www.w3.org\/2000\/svg\" viewBox=\"0 0 32 32\"><path fill=\"#34af23\" d=\"M17.6 17.4q0.2 0 1.7 0.8t1.6 0.9q0 0.1 0 0.3 0 0.6-0.3 1.4-0.3 0.7-1.3 1.2t-1.8 0.5q-1 0-3.4-1.1-1.7-0.8-3-2.1t-2.6-3.3q-1.3-1.9-1.3-3.5v-0.1q0.1-1.6 1.3-2.8 0.4-0.4 0.9-0.4 0.1 0 0.3 0t0.3 0q0.3 0 0.5 0.1t0.3 0.5q0.1 0.4 0.6 1.6t0.4 1.3q0 0.4-0.6 1t-0.6 0.8q0 0.1 0.1 0.3 0.6 1.3 1.8 2.4 1 0.9 2.7 1.8 0.2 0.1 0.4 0.1 0.3 0 1-0.9t0.9-0.9zM14 26.9q2.3 0 4.3-0.9t3.6-2.4 2.4-3.6 0.9-4.3-0.9-4.3-2.4-3.6-3.6-2.4-4.3-0.9-4.3 0.9-3.6 2.4-2.4 3.6-0.9 4.3q0 3.6 2.1 6.6l-1.4 4.2 4.3-1.4q2.8 1.9 6.2 1.9zM14 2.2q2.7 0 5.2 1.1t4.3 2.9 2.9 4.3 1.1 5.2-1.1 5.2-2.9 4.3-4.3 2.9-5.2 1.1q-3.5 0-6.5-1.7l-7.4 2.4 2.4-7.2q-1.9-3.2-1.9-6.9 0-2.7 1.1-5.2t2.9-4.3 4.3-2.9 5.2-1.1z\"\/><\/svg><\/span><span class=\"shariff-text\" style=\"color:#34af23\">teilen<\/span>&nbsp;<\/a><\/li><li class=\"shariff-button info shariff-nocustomcolor\" style=\"background-color:#a8a8a8\"><a href=\"http:\/\/ct.de\/-2467514\" title=\"Weitere Informationen\" aria-label=\"Weitere Informationen\" role=\"button\" rel=\"noopener \" class=\"shariff-link\" style=\"; background-color:#999; color:#999\" target=\"_blank\"><span class=\"shariff-icon\" style=\"fill:#999\"><svg width=\"32px\" height=\"20px\" xmlns=\"http:\/\/www.w3.org\/2000\/svg\" viewBox=\"0 0 11 32\"><path fill=\"#999\" d=\"M11.4 24v2.3q0 0.5-0.3 0.8t-0.8 0.4h-9.1q-0.5 0-0.8-0.4t-0.4-0.8v-2.3q0-0.5 0.4-0.8t0.8-0.4h1.1v-6.8h-1.1q-0.5 0-0.8-0.4t-0.4-0.8v-2.3q0-0.5 0.4-0.8t0.8-0.4h6.8q0.5 0 0.8 0.4t0.4 0.8v10.3h1.1q0.5 0 0.8 0.4t0.3 0.8zM9.2 3.4v3.4q0 0.5-0.4 0.8t-0.8 0.4h-4.6q-0.4 0-0.8-0.4t-0.4-0.8v-3.4q0-0.4 0.4-0.8t0.8-0.4h4.6q0.5 0 0.8 0.4t0.4 0.8z\"\/><\/svg><\/span><\/a><\/li><\/ul><\/div>","protected":false},"excerpt":{"rendered":"<p>Wenn ich noch einmal irgendwo lese, dass Angela Merkels Politikstil darauf zur\u00fcckzuf\u00fchren sei, dass sie Naturwissenschaftlerin ist, schreie ich. Ich meine, Klischees sind ja ganz hilfreich bei der Sortierung der Wirklichkeit, und zuweilen stimmen sie auch, aber was haben wir f\u00fcr eine Vorstellung von Naturwissenschaftlern?\u00a0 Galileo Galilei, Charles Darwin, Albert Einstein, Stephen Hawking \u2013 Angela Merkel? Hallo? Wie die Beispiele&#8230; <a href=\"https:\/\/starke-meinungen.de\/blog\/2009\/11\/25\/merkels-politikstil-hat-mehr-mit-macht-als-mit-naturwissenschaft-zu-tun\/\">Weiterlesen &raquo;<\/a><\/p>\n","protected":false},"author":13,"featured_media":0,"comment_status":"open","ping_status":"open","sticky":false,"template":"","format":"standard","meta":{"footnotes":""},"categories":[209,1],"tags":[277,279,278,276,274,8,275,273],"class_list":["post-606","post","type-post","status-publish","format-standard","hentry","category-alan-posener","category-allgemein","tag-adenauer","tag-einstein","tag-klischee","tag-kohl","tag-macht","tag-merkel","tag-naturwissenschaft","tag-politikstil"],"yoast_head":"<!-- This site is optimized with the Yoast SEO plugin v27.4 - https:\/\/yoast.com\/product\/yoast-seo-wordpress\/ -->\n<title>Merkels Politikstil hat mehr mit Macht als mit Naturwissenschaft zu tun - starke-meinungen.de<\/title>\n<meta name=\"robots\" content=\"index, follow, max-snippet:-1, max-image-preview:large, max-video-preview:-1\" \/>\n<link rel=\"canonical\" href=\"https:\/\/starke-meinungen.de\/blog\/2009\/11\/25\/merkels-politikstil-hat-mehr-mit-macht-als-mit-naturwissenschaft-zu-tun\/\" \/>\n<meta property=\"og:locale\" content=\"de_DE\" \/>\n<meta property=\"og:type\" content=\"article\" \/>\n<meta property=\"og:title\" content=\"Merkels Politikstil hat mehr mit Macht als mit Naturwissenschaft zu tun - starke-meinungen.de\" \/>\n<meta property=\"og:description\" content=\"Wenn ich noch einmal irgendwo lese, dass Angela Merkels Politikstil darauf zur\u00fcckzuf\u00fchren sei, dass sie Naturwissenschaftlerin ist, schreie ich. Ich meine, Klischees sind ja ganz hilfreich bei der Sortierung der Wirklichkeit, und zuweilen stimmen sie auch, aber was haben wir f\u00fcr eine Vorstellung von Naturwissenschaftlern?\u00a0 Galileo Galilei, Charles Darwin, Albert Einstein, Stephen Hawking \u2013 Angela Merkel? Hallo? Wie die Beispiele... Weiterlesen &raquo;\" \/>\n<meta property=\"og:url\" content=\"https:\/\/starke-meinungen.de\/blog\/2009\/11\/25\/merkels-politikstil-hat-mehr-mit-macht-als-mit-naturwissenschaft-zu-tun\/\" \/>\n<meta property=\"og:site_name\" content=\"starke-meinungen.de\" \/>\n<meta property=\"article:publisher\" content=\"https:\/\/www.facebook.com\/starkemeinungen\/\" \/>\n<meta property=\"article:published_time\" content=\"2009-11-25T08:27:20+00:00\" \/>\n<meta property=\"og:image\" content=\"https:\/\/starke-meinungen.de\/blog\/wp-content\/uploads\/starke-meinungen-fb-header.jpg\" \/>\n\t<meta property=\"og:image:width\" content=\"1200\" \/>\n\t<meta property=\"og:image:height\" content=\"630\" \/>\n\t<meta property=\"og:image:type\" content=\"image\/jpeg\" \/>\n<meta name=\"author\" content=\"Alan Posener\" \/>\n<meta name=\"twitter:card\" content=\"summary_large_image\" \/>\n<meta name=\"twitter:creator\" content=\"@starkemeinungen\" \/>\n<meta name=\"twitter:site\" content=\"@starkemeinungen\" \/>\n<meta name=\"twitter:label1\" content=\"Verfasst von\" \/>\n\t<meta name=\"twitter:data1\" content=\"Alan Posener\" \/>\n\t<meta name=\"twitter:label2\" content=\"Gesch\u00e4tzte Lesezeit\" \/>\n\t<meta name=\"twitter:data2\" content=\"2\u00a0Minuten\" \/>\n<script type=\"application\/ld+json\" class=\"yoast-schema-graph\">{\"@context\":\"https:\\\/\\\/schema.org\",\"@graph\":[{\"@type\":\"Article\",\"@id\":\"https:\\\/\\\/starke-meinungen.de\\\/blog\\\/2009\\\/11\\\/25\\\/merkels-politikstil-hat-mehr-mit-macht-als-mit-naturwissenschaft-zu-tun\\\/#article\",\"isPartOf\":{\"@id\":\"https:\\\/\\\/starke-meinungen.de\\\/blog\\\/2009\\\/11\\\/25\\\/merkels-politikstil-hat-mehr-mit-macht-als-mit-naturwissenschaft-zu-tun\\\/\"},\"author\":{\"name\":\"Alan Posener\",\"@id\":\"https:\\\/\\\/starke-meinungen.de\\\/blog\\\/#\\\/schema\\\/person\\\/32d0faef7c31a37c1c89be993d7a6d28\"},\"headline\":\"Merkels Politikstil hat mehr mit Macht als mit Naturwissenschaft zu tun\",\"datePublished\":\"2009-11-25T08:27:20+00:00\",\"mainEntityOfPage\":{\"@id\":\"https:\\\/\\\/starke-meinungen.de\\\/blog\\\/2009\\\/11\\\/25\\\/merkels-politikstil-hat-mehr-mit-macht-als-mit-naturwissenschaft-zu-tun\\\/\"},\"wordCount\":437,\"commentCount\":8,\"publisher\":{\"@id\":\"https:\\\/\\\/starke-meinungen.de\\\/blog\\\/#organization\"},\"keywords\":[\"Adenauer\",\"Einstein\",\"Klischee\",\"Kohl\",\"Macht\",\"Merkel\",\"Naturwissenschaft\",\"Politikstil\"],\"articleSection\":[\"Alan Posener\"],\"inLanguage\":\"de\",\"potentialAction\":[{\"@type\":\"CommentAction\",\"name\":\"Comment\",\"target\":[\"https:\\\/\\\/starke-meinungen.de\\\/blog\\\/2009\\\/11\\\/25\\\/merkels-politikstil-hat-mehr-mit-macht-als-mit-naturwissenschaft-zu-tun\\\/#respond\"]}]},{\"@type\":\"WebPage\",\"@id\":\"https:\\\/\\\/starke-meinungen.de\\\/blog\\\/2009\\\/11\\\/25\\\/merkels-politikstil-hat-mehr-mit-macht-als-mit-naturwissenschaft-zu-tun\\\/\",\"url\":\"https:\\\/\\\/starke-meinungen.de\\\/blog\\\/2009\\\/11\\\/25\\\/merkels-politikstil-hat-mehr-mit-macht-als-mit-naturwissenschaft-zu-tun\\\/\",\"name\":\"Merkels Politikstil hat mehr mit Macht als mit Naturwissenschaft zu tun - starke-meinungen.de\",\"isPartOf\":{\"@id\":\"https:\\\/\\\/starke-meinungen.de\\\/blog\\\/#website\"},\"datePublished\":\"2009-11-25T08:27:20+00:00\",\"breadcrumb\":{\"@id\":\"https:\\\/\\\/starke-meinungen.de\\\/blog\\\/2009\\\/11\\\/25\\\/merkels-politikstil-hat-mehr-mit-macht-als-mit-naturwissenschaft-zu-tun\\\/#breadcrumb\"},\"inLanguage\":\"de\",\"potentialAction\":[{\"@type\":\"ReadAction\",\"target\":[\"https:\\\/\\\/starke-meinungen.de\\\/blog\\\/2009\\\/11\\\/25\\\/merkels-politikstil-hat-mehr-mit-macht-als-mit-naturwissenschaft-zu-tun\\\/\"]}]},{\"@type\":\"BreadcrumbList\",\"@id\":\"https:\\\/\\\/starke-meinungen.de\\\/blog\\\/2009\\\/11\\\/25\\\/merkels-politikstil-hat-mehr-mit-macht-als-mit-naturwissenschaft-zu-tun\\\/#breadcrumb\",\"itemListElement\":[{\"@type\":\"ListItem\",\"position\":1,\"name\":\"Startseite\",\"item\":\"https:\\\/\\\/starke-meinungen.de\\\/blog\\\/\"},{\"@type\":\"ListItem\",\"position\":2,\"name\":\"Merkels Politikstil hat mehr mit Macht als mit Naturwissenschaft zu tun\"}]},{\"@type\":\"WebSite\",\"@id\":\"https:\\\/\\\/starke-meinungen.de\\\/blog\\\/#website\",\"url\":\"https:\\\/\\\/starke-meinungen.de\\\/blog\\\/\",\"name\":\"starke-meinungen.de\",\"description\":\"Autoren-Blog\",\"publisher\":{\"@id\":\"https:\\\/\\\/starke-meinungen.de\\\/blog\\\/#organization\"},\"potentialAction\":[{\"@type\":\"SearchAction\",\"target\":{\"@type\":\"EntryPoint\",\"urlTemplate\":\"https:\\\/\\\/starke-meinungen.de\\\/blog\\\/?s={search_term_string}\"},\"query-input\":{\"@type\":\"PropertyValueSpecification\",\"valueRequired\":true,\"valueName\":\"search_term_string\"}}],\"inLanguage\":\"de\"},{\"@type\":\"Organization\",\"@id\":\"https:\\\/\\\/starke-meinungen.de\\\/blog\\\/#organization\",\"name\":\"starke-meinungen.de\",\"url\":\"https:\\\/\\\/starke-meinungen.de\\\/blog\\\/\",\"logo\":{\"@type\":\"ImageObject\",\"inLanguage\":\"de\",\"@id\":\"https:\\\/\\\/starke-meinungen.de\\\/blog\\\/#\\\/schema\\\/logo\\\/image\\\/\",\"url\":\"https:\\\/\\\/starke-meinungen.de\\\/blog\\\/wp-content\\\/uploads\\\/starke-meinungen-fb-header.jpg\",\"contentUrl\":\"https:\\\/\\\/starke-meinungen.de\\\/blog\\\/wp-content\\\/uploads\\\/starke-meinungen-fb-header.jpg\",\"width\":1200,\"height\":630,\"caption\":\"starke-meinungen.de\"},\"image\":{\"@id\":\"https:\\\/\\\/starke-meinungen.de\\\/blog\\\/#\\\/schema\\\/logo\\\/image\\\/\"},\"sameAs\":[\"https:\\\/\\\/www.facebook.com\\\/starkemeinungen\\\/\",\"https:\\\/\\\/x.com\\\/starkemeinungen\"]},{\"@type\":\"Person\",\"@id\":\"https:\\\/\\\/starke-meinungen.de\\\/blog\\\/#\\\/schema\\\/person\\\/32d0faef7c31a37c1c89be993d7a6d28\",\"name\":\"Alan Posener\",\"image\":{\"@type\":\"ImageObject\",\"inLanguage\":\"de\",\"@id\":\"https:\\\/\\\/secure.gravatar.com\\\/avatar\\\/c75c8818a9ab78c4faa75048dba7844e2587998cda4d93f84e7d86f7e21a9b90?s=96&d=mm&r=g\",\"url\":\"https:\\\/\\\/secure.gravatar.com\\\/avatar\\\/c75c8818a9ab78c4faa75048dba7844e2587998cda4d93f84e7d86f7e21a9b90?s=96&d=mm&r=g\",\"contentUrl\":\"https:\\\/\\\/secure.gravatar.com\\\/avatar\\\/c75c8818a9ab78c4faa75048dba7844e2587998cda4d93f84e7d86f7e21a9b90?s=96&d=mm&r=g\",\"caption\":\"Alan Posener\"},\"url\":\"https:\\\/\\\/starke-meinungen.de\\\/blog\\\/author\\\/posener\\\/\"}]}<\/script>\n<!-- \/ Yoast SEO plugin. -->","yoast_head_json":{"title":"Merkels Politikstil hat mehr mit Macht als mit Naturwissenschaft zu tun - starke-meinungen.de","robots":{"index":"index","follow":"follow","max-snippet":"max-snippet:-1","max-image-preview":"max-image-preview:large","max-video-preview":"max-video-preview:-1"},"canonical":"https:\/\/starke-meinungen.de\/blog\/2009\/11\/25\/merkels-politikstil-hat-mehr-mit-macht-als-mit-naturwissenschaft-zu-tun\/","og_locale":"de_DE","og_type":"article","og_title":"Merkels Politikstil hat mehr mit Macht als mit Naturwissenschaft zu tun - starke-meinungen.de","og_description":"Wenn ich noch einmal irgendwo lese, dass Angela Merkels Politikstil darauf zur\u00fcckzuf\u00fchren sei, dass sie Naturwissenschaftlerin ist, schreie ich. Ich meine, Klischees sind ja ganz hilfreich bei der Sortierung der Wirklichkeit, und zuweilen stimmen sie auch, aber was haben wir f\u00fcr eine Vorstellung von Naturwissenschaftlern?\u00a0 Galileo Galilei, Charles Darwin, Albert Einstein, Stephen Hawking \u2013 Angela Merkel? Hallo? Wie die Beispiele... Weiterlesen &raquo;","og_url":"https:\/\/starke-meinungen.de\/blog\/2009\/11\/25\/merkels-politikstil-hat-mehr-mit-macht-als-mit-naturwissenschaft-zu-tun\/","og_site_name":"starke-meinungen.de","article_publisher":"https:\/\/www.facebook.com\/starkemeinungen\/","article_published_time":"2009-11-25T08:27:20+00:00","og_image":[{"width":1200,"height":630,"url":"https:\/\/starke-meinungen.de\/blog\/wp-content\/uploads\/starke-meinungen-fb-header.jpg","type":"image\/jpeg"}],"author":"Alan Posener","twitter_card":"summary_large_image","twitter_creator":"@starkemeinungen","twitter_site":"@starkemeinungen","twitter_misc":{"Verfasst von":"Alan Posener","Gesch\u00e4tzte Lesezeit":"2\u00a0Minuten"},"schema":{"@context":"https:\/\/schema.org","@graph":[{"@type":"Article","@id":"https:\/\/starke-meinungen.de\/blog\/2009\/11\/25\/merkels-politikstil-hat-mehr-mit-macht-als-mit-naturwissenschaft-zu-tun\/#article","isPartOf":{"@id":"https:\/\/starke-meinungen.de\/blog\/2009\/11\/25\/merkels-politikstil-hat-mehr-mit-macht-als-mit-naturwissenschaft-zu-tun\/"},"author":{"name":"Alan Posener","@id":"https:\/\/starke-meinungen.de\/blog\/#\/schema\/person\/32d0faef7c31a37c1c89be993d7a6d28"},"headline":"Merkels Politikstil hat mehr mit Macht als mit Naturwissenschaft zu tun","datePublished":"2009-11-25T08:27:20+00:00","mainEntityOfPage":{"@id":"https:\/\/starke-meinungen.de\/blog\/2009\/11\/25\/merkels-politikstil-hat-mehr-mit-macht-als-mit-naturwissenschaft-zu-tun\/"},"wordCount":437,"commentCount":8,"publisher":{"@id":"https:\/\/starke-meinungen.de\/blog\/#organization"},"keywords":["Adenauer","Einstein","Klischee","Kohl","Macht","Merkel","Naturwissenschaft","Politikstil"],"articleSection":["Alan Posener"],"inLanguage":"de","potentialAction":[{"@type":"CommentAction","name":"Comment","target":["https:\/\/starke-meinungen.de\/blog\/2009\/11\/25\/merkels-politikstil-hat-mehr-mit-macht-als-mit-naturwissenschaft-zu-tun\/#respond"]}]},{"@type":"WebPage","@id":"https:\/\/starke-meinungen.de\/blog\/2009\/11\/25\/merkels-politikstil-hat-mehr-mit-macht-als-mit-naturwissenschaft-zu-tun\/","url":"https:\/\/starke-meinungen.de\/blog\/2009\/11\/25\/merkels-politikstil-hat-mehr-mit-macht-als-mit-naturwissenschaft-zu-tun\/","name":"Merkels Politikstil hat mehr mit Macht als mit Naturwissenschaft zu tun - starke-meinungen.de","isPartOf":{"@id":"https:\/\/starke-meinungen.de\/blog\/#website"},"datePublished":"2009-11-25T08:27:20+00:00","breadcrumb":{"@id":"https:\/\/starke-meinungen.de\/blog\/2009\/11\/25\/merkels-politikstil-hat-mehr-mit-macht-als-mit-naturwissenschaft-zu-tun\/#breadcrumb"},"inLanguage":"de","potentialAction":[{"@type":"ReadAction","target":["https:\/\/starke-meinungen.de\/blog\/2009\/11\/25\/merkels-politikstil-hat-mehr-mit-macht-als-mit-naturwissenschaft-zu-tun\/"]}]},{"@type":"BreadcrumbList","@id":"https:\/\/starke-meinungen.de\/blog\/2009\/11\/25\/merkels-politikstil-hat-mehr-mit-macht-als-mit-naturwissenschaft-zu-tun\/#breadcrumb","itemListElement":[{"@type":"ListItem","position":1,"name":"Startseite","item":"https:\/\/starke-meinungen.de\/blog\/"},{"@type":"ListItem","position":2,"name":"Merkels Politikstil hat mehr mit Macht als mit Naturwissenschaft zu tun"}]},{"@type":"WebSite","@id":"https:\/\/starke-meinungen.de\/blog\/#website","url":"https:\/\/starke-meinungen.de\/blog\/","name":"starke-meinungen.de","description":"Autoren-Blog","publisher":{"@id":"https:\/\/starke-meinungen.de\/blog\/#organization"},"potentialAction":[{"@type":"SearchAction","target":{"@type":"EntryPoint","urlTemplate":"https:\/\/starke-meinungen.de\/blog\/?s={search_term_string}"},"query-input":{"@type":"PropertyValueSpecification","valueRequired":true,"valueName":"search_term_string"}}],"inLanguage":"de"},{"@type":"Organization","@id":"https:\/\/starke-meinungen.de\/blog\/#organization","name":"starke-meinungen.de","url":"https:\/\/starke-meinungen.de\/blog\/","logo":{"@type":"ImageObject","inLanguage":"de","@id":"https:\/\/starke-meinungen.de\/blog\/#\/schema\/logo\/image\/","url":"https:\/\/starke-meinungen.de\/blog\/wp-content\/uploads\/starke-meinungen-fb-header.jpg","contentUrl":"https:\/\/starke-meinungen.de\/blog\/wp-content\/uploads\/starke-meinungen-fb-header.jpg","width":1200,"height":630,"caption":"starke-meinungen.de"},"image":{"@id":"https:\/\/starke-meinungen.de\/blog\/#\/schema\/logo\/image\/"},"sameAs":["https:\/\/www.facebook.com\/starkemeinungen\/","https:\/\/x.com\/starkemeinungen"]},{"@type":"Person","@id":"https:\/\/starke-meinungen.de\/blog\/#\/schema\/person\/32d0faef7c31a37c1c89be993d7a6d28","name":"Alan Posener","image":{"@type":"ImageObject","inLanguage":"de","@id":"https:\/\/secure.gravatar.com\/avatar\/c75c8818a9ab78c4faa75048dba7844e2587998cda4d93f84e7d86f7e21a9b90?s=96&d=mm&r=g","url":"https:\/\/secure.gravatar.com\/avatar\/c75c8818a9ab78c4faa75048dba7844e2587998cda4d93f84e7d86f7e21a9b90?s=96&d=mm&r=g","contentUrl":"https:\/\/secure.gravatar.com\/avatar\/c75c8818a9ab78c4faa75048dba7844e2587998cda4d93f84e7d86f7e21a9b90?s=96&d=mm&r=g","caption":"Alan Posener"},"url":"https:\/\/starke-meinungen.de\/blog\/author\/posener\/"}]}},"_links":{"self":[{"href":"https:\/\/starke-meinungen.de\/blog\/wp-json\/wp\/v2\/posts\/606","targetHints":{"allow":["GET"]}}],"collection":[{"href":"https:\/\/starke-meinungen.de\/blog\/wp-json\/wp\/v2\/posts"}],"about":[{"href":"https:\/\/starke-meinungen.de\/blog\/wp-json\/wp\/v2\/types\/post"}],"author":[{"embeddable":true,"href":"https:\/\/starke-meinungen.de\/blog\/wp-json\/wp\/v2\/users\/13"}],"replies":[{"embeddable":true,"href":"https:\/\/starke-meinungen.de\/blog\/wp-json\/wp\/v2\/comments?post=606"}],"version-history":[{"count":1,"href":"https:\/\/starke-meinungen.de\/blog\/wp-json\/wp\/v2\/posts\/606\/revisions"}],"predecessor-version":[{"id":607,"href":"https:\/\/starke-meinungen.de\/blog\/wp-json\/wp\/v2\/posts\/606\/revisions\/607"}],"wp:attachment":[{"href":"https:\/\/starke-meinungen.de\/blog\/wp-json\/wp\/v2\/media?parent=606"}],"wp:term":[{"taxonomy":"category","embeddable":true,"href":"https:\/\/starke-meinungen.de\/blog\/wp-json\/wp\/v2\/categories?post=606"},{"taxonomy":"post_tag","embeddable":true,"href":"https:\/\/starke-meinungen.de\/blog\/wp-json\/wp\/v2\/tags?post=606"}],"curies":[{"name":"wp","href":"https:\/\/api.w.org\/{rel}","templated":true}]}}