

{"id":6049,"date":"2016-04-29T05:21:21","date_gmt":"2016-04-29T05:21:21","guid":{"rendered":"https:\/\/starke-meinungen.de\/blog\/?p=6049"},"modified":"2016-04-29T05:21:21","modified_gmt":"2016-04-29T05:21:21","slug":"muslimische-staaten-in-der-pflicht","status":"publish","type":"post","link":"https:\/\/starke-meinungen.de\/blog\/2016\/04\/29\/muslimische-staaten-in-der-pflicht\/","title":{"rendered":"Muslimische Staaten in der Pflicht"},"content":{"rendered":"<p>Seit Ausbruch des B\u00fcrgerkriegs in Syrien im Jahre 2010 sind \u00fcber\u00a0 11\u00a0 Millionen Syrer auf der\u00a0 Flucht. Das ist knapp\u00a0 die H\u00e4lfte der urspr\u00fcnglich 23 Millionen Einwohner. Die meisten davon &#8211; \u00a07,6 Millionen &#8211; sind Binnenfl\u00fcchtlinge, die noch relativ sichere Landesteile aufsuchen. 4 Millionen sind in die Nachbarstaaten geflohen, vor allem in die T\u00fcrkei, nach Jordanien und in den Libanon. Aus den \u00a0Lagern in diesen L\u00e4ndern\u00a0 haben sich im Sommer und Herbst 2015 rund 1,5 Millionen Menschen auf den Weg nach Europa gemacht, weil die Lebensmittelversorgung in den Lagern schlechter geworden war. Die Balkanroute glich zeitweilig einer Autobahn der V\u00f6lkerwanderung. In Deutschland sind seit Sommer 2015 ungef\u00e4hr 1,1 Millionen Menschen aufgenommen worden. Bei dem gigantischen Andrang, der die Beh\u00f6rden vor Ort vor enorme Herausforderungen gestellt hat, lie\u00df es sich nicht vermeiden, dass sich auch Fl\u00fcchtlinge aus anderen muslimischen Staaten in den Strom gemischt haben, um sich als &#8222;Syrer&#8220; das sichere Ticket f\u00fcr den Eintritt nach Deutschland zu sichern. Hoch ist vor allem der Anteil junger M\u00e4nner aus Afghanistan, Pakistan, Eritrea \u00a0und den Maghrebstaaten.<!--more--><\/p>\n<p>Auch wenn die Balkanroute durch eigenm\u00e4chtiges Handeln der Balkanstaaten und \u00d6sterreichs inzwischen geschlossen ist, hat sich die Lage nicht grunds\u00e4tzlich entspannt. In Griechenland sitzen rund 50.000 Fl\u00fcchtlinge unter erb\u00e4rmlichen Bedingungen fest. Sie k\u00f6nnen, da der griechische Staat\u00a0 hilflos agiert, nur durch private Hilfsorganisationen versorgt werden. Au\u00dferdem ist v\u00f6llig unklar, ob das Abkommen der EU mit der T\u00fcrkei wirklich funktioniert und die in Griechenland gestrandeten Fl\u00fcchtlinge tats\u00e4chlich wieder zur\u00fcckgenommen werden.\u00a0 Die T\u00fcrkei wird die R\u00fccknahme sp\u00e4testens dann verweigern, wenn deutlich wird, dass\u00a0 die Verteilung der legal\u00a0 aus den Fl\u00fcchtlingslagern der T\u00fcrkei\u00a0 rekrutierten Fl\u00fcchtlinge\u00a0 \u00a0unter den EU-Mitgliedern nicht gelingt. Man braucht kein Prophet zu sein, um zu vermuten, dass nur wenige L\u00e4nder\u00a0 &#8211; darunter sicher \u00a0Deutschland &#8211; bereit sein werden, diese Kontingente aufzunehmen.\u00a0 Was geschieht dann mit den\u00a0 in Griechenland festsitzenden Fl\u00fcchtlingen und mit denen, die neu hinzukommen werden?<\/p>\n<p>Wir k\u00f6nnen die Augen nicht davor verschlie\u00dfen, dass die Hauptlast der Fl\u00fcchtlingsrettung von einigen wenigen muslimischen L\u00e4ndern getragen wird. Wenn man sich diese Aufnahmel\u00e4nder anschaut, kann man nicht unbedingt behaupten, dass es sich um sichere und materiell gut gestellte Staaten handelt. Die T\u00fcrkei ist innerlich zerrissen zwischen T\u00fcrken und Kurden und zwischen Modernisierern und Bewahrern. Seit einem halben Jahr h\u00e4ufen sich Attentate im \u00f6ffentlichen Raum, die von der t\u00fcrkischen Regierung mal dem IS, mal der PKK zugeschrieben werden.\u00a0 Der Libanon ist schon seit Jahren einer inneren Zerrei\u00dfprobe ausgesetzt, die \u00a0immer wieder zur L\u00e4hmung des Staates f\u00fchrt. Seit einem Jahr hat das Land kein Staatsoberhaupt, weil sich die rivalisierenden Gruppierungen nicht auf einen Kandidaten einigen k\u00f6nnen. Jordanien ist ein Land, das durch die Aufnahme der Pal\u00e4stinenser, die nach dem 6-Tage-Krieg im Jahre 1967 geflohen sind und immer noch in Lagern leben, best\u00e4ndig \u00fcberfordert ist. Dieses kleine Land leidet unter der Belastung durch den Zustrom an Fl\u00fcchtlingen ganz besonders. Dreizehn Prozent betr\u00e4gt inzwischen der Anteil der Syrer, die ins Land gestr\u00f6mt sind. Das ist Rekord unter allen Aufnahmel\u00e4ndern. Auf deutsche Verh\u00e4ltnisse \u00fcbertragen\u00a0 hie\u00dfe das, dass wir \u00a010,4 Millionen Fl\u00fcchtlinge h\u00e4tten aufnehmen m\u00fcssen. Ein unvorstellbares Szenario. In Deutschland wird dar\u00fcber geklagt, dass vor\u00fcbergehend Sporthallen f\u00fcr Fl\u00fcchtlingsunterk\u00fcnfte verwendet werden. In Jordanien wird in 98 Schulen im Schichtbetrieb unterrichtet: vormittags gehen die jordanischen Kinder zur Schule, am Nachmittag die syrischen. Und es funktioniert. Man muss den drei genannten L\u00e4ndern durchaus daf\u00fcr Lob zollen, dass sie \u00a0ihrer Pflicht zur br\u00fcderlichen Hilfe nachgekommen sind und Fl\u00fcchtlinge aus dem Nachbarland Syrien aufgenommen haben.<\/p>\n<p>Eine Hadith\u00a0 \u00fcber die\u00a0 Aussagen des Religionsstifters Mohammed betrifft die Br\u00fcderlichkeit unter den Muslimen. Sie l\u00e4sst an Deutlichkeit nichts zu w\u00fcnschen \u00fcbrig.<\/p>\n<p><em>&#8222;Der Muslim ist des Muslims Bruder. Ihn darf er weder unterdr\u00fccken noch zugrunde gehen lassen. Wer seinem Bruder in der Not beisteht, dem steht Allah in seiner eigenen Not bei. Und wer einem Muslim eine Sorge nimmt, dem nimmt Allah eine Sorge von den Sorgen am Tage der Auferstehung. Und wer einen Muslim nicht blo\u00dfstellt, den stellt Allah nicht blo\u00df am Tage der Auferstehung.&#8220; <\/em><\/p>\n<p>Es gibt historische \u00dcberlieferungen, die besagen, dass diese Br\u00fcderlichkeit in den muslimischen Ur-Gemeinschaften tats\u00e4chlich gelebt wurde. Sie sei sogar der wichtigste Beweggrund f\u00fcr den \u00dcbertritt von Menschen anderer Religionszugeh\u00f6rigkeit zum Islam gewesen. Die Konvertiten wollten in den Genuss der br\u00fcderlichen Liebe in der muslimischen Gemeinschaft\u00a0 kommen.<\/p>\n<p>Umso verwunderlicher ist, dass sich vor allem die reichen \u00d6lstaaten in Nahost der Aufnahme von Fl\u00fcchtlingen aus Syrien komplett verweigern. Saudi-Arabien, Kuweit, Bahrein, Qatar, Oman, Dubai und die Vereinigten Arabischen Emirate haben ihre Grenzen geschlossen und verweigern ihren muslimischen Glaubensgenossen die Aufnahme in der Not. Finanziell w\u00e4re deren\u00a0 Aufnahme f\u00fcr diese Staaten leicht zu stemmen. Die genannten Staaten haben ein sehr hohes Pro-Kopf-Einkommen. In Katar z.B. betr\u00e4gt es sagenhafte 90.000 US-$ . Zum Vergleich das deutsche PKE: 47.600 US-$. Das der Vereinigten Arabischen Emirate ist mit 43.480 US-$. \u00a0nur geringf\u00fcgig niedriger als das deutsche. Da es sich bei diesen Staaten durchweg um autorit\u00e4re Regime, man k\u00f6nnte auch sagen: Diktaturen handelt, liegt der Grund f\u00fcr die Hartherzigkeit auf der Hand. Diese Staaten m\u00f6chten auch nicht den geringsten frischen Windhauch ins Land wehen lassen, der die Regime destabilisieren k\u00f6nnte. Die Akzeptanz der Regime bei der Bev\u00f6lkerung beruht auf der stetigen Steigerung des Wohlstands, verursacht durch reichlich sprudelnde Einnahmen aus der\u00a0 \u00d6l- und Gasf\u00f6rderung. Da der Preis f\u00fcr \u00d6l seit einem Jahr auf\u00a0 einen Tiefpunkt gefallen ist, k\u00f6nnen viele der Wohltaten nicht mehr in vollem Umfang gew\u00e4hrt werden. Wenn man einmal das Benzin an der Zapfs\u00e4ule umsonst bekommen hat, f\u00e4llt es einem schwer, kostendeckende Preise zu akzeptieren. Die Regime f\u00fcrchten Volkes Zorn und schotten sich deshalb nach au\u00dfen ab. Fremde Unruhepotentiale und\u00a0 Verursacher neuer Kosten \u00a0wollen sie nicht ins Land hereinlassen.<\/p>\n<p>Auch die beiden asiatischen Staaten mit muslimischer Glaubensmehrheit, Indonesien und Malaysia, haben strikt abgelehnt, Glaubensbr\u00fcder aus Syrien und dem Irak aufzunehmen. Gerade bei Indonesien muss diese hartherzige Haltung verwundern, weil man diesem Land ja nachsagt, einen &#8222;sanften&#8220; Islam zu pflegen.<\/p>\n<p>Es ist schon bemerkenswert, dass all diese L\u00e4nder kein schlechtes Gewissen haben, wenn sie erleben, dass sich das \u00a0christlich-j\u00fcdisch gepr\u00e4gte Europa, vornehmlich Deutschland,\u00a0 gegen\u00fcber den muslimischen Glaubensgenossen hilfsbereiter zeigt als sie selber. Gerade f\u00fcr die Regierung in Saudi-Arabien, die vorgibt, mit dem Wahhabismus die rechtgl\u00e4ubige Version des Islam schlechthin zu vertreten, muss es nachgerade peinlich sein, die gebotene Br\u00fcderlichkeit v\u00f6llig vermissen zu lassen.<\/p>\n<p>Europa sollte die hartherzigen muslimischen \u00a0Staaten nicht aus ihrer Verantwortung entlassen. Wenn sie schon so schn\u00f6de \u00a0sind, keine Fl\u00fcchtlinge aufzunehmen, sollten sie sich wenigstens gro\u00dfz\u00fcgig an den Kosten f\u00fcr den Unterhalt der \u00a0Fl\u00fcchtlingslager in den Anrainerstaaten\u00a0 T\u00fcrkei, Libanon und Jordanien beteiligen. Die bei der Geberkonferenz f\u00fcr die Syrer in London Anfang Februar 2016\u00a0 zugesagten Summen sind f\u00fcr die reichen Golfstaaten eher Peanuts: Saudi-Arabien: 88,8 Millionen Dollar, Vereinigte Arabische\u00a0 Emirate: 71,9 Millionen Dollar und Katar: 10,2 Millionen Dollar. Der franz\u00f6sische Historiker Pierre Conesa hat in seinem Buch &#8222;Guide du petit djihadiste&#8220; die Behauptung aufgestellt, dass Saudi-Arabien in Europa f\u00fcr &#8222;religi\u00f6se Diplomatie&#8220; &#8211; so lautet der Euphemismus f\u00fcr islamistische Indoktrination &#8211; \u00a02-3 Milliarden Dollar pro Jahr ausgibt. Wenn diese Zahl auch nur ann\u00e4hernd stimmt, \u00fcbersteigt sie bei weitem die Summe, die Saudi-Arabien f\u00fcr Syrien-Fl\u00fcchtlinge bereitstellen will. Die EU und unser Nahost-Reisekader Frank-Walter Steinmeier sollten sich bei\u00a0 allen reichen arabischen Staaten\u00a0 mit Nachdruck f\u00fcr h\u00f6here Beitr\u00e4ge\u00a0 einsetzen. Und das Angebot der saudischen Regierung, in Deutschland \u00a0f\u00fcr die Fl\u00fcchtlinge 300 Moscheen zu\u00a0 errichten, sollte unser Au\u00dfenminister dankend ablehnen.<\/p>\n<p>Der Wirtschaftswissenschaftler Hossein Askari hat in seinem Islamicity-Index nachgewiesen, dass die Staaten, in welchen Muslime am freiesten ihren Glauben leben k\u00f6nnen, die westlichen L\u00e4nder sind. Nimmt es da noch Wunder, dass diese auch an der Spitze stehen, wenn es darum geht, von Krieg, B\u00fcrgerkrieg und Chaos betroffene Muslime bei sich aufzunehmen? Als Nicht-Christ \u00a0kann ich\u00a0 meine Genugtuung dar\u00fcber nicht verbergen, dass die positive Seite unserer\u00a0 christlichen-j\u00fcdischen \u00a0Vergangenheit &#8211; die Werte \u00a0Barmherzigkeit und G\u00fcte &#8211; unsere Gesellschaft doch so nachhaltig gepr\u00e4gt haben, dass der Schriftsteller Martin Walser zurecht \u00a0von der &#8222;Willkommensklasse Deutschland&#8220; sprechen kann &#8211; allem aggressiven \u00a0Furor von rechts zum Trotz.<\/p>\n<p>&nbsp;<\/p>\n<p>&nbsp;<\/p>\n<div class=\"shariff shariff-align-left shariff-widget-align-left shariff-buttonstretch\" style=\"display:none\"><ul class=\"shariff-buttons theme-white orientation-horizontal buttonsize-medium\"><li class=\"shariff-button facebook shariff-nocustomcolor\" style=\"background-color:#4273c8\"><a href=\"https:\/\/www.facebook.com\/sharer\/sharer.php?u=https%3A%2F%2Fstarke-meinungen.de%2Fblog%2F2016%2F04%2F29%2Fmuslimische-staaten-in-der-pflicht%2F\" title=\"Bei Facebook teilen\" aria-label=\"Bei Facebook teilen\" role=\"button\" rel=\"nofollow\" class=\"shariff-link\" style=\"; background-color:#3b5998; color:#3b5998\" target=\"_blank\"><span class=\"shariff-icon\" style=\"fill:#3b5998\"><svg width=\"32px\" height=\"20px\" xmlns=\"http:\/\/www.w3.org\/2000\/svg\" viewBox=\"0 0 18 32\"><path fill=\"#3b5998\" d=\"M17.1 0.2v4.7h-2.8q-1.5 0-2.1 0.6t-0.5 1.9v3.4h5.2l-0.7 5.3h-4.5v13.6h-5.5v-13.6h-4.5v-5.3h4.5v-3.9q0-3.3 1.9-5.2t5-1.8q2.6 0 4.1 0.2z\"\/><\/svg><\/span><span class=\"shariff-text\" style=\"color:#3b5998\">teilen<\/span>&nbsp;<\/a><\/li><li class=\"shariff-button twitter shariff-nocustomcolor\" style=\"background-color:#595959\"><a href=\"https:\/\/twitter.com\/share?url=https%3A%2F%2Fstarke-meinungen.de%2Fblog%2F2016%2F04%2F29%2Fmuslimische-staaten-in-der-pflicht%2F&text=Muslimische%20Staaten%20in%20der%20Pflicht&via=starkemeinungen\" title=\"Bei X teilen\" aria-label=\"Bei X teilen\" role=\"button\" rel=\"noopener nofollow\" class=\"shariff-link\" style=\"; background-color:#000; color:#000\" target=\"_blank\"><span class=\"shariff-icon\" style=\"fill:#000\"><svg width=\"32px\" height=\"20px\" xmlns=\"http:\/\/www.w3.org\/2000\/svg\" viewBox=\"0 0 24 24\"><path fill=\"#000\" d=\"M14.258 10.152L23.176 0h-2.113l-7.747 8.813L7.133 0H0l9.352 13.328L0 23.973h2.113l8.176-9.309 6.531 9.309h7.133zm-2.895 3.293l-.949-1.328L2.875 1.56h3.246l6.086 8.523.945 1.328 7.91 11.078h-3.246zm0 0\"\/><\/svg><\/span><span class=\"shariff-text\" style=\"color:#000\">teilen<\/span>&nbsp;<\/a><\/li><li class=\"shariff-button linkedin shariff-nocustomcolor\" style=\"background-color:#1488bf\"><a href=\"https:\/\/www.linkedin.com\/sharing\/share-offsite\/?url=https%3A%2F%2Fstarke-meinungen.de%2Fblog%2F2016%2F04%2F29%2Fmuslimische-staaten-in-der-pflicht%2F\" title=\"Bei LinkedIn teilen\" aria-label=\"Bei LinkedIn teilen\" role=\"button\" rel=\"noopener nofollow\" class=\"shariff-link\" style=\"; background-color:#0077b5; color:#0077b5\" target=\"_blank\"><span class=\"shariff-icon\" style=\"fill:#0077b5\"><svg width=\"32px\" height=\"20px\" xmlns=\"http:\/\/www.w3.org\/2000\/svg\" viewBox=\"0 0 27 32\"><path fill=\"#0077b5\" d=\"M6.2 11.2v17.7h-5.9v-17.7h5.9zM6.6 5.7q0 1.3-0.9 2.2t-2.4 0.9h0q-1.5 0-2.4-0.9t-0.9-2.2 0.9-2.2 2.4-0.9 2.4 0.9 0.9 2.2zM27.4 18.7v10.1h-5.9v-9.5q0-1.9-0.7-2.9t-2.3-1.1q-1.1 0-1.9 0.6t-1.2 1.5q-0.2 0.5-0.2 1.4v9.9h-5.9q0-7.1 0-11.6t0-5.3l0-0.9h5.9v2.6h0q0.4-0.6 0.7-1t1-0.9 1.6-0.8 2-0.3q3 0 4.9 2t1.9 6z\"\/><\/svg><\/span><span class=\"shariff-text\" style=\"color:#0077b5\">teilen<\/span>&nbsp;<\/a><\/li><li class=\"shariff-button xing shariff-nocustomcolor\" style=\"background-color:#29888a\"><a href=\"https:\/\/www.xing.com\/spi\/shares\/new?url=https%3A%2F%2Fstarke-meinungen.de%2Fblog%2F2016%2F04%2F29%2Fmuslimische-staaten-in-der-pflicht%2F\" title=\"Bei XING teilen\" aria-label=\"Bei XING teilen\" role=\"button\" rel=\"noopener nofollow\" class=\"shariff-link\" style=\"; background-color:#126567; color:#126567\" target=\"_blank\"><span class=\"shariff-icon\" style=\"fill:#126567\"><svg width=\"32px\" height=\"20px\" xmlns=\"http:\/\/www.w3.org\/2000\/svg\" viewBox=\"0 0 25 32\"><path fill=\"#126567\" d=\"M10.7 11.9q-0.2 0.3-4.6 8.2-0.5 0.8-1.2 0.8h-4.3q-0.4 0-0.5-0.3t0-0.6l4.5-8q0 0 0 0l-2.9-5q-0.2-0.4 0-0.7 0.2-0.3 0.5-0.3h4.3q0.7 0 1.2 0.8zM25.1 0.4q0.2 0.3 0 0.7l-9.4 16.7 6 11q0.2 0.4 0 0.6-0.2 0.3-0.6 0.3h-4.3q-0.7 0-1.2-0.8l-6-11.1q0.3-0.6 9.5-16.8 0.4-0.8 1.2-0.8h4.3q0.4 0 0.5 0.3z\"\/><\/svg><\/span><span class=\"shariff-text\" style=\"color:#126567\">teilen<\/span>&nbsp;<\/a><\/li><li class=\"shariff-button whatsapp shariff-nocustomcolor\" style=\"background-color:#5cbe4a\"><a href=\"https:\/\/api.whatsapp.com\/send?text=https%3A%2F%2Fstarke-meinungen.de%2Fblog%2F2016%2F04%2F29%2Fmuslimische-staaten-in-der-pflicht%2F%20Muslimische%20Staaten%20in%20der%20Pflicht\" title=\"Bei Whatsapp teilen\" aria-label=\"Bei Whatsapp teilen\" role=\"button\" rel=\"noopener nofollow\" class=\"shariff-link\" style=\"; background-color:#34af23; color:#34af23\" target=\"_blank\"><span class=\"shariff-icon\" style=\"fill:#34af23\"><svg width=\"32px\" height=\"20px\" xmlns=\"http:\/\/www.w3.org\/2000\/svg\" viewBox=\"0 0 32 32\"><path fill=\"#34af23\" d=\"M17.6 17.4q0.2 0 1.7 0.8t1.6 0.9q0 0.1 0 0.3 0 0.6-0.3 1.4-0.3 0.7-1.3 1.2t-1.8 0.5q-1 0-3.4-1.1-1.7-0.8-3-2.1t-2.6-3.3q-1.3-1.9-1.3-3.5v-0.1q0.1-1.6 1.3-2.8 0.4-0.4 0.9-0.4 0.1 0 0.3 0t0.3 0q0.3 0 0.5 0.1t0.3 0.5q0.1 0.4 0.6 1.6t0.4 1.3q0 0.4-0.6 1t-0.6 0.8q0 0.1 0.1 0.3 0.6 1.3 1.8 2.4 1 0.9 2.7 1.8 0.2 0.1 0.4 0.1 0.3 0 1-0.9t0.9-0.9zM14 26.9q2.3 0 4.3-0.9t3.6-2.4 2.4-3.6 0.9-4.3-0.9-4.3-2.4-3.6-3.6-2.4-4.3-0.9-4.3 0.9-3.6 2.4-2.4 3.6-0.9 4.3q0 3.6 2.1 6.6l-1.4 4.2 4.3-1.4q2.8 1.9 6.2 1.9zM14 2.2q2.7 0 5.2 1.1t4.3 2.9 2.9 4.3 1.1 5.2-1.1 5.2-2.9 4.3-4.3 2.9-5.2 1.1q-3.5 0-6.5-1.7l-7.4 2.4 2.4-7.2q-1.9-3.2-1.9-6.9 0-2.7 1.1-5.2t2.9-4.3 4.3-2.9 5.2-1.1z\"\/><\/svg><\/span><span class=\"shariff-text\" style=\"color:#34af23\">teilen<\/span>&nbsp;<\/a><\/li><li class=\"shariff-button info shariff-nocustomcolor\" style=\"background-color:#a8a8a8\"><a href=\"http:\/\/ct.de\/-2467514\" title=\"Weitere Informationen\" aria-label=\"Weitere Informationen\" role=\"button\" rel=\"noopener \" class=\"shariff-link\" style=\"; background-color:#999; color:#999\" target=\"_blank\"><span class=\"shariff-icon\" style=\"fill:#999\"><svg width=\"32px\" height=\"20px\" xmlns=\"http:\/\/www.w3.org\/2000\/svg\" viewBox=\"0 0 11 32\"><path fill=\"#999\" d=\"M11.4 24v2.3q0 0.5-0.3 0.8t-0.8 0.4h-9.1q-0.5 0-0.8-0.4t-0.4-0.8v-2.3q0-0.5 0.4-0.8t0.8-0.4h1.1v-6.8h-1.1q-0.5 0-0.8-0.4t-0.4-0.8v-2.3q0-0.5 0.4-0.8t0.8-0.4h6.8q0.5 0 0.8 0.4t0.4 0.8v10.3h1.1q0.5 0 0.8 0.4t0.3 0.8zM9.2 3.4v3.4q0 0.5-0.4 0.8t-0.8 0.4h-4.6q-0.4 0-0.8-0.4t-0.4-0.8v-3.4q0-0.4 0.4-0.8t0.8-0.4h4.6q0.5 0 0.8 0.4t0.4 0.8z\"\/><\/svg><\/span><\/a><\/li><\/ul><\/div>","protected":false},"excerpt":{"rendered":"<p>Seit Ausbruch des B\u00fcrgerkriegs in Syrien im Jahre 2010 sind \u00fcber\u00a0 11\u00a0 Millionen Syrer auf der\u00a0 Flucht. Das ist knapp\u00a0 die H\u00e4lfte der urspr\u00fcnglich 23 Millionen Einwohner. Die meisten davon &#8211; \u00a07,6 Millionen &#8211; sind Binnenfl\u00fcchtlinge, die noch relativ sichere Landesteile aufsuchen. 4 Millionen sind in die Nachbarstaaten geflohen, vor allem in die T\u00fcrkei, nach Jordanien und in den Libanon&#8230;. <a href=\"https:\/\/starke-meinungen.de\/blog\/2016\/04\/29\/muslimische-staaten-in-der-pflicht\/\">Weiterlesen &raquo;<\/a><\/p>\n","protected":false},"author":19,"featured_media":0,"comment_status":"open","ping_status":"open","sticky":false,"template":"","format":"standard","meta":{"footnotes":""},"categories":[1,2093],"tags":[2726,2724,2631,2725],"class_list":["post-6049","post","type-post","status-publish","format-standard","hentry","category-allgemein","category-rainer-werner","tag-abkommen-eu-tuerkei","tag-arabische-staaten","tag-fluechtlingskrise","tag-saudi-arabien-bruederlichkeit-im-islam"],"yoast_head":"<!-- This site is optimized with the Yoast SEO plugin v27.4 - https:\/\/yoast.com\/product\/yoast-seo-wordpress\/ -->\n<title>Muslimische Staaten in der Pflicht - starke-meinungen.de<\/title>\n<meta name=\"robots\" content=\"index, follow, max-snippet:-1, max-image-preview:large, max-video-preview:-1\" \/>\n<link rel=\"canonical\" href=\"https:\/\/starke-meinungen.de\/blog\/2016\/04\/29\/muslimische-staaten-in-der-pflicht\/\" \/>\n<meta property=\"og:locale\" content=\"de_DE\" \/>\n<meta property=\"og:type\" content=\"article\" \/>\n<meta property=\"og:title\" content=\"Muslimische Staaten in der Pflicht - starke-meinungen.de\" \/>\n<meta property=\"og:description\" content=\"Seit Ausbruch des B\u00fcrgerkriegs in Syrien im Jahre 2010 sind \u00fcber\u00a0 11\u00a0 Millionen Syrer auf der\u00a0 Flucht. Das ist knapp\u00a0 die H\u00e4lfte der urspr\u00fcnglich 23 Millionen Einwohner. Die meisten davon &#8211; \u00a07,6 Millionen &#8211; sind Binnenfl\u00fcchtlinge, die noch relativ sichere Landesteile aufsuchen. 4 Millionen sind in die Nachbarstaaten geflohen, vor allem in die T\u00fcrkei, nach Jordanien und in den Libanon.... Weiterlesen &raquo;\" \/>\n<meta property=\"og:url\" content=\"https:\/\/starke-meinungen.de\/blog\/2016\/04\/29\/muslimische-staaten-in-der-pflicht\/\" \/>\n<meta property=\"og:site_name\" content=\"starke-meinungen.de\" \/>\n<meta property=\"article:publisher\" content=\"https:\/\/www.facebook.com\/starkemeinungen\/\" \/>\n<meta property=\"article:published_time\" content=\"2016-04-29T05:21:21+00:00\" \/>\n<meta property=\"og:image\" content=\"https:\/\/starke-meinungen.de\/blog\/wp-content\/uploads\/starke-meinungen-fb-header.jpg\" \/>\n\t<meta property=\"og:image:width\" content=\"1200\" \/>\n\t<meta property=\"og:image:height\" content=\"630\" \/>\n\t<meta property=\"og:image:type\" content=\"image\/jpeg\" \/>\n<meta name=\"author\" content=\"Rainer Werner\" \/>\n<meta name=\"twitter:card\" content=\"summary_large_image\" \/>\n<meta name=\"twitter:creator\" content=\"@starkemeinungen\" \/>\n<meta name=\"twitter:site\" content=\"@starkemeinungen\" \/>\n<meta name=\"twitter:label1\" content=\"Verfasst von\" \/>\n\t<meta name=\"twitter:data1\" content=\"Rainer Werner\" \/>\n\t<meta name=\"twitter:label2\" content=\"Gesch\u00e4tzte Lesezeit\" \/>\n\t<meta name=\"twitter:data2\" content=\"7\u00a0Minuten\" \/>\n<script type=\"application\/ld+json\" class=\"yoast-schema-graph\">{\"@context\":\"https:\\\/\\\/schema.org\",\"@graph\":[{\"@type\":\"Article\",\"@id\":\"https:\\\/\\\/starke-meinungen.de\\\/blog\\\/2016\\\/04\\\/29\\\/muslimische-staaten-in-der-pflicht\\\/#article\",\"isPartOf\":{\"@id\":\"https:\\\/\\\/starke-meinungen.de\\\/blog\\\/2016\\\/04\\\/29\\\/muslimische-staaten-in-der-pflicht\\\/\"},\"author\":{\"name\":\"Rainer Werner\",\"@id\":\"https:\\\/\\\/starke-meinungen.de\\\/blog\\\/#\\\/schema\\\/person\\\/6af826c1bb87ec75580869d830616de2\"},\"headline\":\"Muslimische Staaten in der Pflicht\",\"datePublished\":\"2016-04-29T05:21:21+00:00\",\"mainEntityOfPage\":{\"@id\":\"https:\\\/\\\/starke-meinungen.de\\\/blog\\\/2016\\\/04\\\/29\\\/muslimische-staaten-in-der-pflicht\\\/\"},\"wordCount\":1420,\"commentCount\":9,\"publisher\":{\"@id\":\"https:\\\/\\\/starke-meinungen.de\\\/blog\\\/#organization\"},\"keywords\":[\"Abkommen EU-T\u00fcrkei\",\"arabische Staaten\",\"Fl\u00fcchtlingskrise\",\"Saudi-Arabien. Br\u00fcderlichkeit im Islam\"],\"articleSection\":{\"1\":\"Rainer Werner\"},\"inLanguage\":\"de\",\"potentialAction\":[{\"@type\":\"CommentAction\",\"name\":\"Comment\",\"target\":[\"https:\\\/\\\/starke-meinungen.de\\\/blog\\\/2016\\\/04\\\/29\\\/muslimische-staaten-in-der-pflicht\\\/#respond\"]}]},{\"@type\":\"WebPage\",\"@id\":\"https:\\\/\\\/starke-meinungen.de\\\/blog\\\/2016\\\/04\\\/29\\\/muslimische-staaten-in-der-pflicht\\\/\",\"url\":\"https:\\\/\\\/starke-meinungen.de\\\/blog\\\/2016\\\/04\\\/29\\\/muslimische-staaten-in-der-pflicht\\\/\",\"name\":\"Muslimische Staaten in der Pflicht - starke-meinungen.de\",\"isPartOf\":{\"@id\":\"https:\\\/\\\/starke-meinungen.de\\\/blog\\\/#website\"},\"datePublished\":\"2016-04-29T05:21:21+00:00\",\"breadcrumb\":{\"@id\":\"https:\\\/\\\/starke-meinungen.de\\\/blog\\\/2016\\\/04\\\/29\\\/muslimische-staaten-in-der-pflicht\\\/#breadcrumb\"},\"inLanguage\":\"de\",\"potentialAction\":[{\"@type\":\"ReadAction\",\"target\":[\"https:\\\/\\\/starke-meinungen.de\\\/blog\\\/2016\\\/04\\\/29\\\/muslimische-staaten-in-der-pflicht\\\/\"]}]},{\"@type\":\"BreadcrumbList\",\"@id\":\"https:\\\/\\\/starke-meinungen.de\\\/blog\\\/2016\\\/04\\\/29\\\/muslimische-staaten-in-der-pflicht\\\/#breadcrumb\",\"itemListElement\":[{\"@type\":\"ListItem\",\"position\":1,\"name\":\"Startseite\",\"item\":\"https:\\\/\\\/starke-meinungen.de\\\/blog\\\/\"},{\"@type\":\"ListItem\",\"position\":2,\"name\":\"Muslimische Staaten in der Pflicht\"}]},{\"@type\":\"WebSite\",\"@id\":\"https:\\\/\\\/starke-meinungen.de\\\/blog\\\/#website\",\"url\":\"https:\\\/\\\/starke-meinungen.de\\\/blog\\\/\",\"name\":\"starke-meinungen.de\",\"description\":\"Autoren-Blog\",\"publisher\":{\"@id\":\"https:\\\/\\\/starke-meinungen.de\\\/blog\\\/#organization\"},\"potentialAction\":[{\"@type\":\"SearchAction\",\"target\":{\"@type\":\"EntryPoint\",\"urlTemplate\":\"https:\\\/\\\/starke-meinungen.de\\\/blog\\\/?s={search_term_string}\"},\"query-input\":{\"@type\":\"PropertyValueSpecification\",\"valueRequired\":true,\"valueName\":\"search_term_string\"}}],\"inLanguage\":\"de\"},{\"@type\":\"Organization\",\"@id\":\"https:\\\/\\\/starke-meinungen.de\\\/blog\\\/#organization\",\"name\":\"starke-meinungen.de\",\"url\":\"https:\\\/\\\/starke-meinungen.de\\\/blog\\\/\",\"logo\":{\"@type\":\"ImageObject\",\"inLanguage\":\"de\",\"@id\":\"https:\\\/\\\/starke-meinungen.de\\\/blog\\\/#\\\/schema\\\/logo\\\/image\\\/\",\"url\":\"https:\\\/\\\/starke-meinungen.de\\\/blog\\\/wp-content\\\/uploads\\\/starke-meinungen-fb-header.jpg\",\"contentUrl\":\"https:\\\/\\\/starke-meinungen.de\\\/blog\\\/wp-content\\\/uploads\\\/starke-meinungen-fb-header.jpg\",\"width\":1200,\"height\":630,\"caption\":\"starke-meinungen.de\"},\"image\":{\"@id\":\"https:\\\/\\\/starke-meinungen.de\\\/blog\\\/#\\\/schema\\\/logo\\\/image\\\/\"},\"sameAs\":[\"https:\\\/\\\/www.facebook.com\\\/starkemeinungen\\\/\",\"https:\\\/\\\/x.com\\\/starkemeinungen\"]},{\"@type\":\"Person\",\"@id\":\"https:\\\/\\\/starke-meinungen.de\\\/blog\\\/#\\\/schema\\\/person\\\/6af826c1bb87ec75580869d830616de2\",\"name\":\"Rainer Werner\",\"image\":{\"@type\":\"ImageObject\",\"inLanguage\":\"de\",\"@id\":\"https:\\\/\\\/secure.gravatar.com\\\/avatar\\\/6f37dc4eff27558ec03229bb8dd7133f519865cae374548719ce45fba3788ea8?s=96&d=mm&r=g\",\"url\":\"https:\\\/\\\/secure.gravatar.com\\\/avatar\\\/6f37dc4eff27558ec03229bb8dd7133f519865cae374548719ce45fba3788ea8?s=96&d=mm&r=g\",\"contentUrl\":\"https:\\\/\\\/secure.gravatar.com\\\/avatar\\\/6f37dc4eff27558ec03229bb8dd7133f519865cae374548719ce45fba3788ea8?s=96&d=mm&r=g\",\"caption\":\"Rainer Werner\"},\"url\":\"https:\\\/\\\/starke-meinungen.de\\\/blog\\\/author\\\/werner\\\/\"}]}<\/script>\n<!-- \/ Yoast SEO plugin. -->","yoast_head_json":{"title":"Muslimische Staaten in der Pflicht - starke-meinungen.de","robots":{"index":"index","follow":"follow","max-snippet":"max-snippet:-1","max-image-preview":"max-image-preview:large","max-video-preview":"max-video-preview:-1"},"canonical":"https:\/\/starke-meinungen.de\/blog\/2016\/04\/29\/muslimische-staaten-in-der-pflicht\/","og_locale":"de_DE","og_type":"article","og_title":"Muslimische Staaten in der Pflicht - starke-meinungen.de","og_description":"Seit Ausbruch des B\u00fcrgerkriegs in Syrien im Jahre 2010 sind \u00fcber\u00a0 11\u00a0 Millionen Syrer auf der\u00a0 Flucht. Das ist knapp\u00a0 die H\u00e4lfte der urspr\u00fcnglich 23 Millionen Einwohner. Die meisten davon &#8211; \u00a07,6 Millionen &#8211; sind Binnenfl\u00fcchtlinge, die noch relativ sichere Landesteile aufsuchen. 4 Millionen sind in die Nachbarstaaten geflohen, vor allem in die T\u00fcrkei, nach Jordanien und in den Libanon.... Weiterlesen &raquo;","og_url":"https:\/\/starke-meinungen.de\/blog\/2016\/04\/29\/muslimische-staaten-in-der-pflicht\/","og_site_name":"starke-meinungen.de","article_publisher":"https:\/\/www.facebook.com\/starkemeinungen\/","article_published_time":"2016-04-29T05:21:21+00:00","og_image":[{"width":1200,"height":630,"url":"https:\/\/starke-meinungen.de\/blog\/wp-content\/uploads\/starke-meinungen-fb-header.jpg","type":"image\/jpeg"}],"author":"Rainer Werner","twitter_card":"summary_large_image","twitter_creator":"@starkemeinungen","twitter_site":"@starkemeinungen","twitter_misc":{"Verfasst von":"Rainer Werner","Gesch\u00e4tzte Lesezeit":"7\u00a0Minuten"},"schema":{"@context":"https:\/\/schema.org","@graph":[{"@type":"Article","@id":"https:\/\/starke-meinungen.de\/blog\/2016\/04\/29\/muslimische-staaten-in-der-pflicht\/#article","isPartOf":{"@id":"https:\/\/starke-meinungen.de\/blog\/2016\/04\/29\/muslimische-staaten-in-der-pflicht\/"},"author":{"name":"Rainer Werner","@id":"https:\/\/starke-meinungen.de\/blog\/#\/schema\/person\/6af826c1bb87ec75580869d830616de2"},"headline":"Muslimische Staaten in der Pflicht","datePublished":"2016-04-29T05:21:21+00:00","mainEntityOfPage":{"@id":"https:\/\/starke-meinungen.de\/blog\/2016\/04\/29\/muslimische-staaten-in-der-pflicht\/"},"wordCount":1420,"commentCount":9,"publisher":{"@id":"https:\/\/starke-meinungen.de\/blog\/#organization"},"keywords":["Abkommen EU-T\u00fcrkei","arabische Staaten","Fl\u00fcchtlingskrise","Saudi-Arabien. Br\u00fcderlichkeit im Islam"],"articleSection":{"1":"Rainer Werner"},"inLanguage":"de","potentialAction":[{"@type":"CommentAction","name":"Comment","target":["https:\/\/starke-meinungen.de\/blog\/2016\/04\/29\/muslimische-staaten-in-der-pflicht\/#respond"]}]},{"@type":"WebPage","@id":"https:\/\/starke-meinungen.de\/blog\/2016\/04\/29\/muslimische-staaten-in-der-pflicht\/","url":"https:\/\/starke-meinungen.de\/blog\/2016\/04\/29\/muslimische-staaten-in-der-pflicht\/","name":"Muslimische Staaten in der Pflicht - starke-meinungen.de","isPartOf":{"@id":"https:\/\/starke-meinungen.de\/blog\/#website"},"datePublished":"2016-04-29T05:21:21+00:00","breadcrumb":{"@id":"https:\/\/starke-meinungen.de\/blog\/2016\/04\/29\/muslimische-staaten-in-der-pflicht\/#breadcrumb"},"inLanguage":"de","potentialAction":[{"@type":"ReadAction","target":["https:\/\/starke-meinungen.de\/blog\/2016\/04\/29\/muslimische-staaten-in-der-pflicht\/"]}]},{"@type":"BreadcrumbList","@id":"https:\/\/starke-meinungen.de\/blog\/2016\/04\/29\/muslimische-staaten-in-der-pflicht\/#breadcrumb","itemListElement":[{"@type":"ListItem","position":1,"name":"Startseite","item":"https:\/\/starke-meinungen.de\/blog\/"},{"@type":"ListItem","position":2,"name":"Muslimische Staaten in der Pflicht"}]},{"@type":"WebSite","@id":"https:\/\/starke-meinungen.de\/blog\/#website","url":"https:\/\/starke-meinungen.de\/blog\/","name":"starke-meinungen.de","description":"Autoren-Blog","publisher":{"@id":"https:\/\/starke-meinungen.de\/blog\/#organization"},"potentialAction":[{"@type":"SearchAction","target":{"@type":"EntryPoint","urlTemplate":"https:\/\/starke-meinungen.de\/blog\/?s={search_term_string}"},"query-input":{"@type":"PropertyValueSpecification","valueRequired":true,"valueName":"search_term_string"}}],"inLanguage":"de"},{"@type":"Organization","@id":"https:\/\/starke-meinungen.de\/blog\/#organization","name":"starke-meinungen.de","url":"https:\/\/starke-meinungen.de\/blog\/","logo":{"@type":"ImageObject","inLanguage":"de","@id":"https:\/\/starke-meinungen.de\/blog\/#\/schema\/logo\/image\/","url":"https:\/\/starke-meinungen.de\/blog\/wp-content\/uploads\/starke-meinungen-fb-header.jpg","contentUrl":"https:\/\/starke-meinungen.de\/blog\/wp-content\/uploads\/starke-meinungen-fb-header.jpg","width":1200,"height":630,"caption":"starke-meinungen.de"},"image":{"@id":"https:\/\/starke-meinungen.de\/blog\/#\/schema\/logo\/image\/"},"sameAs":["https:\/\/www.facebook.com\/starkemeinungen\/","https:\/\/x.com\/starkemeinungen"]},{"@type":"Person","@id":"https:\/\/starke-meinungen.de\/blog\/#\/schema\/person\/6af826c1bb87ec75580869d830616de2","name":"Rainer Werner","image":{"@type":"ImageObject","inLanguage":"de","@id":"https:\/\/secure.gravatar.com\/avatar\/6f37dc4eff27558ec03229bb8dd7133f519865cae374548719ce45fba3788ea8?s=96&d=mm&r=g","url":"https:\/\/secure.gravatar.com\/avatar\/6f37dc4eff27558ec03229bb8dd7133f519865cae374548719ce45fba3788ea8?s=96&d=mm&r=g","contentUrl":"https:\/\/secure.gravatar.com\/avatar\/6f37dc4eff27558ec03229bb8dd7133f519865cae374548719ce45fba3788ea8?s=96&d=mm&r=g","caption":"Rainer Werner"},"url":"https:\/\/starke-meinungen.de\/blog\/author\/werner\/"}]}},"_links":{"self":[{"href":"https:\/\/starke-meinungen.de\/blog\/wp-json\/wp\/v2\/posts\/6049","targetHints":{"allow":["GET"]}}],"collection":[{"href":"https:\/\/starke-meinungen.de\/blog\/wp-json\/wp\/v2\/posts"}],"about":[{"href":"https:\/\/starke-meinungen.de\/blog\/wp-json\/wp\/v2\/types\/post"}],"author":[{"embeddable":true,"href":"https:\/\/starke-meinungen.de\/blog\/wp-json\/wp\/v2\/users\/19"}],"replies":[{"embeddable":true,"href":"https:\/\/starke-meinungen.de\/blog\/wp-json\/wp\/v2\/comments?post=6049"}],"version-history":[{"count":1,"href":"https:\/\/starke-meinungen.de\/blog\/wp-json\/wp\/v2\/posts\/6049\/revisions"}],"predecessor-version":[{"id":6050,"href":"https:\/\/starke-meinungen.de\/blog\/wp-json\/wp\/v2\/posts\/6049\/revisions\/6050"}],"wp:attachment":[{"href":"https:\/\/starke-meinungen.de\/blog\/wp-json\/wp\/v2\/media?parent=6049"}],"wp:term":[{"taxonomy":"category","embeddable":true,"href":"https:\/\/starke-meinungen.de\/blog\/wp-json\/wp\/v2\/categories?post=6049"},{"taxonomy":"post_tag","embeddable":true,"href":"https:\/\/starke-meinungen.de\/blog\/wp-json\/wp\/v2\/tags?post=6049"}],"curies":[{"name":"wp","href":"https:\/\/api.w.org\/{rel}","templated":true}]}}