

{"id":5939,"date":"2016-03-28T07:00:17","date_gmt":"2016-03-28T07:00:17","guid":{"rendered":"https:\/\/starke-meinungen.de\/blog\/?p=5939"},"modified":"2016-03-26T16:46:06","modified_gmt":"2016-03-26T16:46:06","slug":"nach-den-afd-erfolgen-bleibt-deutschland-westlich","status":"publish","type":"post","link":"https:\/\/starke-meinungen.de\/blog\/2016\/03\/28\/nach-den-afd-erfolgen-bleibt-deutschland-westlich\/","title":{"rendered":"Nach den AfD-Erfolgen: Bleibt Deutschland westlich?"},"content":{"rendered":"<p>Ein Hotel in Nordzypern, beim Auschecken. Der Angestellte an der Rezeption fragt einen deutschen Touristen nach seiner Zimmernummer \u2013 auf Englisch. Der starrt ein Loch in die Luft und sagt gleichm\u00fctig: \u201eDeutsch, bitte.\u201c Nicht, dass er kein Englisch gekonnt h\u00e4tte. Er war in meinem Alter, ein Wessi, der mindestens vier Jahre englisch in der Schule gehabt haben d\u00fcrfte und zweifellos in der Lage gewesen w\u00e4re, die gefragten drei Zahlen aufzusagen. Aber er wollte nicht. Und mir schien sich da etwas Verstorendes anzuk\u00fcndigen.<\/p>\n<p><!--more--><br \/>\nGut, das ist eine statistisch wenig aussagekr\u00e4ftige Anekdote. Aber die Erfolge der AfD bei Kommunal- und Landtagswahlen in Brandenburg, Hessen, Rheinland-Pfalz, Baden-W\u00fcrttemberg und Sachsen-Anhalt sind nicht anekdotisch; und mir scheint, zwischen diesen statistisch belastbaren Ergebnissen und meiner Beobachtung besteht ein Zusammenhang \u2013 obwohl der Tourist, netter Kerl \u00fcbrigens, kein AfD-Anh\u00e4nger, sondern Sozialdemokrat war.<br \/>\nMan k\u00f6nnte auch anwenden, dass Briten und Amerikaner im Ausland ja nicht besser sind, im Gegenteil, dass sie automatisch annehmen, ihr Gegen\u00fcber werde Englisch reden. Stimmt. Aber Englisch ist nun einmal die lingua franca der Ferienwelt, das haben inzwischen selbst die fr\u00fcher so hochn\u00e4sigen Franzosen einsehen m\u00fcssen. B\u00fcrger der kleineren Nationen haben sich auf diese Verh\u00e4ltnisse seit Jahrzehnten eingestellt. Und au\u00dfer im Ballermann und \u00e4hnlichen Enklaven deutscher Kultur haben sich Deutsche im Ausland eher wie die B\u00fcrger eines kleinen Landes aufgef\u00fchrt. Erst recht traf das auf die deutsche Au\u00dfen- und Europapolitik zu. Man zahlte und hielt die Klappe.<br \/>\nDas \u00e4ndert sich schon seit geraumer Zeit. \u201eAuf einmal wird in Europa Deutsch gesprochen\u201c, stellte auf dem H\u00f6hepunkt der Eurokrise Unions-Fraktionschef Volker Kauder fest. Damit meinte er nicht Hotels auf Nordzypern. Damit meinte er die Durchsetzung der \u2013 \u00fcbrigens verh\u00e4ngnisvollen und inzwischen stillschweigend aufgegebenen \u2013 Austerit\u00e4tspolitik in der gesamten Eurozone: \u201eWir sp\u00fcren, dass wir dieses Europa in eine neue Zeit f\u00fchren m\u00fcssen\u201c, so Kauder weiter, und teilte entsprechend gegen die anderen L\u00e4nder des Kontinents aus: Frankreich habe \u201edas Wort Schuldenbremse zun\u00e4chst gar nicht aussprechen wollen.\u201c Nun h\u00e4tten sie sich das anders \u00fcberlegt. Die Briten w\u00fcrden eine Finanztransaktionssteuer akzeptieren m\u00fcssen. \u201eNur den eigenen Vorteil suchen zu wollen und nicht bereit sein, sich auch einzubringen \u2013 das kann nicht die Botschaft sein, die wir den Briten durchgehen lassen.\u201c Die T\u00fcrkei werde auf keinen Fall Mitglied der EU, und so wie T\u00fcrken in Deutschland ihre Religionsh\u00e4user bauen d\u00fcrften, \u201eerwarten wir, dass die Christen in der T\u00fcrkei ihre Kirchen bauen d\u00fcrfen. Da darf es keine Kompromisse geben\u201c. Tja. Man ist etwas kleinlauter geworden inzwischen, aber den Ton hat sich Europa gemerkt.<br \/>\nDabei ist Kauder kein Nationalist, ebenso wenig wie der Finanzminister oder die Bundeskanzlerin, mochte man auch ihr Konterfei bei Demonstrationen in Athen mit einem Hitlerb\u00e4rtchen verzieren. Aber die schiere Gr\u00f6\u00dfe und das \u00f6konomische Gewicht Deutschlands schaffen eine eigene Dynamik. Es besteht eine gewisse historische Ironie in der Tatsache, dass Deutschland \u2013 jedenfalls bis zur Fl\u00fcchtlingskrise \u2013 sehr erfolgreich seine eigenen nationalen Interessen unter der Losung immer engerer europ\u00e4ischer Integration verfolgen konnte, die ja auch von der gesamten politischen, wirtschaftlichen und publizistischen Elite des Landes unterschrieben wird, w\u00e4hrend die anti-elit\u00e4re \u201eAlternative f\u00fcr Deutschland\u201c suggeriert, man m\u00fcsse, um \u201emehr Deutschland\u201c zu erreichen, \u201eweniger Europa\u201c fordern. Die europ\u00e4ische Revolte gegen Angela Merkel in der Fl\u00fcchtlingsfrage gibt den deutschen Nationalisten nat\u00fcrlich Auftrieb.<br \/>\nDeshalb kann man die AfD nicht allein unter innenpolitischen Gesichtspunkten betrachten. Deshalb ist es kurzsichtig zu sagen, dass Deutschland mit dem so gut wie sicheren Einzug der AfD in den Bundestag 2017 einfach zu einem normalen europ\u00e4ischen Land w\u00fcrde. Dabei sind die meisten F\u00fchrer der AfD \u2013 ich bleibe dabei \u2013 in mancherlei Hinsicht weniger absto\u00dfend als die Populisten in Ungarn, Polen, Tschechien, Griechenland, Finnland, Norwegen, D\u00e4nemark, \u00d6sterreich oder den Niederlanden, die dort bereits regieren oder mitregieren. Deren Einfluss ist schlecht f\u00fcr Migranten in D\u00e4nemark oder f\u00fcr die Pressefreiheit in Polen, und das ist schlimm genug. Aber international gesehen ist ihr Einfluss unbedeutend, und innerhalb der Europ\u00e4ischen Union \u00fcben die Normen und Institutionen Europas \u2013 und das Geld Deutschlands \u2013 einen m\u00e4\u00dfigenden Einfluss aus. Deutschland ist ein v\u00f6llig anderer Fall.<br \/>\n\u201cVom Wesen her ist Deutschland eher ein destabiliserender al sein stabilisierender Faktor in Europa\u201d, schrieb Margaret Thatcher in ihren Memoiren. Deshalb habe sie Mikhail Gorbatschow 1989 im Namen der anderen Nato-M\u00e4chte davon \u00fcberzeugen wollen, die Wiedervereinigung abzulehnen. Sie berief auch ein Treffen f\u00fchrender Deutschlandkenner ein, die ihr den \u201edeutschen Nationalcharakter\u201c erkl\u00e4ren sollten. Laut Protokoll der Sitzung nannten die Teilnehmer (darunter Fritz Stern und Timothy Garton Ash) \u201eAngst, Aggressivit\u00e4t, Durchsetzungswillen, eine Neigung zum Drangsalieren, Egoismus, Minderwertigkeitsgef\u00fchle und Sentimentalit\u00e4t\u201c als typisch deutsche Eigenschaften. Deshalb meinte Thatcher in einem Telefonat mit dem damaligen US-Pr\u00e4sidenten George Bush: \u201eWenn man weit in die Zukunft blicke, k\u00f6nne nur die Sowjetunion \u2013 oder deren Nachfolger \u2013 eine Balance\u201c gegen ein wiedererstarkendes und m\u00f6glicherweise dem Westen nicht wohlgesonnenes Deutschland bilden.<br \/>\nThatcher befand sich in einer Zwickm\u00fchle. Denn Helmut Kohl und Francois Mitterrand bef\u00fcrworteten zur Einbindung Deutschlands, dessen k\u00fcnftigem Kurs beide durchaus misstrauten, die engere Integration der Staaten der damaligen Europ\u00e4ischen Gemeinschaft hin zu einer politischen Union \u2013 ein Konzept, das Thatcher ablehnte. Aber ein nicht in westliche Institutionen eingebundenes und eingehegtes Deutschland war noch gef\u00e4hrlicher. Daher ihre Fantasie einer Gleichgewichtspolitik, die \u00fcbrigens auch von anderen Denkern der \u201erealistischen\u201c Schule damals geteilt wurde, zum Beispiel von den amerikanischen Politologen John J. Mearsheimer und Stephen M. Walt, die sich eine atomar bewaffnete Ukraine als Gegengewicht zu Deutschland vorstellten und sp\u00e4ter wegen ihres Pamphlets gegen den Einfluss der \u201eIsrael-Lobby\u201c zu trauriger Ber\u00fchmtheit gelangten.<br \/>\nAngesichts der Entwicklung im Russland Wladimir Putins mag Thatchers geopolitische Vision so absurd erscheinen wie die Vorstellung eines Nationalcharakters. Jedoch machten sich schon 1995 so vorz\u00fcgliche Denker wie Richard Herzinger und Hannes Stein in ihrem Buch \u201eEndzeitpropheten\u201c Sorgen um die politisch-publizistische \u201eOffensive der Antiwestler\u201c in Deutschland; wer ihr Buch \u00fcber \u201eFundamentalismus, Antiamerikanismus und Neue Rechte\u201c zur Hand nimmt, erkennt mit Schrecken, wie herrlich weit es die Antiliberalen hierzulande inzwischen gebracht haben. Dass Russland als Gegengewicht ausf\u00e4llt, sondern sich im Gegenteil als Schutzmacht der Antiwestler aufspielt, w\u00e4hrend die EU taumelt, macht die ganze Chose noch heikler.<br \/>\nSeit seiner Konstituierung als \u201eversp\u00e4tete Nation\u201c 1871 laviere Deutschland \u201ezwischen Aggression und Selbstzweifel\u201c, schrieb Thatcher. \u201eDer wahre Ursprung der deutschen Angst ist die Agonie der Selbsterkenntnis.\u201c Kein Wunder, dass man Thatcher hierzulande so hasst: ihre Psychoanalyse der deutschen Seele ist allzu treffend. Aggressiv gehen die AfD und die wachsende Schar ihrer intellektuellen Vor- und Nachdenker, Apologeten und Mitl\u00e4ufer gegen die deutschen Selbstzweifel vor, deren Ausdruck sie als \u201epolitische Korrektheit\u201c diffamieren. Wir sind wieder wer, oder sollen wieder wer sein, und die seit dem Zweiten Weltkrieg institutionalisierten Tabus fallen; man darf wieder Rassist sein \u2013 die AfD ziert sich noch verteidigt aber Pegida und Co., und das Pack, das feige sein M\u00fctchen an Asylbewerbern und ihren Wohnheimen k\u00fchlt, statt dort zu demonstrieren, wo die Politik gemacht wird, die ihnen nicht passt. V\u00f6llig zu Unrecht wurde Christopher Clarks \u201eDie Schlafwandler\u201c in diesen Kreisen als Rechtfertigungsschrift f\u00fcr die deutsche Politik im Vorfeld des Ersten Weltkriegs begeistert rezipiert. Und Alexander Gauland, der nicht umsonst zugleich anglophil und ein Thatcher-Hasser ist, hat sich f\u00fcr eine \u201eNeo-Bismarck\u2019sche\u201c deutsche Au\u00dfenpolitik ausgesprochen.<br \/>\nDarunter ist eine Balance-Politik zwischen Ost und West zu verstehen, die Russland gegen die USA ausspielt, so wie Thatcher Russland gegen Deutschland ausspielen wollte. Die AfD \u201erespektiert\u201c die imperialen russischen Interessen in Osteuropa, spricht sich gegen die EU-Erweiterung aus und lehnt es ab, anderen L\u00e4ndern \u201edie Demokratie aufzuzwingen\u201c \u2013 das hei\u00dft, Diktatoren entgegenzutreten. Sie ist gegen das Freihandelsabkommen TTIP, den liberalen Kapitalismus und die \u201eAmerikanisierung\u201c Deutschlands. Die EU soll nur noch ein lockerer Staatenverbund sein, der Deutschland keine Fesseln auferlegen kann: ein gaullistisches \u201eEuropa der Vaterl\u00e4nder\u201c \u2013 was schon damals ein gegen die USA und Gro\u00dfbritannien gerichtetes Konzept war. Sollte der Schwanz AfD auch au\u00dfenpolitisch mit dem Hund Gro\u00dfe Koalition wedeln, wie er es bereits in Sachen Fl\u00fcchtlinge getan hat, dann stehen uns au\u00dfenpolitisch schwierige Zeiten bevor. Was Konrad Adenauer, Willy Brandt und Helmut Kohl wussten: Ein Deutschland, das sich nicht klar f\u00fcr den Westen entscheidet, f\u00fcr die Nato und die EU, gef\u00e4hrdet sich und Europa.<\/p>\n<div class=\"shariff shariff-align-left shariff-widget-align-left shariff-buttonstretch\" style=\"display:none\"><ul class=\"shariff-buttons theme-white orientation-horizontal buttonsize-medium\"><li class=\"shariff-button facebook shariff-nocustomcolor\" style=\"background-color:#4273c8\"><a href=\"https:\/\/www.facebook.com\/sharer\/sharer.php?u=https%3A%2F%2Fstarke-meinungen.de%2Fblog%2F2016%2F03%2F28%2Fnach-den-afd-erfolgen-bleibt-deutschland-westlich%2F\" title=\"Bei Facebook teilen\" aria-label=\"Bei Facebook teilen\" role=\"button\" rel=\"nofollow\" class=\"shariff-link\" style=\"; background-color:#3b5998; color:#3b5998\" target=\"_blank\"><span class=\"shariff-icon\" style=\"fill:#3b5998\"><svg width=\"32px\" height=\"20px\" xmlns=\"http:\/\/www.w3.org\/2000\/svg\" viewBox=\"0 0 18 32\"><path fill=\"#3b5998\" d=\"M17.1 0.2v4.7h-2.8q-1.5 0-2.1 0.6t-0.5 1.9v3.4h5.2l-0.7 5.3h-4.5v13.6h-5.5v-13.6h-4.5v-5.3h4.5v-3.9q0-3.3 1.9-5.2t5-1.8q2.6 0 4.1 0.2z\"\/><\/svg><\/span><span class=\"shariff-text\" style=\"color:#3b5998\">teilen<\/span>&nbsp;<\/a><\/li><li class=\"shariff-button twitter shariff-nocustomcolor\" style=\"background-color:#595959\"><a href=\"https:\/\/twitter.com\/share?url=https%3A%2F%2Fstarke-meinungen.de%2Fblog%2F2016%2F03%2F28%2Fnach-den-afd-erfolgen-bleibt-deutschland-westlich%2F&text=Nach%20den%20AfD-Erfolgen%3A%20Bleibt%20Deutschland%20westlich%3F&via=starkemeinungen\" title=\"Bei X teilen\" aria-label=\"Bei X teilen\" role=\"button\" rel=\"noopener nofollow\" class=\"shariff-link\" style=\"; background-color:#000; color:#000\" target=\"_blank\"><span class=\"shariff-icon\" style=\"fill:#000\"><svg width=\"32px\" height=\"20px\" xmlns=\"http:\/\/www.w3.org\/2000\/svg\" viewBox=\"0 0 24 24\"><path fill=\"#000\" d=\"M14.258 10.152L23.176 0h-2.113l-7.747 8.813L7.133 0H0l9.352 13.328L0 23.973h2.113l8.176-9.309 6.531 9.309h7.133zm-2.895 3.293l-.949-1.328L2.875 1.56h3.246l6.086 8.523.945 1.328 7.91 11.078h-3.246zm0 0\"\/><\/svg><\/span><span class=\"shariff-text\" style=\"color:#000\">teilen<\/span>&nbsp;<\/a><\/li><li class=\"shariff-button linkedin shariff-nocustomcolor\" style=\"background-color:#1488bf\"><a href=\"https:\/\/www.linkedin.com\/sharing\/share-offsite\/?url=https%3A%2F%2Fstarke-meinungen.de%2Fblog%2F2016%2F03%2F28%2Fnach-den-afd-erfolgen-bleibt-deutschland-westlich%2F\" title=\"Bei LinkedIn teilen\" aria-label=\"Bei LinkedIn teilen\" role=\"button\" rel=\"noopener nofollow\" class=\"shariff-link\" style=\"; background-color:#0077b5; color:#0077b5\" target=\"_blank\"><span class=\"shariff-icon\" style=\"fill:#0077b5\"><svg width=\"32px\" height=\"20px\" xmlns=\"http:\/\/www.w3.org\/2000\/svg\" viewBox=\"0 0 27 32\"><path fill=\"#0077b5\" d=\"M6.2 11.2v17.7h-5.9v-17.7h5.9zM6.6 5.7q0 1.3-0.9 2.2t-2.4 0.9h0q-1.5 0-2.4-0.9t-0.9-2.2 0.9-2.2 2.4-0.9 2.4 0.9 0.9 2.2zM27.4 18.7v10.1h-5.9v-9.5q0-1.9-0.7-2.9t-2.3-1.1q-1.1 0-1.9 0.6t-1.2 1.5q-0.2 0.5-0.2 1.4v9.9h-5.9q0-7.1 0-11.6t0-5.3l0-0.9h5.9v2.6h0q0.4-0.6 0.7-1t1-0.9 1.6-0.8 2-0.3q3 0 4.9 2t1.9 6z\"\/><\/svg><\/span><span class=\"shariff-text\" style=\"color:#0077b5\">teilen<\/span>&nbsp;<\/a><\/li><li class=\"shariff-button xing shariff-nocustomcolor\" style=\"background-color:#29888a\"><a href=\"https:\/\/www.xing.com\/spi\/shares\/new?url=https%3A%2F%2Fstarke-meinungen.de%2Fblog%2F2016%2F03%2F28%2Fnach-den-afd-erfolgen-bleibt-deutschland-westlich%2F\" title=\"Bei XING teilen\" aria-label=\"Bei XING teilen\" role=\"button\" rel=\"noopener nofollow\" class=\"shariff-link\" style=\"; background-color:#126567; color:#126567\" target=\"_blank\"><span class=\"shariff-icon\" style=\"fill:#126567\"><svg width=\"32px\" height=\"20px\" xmlns=\"http:\/\/www.w3.org\/2000\/svg\" viewBox=\"0 0 25 32\"><path fill=\"#126567\" d=\"M10.7 11.9q-0.2 0.3-4.6 8.2-0.5 0.8-1.2 0.8h-4.3q-0.4 0-0.5-0.3t0-0.6l4.5-8q0 0 0 0l-2.9-5q-0.2-0.4 0-0.7 0.2-0.3 0.5-0.3h4.3q0.7 0 1.2 0.8zM25.1 0.4q0.2 0.3 0 0.7l-9.4 16.7 6 11q0.2 0.4 0 0.6-0.2 0.3-0.6 0.3h-4.3q-0.7 0-1.2-0.8l-6-11.1q0.3-0.6 9.5-16.8 0.4-0.8 1.2-0.8h4.3q0.4 0 0.5 0.3z\"\/><\/svg><\/span><span class=\"shariff-text\" style=\"color:#126567\">teilen<\/span>&nbsp;<\/a><\/li><li class=\"shariff-button whatsapp shariff-nocustomcolor\" style=\"background-color:#5cbe4a\"><a href=\"https:\/\/api.whatsapp.com\/send?text=https%3A%2F%2Fstarke-meinungen.de%2Fblog%2F2016%2F03%2F28%2Fnach-den-afd-erfolgen-bleibt-deutschland-westlich%2F%20Nach%20den%20AfD-Erfolgen%3A%20Bleibt%20Deutschland%20westlich%3F\" title=\"Bei Whatsapp teilen\" aria-label=\"Bei Whatsapp teilen\" role=\"button\" rel=\"noopener nofollow\" class=\"shariff-link\" style=\"; background-color:#34af23; color:#34af23\" target=\"_blank\"><span class=\"shariff-icon\" style=\"fill:#34af23\"><svg width=\"32px\" height=\"20px\" xmlns=\"http:\/\/www.w3.org\/2000\/svg\" viewBox=\"0 0 32 32\"><path fill=\"#34af23\" d=\"M17.6 17.4q0.2 0 1.7 0.8t1.6 0.9q0 0.1 0 0.3 0 0.6-0.3 1.4-0.3 0.7-1.3 1.2t-1.8 0.5q-1 0-3.4-1.1-1.7-0.8-3-2.1t-2.6-3.3q-1.3-1.9-1.3-3.5v-0.1q0.1-1.6 1.3-2.8 0.4-0.4 0.9-0.4 0.1 0 0.3 0t0.3 0q0.3 0 0.5 0.1t0.3 0.5q0.1 0.4 0.6 1.6t0.4 1.3q0 0.4-0.6 1t-0.6 0.8q0 0.1 0.1 0.3 0.6 1.3 1.8 2.4 1 0.9 2.7 1.8 0.2 0.1 0.4 0.1 0.3 0 1-0.9t0.9-0.9zM14 26.9q2.3 0 4.3-0.9t3.6-2.4 2.4-3.6 0.9-4.3-0.9-4.3-2.4-3.6-3.6-2.4-4.3-0.9-4.3 0.9-3.6 2.4-2.4 3.6-0.9 4.3q0 3.6 2.1 6.6l-1.4 4.2 4.3-1.4q2.8 1.9 6.2 1.9zM14 2.2q2.7 0 5.2 1.1t4.3 2.9 2.9 4.3 1.1 5.2-1.1 5.2-2.9 4.3-4.3 2.9-5.2 1.1q-3.5 0-6.5-1.7l-7.4 2.4 2.4-7.2q-1.9-3.2-1.9-6.9 0-2.7 1.1-5.2t2.9-4.3 4.3-2.9 5.2-1.1z\"\/><\/svg><\/span><span class=\"shariff-text\" style=\"color:#34af23\">teilen<\/span>&nbsp;<\/a><\/li><li class=\"shariff-button info shariff-nocustomcolor\" style=\"background-color:#a8a8a8\"><a href=\"http:\/\/ct.de\/-2467514\" title=\"Weitere Informationen\" aria-label=\"Weitere Informationen\" role=\"button\" rel=\"noopener \" class=\"shariff-link\" style=\"; background-color:#999; color:#999\" target=\"_blank\"><span class=\"shariff-icon\" style=\"fill:#999\"><svg width=\"32px\" height=\"20px\" xmlns=\"http:\/\/www.w3.org\/2000\/svg\" viewBox=\"0 0 11 32\"><path fill=\"#999\" d=\"M11.4 24v2.3q0 0.5-0.3 0.8t-0.8 0.4h-9.1q-0.5 0-0.8-0.4t-0.4-0.8v-2.3q0-0.5 0.4-0.8t0.8-0.4h1.1v-6.8h-1.1q-0.5 0-0.8-0.4t-0.4-0.8v-2.3q0-0.5 0.4-0.8t0.8-0.4h6.8q0.5 0 0.8 0.4t0.4 0.8v10.3h1.1q0.5 0 0.8 0.4t0.3 0.8zM9.2 3.4v3.4q0 0.5-0.4 0.8t-0.8 0.4h-4.6q-0.4 0-0.8-0.4t-0.4-0.8v-3.4q0-0.4 0.4-0.8t0.8-0.4h4.6q0.5 0 0.8 0.4t0.4 0.8z\"\/><\/svg><\/span><\/a><\/li><\/ul><\/div>","protected":false},"excerpt":{"rendered":"<p>Ein Hotel in Nordzypern, beim Auschecken. Der Angestellte an der Rezeption fragt einen deutschen Touristen nach seiner Zimmernummer \u2013 auf Englisch. Der starrt ein Loch in die Luft und sagt gleichm\u00fctig: \u201eDeutsch, bitte.\u201c Nicht, dass er kein Englisch gekonnt h\u00e4tte. Er war in meinem Alter, ein Wessi, der mindestens vier Jahre englisch in der Schule gehabt haben d\u00fcrfte und zweifellos&#8230; <a href=\"https:\/\/starke-meinungen.de\/blog\/2016\/03\/28\/nach-den-afd-erfolgen-bleibt-deutschland-westlich\/\">Weiterlesen &raquo;<\/a><\/p>\n","protected":false},"author":13,"featured_media":0,"comment_status":"open","ping_status":"open","sticky":false,"template":"","format":"standard","meta":{"footnotes":""},"categories":[209,1],"tags":[2293,2543,101,1477,2699,583,2334],"class_list":["post-5939","post","type-post","status-publish","format-standard","hentry","category-alan-posener","category-allgemein","tag-afd","tag-alexander-gauland","tag-angela-merkel","tag-ausenpolitik","tag-bismarck","tag-margaret-thatcher","tag-volker-kauder"],"yoast_head":"<!-- This site is optimized with the Yoast SEO plugin v27.4 - https:\/\/yoast.com\/product\/yoast-seo-wordpress\/ -->\n<title>Nach den AfD-Erfolgen: Bleibt Deutschland westlich? - starke-meinungen.de<\/title>\n<meta name=\"robots\" content=\"index, follow, max-snippet:-1, max-image-preview:large, max-video-preview:-1\" \/>\n<link rel=\"canonical\" href=\"https:\/\/starke-meinungen.de\/blog\/2016\/03\/28\/nach-den-afd-erfolgen-bleibt-deutschland-westlich\/\" \/>\n<meta property=\"og:locale\" content=\"de_DE\" \/>\n<meta property=\"og:type\" content=\"article\" \/>\n<meta property=\"og:title\" content=\"Nach den AfD-Erfolgen: Bleibt Deutschland westlich? - starke-meinungen.de\" \/>\n<meta property=\"og:description\" content=\"Ein Hotel in Nordzypern, beim Auschecken. Der Angestellte an der Rezeption fragt einen deutschen Touristen nach seiner Zimmernummer \u2013 auf Englisch. Der starrt ein Loch in die Luft und sagt gleichm\u00fctig: \u201eDeutsch, bitte.\u201c Nicht, dass er kein Englisch gekonnt h\u00e4tte. Er war in meinem Alter, ein Wessi, der mindestens vier Jahre englisch in der Schule gehabt haben d\u00fcrfte und zweifellos... Weiterlesen &raquo;\" \/>\n<meta property=\"og:url\" content=\"https:\/\/starke-meinungen.de\/blog\/2016\/03\/28\/nach-den-afd-erfolgen-bleibt-deutschland-westlich\/\" \/>\n<meta property=\"og:site_name\" content=\"starke-meinungen.de\" \/>\n<meta property=\"article:publisher\" content=\"https:\/\/www.facebook.com\/starkemeinungen\/\" \/>\n<meta property=\"article:published_time\" content=\"2016-03-28T07:00:17+00:00\" \/>\n<meta property=\"og:image\" content=\"https:\/\/starke-meinungen.de\/blog\/wp-content\/uploads\/starke-meinungen-fb-header.jpg\" \/>\n\t<meta property=\"og:image:width\" content=\"1200\" \/>\n\t<meta property=\"og:image:height\" content=\"630\" \/>\n\t<meta property=\"og:image:type\" content=\"image\/jpeg\" \/>\n<meta name=\"author\" content=\"Alan Posener\" \/>\n<meta name=\"twitter:card\" content=\"summary_large_image\" \/>\n<meta name=\"twitter:creator\" content=\"@starkemeinungen\" \/>\n<meta name=\"twitter:site\" content=\"@starkemeinungen\" \/>\n<meta name=\"twitter:label1\" content=\"Verfasst von\" \/>\n\t<meta name=\"twitter:data1\" content=\"Alan Posener\" \/>\n\t<meta name=\"twitter:label2\" content=\"Gesch\u00e4tzte Lesezeit\" \/>\n\t<meta name=\"twitter:data2\" content=\"7\u00a0Minuten\" \/>\n<script type=\"application\/ld+json\" class=\"yoast-schema-graph\">{\"@context\":\"https:\\\/\\\/schema.org\",\"@graph\":[{\"@type\":\"Article\",\"@id\":\"https:\\\/\\\/starke-meinungen.de\\\/blog\\\/2016\\\/03\\\/28\\\/nach-den-afd-erfolgen-bleibt-deutschland-westlich\\\/#article\",\"isPartOf\":{\"@id\":\"https:\\\/\\\/starke-meinungen.de\\\/blog\\\/2016\\\/03\\\/28\\\/nach-den-afd-erfolgen-bleibt-deutschland-westlich\\\/\"},\"author\":{\"name\":\"Alan Posener\",\"@id\":\"https:\\\/\\\/starke-meinungen.de\\\/blog\\\/#\\\/schema\\\/person\\\/32d0faef7c31a37c1c89be993d7a6d28\"},\"headline\":\"Nach den AfD-Erfolgen: Bleibt Deutschland westlich?\",\"datePublished\":\"2016-03-28T07:00:17+00:00\",\"mainEntityOfPage\":{\"@id\":\"https:\\\/\\\/starke-meinungen.de\\\/blog\\\/2016\\\/03\\\/28\\\/nach-den-afd-erfolgen-bleibt-deutschland-westlich\\\/\"},\"wordCount\":1397,\"commentCount\":27,\"publisher\":{\"@id\":\"https:\\\/\\\/starke-meinungen.de\\\/blog\\\/#organization\"},\"keywords\":[\"AfD\",\"Alexander Gauland\",\"Angela Merkel\",\"Au\u00dfenpolitik\",\"Bismarck\",\"Margaret Thatcher\",\"Volker Kauder\"],\"articleSection\":[\"Alan Posener\"],\"inLanguage\":\"de\",\"potentialAction\":[{\"@type\":\"CommentAction\",\"name\":\"Comment\",\"target\":[\"https:\\\/\\\/starke-meinungen.de\\\/blog\\\/2016\\\/03\\\/28\\\/nach-den-afd-erfolgen-bleibt-deutschland-westlich\\\/#respond\"]}]},{\"@type\":\"WebPage\",\"@id\":\"https:\\\/\\\/starke-meinungen.de\\\/blog\\\/2016\\\/03\\\/28\\\/nach-den-afd-erfolgen-bleibt-deutschland-westlich\\\/\",\"url\":\"https:\\\/\\\/starke-meinungen.de\\\/blog\\\/2016\\\/03\\\/28\\\/nach-den-afd-erfolgen-bleibt-deutschland-westlich\\\/\",\"name\":\"Nach den AfD-Erfolgen: Bleibt Deutschland westlich? - starke-meinungen.de\",\"isPartOf\":{\"@id\":\"https:\\\/\\\/starke-meinungen.de\\\/blog\\\/#website\"},\"datePublished\":\"2016-03-28T07:00:17+00:00\",\"breadcrumb\":{\"@id\":\"https:\\\/\\\/starke-meinungen.de\\\/blog\\\/2016\\\/03\\\/28\\\/nach-den-afd-erfolgen-bleibt-deutschland-westlich\\\/#breadcrumb\"},\"inLanguage\":\"de\",\"potentialAction\":[{\"@type\":\"ReadAction\",\"target\":[\"https:\\\/\\\/starke-meinungen.de\\\/blog\\\/2016\\\/03\\\/28\\\/nach-den-afd-erfolgen-bleibt-deutschland-westlich\\\/\"]}]},{\"@type\":\"BreadcrumbList\",\"@id\":\"https:\\\/\\\/starke-meinungen.de\\\/blog\\\/2016\\\/03\\\/28\\\/nach-den-afd-erfolgen-bleibt-deutschland-westlich\\\/#breadcrumb\",\"itemListElement\":[{\"@type\":\"ListItem\",\"position\":1,\"name\":\"Startseite\",\"item\":\"https:\\\/\\\/starke-meinungen.de\\\/blog\\\/\"},{\"@type\":\"ListItem\",\"position\":2,\"name\":\"Nach den AfD-Erfolgen: Bleibt Deutschland westlich?\"}]},{\"@type\":\"WebSite\",\"@id\":\"https:\\\/\\\/starke-meinungen.de\\\/blog\\\/#website\",\"url\":\"https:\\\/\\\/starke-meinungen.de\\\/blog\\\/\",\"name\":\"starke-meinungen.de\",\"description\":\"Autoren-Blog\",\"publisher\":{\"@id\":\"https:\\\/\\\/starke-meinungen.de\\\/blog\\\/#organization\"},\"potentialAction\":[{\"@type\":\"SearchAction\",\"target\":{\"@type\":\"EntryPoint\",\"urlTemplate\":\"https:\\\/\\\/starke-meinungen.de\\\/blog\\\/?s={search_term_string}\"},\"query-input\":{\"@type\":\"PropertyValueSpecification\",\"valueRequired\":true,\"valueName\":\"search_term_string\"}}],\"inLanguage\":\"de\"},{\"@type\":\"Organization\",\"@id\":\"https:\\\/\\\/starke-meinungen.de\\\/blog\\\/#organization\",\"name\":\"starke-meinungen.de\",\"url\":\"https:\\\/\\\/starke-meinungen.de\\\/blog\\\/\",\"logo\":{\"@type\":\"ImageObject\",\"inLanguage\":\"de\",\"@id\":\"https:\\\/\\\/starke-meinungen.de\\\/blog\\\/#\\\/schema\\\/logo\\\/image\\\/\",\"url\":\"https:\\\/\\\/starke-meinungen.de\\\/blog\\\/wp-content\\\/uploads\\\/starke-meinungen-fb-header.jpg\",\"contentUrl\":\"https:\\\/\\\/starke-meinungen.de\\\/blog\\\/wp-content\\\/uploads\\\/starke-meinungen-fb-header.jpg\",\"width\":1200,\"height\":630,\"caption\":\"starke-meinungen.de\"},\"image\":{\"@id\":\"https:\\\/\\\/starke-meinungen.de\\\/blog\\\/#\\\/schema\\\/logo\\\/image\\\/\"},\"sameAs\":[\"https:\\\/\\\/www.facebook.com\\\/starkemeinungen\\\/\",\"https:\\\/\\\/x.com\\\/starkemeinungen\"]},{\"@type\":\"Person\",\"@id\":\"https:\\\/\\\/starke-meinungen.de\\\/blog\\\/#\\\/schema\\\/person\\\/32d0faef7c31a37c1c89be993d7a6d28\",\"name\":\"Alan Posener\",\"image\":{\"@type\":\"ImageObject\",\"inLanguage\":\"de\",\"@id\":\"https:\\\/\\\/secure.gravatar.com\\\/avatar\\\/c75c8818a9ab78c4faa75048dba7844e2587998cda4d93f84e7d86f7e21a9b90?s=96&d=mm&r=g\",\"url\":\"https:\\\/\\\/secure.gravatar.com\\\/avatar\\\/c75c8818a9ab78c4faa75048dba7844e2587998cda4d93f84e7d86f7e21a9b90?s=96&d=mm&r=g\",\"contentUrl\":\"https:\\\/\\\/secure.gravatar.com\\\/avatar\\\/c75c8818a9ab78c4faa75048dba7844e2587998cda4d93f84e7d86f7e21a9b90?s=96&d=mm&r=g\",\"caption\":\"Alan Posener\"},\"url\":\"https:\\\/\\\/starke-meinungen.de\\\/blog\\\/author\\\/posener\\\/\"}]}<\/script>\n<!-- \/ Yoast SEO plugin. -->","yoast_head_json":{"title":"Nach den AfD-Erfolgen: Bleibt Deutschland westlich? - starke-meinungen.de","robots":{"index":"index","follow":"follow","max-snippet":"max-snippet:-1","max-image-preview":"max-image-preview:large","max-video-preview":"max-video-preview:-1"},"canonical":"https:\/\/starke-meinungen.de\/blog\/2016\/03\/28\/nach-den-afd-erfolgen-bleibt-deutschland-westlich\/","og_locale":"de_DE","og_type":"article","og_title":"Nach den AfD-Erfolgen: Bleibt Deutschland westlich? - starke-meinungen.de","og_description":"Ein Hotel in Nordzypern, beim Auschecken. Der Angestellte an der Rezeption fragt einen deutschen Touristen nach seiner Zimmernummer \u2013 auf Englisch. Der starrt ein Loch in die Luft und sagt gleichm\u00fctig: \u201eDeutsch, bitte.\u201c Nicht, dass er kein Englisch gekonnt h\u00e4tte. Er war in meinem Alter, ein Wessi, der mindestens vier Jahre englisch in der Schule gehabt haben d\u00fcrfte und zweifellos... Weiterlesen &raquo;","og_url":"https:\/\/starke-meinungen.de\/blog\/2016\/03\/28\/nach-den-afd-erfolgen-bleibt-deutschland-westlich\/","og_site_name":"starke-meinungen.de","article_publisher":"https:\/\/www.facebook.com\/starkemeinungen\/","article_published_time":"2016-03-28T07:00:17+00:00","og_image":[{"width":1200,"height":630,"url":"https:\/\/starke-meinungen.de\/blog\/wp-content\/uploads\/starke-meinungen-fb-header.jpg","type":"image\/jpeg"}],"author":"Alan Posener","twitter_card":"summary_large_image","twitter_creator":"@starkemeinungen","twitter_site":"@starkemeinungen","twitter_misc":{"Verfasst von":"Alan Posener","Gesch\u00e4tzte Lesezeit":"7\u00a0Minuten"},"schema":{"@context":"https:\/\/schema.org","@graph":[{"@type":"Article","@id":"https:\/\/starke-meinungen.de\/blog\/2016\/03\/28\/nach-den-afd-erfolgen-bleibt-deutschland-westlich\/#article","isPartOf":{"@id":"https:\/\/starke-meinungen.de\/blog\/2016\/03\/28\/nach-den-afd-erfolgen-bleibt-deutschland-westlich\/"},"author":{"name":"Alan Posener","@id":"https:\/\/starke-meinungen.de\/blog\/#\/schema\/person\/32d0faef7c31a37c1c89be993d7a6d28"},"headline":"Nach den AfD-Erfolgen: Bleibt Deutschland westlich?","datePublished":"2016-03-28T07:00:17+00:00","mainEntityOfPage":{"@id":"https:\/\/starke-meinungen.de\/blog\/2016\/03\/28\/nach-den-afd-erfolgen-bleibt-deutschland-westlich\/"},"wordCount":1397,"commentCount":27,"publisher":{"@id":"https:\/\/starke-meinungen.de\/blog\/#organization"},"keywords":["AfD","Alexander Gauland","Angela Merkel","Au\u00dfenpolitik","Bismarck","Margaret Thatcher","Volker Kauder"],"articleSection":["Alan Posener"],"inLanguage":"de","potentialAction":[{"@type":"CommentAction","name":"Comment","target":["https:\/\/starke-meinungen.de\/blog\/2016\/03\/28\/nach-den-afd-erfolgen-bleibt-deutschland-westlich\/#respond"]}]},{"@type":"WebPage","@id":"https:\/\/starke-meinungen.de\/blog\/2016\/03\/28\/nach-den-afd-erfolgen-bleibt-deutschland-westlich\/","url":"https:\/\/starke-meinungen.de\/blog\/2016\/03\/28\/nach-den-afd-erfolgen-bleibt-deutschland-westlich\/","name":"Nach den AfD-Erfolgen: Bleibt Deutschland westlich? - starke-meinungen.de","isPartOf":{"@id":"https:\/\/starke-meinungen.de\/blog\/#website"},"datePublished":"2016-03-28T07:00:17+00:00","breadcrumb":{"@id":"https:\/\/starke-meinungen.de\/blog\/2016\/03\/28\/nach-den-afd-erfolgen-bleibt-deutschland-westlich\/#breadcrumb"},"inLanguage":"de","potentialAction":[{"@type":"ReadAction","target":["https:\/\/starke-meinungen.de\/blog\/2016\/03\/28\/nach-den-afd-erfolgen-bleibt-deutschland-westlich\/"]}]},{"@type":"BreadcrumbList","@id":"https:\/\/starke-meinungen.de\/blog\/2016\/03\/28\/nach-den-afd-erfolgen-bleibt-deutschland-westlich\/#breadcrumb","itemListElement":[{"@type":"ListItem","position":1,"name":"Startseite","item":"https:\/\/starke-meinungen.de\/blog\/"},{"@type":"ListItem","position":2,"name":"Nach den AfD-Erfolgen: Bleibt Deutschland westlich?"}]},{"@type":"WebSite","@id":"https:\/\/starke-meinungen.de\/blog\/#website","url":"https:\/\/starke-meinungen.de\/blog\/","name":"starke-meinungen.de","description":"Autoren-Blog","publisher":{"@id":"https:\/\/starke-meinungen.de\/blog\/#organization"},"potentialAction":[{"@type":"SearchAction","target":{"@type":"EntryPoint","urlTemplate":"https:\/\/starke-meinungen.de\/blog\/?s={search_term_string}"},"query-input":{"@type":"PropertyValueSpecification","valueRequired":true,"valueName":"search_term_string"}}],"inLanguage":"de"},{"@type":"Organization","@id":"https:\/\/starke-meinungen.de\/blog\/#organization","name":"starke-meinungen.de","url":"https:\/\/starke-meinungen.de\/blog\/","logo":{"@type":"ImageObject","inLanguage":"de","@id":"https:\/\/starke-meinungen.de\/blog\/#\/schema\/logo\/image\/","url":"https:\/\/starke-meinungen.de\/blog\/wp-content\/uploads\/starke-meinungen-fb-header.jpg","contentUrl":"https:\/\/starke-meinungen.de\/blog\/wp-content\/uploads\/starke-meinungen-fb-header.jpg","width":1200,"height":630,"caption":"starke-meinungen.de"},"image":{"@id":"https:\/\/starke-meinungen.de\/blog\/#\/schema\/logo\/image\/"},"sameAs":["https:\/\/www.facebook.com\/starkemeinungen\/","https:\/\/x.com\/starkemeinungen"]},{"@type":"Person","@id":"https:\/\/starke-meinungen.de\/blog\/#\/schema\/person\/32d0faef7c31a37c1c89be993d7a6d28","name":"Alan Posener","image":{"@type":"ImageObject","inLanguage":"de","@id":"https:\/\/secure.gravatar.com\/avatar\/c75c8818a9ab78c4faa75048dba7844e2587998cda4d93f84e7d86f7e21a9b90?s=96&d=mm&r=g","url":"https:\/\/secure.gravatar.com\/avatar\/c75c8818a9ab78c4faa75048dba7844e2587998cda4d93f84e7d86f7e21a9b90?s=96&d=mm&r=g","contentUrl":"https:\/\/secure.gravatar.com\/avatar\/c75c8818a9ab78c4faa75048dba7844e2587998cda4d93f84e7d86f7e21a9b90?s=96&d=mm&r=g","caption":"Alan Posener"},"url":"https:\/\/starke-meinungen.de\/blog\/author\/posener\/"}]}},"_links":{"self":[{"href":"https:\/\/starke-meinungen.de\/blog\/wp-json\/wp\/v2\/posts\/5939","targetHints":{"allow":["GET"]}}],"collection":[{"href":"https:\/\/starke-meinungen.de\/blog\/wp-json\/wp\/v2\/posts"}],"about":[{"href":"https:\/\/starke-meinungen.de\/blog\/wp-json\/wp\/v2\/types\/post"}],"author":[{"embeddable":true,"href":"https:\/\/starke-meinungen.de\/blog\/wp-json\/wp\/v2\/users\/13"}],"replies":[{"embeddable":true,"href":"https:\/\/starke-meinungen.de\/blog\/wp-json\/wp\/v2\/comments?post=5939"}],"version-history":[{"count":1,"href":"https:\/\/starke-meinungen.de\/blog\/wp-json\/wp\/v2\/posts\/5939\/revisions"}],"predecessor-version":[{"id":5940,"href":"https:\/\/starke-meinungen.de\/blog\/wp-json\/wp\/v2\/posts\/5939\/revisions\/5940"}],"wp:attachment":[{"href":"https:\/\/starke-meinungen.de\/blog\/wp-json\/wp\/v2\/media?parent=5939"}],"wp:term":[{"taxonomy":"category","embeddable":true,"href":"https:\/\/starke-meinungen.de\/blog\/wp-json\/wp\/v2\/categories?post=5939"},{"taxonomy":"post_tag","embeddable":true,"href":"https:\/\/starke-meinungen.de\/blog\/wp-json\/wp\/v2\/tags?post=5939"}],"curies":[{"name":"wp","href":"https:\/\/api.w.org\/{rel}","templated":true}]}}