

{"id":5906,"date":"2016-03-09T09:57:10","date_gmt":"2016-03-09T09:57:10","guid":{"rendered":"https:\/\/starke-meinungen.de\/blog\/?p=5906"},"modified":"2016-03-09T09:57:10","modified_gmt":"2016-03-09T09:57:10","slug":"die-gruenen-und-die-frauen","status":"publish","type":"post","link":"https:\/\/starke-meinungen.de\/blog\/2016\/03\/09\/die-gruenen-und-die-frauen\/","title":{"rendered":"Die Gr\u00fcnen und die Frauen"},"content":{"rendered":"<p>Nach den Ereignissen in der Silvesternacht 2015 in K\u00f6ln verschlug es den Gr\u00fcnen f\u00fcr Tage die Sprache. Als sich dann schlie\u00dflich einzelne Sprecher(innen) zu Wort meldeten, waren die Stellungnahmen seltsam gewunden: Verurteilung der T\u00e4ter ja, aber immer versehen mit der Warnung, die Fl\u00fcchtlinge ja nicht pauschal zu verurteilen. Besonders peinlich waren Hinweise &#8211; etwa von Claudia Roth &#8211; , wenn Deutsche massenhaft zum Feiern zusammen k\u00e4men, wie z.B. beim Karneval oder beim M\u00fcnchener Oktoberfest, komme es auch zu \u00dcbergriffen gegen\u00fcber Frauen. Den Frauen, die in K\u00f6ln Opfer massenhafter sexueller Bel\u00e4stigung geworden waren, mussten solche Relativierungen der schlimmen Taten wie Hohn in den Ohren klingen.<\/p>\n<p>Im Januar 2013 wurde durch einen Bericht im &#8222;Stern&#8220; bekannt, dass der damals 67-j\u00e4hrige FDP-Politiker Rainer Br\u00fcderle in einer Stuttgarter Hotelbar gegen\u00fcber einer 29-j\u00e4hrigen Journalistin die n\u00f6tige Distanz habe vermissen lassen. Er soll nach der Musterung ihres Dekollet\u00e9s zu ihr gesagt haben: <em>&#8222;<\/em><em>Sie k\u00f6nnen ein Dirndl auch ausf\u00fcllen.&#8220;<\/em> Als dieses Zitat bekannt wurde, gab es nicht nur einen Shit-Storm in feministischen Kreisen. Nein, vor allem die Gr\u00fcnen gaben sich emp\u00f6rt und forderten vehement Br\u00fcderles R\u00fccktritt vom Amt des Fraktionsvorsitzenden der FDP im Bundestag.<!--more--><\/p>\n<p>Gr\u00fcne Solidarit\u00e4t mit Frauen? Im Prinzip ja, aber: mal so &#8211; mal so. Wie kommt der unterschiedliche Ma\u00dfstab zustande? Br\u00fcderle war der politische Gegner, noch dazu f\u00fchrendes Mitglied der verhassten Neo-Liberalen, wie die FDP in der Diktion der Gr\u00fcnen hei\u00dft. H\u00e4tten die Gr\u00fcnen die Episode als erotische Verirrung eines vom Wein bes\u00e4uselten \u00e4lteren Herren abgetan, h\u00e4tten sie sich einer Chance im politischen Kampf beraubt. Gegen den FDP-Politiker den Vorwurf des Sexismus zu erheben, war deshalb allzu verlockend.<\/p>\n<p>Eigentlich sollte man meinen, dass die \u00dcbergriffe auf die Frauen in K\u00f6ln w\u00e4hrend der Silvesternacht ungleich schwerwiegender waren als der Altherrenwitz eines Politikers in der Neige seiner Jahre. Umso heftiger h\u00e4tten deshalb die Verurteilungen der Sex-Attacken im Schatten des K\u00f6lner Doms ausfallen m\u00fcssen. Genau das Gegenteil war der Fall. Wie kommt dieses Paradoxon zustande?<\/p>\n<p>Frauen und Fl\u00fcchtlinge (Ausl\u00e4nder generell) sind gleicherma\u00dfen Schutzbefohlene der Gr\u00fcnen. Die gr\u00fcne Partei hat nicht nur die Frauenquote erfunden und erfolgreich in der Partei durchgesetzt (z.B. durch die Doppelbesetzung aller \u00c4mter). Sie ist auch die strikteste Bef\u00fcrworterin des multikulturellen Gesellschaftsprojekts.<\/p>\n<p>Im Widerstreit des Eintretens f\u00fcr Frauenrechte und des Schutzes von Ausl\u00e4ndern haben sich die Gr\u00fcnen offensichtlich f\u00fcr die Ausl\u00e4nder &#8211; aktuell: Fl\u00fcchtlinge &#8211; entschieden. Diese Priorit\u00e4t kann man allenthalben an ihrer praktischen Politik ablesen. \u00dcberall wo die Gr\u00fcnen an Regierungen beteiligt sind, haben sie daf\u00fcr gesorgt, dass Kriminalstatistiken nicht nach ethnischer Herkunft ausgewiesen werden d\u00fcrfen, obwohl dies f\u00fcr die Identifizierung krimineller Strukturen hilfreich sein k\u00f6nnte. Wenn eine Zeitung einmal gegen den Pressekodex verstie\u00df, der die <em>&#8222;Zugeh\u00f6rigkeit der Verd\u00e4chtigen oder T\u00e4ter zu religi\u00f6sen, ethischen oder anderen Minderheiten&#8220;<\/em> nur dann zu nennen erlaubt, wenn ein <em>&#8222;begr\u00fcndeter Sachbezug&#8220;<\/em> besteht, erntete sie heftige gr\u00fcne Kritik. Die Gr\u00fcnen haben bis heute eine laxe Einstellung zu den Zwangsverheiratungen in der muslimischen Gemeinschaft. Nach Auskunft der Frauenrechtsorganisation &#8222;Terre des Femmes&#8220; werden in unserem Land pro Jahr immer noch um die 2.000 Zwangsehen geschlossen, von denen die \u00d6ffentlichkeit nichts erf\u00e4hrt, weil die Familien inzwischen wissen, dass es sich um eine Straftat handelt. Ich kann mich noch an eine Podiumsdiskussion mit Politikern in einem Gymnasium erinnern, bei der eine Vertreterin der Gr\u00fcnen die Meinung vertreten hat, solche Zwangsehen k\u00f6nne man auch als &#8222;arrangierte Ehen&#8220; bezeichnen. Diese habe es schlie\u00dflich auch lange bei adeligen Familien in Deutschland gegeben.<\/p>\n<p>In der gegenw\u00e4rtigen Fl\u00fcchtlingskrise ist auff\u00e4llig, dass M\u00e4dchen und Frauen aus den Fluchtl\u00e4ndern in den Gr\u00fcnen keine engagierten F\u00fcrsprecher haben. W\u00e4hrend junge M\u00e4nner aus Afghanistan zu Zehntausenden nach Deutschland geflohen sind, bleiben M\u00e4dchen und Frauen im Elend zur\u00fcck. Ihnen droht, wenn die Taliban sich weiter ausbreiten, ein schlimmes Schicksal: Schluss mit Ausbildung, Studium und Beruf, Fr\u00fch- und Zwangsverheiratung mit Verbannung ins Haus. H\u00e4tte es einer &#8222;Frauenpartei&#8220; wie den Gr\u00fcnen nicht gut zu Gesicht gestanden, wenn sie ein Fl\u00fcchtlingskontingent, einen &#8222;humanen Korridor&#8220; f\u00fcr afghanische Frauen gefordert h\u00e4tte? Dasselbe gilt auch f\u00fcr die Frauen in den Auffanglagern in der T\u00fcrkei, im Libanon und in Jordanien. W\u00e4hrend sich die durchsetzungsstarken jungen M\u00e4nner den Weg nach Deutschland gebahnt haben, bleiben die Schwachen &#8211; Frauen mit Kindern &#8211; im Elend zur\u00fcck. Wo bleibt hier die Anteilnahme einer Partei, die beim geringsten Versto\u00df gegen die Gleichberechtigung der Frau nach der Frauenbeauftragten ruft? In der christlichen Seefahrt galt die Devise: <em>&#8222;Rettet Frauen und<\/em> <em>Kinder zuerst!<\/em>&#8220; Ein solches Leitbild f\u00fcr eine humane Fl\u00fcchtlingspolitik st\u00fcnde den Gr\u00fcnen sehr gut zu Gesicht.<\/p>\n<p>Die Anwesenheit von \u00fcber einer Million Menschen aus fremden Kulturkreisen wird unser Land ver\u00e4ndern. Vor allem M\u00e4dchen und Frauen werden Belastungen und Zumutungen ausgesetzt sein, die wir seit Beginn der sexuellen Revolution in den 1960er Jahren und der errungenen Gleichberechtigung eigentlich f\u00fcr erledigt gehalten hatten. Die Gespenster der Vergangenheit kehren auf unsch\u00f6ne Weise zur\u00fcck. Schon vor dem Fl\u00fcchtlingszustrom im Jahre 2015 haben Lehrer dar\u00fcber geklagt, dass muslimische V\u00e4ter sich weigern, mit einer Klassenlehrerin oder einer Schulleiterin zu verhandeln, weil sie Frauen als Vorgesetzte oder Autorit\u00e4tspersonen nicht akzeptieren. Es ist sogar vorgekommen, dass Fl\u00fcchtlinge von Frauen, die als ehrenamtliche Helferinnen Essen, Kleidung und Medikamente austeilten, nicht bedient werden wollten. Die Gleichstellungsfrage wird in ungewohnter Weise neu auf die Tagesordnung gesetzt.<\/p>\n<p>Die Gr\u00fcnen werden sich dazu durchringen m\u00fcssen, sexuelle \u00dcbergriffe oder frauenfeindliches Verhalten auch dann bedingungs- und vorbehaltlos zu verurteilen, wenn Ausl\u00e4nder und Fl\u00fcchtlinge die Urheber sind. Sie sollten damit aufh\u00f6ren, den T\u00e4tern einen kulturell-ethnischen oder gar religi\u00f6sen Rabatt einzur\u00e4umen, der sie davor bewahrt, sich den Gepflogenheiten unseres Landes zu f\u00fcgen. Die Rechte der Frauen sind nicht verhandelbar. Erst wenn den Gr\u00fcnen dieser mentale Wandel gelingt, k\u00f6nnte man sie als die Menschenrechtspartei ernst nehmen, als die sie sich gerne stilisiert.<\/p>\n<div class=\"shariff shariff-align-left shariff-widget-align-left shariff-buttonstretch\" style=\"display:none\"><ul class=\"shariff-buttons theme-white orientation-horizontal buttonsize-medium\"><li class=\"shariff-button facebook shariff-nocustomcolor\" style=\"background-color:#4273c8\"><a href=\"https:\/\/www.facebook.com\/sharer\/sharer.php?u=https%3A%2F%2Fstarke-meinungen.de%2Fblog%2F2016%2F03%2F09%2Fdie-gruenen-und-die-frauen%2F\" title=\"Bei Facebook teilen\" aria-label=\"Bei Facebook teilen\" role=\"button\" rel=\"nofollow\" class=\"shariff-link\" style=\"; background-color:#3b5998; color:#3b5998\" target=\"_blank\"><span class=\"shariff-icon\" style=\"fill:#3b5998\"><svg width=\"32px\" height=\"20px\" xmlns=\"http:\/\/www.w3.org\/2000\/svg\" viewBox=\"0 0 18 32\"><path fill=\"#3b5998\" d=\"M17.1 0.2v4.7h-2.8q-1.5 0-2.1 0.6t-0.5 1.9v3.4h5.2l-0.7 5.3h-4.5v13.6h-5.5v-13.6h-4.5v-5.3h4.5v-3.9q0-3.3 1.9-5.2t5-1.8q2.6 0 4.1 0.2z\"\/><\/svg><\/span><span class=\"shariff-text\" style=\"color:#3b5998\">teilen<\/span>&nbsp;<\/a><\/li><li class=\"shariff-button twitter shariff-nocustomcolor\" style=\"background-color:#595959\"><a href=\"https:\/\/twitter.com\/share?url=https%3A%2F%2Fstarke-meinungen.de%2Fblog%2F2016%2F03%2F09%2Fdie-gruenen-und-die-frauen%2F&text=Die%20Gr%C3%BCnen%20und%20die%20Frauen&via=starkemeinungen\" title=\"Bei X teilen\" aria-label=\"Bei X teilen\" role=\"button\" rel=\"noopener nofollow\" class=\"shariff-link\" style=\"; background-color:#000; color:#000\" target=\"_blank\"><span class=\"shariff-icon\" style=\"fill:#000\"><svg width=\"32px\" height=\"20px\" xmlns=\"http:\/\/www.w3.org\/2000\/svg\" viewBox=\"0 0 24 24\"><path fill=\"#000\" d=\"M14.258 10.152L23.176 0h-2.113l-7.747 8.813L7.133 0H0l9.352 13.328L0 23.973h2.113l8.176-9.309 6.531 9.309h7.133zm-2.895 3.293l-.949-1.328L2.875 1.56h3.246l6.086 8.523.945 1.328 7.91 11.078h-3.246zm0 0\"\/><\/svg><\/span><span class=\"shariff-text\" style=\"color:#000\">teilen<\/span>&nbsp;<\/a><\/li><li class=\"shariff-button linkedin shariff-nocustomcolor\" style=\"background-color:#1488bf\"><a href=\"https:\/\/www.linkedin.com\/sharing\/share-offsite\/?url=https%3A%2F%2Fstarke-meinungen.de%2Fblog%2F2016%2F03%2F09%2Fdie-gruenen-und-die-frauen%2F\" title=\"Bei LinkedIn teilen\" aria-label=\"Bei LinkedIn teilen\" role=\"button\" rel=\"noopener nofollow\" class=\"shariff-link\" style=\"; background-color:#0077b5; color:#0077b5\" target=\"_blank\"><span class=\"shariff-icon\" style=\"fill:#0077b5\"><svg width=\"32px\" height=\"20px\" xmlns=\"http:\/\/www.w3.org\/2000\/svg\" viewBox=\"0 0 27 32\"><path fill=\"#0077b5\" d=\"M6.2 11.2v17.7h-5.9v-17.7h5.9zM6.6 5.7q0 1.3-0.9 2.2t-2.4 0.9h0q-1.5 0-2.4-0.9t-0.9-2.2 0.9-2.2 2.4-0.9 2.4 0.9 0.9 2.2zM27.4 18.7v10.1h-5.9v-9.5q0-1.9-0.7-2.9t-2.3-1.1q-1.1 0-1.9 0.6t-1.2 1.5q-0.2 0.5-0.2 1.4v9.9h-5.9q0-7.1 0-11.6t0-5.3l0-0.9h5.9v2.6h0q0.4-0.6 0.7-1t1-0.9 1.6-0.8 2-0.3q3 0 4.9 2t1.9 6z\"\/><\/svg><\/span><span class=\"shariff-text\" style=\"color:#0077b5\">teilen<\/span>&nbsp;<\/a><\/li><li class=\"shariff-button xing shariff-nocustomcolor\" style=\"background-color:#29888a\"><a href=\"https:\/\/www.xing.com\/spi\/shares\/new?url=https%3A%2F%2Fstarke-meinungen.de%2Fblog%2F2016%2F03%2F09%2Fdie-gruenen-und-die-frauen%2F\" title=\"Bei XING teilen\" aria-label=\"Bei XING teilen\" role=\"button\" rel=\"noopener nofollow\" class=\"shariff-link\" style=\"; background-color:#126567; color:#126567\" target=\"_blank\"><span class=\"shariff-icon\" style=\"fill:#126567\"><svg width=\"32px\" height=\"20px\" xmlns=\"http:\/\/www.w3.org\/2000\/svg\" viewBox=\"0 0 25 32\"><path fill=\"#126567\" d=\"M10.7 11.9q-0.2 0.3-4.6 8.2-0.5 0.8-1.2 0.8h-4.3q-0.4 0-0.5-0.3t0-0.6l4.5-8q0 0 0 0l-2.9-5q-0.2-0.4 0-0.7 0.2-0.3 0.5-0.3h4.3q0.7 0 1.2 0.8zM25.1 0.4q0.2 0.3 0 0.7l-9.4 16.7 6 11q0.2 0.4 0 0.6-0.2 0.3-0.6 0.3h-4.3q-0.7 0-1.2-0.8l-6-11.1q0.3-0.6 9.5-16.8 0.4-0.8 1.2-0.8h4.3q0.4 0 0.5 0.3z\"\/><\/svg><\/span><span class=\"shariff-text\" style=\"color:#126567\">teilen<\/span>&nbsp;<\/a><\/li><li class=\"shariff-button whatsapp shariff-nocustomcolor\" style=\"background-color:#5cbe4a\"><a href=\"https:\/\/api.whatsapp.com\/send?text=https%3A%2F%2Fstarke-meinungen.de%2Fblog%2F2016%2F03%2F09%2Fdie-gruenen-und-die-frauen%2F%20Die%20Gr%C3%BCnen%20und%20die%20Frauen\" title=\"Bei Whatsapp teilen\" aria-label=\"Bei Whatsapp teilen\" role=\"button\" rel=\"noopener nofollow\" class=\"shariff-link\" style=\"; background-color:#34af23; color:#34af23\" target=\"_blank\"><span class=\"shariff-icon\" style=\"fill:#34af23\"><svg width=\"32px\" height=\"20px\" xmlns=\"http:\/\/www.w3.org\/2000\/svg\" viewBox=\"0 0 32 32\"><path fill=\"#34af23\" d=\"M17.6 17.4q0.2 0 1.7 0.8t1.6 0.9q0 0.1 0 0.3 0 0.6-0.3 1.4-0.3 0.7-1.3 1.2t-1.8 0.5q-1 0-3.4-1.1-1.7-0.8-3-2.1t-2.6-3.3q-1.3-1.9-1.3-3.5v-0.1q0.1-1.6 1.3-2.8 0.4-0.4 0.9-0.4 0.1 0 0.3 0t0.3 0q0.3 0 0.5 0.1t0.3 0.5q0.1 0.4 0.6 1.6t0.4 1.3q0 0.4-0.6 1t-0.6 0.8q0 0.1 0.1 0.3 0.6 1.3 1.8 2.4 1 0.9 2.7 1.8 0.2 0.1 0.4 0.1 0.3 0 1-0.9t0.9-0.9zM14 26.9q2.3 0 4.3-0.9t3.6-2.4 2.4-3.6 0.9-4.3-0.9-4.3-2.4-3.6-3.6-2.4-4.3-0.9-4.3 0.9-3.6 2.4-2.4 3.6-0.9 4.3q0 3.6 2.1 6.6l-1.4 4.2 4.3-1.4q2.8 1.9 6.2 1.9zM14 2.2q2.7 0 5.2 1.1t4.3 2.9 2.9 4.3 1.1 5.2-1.1 5.2-2.9 4.3-4.3 2.9-5.2 1.1q-3.5 0-6.5-1.7l-7.4 2.4 2.4-7.2q-1.9-3.2-1.9-6.9 0-2.7 1.1-5.2t2.9-4.3 4.3-2.9 5.2-1.1z\"\/><\/svg><\/span><span class=\"shariff-text\" style=\"color:#34af23\">teilen<\/span>&nbsp;<\/a><\/li><li class=\"shariff-button info shariff-nocustomcolor\" style=\"background-color:#a8a8a8\"><a href=\"http:\/\/ct.de\/-2467514\" title=\"Weitere Informationen\" aria-label=\"Weitere Informationen\" role=\"button\" rel=\"noopener \" class=\"shariff-link\" style=\"; background-color:#999; color:#999\" target=\"_blank\"><span class=\"shariff-icon\" style=\"fill:#999\"><svg width=\"32px\" height=\"20px\" xmlns=\"http:\/\/www.w3.org\/2000\/svg\" viewBox=\"0 0 11 32\"><path fill=\"#999\" d=\"M11.4 24v2.3q0 0.5-0.3 0.8t-0.8 0.4h-9.1q-0.5 0-0.8-0.4t-0.4-0.8v-2.3q0-0.5 0.4-0.8t0.8-0.4h1.1v-6.8h-1.1q-0.5 0-0.8-0.4t-0.4-0.8v-2.3q0-0.5 0.4-0.8t0.8-0.4h6.8q0.5 0 0.8 0.4t0.4 0.8v10.3h1.1q0.5 0 0.8 0.4t0.3 0.8zM9.2 3.4v3.4q0 0.5-0.4 0.8t-0.8 0.4h-4.6q-0.4 0-0.8-0.4t-0.4-0.8v-3.4q0-0.4 0.4-0.8t0.8-0.4h4.6q0.5 0 0.8 0.4t0.4 0.8z\"\/><\/svg><\/span><\/a><\/li><\/ul><\/div>","protected":false},"excerpt":{"rendered":"<p>Nach den Ereignissen in der Silvesternacht 2015 in K\u00f6ln verschlug es den Gr\u00fcnen f\u00fcr Tage die Sprache. Als sich dann schlie\u00dflich einzelne Sprecher(innen) zu Wort meldeten, waren die Stellungnahmen seltsam gewunden: Verurteilung der T\u00e4ter ja, aber immer versehen mit der Warnung, die Fl\u00fcchtlinge ja nicht pauschal zu verurteilen. Besonders peinlich waren Hinweise &#8211; etwa von Claudia Roth &#8211; , wenn&#8230; <a href=\"https:\/\/starke-meinungen.de\/blog\/2016\/03\/09\/die-gruenen-und-die-frauen\/\">Weiterlesen &raquo;<\/a><\/p>\n","protected":false},"author":19,"featured_media":0,"comment_status":"open","ping_status":"open","sticky":false,"template":"","format":"standard","meta":{"footnotes":""},"categories":[1,2093],"tags":[2459,2684,1733,2683,2582],"class_list":["post-5906","post","type-post","status-publish","format-standard","hentry","category-allgemein","category-rainer-werner","tag-die-gruenen","tag-emanzipation","tag-fluchtlinge","tag-frauenrechte","tag-silvesternacht-in-koeln"],"yoast_head":"<!-- This site is optimized with the Yoast SEO plugin v27.4 - https:\/\/yoast.com\/product\/yoast-seo-wordpress\/ -->\n<title>Die Gr\u00fcnen und die Frauen - starke-meinungen.de<\/title>\n<meta name=\"robots\" content=\"index, follow, max-snippet:-1, max-image-preview:large, max-video-preview:-1\" \/>\n<link rel=\"canonical\" href=\"https:\/\/starke-meinungen.de\/blog\/2016\/03\/09\/die-gruenen-und-die-frauen\/\" \/>\n<meta property=\"og:locale\" content=\"de_DE\" \/>\n<meta property=\"og:type\" content=\"article\" \/>\n<meta property=\"og:title\" content=\"Die Gr\u00fcnen und die Frauen - starke-meinungen.de\" \/>\n<meta property=\"og:description\" content=\"Nach den Ereignissen in der Silvesternacht 2015 in K\u00f6ln verschlug es den Gr\u00fcnen f\u00fcr Tage die Sprache. Als sich dann schlie\u00dflich einzelne Sprecher(innen) zu Wort meldeten, waren die Stellungnahmen seltsam gewunden: Verurteilung der T\u00e4ter ja, aber immer versehen mit der Warnung, die Fl\u00fcchtlinge ja nicht pauschal zu verurteilen. Besonders peinlich waren Hinweise &#8211; etwa von Claudia Roth &#8211; , wenn... Weiterlesen &raquo;\" \/>\n<meta property=\"og:url\" content=\"https:\/\/starke-meinungen.de\/blog\/2016\/03\/09\/die-gruenen-und-die-frauen\/\" \/>\n<meta property=\"og:site_name\" content=\"starke-meinungen.de\" \/>\n<meta property=\"article:publisher\" content=\"https:\/\/www.facebook.com\/starkemeinungen\/\" \/>\n<meta property=\"article:published_time\" content=\"2016-03-09T09:57:10+00:00\" \/>\n<meta property=\"og:image\" content=\"https:\/\/starke-meinungen.de\/blog\/wp-content\/uploads\/starke-meinungen-fb-header.jpg\" \/>\n\t<meta property=\"og:image:width\" content=\"1200\" \/>\n\t<meta property=\"og:image:height\" content=\"630\" \/>\n\t<meta property=\"og:image:type\" content=\"image\/jpeg\" \/>\n<meta name=\"author\" content=\"Rainer Werner\" \/>\n<meta name=\"twitter:card\" content=\"summary_large_image\" \/>\n<meta name=\"twitter:creator\" content=\"@starkemeinungen\" \/>\n<meta name=\"twitter:site\" content=\"@starkemeinungen\" \/>\n<meta name=\"twitter:label1\" content=\"Verfasst von\" \/>\n\t<meta name=\"twitter:data1\" content=\"Rainer Werner\" \/>\n\t<meta name=\"twitter:label2\" content=\"Gesch\u00e4tzte Lesezeit\" \/>\n\t<meta name=\"twitter:data2\" content=\"5\u00a0Minuten\" \/>\n<script type=\"application\/ld+json\" class=\"yoast-schema-graph\">{\"@context\":\"https:\\\/\\\/schema.org\",\"@graph\":[{\"@type\":\"Article\",\"@id\":\"https:\\\/\\\/starke-meinungen.de\\\/blog\\\/2016\\\/03\\\/09\\\/die-gruenen-und-die-frauen\\\/#article\",\"isPartOf\":{\"@id\":\"https:\\\/\\\/starke-meinungen.de\\\/blog\\\/2016\\\/03\\\/09\\\/die-gruenen-und-die-frauen\\\/\"},\"author\":{\"name\":\"Rainer Werner\",\"@id\":\"https:\\\/\\\/starke-meinungen.de\\\/blog\\\/#\\\/schema\\\/person\\\/6af826c1bb87ec75580869d830616de2\"},\"headline\":\"Die Gr\u00fcnen und die Frauen\",\"datePublished\":\"2016-03-09T09:57:10+00:00\",\"mainEntityOfPage\":{\"@id\":\"https:\\\/\\\/starke-meinungen.de\\\/blog\\\/2016\\\/03\\\/09\\\/die-gruenen-und-die-frauen\\\/\"},\"wordCount\":1045,\"commentCount\":16,\"publisher\":{\"@id\":\"https:\\\/\\\/starke-meinungen.de\\\/blog\\\/#organization\"},\"keywords\":[\"Die Gr\u00fcnen\",\"Emanzipation\",\"Fl\u00fcchtlinge\",\"Frauenrechte\",\"Silvesternacht in K\u00f6ln\"],\"articleSection\":{\"1\":\"Rainer Werner\"},\"inLanguage\":\"de\",\"potentialAction\":[{\"@type\":\"CommentAction\",\"name\":\"Comment\",\"target\":[\"https:\\\/\\\/starke-meinungen.de\\\/blog\\\/2016\\\/03\\\/09\\\/die-gruenen-und-die-frauen\\\/#respond\"]}]},{\"@type\":\"WebPage\",\"@id\":\"https:\\\/\\\/starke-meinungen.de\\\/blog\\\/2016\\\/03\\\/09\\\/die-gruenen-und-die-frauen\\\/\",\"url\":\"https:\\\/\\\/starke-meinungen.de\\\/blog\\\/2016\\\/03\\\/09\\\/die-gruenen-und-die-frauen\\\/\",\"name\":\"Die Gr\u00fcnen und die Frauen - starke-meinungen.de\",\"isPartOf\":{\"@id\":\"https:\\\/\\\/starke-meinungen.de\\\/blog\\\/#website\"},\"datePublished\":\"2016-03-09T09:57:10+00:00\",\"breadcrumb\":{\"@id\":\"https:\\\/\\\/starke-meinungen.de\\\/blog\\\/2016\\\/03\\\/09\\\/die-gruenen-und-die-frauen\\\/#breadcrumb\"},\"inLanguage\":\"de\",\"potentialAction\":[{\"@type\":\"ReadAction\",\"target\":[\"https:\\\/\\\/starke-meinungen.de\\\/blog\\\/2016\\\/03\\\/09\\\/die-gruenen-und-die-frauen\\\/\"]}]},{\"@type\":\"BreadcrumbList\",\"@id\":\"https:\\\/\\\/starke-meinungen.de\\\/blog\\\/2016\\\/03\\\/09\\\/die-gruenen-und-die-frauen\\\/#breadcrumb\",\"itemListElement\":[{\"@type\":\"ListItem\",\"position\":1,\"name\":\"Startseite\",\"item\":\"https:\\\/\\\/starke-meinungen.de\\\/blog\\\/\"},{\"@type\":\"ListItem\",\"position\":2,\"name\":\"Die Gr\u00fcnen und die Frauen\"}]},{\"@type\":\"WebSite\",\"@id\":\"https:\\\/\\\/starke-meinungen.de\\\/blog\\\/#website\",\"url\":\"https:\\\/\\\/starke-meinungen.de\\\/blog\\\/\",\"name\":\"starke-meinungen.de\",\"description\":\"Autoren-Blog\",\"publisher\":{\"@id\":\"https:\\\/\\\/starke-meinungen.de\\\/blog\\\/#organization\"},\"potentialAction\":[{\"@type\":\"SearchAction\",\"target\":{\"@type\":\"EntryPoint\",\"urlTemplate\":\"https:\\\/\\\/starke-meinungen.de\\\/blog\\\/?s={search_term_string}\"},\"query-input\":{\"@type\":\"PropertyValueSpecification\",\"valueRequired\":true,\"valueName\":\"search_term_string\"}}],\"inLanguage\":\"de\"},{\"@type\":\"Organization\",\"@id\":\"https:\\\/\\\/starke-meinungen.de\\\/blog\\\/#organization\",\"name\":\"starke-meinungen.de\",\"url\":\"https:\\\/\\\/starke-meinungen.de\\\/blog\\\/\",\"logo\":{\"@type\":\"ImageObject\",\"inLanguage\":\"de\",\"@id\":\"https:\\\/\\\/starke-meinungen.de\\\/blog\\\/#\\\/schema\\\/logo\\\/image\\\/\",\"url\":\"https:\\\/\\\/starke-meinungen.de\\\/blog\\\/wp-content\\\/uploads\\\/starke-meinungen-fb-header.jpg\",\"contentUrl\":\"https:\\\/\\\/starke-meinungen.de\\\/blog\\\/wp-content\\\/uploads\\\/starke-meinungen-fb-header.jpg\",\"width\":1200,\"height\":630,\"caption\":\"starke-meinungen.de\"},\"image\":{\"@id\":\"https:\\\/\\\/starke-meinungen.de\\\/blog\\\/#\\\/schema\\\/logo\\\/image\\\/\"},\"sameAs\":[\"https:\\\/\\\/www.facebook.com\\\/starkemeinungen\\\/\",\"https:\\\/\\\/x.com\\\/starkemeinungen\"]},{\"@type\":\"Person\",\"@id\":\"https:\\\/\\\/starke-meinungen.de\\\/blog\\\/#\\\/schema\\\/person\\\/6af826c1bb87ec75580869d830616de2\",\"name\":\"Rainer Werner\",\"image\":{\"@type\":\"ImageObject\",\"inLanguage\":\"de\",\"@id\":\"https:\\\/\\\/secure.gravatar.com\\\/avatar\\\/6f37dc4eff27558ec03229bb8dd7133f519865cae374548719ce45fba3788ea8?s=96&d=mm&r=g\",\"url\":\"https:\\\/\\\/secure.gravatar.com\\\/avatar\\\/6f37dc4eff27558ec03229bb8dd7133f519865cae374548719ce45fba3788ea8?s=96&d=mm&r=g\",\"contentUrl\":\"https:\\\/\\\/secure.gravatar.com\\\/avatar\\\/6f37dc4eff27558ec03229bb8dd7133f519865cae374548719ce45fba3788ea8?s=96&d=mm&r=g\",\"caption\":\"Rainer Werner\"},\"url\":\"https:\\\/\\\/starke-meinungen.de\\\/blog\\\/author\\\/werner\\\/\"}]}<\/script>\n<!-- \/ Yoast SEO plugin. -->","yoast_head_json":{"title":"Die Gr\u00fcnen und die Frauen - starke-meinungen.de","robots":{"index":"index","follow":"follow","max-snippet":"max-snippet:-1","max-image-preview":"max-image-preview:large","max-video-preview":"max-video-preview:-1"},"canonical":"https:\/\/starke-meinungen.de\/blog\/2016\/03\/09\/die-gruenen-und-die-frauen\/","og_locale":"de_DE","og_type":"article","og_title":"Die Gr\u00fcnen und die Frauen - starke-meinungen.de","og_description":"Nach den Ereignissen in der Silvesternacht 2015 in K\u00f6ln verschlug es den Gr\u00fcnen f\u00fcr Tage die Sprache. Als sich dann schlie\u00dflich einzelne Sprecher(innen) zu Wort meldeten, waren die Stellungnahmen seltsam gewunden: Verurteilung der T\u00e4ter ja, aber immer versehen mit der Warnung, die Fl\u00fcchtlinge ja nicht pauschal zu verurteilen. Besonders peinlich waren Hinweise &#8211; etwa von Claudia Roth &#8211; , wenn... Weiterlesen &raquo;","og_url":"https:\/\/starke-meinungen.de\/blog\/2016\/03\/09\/die-gruenen-und-die-frauen\/","og_site_name":"starke-meinungen.de","article_publisher":"https:\/\/www.facebook.com\/starkemeinungen\/","article_published_time":"2016-03-09T09:57:10+00:00","og_image":[{"width":1200,"height":630,"url":"https:\/\/starke-meinungen.de\/blog\/wp-content\/uploads\/starke-meinungen-fb-header.jpg","type":"image\/jpeg"}],"author":"Rainer Werner","twitter_card":"summary_large_image","twitter_creator":"@starkemeinungen","twitter_site":"@starkemeinungen","twitter_misc":{"Verfasst von":"Rainer Werner","Gesch\u00e4tzte Lesezeit":"5\u00a0Minuten"},"schema":{"@context":"https:\/\/schema.org","@graph":[{"@type":"Article","@id":"https:\/\/starke-meinungen.de\/blog\/2016\/03\/09\/die-gruenen-und-die-frauen\/#article","isPartOf":{"@id":"https:\/\/starke-meinungen.de\/blog\/2016\/03\/09\/die-gruenen-und-die-frauen\/"},"author":{"name":"Rainer Werner","@id":"https:\/\/starke-meinungen.de\/blog\/#\/schema\/person\/6af826c1bb87ec75580869d830616de2"},"headline":"Die Gr\u00fcnen und die Frauen","datePublished":"2016-03-09T09:57:10+00:00","mainEntityOfPage":{"@id":"https:\/\/starke-meinungen.de\/blog\/2016\/03\/09\/die-gruenen-und-die-frauen\/"},"wordCount":1045,"commentCount":16,"publisher":{"@id":"https:\/\/starke-meinungen.de\/blog\/#organization"},"keywords":["Die Gr\u00fcnen","Emanzipation","Fl\u00fcchtlinge","Frauenrechte","Silvesternacht in K\u00f6ln"],"articleSection":{"1":"Rainer Werner"},"inLanguage":"de","potentialAction":[{"@type":"CommentAction","name":"Comment","target":["https:\/\/starke-meinungen.de\/blog\/2016\/03\/09\/die-gruenen-und-die-frauen\/#respond"]}]},{"@type":"WebPage","@id":"https:\/\/starke-meinungen.de\/blog\/2016\/03\/09\/die-gruenen-und-die-frauen\/","url":"https:\/\/starke-meinungen.de\/blog\/2016\/03\/09\/die-gruenen-und-die-frauen\/","name":"Die Gr\u00fcnen und die Frauen - starke-meinungen.de","isPartOf":{"@id":"https:\/\/starke-meinungen.de\/blog\/#website"},"datePublished":"2016-03-09T09:57:10+00:00","breadcrumb":{"@id":"https:\/\/starke-meinungen.de\/blog\/2016\/03\/09\/die-gruenen-und-die-frauen\/#breadcrumb"},"inLanguage":"de","potentialAction":[{"@type":"ReadAction","target":["https:\/\/starke-meinungen.de\/blog\/2016\/03\/09\/die-gruenen-und-die-frauen\/"]}]},{"@type":"BreadcrumbList","@id":"https:\/\/starke-meinungen.de\/blog\/2016\/03\/09\/die-gruenen-und-die-frauen\/#breadcrumb","itemListElement":[{"@type":"ListItem","position":1,"name":"Startseite","item":"https:\/\/starke-meinungen.de\/blog\/"},{"@type":"ListItem","position":2,"name":"Die Gr\u00fcnen und die Frauen"}]},{"@type":"WebSite","@id":"https:\/\/starke-meinungen.de\/blog\/#website","url":"https:\/\/starke-meinungen.de\/blog\/","name":"starke-meinungen.de","description":"Autoren-Blog","publisher":{"@id":"https:\/\/starke-meinungen.de\/blog\/#organization"},"potentialAction":[{"@type":"SearchAction","target":{"@type":"EntryPoint","urlTemplate":"https:\/\/starke-meinungen.de\/blog\/?s={search_term_string}"},"query-input":{"@type":"PropertyValueSpecification","valueRequired":true,"valueName":"search_term_string"}}],"inLanguage":"de"},{"@type":"Organization","@id":"https:\/\/starke-meinungen.de\/blog\/#organization","name":"starke-meinungen.de","url":"https:\/\/starke-meinungen.de\/blog\/","logo":{"@type":"ImageObject","inLanguage":"de","@id":"https:\/\/starke-meinungen.de\/blog\/#\/schema\/logo\/image\/","url":"https:\/\/starke-meinungen.de\/blog\/wp-content\/uploads\/starke-meinungen-fb-header.jpg","contentUrl":"https:\/\/starke-meinungen.de\/blog\/wp-content\/uploads\/starke-meinungen-fb-header.jpg","width":1200,"height":630,"caption":"starke-meinungen.de"},"image":{"@id":"https:\/\/starke-meinungen.de\/blog\/#\/schema\/logo\/image\/"},"sameAs":["https:\/\/www.facebook.com\/starkemeinungen\/","https:\/\/x.com\/starkemeinungen"]},{"@type":"Person","@id":"https:\/\/starke-meinungen.de\/blog\/#\/schema\/person\/6af826c1bb87ec75580869d830616de2","name":"Rainer Werner","image":{"@type":"ImageObject","inLanguage":"de","@id":"https:\/\/secure.gravatar.com\/avatar\/6f37dc4eff27558ec03229bb8dd7133f519865cae374548719ce45fba3788ea8?s=96&d=mm&r=g","url":"https:\/\/secure.gravatar.com\/avatar\/6f37dc4eff27558ec03229bb8dd7133f519865cae374548719ce45fba3788ea8?s=96&d=mm&r=g","contentUrl":"https:\/\/secure.gravatar.com\/avatar\/6f37dc4eff27558ec03229bb8dd7133f519865cae374548719ce45fba3788ea8?s=96&d=mm&r=g","caption":"Rainer Werner"},"url":"https:\/\/starke-meinungen.de\/blog\/author\/werner\/"}]}},"_links":{"self":[{"href":"https:\/\/starke-meinungen.de\/blog\/wp-json\/wp\/v2\/posts\/5906","targetHints":{"allow":["GET"]}}],"collection":[{"href":"https:\/\/starke-meinungen.de\/blog\/wp-json\/wp\/v2\/posts"}],"about":[{"href":"https:\/\/starke-meinungen.de\/blog\/wp-json\/wp\/v2\/types\/post"}],"author":[{"embeddable":true,"href":"https:\/\/starke-meinungen.de\/blog\/wp-json\/wp\/v2\/users\/19"}],"replies":[{"embeddable":true,"href":"https:\/\/starke-meinungen.de\/blog\/wp-json\/wp\/v2\/comments?post=5906"}],"version-history":[{"count":1,"href":"https:\/\/starke-meinungen.de\/blog\/wp-json\/wp\/v2\/posts\/5906\/revisions"}],"predecessor-version":[{"id":5907,"href":"https:\/\/starke-meinungen.de\/blog\/wp-json\/wp\/v2\/posts\/5906\/revisions\/5907"}],"wp:attachment":[{"href":"https:\/\/starke-meinungen.de\/blog\/wp-json\/wp\/v2\/media?parent=5906"}],"wp:term":[{"taxonomy":"category","embeddable":true,"href":"https:\/\/starke-meinungen.de\/blog\/wp-json\/wp\/v2\/categories?post=5906"},{"taxonomy":"post_tag","embeddable":true,"href":"https:\/\/starke-meinungen.de\/blog\/wp-json\/wp\/v2\/tags?post=5906"}],"curies":[{"name":"wp","href":"https:\/\/api.w.org\/{rel}","templated":true}]}}