

{"id":5775,"date":"2016-02-12T10:50:32","date_gmt":"2016-02-12T10:50:32","guid":{"rendered":"https:\/\/starke-meinungen.de\/blog\/?p=5775"},"modified":"2016-02-12T12:20:58","modified_gmt":"2016-02-12T12:20:58","slug":"mieser-stil","status":"publish","type":"post","link":"https:\/\/starke-meinungen.de\/blog\/2016\/02\/12\/mieser-stil\/","title":{"rendered":"Mieser Stil"},"content":{"rendered":"<p><strong>Wie ich von Henryk M. Broder und Alan Posener zu einer Verteidigerin der T\u00e4ter von K\u00f6ln gemacht wurde<\/strong><\/p>\n<p><span style=\"font-family: Calibri; font-size: medium;\"><strong>Von Amelie Fried<\/strong><br \/>\n<\/span><\/p>\n<p><i><span style=\"font-family: Calibri; font-size: medium;\">Amelie Fried braucht eigentlich keine Vorstellung, aber wer sie nicht kennt, findet sie hier.<\/span><\/i><a href=\"http:\/\/www.ameliefried.de\/\" target=\"_blank\"><span style=\"color: #0563c1; font-family: Calibri; font-size: medium;\">http:\/\/www.ameliefried.de\/<\/span><\/a><\/p>\n<p><i><span style=\"font-family: Calibri; font-size: medium;\">Ich habe neulich Frau Fried \u00f6ffentlich kritisiert. So finde ich es nur fair, ihr die M\u00f6glichkeit einzur\u00e4umen, mich zu kritisieren, und habe ihr das angeboten. Ich bin nach wie vor nicht mit ihrer Kritik einverstanden, schon gar nicht mit der Kritik an Henryk Broder und der WELT, aber ich verzichte darauf, den Streit fortzuf\u00fchren. Mit dieser Dokumentation der verschiedenen Positionen soll es von mir aus sein Bewenden haben. Alan Posener<\/span><\/i><\/p>\n<p><span style=\"font-family: Calibri; font-size: medium;\">\u00a0<\/span>Anfang Dezember letzten Jahres schrieb ich einen Kolumnentext f\u00fcr die Weihnachtsausgabe von CICERO, die Mitte Dezember erschien. Anl\u00e4sslich des Festes der Liebe besann ich mich auf die von vielen derzeit so heftig verteidigten Werte unserer christlich-abendl\u00e4ndischen Kultur, und nahm den Diebstahl einer Gitarre durch einen Fl\u00fcchtling zum Anlass, \u00fcber Geben und Nehmen zu reflektieren, und \u00fcber das asymmetrische Verh\u00e4ltnis zwischen Menschen, die alles verloren haben, und Menschen, die in der Lage sind, zu geben. <!--more-->Ich fragte mich, ob wir das Recht h\u00e4tten, Dankbarkeit einzufordern, und gab meiner Hoffnung Ausdruck, dass gut integrierte Fl\u00fcchtlinge eines Tages mehr zur\u00fcckgeben werden, als wir in sie investiert haben. Mit keinem Wort verteidigte ich den Diebstahl, ich sagte nur, ich sei dankbar f\u00fcr die Lektion, die mich dieses Erlebnis gelehrt hat.<\/p>\n<p><span style=\"font-family: Calibri; font-size: medium;\">Im Januar finden sich Zitate aus diesem Text unter der \u00dcberschrift \u201eWar K\u00f6ln ein Pogrom? \u2013 An den \u00dcbergriffen zu Silvester und der Debatte im Anschluss zeigt sich, was Frauen- und Judenhasser verbindet\u201c in einem Artikel von Henryk M. Broder in der WELT.\u00a0<\/span><\/p>\n<p><a href=\"http:\/\/www.welt.de\/debatte\/henryk-m-broder\/article151535590\/War-das-was-in-Koeln-geschah-ein-Pogrom.html\" target=\"_blank\"><span style=\"color: #0563c1; font-family: Calibri; font-size: medium;\">http:\/\/www.welt.de\/debatte\/henryk-m-broder\/article151535590\/War-das-was-in-Koeln-geschah-ein-Pogrom.html<\/span><\/a><\/p>\n<p><span style=\"font-family: Calibri; font-size: medium;\">Darin stellt er mich in eine Reihe mit Journalistinnen, die nach Silvester angeblich die T\u00e4ter von K\u00f6ln verteidigt h\u00e4tten. Diesen Kolleginnen w\u00fcnscht er, vom IS nach Rakka eingeladen zu werden, um zu erfahren, was Rape-Culture bedeutet. Wie sagte Broders Kollege Alan Posener auf \u201eStarke Meinungen\u201c: \u201e&#8230; guter Geschmack war seine Sache noch nie.\u201c<\/span><\/p>\n<p><a href=\"https:\/\/starke-meinungen.de\/blog\/2016\/01\/14\/der-fall-broder\/\" target=\"_blank\"><span style=\"color: #0563c1; font-family: Calibri; font-size: medium;\">https:\/\/starke-meinungen.de\/blog\/2016\/01\/14\/der-fall-broder\/<\/span><\/a><\/p>\n<p><span style=\"font-family: Calibri; font-size: medium;\">Nur, was hat meine Weihnachtskolumne mit den nach Silvester ge\u00e4u\u00dferten Meinungen der Kolleginnen des \u201eTagesspiegel\u201c zu tun? Noch einmal: Mein Text handelt vom Diebstahl einer Gitarre und ist lange vor Silvester erschienen, hat also weder zeitlich noch inhaltlich den geringsten Zusammenhang mit den Vorg\u00e4ngen von K\u00f6ln. Das juckt Herrn Broder aber nicht, ungeniert erweckt er den Eindruck, mein Text sei im Zusammenhang mit K\u00f6ln entstanden. Fazit seiner Ausf\u00fchrungen \u00fcber mich: \u201eDenn Frau Fried hat, wie viele ihrer Mitstreiterinnen, bis heute nicht begriffen, was in der Nacht vom 31. Dezember auf 1. Januar in K\u00f6ln und an anderen Orten passiert ist.\u201c<\/span><\/p>\n<p><span style=\"font-family: Calibri; font-size: medium;\">Als ich mich bei der WELT beschwere, wird mir von der Chefredaktion ein Gastkommentar zugestanden, in dem ich meine Sicht der Dinge &#8211; auf sehr begrenztem Raum &#8211; darstellen darf.<\/span><\/p>\n<p><span style=\"font-family: Calibri; font-size: medium;\">Nun mache ich einen Fehler: Ich wage tats\u00e4chlich, \u00fcber die m\u00f6glichen Motive der T\u00e4ter \u2013 wohlgemerkt: der Gitarrendiebe, nicht der Sexualstraft\u00e4ter von K\u00f6ln \u2013 nachzudenken! W\u00f6rtlich schreibe ich: \u201eJugendliche, die aus einem Kriegsgebiet fliehen, sind auf schieres \u00dcberleben programmiert. Dazu geh\u00f6rt wom\u00f6glich auch, zu stehlen. Damit sage ich nicht, dass Stehlen richtig sei. Und schon gar nicht sage ich, dass Fl\u00fcchtlinge ein gr\u00f6\u00dferes Recht h\u00e4tten, zu stehlen (oder andere Straftaten zu begehen) als andere.\u201c<\/span><\/p>\n<p><a href=\"http:\/\/www.welt.de\/debatte\/kommentare\/article151893353\/Ich-habe-die-Koelner-Uebergriffe-nie-beschoenigt.html\" target=\"_blank\"><span style=\"color: #0563c1; font-family: Calibri; font-size: medium;\">http:\/\/www.welt.de\/debatte\/kommentare\/article151893353\/Ich-habe-die-Koelner-Uebergriffe-nie-beschoenigt.html<\/span><\/a><\/p>\n<p><span style=\"font-family: Calibri; font-size: medium;\">Nun wird erneut zum Halali geblasen &#8211; so viel d\u00e4mliches Gutmenschentum darf in der WELT nicht unges\u00fchnt bleiben. Alan Posener verfasst eine weitere Polemik, in der er mich in eine Reihe mit der Terroristin Ulrike Meinhof stellt. Die hatte \u2013 nachdem obdachlose \u00dcbernachtungsg\u00e4ste in ihrer WG Geld und eine Stereoanlage hatten mitgehen lassen, mal gesagt: \u201eTendenziell ist alles, was ein Prolet macht, richtig. Und alles, was ein kleinb\u00fcrgerlicher Intellektueller macht, falsch.\u201c Meine \u00dcberlegungen spiegelten laut Posener denselben Geist in Bezug auf Fl\u00fcchtlinge und uns B\u00fcrger des Westens wider.<\/span><\/p>\n<p><a href=\"http:\/\/www.welt.de\/debatte\/kommentare\/article151951366\/Die-deutschen-Helfer-und-das-Meinhof-Syndrom.html\" target=\"_blank\"><span style=\"color: #0563c1; font-family: Calibri; font-size: medium;\">http:\/\/www.welt.de\/debatte\/kommentare\/article151951366\/Die-deutschen-Helfer-und-das-Meinhof-Syndrom.html<\/span><\/a><\/p>\n<p><span style=\"font-family: Calibri; font-size: medium;\">Erstens ist der Satz von Ulrike Meinhof gro\u00dfer Unfug. Zweitens ist die Analogie, die Posener herstellt, gro\u00dfer Unfug.<\/span><\/p>\n<p><span style=\"font-family: Calibri; font-size: medium;\">Ich sage ausdr\u00fccklich, dass ich den Diebstahl\u00a0<\/span><b><span style=\"font-family: Calibri; font-size: medium;\">nicht<\/span><\/b><span style=\"font-family: Calibri; font-size: medium;\">\u00a0guthei\u00dfe und\u00a0<\/span><b><span style=\"font-family: Calibri; font-size: medium;\">nicht<\/span><\/b><span style=\"font-family: Calibri; font-size: medium;\">\u00a0der Meinung bin, Fl\u00fcchtlinge h\u00e4tten ein gr\u00f6\u00dferes Recht zu stehlen (oder andere Straftaten zu begehen) als andere. Was muss man denn noch tun, um zu verhindern, das einem das Wort im Mund herumgedreht wird? Darf man als Autor bei der WELT mit Verzerrungen und Verf\u00e4lschungen leichtfertig den Ruf einer anderen Autorin besch\u00e4digen, nur weil einem deren Weltsicht nicht passt?<\/span><\/p>\n<p><span style=\"font-family: Calibri; font-size: medium;\">Nach meiner Beschwerde \u00fcber Broder \u00e4nderte WELT online flugs die Unterzeile seines Artikels. Jetzt sieht es so aus, als h\u00e4tte Broder ihn allgemeiner gemeint und nicht nur auf die Vorg\u00e4nge in K\u00f6ln bezogen. So finde ich mich also nun in einem Artikel unter der perfiden Zeile:\u00a0\u201eNoch etwas wird klar: manche Frauen haben mehr Mitgef\u00fchl mit den T\u00e4tern als mit den Opfern\u201c als angebliche Verteidigerin von Frauensch\u00e4ndern und Vergewaltigern wieder.<\/span><\/p>\n<p><span style=\"font-family: Calibri; font-size: medium;\">Ich war Sch\u00fclerin der Odenwaldschule. Ich war zum Gl\u00fcck nicht selbst von sexuellen \u00dcbergriffen betroffen. Aber ich kenne viele ehemalige Mitsch\u00fcler, die es waren. Und ich habe erfahren, was diese Form der Gewalt mit ihnen gemacht hat, wie manche Leben dadurch zerst\u00f6rt wurden. Wer ernsthaft glaubt oder andere glauben machen will, ich w\u00fcrde Vergewaltiger verteidigen, der muss b\u00f6swillig oder zumindest von allen guten Geistern verlassen sein.<\/span><\/p>\n<p><span style=\"font-family: Calibri; font-size: medium;\">So werde ich nun also dank dieses fragw\u00fcrdigen journalistischen Umgangs mit der Wahrheit mit einem Shitstorm bestraft f\u00fcr Meinungen, die ich nicht habe, und \u00c4u\u00dferungen, die ich nicht getan habe. F\u00fcr die dadurch entstandene Besch\u00e4digung meines guten Rufes hat sich bislang \u00fcbrigens niemand bei mir entschuldigt.<\/span><\/p>\n<div class=\"shariff shariff-align-left shariff-widget-align-left shariff-buttonstretch\" style=\"display:none\"><ul class=\"shariff-buttons theme-white orientation-horizontal buttonsize-medium\"><li class=\"shariff-button facebook shariff-nocustomcolor\" style=\"background-color:#4273c8\"><a href=\"https:\/\/www.facebook.com\/sharer\/sharer.php?u=https%3A%2F%2Fstarke-meinungen.de%2Fblog%2F2016%2F02%2F12%2Fmieser-stil%2F\" title=\"Bei Facebook teilen\" aria-label=\"Bei Facebook teilen\" role=\"button\" rel=\"nofollow\" class=\"shariff-link\" style=\"; background-color:#3b5998; color:#3b5998\" target=\"_blank\"><span class=\"shariff-icon\" style=\"fill:#3b5998\"><svg width=\"32px\" height=\"20px\" xmlns=\"http:\/\/www.w3.org\/2000\/svg\" viewBox=\"0 0 18 32\"><path fill=\"#3b5998\" d=\"M17.1 0.2v4.7h-2.8q-1.5 0-2.1 0.6t-0.5 1.9v3.4h5.2l-0.7 5.3h-4.5v13.6h-5.5v-13.6h-4.5v-5.3h4.5v-3.9q0-3.3 1.9-5.2t5-1.8q2.6 0 4.1 0.2z\"\/><\/svg><\/span><span class=\"shariff-text\" style=\"color:#3b5998\">teilen<\/span>&nbsp;<\/a><\/li><li class=\"shariff-button twitter shariff-nocustomcolor\" style=\"background-color:#595959\"><a href=\"https:\/\/twitter.com\/share?url=https%3A%2F%2Fstarke-meinungen.de%2Fblog%2F2016%2F02%2F12%2Fmieser-stil%2F&text=Mieser%20Stil&via=starkemeinungen\" title=\"Bei X teilen\" aria-label=\"Bei X teilen\" role=\"button\" rel=\"noopener nofollow\" class=\"shariff-link\" style=\"; background-color:#000; color:#000\" target=\"_blank\"><span class=\"shariff-icon\" style=\"fill:#000\"><svg width=\"32px\" height=\"20px\" xmlns=\"http:\/\/www.w3.org\/2000\/svg\" viewBox=\"0 0 24 24\"><path fill=\"#000\" d=\"M14.258 10.152L23.176 0h-2.113l-7.747 8.813L7.133 0H0l9.352 13.328L0 23.973h2.113l8.176-9.309 6.531 9.309h7.133zm-2.895 3.293l-.949-1.328L2.875 1.56h3.246l6.086 8.523.945 1.328 7.91 11.078h-3.246zm0 0\"\/><\/svg><\/span><span class=\"shariff-text\" style=\"color:#000\">teilen<\/span>&nbsp;<\/a><\/li><li class=\"shariff-button linkedin shariff-nocustomcolor\" style=\"background-color:#1488bf\"><a href=\"https:\/\/www.linkedin.com\/sharing\/share-offsite\/?url=https%3A%2F%2Fstarke-meinungen.de%2Fblog%2F2016%2F02%2F12%2Fmieser-stil%2F\" title=\"Bei LinkedIn teilen\" aria-label=\"Bei LinkedIn teilen\" role=\"button\" rel=\"noopener nofollow\" class=\"shariff-link\" style=\"; background-color:#0077b5; color:#0077b5\" target=\"_blank\"><span class=\"shariff-icon\" style=\"fill:#0077b5\"><svg width=\"32px\" height=\"20px\" xmlns=\"http:\/\/www.w3.org\/2000\/svg\" viewBox=\"0 0 27 32\"><path fill=\"#0077b5\" d=\"M6.2 11.2v17.7h-5.9v-17.7h5.9zM6.6 5.7q0 1.3-0.9 2.2t-2.4 0.9h0q-1.5 0-2.4-0.9t-0.9-2.2 0.9-2.2 2.4-0.9 2.4 0.9 0.9 2.2zM27.4 18.7v10.1h-5.9v-9.5q0-1.9-0.7-2.9t-2.3-1.1q-1.1 0-1.9 0.6t-1.2 1.5q-0.2 0.5-0.2 1.4v9.9h-5.9q0-7.1 0-11.6t0-5.3l0-0.9h5.9v2.6h0q0.4-0.6 0.7-1t1-0.9 1.6-0.8 2-0.3q3 0 4.9 2t1.9 6z\"\/><\/svg><\/span><span class=\"shariff-text\" style=\"color:#0077b5\">teilen<\/span>&nbsp;<\/a><\/li><li class=\"shariff-button xing shariff-nocustomcolor\" style=\"background-color:#29888a\"><a href=\"https:\/\/www.xing.com\/spi\/shares\/new?url=https%3A%2F%2Fstarke-meinungen.de%2Fblog%2F2016%2F02%2F12%2Fmieser-stil%2F\" title=\"Bei XING teilen\" aria-label=\"Bei XING teilen\" role=\"button\" rel=\"noopener nofollow\" class=\"shariff-link\" style=\"; background-color:#126567; color:#126567\" target=\"_blank\"><span class=\"shariff-icon\" style=\"fill:#126567\"><svg width=\"32px\" height=\"20px\" xmlns=\"http:\/\/www.w3.org\/2000\/svg\" viewBox=\"0 0 25 32\"><path fill=\"#126567\" d=\"M10.7 11.9q-0.2 0.3-4.6 8.2-0.5 0.8-1.2 0.8h-4.3q-0.4 0-0.5-0.3t0-0.6l4.5-8q0 0 0 0l-2.9-5q-0.2-0.4 0-0.7 0.2-0.3 0.5-0.3h4.3q0.7 0 1.2 0.8zM25.1 0.4q0.2 0.3 0 0.7l-9.4 16.7 6 11q0.2 0.4 0 0.6-0.2 0.3-0.6 0.3h-4.3q-0.7 0-1.2-0.8l-6-11.1q0.3-0.6 9.5-16.8 0.4-0.8 1.2-0.8h4.3q0.4 0 0.5 0.3z\"\/><\/svg><\/span><span class=\"shariff-text\" style=\"color:#126567\">teilen<\/span>&nbsp;<\/a><\/li><li class=\"shariff-button whatsapp shariff-nocustomcolor\" style=\"background-color:#5cbe4a\"><a href=\"https:\/\/api.whatsapp.com\/send?text=https%3A%2F%2Fstarke-meinungen.de%2Fblog%2F2016%2F02%2F12%2Fmieser-stil%2F%20Mieser%20Stil\" title=\"Bei Whatsapp teilen\" aria-label=\"Bei Whatsapp teilen\" role=\"button\" rel=\"noopener nofollow\" class=\"shariff-link\" style=\"; background-color:#34af23; color:#34af23\" target=\"_blank\"><span class=\"shariff-icon\" style=\"fill:#34af23\"><svg width=\"32px\" height=\"20px\" xmlns=\"http:\/\/www.w3.org\/2000\/svg\" viewBox=\"0 0 32 32\"><path fill=\"#34af23\" d=\"M17.6 17.4q0.2 0 1.7 0.8t1.6 0.9q0 0.1 0 0.3 0 0.6-0.3 1.4-0.3 0.7-1.3 1.2t-1.8 0.5q-1 0-3.4-1.1-1.7-0.8-3-2.1t-2.6-3.3q-1.3-1.9-1.3-3.5v-0.1q0.1-1.6 1.3-2.8 0.4-0.4 0.9-0.4 0.1 0 0.3 0t0.3 0q0.3 0 0.5 0.1t0.3 0.5q0.1 0.4 0.6 1.6t0.4 1.3q0 0.4-0.6 1t-0.6 0.8q0 0.1 0.1 0.3 0.6 1.3 1.8 2.4 1 0.9 2.7 1.8 0.2 0.1 0.4 0.1 0.3 0 1-0.9t0.9-0.9zM14 26.9q2.3 0 4.3-0.9t3.6-2.4 2.4-3.6 0.9-4.3-0.9-4.3-2.4-3.6-3.6-2.4-4.3-0.9-4.3 0.9-3.6 2.4-2.4 3.6-0.9 4.3q0 3.6 2.1 6.6l-1.4 4.2 4.3-1.4q2.8 1.9 6.2 1.9zM14 2.2q2.7 0 5.2 1.1t4.3 2.9 2.9 4.3 1.1 5.2-1.1 5.2-2.9 4.3-4.3 2.9-5.2 1.1q-3.5 0-6.5-1.7l-7.4 2.4 2.4-7.2q-1.9-3.2-1.9-6.9 0-2.7 1.1-5.2t2.9-4.3 4.3-2.9 5.2-1.1z\"\/><\/svg><\/span><span class=\"shariff-text\" style=\"color:#34af23\">teilen<\/span>&nbsp;<\/a><\/li><li class=\"shariff-button info shariff-nocustomcolor\" style=\"background-color:#a8a8a8\"><a href=\"http:\/\/ct.de\/-2467514\" title=\"Weitere Informationen\" aria-label=\"Weitere Informationen\" role=\"button\" rel=\"noopener \" class=\"shariff-link\" style=\"; background-color:#999; color:#999\" target=\"_blank\"><span class=\"shariff-icon\" style=\"fill:#999\"><svg width=\"32px\" height=\"20px\" xmlns=\"http:\/\/www.w3.org\/2000\/svg\" viewBox=\"0 0 11 32\"><path fill=\"#999\" d=\"M11.4 24v2.3q0 0.5-0.3 0.8t-0.8 0.4h-9.1q-0.5 0-0.8-0.4t-0.4-0.8v-2.3q0-0.5 0.4-0.8t0.8-0.4h1.1v-6.8h-1.1q-0.5 0-0.8-0.4t-0.4-0.8v-2.3q0-0.5 0.4-0.8t0.8-0.4h6.8q0.5 0 0.8 0.4t0.4 0.8v10.3h1.1q0.5 0 0.8 0.4t0.3 0.8zM9.2 3.4v3.4q0 0.5-0.4 0.8t-0.8 0.4h-4.6q-0.4 0-0.8-0.4t-0.4-0.8v-3.4q0-0.4 0.4-0.8t0.8-0.4h4.6q0.5 0 0.8 0.4t0.4 0.8z\"\/><\/svg><\/span><\/a><\/li><\/ul><\/div>","protected":false},"excerpt":{"rendered":"<p>Wie ich von Henryk M. Broder und Alan Posener zu einer Verteidigerin der T\u00e4ter von K\u00f6ln gemacht wurde Von Amelie Fried Amelie Fried braucht eigentlich keine Vorstellung, aber wer sie nicht kennt, findet sie hier.http:\/\/www.ameliefried.de\/ Ich habe neulich Frau Fried \u00f6ffentlich kritisiert. So finde ich es nur fair, ihr die M\u00f6glichkeit einzur\u00e4umen, mich zu kritisieren, und habe ihr das angeboten&#8230;. <a href=\"https:\/\/starke-meinungen.de\/blog\/2016\/02\/12\/mieser-stil\/\">Weiterlesen &raquo;<\/a><\/p>\n","protected":false},"author":15,"featured_media":0,"comment_status":"open","ping_status":"open","sticky":false,"template":"","format":"standard","meta":{"footnotes":""},"categories":[1,629],"tags":[2617,2587,208],"class_list":["post-5775","post","type-post","status-publish","format-standard","hentry","category-allgemein","category-gastautor","tag-fluechtlingspolitik","tag-koeln","tag-migranten"],"yoast_head":"<!-- This site is optimized with the Yoast SEO plugin v27.4 - https:\/\/yoast.com\/product\/yoast-seo-wordpress\/ -->\n<title>Mieser Stil - starke-meinungen.de<\/title>\n<meta name=\"robots\" content=\"index, follow, max-snippet:-1, max-image-preview:large, max-video-preview:-1\" \/>\n<link rel=\"canonical\" href=\"https:\/\/starke-meinungen.de\/blog\/2016\/02\/12\/mieser-stil\/\" \/>\n<meta property=\"og:locale\" content=\"de_DE\" \/>\n<meta property=\"og:type\" content=\"article\" \/>\n<meta property=\"og:title\" content=\"Mieser Stil - starke-meinungen.de\" \/>\n<meta property=\"og:description\" content=\"Wie ich von Henryk M. Broder und Alan Posener zu einer Verteidigerin der T\u00e4ter von K\u00f6ln gemacht wurde Von Amelie Fried Amelie Fried braucht eigentlich keine Vorstellung, aber wer sie nicht kennt, findet sie hier.http:\/\/www.ameliefried.de\/ Ich habe neulich Frau Fried \u00f6ffentlich kritisiert. So finde ich es nur fair, ihr die M\u00f6glichkeit einzur\u00e4umen, mich zu kritisieren, und habe ihr das angeboten.... Weiterlesen &raquo;\" \/>\n<meta property=\"og:url\" content=\"https:\/\/starke-meinungen.de\/blog\/2016\/02\/12\/mieser-stil\/\" \/>\n<meta property=\"og:site_name\" content=\"starke-meinungen.de\" \/>\n<meta property=\"article:publisher\" content=\"https:\/\/www.facebook.com\/starkemeinungen\/\" \/>\n<meta property=\"article:published_time\" content=\"2016-02-12T10:50:32+00:00\" \/>\n<meta property=\"article:modified_time\" content=\"2016-02-12T12:20:58+00:00\" \/>\n<meta property=\"og:image\" content=\"https:\/\/starke-meinungen.de\/blog\/wp-content\/uploads\/starke-meinungen-fb-header.jpg\" \/>\n\t<meta property=\"og:image:width\" content=\"1200\" \/>\n\t<meta property=\"og:image:height\" content=\"630\" \/>\n\t<meta property=\"og:image:type\" content=\"image\/jpeg\" \/>\n<meta name=\"author\" content=\"Gastautor\" \/>\n<meta name=\"twitter:card\" content=\"summary_large_image\" \/>\n<meta name=\"twitter:creator\" content=\"@starkemeinungen\" \/>\n<meta name=\"twitter:site\" content=\"@starkemeinungen\" \/>\n<meta name=\"twitter:label1\" content=\"Verfasst von\" \/>\n\t<meta name=\"twitter:data1\" content=\"Gastautor\" \/>\n\t<meta name=\"twitter:label2\" content=\"Gesch\u00e4tzte Lesezeit\" \/>\n\t<meta name=\"twitter:data2\" content=\"5\u00a0Minuten\" \/>\n<script type=\"application\/ld+json\" class=\"yoast-schema-graph\">{\"@context\":\"https:\\\/\\\/schema.org\",\"@graph\":[{\"@type\":\"Article\",\"@id\":\"https:\\\/\\\/starke-meinungen.de\\\/blog\\\/2016\\\/02\\\/12\\\/mieser-stil\\\/#article\",\"isPartOf\":{\"@id\":\"https:\\\/\\\/starke-meinungen.de\\\/blog\\\/2016\\\/02\\\/12\\\/mieser-stil\\\/\"},\"author\":{\"name\":\"Gastautor\",\"@id\":\"https:\\\/\\\/starke-meinungen.de\\\/blog\\\/#\\\/schema\\\/person\\\/a03e0a730dd4d63894dcc16cdbaa6b64\"},\"headline\":\"Mieser Stil\",\"datePublished\":\"2016-02-12T10:50:32+00:00\",\"dateModified\":\"2016-02-12T12:20:58+00:00\",\"mainEntityOfPage\":{\"@id\":\"https:\\\/\\\/starke-meinungen.de\\\/blog\\\/2016\\\/02\\\/12\\\/mieser-stil\\\/\"},\"wordCount\":989,\"commentCount\":9,\"publisher\":{\"@id\":\"https:\\\/\\\/starke-meinungen.de\\\/blog\\\/#organization\"},\"keywords\":[\"Fl\u00fcchtlingspolitik\",\"K\u00f6ln\",\"Migranten\"],\"articleSection\":{\"1\":\"Gastautor\"},\"inLanguage\":\"de\",\"potentialAction\":[{\"@type\":\"CommentAction\",\"name\":\"Comment\",\"target\":[\"https:\\\/\\\/starke-meinungen.de\\\/blog\\\/2016\\\/02\\\/12\\\/mieser-stil\\\/#respond\"]}]},{\"@type\":\"WebPage\",\"@id\":\"https:\\\/\\\/starke-meinungen.de\\\/blog\\\/2016\\\/02\\\/12\\\/mieser-stil\\\/\",\"url\":\"https:\\\/\\\/starke-meinungen.de\\\/blog\\\/2016\\\/02\\\/12\\\/mieser-stil\\\/\",\"name\":\"Mieser Stil - starke-meinungen.de\",\"isPartOf\":{\"@id\":\"https:\\\/\\\/starke-meinungen.de\\\/blog\\\/#website\"},\"datePublished\":\"2016-02-12T10:50:32+00:00\",\"dateModified\":\"2016-02-12T12:20:58+00:00\",\"breadcrumb\":{\"@id\":\"https:\\\/\\\/starke-meinungen.de\\\/blog\\\/2016\\\/02\\\/12\\\/mieser-stil\\\/#breadcrumb\"},\"inLanguage\":\"de\",\"potentialAction\":[{\"@type\":\"ReadAction\",\"target\":[\"https:\\\/\\\/starke-meinungen.de\\\/blog\\\/2016\\\/02\\\/12\\\/mieser-stil\\\/\"]}]},{\"@type\":\"BreadcrumbList\",\"@id\":\"https:\\\/\\\/starke-meinungen.de\\\/blog\\\/2016\\\/02\\\/12\\\/mieser-stil\\\/#breadcrumb\",\"itemListElement\":[{\"@type\":\"ListItem\",\"position\":1,\"name\":\"Startseite\",\"item\":\"https:\\\/\\\/starke-meinungen.de\\\/blog\\\/\"},{\"@type\":\"ListItem\",\"position\":2,\"name\":\"Mieser Stil\"}]},{\"@type\":\"WebSite\",\"@id\":\"https:\\\/\\\/starke-meinungen.de\\\/blog\\\/#website\",\"url\":\"https:\\\/\\\/starke-meinungen.de\\\/blog\\\/\",\"name\":\"starke-meinungen.de\",\"description\":\"Autoren-Blog\",\"publisher\":{\"@id\":\"https:\\\/\\\/starke-meinungen.de\\\/blog\\\/#organization\"},\"potentialAction\":[{\"@type\":\"SearchAction\",\"target\":{\"@type\":\"EntryPoint\",\"urlTemplate\":\"https:\\\/\\\/starke-meinungen.de\\\/blog\\\/?s={search_term_string}\"},\"query-input\":{\"@type\":\"PropertyValueSpecification\",\"valueRequired\":true,\"valueName\":\"search_term_string\"}}],\"inLanguage\":\"de\"},{\"@type\":\"Organization\",\"@id\":\"https:\\\/\\\/starke-meinungen.de\\\/blog\\\/#organization\",\"name\":\"starke-meinungen.de\",\"url\":\"https:\\\/\\\/starke-meinungen.de\\\/blog\\\/\",\"logo\":{\"@type\":\"ImageObject\",\"inLanguage\":\"de\",\"@id\":\"https:\\\/\\\/starke-meinungen.de\\\/blog\\\/#\\\/schema\\\/logo\\\/image\\\/\",\"url\":\"https:\\\/\\\/starke-meinungen.de\\\/blog\\\/wp-content\\\/uploads\\\/starke-meinungen-fb-header.jpg\",\"contentUrl\":\"https:\\\/\\\/starke-meinungen.de\\\/blog\\\/wp-content\\\/uploads\\\/starke-meinungen-fb-header.jpg\",\"width\":1200,\"height\":630,\"caption\":\"starke-meinungen.de\"},\"image\":{\"@id\":\"https:\\\/\\\/starke-meinungen.de\\\/blog\\\/#\\\/schema\\\/logo\\\/image\\\/\"},\"sameAs\":[\"https:\\\/\\\/www.facebook.com\\\/starkemeinungen\\\/\",\"https:\\\/\\\/x.com\\\/starkemeinungen\"]},{\"@type\":\"Person\",\"@id\":\"https:\\\/\\\/starke-meinungen.de\\\/blog\\\/#\\\/schema\\\/person\\\/a03e0a730dd4d63894dcc16cdbaa6b64\",\"name\":\"Gastautor\",\"image\":{\"@type\":\"ImageObject\",\"inLanguage\":\"de\",\"@id\":\"https:\\\/\\\/secure.gravatar.com\\\/avatar\\\/8759fb61d9b27c08334d4e02d0a8ea6eb0fc0c3602cd7c3e58c0c89a6adba588?s=96&d=mm&r=g\",\"url\":\"https:\\\/\\\/secure.gravatar.com\\\/avatar\\\/8759fb61d9b27c08334d4e02d0a8ea6eb0fc0c3602cd7c3e58c0c89a6adba588?s=96&d=mm&r=g\",\"contentUrl\":\"https:\\\/\\\/secure.gravatar.com\\\/avatar\\\/8759fb61d9b27c08334d4e02d0a8ea6eb0fc0c3602cd7c3e58c0c89a6adba588?s=96&d=mm&r=g\",\"caption\":\"Gastautor\"},\"url\":\"https:\\\/\\\/starke-meinungen.de\\\/blog\\\/author\\\/gastautor\\\/\"}]}<\/script>\n<!-- \/ Yoast SEO plugin. -->","yoast_head_json":{"title":"Mieser Stil - starke-meinungen.de","robots":{"index":"index","follow":"follow","max-snippet":"max-snippet:-1","max-image-preview":"max-image-preview:large","max-video-preview":"max-video-preview:-1"},"canonical":"https:\/\/starke-meinungen.de\/blog\/2016\/02\/12\/mieser-stil\/","og_locale":"de_DE","og_type":"article","og_title":"Mieser Stil - starke-meinungen.de","og_description":"Wie ich von Henryk M. Broder und Alan Posener zu einer Verteidigerin der T\u00e4ter von K\u00f6ln gemacht wurde Von Amelie Fried Amelie Fried braucht eigentlich keine Vorstellung, aber wer sie nicht kennt, findet sie hier.http:\/\/www.ameliefried.de\/ Ich habe neulich Frau Fried \u00f6ffentlich kritisiert. So finde ich es nur fair, ihr die M\u00f6glichkeit einzur\u00e4umen, mich zu kritisieren, und habe ihr das angeboten.... Weiterlesen &raquo;","og_url":"https:\/\/starke-meinungen.de\/blog\/2016\/02\/12\/mieser-stil\/","og_site_name":"starke-meinungen.de","article_publisher":"https:\/\/www.facebook.com\/starkemeinungen\/","article_published_time":"2016-02-12T10:50:32+00:00","article_modified_time":"2016-02-12T12:20:58+00:00","og_image":[{"width":1200,"height":630,"url":"https:\/\/starke-meinungen.de\/blog\/wp-content\/uploads\/starke-meinungen-fb-header.jpg","type":"image\/jpeg"}],"author":"Gastautor","twitter_card":"summary_large_image","twitter_creator":"@starkemeinungen","twitter_site":"@starkemeinungen","twitter_misc":{"Verfasst von":"Gastautor","Gesch\u00e4tzte Lesezeit":"5\u00a0Minuten"},"schema":{"@context":"https:\/\/schema.org","@graph":[{"@type":"Article","@id":"https:\/\/starke-meinungen.de\/blog\/2016\/02\/12\/mieser-stil\/#article","isPartOf":{"@id":"https:\/\/starke-meinungen.de\/blog\/2016\/02\/12\/mieser-stil\/"},"author":{"name":"Gastautor","@id":"https:\/\/starke-meinungen.de\/blog\/#\/schema\/person\/a03e0a730dd4d63894dcc16cdbaa6b64"},"headline":"Mieser Stil","datePublished":"2016-02-12T10:50:32+00:00","dateModified":"2016-02-12T12:20:58+00:00","mainEntityOfPage":{"@id":"https:\/\/starke-meinungen.de\/blog\/2016\/02\/12\/mieser-stil\/"},"wordCount":989,"commentCount":9,"publisher":{"@id":"https:\/\/starke-meinungen.de\/blog\/#organization"},"keywords":["Fl\u00fcchtlingspolitik","K\u00f6ln","Migranten"],"articleSection":{"1":"Gastautor"},"inLanguage":"de","potentialAction":[{"@type":"CommentAction","name":"Comment","target":["https:\/\/starke-meinungen.de\/blog\/2016\/02\/12\/mieser-stil\/#respond"]}]},{"@type":"WebPage","@id":"https:\/\/starke-meinungen.de\/blog\/2016\/02\/12\/mieser-stil\/","url":"https:\/\/starke-meinungen.de\/blog\/2016\/02\/12\/mieser-stil\/","name":"Mieser Stil - starke-meinungen.de","isPartOf":{"@id":"https:\/\/starke-meinungen.de\/blog\/#website"},"datePublished":"2016-02-12T10:50:32+00:00","dateModified":"2016-02-12T12:20:58+00:00","breadcrumb":{"@id":"https:\/\/starke-meinungen.de\/blog\/2016\/02\/12\/mieser-stil\/#breadcrumb"},"inLanguage":"de","potentialAction":[{"@type":"ReadAction","target":["https:\/\/starke-meinungen.de\/blog\/2016\/02\/12\/mieser-stil\/"]}]},{"@type":"BreadcrumbList","@id":"https:\/\/starke-meinungen.de\/blog\/2016\/02\/12\/mieser-stil\/#breadcrumb","itemListElement":[{"@type":"ListItem","position":1,"name":"Startseite","item":"https:\/\/starke-meinungen.de\/blog\/"},{"@type":"ListItem","position":2,"name":"Mieser Stil"}]},{"@type":"WebSite","@id":"https:\/\/starke-meinungen.de\/blog\/#website","url":"https:\/\/starke-meinungen.de\/blog\/","name":"starke-meinungen.de","description":"Autoren-Blog","publisher":{"@id":"https:\/\/starke-meinungen.de\/blog\/#organization"},"potentialAction":[{"@type":"SearchAction","target":{"@type":"EntryPoint","urlTemplate":"https:\/\/starke-meinungen.de\/blog\/?s={search_term_string}"},"query-input":{"@type":"PropertyValueSpecification","valueRequired":true,"valueName":"search_term_string"}}],"inLanguage":"de"},{"@type":"Organization","@id":"https:\/\/starke-meinungen.de\/blog\/#organization","name":"starke-meinungen.de","url":"https:\/\/starke-meinungen.de\/blog\/","logo":{"@type":"ImageObject","inLanguage":"de","@id":"https:\/\/starke-meinungen.de\/blog\/#\/schema\/logo\/image\/","url":"https:\/\/starke-meinungen.de\/blog\/wp-content\/uploads\/starke-meinungen-fb-header.jpg","contentUrl":"https:\/\/starke-meinungen.de\/blog\/wp-content\/uploads\/starke-meinungen-fb-header.jpg","width":1200,"height":630,"caption":"starke-meinungen.de"},"image":{"@id":"https:\/\/starke-meinungen.de\/blog\/#\/schema\/logo\/image\/"},"sameAs":["https:\/\/www.facebook.com\/starkemeinungen\/","https:\/\/x.com\/starkemeinungen"]},{"@type":"Person","@id":"https:\/\/starke-meinungen.de\/blog\/#\/schema\/person\/a03e0a730dd4d63894dcc16cdbaa6b64","name":"Gastautor","image":{"@type":"ImageObject","inLanguage":"de","@id":"https:\/\/secure.gravatar.com\/avatar\/8759fb61d9b27c08334d4e02d0a8ea6eb0fc0c3602cd7c3e58c0c89a6adba588?s=96&d=mm&r=g","url":"https:\/\/secure.gravatar.com\/avatar\/8759fb61d9b27c08334d4e02d0a8ea6eb0fc0c3602cd7c3e58c0c89a6adba588?s=96&d=mm&r=g","contentUrl":"https:\/\/secure.gravatar.com\/avatar\/8759fb61d9b27c08334d4e02d0a8ea6eb0fc0c3602cd7c3e58c0c89a6adba588?s=96&d=mm&r=g","caption":"Gastautor"},"url":"https:\/\/starke-meinungen.de\/blog\/author\/gastautor\/"}]}},"_links":{"self":[{"href":"https:\/\/starke-meinungen.de\/blog\/wp-json\/wp\/v2\/posts\/5775","targetHints":{"allow":["GET"]}}],"collection":[{"href":"https:\/\/starke-meinungen.de\/blog\/wp-json\/wp\/v2\/posts"}],"about":[{"href":"https:\/\/starke-meinungen.de\/blog\/wp-json\/wp\/v2\/types\/post"}],"author":[{"embeddable":true,"href":"https:\/\/starke-meinungen.de\/blog\/wp-json\/wp\/v2\/users\/15"}],"replies":[{"embeddable":true,"href":"https:\/\/starke-meinungen.de\/blog\/wp-json\/wp\/v2\/comments?post=5775"}],"version-history":[{"count":1,"href":"https:\/\/starke-meinungen.de\/blog\/wp-json\/wp\/v2\/posts\/5775\/revisions"}],"predecessor-version":[{"id":5776,"href":"https:\/\/starke-meinungen.de\/blog\/wp-json\/wp\/v2\/posts\/5775\/revisions\/5776"}],"wp:attachment":[{"href":"https:\/\/starke-meinungen.de\/blog\/wp-json\/wp\/v2\/media?parent=5775"}],"wp:term":[{"taxonomy":"category","embeddable":true,"href":"https:\/\/starke-meinungen.de\/blog\/wp-json\/wp\/v2\/categories?post=5775"},{"taxonomy":"post_tag","embeddable":true,"href":"https:\/\/starke-meinungen.de\/blog\/wp-json\/wp\/v2\/tags?post=5775"}],"curies":[{"name":"wp","href":"https:\/\/api.w.org\/{rel}","templated":true}]}}