

{"id":5311,"date":"2015-11-26T19:38:16","date_gmt":"2015-11-26T19:38:16","guid":{"rendered":"https:\/\/starke-meinungen.de\/blog\/?p=5311"},"modified":"2015-11-26T19:38:16","modified_gmt":"2015-11-26T19:38:16","slug":"zur-aktualitaet-von-martin-walsers-paulskirchenrede","status":"publish","type":"post","link":"https:\/\/starke-meinungen.de\/blog\/2015\/11\/26\/zur-aktualitaet-von-martin-walsers-paulskirchenrede\/","title":{"rendered":"Zur Aktualit\u00e4t von Martin Walsers Paulskirchenrede"},"content":{"rendered":"<p>Martin Walsers Paulskirchenrede von 1998 wurde vor nunmehr beinahe zwanzig Jahren wegen ihrer Kritik an der so genannten Gedenkkultur ber\u00fcchtigt. Als Walser \u201evor K\u00fchnheit zitternd\u201c behauptete, die Deutschen seien ein \u201eganz normales Volk\u201c geworden und seine Abscheu gegen die \u201eDauerrepr\u00e4sentation unserer Schande\u201c bekundete, als er bekannte, er habe sich angew\u00f6hnt, bei Bildern aus den KZ \u201ewegzuschauen\u201c, da sprang die versammelte Elite der Bundesrepublik \u2013 mit einer Ausnahme, n\u00e4mlich Ignatz Bubis \u2013 von den Sitzen auf und applaudierte. Womit sie ungewollt jenem \u201ewirklich bedeutenden Denker\u201c Recht gab, der im Zentrum der Walser\u2019schen Kritik stand, weil er von einer \u201emoralisch-politischen Verwahrlosung\u201c des Landes gesprochen hatte.<\/p>\n<p><!--more--><br \/>\nWas in der anschlie\u00dfenden Debatte um die Paulskirchenrede und erst recht danach unterging, war der Anlass, der J\u00fcrgen Habermas \u2013 er war jener \u201ebedeutende Denker, der Walsers Unmut erregte \u2013 zu jener Bemerkung veranlasst hatte. Dieser Anlass ist wieder aktuell. 1992 n\u00e4mlich hatte Habermas anl\u00e4sslich brennender Asylantenheime und gr\u00f6lender Ausl\u00e4nderhasser in Rostock, Hoyerswerda und anderswo geschrieben: \u201eErst die Reaktionen auf den rechten Terror \u2013 die aus der politischen Mitte der Bev\u00f6lkerung und die von oben: aus der Regierung, dem Staatsapparat und der F\u00fchrung der Parteien \u2013 machen das ganze Ausma\u00df der moralisch-politischen Verwahrlosung sichtbar.\u201c<\/p>\n<p><strong>Walsers rhetorische Finten<\/strong><br \/>\nDer Schriftsteller verf\u00e4lschte in seiner Rede \u00fcbrigens die Aussage des Philosophen: Die \u201eGewissensgr\u00f6\u00dfe\u201c Habermas habe, so Walser, \u201eRegierung, Staatsapparat, Parteienf\u00fchrung und die braven Leute am Nebentisch\u201c als moralisch-politisch verwahrlost bezeichnet. Das war offenkundig nicht der Fall. Habermas hatte Leute aus der Regierung, den Parteien und der Mitte der Gesellschaft, nicht aber die Regierung, die Parteien, die gesellschaftliche Mitte insgesamt, der Verwahrlosung bezichtigt. Das aber kann man als zul\u00e4ssigen polemischen Trick durchgehen lassen. Schlie\u00dflich hatte auch Habermas behauptet, dass in Rostock \u201edie sympathisierende Bev\u00f6lkerung vor brennenden Asylantenheimen W\u00fcrstchenbuden aufstellt\u201c; auch das ein rhetorischer Trick, denn W\u00fcrstchenbudenbetreiber stellten allenfalls einen kleinen Teil der mit den Brandstiftern sympathisierenden Menschen dar.<br \/>\nWalser jedoch verdrehte auch hier Habermas die Worte im Mund, indem er den Satz so paraphrasierte: \u201eDie Bev\u00f6lkerung sympathisiert mit denen, die Asylantenheime anz\u00fcnden, und stellt deshalb W\u00fcrstchenbuden auf\u201c. Habermas hatte jedoch nicht behauptet, die Bev\u00f6lkerung insgesamt sympathisiere mit den Brandstiftern; nur, dass jener Teil der Bev\u00f6lkerung, der die Brandstiftung gern sah, beim Zusehen auch gern W\u00fcrstchen a\u00df.<\/p>\n<p><strong>Wir sind das Volk. Habermas nicht<\/strong><br \/>\nAus der verdrehten Aussage folgerte Walser: \u201eDie, die mit solchen S\u00e4tzen auftreten, wollen uns wehtun, weil sie finden, wir haben das verdient. &#8230; Alle &#8230; Alle Deutschen&#8230;. So etwas kann man nur von Deutschen sagen.\u201c Womit er sich als Teil jenes verunglimpften Volks erkl\u00e4rte, Habermas und Co. jedoch aus diesem Kollektiv ausschloss. Man h\u00f6rt f\u00f6rmlich den Satz im Raum h\u00e4ngen: \u201eWir sind das Volk!\u201c Ihr nicht, ihr Gewissensgr\u00f6\u00dfen und Denker der Frankfurter Schule! Und bis hierher war bei Walser von Auschwitz noch gar nicht die Rede.<br \/>\nDie Assoziation freilich mag sich daraus ergeben haben daraus, dass Walser sich in dieser Rede als Zwangsarbeiter imaginierte, der \u201evon Meinungssoldaten mit vorgehaltener Moralpistole in den Meinungsdienst gen\u00f6tigt\u201c werde. Eine Verbindung, die in manchen K\u00f6pfen nahelag, da 1998 um eine Entsch\u00e4digung der \u00fcberlebenden Zwangsarbeiter sehr offen verhandelt und gerungen wurde; eine Entsch\u00e4digung, die nicht wenige Deutsche ablehnten. Doch was war die \u201eMoralpistole\u201c? Nun, das war im Falle der Zwangsarbeiterentsch\u00e4digung ganz offen, obwohl die Mehrheit der Zwangsarbeiter wie der Entsch\u00e4digten nicht Juden waren: Auschwitz. Und auch im Falle des \u201eMeinungsdienstes\u201c zugunsten der Fl\u00fcchtlinge, war die \u201eMoralpistole\u201c \u2013 so behauptete es Walser \u2013 Auschwitz. Im Zusammenhang mit jenem angeblich mit Auschwitz erzwungenen Meinungsdienst zugunsten der Fl\u00fcchtlinge kam der Schriftsteller auf jene Abscheu zu sprechen, die ihn bei Gedenkritualen aller Art erfasse.<\/p>\n<p><strong>Wie Fl\u00fcchtlingshass und Entsorgung der Vergangenheit zusammenh\u00e4ngen<\/strong><br \/>\nMan kann sich darum streiten, worum es Walser bei dieser stark assoziativen Rede wirklich ging: Um das Recht, vom Holocaust verschont zu werden, oder um das Recht, sich nicht zu brennenden Asylantenheimen zu \u00e4u\u00dfern. Vermutlich um beides. Und der intellektuelle Gewinn, den man aus der Lekt\u00fcre dieser Rede noch heute ziehen kann, besteht in der Erkenntnis: Noch heute geh\u00f6ren diese Themen eng zusammen. Wer sich nicht sch\u00e4mt, sich zu Xenophobie und Islamhass zu bekennen, will sich auch nicht f\u00fcr den Holocaust sch\u00e4men; und umgekehrt. Wer nach dem schrecklichen 20. Jahrhundert immer noch der Meinung ist, das \u201eAbendland\u201c m\u00fcsse sich gegen einen neuen Barbarenansturm wehren, der will eben mit dem Schrecklichen, das im Namen des Abendlandes begangen wurde, nicht mehr behelligt werden. Man soll sich nicht von der oft plakativ vorgetragenen Israelbegeisterung und dem Philosemitismus der Neuen Rechten nicht t\u00e4uschen lassen; allenfalls aus Opportunismus lassen sie den Antisemitismus noch im Schrank. Dass Martin Hohmann, der selbstverst\u00e4ndlich kein Antisemit ist und niemals behauptet hat, die Juden seien ein T\u00e4tervolk, nun \u201ewegen der absurden Asylpolitik der CDU\u201c f\u00fcr die AfD kandidieren will, zeigt deutlich genug, woher der Wind weht. Das Wort von der \u201emoralisch-politischen Verwahrlosung\u201c gilt noch immer \u2013 bezogen auf das Treiben des Mobs und jene, die den Mob ideologisch rechtfertigen.<\/p>\n<div class=\"shariff shariff-align-left shariff-widget-align-left shariff-buttonstretch\" style=\"display:none\"><ul class=\"shariff-buttons theme-white orientation-horizontal buttonsize-medium\"><li class=\"shariff-button facebook shariff-nocustomcolor\" style=\"background-color:#4273c8\"><a href=\"https:\/\/www.facebook.com\/sharer\/sharer.php?u=https%3A%2F%2Fstarke-meinungen.de%2Fblog%2F2015%2F11%2F26%2Fzur-aktualitaet-von-martin-walsers-paulskirchenrede%2F\" title=\"Bei Facebook teilen\" aria-label=\"Bei Facebook teilen\" role=\"button\" rel=\"nofollow\" class=\"shariff-link\" style=\"; background-color:#3b5998; color:#3b5998\" target=\"_blank\"><span class=\"shariff-icon\" style=\"fill:#3b5998\"><svg width=\"32px\" height=\"20px\" xmlns=\"http:\/\/www.w3.org\/2000\/svg\" viewBox=\"0 0 18 32\"><path fill=\"#3b5998\" d=\"M17.1 0.2v4.7h-2.8q-1.5 0-2.1 0.6t-0.5 1.9v3.4h5.2l-0.7 5.3h-4.5v13.6h-5.5v-13.6h-4.5v-5.3h4.5v-3.9q0-3.3 1.9-5.2t5-1.8q2.6 0 4.1 0.2z\"\/><\/svg><\/span><span class=\"shariff-text\" style=\"color:#3b5998\">teilen<\/span>&nbsp;<\/a><\/li><li class=\"shariff-button twitter shariff-nocustomcolor\" style=\"background-color:#595959\"><a href=\"https:\/\/twitter.com\/share?url=https%3A%2F%2Fstarke-meinungen.de%2Fblog%2F2015%2F11%2F26%2Fzur-aktualitaet-von-martin-walsers-paulskirchenrede%2F&text=Zur%20Aktualit%C3%A4t%20von%20Martin%20Walsers%20Paulskirchenrede&via=starkemeinungen\" title=\"Bei X teilen\" aria-label=\"Bei X teilen\" role=\"button\" rel=\"noopener nofollow\" class=\"shariff-link\" style=\"; background-color:#000; color:#000\" target=\"_blank\"><span class=\"shariff-icon\" style=\"fill:#000\"><svg width=\"32px\" height=\"20px\" xmlns=\"http:\/\/www.w3.org\/2000\/svg\" viewBox=\"0 0 24 24\"><path fill=\"#000\" d=\"M14.258 10.152L23.176 0h-2.113l-7.747 8.813L7.133 0H0l9.352 13.328L0 23.973h2.113l8.176-9.309 6.531 9.309h7.133zm-2.895 3.293l-.949-1.328L2.875 1.56h3.246l6.086 8.523.945 1.328 7.91 11.078h-3.246zm0 0\"\/><\/svg><\/span><span class=\"shariff-text\" style=\"color:#000\">teilen<\/span>&nbsp;<\/a><\/li><li class=\"shariff-button linkedin shariff-nocustomcolor\" style=\"background-color:#1488bf\"><a href=\"https:\/\/www.linkedin.com\/sharing\/share-offsite\/?url=https%3A%2F%2Fstarke-meinungen.de%2Fblog%2F2015%2F11%2F26%2Fzur-aktualitaet-von-martin-walsers-paulskirchenrede%2F\" title=\"Bei LinkedIn teilen\" aria-label=\"Bei LinkedIn teilen\" role=\"button\" rel=\"noopener nofollow\" class=\"shariff-link\" style=\"; background-color:#0077b5; color:#0077b5\" target=\"_blank\"><span class=\"shariff-icon\" style=\"fill:#0077b5\"><svg width=\"32px\" height=\"20px\" xmlns=\"http:\/\/www.w3.org\/2000\/svg\" viewBox=\"0 0 27 32\"><path fill=\"#0077b5\" d=\"M6.2 11.2v17.7h-5.9v-17.7h5.9zM6.6 5.7q0 1.3-0.9 2.2t-2.4 0.9h0q-1.5 0-2.4-0.9t-0.9-2.2 0.9-2.2 2.4-0.9 2.4 0.9 0.9 2.2zM27.4 18.7v10.1h-5.9v-9.5q0-1.9-0.7-2.9t-2.3-1.1q-1.1 0-1.9 0.6t-1.2 1.5q-0.2 0.5-0.2 1.4v9.9h-5.9q0-7.1 0-11.6t0-5.3l0-0.9h5.9v2.6h0q0.4-0.6 0.7-1t1-0.9 1.6-0.8 2-0.3q3 0 4.9 2t1.9 6z\"\/><\/svg><\/span><span class=\"shariff-text\" style=\"color:#0077b5\">teilen<\/span>&nbsp;<\/a><\/li><li class=\"shariff-button xing shariff-nocustomcolor\" style=\"background-color:#29888a\"><a href=\"https:\/\/www.xing.com\/spi\/shares\/new?url=https%3A%2F%2Fstarke-meinungen.de%2Fblog%2F2015%2F11%2F26%2Fzur-aktualitaet-von-martin-walsers-paulskirchenrede%2F\" title=\"Bei XING teilen\" aria-label=\"Bei XING teilen\" role=\"button\" rel=\"noopener nofollow\" class=\"shariff-link\" style=\"; background-color:#126567; color:#126567\" target=\"_blank\"><span class=\"shariff-icon\" style=\"fill:#126567\"><svg width=\"32px\" height=\"20px\" xmlns=\"http:\/\/www.w3.org\/2000\/svg\" viewBox=\"0 0 25 32\"><path fill=\"#126567\" d=\"M10.7 11.9q-0.2 0.3-4.6 8.2-0.5 0.8-1.2 0.8h-4.3q-0.4 0-0.5-0.3t0-0.6l4.5-8q0 0 0 0l-2.9-5q-0.2-0.4 0-0.7 0.2-0.3 0.5-0.3h4.3q0.7 0 1.2 0.8zM25.1 0.4q0.2 0.3 0 0.7l-9.4 16.7 6 11q0.2 0.4 0 0.6-0.2 0.3-0.6 0.3h-4.3q-0.7 0-1.2-0.8l-6-11.1q0.3-0.6 9.5-16.8 0.4-0.8 1.2-0.8h4.3q0.4 0 0.5 0.3z\"\/><\/svg><\/span><span class=\"shariff-text\" style=\"color:#126567\">teilen<\/span>&nbsp;<\/a><\/li><li class=\"shariff-button whatsapp shariff-nocustomcolor\" style=\"background-color:#5cbe4a\"><a href=\"https:\/\/api.whatsapp.com\/send?text=https%3A%2F%2Fstarke-meinungen.de%2Fblog%2F2015%2F11%2F26%2Fzur-aktualitaet-von-martin-walsers-paulskirchenrede%2F%20Zur%20Aktualit%C3%A4t%20von%20Martin%20Walsers%20Paulskirchenrede\" title=\"Bei Whatsapp teilen\" aria-label=\"Bei Whatsapp teilen\" role=\"button\" rel=\"noopener nofollow\" class=\"shariff-link\" style=\"; background-color:#34af23; color:#34af23\" target=\"_blank\"><span class=\"shariff-icon\" style=\"fill:#34af23\"><svg width=\"32px\" height=\"20px\" xmlns=\"http:\/\/www.w3.org\/2000\/svg\" viewBox=\"0 0 32 32\"><path fill=\"#34af23\" d=\"M17.6 17.4q0.2 0 1.7 0.8t1.6 0.9q0 0.1 0 0.3 0 0.6-0.3 1.4-0.3 0.7-1.3 1.2t-1.8 0.5q-1 0-3.4-1.1-1.7-0.8-3-2.1t-2.6-3.3q-1.3-1.9-1.3-3.5v-0.1q0.1-1.6 1.3-2.8 0.4-0.4 0.9-0.4 0.1 0 0.3 0t0.3 0q0.3 0 0.5 0.1t0.3 0.5q0.1 0.4 0.6 1.6t0.4 1.3q0 0.4-0.6 1t-0.6 0.8q0 0.1 0.1 0.3 0.6 1.3 1.8 2.4 1 0.9 2.7 1.8 0.2 0.1 0.4 0.1 0.3 0 1-0.9t0.9-0.9zM14 26.9q2.3 0 4.3-0.9t3.6-2.4 2.4-3.6 0.9-4.3-0.9-4.3-2.4-3.6-3.6-2.4-4.3-0.9-4.3 0.9-3.6 2.4-2.4 3.6-0.9 4.3q0 3.6 2.1 6.6l-1.4 4.2 4.3-1.4q2.8 1.9 6.2 1.9zM14 2.2q2.7 0 5.2 1.1t4.3 2.9 2.9 4.3 1.1 5.2-1.1 5.2-2.9 4.3-4.3 2.9-5.2 1.1q-3.5 0-6.5-1.7l-7.4 2.4 2.4-7.2q-1.9-3.2-1.9-6.9 0-2.7 1.1-5.2t2.9-4.3 4.3-2.9 5.2-1.1z\"\/><\/svg><\/span><span class=\"shariff-text\" style=\"color:#34af23\">teilen<\/span>&nbsp;<\/a><\/li><li class=\"shariff-button info shariff-nocustomcolor\" style=\"background-color:#a8a8a8\"><a href=\"http:\/\/ct.de\/-2467514\" title=\"Weitere Informationen\" aria-label=\"Weitere Informationen\" role=\"button\" rel=\"noopener \" class=\"shariff-link\" style=\"; background-color:#999; color:#999\" target=\"_blank\"><span class=\"shariff-icon\" style=\"fill:#999\"><svg width=\"32px\" height=\"20px\" xmlns=\"http:\/\/www.w3.org\/2000\/svg\" viewBox=\"0 0 11 32\"><path fill=\"#999\" d=\"M11.4 24v2.3q0 0.5-0.3 0.8t-0.8 0.4h-9.1q-0.5 0-0.8-0.4t-0.4-0.8v-2.3q0-0.5 0.4-0.8t0.8-0.4h1.1v-6.8h-1.1q-0.5 0-0.8-0.4t-0.4-0.8v-2.3q0-0.5 0.4-0.8t0.8-0.4h6.8q0.5 0 0.8 0.4t0.4 0.8v10.3h1.1q0.5 0 0.8 0.4t0.3 0.8zM9.2 3.4v3.4q0 0.5-0.4 0.8t-0.8 0.4h-4.6q-0.4 0-0.8-0.4t-0.4-0.8v-3.4q0-0.4 0.4-0.8t0.8-0.4h4.6q0.5 0 0.8 0.4t0.4 0.8z\"\/><\/svg><\/span><\/a><\/li><\/ul><\/div>","protected":false},"excerpt":{"rendered":"<p>Martin Walsers Paulskirchenrede von 1998 wurde vor nunmehr beinahe zwanzig Jahren wegen ihrer Kritik an der so genannten Gedenkkultur ber\u00fcchtigt. Als Walser \u201evor K\u00fchnheit zitternd\u201c behauptete, die Deutschen seien ein \u201eganz normales Volk\u201c geworden und seine Abscheu gegen die \u201eDauerrepr\u00e4sentation unserer Schande\u201c bekundete, als er bekannte, er habe sich angew\u00f6hnt, bei Bildern aus den KZ \u201ewegzuschauen\u201c, da sprang die versammelte&#8230; <a href=\"https:\/\/starke-meinungen.de\/blog\/2015\/11\/26\/zur-aktualitaet-von-martin-walsers-paulskirchenrede\/\">Weiterlesen &raquo;<\/a><\/p>\n","protected":false},"author":13,"featured_media":0,"comment_status":"open","ping_status":"open","sticky":false,"template":"","format":"standard","meta":{"footnotes":""},"categories":[209,1],"tags":[2293,1733,170,2363,624,2540],"class_list":["post-5311","post","type-post","status-publish","format-standard","hentry","category-alan-posener","category-allgemein","tag-afd","tag-fluchtlinge","tag-gedenken","tag-martin-hohmann","tag-martin-walser","tag-paulskirchenrede"],"yoast_head":"<!-- This site is optimized with the Yoast SEO plugin v27.4 - https:\/\/yoast.com\/product\/yoast-seo-wordpress\/ -->\n<title>Zur Aktualit\u00e4t von Martin Walsers Paulskirchenrede - starke-meinungen.de<\/title>\n<meta name=\"robots\" content=\"index, follow, max-snippet:-1, max-image-preview:large, max-video-preview:-1\" \/>\n<link rel=\"canonical\" href=\"https:\/\/starke-meinungen.de\/blog\/2015\/11\/26\/zur-aktualitaet-von-martin-walsers-paulskirchenrede\/\" \/>\n<meta property=\"og:locale\" content=\"de_DE\" \/>\n<meta property=\"og:type\" content=\"article\" \/>\n<meta property=\"og:title\" content=\"Zur Aktualit\u00e4t von Martin Walsers Paulskirchenrede - starke-meinungen.de\" \/>\n<meta property=\"og:description\" content=\"Martin Walsers Paulskirchenrede von 1998 wurde vor nunmehr beinahe zwanzig Jahren wegen ihrer Kritik an der so genannten Gedenkkultur ber\u00fcchtigt. Als Walser \u201evor K\u00fchnheit zitternd\u201c behauptete, die Deutschen seien ein \u201eganz normales Volk\u201c geworden und seine Abscheu gegen die \u201eDauerrepr\u00e4sentation unserer Schande\u201c bekundete, als er bekannte, er habe sich angew\u00f6hnt, bei Bildern aus den KZ \u201ewegzuschauen\u201c, da sprang die versammelte... Weiterlesen &raquo;\" \/>\n<meta property=\"og:url\" content=\"https:\/\/starke-meinungen.de\/blog\/2015\/11\/26\/zur-aktualitaet-von-martin-walsers-paulskirchenrede\/\" \/>\n<meta property=\"og:site_name\" content=\"starke-meinungen.de\" \/>\n<meta property=\"article:publisher\" content=\"https:\/\/www.facebook.com\/starkemeinungen\/\" \/>\n<meta property=\"article:published_time\" content=\"2015-11-26T19:38:16+00:00\" \/>\n<meta property=\"og:image\" content=\"https:\/\/starke-meinungen.de\/blog\/wp-content\/uploads\/starke-meinungen-fb-header.jpg\" \/>\n\t<meta property=\"og:image:width\" content=\"1200\" \/>\n\t<meta property=\"og:image:height\" content=\"630\" \/>\n\t<meta property=\"og:image:type\" content=\"image\/jpeg\" \/>\n<meta name=\"author\" content=\"Alan Posener\" \/>\n<meta name=\"twitter:card\" content=\"summary_large_image\" \/>\n<meta name=\"twitter:creator\" content=\"@starkemeinungen\" \/>\n<meta name=\"twitter:site\" content=\"@starkemeinungen\" \/>\n<meta name=\"twitter:label1\" content=\"Verfasst von\" \/>\n\t<meta name=\"twitter:data1\" content=\"Alan Posener\" \/>\n\t<meta name=\"twitter:label2\" content=\"Gesch\u00e4tzte Lesezeit\" \/>\n\t<meta name=\"twitter:data2\" content=\"4\u00a0Minuten\" \/>\n<script type=\"application\/ld+json\" class=\"yoast-schema-graph\">{\"@context\":\"https:\\\/\\\/schema.org\",\"@graph\":[{\"@type\":\"Article\",\"@id\":\"https:\\\/\\\/starke-meinungen.de\\\/blog\\\/2015\\\/11\\\/26\\\/zur-aktualitaet-von-martin-walsers-paulskirchenrede\\\/#article\",\"isPartOf\":{\"@id\":\"https:\\\/\\\/starke-meinungen.de\\\/blog\\\/2015\\\/11\\\/26\\\/zur-aktualitaet-von-martin-walsers-paulskirchenrede\\\/\"},\"author\":{\"name\":\"Alan Posener\",\"@id\":\"https:\\\/\\\/starke-meinungen.de\\\/blog\\\/#\\\/schema\\\/person\\\/32d0faef7c31a37c1c89be993d7a6d28\"},\"headline\":\"Zur Aktualit\u00e4t von Martin Walsers Paulskirchenrede\",\"datePublished\":\"2015-11-26T19:38:16+00:00\",\"mainEntityOfPage\":{\"@id\":\"https:\\\/\\\/starke-meinungen.de\\\/blog\\\/2015\\\/11\\\/26\\\/zur-aktualitaet-von-martin-walsers-paulskirchenrede\\\/\"},\"wordCount\":849,\"commentCount\":13,\"publisher\":{\"@id\":\"https:\\\/\\\/starke-meinungen.de\\\/blog\\\/#organization\"},\"keywords\":[\"AfD\",\"Fl\u00fcchtlinge\",\"Gedenken\",\"Martin Hohmann\",\"Martin Walser\",\"Paulskirchenrede\"],\"articleSection\":[\"Alan Posener\"],\"inLanguage\":\"de\",\"potentialAction\":[{\"@type\":\"CommentAction\",\"name\":\"Comment\",\"target\":[\"https:\\\/\\\/starke-meinungen.de\\\/blog\\\/2015\\\/11\\\/26\\\/zur-aktualitaet-von-martin-walsers-paulskirchenrede\\\/#respond\"]}]},{\"@type\":\"WebPage\",\"@id\":\"https:\\\/\\\/starke-meinungen.de\\\/blog\\\/2015\\\/11\\\/26\\\/zur-aktualitaet-von-martin-walsers-paulskirchenrede\\\/\",\"url\":\"https:\\\/\\\/starke-meinungen.de\\\/blog\\\/2015\\\/11\\\/26\\\/zur-aktualitaet-von-martin-walsers-paulskirchenrede\\\/\",\"name\":\"Zur Aktualit\u00e4t von Martin Walsers Paulskirchenrede - starke-meinungen.de\",\"isPartOf\":{\"@id\":\"https:\\\/\\\/starke-meinungen.de\\\/blog\\\/#website\"},\"datePublished\":\"2015-11-26T19:38:16+00:00\",\"breadcrumb\":{\"@id\":\"https:\\\/\\\/starke-meinungen.de\\\/blog\\\/2015\\\/11\\\/26\\\/zur-aktualitaet-von-martin-walsers-paulskirchenrede\\\/#breadcrumb\"},\"inLanguage\":\"de\",\"potentialAction\":[{\"@type\":\"ReadAction\",\"target\":[\"https:\\\/\\\/starke-meinungen.de\\\/blog\\\/2015\\\/11\\\/26\\\/zur-aktualitaet-von-martin-walsers-paulskirchenrede\\\/\"]}]},{\"@type\":\"BreadcrumbList\",\"@id\":\"https:\\\/\\\/starke-meinungen.de\\\/blog\\\/2015\\\/11\\\/26\\\/zur-aktualitaet-von-martin-walsers-paulskirchenrede\\\/#breadcrumb\",\"itemListElement\":[{\"@type\":\"ListItem\",\"position\":1,\"name\":\"Startseite\",\"item\":\"https:\\\/\\\/starke-meinungen.de\\\/blog\\\/\"},{\"@type\":\"ListItem\",\"position\":2,\"name\":\"Zur Aktualit\u00e4t von Martin Walsers Paulskirchenrede\"}]},{\"@type\":\"WebSite\",\"@id\":\"https:\\\/\\\/starke-meinungen.de\\\/blog\\\/#website\",\"url\":\"https:\\\/\\\/starke-meinungen.de\\\/blog\\\/\",\"name\":\"starke-meinungen.de\",\"description\":\"Autoren-Blog\",\"publisher\":{\"@id\":\"https:\\\/\\\/starke-meinungen.de\\\/blog\\\/#organization\"},\"potentialAction\":[{\"@type\":\"SearchAction\",\"target\":{\"@type\":\"EntryPoint\",\"urlTemplate\":\"https:\\\/\\\/starke-meinungen.de\\\/blog\\\/?s={search_term_string}\"},\"query-input\":{\"@type\":\"PropertyValueSpecification\",\"valueRequired\":true,\"valueName\":\"search_term_string\"}}],\"inLanguage\":\"de\"},{\"@type\":\"Organization\",\"@id\":\"https:\\\/\\\/starke-meinungen.de\\\/blog\\\/#organization\",\"name\":\"starke-meinungen.de\",\"url\":\"https:\\\/\\\/starke-meinungen.de\\\/blog\\\/\",\"logo\":{\"@type\":\"ImageObject\",\"inLanguage\":\"de\",\"@id\":\"https:\\\/\\\/starke-meinungen.de\\\/blog\\\/#\\\/schema\\\/logo\\\/image\\\/\",\"url\":\"https:\\\/\\\/starke-meinungen.de\\\/blog\\\/wp-content\\\/uploads\\\/starke-meinungen-fb-header.jpg\",\"contentUrl\":\"https:\\\/\\\/starke-meinungen.de\\\/blog\\\/wp-content\\\/uploads\\\/starke-meinungen-fb-header.jpg\",\"width\":1200,\"height\":630,\"caption\":\"starke-meinungen.de\"},\"image\":{\"@id\":\"https:\\\/\\\/starke-meinungen.de\\\/blog\\\/#\\\/schema\\\/logo\\\/image\\\/\"},\"sameAs\":[\"https:\\\/\\\/www.facebook.com\\\/starkemeinungen\\\/\",\"https:\\\/\\\/x.com\\\/starkemeinungen\"]},{\"@type\":\"Person\",\"@id\":\"https:\\\/\\\/starke-meinungen.de\\\/blog\\\/#\\\/schema\\\/person\\\/32d0faef7c31a37c1c89be993d7a6d28\",\"name\":\"Alan Posener\",\"image\":{\"@type\":\"ImageObject\",\"inLanguage\":\"de\",\"@id\":\"https:\\\/\\\/secure.gravatar.com\\\/avatar\\\/c75c8818a9ab78c4faa75048dba7844e2587998cda4d93f84e7d86f7e21a9b90?s=96&d=mm&r=g\",\"url\":\"https:\\\/\\\/secure.gravatar.com\\\/avatar\\\/c75c8818a9ab78c4faa75048dba7844e2587998cda4d93f84e7d86f7e21a9b90?s=96&d=mm&r=g\",\"contentUrl\":\"https:\\\/\\\/secure.gravatar.com\\\/avatar\\\/c75c8818a9ab78c4faa75048dba7844e2587998cda4d93f84e7d86f7e21a9b90?s=96&d=mm&r=g\",\"caption\":\"Alan Posener\"},\"url\":\"https:\\\/\\\/starke-meinungen.de\\\/blog\\\/author\\\/posener\\\/\"}]}<\/script>\n<!-- \/ Yoast SEO plugin. -->","yoast_head_json":{"title":"Zur Aktualit\u00e4t von Martin Walsers Paulskirchenrede - starke-meinungen.de","robots":{"index":"index","follow":"follow","max-snippet":"max-snippet:-1","max-image-preview":"max-image-preview:large","max-video-preview":"max-video-preview:-1"},"canonical":"https:\/\/starke-meinungen.de\/blog\/2015\/11\/26\/zur-aktualitaet-von-martin-walsers-paulskirchenrede\/","og_locale":"de_DE","og_type":"article","og_title":"Zur Aktualit\u00e4t von Martin Walsers Paulskirchenrede - starke-meinungen.de","og_description":"Martin Walsers Paulskirchenrede von 1998 wurde vor nunmehr beinahe zwanzig Jahren wegen ihrer Kritik an der so genannten Gedenkkultur ber\u00fcchtigt. Als Walser \u201evor K\u00fchnheit zitternd\u201c behauptete, die Deutschen seien ein \u201eganz normales Volk\u201c geworden und seine Abscheu gegen die \u201eDauerrepr\u00e4sentation unserer Schande\u201c bekundete, als er bekannte, er habe sich angew\u00f6hnt, bei Bildern aus den KZ \u201ewegzuschauen\u201c, da sprang die versammelte... Weiterlesen &raquo;","og_url":"https:\/\/starke-meinungen.de\/blog\/2015\/11\/26\/zur-aktualitaet-von-martin-walsers-paulskirchenrede\/","og_site_name":"starke-meinungen.de","article_publisher":"https:\/\/www.facebook.com\/starkemeinungen\/","article_published_time":"2015-11-26T19:38:16+00:00","og_image":[{"width":1200,"height":630,"url":"https:\/\/starke-meinungen.de\/blog\/wp-content\/uploads\/starke-meinungen-fb-header.jpg","type":"image\/jpeg"}],"author":"Alan Posener","twitter_card":"summary_large_image","twitter_creator":"@starkemeinungen","twitter_site":"@starkemeinungen","twitter_misc":{"Verfasst von":"Alan Posener","Gesch\u00e4tzte Lesezeit":"4\u00a0Minuten"},"schema":{"@context":"https:\/\/schema.org","@graph":[{"@type":"Article","@id":"https:\/\/starke-meinungen.de\/blog\/2015\/11\/26\/zur-aktualitaet-von-martin-walsers-paulskirchenrede\/#article","isPartOf":{"@id":"https:\/\/starke-meinungen.de\/blog\/2015\/11\/26\/zur-aktualitaet-von-martin-walsers-paulskirchenrede\/"},"author":{"name":"Alan Posener","@id":"https:\/\/starke-meinungen.de\/blog\/#\/schema\/person\/32d0faef7c31a37c1c89be993d7a6d28"},"headline":"Zur Aktualit\u00e4t von Martin Walsers Paulskirchenrede","datePublished":"2015-11-26T19:38:16+00:00","mainEntityOfPage":{"@id":"https:\/\/starke-meinungen.de\/blog\/2015\/11\/26\/zur-aktualitaet-von-martin-walsers-paulskirchenrede\/"},"wordCount":849,"commentCount":13,"publisher":{"@id":"https:\/\/starke-meinungen.de\/blog\/#organization"},"keywords":["AfD","Fl\u00fcchtlinge","Gedenken","Martin Hohmann","Martin Walser","Paulskirchenrede"],"articleSection":["Alan Posener"],"inLanguage":"de","potentialAction":[{"@type":"CommentAction","name":"Comment","target":["https:\/\/starke-meinungen.de\/blog\/2015\/11\/26\/zur-aktualitaet-von-martin-walsers-paulskirchenrede\/#respond"]}]},{"@type":"WebPage","@id":"https:\/\/starke-meinungen.de\/blog\/2015\/11\/26\/zur-aktualitaet-von-martin-walsers-paulskirchenrede\/","url":"https:\/\/starke-meinungen.de\/blog\/2015\/11\/26\/zur-aktualitaet-von-martin-walsers-paulskirchenrede\/","name":"Zur Aktualit\u00e4t von Martin Walsers Paulskirchenrede - starke-meinungen.de","isPartOf":{"@id":"https:\/\/starke-meinungen.de\/blog\/#website"},"datePublished":"2015-11-26T19:38:16+00:00","breadcrumb":{"@id":"https:\/\/starke-meinungen.de\/blog\/2015\/11\/26\/zur-aktualitaet-von-martin-walsers-paulskirchenrede\/#breadcrumb"},"inLanguage":"de","potentialAction":[{"@type":"ReadAction","target":["https:\/\/starke-meinungen.de\/blog\/2015\/11\/26\/zur-aktualitaet-von-martin-walsers-paulskirchenrede\/"]}]},{"@type":"BreadcrumbList","@id":"https:\/\/starke-meinungen.de\/blog\/2015\/11\/26\/zur-aktualitaet-von-martin-walsers-paulskirchenrede\/#breadcrumb","itemListElement":[{"@type":"ListItem","position":1,"name":"Startseite","item":"https:\/\/starke-meinungen.de\/blog\/"},{"@type":"ListItem","position":2,"name":"Zur Aktualit\u00e4t von Martin Walsers Paulskirchenrede"}]},{"@type":"WebSite","@id":"https:\/\/starke-meinungen.de\/blog\/#website","url":"https:\/\/starke-meinungen.de\/blog\/","name":"starke-meinungen.de","description":"Autoren-Blog","publisher":{"@id":"https:\/\/starke-meinungen.de\/blog\/#organization"},"potentialAction":[{"@type":"SearchAction","target":{"@type":"EntryPoint","urlTemplate":"https:\/\/starke-meinungen.de\/blog\/?s={search_term_string}"},"query-input":{"@type":"PropertyValueSpecification","valueRequired":true,"valueName":"search_term_string"}}],"inLanguage":"de"},{"@type":"Organization","@id":"https:\/\/starke-meinungen.de\/blog\/#organization","name":"starke-meinungen.de","url":"https:\/\/starke-meinungen.de\/blog\/","logo":{"@type":"ImageObject","inLanguage":"de","@id":"https:\/\/starke-meinungen.de\/blog\/#\/schema\/logo\/image\/","url":"https:\/\/starke-meinungen.de\/blog\/wp-content\/uploads\/starke-meinungen-fb-header.jpg","contentUrl":"https:\/\/starke-meinungen.de\/blog\/wp-content\/uploads\/starke-meinungen-fb-header.jpg","width":1200,"height":630,"caption":"starke-meinungen.de"},"image":{"@id":"https:\/\/starke-meinungen.de\/blog\/#\/schema\/logo\/image\/"},"sameAs":["https:\/\/www.facebook.com\/starkemeinungen\/","https:\/\/x.com\/starkemeinungen"]},{"@type":"Person","@id":"https:\/\/starke-meinungen.de\/blog\/#\/schema\/person\/32d0faef7c31a37c1c89be993d7a6d28","name":"Alan Posener","image":{"@type":"ImageObject","inLanguage":"de","@id":"https:\/\/secure.gravatar.com\/avatar\/c75c8818a9ab78c4faa75048dba7844e2587998cda4d93f84e7d86f7e21a9b90?s=96&d=mm&r=g","url":"https:\/\/secure.gravatar.com\/avatar\/c75c8818a9ab78c4faa75048dba7844e2587998cda4d93f84e7d86f7e21a9b90?s=96&d=mm&r=g","contentUrl":"https:\/\/secure.gravatar.com\/avatar\/c75c8818a9ab78c4faa75048dba7844e2587998cda4d93f84e7d86f7e21a9b90?s=96&d=mm&r=g","caption":"Alan Posener"},"url":"https:\/\/starke-meinungen.de\/blog\/author\/posener\/"}]}},"_links":{"self":[{"href":"https:\/\/starke-meinungen.de\/blog\/wp-json\/wp\/v2\/posts\/5311","targetHints":{"allow":["GET"]}}],"collection":[{"href":"https:\/\/starke-meinungen.de\/blog\/wp-json\/wp\/v2\/posts"}],"about":[{"href":"https:\/\/starke-meinungen.de\/blog\/wp-json\/wp\/v2\/types\/post"}],"author":[{"embeddable":true,"href":"https:\/\/starke-meinungen.de\/blog\/wp-json\/wp\/v2\/users\/13"}],"replies":[{"embeddable":true,"href":"https:\/\/starke-meinungen.de\/blog\/wp-json\/wp\/v2\/comments?post=5311"}],"version-history":[{"count":1,"href":"https:\/\/starke-meinungen.de\/blog\/wp-json\/wp\/v2\/posts\/5311\/revisions"}],"predecessor-version":[{"id":5312,"href":"https:\/\/starke-meinungen.de\/blog\/wp-json\/wp\/v2\/posts\/5311\/revisions\/5312"}],"wp:attachment":[{"href":"https:\/\/starke-meinungen.de\/blog\/wp-json\/wp\/v2\/media?parent=5311"}],"wp:term":[{"taxonomy":"category","embeddable":true,"href":"https:\/\/starke-meinungen.de\/blog\/wp-json\/wp\/v2\/categories?post=5311"},{"taxonomy":"post_tag","embeddable":true,"href":"https:\/\/starke-meinungen.de\/blog\/wp-json\/wp\/v2\/tags?post=5311"}],"curies":[{"name":"wp","href":"https:\/\/api.w.org\/{rel}","templated":true}]}}