

{"id":5184,"date":"2015-11-11T22:15:20","date_gmt":"2015-11-11T22:15:20","guid":{"rendered":"https:\/\/starke-meinungen.de\/blog\/?p=5184"},"modified":"2015-11-11T22:15:50","modified_gmt":"2015-11-11T22:15:50","slug":"revolution-oder-versklavung","status":"publish","type":"post","link":"https:\/\/starke-meinungen.de\/blog\/2015\/11\/11\/revolution-oder-versklavung\/","title":{"rendered":"Revolution oder Versklavung"},"content":{"rendered":"<p><strong>Von Alexander G\u00f6rlach:\u00a0<\/strong><\/p>\n<p><em>Nun ist der Hyperlink dran: die Politik in Europa bedroht unsere Freiheit. Es wird Zeit, dagegen aufzustehen!<\/em><\/p>\n<p>Wenige Tage ist es her, seit der f\u00fcr die Digital-Wirtschaft zust\u00e4ndige EU-Kommissar Guenther Oettinger die Netzneutralit\u00e4t\u00a0<a href=\"http:\/\/www.theeuropean.de\/alexander-goerlach\/10536-deutsche-politiker-schroepfen-die-startup-economy\">beendete<\/a>\u00a0und somit die gro\u00dfen Telekommunikations-Riesen zu den T\u00fcrstehern des bis dahin freien Internets machte. Von diesem Teil-Erfolg befl\u00fcgelt geht es weiter: der\u00a0<a href=\"https:\/\/juliareda.eu\/2015\/11\/leistungsschutzrecht-angriff-auf-den-hyperlink\/\">Hyperlink als zentraler Baustein des Internets<\/a>\u00a0soll unter das Kuratel staatlicher Regulierung genommen werden. Damit w\u00fcrde der Freiheitsraum des Internets, f\u00fcnfundzwanzig Jahre nach seiner Entstehung, geschlossen.<\/p>\n<p><a href=\"http:\/\/www.theeuropean.de\/john-perry-barlow\/7370-der-verlorene-kampf-um-das-geheimnis\">Perry Barlow<\/a>\u00a0schrieb am Beginn der digitalen \u00c4ra in seinem Internet-Manifest, dass die Politik aus diesem neu geschaffenen Raum, dem Cyber-Space, ausgeschlossen sei, dass sich hier nun eine neue \u00d6ffentlichkeit formiere, die sich selbst, nach neuen Metriken organisiere. Die klassische Politik hat dem Internet nie verziehen, dass es existiert.<!--more--><\/p>\n<p>Denn in der Tat: Modelle wie die deliberative Demokratie des Stanford-Professors James Fishkin\u00a0<a href=\"http:\/\/www.theeuropean.de\/james-fishkin\/11875-deliberative-demokratie\">zeigen<\/a>, dass es zu f\u00fcr die Gemeinschaft guten Ergebnissen kommen kann, wenn die parlamentarische Vertretung durch andere, echte Repr\u00e4sentationsformen abgel\u00f6st oder erweitert w\u00fcrde. Im Deutschen Bundestag sitzen n\u00e4mlich keine Farbigen,\u00a0<span class=\"caps\">HIV<\/span>-Infizierten, allein erziehenden M\u00fctter und Langzeitarbeitslose, sondern ein Haufen Lehrer und Juristen, die die Lebenswirklichkeit derer, die sie vertreten m\u00f6chten, nicht vollumf\u00e4nglich kennt oder nachvollziehen kann.<\/p>\n<p>Eine \u00e4hnliche Bestandsaufnahme gilt auch f\u00fcr klassische Verlage: die vierte Gewalt waren Medien nur insoweit, als sie die \u00d6ffentlichkeit herstellten, die f\u00fcr demokratische Prozesse unerl\u00e4sslich sind. Heute sind Plattformen wie Facebook diese \u00d6ffentlichkeit, die Medien nur ein Teil davon, also eine Teil\u00f6ffentlichkeit. Und so gilt auch hier: die Verleger haben dem Internet nie verziehen, dass es es gibt.<\/p>\n<h6>Das Internet am Baum aufkn\u00fcpfen<\/h6>\n<p>Nur so erkl\u00e4rt sich, warum und wieso die Politik und die Verlage gemeinsam mit aller Macht an dem Strick ziehen, der das Internet an einem Baum ihrer Wahl aufkn\u00fcpft. Das f\u00fchrt zu dem Eindruck, der sich immer mehr und mehr verfestigt: das Internet soll nicht nach den Regeln der Demokratie gestaltet, sondern mit den Mitteln der Despotie ausgeschaltet werden.<\/p>\n<p>In der Konsequenz bedeutet das, dass im Moment von Br\u00fcssel nichts weniger als unsere gesamte liberale, aufgekl\u00e4rte Gesellschaft einkassiert werden soll. In einer Zeit, in der die Welt nach Syrien oder in die Ukraine schaut, und in einem Umfeld, in dem das Internet und seine Freiheit ohnehin f\u00fcr viele von sekund\u00e4rer Wichtigkeit zu sein scheint, hat dieser Coup alle Chancen, durchzugehen. Denn, so sieht es der Westen am Beispiel der T\u00fcrkei, was passiert denn, wenn man einer Gesellschaft, die vor zehn Jahren als Hoffnung f\u00fcr eine demokratische Gesellschaft gesehen wurde, das Internet abstellt? Nichts passiert.<\/p>\n<p>Also nun der Hyperlink. Um was geht es? Das Netz ist das Gewebe von Inhalten. Jeder Inhalt hat einen Link. Dieses Netz aus Links wird jeden Tag weiter gesponnen durch neue Inhalte und Nutzer, die Inhalte miteinander verkn\u00fcpfen in einer f\u00fcr sie sinnvollen Weise. Das betrifft Inhalte zu Mode, Haustieren, Feminismus, Politik, Religion, zu allem, was man sich vorstellen kann. Die Vernetzung der Inhalte bewirkt die Infrastruktur des Netzes. Bisher galt diese Praxis, die philosophisch-ontologisch gesehen das Wesen und Sein des Internets beschreibt, rechtlich als zul\u00e4ssig \u2013 was f\u00fcr die Politik bislang die Anerkennung der Macht des Faktischen bedeutete, denn ein Verbot dieser Links, \u00fcblicherweise mit dem Hinweis versehen, dass der Verlinkte dem Verlinken nicht aktiv zugestimmt hat \u2013 h\u00e4tte das Ende des Internet bedeutet.<\/p>\n<p>Denn das Netz ist nichts anderes als das: das Verkn\u00fcpfen von Inhalten. Wer einen Inhalt ins Netz stellt, stimmt zu, dass er verlinkt werden kann, denn sonst h\u00e4tte er den Inhalt auf ein Papier geschrieben und das Papier abgeheftet, ohne es vorher jemand zu zeigen oder kopiert oder sonst was analoges damit gemacht.<\/p>\n<h6>Die Werte der Aufkl\u00e4rung verteidigen<\/h6>\n<p>Vor zehn Jahren kam mit dem so genannten Web 2.0 ein entscheidendes Novum hinzu: die Bef\u00e4higung, diese Links zu kommentieren, mit anderen Nutzern der Inhalte zu korrespondieren. Die sozialen Netzwerke haben neben das rein technische Element des Verlinken ein soziales gestellt: Inhalte werden nicht nur dargereicht, sondern besprochen, kritisiert. Erst ab diesem Zeitpunkt hatte das Internet das Potenzial zu einer neuen Form einer globalen \u00d6ffentlichkeit zu werden. Und zu einer echten Waffe, sollten die Werte der Freiheit und der Aufkl\u00e4rung mit F\u00fcssen getreten werden.<\/p>\n<p>Es ist vollkommen klar, dass das Internet, wie jede technologische Errungenschaft zum Guten wie zum B\u00f6sen verwendet werden kann, dass Helden und Schurken von seinen M\u00f6glichkeiten profitieren. Die Vielfalt der Verwendungen spiegelt die Eigenarten ihres menschlichen Sch\u00f6pfers. Vint Cerf, einer der Erfinder des Internet, berichtet im\u00a0<a href=\"http:\/\/www.theeuropean.de\/vinton-cerf\/5208-die-welt-in-100-jahren\">Interview<\/a>, dass das Netz an einem Weihnachtstag live gegangen ist. Christus ist der neue Adam, der die Fehler des ersten Menschen richten muss. Die Polarit\u00e4t von gut und b\u00f6se pr\u00e4gt nicht nur die biblische Geschichte. Die Mythen der V\u00f6lker drehen sich um das Gute, wie man es erlangt, die Versuchung und das B\u00f6se. Die Geschichte des Internet \u2013 die Gr\u00fcndungsworte von Barlow stehen an Wortgewalt den gro\u00dfen Erz\u00e4hlungen an den Schwellen der Menschheitsgeschichte in nichts nach \u2013 macht da keine Ausnahme. Jetzt beginnt der Kampf um dieses Internet, das ist sicher. Die Politik in Europa hat ihm den Krieg erkl\u00e4rt. Ob man fernen Generationen vom freien Internet in der Vergangenheitsform erz\u00e4hlen muss oder nicht, entscheidet sich jetzt.<\/p>\n<p>Das Internet zu verbieten bedeutet in der Konsequenz nichts anderes, nicht weniger, als dem Menschen zu verbieten, Mensch zu sein. Wer den Hyperlink abschaffen will, hat am Ende auch keine Skrupel frei denkende Menschen abzuschaffen. Wehret den Anf\u00e4ngen: Revolution oder Versklavung. Das ist wie alles im Internet: bin\u00e4r. Es gibt nur das eine oder das andere.<\/p>\n<p>&nbsp;<\/p>\n<p><em>zuerst erschienen auf www.theeuropean.de<\/em><\/p>\n<div class=\"shariff shariff-align-left shariff-widget-align-left shariff-buttonstretch\" style=\"display:none\"><ul class=\"shariff-buttons theme-white orientation-horizontal buttonsize-medium\"><li class=\"shariff-button facebook shariff-nocustomcolor\" style=\"background-color:#4273c8\"><a href=\"https:\/\/www.facebook.com\/sharer\/sharer.php?u=https%3A%2F%2Fstarke-meinungen.de%2Fblog%2F2015%2F11%2F11%2Frevolution-oder-versklavung%2F\" title=\"Bei Facebook teilen\" aria-label=\"Bei Facebook teilen\" role=\"button\" rel=\"nofollow\" class=\"shariff-link\" style=\"; background-color:#3b5998; color:#3b5998\" target=\"_blank\"><span class=\"shariff-icon\" style=\"fill:#3b5998\"><svg width=\"32px\" height=\"20px\" xmlns=\"http:\/\/www.w3.org\/2000\/svg\" viewBox=\"0 0 18 32\"><path fill=\"#3b5998\" d=\"M17.1 0.2v4.7h-2.8q-1.5 0-2.1 0.6t-0.5 1.9v3.4h5.2l-0.7 5.3h-4.5v13.6h-5.5v-13.6h-4.5v-5.3h4.5v-3.9q0-3.3 1.9-5.2t5-1.8q2.6 0 4.1 0.2z\"\/><\/svg><\/span><span class=\"shariff-text\" style=\"color:#3b5998\">teilen<\/span>&nbsp;<\/a><\/li><li class=\"shariff-button twitter shariff-nocustomcolor\" style=\"background-color:#595959\"><a href=\"https:\/\/twitter.com\/share?url=https%3A%2F%2Fstarke-meinungen.de%2Fblog%2F2015%2F11%2F11%2Frevolution-oder-versklavung%2F&text=Revolution%20oder%20Versklavung&via=starkemeinungen\" title=\"Bei X teilen\" aria-label=\"Bei X teilen\" role=\"button\" rel=\"noopener nofollow\" class=\"shariff-link\" style=\"; background-color:#000; color:#000\" target=\"_blank\"><span class=\"shariff-icon\" style=\"fill:#000\"><svg width=\"32px\" height=\"20px\" xmlns=\"http:\/\/www.w3.org\/2000\/svg\" viewBox=\"0 0 24 24\"><path fill=\"#000\" d=\"M14.258 10.152L23.176 0h-2.113l-7.747 8.813L7.133 0H0l9.352 13.328L0 23.973h2.113l8.176-9.309 6.531 9.309h7.133zm-2.895 3.293l-.949-1.328L2.875 1.56h3.246l6.086 8.523.945 1.328 7.91 11.078h-3.246zm0 0\"\/><\/svg><\/span><span class=\"shariff-text\" style=\"color:#000\">teilen<\/span>&nbsp;<\/a><\/li><li class=\"shariff-button linkedin shariff-nocustomcolor\" style=\"background-color:#1488bf\"><a href=\"https:\/\/www.linkedin.com\/sharing\/share-offsite\/?url=https%3A%2F%2Fstarke-meinungen.de%2Fblog%2F2015%2F11%2F11%2Frevolution-oder-versklavung%2F\" title=\"Bei LinkedIn teilen\" aria-label=\"Bei LinkedIn teilen\" role=\"button\" rel=\"noopener nofollow\" class=\"shariff-link\" style=\"; background-color:#0077b5; color:#0077b5\" target=\"_blank\"><span class=\"shariff-icon\" style=\"fill:#0077b5\"><svg width=\"32px\" height=\"20px\" xmlns=\"http:\/\/www.w3.org\/2000\/svg\" viewBox=\"0 0 27 32\"><path fill=\"#0077b5\" d=\"M6.2 11.2v17.7h-5.9v-17.7h5.9zM6.6 5.7q0 1.3-0.9 2.2t-2.4 0.9h0q-1.5 0-2.4-0.9t-0.9-2.2 0.9-2.2 2.4-0.9 2.4 0.9 0.9 2.2zM27.4 18.7v10.1h-5.9v-9.5q0-1.9-0.7-2.9t-2.3-1.1q-1.1 0-1.9 0.6t-1.2 1.5q-0.2 0.5-0.2 1.4v9.9h-5.9q0-7.1 0-11.6t0-5.3l0-0.9h5.9v2.6h0q0.4-0.6 0.7-1t1-0.9 1.6-0.8 2-0.3q3 0 4.9 2t1.9 6z\"\/><\/svg><\/span><span class=\"shariff-text\" style=\"color:#0077b5\">teilen<\/span>&nbsp;<\/a><\/li><li class=\"shariff-button xing shariff-nocustomcolor\" style=\"background-color:#29888a\"><a href=\"https:\/\/www.xing.com\/spi\/shares\/new?url=https%3A%2F%2Fstarke-meinungen.de%2Fblog%2F2015%2F11%2F11%2Frevolution-oder-versklavung%2F\" title=\"Bei XING teilen\" aria-label=\"Bei XING teilen\" role=\"button\" rel=\"noopener nofollow\" class=\"shariff-link\" style=\"; background-color:#126567; color:#126567\" target=\"_blank\"><span class=\"shariff-icon\" style=\"fill:#126567\"><svg width=\"32px\" height=\"20px\" xmlns=\"http:\/\/www.w3.org\/2000\/svg\" viewBox=\"0 0 25 32\"><path fill=\"#126567\" d=\"M10.7 11.9q-0.2 0.3-4.6 8.2-0.5 0.8-1.2 0.8h-4.3q-0.4 0-0.5-0.3t0-0.6l4.5-8q0 0 0 0l-2.9-5q-0.2-0.4 0-0.7 0.2-0.3 0.5-0.3h4.3q0.7 0 1.2 0.8zM25.1 0.4q0.2 0.3 0 0.7l-9.4 16.7 6 11q0.2 0.4 0 0.6-0.2 0.3-0.6 0.3h-4.3q-0.7 0-1.2-0.8l-6-11.1q0.3-0.6 9.5-16.8 0.4-0.8 1.2-0.8h4.3q0.4 0 0.5 0.3z\"\/><\/svg><\/span><span class=\"shariff-text\" style=\"color:#126567\">teilen<\/span>&nbsp;<\/a><\/li><li class=\"shariff-button whatsapp shariff-nocustomcolor\" style=\"background-color:#5cbe4a\"><a href=\"https:\/\/api.whatsapp.com\/send?text=https%3A%2F%2Fstarke-meinungen.de%2Fblog%2F2015%2F11%2F11%2Frevolution-oder-versklavung%2F%20Revolution%20oder%20Versklavung\" title=\"Bei Whatsapp teilen\" aria-label=\"Bei Whatsapp teilen\" role=\"button\" rel=\"noopener nofollow\" class=\"shariff-link\" style=\"; background-color:#34af23; color:#34af23\" target=\"_blank\"><span class=\"shariff-icon\" style=\"fill:#34af23\"><svg width=\"32px\" height=\"20px\" xmlns=\"http:\/\/www.w3.org\/2000\/svg\" viewBox=\"0 0 32 32\"><path fill=\"#34af23\" d=\"M17.6 17.4q0.2 0 1.7 0.8t1.6 0.9q0 0.1 0 0.3 0 0.6-0.3 1.4-0.3 0.7-1.3 1.2t-1.8 0.5q-1 0-3.4-1.1-1.7-0.8-3-2.1t-2.6-3.3q-1.3-1.9-1.3-3.5v-0.1q0.1-1.6 1.3-2.8 0.4-0.4 0.9-0.4 0.1 0 0.3 0t0.3 0q0.3 0 0.5 0.1t0.3 0.5q0.1 0.4 0.6 1.6t0.4 1.3q0 0.4-0.6 1t-0.6 0.8q0 0.1 0.1 0.3 0.6 1.3 1.8 2.4 1 0.9 2.7 1.8 0.2 0.1 0.4 0.1 0.3 0 1-0.9t0.9-0.9zM14 26.9q2.3 0 4.3-0.9t3.6-2.4 2.4-3.6 0.9-4.3-0.9-4.3-2.4-3.6-3.6-2.4-4.3-0.9-4.3 0.9-3.6 2.4-2.4 3.6-0.9 4.3q0 3.6 2.1 6.6l-1.4 4.2 4.3-1.4q2.8 1.9 6.2 1.9zM14 2.2q2.7 0 5.2 1.1t4.3 2.9 2.9 4.3 1.1 5.2-1.1 5.2-2.9 4.3-4.3 2.9-5.2 1.1q-3.5 0-6.5-1.7l-7.4 2.4 2.4-7.2q-1.9-3.2-1.9-6.9 0-2.7 1.1-5.2t2.9-4.3 4.3-2.9 5.2-1.1z\"\/><\/svg><\/span><span class=\"shariff-text\" style=\"color:#34af23\">teilen<\/span>&nbsp;<\/a><\/li><li class=\"shariff-button info shariff-nocustomcolor\" style=\"background-color:#a8a8a8\"><a href=\"http:\/\/ct.de\/-2467514\" title=\"Weitere Informationen\" aria-label=\"Weitere Informationen\" role=\"button\" rel=\"noopener \" class=\"shariff-link\" style=\"; background-color:#999; color:#999\" target=\"_blank\"><span class=\"shariff-icon\" style=\"fill:#999\"><svg width=\"32px\" height=\"20px\" xmlns=\"http:\/\/www.w3.org\/2000\/svg\" viewBox=\"0 0 11 32\"><path fill=\"#999\" d=\"M11.4 24v2.3q0 0.5-0.3 0.8t-0.8 0.4h-9.1q-0.5 0-0.8-0.4t-0.4-0.8v-2.3q0-0.5 0.4-0.8t0.8-0.4h1.1v-6.8h-1.1q-0.5 0-0.8-0.4t-0.4-0.8v-2.3q0-0.5 0.4-0.8t0.8-0.4h6.8q0.5 0 0.8 0.4t0.4 0.8v10.3h1.1q0.5 0 0.8 0.4t0.3 0.8zM9.2 3.4v3.4q0 0.5-0.4 0.8t-0.8 0.4h-4.6q-0.4 0-0.8-0.4t-0.4-0.8v-3.4q0-0.4 0.4-0.8t0.8-0.4h4.6q0.5 0 0.8 0.4t0.4 0.8z\"\/><\/svg><\/span><\/a><\/li><\/ul><\/div>","protected":false},"excerpt":{"rendered":"<p>Von Alexander G\u00f6rlach:\u00a0 Nun ist der Hyperlink dran: die Politik in Europa bedroht unsere Freiheit. Es wird Zeit, dagegen aufzustehen! Wenige Tage ist es her, seit der f\u00fcr die Digital-Wirtschaft zust\u00e4ndige EU-Kommissar Guenther Oettinger die Netzneutralit\u00e4t\u00a0beendete\u00a0und somit die gro\u00dfen Telekommunikations-Riesen zu den T\u00fcrstehern des bis dahin freien Internets machte. Von diesem Teil-Erfolg befl\u00fcgelt geht es weiter: der\u00a0Hyperlink als zentraler Baustein&#8230; <a href=\"https:\/\/starke-meinungen.de\/blog\/2015\/11\/11\/revolution-oder-versklavung\/\">Weiterlesen &raquo;<\/a><\/p>\n","protected":false},"author":15,"featured_media":0,"comment_status":"open","ping_status":"open","sticky":false,"template":"","format":"standard","meta":{"footnotes":""},"categories":[1,629],"tags":[347,2510,315,1290,134],"class_list":["post-5184","post","type-post","status-publish","format-standard","hentry","category-allgemein","category-gastautor","tag-eu","tag-hyperling","tag-internet","tag-netzneutralitat","tag-oettinger"],"yoast_head":"<!-- This site is optimized with the Yoast SEO plugin v27.5 - https:\/\/yoast.com\/product\/yoast-seo-wordpress\/ -->\n<title>Revolution oder Versklavung - starke-meinungen.de<\/title>\n<meta name=\"robots\" content=\"index, follow, max-snippet:-1, max-image-preview:large, max-video-preview:-1\" \/>\n<link rel=\"canonical\" href=\"https:\/\/starke-meinungen.de\/blog\/2015\/11\/11\/revolution-oder-versklavung\/\" \/>\n<meta property=\"og:locale\" content=\"de_DE\" \/>\n<meta property=\"og:type\" content=\"article\" \/>\n<meta property=\"og:title\" content=\"Revolution oder Versklavung - starke-meinungen.de\" \/>\n<meta property=\"og:description\" content=\"Von Alexander G\u00f6rlach:\u00a0 Nun ist der Hyperlink dran: die Politik in Europa bedroht unsere Freiheit. Es wird Zeit, dagegen aufzustehen! Wenige Tage ist es her, seit der f\u00fcr die Digital-Wirtschaft zust\u00e4ndige EU-Kommissar Guenther Oettinger die Netzneutralit\u00e4t\u00a0beendete\u00a0und somit die gro\u00dfen Telekommunikations-Riesen zu den T\u00fcrstehern des bis dahin freien Internets machte. Von diesem Teil-Erfolg befl\u00fcgelt geht es weiter: der\u00a0Hyperlink als zentraler Baustein... Weiterlesen &raquo;\" \/>\n<meta property=\"og:url\" content=\"https:\/\/starke-meinungen.de\/blog\/2015\/11\/11\/revolution-oder-versklavung\/\" \/>\n<meta property=\"og:site_name\" content=\"starke-meinungen.de\" \/>\n<meta property=\"article:publisher\" content=\"https:\/\/www.facebook.com\/starkemeinungen\/\" \/>\n<meta property=\"article:published_time\" content=\"2015-11-11T22:15:20+00:00\" \/>\n<meta property=\"article:modified_time\" content=\"2015-11-11T22:15:50+00:00\" \/>\n<meta property=\"og:image\" content=\"https:\/\/starke-meinungen.de\/blog\/wp-content\/uploads\/starke-meinungen-fb-header.jpg\" \/>\n\t<meta property=\"og:image:width\" content=\"1200\" \/>\n\t<meta property=\"og:image:height\" content=\"630\" \/>\n\t<meta property=\"og:image:type\" content=\"image\/jpeg\" \/>\n<meta name=\"author\" content=\"Gastautor\" \/>\n<meta name=\"twitter:card\" content=\"summary_large_image\" \/>\n<meta name=\"twitter:creator\" content=\"@starkemeinungen\" \/>\n<meta name=\"twitter:site\" content=\"@starkemeinungen\" \/>\n<meta name=\"twitter:label1\" content=\"Verfasst von\" \/>\n\t<meta name=\"twitter:data1\" content=\"Gastautor\" \/>\n\t<meta name=\"twitter:label2\" content=\"Gesch\u00e4tzte Lesezeit\" \/>\n\t<meta name=\"twitter:data2\" content=\"5\u00a0Minuten\" \/>\n<script type=\"application\/ld+json\" class=\"yoast-schema-graph\">{\"@context\":\"https:\\\/\\\/schema.org\",\"@graph\":[{\"@type\":\"Article\",\"@id\":\"https:\\\/\\\/starke-meinungen.de\\\/blog\\\/2015\\\/11\\\/11\\\/revolution-oder-versklavung\\\/#article\",\"isPartOf\":{\"@id\":\"https:\\\/\\\/starke-meinungen.de\\\/blog\\\/2015\\\/11\\\/11\\\/revolution-oder-versklavung\\\/\"},\"author\":{\"name\":\"Gastautor\",\"@id\":\"https:\\\/\\\/starke-meinungen.de\\\/blog\\\/#\\\/schema\\\/person\\\/a03e0a730dd4d63894dcc16cdbaa6b64\"},\"headline\":\"Revolution oder Versklavung\",\"datePublished\":\"2015-11-11T22:15:20+00:00\",\"dateModified\":\"2015-11-11T22:15:50+00:00\",\"mainEntityOfPage\":{\"@id\":\"https:\\\/\\\/starke-meinungen.de\\\/blog\\\/2015\\\/11\\\/11\\\/revolution-oder-versklavung\\\/\"},\"wordCount\":968,\"commentCount\":1,\"publisher\":{\"@id\":\"https:\\\/\\\/starke-meinungen.de\\\/blog\\\/#organization\"},\"keywords\":[\"EU\",\"Hyperling\",\"Internet\",\"Netzneutralit\u00e4t\",\"Oettinger\"],\"articleSection\":{\"1\":\"Gastautor\"},\"inLanguage\":\"de\",\"potentialAction\":[{\"@type\":\"CommentAction\",\"name\":\"Comment\",\"target\":[\"https:\\\/\\\/starke-meinungen.de\\\/blog\\\/2015\\\/11\\\/11\\\/revolution-oder-versklavung\\\/#respond\"]}]},{\"@type\":\"WebPage\",\"@id\":\"https:\\\/\\\/starke-meinungen.de\\\/blog\\\/2015\\\/11\\\/11\\\/revolution-oder-versklavung\\\/\",\"url\":\"https:\\\/\\\/starke-meinungen.de\\\/blog\\\/2015\\\/11\\\/11\\\/revolution-oder-versklavung\\\/\",\"name\":\"Revolution oder Versklavung - starke-meinungen.de\",\"isPartOf\":{\"@id\":\"https:\\\/\\\/starke-meinungen.de\\\/blog\\\/#website\"},\"datePublished\":\"2015-11-11T22:15:20+00:00\",\"dateModified\":\"2015-11-11T22:15:50+00:00\",\"breadcrumb\":{\"@id\":\"https:\\\/\\\/starke-meinungen.de\\\/blog\\\/2015\\\/11\\\/11\\\/revolution-oder-versklavung\\\/#breadcrumb\"},\"inLanguage\":\"de\",\"potentialAction\":[{\"@type\":\"ReadAction\",\"target\":[\"https:\\\/\\\/starke-meinungen.de\\\/blog\\\/2015\\\/11\\\/11\\\/revolution-oder-versklavung\\\/\"]}]},{\"@type\":\"BreadcrumbList\",\"@id\":\"https:\\\/\\\/starke-meinungen.de\\\/blog\\\/2015\\\/11\\\/11\\\/revolution-oder-versklavung\\\/#breadcrumb\",\"itemListElement\":[{\"@type\":\"ListItem\",\"position\":1,\"name\":\"Startseite\",\"item\":\"https:\\\/\\\/starke-meinungen.de\\\/blog\\\/\"},{\"@type\":\"ListItem\",\"position\":2,\"name\":\"Revolution oder Versklavung\"}]},{\"@type\":\"WebSite\",\"@id\":\"https:\\\/\\\/starke-meinungen.de\\\/blog\\\/#website\",\"url\":\"https:\\\/\\\/starke-meinungen.de\\\/blog\\\/\",\"name\":\"starke-meinungen.de\",\"description\":\"Autoren-Blog\",\"publisher\":{\"@id\":\"https:\\\/\\\/starke-meinungen.de\\\/blog\\\/#organization\"},\"potentialAction\":[{\"@type\":\"SearchAction\",\"target\":{\"@type\":\"EntryPoint\",\"urlTemplate\":\"https:\\\/\\\/starke-meinungen.de\\\/blog\\\/?s={search_term_string}\"},\"query-input\":{\"@type\":\"PropertyValueSpecification\",\"valueRequired\":true,\"valueName\":\"search_term_string\"}}],\"inLanguage\":\"de\"},{\"@type\":\"Organization\",\"@id\":\"https:\\\/\\\/starke-meinungen.de\\\/blog\\\/#organization\",\"name\":\"starke-meinungen.de\",\"url\":\"https:\\\/\\\/starke-meinungen.de\\\/blog\\\/\",\"logo\":{\"@type\":\"ImageObject\",\"inLanguage\":\"de\",\"@id\":\"https:\\\/\\\/starke-meinungen.de\\\/blog\\\/#\\\/schema\\\/logo\\\/image\\\/\",\"url\":\"https:\\\/\\\/starke-meinungen.de\\\/blog\\\/wp-content\\\/uploads\\\/starke-meinungen-fb-header.jpg\",\"contentUrl\":\"https:\\\/\\\/starke-meinungen.de\\\/blog\\\/wp-content\\\/uploads\\\/starke-meinungen-fb-header.jpg\",\"width\":1200,\"height\":630,\"caption\":\"starke-meinungen.de\"},\"image\":{\"@id\":\"https:\\\/\\\/starke-meinungen.de\\\/blog\\\/#\\\/schema\\\/logo\\\/image\\\/\"},\"sameAs\":[\"https:\\\/\\\/www.facebook.com\\\/starkemeinungen\\\/\",\"https:\\\/\\\/x.com\\\/starkemeinungen\"]},{\"@type\":\"Person\",\"@id\":\"https:\\\/\\\/starke-meinungen.de\\\/blog\\\/#\\\/schema\\\/person\\\/a03e0a730dd4d63894dcc16cdbaa6b64\",\"name\":\"Gastautor\",\"image\":{\"@type\":\"ImageObject\",\"inLanguage\":\"de\",\"@id\":\"https:\\\/\\\/secure.gravatar.com\\\/avatar\\\/8759fb61d9b27c08334d4e02d0a8ea6eb0fc0c3602cd7c3e58c0c89a6adba588?s=96&d=mm&r=g\",\"url\":\"https:\\\/\\\/secure.gravatar.com\\\/avatar\\\/8759fb61d9b27c08334d4e02d0a8ea6eb0fc0c3602cd7c3e58c0c89a6adba588?s=96&d=mm&r=g\",\"contentUrl\":\"https:\\\/\\\/secure.gravatar.com\\\/avatar\\\/8759fb61d9b27c08334d4e02d0a8ea6eb0fc0c3602cd7c3e58c0c89a6adba588?s=96&d=mm&r=g\",\"caption\":\"Gastautor\"},\"url\":\"https:\\\/\\\/starke-meinungen.de\\\/blog\\\/author\\\/gastautor\\\/\"}]}<\/script>\n<!-- \/ Yoast SEO plugin. -->","yoast_head_json":{"title":"Revolution oder Versklavung - starke-meinungen.de","robots":{"index":"index","follow":"follow","max-snippet":"max-snippet:-1","max-image-preview":"max-image-preview:large","max-video-preview":"max-video-preview:-1"},"canonical":"https:\/\/starke-meinungen.de\/blog\/2015\/11\/11\/revolution-oder-versklavung\/","og_locale":"de_DE","og_type":"article","og_title":"Revolution oder Versklavung - starke-meinungen.de","og_description":"Von Alexander G\u00f6rlach:\u00a0 Nun ist der Hyperlink dran: die Politik in Europa bedroht unsere Freiheit. Es wird Zeit, dagegen aufzustehen! Wenige Tage ist es her, seit der f\u00fcr die Digital-Wirtschaft zust\u00e4ndige EU-Kommissar Guenther Oettinger die Netzneutralit\u00e4t\u00a0beendete\u00a0und somit die gro\u00dfen Telekommunikations-Riesen zu den T\u00fcrstehern des bis dahin freien Internets machte. Von diesem Teil-Erfolg befl\u00fcgelt geht es weiter: der\u00a0Hyperlink als zentraler Baustein... Weiterlesen &raquo;","og_url":"https:\/\/starke-meinungen.de\/blog\/2015\/11\/11\/revolution-oder-versklavung\/","og_site_name":"starke-meinungen.de","article_publisher":"https:\/\/www.facebook.com\/starkemeinungen\/","article_published_time":"2015-11-11T22:15:20+00:00","article_modified_time":"2015-11-11T22:15:50+00:00","og_image":[{"width":1200,"height":630,"url":"https:\/\/starke-meinungen.de\/blog\/wp-content\/uploads\/starke-meinungen-fb-header.jpg","type":"image\/jpeg"}],"author":"Gastautor","twitter_card":"summary_large_image","twitter_creator":"@starkemeinungen","twitter_site":"@starkemeinungen","twitter_misc":{"Verfasst von":"Gastautor","Gesch\u00e4tzte Lesezeit":"5\u00a0Minuten"},"schema":{"@context":"https:\/\/schema.org","@graph":[{"@type":"Article","@id":"https:\/\/starke-meinungen.de\/blog\/2015\/11\/11\/revolution-oder-versklavung\/#article","isPartOf":{"@id":"https:\/\/starke-meinungen.de\/blog\/2015\/11\/11\/revolution-oder-versklavung\/"},"author":{"name":"Gastautor","@id":"https:\/\/starke-meinungen.de\/blog\/#\/schema\/person\/a03e0a730dd4d63894dcc16cdbaa6b64"},"headline":"Revolution oder Versklavung","datePublished":"2015-11-11T22:15:20+00:00","dateModified":"2015-11-11T22:15:50+00:00","mainEntityOfPage":{"@id":"https:\/\/starke-meinungen.de\/blog\/2015\/11\/11\/revolution-oder-versklavung\/"},"wordCount":968,"commentCount":1,"publisher":{"@id":"https:\/\/starke-meinungen.de\/blog\/#organization"},"keywords":["EU","Hyperling","Internet","Netzneutralit\u00e4t","Oettinger"],"articleSection":{"1":"Gastautor"},"inLanguage":"de","potentialAction":[{"@type":"CommentAction","name":"Comment","target":["https:\/\/starke-meinungen.de\/blog\/2015\/11\/11\/revolution-oder-versklavung\/#respond"]}]},{"@type":"WebPage","@id":"https:\/\/starke-meinungen.de\/blog\/2015\/11\/11\/revolution-oder-versklavung\/","url":"https:\/\/starke-meinungen.de\/blog\/2015\/11\/11\/revolution-oder-versklavung\/","name":"Revolution oder Versklavung - starke-meinungen.de","isPartOf":{"@id":"https:\/\/starke-meinungen.de\/blog\/#website"},"datePublished":"2015-11-11T22:15:20+00:00","dateModified":"2015-11-11T22:15:50+00:00","breadcrumb":{"@id":"https:\/\/starke-meinungen.de\/blog\/2015\/11\/11\/revolution-oder-versklavung\/#breadcrumb"},"inLanguage":"de","potentialAction":[{"@type":"ReadAction","target":["https:\/\/starke-meinungen.de\/blog\/2015\/11\/11\/revolution-oder-versklavung\/"]}]},{"@type":"BreadcrumbList","@id":"https:\/\/starke-meinungen.de\/blog\/2015\/11\/11\/revolution-oder-versklavung\/#breadcrumb","itemListElement":[{"@type":"ListItem","position":1,"name":"Startseite","item":"https:\/\/starke-meinungen.de\/blog\/"},{"@type":"ListItem","position":2,"name":"Revolution oder Versklavung"}]},{"@type":"WebSite","@id":"https:\/\/starke-meinungen.de\/blog\/#website","url":"https:\/\/starke-meinungen.de\/blog\/","name":"starke-meinungen.de","description":"Autoren-Blog","publisher":{"@id":"https:\/\/starke-meinungen.de\/blog\/#organization"},"potentialAction":[{"@type":"SearchAction","target":{"@type":"EntryPoint","urlTemplate":"https:\/\/starke-meinungen.de\/blog\/?s={search_term_string}"},"query-input":{"@type":"PropertyValueSpecification","valueRequired":true,"valueName":"search_term_string"}}],"inLanguage":"de"},{"@type":"Organization","@id":"https:\/\/starke-meinungen.de\/blog\/#organization","name":"starke-meinungen.de","url":"https:\/\/starke-meinungen.de\/blog\/","logo":{"@type":"ImageObject","inLanguage":"de","@id":"https:\/\/starke-meinungen.de\/blog\/#\/schema\/logo\/image\/","url":"https:\/\/starke-meinungen.de\/blog\/wp-content\/uploads\/starke-meinungen-fb-header.jpg","contentUrl":"https:\/\/starke-meinungen.de\/blog\/wp-content\/uploads\/starke-meinungen-fb-header.jpg","width":1200,"height":630,"caption":"starke-meinungen.de"},"image":{"@id":"https:\/\/starke-meinungen.de\/blog\/#\/schema\/logo\/image\/"},"sameAs":["https:\/\/www.facebook.com\/starkemeinungen\/","https:\/\/x.com\/starkemeinungen"]},{"@type":"Person","@id":"https:\/\/starke-meinungen.de\/blog\/#\/schema\/person\/a03e0a730dd4d63894dcc16cdbaa6b64","name":"Gastautor","image":{"@type":"ImageObject","inLanguage":"de","@id":"https:\/\/secure.gravatar.com\/avatar\/8759fb61d9b27c08334d4e02d0a8ea6eb0fc0c3602cd7c3e58c0c89a6adba588?s=96&d=mm&r=g","url":"https:\/\/secure.gravatar.com\/avatar\/8759fb61d9b27c08334d4e02d0a8ea6eb0fc0c3602cd7c3e58c0c89a6adba588?s=96&d=mm&r=g","contentUrl":"https:\/\/secure.gravatar.com\/avatar\/8759fb61d9b27c08334d4e02d0a8ea6eb0fc0c3602cd7c3e58c0c89a6adba588?s=96&d=mm&r=g","caption":"Gastautor"},"url":"https:\/\/starke-meinungen.de\/blog\/author\/gastautor\/"}]}},"_links":{"self":[{"href":"https:\/\/starke-meinungen.de\/blog\/wp-json\/wp\/v2\/posts\/5184","targetHints":{"allow":["GET"]}}],"collection":[{"href":"https:\/\/starke-meinungen.de\/blog\/wp-json\/wp\/v2\/posts"}],"about":[{"href":"https:\/\/starke-meinungen.de\/blog\/wp-json\/wp\/v2\/types\/post"}],"author":[{"embeddable":true,"href":"https:\/\/starke-meinungen.de\/blog\/wp-json\/wp\/v2\/users\/15"}],"replies":[{"embeddable":true,"href":"https:\/\/starke-meinungen.de\/blog\/wp-json\/wp\/v2\/comments?post=5184"}],"version-history":[{"count":4,"href":"https:\/\/starke-meinungen.de\/blog\/wp-json\/wp\/v2\/posts\/5184\/revisions"}],"predecessor-version":[{"id":5188,"href":"https:\/\/starke-meinungen.de\/blog\/wp-json\/wp\/v2\/posts\/5184\/revisions\/5188"}],"wp:attachment":[{"href":"https:\/\/starke-meinungen.de\/blog\/wp-json\/wp\/v2\/media?parent=5184"}],"wp:term":[{"taxonomy":"category","embeddable":true,"href":"https:\/\/starke-meinungen.de\/blog\/wp-json\/wp\/v2\/categories?post=5184"},{"taxonomy":"post_tag","embeddable":true,"href":"https:\/\/starke-meinungen.de\/blog\/wp-json\/wp\/v2\/tags?post=5184"}],"curies":[{"name":"wp","href":"https:\/\/api.w.org\/{rel}","templated":true}]}}