

{"id":5144,"date":"2015-11-03T19:05:26","date_gmt":"2015-11-03T19:05:26","guid":{"rendered":"https:\/\/starke-meinungen.de\/blog\/?p=5144"},"modified":"2015-11-05T08:44:22","modified_gmt":"2015-11-05T08:44:22","slug":"lasst-uns-in-wuerde-sterben","status":"publish","type":"post","link":"https:\/\/starke-meinungen.de\/blog\/2015\/11\/03\/lasst-uns-in-wuerde-sterben\/","title":{"rendered":"Lasst uns in W\u00fcrde sterben!"},"content":{"rendered":"<p>W\u00e4hrend die Fragen der existentiellen Humanit\u00e4t in den letzten Monaten vor allem am<br \/>\nFl\u00fcchtlingsthema \u00f6ffentlich abgehandelt werden , sind andere sozial Schwache und Leidende<br \/>\naus dem Blick geraten, wie Hunderttausende in Altenpflegeheimen und in Krankenh\u00e4usern,<br \/>\ndie schlecht gepflegt werden oder unheilbar krank sind und sterben wollen. Sie haben scheint es, keinerlei Lobby, au\u00dfer\u00a0 den mutigen Pfleger Klaus Fussek, der ein Buch ver\u00f6ffentlicht und die Missst\u00e4nde mit Verelendung, Verwahrlosung, ja sogar mit Massentierhaltung vergleicht, ein Schandfleck des Sozialstaates, des Gesundheitswesens .<br \/>\nIm Bundestag soll am Freitag durch ein neues Gesetz zur Sterbehilfe \u00fcber ihr Schicksal am Ende des Lebens entschieden werden, \u00fcber das \u00c4rztelobby und Kirchen -und Parteien streiten.Darf \u00fcberhaupt im Jahre 2015 die Regierung und das Parlament dar\u00fcber entscheiden, ob wir sterben d\u00fcrfen, wenn wir es wollen?<!--more--><\/p>\n<p>Gestern hat Bischof Huber im Tagesspiegel eine Seite lang seri\u00f6se Argumente aufgelistet, die dem<br \/>\nGesetzentwurf von Kerstin Giese (SPD) und Michael Brand(CDU) Recht geben, der wie das Radio meldet, auch von Kanzlerin Merkel unterst\u00fctzt wird. Das regt mich auf. Wie kann\u00a0 eine Riesenkoalition von Merkel, Oppermann, G\u00f6ring-Eckhart gest\u00fctzt von Kirchen und \u00c4rztegruppen sich anma\u00dfen, \u00fcber die Verl\u00e4ngerung meines Lebens im modernen Zweiklassenkrankenhaussystem zu entscheiden?Obwohl die Gewissensentscheidung von den Fraktionsspitzen freigegeben ist, wird nun \u00fcber die Medien, als seien sie Regierungsorgane Druck gemacht, dass dieser Antrag den liberaleren vorzuziehen sei. Zum Gl\u00fcck haben zwei Frauen, mit denen ich sonst nicht immer \u00fcbereinstimme, Petra Sitte von der Linkspartei und Renate K\u00fcnast von den Gr\u00fcnen einen Antrag eingebracht, auch Peter Hintze partei\u00fcbergreifend mit Karl Lauterbach, dem Willen und Wunsch derer, die sterben wollen, vorwiegend, wenn sie \u00e4lter als 70 oder 80 sind, Recht und W\u00fcrde zu geben , dem Freiheitsgedanken auch am Ende des Lebens Raum zu geben.<\/p>\n<p><strong>Auch in anderen Bereichen haben Regierung und Kirche und Berufsst\u00e4nde ja nicht die Macht und <\/strong><strong>das Recht die Freiheit des Einzelnen so stark einzuschr\u00e4nken in der modernen Gesellschaft<\/strong>, oder gesch\u00e4ftlichen Missbrauch von Bed\u00fcrfnissen in der Gesellschaft total einzuschr\u00e4nken. Die Gesellschaft k\u00f6nnte doch als reif und stark genug anerkannt werden, einem miesen Profitinteresse von Sterbehilfevereinen entgegenzuwirken. Sie setzt sich ja auch mit miesen Profitinteressen bei Alkoholmissbrauch, Pornografie oder -Prostitutionskonsum auseinander , die ja alle nicht mehr durch den Staat und Kirche von oben in den letzten Jahrzehnten verboten sind. Unter dem Tabu des Selbstmordes haben zu viele in der Geschichte leiden m\u00fcssen. Doch das Sterben wollen gegen Ende des Lebens, ist kein Selbstmord und ist keine Aufforderung zum T\u00f6ten oder der Hilfe zum T\u00f6ten, sondern oft der stille Schrei zur Hilfe zum Sterben. Es hat viel mit dem Wunsch nach einem w\u00fcrdigen Leben, einem w\u00fcrdigen Abschied, einem w\u00fcrdig gehen k\u00f6nnen zu tun . Der Wunsch nach Freiheit und Pers\u00f6nlichkeit sein k\u00f6nnen, im Kreise der Familie oder von Freundinnen sein zu k\u00f6nnen, statt in dem von Medizinapparaten oder Pflegern, mit denen man nicht mal mehr reden kann , soll\u00a0 durch Palliativmedizin beantwortet werden.Dies Versprechen kann von der Politik , \u00c4rzten und Kirchen kaum eingel\u00f6st werden\u00a0 in einer Zeit, wo das Gesundheitssystem\u00a0 die Patienten eher verwaltet und mit Fallpauschalen verschiebt, als ihnen mit einem Minimum und genug Menschlichkeit begegnet. Wieso dr\u00fccken sich Bischof und Merkel und G\u00f6ring Eckhart Oppermann und Kauder und Gr\u00f6he vor der Einsicht in das Dilemma der modernen Medizin, die ja eben teilweise das Leben unsinnig verl\u00e4ngert, statt zu einem guten Ende nach dem Wunsch des Patienten kommen zu lassen?<br \/>\nDas Leiden unter dem &#8222;Nicht Sterben d\u00fcrfen &#8222;, konnte ja\u00a0 noch keiner in Romanen beschreiben, da es einsam und oft ohne Sprache erlitten werden muss und ohne jede Patientenvertretung.Es ist ja gut, dass nun wenigstens f\u00fcr den Bereich der Hospize und der Palliativmedizin, die dringend mehr Finanzen brauchen, wie eine Studie der Bertelsmannstiftung zum Sterben in Krankenh\u00e4usern nachweist, Abhilfe geschafft werden soll. Doch wieso setzt man das nicht erst mal fl\u00e4chendeckend um und wieso wartet man nicht, bis\u00a0 erst mal das Pflegepersonal \u00fcberall erh\u00f6ht ist um die 50 000, die fehlen, statt nun das Gesetz zu Sterbehilfe zu versch\u00e4rfen?<br \/>\nAlle, die sterben wollen bei unheilbaren Krankheiten und die sich am Ende ihres Lebens f\u00fchlen, werden in ihrer Not und in ihren Anliegen, in ihrem Wunsch, w\u00fcrdig zu sterben dadurch nicht in ihrer Not, in ihrem Willen verstanden. Sie werden gefangen gehalten im Medizinsystem. Das Versprechen eines Arztes, der ja nicht ihr Freund oder Geliebter ist,&#8220; ich lasse sie nicht allein&#8220;, hilft ihnen nicht, verehrter Bischof Huber.Wieso sollen die, die im Kreise ihrer Lieben sterben wollen, durch Medizin, Wissenschaft, Kirche und Staat daran gehindert werden?<br \/>\n<strong>Wieso braucht es ein neues Gesetz, das dem freien Willensbildung und der Hilfe in der Not, derer, die sterben wollen, weil sie genug haben, schadet?<\/strong> <strong>Besser kein neues Gesetz, als ein schlechteres!<\/strong><\/p>\n<p>Besonders glaubw\u00fcrdig ist f\u00fcr mich die Argumentation von Petra Sitte f\u00fcr einen freiheitlicheren Umgang mit der Sterbehilfe. Denn sie\u00a0 hat erlebt , wie ihr Vater, der im sp\u00e4ten Stadium an Alzheimer litt nicht sterben durfte im modernen Pflege -und Krankenhausalltag. <strong>Es ist nicht nur die Angst, andern eine Last zu sein, wie viele behaupten, die f\u00fcr den Regierungsantrag stimmen wollen, nein es ist ein tiefes Bed\u00fcrfnis nach Freiheit und sinnvollem Leben, nach im Gespr\u00e4ch sein k\u00f6nnen mit andern, Abschied nehmen zu d\u00fcrfen.<\/strong>1986 bin ich nach einer Rede zur Tschernobyl katastrophe vom gr\u00fcnen Parteitag aus auf der Intensivstation aufgewacht.So wurde ich nicht nur in jungen Jahren pl\u00f6tzlich mit dem Thema Sterben und Tod konfrontiert, sondern mit der Angst davor, ein jahrelanger Pflegefall zu werden, noch schlimmer mit der Angst, jahrelang nicht sprechen und h\u00f6ren und Menschen begegnen zu k\u00f6nnen, mich auszudr\u00fccken ,zu danken, zu bitten, zu l\u00e4cheln, zu weinen, zu lachen. Ich h\u00e4tte im Koma landen k\u00f6nnen, meinte ein Arzt mir sagen zu m\u00fcssen, kaum dass ich verstanden hatte, was mir geschehen war.Seitdem denke ich \u00fcber Sterben im Krankenhaus, \u00fcber Pflege im Krankenhaus oder Altersheim viel nach, habe auch eine Tante in ihren Jahren mit Alzheimer erlebt. Von Freunden habe ich geh\u00f6rt, wie sie sich von ihren Liebsten nicht verabschieden konnten, weil diese\u00a0 an Maschinen gefesselt waren . Sie wollten als letzten Rest von Autonomie und sich f\u00fcr einen Abschied vom Leben entscheiden k\u00f6nnen, nicht mehr essen . Sie wollten lieber ein gutes Ende, als eines als Gefangener an Apparaten.<\/p>\n<p><strong> Es erscheint mir ein immer noch sehr autorit\u00e4res B\u00fcndnis von Kirche, Wissenschaft, \u00c4rzteschaft und Staat, wenn Sterbehilfe nicht mit Freiheit und W\u00fcrde, sondern nur mit dem Verdacht des Profitmachens verbunden wird.<\/strong> Ausgerechnet am Lebensende wird im Krankenhauswesen gegen profitorientierte Vereine gek\u00e4mpft auf Kosten derer, die mit guten Gr\u00fcnden nach einem langen Leben sterben wollen. Die Antr\u00e4ge zur Sterbehilfe von Petra Sitte und Renate K\u00fcnast, Peter Hintze und Lauterbach sehe ich als Versuch, sich vom autorit\u00e4ren B\u00fcndnis von Kirche und Staat , wie ich sie vom B\u00fcndnis gegen den Schwangerschaftsabbruch u.a. kenne, zu l\u00f6sen. Ich finde, wie in den meisten Bereichen unseres modernen Lebens soll auch beim Sterben der Freiheit des Einzelnen neben seiner Selbstverantwortung genug Raum gegeben werden und der Not entkommen werden, zum Leben &#8222;egal wie&#8220;\u00a0 autorit\u00e4r von oben gezwungen zu werden.Der Wunsch zu Sterben und dazu Hilfe zu erhalten von Schwerkranken, von unheilbar Kranken ,von denen, deren Leben erf\u00fcllt ihnen erf\u00fcllt scheint, sollte gew\u00fcrdigt und\u00a0 ernst genommen werden, sterben wollen, sollte nicht verdammt werden!<\/p>\n<p>Der Wunsch zu sterben ist nicht nur ein Ergebnis des Gef\u00fchls, dass man Familie und Gesellschaft nicht belasten will, wie Kirche und einige Antr\u00e4ge im Bundestag argumentieren. Nein, es gibt ein erf\u00fclltes Leben, es gibt auch ein nicht mehr tragbares Leben, es gibt eine Zeit zu sterben, die nicht allein von Kirche, Staat und Medizinapparat wie Wissenschaft , die \u00fcber die Individuen herrschen, bestimmt werden kann.<br \/>\n<strong>Da vertrete ich im Unterschied zu Bischof Huber, Pastorentochter Merkel, Pfarrfrau G\u00f6ring- Eckhart und Pfarrer Gauck eher eine Theologie der Freiheit und der W\u00fcrde des Individuums, die Einsicht in die Grenzen der Medizin und des Fortschritts und auch eine Theologie, wie sie in vielen alten Kirchenliedern vertreten wird: Es ist genug !<\/strong><\/p>\n<div class=\"shariff shariff-align-left shariff-widget-align-left shariff-buttonstretch\" style=\"display:none\"><ul class=\"shariff-buttons theme-white orientation-horizontal buttonsize-medium\"><li class=\"shariff-button facebook shariff-nocustomcolor\" style=\"background-color:#4273c8\"><a href=\"https:\/\/www.facebook.com\/sharer\/sharer.php?u=https%3A%2F%2Fstarke-meinungen.de%2Fblog%2F2015%2F11%2F03%2Flasst-uns-in-wuerde-sterben%2F\" title=\"Bei Facebook teilen\" aria-label=\"Bei Facebook teilen\" role=\"button\" rel=\"nofollow\" class=\"shariff-link\" style=\"; background-color:#3b5998; color:#3b5998\" target=\"_blank\"><span class=\"shariff-icon\" style=\"fill:#3b5998\"><svg width=\"32px\" height=\"20px\" xmlns=\"http:\/\/www.w3.org\/2000\/svg\" viewBox=\"0 0 18 32\"><path fill=\"#3b5998\" d=\"M17.1 0.2v4.7h-2.8q-1.5 0-2.1 0.6t-0.5 1.9v3.4h5.2l-0.7 5.3h-4.5v13.6h-5.5v-13.6h-4.5v-5.3h4.5v-3.9q0-3.3 1.9-5.2t5-1.8q2.6 0 4.1 0.2z\"\/><\/svg><\/span><span class=\"shariff-text\" style=\"color:#3b5998\">teilen<\/span>&nbsp;<\/a><\/li><li class=\"shariff-button twitter shariff-nocustomcolor\" style=\"background-color:#595959\"><a href=\"https:\/\/twitter.com\/share?url=https%3A%2F%2Fstarke-meinungen.de%2Fblog%2F2015%2F11%2F03%2Flasst-uns-in-wuerde-sterben%2F&text=Lasst%20uns%20in%20W%C3%BCrde%20sterben%21&via=starkemeinungen\" title=\"Bei X teilen\" aria-label=\"Bei X teilen\" role=\"button\" rel=\"noopener nofollow\" class=\"shariff-link\" style=\"; background-color:#000; color:#000\" target=\"_blank\"><span class=\"shariff-icon\" style=\"fill:#000\"><svg width=\"32px\" height=\"20px\" xmlns=\"http:\/\/www.w3.org\/2000\/svg\" viewBox=\"0 0 24 24\"><path fill=\"#000\" d=\"M14.258 10.152L23.176 0h-2.113l-7.747 8.813L7.133 0H0l9.352 13.328L0 23.973h2.113l8.176-9.309 6.531 9.309h7.133zm-2.895 3.293l-.949-1.328L2.875 1.56h3.246l6.086 8.523.945 1.328 7.91 11.078h-3.246zm0 0\"\/><\/svg><\/span><span class=\"shariff-text\" style=\"color:#000\">teilen<\/span>&nbsp;<\/a><\/li><li class=\"shariff-button linkedin shariff-nocustomcolor\" style=\"background-color:#1488bf\"><a href=\"https:\/\/www.linkedin.com\/sharing\/share-offsite\/?url=https%3A%2F%2Fstarke-meinungen.de%2Fblog%2F2015%2F11%2F03%2Flasst-uns-in-wuerde-sterben%2F\" title=\"Bei LinkedIn teilen\" aria-label=\"Bei LinkedIn teilen\" role=\"button\" rel=\"noopener nofollow\" class=\"shariff-link\" style=\"; background-color:#0077b5; color:#0077b5\" target=\"_blank\"><span class=\"shariff-icon\" style=\"fill:#0077b5\"><svg width=\"32px\" height=\"20px\" xmlns=\"http:\/\/www.w3.org\/2000\/svg\" viewBox=\"0 0 27 32\"><path fill=\"#0077b5\" d=\"M6.2 11.2v17.7h-5.9v-17.7h5.9zM6.6 5.7q0 1.3-0.9 2.2t-2.4 0.9h0q-1.5 0-2.4-0.9t-0.9-2.2 0.9-2.2 2.4-0.9 2.4 0.9 0.9 2.2zM27.4 18.7v10.1h-5.9v-9.5q0-1.9-0.7-2.9t-2.3-1.1q-1.1 0-1.9 0.6t-1.2 1.5q-0.2 0.5-0.2 1.4v9.9h-5.9q0-7.1 0-11.6t0-5.3l0-0.9h5.9v2.6h0q0.4-0.6 0.7-1t1-0.9 1.6-0.8 2-0.3q3 0 4.9 2t1.9 6z\"\/><\/svg><\/span><span class=\"shariff-text\" style=\"color:#0077b5\">teilen<\/span>&nbsp;<\/a><\/li><li class=\"shariff-button xing shariff-nocustomcolor\" style=\"background-color:#29888a\"><a href=\"https:\/\/www.xing.com\/spi\/shares\/new?url=https%3A%2F%2Fstarke-meinungen.de%2Fblog%2F2015%2F11%2F03%2Flasst-uns-in-wuerde-sterben%2F\" title=\"Bei XING teilen\" aria-label=\"Bei XING teilen\" role=\"button\" rel=\"noopener nofollow\" class=\"shariff-link\" style=\"; background-color:#126567; color:#126567\" target=\"_blank\"><span class=\"shariff-icon\" style=\"fill:#126567\"><svg width=\"32px\" height=\"20px\" xmlns=\"http:\/\/www.w3.org\/2000\/svg\" viewBox=\"0 0 25 32\"><path fill=\"#126567\" d=\"M10.7 11.9q-0.2 0.3-4.6 8.2-0.5 0.8-1.2 0.8h-4.3q-0.4 0-0.5-0.3t0-0.6l4.5-8q0 0 0 0l-2.9-5q-0.2-0.4 0-0.7 0.2-0.3 0.5-0.3h4.3q0.7 0 1.2 0.8zM25.1 0.4q0.2 0.3 0 0.7l-9.4 16.7 6 11q0.2 0.4 0 0.6-0.2 0.3-0.6 0.3h-4.3q-0.7 0-1.2-0.8l-6-11.1q0.3-0.6 9.5-16.8 0.4-0.8 1.2-0.8h4.3q0.4 0 0.5 0.3z\"\/><\/svg><\/span><span class=\"shariff-text\" style=\"color:#126567\">teilen<\/span>&nbsp;<\/a><\/li><li class=\"shariff-button whatsapp shariff-nocustomcolor\" style=\"background-color:#5cbe4a\"><a href=\"https:\/\/api.whatsapp.com\/send?text=https%3A%2F%2Fstarke-meinungen.de%2Fblog%2F2015%2F11%2F03%2Flasst-uns-in-wuerde-sterben%2F%20Lasst%20uns%20in%20W%C3%BCrde%20sterben%21\" title=\"Bei Whatsapp teilen\" aria-label=\"Bei Whatsapp teilen\" role=\"button\" rel=\"noopener nofollow\" class=\"shariff-link\" style=\"; background-color:#34af23; color:#34af23\" target=\"_blank\"><span class=\"shariff-icon\" style=\"fill:#34af23\"><svg width=\"32px\" height=\"20px\" xmlns=\"http:\/\/www.w3.org\/2000\/svg\" viewBox=\"0 0 32 32\"><path fill=\"#34af23\" d=\"M17.6 17.4q0.2 0 1.7 0.8t1.6 0.9q0 0.1 0 0.3 0 0.6-0.3 1.4-0.3 0.7-1.3 1.2t-1.8 0.5q-1 0-3.4-1.1-1.7-0.8-3-2.1t-2.6-3.3q-1.3-1.9-1.3-3.5v-0.1q0.1-1.6 1.3-2.8 0.4-0.4 0.9-0.4 0.1 0 0.3 0t0.3 0q0.3 0 0.5 0.1t0.3 0.5q0.1 0.4 0.6 1.6t0.4 1.3q0 0.4-0.6 1t-0.6 0.8q0 0.1 0.1 0.3 0.6 1.3 1.8 2.4 1 0.9 2.7 1.8 0.2 0.1 0.4 0.1 0.3 0 1-0.9t0.9-0.9zM14 26.9q2.3 0 4.3-0.9t3.6-2.4 2.4-3.6 0.9-4.3-0.9-4.3-2.4-3.6-3.6-2.4-4.3-0.9-4.3 0.9-3.6 2.4-2.4 3.6-0.9 4.3q0 3.6 2.1 6.6l-1.4 4.2 4.3-1.4q2.8 1.9 6.2 1.9zM14 2.2q2.7 0 5.2 1.1t4.3 2.9 2.9 4.3 1.1 5.2-1.1 5.2-2.9 4.3-4.3 2.9-5.2 1.1q-3.5 0-6.5-1.7l-7.4 2.4 2.4-7.2q-1.9-3.2-1.9-6.9 0-2.7 1.1-5.2t2.9-4.3 4.3-2.9 5.2-1.1z\"\/><\/svg><\/span><span class=\"shariff-text\" style=\"color:#34af23\">teilen<\/span>&nbsp;<\/a><\/li><li class=\"shariff-button info shariff-nocustomcolor\" style=\"background-color:#a8a8a8\"><a href=\"http:\/\/ct.de\/-2467514\" title=\"Weitere Informationen\" aria-label=\"Weitere Informationen\" role=\"button\" rel=\"noopener \" class=\"shariff-link\" style=\"; background-color:#999; color:#999\" target=\"_blank\"><span class=\"shariff-icon\" style=\"fill:#999\"><svg width=\"32px\" height=\"20px\" xmlns=\"http:\/\/www.w3.org\/2000\/svg\" viewBox=\"0 0 11 32\"><path fill=\"#999\" d=\"M11.4 24v2.3q0 0.5-0.3 0.8t-0.8 0.4h-9.1q-0.5 0-0.8-0.4t-0.4-0.8v-2.3q0-0.5 0.4-0.8t0.8-0.4h1.1v-6.8h-1.1q-0.5 0-0.8-0.4t-0.4-0.8v-2.3q0-0.5 0.4-0.8t0.8-0.4h6.8q0.5 0 0.8 0.4t0.4 0.8v10.3h1.1q0.5 0 0.8 0.4t0.3 0.8zM9.2 3.4v3.4q0 0.5-0.4 0.8t-0.8 0.4h-4.6q-0.4 0-0.8-0.4t-0.4-0.8v-3.4q0-0.4 0.4-0.8t0.8-0.4h4.6q0.5 0 0.8 0.4t0.4 0.8z\"\/><\/svg><\/span><\/a><\/li><\/ul><\/div>","protected":false},"excerpt":{"rendered":"<p>W\u00e4hrend die Fragen der existentiellen Humanit\u00e4t in den letzten Monaten vor allem am Fl\u00fcchtlingsthema \u00f6ffentlich abgehandelt werden , sind andere sozial Schwache und Leidende aus dem Blick geraten, wie Hunderttausende in Altenpflegeheimen und in Krankenh\u00e4usern, die schlecht gepflegt werden oder unheilbar krank sind und sterben wollen. Sie haben scheint es, keinerlei Lobby, au\u00dfer\u00a0 den mutigen Pfleger Klaus Fussek, der ein&#8230; <a href=\"https:\/\/starke-meinungen.de\/blog\/2015\/11\/03\/lasst-uns-in-wuerde-sterben\/\">Weiterlesen &raquo;<\/a><\/p>\n","protected":false},"author":22,"featured_media":0,"comment_status":"open","ping_status":"open","sticky":false,"template":"","format":"standard","meta":{"footnotes":""},"categories":[1,2498],"tags":[1094,372,517,2502,828,8,199],"class_list":["post-5144","post","type-post","status-publish","format-standard","hentry","category-allgemein","category-eva-quistorp","tag-bundesprasident","tag-bundestag","tag-freiheit","tag-individuum","tag-kirche","tag-merkel","tag-religion"],"yoast_head":"<!-- This site is optimized with the Yoast SEO plugin v27.5 - https:\/\/yoast.com\/product\/yoast-seo-wordpress\/ -->\n<title>Lasst uns in W\u00fcrde sterben! - starke-meinungen.de<\/title>\n<meta name=\"robots\" content=\"index, follow, max-snippet:-1, max-image-preview:large, max-video-preview:-1\" \/>\n<link rel=\"canonical\" href=\"https:\/\/starke-meinungen.de\/blog\/2015\/11\/03\/lasst-uns-in-wuerde-sterben\/\" \/>\n<meta property=\"og:locale\" content=\"de_DE\" \/>\n<meta property=\"og:type\" content=\"article\" \/>\n<meta property=\"og:title\" content=\"Lasst uns in W\u00fcrde sterben! - starke-meinungen.de\" \/>\n<meta property=\"og:description\" content=\"W\u00e4hrend die Fragen der existentiellen Humanit\u00e4t in den letzten Monaten vor allem am Fl\u00fcchtlingsthema \u00f6ffentlich abgehandelt werden , sind andere sozial Schwache und Leidende aus dem Blick geraten, wie Hunderttausende in Altenpflegeheimen und in Krankenh\u00e4usern, die schlecht gepflegt werden oder unheilbar krank sind und sterben wollen. Sie haben scheint es, keinerlei Lobby, au\u00dfer\u00a0 den mutigen Pfleger Klaus Fussek, der ein... Weiterlesen &raquo;\" \/>\n<meta property=\"og:url\" content=\"https:\/\/starke-meinungen.de\/blog\/2015\/11\/03\/lasst-uns-in-wuerde-sterben\/\" \/>\n<meta property=\"og:site_name\" content=\"starke-meinungen.de\" \/>\n<meta property=\"article:publisher\" content=\"https:\/\/www.facebook.com\/starkemeinungen\/\" \/>\n<meta property=\"article:published_time\" content=\"2015-11-03T19:05:26+00:00\" \/>\n<meta property=\"article:modified_time\" content=\"2015-11-05T08:44:22+00:00\" \/>\n<meta property=\"og:image\" content=\"https:\/\/starke-meinungen.de\/blog\/wp-content\/uploads\/starke-meinungen-fb-header.jpg\" \/>\n\t<meta property=\"og:image:width\" content=\"1200\" \/>\n\t<meta property=\"og:image:height\" content=\"630\" \/>\n\t<meta property=\"og:image:type\" content=\"image\/jpeg\" \/>\n<meta name=\"author\" content=\"Eva Quistorp\" \/>\n<meta name=\"twitter:card\" content=\"summary_large_image\" \/>\n<meta name=\"twitter:creator\" content=\"@starkemeinungen\" \/>\n<meta name=\"twitter:site\" content=\"@starkemeinungen\" \/>\n<meta name=\"twitter:label1\" content=\"Verfasst von\" \/>\n\t<meta name=\"twitter:data1\" content=\"Eva Quistorp\" \/>\n\t<meta name=\"twitter:label2\" content=\"Gesch\u00e4tzte Lesezeit\" \/>\n\t<meta name=\"twitter:data2\" content=\"7\u00a0Minuten\" \/>\n<script type=\"application\/ld+json\" class=\"yoast-schema-graph\">{\"@context\":\"https:\\\/\\\/schema.org\",\"@graph\":[{\"@type\":\"Article\",\"@id\":\"https:\\\/\\\/starke-meinungen.de\\\/blog\\\/2015\\\/11\\\/03\\\/lasst-uns-in-wuerde-sterben\\\/#article\",\"isPartOf\":{\"@id\":\"https:\\\/\\\/starke-meinungen.de\\\/blog\\\/2015\\\/11\\\/03\\\/lasst-uns-in-wuerde-sterben\\\/\"},\"author\":{\"name\":\"Eva Quistorp\",\"@id\":\"https:\\\/\\\/starke-meinungen.de\\\/blog\\\/#\\\/schema\\\/person\\\/3208cf1ae8bc5943d5c8a12107fd55e7\"},\"headline\":\"Lasst uns in W\u00fcrde sterben!\",\"datePublished\":\"2015-11-03T19:05:26+00:00\",\"dateModified\":\"2015-11-05T08:44:22+00:00\",\"mainEntityOfPage\":{\"@id\":\"https:\\\/\\\/starke-meinungen.de\\\/blog\\\/2015\\\/11\\\/03\\\/lasst-uns-in-wuerde-sterben\\\/\"},\"wordCount\":1388,\"commentCount\":3,\"publisher\":{\"@id\":\"https:\\\/\\\/starke-meinungen.de\\\/blog\\\/#organization\"},\"keywords\":[\"Bundespr\u00e4sident\",\"Bundestag\",\"Freiheit\",\"Individuum\",\"Kirche\",\"Merkel\",\"Religion\"],\"articleSection\":{\"1\":\"Eva Quistorp\"},\"inLanguage\":\"de\",\"potentialAction\":[{\"@type\":\"CommentAction\",\"name\":\"Comment\",\"target\":[\"https:\\\/\\\/starke-meinungen.de\\\/blog\\\/2015\\\/11\\\/03\\\/lasst-uns-in-wuerde-sterben\\\/#respond\"]}]},{\"@type\":\"WebPage\",\"@id\":\"https:\\\/\\\/starke-meinungen.de\\\/blog\\\/2015\\\/11\\\/03\\\/lasst-uns-in-wuerde-sterben\\\/\",\"url\":\"https:\\\/\\\/starke-meinungen.de\\\/blog\\\/2015\\\/11\\\/03\\\/lasst-uns-in-wuerde-sterben\\\/\",\"name\":\"Lasst uns in W\u00fcrde sterben! - starke-meinungen.de\",\"isPartOf\":{\"@id\":\"https:\\\/\\\/starke-meinungen.de\\\/blog\\\/#website\"},\"datePublished\":\"2015-11-03T19:05:26+00:00\",\"dateModified\":\"2015-11-05T08:44:22+00:00\",\"breadcrumb\":{\"@id\":\"https:\\\/\\\/starke-meinungen.de\\\/blog\\\/2015\\\/11\\\/03\\\/lasst-uns-in-wuerde-sterben\\\/#breadcrumb\"},\"inLanguage\":\"de\",\"potentialAction\":[{\"@type\":\"ReadAction\",\"target\":[\"https:\\\/\\\/starke-meinungen.de\\\/blog\\\/2015\\\/11\\\/03\\\/lasst-uns-in-wuerde-sterben\\\/\"]}]},{\"@type\":\"BreadcrumbList\",\"@id\":\"https:\\\/\\\/starke-meinungen.de\\\/blog\\\/2015\\\/11\\\/03\\\/lasst-uns-in-wuerde-sterben\\\/#breadcrumb\",\"itemListElement\":[{\"@type\":\"ListItem\",\"position\":1,\"name\":\"Startseite\",\"item\":\"https:\\\/\\\/starke-meinungen.de\\\/blog\\\/\"},{\"@type\":\"ListItem\",\"position\":2,\"name\":\"Lasst uns in W\u00fcrde sterben!\"}]},{\"@type\":\"WebSite\",\"@id\":\"https:\\\/\\\/starke-meinungen.de\\\/blog\\\/#website\",\"url\":\"https:\\\/\\\/starke-meinungen.de\\\/blog\\\/\",\"name\":\"starke-meinungen.de\",\"description\":\"Autoren-Blog\",\"publisher\":{\"@id\":\"https:\\\/\\\/starke-meinungen.de\\\/blog\\\/#organization\"},\"potentialAction\":[{\"@type\":\"SearchAction\",\"target\":{\"@type\":\"EntryPoint\",\"urlTemplate\":\"https:\\\/\\\/starke-meinungen.de\\\/blog\\\/?s={search_term_string}\"},\"query-input\":{\"@type\":\"PropertyValueSpecification\",\"valueRequired\":true,\"valueName\":\"search_term_string\"}}],\"inLanguage\":\"de\"},{\"@type\":\"Organization\",\"@id\":\"https:\\\/\\\/starke-meinungen.de\\\/blog\\\/#organization\",\"name\":\"starke-meinungen.de\",\"url\":\"https:\\\/\\\/starke-meinungen.de\\\/blog\\\/\",\"logo\":{\"@type\":\"ImageObject\",\"inLanguage\":\"de\",\"@id\":\"https:\\\/\\\/starke-meinungen.de\\\/blog\\\/#\\\/schema\\\/logo\\\/image\\\/\",\"url\":\"https:\\\/\\\/starke-meinungen.de\\\/blog\\\/wp-content\\\/uploads\\\/starke-meinungen-fb-header.jpg\",\"contentUrl\":\"https:\\\/\\\/starke-meinungen.de\\\/blog\\\/wp-content\\\/uploads\\\/starke-meinungen-fb-header.jpg\",\"width\":1200,\"height\":630,\"caption\":\"starke-meinungen.de\"},\"image\":{\"@id\":\"https:\\\/\\\/starke-meinungen.de\\\/blog\\\/#\\\/schema\\\/logo\\\/image\\\/\"},\"sameAs\":[\"https:\\\/\\\/www.facebook.com\\\/starkemeinungen\\\/\",\"https:\\\/\\\/x.com\\\/starkemeinungen\"]},{\"@type\":\"Person\",\"@id\":\"https:\\\/\\\/starke-meinungen.de\\\/blog\\\/#\\\/schema\\\/person\\\/3208cf1ae8bc5943d5c8a12107fd55e7\",\"name\":\"Eva Quistorp\",\"image\":{\"@type\":\"ImageObject\",\"inLanguage\":\"de\",\"@id\":\"https:\\\/\\\/secure.gravatar.com\\\/avatar\\\/90c10fde256573af3dbb823635c4b569b9dfc14fdfa48aee8f48c1c3638ac509?s=96&d=mm&r=g\",\"url\":\"https:\\\/\\\/secure.gravatar.com\\\/avatar\\\/90c10fde256573af3dbb823635c4b569b9dfc14fdfa48aee8f48c1c3638ac509?s=96&d=mm&r=g\",\"contentUrl\":\"https:\\\/\\\/secure.gravatar.com\\\/avatar\\\/90c10fde256573af3dbb823635c4b569b9dfc14fdfa48aee8f48c1c3638ac509?s=96&d=mm&r=g\",\"caption\":\"Eva Quistorp\"},\"url\":\"https:\\\/\\\/starke-meinungen.de\\\/blog\\\/author\\\/quistorp\\\/\"}]}<\/script>\n<!-- \/ Yoast SEO plugin. -->","yoast_head_json":{"title":"Lasst uns in W\u00fcrde sterben! - starke-meinungen.de","robots":{"index":"index","follow":"follow","max-snippet":"max-snippet:-1","max-image-preview":"max-image-preview:large","max-video-preview":"max-video-preview:-1"},"canonical":"https:\/\/starke-meinungen.de\/blog\/2015\/11\/03\/lasst-uns-in-wuerde-sterben\/","og_locale":"de_DE","og_type":"article","og_title":"Lasst uns in W\u00fcrde sterben! - starke-meinungen.de","og_description":"W\u00e4hrend die Fragen der existentiellen Humanit\u00e4t in den letzten Monaten vor allem am Fl\u00fcchtlingsthema \u00f6ffentlich abgehandelt werden , sind andere sozial Schwache und Leidende aus dem Blick geraten, wie Hunderttausende in Altenpflegeheimen und in Krankenh\u00e4usern, die schlecht gepflegt werden oder unheilbar krank sind und sterben wollen. Sie haben scheint es, keinerlei Lobby, au\u00dfer\u00a0 den mutigen Pfleger Klaus Fussek, der ein... Weiterlesen &raquo;","og_url":"https:\/\/starke-meinungen.de\/blog\/2015\/11\/03\/lasst-uns-in-wuerde-sterben\/","og_site_name":"starke-meinungen.de","article_publisher":"https:\/\/www.facebook.com\/starkemeinungen\/","article_published_time":"2015-11-03T19:05:26+00:00","article_modified_time":"2015-11-05T08:44:22+00:00","og_image":[{"width":1200,"height":630,"url":"https:\/\/starke-meinungen.de\/blog\/wp-content\/uploads\/starke-meinungen-fb-header.jpg","type":"image\/jpeg"}],"author":"Eva Quistorp","twitter_card":"summary_large_image","twitter_creator":"@starkemeinungen","twitter_site":"@starkemeinungen","twitter_misc":{"Verfasst von":"Eva Quistorp","Gesch\u00e4tzte Lesezeit":"7\u00a0Minuten"},"schema":{"@context":"https:\/\/schema.org","@graph":[{"@type":"Article","@id":"https:\/\/starke-meinungen.de\/blog\/2015\/11\/03\/lasst-uns-in-wuerde-sterben\/#article","isPartOf":{"@id":"https:\/\/starke-meinungen.de\/blog\/2015\/11\/03\/lasst-uns-in-wuerde-sterben\/"},"author":{"name":"Eva Quistorp","@id":"https:\/\/starke-meinungen.de\/blog\/#\/schema\/person\/3208cf1ae8bc5943d5c8a12107fd55e7"},"headline":"Lasst uns in W\u00fcrde sterben!","datePublished":"2015-11-03T19:05:26+00:00","dateModified":"2015-11-05T08:44:22+00:00","mainEntityOfPage":{"@id":"https:\/\/starke-meinungen.de\/blog\/2015\/11\/03\/lasst-uns-in-wuerde-sterben\/"},"wordCount":1388,"commentCount":3,"publisher":{"@id":"https:\/\/starke-meinungen.de\/blog\/#organization"},"keywords":["Bundespr\u00e4sident","Bundestag","Freiheit","Individuum","Kirche","Merkel","Religion"],"articleSection":{"1":"Eva Quistorp"},"inLanguage":"de","potentialAction":[{"@type":"CommentAction","name":"Comment","target":["https:\/\/starke-meinungen.de\/blog\/2015\/11\/03\/lasst-uns-in-wuerde-sterben\/#respond"]}]},{"@type":"WebPage","@id":"https:\/\/starke-meinungen.de\/blog\/2015\/11\/03\/lasst-uns-in-wuerde-sterben\/","url":"https:\/\/starke-meinungen.de\/blog\/2015\/11\/03\/lasst-uns-in-wuerde-sterben\/","name":"Lasst uns in W\u00fcrde sterben! - starke-meinungen.de","isPartOf":{"@id":"https:\/\/starke-meinungen.de\/blog\/#website"},"datePublished":"2015-11-03T19:05:26+00:00","dateModified":"2015-11-05T08:44:22+00:00","breadcrumb":{"@id":"https:\/\/starke-meinungen.de\/blog\/2015\/11\/03\/lasst-uns-in-wuerde-sterben\/#breadcrumb"},"inLanguage":"de","potentialAction":[{"@type":"ReadAction","target":["https:\/\/starke-meinungen.de\/blog\/2015\/11\/03\/lasst-uns-in-wuerde-sterben\/"]}]},{"@type":"BreadcrumbList","@id":"https:\/\/starke-meinungen.de\/blog\/2015\/11\/03\/lasst-uns-in-wuerde-sterben\/#breadcrumb","itemListElement":[{"@type":"ListItem","position":1,"name":"Startseite","item":"https:\/\/starke-meinungen.de\/blog\/"},{"@type":"ListItem","position":2,"name":"Lasst uns in W\u00fcrde sterben!"}]},{"@type":"WebSite","@id":"https:\/\/starke-meinungen.de\/blog\/#website","url":"https:\/\/starke-meinungen.de\/blog\/","name":"starke-meinungen.de","description":"Autoren-Blog","publisher":{"@id":"https:\/\/starke-meinungen.de\/blog\/#organization"},"potentialAction":[{"@type":"SearchAction","target":{"@type":"EntryPoint","urlTemplate":"https:\/\/starke-meinungen.de\/blog\/?s={search_term_string}"},"query-input":{"@type":"PropertyValueSpecification","valueRequired":true,"valueName":"search_term_string"}}],"inLanguage":"de"},{"@type":"Organization","@id":"https:\/\/starke-meinungen.de\/blog\/#organization","name":"starke-meinungen.de","url":"https:\/\/starke-meinungen.de\/blog\/","logo":{"@type":"ImageObject","inLanguage":"de","@id":"https:\/\/starke-meinungen.de\/blog\/#\/schema\/logo\/image\/","url":"https:\/\/starke-meinungen.de\/blog\/wp-content\/uploads\/starke-meinungen-fb-header.jpg","contentUrl":"https:\/\/starke-meinungen.de\/blog\/wp-content\/uploads\/starke-meinungen-fb-header.jpg","width":1200,"height":630,"caption":"starke-meinungen.de"},"image":{"@id":"https:\/\/starke-meinungen.de\/blog\/#\/schema\/logo\/image\/"},"sameAs":["https:\/\/www.facebook.com\/starkemeinungen\/","https:\/\/x.com\/starkemeinungen"]},{"@type":"Person","@id":"https:\/\/starke-meinungen.de\/blog\/#\/schema\/person\/3208cf1ae8bc5943d5c8a12107fd55e7","name":"Eva Quistorp","image":{"@type":"ImageObject","inLanguage":"de","@id":"https:\/\/secure.gravatar.com\/avatar\/90c10fde256573af3dbb823635c4b569b9dfc14fdfa48aee8f48c1c3638ac509?s=96&d=mm&r=g","url":"https:\/\/secure.gravatar.com\/avatar\/90c10fde256573af3dbb823635c4b569b9dfc14fdfa48aee8f48c1c3638ac509?s=96&d=mm&r=g","contentUrl":"https:\/\/secure.gravatar.com\/avatar\/90c10fde256573af3dbb823635c4b569b9dfc14fdfa48aee8f48c1c3638ac509?s=96&d=mm&r=g","caption":"Eva Quistorp"},"url":"https:\/\/starke-meinungen.de\/blog\/author\/quistorp\/"}]}},"_links":{"self":[{"href":"https:\/\/starke-meinungen.de\/blog\/wp-json\/wp\/v2\/posts\/5144","targetHints":{"allow":["GET"]}}],"collection":[{"href":"https:\/\/starke-meinungen.de\/blog\/wp-json\/wp\/v2\/posts"}],"about":[{"href":"https:\/\/starke-meinungen.de\/blog\/wp-json\/wp\/v2\/types\/post"}],"author":[{"embeddable":true,"href":"https:\/\/starke-meinungen.de\/blog\/wp-json\/wp\/v2\/users\/22"}],"replies":[{"embeddable":true,"href":"https:\/\/starke-meinungen.de\/blog\/wp-json\/wp\/v2\/comments?post=5144"}],"version-history":[{"count":8,"href":"https:\/\/starke-meinungen.de\/blog\/wp-json\/wp\/v2\/posts\/5144\/revisions"}],"predecessor-version":[{"id":5157,"href":"https:\/\/starke-meinungen.de\/blog\/wp-json\/wp\/v2\/posts\/5144\/revisions\/5157"}],"wp:attachment":[{"href":"https:\/\/starke-meinungen.de\/blog\/wp-json\/wp\/v2\/media?parent=5144"}],"wp:term":[{"taxonomy":"category","embeddable":true,"href":"https:\/\/starke-meinungen.de\/blog\/wp-json\/wp\/v2\/categories?post=5144"},{"taxonomy":"post_tag","embeddable":true,"href":"https:\/\/starke-meinungen.de\/blog\/wp-json\/wp\/v2\/tags?post=5144"}],"curies":[{"name":"wp","href":"https:\/\/api.w.org\/{rel}","templated":true}]}}