

{"id":5110,"date":"2015-10-28T09:40:39","date_gmt":"2015-10-28T09:40:39","guid":{"rendered":"https:\/\/starke-meinungen.de\/blog\/?p=5110"},"modified":"2015-10-28T11:01:48","modified_gmt":"2015-10-28T11:01:48","slug":"wie-jakob-augstein-die-demokratie-zerstoert","status":"publish","type":"post","link":"https:\/\/starke-meinungen.de\/blog\/2015\/10\/28\/wie-jakob-augstein-die-demokratie-zerstoert\/","title":{"rendered":"Wie Jakob Augstein die Demokratie zerst\u00f6rt"},"content":{"rendered":"<p>In der <a title=\"emp\u00f6rten Republik\" href=\"http:\/\/www.rowohlt.de\/e-book\/alan-posener-die-empoerte-republik-rowohlt-e-book-only.html\" target=\"_blank\">emp\u00f6rten Republik<\/a> arbeiten Ideologen von links und rechts flei\u00dfig an der Demontage der Demokratie.<br \/>\nDie Rechten behaupten, uns fehle es am v\u00f6lkischen Selbstbehauptungswillen; die von einer linksgr\u00fcn versifften Politmafia kontrollierte Regierung besorge die Selbstabschaffung Deutschlands und die Islamisierung des Abendlands. In erwartbaren Nuancen anders, im Kern aber \u00e4hnlich klingt die Anklage, die Jakob Augstein nun von links <a title=\"erhebt\" href=\"http:\/\/www.spiegel.de\/politik\/deutschland\/gewalt-gegen-fluechtlinge-der-faschismus-lebt-kolumne-a-1059574.html\" target=\"_blank\">erhebt<\/a>.<\/p>\n<p><!--more--><\/p>\n<p><strong>Faschisierung statt Islamisierung?<\/strong><br \/>\nLaut Augstein steht der Faschismus vor der T\u00fcr: \u201eWir sehen gerade, wie ein St\u00fcck dieser Geschichte lebendig wird: der Faschismus. Nichts anderes ist es, wenn Entt\u00e4uschung, L\u00fcge, Hass und Gewalt zu Politik werden: Faschismus.\u201c Das ist nat\u00fcrlich Quatsch. Der Faschismus ist eine Staatsform mit einer ausgefeilten Ideologie, wird von starken politischen Organisationen und gesellschaftlichen Kr\u00e4ften getragen. L\u00fcge, Hass und Gewalt sind auch Kennzeichen anderer politischer Systeme, zum Beispiel des Kommunismus, des Putinismus, des s\u00fcdamerikanischen Caudillo-Systems \u00e0 la Hugo Chavez, der arabischen Diktaturen und des radikalen Islamismus, um nur die zu nennen, die mir auf Anhieb einfallen. Aber egal.<br \/>\nEgal, weil es auch Augstein egal ist. Der Faschismus steht eben, wenn man ihm folgt, nicht deshalb vor der T\u00fcr, weil der braune Mob kurz davor stehe, die Macht zu \u00fcbernehmen, was ja auch eine absurde Behauptung w\u00e4re. Und auch nicht, weil die Mitte der Gesellschaft unter dem Druck dieses Mobs nach rechts rutscht, wie es etwa Liane Bednarz und Christoph Giesa behaupten, was nicht absurd ist, aber ein wenig alarmistisch. Der Faschismus steht vor der T\u00fcr, weil der \u201eNeoliberalismus\u201c die Demokratie zerst\u00f6re.<\/p>\n<p><strong>Was dem Rechten der Islamismus, ist dem Linken der Neoliberalismus<\/strong><br \/>\nIn Augsteins Gedankenwelt nimmt der \u201eNeoliberalismus\u201c etwa die Stellung ein, die bei seinen rechten Cousins im Geist der Islam einnimmt. Er ist eine uns wesensfremde Kraft, die unsere Werte zerst\u00f6rt. \u201eDas ist das Wesen unserer neoliberalen Variante von Demokratie: Sie erkennt im Menschen nur den Homo oeconomicus und entkleidet ansonsten alle Begriffe ihres Inhalts. W\u00fcrde, Freiheit, Gerechtigkeit \u2013 das bedeutet alles etwas anderes. Oder nichts.\u201c Und: \u201eEs ist ein System, das alle nicht \u00f6konomischen Werte negiert, das alles \u00d6ffentliche ver\u00e4chtlich macht, das die Intellektuellen nicht braucht und den B\u00fcrger als Citoyen nicht sch\u00e4tzt.\u201c Der Neoliberalismus sei \u201eeine totalit\u00e4re Ideologie\u201c.<br \/>\nWenn man Augstein folgen soll, so demonstrieren die Pegida-Leute, so brennen die Asylbewerberheime, so gewinnen der organisierte Rechtsextremismus und der gerade noch salonf\u00e4hige Rechtspopulismus nicht deshalb an Boden, weil geschickte Demagogen und flei\u00dfige Organisatoren \u00c4ngste streuen, menschenfeindliche Ideologeme liefern und konsequent das Vokabular der politischen Auseinandersetzung verrohen und radikalisieren; sondern weil zehn Millionen Deutsche Opfer des Neoliberalismus geworden seien. \u201eEs sind die Leute, die die Pakete packen, die in der Auslieferung arbeiten, die H\u00e4user und Z\u00fcge reinigen, in den Superm\u00e4rkten die Regale f\u00fcllen und an der Kasse sitzen. Sie arbeiten vierzig, f\u00fcnfzig Stunden die Woche und haben daf\u00fcr 900 Euro, vielleicht 1100 in der Tasche. In Deutschland sind das zw\u00f6lf bis f\u00fcnfzehn Prozent der Erwerbst\u00e4tigen, f\u00fcnf, sechs Millionen Menschen.\u201c Hinzu k\u00e4men vier Millionen, die \u201esich ihres \u201aprek\u00e4ren Wohlstands\u2019 nicht recht freuen k\u00f6nnen, weil sie ihn dauernd gef\u00e4hrdet wissen. Noch einmal zehn Prozent.\u201c<br \/>\nF\u00fcr diese Menschen seien die Fl\u00fcchtlinge \u201enicht nur eine ausgedachte Bedrohung sondern eine reale \u2013 ein Reservearmee, stets bereit, sie zu ersetzen.\u201c<\/p>\n<p><strong>Rinks und Lechts vereint gegen das Kapital<\/strong><br \/>\nWomit die Kritik von links sich aufs sch\u00f6nste vereint mit der Kritik von rechts: Dass deutsche Menschen durch Fl\u00fcchtlinge \u201eersetzt\u201c werden sollen, das ist ja gerade ein zentrales Element der rechtsextremen Propaganda, die ja auch seit jeher wei\u00df, wo die Betreiber dieses Austauschs sitzen: Es sind die \u201eKapitalisten von der US-Ostk\u00fcste\u201c, die \u201eBilderberg-Verschw\u00f6rer\u201c, \u201eRothschild und Co.\u201c Die Kritik am \u201eNeoliberalismus\u201c ist nur die linke Variante dieses uralten antisemitischen Topos, und es ist kein Wunder, dass Augstein ausgerechnet Wendy Brown zur Hauptzeugin seiner Anklage erhebt, die Lebensgef\u00e4hrtin der antizionistischen Aktivistin Judith Butler. Da schlie\u00dft sich noch ein <a title=\"Kreis\" href=\"http:\/\/flatworld.welt.de\/2013\/01\/02\/ist-jakob-augstein-ein-linker-antisemit\/#more-1460\" target=\"_blank\">Kreis<\/a>.<\/p>\n<p>Um es klar zu sagen: Dass Menschen im unteren Dienstleistungsbereich unterbezahlt sind, wird kaum jemand bestreiten. Das hat freilich wenig mit einem nebul\u00f6sen \u201eNeoliberalismus\u201c zu tun als mit der Struktur der modernen Arbeitswelt. Als langj\u00e4hriges Mitglied der Gewerkschaft ver.di wei\u00df ich, wie schwierig die Organisierung dieses zersplitterten Sektors ist, anders als etwa das Industrieproletariat oder kleine, aber schlagkr\u00e4ftige Gruppen wie Lokf\u00fchrer oder Piloten. Es ist leicht, als reicher Erbe \u00fcber den \u201eNeoliberalismus\u201c zu wettern. Es ist schwer, in einer postindustriellen Gesellschaft f\u00fcr Arbeitnehmerrechte zu streiten. Ich wette, Augstein ist nicht einmal Gewerkschaftsmitglied. Ich wette, er wei\u00df nicht einmal, wie die Putzfrauen bei seinem \u201eFreitag\u201c hei\u00dfen. Ich bin sicher, sie verdienen dort auch nicht mehr als den Tariflohn.<br \/>\nHinzu kommt, dass gerade in diesem Bereich ein Gro\u00dfteil der Arbeitskr\u00e4fte bereits einen \u201eMigrationshintergrund\u201c hat. Es sind ja seit jeher die Zuwanderer, die unsere Drecksarbeit machen. Und die sind bestimmt nicht bei Pegida und Co. dabei.<\/p>\n<p><strong>Das Elend des Marxismus<\/strong><br \/>\nMan kann \u00fcbrigens diese Besch\u00e4ftigungsverh\u00e4ltnisse kritisieren; man kann aber auch darauf hinweisen, dass sie f\u00fcr Millionen Menschen, gerade f\u00fcr Zuwanderer ohne ausreichende Qualifikation, f\u00fcr Frauen, f\u00fcr junge Leute, die ihre Ausbildung abgebrochen haben usw. eine Einstiegsm\u00f6glichkeit in die Arbeitswelt und damit in den wichtigsten Bereich der Gesellschaft bieten, die von der geschlossenen Gesellschaft der industriellen Gro\u00dfbetriebe nicht geboten wurde und wird, und die keine ABM-Ma\u00dfnahmen ersetzen k\u00f6nnen.<br \/>\nOhne jeglichen Beweis zu behaupten, ausgerechnet diese Schicht liefere den Hauptbestandteil des braunen Mobs und der Rechtsw\u00e4hler, das ist diffamierend und demagogisch. Aber selbst wenn es stimmen w\u00fcrde, so w\u00e4re zu fragen: Warum w\u00e4hlen diese Leute nicht links? Warum demonstrieren sie nicht f\u00fcr gewerkschaftliche Rechte und den Mindestlohn? Warum laufen sie rechtsextremen Rattenf\u00e4ngern hinterher? <em>(Kleiner Hinweis f\u00fcr Rechtsemp\u00f6rte unter den LeserInnen: Im bekannten M\u00e4rchen rannten die Kinder der Stadt Hameln dem Rattenf\u00e4nger hinterher. Wer Verf\u00fchrer als &#8222;Rattenf\u00e4nger&#8220; bezeichnet, beleidigt mithin deren Gefolge nicht als &#8222;Ungeziefer&#8220;,\u00a0 sondern zweifelt allenfalls ihre geistige M\u00fcndigkeit im Kant&#8217;schen Sinne an.)<\/em><br \/>\nAugstein meint, wir w\u00fcrden den Zusammenhang zwischen neoliberaler Verelendung und neonazistischen Umtrieben nicht erkennen, weil \u201ewir das Denken in sozio\u00f6konomischen Begriffen verlernt haben. Oder es nicht wagen.\u201c (Vermutlich weil \u201ewir\u201c dann von der \u201eL\u00fcgenpresse\u201c fertig gemacht w\u00fcrden?)<\/p>\n<p>Aber das \u201eDenken in sozio\u00f6konomischen Begriffen\u201c (sprich Marxismus) kann nicht erkl\u00e4ren, warum sich die Deutschen nach der Wirtschaftskrise 1929ff Kommunisten und Nationalsozialisten zugewendet haben, die Amerikaner aber 1932 den linksliberalen Franklin D. Roosevelt und die Briten 1931 mit gewaltiger Mehrheit die Konservative Partei gew\u00e4hlt haben, obwohl die Auswirkungen der Krise in allen drei L\u00e4ndern \u00e4hnlich waren. Es hat eben sehr viel mehr mit der geistigen Haltung der Eliten, der politischen Klasse, der Gewerkschaften und Kirchen, der Kleinb\u00fcrger und Arbeiter zu tun als mit \u201esozio\u00f6konomischen Kategorien\u201c. In Deutschland fand sich 1933 weder in der Elite noch im Volk eine Mehrheit f\u00fcr die Verteidigung der kapitalistischen Demokratie, jener Regierungsform, die laut Winston Churchill \u201edie schlechteste aller Regierungsformen\u201c sei \u201eau\u00dfer allen anderen, die gelegentlich ausprobiert worden sind.\u201c Und hier machten sich besonders die Intellektuellen schuldig, die mehrheitlich der Weimarer Demokratie die Legitimation versagten und sich bald \u2013 wie der mit dem Kommunismus sympathisierende Bertolt Brecht etwa oder der mit Ideen der Konservativen Revolution spielende Thomas Mann \u2013 gemeinsam im Exil wiederfanden.<\/p>\n<p><strong>Augstein verniedlicht den Totalitarismus<\/strong><br \/>\nMit seiner Behauptung, der \u201eNeoliberalismus\u201c sei \u201eeine totalit\u00e4re Ideologie\u201c (was einer Verniedlichung der tats\u00e4chlich totalit\u00e4ren Ideologien des Kommunismus, Nationalsozialismus, Faschismus du Islamismus gleichkommt), seiner Unterstellung, schon jetzt w\u00fcrden in der demokratischen Bundesrepublik die Werte unserer Verfassung \u201enichts bedeuten\u201c, der Mensch ohnehin nichts, tr\u00e4gt Augstein eben zu jener Zersetzung der Demokratie bei, die zu beklagen er vorgibt.<br \/>\nWas aber w\u00e4re die Alternative? Dazu hat sich Augstein, wenn auch indirekt, auch schon ge\u00e4u\u00dfert. Und es verwundert nicht, dass er auch <a title=\"hier\" href=\"https:\/\/starke-meinungen.de\/blog\/2013\/12\/24\/ein-nachtrag-jakob-augstein-kann-sich-gar-nicht-richtig-freuen\/\" target=\"_blank\">hier<\/a> den Pegida-Leuten \u2013 \u201ePutin, hilf!\u201c n\u00e4her steht als den Demokraten im Land.<\/p>\n<div class=\"shariff shariff-align-left shariff-widget-align-left shariff-buttonstretch\" style=\"display:none\"><ul class=\"shariff-buttons theme-white orientation-horizontal buttonsize-medium\"><li class=\"shariff-button facebook shariff-nocustomcolor\" style=\"background-color:#4273c8\"><a href=\"https:\/\/www.facebook.com\/sharer\/sharer.php?u=https%3A%2F%2Fstarke-meinungen.de%2Fblog%2F2015%2F10%2F28%2Fwie-jakob-augstein-die-demokratie-zerstoert%2F\" title=\"Bei Facebook teilen\" aria-label=\"Bei Facebook teilen\" role=\"button\" rel=\"nofollow\" class=\"shariff-link\" style=\"; background-color:#3b5998; color:#3b5998\" target=\"_blank\"><span class=\"shariff-icon\" style=\"fill:#3b5998\"><svg width=\"32px\" height=\"20px\" xmlns=\"http:\/\/www.w3.org\/2000\/svg\" viewBox=\"0 0 18 32\"><path fill=\"#3b5998\" d=\"M17.1 0.2v4.7h-2.8q-1.5 0-2.1 0.6t-0.5 1.9v3.4h5.2l-0.7 5.3h-4.5v13.6h-5.5v-13.6h-4.5v-5.3h4.5v-3.9q0-3.3 1.9-5.2t5-1.8q2.6 0 4.1 0.2z\"\/><\/svg><\/span><span class=\"shariff-text\" style=\"color:#3b5998\">teilen<\/span>&nbsp;<\/a><\/li><li class=\"shariff-button twitter shariff-nocustomcolor\" style=\"background-color:#595959\"><a href=\"https:\/\/twitter.com\/share?url=https%3A%2F%2Fstarke-meinungen.de%2Fblog%2F2015%2F10%2F28%2Fwie-jakob-augstein-die-demokratie-zerstoert%2F&text=Wie%20Jakob%20Augstein%20die%20Demokratie%20zerst%C3%B6rt&via=starkemeinungen\" title=\"Bei X teilen\" aria-label=\"Bei X teilen\" role=\"button\" rel=\"noopener nofollow\" class=\"shariff-link\" style=\"; background-color:#000; color:#000\" target=\"_blank\"><span class=\"shariff-icon\" style=\"fill:#000\"><svg width=\"32px\" height=\"20px\" xmlns=\"http:\/\/www.w3.org\/2000\/svg\" viewBox=\"0 0 24 24\"><path fill=\"#000\" d=\"M14.258 10.152L23.176 0h-2.113l-7.747 8.813L7.133 0H0l9.352 13.328L0 23.973h2.113l8.176-9.309 6.531 9.309h7.133zm-2.895 3.293l-.949-1.328L2.875 1.56h3.246l6.086 8.523.945 1.328 7.91 11.078h-3.246zm0 0\"\/><\/svg><\/span><span class=\"shariff-text\" style=\"color:#000\">teilen<\/span>&nbsp;<\/a><\/li><li class=\"shariff-button linkedin shariff-nocustomcolor\" style=\"background-color:#1488bf\"><a href=\"https:\/\/www.linkedin.com\/sharing\/share-offsite\/?url=https%3A%2F%2Fstarke-meinungen.de%2Fblog%2F2015%2F10%2F28%2Fwie-jakob-augstein-die-demokratie-zerstoert%2F\" title=\"Bei LinkedIn teilen\" aria-label=\"Bei LinkedIn teilen\" role=\"button\" rel=\"noopener nofollow\" class=\"shariff-link\" style=\"; background-color:#0077b5; color:#0077b5\" target=\"_blank\"><span class=\"shariff-icon\" style=\"fill:#0077b5\"><svg width=\"32px\" height=\"20px\" xmlns=\"http:\/\/www.w3.org\/2000\/svg\" viewBox=\"0 0 27 32\"><path fill=\"#0077b5\" d=\"M6.2 11.2v17.7h-5.9v-17.7h5.9zM6.6 5.7q0 1.3-0.9 2.2t-2.4 0.9h0q-1.5 0-2.4-0.9t-0.9-2.2 0.9-2.2 2.4-0.9 2.4 0.9 0.9 2.2zM27.4 18.7v10.1h-5.9v-9.5q0-1.9-0.7-2.9t-2.3-1.1q-1.1 0-1.9 0.6t-1.2 1.5q-0.2 0.5-0.2 1.4v9.9h-5.9q0-7.1 0-11.6t0-5.3l0-0.9h5.9v2.6h0q0.4-0.6 0.7-1t1-0.9 1.6-0.8 2-0.3q3 0 4.9 2t1.9 6z\"\/><\/svg><\/span><span class=\"shariff-text\" style=\"color:#0077b5\">teilen<\/span>&nbsp;<\/a><\/li><li class=\"shariff-button xing shariff-nocustomcolor\" style=\"background-color:#29888a\"><a href=\"https:\/\/www.xing.com\/spi\/shares\/new?url=https%3A%2F%2Fstarke-meinungen.de%2Fblog%2F2015%2F10%2F28%2Fwie-jakob-augstein-die-demokratie-zerstoert%2F\" title=\"Bei XING teilen\" aria-label=\"Bei XING teilen\" role=\"button\" rel=\"noopener nofollow\" class=\"shariff-link\" style=\"; background-color:#126567; color:#126567\" target=\"_blank\"><span class=\"shariff-icon\" style=\"fill:#126567\"><svg width=\"32px\" height=\"20px\" xmlns=\"http:\/\/www.w3.org\/2000\/svg\" viewBox=\"0 0 25 32\"><path fill=\"#126567\" d=\"M10.7 11.9q-0.2 0.3-4.6 8.2-0.5 0.8-1.2 0.8h-4.3q-0.4 0-0.5-0.3t0-0.6l4.5-8q0 0 0 0l-2.9-5q-0.2-0.4 0-0.7 0.2-0.3 0.5-0.3h4.3q0.7 0 1.2 0.8zM25.1 0.4q0.2 0.3 0 0.7l-9.4 16.7 6 11q0.2 0.4 0 0.6-0.2 0.3-0.6 0.3h-4.3q-0.7 0-1.2-0.8l-6-11.1q0.3-0.6 9.5-16.8 0.4-0.8 1.2-0.8h4.3q0.4 0 0.5 0.3z\"\/><\/svg><\/span><span class=\"shariff-text\" style=\"color:#126567\">teilen<\/span>&nbsp;<\/a><\/li><li class=\"shariff-button whatsapp shariff-nocustomcolor\" style=\"background-color:#5cbe4a\"><a href=\"https:\/\/api.whatsapp.com\/send?text=https%3A%2F%2Fstarke-meinungen.de%2Fblog%2F2015%2F10%2F28%2Fwie-jakob-augstein-die-demokratie-zerstoert%2F%20Wie%20Jakob%20Augstein%20die%20Demokratie%20zerst%C3%B6rt\" title=\"Bei Whatsapp teilen\" aria-label=\"Bei Whatsapp teilen\" role=\"button\" rel=\"noopener nofollow\" class=\"shariff-link\" style=\"; background-color:#34af23; color:#34af23\" target=\"_blank\"><span class=\"shariff-icon\" style=\"fill:#34af23\"><svg width=\"32px\" height=\"20px\" xmlns=\"http:\/\/www.w3.org\/2000\/svg\" viewBox=\"0 0 32 32\"><path fill=\"#34af23\" d=\"M17.6 17.4q0.2 0 1.7 0.8t1.6 0.9q0 0.1 0 0.3 0 0.6-0.3 1.4-0.3 0.7-1.3 1.2t-1.8 0.5q-1 0-3.4-1.1-1.7-0.8-3-2.1t-2.6-3.3q-1.3-1.9-1.3-3.5v-0.1q0.1-1.6 1.3-2.8 0.4-0.4 0.9-0.4 0.1 0 0.3 0t0.3 0q0.3 0 0.5 0.1t0.3 0.5q0.1 0.4 0.6 1.6t0.4 1.3q0 0.4-0.6 1t-0.6 0.8q0 0.1 0.1 0.3 0.6 1.3 1.8 2.4 1 0.9 2.7 1.8 0.2 0.1 0.4 0.1 0.3 0 1-0.9t0.9-0.9zM14 26.9q2.3 0 4.3-0.9t3.6-2.4 2.4-3.6 0.9-4.3-0.9-4.3-2.4-3.6-3.6-2.4-4.3-0.9-4.3 0.9-3.6 2.4-2.4 3.6-0.9 4.3q0 3.6 2.1 6.6l-1.4 4.2 4.3-1.4q2.8 1.9 6.2 1.9zM14 2.2q2.7 0 5.2 1.1t4.3 2.9 2.9 4.3 1.1 5.2-1.1 5.2-2.9 4.3-4.3 2.9-5.2 1.1q-3.5 0-6.5-1.7l-7.4 2.4 2.4-7.2q-1.9-3.2-1.9-6.9 0-2.7 1.1-5.2t2.9-4.3 4.3-2.9 5.2-1.1z\"\/><\/svg><\/span><span class=\"shariff-text\" style=\"color:#34af23\">teilen<\/span>&nbsp;<\/a><\/li><li class=\"shariff-button info shariff-nocustomcolor\" style=\"background-color:#a8a8a8\"><a href=\"http:\/\/ct.de\/-2467514\" title=\"Weitere Informationen\" aria-label=\"Weitere Informationen\" role=\"button\" rel=\"noopener \" class=\"shariff-link\" style=\"; background-color:#999; color:#999\" target=\"_blank\"><span class=\"shariff-icon\" style=\"fill:#999\"><svg width=\"32px\" height=\"20px\" xmlns=\"http:\/\/www.w3.org\/2000\/svg\" viewBox=\"0 0 11 32\"><path fill=\"#999\" d=\"M11.4 24v2.3q0 0.5-0.3 0.8t-0.8 0.4h-9.1q-0.5 0-0.8-0.4t-0.4-0.8v-2.3q0-0.5 0.4-0.8t0.8-0.4h1.1v-6.8h-1.1q-0.5 0-0.8-0.4t-0.4-0.8v-2.3q0-0.5 0.4-0.8t0.8-0.4h6.8q0.5 0 0.8 0.4t0.4 0.8v10.3h1.1q0.5 0 0.8 0.4t0.3 0.8zM9.2 3.4v3.4q0 0.5-0.4 0.8t-0.8 0.4h-4.6q-0.4 0-0.8-0.4t-0.4-0.8v-3.4q0-0.4 0.4-0.8t0.8-0.4h4.6q0.5 0 0.8 0.4t0.4 0.8z\"\/><\/svg><\/span><\/a><\/li><\/ul><\/div>","protected":false},"excerpt":{"rendered":"<p>In der emp\u00f6rten Republik arbeiten Ideologen von links und rechts flei\u00dfig an der Demontage der Demokratie. Die Rechten behaupten, uns fehle es am v\u00f6lkischen Selbstbehauptungswillen; die von einer linksgr\u00fcn versifften Politmafia kontrollierte Regierung besorge die Selbstabschaffung Deutschlands und die Islamisierung des Abendlands. In erwartbaren Nuancen anders, im Kern aber \u00e4hnlich klingt die Anklage, die Jakob Augstein nun von links erhebt.<\/p>\n","protected":false},"author":13,"featured_media":0,"comment_status":"open","ping_status":"open","sticky":false,"template":"","format":"standard","meta":{"footnotes":""},"categories":[209,1],"tags":[224,688,2173,1835,2362],"class_list":["post-5110","post","type-post","status-publish","format-standard","hentry","category-alan-posener","category-allgemein","tag-demokratie","tag-faschismus","tag-jakob-augstein","tag-neoliberalismus","tag-pegida"],"yoast_head":"<!-- This site is optimized with the Yoast SEO plugin v27.4 - https:\/\/yoast.com\/product\/yoast-seo-wordpress\/ -->\n<title>Wie Jakob Augstein die Demokratie zerst\u00f6rt - starke-meinungen.de<\/title>\n<meta name=\"robots\" content=\"index, follow, max-snippet:-1, max-image-preview:large, max-video-preview:-1\" \/>\n<link rel=\"canonical\" href=\"https:\/\/starke-meinungen.de\/blog\/2015\/10\/28\/wie-jakob-augstein-die-demokratie-zerstoert\/\" \/>\n<meta property=\"og:locale\" content=\"de_DE\" \/>\n<meta property=\"og:type\" content=\"article\" \/>\n<meta property=\"og:title\" content=\"Wie Jakob Augstein die Demokratie zerst\u00f6rt - starke-meinungen.de\" \/>\n<meta property=\"og:description\" content=\"In der emp\u00f6rten Republik arbeiten Ideologen von links und rechts flei\u00dfig an der Demontage der Demokratie. Die Rechten behaupten, uns fehle es am v\u00f6lkischen Selbstbehauptungswillen; die von einer linksgr\u00fcn versifften Politmafia kontrollierte Regierung besorge die Selbstabschaffung Deutschlands und die Islamisierung des Abendlands. In erwartbaren Nuancen anders, im Kern aber \u00e4hnlich klingt die Anklage, die Jakob Augstein nun von links erhebt.\" \/>\n<meta property=\"og:url\" content=\"https:\/\/starke-meinungen.de\/blog\/2015\/10\/28\/wie-jakob-augstein-die-demokratie-zerstoert\/\" \/>\n<meta property=\"og:site_name\" content=\"starke-meinungen.de\" \/>\n<meta property=\"article:publisher\" content=\"https:\/\/www.facebook.com\/starkemeinungen\/\" \/>\n<meta property=\"article:published_time\" content=\"2015-10-28T09:40:39+00:00\" \/>\n<meta property=\"article:modified_time\" content=\"2015-10-28T11:01:48+00:00\" \/>\n<meta property=\"og:image\" content=\"https:\/\/starke-meinungen.de\/blog\/wp-content\/uploads\/starke-meinungen-fb-header.jpg\" \/>\n\t<meta property=\"og:image:width\" content=\"1200\" \/>\n\t<meta property=\"og:image:height\" content=\"630\" \/>\n\t<meta property=\"og:image:type\" content=\"image\/jpeg\" \/>\n<meta name=\"author\" content=\"Alan Posener\" \/>\n<meta name=\"twitter:card\" content=\"summary_large_image\" \/>\n<meta name=\"twitter:creator\" content=\"@starkemeinungen\" \/>\n<meta name=\"twitter:site\" content=\"@starkemeinungen\" \/>\n<meta name=\"twitter:label1\" content=\"Verfasst von\" \/>\n\t<meta name=\"twitter:data1\" content=\"Alan Posener\" \/>\n\t<meta name=\"twitter:label2\" content=\"Gesch\u00e4tzte Lesezeit\" \/>\n\t<meta name=\"twitter:data2\" content=\"7\u00a0Minuten\" \/>\n<script type=\"application\/ld+json\" class=\"yoast-schema-graph\">{\"@context\":\"https:\\\/\\\/schema.org\",\"@graph\":[{\"@type\":\"Article\",\"@id\":\"https:\\\/\\\/starke-meinungen.de\\\/blog\\\/2015\\\/10\\\/28\\\/wie-jakob-augstein-die-demokratie-zerstoert\\\/#article\",\"isPartOf\":{\"@id\":\"https:\\\/\\\/starke-meinungen.de\\\/blog\\\/2015\\\/10\\\/28\\\/wie-jakob-augstein-die-demokratie-zerstoert\\\/\"},\"author\":{\"name\":\"Alan Posener\",\"@id\":\"https:\\\/\\\/starke-meinungen.de\\\/blog\\\/#\\\/schema\\\/person\\\/32d0faef7c31a37c1c89be993d7a6d28\"},\"headline\":\"Wie Jakob Augstein die Demokratie zerst\u00f6rt\",\"datePublished\":\"2015-10-28T09:40:39+00:00\",\"dateModified\":\"2015-10-28T11:01:48+00:00\",\"mainEntityOfPage\":{\"@id\":\"https:\\\/\\\/starke-meinungen.de\\\/blog\\\/2015\\\/10\\\/28\\\/wie-jakob-augstein-die-demokratie-zerstoert\\\/\"},\"wordCount\":1336,\"commentCount\":56,\"publisher\":{\"@id\":\"https:\\\/\\\/starke-meinungen.de\\\/blog\\\/#organization\"},\"keywords\":[\"Demokratie\",\"Faschismus\",\"Jakob Augstein\",\"Neoliberalismus\",\"Pegida\"],\"articleSection\":[\"Alan Posener\"],\"inLanguage\":\"de\",\"potentialAction\":[{\"@type\":\"CommentAction\",\"name\":\"Comment\",\"target\":[\"https:\\\/\\\/starke-meinungen.de\\\/blog\\\/2015\\\/10\\\/28\\\/wie-jakob-augstein-die-demokratie-zerstoert\\\/#respond\"]}]},{\"@type\":\"WebPage\",\"@id\":\"https:\\\/\\\/starke-meinungen.de\\\/blog\\\/2015\\\/10\\\/28\\\/wie-jakob-augstein-die-demokratie-zerstoert\\\/\",\"url\":\"https:\\\/\\\/starke-meinungen.de\\\/blog\\\/2015\\\/10\\\/28\\\/wie-jakob-augstein-die-demokratie-zerstoert\\\/\",\"name\":\"Wie Jakob Augstein die Demokratie zerst\u00f6rt - starke-meinungen.de\",\"isPartOf\":{\"@id\":\"https:\\\/\\\/starke-meinungen.de\\\/blog\\\/#website\"},\"datePublished\":\"2015-10-28T09:40:39+00:00\",\"dateModified\":\"2015-10-28T11:01:48+00:00\",\"breadcrumb\":{\"@id\":\"https:\\\/\\\/starke-meinungen.de\\\/blog\\\/2015\\\/10\\\/28\\\/wie-jakob-augstein-die-demokratie-zerstoert\\\/#breadcrumb\"},\"inLanguage\":\"de\",\"potentialAction\":[{\"@type\":\"ReadAction\",\"target\":[\"https:\\\/\\\/starke-meinungen.de\\\/blog\\\/2015\\\/10\\\/28\\\/wie-jakob-augstein-die-demokratie-zerstoert\\\/\"]}]},{\"@type\":\"BreadcrumbList\",\"@id\":\"https:\\\/\\\/starke-meinungen.de\\\/blog\\\/2015\\\/10\\\/28\\\/wie-jakob-augstein-die-demokratie-zerstoert\\\/#breadcrumb\",\"itemListElement\":[{\"@type\":\"ListItem\",\"position\":1,\"name\":\"Startseite\",\"item\":\"https:\\\/\\\/starke-meinungen.de\\\/blog\\\/\"},{\"@type\":\"ListItem\",\"position\":2,\"name\":\"Wie Jakob Augstein die Demokratie zerst\u00f6rt\"}]},{\"@type\":\"WebSite\",\"@id\":\"https:\\\/\\\/starke-meinungen.de\\\/blog\\\/#website\",\"url\":\"https:\\\/\\\/starke-meinungen.de\\\/blog\\\/\",\"name\":\"starke-meinungen.de\",\"description\":\"Autoren-Blog\",\"publisher\":{\"@id\":\"https:\\\/\\\/starke-meinungen.de\\\/blog\\\/#organization\"},\"potentialAction\":[{\"@type\":\"SearchAction\",\"target\":{\"@type\":\"EntryPoint\",\"urlTemplate\":\"https:\\\/\\\/starke-meinungen.de\\\/blog\\\/?s={search_term_string}\"},\"query-input\":{\"@type\":\"PropertyValueSpecification\",\"valueRequired\":true,\"valueName\":\"search_term_string\"}}],\"inLanguage\":\"de\"},{\"@type\":\"Organization\",\"@id\":\"https:\\\/\\\/starke-meinungen.de\\\/blog\\\/#organization\",\"name\":\"starke-meinungen.de\",\"url\":\"https:\\\/\\\/starke-meinungen.de\\\/blog\\\/\",\"logo\":{\"@type\":\"ImageObject\",\"inLanguage\":\"de\",\"@id\":\"https:\\\/\\\/starke-meinungen.de\\\/blog\\\/#\\\/schema\\\/logo\\\/image\\\/\",\"url\":\"https:\\\/\\\/starke-meinungen.de\\\/blog\\\/wp-content\\\/uploads\\\/starke-meinungen-fb-header.jpg\",\"contentUrl\":\"https:\\\/\\\/starke-meinungen.de\\\/blog\\\/wp-content\\\/uploads\\\/starke-meinungen-fb-header.jpg\",\"width\":1200,\"height\":630,\"caption\":\"starke-meinungen.de\"},\"image\":{\"@id\":\"https:\\\/\\\/starke-meinungen.de\\\/blog\\\/#\\\/schema\\\/logo\\\/image\\\/\"},\"sameAs\":[\"https:\\\/\\\/www.facebook.com\\\/starkemeinungen\\\/\",\"https:\\\/\\\/x.com\\\/starkemeinungen\"]},{\"@type\":\"Person\",\"@id\":\"https:\\\/\\\/starke-meinungen.de\\\/blog\\\/#\\\/schema\\\/person\\\/32d0faef7c31a37c1c89be993d7a6d28\",\"name\":\"Alan Posener\",\"image\":{\"@type\":\"ImageObject\",\"inLanguage\":\"de\",\"@id\":\"https:\\\/\\\/secure.gravatar.com\\\/avatar\\\/c75c8818a9ab78c4faa75048dba7844e2587998cda4d93f84e7d86f7e21a9b90?s=96&d=mm&r=g\",\"url\":\"https:\\\/\\\/secure.gravatar.com\\\/avatar\\\/c75c8818a9ab78c4faa75048dba7844e2587998cda4d93f84e7d86f7e21a9b90?s=96&d=mm&r=g\",\"contentUrl\":\"https:\\\/\\\/secure.gravatar.com\\\/avatar\\\/c75c8818a9ab78c4faa75048dba7844e2587998cda4d93f84e7d86f7e21a9b90?s=96&d=mm&r=g\",\"caption\":\"Alan Posener\"},\"url\":\"https:\\\/\\\/starke-meinungen.de\\\/blog\\\/author\\\/posener\\\/\"}]}<\/script>\n<!-- \/ Yoast SEO plugin. -->","yoast_head_json":{"title":"Wie Jakob Augstein die Demokratie zerst\u00f6rt - starke-meinungen.de","robots":{"index":"index","follow":"follow","max-snippet":"max-snippet:-1","max-image-preview":"max-image-preview:large","max-video-preview":"max-video-preview:-1"},"canonical":"https:\/\/starke-meinungen.de\/blog\/2015\/10\/28\/wie-jakob-augstein-die-demokratie-zerstoert\/","og_locale":"de_DE","og_type":"article","og_title":"Wie Jakob Augstein die Demokratie zerst\u00f6rt - starke-meinungen.de","og_description":"In der emp\u00f6rten Republik arbeiten Ideologen von links und rechts flei\u00dfig an der Demontage der Demokratie. Die Rechten behaupten, uns fehle es am v\u00f6lkischen Selbstbehauptungswillen; die von einer linksgr\u00fcn versifften Politmafia kontrollierte Regierung besorge die Selbstabschaffung Deutschlands und die Islamisierung des Abendlands. In erwartbaren Nuancen anders, im Kern aber \u00e4hnlich klingt die Anklage, die Jakob Augstein nun von links erhebt.","og_url":"https:\/\/starke-meinungen.de\/blog\/2015\/10\/28\/wie-jakob-augstein-die-demokratie-zerstoert\/","og_site_name":"starke-meinungen.de","article_publisher":"https:\/\/www.facebook.com\/starkemeinungen\/","article_published_time":"2015-10-28T09:40:39+00:00","article_modified_time":"2015-10-28T11:01:48+00:00","og_image":[{"width":1200,"height":630,"url":"https:\/\/starke-meinungen.de\/blog\/wp-content\/uploads\/starke-meinungen-fb-header.jpg","type":"image\/jpeg"}],"author":"Alan Posener","twitter_card":"summary_large_image","twitter_creator":"@starkemeinungen","twitter_site":"@starkemeinungen","twitter_misc":{"Verfasst von":"Alan Posener","Gesch\u00e4tzte Lesezeit":"7\u00a0Minuten"},"schema":{"@context":"https:\/\/schema.org","@graph":[{"@type":"Article","@id":"https:\/\/starke-meinungen.de\/blog\/2015\/10\/28\/wie-jakob-augstein-die-demokratie-zerstoert\/#article","isPartOf":{"@id":"https:\/\/starke-meinungen.de\/blog\/2015\/10\/28\/wie-jakob-augstein-die-demokratie-zerstoert\/"},"author":{"name":"Alan Posener","@id":"https:\/\/starke-meinungen.de\/blog\/#\/schema\/person\/32d0faef7c31a37c1c89be993d7a6d28"},"headline":"Wie Jakob Augstein die Demokratie zerst\u00f6rt","datePublished":"2015-10-28T09:40:39+00:00","dateModified":"2015-10-28T11:01:48+00:00","mainEntityOfPage":{"@id":"https:\/\/starke-meinungen.de\/blog\/2015\/10\/28\/wie-jakob-augstein-die-demokratie-zerstoert\/"},"wordCount":1336,"commentCount":56,"publisher":{"@id":"https:\/\/starke-meinungen.de\/blog\/#organization"},"keywords":["Demokratie","Faschismus","Jakob Augstein","Neoliberalismus","Pegida"],"articleSection":["Alan Posener"],"inLanguage":"de","potentialAction":[{"@type":"CommentAction","name":"Comment","target":["https:\/\/starke-meinungen.de\/blog\/2015\/10\/28\/wie-jakob-augstein-die-demokratie-zerstoert\/#respond"]}]},{"@type":"WebPage","@id":"https:\/\/starke-meinungen.de\/blog\/2015\/10\/28\/wie-jakob-augstein-die-demokratie-zerstoert\/","url":"https:\/\/starke-meinungen.de\/blog\/2015\/10\/28\/wie-jakob-augstein-die-demokratie-zerstoert\/","name":"Wie Jakob Augstein die Demokratie zerst\u00f6rt - starke-meinungen.de","isPartOf":{"@id":"https:\/\/starke-meinungen.de\/blog\/#website"},"datePublished":"2015-10-28T09:40:39+00:00","dateModified":"2015-10-28T11:01:48+00:00","breadcrumb":{"@id":"https:\/\/starke-meinungen.de\/blog\/2015\/10\/28\/wie-jakob-augstein-die-demokratie-zerstoert\/#breadcrumb"},"inLanguage":"de","potentialAction":[{"@type":"ReadAction","target":["https:\/\/starke-meinungen.de\/blog\/2015\/10\/28\/wie-jakob-augstein-die-demokratie-zerstoert\/"]}]},{"@type":"BreadcrumbList","@id":"https:\/\/starke-meinungen.de\/blog\/2015\/10\/28\/wie-jakob-augstein-die-demokratie-zerstoert\/#breadcrumb","itemListElement":[{"@type":"ListItem","position":1,"name":"Startseite","item":"https:\/\/starke-meinungen.de\/blog\/"},{"@type":"ListItem","position":2,"name":"Wie Jakob Augstein die Demokratie zerst\u00f6rt"}]},{"@type":"WebSite","@id":"https:\/\/starke-meinungen.de\/blog\/#website","url":"https:\/\/starke-meinungen.de\/blog\/","name":"starke-meinungen.de","description":"Autoren-Blog","publisher":{"@id":"https:\/\/starke-meinungen.de\/blog\/#organization"},"potentialAction":[{"@type":"SearchAction","target":{"@type":"EntryPoint","urlTemplate":"https:\/\/starke-meinungen.de\/blog\/?s={search_term_string}"},"query-input":{"@type":"PropertyValueSpecification","valueRequired":true,"valueName":"search_term_string"}}],"inLanguage":"de"},{"@type":"Organization","@id":"https:\/\/starke-meinungen.de\/blog\/#organization","name":"starke-meinungen.de","url":"https:\/\/starke-meinungen.de\/blog\/","logo":{"@type":"ImageObject","inLanguage":"de","@id":"https:\/\/starke-meinungen.de\/blog\/#\/schema\/logo\/image\/","url":"https:\/\/starke-meinungen.de\/blog\/wp-content\/uploads\/starke-meinungen-fb-header.jpg","contentUrl":"https:\/\/starke-meinungen.de\/blog\/wp-content\/uploads\/starke-meinungen-fb-header.jpg","width":1200,"height":630,"caption":"starke-meinungen.de"},"image":{"@id":"https:\/\/starke-meinungen.de\/blog\/#\/schema\/logo\/image\/"},"sameAs":["https:\/\/www.facebook.com\/starkemeinungen\/","https:\/\/x.com\/starkemeinungen"]},{"@type":"Person","@id":"https:\/\/starke-meinungen.de\/blog\/#\/schema\/person\/32d0faef7c31a37c1c89be993d7a6d28","name":"Alan Posener","image":{"@type":"ImageObject","inLanguage":"de","@id":"https:\/\/secure.gravatar.com\/avatar\/c75c8818a9ab78c4faa75048dba7844e2587998cda4d93f84e7d86f7e21a9b90?s=96&d=mm&r=g","url":"https:\/\/secure.gravatar.com\/avatar\/c75c8818a9ab78c4faa75048dba7844e2587998cda4d93f84e7d86f7e21a9b90?s=96&d=mm&r=g","contentUrl":"https:\/\/secure.gravatar.com\/avatar\/c75c8818a9ab78c4faa75048dba7844e2587998cda4d93f84e7d86f7e21a9b90?s=96&d=mm&r=g","caption":"Alan Posener"},"url":"https:\/\/starke-meinungen.de\/blog\/author\/posener\/"}]}},"_links":{"self":[{"href":"https:\/\/starke-meinungen.de\/blog\/wp-json\/wp\/v2\/posts\/5110","targetHints":{"allow":["GET"]}}],"collection":[{"href":"https:\/\/starke-meinungen.de\/blog\/wp-json\/wp\/v2\/posts"}],"about":[{"href":"https:\/\/starke-meinungen.de\/blog\/wp-json\/wp\/v2\/types\/post"}],"author":[{"embeddable":true,"href":"https:\/\/starke-meinungen.de\/blog\/wp-json\/wp\/v2\/users\/13"}],"replies":[{"embeddable":true,"href":"https:\/\/starke-meinungen.de\/blog\/wp-json\/wp\/v2\/comments?post=5110"}],"version-history":[{"count":3,"href":"https:\/\/starke-meinungen.de\/blog\/wp-json\/wp\/v2\/posts\/5110\/revisions"}],"predecessor-version":[{"id":5126,"href":"https:\/\/starke-meinungen.de\/blog\/wp-json\/wp\/v2\/posts\/5110\/revisions\/5126"}],"wp:attachment":[{"href":"https:\/\/starke-meinungen.de\/blog\/wp-json\/wp\/v2\/media?parent=5110"}],"wp:term":[{"taxonomy":"category","embeddable":true,"href":"https:\/\/starke-meinungen.de\/blog\/wp-json\/wp\/v2\/categories?post=5110"},{"taxonomy":"post_tag","embeddable":true,"href":"https:\/\/starke-meinungen.de\/blog\/wp-json\/wp\/v2\/tags?post=5110"}],"curies":[{"name":"wp","href":"https:\/\/api.w.org\/{rel}","templated":true}]}}