

{"id":5073,"date":"2015-10-21T15:36:39","date_gmt":"2015-10-21T15:36:39","guid":{"rendered":"https:\/\/starke-meinungen.de\/blog\/?p=5073"},"modified":"2015-10-21T15:36:39","modified_gmt":"2015-10-21T15:36:39","slug":"radikal-ein-roman-wie-ein-drehbuch-fuer-die-derzeitige-eskalation","status":"publish","type":"post","link":"https:\/\/starke-meinungen.de\/blog\/2015\/10\/21\/radikal-ein-roman-wie-ein-drehbuch-fuer-die-derzeitige-eskalation\/","title":{"rendered":"Radikal \u2013ein Roman wie ein Drehbuch f\u00fcr die derzeitige Eskalation"},"content":{"rendered":"<p><strong>Von Christoph Giesa:<\/strong><\/p>\n<p>Yassin Musharbash, bei der Zeit unter anderem f\u00fcr die Themen Islamismus und Islamophobie zust\u00e4ndig und Autor des Blogs zum Thema (Link: <a href=\"http:\/\/blog.zeit.de\/radikale-ansichten\/\">http:\/\/blog.zeit.de\/radikale-ansichten\/<\/a>) hat ein hoch aktuelles Buch geschrieben. Allerdings nicht heute, sondern vor vier Jahren. Es beschreibt faktisch die derzeitig zu beobachtende Eskalation, die Radikalisierung der gesellschaftlichen Mitte zwischen Islamismus und Rechtsradikalismus.<\/p>\n<p>Der Plot ist an sich schnell erz\u00e4hlt, bildet er doch nur das Grundrauschen f\u00fcr die erschreckende Moral des Buches. Ein gem\u00e4\u00dfigt muslimischer Gr\u00fcnenpolitiker wird Abgeordneter \u2013 man muss ein wenig an Cem \u00d6zdemir denken bei der Beschreibung \u2013 und sorgt f\u00fcr gro\u00dfe Hoffnungen in der muslimischen Community. Noch bevor er allerdings richtig Fu\u00df fassen kann, wird er in einer Live-Sendung, die dem ZDF-Morgenmagazin sehr \u00e4hnlich scheint, von einer Bombe get\u00f6tet. Mit ihm sterben viele der anwesenden Zuschauer und Mitarbeiter. Kurz danach taucht ein Bekennervideo von Al-Qaida im Netz auf, alles scheint klar.<\/p>\n<p>Die \u00d6ffentlichkeit reagiert wie erwartet: Pauschaler Hass schl\u00e4gt Muslimen entgegen, die sich als Reaktion darauf tats\u00e4chlich zu radikalisieren beginnen. Eine ehemalige Mitarbeiterin des umgekommenen Politikers und ein Islamexperte erkennen allerdings, dass die Erz\u00e4hlung Schw\u00e4chen hat. Irgendwas scheint faul. <!--more-->Bei ihren Nachforschungen verlieben sie sich nicht nur (nat\u00fcrlich!), sondern kommen einem hochkar\u00e4tigen Netzwerk an b\u00fcrgerlich auftretenden Gesch\u00e4ftsleuten und Politikern auf die Schliche, das im Hintergrund aus Zehlendorfer Villen heraus den Hass auf das Fremde, insbesondere den Islam orchestriert (dessen sichtbarer Kopf, ein Berliner Staatssekret\u00e4r, d\u00fcrfte dabei nicht ganz zuf\u00e4llig an Thilo Sarrazin erinnern). Immer wieder ist in diesen Runden dabei von der Verteidigung des Abendlands die Rede. Und nicht nur einmal ertappt man sich bei dem Gedanken, ob die Vordenker von Pegida sich etwa an den Figuren im Roman orientiert haben. Vermutlich wird aber eher andersrum ein Schuh daraus: Musharbash hat, als Kenner der Szene, die Argumentationsstrukturen und Codew\u00f6rter aufgegriffen als sie noch in gesch\u00fctzten Foren zirkulierten. Pegida ist der Versuch, neurechtes Denken sichtbar zu machen \u2013 und in der Mitte der Gesellschaft zu verankern.<\/p>\n<p>Je n\u00e4her die beiden Protagonisten dem Kern des Netzwerks kommen, desto gef\u00e4hrlicher wird es f\u00fcr sie. Und desto unklarer werden die Hintergr\u00fcnde. Zwischen den vermeintlichen Gegenpolen der Islamhasser und Islamisten ergeben sich pl\u00f6tzlich unvermutete Verbindungen. Und je l\u00e4nger die Geschichte geht, desto unsicherer wird man, wer denn nun wirklich hinter dem Anschlag steckt. Genau dieses Spiel ist es, das \u201eRadikal\u201c zu einem wirklich wertvollen Buch macht. Denn auch wenn es sich um einen Roman handelt, erz\u00e4hlt und erkl\u00e4rt er an einem fiktionalen Beispiel etwas, was uns heute jeden Tag in der Realit\u00e4t begegnet: Islamhasser und Islamisten m\u00f6gen sich in dem unterscheiden, an was sie glauben und wof\u00fcr sie k\u00e4mpfen. Am Ende sind sie allerdings aus dem gleichen Holz geschnitzt, setzen sie doch ihre jeweiligen Wahrheiten absolut, verfolgen ihre Ziele mit fanatischem Eifer, lassen sich auch nicht von Recht und Gesetz aufhalten und zielen auf die Besch\u00e4digung der offenen Gesellschaft.<\/p>\n<p>Wenn man schon meint, Romane als Inspiration f\u00fcr Politik nutzen (oder missbrauchen?) zu m\u00fcssen, anstatt sie zun\u00e4chst einmal als Kunstwerk zu verstehen, dann sei \u201eRadikal\u201c als Ersatz f\u00fcr kulturpessimistische Prosa wie \u201eUnterwerfung\u201c oder gar \u201eHeerlager der Heiligen\u201c w\u00e4rmstens empfohlen. Selten konnte ein Buch so eindeutig einen aufkl\u00e4rerischen Impuls transportieren und dabei zugleich so spannend sein. Gerade vor dem Hintergrund, dass das Buch nun schon einige Jahre alt ist und sich die neurechten Netzwerke, die Musharbash als Geheimgesellschaft skizziert, inzwischen auch in der Realit\u00e4t immer st\u00e4rker zeigen \u2013 in Person von Publizisten und Kirchenm\u00e4nnern, bei Pegida und der AfD \u2013 sollte man es nach der kurzweiligen Lekt\u00fcre nicht zur Seite legen und zum n\u00e4chsten Buch greifen, sondern sich aufraffen und engagieren. Denn wie im Buch auch ist es derzeit in der Realit\u00e4t: Aus Worten werden Taten. Die bei Pegida zu beobachtende \u00dcberspitzung in den Reden von Bachmann, Festerling, Pirincci und Co ist nicht Unbeholfenheit, sondern Programm. Die kontinuierliche Eskalation geschieht nicht ungewollt, sondern gezielt. Weil sie den R\u00e4ndern nutzt. Und der offenen Gesellschaft schadet.<\/p>\n<p>Wenn der Islamische Staat droht, Menschen auf brutalste Art und Weise zu ermorden, wenn sie sich ihm in den Weg stellen, muss man das ernst nehmen. Denn inzwischen wissen wir, dass das ernst gemeint ist. Genau so muss man auch die Reden auf den Pegida-Demos verstehen: Jedes Wort, jedes Plakat, jeder mitgef\u00fchrte Galgen ist ernst gemeint. Das sollte nach dem Anschlag von K\u00f6ln endlich jeder verstanden haben. \u201eRadikal\u201c, das sind nicht nur die Protagonisten des Buches von Yassin Musharbash, sondern auch ihre realen Entsprechungen auf den Stra\u00dfen von Dresden, im Vorstand der AfD und an vielen anderen Stellen in der Gesellschaft. Diesen die richtige Antwort zu geben, bevor es so weit kommt, wie im Buch am Ende beschrieben, ist eine Aufgabe, der wir uns alle gemeinsam stellen m\u00fcssen.<\/p>\n<p><em>Yassin Musharbash: Radikal, Kiepenheuer &amp; Witsch, 2011<\/em><\/p>\n<p><i>Christoph Giesa, Jahrgang 1980, ist selbst\u00e4ndiger Publizist. Nach einem wirtschaftswissenschaftlichen Studium in Mannheim und Lissabon war er in verschiedenen Position bei einem Beratungsunternehmen und einem Handelskonzern angestellt. Inzwischen hat er insgesamt sieben B\u00fccher, zum Teil unter Pseudonym, ver\u00f6ffentlicht. Er besch\u00e4ftigt sich mit allem, was ihn interessiert, egal ob es sich um Politik, Thaiboxen oder Edelsteine handelt, und reist gerne und oft um die ganze Welt. Von Hamburg aus pendelt er in den sch\u00f6nen Hunsr\u00fcck und nach Portugal. Sein Herz schl\u00e4gt f\u00fcr die Freiheit und den 1. FC N\u00fcrnberg.<\/i><\/p>\n<div><a href=\"http:\/\/christophgiesa.de\/index.php\" target=\"_blank\">http:\/\/christophgiesa.de\/<wbr \/>index.php<\/a><\/div>\n<div><a href=\"http:\/\/blog.christophgiesa.de\/\" target=\"_blank\">http:\/\/blog.christophgiesa.de\/<\/a><\/div>\n<p>&nbsp;<\/p>\n<div class=\"shariff shariff-align-left shariff-widget-align-left shariff-buttonstretch\" style=\"display:none\"><ul class=\"shariff-buttons theme-white orientation-horizontal buttonsize-medium\"><li class=\"shariff-button facebook shariff-nocustomcolor\" style=\"background-color:#4273c8\"><a href=\"https:\/\/www.facebook.com\/sharer\/sharer.php?u=https%3A%2F%2Fstarke-meinungen.de%2Fblog%2F2015%2F10%2F21%2Fradikal-ein-roman-wie-ein-drehbuch-fuer-die-derzeitige-eskalation%2F\" title=\"Bei Facebook teilen\" aria-label=\"Bei Facebook teilen\" role=\"button\" rel=\"nofollow\" class=\"shariff-link\" style=\"; background-color:#3b5998; color:#3b5998\" target=\"_blank\"><span class=\"shariff-icon\" style=\"fill:#3b5998\"><svg width=\"32px\" height=\"20px\" xmlns=\"http:\/\/www.w3.org\/2000\/svg\" viewBox=\"0 0 18 32\"><path fill=\"#3b5998\" d=\"M17.1 0.2v4.7h-2.8q-1.5 0-2.1 0.6t-0.5 1.9v3.4h5.2l-0.7 5.3h-4.5v13.6h-5.5v-13.6h-4.5v-5.3h4.5v-3.9q0-3.3 1.9-5.2t5-1.8q2.6 0 4.1 0.2z\"\/><\/svg><\/span><span class=\"shariff-text\" style=\"color:#3b5998\">teilen<\/span>&nbsp;<\/a><\/li><li class=\"shariff-button twitter shariff-nocustomcolor\" style=\"background-color:#595959\"><a href=\"https:\/\/twitter.com\/share?url=https%3A%2F%2Fstarke-meinungen.de%2Fblog%2F2015%2F10%2F21%2Fradikal-ein-roman-wie-ein-drehbuch-fuer-die-derzeitige-eskalation%2F&text=Radikal%20%E2%80%93ein%20Roman%20wie%20ein%20Drehbuch%20f%C3%BCr%20die%20derzeitige%20Eskalation&via=starkemeinungen\" title=\"Bei X teilen\" aria-label=\"Bei X teilen\" role=\"button\" rel=\"noopener nofollow\" class=\"shariff-link\" style=\"; background-color:#000; color:#000\" target=\"_blank\"><span class=\"shariff-icon\" style=\"fill:#000\"><svg width=\"32px\" height=\"20px\" xmlns=\"http:\/\/www.w3.org\/2000\/svg\" viewBox=\"0 0 24 24\"><path fill=\"#000\" d=\"M14.258 10.152L23.176 0h-2.113l-7.747 8.813L7.133 0H0l9.352 13.328L0 23.973h2.113l8.176-9.309 6.531 9.309h7.133zm-2.895 3.293l-.949-1.328L2.875 1.56h3.246l6.086 8.523.945 1.328 7.91 11.078h-3.246zm0 0\"\/><\/svg><\/span><span class=\"shariff-text\" style=\"color:#000\">teilen<\/span>&nbsp;<\/a><\/li><li class=\"shariff-button linkedin shariff-nocustomcolor\" style=\"background-color:#1488bf\"><a href=\"https:\/\/www.linkedin.com\/sharing\/share-offsite\/?url=https%3A%2F%2Fstarke-meinungen.de%2Fblog%2F2015%2F10%2F21%2Fradikal-ein-roman-wie-ein-drehbuch-fuer-die-derzeitige-eskalation%2F\" title=\"Bei LinkedIn teilen\" aria-label=\"Bei LinkedIn teilen\" role=\"button\" rel=\"noopener nofollow\" class=\"shariff-link\" style=\"; background-color:#0077b5; color:#0077b5\" target=\"_blank\"><span class=\"shariff-icon\" style=\"fill:#0077b5\"><svg width=\"32px\" height=\"20px\" xmlns=\"http:\/\/www.w3.org\/2000\/svg\" viewBox=\"0 0 27 32\"><path fill=\"#0077b5\" d=\"M6.2 11.2v17.7h-5.9v-17.7h5.9zM6.6 5.7q0 1.3-0.9 2.2t-2.4 0.9h0q-1.5 0-2.4-0.9t-0.9-2.2 0.9-2.2 2.4-0.9 2.4 0.9 0.9 2.2zM27.4 18.7v10.1h-5.9v-9.5q0-1.9-0.7-2.9t-2.3-1.1q-1.1 0-1.9 0.6t-1.2 1.5q-0.2 0.5-0.2 1.4v9.9h-5.9q0-7.1 0-11.6t0-5.3l0-0.9h5.9v2.6h0q0.4-0.6 0.7-1t1-0.9 1.6-0.8 2-0.3q3 0 4.9 2t1.9 6z\"\/><\/svg><\/span><span class=\"shariff-text\" style=\"color:#0077b5\">teilen<\/span>&nbsp;<\/a><\/li><li class=\"shariff-button xing shariff-nocustomcolor\" style=\"background-color:#29888a\"><a href=\"https:\/\/www.xing.com\/spi\/shares\/new?url=https%3A%2F%2Fstarke-meinungen.de%2Fblog%2F2015%2F10%2F21%2Fradikal-ein-roman-wie-ein-drehbuch-fuer-die-derzeitige-eskalation%2F\" title=\"Bei XING teilen\" aria-label=\"Bei XING teilen\" role=\"button\" rel=\"noopener nofollow\" class=\"shariff-link\" style=\"; background-color:#126567; color:#126567\" target=\"_blank\"><span class=\"shariff-icon\" style=\"fill:#126567\"><svg width=\"32px\" height=\"20px\" xmlns=\"http:\/\/www.w3.org\/2000\/svg\" viewBox=\"0 0 25 32\"><path fill=\"#126567\" d=\"M10.7 11.9q-0.2 0.3-4.6 8.2-0.5 0.8-1.2 0.8h-4.3q-0.4 0-0.5-0.3t0-0.6l4.5-8q0 0 0 0l-2.9-5q-0.2-0.4 0-0.7 0.2-0.3 0.5-0.3h4.3q0.7 0 1.2 0.8zM25.1 0.4q0.2 0.3 0 0.7l-9.4 16.7 6 11q0.2 0.4 0 0.6-0.2 0.3-0.6 0.3h-4.3q-0.7 0-1.2-0.8l-6-11.1q0.3-0.6 9.5-16.8 0.4-0.8 1.2-0.8h4.3q0.4 0 0.5 0.3z\"\/><\/svg><\/span><span class=\"shariff-text\" style=\"color:#126567\">teilen<\/span>&nbsp;<\/a><\/li><li class=\"shariff-button whatsapp shariff-nocustomcolor\" style=\"background-color:#5cbe4a\"><a href=\"https:\/\/api.whatsapp.com\/send?text=https%3A%2F%2Fstarke-meinungen.de%2Fblog%2F2015%2F10%2F21%2Fradikal-ein-roman-wie-ein-drehbuch-fuer-die-derzeitige-eskalation%2F%20Radikal%20%E2%80%93ein%20Roman%20wie%20ein%20Drehbuch%20f%C3%BCr%20die%20derzeitige%20Eskalation\" title=\"Bei Whatsapp teilen\" aria-label=\"Bei Whatsapp teilen\" role=\"button\" rel=\"noopener nofollow\" class=\"shariff-link\" style=\"; background-color:#34af23; color:#34af23\" target=\"_blank\"><span class=\"shariff-icon\" style=\"fill:#34af23\"><svg width=\"32px\" height=\"20px\" xmlns=\"http:\/\/www.w3.org\/2000\/svg\" viewBox=\"0 0 32 32\"><path fill=\"#34af23\" d=\"M17.6 17.4q0.2 0 1.7 0.8t1.6 0.9q0 0.1 0 0.3 0 0.6-0.3 1.4-0.3 0.7-1.3 1.2t-1.8 0.5q-1 0-3.4-1.1-1.7-0.8-3-2.1t-2.6-3.3q-1.3-1.9-1.3-3.5v-0.1q0.1-1.6 1.3-2.8 0.4-0.4 0.9-0.4 0.1 0 0.3 0t0.3 0q0.3 0 0.5 0.1t0.3 0.5q0.1 0.4 0.6 1.6t0.4 1.3q0 0.4-0.6 1t-0.6 0.8q0 0.1 0.1 0.3 0.6 1.3 1.8 2.4 1 0.9 2.7 1.8 0.2 0.1 0.4 0.1 0.3 0 1-0.9t0.9-0.9zM14 26.9q2.3 0 4.3-0.9t3.6-2.4 2.4-3.6 0.9-4.3-0.9-4.3-2.4-3.6-3.6-2.4-4.3-0.9-4.3 0.9-3.6 2.4-2.4 3.6-0.9 4.3q0 3.6 2.1 6.6l-1.4 4.2 4.3-1.4q2.8 1.9 6.2 1.9zM14 2.2q2.7 0 5.2 1.1t4.3 2.9 2.9 4.3 1.1 5.2-1.1 5.2-2.9 4.3-4.3 2.9-5.2 1.1q-3.5 0-6.5-1.7l-7.4 2.4 2.4-7.2q-1.9-3.2-1.9-6.9 0-2.7 1.1-5.2t2.9-4.3 4.3-2.9 5.2-1.1z\"\/><\/svg><\/span><span class=\"shariff-text\" style=\"color:#34af23\">teilen<\/span>&nbsp;<\/a><\/li><li class=\"shariff-button info shariff-nocustomcolor\" style=\"background-color:#a8a8a8\"><a href=\"http:\/\/ct.de\/-2467514\" title=\"Weitere Informationen\" aria-label=\"Weitere Informationen\" role=\"button\" rel=\"noopener \" class=\"shariff-link\" style=\"; background-color:#999; color:#999\" target=\"_blank\"><span class=\"shariff-icon\" style=\"fill:#999\"><svg width=\"32px\" height=\"20px\" xmlns=\"http:\/\/www.w3.org\/2000\/svg\" viewBox=\"0 0 11 32\"><path fill=\"#999\" d=\"M11.4 24v2.3q0 0.5-0.3 0.8t-0.8 0.4h-9.1q-0.5 0-0.8-0.4t-0.4-0.8v-2.3q0-0.5 0.4-0.8t0.8-0.4h1.1v-6.8h-1.1q-0.5 0-0.8-0.4t-0.4-0.8v-2.3q0-0.5 0.4-0.8t0.8-0.4h6.8q0.5 0 0.8 0.4t0.4 0.8v10.3h1.1q0.5 0 0.8 0.4t0.3 0.8zM9.2 3.4v3.4q0 0.5-0.4 0.8t-0.8 0.4h-4.6q-0.4 0-0.8-0.4t-0.4-0.8v-3.4q0-0.4 0.4-0.8t0.8-0.4h4.6q0.5 0 0.8 0.4t0.4 0.8z\"\/><\/svg><\/span><\/a><\/li><\/ul><\/div>","protected":false},"excerpt":{"rendered":"<p>Von Christoph Giesa: Yassin Musharbash, bei der Zeit unter anderem f\u00fcr die Themen Islamismus und Islamophobie zust\u00e4ndig und Autor des Blogs zum Thema (Link: http:\/\/blog.zeit.de\/radikale-ansichten\/) hat ein hoch aktuelles Buch geschrieben. Allerdings nicht heute, sondern vor vier Jahren. Es beschreibt faktisch die derzeitig zu beobachtende Eskalation, die Radikalisierung der gesellschaftlichen Mitte zwischen Islamismus und Rechtsradikalismus. Der Plot ist an sich&#8230; <a href=\"https:\/\/starke-meinungen.de\/blog\/2015\/10\/21\/radikal-ein-roman-wie-ein-drehbuch-fuer-die-derzeitige-eskalation\/\">Weiterlesen &raquo;<\/a><\/p>\n","protected":false},"author":15,"featured_media":0,"comment_status":"open","ping_status":"open","sticky":false,"template":"","format":"standard","meta":{"footnotes":""},"categories":[1],"tags":[2293,358,375,2362],"class_list":["post-5073","post","type-post","status-publish","format-standard","hentry","category-allgemein","tag-afd","tag-islam","tag-islamismus","tag-pegida"],"yoast_head":"<!-- This site is optimized with the Yoast SEO plugin v27.5 - https:\/\/yoast.com\/product\/yoast-seo-wordpress\/ -->\n<title>Radikal \u2013ein Roman wie ein Drehbuch f\u00fcr die derzeitige Eskalation - starke-meinungen.de<\/title>\n<meta name=\"robots\" content=\"index, follow, max-snippet:-1, max-image-preview:large, max-video-preview:-1\" \/>\n<link rel=\"canonical\" href=\"https:\/\/starke-meinungen.de\/blog\/2015\/10\/21\/radikal-ein-roman-wie-ein-drehbuch-fuer-die-derzeitige-eskalation\/\" \/>\n<meta property=\"og:locale\" content=\"de_DE\" \/>\n<meta property=\"og:type\" content=\"article\" \/>\n<meta property=\"og:title\" content=\"Radikal \u2013ein Roman wie ein Drehbuch f\u00fcr die derzeitige Eskalation - starke-meinungen.de\" \/>\n<meta property=\"og:description\" content=\"Von Christoph Giesa: Yassin Musharbash, bei der Zeit unter anderem f\u00fcr die Themen Islamismus und Islamophobie zust\u00e4ndig und Autor des Blogs zum Thema (Link: http:\/\/blog.zeit.de\/radikale-ansichten\/) hat ein hoch aktuelles Buch geschrieben. Allerdings nicht heute, sondern vor vier Jahren. Es beschreibt faktisch die derzeitig zu beobachtende Eskalation, die Radikalisierung der gesellschaftlichen Mitte zwischen Islamismus und Rechtsradikalismus. Der Plot ist an sich... Weiterlesen &raquo;\" \/>\n<meta property=\"og:url\" content=\"https:\/\/starke-meinungen.de\/blog\/2015\/10\/21\/radikal-ein-roman-wie-ein-drehbuch-fuer-die-derzeitige-eskalation\/\" \/>\n<meta property=\"og:site_name\" content=\"starke-meinungen.de\" \/>\n<meta property=\"article:publisher\" content=\"https:\/\/www.facebook.com\/starkemeinungen\/\" \/>\n<meta property=\"article:published_time\" content=\"2015-10-21T15:36:39+00:00\" \/>\n<meta property=\"og:image\" content=\"https:\/\/starke-meinungen.de\/blog\/wp-content\/uploads\/starke-meinungen-fb-header.jpg\" \/>\n\t<meta property=\"og:image:width\" content=\"1200\" \/>\n\t<meta property=\"og:image:height\" content=\"630\" \/>\n\t<meta property=\"og:image:type\" content=\"image\/jpeg\" \/>\n<meta name=\"author\" content=\"Gastautor\" \/>\n<meta name=\"twitter:card\" content=\"summary_large_image\" \/>\n<meta name=\"twitter:creator\" content=\"@starkemeinungen\" \/>\n<meta name=\"twitter:site\" content=\"@starkemeinungen\" \/>\n<meta name=\"twitter:label1\" content=\"Verfasst von\" \/>\n\t<meta name=\"twitter:data1\" content=\"Gastautor\" \/>\n\t<meta name=\"twitter:label2\" content=\"Gesch\u00e4tzte Lesezeit\" \/>\n\t<meta name=\"twitter:data2\" content=\"5\u00a0Minuten\" \/>\n<script type=\"application\/ld+json\" class=\"yoast-schema-graph\">{\"@context\":\"https:\\\/\\\/schema.org\",\"@graph\":[{\"@type\":\"Article\",\"@id\":\"https:\\\/\\\/starke-meinungen.de\\\/blog\\\/2015\\\/10\\\/21\\\/radikal-ein-roman-wie-ein-drehbuch-fuer-die-derzeitige-eskalation\\\/#article\",\"isPartOf\":{\"@id\":\"https:\\\/\\\/starke-meinungen.de\\\/blog\\\/2015\\\/10\\\/21\\\/radikal-ein-roman-wie-ein-drehbuch-fuer-die-derzeitige-eskalation\\\/\"},\"author\":{\"name\":\"Gastautor\",\"@id\":\"https:\\\/\\\/starke-meinungen.de\\\/blog\\\/#\\\/schema\\\/person\\\/a03e0a730dd4d63894dcc16cdbaa6b64\"},\"headline\":\"Radikal \u2013ein Roman wie ein Drehbuch f\u00fcr die derzeitige Eskalation\",\"datePublished\":\"2015-10-21T15:36:39+00:00\",\"mainEntityOfPage\":{\"@id\":\"https:\\\/\\\/starke-meinungen.de\\\/blog\\\/2015\\\/10\\\/21\\\/radikal-ein-roman-wie-ein-drehbuch-fuer-die-derzeitige-eskalation\\\/\"},\"wordCount\":944,\"commentCount\":9,\"publisher\":{\"@id\":\"https:\\\/\\\/starke-meinungen.de\\\/blog\\\/#organization\"},\"keywords\":[\"AfD\",\"Islam\",\"Islamismus\",\"Pegida\"],\"inLanguage\":\"de\",\"potentialAction\":[{\"@type\":\"CommentAction\",\"name\":\"Comment\",\"target\":[\"https:\\\/\\\/starke-meinungen.de\\\/blog\\\/2015\\\/10\\\/21\\\/radikal-ein-roman-wie-ein-drehbuch-fuer-die-derzeitige-eskalation\\\/#respond\"]}]},{\"@type\":\"WebPage\",\"@id\":\"https:\\\/\\\/starke-meinungen.de\\\/blog\\\/2015\\\/10\\\/21\\\/radikal-ein-roman-wie-ein-drehbuch-fuer-die-derzeitige-eskalation\\\/\",\"url\":\"https:\\\/\\\/starke-meinungen.de\\\/blog\\\/2015\\\/10\\\/21\\\/radikal-ein-roman-wie-ein-drehbuch-fuer-die-derzeitige-eskalation\\\/\",\"name\":\"Radikal \u2013ein Roman wie ein Drehbuch f\u00fcr die derzeitige Eskalation - starke-meinungen.de\",\"isPartOf\":{\"@id\":\"https:\\\/\\\/starke-meinungen.de\\\/blog\\\/#website\"},\"datePublished\":\"2015-10-21T15:36:39+00:00\",\"breadcrumb\":{\"@id\":\"https:\\\/\\\/starke-meinungen.de\\\/blog\\\/2015\\\/10\\\/21\\\/radikal-ein-roman-wie-ein-drehbuch-fuer-die-derzeitige-eskalation\\\/#breadcrumb\"},\"inLanguage\":\"de\",\"potentialAction\":[{\"@type\":\"ReadAction\",\"target\":[\"https:\\\/\\\/starke-meinungen.de\\\/blog\\\/2015\\\/10\\\/21\\\/radikal-ein-roman-wie-ein-drehbuch-fuer-die-derzeitige-eskalation\\\/\"]}]},{\"@type\":\"BreadcrumbList\",\"@id\":\"https:\\\/\\\/starke-meinungen.de\\\/blog\\\/2015\\\/10\\\/21\\\/radikal-ein-roman-wie-ein-drehbuch-fuer-die-derzeitige-eskalation\\\/#breadcrumb\",\"itemListElement\":[{\"@type\":\"ListItem\",\"position\":1,\"name\":\"Startseite\",\"item\":\"https:\\\/\\\/starke-meinungen.de\\\/blog\\\/\"},{\"@type\":\"ListItem\",\"position\":2,\"name\":\"Radikal \u2013ein Roman wie ein Drehbuch f\u00fcr die derzeitige Eskalation\"}]},{\"@type\":\"WebSite\",\"@id\":\"https:\\\/\\\/starke-meinungen.de\\\/blog\\\/#website\",\"url\":\"https:\\\/\\\/starke-meinungen.de\\\/blog\\\/\",\"name\":\"starke-meinungen.de\",\"description\":\"Autoren-Blog\",\"publisher\":{\"@id\":\"https:\\\/\\\/starke-meinungen.de\\\/blog\\\/#organization\"},\"potentialAction\":[{\"@type\":\"SearchAction\",\"target\":{\"@type\":\"EntryPoint\",\"urlTemplate\":\"https:\\\/\\\/starke-meinungen.de\\\/blog\\\/?s={search_term_string}\"},\"query-input\":{\"@type\":\"PropertyValueSpecification\",\"valueRequired\":true,\"valueName\":\"search_term_string\"}}],\"inLanguage\":\"de\"},{\"@type\":\"Organization\",\"@id\":\"https:\\\/\\\/starke-meinungen.de\\\/blog\\\/#organization\",\"name\":\"starke-meinungen.de\",\"url\":\"https:\\\/\\\/starke-meinungen.de\\\/blog\\\/\",\"logo\":{\"@type\":\"ImageObject\",\"inLanguage\":\"de\",\"@id\":\"https:\\\/\\\/starke-meinungen.de\\\/blog\\\/#\\\/schema\\\/logo\\\/image\\\/\",\"url\":\"https:\\\/\\\/starke-meinungen.de\\\/blog\\\/wp-content\\\/uploads\\\/starke-meinungen-fb-header.jpg\",\"contentUrl\":\"https:\\\/\\\/starke-meinungen.de\\\/blog\\\/wp-content\\\/uploads\\\/starke-meinungen-fb-header.jpg\",\"width\":1200,\"height\":630,\"caption\":\"starke-meinungen.de\"},\"image\":{\"@id\":\"https:\\\/\\\/starke-meinungen.de\\\/blog\\\/#\\\/schema\\\/logo\\\/image\\\/\"},\"sameAs\":[\"https:\\\/\\\/www.facebook.com\\\/starkemeinungen\\\/\",\"https:\\\/\\\/x.com\\\/starkemeinungen\"]},{\"@type\":\"Person\",\"@id\":\"https:\\\/\\\/starke-meinungen.de\\\/blog\\\/#\\\/schema\\\/person\\\/a03e0a730dd4d63894dcc16cdbaa6b64\",\"name\":\"Gastautor\",\"image\":{\"@type\":\"ImageObject\",\"inLanguage\":\"de\",\"@id\":\"https:\\\/\\\/secure.gravatar.com\\\/avatar\\\/8759fb61d9b27c08334d4e02d0a8ea6eb0fc0c3602cd7c3e58c0c89a6adba588?s=96&d=mm&r=g\",\"url\":\"https:\\\/\\\/secure.gravatar.com\\\/avatar\\\/8759fb61d9b27c08334d4e02d0a8ea6eb0fc0c3602cd7c3e58c0c89a6adba588?s=96&d=mm&r=g\",\"contentUrl\":\"https:\\\/\\\/secure.gravatar.com\\\/avatar\\\/8759fb61d9b27c08334d4e02d0a8ea6eb0fc0c3602cd7c3e58c0c89a6adba588?s=96&d=mm&r=g\",\"caption\":\"Gastautor\"},\"url\":\"https:\\\/\\\/starke-meinungen.de\\\/blog\\\/author\\\/gastautor\\\/\"}]}<\/script>\n<!-- \/ Yoast SEO plugin. -->","yoast_head_json":{"title":"Radikal \u2013ein Roman wie ein Drehbuch f\u00fcr die derzeitige Eskalation - starke-meinungen.de","robots":{"index":"index","follow":"follow","max-snippet":"max-snippet:-1","max-image-preview":"max-image-preview:large","max-video-preview":"max-video-preview:-1"},"canonical":"https:\/\/starke-meinungen.de\/blog\/2015\/10\/21\/radikal-ein-roman-wie-ein-drehbuch-fuer-die-derzeitige-eskalation\/","og_locale":"de_DE","og_type":"article","og_title":"Radikal \u2013ein Roman wie ein Drehbuch f\u00fcr die derzeitige Eskalation - starke-meinungen.de","og_description":"Von Christoph Giesa: Yassin Musharbash, bei der Zeit unter anderem f\u00fcr die Themen Islamismus und Islamophobie zust\u00e4ndig und Autor des Blogs zum Thema (Link: http:\/\/blog.zeit.de\/radikale-ansichten\/) hat ein hoch aktuelles Buch geschrieben. Allerdings nicht heute, sondern vor vier Jahren. Es beschreibt faktisch die derzeitig zu beobachtende Eskalation, die Radikalisierung der gesellschaftlichen Mitte zwischen Islamismus und Rechtsradikalismus. Der Plot ist an sich... Weiterlesen &raquo;","og_url":"https:\/\/starke-meinungen.de\/blog\/2015\/10\/21\/radikal-ein-roman-wie-ein-drehbuch-fuer-die-derzeitige-eskalation\/","og_site_name":"starke-meinungen.de","article_publisher":"https:\/\/www.facebook.com\/starkemeinungen\/","article_published_time":"2015-10-21T15:36:39+00:00","og_image":[{"width":1200,"height":630,"url":"https:\/\/starke-meinungen.de\/blog\/wp-content\/uploads\/starke-meinungen-fb-header.jpg","type":"image\/jpeg"}],"author":"Gastautor","twitter_card":"summary_large_image","twitter_creator":"@starkemeinungen","twitter_site":"@starkemeinungen","twitter_misc":{"Verfasst von":"Gastautor","Gesch\u00e4tzte Lesezeit":"5\u00a0Minuten"},"schema":{"@context":"https:\/\/schema.org","@graph":[{"@type":"Article","@id":"https:\/\/starke-meinungen.de\/blog\/2015\/10\/21\/radikal-ein-roman-wie-ein-drehbuch-fuer-die-derzeitige-eskalation\/#article","isPartOf":{"@id":"https:\/\/starke-meinungen.de\/blog\/2015\/10\/21\/radikal-ein-roman-wie-ein-drehbuch-fuer-die-derzeitige-eskalation\/"},"author":{"name":"Gastautor","@id":"https:\/\/starke-meinungen.de\/blog\/#\/schema\/person\/a03e0a730dd4d63894dcc16cdbaa6b64"},"headline":"Radikal \u2013ein Roman wie ein Drehbuch f\u00fcr die derzeitige Eskalation","datePublished":"2015-10-21T15:36:39+00:00","mainEntityOfPage":{"@id":"https:\/\/starke-meinungen.de\/blog\/2015\/10\/21\/radikal-ein-roman-wie-ein-drehbuch-fuer-die-derzeitige-eskalation\/"},"wordCount":944,"commentCount":9,"publisher":{"@id":"https:\/\/starke-meinungen.de\/blog\/#organization"},"keywords":["AfD","Islam","Islamismus","Pegida"],"inLanguage":"de","potentialAction":[{"@type":"CommentAction","name":"Comment","target":["https:\/\/starke-meinungen.de\/blog\/2015\/10\/21\/radikal-ein-roman-wie-ein-drehbuch-fuer-die-derzeitige-eskalation\/#respond"]}]},{"@type":"WebPage","@id":"https:\/\/starke-meinungen.de\/blog\/2015\/10\/21\/radikal-ein-roman-wie-ein-drehbuch-fuer-die-derzeitige-eskalation\/","url":"https:\/\/starke-meinungen.de\/blog\/2015\/10\/21\/radikal-ein-roman-wie-ein-drehbuch-fuer-die-derzeitige-eskalation\/","name":"Radikal \u2013ein Roman wie ein Drehbuch f\u00fcr die derzeitige Eskalation - starke-meinungen.de","isPartOf":{"@id":"https:\/\/starke-meinungen.de\/blog\/#website"},"datePublished":"2015-10-21T15:36:39+00:00","breadcrumb":{"@id":"https:\/\/starke-meinungen.de\/blog\/2015\/10\/21\/radikal-ein-roman-wie-ein-drehbuch-fuer-die-derzeitige-eskalation\/#breadcrumb"},"inLanguage":"de","potentialAction":[{"@type":"ReadAction","target":["https:\/\/starke-meinungen.de\/blog\/2015\/10\/21\/radikal-ein-roman-wie-ein-drehbuch-fuer-die-derzeitige-eskalation\/"]}]},{"@type":"BreadcrumbList","@id":"https:\/\/starke-meinungen.de\/blog\/2015\/10\/21\/radikal-ein-roman-wie-ein-drehbuch-fuer-die-derzeitige-eskalation\/#breadcrumb","itemListElement":[{"@type":"ListItem","position":1,"name":"Startseite","item":"https:\/\/starke-meinungen.de\/blog\/"},{"@type":"ListItem","position":2,"name":"Radikal \u2013ein Roman wie ein Drehbuch f\u00fcr die derzeitige Eskalation"}]},{"@type":"WebSite","@id":"https:\/\/starke-meinungen.de\/blog\/#website","url":"https:\/\/starke-meinungen.de\/blog\/","name":"starke-meinungen.de","description":"Autoren-Blog","publisher":{"@id":"https:\/\/starke-meinungen.de\/blog\/#organization"},"potentialAction":[{"@type":"SearchAction","target":{"@type":"EntryPoint","urlTemplate":"https:\/\/starke-meinungen.de\/blog\/?s={search_term_string}"},"query-input":{"@type":"PropertyValueSpecification","valueRequired":true,"valueName":"search_term_string"}}],"inLanguage":"de"},{"@type":"Organization","@id":"https:\/\/starke-meinungen.de\/blog\/#organization","name":"starke-meinungen.de","url":"https:\/\/starke-meinungen.de\/blog\/","logo":{"@type":"ImageObject","inLanguage":"de","@id":"https:\/\/starke-meinungen.de\/blog\/#\/schema\/logo\/image\/","url":"https:\/\/starke-meinungen.de\/blog\/wp-content\/uploads\/starke-meinungen-fb-header.jpg","contentUrl":"https:\/\/starke-meinungen.de\/blog\/wp-content\/uploads\/starke-meinungen-fb-header.jpg","width":1200,"height":630,"caption":"starke-meinungen.de"},"image":{"@id":"https:\/\/starke-meinungen.de\/blog\/#\/schema\/logo\/image\/"},"sameAs":["https:\/\/www.facebook.com\/starkemeinungen\/","https:\/\/x.com\/starkemeinungen"]},{"@type":"Person","@id":"https:\/\/starke-meinungen.de\/blog\/#\/schema\/person\/a03e0a730dd4d63894dcc16cdbaa6b64","name":"Gastautor","image":{"@type":"ImageObject","inLanguage":"de","@id":"https:\/\/secure.gravatar.com\/avatar\/8759fb61d9b27c08334d4e02d0a8ea6eb0fc0c3602cd7c3e58c0c89a6adba588?s=96&d=mm&r=g","url":"https:\/\/secure.gravatar.com\/avatar\/8759fb61d9b27c08334d4e02d0a8ea6eb0fc0c3602cd7c3e58c0c89a6adba588?s=96&d=mm&r=g","contentUrl":"https:\/\/secure.gravatar.com\/avatar\/8759fb61d9b27c08334d4e02d0a8ea6eb0fc0c3602cd7c3e58c0c89a6adba588?s=96&d=mm&r=g","caption":"Gastautor"},"url":"https:\/\/starke-meinungen.de\/blog\/author\/gastautor\/"}]}},"_links":{"self":[{"href":"https:\/\/starke-meinungen.de\/blog\/wp-json\/wp\/v2\/posts\/5073","targetHints":{"allow":["GET"]}}],"collection":[{"href":"https:\/\/starke-meinungen.de\/blog\/wp-json\/wp\/v2\/posts"}],"about":[{"href":"https:\/\/starke-meinungen.de\/blog\/wp-json\/wp\/v2\/types\/post"}],"author":[{"embeddable":true,"href":"https:\/\/starke-meinungen.de\/blog\/wp-json\/wp\/v2\/users\/15"}],"replies":[{"embeddable":true,"href":"https:\/\/starke-meinungen.de\/blog\/wp-json\/wp\/v2\/comments?post=5073"}],"version-history":[{"count":1,"href":"https:\/\/starke-meinungen.de\/blog\/wp-json\/wp\/v2\/posts\/5073\/revisions"}],"predecessor-version":[{"id":5074,"href":"https:\/\/starke-meinungen.de\/blog\/wp-json\/wp\/v2\/posts\/5073\/revisions\/5074"}],"wp:attachment":[{"href":"https:\/\/starke-meinungen.de\/blog\/wp-json\/wp\/v2\/media?parent=5073"}],"wp:term":[{"taxonomy":"category","embeddable":true,"href":"https:\/\/starke-meinungen.de\/blog\/wp-json\/wp\/v2\/categories?post=5073"},{"taxonomy":"post_tag","embeddable":true,"href":"https:\/\/starke-meinungen.de\/blog\/wp-json\/wp\/v2\/tags?post=5073"}],"curies":[{"name":"wp","href":"https:\/\/api.w.org\/{rel}","templated":true}]}}