

{"id":4979,"date":"2015-09-23T07:55:52","date_gmt":"2015-09-23T07:55:52","guid":{"rendered":"https:\/\/starke-meinungen.de\/blog\/?p=4979"},"modified":"2015-09-23T07:55:52","modified_gmt":"2015-09-23T07:55:52","slug":"herrschaft-angst","status":"publish","type":"post","link":"https:\/\/starke-meinungen.de\/blog\/2015\/09\/23\/herrschaft-angst\/","title":{"rendered":"Herrschaft Angst"},"content":{"rendered":"<p><strong><em>\u00a0Von<\/em>\u00a0<em>Susannah Winter:<\/em><\/strong><\/p>\n<p>Es ist ein Kreuz mit der Angst.<\/p>\n<p>Da hat sie uns als evolution\u00e4re Errungenschaft \u00fcber tausende Jahre das Leben und den Fortbestand erm\u00f6glicht, nur um uns heute vor allem ihre h\u00e4ssliche Fratze zu zeigen.\u00a0Schaut man sich in der Gesellschaft um, fast k\u00f6nnte man Angst vor der Angst bekommen.<\/p>\n<p>Wo es fr\u00fcher galt, dem Raubtier zu entkommen, einer realen, physischen Bedrohung, erlebt eben im akuten Moment der Angst, macht heute vor allem die m\u00f6gliche, die potenzielle Bedrohung Angst.<br \/>\nUnd die lauert \u00fcberall.\u00a0Alles ist vorstellbar und so wirkt auch alles bedrohlich.<\/p>\n<p>Das Fahrrad, von dem man fallen k\u00f6nnte: Potenziell gef\u00e4hrlich. Und so wird selbst politisch \u00fcber Helmpflicht debattiert. Denn wenn der Deutsche Angst hat, braucht es Gesetze. Meist bringen die nicht viel, doch blinder Aktionismus beseitigt, zumindest tempor\u00e4r, die schlimmsten \u00c4ngste f\u00fcr eine Weile.<\/p>\n<p>Das Auto: Eine potenzielle Todesfalle. <!--more-->Und so sorgen Gesetze f\u00fcr Sicherheit mit Airbags, vorne, hinten, seitw\u00e4rts. Tempolimits, Gurtpflicht, Schilderwald hat der kluge Gesetzgeber noch als kleines Bonbon zum Verkehrssicherheitspaket hinzugef\u00fcgt.<\/p>\n<p>\u00dcberhaupt ist selbst das Leben au\u00dferhalb des \u00f6ffentlichen Rahmens ein permanenter Drahtseilakt der t\u00f6dlich enden kann, wenn man nicht angemessene Vorsorge betreibt:<br \/>\nLeitern, Steckdosen, Gasthermen sind angsteinfl\u00f6\u00dfende Gegenst\u00e4nde der Moderne.<br \/>\nDank Staat sind Gasthermen genormt, werden j\u00e4hrlich inspiziert und Steckdosen sind im Falle gr\u00f6\u00dfter \u00c4ngstlichkeit mit Kindersicherung erh\u00e4ltlich oder wahlweise mit speziellen Blinddeckeln verschlie\u00dfbar.<br \/>\nF\u00fcr die Leiter hat der Staat noch keine ausreichende Regulierung gefunden, obwohl ich \u00fcberzeugt bin, dass Notfallpl\u00e4ne, die die Anzahl der Stufen auf zwei begrenzen, bereits in irgendwelchen Schubladen schlummern. Irgendein \u201etragischer Einzelfall\u201c wird schon f\u00fcr ausreichend Hysterie im Lande sorgen, um umgehendes politisches Handeln erforderlich zu machen.<\/p>\n<p>Man google einmal \u201eHaushalt gef\u00e4hrlich\u201c und schon er\u00f6ffnet sich einem die ganze Bandbreite deutscher Paranoia und Angst.<br \/>\nDa droht \u201e<a href=\"http:\/\/www.bild.de\/ratgeber\/2010\/so-gefaehrlich-ist-elektrosmog-im-haushalt-14029228.bild.html\">gef\u00e4hrlicher Elektrosmog<\/a>\u201c (BILD), lauern (sic) \u201e<a href=\"http:\/\/www.welt.de\/gesundheit\/article2654146\/In-der-heimischen-Kueche-lauern-gefaehrliche-Keime.html\">gef\u00e4hrliche Keime<\/a>\u201c (Die Welt), wobei zu viel Hygiene dann auch nicht gut ist, denn \u201e<a href=\"http:\/\/www.t-online.de\/ratgeber\/gesundheit\/krankheiten\/id_49432610\/desinfektionsmittel-zu-viel-hygiene-kann-schaedlich-sein.html\">zu viel Hygiene kann sch\u00e4dlich sein<\/a>\u201c (T-Online) werden gef\u00e4hrliche Gegenst\u00e4nde endlich, endlich beim Namen genannt in einer Brosch\u00fcre der Bundesanstalt f\u00fcr Arbeitsschutz und Arbeitsmedizin (BAuA). Als ungemein b\u00f6sartig erweisen sich\u00a0<a href=\"http:\/\/www.baua.de\/de\/Publikationen\/Broschueren\/A80.pdf?__blob=publicationFile&amp;v=6\">hier<\/a>\u00a0\u201eWasserkocher und Toaster, Filzstifte, Laserpointer, Lichterketten und Steckdosen\u201c.<\/p>\n<p>Zu nennen sind selbstverst\u00e4ndlich auch \u201e<a href=\"http:\/\/www1.wdr.de\/fernsehen\/ratgeber\/servicezeit\/sendungen\/putzmittel-im-haushalt-104.html\">Schadstoffe in Putzmitteln<\/a>\u201c (WDR), Feinstaub, Spielzeug und Kleidung, Fensterputzen, Lebensmittel, Plastik,\u00a0<a href=\"http:\/\/www.wissen.de\/fliegen-fruchtbare-schmarotzer\">Fliegen<\/a>\u00a0(Wissen.de), Brotschneidemaschinen (Messer sowieso. Am besten beim B\u00e4cker schneiden lassen), Ventilatoren.<\/p>\n<p>Die Liste lie\u00dfe sich beliebig verl\u00e4ngern.<\/p>\n<p>Der moderne Mensch lebt sicherer als je zuvor und ist dabei angstgeplagt wie nie.<\/p>\n<p>Und gerade weil Angst heute allgegenw\u00e4rtig ist, lohnt sich zu hinterfragen, wann und warum wir Angst empfinden, was dies mit uns tut und wie wir am besten mit Angst umgehen k\u00f6nnen.<\/p>\n<p>Zust\u00e4ndig f\u00fcr die Angst ist die Amygdala:<\/p>\n<p><em>\u201eDie Amygdala ist ein Organ aus Nervenzellen mit zwei H\u00e4lften, aufgeteilt in kleine St\u00fccke in der Form einer Mandel \u2013 daher auch der Name, denn Amygdala hei\u00dft auf Deutsch \u201eMandel\u201c. Zieht man eine Linie zwischen Ohr und Schl\u00e4fe, liegen die Amygdala-H\u00e4lften genau dazwischen\u2026 Ein Mensch, der von einem Hund gebissen wird, verkn\u00fcpft die Erinnerung \u201eHund gestreichelt\u201c mit Schmerz. Die Amygdala setzt dann ihren Stempel auf die Erinnerung. Und weil ein Lebe\u00adwesen Schmerz vermeiden will, wird der gebissene Mensch vorerst nur angsterf\u00fcllt Hunde streicheln k\u00f6nnen\u2026 (in F\u00e4llen von Bedrohung) sendet die Amygdala Botenstoffe \u2013 die sogenannten Neurotransmitter \u2013 an wichtige Nerven und das Stammhirn, den \u00e4ltesten Teil des Gehirns. Von dort wird vor allem \u00fcber Hormone die k\u00f6rperliche Reaktion ausgel\u00f6st: Die Augen werden aufgerissen, um besser sehen zu k\u00f6nnen. Die Atmung wird schneller, um mehr Sauerstoff ins Blut zu bringen. Und die Verdauung wird verlangsamt, um Ressourcen zu sparen. Kurz: Der K\u00f6rper richtet sich darauf ein, sich zu verteidigen\u201c<\/em>\u00a0(<a href=\"http:\/\/www.fluter.de\/de\/141\/thema\/13285\/\">Quelle<\/a>)<\/p>\n<p>Angst ist also Beiwerk des \u00dcberlebensinstinktes, der st\u00e4rksten menschlichen Triebfeder \u00fcberhaupt.<br \/>\nAuch ist es wichtig zu wissen, wie wir Angst erlernen. Dies geschieht nicht nur \u00fcber eigene Erfahrung, sondern auch \u00fcber die Erfahrungen anderer:<\/p>\n<p><em>\u201e\u2026Erst im Laufe der Jahre erfahren Kinder, dass etwa Kakteen zu ber\u00fchren keine gute Idee ist. Dabei muss ein Kind nicht selbst Kakteen anfassen \u2013 es gen\u00fcgt, wenn es das schmerzverzerrte Gesicht eines anderen sieht. Das Gleiche gilt f\u00fcr Erwachsene: Wer im Krimi ein furchtverzerrtes Gesicht sieht, \u00e4ngstigt sich mit. So kann sich die Furcht eines Einzelnen auf Millionen von Menschen \u00fcbertragen, ohne dass wir selbst in Gefahr w\u00e4ren\u2026\u201c<\/em><\/p>\n<p>Gerade weil der Mensch evolutionsbiologisch Angst auch \u00fcber andere Menschen erlernt, ist in der heutigen Zeit der sozialen Netzwerke und medialen Dauerberieselung also wichtig, bewusst filtern zu lernen, welche Informationen relevant sind und welche als irrelevant verworfen werden k\u00f6nnen.<br \/>\nDies ist oft schwerer als es klingt, denn Angst, als eine \u00e4u\u00dferst urspr\u00fcngliche Emotion, ist leicht durch entsprechende Bilder und Nachrichten erzeugt.<br \/>\nDer Prozess, Angst zu hinterfragen und im Zweifel zu verwerfen hingegen ist ein vergleichsweise langwieriger Prozess und erfordert Reflexion ebenso wie das Bem\u00fchen um Aufkl\u00e4rung und Vernunft. Auch erfordert sie Basisf\u00e4higkeiten in der Quellennutzung.<br \/>\nZu wissen was ein Impressum ist kann ebenso n\u00fctzen, wie das Hinterfragen der vorhandenen Quellen.<\/p>\n<p>Hilfreich um Macht und Ohnmacht der Emotion \u201eAngst\u201c zu verstehen ist hier ein Blick in die Geschichte:<\/p>\n<p>So war Angst zu allen Zeiten ein Mittel der Herrschenden, zu lenken und den eigenen Machterhalt zu gew\u00e4hrleisten.<br \/>\nDie Kirche etwa erhob das Erzeugen von Angst zur Kunstform.<br \/>\nWer nicht blinden Gehorsam leistete, dem drohte die H\u00f6lle, ewige Verdammnis, das Fegefeuer.<br \/>\nDen Menschen, die ihr Leben nicht von derartigen Jenseitsvorstellungen manipuliert sehen wollten, wurde weltlicher gedroht.<br \/>\nDie Bannbulle, also die Exkommunikation, war vor allem im Mittelalter mit der\u00a0<a href=\"https:\/\/de.wikipedia.org\/wiki\/Reichsacht\">Reichsacht<\/a>\u00a0verbunden und f\u00fchrte nicht selten zu wirtschaftlichem und sozialem Ruin.<\/p>\n<p>Als Manipulationsmittel taugt Angst selbstverst\u00e4ndlich nur, wenn der Manipulierende, in oben genanntem Falle die Kirche, eine Aufl\u00f6sung der Angst, also Sicherheit, in Aussicht stellt. In damaligen Zeiten war dies z.b. der\u00a0<a href=\"https:\/\/de.wikipedia.org\/wiki\/Ablass\">Ablasshandel<\/a>, selbstverst\u00e4ndlich aber auch die angebliche p\u00e4pstliche und priesterliche Macht, S\u00fcnden im Namen Gottes zu vergeben.<\/p>\n<p>Der Mensch wurde in permanenter Angst und damit auch in permanenter Abh\u00e4ngigkeit gehalten.<\/p>\n<p>Erst das Hinterfragen der Machtverh\u00e4ltnisse, des Wahrheitsgehaltes der kirchlichen Doktrin,<br \/>\nmachte es schlie\u00dflich m\u00f6glich, diese \u00c4ngste in die Welt des Aberglaubens und der ideologischen Verblendung zu verbannen.<\/p>\n<p>Und so waren die Gedanken der Aufkl\u00e4rung wegweisend. Kants Definition gilt bis heute:<\/p>\n<p><em>\u201eAufkl\u00e4rung ist der Ausgang des Menschen aus seiner selbst verschuldeten Unm\u00fcndigkeit. Unm\u00fcndigkeit ist das Unverm\u00f6gen, sich seines Verstandes ohne Anleitung eines anderen zu bedienen. Selbst verschuldet ist diese Unm\u00fcndigkeit, wenn die Ursache derselben nicht am Mangel des Verstandes, sondern der Entschlie\u00dfung und des Muthes liegt, sich seiner ohne Leitung eines anderen zu bedienen. Sapere aude [wage es verst\u00e4ndig zu sein]! Habe Muth, dich deines eigenen Verstandes zu bedienen! ist also der Wahlspruch der Aufkl\u00e4rung.\u201c<\/em><\/p>\n<p>Leider ist heute zu beobachten, dass sich das Gros der Gesellschaft allein deshalb schon aufgekl\u00e4rt f\u00fchlt, weil es in der Vergangenheit in ihren Reihen gro\u00dfe Aufkl\u00e4rer gegeben hat und sie die Schulpflicht \u00fcber sich haben ergehen lassen, anstatt Aufkl\u00e4rung als individuelle, pers\u00f6nliche Arbeit an der eigenen Wahrnehmung zu verstehen.<br \/>\nWie auch die Demokratie, kann die Aufkl\u00e4rung niemandem \u201egebracht\u201c werden. Sie ist ein Prozess, gekn\u00fcpft an Denken, Hinterfragen, kritischer Beobachtung. Sie ist ein Akt der Selbstbefreiung.<\/p>\n<p>(Und sie wird bestenfalls zu Ende gedacht und hinterfragt das eigene Gedankenresultat. Kaum einer, der sich Verschw\u00f6rungsvideos auf You Tube ansieht, ist ein aufgekl\u00e4rter Mensch. Und wenn er noch so sehr glaubt, einer zu sein. Sonst s\u00e4he er jedes Video ebenfalls als potenzielle Manipulation und subjektive Darstellung. Dies gilt in gleichem Ma\u00dfe f\u00fcr faktenresistente Impfgegner, HIV-Leugner und andere Paranoiker)<\/p>\n<p>Dass wir Angst auch \u00fcber unsere Mitmenschen erlernen ist einer der Gr\u00fcnde, warum Angst derart um sich greift.<br \/>\nW\u00e4hrend wir fr\u00fcher in kleinen D\u00f6rfern und St\u00e4dten gelebt haben, oft nur von wenigen Menschen umgeben, ist heute die ganze Welt vernetzt.<br \/>\nUnd so h\u00f6ren wir von Haiattacken vor Kalifornien, von Angriffen durch Hunde in einer Stadt am anderen Ende des Landes.<br \/>\nUnd da selektive Berichterstattung ein medien- und presseimmanentes Problem ist, also nur \u00fcber das berichtet wird, was selten geschieht, ab der Norm passiert, Ungl\u00fcck oder Katastrophe ist, kann es dem Menschen, der nicht die Frage nach der Allgemeing\u00fcltigkeit eines Berichtes stellt, so vorkommen, als g\u00e4be es fast nur bei\u00dfende Kampfhunde, als sei jede Autofahrt ein Risiko\u2026<\/p>\n<p>\u2026Und wie dieser Tage in Sachen \u201eMeinung und Angst\u201c \u00fcblich, jeder Fl\u00fcchtling ein potenzieller islamistischer Terrorist oder mindestens eine Gef\u00e4hrdung f\u00fcr Kultur und Abendland.<\/p>\n<p>Sie werden keine Berichte dar\u00fcber finden, dass das tausendste Gassi gehen mit Hasso, der zudem noch ein Staffordshire Bullterrier ist, komplett ereignislos war und Hasso irgendwann in hohem Alter sanft entschlummerte.<br \/>\nSie werden auch nicht lesen, dass Herr M\u00fcller 50 Jahre unfallfrei durch den Verkehr kam \u00a0und nun schlie\u00dflich aufgrund einer altersbedingten Sehschw\u00e4che nicht mehr fahren kann.<\/p>\n<p>Ebenso wenig begegnen Ihnen die unz\u00e4hligen Migranten und ehemaligen Fl\u00fcchtlinge, die hierzulande still und leise arbeiten oder gearbeitet haben, nie mit dem Gesetz in Konflikt kamen und Religion ungef\u00e4hr so intensiv betreiben wie es Christen hier seit Jahrzehnten tun, wenn einmal im Jahr, zu Weihnachten, die Kirche aufgesucht wird.<\/p>\n<p>Verst\u00e4rkt wird diese Wahrnehmung brennglasartig durch den Hang der Menschen, ihre eigene Meinung und Haltung durch au\u00dfen best\u00e4rkt sehen zu wollen.<\/p>\n<p>So wird, nachdem erst die Angst geweckt ist weil das Lokalblatt in der Woche zuvor von einem \u00dcbergriff durch einen Menschen mit Migrationshintergrund berichtet hat, im Internet gesucht und selbstverst\u00e4ndlich auch gefunden.<br \/>\nOder man kennt jemanden, der kennt jemanden der hat mal geh\u00f6rt, dass ein anderer\u2026<\/p>\n<p>Aus der Gier nach Auflage und Klickzahlen einerseits und dem permanenten Bed\u00fcrfnis, \u00c4ngste gleichzeitig best\u00e4tigt sowie mit L\u00f6sungsvorschl\u00e4gen gemildert zu sehen andererseits, ist eine unsch\u00f6ne Wechselbeziehung zwischen (Boulevard)-Presse und Lesern geworden.<\/p>\n<p>BILD, das Paradebeispiel f\u00fcr Angst-\u201eJournalismus\u201c, versucht es gar nicht erst subtil.<br \/>\n\u201eAngst\u201c ist eines der meistgenutzten BILD-Schlagworte um, wie \u00fcblich bei der Manipulation durch Angst, regelm\u00e4\u00dfig \u201e<a href=\"http:\/\/www.bildblog.de\/25526\/bittere-halbwahrheiten\/\">Die Wahrheit<\/a>\u201c als Erl\u00f6sung anzubieten.<br \/>\nWas \u00fcber Jahrhunderte funktioniert hat, muss heute nicht schlecht sein, denken sich vermutlich die BILD-Redakteure, immer auf die Auflage schielend.<br \/>\nUnsere Natur, auf Basis von Empathie Angst zu erlernen, wird gerade in den Boulevardmedien mit dementsprechenden Fotos gelenkt und verst\u00e4rkt.<br \/>\n(Auf Angst als Auflagengarant bin ich\u00a0<a href=\"https:\/\/tonfarbe.wordpress.com\/2015\/06\/28\/terrorismus-und-die-rolle-der-medien\/\">hier<\/a>\u00a0schon n\u00e4her eingegangen)<\/p>\n<p>Und so ist sie noch immer da, die \u201eselbst verschuldete Unm\u00fcndigkeit\u201c.<br \/>\nIhre Triebfeder heute wie damals die Angst.<\/p>\n<p>Dabei l\u00e4sst der Intellekt des Menschen ihm die Wahl, wie er auf seine eigene Angst reagieren will.<br \/>\nDie Geschichte zeigt die diversen Optionen.<br \/>\nSo war in Zeiten ohne Wissenschaft das Gewitter etwas, das Angst machte.<br \/>\nDie Reaktionen eines simplen Gem\u00fctes bestanden vor allem aus Furcht und Aberglaube.<br \/>\nEs waren G\u00f6tter oder ein Gott, die z\u00fcrnten. Es wurden Rituale entwickelt, die diesen Zorn abwehren oder bes\u00e4nftigen sollten, Erkl\u00e4rungsmodelle ohne logische Basis geschaffen.<br \/>\nAlternativ dazu begannen andere, nach Ursachen und Hintergr\u00fcnden zu forschen um somit das Leben in Angst vor z\u00fcrnenden G\u00f6ttern obsolet zu machen.<\/p>\n<p>Gerade die\u00a0<a href=\"http:\/\/www.gesundheit-und-wohlbefinden.net\/unbegruendete-diffuse-angst-was-steckt-dahinter\/\">diffusen \u00c4ngste<\/a>, zu denen u.a. soziale Phobien, Verlust\u00e4ngste, Pr\u00fcfungs\u00e4ngste, Versagens\u00e4ngste, Xenophobie z\u00e4hlen, sind schwerer in den Griff zu bekommen, lassen sie sich doch nicht mit einem simplen, naturwissenschaftlichen Modell widerlegen.<br \/>\nSie alle besch\u00e4ftigen sich nicht mit einer konkreten Angst, die situationsbezogen ist, sondern mit dem M\u00f6glichen, dem Vorstellbaren.<br \/>\n<a href=\"http:\/\/www.gesundheit-und-wohlbefinden.net\/unbegruendete-diffuse-angst-was-steckt-dahinter\/\">Ursachen<\/a>\u00a0f\u00fcr diffuse \u00c4ngste sind z.b. fr\u00fchkindliche Erfahrungen, Traumata und gelegentlich auch genetische Pr\u00e4disposition.<\/p>\n<p>Man kann ihnen nur mit Sachlichkeit und Realismus begegnen, mit Fakten, dem Hinterfragen der eigenen Motivation, mit dem Aufsp\u00fcren der Ursachen. Auch lohnt die Beobachtung des eigenen Nachrichtenkonsumverhaltens.<br \/>\nEin verhaltenstherapeutischer Ansatz w\u00e4re, die Angst als gegeben anzunehmen, den Umgang mit ihr jedoch zu ver\u00e4ndern, wenn sie selbst- oder fremdsch\u00e4digend zu werden droht.<br \/>\nDen Fokus von Einzelf\u00e4llen, medialer Panikmache, rei\u00dferischen Bildern, einseitigen Webseiten weg, gezielt hin zu Texten, die im ersten Moment das eigene Weltbild nicht widerspiegeln, um Voreingenommenheit auszugleichen kann helfen, ein differenzierteres Bild der Situation zu erhalten.<br \/>\nAuch hilft bei diffusen \u00c4ngsten oft, die Angstsituation nicht zu vermeiden sondern zu suchen, um so die ma\u00dflos gewachsenen Bef\u00fcrchtungen \u00fcber m\u00f6gliche Gefahren und Bedrohungen der Realit\u00e4t anzugleichen.<br \/>\nXenophobe w\u00e4ren also als Helfer in Fl\u00fcchtlingsheimen weit besser aufgehoben, als auf PI-News, BILD.de, RTL und unter Gesinnungsgenossen.<\/p>\n<p>Ein hehres Anliegen, ich wei\u00df.<br \/>\nUnd doch eines, das gerade durch Menschen wie Herrn Strache, Frau Petry und anderen Rechtspopulisten immer dringlicher wird. Aber auch die Konservativen und Sozialdemokraten haben eine konstruktive Politik, die positive Anreize schafft, zugunsten einer Strafmentalit\u00e4t aufgegeben, die Angst machen soll und permanente Drohkulisse schafft.<br \/>\nSie alle spielen mit dieser Angst, nutzen sie als Manipulations- und Herrschaftsmittel und machen dieses Anliegen dringlicher denn je.<\/p>\n<p>Der Kampf gegen sich selbst, gegen Vorurteile und \u00c4ngste ist immer ein wenig m\u00fchsamer, als der Kampf gegen das Objekt der Angst.<br \/>\nDoch als Lohn winken Unabh\u00e4ngigkeit, Aufkl\u00e4rung, Freiheit, Ausgang aus der selbst verschuldeten Unm\u00fcndigkeit.<\/p>\n<p>Gestern wie heute erstrebenswerter als das Leben unter der \u201eHerrschaft Angst\u201c.<\/p>\n<p><em>Susannah Winter wurde 1979 in Hannover geboren.\u00a0<\/em><em>Nachdem sie aufgrund von Depressionen nach dem Erreichen der mittleren Reife auf dem Weg zum Abitur die Schule abbrechen musste, machte sie sich einige Zeit als S\u00e4ngerin selbstst\u00e4ndig.\u00a0<\/em><em>Heute ver\u00f6ffentlicht sie auf mehreren Plattformen vor allem politische Texte, darunter \u201eFisch + Fleisch\u201c, \u201eDer Lindwurm\u201c und dem eigenen Blog \u201eTonfarbe\u201c.\u00a0<\/em><em>Aufgrund der eigenen Lebensgeschichte befasst sie sich dort zudem seit Jahren publizistisch mit der neuen Volkskrankheit Depression.<\/em><\/p>\n<p><em>\u00a0<\/em><\/p>\n<div class=\"shariff shariff-align-left shariff-widget-align-left shariff-buttonstretch\" style=\"display:none\"><ul class=\"shariff-buttons theme-white orientation-horizontal buttonsize-medium\"><li class=\"shariff-button facebook shariff-nocustomcolor\" style=\"background-color:#4273c8\"><a href=\"https:\/\/www.facebook.com\/sharer\/sharer.php?u=https%3A%2F%2Fstarke-meinungen.de%2Fblog%2F2015%2F09%2F23%2Fherrschaft-angst%2F\" title=\"Bei Facebook teilen\" aria-label=\"Bei Facebook teilen\" role=\"button\" rel=\"nofollow\" class=\"shariff-link\" style=\"; background-color:#3b5998; color:#3b5998\" target=\"_blank\"><span class=\"shariff-icon\" style=\"fill:#3b5998\"><svg width=\"32px\" height=\"20px\" xmlns=\"http:\/\/www.w3.org\/2000\/svg\" viewBox=\"0 0 18 32\"><path fill=\"#3b5998\" d=\"M17.1 0.2v4.7h-2.8q-1.5 0-2.1 0.6t-0.5 1.9v3.4h5.2l-0.7 5.3h-4.5v13.6h-5.5v-13.6h-4.5v-5.3h4.5v-3.9q0-3.3 1.9-5.2t5-1.8q2.6 0 4.1 0.2z\"\/><\/svg><\/span><span class=\"shariff-text\" style=\"color:#3b5998\">teilen<\/span>&nbsp;<\/a><\/li><li class=\"shariff-button twitter shariff-nocustomcolor\" style=\"background-color:#595959\"><a href=\"https:\/\/twitter.com\/share?url=https%3A%2F%2Fstarke-meinungen.de%2Fblog%2F2015%2F09%2F23%2Fherrschaft-angst%2F&text=Herrschaft%20Angst&via=starkemeinungen\" title=\"Bei X teilen\" aria-label=\"Bei X teilen\" role=\"button\" rel=\"noopener nofollow\" class=\"shariff-link\" style=\"; background-color:#000; color:#000\" target=\"_blank\"><span class=\"shariff-icon\" style=\"fill:#000\"><svg width=\"32px\" height=\"20px\" xmlns=\"http:\/\/www.w3.org\/2000\/svg\" viewBox=\"0 0 24 24\"><path fill=\"#000\" d=\"M14.258 10.152L23.176 0h-2.113l-7.747 8.813L7.133 0H0l9.352 13.328L0 23.973h2.113l8.176-9.309 6.531 9.309h7.133zm-2.895 3.293l-.949-1.328L2.875 1.56h3.246l6.086 8.523.945 1.328 7.91 11.078h-3.246zm0 0\"\/><\/svg><\/span><span class=\"shariff-text\" style=\"color:#000\">teilen<\/span>&nbsp;<\/a><\/li><li class=\"shariff-button linkedin shariff-nocustomcolor\" style=\"background-color:#1488bf\"><a href=\"https:\/\/www.linkedin.com\/sharing\/share-offsite\/?url=https%3A%2F%2Fstarke-meinungen.de%2Fblog%2F2015%2F09%2F23%2Fherrschaft-angst%2F\" title=\"Bei LinkedIn teilen\" aria-label=\"Bei LinkedIn teilen\" role=\"button\" rel=\"noopener nofollow\" class=\"shariff-link\" style=\"; background-color:#0077b5; color:#0077b5\" target=\"_blank\"><span class=\"shariff-icon\" style=\"fill:#0077b5\"><svg width=\"32px\" height=\"20px\" xmlns=\"http:\/\/www.w3.org\/2000\/svg\" viewBox=\"0 0 27 32\"><path fill=\"#0077b5\" d=\"M6.2 11.2v17.7h-5.9v-17.7h5.9zM6.6 5.7q0 1.3-0.9 2.2t-2.4 0.9h0q-1.5 0-2.4-0.9t-0.9-2.2 0.9-2.2 2.4-0.9 2.4 0.9 0.9 2.2zM27.4 18.7v10.1h-5.9v-9.5q0-1.9-0.7-2.9t-2.3-1.1q-1.1 0-1.9 0.6t-1.2 1.5q-0.2 0.5-0.2 1.4v9.9h-5.9q0-7.1 0-11.6t0-5.3l0-0.9h5.9v2.6h0q0.4-0.6 0.7-1t1-0.9 1.6-0.8 2-0.3q3 0 4.9 2t1.9 6z\"\/><\/svg><\/span><span class=\"shariff-text\" style=\"color:#0077b5\">teilen<\/span>&nbsp;<\/a><\/li><li class=\"shariff-button xing shariff-nocustomcolor\" style=\"background-color:#29888a\"><a href=\"https:\/\/www.xing.com\/spi\/shares\/new?url=https%3A%2F%2Fstarke-meinungen.de%2Fblog%2F2015%2F09%2F23%2Fherrschaft-angst%2F\" title=\"Bei XING teilen\" aria-label=\"Bei XING teilen\" role=\"button\" rel=\"noopener nofollow\" class=\"shariff-link\" style=\"; background-color:#126567; color:#126567\" target=\"_blank\"><span class=\"shariff-icon\" style=\"fill:#126567\"><svg width=\"32px\" height=\"20px\" xmlns=\"http:\/\/www.w3.org\/2000\/svg\" viewBox=\"0 0 25 32\"><path fill=\"#126567\" d=\"M10.7 11.9q-0.2 0.3-4.6 8.2-0.5 0.8-1.2 0.8h-4.3q-0.4 0-0.5-0.3t0-0.6l4.5-8q0 0 0 0l-2.9-5q-0.2-0.4 0-0.7 0.2-0.3 0.5-0.3h4.3q0.7 0 1.2 0.8zM25.1 0.4q0.2 0.3 0 0.7l-9.4 16.7 6 11q0.2 0.4 0 0.6-0.2 0.3-0.6 0.3h-4.3q-0.7 0-1.2-0.8l-6-11.1q0.3-0.6 9.5-16.8 0.4-0.8 1.2-0.8h4.3q0.4 0 0.5 0.3z\"\/><\/svg><\/span><span class=\"shariff-text\" style=\"color:#126567\">teilen<\/span>&nbsp;<\/a><\/li><li class=\"shariff-button whatsapp shariff-nocustomcolor\" style=\"background-color:#5cbe4a\"><a href=\"https:\/\/api.whatsapp.com\/send?text=https%3A%2F%2Fstarke-meinungen.de%2Fblog%2F2015%2F09%2F23%2Fherrschaft-angst%2F%20Herrschaft%20Angst\" title=\"Bei Whatsapp teilen\" aria-label=\"Bei Whatsapp teilen\" role=\"button\" rel=\"noopener nofollow\" class=\"shariff-link\" style=\"; background-color:#34af23; color:#34af23\" target=\"_blank\"><span class=\"shariff-icon\" style=\"fill:#34af23\"><svg width=\"32px\" height=\"20px\" xmlns=\"http:\/\/www.w3.org\/2000\/svg\" viewBox=\"0 0 32 32\"><path fill=\"#34af23\" d=\"M17.6 17.4q0.2 0 1.7 0.8t1.6 0.9q0 0.1 0 0.3 0 0.6-0.3 1.4-0.3 0.7-1.3 1.2t-1.8 0.5q-1 0-3.4-1.1-1.7-0.8-3-2.1t-2.6-3.3q-1.3-1.9-1.3-3.5v-0.1q0.1-1.6 1.3-2.8 0.4-0.4 0.9-0.4 0.1 0 0.3 0t0.3 0q0.3 0 0.5 0.1t0.3 0.5q0.1 0.4 0.6 1.6t0.4 1.3q0 0.4-0.6 1t-0.6 0.8q0 0.1 0.1 0.3 0.6 1.3 1.8 2.4 1 0.9 2.7 1.8 0.2 0.1 0.4 0.1 0.3 0 1-0.9t0.9-0.9zM14 26.9q2.3 0 4.3-0.9t3.6-2.4 2.4-3.6 0.9-4.3-0.9-4.3-2.4-3.6-3.6-2.4-4.3-0.9-4.3 0.9-3.6 2.4-2.4 3.6-0.9 4.3q0 3.6 2.1 6.6l-1.4 4.2 4.3-1.4q2.8 1.9 6.2 1.9zM14 2.2q2.7 0 5.2 1.1t4.3 2.9 2.9 4.3 1.1 5.2-1.1 5.2-2.9 4.3-4.3 2.9-5.2 1.1q-3.5 0-6.5-1.7l-7.4 2.4 2.4-7.2q-1.9-3.2-1.9-6.9 0-2.7 1.1-5.2t2.9-4.3 4.3-2.9 5.2-1.1z\"\/><\/svg><\/span><span class=\"shariff-text\" style=\"color:#34af23\">teilen<\/span>&nbsp;<\/a><\/li><li class=\"shariff-button info shariff-nocustomcolor\" style=\"background-color:#a8a8a8\"><a href=\"http:\/\/ct.de\/-2467514\" title=\"Weitere Informationen\" aria-label=\"Weitere Informationen\" role=\"button\" rel=\"noopener \" class=\"shariff-link\" style=\"; background-color:#999; color:#999\" target=\"_blank\"><span class=\"shariff-icon\" style=\"fill:#999\"><svg width=\"32px\" height=\"20px\" xmlns=\"http:\/\/www.w3.org\/2000\/svg\" viewBox=\"0 0 11 32\"><path fill=\"#999\" d=\"M11.4 24v2.3q0 0.5-0.3 0.8t-0.8 0.4h-9.1q-0.5 0-0.8-0.4t-0.4-0.8v-2.3q0-0.5 0.4-0.8t0.8-0.4h1.1v-6.8h-1.1q-0.5 0-0.8-0.4t-0.4-0.8v-2.3q0-0.5 0.4-0.8t0.8-0.4h6.8q0.5 0 0.8 0.4t0.4 0.8v10.3h1.1q0.5 0 0.8 0.4t0.3 0.8zM9.2 3.4v3.4q0 0.5-0.4 0.8t-0.8 0.4h-4.6q-0.4 0-0.8-0.4t-0.4-0.8v-3.4q0-0.4 0.4-0.8t0.8-0.4h4.6q0.5 0 0.8 0.4t0.4 0.8z\"\/><\/svg><\/span><\/a><\/li><\/ul><\/div>","protected":false},"excerpt":{"rendered":"<p>\u00a0Von\u00a0Susannah Winter: Es ist ein Kreuz mit der Angst. Da hat sie uns als evolution\u00e4re Errungenschaft \u00fcber tausende Jahre das Leben und den Fortbestand erm\u00f6glicht, nur um uns heute vor allem ihre h\u00e4ssliche Fratze zu zeigen.\u00a0Schaut man sich in der Gesellschaft um, fast k\u00f6nnte man Angst vor der Angst bekommen. Wo es fr\u00fcher galt, dem Raubtier zu entkommen, einer realen,&#8230; <a href=\"https:\/\/starke-meinungen.de\/blog\/2015\/09\/23\/herrschaft-angst\/\">Weiterlesen &raquo;<\/a><\/p>\n","protected":false},"author":15,"featured_media":0,"comment_status":"open","ping_status":"open","sticky":false,"template":"","format":"standard","meta":{"footnotes":""},"categories":[1,629],"tags":[2293,1549,198],"class_list":["post-4979","post","type-post","status-publish","format-standard","hentry","category-allgemein","category-gastautor","tag-afd","tag-angst","tag-depression"],"yoast_head":"<!-- This site is optimized with the Yoast SEO plugin v27.4 - https:\/\/yoast.com\/product\/yoast-seo-wordpress\/ -->\n<title>Herrschaft Angst - starke-meinungen.de<\/title>\n<meta name=\"robots\" content=\"index, follow, max-snippet:-1, max-image-preview:large, max-video-preview:-1\" \/>\n<link rel=\"canonical\" href=\"https:\/\/starke-meinungen.de\/blog\/2015\/09\/23\/herrschaft-angst\/\" \/>\n<meta property=\"og:locale\" content=\"de_DE\" \/>\n<meta property=\"og:type\" content=\"article\" \/>\n<meta property=\"og:title\" content=\"Herrschaft Angst - starke-meinungen.de\" \/>\n<meta property=\"og:description\" content=\"\u00a0Von\u00a0Susannah Winter: Es ist ein Kreuz mit der Angst. Da hat sie uns als evolution\u00e4re Errungenschaft \u00fcber tausende Jahre das Leben und den Fortbestand erm\u00f6glicht, nur um uns heute vor allem ihre h\u00e4ssliche Fratze zu zeigen.\u00a0Schaut man sich in der Gesellschaft um, fast k\u00f6nnte man Angst vor der Angst bekommen. Wo es fr\u00fcher galt, dem Raubtier zu entkommen, einer realen,... Weiterlesen &raquo;\" \/>\n<meta property=\"og:url\" content=\"https:\/\/starke-meinungen.de\/blog\/2015\/09\/23\/herrschaft-angst\/\" \/>\n<meta property=\"og:site_name\" content=\"starke-meinungen.de\" \/>\n<meta property=\"article:publisher\" content=\"https:\/\/www.facebook.com\/starkemeinungen\/\" \/>\n<meta property=\"article:published_time\" content=\"2015-09-23T07:55:52+00:00\" \/>\n<meta property=\"og:image\" content=\"https:\/\/starke-meinungen.de\/blog\/wp-content\/uploads\/starke-meinungen-fb-header.jpg\" \/>\n\t<meta property=\"og:image:width\" content=\"1200\" \/>\n\t<meta property=\"og:image:height\" content=\"630\" \/>\n\t<meta property=\"og:image:type\" content=\"image\/jpeg\" \/>\n<meta name=\"author\" content=\"Gastautor\" \/>\n<meta name=\"twitter:card\" content=\"summary_large_image\" \/>\n<meta name=\"twitter:creator\" content=\"@starkemeinungen\" \/>\n<meta name=\"twitter:site\" content=\"@starkemeinungen\" \/>\n<meta name=\"twitter:label1\" content=\"Verfasst von\" \/>\n\t<meta name=\"twitter:data1\" content=\"Gastautor\" \/>\n\t<meta name=\"twitter:label2\" content=\"Gesch\u00e4tzte Lesezeit\" \/>\n\t<meta name=\"twitter:data2\" content=\"12\u00a0Minuten\" \/>\n<script type=\"application\/ld+json\" class=\"yoast-schema-graph\">{\"@context\":\"https:\\\/\\\/schema.org\",\"@graph\":[{\"@type\":\"Article\",\"@id\":\"https:\\\/\\\/starke-meinungen.de\\\/blog\\\/2015\\\/09\\\/23\\\/herrschaft-angst\\\/#article\",\"isPartOf\":{\"@id\":\"https:\\\/\\\/starke-meinungen.de\\\/blog\\\/2015\\\/09\\\/23\\\/herrschaft-angst\\\/\"},\"author\":{\"name\":\"Gastautor\",\"@id\":\"https:\\\/\\\/starke-meinungen.de\\\/blog\\\/#\\\/schema\\\/person\\\/a03e0a730dd4d63894dcc16cdbaa6b64\"},\"headline\":\"Herrschaft Angst\",\"datePublished\":\"2015-09-23T07:55:52+00:00\",\"mainEntityOfPage\":{\"@id\":\"https:\\\/\\\/starke-meinungen.de\\\/blog\\\/2015\\\/09\\\/23\\\/herrschaft-angst\\\/\"},\"wordCount\":2308,\"commentCount\":23,\"publisher\":{\"@id\":\"https:\\\/\\\/starke-meinungen.de\\\/blog\\\/#organization\"},\"keywords\":[\"AfD\",\"Angst\",\"Depression\"],\"articleSection\":{\"1\":\"Gastautor\"},\"inLanguage\":\"de\",\"potentialAction\":[{\"@type\":\"CommentAction\",\"name\":\"Comment\",\"target\":[\"https:\\\/\\\/starke-meinungen.de\\\/blog\\\/2015\\\/09\\\/23\\\/herrschaft-angst\\\/#respond\"]}]},{\"@type\":\"WebPage\",\"@id\":\"https:\\\/\\\/starke-meinungen.de\\\/blog\\\/2015\\\/09\\\/23\\\/herrschaft-angst\\\/\",\"url\":\"https:\\\/\\\/starke-meinungen.de\\\/blog\\\/2015\\\/09\\\/23\\\/herrschaft-angst\\\/\",\"name\":\"Herrschaft Angst - starke-meinungen.de\",\"isPartOf\":{\"@id\":\"https:\\\/\\\/starke-meinungen.de\\\/blog\\\/#website\"},\"datePublished\":\"2015-09-23T07:55:52+00:00\",\"breadcrumb\":{\"@id\":\"https:\\\/\\\/starke-meinungen.de\\\/blog\\\/2015\\\/09\\\/23\\\/herrschaft-angst\\\/#breadcrumb\"},\"inLanguage\":\"de\",\"potentialAction\":[{\"@type\":\"ReadAction\",\"target\":[\"https:\\\/\\\/starke-meinungen.de\\\/blog\\\/2015\\\/09\\\/23\\\/herrschaft-angst\\\/\"]}]},{\"@type\":\"BreadcrumbList\",\"@id\":\"https:\\\/\\\/starke-meinungen.de\\\/blog\\\/2015\\\/09\\\/23\\\/herrschaft-angst\\\/#breadcrumb\",\"itemListElement\":[{\"@type\":\"ListItem\",\"position\":1,\"name\":\"Startseite\",\"item\":\"https:\\\/\\\/starke-meinungen.de\\\/blog\\\/\"},{\"@type\":\"ListItem\",\"position\":2,\"name\":\"Herrschaft Angst\"}]},{\"@type\":\"WebSite\",\"@id\":\"https:\\\/\\\/starke-meinungen.de\\\/blog\\\/#website\",\"url\":\"https:\\\/\\\/starke-meinungen.de\\\/blog\\\/\",\"name\":\"starke-meinungen.de\",\"description\":\"Autoren-Blog\",\"publisher\":{\"@id\":\"https:\\\/\\\/starke-meinungen.de\\\/blog\\\/#organization\"},\"potentialAction\":[{\"@type\":\"SearchAction\",\"target\":{\"@type\":\"EntryPoint\",\"urlTemplate\":\"https:\\\/\\\/starke-meinungen.de\\\/blog\\\/?s={search_term_string}\"},\"query-input\":{\"@type\":\"PropertyValueSpecification\",\"valueRequired\":true,\"valueName\":\"search_term_string\"}}],\"inLanguage\":\"de\"},{\"@type\":\"Organization\",\"@id\":\"https:\\\/\\\/starke-meinungen.de\\\/blog\\\/#organization\",\"name\":\"starke-meinungen.de\",\"url\":\"https:\\\/\\\/starke-meinungen.de\\\/blog\\\/\",\"logo\":{\"@type\":\"ImageObject\",\"inLanguage\":\"de\",\"@id\":\"https:\\\/\\\/starke-meinungen.de\\\/blog\\\/#\\\/schema\\\/logo\\\/image\\\/\",\"url\":\"https:\\\/\\\/starke-meinungen.de\\\/blog\\\/wp-content\\\/uploads\\\/starke-meinungen-fb-header.jpg\",\"contentUrl\":\"https:\\\/\\\/starke-meinungen.de\\\/blog\\\/wp-content\\\/uploads\\\/starke-meinungen-fb-header.jpg\",\"width\":1200,\"height\":630,\"caption\":\"starke-meinungen.de\"},\"image\":{\"@id\":\"https:\\\/\\\/starke-meinungen.de\\\/blog\\\/#\\\/schema\\\/logo\\\/image\\\/\"},\"sameAs\":[\"https:\\\/\\\/www.facebook.com\\\/starkemeinungen\\\/\",\"https:\\\/\\\/x.com\\\/starkemeinungen\"]},{\"@type\":\"Person\",\"@id\":\"https:\\\/\\\/starke-meinungen.de\\\/blog\\\/#\\\/schema\\\/person\\\/a03e0a730dd4d63894dcc16cdbaa6b64\",\"name\":\"Gastautor\",\"image\":{\"@type\":\"ImageObject\",\"inLanguage\":\"de\",\"@id\":\"https:\\\/\\\/secure.gravatar.com\\\/avatar\\\/8759fb61d9b27c08334d4e02d0a8ea6eb0fc0c3602cd7c3e58c0c89a6adba588?s=96&d=mm&r=g\",\"url\":\"https:\\\/\\\/secure.gravatar.com\\\/avatar\\\/8759fb61d9b27c08334d4e02d0a8ea6eb0fc0c3602cd7c3e58c0c89a6adba588?s=96&d=mm&r=g\",\"contentUrl\":\"https:\\\/\\\/secure.gravatar.com\\\/avatar\\\/8759fb61d9b27c08334d4e02d0a8ea6eb0fc0c3602cd7c3e58c0c89a6adba588?s=96&d=mm&r=g\",\"caption\":\"Gastautor\"},\"url\":\"https:\\\/\\\/starke-meinungen.de\\\/blog\\\/author\\\/gastautor\\\/\"}]}<\/script>\n<!-- \/ Yoast SEO plugin. -->","yoast_head_json":{"title":"Herrschaft Angst - starke-meinungen.de","robots":{"index":"index","follow":"follow","max-snippet":"max-snippet:-1","max-image-preview":"max-image-preview:large","max-video-preview":"max-video-preview:-1"},"canonical":"https:\/\/starke-meinungen.de\/blog\/2015\/09\/23\/herrschaft-angst\/","og_locale":"de_DE","og_type":"article","og_title":"Herrschaft Angst - starke-meinungen.de","og_description":"\u00a0Von\u00a0Susannah Winter: Es ist ein Kreuz mit der Angst. Da hat sie uns als evolution\u00e4re Errungenschaft \u00fcber tausende Jahre das Leben und den Fortbestand erm\u00f6glicht, nur um uns heute vor allem ihre h\u00e4ssliche Fratze zu zeigen.\u00a0Schaut man sich in der Gesellschaft um, fast k\u00f6nnte man Angst vor der Angst bekommen. Wo es fr\u00fcher galt, dem Raubtier zu entkommen, einer realen,... Weiterlesen &raquo;","og_url":"https:\/\/starke-meinungen.de\/blog\/2015\/09\/23\/herrschaft-angst\/","og_site_name":"starke-meinungen.de","article_publisher":"https:\/\/www.facebook.com\/starkemeinungen\/","article_published_time":"2015-09-23T07:55:52+00:00","og_image":[{"width":1200,"height":630,"url":"https:\/\/starke-meinungen.de\/blog\/wp-content\/uploads\/starke-meinungen-fb-header.jpg","type":"image\/jpeg"}],"author":"Gastautor","twitter_card":"summary_large_image","twitter_creator":"@starkemeinungen","twitter_site":"@starkemeinungen","twitter_misc":{"Verfasst von":"Gastautor","Gesch\u00e4tzte Lesezeit":"12\u00a0Minuten"},"schema":{"@context":"https:\/\/schema.org","@graph":[{"@type":"Article","@id":"https:\/\/starke-meinungen.de\/blog\/2015\/09\/23\/herrschaft-angst\/#article","isPartOf":{"@id":"https:\/\/starke-meinungen.de\/blog\/2015\/09\/23\/herrschaft-angst\/"},"author":{"name":"Gastautor","@id":"https:\/\/starke-meinungen.de\/blog\/#\/schema\/person\/a03e0a730dd4d63894dcc16cdbaa6b64"},"headline":"Herrschaft Angst","datePublished":"2015-09-23T07:55:52+00:00","mainEntityOfPage":{"@id":"https:\/\/starke-meinungen.de\/blog\/2015\/09\/23\/herrschaft-angst\/"},"wordCount":2308,"commentCount":23,"publisher":{"@id":"https:\/\/starke-meinungen.de\/blog\/#organization"},"keywords":["AfD","Angst","Depression"],"articleSection":{"1":"Gastautor"},"inLanguage":"de","potentialAction":[{"@type":"CommentAction","name":"Comment","target":["https:\/\/starke-meinungen.de\/blog\/2015\/09\/23\/herrschaft-angst\/#respond"]}]},{"@type":"WebPage","@id":"https:\/\/starke-meinungen.de\/blog\/2015\/09\/23\/herrschaft-angst\/","url":"https:\/\/starke-meinungen.de\/blog\/2015\/09\/23\/herrschaft-angst\/","name":"Herrschaft Angst - starke-meinungen.de","isPartOf":{"@id":"https:\/\/starke-meinungen.de\/blog\/#website"},"datePublished":"2015-09-23T07:55:52+00:00","breadcrumb":{"@id":"https:\/\/starke-meinungen.de\/blog\/2015\/09\/23\/herrschaft-angst\/#breadcrumb"},"inLanguage":"de","potentialAction":[{"@type":"ReadAction","target":["https:\/\/starke-meinungen.de\/blog\/2015\/09\/23\/herrschaft-angst\/"]}]},{"@type":"BreadcrumbList","@id":"https:\/\/starke-meinungen.de\/blog\/2015\/09\/23\/herrschaft-angst\/#breadcrumb","itemListElement":[{"@type":"ListItem","position":1,"name":"Startseite","item":"https:\/\/starke-meinungen.de\/blog\/"},{"@type":"ListItem","position":2,"name":"Herrschaft Angst"}]},{"@type":"WebSite","@id":"https:\/\/starke-meinungen.de\/blog\/#website","url":"https:\/\/starke-meinungen.de\/blog\/","name":"starke-meinungen.de","description":"Autoren-Blog","publisher":{"@id":"https:\/\/starke-meinungen.de\/blog\/#organization"},"potentialAction":[{"@type":"SearchAction","target":{"@type":"EntryPoint","urlTemplate":"https:\/\/starke-meinungen.de\/blog\/?s={search_term_string}"},"query-input":{"@type":"PropertyValueSpecification","valueRequired":true,"valueName":"search_term_string"}}],"inLanguage":"de"},{"@type":"Organization","@id":"https:\/\/starke-meinungen.de\/blog\/#organization","name":"starke-meinungen.de","url":"https:\/\/starke-meinungen.de\/blog\/","logo":{"@type":"ImageObject","inLanguage":"de","@id":"https:\/\/starke-meinungen.de\/blog\/#\/schema\/logo\/image\/","url":"https:\/\/starke-meinungen.de\/blog\/wp-content\/uploads\/starke-meinungen-fb-header.jpg","contentUrl":"https:\/\/starke-meinungen.de\/blog\/wp-content\/uploads\/starke-meinungen-fb-header.jpg","width":1200,"height":630,"caption":"starke-meinungen.de"},"image":{"@id":"https:\/\/starke-meinungen.de\/blog\/#\/schema\/logo\/image\/"},"sameAs":["https:\/\/www.facebook.com\/starkemeinungen\/","https:\/\/x.com\/starkemeinungen"]},{"@type":"Person","@id":"https:\/\/starke-meinungen.de\/blog\/#\/schema\/person\/a03e0a730dd4d63894dcc16cdbaa6b64","name":"Gastautor","image":{"@type":"ImageObject","inLanguage":"de","@id":"https:\/\/secure.gravatar.com\/avatar\/8759fb61d9b27c08334d4e02d0a8ea6eb0fc0c3602cd7c3e58c0c89a6adba588?s=96&d=mm&r=g","url":"https:\/\/secure.gravatar.com\/avatar\/8759fb61d9b27c08334d4e02d0a8ea6eb0fc0c3602cd7c3e58c0c89a6adba588?s=96&d=mm&r=g","contentUrl":"https:\/\/secure.gravatar.com\/avatar\/8759fb61d9b27c08334d4e02d0a8ea6eb0fc0c3602cd7c3e58c0c89a6adba588?s=96&d=mm&r=g","caption":"Gastautor"},"url":"https:\/\/starke-meinungen.de\/blog\/author\/gastautor\/"}]}},"_links":{"self":[{"href":"https:\/\/starke-meinungen.de\/blog\/wp-json\/wp\/v2\/posts\/4979","targetHints":{"allow":["GET"]}}],"collection":[{"href":"https:\/\/starke-meinungen.de\/blog\/wp-json\/wp\/v2\/posts"}],"about":[{"href":"https:\/\/starke-meinungen.de\/blog\/wp-json\/wp\/v2\/types\/post"}],"author":[{"embeddable":true,"href":"https:\/\/starke-meinungen.de\/blog\/wp-json\/wp\/v2\/users\/15"}],"replies":[{"embeddable":true,"href":"https:\/\/starke-meinungen.de\/blog\/wp-json\/wp\/v2\/comments?post=4979"}],"version-history":[{"count":2,"href":"https:\/\/starke-meinungen.de\/blog\/wp-json\/wp\/v2\/posts\/4979\/revisions"}],"predecessor-version":[{"id":4981,"href":"https:\/\/starke-meinungen.de\/blog\/wp-json\/wp\/v2\/posts\/4979\/revisions\/4981"}],"wp:attachment":[{"href":"https:\/\/starke-meinungen.de\/blog\/wp-json\/wp\/v2\/media?parent=4979"}],"wp:term":[{"taxonomy":"category","embeddable":true,"href":"https:\/\/starke-meinungen.de\/blog\/wp-json\/wp\/v2\/categories?post=4979"},{"taxonomy":"post_tag","embeddable":true,"href":"https:\/\/starke-meinungen.de\/blog\/wp-json\/wp\/v2\/tags?post=4979"}],"curies":[{"name":"wp","href":"https:\/\/api.w.org\/{rel}","templated":true}]}}