

{"id":4934,"date":"2015-08-31T10:07:59","date_gmt":"2015-08-31T10:07:59","guid":{"rendered":"https:\/\/starke-meinungen.de\/blog\/?p=4934"},"modified":"2015-08-31T10:08:00","modified_gmt":"2015-08-31T10:08:00","slug":"schickt-die-syrer-nach-hause","status":"publish","type":"post","link":"https:\/\/starke-meinungen.de\/blog\/2015\/08\/31\/schickt-die-syrer-nach-hause\/","title":{"rendered":"Schickt die Syrer nach Hause!"},"content":{"rendered":"<p><strong><\/strong>Es ist wahr: Deutschland \u2013 zumal Westdeutschland \u2013 hat Erfahrungen mit Fl\u00fcchtlingen. Millionen kamen aus den Ostgebieten. Hunderttausende aus der DDR. Sie wurden absorbiert und integriert, wenn auch nicht ohne Konflikte. Mein Vater, damals britische Besatzungsoffizier, <a title=\"notierte\" href=\"http:\/\/www.amazon.de\/In-Deutschland-1945-bis-1946\/dp\/388680755X\" target=\"_blank\">notierte<\/a> 1946: \u201eEs ist letzthin vorgekommen, dass es den \u201aamerikanischen\u2019 Deutschen in Bayern zuviel wurde, den \u201aenglischen\u2019 Deutschen aus der Ruhr auf Monate und Jahre Unterkunft zu gew\u00e4hren, und eines sch\u00f6nen, oder vielmehr eines kalten Tages im November rollte ein Zug mit Deportierten aus Bayern in Essen ein.\u201c Die bayerische Vorliebe f\u00fcr Abschiebungen als L\u00f6sung hat also Tradition.<\/p>\n<p><!--more--><br \/>\nDie Haltung gegen\u00fcber den Fl\u00fcchtlingen war anderswo freilich kaum besser. Als mein Vater 1948 \u2013 nicht mehr in Uniform \u2013 nach Deutschland <a title=\"zur\u00fcckkehrte\" href=\"http:\/\/www.amazon.de\/Heimliche-Erinnerungen-Deutschland-1904-1933\/dp\/3886807649\" target=\"_blank\">zur\u00fcckkehrte<\/a>, stellte er fest, dass \u201ein Schleswig die d\u00e4nische und die ostpreu\u00dfische Frage die Menschen am meisten besch\u00e4ftigte\u201c. Ein SPD-Lokalpolitiker sagte \u00fcber die Fl\u00fcchtlinge aus Ostpreu\u00dfen: \u201eSie stellen einen Fremdk\u00f6rper dar, und die Eltern machen sich Sorgen um ihre Kinder &#8230;\u201c Ein D\u00e4ne aus Schleswig beklagte den mangelhaften Kampfwillen der Schleswiger: \u201e(Die Ostpreu\u00dfen) m\u00fcssen weg, so viel steht fest, sonst \u00e4ndert sich der Charakter unseres Landes.\u201c Auf einer von der Besatzungsmacht organisierten Veranstaltung \u00fcber Mischehen (!) wurde \u2013 nach einer Diskussion \u00fcber Ehen \u201ezwischen Negern und Wei\u00dfen\u201c \u2013 gefragt, \u201eob eine Heirat zwischen Ostpreu\u00dfen und Schleswigern etwas W\u00fcnschenswertes sei, wo doch die Ostpreu\u00dfen ein \u201aartfremdes Element\u2019 darstellten.\u201c Im bayerischen Lindau sagte ein Freund meines Vaters: \u201eJa, die Deutschen sind ein verderbtes Volk. Aber ich hege immer noch die Hoffnung, dass die Menschen s\u00fcdlich der Donau anders beschaffen sind.\u201c<br \/>\nSo viel \u00fcbrigens zum Deutschenhass.<\/p>\n<p><strong>Die Balkan-Erfahrung<\/strong><br \/>\nW\u00e4hrend der jugoslawischen Kriege Mitte bis Ende der 1990er Jahre wurden mindestens eine halbe Million Fl\u00fcchtlinge aufgenommen, vornehmlich aus Bosnien. Auch das ging nicht ohne Friktionen ab. Viele sind inzwischen \u2013 anders als die Vertriebenen und Fl\u00fcchtlinge aus den ehemals deutschen Ostgebieten, denen die R\u00fcckkehr nicht m\u00f6glich war \u2013 zur\u00fcckgekehrt in ihre Heimat, auch wenn sie sich fast bis zur Unkenntlichkeit ver\u00e4ndert hat und unter der \u00c4gide von Nato, UN und EU aus der multikulturellen Republik ein nach Konfessionen (\u201eEthnien\u201c) getrenntes Vorzeigeland \u201eidentit\u00e4rer\u201c Politik geworden ist.<br \/>\nDie R\u00fcckkehrwilligen bekamen vom deutschen Staat Starthilfen; in Bosnien wurde mit Hilfe der UN-Fl\u00fcchtlingsorganisation UNHCR daf\u00fcr gesorgt, dass alle Vertriebenen ihren Besitz zur\u00fcck erhielten. Die wenigsten Bosnier, die ein Haus dort besa\u00dfen, wo eine andere \u201eEthnie\u201c die Mehrheit stellte, wollten dorthin zur\u00fcckkehren; sie konnten aber ihren Besitz verkaufen und mit dem Geld anderswo eine Existenz unter \u201eihresgleichen\u201c aufbauen. Immerhin.<br \/>\nVoraussetzung der R\u00fcckkehr waren freilich weder die Starthilfe noch die R\u00fcckerstattung des Grundbesitzes; Voraussetzung war, dass der lange, allzu lange geduldete B\u00fcrgerkrieg in Bosnien (ausgel\u00f6st durch die serbische Aggression) endlich mit Waffengewalt beendet und das Land faktisch besetzt und zu einer Kolonie der EU gemacht wurde.<br \/>\nAnders ist an eine R\u00fcckkehr der syrischen Fl\u00fcchtlinge nicht zu denken.<\/p>\n<p><strong>Syrien teilen!<\/strong><br \/>\nEs ist absurd, dass ein Mini-Diktator wie Baschar al-Assad sein Land in den Abgrund f\u00fchren, Hunderttausende t\u00f6ten und Millionen vertreiben konnte, w\u00e4hrend die m\u00e4chtigsten L\u00e4nder der Erde tatenlos zusahen und zusehen. Es ist noch absurder, dass eine Guerilla-Armee von einigen tausend mittelm\u00e4\u00dfig ausgebildeten Terroristen einen so genannten \u201eIslamischen Staat\u201c in Syrien und Nordirak aufbauen und weitere Tausende morden und Hunderttausende vertreiben konnte, w\u00e4hrend der Rest der Welt hilflos zusah und zusieht.<br \/>\nAssad \u00fcbertrifft, was die Brutalit\u00e4t angeht, Milosevic um ein Vielfaches. Und der Islamische Staat geht noch brutaler zu Werk als die serbischen Milizen in Bosnien \u2013 obwohl ein Massenmord vom Umfang Srebrenicas noch aussteht. Warum wird diesen Leuten nicht das Handwerk gelegt? Der Westen hat in Afghanistan und im Irak gen\u00fcgend Erfahrungen gesammelt, um in Syrien erfolgreich ein Regime Change zu bewerkstelligen und das Land unter der \u00c4gide der UN wenigstens notd\u00fcrftig zu befrieden. Vor zwei Jahren schrieb ich <a title=\"hier\" href=\"https:\/\/starke-meinungen.de\/blog\/2013\/07\/30syrien-muss-geteilt-werden\/\" target=\"_blank\">hier<\/a>, dass dieses \u201eBefrieden\u201c bedeuten w\u00fcrde, das Land zu teilen; und dieser Meinung bin ich immer noch.<\/p>\n<p><strong>Boots on the ground<\/strong><\/p>\n<p>Damals freilich dachte ich, diese Teilung k\u00f6nnte ohne milit\u00e4rische Intervention bewerkstelligt werden. Heute denke ich das nicht mehr. Und mit \u201emilit\u00e4rischer Intervention\u201c meine ich nicht die erstaunlich erfolglose Bombardierung des IS oder die unverantwortliche Bewaffnung der Kurden. Ohne \u201eboots on the ground\u201c werden solche Ma\u00dfnahmen den B\u00fcrgerkrieg nur verl\u00e4ngern.<br \/>\nWarum wird das nicht gemacht? Weil arabische Tote nicht so wichtig sind? Das m\u00f6chte man nicht unterstellen. Eher spielt der mangelnde Will des Westens eine Rolle, das auszu\u00fcben, was \u2013 ebenfalls hier, ebenfalls vor zwei Jahren \u2013 einen \u201eprogressiven Imperialismus\u201c <a title=\"genannt\" href=\"https:\/\/starke-meinungen.de\/blog\/2013\/09\/17\/das-ende-des-progressiven-imperialismus\/\" target=\"_blank\">genannt<\/a> habe.<br \/>\nDamals schrieb ich: \u201eWie wenig Amerika heute noch an die M\u00f6glichkeit eines progressiven Imperialismus glaubt, sieht man an der Syrien-Politik. Obamas Position ist von Anfang an vom Unwillen getrieben worden, eine Ordnungsrolle im Konflikt \u00fcbernehmen zu m\u00fcssen. Bei allen Schwankungen im Einzelnen hat es immer eine klare Botschaft gegeben: Die USA werden keine Truppen schicken; sie werden sich nicht am nation building beteiligen. Obama mag Demokrat sein, innenpolitisch sogar linker Demokrat, aber in Syrien hat er eine klassische konservative Linie verfolgt. (&#8230;) Dass Obama so schnell auf Putins \u2013 m\u00f6glicherwiese gar nicht ernst gemeintes \u2013 Angebot einer gemeinsamen Beseitigung der syrischen Massenvernichtungswaffen einging, hat auch mit der \u00dcberlegung zu tun, dass ein milit\u00e4rischer Schlag gegen Assad den Diktator so schw\u00e4chen k\u00f6nnte, dass Syrien ganz oder teilweise in die Hand von Dschihadisten fallen k\u00f6nnte, was Amerika zu einer intensiveren und l\u00e4ngeren Intervention zwingen k\u00f6nnte, um den Kurden und den pro-westlichen Oppositionellen beizustehen.\u201c<\/p>\n<p><strong>&#8222;You break it, you own it&#8220;<\/strong><br \/>\nDas, was Obama f\u00fcrchtete, ist inzwischen eingetreten; der Westen muss handeln. Die Beispiele Libyen und Syrien zeigen, dass man mit Bombenkampagnen ein Land nicht befrieden kann, jedenfalls nicht, wenn man keine starken Verb\u00fcndeten hat, denen man die Staatsmacht \u00fcbergibt. Wie Colin Powell zu George W. Bush vor dem Irak-Krieg sagte: \u201eYou break it, you own it.\u201c Wenn man die Regierung eines Landes zerst\u00f6rt, hat man die Verantwortung f\u00fcr das Land. Das gilt f\u00fcr Libyen, und das gilt auch f\u00fcr Syrien; und es ist kein Zufall, dass beide L\u00e4nder eine Schl\u00fcsselrolle bei der gegenw\u00e4rtigen Fl\u00fcchtlingskrise spielen. Weil wir \u2013 der Westen, die USA, die Nato, die EU \u2013 die Verantwortung f\u00fcr die Schaffung von Staatlichkeit in diesen Regionen scheuen, m\u00fcssen wir die Folgen in Gestalt der heutigen Fl\u00fcchtlingswellen tragen.<br \/>\nEntweder wir entschlie\u00dfen uns, in der Post-Obama-\u00c4ra auf eine Wiederbelebung des progressiven Imperialismus zu dr\u00e4ngen, Libyens Staatlichkeit wiederherzustellen und Syrien unter Kuratel zu stellen \u2013 oder wir h\u00f6ren auf, mit frommem Augenaufschlag davon zu reden, dass die Syrer und andere einmal nach Hause kehren werden und hier nur \u201eAsyl\u201c suchen. Dann sind sie auf Dauer hier, wie die Ostpreu\u00dfen, und wir sollten sie genau so gut \u2013 nein besser \u2013 aufnehmen. Ich bin aber daf\u00fcr, sie nach Hause zu schicken \u2013 in ein Land, das f\u00fcr sie ein Zuhause sein kann, das wir aber erst schaffen m\u00fcssen.<\/p>\n<div class=\"shariff shariff-align-left shariff-widget-align-left shariff-buttonstretch\" style=\"display:none\"><ul class=\"shariff-buttons theme-white orientation-horizontal buttonsize-medium\"><li class=\"shariff-button facebook shariff-nocustomcolor\" style=\"background-color:#4273c8\"><a href=\"https:\/\/www.facebook.com\/sharer\/sharer.php?u=https%3A%2F%2Fstarke-meinungen.de%2Fblog%2F2015%2F08%2F31%2Fschickt-die-syrer-nach-hause%2F\" title=\"Bei Facebook teilen\" aria-label=\"Bei Facebook teilen\" role=\"button\" rel=\"nofollow\" class=\"shariff-link\" style=\"; background-color:#3b5998; color:#3b5998\" target=\"_blank\"><span class=\"shariff-icon\" style=\"fill:#3b5998\"><svg width=\"32px\" height=\"20px\" xmlns=\"http:\/\/www.w3.org\/2000\/svg\" viewBox=\"0 0 18 32\"><path fill=\"#3b5998\" d=\"M17.1 0.2v4.7h-2.8q-1.5 0-2.1 0.6t-0.5 1.9v3.4h5.2l-0.7 5.3h-4.5v13.6h-5.5v-13.6h-4.5v-5.3h4.5v-3.9q0-3.3 1.9-5.2t5-1.8q2.6 0 4.1 0.2z\"\/><\/svg><\/span><span class=\"shariff-text\" style=\"color:#3b5998\">teilen<\/span>&nbsp;<\/a><\/li><li class=\"shariff-button twitter shariff-nocustomcolor\" style=\"background-color:#595959\"><a href=\"https:\/\/twitter.com\/share?url=https%3A%2F%2Fstarke-meinungen.de%2Fblog%2F2015%2F08%2F31%2Fschickt-die-syrer-nach-hause%2F&text=Schickt%20die%20Syrer%20nach%20Hause%21&via=starkemeinungen\" title=\"Bei X teilen\" aria-label=\"Bei X teilen\" role=\"button\" rel=\"noopener nofollow\" class=\"shariff-link\" style=\"; background-color:#000; color:#000\" target=\"_blank\"><span class=\"shariff-icon\" style=\"fill:#000\"><svg width=\"32px\" height=\"20px\" xmlns=\"http:\/\/www.w3.org\/2000\/svg\" viewBox=\"0 0 24 24\"><path fill=\"#000\" d=\"M14.258 10.152L23.176 0h-2.113l-7.747 8.813L7.133 0H0l9.352 13.328L0 23.973h2.113l8.176-9.309 6.531 9.309h7.133zm-2.895 3.293l-.949-1.328L2.875 1.56h3.246l6.086 8.523.945 1.328 7.91 11.078h-3.246zm0 0\"\/><\/svg><\/span><span class=\"shariff-text\" style=\"color:#000\">teilen<\/span>&nbsp;<\/a><\/li><li class=\"shariff-button linkedin shariff-nocustomcolor\" style=\"background-color:#1488bf\"><a href=\"https:\/\/www.linkedin.com\/sharing\/share-offsite\/?url=https%3A%2F%2Fstarke-meinungen.de%2Fblog%2F2015%2F08%2F31%2Fschickt-die-syrer-nach-hause%2F\" title=\"Bei LinkedIn teilen\" aria-label=\"Bei LinkedIn teilen\" role=\"button\" rel=\"noopener nofollow\" class=\"shariff-link\" style=\"; background-color:#0077b5; color:#0077b5\" target=\"_blank\"><span class=\"shariff-icon\" style=\"fill:#0077b5\"><svg width=\"32px\" height=\"20px\" xmlns=\"http:\/\/www.w3.org\/2000\/svg\" viewBox=\"0 0 27 32\"><path fill=\"#0077b5\" d=\"M6.2 11.2v17.7h-5.9v-17.7h5.9zM6.6 5.7q0 1.3-0.9 2.2t-2.4 0.9h0q-1.5 0-2.4-0.9t-0.9-2.2 0.9-2.2 2.4-0.9 2.4 0.9 0.9 2.2zM27.4 18.7v10.1h-5.9v-9.5q0-1.9-0.7-2.9t-2.3-1.1q-1.1 0-1.9 0.6t-1.2 1.5q-0.2 0.5-0.2 1.4v9.9h-5.9q0-7.1 0-11.6t0-5.3l0-0.9h5.9v2.6h0q0.4-0.6 0.7-1t1-0.9 1.6-0.8 2-0.3q3 0 4.9 2t1.9 6z\"\/><\/svg><\/span><span class=\"shariff-text\" style=\"color:#0077b5\">teilen<\/span>&nbsp;<\/a><\/li><li class=\"shariff-button xing shariff-nocustomcolor\" style=\"background-color:#29888a\"><a href=\"https:\/\/www.xing.com\/spi\/shares\/new?url=https%3A%2F%2Fstarke-meinungen.de%2Fblog%2F2015%2F08%2F31%2Fschickt-die-syrer-nach-hause%2F\" title=\"Bei XING teilen\" aria-label=\"Bei XING teilen\" role=\"button\" rel=\"noopener nofollow\" class=\"shariff-link\" style=\"; background-color:#126567; color:#126567\" target=\"_blank\"><span class=\"shariff-icon\" style=\"fill:#126567\"><svg width=\"32px\" height=\"20px\" xmlns=\"http:\/\/www.w3.org\/2000\/svg\" viewBox=\"0 0 25 32\"><path fill=\"#126567\" d=\"M10.7 11.9q-0.2 0.3-4.6 8.2-0.5 0.8-1.2 0.8h-4.3q-0.4 0-0.5-0.3t0-0.6l4.5-8q0 0 0 0l-2.9-5q-0.2-0.4 0-0.7 0.2-0.3 0.5-0.3h4.3q0.7 0 1.2 0.8zM25.1 0.4q0.2 0.3 0 0.7l-9.4 16.7 6 11q0.2 0.4 0 0.6-0.2 0.3-0.6 0.3h-4.3q-0.7 0-1.2-0.8l-6-11.1q0.3-0.6 9.5-16.8 0.4-0.8 1.2-0.8h4.3q0.4 0 0.5 0.3z\"\/><\/svg><\/span><span class=\"shariff-text\" style=\"color:#126567\">teilen<\/span>&nbsp;<\/a><\/li><li class=\"shariff-button whatsapp shariff-nocustomcolor\" style=\"background-color:#5cbe4a\"><a href=\"https:\/\/api.whatsapp.com\/send?text=https%3A%2F%2Fstarke-meinungen.de%2Fblog%2F2015%2F08%2F31%2Fschickt-die-syrer-nach-hause%2F%20Schickt%20die%20Syrer%20nach%20Hause%21\" title=\"Bei Whatsapp teilen\" aria-label=\"Bei Whatsapp teilen\" role=\"button\" rel=\"noopener nofollow\" class=\"shariff-link\" style=\"; background-color:#34af23; color:#34af23\" target=\"_blank\"><span class=\"shariff-icon\" style=\"fill:#34af23\"><svg width=\"32px\" height=\"20px\" xmlns=\"http:\/\/www.w3.org\/2000\/svg\" viewBox=\"0 0 32 32\"><path fill=\"#34af23\" d=\"M17.6 17.4q0.2 0 1.7 0.8t1.6 0.9q0 0.1 0 0.3 0 0.6-0.3 1.4-0.3 0.7-1.3 1.2t-1.8 0.5q-1 0-3.4-1.1-1.7-0.8-3-2.1t-2.6-3.3q-1.3-1.9-1.3-3.5v-0.1q0.1-1.6 1.3-2.8 0.4-0.4 0.9-0.4 0.1 0 0.3 0t0.3 0q0.3 0 0.5 0.1t0.3 0.5q0.1 0.4 0.6 1.6t0.4 1.3q0 0.4-0.6 1t-0.6 0.8q0 0.1 0.1 0.3 0.6 1.3 1.8 2.4 1 0.9 2.7 1.8 0.2 0.1 0.4 0.1 0.3 0 1-0.9t0.9-0.9zM14 26.9q2.3 0 4.3-0.9t3.6-2.4 2.4-3.6 0.9-4.3-0.9-4.3-2.4-3.6-3.6-2.4-4.3-0.9-4.3 0.9-3.6 2.4-2.4 3.6-0.9 4.3q0 3.6 2.1 6.6l-1.4 4.2 4.3-1.4q2.8 1.9 6.2 1.9zM14 2.2q2.7 0 5.2 1.1t4.3 2.9 2.9 4.3 1.1 5.2-1.1 5.2-2.9 4.3-4.3 2.9-5.2 1.1q-3.5 0-6.5-1.7l-7.4 2.4 2.4-7.2q-1.9-3.2-1.9-6.9 0-2.7 1.1-5.2t2.9-4.3 4.3-2.9 5.2-1.1z\"\/><\/svg><\/span><span class=\"shariff-text\" style=\"color:#34af23\">teilen<\/span>&nbsp;<\/a><\/li><li class=\"shariff-button info shariff-nocustomcolor\" style=\"background-color:#a8a8a8\"><a href=\"http:\/\/ct.de\/-2467514\" title=\"Weitere Informationen\" aria-label=\"Weitere Informationen\" role=\"button\" rel=\"noopener \" class=\"shariff-link\" style=\"; background-color:#999; color:#999\" target=\"_blank\"><span class=\"shariff-icon\" style=\"fill:#999\"><svg width=\"32px\" height=\"20px\" xmlns=\"http:\/\/www.w3.org\/2000\/svg\" viewBox=\"0 0 11 32\"><path fill=\"#999\" d=\"M11.4 24v2.3q0 0.5-0.3 0.8t-0.8 0.4h-9.1q-0.5 0-0.8-0.4t-0.4-0.8v-2.3q0-0.5 0.4-0.8t0.8-0.4h1.1v-6.8h-1.1q-0.5 0-0.8-0.4t-0.4-0.8v-2.3q0-0.5 0.4-0.8t0.8-0.4h6.8q0.5 0 0.8 0.4t0.4 0.8v10.3h1.1q0.5 0 0.8 0.4t0.3 0.8zM9.2 3.4v3.4q0 0.5-0.4 0.8t-0.8 0.4h-4.6q-0.4 0-0.8-0.4t-0.4-0.8v-3.4q0-0.4 0.4-0.8t0.8-0.4h4.6q0.5 0 0.8 0.4t0.4 0.8z\"\/><\/svg><\/span><\/a><\/li><\/ul><\/div>","protected":false},"excerpt":{"rendered":"<p>Es ist wahr: Deutschland \u2013 zumal Westdeutschland \u2013 hat Erfahrungen mit Fl\u00fcchtlingen. Millionen kamen aus den Ostgebieten. Hunderttausende aus der DDR. Sie wurden absorbiert und integriert, wenn auch nicht ohne Konflikte. Mein Vater, damals britische Besatzungsoffizier, notierte 1946: \u201eEs ist letzthin vorgekommen, dass es den \u201aamerikanischen\u2019 Deutschen in Bayern zuviel wurde, den \u201aenglischen\u2019 Deutschen aus der Ruhr auf Monate und&#8230; <a href=\"https:\/\/starke-meinungen.de\/blog\/2015\/08\/31\/schickt-die-syrer-nach-hause\/\">Weiterlesen &raquo;<\/a><\/p>\n","protected":false},"author":13,"featured_media":0,"comment_status":"open","ping_status":"open","sticky":false,"template":"","format":"standard","meta":{"footnotes":""},"categories":[209,1],"tags":[2292,2356,2272,1733,890,2438,2009],"class_list":["post-4934","post","type-post","status-publish","format-standard","hentry","category-alan-posener","category-allgemein","tag-balkan","tag-barack-obama","tag-bosnien","tag-fluchtlinge","tag-imperialismus","tag-neocons","tag-syrien"],"yoast_head":"<!-- This site is optimized with the Yoast SEO plugin v27.5 - https:\/\/yoast.com\/product\/yoast-seo-wordpress\/ -->\n<title>Schickt die Syrer nach Hause! - starke-meinungen.de<\/title>\n<meta name=\"robots\" content=\"index, follow, max-snippet:-1, max-image-preview:large, max-video-preview:-1\" \/>\n<link rel=\"canonical\" href=\"https:\/\/starke-meinungen.de\/blog\/2015\/08\/31\/schickt-die-syrer-nach-hause\/\" \/>\n<meta property=\"og:locale\" content=\"de_DE\" \/>\n<meta property=\"og:type\" content=\"article\" \/>\n<meta property=\"og:title\" content=\"Schickt die Syrer nach Hause! - starke-meinungen.de\" \/>\n<meta property=\"og:description\" content=\"Es ist wahr: Deutschland \u2013 zumal Westdeutschland \u2013 hat Erfahrungen mit Fl\u00fcchtlingen. Millionen kamen aus den Ostgebieten. Hunderttausende aus der DDR. Sie wurden absorbiert und integriert, wenn auch nicht ohne Konflikte. Mein Vater, damals britische Besatzungsoffizier, notierte 1946: \u201eEs ist letzthin vorgekommen, dass es den \u201aamerikanischen\u2019 Deutschen in Bayern zuviel wurde, den \u201aenglischen\u2019 Deutschen aus der Ruhr auf Monate und... Weiterlesen &raquo;\" \/>\n<meta property=\"og:url\" content=\"https:\/\/starke-meinungen.de\/blog\/2015\/08\/31\/schickt-die-syrer-nach-hause\/\" \/>\n<meta property=\"og:site_name\" content=\"starke-meinungen.de\" \/>\n<meta property=\"article:publisher\" content=\"https:\/\/www.facebook.com\/starkemeinungen\/\" \/>\n<meta property=\"article:published_time\" content=\"2015-08-31T10:07:59+00:00\" \/>\n<meta property=\"article:modified_time\" content=\"2015-08-31T10:08:00+00:00\" \/>\n<meta property=\"og:image\" content=\"https:\/\/starke-meinungen.de\/blog\/wp-content\/uploads\/starke-meinungen-fb-header.jpg\" \/>\n\t<meta property=\"og:image:width\" content=\"1200\" \/>\n\t<meta property=\"og:image:height\" content=\"630\" \/>\n\t<meta property=\"og:image:type\" content=\"image\/jpeg\" \/>\n<meta name=\"author\" content=\"Alan Posener\" \/>\n<meta name=\"twitter:card\" content=\"summary_large_image\" \/>\n<meta name=\"twitter:creator\" content=\"@starkemeinungen\" \/>\n<meta name=\"twitter:site\" content=\"@starkemeinungen\" \/>\n<meta name=\"twitter:label1\" content=\"Verfasst von\" \/>\n\t<meta name=\"twitter:data1\" content=\"Alan Posener\" \/>\n\t<meta name=\"twitter:label2\" content=\"Gesch\u00e4tzte Lesezeit\" \/>\n\t<meta name=\"twitter:data2\" content=\"6\u00a0Minuten\" \/>\n<script type=\"application\/ld+json\" class=\"yoast-schema-graph\">{\"@context\":\"https:\\\/\\\/schema.org\",\"@graph\":[{\"@type\":\"Article\",\"@id\":\"https:\\\/\\\/starke-meinungen.de\\\/blog\\\/2015\\\/08\\\/31\\\/schickt-die-syrer-nach-hause\\\/#article\",\"isPartOf\":{\"@id\":\"https:\\\/\\\/starke-meinungen.de\\\/blog\\\/2015\\\/08\\\/31\\\/schickt-die-syrer-nach-hause\\\/\"},\"author\":{\"name\":\"Alan Posener\",\"@id\":\"https:\\\/\\\/starke-meinungen.de\\\/blog\\\/#\\\/schema\\\/person\\\/32d0faef7c31a37c1c89be993d7a6d28\"},\"headline\":\"Schickt die Syrer nach Hause!\",\"datePublished\":\"2015-08-31T10:07:59+00:00\",\"dateModified\":\"2015-08-31T10:08:00+00:00\",\"mainEntityOfPage\":{\"@id\":\"https:\\\/\\\/starke-meinungen.de\\\/blog\\\/2015\\\/08\\\/31\\\/schickt-die-syrer-nach-hause\\\/\"},\"wordCount\":1181,\"commentCount\":58,\"publisher\":{\"@id\":\"https:\\\/\\\/starke-meinungen.de\\\/blog\\\/#organization\"},\"keywords\":[\"Balkan\",\"Barack Obama\",\"Bosnien\",\"Fl\u00fcchtlinge\",\"Imperialismus\",\"Neocons\",\"Syrien\"],\"articleSection\":[\"Alan Posener\"],\"inLanguage\":\"de\",\"potentialAction\":[{\"@type\":\"CommentAction\",\"name\":\"Comment\",\"target\":[\"https:\\\/\\\/starke-meinungen.de\\\/blog\\\/2015\\\/08\\\/31\\\/schickt-die-syrer-nach-hause\\\/#respond\"]}]},{\"@type\":\"WebPage\",\"@id\":\"https:\\\/\\\/starke-meinungen.de\\\/blog\\\/2015\\\/08\\\/31\\\/schickt-die-syrer-nach-hause\\\/\",\"url\":\"https:\\\/\\\/starke-meinungen.de\\\/blog\\\/2015\\\/08\\\/31\\\/schickt-die-syrer-nach-hause\\\/\",\"name\":\"Schickt die Syrer nach Hause! - starke-meinungen.de\",\"isPartOf\":{\"@id\":\"https:\\\/\\\/starke-meinungen.de\\\/blog\\\/#website\"},\"datePublished\":\"2015-08-31T10:07:59+00:00\",\"dateModified\":\"2015-08-31T10:08:00+00:00\",\"breadcrumb\":{\"@id\":\"https:\\\/\\\/starke-meinungen.de\\\/blog\\\/2015\\\/08\\\/31\\\/schickt-die-syrer-nach-hause\\\/#breadcrumb\"},\"inLanguage\":\"de\",\"potentialAction\":[{\"@type\":\"ReadAction\",\"target\":[\"https:\\\/\\\/starke-meinungen.de\\\/blog\\\/2015\\\/08\\\/31\\\/schickt-die-syrer-nach-hause\\\/\"]}]},{\"@type\":\"BreadcrumbList\",\"@id\":\"https:\\\/\\\/starke-meinungen.de\\\/blog\\\/2015\\\/08\\\/31\\\/schickt-die-syrer-nach-hause\\\/#breadcrumb\",\"itemListElement\":[{\"@type\":\"ListItem\",\"position\":1,\"name\":\"Startseite\",\"item\":\"https:\\\/\\\/starke-meinungen.de\\\/blog\\\/\"},{\"@type\":\"ListItem\",\"position\":2,\"name\":\"Schickt die Syrer nach Hause!\"}]},{\"@type\":\"WebSite\",\"@id\":\"https:\\\/\\\/starke-meinungen.de\\\/blog\\\/#website\",\"url\":\"https:\\\/\\\/starke-meinungen.de\\\/blog\\\/\",\"name\":\"starke-meinungen.de\",\"description\":\"Autoren-Blog\",\"publisher\":{\"@id\":\"https:\\\/\\\/starke-meinungen.de\\\/blog\\\/#organization\"},\"potentialAction\":[{\"@type\":\"SearchAction\",\"target\":{\"@type\":\"EntryPoint\",\"urlTemplate\":\"https:\\\/\\\/starke-meinungen.de\\\/blog\\\/?s={search_term_string}\"},\"query-input\":{\"@type\":\"PropertyValueSpecification\",\"valueRequired\":true,\"valueName\":\"search_term_string\"}}],\"inLanguage\":\"de\"},{\"@type\":\"Organization\",\"@id\":\"https:\\\/\\\/starke-meinungen.de\\\/blog\\\/#organization\",\"name\":\"starke-meinungen.de\",\"url\":\"https:\\\/\\\/starke-meinungen.de\\\/blog\\\/\",\"logo\":{\"@type\":\"ImageObject\",\"inLanguage\":\"de\",\"@id\":\"https:\\\/\\\/starke-meinungen.de\\\/blog\\\/#\\\/schema\\\/logo\\\/image\\\/\",\"url\":\"https:\\\/\\\/starke-meinungen.de\\\/blog\\\/wp-content\\\/uploads\\\/starke-meinungen-fb-header.jpg\",\"contentUrl\":\"https:\\\/\\\/starke-meinungen.de\\\/blog\\\/wp-content\\\/uploads\\\/starke-meinungen-fb-header.jpg\",\"width\":1200,\"height\":630,\"caption\":\"starke-meinungen.de\"},\"image\":{\"@id\":\"https:\\\/\\\/starke-meinungen.de\\\/blog\\\/#\\\/schema\\\/logo\\\/image\\\/\"},\"sameAs\":[\"https:\\\/\\\/www.facebook.com\\\/starkemeinungen\\\/\",\"https:\\\/\\\/x.com\\\/starkemeinungen\"]},{\"@type\":\"Person\",\"@id\":\"https:\\\/\\\/starke-meinungen.de\\\/blog\\\/#\\\/schema\\\/person\\\/32d0faef7c31a37c1c89be993d7a6d28\",\"name\":\"Alan Posener\",\"image\":{\"@type\":\"ImageObject\",\"inLanguage\":\"de\",\"@id\":\"https:\\\/\\\/secure.gravatar.com\\\/avatar\\\/c75c8818a9ab78c4faa75048dba7844e2587998cda4d93f84e7d86f7e21a9b90?s=96&d=mm&r=g\",\"url\":\"https:\\\/\\\/secure.gravatar.com\\\/avatar\\\/c75c8818a9ab78c4faa75048dba7844e2587998cda4d93f84e7d86f7e21a9b90?s=96&d=mm&r=g\",\"contentUrl\":\"https:\\\/\\\/secure.gravatar.com\\\/avatar\\\/c75c8818a9ab78c4faa75048dba7844e2587998cda4d93f84e7d86f7e21a9b90?s=96&d=mm&r=g\",\"caption\":\"Alan Posener\"},\"url\":\"https:\\\/\\\/starke-meinungen.de\\\/blog\\\/author\\\/posener\\\/\"}]}<\/script>\n<!-- \/ Yoast SEO plugin. -->","yoast_head_json":{"title":"Schickt die Syrer nach Hause! - starke-meinungen.de","robots":{"index":"index","follow":"follow","max-snippet":"max-snippet:-1","max-image-preview":"max-image-preview:large","max-video-preview":"max-video-preview:-1"},"canonical":"https:\/\/starke-meinungen.de\/blog\/2015\/08\/31\/schickt-die-syrer-nach-hause\/","og_locale":"de_DE","og_type":"article","og_title":"Schickt die Syrer nach Hause! - starke-meinungen.de","og_description":"Es ist wahr: Deutschland \u2013 zumal Westdeutschland \u2013 hat Erfahrungen mit Fl\u00fcchtlingen. Millionen kamen aus den Ostgebieten. Hunderttausende aus der DDR. Sie wurden absorbiert und integriert, wenn auch nicht ohne Konflikte. Mein Vater, damals britische Besatzungsoffizier, notierte 1946: \u201eEs ist letzthin vorgekommen, dass es den \u201aamerikanischen\u2019 Deutschen in Bayern zuviel wurde, den \u201aenglischen\u2019 Deutschen aus der Ruhr auf Monate und... Weiterlesen &raquo;","og_url":"https:\/\/starke-meinungen.de\/blog\/2015\/08\/31\/schickt-die-syrer-nach-hause\/","og_site_name":"starke-meinungen.de","article_publisher":"https:\/\/www.facebook.com\/starkemeinungen\/","article_published_time":"2015-08-31T10:07:59+00:00","article_modified_time":"2015-08-31T10:08:00+00:00","og_image":[{"width":1200,"height":630,"url":"https:\/\/starke-meinungen.de\/blog\/wp-content\/uploads\/starke-meinungen-fb-header.jpg","type":"image\/jpeg"}],"author":"Alan Posener","twitter_card":"summary_large_image","twitter_creator":"@starkemeinungen","twitter_site":"@starkemeinungen","twitter_misc":{"Verfasst von":"Alan Posener","Gesch\u00e4tzte Lesezeit":"6\u00a0Minuten"},"schema":{"@context":"https:\/\/schema.org","@graph":[{"@type":"Article","@id":"https:\/\/starke-meinungen.de\/blog\/2015\/08\/31\/schickt-die-syrer-nach-hause\/#article","isPartOf":{"@id":"https:\/\/starke-meinungen.de\/blog\/2015\/08\/31\/schickt-die-syrer-nach-hause\/"},"author":{"name":"Alan Posener","@id":"https:\/\/starke-meinungen.de\/blog\/#\/schema\/person\/32d0faef7c31a37c1c89be993d7a6d28"},"headline":"Schickt die Syrer nach Hause!","datePublished":"2015-08-31T10:07:59+00:00","dateModified":"2015-08-31T10:08:00+00:00","mainEntityOfPage":{"@id":"https:\/\/starke-meinungen.de\/blog\/2015\/08\/31\/schickt-die-syrer-nach-hause\/"},"wordCount":1181,"commentCount":58,"publisher":{"@id":"https:\/\/starke-meinungen.de\/blog\/#organization"},"keywords":["Balkan","Barack Obama","Bosnien","Fl\u00fcchtlinge","Imperialismus","Neocons","Syrien"],"articleSection":["Alan Posener"],"inLanguage":"de","potentialAction":[{"@type":"CommentAction","name":"Comment","target":["https:\/\/starke-meinungen.de\/blog\/2015\/08\/31\/schickt-die-syrer-nach-hause\/#respond"]}]},{"@type":"WebPage","@id":"https:\/\/starke-meinungen.de\/blog\/2015\/08\/31\/schickt-die-syrer-nach-hause\/","url":"https:\/\/starke-meinungen.de\/blog\/2015\/08\/31\/schickt-die-syrer-nach-hause\/","name":"Schickt die Syrer nach Hause! - starke-meinungen.de","isPartOf":{"@id":"https:\/\/starke-meinungen.de\/blog\/#website"},"datePublished":"2015-08-31T10:07:59+00:00","dateModified":"2015-08-31T10:08:00+00:00","breadcrumb":{"@id":"https:\/\/starke-meinungen.de\/blog\/2015\/08\/31\/schickt-die-syrer-nach-hause\/#breadcrumb"},"inLanguage":"de","potentialAction":[{"@type":"ReadAction","target":["https:\/\/starke-meinungen.de\/blog\/2015\/08\/31\/schickt-die-syrer-nach-hause\/"]}]},{"@type":"BreadcrumbList","@id":"https:\/\/starke-meinungen.de\/blog\/2015\/08\/31\/schickt-die-syrer-nach-hause\/#breadcrumb","itemListElement":[{"@type":"ListItem","position":1,"name":"Startseite","item":"https:\/\/starke-meinungen.de\/blog\/"},{"@type":"ListItem","position":2,"name":"Schickt die Syrer nach Hause!"}]},{"@type":"WebSite","@id":"https:\/\/starke-meinungen.de\/blog\/#website","url":"https:\/\/starke-meinungen.de\/blog\/","name":"starke-meinungen.de","description":"Autoren-Blog","publisher":{"@id":"https:\/\/starke-meinungen.de\/blog\/#organization"},"potentialAction":[{"@type":"SearchAction","target":{"@type":"EntryPoint","urlTemplate":"https:\/\/starke-meinungen.de\/blog\/?s={search_term_string}"},"query-input":{"@type":"PropertyValueSpecification","valueRequired":true,"valueName":"search_term_string"}}],"inLanguage":"de"},{"@type":"Organization","@id":"https:\/\/starke-meinungen.de\/blog\/#organization","name":"starke-meinungen.de","url":"https:\/\/starke-meinungen.de\/blog\/","logo":{"@type":"ImageObject","inLanguage":"de","@id":"https:\/\/starke-meinungen.de\/blog\/#\/schema\/logo\/image\/","url":"https:\/\/starke-meinungen.de\/blog\/wp-content\/uploads\/starke-meinungen-fb-header.jpg","contentUrl":"https:\/\/starke-meinungen.de\/blog\/wp-content\/uploads\/starke-meinungen-fb-header.jpg","width":1200,"height":630,"caption":"starke-meinungen.de"},"image":{"@id":"https:\/\/starke-meinungen.de\/blog\/#\/schema\/logo\/image\/"},"sameAs":["https:\/\/www.facebook.com\/starkemeinungen\/","https:\/\/x.com\/starkemeinungen"]},{"@type":"Person","@id":"https:\/\/starke-meinungen.de\/blog\/#\/schema\/person\/32d0faef7c31a37c1c89be993d7a6d28","name":"Alan Posener","image":{"@type":"ImageObject","inLanguage":"de","@id":"https:\/\/secure.gravatar.com\/avatar\/c75c8818a9ab78c4faa75048dba7844e2587998cda4d93f84e7d86f7e21a9b90?s=96&d=mm&r=g","url":"https:\/\/secure.gravatar.com\/avatar\/c75c8818a9ab78c4faa75048dba7844e2587998cda4d93f84e7d86f7e21a9b90?s=96&d=mm&r=g","contentUrl":"https:\/\/secure.gravatar.com\/avatar\/c75c8818a9ab78c4faa75048dba7844e2587998cda4d93f84e7d86f7e21a9b90?s=96&d=mm&r=g","caption":"Alan Posener"},"url":"https:\/\/starke-meinungen.de\/blog\/author\/posener\/"}]}},"_links":{"self":[{"href":"https:\/\/starke-meinungen.de\/blog\/wp-json\/wp\/v2\/posts\/4934","targetHints":{"allow":["GET"]}}],"collection":[{"href":"https:\/\/starke-meinungen.de\/blog\/wp-json\/wp\/v2\/posts"}],"about":[{"href":"https:\/\/starke-meinungen.de\/blog\/wp-json\/wp\/v2\/types\/post"}],"author":[{"embeddable":true,"href":"https:\/\/starke-meinungen.de\/blog\/wp-json\/wp\/v2\/users\/13"}],"replies":[{"embeddable":true,"href":"https:\/\/starke-meinungen.de\/blog\/wp-json\/wp\/v2\/comments?post=4934"}],"version-history":[{"count":1,"href":"https:\/\/starke-meinungen.de\/blog\/wp-json\/wp\/v2\/posts\/4934\/revisions"}],"predecessor-version":[{"id":4935,"href":"https:\/\/starke-meinungen.de\/blog\/wp-json\/wp\/v2\/posts\/4934\/revisions\/4935"}],"wp:attachment":[{"href":"https:\/\/starke-meinungen.de\/blog\/wp-json\/wp\/v2\/media?parent=4934"}],"wp:term":[{"taxonomy":"category","embeddable":true,"href":"https:\/\/starke-meinungen.de\/blog\/wp-json\/wp\/v2\/categories?post=4934"},{"taxonomy":"post_tag","embeddable":true,"href":"https:\/\/starke-meinungen.de\/blog\/wp-json\/wp\/v2\/tags?post=4934"}],"curies":[{"name":"wp","href":"https:\/\/api.w.org\/{rel}","templated":true}]}}