

{"id":4917,"date":"2015-08-21T05:28:03","date_gmt":"2015-08-21T05:28:03","guid":{"rendered":"https:\/\/starke-meinungen.de\/blog\/?p=4917"},"modified":"2015-08-21T05:28:03","modified_gmt":"2015-08-21T05:28:03","slug":"regierungspropaganda-eines-beflissenen-adlatus","status":"publish","type":"post","link":"https:\/\/starke-meinungen.de\/blog\/2015\/08\/21\/regierungspropaganda-eines-beflissenen-adlatus\/","title":{"rendered":"Regierungspropaganda eines beflissenen Adlatus"},"content":{"rendered":"<p>Aus der Politik kennt man das Ph\u00e4nomen, dass degradierte Politiker sich in den Schmollwinkel zur\u00fcckziehen und alles, was sie zuvor vollmundig vertreten haben, als sch\u00e4dlich verdammen. Wir lernen: Auch in der Politik ist Rache s\u00fc\u00df. Die Herren Friedrich und Ramsauer (CSU) geh\u00f6ren zu dieser Spezies. Dann gibt es noch Norbert R\u00f6ttgen (CDU), der ganz anders auf die Herabstufung durch Angela Merkel reagiert. Er ist heute Vorsitzender des Ausw\u00e4rtigen Ausschusses des deutschen Bundestages, was kein unwichtiges Amt ist. Von Schmollen keine Spur! Er geriert sich vielmehr als beflissener Adlatus der Kanzlerin und gl\u00fchender Verfechter ihrer Griechenland-Rettungspolitik. Sein Engagement wirkt so, als wolle er seinen Bedeutungsverlust durch \u00dcbermotivation kompensieren.<!--more--><\/p>\n<p>In der FAZ schrieb er am 15. 08. 2015 einen Artikel, der ein bemerkenswertes Gest\u00e4ndnis enth\u00e4lt, um das sich die Kanzlerin bisher immer schamhaft herumgedr\u00fcckt hat. R\u00f6ttgen schreibt: <em>&#8222;&#8230;die M\u00f6glichkeit, irgendeinem Mitglied den Euro zu nehmen, besteht nicht. Der Euro ist unumkehrbar&#8230;&#8220; &#8211; &#8222;Die neue gemeinschaftliche Souver\u00e4nit\u00e4t kennt schon rechtlich keinen Austritt, geschweige denn einen Ausschluss.&#8220; <\/em>War Sch\u00e4ubles Drohung mit dem Grexit auf Zeit also nur ein Scheingefecht, um der skeptischen \u00d6ffentlichkeit deutsche H\u00e4rte vorzuf\u00fchren? Gepolter als Show? Wenn es einem Land, das wirtschaftlich und finanziell am Boden liegt, unm\u00f6glich ist, aus dem Euro-Verbund auszuscheiden, hei\u00dft das im Klartext, dass die Solidargemeinschaft der Euro-Staaten alle Finanzmittel aufwenden muss, die n\u00f6tig sind, den taumelnden Staat zu sanieren &#8211; zeitlich unbegrenzt und ohne finanzielles Limit. Dann h\u00e4tten wir genau das, was die Regierung immer vehement abgestritten hat: eine europ\u00e4ische Haftungs- und Transfergemeinschaft. Im Grund muss die deutsche \u00d6ffentlichkeit R\u00f6ttgen daf\u00fcr dankbar sein, dass er diese Katze aus dem Sack gelassen hat.<\/p>\n<p>Nat\u00fcrlich ist R\u00f6ttgen klar, was er mit der Feststellung der zwangsl\u00e4ufigen, unbegrenzten Haftung f\u00fcr Staaten am Abgrund angerichtet hat. Deshalb bem\u00fcht er sich geflissentlich, zu versichern, die Unumkehrbarkeit der Euro-Zugeh\u00f6rigkeit sei <em>&#8222;kein Freibrief f\u00fcr politische Erpressung&#8220;.<\/em> Dies ist reine Rhetorik, die durch die Realit\u00e4t st\u00e4ndig widerlegt wird. H\u00e4tten sich Europ\u00e4ische Kommission und Europ\u00e4ischer Rat nicht lauthals f\u00fcr Griechenlands Verbleib im Euro verb\u00fcrgt, h\u00e4tten die Finanzm\u00e4rkte ihren Daumen \u00fcber dem Land, das total am Boden liegt, l\u00e4ngst gesenkt. Wer au\u00dfer Euro-Idealisten wie Jean Claude Juncker traut den Hasardeuren um Alexis Tsipras noch zu, das f\u00fcr Griechenlands Konsolidierung N\u00f6tige zu tun? Wieso sollte er in Zukunft die Auflagen erf\u00fcllen, die er Monate lang als &#8222;w\u00fcrdeloses Diktat&#8220; der EU bek\u00e4mpft hat? Im Grunde hat die Erpressung durch die linksradikale griechische Regierung fabelhaft funktioniert. Tsipras hat in Windeseile kapiert, wie das System funktioniert. Er hat gepokert und das Spiel gewonnen. Er bekommt 86 Milliarden neue Kredite, die Reformauflagen m\u00fcssen zuerst noch die parlamentarische H\u00fcrde nehmen, was in Griechenland immer bedeutet, dass sie verw\u00e4ssert, verz\u00f6gert oder sabotiert werden. Au\u00dferdem ist der strengste &#8222;Aufseher&#8220;, der Internationale W\u00e4hrungsfonds (IWF,) nicht mehr mit im Boot, was der griechischen Regierung sicher sehr gelegen kommt. Da Tsipras am 20. September in Griechenland neu w\u00e4hlen lassen will, steht au\u00dferdem in den Sternen, ob er nach der Wahl \u00fcber eine handlungsf\u00e4hige Parlamentsmehrheit verf\u00fcgen wird. Aber die Hilfsgelder sollen flie\u00dfen &#8211; sofort.<\/p>\n<p>R\u00f6ttgen wei\u00df nat\u00fcrlich, dass die Erpressung durch Staaten, die in die Krise schlittern, st\u00e4ndig stattfindet. Vor Wahlen drohen ihre Regierungen damit, dass europafeindliche Parteien an die Macht kommen k\u00f6nnten, wenn die Sparauflagen aus Br\u00fcssel nicht gelockert werden. Oft liegt die Erpressung schlicht darin, dass einige Staaten sich weigern, die Reformen durchzuf\u00fchren, die eine nachhaltige Gesundung ihrer Volkswirtschaften bewirken k\u00f6nnten. Wenn man hartn\u00e4ckig genug ist, diese Tunix-Haltung durchzuhalten, wird man zumindest damit belohnt, dass man die Defizitkriterien des Maastricht-Vertrages ungestraft \u00fcberschreiten darf &#8211; jahrelang. Frankreich hat vorgemacht, wie das geht.<\/p>\n<p>In seinem Artikel n\u00e4hrt R\u00f6ttgen die Illusion, die Regierungen der Krisenstaaten w\u00fcrden aus Einsicht in die <em>&#8222;europ\u00e4ische Solidarit\u00e4t [<\/em>&#8230;<em>] ihre Sichtweise auf entscheidende Herausforderungen und Probleme ver\u00e4ndern&#8220;<\/em>, sprich: die Reformen durchf\u00fchren, die im Sinne der Stabilit\u00e4t der Euro-Zone notwendig w\u00e4ren. Dies ist leider reines Wunschdenken. Die Regierungen der europ\u00e4ischen Staaten werden durch ihre V\u00f6lker in Wahlen ins Amt gebracht. Deshalb sind sie auch in erster Linie ihren V\u00f6lkern gegen\u00fcber verantwortlich. Wie man diese Legitimation im europ\u00e4ischen Machtpoker ausspielt, hat doch gerade erst Alexis Tsipras &#8211; inszeniert wie ein klassisches Drama &#8211; vorgef\u00fchrt. Die Regierungen der EU-Staaten werden alles tun, um ihre Macht &#8222;zu Hause&#8220; nicht zu gef\u00e4hrden. Das ist auch der Grund, weshalb die beiden \u00f6konomisch wichtigen Euro-Staaten Frankreich und Italien seit \u00fcber zehn Jahren alle Reformen, die n\u00f6tig w\u00e4ren, um ihre Volkswirtschaften wieder konkurrenzf\u00e4hig zu machen und ihre Staatshaushalte zu sanieren, weitgehend verweigern. Kein noch so flammender Appell an die europ\u00e4ische Solidarit\u00e4t wird dies \u00e4ndern k\u00f6nnen. Etwas anderes zu glauben, ist realit\u00e4tsferne Tr\u00e4umerei.<\/p>\n<p>Das Schlimme am europ\u00e4ischen Prozess ist, dass geltendes Recht nicht mehr eingehalten wird. Das wichtigste Prinzip des Maastricht-Vertrages, wonach es verboten ist, dass Staaten der EU f\u00fcr die Schulden anderer Staaten aufkommen m\u00fcssen (&#8222;Bail-out-Verbot&#8220;), ist l\u00e4ngst durchbrochen. Der Pr\u00e4sident der Europ\u00e4ischen Zentralbank Mario Draghi finanziert ungeniert (&#8222;whatever it takes&#8220;) durch sein Aufkauf-Programm f\u00fcr Staatsanleihen die Defizite \u00fcberschuldeter Staaten. Die Maastricht-Kriterien f\u00fcr Haushaltsdefizit (3%) und Staatsverschuldung (60%) stehen nur noch auf dem Papier. Keiner h\u00e4lt sich daran, weil niemand es wagt, die Sanktionen, die f\u00fcr Verst\u00f6\u00dfe vorgesehen sind, anzuwenden.<\/p>\n<p>Einige L\u00e4nder weigern sich strikt, die Fl\u00fcchtlinge, die ihr Land betreten haben, zu registrieren, wie es die Dublin-Vereinbarung vorsieht. Sie winken die Fl\u00fcchtlinge durch und sind froh, wenn sie in Schweden oder Deutschland landen. Wen k\u00fcmmert\u00b4s? Die slowakische Regierung sortiert die ankommenden Fl\u00fcchtlinge nach ihrer Religionszugeh\u00f6rigkeit. Die Christen d\u00fcrfen bleiben, die Muslime m\u00fcssen drau\u00dfen bleiben. Kommentar des Regierungssprechers Metik: &#8222;Wir haben in der Slowakei \u00fcberhaupt keine Moscheen, es w\u00fcrde ihnen hier nicht gefallen.&#8220; Dies ist ein klarer Versto\u00df gegen europ\u00e4isches Recht und gegen die UN-Menschenrechtscharta. Doch wen st\u00f6rt\u00b4s?<\/p>\n<p>Ungarn entwickelt sich St\u00fcck f\u00fcr St\u00fcck in einen autorit\u00e4r gef\u00fchrten Staat, in dem die verb\u00fcrgten Freiheitsrechte ausgeh\u00f6hlt werden. Im \u00f6ffentlich-rechtlichen Fernsehen z\u00e4hlt nur noch die politische Loyalit\u00e4t zur Regierung Orban, nicht mehr die journalistische Professionalit\u00e4t. Hilfsorganisationen beklagen, dass in Ungarn Fl\u00fcchtlinge von der Polizei gezielt misshandelt werden, um sie abzuschrecken, im Land zu bleiben. In Rum\u00e4nien hat die sozialistische Parlamentsmehrheit ein Gesetz verabschiedet, das die in Korruption verstrickten Politiker, darunter auch den Ministerpr\u00e4sidenten Ponta, vor Strafverfolgung sch\u00fctzt. Dies ist ein Schlag ins Gesicht jeder ernsthaften Korruptionsbek\u00e4mpfung.<\/p>\n<p>Die Europ\u00e4ische Kommission ist in einen tiefen Sommerschlaf versunken und l\u00e4sst den Dingen ihren unsch\u00f6nen Lauf.<\/p>\n<p>Der ESM kennt strenge Regeln f\u00fcr die Vergabe von Krediten an notleidende Euro-Staaten. Sie d\u00fcrfen nur vergeben werden, wenn die Stabilit\u00e4t der Eurozone insgesamt bedroht ist und wenn die Schuldentragf\u00e4higkeit des Schuldners gew\u00e4hrleistet ist. Die Konferenz der Finanzminister der Euro-Zone hat am 14. August 2015 festgestellt, dass die Schuldentragf\u00e4higkeit Griechenlands nicht gegeben sei (Schuldenlast: 175% des BIP). Wegen der geringen Wirtschaftsleistung Griechenlands (nur 2% in der Euro-Zone) ist auch die Stabilit\u00e4t des Euro nicht in Gefahr. Trotzdem wird das Recht so hingebogen, dass Griechenland die Kreditsumme von 86 Milliarden Euro aus dem ESM erh\u00e4lt.<\/p>\n<p>Die G\u00fcltigkeit von Recht und Gesetz ist f\u00fcr jedes Land, das in die EU strebt, eine Kardinalvoraussetzung. In einem langwierigen Verfahren wird \u00fcberpr\u00fcft, ob die staatlichen Institutionen so beschaffen sind, dass dieser wichtige Demokratie-Grundsatz eingehalten werden kann. Wenn die Staaten dann in der EU sind, lernen sie sehr schnell, dass es mit der G\u00fcltigkeit von Regeln im europ\u00e4ischen Machtpoker nicht weit her ist. Was im nationalen Kontext zu R\u00fccktritten von Politikern oder sogar zu Strafverfolgungen f\u00fchren w\u00fcrde, wird im europ\u00e4ischen Kontext augenzwinkernd als Kavaliersdelikt behandelt. Die B\u00fcrger Europas lernen daraus, dass in der EU Recht und Gesetz weniger verbindlich sind als in ihren Heimatl\u00e4ndern &#8211; eine fatale Erkenntnis. Das d\u00fcrfte der eigentliche Grund daf\u00fcr sein, dass die Begeisterung f\u00fcr das &#8222;Projekt Europa&#8220; bei den V\u00f6lkern des Kontinents so tief gesunken ist. Der Anti-Euro-Populismus hat nicht nur finanzielle Gr\u00fcnde.<\/p>\n<p>Ich wage folgende Prophezeiung:<\/p>\n<p>Wenn sich die Eurozone nicht so reformiert, dass ein Ausscheiden eines Landes aus dem Euro m\u00f6glich ist (&#8222;geordnete Staatsinsolvenz&#8220;), wird es bei der n\u00e4chsten Krise zu solch starken Friktionen kommen, dass die Zone von sich aus auseinanderbricht. Wenn die gro\u00dfen L\u00e4nder Italien oder Frankreich den n\u00f6tigen Reformprozess nicht bald beginnen, werden sie noch tiefer fallen und die n\u00e4chsten &#8222;Pflegef\u00e4lle&#8220; und Rettungskandidaten abgeben. Sp\u00e4testens dann wird die Rettung durch diverse &#8222;Schirme&#8220; und &#8222;Pakete&#8220; an ihre Grenzen sto\u00dfen, weil niemand in der EU die dann n\u00f6tigen Riesensummen mehr stemmen kann und will. Dann wird das System auseinanderbrechen und die Staaten werden wieder zu ihren alten W\u00e4hrungen zur\u00fcckkehren.<\/p>\n<p>Ideal w\u00e4ren zwei W\u00e4hrungen, ein Euro-Nord f\u00fcr die Staaten, die solide wirtschaften und gut arbeitende Institutionen haben, und ein Euro-S\u00fcd f\u00fcr die Staaten, die unsolide wirtschaften und dysfunktionale Institutionen aufweisen. Dieses &#8222;atmende&#8220; System von W\u00e4hrungen erlaubte eine Auf- und Abwertung der jeweiligen W\u00e4hrung entsprechend der wirtschaftlichen Lage. Ein solches System tr\u00fcge der realen Wirtschaftskraft der einzelnen Staaten Rechnung und entspr\u00e4che zudem der Mentalit\u00e4t der V\u00f6lker, die man durch eine einheitliche W\u00e4hrung, den Euro, offensichtlich nicht &#8222;auf Linie zwingen&#8220; kann. Dies anzunehmen, war der gro\u00dfe Trugschluss bei der Einf\u00fchrung der Gemeinschaftsw\u00e4hrung. Kohl war ein europ\u00e4ischer Idealist, hatte aber kaum \u00f6konomischen Sachverstand.<\/p>\n<p>Mich wundert, dass es der europ\u00e4ischen politischen Klasse nicht zu denken gibt, dass der Euro mehr Feindschaft zwischen den V\u00f6lkern Europas ges\u00e4t hat als jede andere Ma\u00dfnahme der Europ\u00e4ischen Union zuvor. Wenn heute die Animosit\u00e4ten aus der NS-Zeit und dem 2. Weltkrieg wiederbelebt werden, hat dies nur eine Ursache: den Euro.<\/p>\n<p>&nbsp;<\/p>\n<div class=\"shariff shariff-align-left shariff-widget-align-left shariff-buttonstretch\" style=\"display:none\"><ul class=\"shariff-buttons theme-white orientation-horizontal buttonsize-medium\"><li class=\"shariff-button facebook shariff-nocustomcolor\" style=\"background-color:#4273c8\"><a href=\"https:\/\/www.facebook.com\/sharer\/sharer.php?u=https%3A%2F%2Fstarke-meinungen.de%2Fblog%2F2015%2F08%2F21%2Fregierungspropaganda-eines-beflissenen-adlatus%2F\" title=\"Bei Facebook teilen\" aria-label=\"Bei Facebook teilen\" role=\"button\" rel=\"nofollow\" class=\"shariff-link\" style=\"; background-color:#3b5998; color:#3b5998\" target=\"_blank\"><span class=\"shariff-icon\" style=\"fill:#3b5998\"><svg width=\"32px\" height=\"20px\" xmlns=\"http:\/\/www.w3.org\/2000\/svg\" viewBox=\"0 0 18 32\"><path fill=\"#3b5998\" d=\"M17.1 0.2v4.7h-2.8q-1.5 0-2.1 0.6t-0.5 1.9v3.4h5.2l-0.7 5.3h-4.5v13.6h-5.5v-13.6h-4.5v-5.3h4.5v-3.9q0-3.3 1.9-5.2t5-1.8q2.6 0 4.1 0.2z\"\/><\/svg><\/span><span class=\"shariff-text\" style=\"color:#3b5998\">teilen<\/span>&nbsp;<\/a><\/li><li class=\"shariff-button twitter shariff-nocustomcolor\" style=\"background-color:#595959\"><a href=\"https:\/\/twitter.com\/share?url=https%3A%2F%2Fstarke-meinungen.de%2Fblog%2F2015%2F08%2F21%2Fregierungspropaganda-eines-beflissenen-adlatus%2F&text=Regierungspropaganda%20eines%20beflissenen%20Adlatus&via=starkemeinungen\" title=\"Bei X teilen\" aria-label=\"Bei X teilen\" role=\"button\" rel=\"noopener nofollow\" class=\"shariff-link\" style=\"; background-color:#000; color:#000\" target=\"_blank\"><span class=\"shariff-icon\" style=\"fill:#000\"><svg width=\"32px\" height=\"20px\" xmlns=\"http:\/\/www.w3.org\/2000\/svg\" viewBox=\"0 0 24 24\"><path fill=\"#000\" d=\"M14.258 10.152L23.176 0h-2.113l-7.747 8.813L7.133 0H0l9.352 13.328L0 23.973h2.113l8.176-9.309 6.531 9.309h7.133zm-2.895 3.293l-.949-1.328L2.875 1.56h3.246l6.086 8.523.945 1.328 7.91 11.078h-3.246zm0 0\"\/><\/svg><\/span><span class=\"shariff-text\" style=\"color:#000\">teilen<\/span>&nbsp;<\/a><\/li><li class=\"shariff-button linkedin shariff-nocustomcolor\" style=\"background-color:#1488bf\"><a href=\"https:\/\/www.linkedin.com\/sharing\/share-offsite\/?url=https%3A%2F%2Fstarke-meinungen.de%2Fblog%2F2015%2F08%2F21%2Fregierungspropaganda-eines-beflissenen-adlatus%2F\" title=\"Bei LinkedIn teilen\" aria-label=\"Bei LinkedIn teilen\" role=\"button\" rel=\"noopener nofollow\" class=\"shariff-link\" style=\"; background-color:#0077b5; color:#0077b5\" target=\"_blank\"><span class=\"shariff-icon\" style=\"fill:#0077b5\"><svg width=\"32px\" height=\"20px\" xmlns=\"http:\/\/www.w3.org\/2000\/svg\" viewBox=\"0 0 27 32\"><path fill=\"#0077b5\" d=\"M6.2 11.2v17.7h-5.9v-17.7h5.9zM6.6 5.7q0 1.3-0.9 2.2t-2.4 0.9h0q-1.5 0-2.4-0.9t-0.9-2.2 0.9-2.2 2.4-0.9 2.4 0.9 0.9 2.2zM27.4 18.7v10.1h-5.9v-9.5q0-1.9-0.7-2.9t-2.3-1.1q-1.1 0-1.9 0.6t-1.2 1.5q-0.2 0.5-0.2 1.4v9.9h-5.9q0-7.1 0-11.6t0-5.3l0-0.9h5.9v2.6h0q0.4-0.6 0.7-1t1-0.9 1.6-0.8 2-0.3q3 0 4.9 2t1.9 6z\"\/><\/svg><\/span><span class=\"shariff-text\" style=\"color:#0077b5\">teilen<\/span>&nbsp;<\/a><\/li><li class=\"shariff-button xing shariff-nocustomcolor\" style=\"background-color:#29888a\"><a href=\"https:\/\/www.xing.com\/spi\/shares\/new?url=https%3A%2F%2Fstarke-meinungen.de%2Fblog%2F2015%2F08%2F21%2Fregierungspropaganda-eines-beflissenen-adlatus%2F\" title=\"Bei XING teilen\" aria-label=\"Bei XING teilen\" role=\"button\" rel=\"noopener nofollow\" class=\"shariff-link\" style=\"; background-color:#126567; color:#126567\" target=\"_blank\"><span class=\"shariff-icon\" style=\"fill:#126567\"><svg width=\"32px\" height=\"20px\" xmlns=\"http:\/\/www.w3.org\/2000\/svg\" viewBox=\"0 0 25 32\"><path fill=\"#126567\" d=\"M10.7 11.9q-0.2 0.3-4.6 8.2-0.5 0.8-1.2 0.8h-4.3q-0.4 0-0.5-0.3t0-0.6l4.5-8q0 0 0 0l-2.9-5q-0.2-0.4 0-0.7 0.2-0.3 0.5-0.3h4.3q0.7 0 1.2 0.8zM25.1 0.4q0.2 0.3 0 0.7l-9.4 16.7 6 11q0.2 0.4 0 0.6-0.2 0.3-0.6 0.3h-4.3q-0.7 0-1.2-0.8l-6-11.1q0.3-0.6 9.5-16.8 0.4-0.8 1.2-0.8h4.3q0.4 0 0.5 0.3z\"\/><\/svg><\/span><span class=\"shariff-text\" style=\"color:#126567\">teilen<\/span>&nbsp;<\/a><\/li><li class=\"shariff-button whatsapp shariff-nocustomcolor\" style=\"background-color:#5cbe4a\"><a href=\"https:\/\/api.whatsapp.com\/send?text=https%3A%2F%2Fstarke-meinungen.de%2Fblog%2F2015%2F08%2F21%2Fregierungspropaganda-eines-beflissenen-adlatus%2F%20Regierungspropaganda%20eines%20beflissenen%20Adlatus\" title=\"Bei Whatsapp teilen\" aria-label=\"Bei Whatsapp teilen\" role=\"button\" rel=\"noopener nofollow\" class=\"shariff-link\" style=\"; background-color:#34af23; color:#34af23\" target=\"_blank\"><span class=\"shariff-icon\" style=\"fill:#34af23\"><svg width=\"32px\" height=\"20px\" xmlns=\"http:\/\/www.w3.org\/2000\/svg\" viewBox=\"0 0 32 32\"><path fill=\"#34af23\" d=\"M17.6 17.4q0.2 0 1.7 0.8t1.6 0.9q0 0.1 0 0.3 0 0.6-0.3 1.4-0.3 0.7-1.3 1.2t-1.8 0.5q-1 0-3.4-1.1-1.7-0.8-3-2.1t-2.6-3.3q-1.3-1.9-1.3-3.5v-0.1q0.1-1.6 1.3-2.8 0.4-0.4 0.9-0.4 0.1 0 0.3 0t0.3 0q0.3 0 0.5 0.1t0.3 0.5q0.1 0.4 0.6 1.6t0.4 1.3q0 0.4-0.6 1t-0.6 0.8q0 0.1 0.1 0.3 0.6 1.3 1.8 2.4 1 0.9 2.7 1.8 0.2 0.1 0.4 0.1 0.3 0 1-0.9t0.9-0.9zM14 26.9q2.3 0 4.3-0.9t3.6-2.4 2.4-3.6 0.9-4.3-0.9-4.3-2.4-3.6-3.6-2.4-4.3-0.9-4.3 0.9-3.6 2.4-2.4 3.6-0.9 4.3q0 3.6 2.1 6.6l-1.4 4.2 4.3-1.4q2.8 1.9 6.2 1.9zM14 2.2q2.7 0 5.2 1.1t4.3 2.9 2.9 4.3 1.1 5.2-1.1 5.2-2.9 4.3-4.3 2.9-5.2 1.1q-3.5 0-6.5-1.7l-7.4 2.4 2.4-7.2q-1.9-3.2-1.9-6.9 0-2.7 1.1-5.2t2.9-4.3 4.3-2.9 5.2-1.1z\"\/><\/svg><\/span><span class=\"shariff-text\" style=\"color:#34af23\">teilen<\/span>&nbsp;<\/a><\/li><li class=\"shariff-button info shariff-nocustomcolor\" style=\"background-color:#a8a8a8\"><a href=\"http:\/\/ct.de\/-2467514\" title=\"Weitere Informationen\" aria-label=\"Weitere Informationen\" role=\"button\" rel=\"noopener \" class=\"shariff-link\" style=\"; background-color:#999; color:#999\" target=\"_blank\"><span class=\"shariff-icon\" style=\"fill:#999\"><svg width=\"32px\" height=\"20px\" xmlns=\"http:\/\/www.w3.org\/2000\/svg\" viewBox=\"0 0 11 32\"><path fill=\"#999\" d=\"M11.4 24v2.3q0 0.5-0.3 0.8t-0.8 0.4h-9.1q-0.5 0-0.8-0.4t-0.4-0.8v-2.3q0-0.5 0.4-0.8t0.8-0.4h1.1v-6.8h-1.1q-0.5 0-0.8-0.4t-0.4-0.8v-2.3q0-0.5 0.4-0.8t0.8-0.4h6.8q0.5 0 0.8 0.4t0.4 0.8v10.3h1.1q0.5 0 0.8 0.4t0.3 0.8zM9.2 3.4v3.4q0 0.5-0.4 0.8t-0.8 0.4h-4.6q-0.4 0-0.8-0.4t-0.4-0.8v-3.4q0-0.4 0.4-0.8t0.8-0.4h4.6q0.5 0 0.8 0.4t0.4 0.8z\"\/><\/svg><\/span><\/a><\/li><\/ul><\/div>","protected":false},"excerpt":{"rendered":"<p>Aus der Politik kennt man das Ph\u00e4nomen, dass degradierte Politiker sich in den Schmollwinkel zur\u00fcckziehen und alles, was sie zuvor vollmundig vertreten haben, als sch\u00e4dlich verdammen. Wir lernen: Auch in der Politik ist Rache s\u00fc\u00df. Die Herren Friedrich und Ramsauer (CSU) geh\u00f6ren zu dieser Spezies. Dann gibt es noch Norbert R\u00f6ttgen (CDU), der ganz anders auf die Herabstufung durch Angela&#8230; <a href=\"https:\/\/starke-meinungen.de\/blog\/2015\/08\/21\/regierungspropaganda-eines-beflissenen-adlatus\/\">Weiterlesen &raquo;<\/a><\/p>\n","protected":false},"author":19,"featured_media":0,"comment_status":"open","ping_status":"open","sticky":false,"template":"","format":"standard","meta":{"footnotes":""},"categories":[1,2093],"tags":[1133,1733,854,2431],"class_list":["post-4917","post","type-post","status-publish","format-standard","hentry","category-allgemein","category-rainer-werner","tag-euro-krise","tag-fluchtlinge","tag-griechenland","tag-rechtsverstoesse-in-europa"],"yoast_head":"<!-- This site is optimized with the Yoast SEO plugin v27.5 - https:\/\/yoast.com\/product\/yoast-seo-wordpress\/ -->\n<title>Regierungspropaganda eines beflissenen Adlatus - starke-meinungen.de<\/title>\n<meta name=\"robots\" content=\"index, follow, max-snippet:-1, max-image-preview:large, max-video-preview:-1\" \/>\n<link rel=\"canonical\" href=\"https:\/\/starke-meinungen.de\/blog\/2015\/08\/21\/regierungspropaganda-eines-beflissenen-adlatus\/\" \/>\n<meta property=\"og:locale\" content=\"de_DE\" \/>\n<meta property=\"og:type\" content=\"article\" \/>\n<meta property=\"og:title\" content=\"Regierungspropaganda eines beflissenen Adlatus - starke-meinungen.de\" \/>\n<meta property=\"og:description\" content=\"Aus der Politik kennt man das Ph\u00e4nomen, dass degradierte Politiker sich in den Schmollwinkel zur\u00fcckziehen und alles, was sie zuvor vollmundig vertreten haben, als sch\u00e4dlich verdammen. Wir lernen: Auch in der Politik ist Rache s\u00fc\u00df. Die Herren Friedrich und Ramsauer (CSU) geh\u00f6ren zu dieser Spezies. Dann gibt es noch Norbert R\u00f6ttgen (CDU), der ganz anders auf die Herabstufung durch Angela... Weiterlesen &raquo;\" \/>\n<meta property=\"og:url\" content=\"https:\/\/starke-meinungen.de\/blog\/2015\/08\/21\/regierungspropaganda-eines-beflissenen-adlatus\/\" \/>\n<meta property=\"og:site_name\" content=\"starke-meinungen.de\" \/>\n<meta property=\"article:publisher\" content=\"https:\/\/www.facebook.com\/starkemeinungen\/\" \/>\n<meta property=\"article:published_time\" content=\"2015-08-21T05:28:03+00:00\" \/>\n<meta property=\"og:image\" content=\"https:\/\/starke-meinungen.de\/blog\/wp-content\/uploads\/starke-meinungen-fb-header.jpg\" \/>\n\t<meta property=\"og:image:width\" content=\"1200\" \/>\n\t<meta property=\"og:image:height\" content=\"630\" \/>\n\t<meta property=\"og:image:type\" content=\"image\/jpeg\" \/>\n<meta name=\"author\" content=\"Rainer Werner\" \/>\n<meta name=\"twitter:card\" content=\"summary_large_image\" \/>\n<meta name=\"twitter:creator\" content=\"@starkemeinungen\" \/>\n<meta name=\"twitter:site\" content=\"@starkemeinungen\" \/>\n<meta name=\"twitter:label1\" content=\"Verfasst von\" \/>\n\t<meta name=\"twitter:data1\" content=\"Rainer Werner\" \/>\n\t<meta name=\"twitter:label2\" content=\"Gesch\u00e4tzte Lesezeit\" \/>\n\t<meta name=\"twitter:data2\" content=\"8\u00a0Minuten\" \/>\n<script type=\"application\/ld+json\" class=\"yoast-schema-graph\">{\"@context\":\"https:\\\/\\\/schema.org\",\"@graph\":[{\"@type\":\"Article\",\"@id\":\"https:\\\/\\\/starke-meinungen.de\\\/blog\\\/2015\\\/08\\\/21\\\/regierungspropaganda-eines-beflissenen-adlatus\\\/#article\",\"isPartOf\":{\"@id\":\"https:\\\/\\\/starke-meinungen.de\\\/blog\\\/2015\\\/08\\\/21\\\/regierungspropaganda-eines-beflissenen-adlatus\\\/\"},\"author\":{\"name\":\"Rainer Werner\",\"@id\":\"https:\\\/\\\/starke-meinungen.de\\\/blog\\\/#\\\/schema\\\/person\\\/6af826c1bb87ec75580869d830616de2\"},\"headline\":\"Regierungspropaganda eines beflissenen Adlatus\",\"datePublished\":\"2015-08-21T05:28:03+00:00\",\"mainEntityOfPage\":{\"@id\":\"https:\\\/\\\/starke-meinungen.de\\\/blog\\\/2015\\\/08\\\/21\\\/regierungspropaganda-eines-beflissenen-adlatus\\\/\"},\"wordCount\":1700,\"commentCount\":6,\"publisher\":{\"@id\":\"https:\\\/\\\/starke-meinungen.de\\\/blog\\\/#organization\"},\"keywords\":[\"Euro-Krise\",\"Fl\u00fcchtlinge\",\"Griechenland\",\"Rechtsverst\u00f6\u00dfe in Europa\"],\"articleSection\":{\"1\":\"Rainer Werner\"},\"inLanguage\":\"de\",\"potentialAction\":[{\"@type\":\"CommentAction\",\"name\":\"Comment\",\"target\":[\"https:\\\/\\\/starke-meinungen.de\\\/blog\\\/2015\\\/08\\\/21\\\/regierungspropaganda-eines-beflissenen-adlatus\\\/#respond\"]}]},{\"@type\":\"WebPage\",\"@id\":\"https:\\\/\\\/starke-meinungen.de\\\/blog\\\/2015\\\/08\\\/21\\\/regierungspropaganda-eines-beflissenen-adlatus\\\/\",\"url\":\"https:\\\/\\\/starke-meinungen.de\\\/blog\\\/2015\\\/08\\\/21\\\/regierungspropaganda-eines-beflissenen-adlatus\\\/\",\"name\":\"Regierungspropaganda eines beflissenen Adlatus - starke-meinungen.de\",\"isPartOf\":{\"@id\":\"https:\\\/\\\/starke-meinungen.de\\\/blog\\\/#website\"},\"datePublished\":\"2015-08-21T05:28:03+00:00\",\"breadcrumb\":{\"@id\":\"https:\\\/\\\/starke-meinungen.de\\\/blog\\\/2015\\\/08\\\/21\\\/regierungspropaganda-eines-beflissenen-adlatus\\\/#breadcrumb\"},\"inLanguage\":\"de\",\"potentialAction\":[{\"@type\":\"ReadAction\",\"target\":[\"https:\\\/\\\/starke-meinungen.de\\\/blog\\\/2015\\\/08\\\/21\\\/regierungspropaganda-eines-beflissenen-adlatus\\\/\"]}]},{\"@type\":\"BreadcrumbList\",\"@id\":\"https:\\\/\\\/starke-meinungen.de\\\/blog\\\/2015\\\/08\\\/21\\\/regierungspropaganda-eines-beflissenen-adlatus\\\/#breadcrumb\",\"itemListElement\":[{\"@type\":\"ListItem\",\"position\":1,\"name\":\"Startseite\",\"item\":\"https:\\\/\\\/starke-meinungen.de\\\/blog\\\/\"},{\"@type\":\"ListItem\",\"position\":2,\"name\":\"Regierungspropaganda eines beflissenen Adlatus\"}]},{\"@type\":\"WebSite\",\"@id\":\"https:\\\/\\\/starke-meinungen.de\\\/blog\\\/#website\",\"url\":\"https:\\\/\\\/starke-meinungen.de\\\/blog\\\/\",\"name\":\"starke-meinungen.de\",\"description\":\"Autoren-Blog\",\"publisher\":{\"@id\":\"https:\\\/\\\/starke-meinungen.de\\\/blog\\\/#organization\"},\"potentialAction\":[{\"@type\":\"SearchAction\",\"target\":{\"@type\":\"EntryPoint\",\"urlTemplate\":\"https:\\\/\\\/starke-meinungen.de\\\/blog\\\/?s={search_term_string}\"},\"query-input\":{\"@type\":\"PropertyValueSpecification\",\"valueRequired\":true,\"valueName\":\"search_term_string\"}}],\"inLanguage\":\"de\"},{\"@type\":\"Organization\",\"@id\":\"https:\\\/\\\/starke-meinungen.de\\\/blog\\\/#organization\",\"name\":\"starke-meinungen.de\",\"url\":\"https:\\\/\\\/starke-meinungen.de\\\/blog\\\/\",\"logo\":{\"@type\":\"ImageObject\",\"inLanguage\":\"de\",\"@id\":\"https:\\\/\\\/starke-meinungen.de\\\/blog\\\/#\\\/schema\\\/logo\\\/image\\\/\",\"url\":\"https:\\\/\\\/starke-meinungen.de\\\/blog\\\/wp-content\\\/uploads\\\/starke-meinungen-fb-header.jpg\",\"contentUrl\":\"https:\\\/\\\/starke-meinungen.de\\\/blog\\\/wp-content\\\/uploads\\\/starke-meinungen-fb-header.jpg\",\"width\":1200,\"height\":630,\"caption\":\"starke-meinungen.de\"},\"image\":{\"@id\":\"https:\\\/\\\/starke-meinungen.de\\\/blog\\\/#\\\/schema\\\/logo\\\/image\\\/\"},\"sameAs\":[\"https:\\\/\\\/www.facebook.com\\\/starkemeinungen\\\/\",\"https:\\\/\\\/x.com\\\/starkemeinungen\"]},{\"@type\":\"Person\",\"@id\":\"https:\\\/\\\/starke-meinungen.de\\\/blog\\\/#\\\/schema\\\/person\\\/6af826c1bb87ec75580869d830616de2\",\"name\":\"Rainer Werner\",\"image\":{\"@type\":\"ImageObject\",\"inLanguage\":\"de\",\"@id\":\"https:\\\/\\\/secure.gravatar.com\\\/avatar\\\/6f37dc4eff27558ec03229bb8dd7133f519865cae374548719ce45fba3788ea8?s=96&d=mm&r=g\",\"url\":\"https:\\\/\\\/secure.gravatar.com\\\/avatar\\\/6f37dc4eff27558ec03229bb8dd7133f519865cae374548719ce45fba3788ea8?s=96&d=mm&r=g\",\"contentUrl\":\"https:\\\/\\\/secure.gravatar.com\\\/avatar\\\/6f37dc4eff27558ec03229bb8dd7133f519865cae374548719ce45fba3788ea8?s=96&d=mm&r=g\",\"caption\":\"Rainer Werner\"},\"url\":\"https:\\\/\\\/starke-meinungen.de\\\/blog\\\/author\\\/werner\\\/\"}]}<\/script>\n<!-- \/ Yoast SEO plugin. -->","yoast_head_json":{"title":"Regierungspropaganda eines beflissenen Adlatus - starke-meinungen.de","robots":{"index":"index","follow":"follow","max-snippet":"max-snippet:-1","max-image-preview":"max-image-preview:large","max-video-preview":"max-video-preview:-1"},"canonical":"https:\/\/starke-meinungen.de\/blog\/2015\/08\/21\/regierungspropaganda-eines-beflissenen-adlatus\/","og_locale":"de_DE","og_type":"article","og_title":"Regierungspropaganda eines beflissenen Adlatus - starke-meinungen.de","og_description":"Aus der Politik kennt man das Ph\u00e4nomen, dass degradierte Politiker sich in den Schmollwinkel zur\u00fcckziehen und alles, was sie zuvor vollmundig vertreten haben, als sch\u00e4dlich verdammen. Wir lernen: Auch in der Politik ist Rache s\u00fc\u00df. Die Herren Friedrich und Ramsauer (CSU) geh\u00f6ren zu dieser Spezies. Dann gibt es noch Norbert R\u00f6ttgen (CDU), der ganz anders auf die Herabstufung durch Angela... Weiterlesen &raquo;","og_url":"https:\/\/starke-meinungen.de\/blog\/2015\/08\/21\/regierungspropaganda-eines-beflissenen-adlatus\/","og_site_name":"starke-meinungen.de","article_publisher":"https:\/\/www.facebook.com\/starkemeinungen\/","article_published_time":"2015-08-21T05:28:03+00:00","og_image":[{"width":1200,"height":630,"url":"https:\/\/starke-meinungen.de\/blog\/wp-content\/uploads\/starke-meinungen-fb-header.jpg","type":"image\/jpeg"}],"author":"Rainer Werner","twitter_card":"summary_large_image","twitter_creator":"@starkemeinungen","twitter_site":"@starkemeinungen","twitter_misc":{"Verfasst von":"Rainer Werner","Gesch\u00e4tzte Lesezeit":"8\u00a0Minuten"},"schema":{"@context":"https:\/\/schema.org","@graph":[{"@type":"Article","@id":"https:\/\/starke-meinungen.de\/blog\/2015\/08\/21\/regierungspropaganda-eines-beflissenen-adlatus\/#article","isPartOf":{"@id":"https:\/\/starke-meinungen.de\/blog\/2015\/08\/21\/regierungspropaganda-eines-beflissenen-adlatus\/"},"author":{"name":"Rainer Werner","@id":"https:\/\/starke-meinungen.de\/blog\/#\/schema\/person\/6af826c1bb87ec75580869d830616de2"},"headline":"Regierungspropaganda eines beflissenen Adlatus","datePublished":"2015-08-21T05:28:03+00:00","mainEntityOfPage":{"@id":"https:\/\/starke-meinungen.de\/blog\/2015\/08\/21\/regierungspropaganda-eines-beflissenen-adlatus\/"},"wordCount":1700,"commentCount":6,"publisher":{"@id":"https:\/\/starke-meinungen.de\/blog\/#organization"},"keywords":["Euro-Krise","Fl\u00fcchtlinge","Griechenland","Rechtsverst\u00f6\u00dfe in Europa"],"articleSection":{"1":"Rainer Werner"},"inLanguage":"de","potentialAction":[{"@type":"CommentAction","name":"Comment","target":["https:\/\/starke-meinungen.de\/blog\/2015\/08\/21\/regierungspropaganda-eines-beflissenen-adlatus\/#respond"]}]},{"@type":"WebPage","@id":"https:\/\/starke-meinungen.de\/blog\/2015\/08\/21\/regierungspropaganda-eines-beflissenen-adlatus\/","url":"https:\/\/starke-meinungen.de\/blog\/2015\/08\/21\/regierungspropaganda-eines-beflissenen-adlatus\/","name":"Regierungspropaganda eines beflissenen Adlatus - starke-meinungen.de","isPartOf":{"@id":"https:\/\/starke-meinungen.de\/blog\/#website"},"datePublished":"2015-08-21T05:28:03+00:00","breadcrumb":{"@id":"https:\/\/starke-meinungen.de\/blog\/2015\/08\/21\/regierungspropaganda-eines-beflissenen-adlatus\/#breadcrumb"},"inLanguage":"de","potentialAction":[{"@type":"ReadAction","target":["https:\/\/starke-meinungen.de\/blog\/2015\/08\/21\/regierungspropaganda-eines-beflissenen-adlatus\/"]}]},{"@type":"BreadcrumbList","@id":"https:\/\/starke-meinungen.de\/blog\/2015\/08\/21\/regierungspropaganda-eines-beflissenen-adlatus\/#breadcrumb","itemListElement":[{"@type":"ListItem","position":1,"name":"Startseite","item":"https:\/\/starke-meinungen.de\/blog\/"},{"@type":"ListItem","position":2,"name":"Regierungspropaganda eines beflissenen Adlatus"}]},{"@type":"WebSite","@id":"https:\/\/starke-meinungen.de\/blog\/#website","url":"https:\/\/starke-meinungen.de\/blog\/","name":"starke-meinungen.de","description":"Autoren-Blog","publisher":{"@id":"https:\/\/starke-meinungen.de\/blog\/#organization"},"potentialAction":[{"@type":"SearchAction","target":{"@type":"EntryPoint","urlTemplate":"https:\/\/starke-meinungen.de\/blog\/?s={search_term_string}"},"query-input":{"@type":"PropertyValueSpecification","valueRequired":true,"valueName":"search_term_string"}}],"inLanguage":"de"},{"@type":"Organization","@id":"https:\/\/starke-meinungen.de\/blog\/#organization","name":"starke-meinungen.de","url":"https:\/\/starke-meinungen.de\/blog\/","logo":{"@type":"ImageObject","inLanguage":"de","@id":"https:\/\/starke-meinungen.de\/blog\/#\/schema\/logo\/image\/","url":"https:\/\/starke-meinungen.de\/blog\/wp-content\/uploads\/starke-meinungen-fb-header.jpg","contentUrl":"https:\/\/starke-meinungen.de\/blog\/wp-content\/uploads\/starke-meinungen-fb-header.jpg","width":1200,"height":630,"caption":"starke-meinungen.de"},"image":{"@id":"https:\/\/starke-meinungen.de\/blog\/#\/schema\/logo\/image\/"},"sameAs":["https:\/\/www.facebook.com\/starkemeinungen\/","https:\/\/x.com\/starkemeinungen"]},{"@type":"Person","@id":"https:\/\/starke-meinungen.de\/blog\/#\/schema\/person\/6af826c1bb87ec75580869d830616de2","name":"Rainer Werner","image":{"@type":"ImageObject","inLanguage":"de","@id":"https:\/\/secure.gravatar.com\/avatar\/6f37dc4eff27558ec03229bb8dd7133f519865cae374548719ce45fba3788ea8?s=96&d=mm&r=g","url":"https:\/\/secure.gravatar.com\/avatar\/6f37dc4eff27558ec03229bb8dd7133f519865cae374548719ce45fba3788ea8?s=96&d=mm&r=g","contentUrl":"https:\/\/secure.gravatar.com\/avatar\/6f37dc4eff27558ec03229bb8dd7133f519865cae374548719ce45fba3788ea8?s=96&d=mm&r=g","caption":"Rainer Werner"},"url":"https:\/\/starke-meinungen.de\/blog\/author\/werner\/"}]}},"_links":{"self":[{"href":"https:\/\/starke-meinungen.de\/blog\/wp-json\/wp\/v2\/posts\/4917","targetHints":{"allow":["GET"]}}],"collection":[{"href":"https:\/\/starke-meinungen.de\/blog\/wp-json\/wp\/v2\/posts"}],"about":[{"href":"https:\/\/starke-meinungen.de\/blog\/wp-json\/wp\/v2\/types\/post"}],"author":[{"embeddable":true,"href":"https:\/\/starke-meinungen.de\/blog\/wp-json\/wp\/v2\/users\/19"}],"replies":[{"embeddable":true,"href":"https:\/\/starke-meinungen.de\/blog\/wp-json\/wp\/v2\/comments?post=4917"}],"version-history":[{"count":1,"href":"https:\/\/starke-meinungen.de\/blog\/wp-json\/wp\/v2\/posts\/4917\/revisions"}],"predecessor-version":[{"id":4918,"href":"https:\/\/starke-meinungen.de\/blog\/wp-json\/wp\/v2\/posts\/4917\/revisions\/4918"}],"wp:attachment":[{"href":"https:\/\/starke-meinungen.de\/blog\/wp-json\/wp\/v2\/media?parent=4917"}],"wp:term":[{"taxonomy":"category","embeddable":true,"href":"https:\/\/starke-meinungen.de\/blog\/wp-json\/wp\/v2\/categories?post=4917"},{"taxonomy":"post_tag","embeddable":true,"href":"https:\/\/starke-meinungen.de\/blog\/wp-json\/wp\/v2\/tags?post=4917"}],"curies":[{"name":"wp","href":"https:\/\/api.w.org\/{rel}","templated":true}]}}