

{"id":4891,"date":"2015-08-08T08:28:09","date_gmt":"2015-08-08T08:28:09","guid":{"rendered":"https:\/\/starke-meinungen.de\/blog\/?p=4891"},"modified":"2015-08-08T08:28:09","modified_gmt":"2015-08-08T08:28:09","slug":"wer-stehen-bleibt-faellt-zurueck","status":"publish","type":"post","link":"https:\/\/starke-meinungen.de\/blog\/2015\/08\/08\/wer-stehen-bleibt-faellt-zurueck\/","title":{"rendered":"Wer stehen bleibt, f\u00e4llt zur\u00fcck"},"content":{"rendered":"<p><strong>\u00dcber einige Irrt\u00fcmer der Globalisierungskritiker <\/strong><\/p>\n<p><strong>\u00a0<\/strong>Als die Griechenlandkrise in ihr finales Stadium trat und sich die Politiker der Euro-Zone auf den Konferenzen in Br\u00fcssel die K\u00f6pfe hei\u00df redeten, fiel auf, dass Griechenland vor allem drei F\u00fcrsprecher hatte: Frankreich, Italien und \u00d6sterreich. Mit der typischen Mentalit\u00e4t der &#8222;S\u00fcdl\u00e4nder&#8220;, die mit Schuldens\u00fcndern immer nachsichtig seien, hat diese Frontbildung offensichtlich nichts zu tun, fehlten doch Spanien und Portugal. Diese beiden L\u00e4nder unterst\u00fctzten in der Diskussion \u00fcber das 3. Rettungspaket eher die Nordl\u00e4nder und Deutschland, weil sie die Rosskur, \u00fcber die die Griechen jammern, schon &#8211; weitgehend erfolgreich &#8211; hinter sich gebracht haben. Was haben die drei L\u00e4nder gemeinsam, die Griechenland teilweise auch mit r\u00fcden verbalen Ausf\u00e4llen (Matteo Renzi an die Adresse von Wolfang Sch\u00e4uble: &#8222;Genug ist genug!&#8220;) unterst\u00fctzten? <!--more--><\/p>\n<p>Diese L\u00e4nder werden gegenw\u00e4rtig von Sozialdemokraten oder Sozialisten gef\u00fchrt. Das mag die Sympathie mit der linken Syriza-Regierung zum Teil erkl\u00e4ren. Sie werden aber auch von denselben Problemen geplagt, die Griechenland an den Rand des Ruins gebracht haben. Frankreich leidet seit 20 Jahren unter einer kontinuierlichen De-Industrialisierung. Die Staatsverschuldung ist exorbitant, die Arbeitslosigkeit hoch (10,3%), die Staatsb\u00fcrokratie erdr\u00fcckend, die Steuerlast extrem, der Sozialstaat unbezahlbar, die wichtigsten freien Berufe sind durch rigide &#8222;Innungsregeln&#8220; vom Markt abgeschottet. Reformen, die wirklich als Befreiungsschlag wirken w\u00fcrden, kann sich Francois Hollande nicht leisten, weil ihm sonst seine sozialistische Partei, in der es einen starken linksdogmatischen Fl\u00fcgel gibt, um die Ohren fliegt. In Italien sieht es nicht viel besser aus. Dort versucht ein partei\u00fcbergreifend wirkendes Netzwerk der alten Eliten die Reformen von Matteo Renzi, die immerhin in die richtige Richtung weisen, zu verschleppen oder ganz zu verhindern. Wenn Hollande und Renzi um Nachsicht f\u00fcr die griechische Regierung werben, sprechen sie offensichtlich auch pro domo.<\/p>\n<p>Ein besonderer Fall ist \u00d6sterreich. Anfang der 2000er Jahre galt das kleine Alpenland in Europa noch als \u00f6konomisches Zugpferd, w\u00e4hrend Deutschland in Wirtschaftszeitungen als &#8222;kranker Mann Europas&#8220; bezeichnet wurde. 2005, zwei Jahre nach Verk\u00fcndigung der Agenda 2010 durch Gerhard Schr\u00f6der, war die Arbeitslosigkeit in Deutschland noch doppelt so hoch wie die \u00d6sterreichs, heute ist sie niedriger (4,7% gegen\u00fcber 6%). Die \u00f6sterreichische Wirtschaft wuchs im Jahre 2014 nur um 0,4% &#8211; halb so stark wie im Durchschnitt der Euro-Zone. Was war geschehen? Wo liegen die Gr\u00fcnde f\u00fcr diesen Abstieg? Die Wettbewerbsf\u00e4higkeit \u00d6sterreichs hat sich \u00fcber Jahre kontinuierlich verschlechtert. Hauptgrund dieses fatalen Prozesses sind die stark gestiegenen Lohnst\u00fcckkosten. Sie sind seit Ausbruch der Finanzkrise 2008 um 20% gestiegen, w\u00e4hrend sie in anderen L\u00e4ndern im Zeichen der Krise gefallen sind. Die im deutschen Tarifsystem \u00fcblichen Mechanismen &#8211; \u00d6ffnungsklauseln f\u00fcr Fl\u00e4chentarifvertr\u00e4ge, betriebliche Sonderregelungen, Lohnzur\u00fcckhaltung bei abnehmender Konjunktur &#8211; sind im verkrusteten Arbeitsmarkt \u00d6sterreichs so gut wie unbekannt. Die Gewerkschaften gelten als dogmatisch erstarrt. F\u00fcr flexible L\u00f6sungen, die der Wirtschaft in Zeiten der Rezession Luft zum Atmen geben, sind sie kaum zu haben. Hinzu kommt, dass in \u00d6sterreich noch riesige Staatsbetriebe existieren (Telekom, Post), die nicht rentabel arbeiten und deshalb dem Staat keine Gewinne abwerfen. Bei uns sind diese ehemaligen Staatsmonopole l\u00e4ngst privatisiert, arbeiten rentabel und zahlen Steuern.<\/p>\n<p>Das Beispiel \u00d6sterreich zeigt deutlich, dass man sich auf dem einmal erreichen guten Status der Volkswirtschaft nie ausruhen darf. Man darf vor allem nicht in alte Fehler zur\u00fcckfallen, weil man glaubt, die \u00f6konomische Lage sei robust und widerstandsf\u00e4hig. In der globalisierten Welt stehen alle Volkswirtschaften miteinander im Wettbewerb. Dabei gilt eine Regel, die einem vom Sport her gel\u00e4ufig ist: Wer auf der Stelle tritt, f\u00e4llt in Wirklichkeit zur\u00fcck, weil die andern vorw\u00e4rtsst\u00fcrmen. Kein Trainer k\u00e4me auf die Idee, einem Olympiasieger zu raten, mit dem Training k\u00fcrzer zu treten, weil er ohnehin unbesiegbar sei. Wenn er das t\u00e4te, h\u00e4tte er bei den n\u00e4chsten Wettk\u00e4mpfen schon bald das Nachsehen.<\/p>\n<p>Auch Deutschland, das momentan \u00f6konomisch und finanziell relativ gut dasteht, muss aufpassen, dass es nicht bequem wird. Erste Warnzeichen f\u00fcr eine Verschlechterung der Lage sind sichtbar. So sind in den Jahren seit der Krise 2009 die Lohnst\u00fcckkosten im verarbeitenden Gewerbe st\u00e4rker gestiegen als die Produktivit\u00e4t. Und im Jahre 2014 sind die Ausgaben f\u00fcr den Sozialstaat mit 3,8% st\u00e4rker gestiegen als das (nominelle) Wirtschaftswachstum von 3,4%.<\/p>\n<p>Viele Menschen verabscheuen den internationalen \u00f6konomischen Wettbewerb, weil sie sich durch ihn in ein Hamsterrad gepresst f\u00fchlen, das immer mehr Kraft aus ihnen heraussaugt. In Frankreich ist diese Stimmung besonders stark ausgepr\u00e4gt. Hier wurde 1998 die globalisierungskritische Bewegung &#8222;Attac&#8220; gegr\u00fcndet, die sich danach in ganz Europa ausbreitete. Mit dem Aufstieg des &#8222;Front National&#8220; seit 1984 gelang zum ersten Mal in einem europ\u00e4ischen Land einer globalisierungsfeindlichen, protektionistischen rechten Partei der politische Durchbruch. Aber auch auf der Linken gibt es starke Vorbehalte gegen die Globalisierung. Mit dem linken Volkstribun Arnaud Montebourg kam 2012 sogar ein Verfechter der &#8222;Deglobalisation&#8220; in die Regierung. Die Finanzkrise 2008 hat die protektionstischen Tendenzen in Frankreich noch einmal stark befeuert. Meinungsumfragen belegen immer wieder, dass sich viele Franzosen zum Franc zur\u00fccksehnen, weil sie glauben, dadurch dem Wettbewerbsdruck in der Euro-Zone und dem &#8222;Austerit\u00e4tsdiktat&#8220; Deutschlands entfliehen zu k\u00f6nnen.<\/p>\n<p>In der letzten Juliwoche f\u00fchrte ein Globalisierungskonflikt zu aggressiven Protesten franz\u00f6sischer Bauern gegen deutsche und spanische Lastwagen. Militante Bauernf\u00fchrer stoppten die LKW an der Grenze und warfen die Ladung &#8211; landwirtschaftliche Produkte &#8211; auf die Stra\u00dfe. So protestierten sie gegen die &#8222;Dumpingpreise&#8220; spanischer und deutscher Hersteller, die diese Niedrigpreise nur erzielen k\u00f6nnten, weil sie Erntehelfer aus Osteuropa, die den Mindestlohn unterbieten, besch\u00e4ftigen. In einem Interview gab ein Bauernfunktion\u00e4r immerhin zu, dass sie auch ein Opfer der franz\u00f6sischen Agrarpolitik seien. Diese stranguliere die Produzenten durch ein \u00fcberbordendes Regelwerk, hohe Steuern und Sozialabgaben. Unerw\u00e4hnt lie\u00df er, dass die franz\u00f6sische Regierung zum Jahresbeginn 2015 den Mindestlohn auf 9,61 \u20ac angehoben hat. Auf der Basis der 35-Stundenwoche, die in Frankreich als &#8222;heilig&#8220; gilt, sind das f\u00fcr einen ungelernten franz\u00f6sischen Erntehelfer 1457,52 \u20ac im Monat. Die franz\u00f6sischen Gewerkschaften, die so gut wie nie gesamtgesellschaftlich denken, k\u00e4mpfen st\u00e4ndig f\u00fcr die Erh\u00f6hung des Mindestlohns, auch wenn sich dann die franz\u00f6sischen Produkte im internationalen Wettbewerb verteuern. Bei Wettbewerbsnachteilen fordern sie dann vom Staat Ausgleichszahlungen. Dieser Reflex funktioniert seit Jahren hervorragend. Prompt versprach Francois Hollande den protestierenden Bauern 600 Millionen \u20ac Entsch\u00e4digung.<\/p>\n<p>Sinnvoller als eine solche Lohn &#8211; Preis &#8211; Subventionsspirale w\u00e4re eine Lohnpolitik, die die gesamtwirtschaftlichen Bedingungen nicht aus dem Auge verliert. Denn L\u00f6hne sind f\u00fcr die Betriebe Kosten. So sehr sich ein Arbeitnehmer \u00fcber eine Lohnerh\u00f6hung freut, weil sie das famili\u00e4re Budget f\u00fcr den Konsum erh\u00f6ht, so problematisch sind Lohnerh\u00f6hungen f\u00fcr die Betriebe, wenn sie \u00fcber die Produktivit\u00e4tsfortschritte der jeweiligen Branche hinausgehen. Griechenland ist auch deshalb nicht mehr international wettbewerbsf\u00e4hig, weil die Lohnerh\u00f6hungen \u00fcber Jahre hinweg zu hoch waren, wenn man sie an der Leistungsf\u00e4higkeit der Wirtschaft misst.<\/p>\n<p>Letztlich tr\u00e4umen die franz\u00f6sischen Globalisierungsgegner r\u00fcckw\u00e4rtsgewandte Tr\u00e4ume, die nur Realit\u00e4t werden k\u00f6nnten, wenn das Land autark w\u00e4re, v\u00f6llig abgeschottet von den internationalen Waren- und Kapital- und Kommunikationsm\u00e4rkten. Man braucht sich nur einmal vorzustellen, was gesch\u00e4he, wenn Frankreich den Export seiner Waren ins Ausland komplett einstellte. Die Exportquote &#8211; Anteil exportierter G\u00fcter am BIP &#8211; des Landes betrug 2013 20,6%. Die jetzt schon sehr hohe Arbeitslosenquote (Juli 2015: 10,3%) w\u00fcrde explosionsartig ansteigen. Verhinderte man dann auch noch den Import von Waren nach Frankreich (Importquote 2013: 24,3%), w\u00e4re das Desaster komplett. Frankreich w\u00fcrde auf breiter Front verarmen und in den Status einer primitiven Selbstversorgungswirtschaft zur\u00fcckfallen. Wenn man sich diese Folgen vor Augen f\u00fchrt, wird deutlich, dass die Globalisierungskritiker in Frankreich Demagogen sind, die ihrem Volk verschweigen, dass sie in Wahrheit f\u00fcr ein Horrorszenario Propaganda machen.<\/p>\n<p>Die R\u00fcckkehr zu \u00f6konomischer Autarkie ist f\u00fcr hochentwickelte Gesellschaften v\u00f6llig ausgeschlossen. Deshalb f\u00fchrt kein Weg daran vorbei, dass sich moderne Volkswirtschaften st\u00e4ndig fit halten f\u00fcr den internationalen Wettbewerb. Dies f\u00fchrt im Innern eines Landes zu schleichenden, manchmal auch eruptiven Verschiebungen zwischen aufsteigenden und absteigenden Branchen, zwischen Gewinnern und Verlierern. Das mag f\u00fcr die Arbeitnehmer stressig sein. Sie sollten aber bei aller Kritik daran denken, dass der internationale Warenaustausch auf der Grundlage der Konkurrenz uns den Wohlstand beschert hat, den wir heute genie\u00dfen.<\/p>\n<p>Den Weg hat uns der britische \u00d6konom David Ricardo gewiesen, als er 1817 sein Au\u00dfenhandelsmodell entwarf. Er pl\u00e4dierte daf\u00fcr, dass jedes Land die Produkte mit den geringeren Arbeitskosten selbst herstellen solle, w\u00e4hrend es die \u00fcbrigen G\u00fcter im Austausch mit anderen L\u00e4ndern bezieht. Diese <em>&#8222;relativen Kostenvorteile&#8220;<\/em> (Ricardo) bei einzelnen G\u00fctern bedinge die internationale Arbeitsteilung und f\u00fchre zu einer kontinuierlichen Spezialisierung. Auf der Basis einer solchen Arbeitsteilung lohne sich der Au\u00dfenhandel f\u00fcr <span style=\"text-decoration: underline\">alle<\/span> Volkswirtschaften.<\/p>\n<p>Selten hat sich eine \u00f6konomische Theorie so bewahrheitet wie die von David Ricardo, die in zwei Jahren ihren 200-j\u00e4hrigen Geburtstag feiern kann. Ricardo schrieb damit das Gr\u00fcndungsmanifest der Globalisierung.<\/p>\n<div class=\"shariff shariff-align-left shariff-widget-align-left shariff-buttonstretch\" style=\"display:none\"><ul class=\"shariff-buttons theme-white orientation-horizontal buttonsize-medium\"><li class=\"shariff-button facebook shariff-nocustomcolor\" style=\"background-color:#4273c8\"><a href=\"https:\/\/www.facebook.com\/sharer\/sharer.php?u=https%3A%2F%2Fstarke-meinungen.de%2Fblog%2F2015%2F08%2F08%2Fwer-stehen-bleibt-faellt-zurueck%2F\" title=\"Bei Facebook teilen\" aria-label=\"Bei Facebook teilen\" role=\"button\" rel=\"nofollow\" class=\"shariff-link\" style=\"; background-color:#3b5998; color:#3b5998\" target=\"_blank\"><span class=\"shariff-icon\" style=\"fill:#3b5998\"><svg width=\"32px\" height=\"20px\" xmlns=\"http:\/\/www.w3.org\/2000\/svg\" viewBox=\"0 0 18 32\"><path fill=\"#3b5998\" d=\"M17.1 0.2v4.7h-2.8q-1.5 0-2.1 0.6t-0.5 1.9v3.4h5.2l-0.7 5.3h-4.5v13.6h-5.5v-13.6h-4.5v-5.3h4.5v-3.9q0-3.3 1.9-5.2t5-1.8q2.6 0 4.1 0.2z\"\/><\/svg><\/span><span class=\"shariff-text\" style=\"color:#3b5998\">teilen<\/span>&nbsp;<\/a><\/li><li class=\"shariff-button twitter shariff-nocustomcolor\" style=\"background-color:#595959\"><a href=\"https:\/\/twitter.com\/share?url=https%3A%2F%2Fstarke-meinungen.de%2Fblog%2F2015%2F08%2F08%2Fwer-stehen-bleibt-faellt-zurueck%2F&text=Wer%20stehen%20bleibt%2C%20f%C3%A4llt%20zur%C3%BCck&via=starkemeinungen\" title=\"Bei X teilen\" aria-label=\"Bei X teilen\" role=\"button\" rel=\"noopener nofollow\" class=\"shariff-link\" style=\"; background-color:#000; color:#000\" target=\"_blank\"><span class=\"shariff-icon\" style=\"fill:#000\"><svg width=\"32px\" height=\"20px\" xmlns=\"http:\/\/www.w3.org\/2000\/svg\" viewBox=\"0 0 24 24\"><path fill=\"#000\" d=\"M14.258 10.152L23.176 0h-2.113l-7.747 8.813L7.133 0H0l9.352 13.328L0 23.973h2.113l8.176-9.309 6.531 9.309h7.133zm-2.895 3.293l-.949-1.328L2.875 1.56h3.246l6.086 8.523.945 1.328 7.91 11.078h-3.246zm0 0\"\/><\/svg><\/span><span class=\"shariff-text\" style=\"color:#000\">teilen<\/span>&nbsp;<\/a><\/li><li class=\"shariff-button linkedin shariff-nocustomcolor\" style=\"background-color:#1488bf\"><a href=\"https:\/\/www.linkedin.com\/sharing\/share-offsite\/?url=https%3A%2F%2Fstarke-meinungen.de%2Fblog%2F2015%2F08%2F08%2Fwer-stehen-bleibt-faellt-zurueck%2F\" title=\"Bei LinkedIn teilen\" aria-label=\"Bei LinkedIn teilen\" role=\"button\" rel=\"noopener nofollow\" class=\"shariff-link\" style=\"; background-color:#0077b5; color:#0077b5\" target=\"_blank\"><span class=\"shariff-icon\" style=\"fill:#0077b5\"><svg width=\"32px\" height=\"20px\" xmlns=\"http:\/\/www.w3.org\/2000\/svg\" viewBox=\"0 0 27 32\"><path fill=\"#0077b5\" d=\"M6.2 11.2v17.7h-5.9v-17.7h5.9zM6.6 5.7q0 1.3-0.9 2.2t-2.4 0.9h0q-1.5 0-2.4-0.9t-0.9-2.2 0.9-2.2 2.4-0.9 2.4 0.9 0.9 2.2zM27.4 18.7v10.1h-5.9v-9.5q0-1.9-0.7-2.9t-2.3-1.1q-1.1 0-1.9 0.6t-1.2 1.5q-0.2 0.5-0.2 1.4v9.9h-5.9q0-7.1 0-11.6t0-5.3l0-0.9h5.9v2.6h0q0.4-0.6 0.7-1t1-0.9 1.6-0.8 2-0.3q3 0 4.9 2t1.9 6z\"\/><\/svg><\/span><span class=\"shariff-text\" style=\"color:#0077b5\">teilen<\/span>&nbsp;<\/a><\/li><li class=\"shariff-button xing shariff-nocustomcolor\" style=\"background-color:#29888a\"><a href=\"https:\/\/www.xing.com\/spi\/shares\/new?url=https%3A%2F%2Fstarke-meinungen.de%2Fblog%2F2015%2F08%2F08%2Fwer-stehen-bleibt-faellt-zurueck%2F\" title=\"Bei XING teilen\" aria-label=\"Bei XING teilen\" role=\"button\" rel=\"noopener nofollow\" class=\"shariff-link\" style=\"; background-color:#126567; color:#126567\" target=\"_blank\"><span class=\"shariff-icon\" style=\"fill:#126567\"><svg width=\"32px\" height=\"20px\" xmlns=\"http:\/\/www.w3.org\/2000\/svg\" viewBox=\"0 0 25 32\"><path fill=\"#126567\" d=\"M10.7 11.9q-0.2 0.3-4.6 8.2-0.5 0.8-1.2 0.8h-4.3q-0.4 0-0.5-0.3t0-0.6l4.5-8q0 0 0 0l-2.9-5q-0.2-0.4 0-0.7 0.2-0.3 0.5-0.3h4.3q0.7 0 1.2 0.8zM25.1 0.4q0.2 0.3 0 0.7l-9.4 16.7 6 11q0.2 0.4 0 0.6-0.2 0.3-0.6 0.3h-4.3q-0.7 0-1.2-0.8l-6-11.1q0.3-0.6 9.5-16.8 0.4-0.8 1.2-0.8h4.3q0.4 0 0.5 0.3z\"\/><\/svg><\/span><span class=\"shariff-text\" style=\"color:#126567\">teilen<\/span>&nbsp;<\/a><\/li><li class=\"shariff-button whatsapp shariff-nocustomcolor\" style=\"background-color:#5cbe4a\"><a href=\"https:\/\/api.whatsapp.com\/send?text=https%3A%2F%2Fstarke-meinungen.de%2Fblog%2F2015%2F08%2F08%2Fwer-stehen-bleibt-faellt-zurueck%2F%20Wer%20stehen%20bleibt%2C%20f%C3%A4llt%20zur%C3%BCck\" title=\"Bei Whatsapp teilen\" aria-label=\"Bei Whatsapp teilen\" role=\"button\" rel=\"noopener nofollow\" class=\"shariff-link\" style=\"; background-color:#34af23; color:#34af23\" target=\"_blank\"><span class=\"shariff-icon\" style=\"fill:#34af23\"><svg width=\"32px\" height=\"20px\" xmlns=\"http:\/\/www.w3.org\/2000\/svg\" viewBox=\"0 0 32 32\"><path fill=\"#34af23\" d=\"M17.6 17.4q0.2 0 1.7 0.8t1.6 0.9q0 0.1 0 0.3 0 0.6-0.3 1.4-0.3 0.7-1.3 1.2t-1.8 0.5q-1 0-3.4-1.1-1.7-0.8-3-2.1t-2.6-3.3q-1.3-1.9-1.3-3.5v-0.1q0.1-1.6 1.3-2.8 0.4-0.4 0.9-0.4 0.1 0 0.3 0t0.3 0q0.3 0 0.5 0.1t0.3 0.5q0.1 0.4 0.6 1.6t0.4 1.3q0 0.4-0.6 1t-0.6 0.8q0 0.1 0.1 0.3 0.6 1.3 1.8 2.4 1 0.9 2.7 1.8 0.2 0.1 0.4 0.1 0.3 0 1-0.9t0.9-0.9zM14 26.9q2.3 0 4.3-0.9t3.6-2.4 2.4-3.6 0.9-4.3-0.9-4.3-2.4-3.6-3.6-2.4-4.3-0.9-4.3 0.9-3.6 2.4-2.4 3.6-0.9 4.3q0 3.6 2.1 6.6l-1.4 4.2 4.3-1.4q2.8 1.9 6.2 1.9zM14 2.2q2.7 0 5.2 1.1t4.3 2.9 2.9 4.3 1.1 5.2-1.1 5.2-2.9 4.3-4.3 2.9-5.2 1.1q-3.5 0-6.5-1.7l-7.4 2.4 2.4-7.2q-1.9-3.2-1.9-6.9 0-2.7 1.1-5.2t2.9-4.3 4.3-2.9 5.2-1.1z\"\/><\/svg><\/span><span class=\"shariff-text\" style=\"color:#34af23\">teilen<\/span>&nbsp;<\/a><\/li><li class=\"shariff-button info shariff-nocustomcolor\" style=\"background-color:#a8a8a8\"><a href=\"http:\/\/ct.de\/-2467514\" title=\"Weitere Informationen\" aria-label=\"Weitere Informationen\" role=\"button\" rel=\"noopener \" class=\"shariff-link\" style=\"; background-color:#999; color:#999\" target=\"_blank\"><span class=\"shariff-icon\" style=\"fill:#999\"><svg width=\"32px\" height=\"20px\" xmlns=\"http:\/\/www.w3.org\/2000\/svg\" viewBox=\"0 0 11 32\"><path fill=\"#999\" d=\"M11.4 24v2.3q0 0.5-0.3 0.8t-0.8 0.4h-9.1q-0.5 0-0.8-0.4t-0.4-0.8v-2.3q0-0.5 0.4-0.8t0.8-0.4h1.1v-6.8h-1.1q-0.5 0-0.8-0.4t-0.4-0.8v-2.3q0-0.5 0.4-0.8t0.8-0.4h6.8q0.5 0 0.8 0.4t0.4 0.8v10.3h1.1q0.5 0 0.8 0.4t0.3 0.8zM9.2 3.4v3.4q0 0.5-0.4 0.8t-0.8 0.4h-4.6q-0.4 0-0.8-0.4t-0.4-0.8v-3.4q0-0.4 0.4-0.8t0.8-0.4h4.6q0.5 0 0.8 0.4t0.4 0.8z\"\/><\/svg><\/span><\/a><\/li><\/ul><\/div>","protected":false},"excerpt":{"rendered":"<p>\u00dcber einige Irrt\u00fcmer der Globalisierungskritiker \u00a0Als die Griechenlandkrise in ihr finales Stadium trat und sich die Politiker der Euro-Zone auf den Konferenzen in Br\u00fcssel die K\u00f6pfe hei\u00df redeten, fiel auf, dass Griechenland vor allem drei F\u00fcrsprecher hatte: Frankreich, Italien und \u00d6sterreich. Mit der typischen Mentalit\u00e4t der &#8222;S\u00fcdl\u00e4nder&#8220;, die mit Schuldens\u00fcndern immer nachsichtig seien, hat diese Frontbildung offensichtlich nichts zu tun,&#8230; <a href=\"https:\/\/starke-meinungen.de\/blog\/2015\/08\/08\/wer-stehen-bleibt-faellt-zurueck\/\">Weiterlesen &raquo;<\/a><\/p>\n","protected":false},"author":19,"featured_media":0,"comment_status":"open","ping_status":"open","sticky":false,"template":"","format":"standard","meta":{"footnotes":""},"categories":[1,2093],"tags":[2418,1152,2419,791],"class_list":["post-4891","post","type-post","status-publish","format-standard","hentry","category-allgemein","category-rainer-werner","tag-autarkie","tag-globalisierung","tag-protektionismus","tag-wettbewerb"],"yoast_head":"<!-- This site is optimized with the Yoast SEO plugin v27.5 - https:\/\/yoast.com\/product\/yoast-seo-wordpress\/ -->\n<title>Wer stehen bleibt, f\u00e4llt zur\u00fcck - starke-meinungen.de<\/title>\n<meta name=\"robots\" content=\"index, follow, max-snippet:-1, max-image-preview:large, max-video-preview:-1\" \/>\n<link rel=\"canonical\" href=\"https:\/\/starke-meinungen.de\/blog\/2015\/08\/08\/wer-stehen-bleibt-faellt-zurueck\/\" \/>\n<meta property=\"og:locale\" content=\"de_DE\" \/>\n<meta property=\"og:type\" content=\"article\" \/>\n<meta property=\"og:title\" content=\"Wer stehen bleibt, f\u00e4llt zur\u00fcck - starke-meinungen.de\" \/>\n<meta property=\"og:description\" content=\"\u00dcber einige Irrt\u00fcmer der Globalisierungskritiker \u00a0Als die Griechenlandkrise in ihr finales Stadium trat und sich die Politiker der Euro-Zone auf den Konferenzen in Br\u00fcssel die K\u00f6pfe hei\u00df redeten, fiel auf, dass Griechenland vor allem drei F\u00fcrsprecher hatte: Frankreich, Italien und \u00d6sterreich. Mit der typischen Mentalit\u00e4t der &#8222;S\u00fcdl\u00e4nder&#8220;, die mit Schuldens\u00fcndern immer nachsichtig seien, hat diese Frontbildung offensichtlich nichts zu tun,... Weiterlesen &raquo;\" \/>\n<meta property=\"og:url\" content=\"https:\/\/starke-meinungen.de\/blog\/2015\/08\/08\/wer-stehen-bleibt-faellt-zurueck\/\" \/>\n<meta property=\"og:site_name\" content=\"starke-meinungen.de\" \/>\n<meta property=\"article:publisher\" content=\"https:\/\/www.facebook.com\/starkemeinungen\/\" \/>\n<meta property=\"article:published_time\" content=\"2015-08-08T08:28:09+00:00\" \/>\n<meta property=\"og:image\" content=\"https:\/\/starke-meinungen.de\/blog\/wp-content\/uploads\/starke-meinungen-fb-header.jpg\" \/>\n\t<meta property=\"og:image:width\" content=\"1200\" \/>\n\t<meta property=\"og:image:height\" content=\"630\" \/>\n\t<meta property=\"og:image:type\" content=\"image\/jpeg\" \/>\n<meta name=\"author\" content=\"Rainer Werner\" \/>\n<meta name=\"twitter:card\" content=\"summary_large_image\" \/>\n<meta name=\"twitter:creator\" content=\"@starkemeinungen\" \/>\n<meta name=\"twitter:site\" content=\"@starkemeinungen\" \/>\n<meta name=\"twitter:label1\" content=\"Verfasst von\" \/>\n\t<meta name=\"twitter:data1\" content=\"Rainer Werner\" \/>\n\t<meta name=\"twitter:label2\" content=\"Gesch\u00e4tzte Lesezeit\" \/>\n\t<meta name=\"twitter:data2\" content=\"8\u00a0Minuten\" \/>\n<script type=\"application\/ld+json\" class=\"yoast-schema-graph\">{\"@context\":\"https:\\\/\\\/schema.org\",\"@graph\":[{\"@type\":\"Article\",\"@id\":\"https:\\\/\\\/starke-meinungen.de\\\/blog\\\/2015\\\/08\\\/08\\\/wer-stehen-bleibt-faellt-zurueck\\\/#article\",\"isPartOf\":{\"@id\":\"https:\\\/\\\/starke-meinungen.de\\\/blog\\\/2015\\\/08\\\/08\\\/wer-stehen-bleibt-faellt-zurueck\\\/\"},\"author\":{\"name\":\"Rainer Werner\",\"@id\":\"https:\\\/\\\/starke-meinungen.de\\\/blog\\\/#\\\/schema\\\/person\\\/6af826c1bb87ec75580869d830616de2\"},\"headline\":\"Wer stehen bleibt, f\u00e4llt zur\u00fcck\",\"datePublished\":\"2015-08-08T08:28:09+00:00\",\"mainEntityOfPage\":{\"@id\":\"https:\\\/\\\/starke-meinungen.de\\\/blog\\\/2015\\\/08\\\/08\\\/wer-stehen-bleibt-faellt-zurueck\\\/\"},\"wordCount\":1507,\"commentCount\":4,\"publisher\":{\"@id\":\"https:\\\/\\\/starke-meinungen.de\\\/blog\\\/#organization\"},\"keywords\":[\"Autarkie\",\"Globalisierung\",\"Protektionismus\",\"Wettbewerb\"],\"articleSection\":{\"1\":\"Rainer Werner\"},\"inLanguage\":\"de\",\"potentialAction\":[{\"@type\":\"CommentAction\",\"name\":\"Comment\",\"target\":[\"https:\\\/\\\/starke-meinungen.de\\\/blog\\\/2015\\\/08\\\/08\\\/wer-stehen-bleibt-faellt-zurueck\\\/#respond\"]}]},{\"@type\":\"WebPage\",\"@id\":\"https:\\\/\\\/starke-meinungen.de\\\/blog\\\/2015\\\/08\\\/08\\\/wer-stehen-bleibt-faellt-zurueck\\\/\",\"url\":\"https:\\\/\\\/starke-meinungen.de\\\/blog\\\/2015\\\/08\\\/08\\\/wer-stehen-bleibt-faellt-zurueck\\\/\",\"name\":\"Wer stehen bleibt, f\u00e4llt zur\u00fcck - starke-meinungen.de\",\"isPartOf\":{\"@id\":\"https:\\\/\\\/starke-meinungen.de\\\/blog\\\/#website\"},\"datePublished\":\"2015-08-08T08:28:09+00:00\",\"breadcrumb\":{\"@id\":\"https:\\\/\\\/starke-meinungen.de\\\/blog\\\/2015\\\/08\\\/08\\\/wer-stehen-bleibt-faellt-zurueck\\\/#breadcrumb\"},\"inLanguage\":\"de\",\"potentialAction\":[{\"@type\":\"ReadAction\",\"target\":[\"https:\\\/\\\/starke-meinungen.de\\\/blog\\\/2015\\\/08\\\/08\\\/wer-stehen-bleibt-faellt-zurueck\\\/\"]}]},{\"@type\":\"BreadcrumbList\",\"@id\":\"https:\\\/\\\/starke-meinungen.de\\\/blog\\\/2015\\\/08\\\/08\\\/wer-stehen-bleibt-faellt-zurueck\\\/#breadcrumb\",\"itemListElement\":[{\"@type\":\"ListItem\",\"position\":1,\"name\":\"Startseite\",\"item\":\"https:\\\/\\\/starke-meinungen.de\\\/blog\\\/\"},{\"@type\":\"ListItem\",\"position\":2,\"name\":\"Wer stehen bleibt, f\u00e4llt zur\u00fcck\"}]},{\"@type\":\"WebSite\",\"@id\":\"https:\\\/\\\/starke-meinungen.de\\\/blog\\\/#website\",\"url\":\"https:\\\/\\\/starke-meinungen.de\\\/blog\\\/\",\"name\":\"starke-meinungen.de\",\"description\":\"Autoren-Blog\",\"publisher\":{\"@id\":\"https:\\\/\\\/starke-meinungen.de\\\/blog\\\/#organization\"},\"potentialAction\":[{\"@type\":\"SearchAction\",\"target\":{\"@type\":\"EntryPoint\",\"urlTemplate\":\"https:\\\/\\\/starke-meinungen.de\\\/blog\\\/?s={search_term_string}\"},\"query-input\":{\"@type\":\"PropertyValueSpecification\",\"valueRequired\":true,\"valueName\":\"search_term_string\"}}],\"inLanguage\":\"de\"},{\"@type\":\"Organization\",\"@id\":\"https:\\\/\\\/starke-meinungen.de\\\/blog\\\/#organization\",\"name\":\"starke-meinungen.de\",\"url\":\"https:\\\/\\\/starke-meinungen.de\\\/blog\\\/\",\"logo\":{\"@type\":\"ImageObject\",\"inLanguage\":\"de\",\"@id\":\"https:\\\/\\\/starke-meinungen.de\\\/blog\\\/#\\\/schema\\\/logo\\\/image\\\/\",\"url\":\"https:\\\/\\\/starke-meinungen.de\\\/blog\\\/wp-content\\\/uploads\\\/starke-meinungen-fb-header.jpg\",\"contentUrl\":\"https:\\\/\\\/starke-meinungen.de\\\/blog\\\/wp-content\\\/uploads\\\/starke-meinungen-fb-header.jpg\",\"width\":1200,\"height\":630,\"caption\":\"starke-meinungen.de\"},\"image\":{\"@id\":\"https:\\\/\\\/starke-meinungen.de\\\/blog\\\/#\\\/schema\\\/logo\\\/image\\\/\"},\"sameAs\":[\"https:\\\/\\\/www.facebook.com\\\/starkemeinungen\\\/\",\"https:\\\/\\\/x.com\\\/starkemeinungen\"]},{\"@type\":\"Person\",\"@id\":\"https:\\\/\\\/starke-meinungen.de\\\/blog\\\/#\\\/schema\\\/person\\\/6af826c1bb87ec75580869d830616de2\",\"name\":\"Rainer Werner\",\"image\":{\"@type\":\"ImageObject\",\"inLanguage\":\"de\",\"@id\":\"https:\\\/\\\/secure.gravatar.com\\\/avatar\\\/6f37dc4eff27558ec03229bb8dd7133f519865cae374548719ce45fba3788ea8?s=96&d=mm&r=g\",\"url\":\"https:\\\/\\\/secure.gravatar.com\\\/avatar\\\/6f37dc4eff27558ec03229bb8dd7133f519865cae374548719ce45fba3788ea8?s=96&d=mm&r=g\",\"contentUrl\":\"https:\\\/\\\/secure.gravatar.com\\\/avatar\\\/6f37dc4eff27558ec03229bb8dd7133f519865cae374548719ce45fba3788ea8?s=96&d=mm&r=g\",\"caption\":\"Rainer Werner\"},\"url\":\"https:\\\/\\\/starke-meinungen.de\\\/blog\\\/author\\\/werner\\\/\"}]}<\/script>\n<!-- \/ Yoast SEO plugin. -->","yoast_head_json":{"title":"Wer stehen bleibt, f\u00e4llt zur\u00fcck - starke-meinungen.de","robots":{"index":"index","follow":"follow","max-snippet":"max-snippet:-1","max-image-preview":"max-image-preview:large","max-video-preview":"max-video-preview:-1"},"canonical":"https:\/\/starke-meinungen.de\/blog\/2015\/08\/08\/wer-stehen-bleibt-faellt-zurueck\/","og_locale":"de_DE","og_type":"article","og_title":"Wer stehen bleibt, f\u00e4llt zur\u00fcck - starke-meinungen.de","og_description":"\u00dcber einige Irrt\u00fcmer der Globalisierungskritiker \u00a0Als die Griechenlandkrise in ihr finales Stadium trat und sich die Politiker der Euro-Zone auf den Konferenzen in Br\u00fcssel die K\u00f6pfe hei\u00df redeten, fiel auf, dass Griechenland vor allem drei F\u00fcrsprecher hatte: Frankreich, Italien und \u00d6sterreich. Mit der typischen Mentalit\u00e4t der &#8222;S\u00fcdl\u00e4nder&#8220;, die mit Schuldens\u00fcndern immer nachsichtig seien, hat diese Frontbildung offensichtlich nichts zu tun,... Weiterlesen &raquo;","og_url":"https:\/\/starke-meinungen.de\/blog\/2015\/08\/08\/wer-stehen-bleibt-faellt-zurueck\/","og_site_name":"starke-meinungen.de","article_publisher":"https:\/\/www.facebook.com\/starkemeinungen\/","article_published_time":"2015-08-08T08:28:09+00:00","og_image":[{"width":1200,"height":630,"url":"https:\/\/starke-meinungen.de\/blog\/wp-content\/uploads\/starke-meinungen-fb-header.jpg","type":"image\/jpeg"}],"author":"Rainer Werner","twitter_card":"summary_large_image","twitter_creator":"@starkemeinungen","twitter_site":"@starkemeinungen","twitter_misc":{"Verfasst von":"Rainer Werner","Gesch\u00e4tzte Lesezeit":"8\u00a0Minuten"},"schema":{"@context":"https:\/\/schema.org","@graph":[{"@type":"Article","@id":"https:\/\/starke-meinungen.de\/blog\/2015\/08\/08\/wer-stehen-bleibt-faellt-zurueck\/#article","isPartOf":{"@id":"https:\/\/starke-meinungen.de\/blog\/2015\/08\/08\/wer-stehen-bleibt-faellt-zurueck\/"},"author":{"name":"Rainer Werner","@id":"https:\/\/starke-meinungen.de\/blog\/#\/schema\/person\/6af826c1bb87ec75580869d830616de2"},"headline":"Wer stehen bleibt, f\u00e4llt zur\u00fcck","datePublished":"2015-08-08T08:28:09+00:00","mainEntityOfPage":{"@id":"https:\/\/starke-meinungen.de\/blog\/2015\/08\/08\/wer-stehen-bleibt-faellt-zurueck\/"},"wordCount":1507,"commentCount":4,"publisher":{"@id":"https:\/\/starke-meinungen.de\/blog\/#organization"},"keywords":["Autarkie","Globalisierung","Protektionismus","Wettbewerb"],"articleSection":{"1":"Rainer Werner"},"inLanguage":"de","potentialAction":[{"@type":"CommentAction","name":"Comment","target":["https:\/\/starke-meinungen.de\/blog\/2015\/08\/08\/wer-stehen-bleibt-faellt-zurueck\/#respond"]}]},{"@type":"WebPage","@id":"https:\/\/starke-meinungen.de\/blog\/2015\/08\/08\/wer-stehen-bleibt-faellt-zurueck\/","url":"https:\/\/starke-meinungen.de\/blog\/2015\/08\/08\/wer-stehen-bleibt-faellt-zurueck\/","name":"Wer stehen bleibt, f\u00e4llt zur\u00fcck - starke-meinungen.de","isPartOf":{"@id":"https:\/\/starke-meinungen.de\/blog\/#website"},"datePublished":"2015-08-08T08:28:09+00:00","breadcrumb":{"@id":"https:\/\/starke-meinungen.de\/blog\/2015\/08\/08\/wer-stehen-bleibt-faellt-zurueck\/#breadcrumb"},"inLanguage":"de","potentialAction":[{"@type":"ReadAction","target":["https:\/\/starke-meinungen.de\/blog\/2015\/08\/08\/wer-stehen-bleibt-faellt-zurueck\/"]}]},{"@type":"BreadcrumbList","@id":"https:\/\/starke-meinungen.de\/blog\/2015\/08\/08\/wer-stehen-bleibt-faellt-zurueck\/#breadcrumb","itemListElement":[{"@type":"ListItem","position":1,"name":"Startseite","item":"https:\/\/starke-meinungen.de\/blog\/"},{"@type":"ListItem","position":2,"name":"Wer stehen bleibt, f\u00e4llt zur\u00fcck"}]},{"@type":"WebSite","@id":"https:\/\/starke-meinungen.de\/blog\/#website","url":"https:\/\/starke-meinungen.de\/blog\/","name":"starke-meinungen.de","description":"Autoren-Blog","publisher":{"@id":"https:\/\/starke-meinungen.de\/blog\/#organization"},"potentialAction":[{"@type":"SearchAction","target":{"@type":"EntryPoint","urlTemplate":"https:\/\/starke-meinungen.de\/blog\/?s={search_term_string}"},"query-input":{"@type":"PropertyValueSpecification","valueRequired":true,"valueName":"search_term_string"}}],"inLanguage":"de"},{"@type":"Organization","@id":"https:\/\/starke-meinungen.de\/blog\/#organization","name":"starke-meinungen.de","url":"https:\/\/starke-meinungen.de\/blog\/","logo":{"@type":"ImageObject","inLanguage":"de","@id":"https:\/\/starke-meinungen.de\/blog\/#\/schema\/logo\/image\/","url":"https:\/\/starke-meinungen.de\/blog\/wp-content\/uploads\/starke-meinungen-fb-header.jpg","contentUrl":"https:\/\/starke-meinungen.de\/blog\/wp-content\/uploads\/starke-meinungen-fb-header.jpg","width":1200,"height":630,"caption":"starke-meinungen.de"},"image":{"@id":"https:\/\/starke-meinungen.de\/blog\/#\/schema\/logo\/image\/"},"sameAs":["https:\/\/www.facebook.com\/starkemeinungen\/","https:\/\/x.com\/starkemeinungen"]},{"@type":"Person","@id":"https:\/\/starke-meinungen.de\/blog\/#\/schema\/person\/6af826c1bb87ec75580869d830616de2","name":"Rainer Werner","image":{"@type":"ImageObject","inLanguage":"de","@id":"https:\/\/secure.gravatar.com\/avatar\/6f37dc4eff27558ec03229bb8dd7133f519865cae374548719ce45fba3788ea8?s=96&d=mm&r=g","url":"https:\/\/secure.gravatar.com\/avatar\/6f37dc4eff27558ec03229bb8dd7133f519865cae374548719ce45fba3788ea8?s=96&d=mm&r=g","contentUrl":"https:\/\/secure.gravatar.com\/avatar\/6f37dc4eff27558ec03229bb8dd7133f519865cae374548719ce45fba3788ea8?s=96&d=mm&r=g","caption":"Rainer Werner"},"url":"https:\/\/starke-meinungen.de\/blog\/author\/werner\/"}]}},"_links":{"self":[{"href":"https:\/\/starke-meinungen.de\/blog\/wp-json\/wp\/v2\/posts\/4891","targetHints":{"allow":["GET"]}}],"collection":[{"href":"https:\/\/starke-meinungen.de\/blog\/wp-json\/wp\/v2\/posts"}],"about":[{"href":"https:\/\/starke-meinungen.de\/blog\/wp-json\/wp\/v2\/types\/post"}],"author":[{"embeddable":true,"href":"https:\/\/starke-meinungen.de\/blog\/wp-json\/wp\/v2\/users\/19"}],"replies":[{"embeddable":true,"href":"https:\/\/starke-meinungen.de\/blog\/wp-json\/wp\/v2\/comments?post=4891"}],"version-history":[{"count":1,"href":"https:\/\/starke-meinungen.de\/blog\/wp-json\/wp\/v2\/posts\/4891\/revisions"}],"predecessor-version":[{"id":4892,"href":"https:\/\/starke-meinungen.de\/blog\/wp-json\/wp\/v2\/posts\/4891\/revisions\/4892"}],"wp:attachment":[{"href":"https:\/\/starke-meinungen.de\/blog\/wp-json\/wp\/v2\/media?parent=4891"}],"wp:term":[{"taxonomy":"category","embeddable":true,"href":"https:\/\/starke-meinungen.de\/blog\/wp-json\/wp\/v2\/categories?post=4891"},{"taxonomy":"post_tag","embeddable":true,"href":"https:\/\/starke-meinungen.de\/blog\/wp-json\/wp\/v2\/tags?post=4891"}],"curies":[{"name":"wp","href":"https:\/\/api.w.org\/{rel}","templated":true}]}}