

{"id":4750,"date":"2015-05-28T06:02:30","date_gmt":"2015-05-28T06:02:30","guid":{"rendered":"https:\/\/starke-meinungen.de\/blog\/?p=4750"},"modified":"2015-05-28T06:05:27","modified_gmt":"2015-05-28T06:05:27","slug":"gesinnungszwang-im-netz","status":"publish","type":"post","link":"https:\/\/starke-meinungen.de\/blog\/2015\/05\/28\/gesinnungszwang-im-netz\/","title":{"rendered":"Gesinnungszwang im Netz"},"content":{"rendered":"<p>Seit Wochen sieht sich Politikprofessor Herfried M\u00fcnkler von der Humboldt-Universit\u00e4t zu Berlin anonymen Anw\u00fcrfen im Internet ausgesetzt. Die Kritiker im Internet-Blog &#8222;M\u00fcnkler-Watch&#8220; werfen ihm all das vor, was linke Kritiker einem Menschen vorwerfen k\u00f6nnen, der sich politisch in der Mitte der Gesellschaft verortet: Er stelle in seiner Vorlesung (und seinen B\u00fcchern) abweichende Meinungen, z.B. andere (linke) Demokratiekonzepte, Genderthemen, Theorien au\u00dfereurop\u00e4ischer (linker) Politologen, nicht dar, sei deshalb ein &#8222;Extremist der Mitte&#8220;. Die Kritiker, Studenten aus seiner Vorlesung, suchen nicht die Diskussion mit dem Gescholtenen und ihen Kommilitonen an Ort und Stelle &#8211; also in der Vorlesung. Nein, sie ziehen die Anonymit\u00e4t des Internets vor, weil sie Nachteile f\u00fcr ihre Karriere (schlechte Noten) bef\u00fcrchten, wenn ihre Identit\u00e4t bekannt wird. Au\u00dferdem f\u00fchlten sie sich im offenen intellektuellen Schlagabtausch dem Professor rhetorisch nicht gewachsen. Der Professor nennt sie wegen ihres Kneifens &#8222;erb\u00e4rmliche Feiglinge&#8220;.<!--more--><\/p>\n<p>Das zivile Leben in unserer freien Gesellschaft ist auf Transparenz angelegt<strong><em>.<\/em><\/strong> Vielf\u00e4ltige Kennzeichnungspflichten helfen, m\u00f6gliche Gefahrenquellen zu minimieren. Autokennzeichen erlauben es, Verkehrss\u00fcnder zu identifizieren. Jedes Gewerbe, selbst die kleinste Imbiss-Bude, muss registriert werden, damit die Beh\u00f6rden Hygiene-Kontrollen, Steuerpr\u00fcfungen, Arbeitsschutz-Kontrollen durchf\u00fchren k\u00f6nnen. Vor einigen Jahren wurde das Vermummungsverbot bei Demonstrationen eingef\u00fchrt, weil aus dem Block der schwarz vermummten \u201eAutonomen\u201c heraus schwere Straftaten ver\u00fcbt worden waren. Im Gegenzug erhielten Polizisten Kenn-Ziffern, um auch gegen sie besser ermitteln zu k\u00f6nnen, wenn sie das Gesetz gebrochen haben. In den meisten europ\u00e4ischen Demokratien gibt es ein Verbot der Ganzk\u00f6rperverschleierung von muslimischen Frauen (Burka). Zur Demokratie und zur aufgekl\u00e4rten Zivilgesellschaft geh\u00f6rt das offene Visier, das freie Gesicht.<\/p>\n<p>Es ist schon merkw\u00fcrdig, dass das offene Visier ausgerechnet im Schattenreich des Internets nicht gelten soll. Hier legen die Verfechter der \u201eFreiheit im Netz\u201c Wert darauf, dass die Nutzer anonym unterwegs sein d\u00fcrfen. Warum eigentlich? Die Verteidiger des Anonymen pochen auf dieses Ausnahmerecht, weil es sich um ein neues Medium handelt, das nicht mit der Elle der Konvention zu messen sei.<\/p>\n<p>Doch: Kann man die Humanitas einer Gesellschaft, das friedliche Miteinander der Menschen von der technischen Entwicklung abh\u00e4ngig machen? Ich glaube: Nein! Man muss zivilisatorische Standards \u00fcberall verteidigen, wo sie bedroht sind. Deshalb muss die zivile Gesellschaft Wert darauf legen, dass sich die Kommunikationspartner freien Blickes, also unverh\u00fcllt, gegen\u00fcbertreten.<\/p>\n<p>Die Anonymit\u00e4t im Netz gebiert Ungeheuer, k\u00f6nnte man frei nach <em>Goya<\/em> sagen. Niedrige Instinkte werden freigesetzt, wenn die soziale Kontrolle wegf\u00e4llt, die dadurch gegeben ist, dass man mit seinem Namen f\u00fcr seine Meinung einsteht.\u00a0\u00a0 Eine besonders perfide Aktion startete vor einiger Zeit die Gruppe \u201eAnonymous\u201c gegen die Schriftsteller und Autoren, die den Aufruf <em>\u201eWir sind die Urheber. Gegen den Diebstahl geistigen Eigentums\u201c<\/em> ins Netz gestellt hatten. Die &#8222;Anonymen&#8220; ver\u00f6ffentlichten die Namen, Adressen und Telefonnummern der Initiatoren dieser Initiative, und nicht nur das: Sie ver\u00f6ffentlichten auch die pers\u00f6nlichen Daten ihrer Familienangeh\u00f6rigen &#8211; samt Wohnadressen. Im Klartext sollte das hei\u00dfen: \u201eWir wissen, wo ihr wohnt, und die Netzgemeinde wei\u00df es jetzt auch! Wir k\u00f6nnen euch jederzeit attackieren, nicht nur im Netz, sondern auch real&#8220;.<\/p>\n<p>Menschen \u00f6ffentlich zu brandmarken und zu n\u00f6tigen markiert einen R\u00fcckfall in mittelalterliche Strafpraktiken. Die Fanatiker mit der wei\u00dfen Maske sind vielleicht noch zu jung, um zu wissen, dass ihre Aktion ein ber\u00fcchtigtes Vorbild hat. Als <em>Joseph Goebbels<\/em> im Jahre 1926 von <em>Adolf Hitler<\/em> zum Gauleiter von Berlin ernannt wurde, begann er systematisch, das \u00f6ffentliche Leben mit radikalen, vor allem gegen die Juden gerichteten Aktionen zu vergiften. Eine Aktion bestand darin, dass die NSDAP die Namen und Adressen reicher j\u00fcdischer B\u00fcrger Berlins in ihren Parteizeitungen ver\u00f6ffentlichte und ihre Anh\u00e4nger dazu aufrief, einen \u201eVillen-Spaziergang\u201c zu machen. So zogen gr\u00f6lende SA-Trupps an den Villen im Grunewald und am Wannsee vorbei und beschmierten die Z\u00e4une und Tore mit NS-Parolen. \u201eWartet nur, wir kriegen euch!\u201c, sollte das hei\u00dfen. Nur wenige Jahre sp\u00e4ter sollten die Drohungen Wirklichkeit werden.<\/p>\n<p>M\u00fcnkler sieht in der Gesinnungskontrolle im Netz durchaus Parallelen zu den Zust\u00e4nden nach 1933. Damals sa\u00dfen NS-Sympathisanten in den H\u00f6rs\u00e4len deutscher Universit\u00e4ten und schrieben mit, wenn sie in den Vorlesungen &#8222;Undeutsches&#8220;, &#8222;J\u00fcdisches&#8220; oder &#8222;Pazifistisches&#8220; vernahmen. Das Internet war noch nicht erfunden, die Nazi-Spitzel konnten sich darin noch nicht verstecken. Das hatten sie auch gar nicht n\u00f6tig. Sie p\u00f6belten die Nazis die Professoren in den Vorlesungen direkt an, weil sie sich &#8211; die braune Staatsmacht im R\u00fccken &#8211; sicher f\u00fchlen konnten. Wie die Einsch\u00fcchterung im H\u00f6rsaal funktionierte, kann man in der Parabel <a href=\"http:\/\/www.satzsucher.de\/index.php?id=27\">&#8222;Ma\u00dfnahmen gegen die Gewalt&#8220;<\/a> von Bertolt Brecht nachlesen.<\/p>\n<p>In den letzten Jahren meiner Lehrert\u00e4tigkeit hatte ich h\u00e4ufig mit Internet-Mobbing zu tun. Klassenkameraden wurden in anonymen Hass-Mails beschimpft, beleidigt und bedroht. Ein M\u00e4dchen weigerte sich, noch weiter in die Schule zu gehen. Sie musste sich schlie\u00dflich in psychologische Behandlung begeben. In den meisten F\u00e4llen konnten wir die Urheber des Mobbing durch Gespr\u00e4che innerhalb der Klasse ermitteln, manchmal mussten wir aber auch die Kriminalpolizei einschalten, um die IP-Adresse der T\u00e4ter ermitteln zu lassen. Auch in der Schule sind die Hemmschwellen f\u00fcr Beleidigungen und Bedrohungen gesunken, weil sich die T\u00e4ter im Schutz der Anonymit\u00e4t Gemeinheiten erlauben k\u00f6nnen, die sie Aug in Auge mit den Mitsch\u00fclern nie wagen w\u00fcrden.<\/p>\n<p>Was ist dagegen zu tun?<\/p>\n<p>Der slowenische Philosoph <em>Slavoj Zizek<\/em> fordert die freiheitlichen Gesellschaften des Westens dazu auf, sich ihrer Wurzeln in der europ\u00e4ischen Aufkl\u00e4rung zu besinnen und <em>&#8222;die Dinge, die unm\u00f6glich zu ertragen sind&#8220;<\/em> (Jacques Lacan) mit Hilfe staatlicher Interventionen zu bek\u00e4mpfen: &#8222;<em>Toleranz ist [&#8230;] keine L\u00f6sung. Was wir brauchen, ist eine \u00fcbergeordnete Leitkultur, die regelt, auf welche Weise die Subkulturen interagieren.&#8220;<\/em> (DER SPIEGEL 12, 2015, S. 133).<\/p>\n<p>Dabei beruft sich der Philosoph auf den Begriff der <em>\u201esittlichen Substanz\u201c,<\/em> den <em>Georg Wilhelm Friedrich Hegel<\/em> in seiner Schrift \u201ePh\u00e4nomenologie des Geistes\u201c als Leitidee f\u00fcr den Zusammenhalt der b\u00fcrgerlichen Gesellschaft gepr\u00e4gt hat. Slavoj Zizek leitet daraus das Interventionsrecht der Zivilgesellschaft und des Staates ab, Gef\u00e4hrdungen des vertr\u00e4glichen Zusammenlebens auch mit Hilfe von Gesetzen entgegenzutreten: <em>&#8222;Wir haben das Recht, Grenzen zu setzen&#8220; <\/em>(ebd.).<\/p>\n<p>Es wird Zeit, dass sich die Zivilgesellschaft auf ihre humanen Grundlagen besinnt und dem Wildwuchs im Internet Grenzen setzt. Es sollte k\u00fcnftig selbstverst\u00e4ndlich sein, dass sich alle Menschen, die im \u00f6ffentlichen Raum <span style=\"text-decoration: underline\">real<\/span> oder <span style=\"text-decoration: underline\">virtuell<\/span> miteinander kommunizieren, mit offenem Visier begegnen. Der (europ\u00e4ische) Gesetzgeber k\u00f6nnte der Anonymit\u00e4t im Netz Einhalt gebieten. Jeder Internetzugang sollte, wenn er eingerichtet wird, automatisch mit einer Signatur versehen werden, die den Klarnamen des Nutzers enth\u00e4lt. Dies entspr\u00e4che dem Absender eines &#8222;analogen&#8220; Briefes. Dann w\u00fcrde sich bei Rechtsverst\u00f6\u00dfen die umst\u00e4ndliche Ermittlung der IP-Adresse er\u00fcbrigen, weil jeder Nutzer auf einen Blick erkennen k\u00f6nnte, wen er vor sich hat, selbst dann, wenn er mit anonymen Mail-Adressen agiert.<\/p>\n<p>Die gro\u00dfen Zeitungen und Zeitschriften sollten jetzt schon ein Zeichen setzen und die Kommentarspalten zu ihren Artikeln nur noch f\u00fcr die Leser \u00f6ffnen, die ihren Klarnamen preisgeben. Der alte liberale (bew\u00e4hrte) Zeitungsgrundsatz w\u00e4re dann wieder in sein Recht eingesetzt: <em>\u201eAnonyme (digitale) Zuschriften werden nicht ber\u00fccksichtigt!\u201c<\/em><\/p>\n<p>&nbsp;<\/p>\n<p>&nbsp;<\/p>\n<p>&nbsp;<\/p>\n<div class=\"shariff shariff-align-left shariff-widget-align-left shariff-buttonstretch\" style=\"display:none\"><ul class=\"shariff-buttons theme-white orientation-horizontal buttonsize-medium\"><li class=\"shariff-button facebook shariff-nocustomcolor\" style=\"background-color:#4273c8\"><a href=\"https:\/\/www.facebook.com\/sharer\/sharer.php?u=https%3A%2F%2Fstarke-meinungen.de%2Fblog%2F2015%2F05%2F28%2Fgesinnungszwang-im-netz%2F\" title=\"Bei Facebook teilen\" aria-label=\"Bei Facebook teilen\" role=\"button\" rel=\"nofollow\" class=\"shariff-link\" style=\"; background-color:#3b5998; color:#3b5998\" target=\"_blank\"><span class=\"shariff-icon\" style=\"fill:#3b5998\"><svg width=\"32px\" height=\"20px\" xmlns=\"http:\/\/www.w3.org\/2000\/svg\" viewBox=\"0 0 18 32\"><path fill=\"#3b5998\" d=\"M17.1 0.2v4.7h-2.8q-1.5 0-2.1 0.6t-0.5 1.9v3.4h5.2l-0.7 5.3h-4.5v13.6h-5.5v-13.6h-4.5v-5.3h4.5v-3.9q0-3.3 1.9-5.2t5-1.8q2.6 0 4.1 0.2z\"\/><\/svg><\/span><span class=\"shariff-text\" style=\"color:#3b5998\">teilen<\/span>&nbsp;<\/a><\/li><li class=\"shariff-button twitter shariff-nocustomcolor\" style=\"background-color:#595959\"><a href=\"https:\/\/twitter.com\/share?url=https%3A%2F%2Fstarke-meinungen.de%2Fblog%2F2015%2F05%2F28%2Fgesinnungszwang-im-netz%2F&text=Gesinnungszwang%20im%20Netz&via=starkemeinungen\" title=\"Bei X teilen\" aria-label=\"Bei X teilen\" role=\"button\" rel=\"noopener nofollow\" class=\"shariff-link\" style=\"; background-color:#000; color:#000\" target=\"_blank\"><span class=\"shariff-icon\" style=\"fill:#000\"><svg width=\"32px\" height=\"20px\" xmlns=\"http:\/\/www.w3.org\/2000\/svg\" viewBox=\"0 0 24 24\"><path fill=\"#000\" d=\"M14.258 10.152L23.176 0h-2.113l-7.747 8.813L7.133 0H0l9.352 13.328L0 23.973h2.113l8.176-9.309 6.531 9.309h7.133zm-2.895 3.293l-.949-1.328L2.875 1.56h3.246l6.086 8.523.945 1.328 7.91 11.078h-3.246zm0 0\"\/><\/svg><\/span><span class=\"shariff-text\" style=\"color:#000\">teilen<\/span>&nbsp;<\/a><\/li><li class=\"shariff-button linkedin shariff-nocustomcolor\" style=\"background-color:#1488bf\"><a href=\"https:\/\/www.linkedin.com\/sharing\/share-offsite\/?url=https%3A%2F%2Fstarke-meinungen.de%2Fblog%2F2015%2F05%2F28%2Fgesinnungszwang-im-netz%2F\" title=\"Bei LinkedIn teilen\" aria-label=\"Bei LinkedIn teilen\" role=\"button\" rel=\"noopener nofollow\" class=\"shariff-link\" style=\"; background-color:#0077b5; color:#0077b5\" target=\"_blank\"><span class=\"shariff-icon\" style=\"fill:#0077b5\"><svg width=\"32px\" height=\"20px\" xmlns=\"http:\/\/www.w3.org\/2000\/svg\" viewBox=\"0 0 27 32\"><path fill=\"#0077b5\" d=\"M6.2 11.2v17.7h-5.9v-17.7h5.9zM6.6 5.7q0 1.3-0.9 2.2t-2.4 0.9h0q-1.5 0-2.4-0.9t-0.9-2.2 0.9-2.2 2.4-0.9 2.4 0.9 0.9 2.2zM27.4 18.7v10.1h-5.9v-9.5q0-1.9-0.7-2.9t-2.3-1.1q-1.1 0-1.9 0.6t-1.2 1.5q-0.2 0.5-0.2 1.4v9.9h-5.9q0-7.1 0-11.6t0-5.3l0-0.9h5.9v2.6h0q0.4-0.6 0.7-1t1-0.9 1.6-0.8 2-0.3q3 0 4.9 2t1.9 6z\"\/><\/svg><\/span><span class=\"shariff-text\" style=\"color:#0077b5\">teilen<\/span>&nbsp;<\/a><\/li><li class=\"shariff-button xing shariff-nocustomcolor\" style=\"background-color:#29888a\"><a href=\"https:\/\/www.xing.com\/spi\/shares\/new?url=https%3A%2F%2Fstarke-meinungen.de%2Fblog%2F2015%2F05%2F28%2Fgesinnungszwang-im-netz%2F\" title=\"Bei XING teilen\" aria-label=\"Bei XING teilen\" role=\"button\" rel=\"noopener nofollow\" class=\"shariff-link\" style=\"; background-color:#126567; color:#126567\" target=\"_blank\"><span class=\"shariff-icon\" style=\"fill:#126567\"><svg width=\"32px\" height=\"20px\" xmlns=\"http:\/\/www.w3.org\/2000\/svg\" viewBox=\"0 0 25 32\"><path fill=\"#126567\" d=\"M10.7 11.9q-0.2 0.3-4.6 8.2-0.5 0.8-1.2 0.8h-4.3q-0.4 0-0.5-0.3t0-0.6l4.5-8q0 0 0 0l-2.9-5q-0.2-0.4 0-0.7 0.2-0.3 0.5-0.3h4.3q0.7 0 1.2 0.8zM25.1 0.4q0.2 0.3 0 0.7l-9.4 16.7 6 11q0.2 0.4 0 0.6-0.2 0.3-0.6 0.3h-4.3q-0.7 0-1.2-0.8l-6-11.1q0.3-0.6 9.5-16.8 0.4-0.8 1.2-0.8h4.3q0.4 0 0.5 0.3z\"\/><\/svg><\/span><span class=\"shariff-text\" style=\"color:#126567\">teilen<\/span>&nbsp;<\/a><\/li><li class=\"shariff-button whatsapp shariff-nocustomcolor\" style=\"background-color:#5cbe4a\"><a href=\"https:\/\/api.whatsapp.com\/send?text=https%3A%2F%2Fstarke-meinungen.de%2Fblog%2F2015%2F05%2F28%2Fgesinnungszwang-im-netz%2F%20Gesinnungszwang%20im%20Netz\" title=\"Bei Whatsapp teilen\" aria-label=\"Bei Whatsapp teilen\" role=\"button\" rel=\"noopener nofollow\" class=\"shariff-link\" style=\"; background-color:#34af23; color:#34af23\" target=\"_blank\"><span class=\"shariff-icon\" style=\"fill:#34af23\"><svg width=\"32px\" height=\"20px\" xmlns=\"http:\/\/www.w3.org\/2000\/svg\" viewBox=\"0 0 32 32\"><path fill=\"#34af23\" d=\"M17.6 17.4q0.2 0 1.7 0.8t1.6 0.9q0 0.1 0 0.3 0 0.6-0.3 1.4-0.3 0.7-1.3 1.2t-1.8 0.5q-1 0-3.4-1.1-1.7-0.8-3-2.1t-2.6-3.3q-1.3-1.9-1.3-3.5v-0.1q0.1-1.6 1.3-2.8 0.4-0.4 0.9-0.4 0.1 0 0.3 0t0.3 0q0.3 0 0.5 0.1t0.3 0.5q0.1 0.4 0.6 1.6t0.4 1.3q0 0.4-0.6 1t-0.6 0.8q0 0.1 0.1 0.3 0.6 1.3 1.8 2.4 1 0.9 2.7 1.8 0.2 0.1 0.4 0.1 0.3 0 1-0.9t0.9-0.9zM14 26.9q2.3 0 4.3-0.9t3.6-2.4 2.4-3.6 0.9-4.3-0.9-4.3-2.4-3.6-3.6-2.4-4.3-0.9-4.3 0.9-3.6 2.4-2.4 3.6-0.9 4.3q0 3.6 2.1 6.6l-1.4 4.2 4.3-1.4q2.8 1.9 6.2 1.9zM14 2.2q2.7 0 5.2 1.1t4.3 2.9 2.9 4.3 1.1 5.2-1.1 5.2-2.9 4.3-4.3 2.9-5.2 1.1q-3.5 0-6.5-1.7l-7.4 2.4 2.4-7.2q-1.9-3.2-1.9-6.9 0-2.7 1.1-5.2t2.9-4.3 4.3-2.9 5.2-1.1z\"\/><\/svg><\/span><span class=\"shariff-text\" style=\"color:#34af23\">teilen<\/span>&nbsp;<\/a><\/li><li class=\"shariff-button info shariff-nocustomcolor\" style=\"background-color:#a8a8a8\"><a href=\"http:\/\/ct.de\/-2467514\" title=\"Weitere Informationen\" aria-label=\"Weitere Informationen\" role=\"button\" rel=\"noopener \" class=\"shariff-link\" style=\"; background-color:#999; color:#999\" target=\"_blank\"><span class=\"shariff-icon\" style=\"fill:#999\"><svg width=\"32px\" height=\"20px\" xmlns=\"http:\/\/www.w3.org\/2000\/svg\" viewBox=\"0 0 11 32\"><path fill=\"#999\" d=\"M11.4 24v2.3q0 0.5-0.3 0.8t-0.8 0.4h-9.1q-0.5 0-0.8-0.4t-0.4-0.8v-2.3q0-0.5 0.4-0.8t0.8-0.4h1.1v-6.8h-1.1q-0.5 0-0.8-0.4t-0.4-0.8v-2.3q0-0.5 0.4-0.8t0.8-0.4h6.8q0.5 0 0.8 0.4t0.4 0.8v10.3h1.1q0.5 0 0.8 0.4t0.3 0.8zM9.2 3.4v3.4q0 0.5-0.4 0.8t-0.8 0.4h-4.6q-0.4 0-0.8-0.4t-0.4-0.8v-3.4q0-0.4 0.4-0.8t0.8-0.4h4.6q0.5 0 0.8 0.4t0.4 0.8z\"\/><\/svg><\/span><\/a><\/li><\/ul><\/div>","protected":false},"excerpt":{"rendered":"<p>Seit Wochen sieht sich Politikprofessor Herfried M\u00fcnkler von der Humboldt-Universit\u00e4t zu Berlin anonymen Anw\u00fcrfen im Internet ausgesetzt. Die Kritiker im Internet-Blog &#8222;M\u00fcnkler-Watch&#8220; werfen ihm all das vor, was linke Kritiker einem Menschen vorwerfen k\u00f6nnen, der sich politisch in der Mitte der Gesellschaft verortet: Er stelle in seiner Vorlesung (und seinen B\u00fcchern) abweichende Meinungen, z.B. andere (linke) Demokratiekonzepte, Genderthemen, Theorien au\u00dfereurop\u00e4ischer&#8230; <a href=\"https:\/\/starke-meinungen.de\/blog\/2015\/05\/28\/gesinnungszwang-im-netz\/\">Weiterlesen &raquo;<\/a><\/p>\n","protected":false},"author":19,"featured_media":0,"comment_status":"open","ping_status":"open","sticky":false,"template":"","format":"standard","meta":{"footnotes":""},"categories":[1,2093],"tags":[],"class_list":["post-4750","post","type-post","status-publish","format-standard","hentry","category-allgemein","category-rainer-werner"],"yoast_head":"<!-- This site is optimized with the Yoast SEO plugin v27.5 - https:\/\/yoast.com\/product\/yoast-seo-wordpress\/ -->\n<title>Gesinnungszwang im Netz - starke-meinungen.de<\/title>\n<meta name=\"robots\" content=\"index, follow, max-snippet:-1, max-image-preview:large, max-video-preview:-1\" \/>\n<link rel=\"canonical\" href=\"https:\/\/starke-meinungen.de\/blog\/2015\/05\/28\/gesinnungszwang-im-netz\/\" \/>\n<meta property=\"og:locale\" content=\"de_DE\" \/>\n<meta property=\"og:type\" content=\"article\" \/>\n<meta property=\"og:title\" content=\"Gesinnungszwang im Netz - starke-meinungen.de\" \/>\n<meta property=\"og:description\" content=\"Seit Wochen sieht sich Politikprofessor Herfried M\u00fcnkler von der Humboldt-Universit\u00e4t zu Berlin anonymen Anw\u00fcrfen im Internet ausgesetzt. Die Kritiker im Internet-Blog &#8222;M\u00fcnkler-Watch&#8220; werfen ihm all das vor, was linke Kritiker einem Menschen vorwerfen k\u00f6nnen, der sich politisch in der Mitte der Gesellschaft verortet: Er stelle in seiner Vorlesung (und seinen B\u00fcchern) abweichende Meinungen, z.B. andere (linke) Demokratiekonzepte, Genderthemen, Theorien au\u00dfereurop\u00e4ischer... Weiterlesen &raquo;\" \/>\n<meta property=\"og:url\" content=\"https:\/\/starke-meinungen.de\/blog\/2015\/05\/28\/gesinnungszwang-im-netz\/\" \/>\n<meta property=\"og:site_name\" content=\"starke-meinungen.de\" \/>\n<meta property=\"article:publisher\" content=\"https:\/\/www.facebook.com\/starkemeinungen\/\" \/>\n<meta property=\"article:published_time\" content=\"2015-05-28T06:02:30+00:00\" \/>\n<meta property=\"article:modified_time\" content=\"2015-05-28T06:05:27+00:00\" \/>\n<meta property=\"og:image\" content=\"https:\/\/starke-meinungen.de\/blog\/wp-content\/uploads\/starke-meinungen-fb-header.jpg\" \/>\n\t<meta property=\"og:image:width\" content=\"1200\" \/>\n\t<meta property=\"og:image:height\" content=\"630\" \/>\n\t<meta property=\"og:image:type\" content=\"image\/jpeg\" \/>\n<meta name=\"author\" content=\"Rainer Werner\" \/>\n<meta name=\"twitter:card\" content=\"summary_large_image\" \/>\n<meta name=\"twitter:creator\" content=\"@starkemeinungen\" \/>\n<meta name=\"twitter:site\" content=\"@starkemeinungen\" \/>\n<meta name=\"twitter:label1\" content=\"Verfasst von\" \/>\n\t<meta name=\"twitter:data1\" content=\"Rainer Werner\" \/>\n\t<meta name=\"twitter:label2\" content=\"Gesch\u00e4tzte Lesezeit\" \/>\n\t<meta name=\"twitter:data2\" content=\"6\u00a0Minuten\" \/>\n<script type=\"application\/ld+json\" class=\"yoast-schema-graph\">{\"@context\":\"https:\\\/\\\/schema.org\",\"@graph\":[{\"@type\":\"Article\",\"@id\":\"https:\\\/\\\/starke-meinungen.de\\\/blog\\\/2015\\\/05\\\/28\\\/gesinnungszwang-im-netz\\\/#article\",\"isPartOf\":{\"@id\":\"https:\\\/\\\/starke-meinungen.de\\\/blog\\\/2015\\\/05\\\/28\\\/gesinnungszwang-im-netz\\\/\"},\"author\":{\"name\":\"Rainer Werner\",\"@id\":\"https:\\\/\\\/starke-meinungen.de\\\/blog\\\/#\\\/schema\\\/person\\\/6af826c1bb87ec75580869d830616de2\"},\"headline\":\"Gesinnungszwang im Netz\",\"datePublished\":\"2015-05-28T06:02:30+00:00\",\"dateModified\":\"2015-05-28T06:05:27+00:00\",\"mainEntityOfPage\":{\"@id\":\"https:\\\/\\\/starke-meinungen.de\\\/blog\\\/2015\\\/05\\\/28\\\/gesinnungszwang-im-netz\\\/\"},\"wordCount\":1216,\"commentCount\":52,\"publisher\":{\"@id\":\"https:\\\/\\\/starke-meinungen.de\\\/blog\\\/#organization\"},\"articleSection\":{\"1\":\"Rainer Werner\"},\"inLanguage\":\"de\",\"potentialAction\":[{\"@type\":\"CommentAction\",\"name\":\"Comment\",\"target\":[\"https:\\\/\\\/starke-meinungen.de\\\/blog\\\/2015\\\/05\\\/28\\\/gesinnungszwang-im-netz\\\/#respond\"]}]},{\"@type\":\"WebPage\",\"@id\":\"https:\\\/\\\/starke-meinungen.de\\\/blog\\\/2015\\\/05\\\/28\\\/gesinnungszwang-im-netz\\\/\",\"url\":\"https:\\\/\\\/starke-meinungen.de\\\/blog\\\/2015\\\/05\\\/28\\\/gesinnungszwang-im-netz\\\/\",\"name\":\"Gesinnungszwang im Netz - starke-meinungen.de\",\"isPartOf\":{\"@id\":\"https:\\\/\\\/starke-meinungen.de\\\/blog\\\/#website\"},\"datePublished\":\"2015-05-28T06:02:30+00:00\",\"dateModified\":\"2015-05-28T06:05:27+00:00\",\"breadcrumb\":{\"@id\":\"https:\\\/\\\/starke-meinungen.de\\\/blog\\\/2015\\\/05\\\/28\\\/gesinnungszwang-im-netz\\\/#breadcrumb\"},\"inLanguage\":\"de\",\"potentialAction\":[{\"@type\":\"ReadAction\",\"target\":[\"https:\\\/\\\/starke-meinungen.de\\\/blog\\\/2015\\\/05\\\/28\\\/gesinnungszwang-im-netz\\\/\"]}]},{\"@type\":\"BreadcrumbList\",\"@id\":\"https:\\\/\\\/starke-meinungen.de\\\/blog\\\/2015\\\/05\\\/28\\\/gesinnungszwang-im-netz\\\/#breadcrumb\",\"itemListElement\":[{\"@type\":\"ListItem\",\"position\":1,\"name\":\"Startseite\",\"item\":\"https:\\\/\\\/starke-meinungen.de\\\/blog\\\/\"},{\"@type\":\"ListItem\",\"position\":2,\"name\":\"Gesinnungszwang im Netz\"}]},{\"@type\":\"WebSite\",\"@id\":\"https:\\\/\\\/starke-meinungen.de\\\/blog\\\/#website\",\"url\":\"https:\\\/\\\/starke-meinungen.de\\\/blog\\\/\",\"name\":\"starke-meinungen.de\",\"description\":\"Autoren-Blog\",\"publisher\":{\"@id\":\"https:\\\/\\\/starke-meinungen.de\\\/blog\\\/#organization\"},\"potentialAction\":[{\"@type\":\"SearchAction\",\"target\":{\"@type\":\"EntryPoint\",\"urlTemplate\":\"https:\\\/\\\/starke-meinungen.de\\\/blog\\\/?s={search_term_string}\"},\"query-input\":{\"@type\":\"PropertyValueSpecification\",\"valueRequired\":true,\"valueName\":\"search_term_string\"}}],\"inLanguage\":\"de\"},{\"@type\":\"Organization\",\"@id\":\"https:\\\/\\\/starke-meinungen.de\\\/blog\\\/#organization\",\"name\":\"starke-meinungen.de\",\"url\":\"https:\\\/\\\/starke-meinungen.de\\\/blog\\\/\",\"logo\":{\"@type\":\"ImageObject\",\"inLanguage\":\"de\",\"@id\":\"https:\\\/\\\/starke-meinungen.de\\\/blog\\\/#\\\/schema\\\/logo\\\/image\\\/\",\"url\":\"https:\\\/\\\/starke-meinungen.de\\\/blog\\\/wp-content\\\/uploads\\\/starke-meinungen-fb-header.jpg\",\"contentUrl\":\"https:\\\/\\\/starke-meinungen.de\\\/blog\\\/wp-content\\\/uploads\\\/starke-meinungen-fb-header.jpg\",\"width\":1200,\"height\":630,\"caption\":\"starke-meinungen.de\"},\"image\":{\"@id\":\"https:\\\/\\\/starke-meinungen.de\\\/blog\\\/#\\\/schema\\\/logo\\\/image\\\/\"},\"sameAs\":[\"https:\\\/\\\/www.facebook.com\\\/starkemeinungen\\\/\",\"https:\\\/\\\/x.com\\\/starkemeinungen\"]},{\"@type\":\"Person\",\"@id\":\"https:\\\/\\\/starke-meinungen.de\\\/blog\\\/#\\\/schema\\\/person\\\/6af826c1bb87ec75580869d830616de2\",\"name\":\"Rainer Werner\",\"image\":{\"@type\":\"ImageObject\",\"inLanguage\":\"de\",\"@id\":\"https:\\\/\\\/secure.gravatar.com\\\/avatar\\\/6f37dc4eff27558ec03229bb8dd7133f519865cae374548719ce45fba3788ea8?s=96&d=mm&r=g\",\"url\":\"https:\\\/\\\/secure.gravatar.com\\\/avatar\\\/6f37dc4eff27558ec03229bb8dd7133f519865cae374548719ce45fba3788ea8?s=96&d=mm&r=g\",\"contentUrl\":\"https:\\\/\\\/secure.gravatar.com\\\/avatar\\\/6f37dc4eff27558ec03229bb8dd7133f519865cae374548719ce45fba3788ea8?s=96&d=mm&r=g\",\"caption\":\"Rainer Werner\"},\"url\":\"https:\\\/\\\/starke-meinungen.de\\\/blog\\\/author\\\/werner\\\/\"}]}<\/script>\n<!-- \/ Yoast SEO plugin. -->","yoast_head_json":{"title":"Gesinnungszwang im Netz - starke-meinungen.de","robots":{"index":"index","follow":"follow","max-snippet":"max-snippet:-1","max-image-preview":"max-image-preview:large","max-video-preview":"max-video-preview:-1"},"canonical":"https:\/\/starke-meinungen.de\/blog\/2015\/05\/28\/gesinnungszwang-im-netz\/","og_locale":"de_DE","og_type":"article","og_title":"Gesinnungszwang im Netz - starke-meinungen.de","og_description":"Seit Wochen sieht sich Politikprofessor Herfried M\u00fcnkler von der Humboldt-Universit\u00e4t zu Berlin anonymen Anw\u00fcrfen im Internet ausgesetzt. Die Kritiker im Internet-Blog &#8222;M\u00fcnkler-Watch&#8220; werfen ihm all das vor, was linke Kritiker einem Menschen vorwerfen k\u00f6nnen, der sich politisch in der Mitte der Gesellschaft verortet: Er stelle in seiner Vorlesung (und seinen B\u00fcchern) abweichende Meinungen, z.B. andere (linke) Demokratiekonzepte, Genderthemen, Theorien au\u00dfereurop\u00e4ischer... Weiterlesen &raquo;","og_url":"https:\/\/starke-meinungen.de\/blog\/2015\/05\/28\/gesinnungszwang-im-netz\/","og_site_name":"starke-meinungen.de","article_publisher":"https:\/\/www.facebook.com\/starkemeinungen\/","article_published_time":"2015-05-28T06:02:30+00:00","article_modified_time":"2015-05-28T06:05:27+00:00","og_image":[{"width":1200,"height":630,"url":"https:\/\/starke-meinungen.de\/blog\/wp-content\/uploads\/starke-meinungen-fb-header.jpg","type":"image\/jpeg"}],"author":"Rainer Werner","twitter_card":"summary_large_image","twitter_creator":"@starkemeinungen","twitter_site":"@starkemeinungen","twitter_misc":{"Verfasst von":"Rainer Werner","Gesch\u00e4tzte Lesezeit":"6\u00a0Minuten"},"schema":{"@context":"https:\/\/schema.org","@graph":[{"@type":"Article","@id":"https:\/\/starke-meinungen.de\/blog\/2015\/05\/28\/gesinnungszwang-im-netz\/#article","isPartOf":{"@id":"https:\/\/starke-meinungen.de\/blog\/2015\/05\/28\/gesinnungszwang-im-netz\/"},"author":{"name":"Rainer Werner","@id":"https:\/\/starke-meinungen.de\/blog\/#\/schema\/person\/6af826c1bb87ec75580869d830616de2"},"headline":"Gesinnungszwang im Netz","datePublished":"2015-05-28T06:02:30+00:00","dateModified":"2015-05-28T06:05:27+00:00","mainEntityOfPage":{"@id":"https:\/\/starke-meinungen.de\/blog\/2015\/05\/28\/gesinnungszwang-im-netz\/"},"wordCount":1216,"commentCount":52,"publisher":{"@id":"https:\/\/starke-meinungen.de\/blog\/#organization"},"articleSection":{"1":"Rainer Werner"},"inLanguage":"de","potentialAction":[{"@type":"CommentAction","name":"Comment","target":["https:\/\/starke-meinungen.de\/blog\/2015\/05\/28\/gesinnungszwang-im-netz\/#respond"]}]},{"@type":"WebPage","@id":"https:\/\/starke-meinungen.de\/blog\/2015\/05\/28\/gesinnungszwang-im-netz\/","url":"https:\/\/starke-meinungen.de\/blog\/2015\/05\/28\/gesinnungszwang-im-netz\/","name":"Gesinnungszwang im Netz - starke-meinungen.de","isPartOf":{"@id":"https:\/\/starke-meinungen.de\/blog\/#website"},"datePublished":"2015-05-28T06:02:30+00:00","dateModified":"2015-05-28T06:05:27+00:00","breadcrumb":{"@id":"https:\/\/starke-meinungen.de\/blog\/2015\/05\/28\/gesinnungszwang-im-netz\/#breadcrumb"},"inLanguage":"de","potentialAction":[{"@type":"ReadAction","target":["https:\/\/starke-meinungen.de\/blog\/2015\/05\/28\/gesinnungszwang-im-netz\/"]}]},{"@type":"BreadcrumbList","@id":"https:\/\/starke-meinungen.de\/blog\/2015\/05\/28\/gesinnungszwang-im-netz\/#breadcrumb","itemListElement":[{"@type":"ListItem","position":1,"name":"Startseite","item":"https:\/\/starke-meinungen.de\/blog\/"},{"@type":"ListItem","position":2,"name":"Gesinnungszwang im Netz"}]},{"@type":"WebSite","@id":"https:\/\/starke-meinungen.de\/blog\/#website","url":"https:\/\/starke-meinungen.de\/blog\/","name":"starke-meinungen.de","description":"Autoren-Blog","publisher":{"@id":"https:\/\/starke-meinungen.de\/blog\/#organization"},"potentialAction":[{"@type":"SearchAction","target":{"@type":"EntryPoint","urlTemplate":"https:\/\/starke-meinungen.de\/blog\/?s={search_term_string}"},"query-input":{"@type":"PropertyValueSpecification","valueRequired":true,"valueName":"search_term_string"}}],"inLanguage":"de"},{"@type":"Organization","@id":"https:\/\/starke-meinungen.de\/blog\/#organization","name":"starke-meinungen.de","url":"https:\/\/starke-meinungen.de\/blog\/","logo":{"@type":"ImageObject","inLanguage":"de","@id":"https:\/\/starke-meinungen.de\/blog\/#\/schema\/logo\/image\/","url":"https:\/\/starke-meinungen.de\/blog\/wp-content\/uploads\/starke-meinungen-fb-header.jpg","contentUrl":"https:\/\/starke-meinungen.de\/blog\/wp-content\/uploads\/starke-meinungen-fb-header.jpg","width":1200,"height":630,"caption":"starke-meinungen.de"},"image":{"@id":"https:\/\/starke-meinungen.de\/blog\/#\/schema\/logo\/image\/"},"sameAs":["https:\/\/www.facebook.com\/starkemeinungen\/","https:\/\/x.com\/starkemeinungen"]},{"@type":"Person","@id":"https:\/\/starke-meinungen.de\/blog\/#\/schema\/person\/6af826c1bb87ec75580869d830616de2","name":"Rainer Werner","image":{"@type":"ImageObject","inLanguage":"de","@id":"https:\/\/secure.gravatar.com\/avatar\/6f37dc4eff27558ec03229bb8dd7133f519865cae374548719ce45fba3788ea8?s=96&d=mm&r=g","url":"https:\/\/secure.gravatar.com\/avatar\/6f37dc4eff27558ec03229bb8dd7133f519865cae374548719ce45fba3788ea8?s=96&d=mm&r=g","contentUrl":"https:\/\/secure.gravatar.com\/avatar\/6f37dc4eff27558ec03229bb8dd7133f519865cae374548719ce45fba3788ea8?s=96&d=mm&r=g","caption":"Rainer Werner"},"url":"https:\/\/starke-meinungen.de\/blog\/author\/werner\/"}]}},"_links":{"self":[{"href":"https:\/\/starke-meinungen.de\/blog\/wp-json\/wp\/v2\/posts\/4750","targetHints":{"allow":["GET"]}}],"collection":[{"href":"https:\/\/starke-meinungen.de\/blog\/wp-json\/wp\/v2\/posts"}],"about":[{"href":"https:\/\/starke-meinungen.de\/blog\/wp-json\/wp\/v2\/types\/post"}],"author":[{"embeddable":true,"href":"https:\/\/starke-meinungen.de\/blog\/wp-json\/wp\/v2\/users\/19"}],"replies":[{"embeddable":true,"href":"https:\/\/starke-meinungen.de\/blog\/wp-json\/wp\/v2\/comments?post=4750"}],"version-history":[{"count":2,"href":"https:\/\/starke-meinungen.de\/blog\/wp-json\/wp\/v2\/posts\/4750\/revisions"}],"predecessor-version":[{"id":4752,"href":"https:\/\/starke-meinungen.de\/blog\/wp-json\/wp\/v2\/posts\/4750\/revisions\/4752"}],"wp:attachment":[{"href":"https:\/\/starke-meinungen.de\/blog\/wp-json\/wp\/v2\/media?parent=4750"}],"wp:term":[{"taxonomy":"category","embeddable":true,"href":"https:\/\/starke-meinungen.de\/blog\/wp-json\/wp\/v2\/categories?post=4750"},{"taxonomy":"post_tag","embeddable":true,"href":"https:\/\/starke-meinungen.de\/blog\/wp-json\/wp\/v2\/tags?post=4750"}],"curies":[{"name":"wp","href":"https:\/\/api.w.org\/{rel}","templated":true}]}}