

{"id":4700,"date":"2015-04-11T08:51:17","date_gmt":"2015-04-11T08:51:17","guid":{"rendered":"https:\/\/starke-meinungen.de\/blog\/?p=4700"},"modified":"2015-04-11T08:52:02","modified_gmt":"2015-04-11T08:52:02","slug":"troeglitz-ist-ueberall-oder-etwa-nicht","status":"publish","type":"post","link":"https:\/\/starke-meinungen.de\/blog\/2015\/04\/11\/troeglitz-ist-ueberall-oder-etwa-nicht\/","title":{"rendered":"Tr\u00f6glitz ist \u00fcberall &#8211; oder etwa nicht?"},"content":{"rendered":"<p>Die Bereitschaft von Betroffenheits-Deutschland, sich an die Brust zu klopfen, ist ehrenhaft. Ist aber, wie Sachsen-Anhalts Ministerpr\u00e4sident Reiner Haseloff (CDU) meint, \u201eTr\u00f6glitz \u00fcberall\u201c?<\/p>\n<p><!--more--><\/p>\n<p>Ein erster Blick auf die von der Amadeu Antonio Stiftung und Pro Asyl j\u00e4hrlich vorgelegte \u201eChronik der Gewalt\u201c gegen Fl\u00fcchtlinge scheint Haseloff Recht zu geben. 35 Brandanschl\u00e4ge auf Fl\u00fcchtlingsunterk\u00fcnfte werden dort aufgez\u00e4hlt, 24 davon im Westen \u2013 allein sechs in nordrhein-westf\u00e4lischen Heiligenhaus.<\/p>\n<p>Nimmt man jedoch t\u00e4tliche Angriffe gegen Fl\u00fcchtlinge und ausl\u00e4nderfeindliche Demonstrationen in den Blick, zeigt sich eine auff\u00e4llige H\u00e4ufung im Osten der Republik. Man muss wohl diese Daten so interpretieren, dass es zwar \u00fcberall in Deutschland gewaltbereite Rechtsextremisten gibt, dass sie jedoch im Westen eher nicht mit gesellschaftlicher Akzeptanz rechnen k\u00f6nnen und sich darum auf n\u00e4chtliche Brandstiftung und Sachbesch\u00e4digung konzentrieren.<\/p>\n<p>F\u00fcr Anetta Kahane, Vorsitzende der Amadeu-Antonio-Stiftung, ist Tr\u00f6glitz denn auch ein Symbol f\u00fcr das, was im Osten nach der Wende schief gelaufen ist. \u201ePl\u00f6tzlich bekommt man einen Eindruck vom Alltag.\u201c Allzu lange habe man im Westen Neonazis, rechtsextreme Kameradschaften und ihre Sympathisantenszene als \u201eOst-Folklore\u201c und vor\u00fcbergehendes \u201eNachwendeph\u00e4nomen\u201c abgetan. Im Osten wiederum h\u00e4tten die zust\u00e4ndigen Stellen beim Verfassungsschutz und den Landeskriminal\u00e4mtern \u201eau\u00dfer in Brandenburg\u201c die wahren Ausma\u00dfe rechtsextremer Gesinnung und Gewalt vertuscht. Eine Hakenkreuzschmiererei etwa sollte in Sachsen-Anhalt nicht als rechtsextreme Straftat eingestuft werden, sofern man nicht die T\u00e4ter erfasst habe: Es k\u00f6nnte ja auch von einem Kind stammen, das damit provozieren oder angeben wolle. Im Zweifel also f\u00fcr die Harmlosigkeit.<\/p>\n<p>In der letzten Zeit habe die Landesregierung in Sachsen-Anhalt das Problem erkannt, meint Pascal Begrich von der Organisation \u201eMiteinander e.V.\u201c, die seit 15 Jahren gegen Rechtsextremismus im Land t\u00e4tig ist. In Halle, Magdeburg und Salzwedel beobachten und analysieren die 20 Mitarbeiter von \u201eMiteinander\u201c die rechtsextreme Szene, betreiben Bildungsarbeit, beraten Institutionen und Opfer. Trotz Unterst\u00fctzung durch die Beh\u00f6rden fehle es vielerorts in Ostdeutschland an zivilgesellschaftlichem Engagement, so Begrich.<\/p>\n<p>Zwar umfasse die tendenziell gewaltbereite Neonazi- und Kameradschaftsszene in Sachsen-Anhalt nur etwa 1000 Leute. Seit ihrer Niederlage bei der Landtagswahl 2011 sei die ehemals kommunal stark verankerte NPD im R\u00fcckgang begriffen. Weil aber engagierte Leute wie der B\u00fcrgermeister von Tr\u00f6glitz immer noch Einzelk\u00e4mpfer seien, k\u00f6nnten sie von den Rechtsextremen eingesch\u00fcchtert werden. Die DDR sei ja entgegen der eigenen Propaganda eine autorit\u00e4re und homogen strukturierte Gesellschaft gewesen, in der Rassismus weitverbreitet war; deren Erbe wirke noch nach.<\/p>\n<p>Dennoch ist f\u00fcr Anetta Kahana Tr\u00f6glitz nicht nur ein mahnendes, sondern auch ein hoffnungsvolles Zeichen. \u201eWegen Pegida sind die Medien wach geworden. Deshalb wird endlich die Gewalt gegen Fl\u00fcchtlinge breiter wahrgenommen. Und dass in Tr\u00f6glitz gegen die Nazis demonstriert wurde \u2013 das h\u00e4tte es fr\u00fcher nicht gegeben.\u201c<\/p>\n<p>Ist also Tr\u00f6glitz \u00fcberall? Die Integrationsbeauftragte der Bundesregierung, Aydan \u00d6zuguz, stimmte in Interviews der Aussage Haseloffs zu. Gleichzeitig verweist ihre Sprecherin auf \u201eziemlich vorbildliche\u201c Arbeit mit Fl\u00fcchtlingen in vielen Bundesl\u00e4ndern, auch im Osten. Hinter vorgehaltener Hand hei\u00dft es denn auch etwa im Brandenburger Innenministerium, Haseloff wolle blo\u00df von eigenen Vers\u00e4umnissen ablenken.<\/p>\n<p>Wenn Tr\u00f6glitz \u00fcberall ist, was ist denn mit der Brandenburger Kleinstadt Ferch? In einem ehemaligen Bundeswehrwohnheim wurde eine \u201eErstaufnahmeinstitution\u201c f\u00fcr 300 Fl\u00fcchtlinge eingerichtet. Schnell bildete sich um die Evangelische Kirchengemeinde Caputh ein Netzwerk von mehr als 130 B\u00fcrgerinnen und B\u00fcrger, die den Neuank\u00f6mmlingen helfen wollen. \u201eZeitweise waren da mehr Helfer als Fl\u00fcchtlinge\u201c, witzelt Innenministeriumssprecher Ingo Decker. Lehrerinnen bieten Deutschkurse an, eine Fahrradwerkstatt wurde eingerichtet. Zu Weihnachten konnten sich die Heimbewohner vor abgegebenen Pl\u00fcschtieren und Kleidungsst\u00fccken kaum noch retten.<\/p>\n<p>Gewiss, Ferch befindet sich fast schon im Speckg\u00fcrtel von Berlin, wo vielleicht etwas von der alten Toleranz und der neuen B\u00fcrgerlichkeit der Hauptstadt abstrahlt. Aber auch anderswo in Brandenburg gibt es innovative Ans\u00e4tze der Fl\u00fcchtlingsbetreuung. Im Kreis Prignitz, seit der Vereinigung von Bev\u00f6lkerungsschwund betroffen, konnten bislang alle Fl\u00fcchtlinge statt in Heimen in Wohnungen untergebracht werden. Das macht zwar die Betreuung schwieriger, daf\u00fcr f\u00fchlen sich die Neuank\u00f6mmlinge eher zuhause, heilen die Wunden der Flucht und der verschiedenen Lageraufenthalte schneller \u2013 was viele \u00e4ltere Deutsche best\u00e4tigen k\u00f6nnten, die nach dem Krieg als Vertriebene ins Land kamen oder sp\u00e4ter aus der DDR flohen.<\/p>\n<p>Die schiere Zahl der Fl\u00fcchtlinge sorgt aber daf\u00fcr, dass diese L\u00f6sung nicht immer m\u00f6glich ist. So viele leer stehende Wohnungen gibt es ja auch nicht. So kommt es, dass etwa in Doberlug-Kirchhain im Elbe-Elster-Kreis eine ehemalige Kaserne f\u00fcr 800 Fl\u00fcchtlinge ausgebaut wird. Das wird den Ort in S\u00fcd-Brandenburg ver\u00e4ndern, in dem 1989 noch 12.000, heute weniger als 9.000 Menschen leben, davon 42 Ausl\u00e4nder. Da gen\u00fcgt es nicht, wenn der zust\u00e4ndige Innenminister Ralf Holzschuher (SPD) verlauten l\u00e4sst: \u201eEs ist unsere humanit\u00e4re und moralische Pflicht, Menschen aufzunehmen, die Schutz vor Krieg und Verfolgung suchen.\u201c<\/p>\n<p>Das wissen die Leute in Doberlug-Kirchhain schon, wo die Einwohnerzahl 1945 durch Fl\u00fcchtlinge und Vertriebene aus dem Osten von 12.000 auf 16.000 anschwoll. Die Menschen seien durchaus hilfsbereit, meint Ministeriumssprecher Wolfgang Brandt, aber bei der B\u00fcrgerrunde mit dem Minister kamen immer wieder Fragen, die auch anderswo gestellt werden: \u201eKann meine Frau da noch allein joggen gehen?\u201c \u201eWie ist es mit der Kriminalit\u00e4t?\u201c \u201eWerden wir da noch unsere Turnhalle nutzen k\u00f6nnen, oder werden da auch Fl\u00fcchtlinge untergebracht?\u201c \u201eWer k\u00fcmmert sich um die Kinder?\u201c Die Stimmung habe sich aber gedreht, als klar wurde, dass allein schon der Ausbau der Kaserne an die 100 Jobs im Ort sichern k\u00f6nnte. Danach h\u00e4tten sich auch Leute zu Wort gemeldet, die ihre Hilfe anbieten wollten.<\/p>\n<p>Dort, wo solche Strukturen fehlen, kann es kommen wie im 130-Einwohner-Dorf Stresow in Sachsen-Anhalt, wo der Rechtsextreme Dennis Wesemann und seine Hooligan-Truppe \u201eBlue-White Street Elite\u201c den Ort regelrecht terrorisieren. Aber auch Stresow ist nicht \u00fcberall; und der Fu\u00dfball erweist sich oft als wichtigen Integrationsfaktor. Im Potsdamer Fu\u00dfballteam \u201eWelcome United Babelsberg 03\u201c kicken Fl\u00fcchtlinge und Deutsche gemeinsam.<\/p>\n<p>Im Land der Rundumversicherten h\u00e4ngen solche Aktivit\u00e4ten auch von Kleinigkeiten ab. So hat der Landessportbund\u00a0 eine pauschale Unfall- und Haftpflichtversicherung f\u00fcr alle Asylsuchende und Fl\u00fcchtlinge abgeschlossen, die in Brandenburger Vereinen Sport treiben. Eine Kleinigkeit, die vermutlich mehr wert ist als die pathetische Beschw\u00f6rung des angeblich in uns allen schlummernden Rassismus.<\/p>\n<div class=\"shariff shariff-align-left shariff-widget-align-left shariff-buttonstretch\" style=\"display:none\"><ul class=\"shariff-buttons theme-white orientation-horizontal buttonsize-medium\"><li class=\"shariff-button facebook shariff-nocustomcolor\" style=\"background-color:#4273c8\"><a href=\"https:\/\/www.facebook.com\/sharer\/sharer.php?u=https%3A%2F%2Fstarke-meinungen.de%2Fblog%2F2015%2F04%2F11%2Ftroeglitz-ist-ueberall-oder-etwa-nicht%2F\" title=\"Bei Facebook teilen\" aria-label=\"Bei Facebook teilen\" role=\"button\" rel=\"nofollow\" class=\"shariff-link\" style=\"; background-color:#3b5998; color:#3b5998\" target=\"_blank\"><span class=\"shariff-icon\" style=\"fill:#3b5998\"><svg width=\"32px\" height=\"20px\" xmlns=\"http:\/\/www.w3.org\/2000\/svg\" viewBox=\"0 0 18 32\"><path fill=\"#3b5998\" d=\"M17.1 0.2v4.7h-2.8q-1.5 0-2.1 0.6t-0.5 1.9v3.4h5.2l-0.7 5.3h-4.5v13.6h-5.5v-13.6h-4.5v-5.3h4.5v-3.9q0-3.3 1.9-5.2t5-1.8q2.6 0 4.1 0.2z\"\/><\/svg><\/span><span class=\"shariff-text\" style=\"color:#3b5998\">teilen<\/span>&nbsp;<\/a><\/li><li class=\"shariff-button twitter shariff-nocustomcolor\" style=\"background-color:#595959\"><a href=\"https:\/\/twitter.com\/share?url=https%3A%2F%2Fstarke-meinungen.de%2Fblog%2F2015%2F04%2F11%2Ftroeglitz-ist-ueberall-oder-etwa-nicht%2F&text=Tr%C3%B6glitz%20ist%20%C3%BCberall%20%E2%80%93%20oder%20etwa%20nicht%3F&via=starkemeinungen\" title=\"Bei X teilen\" aria-label=\"Bei X teilen\" role=\"button\" rel=\"noopener nofollow\" class=\"shariff-link\" style=\"; background-color:#000; color:#000\" target=\"_blank\"><span class=\"shariff-icon\" style=\"fill:#000\"><svg width=\"32px\" height=\"20px\" xmlns=\"http:\/\/www.w3.org\/2000\/svg\" viewBox=\"0 0 24 24\"><path fill=\"#000\" d=\"M14.258 10.152L23.176 0h-2.113l-7.747 8.813L7.133 0H0l9.352 13.328L0 23.973h2.113l8.176-9.309 6.531 9.309h7.133zm-2.895 3.293l-.949-1.328L2.875 1.56h3.246l6.086 8.523.945 1.328 7.91 11.078h-3.246zm0 0\"\/><\/svg><\/span><span class=\"shariff-text\" style=\"color:#000\">teilen<\/span>&nbsp;<\/a><\/li><li class=\"shariff-button linkedin shariff-nocustomcolor\" style=\"background-color:#1488bf\"><a href=\"https:\/\/www.linkedin.com\/sharing\/share-offsite\/?url=https%3A%2F%2Fstarke-meinungen.de%2Fblog%2F2015%2F04%2F11%2Ftroeglitz-ist-ueberall-oder-etwa-nicht%2F\" title=\"Bei LinkedIn teilen\" aria-label=\"Bei LinkedIn teilen\" role=\"button\" rel=\"noopener nofollow\" class=\"shariff-link\" style=\"; background-color:#0077b5; color:#0077b5\" target=\"_blank\"><span class=\"shariff-icon\" style=\"fill:#0077b5\"><svg width=\"32px\" height=\"20px\" xmlns=\"http:\/\/www.w3.org\/2000\/svg\" viewBox=\"0 0 27 32\"><path fill=\"#0077b5\" d=\"M6.2 11.2v17.7h-5.9v-17.7h5.9zM6.6 5.7q0 1.3-0.9 2.2t-2.4 0.9h0q-1.5 0-2.4-0.9t-0.9-2.2 0.9-2.2 2.4-0.9 2.4 0.9 0.9 2.2zM27.4 18.7v10.1h-5.9v-9.5q0-1.9-0.7-2.9t-2.3-1.1q-1.1 0-1.9 0.6t-1.2 1.5q-0.2 0.5-0.2 1.4v9.9h-5.9q0-7.1 0-11.6t0-5.3l0-0.9h5.9v2.6h0q0.4-0.6 0.7-1t1-0.9 1.6-0.8 2-0.3q3 0 4.9 2t1.9 6z\"\/><\/svg><\/span><span class=\"shariff-text\" style=\"color:#0077b5\">teilen<\/span>&nbsp;<\/a><\/li><li class=\"shariff-button xing shariff-nocustomcolor\" style=\"background-color:#29888a\"><a href=\"https:\/\/www.xing.com\/spi\/shares\/new?url=https%3A%2F%2Fstarke-meinungen.de%2Fblog%2F2015%2F04%2F11%2Ftroeglitz-ist-ueberall-oder-etwa-nicht%2F\" title=\"Bei XING teilen\" aria-label=\"Bei XING teilen\" role=\"button\" rel=\"noopener nofollow\" class=\"shariff-link\" style=\"; background-color:#126567; color:#126567\" target=\"_blank\"><span class=\"shariff-icon\" style=\"fill:#126567\"><svg width=\"32px\" height=\"20px\" xmlns=\"http:\/\/www.w3.org\/2000\/svg\" viewBox=\"0 0 25 32\"><path fill=\"#126567\" d=\"M10.7 11.9q-0.2 0.3-4.6 8.2-0.5 0.8-1.2 0.8h-4.3q-0.4 0-0.5-0.3t0-0.6l4.5-8q0 0 0 0l-2.9-5q-0.2-0.4 0-0.7 0.2-0.3 0.5-0.3h4.3q0.7 0 1.2 0.8zM25.1 0.4q0.2 0.3 0 0.7l-9.4 16.7 6 11q0.2 0.4 0 0.6-0.2 0.3-0.6 0.3h-4.3q-0.7 0-1.2-0.8l-6-11.1q0.3-0.6 9.5-16.8 0.4-0.8 1.2-0.8h4.3q0.4 0 0.5 0.3z\"\/><\/svg><\/span><span class=\"shariff-text\" style=\"color:#126567\">teilen<\/span>&nbsp;<\/a><\/li><li class=\"shariff-button whatsapp shariff-nocustomcolor\" style=\"background-color:#5cbe4a\"><a href=\"https:\/\/api.whatsapp.com\/send?text=https%3A%2F%2Fstarke-meinungen.de%2Fblog%2F2015%2F04%2F11%2Ftroeglitz-ist-ueberall-oder-etwa-nicht%2F%20Tr%C3%B6glitz%20ist%20%C3%BCberall%20%E2%80%93%20oder%20etwa%20nicht%3F\" title=\"Bei Whatsapp teilen\" aria-label=\"Bei Whatsapp teilen\" role=\"button\" rel=\"noopener nofollow\" class=\"shariff-link\" style=\"; background-color:#34af23; color:#34af23\" target=\"_blank\"><span class=\"shariff-icon\" style=\"fill:#34af23\"><svg width=\"32px\" height=\"20px\" xmlns=\"http:\/\/www.w3.org\/2000\/svg\" viewBox=\"0 0 32 32\"><path fill=\"#34af23\" d=\"M17.6 17.4q0.2 0 1.7 0.8t1.6 0.9q0 0.1 0 0.3 0 0.6-0.3 1.4-0.3 0.7-1.3 1.2t-1.8 0.5q-1 0-3.4-1.1-1.7-0.8-3-2.1t-2.6-3.3q-1.3-1.9-1.3-3.5v-0.1q0.1-1.6 1.3-2.8 0.4-0.4 0.9-0.4 0.1 0 0.3 0t0.3 0q0.3 0 0.5 0.1t0.3 0.5q0.1 0.4 0.6 1.6t0.4 1.3q0 0.4-0.6 1t-0.6 0.8q0 0.1 0.1 0.3 0.6 1.3 1.8 2.4 1 0.9 2.7 1.8 0.2 0.1 0.4 0.1 0.3 0 1-0.9t0.9-0.9zM14 26.9q2.3 0 4.3-0.9t3.6-2.4 2.4-3.6 0.9-4.3-0.9-4.3-2.4-3.6-3.6-2.4-4.3-0.9-4.3 0.9-3.6 2.4-2.4 3.6-0.9 4.3q0 3.6 2.1 6.6l-1.4 4.2 4.3-1.4q2.8 1.9 6.2 1.9zM14 2.2q2.7 0 5.2 1.1t4.3 2.9 2.9 4.3 1.1 5.2-1.1 5.2-2.9 4.3-4.3 2.9-5.2 1.1q-3.5 0-6.5-1.7l-7.4 2.4 2.4-7.2q-1.9-3.2-1.9-6.9 0-2.7 1.1-5.2t2.9-4.3 4.3-2.9 5.2-1.1z\"\/><\/svg><\/span><span class=\"shariff-text\" style=\"color:#34af23\">teilen<\/span>&nbsp;<\/a><\/li><li class=\"shariff-button info shariff-nocustomcolor\" style=\"background-color:#a8a8a8\"><a href=\"http:\/\/ct.de\/-2467514\" title=\"Weitere Informationen\" aria-label=\"Weitere Informationen\" role=\"button\" rel=\"noopener \" class=\"shariff-link\" style=\"; background-color:#999; color:#999\" target=\"_blank\"><span class=\"shariff-icon\" style=\"fill:#999\"><svg width=\"32px\" height=\"20px\" xmlns=\"http:\/\/www.w3.org\/2000\/svg\" viewBox=\"0 0 11 32\"><path fill=\"#999\" d=\"M11.4 24v2.3q0 0.5-0.3 0.8t-0.8 0.4h-9.1q-0.5 0-0.8-0.4t-0.4-0.8v-2.3q0-0.5 0.4-0.8t0.8-0.4h1.1v-6.8h-1.1q-0.5 0-0.8-0.4t-0.4-0.8v-2.3q0-0.5 0.4-0.8t0.8-0.4h6.8q0.5 0 0.8 0.4t0.4 0.8v10.3h1.1q0.5 0 0.8 0.4t0.3 0.8zM9.2 3.4v3.4q0 0.5-0.4 0.8t-0.8 0.4h-4.6q-0.4 0-0.8-0.4t-0.4-0.8v-3.4q0-0.4 0.4-0.8t0.8-0.4h4.6q0.5 0 0.8 0.4t0.4 0.8z\"\/><\/svg><\/span><\/a><\/li><\/ul><\/div>","protected":false},"excerpt":{"rendered":"<p>Die Bereitschaft von Betroffenheits-Deutschland, sich an die Brust zu klopfen, ist ehrenhaft. Ist aber, wie Sachsen-Anhalts Ministerpr\u00e4sident Reiner Haseloff (CDU) meint, \u201eTr\u00f6glitz \u00fcberall\u201c?<\/p>\n","protected":false},"author":13,"featured_media":0,"comment_status":"open","ping_status":"open","sticky":false,"template":"","format":"standard","meta":{"footnotes":""},"categories":[209,1],"tags":[2383,1733,1957,2384],"class_list":["post-4700","post","type-post","status-publish","format-standard","hentry","category-alan-posener","category-allgemein","tag-asylpolitik","tag-fluchtlinge","tag-rechtsextremisten","tag-troeglitz"],"yoast_head":"<!-- This site is optimized with the Yoast SEO plugin v27.4 - https:\/\/yoast.com\/product\/yoast-seo-wordpress\/ -->\n<title>Tr\u00f6glitz ist \u00fcberall - oder etwa nicht? - starke-meinungen.de<\/title>\n<meta name=\"robots\" content=\"index, follow, max-snippet:-1, max-image-preview:large, max-video-preview:-1\" \/>\n<link rel=\"canonical\" href=\"https:\/\/starke-meinungen.de\/blog\/2015\/04\/11\/troeglitz-ist-ueberall-oder-etwa-nicht\/\" \/>\n<meta property=\"og:locale\" content=\"de_DE\" \/>\n<meta property=\"og:type\" content=\"article\" \/>\n<meta property=\"og:title\" content=\"Tr\u00f6glitz ist \u00fcberall - oder etwa nicht? - starke-meinungen.de\" \/>\n<meta property=\"og:description\" content=\"Die Bereitschaft von Betroffenheits-Deutschland, sich an die Brust zu klopfen, ist ehrenhaft. Ist aber, wie Sachsen-Anhalts Ministerpr\u00e4sident Reiner Haseloff (CDU) meint, \u201eTr\u00f6glitz \u00fcberall\u201c?\" \/>\n<meta property=\"og:url\" content=\"https:\/\/starke-meinungen.de\/blog\/2015\/04\/11\/troeglitz-ist-ueberall-oder-etwa-nicht\/\" \/>\n<meta property=\"og:site_name\" content=\"starke-meinungen.de\" \/>\n<meta property=\"article:publisher\" content=\"https:\/\/www.facebook.com\/starkemeinungen\/\" \/>\n<meta property=\"article:published_time\" content=\"2015-04-11T08:51:17+00:00\" \/>\n<meta property=\"article:modified_time\" content=\"2015-04-11T08:52:02+00:00\" \/>\n<meta property=\"og:image\" content=\"https:\/\/starke-meinungen.de\/blog\/wp-content\/uploads\/starke-meinungen-fb-header.jpg\" \/>\n\t<meta property=\"og:image:width\" content=\"1200\" \/>\n\t<meta property=\"og:image:height\" content=\"630\" \/>\n\t<meta property=\"og:image:type\" content=\"image\/jpeg\" \/>\n<meta name=\"author\" content=\"Alan Posener\" \/>\n<meta name=\"twitter:card\" content=\"summary_large_image\" \/>\n<meta name=\"twitter:creator\" content=\"@starkemeinungen\" \/>\n<meta name=\"twitter:site\" content=\"@starkemeinungen\" \/>\n<meta name=\"twitter:label1\" content=\"Verfasst von\" \/>\n\t<meta name=\"twitter:data1\" content=\"Alan Posener\" \/>\n\t<meta name=\"twitter:label2\" content=\"Gesch\u00e4tzte Lesezeit\" \/>\n\t<meta name=\"twitter:data2\" content=\"5\u00a0Minuten\" \/>\n<script type=\"application\/ld+json\" class=\"yoast-schema-graph\">{\"@context\":\"https:\\\/\\\/schema.org\",\"@graph\":[{\"@type\":\"Article\",\"@id\":\"https:\\\/\\\/starke-meinungen.de\\\/blog\\\/2015\\\/04\\\/11\\\/troeglitz-ist-ueberall-oder-etwa-nicht\\\/#article\",\"isPartOf\":{\"@id\":\"https:\\\/\\\/starke-meinungen.de\\\/blog\\\/2015\\\/04\\\/11\\\/troeglitz-ist-ueberall-oder-etwa-nicht\\\/\"},\"author\":{\"name\":\"Alan Posener\",\"@id\":\"https:\\\/\\\/starke-meinungen.de\\\/blog\\\/#\\\/schema\\\/person\\\/32d0faef7c31a37c1c89be993d7a6d28\"},\"headline\":\"Tr\u00f6glitz ist \u00fcberall &#8211; oder etwa nicht?\",\"datePublished\":\"2015-04-11T08:51:17+00:00\",\"dateModified\":\"2015-04-11T08:52:02+00:00\",\"mainEntityOfPage\":{\"@id\":\"https:\\\/\\\/starke-meinungen.de\\\/blog\\\/2015\\\/04\\\/11\\\/troeglitz-ist-ueberall-oder-etwa-nicht\\\/\"},\"wordCount\":1060,\"commentCount\":87,\"publisher\":{\"@id\":\"https:\\\/\\\/starke-meinungen.de\\\/blog\\\/#organization\"},\"keywords\":[\"Asylpolitik\",\"Fl\u00fcchtlinge\",\"Rechtsextremisten\",\"Tr\u00f6glitz\"],\"articleSection\":[\"Alan Posener\"],\"inLanguage\":\"de\",\"potentialAction\":[{\"@type\":\"CommentAction\",\"name\":\"Comment\",\"target\":[\"https:\\\/\\\/starke-meinungen.de\\\/blog\\\/2015\\\/04\\\/11\\\/troeglitz-ist-ueberall-oder-etwa-nicht\\\/#respond\"]}]},{\"@type\":\"WebPage\",\"@id\":\"https:\\\/\\\/starke-meinungen.de\\\/blog\\\/2015\\\/04\\\/11\\\/troeglitz-ist-ueberall-oder-etwa-nicht\\\/\",\"url\":\"https:\\\/\\\/starke-meinungen.de\\\/blog\\\/2015\\\/04\\\/11\\\/troeglitz-ist-ueberall-oder-etwa-nicht\\\/\",\"name\":\"Tr\u00f6glitz ist \u00fcberall - oder etwa nicht? - starke-meinungen.de\",\"isPartOf\":{\"@id\":\"https:\\\/\\\/starke-meinungen.de\\\/blog\\\/#website\"},\"datePublished\":\"2015-04-11T08:51:17+00:00\",\"dateModified\":\"2015-04-11T08:52:02+00:00\",\"breadcrumb\":{\"@id\":\"https:\\\/\\\/starke-meinungen.de\\\/blog\\\/2015\\\/04\\\/11\\\/troeglitz-ist-ueberall-oder-etwa-nicht\\\/#breadcrumb\"},\"inLanguage\":\"de\",\"potentialAction\":[{\"@type\":\"ReadAction\",\"target\":[\"https:\\\/\\\/starke-meinungen.de\\\/blog\\\/2015\\\/04\\\/11\\\/troeglitz-ist-ueberall-oder-etwa-nicht\\\/\"]}]},{\"@type\":\"BreadcrumbList\",\"@id\":\"https:\\\/\\\/starke-meinungen.de\\\/blog\\\/2015\\\/04\\\/11\\\/troeglitz-ist-ueberall-oder-etwa-nicht\\\/#breadcrumb\",\"itemListElement\":[{\"@type\":\"ListItem\",\"position\":1,\"name\":\"Startseite\",\"item\":\"https:\\\/\\\/starke-meinungen.de\\\/blog\\\/\"},{\"@type\":\"ListItem\",\"position\":2,\"name\":\"Tr\u00f6glitz ist \u00fcberall &#8211; oder etwa nicht?\"}]},{\"@type\":\"WebSite\",\"@id\":\"https:\\\/\\\/starke-meinungen.de\\\/blog\\\/#website\",\"url\":\"https:\\\/\\\/starke-meinungen.de\\\/blog\\\/\",\"name\":\"starke-meinungen.de\",\"description\":\"Autoren-Blog\",\"publisher\":{\"@id\":\"https:\\\/\\\/starke-meinungen.de\\\/blog\\\/#organization\"},\"potentialAction\":[{\"@type\":\"SearchAction\",\"target\":{\"@type\":\"EntryPoint\",\"urlTemplate\":\"https:\\\/\\\/starke-meinungen.de\\\/blog\\\/?s={search_term_string}\"},\"query-input\":{\"@type\":\"PropertyValueSpecification\",\"valueRequired\":true,\"valueName\":\"search_term_string\"}}],\"inLanguage\":\"de\"},{\"@type\":\"Organization\",\"@id\":\"https:\\\/\\\/starke-meinungen.de\\\/blog\\\/#organization\",\"name\":\"starke-meinungen.de\",\"url\":\"https:\\\/\\\/starke-meinungen.de\\\/blog\\\/\",\"logo\":{\"@type\":\"ImageObject\",\"inLanguage\":\"de\",\"@id\":\"https:\\\/\\\/starke-meinungen.de\\\/blog\\\/#\\\/schema\\\/logo\\\/image\\\/\",\"url\":\"https:\\\/\\\/starke-meinungen.de\\\/blog\\\/wp-content\\\/uploads\\\/starke-meinungen-fb-header.jpg\",\"contentUrl\":\"https:\\\/\\\/starke-meinungen.de\\\/blog\\\/wp-content\\\/uploads\\\/starke-meinungen-fb-header.jpg\",\"width\":1200,\"height\":630,\"caption\":\"starke-meinungen.de\"},\"image\":{\"@id\":\"https:\\\/\\\/starke-meinungen.de\\\/blog\\\/#\\\/schema\\\/logo\\\/image\\\/\"},\"sameAs\":[\"https:\\\/\\\/www.facebook.com\\\/starkemeinungen\\\/\",\"https:\\\/\\\/x.com\\\/starkemeinungen\"]},{\"@type\":\"Person\",\"@id\":\"https:\\\/\\\/starke-meinungen.de\\\/blog\\\/#\\\/schema\\\/person\\\/32d0faef7c31a37c1c89be993d7a6d28\",\"name\":\"Alan Posener\",\"image\":{\"@type\":\"ImageObject\",\"inLanguage\":\"de\",\"@id\":\"https:\\\/\\\/secure.gravatar.com\\\/avatar\\\/c75c8818a9ab78c4faa75048dba7844e2587998cda4d93f84e7d86f7e21a9b90?s=96&d=mm&r=g\",\"url\":\"https:\\\/\\\/secure.gravatar.com\\\/avatar\\\/c75c8818a9ab78c4faa75048dba7844e2587998cda4d93f84e7d86f7e21a9b90?s=96&d=mm&r=g\",\"contentUrl\":\"https:\\\/\\\/secure.gravatar.com\\\/avatar\\\/c75c8818a9ab78c4faa75048dba7844e2587998cda4d93f84e7d86f7e21a9b90?s=96&d=mm&r=g\",\"caption\":\"Alan Posener\"},\"url\":\"https:\\\/\\\/starke-meinungen.de\\\/blog\\\/author\\\/posener\\\/\"}]}<\/script>\n<!-- \/ Yoast SEO plugin. -->","yoast_head_json":{"title":"Tr\u00f6glitz ist \u00fcberall - oder etwa nicht? - starke-meinungen.de","robots":{"index":"index","follow":"follow","max-snippet":"max-snippet:-1","max-image-preview":"max-image-preview:large","max-video-preview":"max-video-preview:-1"},"canonical":"https:\/\/starke-meinungen.de\/blog\/2015\/04\/11\/troeglitz-ist-ueberall-oder-etwa-nicht\/","og_locale":"de_DE","og_type":"article","og_title":"Tr\u00f6glitz ist \u00fcberall - oder etwa nicht? - starke-meinungen.de","og_description":"Die Bereitschaft von Betroffenheits-Deutschland, sich an die Brust zu klopfen, ist ehrenhaft. Ist aber, wie Sachsen-Anhalts Ministerpr\u00e4sident Reiner Haseloff (CDU) meint, \u201eTr\u00f6glitz \u00fcberall\u201c?","og_url":"https:\/\/starke-meinungen.de\/blog\/2015\/04\/11\/troeglitz-ist-ueberall-oder-etwa-nicht\/","og_site_name":"starke-meinungen.de","article_publisher":"https:\/\/www.facebook.com\/starkemeinungen\/","article_published_time":"2015-04-11T08:51:17+00:00","article_modified_time":"2015-04-11T08:52:02+00:00","og_image":[{"width":1200,"height":630,"url":"https:\/\/starke-meinungen.de\/blog\/wp-content\/uploads\/starke-meinungen-fb-header.jpg","type":"image\/jpeg"}],"author":"Alan Posener","twitter_card":"summary_large_image","twitter_creator":"@starkemeinungen","twitter_site":"@starkemeinungen","twitter_misc":{"Verfasst von":"Alan Posener","Gesch\u00e4tzte Lesezeit":"5\u00a0Minuten"},"schema":{"@context":"https:\/\/schema.org","@graph":[{"@type":"Article","@id":"https:\/\/starke-meinungen.de\/blog\/2015\/04\/11\/troeglitz-ist-ueberall-oder-etwa-nicht\/#article","isPartOf":{"@id":"https:\/\/starke-meinungen.de\/blog\/2015\/04\/11\/troeglitz-ist-ueberall-oder-etwa-nicht\/"},"author":{"name":"Alan Posener","@id":"https:\/\/starke-meinungen.de\/blog\/#\/schema\/person\/32d0faef7c31a37c1c89be993d7a6d28"},"headline":"Tr\u00f6glitz ist \u00fcberall &#8211; oder etwa nicht?","datePublished":"2015-04-11T08:51:17+00:00","dateModified":"2015-04-11T08:52:02+00:00","mainEntityOfPage":{"@id":"https:\/\/starke-meinungen.de\/blog\/2015\/04\/11\/troeglitz-ist-ueberall-oder-etwa-nicht\/"},"wordCount":1060,"commentCount":87,"publisher":{"@id":"https:\/\/starke-meinungen.de\/blog\/#organization"},"keywords":["Asylpolitik","Fl\u00fcchtlinge","Rechtsextremisten","Tr\u00f6glitz"],"articleSection":["Alan Posener"],"inLanguage":"de","potentialAction":[{"@type":"CommentAction","name":"Comment","target":["https:\/\/starke-meinungen.de\/blog\/2015\/04\/11\/troeglitz-ist-ueberall-oder-etwa-nicht\/#respond"]}]},{"@type":"WebPage","@id":"https:\/\/starke-meinungen.de\/blog\/2015\/04\/11\/troeglitz-ist-ueberall-oder-etwa-nicht\/","url":"https:\/\/starke-meinungen.de\/blog\/2015\/04\/11\/troeglitz-ist-ueberall-oder-etwa-nicht\/","name":"Tr\u00f6glitz ist \u00fcberall - oder etwa nicht? - starke-meinungen.de","isPartOf":{"@id":"https:\/\/starke-meinungen.de\/blog\/#website"},"datePublished":"2015-04-11T08:51:17+00:00","dateModified":"2015-04-11T08:52:02+00:00","breadcrumb":{"@id":"https:\/\/starke-meinungen.de\/blog\/2015\/04\/11\/troeglitz-ist-ueberall-oder-etwa-nicht\/#breadcrumb"},"inLanguage":"de","potentialAction":[{"@type":"ReadAction","target":["https:\/\/starke-meinungen.de\/blog\/2015\/04\/11\/troeglitz-ist-ueberall-oder-etwa-nicht\/"]}]},{"@type":"BreadcrumbList","@id":"https:\/\/starke-meinungen.de\/blog\/2015\/04\/11\/troeglitz-ist-ueberall-oder-etwa-nicht\/#breadcrumb","itemListElement":[{"@type":"ListItem","position":1,"name":"Startseite","item":"https:\/\/starke-meinungen.de\/blog\/"},{"@type":"ListItem","position":2,"name":"Tr\u00f6glitz ist \u00fcberall &#8211; oder etwa nicht?"}]},{"@type":"WebSite","@id":"https:\/\/starke-meinungen.de\/blog\/#website","url":"https:\/\/starke-meinungen.de\/blog\/","name":"starke-meinungen.de","description":"Autoren-Blog","publisher":{"@id":"https:\/\/starke-meinungen.de\/blog\/#organization"},"potentialAction":[{"@type":"SearchAction","target":{"@type":"EntryPoint","urlTemplate":"https:\/\/starke-meinungen.de\/blog\/?s={search_term_string}"},"query-input":{"@type":"PropertyValueSpecification","valueRequired":true,"valueName":"search_term_string"}}],"inLanguage":"de"},{"@type":"Organization","@id":"https:\/\/starke-meinungen.de\/blog\/#organization","name":"starke-meinungen.de","url":"https:\/\/starke-meinungen.de\/blog\/","logo":{"@type":"ImageObject","inLanguage":"de","@id":"https:\/\/starke-meinungen.de\/blog\/#\/schema\/logo\/image\/","url":"https:\/\/starke-meinungen.de\/blog\/wp-content\/uploads\/starke-meinungen-fb-header.jpg","contentUrl":"https:\/\/starke-meinungen.de\/blog\/wp-content\/uploads\/starke-meinungen-fb-header.jpg","width":1200,"height":630,"caption":"starke-meinungen.de"},"image":{"@id":"https:\/\/starke-meinungen.de\/blog\/#\/schema\/logo\/image\/"},"sameAs":["https:\/\/www.facebook.com\/starkemeinungen\/","https:\/\/x.com\/starkemeinungen"]},{"@type":"Person","@id":"https:\/\/starke-meinungen.de\/blog\/#\/schema\/person\/32d0faef7c31a37c1c89be993d7a6d28","name":"Alan Posener","image":{"@type":"ImageObject","inLanguage":"de","@id":"https:\/\/secure.gravatar.com\/avatar\/c75c8818a9ab78c4faa75048dba7844e2587998cda4d93f84e7d86f7e21a9b90?s=96&d=mm&r=g","url":"https:\/\/secure.gravatar.com\/avatar\/c75c8818a9ab78c4faa75048dba7844e2587998cda4d93f84e7d86f7e21a9b90?s=96&d=mm&r=g","contentUrl":"https:\/\/secure.gravatar.com\/avatar\/c75c8818a9ab78c4faa75048dba7844e2587998cda4d93f84e7d86f7e21a9b90?s=96&d=mm&r=g","caption":"Alan Posener"},"url":"https:\/\/starke-meinungen.de\/blog\/author\/posener\/"}]}},"_links":{"self":[{"href":"https:\/\/starke-meinungen.de\/blog\/wp-json\/wp\/v2\/posts\/4700","targetHints":{"allow":["GET"]}}],"collection":[{"href":"https:\/\/starke-meinungen.de\/blog\/wp-json\/wp\/v2\/posts"}],"about":[{"href":"https:\/\/starke-meinungen.de\/blog\/wp-json\/wp\/v2\/types\/post"}],"author":[{"embeddable":true,"href":"https:\/\/starke-meinungen.de\/blog\/wp-json\/wp\/v2\/users\/13"}],"replies":[{"embeddable":true,"href":"https:\/\/starke-meinungen.de\/blog\/wp-json\/wp\/v2\/comments?post=4700"}],"version-history":[{"count":2,"href":"https:\/\/starke-meinungen.de\/blog\/wp-json\/wp\/v2\/posts\/4700\/revisions"}],"predecessor-version":[{"id":4702,"href":"https:\/\/starke-meinungen.de\/blog\/wp-json\/wp\/v2\/posts\/4700\/revisions\/4702"}],"wp:attachment":[{"href":"https:\/\/starke-meinungen.de\/blog\/wp-json\/wp\/v2\/media?parent=4700"}],"wp:term":[{"taxonomy":"category","embeddable":true,"href":"https:\/\/starke-meinungen.de\/blog\/wp-json\/wp\/v2\/categories?post=4700"},{"taxonomy":"post_tag","embeddable":true,"href":"https:\/\/starke-meinungen.de\/blog\/wp-json\/wp\/v2\/tags?post=4700"}],"curies":[{"name":"wp","href":"https:\/\/api.w.org\/{rel}","templated":true}]}}